{"id":468,"date":"2016-08-18T17:07:37","date_gmt":"2016-08-18T15:07:37","guid":{"rendered":"https:\/\/dev.umweltperspektiven.ch\/?p=468"},"modified":"2022-02-09T11:06:23","modified_gmt":"2022-02-09T10:06:23","slug":"fracking-und-erdoel-auf-dem-vormarsch","status":"publish","type":"post","link":"https:\/\/www.organisator.ch\/fr\/sustainability\/2016-08-18\/fracking-und-erdoel-auf-dem-vormarsch\/","title":{"rendered":"Fracturation et p\u00e9trole en hausse"},"content":{"rendered":"<figure id=\"attachment_469\" aria-describedby=\"caption-attachment-469\" style=\"width: 680px\" class=\"wp-caption alignnone\"><a href=\"\/\/dev.umweltperspektiven.ch\/wp-content\/uploads\/2016\/12\/Fracking-und-Erd\u00f6l-auf-dem-Vormarsch-umweltperspektiven1.jpg\"><img loading=\"lazy\" decoding=\"async\" class=\"size-medium wp-image-469\" src=\"\/\/dev.umweltperspektiven.ch\/wp-content\/uploads\/2016\/12\/Fracking-und-Erd\u00f6l-auf-dem-Vormarsch-umweltperspektiven1.jpg\" alt=\"Le fracking a toujours le vent en poupe, ici dans l&#039;\u00c9tat am\u00e9ricain du Wyoming\" width=\"680\" height=\"647\" \/><\/a><figcaption id=\"caption-attachment-469\" class=\"wp-caption-text\">Le fracking a toujours le vent en poupe, ici dans l'\u00c9tat am\u00e9ricain du Wyoming<\/figcaption><\/figure>\n<p>La consommation mondiale d'\u00e9nergie continue d'augmenter en 2015, mais de 0,4%, ce qui est relativement faible.<\/p>\n<p>Les chiffres du groupe \u00e9nerg\u00e9tique BP montrent que la production de p\u00e9trole continue d'augmenter, de 3,2% en 2015, soit 133 millions de tonnes. Cette augmentation est principalement due au p\u00e9trole extrait par fracturation et \u00e0 l'exploitation polluante des sables bitumineux canadiens. Les \u00c9tats-Unis, l'Irak, l'Arabie saoudite et les \u00c9mirats arabes unis ont particuli\u00e8rement particip\u00e9 \u00e0 cette croissance. Comme la consommation de p\u00e9trole a \u00e9galement continu\u00e9 d'augmenter aux Etats-Unis en 2015, ce pays reste le plus grand importateur de p\u00e9trole.<\/p>\n<p>La production mondiale de gaz naturel a \u00e9galement augment\u00e9, l\u00e9g\u00e8rement plus que l'ann\u00e9e pr\u00e9c\u00e9dente, avec 2,2% ou 69,3 millions de tonnes d'\u00e9quivalent p\u00e9trole. Plus de la moiti\u00e9 de cette augmentation est due au gaz de fracturation des \u00c9tats-Unis (+ 36,2 millions de tonnes) ; l'Iran a \u00e9galement connu une hausse consid\u00e9rable. En ce qui concerne le gaz naturel, le boom de la fracturation ne semble pas encore toucher \u00e0 sa fin.<\/p>\n<p><strong>Le charbon en baisse<\/strong><\/p>\n<p>Depuis plus de 20 ans, jusqu'en 2013, la production de charbon avait tr\u00e8s fortement augment\u00e9, sous l'impulsion notamment de l'exploitation \u00e0 marche forc\u00e9e de la Chine, responsable d'environ la moiti\u00e9 de la production et de la consommation mondiales. Un premier recul significatif de la production de charbon avait d\u00e9j\u00e0 \u00e9t\u00e9 enregistr\u00e9 en 2014, \u00e0 hauteur de 27,9 millions de tonnes d'\u00e9quivalent p\u00e9trole.<\/p>\n<p>En 2015, la production a diminu\u00e9 de 158,8 millions de tonnes ( - 4,0%), principalement en raison de la baisse de la production aux \u00c9tats-Unis, en Indon\u00e9sie et en Chine. La consommation de charbon a \u00e9galement diminu\u00e9 en Chine en 2015, mais la Chine consomme tout de m\u00eame 50% de la part mondiale et affiche des volumes de production inf\u00e9rieurs \u00e0 sa consommation. Ce pays s'efforce manifestement de r\u00e9duire quelque peu sa production de charbon pour des raisons environnementales, mais il augmente en revanche sa production de p\u00e9trole et de gaz naturel et se trouve \u00e9galement en t\u00eate du classement mondial pour la production d'\u00e9nergie solaire.<\/p>\n<p>Si le recul de la fracturation aux Etats-Unis, d\u00e9j\u00e0 annonc\u00e9 \u00e0 plusieurs reprises, se concr\u00e9tise, il est \u00e0 craindre que la production de charbon soit \u00e0 nouveau augment\u00e9e en compensation.<\/p>\n<p>L'\u00e9volution des parts en pourcentage des diff\u00e9rentes sources d'\u00e9nergie dans la production mondiale totale n'a connu en 2015 qu'une l\u00e9g\u00e8re modification dans le cadre des tendances d\u00e9j\u00e0 mentionn\u00e9es. La part des \u00e9nergies fossiles (chiffres de production) a ainsi recul\u00e9 de 0,4%.<\/p>\n<figure id=\"attachment_470\" aria-describedby=\"caption-attachment-470\" style=\"width: 680px\" class=\"wp-caption alignnone\"><a href=\"\/\/dev.umweltperspektiven.ch\/wp-content\/uploads\/2016\/12\/Fracking-und-Erd\u00f6l-auf-dem-Vormarsch-umweltperspektiven2.jpg\"><img loading=\"lazy\" decoding=\"async\" class=\"size-medium wp-image-470\" src=\"\/\/dev.umweltperspektiven.ch\/wp-content\/uploads\/2016\/12\/Fracking-und-Erd\u00f6l-auf-dem-Vormarsch-umweltperspektiven2.jpg\" alt=\"Tendance ininterrompue : la production de charbon diminue, tandis que le gaz naturel et le p\u00e9trole continuent d&#039;augmenter. (Graphique : Jenni Energietechnik)\" width=\"680\" height=\"947\" \/><\/a><figcaption id=\"caption-attachment-470\" class=\"wp-caption-text\">Tendance ininterrompue : la production de charbon diminue, tandis que le gaz naturel et le p\u00e9trole continuent d'augmenter. (Graphique : Jenni Energietechnik)<\/figcaption><\/figure>\n<p><strong>La menace du pic gaz<\/strong><\/p>\n<p>Josef Jenni, directeur chez <a href=\"http:\/\/jenni.ch\/\" target=\"_blank\" rel=\"noreferrer noopener\" data-cke-saved-href=\"\/\/jenni.ch\/\">Jenni Technique \u00e9nerg\u00e9tique<\/a>a analys\u00e9 les chiffres avec le politologue Christian Moser. Comme ils l'\u00e9crivent dans leur communiqu\u00e9 de presse, les nouveaux maxima de production ne doivent en aucun cas permettre de conclure que les \u00e9nergies fossiles resteront disponibles sans risque. Les experts avancent quatre raisons \u00e0 cela :<\/p>\n<ul>\n<li>le pic p\u00e9trolier ne peut pas \u00eatre \u00e9vit\u00e9, son report par la fracturation et l'extraction forc\u00e9e, \u00e9galement conditionn\u00e9e par la politique, de certains pays producteurs ne sera pas durable ;<\/li>\n<li>le pic gazier menace \u00e9galement \u00e0 moyen terme, car il est tr\u00e8s douteux que l'augmentation de la production am\u00e9ricaine, due au boom de la fracturation, se poursuive longtemps, car les nouveaux puits pourraient s'\u00e9puiser tr\u00e8s rapidement ;<\/li>\n<li>les r\u00e9serves d\u00e9clar\u00e9es de combustibles fossiles n'ont que tr\u00e8s peu chang\u00e9 ;<\/li>\n<li>malgr\u00e9 des r\u00e9serves plus importantes, m\u00eame une production de charbon \u00e0 nouveau en hausse ne sera pas en mesure de compenser d'\u00e9ventuelles baisses de production des autres \u00e9nergies fossiles et de r\u00e9pondre \u00e0 une demande toujours croissante.<\/li>\n<\/ul>\n<p>Parall\u00e8lement, Jenni et Moser pr\u00e9voient une diminution du r\u00f4le des \u00e9nergies fossiles \u00e0 l'avenir. Cela en raison des prix trop \u00e9lev\u00e9s de la technologie de fracturation, d'une quantit\u00e9 d'extraction qui ne peut plus gu\u00e8re \u00eatre augment\u00e9e et de l'augmentation des rejets de CO2 dans l'atmosph\u00e8re.<\/p>","protected":false},"excerpt":{"rendered":"<p>Der weltweite Energiekonsum w\u00e4chst auch im Jahr 2015 wieder an, allerdings um vergleichsweise geringe 0,4%. Die Zahlen des Energiekonzerns BP zeigen auf, dass die Erd\u00f6lf\u00f6rderung weiter ansteigt, 2015 um 3,2% oder 133 Millionen Tonnen. Die Zunahme ist haupts\u00e4chlich auf Erd\u00f6l zur\u00fcckzuf\u00fchren, das mit Frackingverfahren und der umweltbelastenden Ausbeutung der Kanadischen \u00d6lsande gewonnen wird.\u00a0An diesem Wachstum [&hellip;]<\/p>\n","protected":false},"author":1,"featured_media":9406,"comment_status":"open","ping_status":"open","sticky":false,"template":"","format":"standard","meta":{"_acf_changed":false,"_yoast_wpseo_focuskw":"Fracking","_yoast_wpseo_metadesc":"Im Jahr 2015 wurden weltweit erneut mehr Erd\u00f6l und Erdgas gef\u00f6rdert. Die Kohlef\u00f6rderung ist hingegen im zweiten aufeinanderfolgenden Jahr r\u00fcckl\u00e4ufig.","articlekey":"","footnotes":""},"categories":[580],"tags":[867,1091,1111,1113,1229,1462],"class_list":["post-468","post","type-post","status-publish","format-standard","has-post-thumbnail","hentry","category-sustainability","tag-bp","tag-energieverbrauch","tag-erdgas","tag-erdoel","tag-fracking","tag-jenni-energietechnik"],"acf":[],"yoast_head":"<!-- This site is optimized with the Yoast SEO plugin v27.4 - https:\/\/yoast.com\/product\/yoast-seo-wordpress\/ -->\n<title>Fracking und Erd\u00f6l auf dem Vormarsch - Organisator<\/title>\n<meta name=\"description\" content=\"Im Jahr 2015 wurden weltweit erneut mehr Erd\u00f6l und Erdgas gef\u00f6rdert. Die Kohlef\u00f6rderung ist hingegen im zweiten aufeinanderfolgenden Jahr r\u00fcckl\u00e4ufig.\" \/>\n<meta name=\"robots\" content=\"index, follow, max-snippet:-1, max-image-preview:large, max-video-preview:-1\" \/>\n<link rel=\"canonical\" href=\"https:\/\/www.organisator.ch\/fr\/sustainability\/2016-08-18\/fracking-und-erdoel-auf-dem-vormarsch\/\" \/>\n<meta property=\"og:locale\" content=\"fr_FR\" \/>\n<meta property=\"og:type\" content=\"article\" \/>\n<meta property=\"og:title\" content=\"Fracking und Erd\u00f6l auf dem Vormarsch - Organisator\" \/>\n<meta property=\"og:description\" content=\"Im Jahr 2015 wurden weltweit erneut mehr Erd\u00f6l und Erdgas gef\u00f6rdert. Die Kohlef\u00f6rderung ist hingegen im zweiten aufeinanderfolgenden Jahr r\u00fcckl\u00e4ufig.\" \/>\n<meta property=\"og:url\" content=\"https:\/\/www.organisator.ch\/fr\/sustainability\/2016-08-18\/fracking-und-erdoel-auf-dem-vormarsch\/\" \/>\n<meta property=\"og:site_name\" content=\"Organisator\" \/>\n<meta property=\"article:publisher\" content=\"https:\/\/www.facebook.com\/OrganisatorFachmagazin\" \/>\n<meta property=\"article:published_time\" content=\"2016-08-18T15:07:37+00:00\" \/>\n<meta property=\"article:modified_time\" content=\"2022-02-09T10:06:23+00:00\" \/>\n<meta property=\"og:image\" content=\"https:\/\/www.organisator.ch\/wp-content\/uploads\/2016\/12\/Fracking-und-Erdoel-auf-dem-Vormarsch-umweltperspektiven1.jpg\" \/>\n\t<meta property=\"og:image:width\" content=\"1530\" \/>\n\t<meta property=\"og:image:height\" content=\"1456\" \/>\n\t<meta property=\"og:image:type\" content=\"image\/jpeg\" \/>\n<meta name=\"author\" content=\"admin\" \/>\n<meta name=\"twitter:card\" content=\"summary_large_image\" \/>\n<script type=\"application\/ld+json\" class=\"yoast-schema-graph\">{\"@context\":\"https:\\\/\\\/schema.org\",\"@graph\":[{\"@type\":\"Article\",\"@id\":\"https:\\\/\\\/www.organisator.ch\\\/sustainability\\\/2016-08-18\\\/fracking-und-erdoel-auf-dem-vormarsch\\\/#article\",\"isPartOf\":{\"@id\":\"https:\\\/\\\/www.organisator.ch\\\/sustainability\\\/2016-08-18\\\/fracking-und-erdoel-auf-dem-vormarsch\\\/\"},\"author\":{\"name\":\"admin\",\"@id\":\"https:\\\/\\\/www.organisator.ch\\\/#\\\/schema\\\/person\\\/aa2bace6c5c5aad60102004a50c4eb1c\"},\"headline\":\"Fracking und Erd\u00f6l auf dem Vormarsch\",\"datePublished\":\"2016-08-18T15:07:37+00:00\",\"dateModified\":\"2022-02-09T10:06:23+00:00\",\"mainEntityOfPage\":{\"@id\":\"https:\\\/\\\/www.organisator.ch\\\/sustainability\\\/2016-08-18\\\/fracking-und-erdoel-auf-dem-vormarsch\\\/\"},\"wordCount\":615,\"commentCount\":0,\"publisher\":{\"@id\":\"https:\\\/\\\/www.organisator.ch\\\/#organization\"},\"image\":{\"@id\":\"https:\\\/\\\/www.organisator.ch\\\/sustainability\\\/2016-08-18\\\/fracking-und-erdoel-auf-dem-vormarsch\\\/#primaryimage\"},\"thumbnailUrl\":\"https:\\\/\\\/www.organisator.ch\\\/wp-content\\\/uploads\\\/2016\\\/12\\\/Fracking-und-Erdoel-auf-dem-Vormarsch-umweltperspektiven1.jpg\",\"keywords\":[\"BP\",\"Energieverbrauch\",\"Erdgas\",\"Erd\u00f6l\",\"Fracking\",\"Jenni Energietechnik\"],\"articleSection\":[\"SUSTAINABILITY\"],\"inLanguage\":\"fr-FR\"},{\"@type\":\"WebPage\",\"@id\":\"https:\\\/\\\/www.organisator.ch\\\/sustainability\\\/2016-08-18\\\/fracking-und-erdoel-auf-dem-vormarsch\\\/\",\"url\":\"https:\\\/\\\/www.organisator.ch\\\/sustainability\\\/2016-08-18\\\/fracking-und-erdoel-auf-dem-vormarsch\\\/\",\"name\":\"Fracking und Erd\u00f6l auf dem Vormarsch - Organisator\",\"isPartOf\":{\"@id\":\"https:\\\/\\\/www.organisator.ch\\\/#website\"},\"primaryImageOfPage\":{\"@id\":\"https:\\\/\\\/www.organisator.ch\\\/sustainability\\\/2016-08-18\\\/fracking-und-erdoel-auf-dem-vormarsch\\\/#primaryimage\"},\"image\":{\"@id\":\"https:\\\/\\\/www.organisator.ch\\\/sustainability\\\/2016-08-18\\\/fracking-und-erdoel-auf-dem-vormarsch\\\/#primaryimage\"},\"thumbnailUrl\":\"https:\\\/\\\/www.organisator.ch\\\/wp-content\\\/uploads\\\/2016\\\/12\\\/Fracking-und-Erdoel-auf-dem-Vormarsch-umweltperspektiven1.jpg\",\"datePublished\":\"2016-08-18T15:07:37+00:00\",\"dateModified\":\"2022-02-09T10:06:23+00:00\",\"description\":\"Im Jahr 2015 wurden weltweit erneut mehr Erd\u00f6l und Erdgas gef\u00f6rdert. Die Kohlef\u00f6rderung ist hingegen im zweiten aufeinanderfolgenden Jahr r\u00fcckl\u00e4ufig.\",\"breadcrumb\":{\"@id\":\"https:\\\/\\\/www.organisator.ch\\\/sustainability\\\/2016-08-18\\\/fracking-und-erdoel-auf-dem-vormarsch\\\/#breadcrumb\"},\"inLanguage\":\"fr-FR\",\"potentialAction\":[{\"@type\":\"ReadAction\",\"target\":[\"https:\\\/\\\/www.organisator.ch\\\/sustainability\\\/2016-08-18\\\/fracking-und-erdoel-auf-dem-vormarsch\\\/\"]}]},{\"@type\":\"ImageObject\",\"inLanguage\":\"fr-FR\",\"@id\":\"https:\\\/\\\/www.organisator.ch\\\/sustainability\\\/2016-08-18\\\/fracking-und-erdoel-auf-dem-vormarsch\\\/#primaryimage\",\"url\":\"https:\\\/\\\/www.organisator.ch\\\/wp-content\\\/uploads\\\/2016\\\/12\\\/Fracking-und-Erdoel-auf-dem-Vormarsch-umweltperspektiven1.jpg\",\"contentUrl\":\"https:\\\/\\\/www.organisator.ch\\\/wp-content\\\/uploads\\\/2016\\\/12\\\/Fracking-und-Erdoel-auf-dem-Vormarsch-umweltperspektiven1.jpg\",\"width\":1530,\"height\":1456,\"caption\":\"Fracking ist weiter im Aufwind, hier im US-Bundesstaat Wyoming\"},{\"@type\":\"BreadcrumbList\",\"@id\":\"https:\\\/\\\/www.organisator.ch\\\/sustainability\\\/2016-08-18\\\/fracking-und-erdoel-auf-dem-vormarsch\\\/#breadcrumb\",\"itemListElement\":[{\"@type\":\"ListItem\",\"position\":1,\"name\":\"Home\",\"item\":\"https:\\\/\\\/www.organisator.ch\\\/\"},{\"@type\":\"ListItem\",\"position\":2,\"name\":\"Fracking und Erd\u00f6l auf dem Vormarsch\"}]},{\"@type\":\"WebSite\",\"@id\":\"https:\\\/\\\/www.organisator.ch\\\/#website\",\"url\":\"https:\\\/\\\/www.organisator.ch\\\/\",\"name\":\"Organisator\",\"description\":\"Kompetent. Praxisnah. Der ORGANISATOR bereitet in 10 Ausgaben pro Jahr die wesentlichen Themen f\u00fcr F\u00fchrungskr\u00e4fte von KMU auf.\",\"publisher\":{\"@id\":\"https:\\\/\\\/www.organisator.ch\\\/#organization\"},\"potentialAction\":[{\"@type\":\"SearchAction\",\"target\":{\"@type\":\"EntryPoint\",\"urlTemplate\":\"https:\\\/\\\/www.organisator.ch\\\/?s={search_term_string}\"},\"query-input\":{\"@type\":\"PropertyValueSpecification\",\"valueRequired\":true,\"valueName\":\"search_term_string\"}}],\"inLanguage\":\"fr-FR\"},{\"@type\":\"Organization\",\"@id\":\"https:\\\/\\\/www.organisator.ch\\\/#organization\",\"name\":\"Organisator\",\"url\":\"https:\\\/\\\/www.organisator.ch\\\/\",\"logo\":{\"@type\":\"ImageObject\",\"inLanguage\":\"fr-FR\",\"@id\":\"https:\\\/\\\/www.organisator.ch\\\/#\\\/schema\\\/logo\\\/image\\\/\",\"url\":\"https:\\\/\\\/www.organisator.ch\\\/wp-content\\\/uploads\\\/2022\\\/01\\\/Logo_Organisator_Website.png\",\"contentUrl\":\"https:\\\/\\\/www.organisator.ch\\\/wp-content\\\/uploads\\\/2022\\\/01\\\/Logo_Organisator_Website.png\",\"width\":800,\"height\":77,\"caption\":\"Organisator\"},\"image\":{\"@id\":\"https:\\\/\\\/www.organisator.ch\\\/#\\\/schema\\\/logo\\\/image\\\/\"},\"sameAs\":[\"https:\\\/\\\/www.facebook.com\\\/OrganisatorFachmagazin\",\"https:\\\/\\\/www.linkedin.com\\\/showcase\\\/organisator-das-magazin-fr-kmu\",\"https:\\\/\\\/www.xing.com\\\/news\\\/pages\\\/organisator-ch-695\",\"https:\\\/\\\/www.youtube.com\\\/channel\\\/UCGP2Sq0iWaZwT3BdIAQFYpw\"]},{\"@type\":\"Person\",\"@id\":\"https:\\\/\\\/www.organisator.ch\\\/#\\\/schema\\\/person\\\/aa2bace6c5c5aad60102004a50c4eb1c\",\"name\":\"admin\",\"image\":{\"@type\":\"ImageObject\",\"inLanguage\":\"fr-FR\",\"@id\":\"https:\\\/\\\/secure.gravatar.com\\\/avatar\\\/ae2f4d718e6c49043e314ce431e7e645d646302a24a5ef5a8bc8e3f5a032e319?s=96&d=mm&r=g\",\"url\":\"https:\\\/\\\/secure.gravatar.com\\\/avatar\\\/ae2f4d718e6c49043e314ce431e7e645d646302a24a5ef5a8bc8e3f5a032e319?s=96&d=mm&r=g\",\"contentUrl\":\"https:\\\/\\\/secure.gravatar.com\\\/avatar\\\/ae2f4d718e6c49043e314ce431e7e645d646302a24a5ef5a8bc8e3f5a032e319?s=96&d=mm&r=g\",\"caption\":\"admin\"},\"sameAs\":[\"https:\\\/\\\/www.organisator.ch\"],\"url\":\"https:\\\/\\\/www.organisator.ch\\\/fr\\\/author\\\/admin\\\/\"}]}<\/script>\n<!-- \/ Yoast SEO plugin. -->","yoast_head_json":{"title":"Fracturation et p\u00e9trole en hausse - Organisateur","description":"En 2015, la production mondiale de p\u00e9trole et de gaz naturel a de nouveau augment\u00e9. En revanche, la production de charbon est en baisse pour la deuxi\u00e8me ann\u00e9e cons\u00e9cutive.","robots":{"index":"index","follow":"follow","max-snippet":"max-snippet:-1","max-image-preview":"max-image-preview:large","max-video-preview":"max-video-preview:-1"},"canonical":"https:\/\/www.organisator.ch\/fr\/sustainability\/2016-08-18\/fracking-und-erdoel-auf-dem-vormarsch\/","og_locale":"fr_FR","og_type":"article","og_title":"Fracking und Erd\u00f6l auf dem Vormarsch - Organisator","og_description":"Im Jahr 2015 wurden weltweit erneut mehr Erd\u00f6l und Erdgas gef\u00f6rdert. Die Kohlef\u00f6rderung ist hingegen im zweiten aufeinanderfolgenden Jahr r\u00fcckl\u00e4ufig.","og_url":"https:\/\/www.organisator.ch\/fr\/sustainability\/2016-08-18\/fracking-und-erdoel-auf-dem-vormarsch\/","og_site_name":"Organisator","article_publisher":"https:\/\/www.facebook.com\/OrganisatorFachmagazin","article_published_time":"2016-08-18T15:07:37+00:00","article_modified_time":"2022-02-09T10:06:23+00:00","og_image":[{"width":1530,"height":1456,"url":"https:\/\/www.organisator.ch\/wp-content\/uploads\/2016\/12\/Fracking-und-Erdoel-auf-dem-Vormarsch-umweltperspektiven1.jpg","type":"image\/jpeg"}],"author":"admin","twitter_card":"summary_large_image","schema":{"@context":"https:\/\/schema.org","@graph":[{"@type":"Article","@id":"https:\/\/www.organisator.ch\/sustainability\/2016-08-18\/fracking-und-erdoel-auf-dem-vormarsch\/#article","isPartOf":{"@id":"https:\/\/www.organisator.ch\/sustainability\/2016-08-18\/fracking-und-erdoel-auf-dem-vormarsch\/"},"author":{"name":"admin","@id":"https:\/\/www.organisator.ch\/#\/schema\/person\/aa2bace6c5c5aad60102004a50c4eb1c"},"headline":"Fracking und Erd\u00f6l auf dem Vormarsch","datePublished":"2016-08-18T15:07:37+00:00","dateModified":"2022-02-09T10:06:23+00:00","mainEntityOfPage":{"@id":"https:\/\/www.organisator.ch\/sustainability\/2016-08-18\/fracking-und-erdoel-auf-dem-vormarsch\/"},"wordCount":615,"commentCount":0,"publisher":{"@id":"https:\/\/www.organisator.ch\/#organization"},"image":{"@id":"https:\/\/www.organisator.ch\/sustainability\/2016-08-18\/fracking-und-erdoel-auf-dem-vormarsch\/#primaryimage"},"thumbnailUrl":"https:\/\/www.organisator.ch\/wp-content\/uploads\/2016\/12\/Fracking-und-Erdoel-auf-dem-Vormarsch-umweltperspektiven1.jpg","keywords":["BP","Energieverbrauch","Erdgas","Erd\u00f6l","Fracking","Jenni Energietechnik"],"articleSection":["SUSTAINABILITY"],"inLanguage":"fr-FR"},{"@type":"WebPage","@id":"https:\/\/www.organisator.ch\/sustainability\/2016-08-18\/fracking-und-erdoel-auf-dem-vormarsch\/","url":"https:\/\/www.organisator.ch\/sustainability\/2016-08-18\/fracking-und-erdoel-auf-dem-vormarsch\/","name":"Fracturation et p\u00e9trole en hausse - Organisateur","isPartOf":{"@id":"https:\/\/www.organisator.ch\/#website"},"primaryImageOfPage":{"@id":"https:\/\/www.organisator.ch\/sustainability\/2016-08-18\/fracking-und-erdoel-auf-dem-vormarsch\/#primaryimage"},"image":{"@id":"https:\/\/www.organisator.ch\/sustainability\/2016-08-18\/fracking-und-erdoel-auf-dem-vormarsch\/#primaryimage"},"thumbnailUrl":"https:\/\/www.organisator.ch\/wp-content\/uploads\/2016\/12\/Fracking-und-Erdoel-auf-dem-Vormarsch-umweltperspektiven1.jpg","datePublished":"2016-08-18T15:07:37+00:00","dateModified":"2022-02-09T10:06:23+00:00","description":"En 2015, la production mondiale de p\u00e9trole et de gaz naturel a de nouveau augment\u00e9. En revanche, la production de charbon est en baisse pour la deuxi\u00e8me ann\u00e9e cons\u00e9cutive.","breadcrumb":{"@id":"https:\/\/www.organisator.ch\/sustainability\/2016-08-18\/fracking-und-erdoel-auf-dem-vormarsch\/#breadcrumb"},"inLanguage":"fr-FR","potentialAction":[{"@type":"ReadAction","target":["https:\/\/www.organisator.ch\/sustainability\/2016-08-18\/fracking-und-erdoel-auf-dem-vormarsch\/"]}]},{"@type":"ImageObject","inLanguage":"fr-FR","@id":"https:\/\/www.organisator.ch\/sustainability\/2016-08-18\/fracking-und-erdoel-auf-dem-vormarsch\/#primaryimage","url":"https:\/\/www.organisator.ch\/wp-content\/uploads\/2016\/12\/Fracking-und-Erdoel-auf-dem-Vormarsch-umweltperspektiven1.jpg","contentUrl":"https:\/\/www.organisator.ch\/wp-content\/uploads\/2016\/12\/Fracking-und-Erdoel-auf-dem-Vormarsch-umweltperspektiven1.jpg","width":1530,"height":1456,"caption":"Fracking ist weiter im Aufwind, hier im US-Bundesstaat Wyoming"},{"@type":"BreadcrumbList","@id":"https:\/\/www.organisator.ch\/sustainability\/2016-08-18\/fracking-und-erdoel-auf-dem-vormarsch\/#breadcrumb","itemListElement":[{"@type":"ListItem","position":1,"name":"Home","item":"https:\/\/www.organisator.ch\/"},{"@type":"ListItem","position":2,"name":"Fracking und Erd\u00f6l auf dem Vormarsch"}]},{"@type":"WebSite","@id":"https:\/\/www.organisator.ch\/#website","url":"https:\/\/www.organisator.ch\/","name":"Organisateur","description":"Comp\u00e9tence et comp\u00e9tence. Proches de la pratique. L'ORGANISATEUR pr\u00e9pare 10 num\u00e9ros par an sur les th\u00e8mes essentiels pour les dirigeants de PME.","publisher":{"@id":"https:\/\/www.organisator.ch\/#organization"},"potentialAction":[{"@type":"SearchAction","target":{"@type":"EntryPoint","urlTemplate":"https:\/\/www.organisator.ch\/?s={search_term_string}"},"query-input":{"@type":"PropertyValueSpecification","valueRequired":true,"valueName":"search_term_string"}}],"inLanguage":"fr-FR"},{"@type":"Organization","@id":"https:\/\/www.organisator.ch\/#organization","name":"Organisateur","url":"https:\/\/www.organisator.ch\/","logo":{"@type":"ImageObject","inLanguage":"fr-FR","@id":"https:\/\/www.organisator.ch\/#\/schema\/logo\/image\/","url":"https:\/\/www.organisator.ch\/wp-content\/uploads\/2022\/01\/Logo_Organisator_Website.png","contentUrl":"https:\/\/www.organisator.ch\/wp-content\/uploads\/2022\/01\/Logo_Organisator_Website.png","width":800,"height":77,"caption":"Organisator"},"image":{"@id":"https:\/\/www.organisator.ch\/#\/schema\/logo\/image\/"},"sameAs":["https:\/\/www.facebook.com\/OrganisatorFachmagazin","https:\/\/www.linkedin.com\/showcase\/organisator-das-magazin-fr-kmu","https:\/\/www.xing.com\/news\/pages\/organisator-ch-695","https:\/\/www.youtube.com\/channel\/UCGP2Sq0iWaZwT3BdIAQFYpw"]},{"@type":"Person","@id":"https:\/\/www.organisator.ch\/#\/schema\/person\/aa2bace6c5c5aad60102004a50c4eb1c","name":"admin","image":{"@type":"ImageObject","inLanguage":"fr-FR","@id":"https:\/\/secure.gravatar.com\/avatar\/ae2f4d718e6c49043e314ce431e7e645d646302a24a5ef5a8bc8e3f5a032e319?s=96&d=mm&r=g","url":"https:\/\/secure.gravatar.com\/avatar\/ae2f4d718e6c49043e314ce431e7e645d646302a24a5ef5a8bc8e3f5a032e319?s=96&d=mm&r=g","contentUrl":"https:\/\/secure.gravatar.com\/avatar\/ae2f4d718e6c49043e314ce431e7e645d646302a24a5ef5a8bc8e3f5a032e319?s=96&d=mm&r=g","caption":"admin"},"sameAs":["https:\/\/www.organisator.ch"],"url":"https:\/\/www.organisator.ch\/fr\/author\/admin\/"}]}},"_links":{"self":[{"href":"https:\/\/www.organisator.ch\/fr\/wp-json\/wp\/v2\/posts\/468","targetHints":{"allow":["GET"]}}],"collection":[{"href":"https:\/\/www.organisator.ch\/fr\/wp-json\/wp\/v2\/posts"}],"about":[{"href":"https:\/\/www.organisator.ch\/fr\/wp-json\/wp\/v2\/types\/post"}],"author":[{"embeddable":true,"href":"https:\/\/www.organisator.ch\/fr\/wp-json\/wp\/v2\/users\/1"}],"replies":[{"embeddable":true,"href":"https:\/\/www.organisator.ch\/fr\/wp-json\/wp\/v2\/comments?post=468"}],"version-history":[{"count":1,"href":"https:\/\/www.organisator.ch\/fr\/wp-json\/wp\/v2\/posts\/468\/revisions"}],"predecessor-version":[{"id":10610,"href":"https:\/\/www.organisator.ch\/fr\/wp-json\/wp\/v2\/posts\/468\/revisions\/10610"}],"wp:featuredmedia":[{"embeddable":true,"href":"https:\/\/www.organisator.ch\/fr\/wp-json\/wp\/v2\/media\/9406"}],"wp:attachment":[{"href":"https:\/\/www.organisator.ch\/fr\/wp-json\/wp\/v2\/media?parent=468"}],"wp:term":[{"taxonomy":"category","embeddable":true,"href":"https:\/\/www.organisator.ch\/fr\/wp-json\/wp\/v2\/categories?post=468"},{"taxonomy":"post_tag","embeddable":true,"href":"https:\/\/www.organisator.ch\/fr\/wp-json\/wp\/v2\/tags?post=468"}],"curies":[{"name":"wp","href":"https:\/\/api.w.org\/{rel}","templated":true}]}}