{"id":46963,"date":"2026-04-02T10:57:20","date_gmt":"2026-04-02T08:57:20","guid":{"rendered":"https:\/\/www.markt-kom.com\/?p=253485"},"modified":"2026-04-02T13:48:53","modified_gmt":"2026-04-02T11:48:53","slug":"vier-buecher-die-sie-interessieren-koennten-36","status":"publish","type":"post","link":"https:\/\/www.organisator.ch\/fr\/weiterbildung\/2026-04-02\/vier-buecher-die-sie-interessieren-koennten-36\/","title":{"rendered":"Quatre livres qui pourraient vous int\u00e9resser"},"content":{"rendered":"<p><img class=\"alignnone size-full wp-image-253486\" src=\"https:\/\/www.markt-kom.com\/wp-content\/uploads\/2026\/04\/Design-ohne-Titel.jpg\" sizes=\"(max-width: 1024px) 100vw, 1024px\" srcset=\"https:\/\/www.markt-kom.com\/wp-content\/uploads\/2026\/04\/Design-ohne-Titel.jpg 1024w, https:\/\/www.markt-kom.com\/wp-content\/uploads\/2026\/04\/Design-ohne-Titel-600x450.jpg 600w, https:\/\/www.markt-kom.com\/wp-content\/uploads\/2026\/04\/Design-ohne-Titel-768x576.jpg 768w, https:\/\/www.markt-kom.com\/wp-content\/uploads\/2026\/04\/Design-ohne-Titel-16x12.jpg 16w, https:\/\/www.markt-kom.com\/wp-content\/uploads\/2026\/04\/Design-ohne-Titel-233x175.jpg 233w, https:\/\/www.markt-kom.com\/wp-content\/uploads\/2026\/04\/Design-ohne-Titel-467x350.jpg 467w, https:\/\/www.markt-kom.com\/wp-content\/uploads\/2026\/04\/Design-ohne-Titel-1000x750.jpg 1000w\" alt=\"\" width=\"1024\" height=\"768\" \/>En collaboration avec GetAbstract, nous vous pr\u00e9sentons quatre livres dans le domaine du marketing et de la communication. Cette fois-ci : \u00abLa soci\u00e9t\u00e9 exponentielle\u00bb, \u00abLe colonialisme num\u00e9rique\u00bb, \u00abDevenez un architecte de la croissance\u00bb, \u00abLa formule de transformation\u00bb.<\/p>\r\n<p><strong>La soci\u00e9t\u00e9 exponentielle<\/strong><\/p>\r\n<p><img class=\"alignnone size-full wp-image-253487\" src=\"https:\/\/www.markt-kom.com\/wp-content\/uploads\/2026\/04\/Die-Exponentialgesellschaft.jpeg\" sizes=\"(max-width: 314px) 100vw, 314px\" srcset=\"https:\/\/www.markt-kom.com\/wp-content\/uploads\/2026\/04\/Die-Exponentialgesellschaft.jpeg 314w, https:\/\/www.markt-kom.com\/wp-content\/uploads\/2026\/04\/Die-Exponentialgesellschaft-8x12.jpeg 8w, https:\/\/www.markt-kom.com\/wp-content\/uploads\/2026\/04\/Die-Exponentialgesellschaft-110x175.jpeg 110w, https:\/\/www.markt-kom.com\/wp-content\/uploads\/2026\/04\/Die-Exponentialgesellschaft-220x350.jpeg 220w\" alt=\"\" width=\"314\" height=\"500\" \/><\/p>\r\n<p>De la fin de la croissance \u00e0 la stabilisation du monde.<\/p>\r\n<p>Emanuel Deutschmann<\/p>\r\n<p>Maison d'\u00e9dition : Suhrkamp<\/p>\r\n<p>Ann\u00e9e de publication : 2025<\/p>\r\n<p>Pages : 442<\/p>\r\n<p>ISBN : 9783518432235<\/p>\r\n<p>Plus haut, plus vite, plus loin : il va de soi que cela ne fonctionne pas \u00e9ternellement sur une plan\u00e8te aux ressources limit\u00e9es. Pourtant, l'humanit\u00e9 a ferm\u00e9 les yeux pendant trop longtemps et semble aujourd'hui se diriger vers une catastrophe presque sans frein. Mais tout n'est pas encore perdu. Emanuel Deutschmann est persuad\u00e9 qu'il existe une issue. Il ne se contente pas d'analyser avec clairvoyance les \u00e9volutions exponentielles actuelles, mais propose \u00e9galement des moyens de les briser et de trouver une nouvelle stabilit\u00e9. La plupart d'entre elles sont bien connues - seule la mise en \u0153uvre fait d\u00e9faut. Le livre de Deutschmann est donc moins un guide concret qu'un appel urgent et n\u00e9cessaire.<\/p>\r\n<p>Note getAbstract : 9<\/p>\r\n<p>Qualit\u00e9s :<\/p>\r\n<ul>\r\n\t<li>Analytique<\/li>\r\n\t<li>Ouvrir les yeux<\/li>\r\n\t<li>Inspirant<\/li>\r\n<\/ul>\r\n<p>&nbsp;<\/p>\r\n<p><strong>Le colonialisme num\u00e9rique<\/strong><\/p>\r\n<p><img class=\"alignnone size-full wp-image-253489\" src=\"https:\/\/www.markt-kom.com\/wp-content\/uploads\/2026\/04\/Digitaler-Kolonialismus.jpeg\" sizes=\"(max-width: 321px) 100vw, 321px\" srcset=\"https:\/\/www.markt-kom.com\/wp-content\/uploads\/2026\/04\/Digitaler-Kolonialismus.jpeg 321w, https:\/\/www.markt-kom.com\/wp-content\/uploads\/2026\/04\/Digitaler-Kolonialismus-8x12.jpeg 8w, https:\/\/www.markt-kom.com\/wp-content\/uploads\/2026\/04\/Digitaler-Kolonialismus-112x175.jpeg 112w, https:\/\/www.markt-kom.com\/wp-content\/uploads\/2026\/04\/Digitaler-Kolonialismus-225x350.jpeg 225w\" alt=\"\" width=\"321\" height=\"500\" \/><\/p>\r\n<p>Comment les groupes technologiques et les grandes puissances se partagent le monde.<\/p>\r\n<p>Sven Hilbig et Ingo Dachwitz<\/p>\r\n<p>Maison d'\u00e9dition : C. H. Beck<\/p>\r\n<p>Ann\u00e9e de publication : 2025<\/p>\r\n<p>Pages : 351<\/p>\r\n<p>ISBN : 9783406823022<\/p>\r\n<p>Depuis des d\u00e9cennies, on nous raconte la num\u00e9risation comme une pure histoire de progr\u00e8s - une succession d'inventions g\u00e9niales, de technologies propres et de facilit\u00e9s constantes. Mais ce n'est qu'un c\u00f4t\u00e9 de la m\u00e9daille. Ce qui est occult\u00e9, c'est qui rend ce progr\u00e8s possible et quels co\u00fbts il engendre ailleurs. Les auteurs d\u00e9crivent un monde dans lequel le pouvoir d'achat, la pr\u00e9voyance priv\u00e9e et les conditions de vie confortables du Nord reposent sur l'exploitation de l'homme et de la nature dans le Sud. Ceux qui ne veulent plus fermer les yeux sur cette situation trouveront ici une lecture n\u00e9cessaire et d\u00e9senchant\u00e9e.<\/p>\r\n<p>Note getAbstract : 9<\/p>\r\n<p>Qualit\u00e9s :<\/p>\r\n<ul>\r\n\t<li>Ouvrir les yeux<\/li>\r\n\t<li>Une opinion forte<\/li>\r\n\t<li>Brisant<\/li>\r\n<\/ul>\r\n<p>&nbsp;<\/p>\r\n<p><strong>Devenir un architecte de la croissance<\/strong><\/p>\r\n<p><img class=\"alignnone size-full wp-image-253490\" src=\"https:\/\/www.markt-kom.com\/wp-content\/uploads\/2026\/04\/Werde-ein-Wachstumsarchitekt-scaled.jpeg\" sizes=\"(max-width: 713px) 100vw, 713px\" srcset=\"https:\/\/www.markt-kom.com\/wp-content\/uploads\/2026\/04\/Werde-ein-Wachstumsarchitekt-scaled.jpeg 713w, https:\/\/www.markt-kom.com\/wp-content\/uploads\/2026\/04\/Werde-ein-Wachstumsarchitekt-428x600.jpeg 428w, https:\/\/www.markt-kom.com\/wp-content\/uploads\/2026\/04\/Werde-ein-Wachstumsarchitekt-768x1078.jpeg 712w, https:\/\/www.markt-kom.com\/wp-content\/uploads\/2026\/04\/Werde-ein-Wachstumsarchitekt-1094x1536.jpeg 1094w, https:\/\/www.markt-kom.com\/wp-content\/uploads\/2026\/04\/Werde-ein-Wachstumsarchitekt-1459x2048.jpeg 1459w, https:\/\/www.markt-kom.com\/wp-content\/uploads\/2026\/04\/Werde-ein-Wachstumsarchitekt-9x12.jpeg 9w, https:\/\/www.markt-kom.com\/wp-content\/uploads\/2026\/04\/Werde-ein-Wachstumsarchitekt-125x175.jpeg 125w, https:\/\/www.markt-kom.com\/wp-content\/uploads\/2026\/04\/Werde-ein-Wachstumsarchitekt-249x350.jpeg 249w, https:\/\/www.markt-kom.com\/wp-content\/uploads\/2026\/04\/Werde-ein-Wachstumsarchitekt-570x800.jpeg 570w\" alt=\"\" width=\"713\" height=\"1000\" \/><\/p>\r\n<p>Mesurer les besoins des clients, g\u00e9n\u00e9rer de la croissance.<\/p>\r\n<p>Yann Wermuth et Beat Walther<\/p>\r\n<p>Maison d'\u00e9dition : Versus<\/p>\r\n<p>Ann\u00e9e de publication : 2026<\/p>\r\n<p>Pages : 159<\/p>\r\n<p>ISBN : 9783039093649<\/p>\r\n<p>Ce livre est un r\u00e8glement de comptes acerbe contre la folie des grandeurs technologiques dans de nombreuses entreprises, qui agace les clients et les clientes et br\u00fble les budgets. Suivant la devise \u201eArr\u00eatez de vendre des produits - commencez \u00e0 faire des jobs !\u201c, Yann Wermuth et Beat Walther livrent un contre-projet aux processus d'innovation r\u00e9pandus dans les entreprises : \u00e0 savoir un syst\u00e8me qui remplace l'intuition et l'orientation technique par une d\u00e9termination des besoins des clients bas\u00e9e sur des donn\u00e9es. Parfois redondant, ce livre est un plaidoyer pour une pertinence radicale aupr\u00e8s des clients - et donc pour une croissance r\u00e9ussie.<\/p>\r\n<p>&nbsp;<\/p>\r\n<p>\u00c9valuation getAbstract : 8<\/p>\r\n<p>Qualit\u00e9s :<\/p>\r\n<ul>\r\n\t<li>R\u00e9alisable<\/li>\r\n\t<li>Exemples pratiques<\/li>\r\n\t<li>Pour les experts<\/li>\r\n\t<li>\u00a0<\/li>\r\n<\/ul>\r\n<p><strong>La formule de transformation<\/strong><\/p>\r\n<p><img class=\"alignnone size-full wp-image-253488\" src=\"https:\/\/www.markt-kom.com\/wp-content\/uploads\/2026\/04\/Die-Transformationsformel-scaled.jpeg\" sizes=\"(max-width: 643px) 100vw, 643px\" srcset=\"https:\/\/www.markt-kom.com\/wp-content\/uploads\/2026\/04\/Die-Transformationsformel-scaled.jpeg 643w, https:\/\/www.markt-kom.com\/wp-content\/uploads\/2026\/04\/Die-Transformationsformel-386x600.jpeg 386w, https:\/\/www.markt-kom.com\/wp-content\/uploads\/2026\/04\/Die-Transformationsformel-658x1024.jpeg 658w, https:\/\/www.markt-kom.com\/wp-content\/uploads\/2026\/04\/Die-Transformationsformel-8x12.jpeg 8w, https:\/\/www.markt-kom.com\/wp-content\/uploads\/2026\/04\/Die-Transformationsformel-112x175.jpeg 112w, https:\/\/www.markt-kom.com\/wp-content\/uploads\/2026\/04\/Die-Transformationsformel-225x350.jpeg 225w, https:\/\/www.markt-kom.com\/wp-content\/uploads\/2026\/04\/Die-Transformationsformel-514x800.jpeg 514w\" alt=\"\" width=\"643\" height=\"1000\" \/><\/p>\r\n<p>Comment les personnes et les organisations se d\u00e9veloppent avec succ\u00e8s.<\/p>\r\n<p>Tim Komkowski, Benedikt Viedenz, Nicole Davila, Thomas Niggemeier et Jiju Antony<\/p>\r\n<p>Maison d'\u00e9dition : Wiley-VCH<\/p>\r\n<p>Ann\u00e9e de publication : 2026<\/p>\r\n<p>Pages : 240<\/p>\r\n<p>ISBN : 9783527512478<\/p>\r\n<p>Selon les auteurs de ce livre, la transformation n'est plus un projet avec une date de fin pour les entreprises, mais une exigence strat\u00e9gique permanente. Partant de ce constat et sur la base d'une \u00e9tude men\u00e9e aupr\u00e8s de plus de 500 professionnels, ils ont d\u00e9velopp\u00e9 un mod\u00e8le qui con\u00e7oit la transformation comme une capacit\u00e9 organisationnelle avec sept composantes. M\u00eame si les arguments se ressemblent dans les diff\u00e9rents chapitres et que le texte pourrait \u00eatre plus resserr\u00e9, il en r\u00e9sulte une image globale coh\u00e9rente qui r\u00e9unit des th\u00e8mes tels que l'agilit\u00e9, la gouvernance et la culture.<\/p>\r\n<p>Note getAbstract : 7<\/p>\r\n<p>Qualit\u00e9s :<\/p>\r\n<ul>\r\n\t<li>Analytique<\/li>\r\n\t<li>Syst\u00e9matiquement<\/li>\r\n<\/ul>\r\n<p>&nbsp;<\/p>","protected":false},"excerpt":{"rendered":"<p>Les bouleversements technologiques, les changements de pouvoir au niveau mondial et les limites de la croissance placent l'\u00e9conomie et la soci\u00e9t\u00e9 devant de nouveaux d\u00e9fis complexes. Des analyses approfondies, des perspectives critiques et en m\u00eame temps des approches concr\u00e8tes pour une action durable sont demand\u00e9es. Nous pr\u00e9sentons quatre livres actuels qui mettent en lumi\u00e8re les \u00e9volutions centrales de notre \u00e9poque - de la croissance exponentielle \u00e0 la pens\u00e9e centr\u00e9e sur le client et \u00e0 la transformation durable, en passant par les structures de pouvoir num\u00e9riques. Ils offrent une orientation \u00e0 tous ceux qui ne veulent pas seulement comprendre le changement, mais le fa\u00e7onner activement.<\/p>","protected":false},"author":8,"featured_media":0,"comment_status":"closed","ping_status":"closed","sticky":false,"template":"","format":"standard","meta":{"_acf_changed":false,"_yoast_wpseo_focuskw":"Vier B\u00fccher","_yoast_wpseo_metadesc":"Vier B\u00fccher, die zentrale Entwicklungen unserer Zeit beleuchten \u2013 von exponentiellem Wachstum bis hin zu nachhaltiger Transformation.","articlekey":"","footnotes":""},"categories":[30],"tags":[95,335,4343],"class_list":["post-46963","post","type-post","status-publish","format-standard","hentry","category-weiterbildung","tag-buchtipps","tag-management-und-unternehmensfuehrung","tag-markom"],"acf":[],"yoast_head":"<!-- This site is optimized with the Yoast SEO plugin v27.4 - https:\/\/yoast.com\/product\/yoast-seo-wordpress\/ -->\n<title>Vier B\u00fccher, die Sie interessieren k\u00f6nnten - Organisator<\/title>\n<meta name=\"description\" content=\"Vier B\u00fccher, die zentrale Entwicklungen unserer Zeit beleuchten \u2013 von exponentiellem Wachstum bis hin zu nachhaltiger Transformation.\" \/>\n<meta name=\"robots\" content=\"index, follow, max-snippet:-1, max-image-preview:large, max-video-preview:-1\" \/>\n<link rel=\"canonical\" href=\"https:\/\/www.organisator.ch\/fr\/formation-continue-2\/2026-04-02\/vier-buecher-die-sie-interessieren-koennten-36\/\" \/>\n<meta property=\"og:locale\" content=\"fr_FR\" \/>\n<meta property=\"og:type\" content=\"article\" \/>\n<meta property=\"og:title\" content=\"Vier B\u00fccher, die Sie interessieren k\u00f6nnten - Organisator\" \/>\n<meta property=\"og:description\" content=\"Vier B\u00fccher, die zentrale Entwicklungen unserer Zeit beleuchten \u2013 von exponentiellem Wachstum bis hin zu nachhaltiger Transformation.\" \/>\n<meta property=\"og:url\" content=\"https:\/\/www.organisator.ch\/fr\/formation-continue-2\/2026-04-02\/vier-buecher-die-sie-interessieren-koennten-36\/\" \/>\n<meta property=\"og:site_name\" content=\"Organisator\" \/>\n<meta property=\"article:publisher\" content=\"https:\/\/www.facebook.com\/OrganisatorFachmagazin\" \/>\n<meta property=\"article:published_time\" content=\"2026-04-02T08:57:20+00:00\" \/>\n<meta property=\"article:modified_time\" content=\"2026-04-02T11:48:53+00:00\" \/>\n<meta name=\"author\" content=\"galledia\" \/>\n<meta name=\"twitter:card\" content=\"summary_large_image\" \/>\n<meta name=\"twitter:creator\" content=\"@admin\" \/>\n<script type=\"application\/ld+json\" class=\"yoast-schema-graph\">{\"@context\":\"https:\\\/\\\/schema.org\",\"@graph\":[{\"@type\":\"Article\",\"@id\":\"https:\\\/\\\/www.organisator.ch\\\/weiterbildung\\\/2026-04-02\\\/vier-buecher-die-sie-interessieren-koennten-36\\\/#article\",\"isPartOf\":{\"@id\":\"https:\\\/\\\/www.organisator.ch\\\/weiterbildung\\\/2026-04-02\\\/vier-buecher-die-sie-interessieren-koennten-36\\\/\"},\"author\":{\"name\":\"galledia\",\"@id\":\"https:\\\/\\\/www.organisator.ch\\\/#\\\/schema\\\/person\\\/4e51799071cd2dd1232ac003643ef5f0\"},\"headline\":\"Vier B\u00fccher, die Sie interessieren k\u00f6nnten\",\"datePublished\":\"2026-04-02T08:57:20+00:00\",\"dateModified\":\"2026-04-02T11:48:53+00:00\",\"mainEntityOfPage\":{\"@id\":\"https:\\\/\\\/www.organisator.ch\\\/weiterbildung\\\/2026-04-02\\\/vier-buecher-die-sie-interessieren-koennten-36\\\/\"},\"wordCount\":509,\"publisher\":{\"@id\":\"https:\\\/\\\/www.organisator.ch\\\/#organization\"},\"image\":{\"@id\":\"https:\\\/\\\/www.organisator.ch\\\/weiterbildung\\\/2026-04-02\\\/vier-buecher-die-sie-interessieren-koennten-36\\\/#primaryimage\"},\"thumbnailUrl\":\"https:\\\/\\\/www.markt-kom.com\\\/wp-content\\\/uploads\\\/2026\\\/04\\\/Design-ohne-Titel.jpg\",\"keywords\":[\"Buchtipps\",\"Management und Unternehmensf\u00fchrung\",\"MarKom\"],\"articleSection\":[\"WEITERBILDUNG\"],\"inLanguage\":\"fr-FR\"},{\"@type\":\"WebPage\",\"@id\":\"https:\\\/\\\/www.organisator.ch\\\/weiterbildung\\\/2026-04-02\\\/vier-buecher-die-sie-interessieren-koennten-36\\\/\",\"url\":\"https:\\\/\\\/www.organisator.ch\\\/weiterbildung\\\/2026-04-02\\\/vier-buecher-die-sie-interessieren-koennten-36\\\/\",\"name\":\"Vier B\u00fccher, die Sie interessieren k\u00f6nnten - Organisator\",\"isPartOf\":{\"@id\":\"https:\\\/\\\/www.organisator.ch\\\/#website\"},\"primaryImageOfPage\":{\"@id\":\"https:\\\/\\\/www.organisator.ch\\\/weiterbildung\\\/2026-04-02\\\/vier-buecher-die-sie-interessieren-koennten-36\\\/#primaryimage\"},\"image\":{\"@id\":\"https:\\\/\\\/www.organisator.ch\\\/weiterbildung\\\/2026-04-02\\\/vier-buecher-die-sie-interessieren-koennten-36\\\/#primaryimage\"},\"thumbnailUrl\":\"https:\\\/\\\/www.markt-kom.com\\\/wp-content\\\/uploads\\\/2026\\\/04\\\/Design-ohne-Titel.jpg\",\"datePublished\":\"2026-04-02T08:57:20+00:00\",\"dateModified\":\"2026-04-02T11:48:53+00:00\",\"description\":\"Vier B\u00fccher, die zentrale Entwicklungen unserer Zeit beleuchten \u2013 von exponentiellem Wachstum bis hin zu nachhaltiger Transformation.\",\"breadcrumb\":{\"@id\":\"https:\\\/\\\/www.organisator.ch\\\/weiterbildung\\\/2026-04-02\\\/vier-buecher-die-sie-interessieren-koennten-36\\\/#breadcrumb\"},\"inLanguage\":\"fr-FR\",\"potentialAction\":[{\"@type\":\"ReadAction\",\"target\":[\"https:\\\/\\\/www.organisator.ch\\\/weiterbildung\\\/2026-04-02\\\/vier-buecher-die-sie-interessieren-koennten-36\\\/\"]}]},{\"@type\":\"ImageObject\",\"inLanguage\":\"fr-FR\",\"@id\":\"https:\\\/\\\/www.organisator.ch\\\/weiterbildung\\\/2026-04-02\\\/vier-buecher-die-sie-interessieren-koennten-36\\\/#primaryimage\",\"url\":\"https:\\\/\\\/www.markt-kom.com\\\/wp-content\\\/uploads\\\/2026\\\/04\\\/Design-ohne-Titel.jpg\",\"contentUrl\":\"https:\\\/\\\/www.markt-kom.com\\\/wp-content\\\/uploads\\\/2026\\\/04\\\/Design-ohne-Titel.jpg\"},{\"@type\":\"BreadcrumbList\",\"@id\":\"https:\\\/\\\/www.organisator.ch\\\/weiterbildung\\\/2026-04-02\\\/vier-buecher-die-sie-interessieren-koennten-36\\\/#breadcrumb\",\"itemListElement\":[{\"@type\":\"ListItem\",\"position\":1,\"name\":\"Home\",\"item\":\"https:\\\/\\\/www.organisator.ch\\\/\"},{\"@type\":\"ListItem\",\"position\":2,\"name\":\"Vier B\u00fccher, die Sie interessieren k\u00f6nnten\"}]},{\"@type\":\"WebSite\",\"@id\":\"https:\\\/\\\/www.organisator.ch\\\/#website\",\"url\":\"https:\\\/\\\/www.organisator.ch\\\/\",\"name\":\"Organisator\",\"description\":\"Kompetent. Praxisnah. Der ORGANISATOR bereitet in 10 Ausgaben pro Jahr die wesentlichen Themen f\u00fcr F\u00fchrungskr\u00e4fte von KMU auf.\",\"publisher\":{\"@id\":\"https:\\\/\\\/www.organisator.ch\\\/#organization\"},\"potentialAction\":[{\"@type\":\"SearchAction\",\"target\":{\"@type\":\"EntryPoint\",\"urlTemplate\":\"https:\\\/\\\/www.organisator.ch\\\/?s={search_term_string}\"},\"query-input\":{\"@type\":\"PropertyValueSpecification\",\"valueRequired\":true,\"valueName\":\"search_term_string\"}}],\"inLanguage\":\"fr-FR\"},{\"@type\":\"Organization\",\"@id\":\"https:\\\/\\\/www.organisator.ch\\\/#organization\",\"name\":\"Organisator\",\"url\":\"https:\\\/\\\/www.organisator.ch\\\/\",\"logo\":{\"@type\":\"ImageObject\",\"inLanguage\":\"fr-FR\",\"@id\":\"https:\\\/\\\/www.organisator.ch\\\/#\\\/schema\\\/logo\\\/image\\\/\",\"url\":\"https:\\\/\\\/www.organisator.ch\\\/wp-content\\\/uploads\\\/2022\\\/01\\\/Logo_Organisator_Website.png\",\"contentUrl\":\"https:\\\/\\\/www.organisator.ch\\\/wp-content\\\/uploads\\\/2022\\\/01\\\/Logo_Organisator_Website.png\",\"width\":800,\"height\":77,\"caption\":\"Organisator\"},\"image\":{\"@id\":\"https:\\\/\\\/www.organisator.ch\\\/#\\\/schema\\\/logo\\\/image\\\/\"},\"sameAs\":[\"https:\\\/\\\/www.facebook.com\\\/OrganisatorFachmagazin\",\"https:\\\/\\\/www.linkedin.com\\\/showcase\\\/organisator-das-magazin-fr-kmu\",\"https:\\\/\\\/www.xing.com\\\/news\\\/pages\\\/organisator-ch-695\",\"https:\\\/\\\/www.youtube.com\\\/channel\\\/UCGP2Sq0iWaZwT3BdIAQFYpw\"]},{\"@type\":\"Person\",\"@id\":\"https:\\\/\\\/www.organisator.ch\\\/#\\\/schema\\\/person\\\/4e51799071cd2dd1232ac003643ef5f0\",\"name\":\"galledia\",\"image\":{\"@type\":\"ImageObject\",\"inLanguage\":\"fr-FR\",\"@id\":\"https:\\\/\\\/secure.gravatar.com\\\/avatar\\\/78a7f90c01fc2bfc875782a0d4922b37cde2cf184ce347b91316d23cd7f69a36?s=96&d=mm&r=g\",\"url\":\"https:\\\/\\\/secure.gravatar.com\\\/avatar\\\/78a7f90c01fc2bfc875782a0d4922b37cde2cf184ce347b91316d23cd7f69a36?s=96&d=mm&r=g\",\"contentUrl\":\"https:\\\/\\\/secure.gravatar.com\\\/avatar\\\/78a7f90c01fc2bfc875782a0d4922b37cde2cf184ce347b91316d23cd7f69a36?s=96&d=mm&r=g\",\"caption\":\"galledia\"},\"sameAs\":[\"https:\\\/\\\/x.com\\\/admin\"],\"url\":\"https:\\\/\\\/www.organisator.ch\\\/fr\\\/author\\\/galledia\\\/\"}]}<\/script>\n<!-- \/ Yoast SEO plugin. -->","yoast_head_json":{"title":"Quatre livres qui pourraient vous int\u00e9resser - Organisateur","description":"Quatre livres qui mettent en lumi\u00e8re des \u00e9volutions centrales de notre \u00e9poque - de la croissance exponentielle \u00e0 la transformation durable.","robots":{"index":"index","follow":"follow","max-snippet":"max-snippet:-1","max-image-preview":"max-image-preview:large","max-video-preview":"max-video-preview:-1"},"canonical":"https:\/\/www.organisator.ch\/fr\/formation-continue-2\/2026-04-02\/vier-buecher-die-sie-interessieren-koennten-36\/","og_locale":"fr_FR","og_type":"article","og_title":"Vier B\u00fccher, die Sie interessieren k\u00f6nnten - Organisator","og_description":"Vier B\u00fccher, die zentrale Entwicklungen unserer Zeit beleuchten \u2013 von exponentiellem Wachstum bis hin zu nachhaltiger Transformation.","og_url":"https:\/\/www.organisator.ch\/fr\/formation-continue-2\/2026-04-02\/vier-buecher-die-sie-interessieren-koennten-36\/","og_site_name":"Organisator","article_publisher":"https:\/\/www.facebook.com\/OrganisatorFachmagazin","article_published_time":"2026-04-02T08:57:20+00:00","article_modified_time":"2026-04-02T11:48:53+00:00","author":"galledia","twitter_card":"summary_large_image","twitter_creator":"@admin","schema":{"@context":"https:\/\/schema.org","@graph":[{"@type":"Article","@id":"https:\/\/www.organisator.ch\/weiterbildung\/2026-04-02\/vier-buecher-die-sie-interessieren-koennten-36\/#article","isPartOf":{"@id":"https:\/\/www.organisator.ch\/weiterbildung\/2026-04-02\/vier-buecher-die-sie-interessieren-koennten-36\/"},"author":{"name":"galledia","@id":"https:\/\/www.organisator.ch\/#\/schema\/person\/4e51799071cd2dd1232ac003643ef5f0"},"headline":"Vier B\u00fccher, die Sie interessieren k\u00f6nnten","datePublished":"2026-04-02T08:57:20+00:00","dateModified":"2026-04-02T11:48:53+00:00","mainEntityOfPage":{"@id":"https:\/\/www.organisator.ch\/weiterbildung\/2026-04-02\/vier-buecher-die-sie-interessieren-koennten-36\/"},"wordCount":509,"publisher":{"@id":"https:\/\/www.organisator.ch\/#organization"},"image":{"@id":"https:\/\/www.organisator.ch\/weiterbildung\/2026-04-02\/vier-buecher-die-sie-interessieren-koennten-36\/#primaryimage"},"thumbnailUrl":"https:\/\/www.markt-kom.com\/wp-content\/uploads\/2026\/04\/Design-ohne-Titel.jpg","keywords":["Buchtipps","Management und Unternehmensf\u00fchrung","MarKom"],"articleSection":["WEITERBILDUNG"],"inLanguage":"fr-FR"},{"@type":"WebPage","@id":"https:\/\/www.organisator.ch\/weiterbildung\/2026-04-02\/vier-buecher-die-sie-interessieren-koennten-36\/","url":"https:\/\/www.organisator.ch\/weiterbildung\/2026-04-02\/vier-buecher-die-sie-interessieren-koennten-36\/","name":"Quatre livres qui pourraient vous int\u00e9resser - Organisateur","isPartOf":{"@id":"https:\/\/www.organisator.ch\/#website"},"primaryImageOfPage":{"@id":"https:\/\/www.organisator.ch\/weiterbildung\/2026-04-02\/vier-buecher-die-sie-interessieren-koennten-36\/#primaryimage"},"image":{"@id":"https:\/\/www.organisator.ch\/weiterbildung\/2026-04-02\/vier-buecher-die-sie-interessieren-koennten-36\/#primaryimage"},"thumbnailUrl":"https:\/\/www.markt-kom.com\/wp-content\/uploads\/2026\/04\/Design-ohne-Titel.jpg","datePublished":"2026-04-02T08:57:20+00:00","dateModified":"2026-04-02T11:48:53+00:00","description":"Quatre livres qui mettent en lumi\u00e8re des \u00e9volutions centrales de notre \u00e9poque - de la croissance exponentielle \u00e0 la transformation durable.","breadcrumb":{"@id":"https:\/\/www.organisator.ch\/weiterbildung\/2026-04-02\/vier-buecher-die-sie-interessieren-koennten-36\/#breadcrumb"},"inLanguage":"fr-FR","potentialAction":[{"@type":"ReadAction","target":["https:\/\/www.organisator.ch\/weiterbildung\/2026-04-02\/vier-buecher-die-sie-interessieren-koennten-36\/"]}]},{"@type":"ImageObject","inLanguage":"fr-FR","@id":"https:\/\/www.organisator.ch\/weiterbildung\/2026-04-02\/vier-buecher-die-sie-interessieren-koennten-36\/#primaryimage","url":"https:\/\/www.markt-kom.com\/wp-content\/uploads\/2026\/04\/Design-ohne-Titel.jpg","contentUrl":"https:\/\/www.markt-kom.com\/wp-content\/uploads\/2026\/04\/Design-ohne-Titel.jpg"},{"@type":"BreadcrumbList","@id":"https:\/\/www.organisator.ch\/weiterbildung\/2026-04-02\/vier-buecher-die-sie-interessieren-koennten-36\/#breadcrumb","itemListElement":[{"@type":"ListItem","position":1,"name":"Home","item":"https:\/\/www.organisator.ch\/"},{"@type":"ListItem","position":2,"name":"Vier B\u00fccher, die Sie interessieren k\u00f6nnten"}]},{"@type":"WebSite","@id":"https:\/\/www.organisator.ch\/#website","url":"https:\/\/www.organisator.ch\/","name":"Organisateur","description":"Comp\u00e9tence et comp\u00e9tence. Proches de la pratique. L'ORGANISATEUR pr\u00e9pare 10 num\u00e9ros par an sur les th\u00e8mes essentiels pour les dirigeants de PME.","publisher":{"@id":"https:\/\/www.organisator.ch\/#organization"},"potentialAction":[{"@type":"SearchAction","target":{"@type":"EntryPoint","urlTemplate":"https:\/\/www.organisator.ch\/?s={search_term_string}"},"query-input":{"@type":"PropertyValueSpecification","valueRequired":true,"valueName":"search_term_string"}}],"inLanguage":"fr-FR"},{"@type":"Organization","@id":"https:\/\/www.organisator.ch\/#organization","name":"Organisateur","url":"https:\/\/www.organisator.ch\/","logo":{"@type":"ImageObject","inLanguage":"fr-FR","@id":"https:\/\/www.organisator.ch\/#\/schema\/logo\/image\/","url":"https:\/\/www.organisator.ch\/wp-content\/uploads\/2022\/01\/Logo_Organisator_Website.png","contentUrl":"https:\/\/www.organisator.ch\/wp-content\/uploads\/2022\/01\/Logo_Organisator_Website.png","width":800,"height":77,"caption":"Organisator"},"image":{"@id":"https:\/\/www.organisator.ch\/#\/schema\/logo\/image\/"},"sameAs":["https:\/\/www.facebook.com\/OrganisatorFachmagazin","https:\/\/www.linkedin.com\/showcase\/organisator-das-magazin-fr-kmu","https:\/\/www.xing.com\/news\/pages\/organisator-ch-695","https:\/\/www.youtube.com\/channel\/UCGP2Sq0iWaZwT3BdIAQFYpw"]},{"@type":"Person","@id":"https:\/\/www.organisator.ch\/#\/schema\/person\/4e51799071cd2dd1232ac003643ef5f0","name":"galledia","image":{"@type":"ImageObject","inLanguage":"fr-FR","@id":"https:\/\/secure.gravatar.com\/avatar\/78a7f90c01fc2bfc875782a0d4922b37cde2cf184ce347b91316d23cd7f69a36?s=96&d=mm&r=g","url":"https:\/\/secure.gravatar.com\/avatar\/78a7f90c01fc2bfc875782a0d4922b37cde2cf184ce347b91316d23cd7f69a36?s=96&d=mm&r=g","contentUrl":"https:\/\/secure.gravatar.com\/avatar\/78a7f90c01fc2bfc875782a0d4922b37cde2cf184ce347b91316d23cd7f69a36?s=96&d=mm&r=g","caption":"galledia"},"sameAs":["https:\/\/x.com\/admin"],"url":"https:\/\/www.organisator.ch\/fr\/author\/galledia\/"}]}},"_links":{"self":[{"href":"https:\/\/www.organisator.ch\/fr\/wp-json\/wp\/v2\/posts\/46963","targetHints":{"allow":["GET"]}}],"collection":[{"href":"https:\/\/www.organisator.ch\/fr\/wp-json\/wp\/v2\/posts"}],"about":[{"href":"https:\/\/www.organisator.ch\/fr\/wp-json\/wp\/v2\/types\/post"}],"author":[{"embeddable":true,"href":"https:\/\/www.organisator.ch\/fr\/wp-json\/wp\/v2\/users\/8"}],"replies":[{"embeddable":true,"href":"https:\/\/www.organisator.ch\/fr\/wp-json\/wp\/v2\/comments?post=46963"}],"version-history":[{"count":5,"href":"https:\/\/www.organisator.ch\/fr\/wp-json\/wp\/v2\/posts\/46963\/revisions"}],"predecessor-version":[{"id":46973,"href":"https:\/\/www.organisator.ch\/fr\/wp-json\/wp\/v2\/posts\/46963\/revisions\/46973"}],"wp:attachment":[{"href":"https:\/\/www.organisator.ch\/fr\/wp-json\/wp\/v2\/media?parent=46963"}],"wp:term":[{"taxonomy":"category","embeddable":true,"href":"https:\/\/www.organisator.ch\/fr\/wp-json\/wp\/v2\/categories?post=46963"},{"taxonomy":"post_tag","embeddable":true,"href":"https:\/\/www.organisator.ch\/fr\/wp-json\/wp\/v2\/tags?post=46963"}],"curies":[{"name":"wp","href":"https:\/\/api.w.org\/{rel}","templated":true}]}}