{"id":4706,"date":"2019-01-03T10:26:10","date_gmt":"2019-01-03T09:26:10","guid":{"rendered":"https:\/\/www.organisator.ch\/?p=4706"},"modified":"2019-01-03T10:26:10","modified_gmt":"2019-01-03T09:26:10","slug":"das-waren-die-trends-bei-cyberattacken-2018","status":"publish","type":"post","link":"https:\/\/www.organisator.ch\/fr\/management\/it\/2019-01-03\/das-waren-die-trends-bei-cyberattacken-2018\/","title":{"rendered":"Les tendances des cyberattaques en 2018"},"content":{"rendered":"<figure id=\"attachment_4707\" aria-describedby=\"caption-attachment-4707\" style=\"width: 680px\" class=\"wp-caption alignnone\"><img loading=\"lazy\" decoding=\"async\" class=\"size-medium wp-image-4707\" src=\"https:\/\/www.organisator.ch\/wp-content\/uploads\/2019\/01\/Das-waren-die-Trends-bei-Cyberattacken-2018_Organisator.jpg\" alt=\"\" width=\"680\" height=\"480\" srcset=\"https:\/\/www.organisator.ch\/wp-content\/uploads\/2019\/01\/Das-waren-die-Trends-bei-Cyberattacken-2018_Organisator.jpg 680w, https:\/\/www.organisator.ch\/wp-content\/uploads\/2019\/01\/Das-waren-die-Trends-bei-Cyberattacken-2018_Organisator-16x12.jpg 16w, https:\/\/www.organisator.ch\/wp-content\/uploads\/2019\/01\/Das-waren-die-Trends-bei-Cyberattacken-2018_Organisator-248x175.jpg 248w, https:\/\/www.organisator.ch\/wp-content\/uploads\/2019\/01\/Das-waren-die-Trends-bei-Cyberattacken-2018_Organisator-496x350.jpg 496w, https:\/\/www.organisator.ch\/wp-content\/uploads\/2019\/01\/Das-waren-die-Trends-bei-Cyberattacken-2018_Organisator-300x212.jpg 300w\" sizes=\"auto, (max-width: 680px) 100vw, 680px\" \/><figcaption id=\"caption-attachment-4707\" class=\"wp-caption-text\">L'une des tendances des cyberattaques : les criminels ne se contentent pas de \"voler\", ils utilisent des techniques de plus en plus cr\u00e9atives pour mon\u00e9tiser leurs attaques. (Image : Fotolia.com)<\/figcaption><\/figure>\n<p>Dans son dernier rapport, le Cyber Intrusion Casebook, la soci\u00e9t\u00e9 de cybers\u00e9curit\u00e9 CrowdStrike a analys\u00e9 de grandes quantit\u00e9s de donn\u00e9es relatives \u00e0 la s\u00e9curit\u00e9 en 2018. Elle y r\u00e9sume les d\u00e9fis auxquels les organisations et les entreprises sont confront\u00e9es et comment elles peuvent mieux se pr\u00e9parer \u00e0 la prochaine vague d'attaques. Quatre grandes tendances se d\u00e9gagent en mati\u00e8re de cyberattaques et de m\u00e9thodes d'attaque :<\/p>\n<h2>1. les auteurs de cybercrimes utilisent des techniques de plus en plus cr\u00e9atives pour mon\u00e9tiser leurs attaques<\/h2>\n<p>La capacit\u00e9 d'innovation des attaquants et la sophistication des acteurs de l'e-crime ne diminuent pas. L'\u00e9cosyst\u00e8me hostile \u00e9volue et les acteurs qui travaillaient auparavant de mani\u00e8re discr\u00e8te et isol\u00e9e travaillent d\u00e9sormais de mani\u00e8re coordonn\u00e9e et unissent leurs forces. En 2018, les utilisateurs d'adresses \u00e9lectroniques professionnelles en ont par exemple toujours fait les frais. Le rapport est tomb\u00e9 sur des cas qui allaient bien au-del\u00e0 de la simple lecture d'e-mails : Les acteurs pouvaient voir en direct comment les e-mails \u00e9taient \u00e9crits et envoy\u00e9s.<\/p>\n<h2>2. les attaquants frappent rapidement et en profondeur<\/h2>\n<p>Les attaquants sont patients lorsqu'il s'agit d'atteindre leurs objectifs : ils acc\u00e8dent rapidement aux syst\u00e8mes, s'activent rapidement, mais font preuve d'une patience \u00e9norme lorsqu'il le faut. Dans ce contexte, les attaquants \u00e9tatiques sont particuli\u00e8rement pers\u00e9v\u00e9rants et imaginatifs dans leur recherche de donn\u00e9es de qualit\u00e9 au sein de l'organisation cible.<\/p>\n<p>Comme les ann\u00e9es pr\u00e9c\u00e9dentes, la confiance non critique dans les outils patrimoniaux a offert aux pirates la possibilit\u00e9 de rester dans les syst\u00e8mes pendant une p\u00e9riode prolong\u00e9e. Souvent, les entreprises, par exemple, pensaient que l'affaire \u00e9tait r\u00e9solue. Mais l'attaquant continuait \u00e0 se cacher ou \u00e9tait rapidement de retour.<\/p>\n<p>Souvent, les entreprises ont migr\u00e9 leurs donn\u00e9es vers le cloud en s'attendant \u00e0 ce que les fournisseurs de services cloud aient des m\u00e9canismes et des contr\u00f4les de s\u00e9curit\u00e9. Elles ne pouvaient pas savoir si les fournisseurs avaient correctement configur\u00e9 et appliqu\u00e9 les contr\u00f4les. De simples erreurs de configuration et des malentendus sur les contr\u00f4les d'acc\u00e8s permettent aux pirates d'acc\u00e9der \u00e0 une entreprise - tout simplement par le biais du fournisseur de services en nuage.<\/p>\n<h2>3. les logiciels malveillants de commodit\u00e9 sont souvent les pr\u00e9curseurs d'une attaque fortement perturbatrice<\/h2>\n<p>L'acc\u00e8s obtenu par des logiciels malveillants de commodit\u00e9 (code malveillant affectant un logiciel utilis\u00e9 sur une multitude d'appareils) est de plus en plus vendu \u00e0 d'autres acteurs. Ceux-ci ont alors utilis\u00e9 des ransomwares, vol\u00e9 la propri\u00e9t\u00e9 intellectuelle ou initi\u00e9 le cryptomining, la fraude et l'extorsion. On a vu par exemple des attaquants utiliser une famille de logiciels malveillants appel\u00e9e TrickBot, uniquement pour transmettre l'acc\u00e8s ainsi obtenu \u00e0 d'autres groupes hostiles qui ont ensuite lanc\u00e9 des attaques d'extorsion. Cette m\u00e9thode a m\u00eame \u00e9t\u00e9 observ\u00e9e dans des petites et moyennes entreprises. La vuln\u00e9rabilit\u00e9 d'une entreprise aux logiciels malveillants de base peut en fin de compte \u00eatre un indicateur de l'efficacit\u00e9 de la strat\u00e9gie de s\u00e9curit\u00e9 globale.<\/p>\n<h2>4. les attaquants se cachent \u00e0 la vue de tous et se font passer pour des utilisateurs l\u00e9gitimes<\/h2>\n<p>Les attaques les plus rapides et les plus dommageables restent celles o\u00f9 les pirates se font passer pour des utilisateurs l\u00e9gitimes. Elles se produisent souvent lorsque les informations d'identification des utilisateurs sont incontr\u00f4l\u00e9es, mal configur\u00e9es ou contourn\u00e9es. Une fois l'acc\u00e8s obtenu, l'entreprise est totalement expos\u00e9e. Une utilisation mal configur\u00e9e et non r\u00e9fl\u00e9chie des contr\u00f4les d'acc\u00e8s donne souvent aux entreprises un faux sentiment de protection.<\/p>\n<p>Au vu de ces tendances en mati\u00e8re de cyberattaques, il est \u00e9galement \u00e9vident que la s\u00e9curit\u00e9 n'est pas seulement un sujet pour le d\u00e9partement informatique, mais qu'elle concerne l'ensemble de l'entreprise et doit \u00eatre prise en compte de mani\u00e8re strat\u00e9gique. L'objectif temporel de la \"r\u00e8gle 1-10-60\" constitue une r\u00e8gle d'or. En moyenne, les entreprises ou organisations ne devraient pas laisser plus d'une minute pour identifier une menace, dix minutes pour l'examiner et 60 minutes pour y rem\u00e9dier. Les entreprises qui agissent avec cette exigence augmentent leurs chances de devancer l'adversaire et d'emp\u00eacher une attaque.<\/p>\n<p><em>Source : <a href=\"http:\/\/www.crowdstrike.com\">CrowdStrike<\/a><\/em><\/p>","protected":false},"excerpt":{"rendered":"<p>Das Cybersecurity-Unternehmen CrowdStrike hat in seinem letzten Report, dem Cyber Intrusion Casebook, gro\u00dfe Mengen an sicherheitsrelevanten Daten aus 2018 analysiert. Es fasst darin zusammen, welchen Herausforderungen Organisationen und Unternehmen gegen\u00fcber stehen und wie sie sich besser auf die n\u00e4chste Angriffswelle vorbereiten k\u00f6nnen. Erkennbar sind im wesentlichen vier Trends bei Cyberattacken und Angriffsmethoden: 1. E-Crime-Akteure wenden [&hellip;]<\/p>\n","protected":false},"author":4,"featured_media":4707,"comment_status":"open","ping_status":"open","sticky":false,"template":"","format":"standard","meta":{"_acf_changed":false,"_yoast_wpseo_focuskw":"Trends bei Cyberattacken","_yoast_wpseo_metadesc":"Die Anzahl destruktiver Cyber-Angriffe hat auch in 2018 weiter zugenommen. Kriminelle Hacker-Gruppen haben ihre Effektivit\u00e4t erh\u00f6ht.","articlekey":"","footnotes":""},"categories":[27],"tags":[142,260,286,485],"class_list":["post-4706","post","type-post","status-publish","format-standard","has-post-thumbnail","hentry","category-it","tag-cyber-crime","tag-ict-sicherheit","tag-it","tag-trends"],"acf":[],"yoast_head":"<!-- This site is optimized with the Yoast SEO plugin v27.4 - https:\/\/yoast.com\/product\/yoast-seo-wordpress\/ -->\n<title>Das waren die Trends bei Cyberattacken 2018 - Organisator<\/title>\n<meta name=\"description\" content=\"Die Anzahl destruktiver Cyber-Angriffe hat auch in 2018 weiter zugenommen. Kriminelle Hacker-Gruppen haben ihre Effektivit\u00e4t erh\u00f6ht.\" \/>\n<meta name=\"robots\" content=\"index, follow, max-snippet:-1, max-image-preview:large, max-video-preview:-1\" \/>\n<link rel=\"canonical\" href=\"https:\/\/www.organisator.ch\/fr\/gestion-2\/it\/2019-01-03\/das-waren-die-trends-bei-cyberattacken-2018\/\" \/>\n<meta property=\"og:locale\" content=\"fr_FR\" \/>\n<meta property=\"og:type\" content=\"article\" \/>\n<meta property=\"og:title\" content=\"Das waren die Trends bei Cyberattacken 2018\" \/>\n<meta property=\"og:description\" content=\"Die Anzahl destruktiver Cyber-Angriffe hat auch in 2018 weiter zugenommen. Kriminelle Hacker-Gruppen haben ihre Effektivit\u00e4t erh\u00f6ht.\" \/>\n<meta property=\"og:url\" content=\"https:\/\/www.organisator.ch\/fr\/gestion-2\/it\/2019-01-03\/das-waren-die-trends-bei-cyberattacken-2018\/\" \/>\n<meta property=\"og:site_name\" content=\"Organisator\" \/>\n<meta property=\"article:publisher\" content=\"https:\/\/www.facebook.com\/OrganisatorFachmagazin\" \/>\n<meta property=\"article:published_time\" content=\"2019-01-03T09:26:10+00:00\" \/>\n<meta property=\"og:image\" content=\"https:\/\/www.organisator.ch\/wp-content\/uploads\/2019\/01\/Das-waren-die-Trends-bei-Cyberattacken-2018_Organisator.jpg\" \/>\n\t<meta property=\"og:image:width\" content=\"680\" \/>\n\t<meta property=\"og:image:height\" content=\"480\" \/>\n\t<meta property=\"og:image:type\" content=\"image\/jpeg\" \/>\n<meta name=\"author\" content=\"thomas.berner\" \/>\n<meta name=\"twitter:card\" content=\"summary_large_image\" \/>\n<meta name=\"twitter:title\" content=\"Das waren die Trends bei #Cyberattacken 2018\" \/>\n<meta name=\"twitter:description\" content=\"Die Anzahl destruktiver #Cyber-Angriffe hat auch in 2018 weiter zugenommen. Kriminelle #Hacker-Gruppen haben ihre Effektivit\u00e4t erh\u00f6ht.\" \/>\n<meta name=\"twitter:image\" content=\"https:\/\/www.organisator.ch\/wp-content\/uploads\/2019\/01\/Das-waren-die-Trends-bei-Cyberattacken-2018_Organisator.jpg\" \/>\n<script type=\"application\/ld+json\" class=\"yoast-schema-graph\">{\"@context\":\"https:\\\/\\\/schema.org\",\"@graph\":[{\"@type\":\"Article\",\"@id\":\"https:\\\/\\\/www.organisator.ch\\\/management\\\/it\\\/2019-01-03\\\/das-waren-die-trends-bei-cyberattacken-2018\\\/#article\",\"isPartOf\":{\"@id\":\"https:\\\/\\\/www.organisator.ch\\\/management\\\/it\\\/2019-01-03\\\/das-waren-die-trends-bei-cyberattacken-2018\\\/\"},\"author\":{\"name\":\"thomas.berner\",\"@id\":\"https:\\\/\\\/www.organisator.ch\\\/#\\\/schema\\\/person\\\/6f650f90b2842cd4c0cc334b4e36f67e\"},\"headline\":\"Das waren die Trends bei Cyberattacken 2018\",\"datePublished\":\"2019-01-03T09:26:10+00:00\",\"mainEntityOfPage\":{\"@id\":\"https:\\\/\\\/www.organisator.ch\\\/management\\\/it\\\/2019-01-03\\\/das-waren-die-trends-bei-cyberattacken-2018\\\/\"},\"wordCount\":609,\"commentCount\":0,\"publisher\":{\"@id\":\"https:\\\/\\\/www.organisator.ch\\\/#organization\"},\"image\":{\"@id\":\"https:\\\/\\\/www.organisator.ch\\\/management\\\/it\\\/2019-01-03\\\/das-waren-die-trends-bei-cyberattacken-2018\\\/#primaryimage\"},\"thumbnailUrl\":\"https:\\\/\\\/www.organisator.ch\\\/wp-content\\\/uploads\\\/2019\\\/01\\\/Das-waren-die-Trends-bei-Cyberattacken-2018_Organisator.jpg\",\"keywords\":[\"Cyber-Crime\",\"ICT-Sicherheit\",\"IT\",\"Trends\"],\"articleSection\":[\"IT\"],\"inLanguage\":\"fr-FR\"},{\"@type\":\"WebPage\",\"@id\":\"https:\\\/\\\/www.organisator.ch\\\/management\\\/it\\\/2019-01-03\\\/das-waren-die-trends-bei-cyberattacken-2018\\\/\",\"url\":\"https:\\\/\\\/www.organisator.ch\\\/management\\\/it\\\/2019-01-03\\\/das-waren-die-trends-bei-cyberattacken-2018\\\/\",\"name\":\"Das waren die Trends bei Cyberattacken 2018 - Organisator\",\"isPartOf\":{\"@id\":\"https:\\\/\\\/www.organisator.ch\\\/#website\"},\"primaryImageOfPage\":{\"@id\":\"https:\\\/\\\/www.organisator.ch\\\/management\\\/it\\\/2019-01-03\\\/das-waren-die-trends-bei-cyberattacken-2018\\\/#primaryimage\"},\"image\":{\"@id\":\"https:\\\/\\\/www.organisator.ch\\\/management\\\/it\\\/2019-01-03\\\/das-waren-die-trends-bei-cyberattacken-2018\\\/#primaryimage\"},\"thumbnailUrl\":\"https:\\\/\\\/www.organisator.ch\\\/wp-content\\\/uploads\\\/2019\\\/01\\\/Das-waren-die-Trends-bei-Cyberattacken-2018_Organisator.jpg\",\"datePublished\":\"2019-01-03T09:26:10+00:00\",\"description\":\"Die Anzahl destruktiver Cyber-Angriffe hat auch in 2018 weiter zugenommen. Kriminelle Hacker-Gruppen haben ihre Effektivit\u00e4t erh\u00f6ht.\",\"breadcrumb\":{\"@id\":\"https:\\\/\\\/www.organisator.ch\\\/management\\\/it\\\/2019-01-03\\\/das-waren-die-trends-bei-cyberattacken-2018\\\/#breadcrumb\"},\"inLanguage\":\"fr-FR\",\"potentialAction\":[{\"@type\":\"ReadAction\",\"target\":[\"https:\\\/\\\/www.organisator.ch\\\/management\\\/it\\\/2019-01-03\\\/das-waren-die-trends-bei-cyberattacken-2018\\\/\"]}]},{\"@type\":\"ImageObject\",\"inLanguage\":\"fr-FR\",\"@id\":\"https:\\\/\\\/www.organisator.ch\\\/management\\\/it\\\/2019-01-03\\\/das-waren-die-trends-bei-cyberattacken-2018\\\/#primaryimage\",\"url\":\"https:\\\/\\\/www.organisator.ch\\\/wp-content\\\/uploads\\\/2019\\\/01\\\/Das-waren-die-Trends-bei-Cyberattacken-2018_Organisator.jpg\",\"contentUrl\":\"https:\\\/\\\/www.organisator.ch\\\/wp-content\\\/uploads\\\/2019\\\/01\\\/Das-waren-die-Trends-bei-Cyberattacken-2018_Organisator.jpg\",\"width\":680,\"height\":480,\"caption\":\"Einer der Trends bei Cyberattacken: Kriminelle \\\"klauen\\\" nicht nur, sondern sie wenden immer kreativere Techniken an, um ihre Angriffe zu monetarisieren. (Bild: Fotolia.com)\"},{\"@type\":\"BreadcrumbList\",\"@id\":\"https:\\\/\\\/www.organisator.ch\\\/management\\\/it\\\/2019-01-03\\\/das-waren-die-trends-bei-cyberattacken-2018\\\/#breadcrumb\",\"itemListElement\":[{\"@type\":\"ListItem\",\"position\":1,\"name\":\"Home\",\"item\":\"https:\\\/\\\/www.organisator.ch\\\/\"},{\"@type\":\"ListItem\",\"position\":2,\"name\":\"Das waren die Trends bei Cyberattacken 2018\"}]},{\"@type\":\"WebSite\",\"@id\":\"https:\\\/\\\/www.organisator.ch\\\/#website\",\"url\":\"https:\\\/\\\/www.organisator.ch\\\/\",\"name\":\"Organisator\",\"description\":\"Kompetent. Praxisnah. Der ORGANISATOR bereitet in 10 Ausgaben pro Jahr die wesentlichen Themen f\u00fcr F\u00fchrungskr\u00e4fte von KMU auf.\",\"publisher\":{\"@id\":\"https:\\\/\\\/www.organisator.ch\\\/#organization\"},\"potentialAction\":[{\"@type\":\"SearchAction\",\"target\":{\"@type\":\"EntryPoint\",\"urlTemplate\":\"https:\\\/\\\/www.organisator.ch\\\/?s={search_term_string}\"},\"query-input\":{\"@type\":\"PropertyValueSpecification\",\"valueRequired\":true,\"valueName\":\"search_term_string\"}}],\"inLanguage\":\"fr-FR\"},{\"@type\":\"Organization\",\"@id\":\"https:\\\/\\\/www.organisator.ch\\\/#organization\",\"name\":\"Organisator\",\"url\":\"https:\\\/\\\/www.organisator.ch\\\/\",\"logo\":{\"@type\":\"ImageObject\",\"inLanguage\":\"fr-FR\",\"@id\":\"https:\\\/\\\/www.organisator.ch\\\/#\\\/schema\\\/logo\\\/image\\\/\",\"url\":\"https:\\\/\\\/www.organisator.ch\\\/wp-content\\\/uploads\\\/2022\\\/01\\\/Logo_Organisator_Website.png\",\"contentUrl\":\"https:\\\/\\\/www.organisator.ch\\\/wp-content\\\/uploads\\\/2022\\\/01\\\/Logo_Organisator_Website.png\",\"width\":800,\"height\":77,\"caption\":\"Organisator\"},\"image\":{\"@id\":\"https:\\\/\\\/www.organisator.ch\\\/#\\\/schema\\\/logo\\\/image\\\/\"},\"sameAs\":[\"https:\\\/\\\/www.facebook.com\\\/OrganisatorFachmagazin\",\"https:\\\/\\\/www.linkedin.com\\\/showcase\\\/organisator-das-magazin-fr-kmu\",\"https:\\\/\\\/www.xing.com\\\/news\\\/pages\\\/organisator-ch-695\",\"https:\\\/\\\/www.youtube.com\\\/channel\\\/UCGP2Sq0iWaZwT3BdIAQFYpw\"]},{\"@type\":\"Person\",\"@id\":\"https:\\\/\\\/www.organisator.ch\\\/#\\\/schema\\\/person\\\/6f650f90b2842cd4c0cc334b4e36f67e\",\"name\":\"thomas.berner\",\"image\":{\"@type\":\"ImageObject\",\"inLanguage\":\"fr-FR\",\"@id\":\"https:\\\/\\\/secure.gravatar.com\\\/avatar\\\/ac5001d2a36cb6c6cd3e50789007ffca834b477b74a2144564522e944eabff61?s=96&d=mm&r=g\",\"url\":\"https:\\\/\\\/secure.gravatar.com\\\/avatar\\\/ac5001d2a36cb6c6cd3e50789007ffca834b477b74a2144564522e944eabff61?s=96&d=mm&r=g\",\"contentUrl\":\"https:\\\/\\\/secure.gravatar.com\\\/avatar\\\/ac5001d2a36cb6c6cd3e50789007ffca834b477b74a2144564522e944eabff61?s=96&d=mm&r=g\",\"caption\":\"thomas.berner\"},\"url\":\"https:\\\/\\\/www.organisator.ch\\\/fr\\\/author\\\/thomas-berner\\\/\"}]}<\/script>\n<!-- \/ Yoast SEO plugin. -->","yoast_head_json":{"title":"Les tendances des cyberattaques en 2018 - Organisateur","description":"Le nombre de cyberattaques destructrices a continu\u00e9 d'augmenter en 2018. Les groupes de pirates criminels ont augment\u00e9 leur efficacit\u00e9.","robots":{"index":"index","follow":"follow","max-snippet":"max-snippet:-1","max-image-preview":"max-image-preview:large","max-video-preview":"max-video-preview:-1"},"canonical":"https:\/\/www.organisator.ch\/fr\/gestion-2\/it\/2019-01-03\/das-waren-die-trends-bei-cyberattacken-2018\/","og_locale":"fr_FR","og_type":"article","og_title":"Das waren die Trends bei Cyberattacken 2018","og_description":"Die Anzahl destruktiver Cyber-Angriffe hat auch in 2018 weiter zugenommen. Kriminelle Hacker-Gruppen haben ihre Effektivit\u00e4t erh\u00f6ht.","og_url":"https:\/\/www.organisator.ch\/fr\/gestion-2\/it\/2019-01-03\/das-waren-die-trends-bei-cyberattacken-2018\/","og_site_name":"Organisator","article_publisher":"https:\/\/www.facebook.com\/OrganisatorFachmagazin","article_published_time":"2019-01-03T09:26:10+00:00","og_image":[{"width":680,"height":480,"url":"https:\/\/www.organisator.ch\/wp-content\/uploads\/2019\/01\/Das-waren-die-Trends-bei-Cyberattacken-2018_Organisator.jpg","type":"image\/jpeg"}],"author":"thomas.berner","twitter_card":"summary_large_image","twitter_title":"Das waren die Trends bei #Cyberattacken 2018","twitter_description":"Die Anzahl destruktiver #Cyber-Angriffe hat auch in 2018 weiter zugenommen. Kriminelle #Hacker-Gruppen haben ihre Effektivit\u00e4t erh\u00f6ht.","twitter_image":"https:\/\/www.organisator.ch\/wp-content\/uploads\/2019\/01\/Das-waren-die-Trends-bei-Cyberattacken-2018_Organisator.jpg","schema":{"@context":"https:\/\/schema.org","@graph":[{"@type":"Article","@id":"https:\/\/www.organisator.ch\/management\/it\/2019-01-03\/das-waren-die-trends-bei-cyberattacken-2018\/#article","isPartOf":{"@id":"https:\/\/www.organisator.ch\/management\/it\/2019-01-03\/das-waren-die-trends-bei-cyberattacken-2018\/"},"author":{"name":"thomas.berner","@id":"https:\/\/www.organisator.ch\/#\/schema\/person\/6f650f90b2842cd4c0cc334b4e36f67e"},"headline":"Das waren die Trends bei Cyberattacken 2018","datePublished":"2019-01-03T09:26:10+00:00","mainEntityOfPage":{"@id":"https:\/\/www.organisator.ch\/management\/it\/2019-01-03\/das-waren-die-trends-bei-cyberattacken-2018\/"},"wordCount":609,"commentCount":0,"publisher":{"@id":"https:\/\/www.organisator.ch\/#organization"},"image":{"@id":"https:\/\/www.organisator.ch\/management\/it\/2019-01-03\/das-waren-die-trends-bei-cyberattacken-2018\/#primaryimage"},"thumbnailUrl":"https:\/\/www.organisator.ch\/wp-content\/uploads\/2019\/01\/Das-waren-die-Trends-bei-Cyberattacken-2018_Organisator.jpg","keywords":["Cyber-Crime","ICT-Sicherheit","IT","Trends"],"articleSection":["IT"],"inLanguage":"fr-FR"},{"@type":"WebPage","@id":"https:\/\/www.organisator.ch\/management\/it\/2019-01-03\/das-waren-die-trends-bei-cyberattacken-2018\/","url":"https:\/\/www.organisator.ch\/management\/it\/2019-01-03\/das-waren-die-trends-bei-cyberattacken-2018\/","name":"Les tendances des cyberattaques en 2018 - Organisateur","isPartOf":{"@id":"https:\/\/www.organisator.ch\/#website"},"primaryImageOfPage":{"@id":"https:\/\/www.organisator.ch\/management\/it\/2019-01-03\/das-waren-die-trends-bei-cyberattacken-2018\/#primaryimage"},"image":{"@id":"https:\/\/www.organisator.ch\/management\/it\/2019-01-03\/das-waren-die-trends-bei-cyberattacken-2018\/#primaryimage"},"thumbnailUrl":"https:\/\/www.organisator.ch\/wp-content\/uploads\/2019\/01\/Das-waren-die-Trends-bei-Cyberattacken-2018_Organisator.jpg","datePublished":"2019-01-03T09:26:10+00:00","description":"Le nombre de cyberattaques destructrices a continu\u00e9 d'augmenter en 2018. Les groupes de pirates criminels ont augment\u00e9 leur efficacit\u00e9.","breadcrumb":{"@id":"https:\/\/www.organisator.ch\/management\/it\/2019-01-03\/das-waren-die-trends-bei-cyberattacken-2018\/#breadcrumb"},"inLanguage":"fr-FR","potentialAction":[{"@type":"ReadAction","target":["https:\/\/www.organisator.ch\/management\/it\/2019-01-03\/das-waren-die-trends-bei-cyberattacken-2018\/"]}]},{"@type":"ImageObject","inLanguage":"fr-FR","@id":"https:\/\/www.organisator.ch\/management\/it\/2019-01-03\/das-waren-die-trends-bei-cyberattacken-2018\/#primaryimage","url":"https:\/\/www.organisator.ch\/wp-content\/uploads\/2019\/01\/Das-waren-die-Trends-bei-Cyberattacken-2018_Organisator.jpg","contentUrl":"https:\/\/www.organisator.ch\/wp-content\/uploads\/2019\/01\/Das-waren-die-Trends-bei-Cyberattacken-2018_Organisator.jpg","width":680,"height":480,"caption":"Einer der Trends bei Cyberattacken: Kriminelle \"klauen\" nicht nur, sondern sie wenden immer kreativere Techniken an, um ihre Angriffe zu monetarisieren. (Bild: Fotolia.com)"},{"@type":"BreadcrumbList","@id":"https:\/\/www.organisator.ch\/management\/it\/2019-01-03\/das-waren-die-trends-bei-cyberattacken-2018\/#breadcrumb","itemListElement":[{"@type":"ListItem","position":1,"name":"Home","item":"https:\/\/www.organisator.ch\/"},{"@type":"ListItem","position":2,"name":"Das waren die Trends bei Cyberattacken 2018"}]},{"@type":"WebSite","@id":"https:\/\/www.organisator.ch\/#website","url":"https:\/\/www.organisator.ch\/","name":"Organisateur","description":"Comp\u00e9tence et comp\u00e9tence. Proches de la pratique. L'ORGANISATEUR pr\u00e9pare 10 num\u00e9ros par an sur les th\u00e8mes essentiels pour les dirigeants de PME.","publisher":{"@id":"https:\/\/www.organisator.ch\/#organization"},"potentialAction":[{"@type":"SearchAction","target":{"@type":"EntryPoint","urlTemplate":"https:\/\/www.organisator.ch\/?s={search_term_string}"},"query-input":{"@type":"PropertyValueSpecification","valueRequired":true,"valueName":"search_term_string"}}],"inLanguage":"fr-FR"},{"@type":"Organization","@id":"https:\/\/www.organisator.ch\/#organization","name":"Organisateur","url":"https:\/\/www.organisator.ch\/","logo":{"@type":"ImageObject","inLanguage":"fr-FR","@id":"https:\/\/www.organisator.ch\/#\/schema\/logo\/image\/","url":"https:\/\/www.organisator.ch\/wp-content\/uploads\/2022\/01\/Logo_Organisator_Website.png","contentUrl":"https:\/\/www.organisator.ch\/wp-content\/uploads\/2022\/01\/Logo_Organisator_Website.png","width":800,"height":77,"caption":"Organisator"},"image":{"@id":"https:\/\/www.organisator.ch\/#\/schema\/logo\/image\/"},"sameAs":["https:\/\/www.facebook.com\/OrganisatorFachmagazin","https:\/\/www.linkedin.com\/showcase\/organisator-das-magazin-fr-kmu","https:\/\/www.xing.com\/news\/pages\/organisator-ch-695","https:\/\/www.youtube.com\/channel\/UCGP2Sq0iWaZwT3BdIAQFYpw"]},{"@type":"Person","@id":"https:\/\/www.organisator.ch\/#\/schema\/person\/6f650f90b2842cd4c0cc334b4e36f67e","name":"thomas.berner","image":{"@type":"ImageObject","inLanguage":"fr-FR","@id":"https:\/\/secure.gravatar.com\/avatar\/ac5001d2a36cb6c6cd3e50789007ffca834b477b74a2144564522e944eabff61?s=96&d=mm&r=g","url":"https:\/\/secure.gravatar.com\/avatar\/ac5001d2a36cb6c6cd3e50789007ffca834b477b74a2144564522e944eabff61?s=96&d=mm&r=g","contentUrl":"https:\/\/secure.gravatar.com\/avatar\/ac5001d2a36cb6c6cd3e50789007ffca834b477b74a2144564522e944eabff61?s=96&d=mm&r=g","caption":"thomas.berner"},"url":"https:\/\/www.organisator.ch\/fr\/author\/thomas-berner\/"}]}},"_links":{"self":[{"href":"https:\/\/www.organisator.ch\/fr\/wp-json\/wp\/v2\/posts\/4706","targetHints":{"allow":["GET"]}}],"collection":[{"href":"https:\/\/www.organisator.ch\/fr\/wp-json\/wp\/v2\/posts"}],"about":[{"href":"https:\/\/www.organisator.ch\/fr\/wp-json\/wp\/v2\/types\/post"}],"author":[{"embeddable":true,"href":"https:\/\/www.organisator.ch\/fr\/wp-json\/wp\/v2\/users\/4"}],"replies":[{"embeddable":true,"href":"https:\/\/www.organisator.ch\/fr\/wp-json\/wp\/v2\/comments?post=4706"}],"version-history":[{"count":0,"href":"https:\/\/www.organisator.ch\/fr\/wp-json\/wp\/v2\/posts\/4706\/revisions"}],"wp:featuredmedia":[{"embeddable":true,"href":"https:\/\/www.organisator.ch\/fr\/wp-json\/wp\/v2\/media\/4707"}],"wp:attachment":[{"href":"https:\/\/www.organisator.ch\/fr\/wp-json\/wp\/v2\/media?parent=4706"}],"wp:term":[{"taxonomy":"category","embeddable":true,"href":"https:\/\/www.organisator.ch\/fr\/wp-json\/wp\/v2\/categories?post=4706"},{"taxonomy":"post_tag","embeddable":true,"href":"https:\/\/www.organisator.ch\/fr\/wp-json\/wp\/v2\/tags?post=4706"}],"curies":[{"name":"wp","href":"https:\/\/api.w.org\/{rel}","templated":true}]}}