{"id":47088,"date":"2026-04-08T14:46:19","date_gmt":"2026-04-08T12:46:19","guid":{"rendered":"https:\/\/www.organisator.ch\/?p=47088"},"modified":"2026-04-08T14:46:19","modified_gmt":"2026-04-08T12:46:19","slug":"exportwirtschaft-trotzt-globaler-unsicherheit","status":"publish","type":"post","link":"https:\/\/www.organisator.ch\/fr\/management\/2026-04-08\/exportwirtschaft-trotzt-globaler-unsicherheit\/","title":{"rendered":"L'\u00e9conomie d'exportation brave l'incertitude mondiale"},"content":{"rendered":"<figure id=\"attachment_47090\" aria-describedby=\"caption-attachment-47090\" style=\"width: 680px\" class=\"wp-caption alignnone\"><img loading=\"lazy\" decoding=\"async\" class=\"size-full wp-image-47090\" src=\"https:\/\/www.organisator.ch\/wp-content\/uploads\/2026\/04\/Exportwirtschaft-trotzt-globaler-Unsicherheit_Organisator.jpg\" alt=\"\" width=\"680\" height=\"454\" srcset=\"https:\/\/www.organisator.ch\/wp-content\/uploads\/2026\/04\/Exportwirtschaft-trotzt-globaler-Unsicherheit_Organisator.jpg 680w, https:\/\/www.organisator.ch\/wp-content\/uploads\/2026\/04\/Exportwirtschaft-trotzt-globaler-Unsicherheit_Organisator-18x12.jpg 18w, https:\/\/www.organisator.ch\/wp-content\/uploads\/2026\/04\/Exportwirtschaft-trotzt-globaler-Unsicherheit_Organisator-375x250.jpg 375w, https:\/\/www.organisator.ch\/wp-content\/uploads\/2026\/04\/Exportwirtschaft-trotzt-globaler-Unsicherheit_Organisator-524x350.jpg 524w\" sizes=\"auto, (max-width: 680px) 100vw, 680px\" \/><figcaption id=\"caption-attachment-47090\" class=\"wp-caption-text\">Le contexte a beau \u00eatre morose, l'\u00e9conomie d'exportation en Suisse et en Allemagne fait preuve d'une \u00e9tonnante robustesse. (Image : Unsplash.com)<\/figcaption><\/figure>\n<p>Le cessez-le-feu d\u00e9cr\u00e9t\u00e9 dans la nuit du 7 au 8 avril dans le conflit entre les Etats-Unis et l'Iran a provoqu\u00e9 un soulagement dans le monde \u00e9conomique. Cela s'est directement traduit par une nouvelle hausse des cours boursiers et par une baisse des prix du p\u00e9trole. N\u00e9anmoins, il reste \u00e0 voir dans quelle mesure cette d\u00e9tente sera durable pour l'\u00e9conomie d'exportation.<\/p>\n<h3><strong>Optimisme malgr\u00e9 l'incertitude<\/strong><\/h3>\n<p>Les tensions g\u00e9opolitiques comme au Proche-Orient et, surtout, la politique douani\u00e8re du pr\u00e9sident am\u00e9ricain Donald Trump, en vigueur depuis 2025, ont mis les march\u00e9s d'exportation sous pression. Dans ce contexte, il est \u00e9tonnant que les entreprises orient\u00e9es vers l'exportation soient malgr\u00e9 tout assez optimistes quant \u00e0 leurs perspectives. C'est en tout cas la conclusion que l'on peut tirer de deux enqu\u00eates r\u00e9centes men\u00e9es par Allianz Trade et Switzerland Global Enterprise (S-GE). Alors que l'enqu\u00eate Trade Global Survey, publi\u00e9e le 8 avril, a interrog\u00e9 6000 entreprises au Br\u00e9sil, en Chine, en France, en Allemagne, en Inde, en Italie, en Pologne, \u00e0 Singapour, en Espagne, aux \u00c9mirats arabes unis, au Royaume-Uni, aux \u00c9tats-Unis et au Vietnam, l'enqu\u00eate de S-GE refl\u00e8te le sentiment \u00e0 l'exportation des entreprises suisses. Elle a \u00e9t\u00e9 publi\u00e9e en janvier 2026 et n'a donc pas encore tenu compte du d\u00e9clenchement de la guerre dans le Golfe persique. Les deux enqu\u00eates sont donc des instantan\u00e9s.<\/p>\n<h3><strong>Les exportateurs allemands restent \u00e9tonnamment robustes<\/strong><\/h3>\n<p>Jetons d'abord un coup d'\u0153il \u00e0 notre voisin du nord, qui reste le principal march\u00e9 d'exportation pour les entreprises suisses : Comment les entreprises exportatrices y \u00e9valuent-elles les perspectives ? Selon Allianz Trade, les exportateurs allemands se montrent plus r\u00e9sistants que nombre de leurs concurrents internationaux. 83 pour cent des entreprises interrog\u00e9es s'attendent \u00e0 une hausse de leur chiffre d'affaires \u00e0 l'exportation malgr\u00e9 l'escalade au Proche-Orient ; 41 pour cent pr\u00e9voient une augmentation mod\u00e9r\u00e9e de 2 \u00e0 5 pour cent au cours des douze prochains mois.<\/p>\n<p>En m\u00eame temps, la confiance s'accompagne de scepticisme : 49% s'attendent toujours \u00e0 des cons\u00e9quences n\u00e9gatives de la guerre commerciale am\u00e9ricaine en 2026 et pr\u00e8s de la moiti\u00e9 s'attend \u00e0 une baisse des habitudes de paiement \u00e0 l'\u00e9tranger. Parmi les risques les plus importants, on trouve les incertitudes g\u00e9opolitiques mentionn\u00e9es, mais aussi les probl\u00e8mes de cha\u00eene d'approvisionnement, les risques de transport et de financement.<\/p>\n<h3><strong>S'adapter plut\u00f4t que d'attendre<\/strong><\/h3>\n<p>Comment expliquer cet optimisme ? La r\u00e9ponse est probablement \u00e0 chercher dans la r\u00e9silience accrue des entreprises allemandes. Nombre d'entre elles ont d\u00e9j\u00e0 r\u00e9agi au nouvel environnement : 80 % ont adapt\u00e9 leurs itin\u00e9raires commerciaux et leur cha\u00eene d'approvisionnement depuis le \u00abjour de la lib\u00e9ration\u00bb et 40 % reconsid\u00e8rent ou retardent leurs plans de production \u00e0 l'\u00e9tranger. Les strat\u00e9gies les plus importantes qu'elles citent sont le \"friendshoring\", c'est-\u00e0-dire les relations commerciales avec des pays \"amis\", les nouveaux produits, les partenariats locaux et une gestion des risques renforc\u00e9e.<\/p>\n<p>Les entreprises misent \u00e9galement sur une plus grande s\u00e9curit\u00e9 dans leurs cha\u00eenes d'approvisionnement : 60 pour cent constituent des stocks, 55 pour cent trouvent de nouveaux fournisseurs et 52 pour cent se d\u00e9veloppent sur de nouveaux march\u00e9s. Selon l'\u00e9tude d'Allianz Trade, les exportateurs allemands sont plut\u00f4t prudents en comparaison internationale.<\/p>\n<figure id=\"attachment_47089\" aria-describedby=\"caption-attachment-47089\" style=\"width: 680px\" class=\"wp-caption alignnone\"><img loading=\"lazy\" decoding=\"async\" class=\"size-full wp-image-47089\" src=\"https:\/\/www.organisator.ch\/wp-content\/uploads\/2026\/04\/Exportwirtschaft-trotzt-globaler-Unsicherheit-2_Organisator.jpg\" alt=\"\" width=\"680\" height=\"457\" srcset=\"https:\/\/www.organisator.ch\/wp-content\/uploads\/2026\/04\/Exportwirtschaft-trotzt-globaler-Unsicherheit-2_Organisator.jpg 680w, https:\/\/www.organisator.ch\/wp-content\/uploads\/2026\/04\/Exportwirtschaft-trotzt-globaler-Unsicherheit-2_Organisator-18x12.jpg 18w, https:\/\/www.organisator.ch\/wp-content\/uploads\/2026\/04\/Exportwirtschaft-trotzt-globaler-Unsicherheit-2_Organisator-375x252.jpg 375w, https:\/\/www.organisator.ch\/wp-content\/uploads\/2026\/04\/Exportwirtschaft-trotzt-globaler-Unsicherheit-2_Organisator-521x350.jpg 521w\" sizes=\"auto, (max-width: 680px) 100vw, 680px\" \/><figcaption id=\"caption-attachment-47089\" class=\"wp-caption-text\">Telles sont les priorit\u00e9s que se fixent les entreprises pour \u00eatre actives et se d\u00e9velopper \u00e0 l'international malgr\u00e9 les risques g\u00e9opolitiques. (Graphique : Allianz Trade)<\/figcaption><\/figure>\n<h3><strong>Suisse : un optimisme prudent<\/strong><\/h3>\n<p>Le climat export en Suisse se pr\u00e9sente \u00e9galement mieux que ce \u00e0 quoi on aurait pu s'attendre. En particulier, la situation s'\u00e9claircit quelque peu pour les PME suisses - c'est du moins l'estimation faite d\u00e9but 2026. Selon l'enqu\u00eate de S-GE, le climat export se situe \u00e0 nouveau clairement au-dessus du seuil de croissance, avec 63,5 points ; 57,2% s'attendent \u00e0 une hausse des exportations pour le premier semestre 2026, et seulement 15,9% \u00e0 une baisse. Pour l'ensemble de l'ann\u00e9e 2026, 63 pour cent s'attendent \u00e0 une \u00e9volution positive.<\/p>\n<p>Le rapport souligne toutefois qu'il ne faut pas en d\u00e9duire un renversement de tendance vers une croissance durable. Quatre entreprises interrog\u00e9es sur cinq ne s'attendent qu'\u00e0 de faibles changements de leur volume d'exportation, le plus souvent de l'ordre de plus ou moins 10 pour cent. Le climat reste donc marqu\u00e9 par un \u00abmouvement en zigzag\u00bb, qui refl\u00e8te depuis 2022 la grande volatilit\u00e9 de l'\u00e9conomie mondiale.<\/p>\n<h3><strong>All\u00e9gement des droits de douane am\u00e9ricains<\/strong><\/h3>\n<p>Une impulsion essentielle vient des Etats-Unis : les entreprises suisses ont r\u00e9agi avec soulagement \u00e0 la baisse des droits de douane am\u00e9ricains, qui sont pass\u00e9s entre-temps de 39 \u00e0 15 pour cent. Bien que 40 % s'attendent toujours \u00e0 des effets n\u00e9gatifs, c'est moins qu'en \u00e9t\u00e9 2025, lorsque 58 % voyaient encore des charges dues aux droits de douane am\u00e9ricains.<\/p>\n<p>Environ trois entreprises sur cinq ont donc d\u00e9j\u00e0 pris des mesures ou pr\u00e9voient de le faire, par exemple en r\u00e9duisant les marges, en adaptant les prix ou en examinant des march\u00e9s alternatifs. Il est particuli\u00e8rement frappant de constater que l'option d'une pr\u00e9sence locale plus forte aux \u00c9tats-Unis gagne en importance : la part des entreprises qui peuvent envisager une telle pr\u00e9sence a presque doubl\u00e9 en six mois.<\/p>\n<h3><strong>Le libre-\u00e9change, moteur de la croissance<\/strong><\/h3>\n<p>Les accords de libre-\u00e9change jouent un r\u00f4le de plus en plus important pour les PME suisses. 69 % d'entre elles profitent d\u00e9j\u00e0 d'au moins un accord et 61 % s'attendent \u00e0 b\u00e9n\u00e9ficier \u00e0 l'avenir d'accords nouveaux ou pr\u00e9vus, en particulier avec l'Inde.<\/p>\n<p>Parall\u00e8lement, l'\u00e9tude montre que les connaissances et la mise en \u0153uvre pr\u00e9sentent encore des lacunes. Le manque d'expertise interne, les obstacles administratifs et la complexit\u00e9 des r\u00e8gles d'origine emp\u00eachent de nombreuses entreprises d'exploiter pleinement les accords existants. Ainsi, le libre-\u00e9change reste certes un important vecteur d'espoir, mais pas encore un succ\u00e8s en soi.<\/p>\n<h3><strong>Mod\u00e8le commun<\/strong><\/h3>\n<p>Les deux pays partagent un sch\u00e9ma de base similaire : les entreprises voient des opportunit\u00e9s, mais elles calculent davantage en fonction de l'incertitude, des chocs g\u00e9opolitiques et des frictions plus importantes dans le commerce mondial. Les exportateurs allemands r\u00e9agissent particuli\u00e8rement en se couvrant et en se restructurant, tandis que les PME suisses misent sur une d\u00e9tente des droits de douane am\u00e9ricains et sur les accords de libre-\u00e9change. \u00a0<\/p>\n<p>Le regard vers l'avenir n'est donc pas euphorique, mais pas non plus r\u00e9sign\u00e9. En Allemagne, c'est la r\u00e9silience sous pression qui domine, tandis qu'en Suisse, c'est un optimisme prudent qui pr\u00e9vaut dans la perspective de nouveaux espaces commerciaux. La flexibilit\u00e9 et la capacit\u00e9 d'adaptation restent des facteurs d\u00e9cisifs pour les exportateurs. La diversification des d\u00e9bouch\u00e9s et des cha\u00eenes d'approvisionnement r\u00e9silientes reste un imp\u00e9ratif. La recherche et le d\u00e9veloppement gagnent \u00e9galement en importance : ce n'est qu'en innovant constamment que les entreprises sont en mesure d'atteindre et de conserver leur position de leader dans leur domaine. Une chose que les PME en Suisse et en Allemagne ne peuvent pas faire. <a href=\"https:\/\/www.organisator.ch\/de\/operational-excellence\/2026-04-01\/patentanmeldungen-aus-der-schweiz-bleiben-auf-hohem-niveau\/\">ont toujours bien r\u00e9ussi jusqu'\u00e0 pr\u00e9sent<\/a>.<\/p>\n<p><em>Sources : <a href=\"http:\/\/www.allianz-trade.de\">Allianz Trade<\/a> et <a href=\"http:\/\/www.s-ge.com\">Switzerland Global Enterprise S-GE<\/a><\/em><\/p>","protected":false},"excerpt":{"rendered":"<p>Malgr\u00e9 le conflit au Proche-Orient, le conflit douanier et les tensions g\u00e9opolitiques, les entreprises en Allemagne et en Suisse estiment leurs perspectives d'exportation avec un optimisme surprenant. Alors que les exportateurs allemands luttent surtout contre les risques et la pression de l'adaptation, le moral des PME suisses \u00e0 l'export a de nouveau le vent en poupe apr\u00e8s la baisse des droits de douane am\u00e9ricains. Toutefois, cette confiance est fragile.<\/p>","protected":false},"author":4,"featured_media":47090,"comment_status":"closed","ping_status":"closed","sticky":true,"template":"","format":"standard","meta":{"_acf_changed":false,"_yoast_wpseo_focuskw":"Exportwirtschaft","_yoast_wpseo_metadesc":"Trotz Zollstreit und geopolitischer Spannungen sch\u00e4tzen Unternehmen in Deutschland und der Schweiz ihre Exportaussichten optimistisch ein.","articlekey":"","footnotes":""},"categories":[28],"tags":[2994,335,418,459],"class_list":["post-47088","post","type-post","status-publish","format-standard","has-post-thumbnail","hentry","category-management","tag-exportwirtschaft","tag-management-und-unternehmensfuehrung","tag-risikomanagement","tag-studie"],"acf":[],"yoast_head":"<!-- This site is optimized with the Yoast SEO plugin v27.4 - https:\/\/yoast.com\/product\/yoast-seo-wordpress\/ -->\n<title>Exportwirtschaft trotzt globaler Unsicherheit - Organisator<\/title>\n<meta name=\"description\" content=\"Trotz Zollstreit und geopolitischer Spannungen sch\u00e4tzen Unternehmen in Deutschland und der Schweiz ihre Exportaussichten optimistisch ein.\" \/>\n<meta name=\"robots\" content=\"index, follow, max-snippet:-1, max-image-preview:large, max-video-preview:-1\" \/>\n<link rel=\"canonical\" href=\"https:\/\/www.organisator.ch\/fr\/gestion-2\/2026-04-08\/exportwirtschaft-trotzt-globaler-unsicherheit\/\" \/>\n<meta property=\"og:locale\" content=\"fr_FR\" \/>\n<meta property=\"og:type\" content=\"article\" \/>\n<meta property=\"og:title\" content=\"Exportwirtschaft trotzt globaler Unsicherheit\" \/>\n<meta property=\"og:description\" content=\"Trotz Zollstreit und geopolitischer Spannungen sch\u00e4tzen Unternehmen in Deutschland und der Schweiz ihre Exportaussichten optimistisch ein.\" \/>\n<meta property=\"og:url\" content=\"https:\/\/www.organisator.ch\/fr\/gestion-2\/2026-04-08\/exportwirtschaft-trotzt-globaler-unsicherheit\/\" \/>\n<meta property=\"og:site_name\" content=\"Organisator\" \/>\n<meta property=\"article:publisher\" content=\"https:\/\/www.facebook.com\/OrganisatorFachmagazin\" \/>\n<meta property=\"article:published_time\" content=\"2026-04-08T12:46:19+00:00\" \/>\n<meta property=\"og:image\" content=\"https:\/\/www.organisator.ch\/wp-content\/uploads\/2026\/04\/Exportwirtschaft-trotzt-globaler-Unsicherheit_Organisator.jpg\" \/>\n\t<meta property=\"og:image:width\" content=\"680\" \/>\n\t<meta property=\"og:image:height\" content=\"454\" \/>\n\t<meta property=\"og:image:type\" content=\"image\/jpeg\" \/>\n<meta name=\"author\" content=\"thomas.berner\" \/>\n<meta name=\"twitter:card\" content=\"summary_large_image\" \/>\n<meta name=\"twitter:title\" content=\"#Exportwirtschaft trotzt globaler #Unsicherheit\" \/>\n<meta name=\"twitter:description\" content=\"Trotz #Zollstreit und geopolitischer Spannungen sch\u00e4tzen #Unternehmen in Deutschland und der Schweiz ihre #Exportaussichten optimistisch ein.\" \/>\n<meta name=\"twitter:image\" content=\"https:\/\/www.organisator.ch\/wp-content\/uploads\/2026\/04\/Exportwirtschaft-trotzt-globaler-Unsicherheit_Organisator.jpg\" \/>\n<script type=\"application\/ld+json\" class=\"yoast-schema-graph\">{\"@context\":\"https:\\\/\\\/schema.org\",\"@graph\":[{\"@type\":\"Article\",\"@id\":\"https:\\\/\\\/www.organisator.ch\\\/management\\\/2026-04-08\\\/exportwirtschaft-trotzt-globaler-unsicherheit\\\/#article\",\"isPartOf\":{\"@id\":\"https:\\\/\\\/www.organisator.ch\\\/management\\\/2026-04-08\\\/exportwirtschaft-trotzt-globaler-unsicherheit\\\/\"},\"author\":{\"name\":\"thomas.berner\",\"@id\":\"https:\\\/\\\/www.organisator.ch\\\/#\\\/schema\\\/person\\\/6f650f90b2842cd4c0cc334b4e36f67e\"},\"headline\":\"Exportwirtschaft trotzt globaler Unsicherheit\",\"datePublished\":\"2026-04-08T12:46:19+00:00\",\"mainEntityOfPage\":{\"@id\":\"https:\\\/\\\/www.organisator.ch\\\/management\\\/2026-04-08\\\/exportwirtschaft-trotzt-globaler-unsicherheit\\\/\"},\"wordCount\":979,\"publisher\":{\"@id\":\"https:\\\/\\\/www.organisator.ch\\\/#organization\"},\"image\":{\"@id\":\"https:\\\/\\\/www.organisator.ch\\\/management\\\/2026-04-08\\\/exportwirtschaft-trotzt-globaler-unsicherheit\\\/#primaryimage\"},\"thumbnailUrl\":\"https:\\\/\\\/www.organisator.ch\\\/wp-content\\\/uploads\\\/2026\\\/04\\\/Exportwirtschaft-trotzt-globaler-Unsicherheit_Organisator.jpg\",\"keywords\":[\"Exportwirtschaft\",\"Management und Unternehmensf\u00fchrung\",\"Risikomanagement\",\"Studie\"],\"articleSection\":[\"MANAGEMENT\"],\"inLanguage\":\"fr-FR\"},{\"@type\":\"WebPage\",\"@id\":\"https:\\\/\\\/www.organisator.ch\\\/management\\\/2026-04-08\\\/exportwirtschaft-trotzt-globaler-unsicherheit\\\/\",\"url\":\"https:\\\/\\\/www.organisator.ch\\\/management\\\/2026-04-08\\\/exportwirtschaft-trotzt-globaler-unsicherheit\\\/\",\"name\":\"Exportwirtschaft trotzt globaler Unsicherheit - Organisator\",\"isPartOf\":{\"@id\":\"https:\\\/\\\/www.organisator.ch\\\/#website\"},\"primaryImageOfPage\":{\"@id\":\"https:\\\/\\\/www.organisator.ch\\\/management\\\/2026-04-08\\\/exportwirtschaft-trotzt-globaler-unsicherheit\\\/#primaryimage\"},\"image\":{\"@id\":\"https:\\\/\\\/www.organisator.ch\\\/management\\\/2026-04-08\\\/exportwirtschaft-trotzt-globaler-unsicherheit\\\/#primaryimage\"},\"thumbnailUrl\":\"https:\\\/\\\/www.organisator.ch\\\/wp-content\\\/uploads\\\/2026\\\/04\\\/Exportwirtschaft-trotzt-globaler-Unsicherheit_Organisator.jpg\",\"datePublished\":\"2026-04-08T12:46:19+00:00\",\"description\":\"Trotz Zollstreit und geopolitischer Spannungen sch\u00e4tzen Unternehmen in Deutschland und der Schweiz ihre Exportaussichten optimistisch ein.\",\"breadcrumb\":{\"@id\":\"https:\\\/\\\/www.organisator.ch\\\/management\\\/2026-04-08\\\/exportwirtschaft-trotzt-globaler-unsicherheit\\\/#breadcrumb\"},\"inLanguage\":\"fr-FR\",\"potentialAction\":[{\"@type\":\"ReadAction\",\"target\":[\"https:\\\/\\\/www.organisator.ch\\\/management\\\/2026-04-08\\\/exportwirtschaft-trotzt-globaler-unsicherheit\\\/\"]}]},{\"@type\":\"ImageObject\",\"inLanguage\":\"fr-FR\",\"@id\":\"https:\\\/\\\/www.organisator.ch\\\/management\\\/2026-04-08\\\/exportwirtschaft-trotzt-globaler-unsicherheit\\\/#primaryimage\",\"url\":\"https:\\\/\\\/www.organisator.ch\\\/wp-content\\\/uploads\\\/2026\\\/04\\\/Exportwirtschaft-trotzt-globaler-Unsicherheit_Organisator.jpg\",\"contentUrl\":\"https:\\\/\\\/www.organisator.ch\\\/wp-content\\\/uploads\\\/2026\\\/04\\\/Exportwirtschaft-trotzt-globaler-Unsicherheit_Organisator.jpg\",\"width\":680,\"height\":454,\"caption\":\"Das Umfeld mag d\u00fcster sein, dennoch zeigt sich die Exportwirtschaft in der Schweiz und in Deutschland erstaunlich robust. (Bild: Unsplash.com)\"},{\"@type\":\"BreadcrumbList\",\"@id\":\"https:\\\/\\\/www.organisator.ch\\\/management\\\/2026-04-08\\\/exportwirtschaft-trotzt-globaler-unsicherheit\\\/#breadcrumb\",\"itemListElement\":[{\"@type\":\"ListItem\",\"position\":1,\"name\":\"Home\",\"item\":\"https:\\\/\\\/www.organisator.ch\\\/\"},{\"@type\":\"ListItem\",\"position\":2,\"name\":\"Exportwirtschaft trotzt globaler Unsicherheit\"}]},{\"@type\":\"WebSite\",\"@id\":\"https:\\\/\\\/www.organisator.ch\\\/#website\",\"url\":\"https:\\\/\\\/www.organisator.ch\\\/\",\"name\":\"Organisator\",\"description\":\"Kompetent. Praxisnah. Der ORGANISATOR bereitet in 10 Ausgaben pro Jahr die wesentlichen Themen f\u00fcr F\u00fchrungskr\u00e4fte von KMU auf.\",\"publisher\":{\"@id\":\"https:\\\/\\\/www.organisator.ch\\\/#organization\"},\"potentialAction\":[{\"@type\":\"SearchAction\",\"target\":{\"@type\":\"EntryPoint\",\"urlTemplate\":\"https:\\\/\\\/www.organisator.ch\\\/?s={search_term_string}\"},\"query-input\":{\"@type\":\"PropertyValueSpecification\",\"valueRequired\":true,\"valueName\":\"search_term_string\"}}],\"inLanguage\":\"fr-FR\"},{\"@type\":\"Organization\",\"@id\":\"https:\\\/\\\/www.organisator.ch\\\/#organization\",\"name\":\"Organisator\",\"url\":\"https:\\\/\\\/www.organisator.ch\\\/\",\"logo\":{\"@type\":\"ImageObject\",\"inLanguage\":\"fr-FR\",\"@id\":\"https:\\\/\\\/www.organisator.ch\\\/#\\\/schema\\\/logo\\\/image\\\/\",\"url\":\"https:\\\/\\\/www.organisator.ch\\\/wp-content\\\/uploads\\\/2022\\\/01\\\/Logo_Organisator_Website.png\",\"contentUrl\":\"https:\\\/\\\/www.organisator.ch\\\/wp-content\\\/uploads\\\/2022\\\/01\\\/Logo_Organisator_Website.png\",\"width\":800,\"height\":77,\"caption\":\"Organisator\"},\"image\":{\"@id\":\"https:\\\/\\\/www.organisator.ch\\\/#\\\/schema\\\/logo\\\/image\\\/\"},\"sameAs\":[\"https:\\\/\\\/www.facebook.com\\\/OrganisatorFachmagazin\",\"https:\\\/\\\/www.linkedin.com\\\/showcase\\\/organisator-das-magazin-fr-kmu\",\"https:\\\/\\\/www.xing.com\\\/news\\\/pages\\\/organisator-ch-695\",\"https:\\\/\\\/www.youtube.com\\\/channel\\\/UCGP2Sq0iWaZwT3BdIAQFYpw\"]},{\"@type\":\"Person\",\"@id\":\"https:\\\/\\\/www.organisator.ch\\\/#\\\/schema\\\/person\\\/6f650f90b2842cd4c0cc334b4e36f67e\",\"name\":\"thomas.berner\",\"image\":{\"@type\":\"ImageObject\",\"inLanguage\":\"fr-FR\",\"@id\":\"https:\\\/\\\/secure.gravatar.com\\\/avatar\\\/ac5001d2a36cb6c6cd3e50789007ffca834b477b74a2144564522e944eabff61?s=96&d=mm&r=g\",\"url\":\"https:\\\/\\\/secure.gravatar.com\\\/avatar\\\/ac5001d2a36cb6c6cd3e50789007ffca834b477b74a2144564522e944eabff61?s=96&d=mm&r=g\",\"contentUrl\":\"https:\\\/\\\/secure.gravatar.com\\\/avatar\\\/ac5001d2a36cb6c6cd3e50789007ffca834b477b74a2144564522e944eabff61?s=96&d=mm&r=g\",\"caption\":\"thomas.berner\"},\"url\":\"https:\\\/\\\/www.organisator.ch\\\/fr\\\/author\\\/thomas-berner\\\/\"}]}<\/script>\n<!-- \/ Yoast SEO plugin. -->","yoast_head_json":{"title":"L'\u00e9conomie d'exportation brave l'incertitude mondiale - Organisateur","description":"Malgr\u00e9 le conflit douanier et les tensions g\u00e9opolitiques, les entreprises en Allemagne et en Suisse estiment que leurs perspectives d'exportation sont optimistes.","robots":{"index":"index","follow":"follow","max-snippet":"max-snippet:-1","max-image-preview":"max-image-preview:large","max-video-preview":"max-video-preview:-1"},"canonical":"https:\/\/www.organisator.ch\/fr\/gestion-2\/2026-04-08\/exportwirtschaft-trotzt-globaler-unsicherheit\/","og_locale":"fr_FR","og_type":"article","og_title":"Exportwirtschaft trotzt globaler Unsicherheit","og_description":"Trotz Zollstreit und geopolitischer Spannungen sch\u00e4tzen Unternehmen in Deutschland und der Schweiz ihre Exportaussichten optimistisch ein.","og_url":"https:\/\/www.organisator.ch\/fr\/gestion-2\/2026-04-08\/exportwirtschaft-trotzt-globaler-unsicherheit\/","og_site_name":"Organisator","article_publisher":"https:\/\/www.facebook.com\/OrganisatorFachmagazin","article_published_time":"2026-04-08T12:46:19+00:00","og_image":[{"width":680,"height":454,"url":"https:\/\/www.organisator.ch\/wp-content\/uploads\/2026\/04\/Exportwirtschaft-trotzt-globaler-Unsicherheit_Organisator.jpg","type":"image\/jpeg"}],"author":"thomas.berner","twitter_card":"summary_large_image","twitter_title":"#Exportwirtschaft trotzt globaler #Unsicherheit","twitter_description":"Trotz #Zollstreit und geopolitischer Spannungen sch\u00e4tzen #Unternehmen in Deutschland und der Schweiz ihre #Exportaussichten optimistisch ein.","twitter_image":"https:\/\/www.organisator.ch\/wp-content\/uploads\/2026\/04\/Exportwirtschaft-trotzt-globaler-Unsicherheit_Organisator.jpg","schema":{"@context":"https:\/\/schema.org","@graph":[{"@type":"Article","@id":"https:\/\/www.organisator.ch\/management\/2026-04-08\/exportwirtschaft-trotzt-globaler-unsicherheit\/#article","isPartOf":{"@id":"https:\/\/www.organisator.ch\/management\/2026-04-08\/exportwirtschaft-trotzt-globaler-unsicherheit\/"},"author":{"name":"thomas.berner","@id":"https:\/\/www.organisator.ch\/#\/schema\/person\/6f650f90b2842cd4c0cc334b4e36f67e"},"headline":"Exportwirtschaft trotzt globaler Unsicherheit","datePublished":"2026-04-08T12:46:19+00:00","mainEntityOfPage":{"@id":"https:\/\/www.organisator.ch\/management\/2026-04-08\/exportwirtschaft-trotzt-globaler-unsicherheit\/"},"wordCount":979,"publisher":{"@id":"https:\/\/www.organisator.ch\/#organization"},"image":{"@id":"https:\/\/www.organisator.ch\/management\/2026-04-08\/exportwirtschaft-trotzt-globaler-unsicherheit\/#primaryimage"},"thumbnailUrl":"https:\/\/www.organisator.ch\/wp-content\/uploads\/2026\/04\/Exportwirtschaft-trotzt-globaler-Unsicherheit_Organisator.jpg","keywords":["Exportwirtschaft","Management und Unternehmensf\u00fchrung","Risikomanagement","Studie"],"articleSection":["MANAGEMENT"],"inLanguage":"fr-FR"},{"@type":"WebPage","@id":"https:\/\/www.organisator.ch\/management\/2026-04-08\/exportwirtschaft-trotzt-globaler-unsicherheit\/","url":"https:\/\/www.organisator.ch\/management\/2026-04-08\/exportwirtschaft-trotzt-globaler-unsicherheit\/","name":"L'\u00e9conomie d'exportation brave l'incertitude mondiale - Organisateur","isPartOf":{"@id":"https:\/\/www.organisator.ch\/#website"},"primaryImageOfPage":{"@id":"https:\/\/www.organisator.ch\/management\/2026-04-08\/exportwirtschaft-trotzt-globaler-unsicherheit\/#primaryimage"},"image":{"@id":"https:\/\/www.organisator.ch\/management\/2026-04-08\/exportwirtschaft-trotzt-globaler-unsicherheit\/#primaryimage"},"thumbnailUrl":"https:\/\/www.organisator.ch\/wp-content\/uploads\/2026\/04\/Exportwirtschaft-trotzt-globaler-Unsicherheit_Organisator.jpg","datePublished":"2026-04-08T12:46:19+00:00","description":"Malgr\u00e9 le conflit douanier et les tensions g\u00e9opolitiques, les entreprises en Allemagne et en Suisse estiment que leurs perspectives d'exportation sont optimistes.","breadcrumb":{"@id":"https:\/\/www.organisator.ch\/management\/2026-04-08\/exportwirtschaft-trotzt-globaler-unsicherheit\/#breadcrumb"},"inLanguage":"fr-FR","potentialAction":[{"@type":"ReadAction","target":["https:\/\/www.organisator.ch\/management\/2026-04-08\/exportwirtschaft-trotzt-globaler-unsicherheit\/"]}]},{"@type":"ImageObject","inLanguage":"fr-FR","@id":"https:\/\/www.organisator.ch\/management\/2026-04-08\/exportwirtschaft-trotzt-globaler-unsicherheit\/#primaryimage","url":"https:\/\/www.organisator.ch\/wp-content\/uploads\/2026\/04\/Exportwirtschaft-trotzt-globaler-Unsicherheit_Organisator.jpg","contentUrl":"https:\/\/www.organisator.ch\/wp-content\/uploads\/2026\/04\/Exportwirtschaft-trotzt-globaler-Unsicherheit_Organisator.jpg","width":680,"height":454,"caption":"Das Umfeld mag d\u00fcster sein, dennoch zeigt sich die Exportwirtschaft in der Schweiz und in Deutschland erstaunlich robust. (Bild: Unsplash.com)"},{"@type":"BreadcrumbList","@id":"https:\/\/www.organisator.ch\/management\/2026-04-08\/exportwirtschaft-trotzt-globaler-unsicherheit\/#breadcrumb","itemListElement":[{"@type":"ListItem","position":1,"name":"Home","item":"https:\/\/www.organisator.ch\/"},{"@type":"ListItem","position":2,"name":"Exportwirtschaft trotzt globaler Unsicherheit"}]},{"@type":"WebSite","@id":"https:\/\/www.organisator.ch\/#website","url":"https:\/\/www.organisator.ch\/","name":"Organisateur","description":"Comp\u00e9tence et comp\u00e9tence. Proches de la pratique. L'ORGANISATEUR pr\u00e9pare 10 num\u00e9ros par an sur les th\u00e8mes essentiels pour les dirigeants de PME.","publisher":{"@id":"https:\/\/www.organisator.ch\/#organization"},"potentialAction":[{"@type":"SearchAction","target":{"@type":"EntryPoint","urlTemplate":"https:\/\/www.organisator.ch\/?s={search_term_string}"},"query-input":{"@type":"PropertyValueSpecification","valueRequired":true,"valueName":"search_term_string"}}],"inLanguage":"fr-FR"},{"@type":"Organization","@id":"https:\/\/www.organisator.ch\/#organization","name":"Organisateur","url":"https:\/\/www.organisator.ch\/","logo":{"@type":"ImageObject","inLanguage":"fr-FR","@id":"https:\/\/www.organisator.ch\/#\/schema\/logo\/image\/","url":"https:\/\/www.organisator.ch\/wp-content\/uploads\/2022\/01\/Logo_Organisator_Website.png","contentUrl":"https:\/\/www.organisator.ch\/wp-content\/uploads\/2022\/01\/Logo_Organisator_Website.png","width":800,"height":77,"caption":"Organisator"},"image":{"@id":"https:\/\/www.organisator.ch\/#\/schema\/logo\/image\/"},"sameAs":["https:\/\/www.facebook.com\/OrganisatorFachmagazin","https:\/\/www.linkedin.com\/showcase\/organisator-das-magazin-fr-kmu","https:\/\/www.xing.com\/news\/pages\/organisator-ch-695","https:\/\/www.youtube.com\/channel\/UCGP2Sq0iWaZwT3BdIAQFYpw"]},{"@type":"Person","@id":"https:\/\/www.organisator.ch\/#\/schema\/person\/6f650f90b2842cd4c0cc334b4e36f67e","name":"thomas.berner","image":{"@type":"ImageObject","inLanguage":"fr-FR","@id":"https:\/\/secure.gravatar.com\/avatar\/ac5001d2a36cb6c6cd3e50789007ffca834b477b74a2144564522e944eabff61?s=96&d=mm&r=g","url":"https:\/\/secure.gravatar.com\/avatar\/ac5001d2a36cb6c6cd3e50789007ffca834b477b74a2144564522e944eabff61?s=96&d=mm&r=g","contentUrl":"https:\/\/secure.gravatar.com\/avatar\/ac5001d2a36cb6c6cd3e50789007ffca834b477b74a2144564522e944eabff61?s=96&d=mm&r=g","caption":"thomas.berner"},"url":"https:\/\/www.organisator.ch\/fr\/author\/thomas-berner\/"}]}},"_links":{"self":[{"href":"https:\/\/www.organisator.ch\/fr\/wp-json\/wp\/v2\/posts\/47088","targetHints":{"allow":["GET"]}}],"collection":[{"href":"https:\/\/www.organisator.ch\/fr\/wp-json\/wp\/v2\/posts"}],"about":[{"href":"https:\/\/www.organisator.ch\/fr\/wp-json\/wp\/v2\/types\/post"}],"author":[{"embeddable":true,"href":"https:\/\/www.organisator.ch\/fr\/wp-json\/wp\/v2\/users\/4"}],"replies":[{"embeddable":true,"href":"https:\/\/www.organisator.ch\/fr\/wp-json\/wp\/v2\/comments?post=47088"}],"version-history":[{"count":4,"href":"https:\/\/www.organisator.ch\/fr\/wp-json\/wp\/v2\/posts\/47088\/revisions"}],"predecessor-version":[{"id":47198,"href":"https:\/\/www.organisator.ch\/fr\/wp-json\/wp\/v2\/posts\/47088\/revisions\/47198"}],"wp:featuredmedia":[{"embeddable":true,"href":"https:\/\/www.organisator.ch\/fr\/wp-json\/wp\/v2\/media\/47090"}],"wp:attachment":[{"href":"https:\/\/www.organisator.ch\/fr\/wp-json\/wp\/v2\/media?parent=47088"}],"wp:term":[{"taxonomy":"category","embeddable":true,"href":"https:\/\/www.organisator.ch\/fr\/wp-json\/wp\/v2\/categories?post=47088"},{"taxonomy":"post_tag","embeddable":true,"href":"https:\/\/www.organisator.ch\/fr\/wp-json\/wp\/v2\/tags?post=47088"}],"curies":[{"name":"wp","href":"https:\/\/api.w.org\/{rel}","templated":true}]}}