{"id":4709,"date":"2019-01-03T11:11:12","date_gmt":"2019-01-03T10:11:12","guid":{"rendered":"https:\/\/www.organisator.ch\/?p=4709"},"modified":"2019-01-03T11:11:12","modified_gmt":"2019-01-03T10:11:12","slug":"steigende-nachfrage-coachingplus-erweitert-sein-ausbilderteam","status":"publish","type":"post","link":"https:\/\/www.organisator.ch\/fr\/allgemein\/2019-01-03\/steigende-nachfrage-coachingplus-erweitert-sein-ausbilderteam\/","title":{"rendered":"Demande croissante : Coachingplus \u00e9largit son \u00e9quipe de formateurs"},"content":{"rendered":"<figure id=\"attachment_4710\" aria-describedby=\"caption-attachment-4710\" style=\"width: 680px\" class=\"wp-caption alignnone\"><img loading=\"lazy\" decoding=\"async\" class=\"size-medium wp-image-4710\" src=\"https:\/\/www.organisator.ch\/wp-content\/uploads\/2019\/01\/Steigende-Nachfrage-Coachingplus-erweitert-sein-Ausbilderteam_Organisator.jpg\" alt=\"\" width=\"680\" height=\"316\" srcset=\"https:\/\/www.organisator.ch\/wp-content\/uploads\/2019\/01\/Steigende-Nachfrage-Coachingplus-erweitert-sein-Ausbilderteam_Organisator.jpg 680w, https:\/\/www.organisator.ch\/wp-content\/uploads\/2019\/01\/Steigende-Nachfrage-Coachingplus-erweitert-sein-Ausbilderteam_Organisator-16x7.jpg 16w, https:\/\/www.organisator.ch\/wp-content\/uploads\/2019\/01\/Steigende-Nachfrage-Coachingplus-erweitert-sein-Ausbilderteam_Organisator-375x175.jpg 375w, https:\/\/www.organisator.ch\/wp-content\/uploads\/2019\/01\/Steigende-Nachfrage-Coachingplus-erweitert-sein-Ausbilderteam_Organisator-300x139.jpg 300w\" sizes=\"auto, (max-width: 680px) 100vw, 680px\" \/><figcaption id=\"caption-attachment-4710\" class=\"wp-caption-text\">Elargissent l'\u00e9quipe de formation de Coachingplus : Claudia Edelmann (\u00e0 gauche) et Gabriele Schwieder. (Photo : zVg)<\/figcaption><\/figure>\n<p><span lang=\"DE\">18 ans de qualit\u00e9 constante en mati\u00e8re de formation et plus de 1 500 dipl\u00f4m\u00e9s tr\u00e8s satisfaits : Cela appelle un \u00e9largissement des ressources. <\/span>La demande constante et croissante pour la formation de mentor d'entreprise a \u00e9t\u00e9 le facteur d\u00e9cisif pour la mise au concours du poste : les formateurs recherch\u00e9s \u00e9taient des dipl\u00f4m\u00e9s en coaching SCA et\/ou en mentorat d'entreprise. Une bonne pratique du coaching ainsi qu'une exp\u00e9rience de plusieurs ann\u00e9es en tant que formateur ont \u00e9galement \u00e9t\u00e9 prises en compte dans les crit\u00e8res de s\u00e9lection. Coachingplus a finalement re\u00e7u 30 candidatures. \"Nous sommes tr\u00e8s heureux des nombreuses lettres re\u00e7ues\", rapporte le fondateur et propri\u00e9taire de l'entreprise, Urs R. B\u00e4rtschi, \"sur cette base, nous pouvons \u00e9largir de mani\u00e8re comp\u00e9tente notre \u00e9quipe de formateurs de haut niveau\".<\/p>\n<h2>Deux nouvelles formatrices<\/h2>\n<p>D\u00e8s \u00e0 pr\u00e9sent, Claudia Edelmann et Gabriele Schwieder viennent compl\u00e9ter l'\u00e9quipe de formateurs. Claudia Edelmann soutient les sp\u00e9cialistes et les cadres dans leur d\u00e9veloppement personnel et professionnel et accompagne les \u00e9quipes et les organisations dans les processus de changement. La propri\u00e9taire de Worklife GmbH est docteur en sciences de gestion, coach dipl\u00f4m\u00e9e SCA et accompagnatrice reconnue selon bp-mentor.ch. Elle enseigne \u00e9galement dans diff\u00e9rents \u00e9tablissements de formation. Elle suit actuellement une formation continue en gestion du changement et en d\u00e9veloppement organisationnel. \u00c0 partir de 2019, Claudia Edelmann assumera en outre des t\u00e2ches en tant qu'experte d'examen pour le mentorat en entreprise FA.<\/p>\n<p><b><\/b><b><\/b>Avant de se mettre \u00e0 son compte, Gabriele Schwieder a travaill\u00e9 comme conseill\u00e8re en ressources humaines, chasseuse de t\u00eates et responsable d'unit\u00e9. En tant que propri\u00e9taire de Schwieder GmbH Career Coaching &amp; HR Consulting, elle accompagne depuis 2011 des experts et des cadres en sa qualit\u00e9 de coach et de conseill\u00e8re. Titulaire d'un doctorat en sciences linguistiques et culturelles, elle intervient r\u00e9guli\u00e8rement en tant que charg\u00e9e de cours dans la formation des adultes. Gabriele Schwieder est en outre mentor d'entreprise f\u00e9d\u00e9rale FA.<\/p>\n<p>Chez Coachingplus, la volont\u00e9 de se d\u00e9velopper en permanence est une obligation : chaque nouveau formateur de s\u00e9minaire a d\u00e9j\u00e0 suivi une formation interne sur le tas, qui se poursuivra l'ann\u00e9e prochaine. Urs R. B\u00e4rtschi met ses connaissances en mati\u00e8re de coaching et ses comp\u00e9tences en mati\u00e8re de formation \u00e0 la disposition des trois nouvelles recrues.<\/p>\n<h2>Une \u00e9quipe qui a fait ses preuves<\/h2>\n<p>Les formateurs actuels continuent \u00e0 travailler pour Coachingplus : Thomas K\u00fcmmerli est depuis 2014 formateur de s\u00e9minaires \u00e0 temps partiel chez Coachingplus. Il \u00e9largit d\u00e9sormais son temps de travail et son programme de formation avec le coaching d'\u00e9quipe et le coaching de carri\u00e8re. En tant que formateur, ce technicien en \u00e9conomie SVTS s'appuie sur son exp\u00e9rience de sup\u00e9rieur hi\u00e9rarchique, de conseiller et de chef de projet. Le responsable RH et coach dipl\u00f4m\u00e9 SCA est propri\u00e9taire de Coaching K\u00fcmmerli GmbH et accompagnateur reconnu selon bp-mentor.ch. <b><\/b><span lang=\"DE\">Ruth B\u00e4rtschi fait partie de l'\u00e9quipe de formation en permanence depuis 2006. Cette enseignante exp\u00e9riment\u00e9e est la fondatrice et la directrice de l'Acad\u00e9mie de psychologie individuelle AFI, conseill\u00e8re dipl\u00f4m\u00e9e en psychologie individuelle RDI, conseill\u00e8re dans le domaine psychosocial avec dipl\u00f4me f\u00e9d\u00e9ral, superviseur et superviseur p\u00e9dagogique SGfB. <\/span>Et Urs R. B\u00e4rtschi (coach avec dipl\u00f4me f\u00e9d\u00e9ral), en tant que fondateur et propri\u00e9taire de Coachingplus GmbH, en assure la direction g\u00e9n\u00e9rale et enseigne le cursus de 10 jours pour le coaching appliqu\u00e9, ainsi que diff\u00e9rents modules lors de la formation de mentor en entreprise.<\/p>\n<p><em><a href=\"https:\/\/coachingplus.ch\/\">Plus d'informations<\/a><\/em><\/p>","protected":false},"excerpt":{"rendered":"<p>18 Jahre konstante Ausbildungs-Qualit\u00e4t und mehr als 1\u2019500 topzufriedene Absolventen: Dies ruft nach Erweiterung der Ressourcen. Die stetige und erh\u00f6hte Nachfrage nach der Ausbildung zum betrieblichen Mentor FA gab den Ausschlag f\u00fcr die Stellenausschreibung: Gesucht wurden Seminartrainer mit Abschluss als Diplom-Coach SCA und\/oder Betrieblicher Mentor FA. Eine gutgehende Coaching-Praxis sowie eine mehrj\u00e4hrige Trainerpraxis flossen ausserdem [&hellip;]<\/p>\n","protected":false},"author":4,"featured_media":4710,"comment_status":"open","ping_status":"open","sticky":false,"template":"","format":"standard","meta":{"_acf_changed":false,"_yoast_wpseo_focuskw":"Coachingplus","_yoast_wpseo_metadesc":"Coachingplus ist ein namhafter und qualifizierter Anbieter f\u00fcr Coachingausbildung in der Schweiz. Das Unternehmen hat k\u00fcrzlich das Ausbilder-Team erweitert.","articlekey":"","footnotes":""},"categories":[1],"tags":[62,126,492],"class_list":["post-4709","post","type-post","status-publish","format-standard","has-post-thumbnail","hentry","category-allgemein","tag-aus-weiterbildung","tag-coaching","tag-unternehmen"],"acf":[],"yoast_head":"<!-- This site is optimized with the Yoast SEO plugin v27.5 - https:\/\/yoast.com\/product\/yoast-seo-wordpress\/ -->\n<title>Steigende Nachfrage: Coachingplus erweitert sein Ausbilderteam - Organisator<\/title>\n<meta name=\"description\" content=\"Coachingplus ist ein namhafter und qualifizierter Anbieter f\u00fcr Coachingausbildung in der Schweiz. Das Unternehmen hat k\u00fcrzlich das Ausbilder-Team erweitert.\" \/>\n<meta name=\"robots\" content=\"index, follow, max-snippet:-1, max-image-preview:large, max-video-preview:-1\" \/>\n<link rel=\"canonical\" href=\"https:\/\/www.organisator.ch\/fr\/general\/2019-01-03\/steigende-nachfrage-coachingplus-erweitert-sein-ausbilderteam\/\" \/>\n<meta property=\"og:locale\" content=\"fr_FR\" \/>\n<meta property=\"og:type\" content=\"article\" \/>\n<meta property=\"og:title\" content=\"Steigende Nachfrage: Coachingplus erweitert sein Ausbilderteam\" \/>\n<meta property=\"og:description\" content=\"Coachingplus ist ein namhafter und qualifizierter Anbieter f\u00fcr Coachingausbildung in der Schweiz. Das Unternehmen hat k\u00fcrzlich das Ausbilder-Team erweitert.\" \/>\n<meta property=\"og:url\" content=\"https:\/\/www.organisator.ch\/fr\/general\/2019-01-03\/steigende-nachfrage-coachingplus-erweitert-sein-ausbilderteam\/\" \/>\n<meta property=\"og:site_name\" content=\"Organisator\" \/>\n<meta property=\"article:publisher\" content=\"https:\/\/www.facebook.com\/OrganisatorFachmagazin\" \/>\n<meta property=\"article:published_time\" content=\"2019-01-03T10:11:12+00:00\" \/>\n<meta property=\"og:image\" content=\"https:\/\/www.organisator.ch\/wp-content\/uploads\/2019\/01\/Steigende-Nachfrage-Coachingplus-erweitert-sein-Ausbilderteam_Organisator.jpg\" \/>\n\t<meta property=\"og:image:width\" content=\"680\" \/>\n\t<meta property=\"og:image:height\" content=\"316\" \/>\n\t<meta property=\"og:image:type\" content=\"image\/jpeg\" \/>\n<meta name=\"author\" content=\"thomas.berner\" \/>\n<meta name=\"twitter:card\" content=\"summary_large_image\" \/>\n<meta name=\"twitter:title\" content=\"Steigende Nachfrage: #Coachingplus erweitert sein Ausbilderteam\" \/>\n<meta name=\"twitter:description\" content=\"#Coachingplus ist ein namhafter und qualifizierter Anbieter f\u00fcr Coachingausbildung in der Schweiz. Das Unternehmen hat k\u00fcrzlich das Ausbilder-Team erweitert.\" \/>\n<meta name=\"twitter:image\" content=\"https:\/\/www.organisator.ch\/wp-content\/uploads\/2019\/01\/Steigende-Nachfrage-Coachingplus-erweitert-sein-Ausbilderteam_Organisator.jpg\" \/>\n<script type=\"application\/ld+json\" class=\"yoast-schema-graph\">{\"@context\":\"https:\\\/\\\/schema.org\",\"@graph\":[{\"@type\":\"Article\",\"@id\":\"https:\\\/\\\/www.organisator.ch\\\/de\\\/allgemein\\\/2019-01-03\\\/steigende-nachfrage-coachingplus-erweitert-sein-ausbilderteam\\\/#article\",\"isPartOf\":{\"@id\":\"https:\\\/\\\/www.organisator.ch\\\/de\\\/allgemein\\\/2019-01-03\\\/steigende-nachfrage-coachingplus-erweitert-sein-ausbilderteam\\\/\"},\"author\":{\"name\":\"thomas.berner\",\"@id\":\"https:\\\/\\\/www.organisator.ch\\\/#\\\/schema\\\/person\\\/6f650f90b2842cd4c0cc334b4e36f67e\"},\"headline\":\"Steigende Nachfrage: Coachingplus erweitert sein Ausbilderteam\",\"datePublished\":\"2019-01-03T10:11:12+00:00\",\"mainEntityOfPage\":{\"@id\":\"https:\\\/\\\/www.organisator.ch\\\/de\\\/allgemein\\\/2019-01-03\\\/steigende-nachfrage-coachingplus-erweitert-sein-ausbilderteam\\\/\"},\"wordCount\":472,\"commentCount\":1,\"publisher\":{\"@id\":\"https:\\\/\\\/www.organisator.ch\\\/#organization\"},\"image\":{\"@id\":\"https:\\\/\\\/www.organisator.ch\\\/de\\\/allgemein\\\/2019-01-03\\\/steigende-nachfrage-coachingplus-erweitert-sein-ausbilderteam\\\/#primaryimage\"},\"thumbnailUrl\":\"https:\\\/\\\/www.organisator.ch\\\/wp-content\\\/uploads\\\/2019\\\/01\\\/Steigende-Nachfrage-Coachingplus-erweitert-sein-Ausbilderteam_Organisator.jpg\",\"keywords\":[\"Aus-\\\/Weiterbildung\",\"Coaching\",\"Unternehmen\"],\"articleSection\":[\"Allgemein\"],\"inLanguage\":\"fr-FR\"},{\"@type\":\"WebPage\",\"@id\":\"https:\\\/\\\/www.organisator.ch\\\/de\\\/allgemein\\\/2019-01-03\\\/steigende-nachfrage-coachingplus-erweitert-sein-ausbilderteam\\\/\",\"url\":\"https:\\\/\\\/www.organisator.ch\\\/de\\\/allgemein\\\/2019-01-03\\\/steigende-nachfrage-coachingplus-erweitert-sein-ausbilderteam\\\/\",\"name\":\"Steigende Nachfrage: Coachingplus erweitert sein Ausbilderteam - Organisator\",\"isPartOf\":{\"@id\":\"https:\\\/\\\/www.organisator.ch\\\/#website\"},\"primaryImageOfPage\":{\"@id\":\"https:\\\/\\\/www.organisator.ch\\\/de\\\/allgemein\\\/2019-01-03\\\/steigende-nachfrage-coachingplus-erweitert-sein-ausbilderteam\\\/#primaryimage\"},\"image\":{\"@id\":\"https:\\\/\\\/www.organisator.ch\\\/de\\\/allgemein\\\/2019-01-03\\\/steigende-nachfrage-coachingplus-erweitert-sein-ausbilderteam\\\/#primaryimage\"},\"thumbnailUrl\":\"https:\\\/\\\/www.organisator.ch\\\/wp-content\\\/uploads\\\/2019\\\/01\\\/Steigende-Nachfrage-Coachingplus-erweitert-sein-Ausbilderteam_Organisator.jpg\",\"datePublished\":\"2019-01-03T10:11:12+00:00\",\"description\":\"Coachingplus ist ein namhafter und qualifizierter Anbieter f\u00fcr Coachingausbildung in der Schweiz. Das Unternehmen hat k\u00fcrzlich das Ausbilder-Team erweitert.\",\"breadcrumb\":{\"@id\":\"https:\\\/\\\/www.organisator.ch\\\/de\\\/allgemein\\\/2019-01-03\\\/steigende-nachfrage-coachingplus-erweitert-sein-ausbilderteam\\\/#breadcrumb\"},\"inLanguage\":\"fr-FR\",\"potentialAction\":[{\"@type\":\"ReadAction\",\"target\":[\"https:\\\/\\\/www.organisator.ch\\\/de\\\/allgemein\\\/2019-01-03\\\/steigende-nachfrage-coachingplus-erweitert-sein-ausbilderteam\\\/\"]}]},{\"@type\":\"ImageObject\",\"inLanguage\":\"fr-FR\",\"@id\":\"https:\\\/\\\/www.organisator.ch\\\/de\\\/allgemein\\\/2019-01-03\\\/steigende-nachfrage-coachingplus-erweitert-sein-ausbilderteam\\\/#primaryimage\",\"url\":\"https:\\\/\\\/www.organisator.ch\\\/wp-content\\\/uploads\\\/2019\\\/01\\\/Steigende-Nachfrage-Coachingplus-erweitert-sein-Ausbilderteam_Organisator.jpg\",\"contentUrl\":\"https:\\\/\\\/www.organisator.ch\\\/wp-content\\\/uploads\\\/2019\\\/01\\\/Steigende-Nachfrage-Coachingplus-erweitert-sein-Ausbilderteam_Organisator.jpg\",\"width\":680,\"height\":316,\"caption\":\"Erweitern das Ausbildungsteam von Coachingplus: Claudia Edelmann (links) und Gabriele Schwieder. (Bild: zVg)\"},{\"@type\":\"BreadcrumbList\",\"@id\":\"https:\\\/\\\/www.organisator.ch\\\/de\\\/allgemein\\\/2019-01-03\\\/steigende-nachfrage-coachingplus-erweitert-sein-ausbilderteam\\\/#breadcrumb\",\"itemListElement\":[{\"@type\":\"ListItem\",\"position\":1,\"name\":\"Home\",\"item\":\"https:\\\/\\\/www.organisator.ch\\\/\"},{\"@type\":\"ListItem\",\"position\":2,\"name\":\"Steigende Nachfrage: Coachingplus erweitert sein Ausbilderteam\"}]},{\"@type\":\"WebSite\",\"@id\":\"https:\\\/\\\/www.organisator.ch\\\/#website\",\"url\":\"https:\\\/\\\/www.organisator.ch\\\/\",\"name\":\"Organisator\",\"description\":\"Kompetent. Praxisnah. Der ORGANISATOR bereitet in 10 Ausgaben pro Jahr die wesentlichen Themen f\u00fcr F\u00fchrungskr\u00e4fte von KMU auf.\",\"publisher\":{\"@id\":\"https:\\\/\\\/www.organisator.ch\\\/#organization\"},\"potentialAction\":[{\"@type\":\"SearchAction\",\"target\":{\"@type\":\"EntryPoint\",\"urlTemplate\":\"https:\\\/\\\/www.organisator.ch\\\/?s={search_term_string}\"},\"query-input\":{\"@type\":\"PropertyValueSpecification\",\"valueRequired\":true,\"valueName\":\"search_term_string\"}}],\"inLanguage\":\"fr-FR\"},{\"@type\":\"Organization\",\"@id\":\"https:\\\/\\\/www.organisator.ch\\\/#organization\",\"name\":\"Organisator\",\"url\":\"https:\\\/\\\/www.organisator.ch\\\/\",\"logo\":{\"@type\":\"ImageObject\",\"inLanguage\":\"fr-FR\",\"@id\":\"https:\\\/\\\/www.organisator.ch\\\/#\\\/schema\\\/logo\\\/image\\\/\",\"url\":\"https:\\\/\\\/www.organisator.ch\\\/wp-content\\\/uploads\\\/2022\\\/01\\\/Logo_Organisator_Website.png\",\"contentUrl\":\"https:\\\/\\\/www.organisator.ch\\\/wp-content\\\/uploads\\\/2022\\\/01\\\/Logo_Organisator_Website.png\",\"width\":800,\"height\":77,\"caption\":\"Organisator\"},\"image\":{\"@id\":\"https:\\\/\\\/www.organisator.ch\\\/#\\\/schema\\\/logo\\\/image\\\/\"},\"sameAs\":[\"https:\\\/\\\/www.facebook.com\\\/OrganisatorFachmagazin\",\"https:\\\/\\\/www.linkedin.com\\\/showcase\\\/organisator-das-magazin-fr-kmu\",\"https:\\\/\\\/www.xing.com\\\/news\\\/pages\\\/organisator-ch-695\",\"https:\\\/\\\/www.youtube.com\\\/channel\\\/UCGP2Sq0iWaZwT3BdIAQFYpw\"]},{\"@type\":\"Person\",\"@id\":\"https:\\\/\\\/www.organisator.ch\\\/#\\\/schema\\\/person\\\/6f650f90b2842cd4c0cc334b4e36f67e\",\"name\":\"thomas.berner\",\"image\":{\"@type\":\"ImageObject\",\"inLanguage\":\"fr-FR\",\"@id\":\"https:\\\/\\\/secure.gravatar.com\\\/avatar\\\/ac5001d2a36cb6c6cd3e50789007ffca834b477b74a2144564522e944eabff61?s=96&d=mm&r=g\",\"url\":\"https:\\\/\\\/secure.gravatar.com\\\/avatar\\\/ac5001d2a36cb6c6cd3e50789007ffca834b477b74a2144564522e944eabff61?s=96&d=mm&r=g\",\"contentUrl\":\"https:\\\/\\\/secure.gravatar.com\\\/avatar\\\/ac5001d2a36cb6c6cd3e50789007ffca834b477b74a2144564522e944eabff61?s=96&d=mm&r=g\",\"caption\":\"thomas.berner\"},\"url\":\"https:\\\/\\\/www.organisator.ch\\\/fr\\\/author\\\/thomas-berner\\\/\"}]}<\/script>\n<!-- \/ Yoast SEO plugin. -->","yoast_head_json":{"title":"Demande croissante : Coachingplus \u00e9largit son \u00e9quipe de formateurs - Organisateur","description":"Coachingplus est un prestataire r\u00e9put\u00e9 et qualifi\u00e9 de formation en coaching en Suisse. L'entreprise a r\u00e9cemment \u00e9largi son \u00e9quipe de formateurs.","robots":{"index":"index","follow":"follow","max-snippet":"max-snippet:-1","max-image-preview":"max-image-preview:large","max-video-preview":"max-video-preview:-1"},"canonical":"https:\/\/www.organisator.ch\/fr\/general\/2019-01-03\/steigende-nachfrage-coachingplus-erweitert-sein-ausbilderteam\/","og_locale":"fr_FR","og_type":"article","og_title":"Steigende Nachfrage: Coachingplus erweitert sein Ausbilderteam","og_description":"Coachingplus ist ein namhafter und qualifizierter Anbieter f\u00fcr Coachingausbildung in der Schweiz. Das Unternehmen hat k\u00fcrzlich das Ausbilder-Team erweitert.","og_url":"https:\/\/www.organisator.ch\/fr\/general\/2019-01-03\/steigende-nachfrage-coachingplus-erweitert-sein-ausbilderteam\/","og_site_name":"Organisator","article_publisher":"https:\/\/www.facebook.com\/OrganisatorFachmagazin","article_published_time":"2019-01-03T10:11:12+00:00","og_image":[{"width":680,"height":316,"url":"https:\/\/www.organisator.ch\/wp-content\/uploads\/2019\/01\/Steigende-Nachfrage-Coachingplus-erweitert-sein-Ausbilderteam_Organisator.jpg","type":"image\/jpeg"}],"author":"thomas.berner","twitter_card":"summary_large_image","twitter_title":"Steigende Nachfrage: #Coachingplus erweitert sein Ausbilderteam","twitter_description":"#Coachingplus ist ein namhafter und qualifizierter Anbieter f\u00fcr Coachingausbildung in der Schweiz. Das Unternehmen hat k\u00fcrzlich das Ausbilder-Team erweitert.","twitter_image":"https:\/\/www.organisator.ch\/wp-content\/uploads\/2019\/01\/Steigende-Nachfrage-Coachingplus-erweitert-sein-Ausbilderteam_Organisator.jpg","schema":{"@context":"https:\/\/schema.org","@graph":[{"@type":"Article","@id":"https:\/\/www.organisator.ch\/de\/allgemein\/2019-01-03\/steigende-nachfrage-coachingplus-erweitert-sein-ausbilderteam\/#article","isPartOf":{"@id":"https:\/\/www.organisator.ch\/de\/allgemein\/2019-01-03\/steigende-nachfrage-coachingplus-erweitert-sein-ausbilderteam\/"},"author":{"name":"thomas.berner","@id":"https:\/\/www.organisator.ch\/#\/schema\/person\/6f650f90b2842cd4c0cc334b4e36f67e"},"headline":"Steigende Nachfrage: Coachingplus erweitert sein Ausbilderteam","datePublished":"2019-01-03T10:11:12+00:00","mainEntityOfPage":{"@id":"https:\/\/www.organisator.ch\/de\/allgemein\/2019-01-03\/steigende-nachfrage-coachingplus-erweitert-sein-ausbilderteam\/"},"wordCount":472,"commentCount":1,"publisher":{"@id":"https:\/\/www.organisator.ch\/#organization"},"image":{"@id":"https:\/\/www.organisator.ch\/de\/allgemein\/2019-01-03\/steigende-nachfrage-coachingplus-erweitert-sein-ausbilderteam\/#primaryimage"},"thumbnailUrl":"https:\/\/www.organisator.ch\/wp-content\/uploads\/2019\/01\/Steigende-Nachfrage-Coachingplus-erweitert-sein-Ausbilderteam_Organisator.jpg","keywords":["Aus-\/Weiterbildung","Coaching","Unternehmen"],"articleSection":["Allgemein"],"inLanguage":"fr-FR"},{"@type":"WebPage","@id":"https:\/\/www.organisator.ch\/de\/allgemein\/2019-01-03\/steigende-nachfrage-coachingplus-erweitert-sein-ausbilderteam\/","url":"https:\/\/www.organisator.ch\/de\/allgemein\/2019-01-03\/steigende-nachfrage-coachingplus-erweitert-sein-ausbilderteam\/","name":"Demande croissante : Coachingplus \u00e9largit son \u00e9quipe de formateurs - Organisateur","isPartOf":{"@id":"https:\/\/www.organisator.ch\/#website"},"primaryImageOfPage":{"@id":"https:\/\/www.organisator.ch\/de\/allgemein\/2019-01-03\/steigende-nachfrage-coachingplus-erweitert-sein-ausbilderteam\/#primaryimage"},"image":{"@id":"https:\/\/www.organisator.ch\/de\/allgemein\/2019-01-03\/steigende-nachfrage-coachingplus-erweitert-sein-ausbilderteam\/#primaryimage"},"thumbnailUrl":"https:\/\/www.organisator.ch\/wp-content\/uploads\/2019\/01\/Steigende-Nachfrage-Coachingplus-erweitert-sein-Ausbilderteam_Organisator.jpg","datePublished":"2019-01-03T10:11:12+00:00","description":"Coachingplus est un prestataire r\u00e9put\u00e9 et qualifi\u00e9 de formation en coaching en Suisse. L'entreprise a r\u00e9cemment \u00e9largi son \u00e9quipe de formateurs.","breadcrumb":{"@id":"https:\/\/www.organisator.ch\/de\/allgemein\/2019-01-03\/steigende-nachfrage-coachingplus-erweitert-sein-ausbilderteam\/#breadcrumb"},"inLanguage":"fr-FR","potentialAction":[{"@type":"ReadAction","target":["https:\/\/www.organisator.ch\/de\/allgemein\/2019-01-03\/steigende-nachfrage-coachingplus-erweitert-sein-ausbilderteam\/"]}]},{"@type":"ImageObject","inLanguage":"fr-FR","@id":"https:\/\/www.organisator.ch\/de\/allgemein\/2019-01-03\/steigende-nachfrage-coachingplus-erweitert-sein-ausbilderteam\/#primaryimage","url":"https:\/\/www.organisator.ch\/wp-content\/uploads\/2019\/01\/Steigende-Nachfrage-Coachingplus-erweitert-sein-Ausbilderteam_Organisator.jpg","contentUrl":"https:\/\/www.organisator.ch\/wp-content\/uploads\/2019\/01\/Steigende-Nachfrage-Coachingplus-erweitert-sein-Ausbilderteam_Organisator.jpg","width":680,"height":316,"caption":"Erweitern das Ausbildungsteam von Coachingplus: Claudia Edelmann (links) und Gabriele Schwieder. (Bild: zVg)"},{"@type":"BreadcrumbList","@id":"https:\/\/www.organisator.ch\/de\/allgemein\/2019-01-03\/steigende-nachfrage-coachingplus-erweitert-sein-ausbilderteam\/#breadcrumb","itemListElement":[{"@type":"ListItem","position":1,"name":"Home","item":"https:\/\/www.organisator.ch\/"},{"@type":"ListItem","position":2,"name":"Steigende Nachfrage: Coachingplus erweitert sein Ausbilderteam"}]},{"@type":"WebSite","@id":"https:\/\/www.organisator.ch\/#website","url":"https:\/\/www.organisator.ch\/","name":"Organisateur","description":"Comp\u00e9tence et comp\u00e9tence. Proches de la pratique. L'ORGANISATEUR pr\u00e9pare 10 num\u00e9ros par an sur les th\u00e8mes essentiels pour les dirigeants de PME.","publisher":{"@id":"https:\/\/www.organisator.ch\/#organization"},"potentialAction":[{"@type":"SearchAction","target":{"@type":"EntryPoint","urlTemplate":"https:\/\/www.organisator.ch\/?s={search_term_string}"},"query-input":{"@type":"PropertyValueSpecification","valueRequired":true,"valueName":"search_term_string"}}],"inLanguage":"fr-FR"},{"@type":"Organization","@id":"https:\/\/www.organisator.ch\/#organization","name":"Organisateur","url":"https:\/\/www.organisator.ch\/","logo":{"@type":"ImageObject","inLanguage":"fr-FR","@id":"https:\/\/www.organisator.ch\/#\/schema\/logo\/image\/","url":"https:\/\/www.organisator.ch\/wp-content\/uploads\/2022\/01\/Logo_Organisator_Website.png","contentUrl":"https:\/\/www.organisator.ch\/wp-content\/uploads\/2022\/01\/Logo_Organisator_Website.png","width":800,"height":77,"caption":"Organisator"},"image":{"@id":"https:\/\/www.organisator.ch\/#\/schema\/logo\/image\/"},"sameAs":["https:\/\/www.facebook.com\/OrganisatorFachmagazin","https:\/\/www.linkedin.com\/showcase\/organisator-das-magazin-fr-kmu","https:\/\/www.xing.com\/news\/pages\/organisator-ch-695","https:\/\/www.youtube.com\/channel\/UCGP2Sq0iWaZwT3BdIAQFYpw"]},{"@type":"Person","@id":"https:\/\/www.organisator.ch\/#\/schema\/person\/6f650f90b2842cd4c0cc334b4e36f67e","name":"thomas.berner","image":{"@type":"ImageObject","inLanguage":"fr-FR","@id":"https:\/\/secure.gravatar.com\/avatar\/ac5001d2a36cb6c6cd3e50789007ffca834b477b74a2144564522e944eabff61?s=96&d=mm&r=g","url":"https:\/\/secure.gravatar.com\/avatar\/ac5001d2a36cb6c6cd3e50789007ffca834b477b74a2144564522e944eabff61?s=96&d=mm&r=g","contentUrl":"https:\/\/secure.gravatar.com\/avatar\/ac5001d2a36cb6c6cd3e50789007ffca834b477b74a2144564522e944eabff61?s=96&d=mm&r=g","caption":"thomas.berner"},"url":"https:\/\/www.organisator.ch\/fr\/author\/thomas-berner\/"}]}},"_links":{"self":[{"href":"https:\/\/www.organisator.ch\/fr\/wp-json\/wp\/v2\/posts\/4709","targetHints":{"allow":["GET"]}}],"collection":[{"href":"https:\/\/www.organisator.ch\/fr\/wp-json\/wp\/v2\/posts"}],"about":[{"href":"https:\/\/www.organisator.ch\/fr\/wp-json\/wp\/v2\/types\/post"}],"author":[{"embeddable":true,"href":"https:\/\/www.organisator.ch\/fr\/wp-json\/wp\/v2\/users\/4"}],"replies":[{"embeddable":true,"href":"https:\/\/www.organisator.ch\/fr\/wp-json\/wp\/v2\/comments?post=4709"}],"version-history":[{"count":0,"href":"https:\/\/www.organisator.ch\/fr\/wp-json\/wp\/v2\/posts\/4709\/revisions"}],"wp:featuredmedia":[{"embeddable":true,"href":"https:\/\/www.organisator.ch\/fr\/wp-json\/wp\/v2\/media\/4710"}],"wp:attachment":[{"href":"https:\/\/www.organisator.ch\/fr\/wp-json\/wp\/v2\/media?parent=4709"}],"wp:term":[{"taxonomy":"category","embeddable":true,"href":"https:\/\/www.organisator.ch\/fr\/wp-json\/wp\/v2\/categories?post=4709"},{"taxonomy":"post_tag","embeddable":true,"href":"https:\/\/www.organisator.ch\/fr\/wp-json\/wp\/v2\/tags?post=4709"}],"curies":[{"name":"wp","href":"https:\/\/api.w.org\/{rel}","templated":true}]}}