{"id":47116,"date":"2026-04-21T21:22:26","date_gmt":"2026-04-21T19:22:26","guid":{"rendered":"https:\/\/www.organisator.ch\/de\/?p=47116"},"modified":"2026-04-10T07:29:11","modified_gmt":"2026-04-10T05:29:11","slug":"fuehrung-verteilen-statt-ueberladen","status":"publish","type":"post","link":"https:\/\/www.organisator.ch\/fr\/management\/2026-04-21\/fuehrung-verteilen-statt-ueberladen\/","title":{"rendered":"R\u00e9partir le leadership au lieu de le surcharger"},"content":{"rendered":"<div class=\"swpm-post-not-logged-in-msg\">Vous devez \u00eatre connect\u00e9 pour voir ce contenu. Veuillez <a class=\"swpm-login-link\" href=\"https:\/\/www.organisator.ch\/login\/\">Se connecter<\/a>. Pas un membre ? <a href=\"https:\/\/www.organisator.ch\/shop\/\">Nous Rejoindre<\/a><\/div>","protected":false},"excerpt":{"rendered":"<p>Autrefois, la position hi\u00e9rarchique et les comp\u00e9tences professionnelles co\u00efncidaient souvent avec une seule personne. Aujourd'hui, c'est diff\u00e9rent. Les raisons pour lesquelles une seule personne ne suffit plus sont discut\u00e9es dans les paragraphes suivants.<\/p>","protected":false},"author":107,"featured_media":47115,"comment_status":"closed","ping_status":"closed","sticky":false,"template":"","format":"standard","meta":{"_acf_changed":false,"_yoast_wpseo_focuskw":"geteilte F\u00fchrung","_yoast_wpseo_metadesc":"Geteilte F\u00fchrung ist die Antwort auf \u00fcberlastete F\u00fchrungspersonen. Verankern Sie Verantwortung im Team f\u00fcr bessere Entscheidungen.","articlekey":"","footnotes":""},"categories":[578,28],"tags":[320,335,429],"class_list":["post-47116","post","type-post","status-publish","format-standard","has-post-thumbnail","hentry","category-abo","category-management","tag-leadership","tag-management-und-unternehmensfuehrung","tag-selbstmanagement"],"acf":[],"yoast_head":"<!-- This site is optimized with the Yoast SEO plugin v27.4 - https:\/\/yoast.com\/product\/yoast-seo-wordpress\/ -->\n<title>F\u00fchrung verteilen statt \u00fcberladen - Organisator<\/title>\n<meta name=\"description\" content=\"Geteilte F\u00fchrung ist die Antwort auf \u00fcberlastete F\u00fchrungspersonen. Verankern Sie Verantwortung im Team f\u00fcr bessere Entscheidungen.\" \/>\n<meta name=\"robots\" content=\"index, follow, max-snippet:-1, max-image-preview:large, max-video-preview:-1\" \/>\n<link rel=\"canonical\" href=\"https:\/\/www.organisator.ch\/fr\/gestion-2\/2026-04-21\/fuehrung-verteilen-statt-ueberladen\/\" \/>\n<meta property=\"og:locale\" content=\"fr_FR\" \/>\n<meta property=\"og:type\" content=\"article\" \/>\n<meta property=\"og:title\" content=\"F\u00fchrung verteilen statt \u00fcberladen - Organisator\" \/>\n<meta property=\"og:description\" content=\"Geteilte F\u00fchrung ist die Antwort auf \u00fcberlastete F\u00fchrungspersonen. Verankern Sie Verantwortung im Team f\u00fcr bessere Entscheidungen.\" \/>\n<meta property=\"og:url\" content=\"https:\/\/www.organisator.ch\/fr\/gestion-2\/2026-04-21\/fuehrung-verteilen-statt-ueberladen\/\" \/>\n<meta property=\"og:site_name\" content=\"Organisator\" \/>\n<meta property=\"article:publisher\" content=\"https:\/\/www.facebook.com\/OrganisatorFachmagazin\" \/>\n<meta property=\"article:published_time\" content=\"2026-04-21T19:22:26+00:00\" \/>\n<meta property=\"og:image\" content=\"https:\/\/www.organisator.ch\/wp-content\/uploads\/2026\/04\/Management_Byland_Bild_organisator_247902-scaled.jpg\" \/>\n\t<meta property=\"og:image:width\" content=\"1400\" \/>\n\t<meta property=\"og:image:height\" content=\"849\" \/>\n\t<meta property=\"og:image:type\" content=\"image\/jpeg\" \/>\n<meta name=\"author\" content=\"n8n\" \/>\n<meta name=\"twitter:card\" content=\"summary_large_image\" \/>\n<script type=\"application\/ld+json\" class=\"yoast-schema-graph\">{\"@context\":\"https:\\\/\\\/schema.org\",\"@graph\":[{\"@type\":\"Article\",\"@id\":\"https:\\\/\\\/www.organisator.ch\\\/management\\\/2026-04-21\\\/fuehrung-verteilen-statt-ueberladen\\\/#article\",\"isPartOf\":{\"@id\":\"https:\\\/\\\/www.organisator.ch\\\/management\\\/2026-04-21\\\/fuehrung-verteilen-statt-ueberladen\\\/\"},\"author\":{\"name\":\"n8n\",\"@id\":\"https:\\\/\\\/www.organisator.ch\\\/#\\\/schema\\\/person\\\/a9d0e0eff238db87a8f840f3b50359f0\"},\"headline\":\"F\u00fchrung verteilen statt \u00fcberladen\",\"datePublished\":\"2026-04-21T19:22:26+00:00\",\"mainEntityOfPage\":{\"@id\":\"https:\\\/\\\/www.organisator.ch\\\/management\\\/2026-04-21\\\/fuehrung-verteilen-statt-ueberladen\\\/\"},\"wordCount\":1202,\"publisher\":{\"@id\":\"https:\\\/\\\/www.organisator.ch\\\/#organization\"},\"image\":{\"@id\":\"https:\\\/\\\/www.organisator.ch\\\/management\\\/2026-04-21\\\/fuehrung-verteilen-statt-ueberladen\\\/#primaryimage\"},\"thumbnailUrl\":\"https:\\\/\\\/www.organisator.ch\\\/wp-content\\\/uploads\\\/2026\\\/04\\\/Management_Byland_Bild_organisator_247902-scaled.jpg\",\"keywords\":[\"Leadership\",\"Management und Unternehmensf\u00fchrung\",\"Selbstmanagement\"],\"articleSection\":[\"ABO+\",\"MANAGEMENT\"],\"inLanguage\":\"fr-FR\"},{\"@type\":\"WebPage\",\"@id\":\"https:\\\/\\\/www.organisator.ch\\\/management\\\/2026-04-21\\\/fuehrung-verteilen-statt-ueberladen\\\/\",\"url\":\"https:\\\/\\\/www.organisator.ch\\\/management\\\/2026-04-21\\\/fuehrung-verteilen-statt-ueberladen\\\/\",\"name\":\"F\u00fchrung verteilen statt \u00fcberladen - Organisator\",\"isPartOf\":{\"@id\":\"https:\\\/\\\/www.organisator.ch\\\/#website\"},\"primaryImageOfPage\":{\"@id\":\"https:\\\/\\\/www.organisator.ch\\\/management\\\/2026-04-21\\\/fuehrung-verteilen-statt-ueberladen\\\/#primaryimage\"},\"image\":{\"@id\":\"https:\\\/\\\/www.organisator.ch\\\/management\\\/2026-04-21\\\/fuehrung-verteilen-statt-ueberladen\\\/#primaryimage\"},\"thumbnailUrl\":\"https:\\\/\\\/www.organisator.ch\\\/wp-content\\\/uploads\\\/2026\\\/04\\\/Management_Byland_Bild_organisator_247902-scaled.jpg\",\"datePublished\":\"2026-04-21T19:22:26+00:00\",\"description\":\"Geteilte F\u00fchrung ist die Antwort auf \u00fcberlastete F\u00fchrungspersonen. Verankern Sie Verantwortung im Team f\u00fcr bessere Entscheidungen.\",\"breadcrumb\":{\"@id\":\"https:\\\/\\\/www.organisator.ch\\\/management\\\/2026-04-21\\\/fuehrung-verteilen-statt-ueberladen\\\/#breadcrumb\"},\"inLanguage\":\"fr-FR\",\"potentialAction\":[{\"@type\":\"ReadAction\",\"target\":[\"https:\\\/\\\/www.organisator.ch\\\/management\\\/2026-04-21\\\/fuehrung-verteilen-statt-ueberladen\\\/\"]}]},{\"@type\":\"ImageObject\",\"inLanguage\":\"fr-FR\",\"@id\":\"https:\\\/\\\/www.organisator.ch\\\/management\\\/2026-04-21\\\/fuehrung-verteilen-statt-ueberladen\\\/#primaryimage\",\"url\":\"https:\\\/\\\/www.organisator.ch\\\/wp-content\\\/uploads\\\/2026\\\/04\\\/Management_Byland_Bild_organisator_247902-scaled.jpg\",\"contentUrl\":\"https:\\\/\\\/www.organisator.ch\\\/wp-content\\\/uploads\\\/2026\\\/04\\\/Management_Byland_Bild_organisator_247902-scaled.jpg\",\"width\":1400,\"height\":849,\"caption\":\"F\u00fchrung und Entscheidungen zu teilen, ist ein vielversprechendes Modell. \u00a9 Depositphotos.com\"},{\"@type\":\"BreadcrumbList\",\"@id\":\"https:\\\/\\\/www.organisator.ch\\\/management\\\/2026-04-21\\\/fuehrung-verteilen-statt-ueberladen\\\/#breadcrumb\",\"itemListElement\":[{\"@type\":\"ListItem\",\"position\":1,\"name\":\"Home\",\"item\":\"https:\\\/\\\/www.organisator.ch\\\/\"},{\"@type\":\"ListItem\",\"position\":2,\"name\":\"F\u00fchrung verteilen statt \u00fcberladen\"}]},{\"@type\":\"WebSite\",\"@id\":\"https:\\\/\\\/www.organisator.ch\\\/#website\",\"url\":\"https:\\\/\\\/www.organisator.ch\\\/\",\"name\":\"Organisator\",\"description\":\"Kompetent. Praxisnah. Der ORGANISATOR bereitet in 10 Ausgaben pro Jahr die wesentlichen Themen f\u00fcr F\u00fchrungskr\u00e4fte von KMU auf.\",\"publisher\":{\"@id\":\"https:\\\/\\\/www.organisator.ch\\\/#organization\"},\"potentialAction\":[{\"@type\":\"SearchAction\",\"target\":{\"@type\":\"EntryPoint\",\"urlTemplate\":\"https:\\\/\\\/www.organisator.ch\\\/?s={search_term_string}\"},\"query-input\":{\"@type\":\"PropertyValueSpecification\",\"valueRequired\":true,\"valueName\":\"search_term_string\"}}],\"inLanguage\":\"fr-FR\"},{\"@type\":\"Organization\",\"@id\":\"https:\\\/\\\/www.organisator.ch\\\/#organization\",\"name\":\"Organisator\",\"url\":\"https:\\\/\\\/www.organisator.ch\\\/\",\"logo\":{\"@type\":\"ImageObject\",\"inLanguage\":\"fr-FR\",\"@id\":\"https:\\\/\\\/www.organisator.ch\\\/#\\\/schema\\\/logo\\\/image\\\/\",\"url\":\"https:\\\/\\\/www.organisator.ch\\\/wp-content\\\/uploads\\\/2022\\\/01\\\/Logo_Organisator_Website.png\",\"contentUrl\":\"https:\\\/\\\/www.organisator.ch\\\/wp-content\\\/uploads\\\/2022\\\/01\\\/Logo_Organisator_Website.png\",\"width\":800,\"height\":77,\"caption\":\"Organisator\"},\"image\":{\"@id\":\"https:\\\/\\\/www.organisator.ch\\\/#\\\/schema\\\/logo\\\/image\\\/\"},\"sameAs\":[\"https:\\\/\\\/www.facebook.com\\\/OrganisatorFachmagazin\",\"https:\\\/\\\/www.linkedin.com\\\/showcase\\\/organisator-das-magazin-fr-kmu\",\"https:\\\/\\\/www.xing.com\\\/news\\\/pages\\\/organisator-ch-695\",\"https:\\\/\\\/www.youtube.com\\\/channel\\\/UCGP2Sq0iWaZwT3BdIAQFYpw\"]},{\"@type\":\"Person\",\"@id\":\"https:\\\/\\\/www.organisator.ch\\\/#\\\/schema\\\/person\\\/a9d0e0eff238db87a8f840f3b50359f0\",\"name\":\"n8n\",\"image\":{\"@type\":\"ImageObject\",\"inLanguage\":\"fr-FR\",\"@id\":\"https:\\\/\\\/secure.gravatar.com\\\/avatar\\\/5368fb9d03fd415a6f335cece4c15af2502d6ca8651efbd6e8f98427a9795400?s=96&d=mm&r=g\",\"url\":\"https:\\\/\\\/secure.gravatar.com\\\/avatar\\\/5368fb9d03fd415a6f335cece4c15af2502d6ca8651efbd6e8f98427a9795400?s=96&d=mm&r=g\",\"contentUrl\":\"https:\\\/\\\/secure.gravatar.com\\\/avatar\\\/5368fb9d03fd415a6f335cece4c15af2502d6ca8651efbd6e8f98427a9795400?s=96&d=mm&r=g\",\"caption\":\"n8n\"},\"url\":\"https:\\\/\\\/www.organisator.ch\\\/fr\\\/author\\\/n8n\\\/\"}]}<\/script>\n<!-- \/ Yoast SEO plugin. -->","yoast_head_json":{"title":"R\u00e9partir le leadership au lieu de le surcharger - Organisateur","description":"Le leadership partag\u00e9 est la r\u00e9ponse aux dirigeants surcharg\u00e9s. Ancrez la responsabilit\u00e9 dans l'\u00e9quipe pour de meilleures d\u00e9cisions.","robots":{"index":"index","follow":"follow","max-snippet":"max-snippet:-1","max-image-preview":"max-image-preview:large","max-video-preview":"max-video-preview:-1"},"canonical":"https:\/\/www.organisator.ch\/fr\/gestion-2\/2026-04-21\/fuehrung-verteilen-statt-ueberladen\/","og_locale":"fr_FR","og_type":"article","og_title":"F\u00fchrung verteilen statt \u00fcberladen - Organisator","og_description":"Geteilte F\u00fchrung ist die Antwort auf \u00fcberlastete F\u00fchrungspersonen. Verankern Sie Verantwortung im Team f\u00fcr bessere Entscheidungen.","og_url":"https:\/\/www.organisator.ch\/fr\/gestion-2\/2026-04-21\/fuehrung-verteilen-statt-ueberladen\/","og_site_name":"Organisator","article_publisher":"https:\/\/www.facebook.com\/OrganisatorFachmagazin","article_published_time":"2026-04-21T19:22:26+00:00","og_image":[{"width":1400,"height":849,"url":"https:\/\/www.organisator.ch\/wp-content\/uploads\/2026\/04\/Management_Byland_Bild_organisator_247902-scaled.jpg","type":"image\/jpeg"}],"author":"n8n","twitter_card":"summary_large_image","schema":{"@context":"https:\/\/schema.org","@graph":[{"@type":"Article","@id":"https:\/\/www.organisator.ch\/management\/2026-04-21\/fuehrung-verteilen-statt-ueberladen\/#article","isPartOf":{"@id":"https:\/\/www.organisator.ch\/management\/2026-04-21\/fuehrung-verteilen-statt-ueberladen\/"},"author":{"name":"n8n","@id":"https:\/\/www.organisator.ch\/#\/schema\/person\/a9d0e0eff238db87a8f840f3b50359f0"},"headline":"F\u00fchrung verteilen statt \u00fcberladen","datePublished":"2026-04-21T19:22:26+00:00","mainEntityOfPage":{"@id":"https:\/\/www.organisator.ch\/management\/2026-04-21\/fuehrung-verteilen-statt-ueberladen\/"},"wordCount":1202,"publisher":{"@id":"https:\/\/www.organisator.ch\/#organization"},"image":{"@id":"https:\/\/www.organisator.ch\/management\/2026-04-21\/fuehrung-verteilen-statt-ueberladen\/#primaryimage"},"thumbnailUrl":"https:\/\/www.organisator.ch\/wp-content\/uploads\/2026\/04\/Management_Byland_Bild_organisator_247902-scaled.jpg","keywords":["Leadership","Management und Unternehmensf\u00fchrung","Selbstmanagement"],"articleSection":["ABO+","MANAGEMENT"],"inLanguage":"fr-FR"},{"@type":"WebPage","@id":"https:\/\/www.organisator.ch\/management\/2026-04-21\/fuehrung-verteilen-statt-ueberladen\/","url":"https:\/\/www.organisator.ch\/management\/2026-04-21\/fuehrung-verteilen-statt-ueberladen\/","name":"R\u00e9partir le leadership au lieu de le surcharger - Organisateur","isPartOf":{"@id":"https:\/\/www.organisator.ch\/#website"},"primaryImageOfPage":{"@id":"https:\/\/www.organisator.ch\/management\/2026-04-21\/fuehrung-verteilen-statt-ueberladen\/#primaryimage"},"image":{"@id":"https:\/\/www.organisator.ch\/management\/2026-04-21\/fuehrung-verteilen-statt-ueberladen\/#primaryimage"},"thumbnailUrl":"https:\/\/www.organisator.ch\/wp-content\/uploads\/2026\/04\/Management_Byland_Bild_organisator_247902-scaled.jpg","datePublished":"2026-04-21T19:22:26+00:00","description":"Le leadership partag\u00e9 est la r\u00e9ponse aux dirigeants surcharg\u00e9s. Ancrez la responsabilit\u00e9 dans l'\u00e9quipe pour de meilleures d\u00e9cisions.","breadcrumb":{"@id":"https:\/\/www.organisator.ch\/management\/2026-04-21\/fuehrung-verteilen-statt-ueberladen\/#breadcrumb"},"inLanguage":"fr-FR","potentialAction":[{"@type":"ReadAction","target":["https:\/\/www.organisator.ch\/management\/2026-04-21\/fuehrung-verteilen-statt-ueberladen\/"]}]},{"@type":"ImageObject","inLanguage":"fr-FR","@id":"https:\/\/www.organisator.ch\/management\/2026-04-21\/fuehrung-verteilen-statt-ueberladen\/#primaryimage","url":"https:\/\/www.organisator.ch\/wp-content\/uploads\/2026\/04\/Management_Byland_Bild_organisator_247902-scaled.jpg","contentUrl":"https:\/\/www.organisator.ch\/wp-content\/uploads\/2026\/04\/Management_Byland_Bild_organisator_247902-scaled.jpg","width":1400,"height":849,"caption":"F\u00fchrung und Entscheidungen zu teilen, ist ein vielversprechendes Modell. \u00a9 Depositphotos.com"},{"@type":"BreadcrumbList","@id":"https:\/\/www.organisator.ch\/management\/2026-04-21\/fuehrung-verteilen-statt-ueberladen\/#breadcrumb","itemListElement":[{"@type":"ListItem","position":1,"name":"Home","item":"https:\/\/www.organisator.ch\/"},{"@type":"ListItem","position":2,"name":"F\u00fchrung verteilen statt \u00fcberladen"}]},{"@type":"WebSite","@id":"https:\/\/www.organisator.ch\/#website","url":"https:\/\/www.organisator.ch\/","name":"Organisateur","description":"Comp\u00e9tence et comp\u00e9tence. Proches de la pratique. L'ORGANISATEUR pr\u00e9pare 10 num\u00e9ros par an sur les th\u00e8mes essentiels pour les dirigeants de PME.","publisher":{"@id":"https:\/\/www.organisator.ch\/#organization"},"potentialAction":[{"@type":"SearchAction","target":{"@type":"EntryPoint","urlTemplate":"https:\/\/www.organisator.ch\/?s={search_term_string}"},"query-input":{"@type":"PropertyValueSpecification","valueRequired":true,"valueName":"search_term_string"}}],"inLanguage":"fr-FR"},{"@type":"Organization","@id":"https:\/\/www.organisator.ch\/#organization","name":"Organisateur","url":"https:\/\/www.organisator.ch\/","logo":{"@type":"ImageObject","inLanguage":"fr-FR","@id":"https:\/\/www.organisator.ch\/#\/schema\/logo\/image\/","url":"https:\/\/www.organisator.ch\/wp-content\/uploads\/2022\/01\/Logo_Organisator_Website.png","contentUrl":"https:\/\/www.organisator.ch\/wp-content\/uploads\/2022\/01\/Logo_Organisator_Website.png","width":800,"height":77,"caption":"Organisator"},"image":{"@id":"https:\/\/www.organisator.ch\/#\/schema\/logo\/image\/"},"sameAs":["https:\/\/www.facebook.com\/OrganisatorFachmagazin","https:\/\/www.linkedin.com\/showcase\/organisator-das-magazin-fr-kmu","https:\/\/www.xing.com\/news\/pages\/organisator-ch-695","https:\/\/www.youtube.com\/channel\/UCGP2Sq0iWaZwT3BdIAQFYpw"]},{"@type":"Person","@id":"https:\/\/www.organisator.ch\/#\/schema\/person\/a9d0e0eff238db87a8f840f3b50359f0","name":"n8n","image":{"@type":"ImageObject","inLanguage":"fr-FR","@id":"https:\/\/secure.gravatar.com\/avatar\/5368fb9d03fd415a6f335cece4c15af2502d6ca8651efbd6e8f98427a9795400?s=96&d=mm&r=g","url":"https:\/\/secure.gravatar.com\/avatar\/5368fb9d03fd415a6f335cece4c15af2502d6ca8651efbd6e8f98427a9795400?s=96&d=mm&r=g","contentUrl":"https:\/\/secure.gravatar.com\/avatar\/5368fb9d03fd415a6f335cece4c15af2502d6ca8651efbd6e8f98427a9795400?s=96&d=mm&r=g","caption":"n8n"},"url":"https:\/\/www.organisator.ch\/fr\/author\/n8n\/"}]}},"_links":{"self":[{"href":"https:\/\/www.organisator.ch\/fr\/wp-json\/wp\/v2\/posts\/47116","targetHints":{"allow":["GET"]}}],"collection":[{"href":"https:\/\/www.organisator.ch\/fr\/wp-json\/wp\/v2\/posts"}],"about":[{"href":"https:\/\/www.organisator.ch\/fr\/wp-json\/wp\/v2\/types\/post"}],"author":[{"embeddable":true,"href":"https:\/\/www.organisator.ch\/fr\/wp-json\/wp\/v2\/users\/107"}],"replies":[{"embeddable":true,"href":"https:\/\/www.organisator.ch\/fr\/wp-json\/wp\/v2\/comments?post=47116"}],"version-history":[{"count":2,"href":"https:\/\/www.organisator.ch\/fr\/wp-json\/wp\/v2\/posts\/47116\/revisions"}],"predecessor-version":[{"id":47220,"href":"https:\/\/www.organisator.ch\/fr\/wp-json\/wp\/v2\/posts\/47116\/revisions\/47220"}],"wp:featuredmedia":[{"embeddable":true,"href":"https:\/\/www.organisator.ch\/fr\/wp-json\/wp\/v2\/media\/47115"}],"wp:attachment":[{"href":"https:\/\/www.organisator.ch\/fr\/wp-json\/wp\/v2\/media?parent=47116"}],"wp:term":[{"taxonomy":"category","embeddable":true,"href":"https:\/\/www.organisator.ch\/fr\/wp-json\/wp\/v2\/categories?post=47116"},{"taxonomy":"post_tag","embeddable":true,"href":"https:\/\/www.organisator.ch\/fr\/wp-json\/wp\/v2\/tags?post=47116"}],"curies":[{"name":"wp","href":"https:\/\/api.w.org\/{rel}","templated":true}]}}