{"id":47147,"date":"2026-04-22T01:39:08","date_gmt":"2026-04-21T23:39:08","guid":{"rendered":"https:\/\/www.organisator.ch\/de\/?p=47147"},"modified":"2026-04-10T07:47:52","modified_gmt":"2026-04-10T05:47:52","slug":"transformation-management-im-zeitalter-von-ki","status":"publish","type":"post","link":"https:\/\/www.organisator.ch\/fr\/management\/2026-04-22\/transformation-management-im-zeitalter-von-ki\/","title":{"rendered":"Gestion de la transformation \u00e0 l'\u00e8re de l'IA"},"content":{"rendered":"<div class=\"swpm-post-not-logged-in-msg\">Vous devez \u00eatre connect\u00e9 pour voir ce contenu. Veuillez <a class=\"swpm-login-link\" href=\"https:\/\/www.organisator.ch\/login\/\">Se connecter<\/a>. Pas un membre ? <a href=\"https:\/\/www.organisator.ch\/shop\/\">Nous Rejoindre<\/a><\/div>","protected":false},"excerpt":{"rendered":"<p>Le d\u00e9veloppement de l'intelligence artificielle modifie les structures organisationnelles des entreprises. Les instituts de formation continue comme la KV Business School de Zurich peuvent accompagner les projets de transformation et les soutenir dans leur mise en \u0153uvre.<\/p>","protected":false},"author":107,"featured_media":47145,"comment_status":"closed","ping_status":"closed","sticky":false,"template":"","format":"standard","meta":{"_acf_changed":false,"_yoast_wpseo_focuskw":"KI Transformation Management","_yoast_wpseo_metadesc":"Transformation Management mit KI: Unternehmen meistern den Wandel erfolgreich. Strategie, Kultur & Kompetenzen im Fokus \u2013 inkl. realem Case.","articlekey":"","footnotes":""},"categories":[578,28],"tags":[62,112,319,335],"class_list":["post-47147","post","type-post","status-publish","format-standard","has-post-thumbnail","hentry","category-abo","category-management","tag-aus-weiterbildung","tag-change-management","tag-kuenstliche-intelligenz","tag-management-und-unternehmensfuehrung"],"acf":[],"yoast_head":"<!-- This site is optimized with the Yoast SEO plugin v27.4 - https:\/\/yoast.com\/product\/yoast-seo-wordpress\/ -->\n<title>Transformation Management im Zeitalter von KI - Organisator<\/title>\n<meta name=\"description\" content=\"Transformation Management mit KI: Unternehmen meistern den Wandel erfolgreich. Strategie, Kultur &amp; Kompetenzen im Fokus \u2013 inkl. realem Case.\" \/>\n<meta name=\"robots\" content=\"index, follow, max-snippet:-1, max-image-preview:large, max-video-preview:-1\" \/>\n<link rel=\"canonical\" href=\"https:\/\/www.organisator.ch\/fr\/gestion-2\/2026-04-22\/transformation-management-im-zeitalter-von-ki\/\" \/>\n<meta property=\"og:locale\" content=\"fr_FR\" \/>\n<meta property=\"og:type\" content=\"article\" \/>\n<meta property=\"og:title\" content=\"Transformation Management im Zeitalter von KI - Organisator\" \/>\n<meta property=\"og:description\" content=\"Transformation Management mit KI: Unternehmen meistern den Wandel erfolgreich. Strategie, Kultur &amp; Kompetenzen im Fokus \u2013 inkl. realem Case.\" \/>\n<meta property=\"og:url\" content=\"https:\/\/www.organisator.ch\/fr\/gestion-2\/2026-04-22\/transformation-management-im-zeitalter-von-ki\/\" \/>\n<meta property=\"og:site_name\" content=\"Organisator\" \/>\n<meta property=\"article:publisher\" content=\"https:\/\/www.facebook.com\/OrganisatorFachmagazin\" \/>\n<meta property=\"article:published_time\" content=\"2026-04-21T23:39:08+00:00\" \/>\n<meta property=\"og:image\" content=\"https:\/\/www.organisator.ch\/wp-content\/uploads\/2026\/04\/Weiterbildung_KV-Business_Bild1_organisator_250401-scaled.jpg\" \/>\n\t<meta property=\"og:image:width\" content=\"1400\" \/>\n\t<meta property=\"og:image:height\" content=\"885\" \/>\n\t<meta property=\"og:image:type\" content=\"image\/jpeg\" \/>\n<meta name=\"author\" content=\"n8n\" \/>\n<meta name=\"twitter:card\" content=\"summary_large_image\" \/>\n<script type=\"application\/ld+json\" class=\"yoast-schema-graph\">{\"@context\":\"https:\\\/\\\/schema.org\",\"@graph\":[{\"@type\":\"Article\",\"@id\":\"https:\\\/\\\/www.organisator.ch\\\/management\\\/2026-04-22\\\/transformation-management-im-zeitalter-von-ki\\\/#article\",\"isPartOf\":{\"@id\":\"https:\\\/\\\/www.organisator.ch\\\/management\\\/2026-04-22\\\/transformation-management-im-zeitalter-von-ki\\\/\"},\"author\":{\"name\":\"n8n\",\"@id\":\"https:\\\/\\\/www.organisator.ch\\\/#\\\/schema\\\/person\\\/a9d0e0eff238db87a8f840f3b50359f0\"},\"headline\":\"Transformation Management im Zeitalter von KI\",\"datePublished\":\"2026-04-21T23:39:08+00:00\",\"mainEntityOfPage\":{\"@id\":\"https:\\\/\\\/www.organisator.ch\\\/management\\\/2026-04-22\\\/transformation-management-im-zeitalter-von-ki\\\/\"},\"wordCount\":817,\"publisher\":{\"@id\":\"https:\\\/\\\/www.organisator.ch\\\/#organization\"},\"image\":{\"@id\":\"https:\\\/\\\/www.organisator.ch\\\/management\\\/2026-04-22\\\/transformation-management-im-zeitalter-von-ki\\\/#primaryimage\"},\"thumbnailUrl\":\"https:\\\/\\\/www.organisator.ch\\\/wp-content\\\/uploads\\\/2026\\\/04\\\/Weiterbildung_KV-Business_Bild1_organisator_250401-scaled.jpg\",\"keywords\":[\"Aus-\\\/Weiterbildung\",\"Change Management\",\"K\u00fcnstliche Intelligenz\",\"Management und Unternehmensf\u00fchrung\"],\"articleSection\":[\"ABO+\",\"MANAGEMENT\"],\"inLanguage\":\"fr-FR\"},{\"@type\":\"WebPage\",\"@id\":\"https:\\\/\\\/www.organisator.ch\\\/management\\\/2026-04-22\\\/transformation-management-im-zeitalter-von-ki\\\/\",\"url\":\"https:\\\/\\\/www.organisator.ch\\\/management\\\/2026-04-22\\\/transformation-management-im-zeitalter-von-ki\\\/\",\"name\":\"Transformation Management im Zeitalter von KI - Organisator\",\"isPartOf\":{\"@id\":\"https:\\\/\\\/www.organisator.ch\\\/#website\"},\"primaryImageOfPage\":{\"@id\":\"https:\\\/\\\/www.organisator.ch\\\/management\\\/2026-04-22\\\/transformation-management-im-zeitalter-von-ki\\\/#primaryimage\"},\"image\":{\"@id\":\"https:\\\/\\\/www.organisator.ch\\\/management\\\/2026-04-22\\\/transformation-management-im-zeitalter-von-ki\\\/#primaryimage\"},\"thumbnailUrl\":\"https:\\\/\\\/www.organisator.ch\\\/wp-content\\\/uploads\\\/2026\\\/04\\\/Weiterbildung_KV-Business_Bild1_organisator_250401-scaled.jpg\",\"datePublished\":\"2026-04-21T23:39:08+00:00\",\"description\":\"Transformation Management mit KI: Unternehmen meistern den Wandel erfolgreich. Strategie, Kultur & Kompetenzen im Fokus \u2013 inkl. realem Case.\",\"breadcrumb\":{\"@id\":\"https:\\\/\\\/www.organisator.ch\\\/management\\\/2026-04-22\\\/transformation-management-im-zeitalter-von-ki\\\/#breadcrumb\"},\"inLanguage\":\"fr-FR\",\"potentialAction\":[{\"@type\":\"ReadAction\",\"target\":[\"https:\\\/\\\/www.organisator.ch\\\/management\\\/2026-04-22\\\/transformation-management-im-zeitalter-von-ki\\\/\"]}]},{\"@type\":\"ImageObject\",\"inLanguage\":\"fr-FR\",\"@id\":\"https:\\\/\\\/www.organisator.ch\\\/management\\\/2026-04-22\\\/transformation-management-im-zeitalter-von-ki\\\/#primaryimage\",\"url\":\"https:\\\/\\\/www.organisator.ch\\\/wp-content\\\/uploads\\\/2026\\\/04\\\/Weiterbildung_KV-Business_Bild1_organisator_250401-scaled.jpg\",\"contentUrl\":\"https:\\\/\\\/www.organisator.ch\\\/wp-content\\\/uploads\\\/2026\\\/04\\\/Weiterbildung_KV-Business_Bild1_organisator_250401-scaled.jpg\",\"width\":1400,\"height\":885,\"caption\":\"Die Einf\u00fchrung von KI geht weit \u00fcber technische Fragestellungen hinaus. \u00a9 zVg \\\/ KV Business School\"},{\"@type\":\"BreadcrumbList\",\"@id\":\"https:\\\/\\\/www.organisator.ch\\\/management\\\/2026-04-22\\\/transformation-management-im-zeitalter-von-ki\\\/#breadcrumb\",\"itemListElement\":[{\"@type\":\"ListItem\",\"position\":1,\"name\":\"Home\",\"item\":\"https:\\\/\\\/www.organisator.ch\\\/\"},{\"@type\":\"ListItem\",\"position\":2,\"name\":\"Transformation Management im Zeitalter von KI\"}]},{\"@type\":\"WebSite\",\"@id\":\"https:\\\/\\\/www.organisator.ch\\\/#website\",\"url\":\"https:\\\/\\\/www.organisator.ch\\\/\",\"name\":\"Organisator\",\"description\":\"Kompetent. Praxisnah. Der ORGANISATOR bereitet in 10 Ausgaben pro Jahr die wesentlichen Themen f\u00fcr F\u00fchrungskr\u00e4fte von KMU auf.\",\"publisher\":{\"@id\":\"https:\\\/\\\/www.organisator.ch\\\/#organization\"},\"potentialAction\":[{\"@type\":\"SearchAction\",\"target\":{\"@type\":\"EntryPoint\",\"urlTemplate\":\"https:\\\/\\\/www.organisator.ch\\\/?s={search_term_string}\"},\"query-input\":{\"@type\":\"PropertyValueSpecification\",\"valueRequired\":true,\"valueName\":\"search_term_string\"}}],\"inLanguage\":\"fr-FR\"},{\"@type\":\"Organization\",\"@id\":\"https:\\\/\\\/www.organisator.ch\\\/#organization\",\"name\":\"Organisator\",\"url\":\"https:\\\/\\\/www.organisator.ch\\\/\",\"logo\":{\"@type\":\"ImageObject\",\"inLanguage\":\"fr-FR\",\"@id\":\"https:\\\/\\\/www.organisator.ch\\\/#\\\/schema\\\/logo\\\/image\\\/\",\"url\":\"https:\\\/\\\/www.organisator.ch\\\/wp-content\\\/uploads\\\/2022\\\/01\\\/Logo_Organisator_Website.png\",\"contentUrl\":\"https:\\\/\\\/www.organisator.ch\\\/wp-content\\\/uploads\\\/2022\\\/01\\\/Logo_Organisator_Website.png\",\"width\":800,\"height\":77,\"caption\":\"Organisator\"},\"image\":{\"@id\":\"https:\\\/\\\/www.organisator.ch\\\/#\\\/schema\\\/logo\\\/image\\\/\"},\"sameAs\":[\"https:\\\/\\\/www.facebook.com\\\/OrganisatorFachmagazin\",\"https:\\\/\\\/www.linkedin.com\\\/showcase\\\/organisator-das-magazin-fr-kmu\",\"https:\\\/\\\/www.xing.com\\\/news\\\/pages\\\/organisator-ch-695\",\"https:\\\/\\\/www.youtube.com\\\/channel\\\/UCGP2Sq0iWaZwT3BdIAQFYpw\"]},{\"@type\":\"Person\",\"@id\":\"https:\\\/\\\/www.organisator.ch\\\/#\\\/schema\\\/person\\\/a9d0e0eff238db87a8f840f3b50359f0\",\"name\":\"n8n\",\"image\":{\"@type\":\"ImageObject\",\"inLanguage\":\"fr-FR\",\"@id\":\"https:\\\/\\\/secure.gravatar.com\\\/avatar\\\/5368fb9d03fd415a6f335cece4c15af2502d6ca8651efbd6e8f98427a9795400?s=96&d=mm&r=g\",\"url\":\"https:\\\/\\\/secure.gravatar.com\\\/avatar\\\/5368fb9d03fd415a6f335cece4c15af2502d6ca8651efbd6e8f98427a9795400?s=96&d=mm&r=g\",\"contentUrl\":\"https:\\\/\\\/secure.gravatar.com\\\/avatar\\\/5368fb9d03fd415a6f335cece4c15af2502d6ca8651efbd6e8f98427a9795400?s=96&d=mm&r=g\",\"caption\":\"n8n\"},\"url\":\"https:\\\/\\\/www.organisator.ch\\\/fr\\\/author\\\/n8n\\\/\"}]}<\/script>\n<!-- \/ Yoast SEO plugin. -->","yoast_head_json":{"title":"Gestion de la transformation \u00e0 l'\u00e8re de l'IA - Organisateur","description":"Gestion de la transformation avec l'IA : les entreprises ma\u00eetrisent le changement avec succ\u00e8s. Strat\u00e9gie, culture &amp; comp\u00e9tences en point de mire - y compris un cas r\u00e9el.","robots":{"index":"index","follow":"follow","max-snippet":"max-snippet:-1","max-image-preview":"max-image-preview:large","max-video-preview":"max-video-preview:-1"},"canonical":"https:\/\/www.organisator.ch\/fr\/gestion-2\/2026-04-22\/transformation-management-im-zeitalter-von-ki\/","og_locale":"fr_FR","og_type":"article","og_title":"Transformation Management im Zeitalter von KI - Organisator","og_description":"Transformation Management mit KI: Unternehmen meistern den Wandel erfolgreich. Strategie, Kultur & Kompetenzen im Fokus \u2013 inkl. realem Case.","og_url":"https:\/\/www.organisator.ch\/fr\/gestion-2\/2026-04-22\/transformation-management-im-zeitalter-von-ki\/","og_site_name":"Organisator","article_publisher":"https:\/\/www.facebook.com\/OrganisatorFachmagazin","article_published_time":"2026-04-21T23:39:08+00:00","og_image":[{"width":1400,"height":885,"url":"https:\/\/www.organisator.ch\/wp-content\/uploads\/2026\/04\/Weiterbildung_KV-Business_Bild1_organisator_250401-scaled.jpg","type":"image\/jpeg"}],"author":"n8n","twitter_card":"summary_large_image","schema":{"@context":"https:\/\/schema.org","@graph":[{"@type":"Article","@id":"https:\/\/www.organisator.ch\/management\/2026-04-22\/transformation-management-im-zeitalter-von-ki\/#article","isPartOf":{"@id":"https:\/\/www.organisator.ch\/management\/2026-04-22\/transformation-management-im-zeitalter-von-ki\/"},"author":{"name":"n8n","@id":"https:\/\/www.organisator.ch\/#\/schema\/person\/a9d0e0eff238db87a8f840f3b50359f0"},"headline":"Transformation Management im Zeitalter von KI","datePublished":"2026-04-21T23:39:08+00:00","mainEntityOfPage":{"@id":"https:\/\/www.organisator.ch\/management\/2026-04-22\/transformation-management-im-zeitalter-von-ki\/"},"wordCount":817,"publisher":{"@id":"https:\/\/www.organisator.ch\/#organization"},"image":{"@id":"https:\/\/www.organisator.ch\/management\/2026-04-22\/transformation-management-im-zeitalter-von-ki\/#primaryimage"},"thumbnailUrl":"https:\/\/www.organisator.ch\/wp-content\/uploads\/2026\/04\/Weiterbildung_KV-Business_Bild1_organisator_250401-scaled.jpg","keywords":["Aus-\/Weiterbildung","Change Management","K\u00fcnstliche Intelligenz","Management und Unternehmensf\u00fchrung"],"articleSection":["ABO+","MANAGEMENT"],"inLanguage":"fr-FR"},{"@type":"WebPage","@id":"https:\/\/www.organisator.ch\/management\/2026-04-22\/transformation-management-im-zeitalter-von-ki\/","url":"https:\/\/www.organisator.ch\/management\/2026-04-22\/transformation-management-im-zeitalter-von-ki\/","name":"Gestion de la transformation \u00e0 l'\u00e8re de l'IA - Organisateur","isPartOf":{"@id":"https:\/\/www.organisator.ch\/#website"},"primaryImageOfPage":{"@id":"https:\/\/www.organisator.ch\/management\/2026-04-22\/transformation-management-im-zeitalter-von-ki\/#primaryimage"},"image":{"@id":"https:\/\/www.organisator.ch\/management\/2026-04-22\/transformation-management-im-zeitalter-von-ki\/#primaryimage"},"thumbnailUrl":"https:\/\/www.organisator.ch\/wp-content\/uploads\/2026\/04\/Weiterbildung_KV-Business_Bild1_organisator_250401-scaled.jpg","datePublished":"2026-04-21T23:39:08+00:00","description":"Gestion de la transformation avec l'IA : les entreprises ma\u00eetrisent le changement avec succ\u00e8s. Strat\u00e9gie, culture &amp; comp\u00e9tences en point de mire - y compris un cas r\u00e9el.","breadcrumb":{"@id":"https:\/\/www.organisator.ch\/management\/2026-04-22\/transformation-management-im-zeitalter-von-ki\/#breadcrumb"},"inLanguage":"fr-FR","potentialAction":[{"@type":"ReadAction","target":["https:\/\/www.organisator.ch\/management\/2026-04-22\/transformation-management-im-zeitalter-von-ki\/"]}]},{"@type":"ImageObject","inLanguage":"fr-FR","@id":"https:\/\/www.organisator.ch\/management\/2026-04-22\/transformation-management-im-zeitalter-von-ki\/#primaryimage","url":"https:\/\/www.organisator.ch\/wp-content\/uploads\/2026\/04\/Weiterbildung_KV-Business_Bild1_organisator_250401-scaled.jpg","contentUrl":"https:\/\/www.organisator.ch\/wp-content\/uploads\/2026\/04\/Weiterbildung_KV-Business_Bild1_organisator_250401-scaled.jpg","width":1400,"height":885,"caption":"Die Einf\u00fchrung von KI geht weit \u00fcber technische Fragestellungen hinaus. \u00a9 zVg \/ KV Business School"},{"@type":"BreadcrumbList","@id":"https:\/\/www.organisator.ch\/management\/2026-04-22\/transformation-management-im-zeitalter-von-ki\/#breadcrumb","itemListElement":[{"@type":"ListItem","position":1,"name":"Home","item":"https:\/\/www.organisator.ch\/"},{"@type":"ListItem","position":2,"name":"Transformation Management im Zeitalter von KI"}]},{"@type":"WebSite","@id":"https:\/\/www.organisator.ch\/#website","url":"https:\/\/www.organisator.ch\/","name":"Organisateur","description":"Comp\u00e9tence et comp\u00e9tence. Proches de la pratique. L'ORGANISATEUR pr\u00e9pare 10 num\u00e9ros par an sur les th\u00e8mes essentiels pour les dirigeants de PME.","publisher":{"@id":"https:\/\/www.organisator.ch\/#organization"},"potentialAction":[{"@type":"SearchAction","target":{"@type":"EntryPoint","urlTemplate":"https:\/\/www.organisator.ch\/?s={search_term_string}"},"query-input":{"@type":"PropertyValueSpecification","valueRequired":true,"valueName":"search_term_string"}}],"inLanguage":"fr-FR"},{"@type":"Organization","@id":"https:\/\/www.organisator.ch\/#organization","name":"Organisateur","url":"https:\/\/www.organisator.ch\/","logo":{"@type":"ImageObject","inLanguage":"fr-FR","@id":"https:\/\/www.organisator.ch\/#\/schema\/logo\/image\/","url":"https:\/\/www.organisator.ch\/wp-content\/uploads\/2022\/01\/Logo_Organisator_Website.png","contentUrl":"https:\/\/www.organisator.ch\/wp-content\/uploads\/2022\/01\/Logo_Organisator_Website.png","width":800,"height":77,"caption":"Organisator"},"image":{"@id":"https:\/\/www.organisator.ch\/#\/schema\/logo\/image\/"},"sameAs":["https:\/\/www.facebook.com\/OrganisatorFachmagazin","https:\/\/www.linkedin.com\/showcase\/organisator-das-magazin-fr-kmu","https:\/\/www.xing.com\/news\/pages\/organisator-ch-695","https:\/\/www.youtube.com\/channel\/UCGP2Sq0iWaZwT3BdIAQFYpw"]},{"@type":"Person","@id":"https:\/\/www.organisator.ch\/#\/schema\/person\/a9d0e0eff238db87a8f840f3b50359f0","name":"n8n","image":{"@type":"ImageObject","inLanguage":"fr-FR","@id":"https:\/\/secure.gravatar.com\/avatar\/5368fb9d03fd415a6f335cece4c15af2502d6ca8651efbd6e8f98427a9795400?s=96&d=mm&r=g","url":"https:\/\/secure.gravatar.com\/avatar\/5368fb9d03fd415a6f335cece4c15af2502d6ca8651efbd6e8f98427a9795400?s=96&d=mm&r=g","contentUrl":"https:\/\/secure.gravatar.com\/avatar\/5368fb9d03fd415a6f335cece4c15af2502d6ca8651efbd6e8f98427a9795400?s=96&d=mm&r=g","caption":"n8n"},"url":"https:\/\/www.organisator.ch\/fr\/author\/n8n\/"}]}},"_links":{"self":[{"href":"https:\/\/www.organisator.ch\/fr\/wp-json\/wp\/v2\/posts\/47147","targetHints":{"allow":["GET"]}}],"collection":[{"href":"https:\/\/www.organisator.ch\/fr\/wp-json\/wp\/v2\/posts"}],"about":[{"href":"https:\/\/www.organisator.ch\/fr\/wp-json\/wp\/v2\/types\/post"}],"author":[{"embeddable":true,"href":"https:\/\/www.organisator.ch\/fr\/wp-json\/wp\/v2\/users\/107"}],"replies":[{"embeddable":true,"href":"https:\/\/www.organisator.ch\/fr\/wp-json\/wp\/v2\/comments?post=47147"}],"version-history":[{"count":2,"href":"https:\/\/www.organisator.ch\/fr\/wp-json\/wp\/v2\/posts\/47147\/revisions"}],"predecessor-version":[{"id":47234,"href":"https:\/\/www.organisator.ch\/fr\/wp-json\/wp\/v2\/posts\/47147\/revisions\/47234"}],"wp:featuredmedia":[{"embeddable":true,"href":"https:\/\/www.organisator.ch\/fr\/wp-json\/wp\/v2\/media\/47145"}],"wp:attachment":[{"href":"https:\/\/www.organisator.ch\/fr\/wp-json\/wp\/v2\/media?parent=47147"}],"wp:term":[{"taxonomy":"category","embeddable":true,"href":"https:\/\/www.organisator.ch\/fr\/wp-json\/wp\/v2\/categories?post=47147"},{"taxonomy":"post_tag","embeddable":true,"href":"https:\/\/www.organisator.ch\/fr\/wp-json\/wp\/v2\/tags?post=47147"}],"curies":[{"name":"wp","href":"https:\/\/api.w.org\/{rel}","templated":true}]}}