{"id":4718,"date":"2019-01-10T10:44:59","date_gmt":"2019-01-10T09:44:59","guid":{"rendered":"https:\/\/www.organisator.ch\/?p=4718"},"modified":"2019-01-10T10:44:59","modified_gmt":"2019-01-10T09:44:59","slug":"mehr-kuendigungen-durch-strukturwandel-ue50-unter-druck","status":"publish","type":"post","link":"https:\/\/www.organisator.ch\/fr\/human-resources\/hrm\/2019-01-10\/mehr-kuendigungen-durch-strukturwandel-ue50-unter-druck\/","title":{"rendered":"Plus de licenciements en raison des changements structurels - les plus de 50 ans sous pression"},"content":{"rendered":"<figure id=\"attachment_4719\" aria-describedby=\"caption-attachment-4719\" style=\"width: 680px\" class=\"wp-caption alignnone\"><img loading=\"lazy\" decoding=\"async\" class=\"size-medium wp-image-4719\" src=\"https:\/\/www.organisator.ch\/wp-content\/uploads\/2019\/01\/Mehr-Kuendigungen-durch-Strukturwandel-Ue50-unter-Druck_Organisator.jpg\" alt=\"\" width=\"680\" height=\"430\" srcset=\"https:\/\/www.organisator.ch\/wp-content\/uploads\/2019\/01\/Mehr-Kuendigungen-durch-Strukturwandel-Ue50-unter-Druck_Organisator.jpg 680w, https:\/\/www.organisator.ch\/wp-content\/uploads\/2019\/01\/Mehr-Kuendigungen-durch-Strukturwandel-Ue50-unter-Druck_Organisator-16x10.jpg 16w, https:\/\/www.organisator.ch\/wp-content\/uploads\/2019\/01\/Mehr-Kuendigungen-durch-Strukturwandel-Ue50-unter-Druck_Organisator-277x175.jpg 277w, https:\/\/www.organisator.ch\/wp-content\/uploads\/2019\/01\/Mehr-Kuendigungen-durch-Strukturwandel-Ue50-unter-Druck_Organisator-553x350.jpg 553w, https:\/\/www.organisator.ch\/wp-content\/uploads\/2019\/01\/Mehr-Kuendigungen-durch-Strukturwandel-Ue50-unter-Druck_Organisator-300x190.jpg 300w\" sizes=\"auto, (max-width: 680px) 100vw, 680px\" \/><figcaption id=\"caption-attachment-4719\" class=\"wp-caption-text\">C'est le changement structurel qui conduit \u00e0 davantage de licenciements, et non des raisons conjoncturelles, selon une des conclusions du dernier barom\u00e8tre du march\u00e9 du travail de von Rundstedt. (Image : Pauline \/ pixelio.de)<\/figcaption><\/figure>\n<p>Le cabinet de conseil en outplacement von Rundstedt a \u00e9t\u00e9 fond\u00e9 en 1985 et est aujourd'hui l'un des principaux prestataires d'outplacement en Allemagne, en Autriche et en Suisse. von Rundstedt travaille avec des entreprises de tous les secteurs en cas de r\u00e9duction de personnel et de licenciement et aide les collaborateurs concern\u00e9s par un licenciement \u00e0 se r\u00e9orienter professionnellement. L'entreprise publie r\u00e9guli\u00e8rement un barom\u00e8tre du march\u00e9 de l'emploi bas\u00e9 sur les conclusions des conseils en outplacement actuels. Les statistiques r\u00e9cemment publi\u00e9es en janvier 2019 donnent une image int\u00e9ressante de l'humeur du march\u00e9 du travail dans toute la Suisse en 2018. Les principales conclusions peuvent \u00eatre r\u00e9sum\u00e9es comme suit :<\/p>\n<h2>\"Moins de pression conjoncturelle, mais plus de licenciements en raison des changements structurels\".<\/h2>\n<p>Diff\u00e9rentes donn\u00e9es indiquent que les licenciements en 2018 ont \u00e9t\u00e9 globalement plus marqu\u00e9s par une pression structurelle que par une n\u00e9cessit\u00e9 conjoncturelle. Ainsi, c'est surtout dans le secteur financier, en pleine mutation structurelle, que l'on observe une forte augmentation des licenciements, de 22% en 2017 \u00e0 32% en 2018. Dans le secteur pharmaceutique, historiquement soumis \u00e0 une forte pression structurelle de par sa nature de projet, le rythme des licenciements reste \u00e9galement \u00e9lev\u00e9 selon von Rundstedt (\u00e0 24% en 2017 ; 27% en 2018). L'industrie classique a en revanche connu un recul significatif, qui peut s'expliquer par la reprise conjoncturelle et l'am\u00e9lioration des conditions \u00e9conomiques nationales. Apr\u00e8s une part de 29% en 2017, les licenciements dans l'industrie ne repr\u00e9sentent plus que 22% en 2018. La justification des licenciements va \u00e9galement dans ce sens. Ainsi, les mesures de r\u00e9duction de personnel ont fortement diminu\u00e9, passant de 26% \u00e0 20%, tandis que les licenciements pour restructuration ont parall\u00e8lement augment\u00e9 (de 40% \u00e0 46%). Cette \u00e9volution se retrouve \u00e9galement au niveau des fonctions concern\u00e9es. Ainsi, en 2018, il y a eu plus de fluctuations chez les managers (augmentation de 33% \u00e0 36%) et les cadres (augmentation de 21% \u00e0 28%), alors que relativement moins de licenciements ont \u00e9t\u00e9 prononc\u00e9s chez les sp\u00e9cialistes. Apr\u00e8s 25% en 2017, ils ne sont plus que 17% en 2018. Cela indique \u00e9galement un changement structurel plus important qu'une pression conjoncturelle.<\/p>\n<h2>Plus de 50 ans : une situation toujours tendue<\/h2>\n<p>Alors que ces deux derni\u00e8res ann\u00e9es, les licenciements touchaient proportionnellement autant les plus de 50 ans que les autres groupes d'\u00e2ge, l'ann\u00e9e 2018 a connu une l\u00e9g\u00e8re augmentation. Ainsi, 34% des licenciements consid\u00e9r\u00e9s concernent d\u00e9sormais des travailleurs \u00e2g\u00e9s de plus de 50 ans. Ce chiffre est l\u00e9g\u00e8rement sup\u00e9rieur \u00e0 la valeur de r\u00e9f\u00e9rence de 30%, qui correspond \u00e0 la part des plus de 50 ans dans la population active totale.<\/p>\n<p>Lors de la recherche d'un emploi, les travailleurs \u00e2g\u00e9s de plus de 50 ans ont toujours plus de mal que leurs coll\u00e8gues plus jeunes. Ainsi, la dur\u00e9e moyenne de recherche des plus de 50 ans (6,8 mois) diff\u00e8re significativement de la moyenne g\u00e9n\u00e9rale (5,3 mois). Mais ce qui est d\u00e9terminant ici, c'est que la variance statistique au sein du groupe des plus de 50 ans est beaucoup plus \u00e9lev\u00e9e que dans les autres groupes. Cela signifie que de nombreux plus de 50 ans retrouvent tr\u00e8s rapidement un nouvel emploi, mais que beaucoup doivent aussi chercher tr\u00e8s longtemps. On peut donc en d\u00e9duire qu'il n'y a pas de discrimination g\u00e9n\u00e9rale li\u00e9e \u00e0 l'\u00e2ge sur le march\u00e9, mais que les conditions sont tr\u00e8s diff\u00e9rentes d'un individu \u00e0 l'autre et qu'elles sont fortement influenc\u00e9es par d'autres aspects.<\/p>\n<h2>Les postes vacants sont de plus en plus souvent publi\u00e9s<\/h2>\n<p>De plus en plus de clients du service de conseil en outplacement trouvent leur nouvel emploi sur la base d'appels d'offres et d'annonces en ligne sur le march\u00e9 ouvert de l'emploi. En 2018, 24% des clients de von Rundstedt ont obtenu un poste officiellement mis au concours (20% seulement en 2017). Dans le m\u00eame temps, les succ\u00e8s de recherche via le march\u00e9 du travail dissimul\u00e9 ont diminu\u00e9 de 52% \u00e0 41%. Le march\u00e9 du travail dissimul\u00e9 reste donc de loin le canal de recherche le plus efficace, mais l'\u00e9volution est claire et significative. Cela s'explique en premier lieu par le fait que de plus en plus d'employeurs utilisent les possibilit\u00e9s num\u00e9riques d'offres d'emploi en ligne (page web, m\u00e9dias sociaux, plateformes de candidature) et que celles-ci peuvent \u00eatre g\u00e9r\u00e9es de mani\u00e8re optimale en termes de co\u00fbts et d'efforts. L'obligation d'annoncer les postes vacants r\u00e9cemment introduite (mise en \u0153uvre de l'initiative populaire europ\u00e9enne) renforcera encore cette tendance \u00e0 l'avenir, estime von Rundstedt.<\/p>\n<h2>Tendance \u00e0 l'ind\u00e9pendance<\/h2>\n<p>Les chiffres expriment le fait que le travail ind\u00e9pendant devient une option de plus en plus fr\u00e9quente pour les personnes en r\u00e9orientation professionnelle. Ainsi, en 2018, 12% des clients de von Rundstedt ont d\u00e9sormais opt\u00e9 pour une activit\u00e9 ind\u00e9pendante et ont cr\u00e9\u00e9 eux-m\u00eames un domaine d'activit\u00e9. Cette augmentation est \u00e9norme, estiment les conseillers en outplacement. En effet, ce taux d'ind\u00e9pendance n'\u00e9tait que de 5% en 2017. Deux raisons peuvent expliquer cette \u00e9volution : Premi\u00e8rement, on constate une tendance g\u00e9n\u00e9rale \u00e0 la r\u00e9duction des structures des groupes et \u00e0 la fragmentation croissante des march\u00e9s des fournisseurs - donc, une fois de plus, un changement structurel. La sharing economy, la gig economy et la tendance des freelances sont consid\u00e9r\u00e9es comme les forces motrices de cette \u00e9volution. Deuxi\u00e8mement, il y aurait aussi une raison pragmatique : ainsi, le travail ind\u00e9pendant est souvent la seule possibilit\u00e9 de se maintenir sur le march\u00e9 du travail, en particulier pour les travailleurs \u00e2g\u00e9s au profil difficile et \u00e0 l'employabilit\u00e9 plus faible.<\/p>\n<h2>Zero Gap : les employeurs peuvent toujours se permettre d'\u00eatre intransigeants en mati\u00e8re de recrutement<\/h2>\n<p>Zero Gap signifie que, lors du recrutement, les employeurs ne montrent gu\u00e8re de tol\u00e9rance \u00e0 l'\u00e9gard des \u00e9carts par rapport au profil souhait\u00e9 parfait et s'en tiennent au profil d'exigences parfait. Ainsi, il n'est toujours pas facile pour les clients de changer de branche ou de fonction. En 2018, seuls 25% des clients conseill\u00e9s par von Rundstedt ont r\u00e9ussi \u00e0 changer de branche, et la valeur est \u00e9galement de 25% pour le changement de fonction. Zero Gap continue donc de repr\u00e9senter un obstacle pour les personnes qui doivent se r\u00e9orienter et se repositionner en raison de changements structurels. Cela pose de grandes difficult\u00e9s \u00e0 de nombreuses personnes concern\u00e9es, surtout dans le contexte de la num\u00e9risation.<\/p>\n<h2>Pour la premi\u00e8re fois, des signes de la carri\u00e8re de l'arc sont visibles<\/h2>\n<p>La carri\u00e8re en arc fait l'objet d'\u00e9crits th\u00e9oriques depuis longtemps. Elle est consid\u00e9r\u00e9e comme un concept efficace pour prot\u00e9ger les employeurs \u00e2g\u00e9s de plus de 50 ans. Pourtant, elle semble avoir eu jusqu'\u00e0 pr\u00e9sent beaucoup de mal \u00e0 fonctionner dans la pratique. Or, l'\u00e9volution salariale des clients d'outplacement par groupe d'\u00e2ge montre pour la premi\u00e8re fois une \u00e9volution int\u00e9ressante. Ainsi, von Rundstedt a constat\u00e9 en 2018 une \u00e9volution salariale n\u00e9gative significative (-12%) chez les plus de 50 ans en cas de changement de poste suite \u00e0 un licenciement, alors que l'\u00e9volution salariale des jeunes travailleurs est positive (+9%). Cela montre d'une part la pression croissante sur le groupe des plus de 50 ans, mais d'autre part aussi que l'obstacle des co\u00fbts salariaux chez les plus de 50 ans peut manifestement \u00eatre surmont\u00e9 avec de la flexibilit\u00e9 des deux c\u00f4t\u00e9s (employeur et employ\u00e9) et que le march\u00e9 semble \u00e9galement fonctionner par le biais de la flexibilit\u00e9 salariale. C'est un bon t\u00e9moignage du bon fonctionnement du march\u00e9 du travail. Ainsi, le concept de carri\u00e8re en arc semble peu \u00e0 peu fonctionner dans la pratique.<\/p>\n<p><em>Source : <a href=\"http:\/\/www.rundstedt.ch\">von Rundstedt<\/a><\/em><\/p>","protected":false},"excerpt":{"rendered":"<p>Die Outplacement-Beratung von Rundstedt wurde 1985 gegr\u00fcndet und ist heute ein f\u00fchrender Outplacement-Anbieter in Deutschland, \u00d6sterreich und der Schweiz. von Rundstedt arbeitet im Falle von Personalabbau und K\u00fcndigungen mit Unternehmen aller Branchen zusammen und unterst\u00fctzt die von K\u00fcndigungen betroffenen Mitarbeiter bei der beruflichen Neuorientierung. Das Unternehmen ver\u00f6ffentlicht regelm\u00e4ssig einen Arbeitsmarkt-Barometer gest\u00fctzt auf Erkenntnissen aktueller Outplacement-Beratungen. [&hellip;]<\/p>\n","protected":false},"author":4,"featured_media":4719,"comment_status":"open","ping_status":"open","sticky":false,"template":"","format":"standard","meta":{"_acf_changed":false,"_yoast_wpseo_focuskw":"Strukturwandel","_yoast_wpseo_metadesc":"Gem\u00e4ss der aktuellen von Rundstedt Outplacement-Statistik nehmen K\u00fcndigungen aufgrund von Strukturwandel zu. Auch Arbeitnehmende \u00dc50 stehen unter Druck.","articlekey":"","footnotes":""},"categories":[26],"tags":[47,49,254,452],"class_list":["post-4718","post","type-post","status-publish","format-standard","has-post-thumbnail","hentry","category-hrm","tag-arbeitsmarkt","tag-arbeitspatz","tag-hrm","tag-statistik"],"acf":[],"yoast_head":"<!-- This site is optimized with the Yoast SEO plugin v27.5 - https:\/\/yoast.com\/product\/yoast-seo-wordpress\/ -->\n<title>Mehr K\u00fcndigungen durch Strukturwandel - \u00dc50 unter Druck - Organisator<\/title>\n<meta name=\"description\" content=\"Gem\u00e4ss der aktuellen von Rundstedt Outplacement-Statistik nehmen K\u00fcndigungen aufgrund von Strukturwandel zu. Auch Arbeitnehmende \u00dc50 stehen unter Druck.\" \/>\n<meta name=\"robots\" content=\"index, follow, max-snippet:-1, max-image-preview:large, max-video-preview:-1\" \/>\n<link rel=\"canonical\" href=\"https:\/\/www.organisator.ch\/fr\/ressources-humaines\/hrm\/2019-01-10\/mehr-kuendigungen-durch-strukturwandel-ue50-unter-druck\/\" \/>\n<meta property=\"og:locale\" content=\"fr_FR\" \/>\n<meta property=\"og:type\" content=\"article\" \/>\n<meta property=\"og:title\" content=\"Mehr K\u00fcndigungen durch Strukturwandel - \u00dc50 unter Druck\" \/>\n<meta property=\"og:description\" content=\"Gem\u00e4ss der aktuellen von Rundstedt Outplacement-Statistik nehmen K\u00fcndigungen aufgrund von Strukturwandel zu. Auch Arbeitnehmende \u00dc50 stehen unter Druck.\" \/>\n<meta property=\"og:url\" content=\"https:\/\/www.organisator.ch\/fr\/ressources-humaines\/hrm\/2019-01-10\/mehr-kuendigungen-durch-strukturwandel-ue50-unter-druck\/\" \/>\n<meta property=\"og:site_name\" content=\"Organisator\" \/>\n<meta property=\"article:publisher\" content=\"https:\/\/www.facebook.com\/OrganisatorFachmagazin\" \/>\n<meta property=\"article:published_time\" content=\"2019-01-10T09:44:59+00:00\" \/>\n<meta property=\"og:image\" content=\"https:\/\/www.organisator.ch\/wp-content\/uploads\/2019\/01\/Mehr-Kuendigungen-durch-Strukturwandel-Ue50-unter-Druck_Organisator.jpg\" \/>\n\t<meta property=\"og:image:width\" content=\"680\" \/>\n\t<meta property=\"og:image:height\" content=\"430\" \/>\n\t<meta property=\"og:image:type\" content=\"image\/jpeg\" \/>\n<meta name=\"author\" content=\"thomas.berner\" \/>\n<meta name=\"twitter:card\" content=\"summary_large_image\" \/>\n<meta name=\"twitter:title\" content=\"Mehr #K\u00fcndigungen durch #Strukturwandel - \u00dc50 unter Druck\" \/>\n<meta name=\"twitter:description\" content=\"Gem\u00e4ss der aktuellen von #Rundstedt Outplacement-Statistik nehmen #K\u00fcndigungen aufgrund von #Strukturwandel zu. Auch Arbeitnehmende \u00dc50 stehen unter Druck.\" \/>\n<meta name=\"twitter:image\" content=\"https:\/\/www.organisator.ch\/wp-content\/uploads\/2019\/01\/Mehr-K\u00fcndigungen-durch-Strukturwandel-\u00dc50-unter-Druck_Organisator.jpg\" \/>\n<script type=\"application\/ld+json\" class=\"yoast-schema-graph\">{\"@context\":\"https:\\\/\\\/schema.org\",\"@graph\":[{\"@type\":\"Article\",\"@id\":\"https:\\\/\\\/www.organisator.ch\\\/human-resources\\\/hrm\\\/2019-01-10\\\/mehr-kuendigungen-durch-strukturwandel-ue50-unter-druck\\\/#article\",\"isPartOf\":{\"@id\":\"https:\\\/\\\/www.organisator.ch\\\/human-resources\\\/hrm\\\/2019-01-10\\\/mehr-kuendigungen-durch-strukturwandel-ue50-unter-druck\\\/\"},\"author\":{\"name\":\"thomas.berner\",\"@id\":\"https:\\\/\\\/www.organisator.ch\\\/#\\\/schema\\\/person\\\/6f650f90b2842cd4c0cc334b4e36f67e\"},\"headline\":\"Mehr K\u00fcndigungen durch Strukturwandel &#8211; \u00dc50 unter Druck\",\"datePublished\":\"2019-01-10T09:44:59+00:00\",\"mainEntityOfPage\":{\"@id\":\"https:\\\/\\\/www.organisator.ch\\\/human-resources\\\/hrm\\\/2019-01-10\\\/mehr-kuendigungen-durch-strukturwandel-ue50-unter-druck\\\/\"},\"wordCount\":1014,\"commentCount\":1,\"publisher\":{\"@id\":\"https:\\\/\\\/www.organisator.ch\\\/#organization\"},\"image\":{\"@id\":\"https:\\\/\\\/www.organisator.ch\\\/human-resources\\\/hrm\\\/2019-01-10\\\/mehr-kuendigungen-durch-strukturwandel-ue50-unter-druck\\\/#primaryimage\"},\"thumbnailUrl\":\"https:\\\/\\\/www.organisator.ch\\\/wp-content\\\/uploads\\\/2019\\\/01\\\/Mehr-Kuendigungen-durch-Strukturwandel-Ue50-unter-Druck_Organisator.jpg\",\"keywords\":[\"Arbeitsmarkt\",\"Arbeitspatz\",\"HRM\",\"Statistik\"],\"articleSection\":[\"HRM\"],\"inLanguage\":\"fr-FR\"},{\"@type\":\"WebPage\",\"@id\":\"https:\\\/\\\/www.organisator.ch\\\/human-resources\\\/hrm\\\/2019-01-10\\\/mehr-kuendigungen-durch-strukturwandel-ue50-unter-druck\\\/\",\"url\":\"https:\\\/\\\/www.organisator.ch\\\/human-resources\\\/hrm\\\/2019-01-10\\\/mehr-kuendigungen-durch-strukturwandel-ue50-unter-druck\\\/\",\"name\":\"Mehr K\u00fcndigungen durch Strukturwandel - \u00dc50 unter Druck - Organisator\",\"isPartOf\":{\"@id\":\"https:\\\/\\\/www.organisator.ch\\\/#website\"},\"primaryImageOfPage\":{\"@id\":\"https:\\\/\\\/www.organisator.ch\\\/human-resources\\\/hrm\\\/2019-01-10\\\/mehr-kuendigungen-durch-strukturwandel-ue50-unter-druck\\\/#primaryimage\"},\"image\":{\"@id\":\"https:\\\/\\\/www.organisator.ch\\\/human-resources\\\/hrm\\\/2019-01-10\\\/mehr-kuendigungen-durch-strukturwandel-ue50-unter-druck\\\/#primaryimage\"},\"thumbnailUrl\":\"https:\\\/\\\/www.organisator.ch\\\/wp-content\\\/uploads\\\/2019\\\/01\\\/Mehr-Kuendigungen-durch-Strukturwandel-Ue50-unter-Druck_Organisator.jpg\",\"datePublished\":\"2019-01-10T09:44:59+00:00\",\"description\":\"Gem\u00e4ss der aktuellen von Rundstedt Outplacement-Statistik nehmen K\u00fcndigungen aufgrund von Strukturwandel zu. Auch Arbeitnehmende \u00dc50 stehen unter Druck.\",\"breadcrumb\":{\"@id\":\"https:\\\/\\\/www.organisator.ch\\\/human-resources\\\/hrm\\\/2019-01-10\\\/mehr-kuendigungen-durch-strukturwandel-ue50-unter-druck\\\/#breadcrumb\"},\"inLanguage\":\"fr-FR\",\"potentialAction\":[{\"@type\":\"ReadAction\",\"target\":[\"https:\\\/\\\/www.organisator.ch\\\/human-resources\\\/hrm\\\/2019-01-10\\\/mehr-kuendigungen-durch-strukturwandel-ue50-unter-druck\\\/\"]}]},{\"@type\":\"ImageObject\",\"inLanguage\":\"fr-FR\",\"@id\":\"https:\\\/\\\/www.organisator.ch\\\/human-resources\\\/hrm\\\/2019-01-10\\\/mehr-kuendigungen-durch-strukturwandel-ue50-unter-druck\\\/#primaryimage\",\"url\":\"https:\\\/\\\/www.organisator.ch\\\/wp-content\\\/uploads\\\/2019\\\/01\\\/Mehr-Kuendigungen-durch-Strukturwandel-Ue50-unter-Druck_Organisator.jpg\",\"contentUrl\":\"https:\\\/\\\/www.organisator.ch\\\/wp-content\\\/uploads\\\/2019\\\/01\\\/Mehr-Kuendigungen-durch-Strukturwandel-Ue50-unter-Druck_Organisator.jpg\",\"width\":680,\"height\":430,\"caption\":\"Der Strukturwandel f\u00fchrt zu mehr K\u00fcndigungen, nicht konjunkturelle Gr\u00fcnde, so eine Erkenntnis des j\u00fcngsten von Rundstedt Arbeitsmarkt-Barometers. (Bild: Pauline \\\/ pixelio.de)\"},{\"@type\":\"BreadcrumbList\",\"@id\":\"https:\\\/\\\/www.organisator.ch\\\/human-resources\\\/hrm\\\/2019-01-10\\\/mehr-kuendigungen-durch-strukturwandel-ue50-unter-druck\\\/#breadcrumb\",\"itemListElement\":[{\"@type\":\"ListItem\",\"position\":1,\"name\":\"Home\",\"item\":\"https:\\\/\\\/www.organisator.ch\\\/\"},{\"@type\":\"ListItem\",\"position\":2,\"name\":\"Mehr K\u00fcndigungen durch Strukturwandel &#8211; \u00dc50 unter Druck\"}]},{\"@type\":\"WebSite\",\"@id\":\"https:\\\/\\\/www.organisator.ch\\\/#website\",\"url\":\"https:\\\/\\\/www.organisator.ch\\\/\",\"name\":\"Organisator\",\"description\":\"Kompetent. Praxisnah. Der ORGANISATOR bereitet in 10 Ausgaben pro Jahr die wesentlichen Themen f\u00fcr F\u00fchrungskr\u00e4fte von KMU auf.\",\"publisher\":{\"@id\":\"https:\\\/\\\/www.organisator.ch\\\/#organization\"},\"potentialAction\":[{\"@type\":\"SearchAction\",\"target\":{\"@type\":\"EntryPoint\",\"urlTemplate\":\"https:\\\/\\\/www.organisator.ch\\\/?s={search_term_string}\"},\"query-input\":{\"@type\":\"PropertyValueSpecification\",\"valueRequired\":true,\"valueName\":\"search_term_string\"}}],\"inLanguage\":\"fr-FR\"},{\"@type\":\"Organization\",\"@id\":\"https:\\\/\\\/www.organisator.ch\\\/#organization\",\"name\":\"Organisator\",\"url\":\"https:\\\/\\\/www.organisator.ch\\\/\",\"logo\":{\"@type\":\"ImageObject\",\"inLanguage\":\"fr-FR\",\"@id\":\"https:\\\/\\\/www.organisator.ch\\\/#\\\/schema\\\/logo\\\/image\\\/\",\"url\":\"https:\\\/\\\/www.organisator.ch\\\/wp-content\\\/uploads\\\/2022\\\/01\\\/Logo_Organisator_Website.png\",\"contentUrl\":\"https:\\\/\\\/www.organisator.ch\\\/wp-content\\\/uploads\\\/2022\\\/01\\\/Logo_Organisator_Website.png\",\"width\":800,\"height\":77,\"caption\":\"Organisator\"},\"image\":{\"@id\":\"https:\\\/\\\/www.organisator.ch\\\/#\\\/schema\\\/logo\\\/image\\\/\"},\"sameAs\":[\"https:\\\/\\\/www.facebook.com\\\/OrganisatorFachmagazin\",\"https:\\\/\\\/www.linkedin.com\\\/showcase\\\/organisator-das-magazin-fr-kmu\",\"https:\\\/\\\/www.xing.com\\\/news\\\/pages\\\/organisator-ch-695\",\"https:\\\/\\\/www.youtube.com\\\/channel\\\/UCGP2Sq0iWaZwT3BdIAQFYpw\"]},{\"@type\":\"Person\",\"@id\":\"https:\\\/\\\/www.organisator.ch\\\/#\\\/schema\\\/person\\\/6f650f90b2842cd4c0cc334b4e36f67e\",\"name\":\"thomas.berner\",\"image\":{\"@type\":\"ImageObject\",\"inLanguage\":\"fr-FR\",\"@id\":\"https:\\\/\\\/secure.gravatar.com\\\/avatar\\\/ac5001d2a36cb6c6cd3e50789007ffca834b477b74a2144564522e944eabff61?s=96&d=mm&r=g\",\"url\":\"https:\\\/\\\/secure.gravatar.com\\\/avatar\\\/ac5001d2a36cb6c6cd3e50789007ffca834b477b74a2144564522e944eabff61?s=96&d=mm&r=g\",\"contentUrl\":\"https:\\\/\\\/secure.gravatar.com\\\/avatar\\\/ac5001d2a36cb6c6cd3e50789007ffca834b477b74a2144564522e944eabff61?s=96&d=mm&r=g\",\"caption\":\"thomas.berner\"},\"url\":\"https:\\\/\\\/www.organisator.ch\\\/fr\\\/author\\\/thomas-berner\\\/\"}]}<\/script>\n<!-- \/ Yoast SEO plugin. -->","yoast_head_json":{"title":"Plus de licenciements en raison des changements structurels - Les plus de 50 ans sous pression - Organisateur","description":"Selon les derni\u00e8res statistiques de von Rundstedt Outplacement, les licenciements li\u00e9s aux changements structurels sont en augmentation. Les travailleurs de plus de 50 ans sont \u00e9galement sous pression.","robots":{"index":"index","follow":"follow","max-snippet":"max-snippet:-1","max-image-preview":"max-image-preview:large","max-video-preview":"max-video-preview:-1"},"canonical":"https:\/\/www.organisator.ch\/fr\/ressources-humaines\/hrm\/2019-01-10\/mehr-kuendigungen-durch-strukturwandel-ue50-unter-druck\/","og_locale":"fr_FR","og_type":"article","og_title":"Mehr K\u00fcndigungen durch Strukturwandel - \u00dc50 unter Druck","og_description":"Gem\u00e4ss der aktuellen von Rundstedt Outplacement-Statistik nehmen K\u00fcndigungen aufgrund von Strukturwandel zu. Auch Arbeitnehmende \u00dc50 stehen unter Druck.","og_url":"https:\/\/www.organisator.ch\/fr\/ressources-humaines\/hrm\/2019-01-10\/mehr-kuendigungen-durch-strukturwandel-ue50-unter-druck\/","og_site_name":"Organisator","article_publisher":"https:\/\/www.facebook.com\/OrganisatorFachmagazin","article_published_time":"2019-01-10T09:44:59+00:00","og_image":[{"width":680,"height":430,"url":"https:\/\/www.organisator.ch\/wp-content\/uploads\/2019\/01\/Mehr-Kuendigungen-durch-Strukturwandel-Ue50-unter-Druck_Organisator.jpg","type":"image\/jpeg"}],"author":"thomas.berner","twitter_card":"summary_large_image","twitter_title":"Mehr #K\u00fcndigungen durch #Strukturwandel - \u00dc50 unter Druck","twitter_description":"Gem\u00e4ss der aktuellen von #Rundstedt Outplacement-Statistik nehmen #K\u00fcndigungen aufgrund von #Strukturwandel zu. Auch Arbeitnehmende \u00dc50 stehen unter Druck.","twitter_image":"https:\/\/www.organisator.ch\/wp-content\/uploads\/2019\/01\/Mehr-K\u00fcndigungen-durch-Strukturwandel-\u00dc50-unter-Druck_Organisator.jpg","schema":{"@context":"https:\/\/schema.org","@graph":[{"@type":"Article","@id":"https:\/\/www.organisator.ch\/human-resources\/hrm\/2019-01-10\/mehr-kuendigungen-durch-strukturwandel-ue50-unter-druck\/#article","isPartOf":{"@id":"https:\/\/www.organisator.ch\/human-resources\/hrm\/2019-01-10\/mehr-kuendigungen-durch-strukturwandel-ue50-unter-druck\/"},"author":{"name":"thomas.berner","@id":"https:\/\/www.organisator.ch\/#\/schema\/person\/6f650f90b2842cd4c0cc334b4e36f67e"},"headline":"Mehr K\u00fcndigungen durch Strukturwandel &#8211; \u00dc50 unter Druck","datePublished":"2019-01-10T09:44:59+00:00","mainEntityOfPage":{"@id":"https:\/\/www.organisator.ch\/human-resources\/hrm\/2019-01-10\/mehr-kuendigungen-durch-strukturwandel-ue50-unter-druck\/"},"wordCount":1014,"commentCount":1,"publisher":{"@id":"https:\/\/www.organisator.ch\/#organization"},"image":{"@id":"https:\/\/www.organisator.ch\/human-resources\/hrm\/2019-01-10\/mehr-kuendigungen-durch-strukturwandel-ue50-unter-druck\/#primaryimage"},"thumbnailUrl":"https:\/\/www.organisator.ch\/wp-content\/uploads\/2019\/01\/Mehr-Kuendigungen-durch-Strukturwandel-Ue50-unter-Druck_Organisator.jpg","keywords":["Arbeitsmarkt","Arbeitspatz","HRM","Statistik"],"articleSection":["HRM"],"inLanguage":"fr-FR"},{"@type":"WebPage","@id":"https:\/\/www.organisator.ch\/human-resources\/hrm\/2019-01-10\/mehr-kuendigungen-durch-strukturwandel-ue50-unter-druck\/","url":"https:\/\/www.organisator.ch\/human-resources\/hrm\/2019-01-10\/mehr-kuendigungen-durch-strukturwandel-ue50-unter-druck\/","name":"Plus de licenciements en raison des changements structurels - Les plus de 50 ans sous pression - Organisateur","isPartOf":{"@id":"https:\/\/www.organisator.ch\/#website"},"primaryImageOfPage":{"@id":"https:\/\/www.organisator.ch\/human-resources\/hrm\/2019-01-10\/mehr-kuendigungen-durch-strukturwandel-ue50-unter-druck\/#primaryimage"},"image":{"@id":"https:\/\/www.organisator.ch\/human-resources\/hrm\/2019-01-10\/mehr-kuendigungen-durch-strukturwandel-ue50-unter-druck\/#primaryimage"},"thumbnailUrl":"https:\/\/www.organisator.ch\/wp-content\/uploads\/2019\/01\/Mehr-Kuendigungen-durch-Strukturwandel-Ue50-unter-Druck_Organisator.jpg","datePublished":"2019-01-10T09:44:59+00:00","description":"Selon les derni\u00e8res statistiques de von Rundstedt Outplacement, les licenciements li\u00e9s aux changements structurels sont en augmentation. Les travailleurs de plus de 50 ans sont \u00e9galement sous pression.","breadcrumb":{"@id":"https:\/\/www.organisator.ch\/human-resources\/hrm\/2019-01-10\/mehr-kuendigungen-durch-strukturwandel-ue50-unter-druck\/#breadcrumb"},"inLanguage":"fr-FR","potentialAction":[{"@type":"ReadAction","target":["https:\/\/www.organisator.ch\/human-resources\/hrm\/2019-01-10\/mehr-kuendigungen-durch-strukturwandel-ue50-unter-druck\/"]}]},{"@type":"ImageObject","inLanguage":"fr-FR","@id":"https:\/\/www.organisator.ch\/human-resources\/hrm\/2019-01-10\/mehr-kuendigungen-durch-strukturwandel-ue50-unter-druck\/#primaryimage","url":"https:\/\/www.organisator.ch\/wp-content\/uploads\/2019\/01\/Mehr-Kuendigungen-durch-Strukturwandel-Ue50-unter-Druck_Organisator.jpg","contentUrl":"https:\/\/www.organisator.ch\/wp-content\/uploads\/2019\/01\/Mehr-Kuendigungen-durch-Strukturwandel-Ue50-unter-Druck_Organisator.jpg","width":680,"height":430,"caption":"Der Strukturwandel f\u00fchrt zu mehr K\u00fcndigungen, nicht konjunkturelle Gr\u00fcnde, so eine Erkenntnis des j\u00fcngsten von Rundstedt Arbeitsmarkt-Barometers. (Bild: Pauline \/ pixelio.de)"},{"@type":"BreadcrumbList","@id":"https:\/\/www.organisator.ch\/human-resources\/hrm\/2019-01-10\/mehr-kuendigungen-durch-strukturwandel-ue50-unter-druck\/#breadcrumb","itemListElement":[{"@type":"ListItem","position":1,"name":"Home","item":"https:\/\/www.organisator.ch\/"},{"@type":"ListItem","position":2,"name":"Mehr K\u00fcndigungen durch Strukturwandel &#8211; \u00dc50 unter Druck"}]},{"@type":"WebSite","@id":"https:\/\/www.organisator.ch\/#website","url":"https:\/\/www.organisator.ch\/","name":"Organisateur","description":"Comp\u00e9tence et comp\u00e9tence. Proches de la pratique. L'ORGANISATEUR pr\u00e9pare 10 num\u00e9ros par an sur les th\u00e8mes essentiels pour les dirigeants de PME.","publisher":{"@id":"https:\/\/www.organisator.ch\/#organization"},"potentialAction":[{"@type":"SearchAction","target":{"@type":"EntryPoint","urlTemplate":"https:\/\/www.organisator.ch\/?s={search_term_string}"},"query-input":{"@type":"PropertyValueSpecification","valueRequired":true,"valueName":"search_term_string"}}],"inLanguage":"fr-FR"},{"@type":"Organization","@id":"https:\/\/www.organisator.ch\/#organization","name":"Organisateur","url":"https:\/\/www.organisator.ch\/","logo":{"@type":"ImageObject","inLanguage":"fr-FR","@id":"https:\/\/www.organisator.ch\/#\/schema\/logo\/image\/","url":"https:\/\/www.organisator.ch\/wp-content\/uploads\/2022\/01\/Logo_Organisator_Website.png","contentUrl":"https:\/\/www.organisator.ch\/wp-content\/uploads\/2022\/01\/Logo_Organisator_Website.png","width":800,"height":77,"caption":"Organisator"},"image":{"@id":"https:\/\/www.organisator.ch\/#\/schema\/logo\/image\/"},"sameAs":["https:\/\/www.facebook.com\/OrganisatorFachmagazin","https:\/\/www.linkedin.com\/showcase\/organisator-das-magazin-fr-kmu","https:\/\/www.xing.com\/news\/pages\/organisator-ch-695","https:\/\/www.youtube.com\/channel\/UCGP2Sq0iWaZwT3BdIAQFYpw"]},{"@type":"Person","@id":"https:\/\/www.organisator.ch\/#\/schema\/person\/6f650f90b2842cd4c0cc334b4e36f67e","name":"thomas.berner","image":{"@type":"ImageObject","inLanguage":"fr-FR","@id":"https:\/\/secure.gravatar.com\/avatar\/ac5001d2a36cb6c6cd3e50789007ffca834b477b74a2144564522e944eabff61?s=96&d=mm&r=g","url":"https:\/\/secure.gravatar.com\/avatar\/ac5001d2a36cb6c6cd3e50789007ffca834b477b74a2144564522e944eabff61?s=96&d=mm&r=g","contentUrl":"https:\/\/secure.gravatar.com\/avatar\/ac5001d2a36cb6c6cd3e50789007ffca834b477b74a2144564522e944eabff61?s=96&d=mm&r=g","caption":"thomas.berner"},"url":"https:\/\/www.organisator.ch\/fr\/author\/thomas-berner\/"}]}},"_links":{"self":[{"href":"https:\/\/www.organisator.ch\/fr\/wp-json\/wp\/v2\/posts\/4718","targetHints":{"allow":["GET"]}}],"collection":[{"href":"https:\/\/www.organisator.ch\/fr\/wp-json\/wp\/v2\/posts"}],"about":[{"href":"https:\/\/www.organisator.ch\/fr\/wp-json\/wp\/v2\/types\/post"}],"author":[{"embeddable":true,"href":"https:\/\/www.organisator.ch\/fr\/wp-json\/wp\/v2\/users\/4"}],"replies":[{"embeddable":true,"href":"https:\/\/www.organisator.ch\/fr\/wp-json\/wp\/v2\/comments?post=4718"}],"version-history":[{"count":0,"href":"https:\/\/www.organisator.ch\/fr\/wp-json\/wp\/v2\/posts\/4718\/revisions"}],"wp:featuredmedia":[{"embeddable":true,"href":"https:\/\/www.organisator.ch\/fr\/wp-json\/wp\/v2\/media\/4719"}],"wp:attachment":[{"href":"https:\/\/www.organisator.ch\/fr\/wp-json\/wp\/v2\/media?parent=4718"}],"wp:term":[{"taxonomy":"category","embeddable":true,"href":"https:\/\/www.organisator.ch\/fr\/wp-json\/wp\/v2\/categories?post=4718"},{"taxonomy":"post_tag","embeddable":true,"href":"https:\/\/www.organisator.ch\/fr\/wp-json\/wp\/v2\/tags?post=4718"}],"curies":[{"name":"wp","href":"https:\/\/api.w.org\/{rel}","templated":true}]}}