{"id":4721,"date":"2019-01-10T14:02:28","date_gmt":"2019-01-10T13:02:28","guid":{"rendered":"https:\/\/www.organisator.ch\/?p=4721"},"modified":"2019-01-10T14:02:28","modified_gmt":"2019-01-10T13:02:28","slug":"karriereentwicklungs-und-outplacement-dienstleistungen-immer-staerker-nachgefragt","status":"publish","type":"post","link":"https:\/\/www.organisator.ch\/fr\/management\/2019-01-10\/karriereentwicklungs-und-outplacement-dienstleistungen-immer-staerker-nachgefragt\/","title":{"rendered":"Les services de d\u00e9veloppement de carri\u00e8re et d'outplacement sont de plus en plus demand\u00e9s"},"content":{"rendered":"<figure id=\"attachment_4723\" aria-describedby=\"caption-attachment-4723\" style=\"width: 680px\" class=\"wp-caption alignnone\"><img loading=\"lazy\" decoding=\"async\" class=\"size-medium wp-image-4723\" src=\"https:\/\/www.organisator.ch\/wp-content\/uploads\/2019\/01\/Karriereentwicklungs-und-Outplacement-Dienstleistungen-immer-staerker-nachgefragt_Organisator.jpg\" alt=\"\" width=\"680\" height=\"431\" srcset=\"https:\/\/www.organisator.ch\/wp-content\/uploads\/2019\/01\/Karriereentwicklungs-und-Outplacement-Dienstleistungen-immer-staerker-nachgefragt_Organisator.jpg 680w, https:\/\/www.organisator.ch\/wp-content\/uploads\/2019\/01\/Karriereentwicklungs-und-Outplacement-Dienstleistungen-immer-staerker-nachgefragt_Organisator-16x10.jpg 16w, https:\/\/www.organisator.ch\/wp-content\/uploads\/2019\/01\/Karriereentwicklungs-und-Outplacement-Dienstleistungen-immer-staerker-nachgefragt_Organisator-276x175.jpg 276w, https:\/\/www.organisator.ch\/wp-content\/uploads\/2019\/01\/Karriereentwicklungs-und-Outplacement-Dienstleistungen-immer-staerker-nachgefragt_Organisator-552x350.jpg 552w, https:\/\/www.organisator.ch\/wp-content\/uploads\/2019\/01\/Karriereentwicklungs-und-Outplacement-Dienstleistungen-immer-staerker-nachgefragt_Organisator-300x190.jpg 300w\" sizes=\"auto, (max-width: 680px) 100vw, 680px\" \/><figcaption id=\"caption-attachment-4723\" class=\"wp-caption-text\">Les instances dirigeantes sup\u00e9rieures font de plus en plus confiance aux services de d\u00e9veloppement de carri\u00e8re et d'outplacement. C'est ce que montre une \u00e9valuation triennale de Grass &amp; Partner AG. (Image : Fotolia.com)<\/figcaption><\/figure>\n<p>Dans la pr\u00e9sente comparaison triennale de Grass &amp; Partner AG pour la p\u00e9riode 2016-2018, un changement de mentalit\u00e9 se dessine en particulier chez les directions et les membres de CA de PME en ce qui concerne les nouvelles orientations et les r\u00e8glements de succession. Cela s'explique par les changements actuels sur le march\u00e9 du travail. Les changements structurels, les influences \u00e9conomiques et surtout la num\u00e9risation entra\u00eenent de nouvelles exigences en termes de comp\u00e9tences et de culture. Une plus grande diversit\u00e9, en premier lieu au sens de la diversit\u00e9 des formations, des talents et des \u00e2ges, est demand\u00e9e. Les personnes concern\u00e9es font donc de plus en plus appel \u00e0 un accompagnement professionnel pour le d\u00e9veloppement de carri\u00e8re et l'outplacement.\u00a0<span lang=\"DE\">L'enqu\u00eate triennale de l'entreprise, qui compte parmi les leaders de l'outplacement en Suisse, se base sur l'interrogation d'environ 700 cadres et sp\u00e9cialistes issus des branches les plus diverses. <\/span><\/p>\n<h2>La pression croissante augmente le besoin de services d'outplacement<\/h2>\n<p>Il ressort de l'\u00e9tude actuelle que la pression exerc\u00e9e sur les collaborateurs occupant des fonctions d'\u00e9tat-major et de management a continu\u00e9 d'augmenter. Le taux est pass\u00e9 de 23% en 2017 \u00e0 30% des personnes en r\u00e9orientation en 2018. Les causes de ce ph\u00e9nom\u00e8ne sont essentiellement les \u00e9volutions \u00e9conomiques et technologiques, qui confrontent \u00e9galement les niveaux de direction \u00e0 de nouveaux profils d'exigences.<\/p>\n<p><span lang=\"DE\">La situation \u00e9conomique globalement plus stable de l'ann\u00e9e derni\u00e8re a eu un effet positif pour le secteur industriel. Dans ce domaine, l'enqu\u00eate triennale actuelle de Grass &amp; Partner AG enregistre une baisse du nombre de personnes en cours de new\/outplacement, qui est pass\u00e9 de 22 % en 2017 \u00e0 11 % en 2018.\u00a0<\/span><span lang=\"DE\">Le taux de prise en charge dans le secteur du commerce est pass\u00e9 de 10% en 2017 \u00e0 7% l'ann\u00e9e derni\u00e8re. Le secteur public enregistre \u00e9galement une diminution des s\u00e9parations. Le taux est pass\u00e9 de 11% en 2017 \u00e0 7% en 2018. <\/span><span lang=\"DE\">L'ann\u00e9e derni\u00e8re, les secteurs des services et de l'informatique ont \u00e9t\u00e9 sous pression. En comparaison avec l'ann\u00e9e pr\u00e9c\u00e9dente, ils ont enregistr\u00e9 une augmentation significative des s\u00e9parations, de 5% \u00e0 12% et de 11% \u00e0 16%. Le recours aux services d'outplacement a \u00e9galement augment\u00e9 dans les fonctions d'\u00e9tat-major et de support au management : <\/span><span lang=\"DE\">La part y est pass\u00e9e de 23% en 2017 \u00e0 30% en 2018.<\/span><\/p>\n<h2>Des tendances toujours positives pour les travailleurs \u00e2g\u00e9s<\/h2>\n<p>Une autre tendance sur le march\u00e9 du travail concerne les collaborateurs plus \u00e2g\u00e9s. L'enqu\u00eate triennale actuelle r\u00e9v\u00e8le une forte augmentation du nombre de personnes \u00e2g\u00e9es de plus de 50 ou 55 ans. Gr\u00e2ce \u00e0 un accompagnement professionnel r\u00e9ussi, leurs chances de r\u00e9orientation professionnelle se sont nettement am\u00e9lior\u00e9es. Si l'on consid\u00e8re l'ensemble des mandats de replacement de l'ann\u00e9e derni\u00e8re, Grass &amp; Partner a pu r\u00e9duire le d\u00e9lai n\u00e9cessaire \u00e0 l'obtention d'un nouvel emploi pour les personnes concern\u00e9es de 6 mois en 2017 \u00e0 5,6 mois en 2018. Le besoin \u00e9lev\u00e9 de collaborateurs exp\u00e9riment\u00e9s et de porteurs de savoir-faire dans l'environnement en plein essor des PME a certainement contribu\u00e9 \u00e0 cette \u00e9volution. En effet, pour cette client\u00e8le, l'accent est de plus en plus mis sur le r\u00e8glement des successions, les participations et les reprises d'entreprises.<\/p>\n<h2>Les femmes saisissent leur chance<\/h2>\n<p>Les chiffres actuels concernant la pr\u00e9sence des femmes dans les sph\u00e8res dirigeantes des entreprises suisses sont en recul. Le fait que Grass &amp; Partner enregistre une augmentation constante de cadres f\u00e9minins qui re\u00e7oivent un soutien cibl\u00e9 dans le domaine du d\u00e9veloppement de carri\u00e8re ou qui en prennent eux-m\u00eames l'initiative va dans ce sens. Ceci certainement aussi dans le but de contrecarrer cette tendance de mani\u00e8re proactive. La prochaine enqu\u00eate triennale nous renseignera peut-\u00eatre sur l'\u00e9volution du march\u00e9 du travail suisse \u00e0 cet \u00e9gard.<\/p>\n<p><span lang=\"DE\">La premi\u00e8re \u00e9tude de ce type a \u00e9t\u00e9 r\u00e9alis\u00e9e par Grass &amp; Partner pour les ann\u00e9es 2005 \u00e0 2007. Depuis, l'entreprise proc\u00e8de \u00e0 des enqu\u00eates triennales et met ainsi \u00e0 disposition des informations pertinentes sur la situation du march\u00e9 du travail, en particulier pour les membres des organes de direction ainsi que pour les cadres.<\/span><\/p>\n<p><em>Source et informations compl\u00e9mentaires :\u00a0<\/em><em><a href=\"http:\/\/www.grassgroup.ch\/\">www.grassgroup.ch<\/a><\/em><\/p>\n<p><em>Vous trouverez un autre article r\u00e9cent sur les services d'outplacement <a href=\"https:\/\/www.organisator.ch\/mehr-kuendigungen-durch-strukturwandel-ue50-unter-druck\/\">ici<\/a>.<\/em><\/p>","protected":false},"excerpt":{"rendered":"<p>Im vorliegenden Dreijahresvergleich der Grass &amp; Partner AG f\u00fcr den Zeitraum 2016-2018 zeichnet sich insbesondere bei KMU-Gesch\u00e4ftsleitungen und -VR-Mitgliedern ein Umdenken hinsichtlich Neuorientierungen und Nachfolgeregelungen ab. Die Gr\u00fcnde daf\u00fcr liegen in den aktuellen Ver\u00e4nderungen auf dem Arbeitsmarkt. Der Strukturwandel, wirtschaftliche Einfl\u00fcsse und vor allem die Digitalisierung f\u00fchren zu neuen Anforderungen hinsichtlich Skills und Kultur. Mehr [&hellip;]<\/p>\n","protected":false},"author":4,"featured_media":4723,"comment_status":"open","ping_status":"open","sticky":false,"template":"","format":"standard","meta":{"_acf_changed":false,"_yoast_wpseo_focuskw":"Outplacement-Dienstleistungen","_yoast_wpseo_metadesc":"Eine Dreijahreserhebung 2016 - 2018 der Grass & Partner AG best\u00e4tigt eine gestiegene Nachfrage f\u00fcr Outplacement-Dienstleistungen und Karriereentwicklungen.","articlekey":"","footnotes":""},"categories":[28],"tags":[254,294,371],"class_list":["post-4721","post","type-post","status-publish","format-standard","has-post-thumbnail","hentry","category-management","tag-hrm","tag-karriere","tag-outplacement"],"acf":[],"yoast_head":"<!-- This site is optimized with the Yoast SEO plugin v27.5 - https:\/\/yoast.com\/product\/yoast-seo-wordpress\/ -->\n<title>Karriereentwicklungs- und Outplacement-Dienstleistungen immer st\u00e4rker nachgefragt - Organisator<\/title>\n<meta name=\"description\" content=\"Eine Dreijahreserhebung 2016 - 2018 der Grass &amp; Partner AG best\u00e4tigt eine gestiegene Nachfrage f\u00fcr Outplacement-Dienstleistungen und Karriereentwicklungen.\" \/>\n<meta name=\"robots\" content=\"index, follow, max-snippet:-1, max-image-preview:large, max-video-preview:-1\" \/>\n<link rel=\"canonical\" href=\"https:\/\/www.organisator.ch\/fr\/gestion-2\/2019-01-10\/karriereentwicklungs-und-outplacement-dienstleistungen-immer-staerker-nachgefragt\/\" \/>\n<meta property=\"og:locale\" content=\"fr_FR\" \/>\n<meta property=\"og:type\" content=\"article\" \/>\n<meta property=\"og:title\" content=\"Karriereentwicklungs- und Outplacement-Dienstleistungen immer st\u00e4rker nachgefragt\" \/>\n<meta property=\"og:description\" content=\"Eine Dreijahreserhebung 2016 - 2018 der Grass &amp; Partner AG best\u00e4tigt eine gestiegene Nachfrage f\u00fcr Outplacement-Dienstleistungen und Karriereentwicklungen.\" \/>\n<meta property=\"og:url\" content=\"https:\/\/www.organisator.ch\/fr\/gestion-2\/2019-01-10\/karriereentwicklungs-und-outplacement-dienstleistungen-immer-staerker-nachgefragt\/\" \/>\n<meta property=\"og:site_name\" content=\"Organisator\" \/>\n<meta property=\"article:publisher\" content=\"https:\/\/www.facebook.com\/OrganisatorFachmagazin\" \/>\n<meta property=\"article:published_time\" content=\"2019-01-10T13:02:28+00:00\" \/>\n<meta property=\"og:image\" content=\"https:\/\/www.organisator.ch\/wp-content\/uploads\/2019\/01\/Karriereentwicklungs-und-Outplacement-Dienstleistungen-immer-staerker-nachgefragt_Organisator.jpg\" \/>\n\t<meta property=\"og:image:width\" content=\"680\" \/>\n\t<meta property=\"og:image:height\" content=\"431\" \/>\n\t<meta property=\"og:image:type\" content=\"image\/jpeg\" \/>\n<meta name=\"author\" content=\"thomas.berner\" \/>\n<meta name=\"twitter:card\" content=\"summary_large_image\" \/>\n<meta name=\"twitter:title\" content=\"Karriereentwicklungs- und #Outplacement-Dienstleistungen immer st\u00e4rker nachgefragt\" \/>\n<meta name=\"twitter:description\" content=\"Eine Dreijahreserhebung 2016 - 2018 der Grass &amp; Partner AG best\u00e4tigt eine gestiegene Nachfrage f\u00fcr #Outplacement-Dienstleistungen und Karriereentwicklungen.\" \/>\n<meta name=\"twitter:image\" content=\"https:\/\/www.organisator.ch\/wp-content\/uploads\/2019\/01\/Karriereentwicklungs-und-Outplacement-Dienstleistungen-immer-st\u00e4rker-nachgefragt_Organisator.jpg\" \/>\n<script type=\"application\/ld+json\" class=\"yoast-schema-graph\">{\"@context\":\"https:\\\/\\\/schema.org\",\"@graph\":[{\"@type\":\"Article\",\"@id\":\"https:\\\/\\\/www.organisator.ch\\\/management\\\/2019-01-10\\\/karriereentwicklungs-und-outplacement-dienstleistungen-immer-staerker-nachgefragt\\\/#article\",\"isPartOf\":{\"@id\":\"https:\\\/\\\/www.organisator.ch\\\/management\\\/2019-01-10\\\/karriereentwicklungs-und-outplacement-dienstleistungen-immer-staerker-nachgefragt\\\/\"},\"author\":{\"name\":\"thomas.berner\",\"@id\":\"https:\\\/\\\/www.organisator.ch\\\/#\\\/schema\\\/person\\\/6f650f90b2842cd4c0cc334b4e36f67e\"},\"headline\":\"Karriereentwicklungs- und Outplacement-Dienstleistungen immer st\u00e4rker nachgefragt\",\"datePublished\":\"2019-01-10T13:02:28+00:00\",\"mainEntityOfPage\":{\"@id\":\"https:\\\/\\\/www.organisator.ch\\\/management\\\/2019-01-10\\\/karriereentwicklungs-und-outplacement-dienstleistungen-immer-staerker-nachgefragt\\\/\"},\"wordCount\":590,\"commentCount\":0,\"publisher\":{\"@id\":\"https:\\\/\\\/www.organisator.ch\\\/#organization\"},\"image\":{\"@id\":\"https:\\\/\\\/www.organisator.ch\\\/management\\\/2019-01-10\\\/karriereentwicklungs-und-outplacement-dienstleistungen-immer-staerker-nachgefragt\\\/#primaryimage\"},\"thumbnailUrl\":\"https:\\\/\\\/www.organisator.ch\\\/wp-content\\\/uploads\\\/2019\\\/01\\\/Karriereentwicklungs-und-Outplacement-Dienstleistungen-immer-staerker-nachgefragt_Organisator.jpg\",\"keywords\":[\"HRM\",\"Karriere\",\"Outplacement\"],\"articleSection\":[\"MANAGEMENT\"],\"inLanguage\":\"fr-FR\"},{\"@type\":\"WebPage\",\"@id\":\"https:\\\/\\\/www.organisator.ch\\\/management\\\/2019-01-10\\\/karriereentwicklungs-und-outplacement-dienstleistungen-immer-staerker-nachgefragt\\\/\",\"url\":\"https:\\\/\\\/www.organisator.ch\\\/management\\\/2019-01-10\\\/karriereentwicklungs-und-outplacement-dienstleistungen-immer-staerker-nachgefragt\\\/\",\"name\":\"Karriereentwicklungs- und Outplacement-Dienstleistungen immer st\u00e4rker nachgefragt - Organisator\",\"isPartOf\":{\"@id\":\"https:\\\/\\\/www.organisator.ch\\\/#website\"},\"primaryImageOfPage\":{\"@id\":\"https:\\\/\\\/www.organisator.ch\\\/management\\\/2019-01-10\\\/karriereentwicklungs-und-outplacement-dienstleistungen-immer-staerker-nachgefragt\\\/#primaryimage\"},\"image\":{\"@id\":\"https:\\\/\\\/www.organisator.ch\\\/management\\\/2019-01-10\\\/karriereentwicklungs-und-outplacement-dienstleistungen-immer-staerker-nachgefragt\\\/#primaryimage\"},\"thumbnailUrl\":\"https:\\\/\\\/www.organisator.ch\\\/wp-content\\\/uploads\\\/2019\\\/01\\\/Karriereentwicklungs-und-Outplacement-Dienstleistungen-immer-staerker-nachgefragt_Organisator.jpg\",\"datePublished\":\"2019-01-10T13:02:28+00:00\",\"description\":\"Eine Dreijahreserhebung 2016 - 2018 der Grass & Partner AG best\u00e4tigt eine gestiegene Nachfrage f\u00fcr Outplacement-Dienstleistungen und Karriereentwicklungen.\",\"breadcrumb\":{\"@id\":\"https:\\\/\\\/www.organisator.ch\\\/management\\\/2019-01-10\\\/karriereentwicklungs-und-outplacement-dienstleistungen-immer-staerker-nachgefragt\\\/#breadcrumb\"},\"inLanguage\":\"fr-FR\",\"potentialAction\":[{\"@type\":\"ReadAction\",\"target\":[\"https:\\\/\\\/www.organisator.ch\\\/management\\\/2019-01-10\\\/karriereentwicklungs-und-outplacement-dienstleistungen-immer-staerker-nachgefragt\\\/\"]}]},{\"@type\":\"ImageObject\",\"inLanguage\":\"fr-FR\",\"@id\":\"https:\\\/\\\/www.organisator.ch\\\/management\\\/2019-01-10\\\/karriereentwicklungs-und-outplacement-dienstleistungen-immer-staerker-nachgefragt\\\/#primaryimage\",\"url\":\"https:\\\/\\\/www.organisator.ch\\\/wp-content\\\/uploads\\\/2019\\\/01\\\/Karriereentwicklungs-und-Outplacement-Dienstleistungen-immer-staerker-nachgefragt_Organisator.jpg\",\"contentUrl\":\"https:\\\/\\\/www.organisator.ch\\\/wp-content\\\/uploads\\\/2019\\\/01\\\/Karriereentwicklungs-und-Outplacement-Dienstleistungen-immer-staerker-nachgefragt_Organisator.jpg\",\"width\":680,\"height\":431,\"caption\":\"Oberste F\u00fchrungsgremien vertrauen verst\u00e4rkt auf Karriereentwicklungs- und Outplacement-Dienstleistungen. Dies zeigt eine Dreijahres-Auswertung von Grass & Partner AG. (Bild: Fotolia.com)\"},{\"@type\":\"BreadcrumbList\",\"@id\":\"https:\\\/\\\/www.organisator.ch\\\/management\\\/2019-01-10\\\/karriereentwicklungs-und-outplacement-dienstleistungen-immer-staerker-nachgefragt\\\/#breadcrumb\",\"itemListElement\":[{\"@type\":\"ListItem\",\"position\":1,\"name\":\"Home\",\"item\":\"https:\\\/\\\/www.organisator.ch\\\/\"},{\"@type\":\"ListItem\",\"position\":2,\"name\":\"Karriereentwicklungs- und Outplacement-Dienstleistungen immer st\u00e4rker nachgefragt\"}]},{\"@type\":\"WebSite\",\"@id\":\"https:\\\/\\\/www.organisator.ch\\\/#website\",\"url\":\"https:\\\/\\\/www.organisator.ch\\\/\",\"name\":\"Organisator\",\"description\":\"Kompetent. Praxisnah. Der ORGANISATOR bereitet in 10 Ausgaben pro Jahr die wesentlichen Themen f\u00fcr F\u00fchrungskr\u00e4fte von KMU auf.\",\"publisher\":{\"@id\":\"https:\\\/\\\/www.organisator.ch\\\/#organization\"},\"potentialAction\":[{\"@type\":\"SearchAction\",\"target\":{\"@type\":\"EntryPoint\",\"urlTemplate\":\"https:\\\/\\\/www.organisator.ch\\\/?s={search_term_string}\"},\"query-input\":{\"@type\":\"PropertyValueSpecification\",\"valueRequired\":true,\"valueName\":\"search_term_string\"}}],\"inLanguage\":\"fr-FR\"},{\"@type\":\"Organization\",\"@id\":\"https:\\\/\\\/www.organisator.ch\\\/#organization\",\"name\":\"Organisator\",\"url\":\"https:\\\/\\\/www.organisator.ch\\\/\",\"logo\":{\"@type\":\"ImageObject\",\"inLanguage\":\"fr-FR\",\"@id\":\"https:\\\/\\\/www.organisator.ch\\\/#\\\/schema\\\/logo\\\/image\\\/\",\"url\":\"https:\\\/\\\/www.organisator.ch\\\/wp-content\\\/uploads\\\/2022\\\/01\\\/Logo_Organisator_Website.png\",\"contentUrl\":\"https:\\\/\\\/www.organisator.ch\\\/wp-content\\\/uploads\\\/2022\\\/01\\\/Logo_Organisator_Website.png\",\"width\":800,\"height\":77,\"caption\":\"Organisator\"},\"image\":{\"@id\":\"https:\\\/\\\/www.organisator.ch\\\/#\\\/schema\\\/logo\\\/image\\\/\"},\"sameAs\":[\"https:\\\/\\\/www.facebook.com\\\/OrganisatorFachmagazin\",\"https:\\\/\\\/www.linkedin.com\\\/showcase\\\/organisator-das-magazin-fr-kmu\",\"https:\\\/\\\/www.xing.com\\\/news\\\/pages\\\/organisator-ch-695\",\"https:\\\/\\\/www.youtube.com\\\/channel\\\/UCGP2Sq0iWaZwT3BdIAQFYpw\"]},{\"@type\":\"Person\",\"@id\":\"https:\\\/\\\/www.organisator.ch\\\/#\\\/schema\\\/person\\\/6f650f90b2842cd4c0cc334b4e36f67e\",\"name\":\"thomas.berner\",\"image\":{\"@type\":\"ImageObject\",\"inLanguage\":\"fr-FR\",\"@id\":\"https:\\\/\\\/secure.gravatar.com\\\/avatar\\\/ac5001d2a36cb6c6cd3e50789007ffca834b477b74a2144564522e944eabff61?s=96&d=mm&r=g\",\"url\":\"https:\\\/\\\/secure.gravatar.com\\\/avatar\\\/ac5001d2a36cb6c6cd3e50789007ffca834b477b74a2144564522e944eabff61?s=96&d=mm&r=g\",\"contentUrl\":\"https:\\\/\\\/secure.gravatar.com\\\/avatar\\\/ac5001d2a36cb6c6cd3e50789007ffca834b477b74a2144564522e944eabff61?s=96&d=mm&r=g\",\"caption\":\"thomas.berner\"},\"url\":\"https:\\\/\\\/www.organisator.ch\\\/fr\\\/author\\\/thomas-berner\\\/\"}]}<\/script>\n<!-- \/ Yoast SEO plugin. -->","yoast_head_json":{"title":"Les services de d\u00e9veloppement de carri\u00e8re et d'outplacement sont de plus en plus demand\u00e9s - Organisateur","description":"Une enqu\u00eate triennale 2016 - 2018 de Grass &amp; Partner AG confirme une augmentation de la demande de services d'outplacement et de d\u00e9veloppement de carri\u00e8re.","robots":{"index":"index","follow":"follow","max-snippet":"max-snippet:-1","max-image-preview":"max-image-preview:large","max-video-preview":"max-video-preview:-1"},"canonical":"https:\/\/www.organisator.ch\/fr\/gestion-2\/2019-01-10\/karriereentwicklungs-und-outplacement-dienstleistungen-immer-staerker-nachgefragt\/","og_locale":"fr_FR","og_type":"article","og_title":"Karriereentwicklungs- und Outplacement-Dienstleistungen immer st\u00e4rker nachgefragt","og_description":"Eine Dreijahreserhebung 2016 - 2018 der Grass & Partner AG best\u00e4tigt eine gestiegene Nachfrage f\u00fcr Outplacement-Dienstleistungen und Karriereentwicklungen.","og_url":"https:\/\/www.organisator.ch\/fr\/gestion-2\/2019-01-10\/karriereentwicklungs-und-outplacement-dienstleistungen-immer-staerker-nachgefragt\/","og_site_name":"Organisator","article_publisher":"https:\/\/www.facebook.com\/OrganisatorFachmagazin","article_published_time":"2019-01-10T13:02:28+00:00","og_image":[{"width":680,"height":431,"url":"https:\/\/www.organisator.ch\/wp-content\/uploads\/2019\/01\/Karriereentwicklungs-und-Outplacement-Dienstleistungen-immer-staerker-nachgefragt_Organisator.jpg","type":"image\/jpeg"}],"author":"thomas.berner","twitter_card":"summary_large_image","twitter_title":"Karriereentwicklungs- und #Outplacement-Dienstleistungen immer st\u00e4rker nachgefragt","twitter_description":"Eine Dreijahreserhebung 2016 - 2018 der Grass & Partner AG best\u00e4tigt eine gestiegene Nachfrage f\u00fcr #Outplacement-Dienstleistungen und Karriereentwicklungen.","twitter_image":"https:\/\/www.organisator.ch\/wp-content\/uploads\/2019\/01\/Karriereentwicklungs-und-Outplacement-Dienstleistungen-immer-st\u00e4rker-nachgefragt_Organisator.jpg","schema":{"@context":"https:\/\/schema.org","@graph":[{"@type":"Article","@id":"https:\/\/www.organisator.ch\/management\/2019-01-10\/karriereentwicklungs-und-outplacement-dienstleistungen-immer-staerker-nachgefragt\/#article","isPartOf":{"@id":"https:\/\/www.organisator.ch\/management\/2019-01-10\/karriereentwicklungs-und-outplacement-dienstleistungen-immer-staerker-nachgefragt\/"},"author":{"name":"thomas.berner","@id":"https:\/\/www.organisator.ch\/#\/schema\/person\/6f650f90b2842cd4c0cc334b4e36f67e"},"headline":"Karriereentwicklungs- und Outplacement-Dienstleistungen immer st\u00e4rker nachgefragt","datePublished":"2019-01-10T13:02:28+00:00","mainEntityOfPage":{"@id":"https:\/\/www.organisator.ch\/management\/2019-01-10\/karriereentwicklungs-und-outplacement-dienstleistungen-immer-staerker-nachgefragt\/"},"wordCount":590,"commentCount":0,"publisher":{"@id":"https:\/\/www.organisator.ch\/#organization"},"image":{"@id":"https:\/\/www.organisator.ch\/management\/2019-01-10\/karriereentwicklungs-und-outplacement-dienstleistungen-immer-staerker-nachgefragt\/#primaryimage"},"thumbnailUrl":"https:\/\/www.organisator.ch\/wp-content\/uploads\/2019\/01\/Karriereentwicklungs-und-Outplacement-Dienstleistungen-immer-staerker-nachgefragt_Organisator.jpg","keywords":["HRM","Karriere","Outplacement"],"articleSection":["MANAGEMENT"],"inLanguage":"fr-FR"},{"@type":"WebPage","@id":"https:\/\/www.organisator.ch\/management\/2019-01-10\/karriereentwicklungs-und-outplacement-dienstleistungen-immer-staerker-nachgefragt\/","url":"https:\/\/www.organisator.ch\/management\/2019-01-10\/karriereentwicklungs-und-outplacement-dienstleistungen-immer-staerker-nachgefragt\/","name":"Les services de d\u00e9veloppement de carri\u00e8re et d'outplacement sont de plus en plus demand\u00e9s - Organisateur","isPartOf":{"@id":"https:\/\/www.organisator.ch\/#website"},"primaryImageOfPage":{"@id":"https:\/\/www.organisator.ch\/management\/2019-01-10\/karriereentwicklungs-und-outplacement-dienstleistungen-immer-staerker-nachgefragt\/#primaryimage"},"image":{"@id":"https:\/\/www.organisator.ch\/management\/2019-01-10\/karriereentwicklungs-und-outplacement-dienstleistungen-immer-staerker-nachgefragt\/#primaryimage"},"thumbnailUrl":"https:\/\/www.organisator.ch\/wp-content\/uploads\/2019\/01\/Karriereentwicklungs-und-Outplacement-Dienstleistungen-immer-staerker-nachgefragt_Organisator.jpg","datePublished":"2019-01-10T13:02:28+00:00","description":"Une enqu\u00eate triennale 2016 - 2018 de Grass &amp; Partner AG confirme une augmentation de la demande de services d'outplacement et de d\u00e9veloppement de carri\u00e8re.","breadcrumb":{"@id":"https:\/\/www.organisator.ch\/management\/2019-01-10\/karriereentwicklungs-und-outplacement-dienstleistungen-immer-staerker-nachgefragt\/#breadcrumb"},"inLanguage":"fr-FR","potentialAction":[{"@type":"ReadAction","target":["https:\/\/www.organisator.ch\/management\/2019-01-10\/karriereentwicklungs-und-outplacement-dienstleistungen-immer-staerker-nachgefragt\/"]}]},{"@type":"ImageObject","inLanguage":"fr-FR","@id":"https:\/\/www.organisator.ch\/management\/2019-01-10\/karriereentwicklungs-und-outplacement-dienstleistungen-immer-staerker-nachgefragt\/#primaryimage","url":"https:\/\/www.organisator.ch\/wp-content\/uploads\/2019\/01\/Karriereentwicklungs-und-Outplacement-Dienstleistungen-immer-staerker-nachgefragt_Organisator.jpg","contentUrl":"https:\/\/www.organisator.ch\/wp-content\/uploads\/2019\/01\/Karriereentwicklungs-und-Outplacement-Dienstleistungen-immer-staerker-nachgefragt_Organisator.jpg","width":680,"height":431,"caption":"Oberste F\u00fchrungsgremien vertrauen verst\u00e4rkt auf Karriereentwicklungs- und Outplacement-Dienstleistungen. Dies zeigt eine Dreijahres-Auswertung von Grass & Partner AG. (Bild: Fotolia.com)"},{"@type":"BreadcrumbList","@id":"https:\/\/www.organisator.ch\/management\/2019-01-10\/karriereentwicklungs-und-outplacement-dienstleistungen-immer-staerker-nachgefragt\/#breadcrumb","itemListElement":[{"@type":"ListItem","position":1,"name":"Home","item":"https:\/\/www.organisator.ch\/"},{"@type":"ListItem","position":2,"name":"Karriereentwicklungs- und Outplacement-Dienstleistungen immer st\u00e4rker nachgefragt"}]},{"@type":"WebSite","@id":"https:\/\/www.organisator.ch\/#website","url":"https:\/\/www.organisator.ch\/","name":"Organisateur","description":"Comp\u00e9tence et comp\u00e9tence. Proches de la pratique. L'ORGANISATEUR pr\u00e9pare 10 num\u00e9ros par an sur les th\u00e8mes essentiels pour les dirigeants de PME.","publisher":{"@id":"https:\/\/www.organisator.ch\/#organization"},"potentialAction":[{"@type":"SearchAction","target":{"@type":"EntryPoint","urlTemplate":"https:\/\/www.organisator.ch\/?s={search_term_string}"},"query-input":{"@type":"PropertyValueSpecification","valueRequired":true,"valueName":"search_term_string"}}],"inLanguage":"fr-FR"},{"@type":"Organization","@id":"https:\/\/www.organisator.ch\/#organization","name":"Organisateur","url":"https:\/\/www.organisator.ch\/","logo":{"@type":"ImageObject","inLanguage":"fr-FR","@id":"https:\/\/www.organisator.ch\/#\/schema\/logo\/image\/","url":"https:\/\/www.organisator.ch\/wp-content\/uploads\/2022\/01\/Logo_Organisator_Website.png","contentUrl":"https:\/\/www.organisator.ch\/wp-content\/uploads\/2022\/01\/Logo_Organisator_Website.png","width":800,"height":77,"caption":"Organisator"},"image":{"@id":"https:\/\/www.organisator.ch\/#\/schema\/logo\/image\/"},"sameAs":["https:\/\/www.facebook.com\/OrganisatorFachmagazin","https:\/\/www.linkedin.com\/showcase\/organisator-das-magazin-fr-kmu","https:\/\/www.xing.com\/news\/pages\/organisator-ch-695","https:\/\/www.youtube.com\/channel\/UCGP2Sq0iWaZwT3BdIAQFYpw"]},{"@type":"Person","@id":"https:\/\/www.organisator.ch\/#\/schema\/person\/6f650f90b2842cd4c0cc334b4e36f67e","name":"thomas.berner","image":{"@type":"ImageObject","inLanguage":"fr-FR","@id":"https:\/\/secure.gravatar.com\/avatar\/ac5001d2a36cb6c6cd3e50789007ffca834b477b74a2144564522e944eabff61?s=96&d=mm&r=g","url":"https:\/\/secure.gravatar.com\/avatar\/ac5001d2a36cb6c6cd3e50789007ffca834b477b74a2144564522e944eabff61?s=96&d=mm&r=g","contentUrl":"https:\/\/secure.gravatar.com\/avatar\/ac5001d2a36cb6c6cd3e50789007ffca834b477b74a2144564522e944eabff61?s=96&d=mm&r=g","caption":"thomas.berner"},"url":"https:\/\/www.organisator.ch\/fr\/author\/thomas-berner\/"}]}},"_links":{"self":[{"href":"https:\/\/www.organisator.ch\/fr\/wp-json\/wp\/v2\/posts\/4721","targetHints":{"allow":["GET"]}}],"collection":[{"href":"https:\/\/www.organisator.ch\/fr\/wp-json\/wp\/v2\/posts"}],"about":[{"href":"https:\/\/www.organisator.ch\/fr\/wp-json\/wp\/v2\/types\/post"}],"author":[{"embeddable":true,"href":"https:\/\/www.organisator.ch\/fr\/wp-json\/wp\/v2\/users\/4"}],"replies":[{"embeddable":true,"href":"https:\/\/www.organisator.ch\/fr\/wp-json\/wp\/v2\/comments?post=4721"}],"version-history":[{"count":0,"href":"https:\/\/www.organisator.ch\/fr\/wp-json\/wp\/v2\/posts\/4721\/revisions"}],"wp:featuredmedia":[{"embeddable":true,"href":"https:\/\/www.organisator.ch\/fr\/wp-json\/wp\/v2\/media\/4723"}],"wp:attachment":[{"href":"https:\/\/www.organisator.ch\/fr\/wp-json\/wp\/v2\/media?parent=4721"}],"wp:term":[{"taxonomy":"category","embeddable":true,"href":"https:\/\/www.organisator.ch\/fr\/wp-json\/wp\/v2\/categories?post=4721"},{"taxonomy":"post_tag","embeddable":true,"href":"https:\/\/www.organisator.ch\/fr\/wp-json\/wp\/v2\/tags?post=4721"}],"curies":[{"name":"wp","href":"https:\/\/api.w.org\/{rel}","templated":true}]}}