{"id":47463,"date":"2026-04-20T08:33:29","date_gmt":"2026-04-20T06:33:29","guid":{"rendered":"https:\/\/www.markt-kom.com\/de\/?p=253737"},"modified":"2026-04-20T08:26:31","modified_gmt":"2026-04-20T06:26:31","slug":"future-summit-thenewnow-wenn-marken-an-relevanz-verlieren-liegt-es-selten-am-material","status":"publish","type":"post","link":"https:\/\/www.organisator.ch\/fr\/marketing\/2026-04-20\/future-summit-thenewnow-wenn-marken-an-relevanz-verlieren-liegt-es-selten-am-material\/","title":{"rendered":"Future Summit TheNewNow : \u00abSi les marques perdent en pertinence, c'est rarement \u00e0 cause du mat\u00e9riel\u00bb.\u00bb"},"content":{"rendered":"<figure id=\"attachment_253735\" class=\"wp-caption alignnone\" style=\"width: 1400px;\" aria-describedby=\"caption-attachment-253735\"><img class=\"size-full wp-image-253735\" src=\"https:\/\/www.markt-kom.com\/wp-content\/uploads\/2026\/04\/IMG_3591-scaled.jpg\" alt=\"\" width=\"1400\" height=\"1345\" \/>\r\n<figcaption id=\"caption-attachment-253735\" class=\"wp-caption-text\">Evelyn Gorgos invite au Future Summit TheNewNow. Source : KO Photography<\/figcaption>\r\n<\/figure>\r\n<p>Le luxe se trouve dans une phase de profonde r\u00e9orientation. L'acc\u00e9l\u00e9ration technologique, l'\u00e9volution des valeurs des clients et les nouvelles g\u00e9n\u00e9rations remettent en question les hypoth\u00e8ses \u00e9tablies. Le Future Summit cr\u00e9e l'espace n\u00e9cessaire pour r\u00e9fl\u00e9chir ensemble \u00e0 ces changements - en toute honn\u00eatet\u00e9, dans toutes les branches et sur un pied d'\u00e9galit\u00e9. D\u00e9velopp\u00e9 \u00e0 partir du Swiss Deluxe Hotels Media Summit, ce format r\u00e9unit pour la premi\u00e8re fois autour d'une m\u00eame table l'ensemble de l'industrie suisse du luxe : l'hospitalit\u00e9, les marques horlog\u00e8res, les banques priv\u00e9es, le secteur de la sant\u00e9 et le retail de luxe. Quelque 350 d\u00e9cideurs, cr\u00e9atifs et innovateurs organisent leur propre journ\u00e9e - avec plus de 100 sessions dans les domaines des m\u00e9dias, du business, de l'IA et du new work.  Cinq keynotes constitueront les points d'ancrage du contenu, compl\u00e9t\u00e9s par des ateliers, des panels et des formats de discussion ouverts. Le lieu d'organisation refl\u00e8te le concept : le r\u00e9seau de quartiers g\u00e9n\u00e9raux \u00e0 Zurich offre non seulement une infrastructure, mais aussi une atmosph\u00e8re. Ce qui doit rester, ce sont de nouveaux liens - avec des personnes, des id\u00e9es et des prochaines \u00e9tapes concr\u00e8tes. Nous avons demand\u00e9 \u00e0 l'initiatrice Evelyn Gorgos ce qui se cachait derri\u00e8re cette id\u00e9e.<\/p>\r\n<p><strong>Qu'est-ce qui distingue le Future Summit des conf\u00e9rences classiques dans le domaine du business et de l'innovation ?<\/strong><\/p>\r\n<p>Au Future Summit, il n'y a pas de plan directeur que nous annon\u00e7ons depuis la sc\u00e8ne. Au lieu de cela, nous cr\u00e9ons un espace dans lequel une v\u00e9ritable rencontre est possible - avec des frictions, des changements de perspectives et un dialogue ouvert. Les participants organisent eux-m\u00eames leur journ\u00e9e et choisissent parmi plus de 100 sessions ce qui les fait vraiment avancer. Moins de cours frontaux et plus d'intelligence collective en action.<\/p>\r\n<p><strong>Pourquoi le th\u00e8me de la \u201epertinence plut\u00f4t que du statut\u201c est-il au centre du Future Summit ?<\/strong><\/p>\r\n<p>Aujourd'hui, le luxe ne se d\u00e9finit plus par le prix mais par la signification, l'authenticit\u00e9 et le lien culturel. Si les marques perdent de leur pertinence, c'est rarement \u00e0 cause des mat\u00e9riaux. C'est parce qu'elles ont perdu le lien \u00e9motionnel avec les gens. C'est pr\u00e9cis\u00e9ment la question que nous voulons poser ensemble : Qu'est-ce qui rend une marque vraiment significative aujourd'hui ?<\/p>\r\n<p><strong>Quel est le r\u00f4le concret de l'IA dans le luxe, la gestion des marques et la communication ?<\/strong><\/p>\r\n<p>L'IA modifie fondamentalement les processus cr\u00e9atifs. Un bon exemple est Oliver Rust, ancien photographe de stars, qui mise aujourd'hui activement sur l'IA. Et S\u00e9bastien F\u00e9lix (Influence Society) analyse comment l'IA d\u00e9clenche une disruption cr\u00e9ative et ce que cela signifie pour l'attitude et l'\u00e9tat d'esprit des dirigeants. La question d\u00e9cisive n'est pas : que peut faire l'IA ? Mais plut\u00f4t : Qu'est-ce qui reste profond\u00e9ment humain et comment pouvons-nous le prot\u00e9ger \u00e0 l'avenir ?<\/p>\r\n<p><strong>Comment la d\u00e9finition du luxe \u00e9volue-t-elle selon les experts du Future Summit ?<\/strong><\/p>\r\n<p>Nous vivons une phase d'introspection dans le segment du luxe. La pertinence na\u00eet d'histoires authentiques et d'une v\u00e9ritable connexion. Pour comprendre la notion de \u00abNew Luxury\u00bb, il vaut \u00e9galement la peine de regarder du c\u00f4t\u00e9 de l'Asie - o\u00f9 ce mouvement a d\u00e9j\u00e0 commenc\u00e9 depuis un certain temps - avec une dynamique diff\u00e9rente et un lien natif entre technologie, culture et consommation. Nous ne pouvons pas l'ignorer.<\/p>\r\n<p><strong>Quels secteurs profitent particuli\u00e8rement de l'\u00e9change interdisciplinaire ?<\/strong><\/p>\r\n<p>Qu'il s'agisse d'une marque horlog\u00e8re, d'une banque priv\u00e9e, d'un fournisseur de mobilit\u00e9, du secteur de la sant\u00e9 ou du retail de luxe, les questions strat\u00e9giques sont les m\u00eames et c'est pr\u00e9cis\u00e9ment pour cela que nous les r\u00e9unissons. Des solutions qui n'auraient jamais vu le jour au sein d'un seul segment voient le jour lorsque des perspectives diff\u00e9rentes se rencontrent.<\/p>\r\n<p><strong>Pourquoi le Future Summit mise-t-il d\u00e9lib\u00e9r\u00e9ment sur des formats de dialogue plut\u00f4t que sur de simples conf\u00e9rences ?<\/strong><\/p>\r\n<p>Parce qu'un expos\u00e9 transmet des connaissances, mais qu'une discussion modifie la pens\u00e9e. Nous ne voulons pas que les gens repartent avec un carnet rempli d'inputs et retournent ensuite \u00e0 leur quotidien. Nous voulons des id\u00e9es et des formats qui laissent la place \u00e0 ce qui na\u00eet de l'interaction humaine. C'est pourquoi nous misons d\u00e9lib\u00e9r\u00e9ment sur le format atelier : avec Claudio Del Principe, avec un atelier de p\u00e2tes pour une exp\u00e9rience de team building, l'artiste de l'emballage Manuela Menzi, qui montre ce que le travail avec les couleurs et les collages d\u00e9clenche, Gaudenz Looser, qui lance une s\u00e9ance de questions ouvertes et le coach de fitness Stefan Cerny. Artisanat, communaut\u00e9, action r\u00e9elle - c'est aussi une forme de dialogue.<\/p>\r\n<p><strong>\u00c0 quelles connaissances concr\u00e8tes et \u00e0 quelles \u201e\u00e9tapes suivantes\u201c les participants peuvent-ils s'attendre ?<\/strong><\/p>\r\n<p>Les participants re\u00e7oivent des impulsions d'autres secteurs et de personnes qui sont d\u00e9j\u00e0 l\u00e0 o\u00f9 beaucoup veulent juste aller. Et en m\u00eame temps, ils rencontrent des personnes avec lesquelles quelque chose peut na\u00eetre - un projet, une collaboration, une nouvelle perspective sur leur propre business. Comme le r\u00e9sume Anil Varghese, CEO de Headsquarter : \"Il s'agit de trouver la bonne personne au bon moment. C'est exactement ce que nous voulons permettre : des points de contact concrets, des premi\u00e8res \u00e9bauches de solutions et le sentiment d'avoir vraiment emport\u00e9 quelque chose avec soi.<\/p>\r\n<p><strong>Comment le New Work et le leadership sont-ils trait\u00e9s dans le contexte du changement technologique ?<\/strong><\/p>\r\n<p>Il ne s'agit pas de mots cl\u00e9s du New Work, mais de la question suivante : de quoi le leadership a-t-il vraiment besoin lorsque la technologie acc\u00e9l\u00e8re tout et que la fiabilit\u00e9 doit \u00eatre red\u00e9finie ? En m\u00eame temps, nous regardons ce que signifie la culture, comment se cr\u00e9ent les espaces et les structures dans lesquels les gens peuvent vraiment bien travailler.<\/p>\r\n<p><strong>Quelle est l'importance des rencontres personnelles dans un monde num\u00e9rique ?<\/strong><\/p>\r\n<p>TheNewNow est pour moi une d\u00e9claration : la connexion bat la port\u00e9e. Dans un monde de l'information qui tourne rapidement, la pertinence na\u00eet de la confiance et la confiance na\u00eet de la rencontre personnelle.<\/p>\r\n<p><strong>Pour qui le Future Summit est-il particuli\u00e8rement pertinent - et qui ne devrait pas manquer ?<\/strong><\/p>\r\n<p>Tous ceux qui ne veulent pas attendre que d'autres formulent les r\u00e9ponses \u00e0 leur place et qui sont ouverts \u00e0 des perspectives au-del\u00e0 de leur propre bulle.<\/p>\r\n<hr \/>\r\n<p>Pour plus d'informations sur le Future Summit TheNewNow, voir <a href=\"https:\/\/www.thenewnow.ch\/\" rel=\"noopener\">www.thenewnow.ch<\/a>.<\/p>\r\n<p><img class=\"alignnone size-full wp-image-253741\" src=\"https:\/\/www.markt-kom.com\/wp-content\/uploads\/2026\/04\/TNNspecial20-scaled.png\" sizes=\"(max-width: 1120px) 100vw, 1120px\" srcset=\"https:\/\/www.markt-kom.com\/wp-content\/uploads\/2026\/04\/TNNspecial20-scaled.png 800w, https:\/\/www.markt-kom.com\/wp-content\/uploads\/2026\/04\/TNNspecial20-480x600.png 480w, https:\/\/www.markt-kom.com\/wp-content\/uploads\/2026\/04\/TNNspecial20-768x960.png 768w, https:\/\/www.markt-kom.com\/wp-content\/uploads\/2026\/04\/TNNspecial20-1229x1536.png 1229w, https:\/\/www.markt-kom.com\/wp-content\/uploads\/2026\/04\/TNNspecial20-1638x2048.png 1638w, https:\/\/www.markt-kom.com\/wp-content\/uploads\/2026\/04\/TNNspecial20-10x12.png 10w, https:\/\/www.markt-kom.com\/wp-content\/uploads\/2026\/04\/TNNspecial20-140x175.png 140w, https:\/\/www.markt-kom.com\/wp-content\/uploads\/2026\/04\/TNNspecial20-280x350.png 280w, https:\/\/www.markt-kom.com\/wp-content\/uploads\/2026\/04\/TNNspecial20-640x800.png 640w\" alt=\"\" width=\"1120\" height=\"1400\" \/><\/p>","protected":false},"excerpt":{"rendered":"<p>Le 22 avril 2026, le Future Summit TheNewNow se tiendra \u00e0 Zurich. L'\u00e9v\u00e9nement mise sur le dialogue plut\u00f4t que sur l'enseignement frontal et propose plus de 100 sessions sur des th\u00e8mes tels que l'IA, le nouveau luxe et le leadership. La question centrale est de savoir ce qui rend les marques vraiment importantes aujourd'hui, explique l'initiatrice Evelyn Gorgos dans une interview exclusive avec m&amp;k.<\/p>","protected":false},"author":107,"featured_media":0,"comment_status":"closed","ping_status":"closed","sticky":false,"template":"","format":"standard","meta":{"_acf_changed":false,"_yoast_wpseo_focuskw":"Future Summit","_yoast_wpseo_metadesc":"Am 22. April 2026 findet in Z\u00fcrich der Future Summit TheNewNow statt. Die Veranstaltung setzt auf Dialog statt Frontalunterricht.","articlekey":"","footnotes":""},"categories":[29],"tags":[5964,4343],"class_list":["post-47463","post","type-post","status-publish","format-standard","hentry","category-marketing","tag-future-summit","tag-markom"],"acf":[],"yoast_head":"<!-- This site is optimized with the Yoast SEO plugin v27.4 - https:\/\/yoast.com\/product\/yoast-seo-wordpress\/ -->\n<title>Future Summit TheNewNow: \u00abWenn Marken an Relevanz verlieren, liegt es selten am Material\u00bb - Organisator<\/title>\n<meta name=\"description\" content=\"Am 22. April 2026 findet in Z\u00fcrich der Future Summit TheNewNow statt. Die Veranstaltung setzt auf Dialog statt Frontalunterricht.\" \/>\n<meta name=\"robots\" content=\"index, follow, max-snippet:-1, max-image-preview:large, max-video-preview:-1\" \/>\n<link rel=\"canonical\" href=\"https:\/\/www.organisator.ch\/fr\/marketing\/2026-04-20\/future-summit-thenewnow-wenn-marken-an-relevanz-verlieren-liegt-es-selten-am-material\/\" \/>\n<meta property=\"og:locale\" content=\"fr_FR\" \/>\n<meta property=\"og:type\" content=\"article\" \/>\n<meta property=\"og:title\" content=\"Future Summit TheNewNow: \u00abWenn Marken an Relevanz verlieren, liegt es selten am Material\u00bb - Organisator\" \/>\n<meta property=\"og:description\" content=\"Am 22. April 2026 findet in Z\u00fcrich der Future Summit TheNewNow statt. Die Veranstaltung setzt auf Dialog statt Frontalunterricht.\" \/>\n<meta property=\"og:url\" content=\"https:\/\/www.organisator.ch\/fr\/marketing\/2026-04-20\/future-summit-thenewnow-wenn-marken-an-relevanz-verlieren-liegt-es-selten-am-material\/\" \/>\n<meta property=\"og:site_name\" content=\"Organisator\" \/>\n<meta property=\"article:publisher\" content=\"https:\/\/www.facebook.com\/OrganisatorFachmagazin\" \/>\n<meta property=\"article:published_time\" content=\"2026-04-20T06:33:29+00:00\" \/>\n<meta name=\"author\" content=\"n8n\" \/>\n<meta name=\"twitter:card\" content=\"summary_large_image\" \/>\n<script type=\"application\/ld+json\" class=\"yoast-schema-graph\">{\"@context\":\"https:\\\/\\\/schema.org\",\"@graph\":[{\"@type\":\"Article\",\"@id\":\"https:\\\/\\\/www.organisator.ch\\\/marketing\\\/2026-04-20\\\/future-summit-thenewnow-wenn-marken-an-relevanz-verlieren-liegt-es-selten-am-material\\\/#article\",\"isPartOf\":{\"@id\":\"https:\\\/\\\/www.organisator.ch\\\/marketing\\\/2026-04-20\\\/future-summit-thenewnow-wenn-marken-an-relevanz-verlieren-liegt-es-selten-am-material\\\/\"},\"author\":{\"name\":\"n8n\",\"@id\":\"https:\\\/\\\/www.organisator.ch\\\/#\\\/schema\\\/person\\\/a9d0e0eff238db87a8f840f3b50359f0\"},\"headline\":\"Future Summit TheNewNow: \u00abWenn Marken an Relevanz verlieren, liegt es selten am Material\u00bb\",\"datePublished\":\"2026-04-20T06:33:29+00:00\",\"mainEntityOfPage\":{\"@id\":\"https:\\\/\\\/www.organisator.ch\\\/marketing\\\/2026-04-20\\\/future-summit-thenewnow-wenn-marken-an-relevanz-verlieren-liegt-es-selten-am-material\\\/\"},\"wordCount\":859,\"publisher\":{\"@id\":\"https:\\\/\\\/www.organisator.ch\\\/#organization\"},\"image\":{\"@id\":\"https:\\\/\\\/www.organisator.ch\\\/marketing\\\/2026-04-20\\\/future-summit-thenewnow-wenn-marken-an-relevanz-verlieren-liegt-es-selten-am-material\\\/#primaryimage\"},\"thumbnailUrl\":\"https:\\\/\\\/www.markt-kom.com\\\/wp-content\\\/uploads\\\/2026\\\/04\\\/IMG_3591-scaled.jpg\",\"keywords\":[\"Future Summit\",\"MarKom\"],\"articleSection\":[\"MARKETING\"],\"inLanguage\":\"fr-FR\"},{\"@type\":\"WebPage\",\"@id\":\"https:\\\/\\\/www.organisator.ch\\\/marketing\\\/2026-04-20\\\/future-summit-thenewnow-wenn-marken-an-relevanz-verlieren-liegt-es-selten-am-material\\\/\",\"url\":\"https:\\\/\\\/www.organisator.ch\\\/marketing\\\/2026-04-20\\\/future-summit-thenewnow-wenn-marken-an-relevanz-verlieren-liegt-es-selten-am-material\\\/\",\"name\":\"Future Summit TheNewNow: \u00abWenn Marken an Relevanz verlieren, liegt es selten am Material\u00bb - Organisator\",\"isPartOf\":{\"@id\":\"https:\\\/\\\/www.organisator.ch\\\/#website\"},\"primaryImageOfPage\":{\"@id\":\"https:\\\/\\\/www.organisator.ch\\\/marketing\\\/2026-04-20\\\/future-summit-thenewnow-wenn-marken-an-relevanz-verlieren-liegt-es-selten-am-material\\\/#primaryimage\"},\"image\":{\"@id\":\"https:\\\/\\\/www.organisator.ch\\\/marketing\\\/2026-04-20\\\/future-summit-thenewnow-wenn-marken-an-relevanz-verlieren-liegt-es-selten-am-material\\\/#primaryimage\"},\"thumbnailUrl\":\"https:\\\/\\\/www.markt-kom.com\\\/wp-content\\\/uploads\\\/2026\\\/04\\\/IMG_3591-scaled.jpg\",\"datePublished\":\"2026-04-20T06:33:29+00:00\",\"description\":\"Am 22. April 2026 findet in Z\u00fcrich der Future Summit TheNewNow statt. Die Veranstaltung setzt auf Dialog statt Frontalunterricht.\",\"breadcrumb\":{\"@id\":\"https:\\\/\\\/www.organisator.ch\\\/marketing\\\/2026-04-20\\\/future-summit-thenewnow-wenn-marken-an-relevanz-verlieren-liegt-es-selten-am-material\\\/#breadcrumb\"},\"inLanguage\":\"fr-FR\",\"potentialAction\":[{\"@type\":\"ReadAction\",\"target\":[\"https:\\\/\\\/www.organisator.ch\\\/marketing\\\/2026-04-20\\\/future-summit-thenewnow-wenn-marken-an-relevanz-verlieren-liegt-es-selten-am-material\\\/\"]}]},{\"@type\":\"ImageObject\",\"inLanguage\":\"fr-FR\",\"@id\":\"https:\\\/\\\/www.organisator.ch\\\/marketing\\\/2026-04-20\\\/future-summit-thenewnow-wenn-marken-an-relevanz-verlieren-liegt-es-selten-am-material\\\/#primaryimage\",\"url\":\"https:\\\/\\\/www.markt-kom.com\\\/wp-content\\\/uploads\\\/2026\\\/04\\\/IMG_3591-scaled.jpg\",\"contentUrl\":\"https:\\\/\\\/www.markt-kom.com\\\/wp-content\\\/uploads\\\/2026\\\/04\\\/IMG_3591-scaled.jpg\"},{\"@type\":\"BreadcrumbList\",\"@id\":\"https:\\\/\\\/www.organisator.ch\\\/marketing\\\/2026-04-20\\\/future-summit-thenewnow-wenn-marken-an-relevanz-verlieren-liegt-es-selten-am-material\\\/#breadcrumb\",\"itemListElement\":[{\"@type\":\"ListItem\",\"position\":1,\"name\":\"Home\",\"item\":\"https:\\\/\\\/www.organisator.ch\\\/\"},{\"@type\":\"ListItem\",\"position\":2,\"name\":\"Future Summit TheNewNow: \u00abWenn Marken an Relevanz verlieren, liegt es selten am Material\u00bb\"}]},{\"@type\":\"WebSite\",\"@id\":\"https:\\\/\\\/www.organisator.ch\\\/#website\",\"url\":\"https:\\\/\\\/www.organisator.ch\\\/\",\"name\":\"Organisator\",\"description\":\"Kompetent. Praxisnah. Der ORGANISATOR bereitet in 10 Ausgaben pro Jahr die wesentlichen Themen f\u00fcr F\u00fchrungskr\u00e4fte von KMU auf.\",\"publisher\":{\"@id\":\"https:\\\/\\\/www.organisator.ch\\\/#organization\"},\"potentialAction\":[{\"@type\":\"SearchAction\",\"target\":{\"@type\":\"EntryPoint\",\"urlTemplate\":\"https:\\\/\\\/www.organisator.ch\\\/?s={search_term_string}\"},\"query-input\":{\"@type\":\"PropertyValueSpecification\",\"valueRequired\":true,\"valueName\":\"search_term_string\"}}],\"inLanguage\":\"fr-FR\"},{\"@type\":\"Organization\",\"@id\":\"https:\\\/\\\/www.organisator.ch\\\/#organization\",\"name\":\"Organisator\",\"url\":\"https:\\\/\\\/www.organisator.ch\\\/\",\"logo\":{\"@type\":\"ImageObject\",\"inLanguage\":\"fr-FR\",\"@id\":\"https:\\\/\\\/www.organisator.ch\\\/#\\\/schema\\\/logo\\\/image\\\/\",\"url\":\"https:\\\/\\\/www.organisator.ch\\\/wp-content\\\/uploads\\\/2022\\\/01\\\/Logo_Organisator_Website.png\",\"contentUrl\":\"https:\\\/\\\/www.organisator.ch\\\/wp-content\\\/uploads\\\/2022\\\/01\\\/Logo_Organisator_Website.png\",\"width\":800,\"height\":77,\"caption\":\"Organisator\"},\"image\":{\"@id\":\"https:\\\/\\\/www.organisator.ch\\\/#\\\/schema\\\/logo\\\/image\\\/\"},\"sameAs\":[\"https:\\\/\\\/www.facebook.com\\\/OrganisatorFachmagazin\",\"https:\\\/\\\/www.linkedin.com\\\/showcase\\\/organisator-das-magazin-fr-kmu\",\"https:\\\/\\\/www.xing.com\\\/news\\\/pages\\\/organisator-ch-695\",\"https:\\\/\\\/www.youtube.com\\\/channel\\\/UCGP2Sq0iWaZwT3BdIAQFYpw\"]},{\"@type\":\"Person\",\"@id\":\"https:\\\/\\\/www.organisator.ch\\\/#\\\/schema\\\/person\\\/a9d0e0eff238db87a8f840f3b50359f0\",\"name\":\"n8n\",\"image\":{\"@type\":\"ImageObject\",\"inLanguage\":\"fr-FR\",\"@id\":\"https:\\\/\\\/secure.gravatar.com\\\/avatar\\\/5368fb9d03fd415a6f335cece4c15af2502d6ca8651efbd6e8f98427a9795400?s=96&d=mm&r=g\",\"url\":\"https:\\\/\\\/secure.gravatar.com\\\/avatar\\\/5368fb9d03fd415a6f335cece4c15af2502d6ca8651efbd6e8f98427a9795400?s=96&d=mm&r=g\",\"contentUrl\":\"https:\\\/\\\/secure.gravatar.com\\\/avatar\\\/5368fb9d03fd415a6f335cece4c15af2502d6ca8651efbd6e8f98427a9795400?s=96&d=mm&r=g\",\"caption\":\"n8n\"},\"url\":\"https:\\\/\\\/www.organisator.ch\\\/fr\\\/author\\\/n8n\\\/\"}]}<\/script>\n<!-- \/ Yoast SEO plugin. -->","yoast_head_json":{"title":"Future Summit TheNewNow : \u00abSi les marques perdent en pertinence, c'est rarement \u00e0 cause du mat\u00e9riel\u00bb - Organisateur","description":"Le 22 avril 2026, le Future Summit TheNewNow se tiendra \u00e0 Zurich. L'\u00e9v\u00e9nement mise sur le dialogue plut\u00f4t que sur l'enseignement frontal.","robots":{"index":"index","follow":"follow","max-snippet":"max-snippet:-1","max-image-preview":"max-image-preview:large","max-video-preview":"max-video-preview:-1"},"canonical":"https:\/\/www.organisator.ch\/fr\/marketing\/2026-04-20\/future-summit-thenewnow-wenn-marken-an-relevanz-verlieren-liegt-es-selten-am-material\/","og_locale":"fr_FR","og_type":"article","og_title":"Future Summit TheNewNow: \u00abWenn Marken an Relevanz verlieren, liegt es selten am Material\u00bb - Organisator","og_description":"Am 22. April 2026 findet in Z\u00fcrich der Future Summit TheNewNow statt. Die Veranstaltung setzt auf Dialog statt Frontalunterricht.","og_url":"https:\/\/www.organisator.ch\/fr\/marketing\/2026-04-20\/future-summit-thenewnow-wenn-marken-an-relevanz-verlieren-liegt-es-selten-am-material\/","og_site_name":"Organisator","article_publisher":"https:\/\/www.facebook.com\/OrganisatorFachmagazin","article_published_time":"2026-04-20T06:33:29+00:00","author":"n8n","twitter_card":"summary_large_image","schema":{"@context":"https:\/\/schema.org","@graph":[{"@type":"Article","@id":"https:\/\/www.organisator.ch\/marketing\/2026-04-20\/future-summit-thenewnow-wenn-marken-an-relevanz-verlieren-liegt-es-selten-am-material\/#article","isPartOf":{"@id":"https:\/\/www.organisator.ch\/marketing\/2026-04-20\/future-summit-thenewnow-wenn-marken-an-relevanz-verlieren-liegt-es-selten-am-material\/"},"author":{"name":"n8n","@id":"https:\/\/www.organisator.ch\/#\/schema\/person\/a9d0e0eff238db87a8f840f3b50359f0"},"headline":"Future Summit TheNewNow: \u00abWenn Marken an Relevanz verlieren, liegt es selten am Material\u00bb","datePublished":"2026-04-20T06:33:29+00:00","mainEntityOfPage":{"@id":"https:\/\/www.organisator.ch\/marketing\/2026-04-20\/future-summit-thenewnow-wenn-marken-an-relevanz-verlieren-liegt-es-selten-am-material\/"},"wordCount":859,"publisher":{"@id":"https:\/\/www.organisator.ch\/#organization"},"image":{"@id":"https:\/\/www.organisator.ch\/marketing\/2026-04-20\/future-summit-thenewnow-wenn-marken-an-relevanz-verlieren-liegt-es-selten-am-material\/#primaryimage"},"thumbnailUrl":"https:\/\/www.markt-kom.com\/wp-content\/uploads\/2026\/04\/IMG_3591-scaled.jpg","keywords":["Future Summit","MarKom"],"articleSection":["MARKETING"],"inLanguage":"fr-FR"},{"@type":"WebPage","@id":"https:\/\/www.organisator.ch\/marketing\/2026-04-20\/future-summit-thenewnow-wenn-marken-an-relevanz-verlieren-liegt-es-selten-am-material\/","url":"https:\/\/www.organisator.ch\/marketing\/2026-04-20\/future-summit-thenewnow-wenn-marken-an-relevanz-verlieren-liegt-es-selten-am-material\/","name":"Future Summit TheNewNow : \u00abSi les marques perdent en pertinence, c'est rarement \u00e0 cause du mat\u00e9riel\u00bb - Organisateur","isPartOf":{"@id":"https:\/\/www.organisator.ch\/#website"},"primaryImageOfPage":{"@id":"https:\/\/www.organisator.ch\/marketing\/2026-04-20\/future-summit-thenewnow-wenn-marken-an-relevanz-verlieren-liegt-es-selten-am-material\/#primaryimage"},"image":{"@id":"https:\/\/www.organisator.ch\/marketing\/2026-04-20\/future-summit-thenewnow-wenn-marken-an-relevanz-verlieren-liegt-es-selten-am-material\/#primaryimage"},"thumbnailUrl":"https:\/\/www.markt-kom.com\/wp-content\/uploads\/2026\/04\/IMG_3591-scaled.jpg","datePublished":"2026-04-20T06:33:29+00:00","description":"Le 22 avril 2026, le Future Summit TheNewNow se tiendra \u00e0 Zurich. L'\u00e9v\u00e9nement mise sur le dialogue plut\u00f4t que sur l'enseignement frontal.","breadcrumb":{"@id":"https:\/\/www.organisator.ch\/marketing\/2026-04-20\/future-summit-thenewnow-wenn-marken-an-relevanz-verlieren-liegt-es-selten-am-material\/#breadcrumb"},"inLanguage":"fr-FR","potentialAction":[{"@type":"ReadAction","target":["https:\/\/www.organisator.ch\/marketing\/2026-04-20\/future-summit-thenewnow-wenn-marken-an-relevanz-verlieren-liegt-es-selten-am-material\/"]}]},{"@type":"ImageObject","inLanguage":"fr-FR","@id":"https:\/\/www.organisator.ch\/marketing\/2026-04-20\/future-summit-thenewnow-wenn-marken-an-relevanz-verlieren-liegt-es-selten-am-material\/#primaryimage","url":"https:\/\/www.markt-kom.com\/wp-content\/uploads\/2026\/04\/IMG_3591-scaled.jpg","contentUrl":"https:\/\/www.markt-kom.com\/wp-content\/uploads\/2026\/04\/IMG_3591-scaled.jpg"},{"@type":"BreadcrumbList","@id":"https:\/\/www.organisator.ch\/marketing\/2026-04-20\/future-summit-thenewnow-wenn-marken-an-relevanz-verlieren-liegt-es-selten-am-material\/#breadcrumb","itemListElement":[{"@type":"ListItem","position":1,"name":"Home","item":"https:\/\/www.organisator.ch\/"},{"@type":"ListItem","position":2,"name":"Future Summit TheNewNow: \u00abWenn Marken an Relevanz verlieren, liegt es selten am Material\u00bb"}]},{"@type":"WebSite","@id":"https:\/\/www.organisator.ch\/#website","url":"https:\/\/www.organisator.ch\/","name":"Organisateur","description":"Comp\u00e9tence et comp\u00e9tence. Proches de la pratique. L'ORGANISATEUR pr\u00e9pare 10 num\u00e9ros par an sur les th\u00e8mes essentiels pour les dirigeants de PME.","publisher":{"@id":"https:\/\/www.organisator.ch\/#organization"},"potentialAction":[{"@type":"SearchAction","target":{"@type":"EntryPoint","urlTemplate":"https:\/\/www.organisator.ch\/?s={search_term_string}"},"query-input":{"@type":"PropertyValueSpecification","valueRequired":true,"valueName":"search_term_string"}}],"inLanguage":"fr-FR"},{"@type":"Organization","@id":"https:\/\/www.organisator.ch\/#organization","name":"Organisateur","url":"https:\/\/www.organisator.ch\/","logo":{"@type":"ImageObject","inLanguage":"fr-FR","@id":"https:\/\/www.organisator.ch\/#\/schema\/logo\/image\/","url":"https:\/\/www.organisator.ch\/wp-content\/uploads\/2022\/01\/Logo_Organisator_Website.png","contentUrl":"https:\/\/www.organisator.ch\/wp-content\/uploads\/2022\/01\/Logo_Organisator_Website.png","width":800,"height":77,"caption":"Organisator"},"image":{"@id":"https:\/\/www.organisator.ch\/#\/schema\/logo\/image\/"},"sameAs":["https:\/\/www.facebook.com\/OrganisatorFachmagazin","https:\/\/www.linkedin.com\/showcase\/organisator-das-magazin-fr-kmu","https:\/\/www.xing.com\/news\/pages\/organisator-ch-695","https:\/\/www.youtube.com\/channel\/UCGP2Sq0iWaZwT3BdIAQFYpw"]},{"@type":"Person","@id":"https:\/\/www.organisator.ch\/#\/schema\/person\/a9d0e0eff238db87a8f840f3b50359f0","name":"n8n","image":{"@type":"ImageObject","inLanguage":"fr-FR","@id":"https:\/\/secure.gravatar.com\/avatar\/5368fb9d03fd415a6f335cece4c15af2502d6ca8651efbd6e8f98427a9795400?s=96&d=mm&r=g","url":"https:\/\/secure.gravatar.com\/avatar\/5368fb9d03fd415a6f335cece4c15af2502d6ca8651efbd6e8f98427a9795400?s=96&d=mm&r=g","contentUrl":"https:\/\/secure.gravatar.com\/avatar\/5368fb9d03fd415a6f335cece4c15af2502d6ca8651efbd6e8f98427a9795400?s=96&d=mm&r=g","caption":"n8n"},"url":"https:\/\/www.organisator.ch\/fr\/author\/n8n\/"}]}},"_links":{"self":[{"href":"https:\/\/www.organisator.ch\/fr\/wp-json\/wp\/v2\/posts\/47463","targetHints":{"allow":["GET"]}}],"collection":[{"href":"https:\/\/www.organisator.ch\/fr\/wp-json\/wp\/v2\/posts"}],"about":[{"href":"https:\/\/www.organisator.ch\/fr\/wp-json\/wp\/v2\/types\/post"}],"author":[{"embeddable":true,"href":"https:\/\/www.organisator.ch\/fr\/wp-json\/wp\/v2\/users\/107"}],"replies":[{"embeddable":true,"href":"https:\/\/www.organisator.ch\/fr\/wp-json\/wp\/v2\/comments?post=47463"}],"version-history":[{"count":5,"href":"https:\/\/www.organisator.ch\/fr\/wp-json\/wp\/v2\/posts\/47463\/revisions"}],"predecessor-version":[{"id":47734,"href":"https:\/\/www.organisator.ch\/fr\/wp-json\/wp\/v2\/posts\/47463\/revisions\/47734"}],"wp:attachment":[{"href":"https:\/\/www.organisator.ch\/fr\/wp-json\/wp\/v2\/media?parent=47463"}],"wp:term":[{"taxonomy":"category","embeddable":true,"href":"https:\/\/www.organisator.ch\/fr\/wp-json\/wp\/v2\/categories?post=47463"},{"taxonomy":"post_tag","embeddable":true,"href":"https:\/\/www.organisator.ch\/fr\/wp-json\/wp\/v2\/tags?post=47463"}],"curies":[{"name":"wp","href":"https:\/\/api.w.org\/{rel}","templated":true}]}}