{"id":4758,"date":"2019-01-18T09:11:37","date_gmt":"2019-01-18T08:11:37","guid":{"rendered":"https:\/\/www.organisator.ch\/?p=4758"},"modified":"2019-01-18T09:11:37","modified_gmt":"2019-01-18T08:11:37","slug":"mehr-datensicherheit-in-der-cloud-fuenf-schritte","status":"publish","type":"post","link":"https:\/\/www.organisator.ch\/fr\/management\/it\/2019-01-18\/mehr-datensicherheit-in-der-cloud-fuenf-schritte\/","title":{"rendered":"Renforcer la s\u00e9curit\u00e9 des donn\u00e9es dans le cloud : cinq \u00e9tapes"},"content":{"rendered":"<figure id=\"attachment_4759\" aria-describedby=\"caption-attachment-4759\" style=\"width: 680px\" class=\"wp-caption alignnone\"><img loading=\"lazy\" decoding=\"async\" class=\"size-medium wp-image-4759\" src=\"https:\/\/www.organisator.ch\/wp-content\/uploads\/2019\/01\/Mehr-Datensicherheit-in-der-Cloud-Fuenf-Schritte_Organisator.jpg\" alt=\"\" width=\"680\" height=\"383\" srcset=\"https:\/\/www.organisator.ch\/wp-content\/uploads\/2019\/01\/Mehr-Datensicherheit-in-der-Cloud-Fuenf-Schritte_Organisator.jpg 680w, https:\/\/www.organisator.ch\/wp-content\/uploads\/2019\/01\/Mehr-Datensicherheit-in-der-Cloud-Fuenf-Schritte_Organisator-16x9.jpg 16w, https:\/\/www.organisator.ch\/wp-content\/uploads\/2019\/01\/Mehr-Datensicherheit-in-der-Cloud-Fuenf-Schritte_Organisator-311x175.jpg 311w, https:\/\/www.organisator.ch\/wp-content\/uploads\/2019\/01\/Mehr-Datensicherheit-in-der-Cloud-Fuenf-Schritte_Organisator-621x350.jpg 621w, https:\/\/www.organisator.ch\/wp-content\/uploads\/2019\/01\/Mehr-Datensicherheit-in-der-Cloud-Fuenf-Schritte_Organisator-300x169.jpg 300w\" sizes=\"auto, (max-width: 680px) 100vw, 680px\" \/><figcaption id=\"caption-attachment-4759\" class=\"wp-caption-text\">Lorsque les entreprises transf\u00e8rent des processus commerciaux complets vers le cloud, une strat\u00e9gie de s\u00e9curit\u00e9 informatique globale doit \u00eatre pens\u00e9e d\u00e8s le d\u00e9part. (Source : Fotolia)<\/figcaption><\/figure>\n<p>Lorsque les entreprises transf\u00e8rent des processus commerciaux complets vers le cloud, les objectifs commerciaux attendus ne peuvent \u00eatre atteints que si la migration est prot\u00e9g\u00e9e d\u00e8s le d\u00e9but par une strat\u00e9gie de s\u00e9curit\u00e9 informatique compl\u00e8te - dans laquelle la s\u00e9curit\u00e9 des donn\u00e9es joue un r\u00f4le d\u00e9cisif. NTT Security concr\u00e9tise les activit\u00e9s les plus importantes en cinq \u00e9tapes.<\/p>\n<h2>1. identifier et classer les donn\u00e9es<\/h2>\n<p>Pour commencer, les entreprises doivent d\u00e9terminer quelles applications et quelles donn\u00e9es doivent \u00eatre transf\u00e9r\u00e9es lors de la migration de leur propre centre informatique vers un fournisseur de cloud. Il faut par exemple d\u00e9terminer de quel type de donn\u00e9es il s'agit et si des donn\u00e9es personnelles sont impliqu\u00e9es, car les r\u00e8gles strictes du RGPD s'appliquent alors. Dans quelles applications les donn\u00e9es sont-elles utilis\u00e9es, par qui et comment ? Sont-elles uniquement lues ou \u00e9galement trait\u00e9es ? Le mod\u00e8le de s\u00e9curit\u00e9 est construit sur la base de ces informations.<\/p>\n<h2>2. d\u00e9finir le niveau de protection pour chaque \u00e9tape du flux de travail<\/h2>\n<p>Sur la base de la classification et de l'\u00e9valuation des risques des donn\u00e9es, le niveau et la classe de protection doivent \u00eatre d\u00e9finis pour chaque \u00e9tape de la charge de travail. Le cryptage est-il n\u00e9cessaire, et si oui, quand : pendant la transmission, lors du stockage, au niveau du champ ? La pseudonymisation ou les cl\u00e9s sont-elles n\u00e9cessaires ? O\u00f9 les cl\u00e9s de chiffrement doivent-elles \u00eatre conserv\u00e9es : sur site, directement chez le fournisseur de cloud ou chez un fournisseur de cloud s\u00e9par\u00e9 ?<\/p>\n<h2>3. d\u00e9finir des r\u00e8gles pour le contr\u00f4le d'acc\u00e8s<\/h2>\n<p>Afin d'atteindre un niveau de protection \u00e9lev\u00e9, les donn\u00e9es ne doivent pas \u00eatre accessibles sans protection \u00e0 tout moment au cours d'un processus d'entreprise. Il faut \u00e9galement s'assurer que les copies des donn\u00e9es stock\u00e9es ou archiv\u00e9es sont aussi prot\u00e9g\u00e9es que les originaux pendant le traitement et que ces copies sont supprim\u00e9es lorsqu'elles ne sont plus n\u00e9cessaires. En fonction des r\u00f4les au sein de l'entreprise, des autorisations d'acc\u00e8s sont attribu\u00e9es et leur respect est contr\u00f4l\u00e9, de sorte que personne de non autoris\u00e9 ne puisse lire, copier, modifier ou supprimer des donn\u00e9es.<\/p>\n<h2>4. enregistrer tous les acc\u00e8s aux donn\u00e9es dans des fichiers journaux<\/h2>\n<p>Les entreprises doivent associer les r\u00e8gles d'attribution des droits d'acc\u00e8s \u00e0 une gestion compl\u00e8te des logs. Les journaux d'acc\u00e8s enregistrent et stockent toutes les activit\u00e9s de donn\u00e9es. Ces enregistrements et l'analyse de tous les acc\u00e8s aux donn\u00e9es ainsi que d'autres \u00e9v\u00e9nements li\u00e9s \u00e0 la s\u00e9curit\u00e9 sont la condition pr\u00e9alable \u00e0 un monitoring complet de la s\u00e9curit\u00e9 informatique. L'analyse des fichiers journaux permet d'une part d'identifier les \u00e9v\u00e9nements extraordinaires et d'en d\u00e9terminer les causes et, d'autre part, elle aide les entreprises \u00e0 retracer toutes les activit\u00e9s lors des audits de s\u00e9curit\u00e9.<\/p>\n<h2>5. respecter le cycle de vie des donn\u00e9es<\/h2>\n<p>L'obligation de conserver les donn\u00e9es est r\u00e9glement\u00e9e en d\u00e9tail dans les secteurs des services financiers, des technologies m\u00e9dicales, de la chimie-pharmacie et autres. La protection des donn\u00e9es personnelles tout au long de leur cycle de vie est r\u00e9gie par le RGPD (en Suisse par la loi sur la protection des donn\u00e9es, mais le RGPD s'applique \u00e9galement aux entreprises suisses ayant des relations commerciales avec l'UE), que les donn\u00e9es se trouvent dans leur propre centre de donn\u00e9es ou dans le cloud. Pour les entreprises, cela signifie qu'elles doivent conserver en permanence un contr\u00f4le total sur les donn\u00e9es personnelles, de leur collecte \u00e0 leur archivage en passant par leur traitement. Cela vaut pour les applications individuelles et standard, qu'elles se trouvent sur site ou dans le cloud.<\/p>\n<p><em>Source et informations compl\u00e9mentaires : <a href=\"http:\/\/www.nttsecurity.com\/ch\">NTT S\u00e9curit\u00e9<\/a><\/em><\/p>\n<p>&nbsp;<\/p>","protected":false},"excerpt":{"rendered":"<p>Wenn Unternehmen komplette Gesch\u00e4ftsprozesse in die Cloud verlagern, lassen sich die erwarteten betriebswirtschaftlichen Ziele nur dann erreichen, wenn die Migration von Anfang an durch eine umfassende IT-Security-Strategie abgesichert ist \u2013 bei der die Sicherheit der Daten eine entscheidende Rolle spielt. NTT Security konkretisiert die wichtigsten Aktivit\u00e4ten in f\u00fcnf Schritten. 1. Daten identifizieren und klassifizieren Zu [&hellip;]<\/p>\n","protected":false},"author":4,"featured_media":4759,"comment_status":"open","ping_status":"open","sticky":false,"template":"","format":"standard","meta":{"_acf_changed":false,"_yoast_wpseo_focuskw":"Cloud","_yoast_wpseo_metadesc":"Die Verlagerung von Gesch\u00e4ftsprozessen und Applikationen in die Cloud erfordert eine genaue Planung, damit die Datensicherheit gew\u00e4hrleistet ist.","articlekey":"","footnotes":""},"categories":[27],"tags":[115,123,260],"class_list":["post-4758","post","type-post","status-publish","format-standard","has-post-thumbnail","hentry","category-it","tag-checklisten","tag-cloud-computing","tag-ict-sicherheit"],"acf":[],"yoast_head":"<!-- This site is optimized with the Yoast SEO plugin v27.5 - https:\/\/yoast.com\/product\/yoast-seo-wordpress\/ -->\n<title>Mehr Datensicherheit in der Cloud: F\u00fcnf Schritte - Organisator<\/title>\n<meta name=\"description\" content=\"Die Verlagerung von Gesch\u00e4ftsprozessen und Applikationen in die Cloud erfordert eine genaue Planung, damit die Datensicherheit gew\u00e4hrleistet ist.\" \/>\n<meta name=\"robots\" content=\"index, follow, max-snippet:-1, max-image-preview:large, max-video-preview:-1\" \/>\n<link rel=\"canonical\" href=\"https:\/\/www.organisator.ch\/fr\/gestion-2\/it\/2019-01-18\/mehr-datensicherheit-in-der-cloud-fuenf-schritte\/\" \/>\n<meta property=\"og:locale\" content=\"fr_FR\" \/>\n<meta property=\"og:type\" content=\"article\" \/>\n<meta property=\"og:title\" content=\"Mehr Datensicherheit in der Cloud: F\u00fcnf Schritte\" \/>\n<meta property=\"og:description\" content=\"Die Verlagerung von Gesch\u00e4ftsprozessen und Applikationen in die Cloud erfordert eine genaue Planung, damit die Datensicherheit gew\u00e4hrleistet ist.\" \/>\n<meta property=\"og:url\" content=\"https:\/\/www.organisator.ch\/fr\/gestion-2\/it\/2019-01-18\/mehr-datensicherheit-in-der-cloud-fuenf-schritte\/\" \/>\n<meta property=\"og:site_name\" content=\"Organisator\" \/>\n<meta property=\"article:publisher\" content=\"https:\/\/www.facebook.com\/OrganisatorFachmagazin\" \/>\n<meta property=\"article:published_time\" content=\"2019-01-18T08:11:37+00:00\" \/>\n<meta property=\"og:image\" content=\"https:\/\/www.organisator.ch\/wp-content\/uploads\/2019\/01\/Mehr-Datensicherheit-in-der-Cloud-Fuenf-Schritte_Organisator.jpg\" \/>\n\t<meta property=\"og:image:width\" content=\"680\" \/>\n\t<meta property=\"og:image:height\" content=\"383\" \/>\n\t<meta property=\"og:image:type\" content=\"image\/jpeg\" \/>\n<meta name=\"author\" content=\"thomas.berner\" \/>\n<meta name=\"twitter:card\" content=\"summary_large_image\" \/>\n<meta name=\"twitter:title\" content=\"Mehr Datensicherheit in der #Cloud: F\u00fcnf Schritte\" \/>\n<meta name=\"twitter:description\" content=\"Die Verlagerung von Gesch\u00e4ftsprozessen und Applikationen in die #Cloud erfordert eine genaue Planung, damit die Datensicherheit gew\u00e4hrleistet ist.\" \/>\n<meta name=\"twitter:image\" content=\"https:\/\/www.organisator.ch\/wp-content\/uploads\/2019\/01\/Mehr-Datensicherheit-in-der-Cloud-F\u00fcnf-Schritte_Organisator.jpg\" \/>\n<script type=\"application\/ld+json\" class=\"yoast-schema-graph\">{\"@context\":\"https:\\\/\\\/schema.org\",\"@graph\":[{\"@type\":\"Article\",\"@id\":\"https:\\\/\\\/www.organisator.ch\\\/management\\\/it\\\/2019-01-18\\\/mehr-datensicherheit-in-der-cloud-fuenf-schritte\\\/#article\",\"isPartOf\":{\"@id\":\"https:\\\/\\\/www.organisator.ch\\\/management\\\/it\\\/2019-01-18\\\/mehr-datensicherheit-in-der-cloud-fuenf-schritte\\\/\"},\"author\":{\"name\":\"thomas.berner\",\"@id\":\"https:\\\/\\\/www.organisator.ch\\\/#\\\/schema\\\/person\\\/6f650f90b2842cd4c0cc334b4e36f67e\"},\"headline\":\"Mehr Datensicherheit in der Cloud: F\u00fcnf Schritte\",\"datePublished\":\"2019-01-18T08:11:37+00:00\",\"mainEntityOfPage\":{\"@id\":\"https:\\\/\\\/www.organisator.ch\\\/management\\\/it\\\/2019-01-18\\\/mehr-datensicherheit-in-der-cloud-fuenf-schritte\\\/\"},\"wordCount\":522,\"commentCount\":0,\"publisher\":{\"@id\":\"https:\\\/\\\/www.organisator.ch\\\/#organization\"},\"image\":{\"@id\":\"https:\\\/\\\/www.organisator.ch\\\/management\\\/it\\\/2019-01-18\\\/mehr-datensicherheit-in-der-cloud-fuenf-schritte\\\/#primaryimage\"},\"thumbnailUrl\":\"https:\\\/\\\/www.organisator.ch\\\/wp-content\\\/uploads\\\/2019\\\/01\\\/Mehr-Datensicherheit-in-der-Cloud-Fuenf-Schritte_Organisator.jpg\",\"keywords\":[\"Checklisten\",\"Cloud Computing\",\"ICT-Sicherheit\"],\"articleSection\":[\"IT\"],\"inLanguage\":\"fr-FR\"},{\"@type\":\"WebPage\",\"@id\":\"https:\\\/\\\/www.organisator.ch\\\/management\\\/it\\\/2019-01-18\\\/mehr-datensicherheit-in-der-cloud-fuenf-schritte\\\/\",\"url\":\"https:\\\/\\\/www.organisator.ch\\\/management\\\/it\\\/2019-01-18\\\/mehr-datensicherheit-in-der-cloud-fuenf-schritte\\\/\",\"name\":\"Mehr Datensicherheit in der Cloud: F\u00fcnf Schritte - Organisator\",\"isPartOf\":{\"@id\":\"https:\\\/\\\/www.organisator.ch\\\/#website\"},\"primaryImageOfPage\":{\"@id\":\"https:\\\/\\\/www.organisator.ch\\\/management\\\/it\\\/2019-01-18\\\/mehr-datensicherheit-in-der-cloud-fuenf-schritte\\\/#primaryimage\"},\"image\":{\"@id\":\"https:\\\/\\\/www.organisator.ch\\\/management\\\/it\\\/2019-01-18\\\/mehr-datensicherheit-in-der-cloud-fuenf-schritte\\\/#primaryimage\"},\"thumbnailUrl\":\"https:\\\/\\\/www.organisator.ch\\\/wp-content\\\/uploads\\\/2019\\\/01\\\/Mehr-Datensicherheit-in-der-Cloud-Fuenf-Schritte_Organisator.jpg\",\"datePublished\":\"2019-01-18T08:11:37+00:00\",\"description\":\"Die Verlagerung von Gesch\u00e4ftsprozessen und Applikationen in die Cloud erfordert eine genaue Planung, damit die Datensicherheit gew\u00e4hrleistet ist.\",\"breadcrumb\":{\"@id\":\"https:\\\/\\\/www.organisator.ch\\\/management\\\/it\\\/2019-01-18\\\/mehr-datensicherheit-in-der-cloud-fuenf-schritte\\\/#breadcrumb\"},\"inLanguage\":\"fr-FR\",\"potentialAction\":[{\"@type\":\"ReadAction\",\"target\":[\"https:\\\/\\\/www.organisator.ch\\\/management\\\/it\\\/2019-01-18\\\/mehr-datensicherheit-in-der-cloud-fuenf-schritte\\\/\"]}]},{\"@type\":\"ImageObject\",\"inLanguage\":\"fr-FR\",\"@id\":\"https:\\\/\\\/www.organisator.ch\\\/management\\\/it\\\/2019-01-18\\\/mehr-datensicherheit-in-der-cloud-fuenf-schritte\\\/#primaryimage\",\"url\":\"https:\\\/\\\/www.organisator.ch\\\/wp-content\\\/uploads\\\/2019\\\/01\\\/Mehr-Datensicherheit-in-der-Cloud-Fuenf-Schritte_Organisator.jpg\",\"contentUrl\":\"https:\\\/\\\/www.organisator.ch\\\/wp-content\\\/uploads\\\/2019\\\/01\\\/Mehr-Datensicherheit-in-der-Cloud-Fuenf-Schritte_Organisator.jpg\",\"width\":680,\"height\":383,\"caption\":\"Wenn Unternehmen komplette Gesch\u00e4ftsprozesse in die Cloud verlagern, muss von Anfang an eine umfassende IT-Security-Strategie mitgedacht werden. (Quelle: Fotolia)\"},{\"@type\":\"BreadcrumbList\",\"@id\":\"https:\\\/\\\/www.organisator.ch\\\/management\\\/it\\\/2019-01-18\\\/mehr-datensicherheit-in-der-cloud-fuenf-schritte\\\/#breadcrumb\",\"itemListElement\":[{\"@type\":\"ListItem\",\"position\":1,\"name\":\"Home\",\"item\":\"https:\\\/\\\/www.organisator.ch\\\/\"},{\"@type\":\"ListItem\",\"position\":2,\"name\":\"Mehr Datensicherheit in der Cloud: F\u00fcnf Schritte\"}]},{\"@type\":\"WebSite\",\"@id\":\"https:\\\/\\\/www.organisator.ch\\\/#website\",\"url\":\"https:\\\/\\\/www.organisator.ch\\\/\",\"name\":\"Organisator\",\"description\":\"Kompetent. Praxisnah. Der ORGANISATOR bereitet in 10 Ausgaben pro Jahr die wesentlichen Themen f\u00fcr F\u00fchrungskr\u00e4fte von KMU auf.\",\"publisher\":{\"@id\":\"https:\\\/\\\/www.organisator.ch\\\/#organization\"},\"potentialAction\":[{\"@type\":\"SearchAction\",\"target\":{\"@type\":\"EntryPoint\",\"urlTemplate\":\"https:\\\/\\\/www.organisator.ch\\\/?s={search_term_string}\"},\"query-input\":{\"@type\":\"PropertyValueSpecification\",\"valueRequired\":true,\"valueName\":\"search_term_string\"}}],\"inLanguage\":\"fr-FR\"},{\"@type\":\"Organization\",\"@id\":\"https:\\\/\\\/www.organisator.ch\\\/#organization\",\"name\":\"Organisator\",\"url\":\"https:\\\/\\\/www.organisator.ch\\\/\",\"logo\":{\"@type\":\"ImageObject\",\"inLanguage\":\"fr-FR\",\"@id\":\"https:\\\/\\\/www.organisator.ch\\\/#\\\/schema\\\/logo\\\/image\\\/\",\"url\":\"https:\\\/\\\/www.organisator.ch\\\/wp-content\\\/uploads\\\/2022\\\/01\\\/Logo_Organisator_Website.png\",\"contentUrl\":\"https:\\\/\\\/www.organisator.ch\\\/wp-content\\\/uploads\\\/2022\\\/01\\\/Logo_Organisator_Website.png\",\"width\":800,\"height\":77,\"caption\":\"Organisator\"},\"image\":{\"@id\":\"https:\\\/\\\/www.organisator.ch\\\/#\\\/schema\\\/logo\\\/image\\\/\"},\"sameAs\":[\"https:\\\/\\\/www.facebook.com\\\/OrganisatorFachmagazin\",\"https:\\\/\\\/www.linkedin.com\\\/showcase\\\/organisator-das-magazin-fr-kmu\",\"https:\\\/\\\/www.xing.com\\\/news\\\/pages\\\/organisator-ch-695\",\"https:\\\/\\\/www.youtube.com\\\/channel\\\/UCGP2Sq0iWaZwT3BdIAQFYpw\"]},{\"@type\":\"Person\",\"@id\":\"https:\\\/\\\/www.organisator.ch\\\/#\\\/schema\\\/person\\\/6f650f90b2842cd4c0cc334b4e36f67e\",\"name\":\"thomas.berner\",\"image\":{\"@type\":\"ImageObject\",\"inLanguage\":\"fr-FR\",\"@id\":\"https:\\\/\\\/secure.gravatar.com\\\/avatar\\\/ac5001d2a36cb6c6cd3e50789007ffca834b477b74a2144564522e944eabff61?s=96&d=mm&r=g\",\"url\":\"https:\\\/\\\/secure.gravatar.com\\\/avatar\\\/ac5001d2a36cb6c6cd3e50789007ffca834b477b74a2144564522e944eabff61?s=96&d=mm&r=g\",\"contentUrl\":\"https:\\\/\\\/secure.gravatar.com\\\/avatar\\\/ac5001d2a36cb6c6cd3e50789007ffca834b477b74a2144564522e944eabff61?s=96&d=mm&r=g\",\"caption\":\"thomas.berner\"},\"url\":\"https:\\\/\\\/www.organisator.ch\\\/fr\\\/author\\\/thomas-berner\\\/\"}]}<\/script>\n<!-- \/ Yoast SEO plugin. -->","yoast_head_json":{"title":"Renforcer la s\u00e9curit\u00e9 des donn\u00e9es dans le cloud : cinq \u00e9tapes - Organisateur","description":"Le transfert de processus commerciaux et d'applications vers le cloud n\u00e9cessite une planification pr\u00e9cise afin de garantir la s\u00e9curit\u00e9 des donn\u00e9es.","robots":{"index":"index","follow":"follow","max-snippet":"max-snippet:-1","max-image-preview":"max-image-preview:large","max-video-preview":"max-video-preview:-1"},"canonical":"https:\/\/www.organisator.ch\/fr\/gestion-2\/it\/2019-01-18\/mehr-datensicherheit-in-der-cloud-fuenf-schritte\/","og_locale":"fr_FR","og_type":"article","og_title":"Mehr Datensicherheit in der Cloud: F\u00fcnf Schritte","og_description":"Die Verlagerung von Gesch\u00e4ftsprozessen und Applikationen in die Cloud erfordert eine genaue Planung, damit die Datensicherheit gew\u00e4hrleistet ist.","og_url":"https:\/\/www.organisator.ch\/fr\/gestion-2\/it\/2019-01-18\/mehr-datensicherheit-in-der-cloud-fuenf-schritte\/","og_site_name":"Organisator","article_publisher":"https:\/\/www.facebook.com\/OrganisatorFachmagazin","article_published_time":"2019-01-18T08:11:37+00:00","og_image":[{"width":680,"height":383,"url":"https:\/\/www.organisator.ch\/wp-content\/uploads\/2019\/01\/Mehr-Datensicherheit-in-der-Cloud-Fuenf-Schritte_Organisator.jpg","type":"image\/jpeg"}],"author":"thomas.berner","twitter_card":"summary_large_image","twitter_title":"Mehr Datensicherheit in der #Cloud: F\u00fcnf Schritte","twitter_description":"Die Verlagerung von Gesch\u00e4ftsprozessen und Applikationen in die #Cloud erfordert eine genaue Planung, damit die Datensicherheit gew\u00e4hrleistet ist.","twitter_image":"https:\/\/www.organisator.ch\/wp-content\/uploads\/2019\/01\/Mehr-Datensicherheit-in-der-Cloud-F\u00fcnf-Schritte_Organisator.jpg","schema":{"@context":"https:\/\/schema.org","@graph":[{"@type":"Article","@id":"https:\/\/www.organisator.ch\/management\/it\/2019-01-18\/mehr-datensicherheit-in-der-cloud-fuenf-schritte\/#article","isPartOf":{"@id":"https:\/\/www.organisator.ch\/management\/it\/2019-01-18\/mehr-datensicherheit-in-der-cloud-fuenf-schritte\/"},"author":{"name":"thomas.berner","@id":"https:\/\/www.organisator.ch\/#\/schema\/person\/6f650f90b2842cd4c0cc334b4e36f67e"},"headline":"Mehr Datensicherheit in der Cloud: F\u00fcnf Schritte","datePublished":"2019-01-18T08:11:37+00:00","mainEntityOfPage":{"@id":"https:\/\/www.organisator.ch\/management\/it\/2019-01-18\/mehr-datensicherheit-in-der-cloud-fuenf-schritte\/"},"wordCount":522,"commentCount":0,"publisher":{"@id":"https:\/\/www.organisator.ch\/#organization"},"image":{"@id":"https:\/\/www.organisator.ch\/management\/it\/2019-01-18\/mehr-datensicherheit-in-der-cloud-fuenf-schritte\/#primaryimage"},"thumbnailUrl":"https:\/\/www.organisator.ch\/wp-content\/uploads\/2019\/01\/Mehr-Datensicherheit-in-der-Cloud-Fuenf-Schritte_Organisator.jpg","keywords":["Checklisten","Cloud Computing","ICT-Sicherheit"],"articleSection":["IT"],"inLanguage":"fr-FR"},{"@type":"WebPage","@id":"https:\/\/www.organisator.ch\/management\/it\/2019-01-18\/mehr-datensicherheit-in-der-cloud-fuenf-schritte\/","url":"https:\/\/www.organisator.ch\/management\/it\/2019-01-18\/mehr-datensicherheit-in-der-cloud-fuenf-schritte\/","name":"Renforcer la s\u00e9curit\u00e9 des donn\u00e9es dans le cloud : cinq \u00e9tapes - Organisateur","isPartOf":{"@id":"https:\/\/www.organisator.ch\/#website"},"primaryImageOfPage":{"@id":"https:\/\/www.organisator.ch\/management\/it\/2019-01-18\/mehr-datensicherheit-in-der-cloud-fuenf-schritte\/#primaryimage"},"image":{"@id":"https:\/\/www.organisator.ch\/management\/it\/2019-01-18\/mehr-datensicherheit-in-der-cloud-fuenf-schritte\/#primaryimage"},"thumbnailUrl":"https:\/\/www.organisator.ch\/wp-content\/uploads\/2019\/01\/Mehr-Datensicherheit-in-der-Cloud-Fuenf-Schritte_Organisator.jpg","datePublished":"2019-01-18T08:11:37+00:00","description":"Le transfert de processus commerciaux et d'applications vers le cloud n\u00e9cessite une planification pr\u00e9cise afin de garantir la s\u00e9curit\u00e9 des donn\u00e9es.","breadcrumb":{"@id":"https:\/\/www.organisator.ch\/management\/it\/2019-01-18\/mehr-datensicherheit-in-der-cloud-fuenf-schritte\/#breadcrumb"},"inLanguage":"fr-FR","potentialAction":[{"@type":"ReadAction","target":["https:\/\/www.organisator.ch\/management\/it\/2019-01-18\/mehr-datensicherheit-in-der-cloud-fuenf-schritte\/"]}]},{"@type":"ImageObject","inLanguage":"fr-FR","@id":"https:\/\/www.organisator.ch\/management\/it\/2019-01-18\/mehr-datensicherheit-in-der-cloud-fuenf-schritte\/#primaryimage","url":"https:\/\/www.organisator.ch\/wp-content\/uploads\/2019\/01\/Mehr-Datensicherheit-in-der-Cloud-Fuenf-Schritte_Organisator.jpg","contentUrl":"https:\/\/www.organisator.ch\/wp-content\/uploads\/2019\/01\/Mehr-Datensicherheit-in-der-Cloud-Fuenf-Schritte_Organisator.jpg","width":680,"height":383,"caption":"Wenn Unternehmen komplette Gesch\u00e4ftsprozesse in die Cloud verlagern, muss von Anfang an eine umfassende IT-Security-Strategie mitgedacht werden. (Quelle: Fotolia)"},{"@type":"BreadcrumbList","@id":"https:\/\/www.organisator.ch\/management\/it\/2019-01-18\/mehr-datensicherheit-in-der-cloud-fuenf-schritte\/#breadcrumb","itemListElement":[{"@type":"ListItem","position":1,"name":"Home","item":"https:\/\/www.organisator.ch\/"},{"@type":"ListItem","position":2,"name":"Mehr Datensicherheit in der Cloud: F\u00fcnf Schritte"}]},{"@type":"WebSite","@id":"https:\/\/www.organisator.ch\/#website","url":"https:\/\/www.organisator.ch\/","name":"Organisateur","description":"Comp\u00e9tence et comp\u00e9tence. Proches de la pratique. L'ORGANISATEUR pr\u00e9pare 10 num\u00e9ros par an sur les th\u00e8mes essentiels pour les dirigeants de PME.","publisher":{"@id":"https:\/\/www.organisator.ch\/#organization"},"potentialAction":[{"@type":"SearchAction","target":{"@type":"EntryPoint","urlTemplate":"https:\/\/www.organisator.ch\/?s={search_term_string}"},"query-input":{"@type":"PropertyValueSpecification","valueRequired":true,"valueName":"search_term_string"}}],"inLanguage":"fr-FR"},{"@type":"Organization","@id":"https:\/\/www.organisator.ch\/#organization","name":"Organisateur","url":"https:\/\/www.organisator.ch\/","logo":{"@type":"ImageObject","inLanguage":"fr-FR","@id":"https:\/\/www.organisator.ch\/#\/schema\/logo\/image\/","url":"https:\/\/www.organisator.ch\/wp-content\/uploads\/2022\/01\/Logo_Organisator_Website.png","contentUrl":"https:\/\/www.organisator.ch\/wp-content\/uploads\/2022\/01\/Logo_Organisator_Website.png","width":800,"height":77,"caption":"Organisator"},"image":{"@id":"https:\/\/www.organisator.ch\/#\/schema\/logo\/image\/"},"sameAs":["https:\/\/www.facebook.com\/OrganisatorFachmagazin","https:\/\/www.linkedin.com\/showcase\/organisator-das-magazin-fr-kmu","https:\/\/www.xing.com\/news\/pages\/organisator-ch-695","https:\/\/www.youtube.com\/channel\/UCGP2Sq0iWaZwT3BdIAQFYpw"]},{"@type":"Person","@id":"https:\/\/www.organisator.ch\/#\/schema\/person\/6f650f90b2842cd4c0cc334b4e36f67e","name":"thomas.berner","image":{"@type":"ImageObject","inLanguage":"fr-FR","@id":"https:\/\/secure.gravatar.com\/avatar\/ac5001d2a36cb6c6cd3e50789007ffca834b477b74a2144564522e944eabff61?s=96&d=mm&r=g","url":"https:\/\/secure.gravatar.com\/avatar\/ac5001d2a36cb6c6cd3e50789007ffca834b477b74a2144564522e944eabff61?s=96&d=mm&r=g","contentUrl":"https:\/\/secure.gravatar.com\/avatar\/ac5001d2a36cb6c6cd3e50789007ffca834b477b74a2144564522e944eabff61?s=96&d=mm&r=g","caption":"thomas.berner"},"url":"https:\/\/www.organisator.ch\/fr\/author\/thomas-berner\/"}]}},"_links":{"self":[{"href":"https:\/\/www.organisator.ch\/fr\/wp-json\/wp\/v2\/posts\/4758","targetHints":{"allow":["GET"]}}],"collection":[{"href":"https:\/\/www.organisator.ch\/fr\/wp-json\/wp\/v2\/posts"}],"about":[{"href":"https:\/\/www.organisator.ch\/fr\/wp-json\/wp\/v2\/types\/post"}],"author":[{"embeddable":true,"href":"https:\/\/www.organisator.ch\/fr\/wp-json\/wp\/v2\/users\/4"}],"replies":[{"embeddable":true,"href":"https:\/\/www.organisator.ch\/fr\/wp-json\/wp\/v2\/comments?post=4758"}],"version-history":[{"count":0,"href":"https:\/\/www.organisator.ch\/fr\/wp-json\/wp\/v2\/posts\/4758\/revisions"}],"wp:featuredmedia":[{"embeddable":true,"href":"https:\/\/www.organisator.ch\/fr\/wp-json\/wp\/v2\/media\/4759"}],"wp:attachment":[{"href":"https:\/\/www.organisator.ch\/fr\/wp-json\/wp\/v2\/media?parent=4758"}],"wp:term":[{"taxonomy":"category","embeddable":true,"href":"https:\/\/www.organisator.ch\/fr\/wp-json\/wp\/v2\/categories?post=4758"},{"taxonomy":"post_tag","embeddable":true,"href":"https:\/\/www.organisator.ch\/fr\/wp-json\/wp\/v2\/tags?post=4758"}],"curies":[{"name":"wp","href":"https:\/\/api.w.org\/{rel}","templated":true}]}}