{"id":478,"date":"2016-05-12T10:59:23","date_gmt":"2016-05-12T08:59:23","guid":{"rendered":"http:\/\/dev.organisator.ch\/?p=478"},"modified":"2016-05-12T10:59:23","modified_gmt":"2016-05-12T08:59:23","slug":"trisa-gruppe-mit-gutem-jahresergebnis-2015","status":"publish","type":"post","link":"https:\/\/www.organisator.ch\/fr\/management\/2016-05-12\/trisa-gruppe-mit-gutem-jahresergebnis-2015\/","title":{"rendered":"Le groupe TRISA affiche un bon r\u00e9sultat annuel 2015"},"content":{"rendered":"<figure id=\"attachment_479\" aria-describedby=\"caption-attachment-479\" style=\"width: 680px\" class=\"wp-caption alignnone\"><img loading=\"lazy\" decoding=\"async\" class=\"size-medium wp-image-479\" src=\"https:\/\/organisator.ch\/wp-content\/uploads\/2016\/12\/TRISA-Gruppe-mit-gutem-Jahresergebnis-2015-organisator.jpg\" alt=\"\" width=\"680\" height=\"452\" srcset=\"https:\/\/www.organisator.ch\/wp-content\/uploads\/2016\/12\/TRISA-Gruppe-mit-gutem-Jahresergebnis-2015-organisator.jpg 800w, https:\/\/www.organisator.ch\/wp-content\/uploads\/2016\/12\/TRISA-Gruppe-mit-gutem-Jahresergebnis-2015-organisator-680x452.jpg 680w, https:\/\/www.organisator.ch\/wp-content\/uploads\/2016\/12\/TRISA-Gruppe-mit-gutem-Jahresergebnis-2015-organisator-768x511.jpg 768w, https:\/\/www.organisator.ch\/wp-content\/uploads\/2016\/12\/TRISA-Gruppe-mit-gutem-Jahresergebnis-2015-organisator-16x12.jpg 16w, https:\/\/www.organisator.ch\/wp-content\/uploads\/2016\/12\/TRISA-Gruppe-mit-gutem-Jahresergebnis-2015-organisator-263x175.jpg 263w, https:\/\/www.organisator.ch\/wp-content\/uploads\/2016\/12\/TRISA-Gruppe-mit-gutem-Jahresergebnis-2015-organisator-526x350.jpg 526w, https:\/\/www.organisator.ch\/wp-content\/uploads\/2016\/12\/TRISA-Gruppe-mit-gutem-Jahresergebnis-2015-organisator-300x200.jpg 300w\" sizes=\"auto, (max-width: 680px) 100vw, 680px\" \/><figcaption id=\"caption-attachment-479\" class=\"wp-caption-text\">Les brosses \u00e0 dents restent l'activit\u00e9 principale de TRISA.<\/figcaption><\/figure>\n<p>L'appr\u00e9ciation du franc a touch\u00e9 de mani\u00e8re substantielle le groupe TRISA, compos\u00e9 de TRISA Holding SA, TRISA SA, TRISA Electronics SA, TRISA Accessoires SA, TRISONIC SA, Ebnat SA et TRISA Bulgaria GmbH. Il a toutefois \u00e9t\u00e9 possible de r\u00e9agir rapidement et de mani\u00e8re r\u00e9fl\u00e9chie, selon le communiqu\u00e9. Les priorit\u00e9s claires que sont la focalisation sur les clients, l'innovation et les co\u00fbts, associ\u00e9es \u00e0 la capacit\u00e9 d'adaptation et \u00e0 la flexibilit\u00e9, ont fait leurs preuves dans cet environnement exceptionnel et se sont av\u00e9r\u00e9es \u00eatre les bonnes pour TRISA, indique l'entreprise. La structure et l'orientation du groupe TRISA ont \u00e9galement contribu\u00e9 \u00e0 att\u00e9nuer une partie des effets de change n\u00e9gatifs.<\/p>\n<p><strong>Des \u00e9volutions diff\u00e9rentes selon les r\u00e9gions du monde<\/strong><\/p>\n<p>TRISA a pu r\u00e9aliser une \u00e9volution positive du march\u00e9, notamment dans les pays du Moyen-Orient et aux \u00c9tats-Unis, tandis que les baisses de chiffre d'affaires dues aux fluctuations mon\u00e9taires ont eu lieu sur les march\u00e9s europ\u00e9ens. Dans l'ensemble, le march\u00e9 int\u00e9rieur s'est r\u00e9v\u00e9l\u00e9 robuste pour TRISA. Selon le credo du groupe, la confiance et la fid\u00e9lit\u00e9 de sa grande client\u00e8le nationale et internationale sont des valeurs essentielles, surtout en p\u00e9riode de difficult\u00e9s. La solidit\u00e9 de ces relations a \u00e9t\u00e9 une fois de plus d\u00e9montr\u00e9e, comme on a pu le constater.<\/p>\n<p><strong>Un taux d'innovation \u00e0 nouveau \u00e9lev\u00e9 et une activit\u00e9 d'investissement soutenue<\/strong><\/p>\n<p>Avec 22,6 millions de francs investis dans de nouveaux produits, machines et constructions, le groupe TRISA a une fois de plus enregistr\u00e9 une forte activit\u00e9 d'investissement. Au d\u00e9but de l'\u00e9t\u00e9, l'entrep\u00f4t \u00e0 hauts rayonnages enti\u00e8rement automatis\u00e9, pouvant accueillir quelque 9'100 palettes, a \u00e9t\u00e9 mis en service sur le site de Triengen. Ces capacit\u00e9s de stockage suppl\u00e9mentaires permettent de centraliser les besoins des entreprises du groupe TRISA, d'organiser plus efficacement les processus de travail et d'exploiter les synergies. En automne, les filiales Ebnat AG et TRISA Bulgaria GmbH ont \u00e9galement mis en service un nouveau b\u00e2timent de production et un nouveau b\u00e2timent de bureaux et de stockage.<\/p>\n<p><strong>Vers l'avenir avec une force d'innovation et une augmentation de la productivit\u00e9<\/strong><\/p>\n<p>Tant que le franc suisse \u00e9volue au-del\u00e0 de la parit\u00e9 de pouvoir d'achat, il n'y aura pas de lev\u00e9e d'alerte sur le front mon\u00e9taire. Les responsables de TRISA s'attendent \u00e0 ce que les mesures d\u00e9j\u00e0 mises en place portent leurs fruits cette ann\u00e9e encore. L'accent est mis sur l'exploitation des synergies au sein du groupe TRISA, sur de nouvelles am\u00e9liorations de la productivit\u00e9, sur des processus all\u00e9g\u00e9s et des augmentations durables de l'efficacit\u00e9 ainsi que sur l'optimisation des co\u00fbts sur toute la cha\u00eene de cr\u00e9ation de valeur. Ces mesures sont soutenues par un processus de d\u00e9veloppement de produits optimis\u00e9 et des d\u00e9lais d'ex\u00e9cution rapides, afin de pouvoir r\u00e9agir encore mieux aux opportunit\u00e9s et de garantir un \"time to market\" attractif. TRISA s'appuie \u00e9galement \u00e0 l'avenir sur ses forces \u00e9prouv\u00e9es : La volont\u00e9 de performance et la force d'innovation de ses \u00e9quipes ainsi que la haute qualit\u00e9 de ses produits.<\/p>\n<p><em><a href=\"http:\/\/www.trisa.ch\" target=\"_blank\" data-cke-saved-href=\"http:\/\/www.trisa.ch\" rel=\"noopener\">www.trisa.ch<\/a><\/em><\/p>","protected":false},"excerpt":{"rendered":"<p>Die Frankenaufwertung traf die TRISA Gruppe, bestehend aus TRISA Holding AG, TRISA AG, TRISA Electronics AG, TRISA Accessoires AG, TRISONIC AG, Ebnat AG und TRISA Bulgaria GmbH, substanziell. Es konnte aber schnell und besonnen reagiert werden, wie es heisst. Die klaren Priorit\u00e4ten Kunden-, Innovations- und Kostenfokus, gepaart mit Anpassungsf\u00e4higkeit und Flexibilit\u00e4t, h\u00e4tten sich in diesem [&hellip;]<\/p>\n","protected":false},"author":1,"featured_media":479,"comment_status":"open","ping_status":"open","sticky":false,"template":"","format":"standard","meta":{"_acf_changed":false,"_yoast_wpseo_focuskw":"TRISA Gruppe","_yoast_wpseo_metadesc":"Dank h\u00f6herer Produktivit\u00e4t, vieler Prozessverbesserungen und konsequentem Kostenmanagement kann die TRISA Gruppe ein gutes Jahresergebnis 2015 ausweisen.","articlekey":"","footnotes":""},"categories":[28],"tags":[334,335,492],"class_list":["post-478","post","type-post","status-publish","format-standard","has-post-thumbnail","hentry","category-management","tag-management","tag-management-und-unternehmensfuehrung","tag-unternehmen"],"acf":[],"yoast_head":"<!-- This site is optimized with the Yoast SEO plugin v27.4 - https:\/\/yoast.com\/product\/yoast-seo-wordpress\/ -->\n<title>TRISA Gruppe mit gutem Jahresergebnis 2015 - Organisator<\/title>\n<meta name=\"description\" content=\"Dank h\u00f6herer Produktivit\u00e4t, vieler Prozessverbesserungen und konsequentem Kostenmanagement kann die TRISA Gruppe ein gutes Jahresergebnis 2015 ausweisen.\" \/>\n<meta name=\"robots\" content=\"index, follow, max-snippet:-1, max-image-preview:large, max-video-preview:-1\" \/>\n<link rel=\"canonical\" href=\"https:\/\/www.organisator.ch\/fr\/gestion-2\/2016-05-12\/trisa-gruppe-mit-gutem-jahresergebnis-2015\/\" \/>\n<meta property=\"og:locale\" content=\"fr_FR\" \/>\n<meta property=\"og:type\" content=\"article\" \/>\n<meta property=\"og:title\" content=\"TRISA Gruppe mit gutem Jahresergebnis 2015\" \/>\n<meta property=\"og:description\" content=\"Dank h\u00f6herer Produktivit\u00e4t, zahlreicher Prozessverbesserungen und konsequentem Kostenmanagement kann die TRISA Gruppe ein gutes Jahresergebnis 2015 von 22,4 Mio. Franken auf Stufe EBIT ausweisen. Dies entspricht einem Plus von 8,5 Prozent zum Vorjahr. Der Gesamtumsatz reduzierte sich hingegen um 9,1 Prozent auf 232 Mio. Franken. Der Umsatzr\u00fcckgang ist prim\u00e4r eine Folge der erneuten Frankenaufwertung. Auch im vergangenen Gesch\u00e4ftsjahr weist TRISA im Kerngesch\u00e4ft Zahnb\u00fcrsten einen Exportanteil von 95 Prozent aus.\" \/>\n<meta property=\"og:url\" content=\"https:\/\/www.organisator.ch\/fr\/gestion-2\/2016-05-12\/trisa-gruppe-mit-gutem-jahresergebnis-2015\/\" \/>\n<meta property=\"og:site_name\" content=\"Organisator\" \/>\n<meta property=\"article:publisher\" content=\"https:\/\/www.facebook.com\/OrganisatorFachmagazin\" \/>\n<meta property=\"article:published_time\" content=\"2016-05-12T08:59:23+00:00\" \/>\n<meta name=\"author\" content=\"admin\" \/>\n<meta name=\"twitter:card\" content=\"summary_large_image\" \/>\n<meta name=\"twitter:image\" content=\"https:\/\/www.organisator.ch\/wp-content\/uploads\/2016\/12\/TRISA-Gruppe-mit-gutem-Jahresergebnis-2015-organisator.jpg\" \/>\n<script type=\"application\/ld+json\" class=\"yoast-schema-graph\">{\"@context\":\"https:\\\/\\\/schema.org\",\"@graph\":[{\"@type\":\"Article\",\"@id\":\"https:\\\/\\\/www.organisator.ch\\\/management\\\/2016-05-12\\\/trisa-gruppe-mit-gutem-jahresergebnis-2015\\\/#article\",\"isPartOf\":{\"@id\":\"https:\\\/\\\/www.organisator.ch\\\/management\\\/2016-05-12\\\/trisa-gruppe-mit-gutem-jahresergebnis-2015\\\/\"},\"author\":{\"name\":\"admin\",\"@id\":\"https:\\\/\\\/www.organisator.ch\\\/#\\\/schema\\\/person\\\/aa2bace6c5c5aad60102004a50c4eb1c\"},\"headline\":\"TRISA Gruppe mit gutem Jahresergebnis 2015\",\"datePublished\":\"2016-05-12T08:59:23+00:00\",\"mainEntityOfPage\":{\"@id\":\"https:\\\/\\\/www.organisator.ch\\\/management\\\/2016-05-12\\\/trisa-gruppe-mit-gutem-jahresergebnis-2015\\\/\"},\"wordCount\":419,\"commentCount\":0,\"publisher\":{\"@id\":\"https:\\\/\\\/www.organisator.ch\\\/#organization\"},\"image\":{\"@id\":\"https:\\\/\\\/www.organisator.ch\\\/management\\\/2016-05-12\\\/trisa-gruppe-mit-gutem-jahresergebnis-2015\\\/#primaryimage\"},\"thumbnailUrl\":\"https:\\\/\\\/www.organisator.ch\\\/wp-content\\\/uploads\\\/2016\\\/12\\\/TRISA-Gruppe-mit-gutem-Jahresergebnis-2015-organisator.jpg\",\"keywords\":[\"Management\",\"Management und Unternehmensf\u00fchrung\",\"Unternehmen\"],\"articleSection\":[\"MANAGEMENT\"],\"inLanguage\":\"fr-FR\"},{\"@type\":\"WebPage\",\"@id\":\"https:\\\/\\\/www.organisator.ch\\\/management\\\/2016-05-12\\\/trisa-gruppe-mit-gutem-jahresergebnis-2015\\\/\",\"url\":\"https:\\\/\\\/www.organisator.ch\\\/management\\\/2016-05-12\\\/trisa-gruppe-mit-gutem-jahresergebnis-2015\\\/\",\"name\":\"TRISA Gruppe mit gutem Jahresergebnis 2015 - Organisator\",\"isPartOf\":{\"@id\":\"https:\\\/\\\/www.organisator.ch\\\/#website\"},\"primaryImageOfPage\":{\"@id\":\"https:\\\/\\\/www.organisator.ch\\\/management\\\/2016-05-12\\\/trisa-gruppe-mit-gutem-jahresergebnis-2015\\\/#primaryimage\"},\"image\":{\"@id\":\"https:\\\/\\\/www.organisator.ch\\\/management\\\/2016-05-12\\\/trisa-gruppe-mit-gutem-jahresergebnis-2015\\\/#primaryimage\"},\"thumbnailUrl\":\"https:\\\/\\\/www.organisator.ch\\\/wp-content\\\/uploads\\\/2016\\\/12\\\/TRISA-Gruppe-mit-gutem-Jahresergebnis-2015-organisator.jpg\",\"datePublished\":\"2016-05-12T08:59:23+00:00\",\"description\":\"Dank h\u00f6herer Produktivit\u00e4t, vieler Prozessverbesserungen und konsequentem Kostenmanagement kann die TRISA Gruppe ein gutes Jahresergebnis 2015 ausweisen.\",\"breadcrumb\":{\"@id\":\"https:\\\/\\\/www.organisator.ch\\\/management\\\/2016-05-12\\\/trisa-gruppe-mit-gutem-jahresergebnis-2015\\\/#breadcrumb\"},\"inLanguage\":\"fr-FR\",\"potentialAction\":[{\"@type\":\"ReadAction\",\"target\":[\"https:\\\/\\\/www.organisator.ch\\\/management\\\/2016-05-12\\\/trisa-gruppe-mit-gutem-jahresergebnis-2015\\\/\"]}]},{\"@type\":\"ImageObject\",\"inLanguage\":\"fr-FR\",\"@id\":\"https:\\\/\\\/www.organisator.ch\\\/management\\\/2016-05-12\\\/trisa-gruppe-mit-gutem-jahresergebnis-2015\\\/#primaryimage\",\"url\":\"https:\\\/\\\/www.organisator.ch\\\/wp-content\\\/uploads\\\/2016\\\/12\\\/TRISA-Gruppe-mit-gutem-Jahresergebnis-2015-organisator.jpg\",\"contentUrl\":\"https:\\\/\\\/www.organisator.ch\\\/wp-content\\\/uploads\\\/2016\\\/12\\\/TRISA-Gruppe-mit-gutem-Jahresergebnis-2015-organisator.jpg\",\"width\":800,\"height\":532,\"caption\":\"Zahnb\u00fcrsten bilden weiterhin das Kerngesch\u00e4ft von TRISA.\"},{\"@type\":\"BreadcrumbList\",\"@id\":\"https:\\\/\\\/www.organisator.ch\\\/management\\\/2016-05-12\\\/trisa-gruppe-mit-gutem-jahresergebnis-2015\\\/#breadcrumb\",\"itemListElement\":[{\"@type\":\"ListItem\",\"position\":1,\"name\":\"Home\",\"item\":\"https:\\\/\\\/www.organisator.ch\\\/\"},{\"@type\":\"ListItem\",\"position\":2,\"name\":\"TRISA Gruppe mit gutem Jahresergebnis 2015\"}]},{\"@type\":\"WebSite\",\"@id\":\"https:\\\/\\\/www.organisator.ch\\\/#website\",\"url\":\"https:\\\/\\\/www.organisator.ch\\\/\",\"name\":\"Organisator\",\"description\":\"Kompetent. Praxisnah. Der ORGANISATOR bereitet in 10 Ausgaben pro Jahr die wesentlichen Themen f\u00fcr F\u00fchrungskr\u00e4fte von KMU auf.\",\"publisher\":{\"@id\":\"https:\\\/\\\/www.organisator.ch\\\/#organization\"},\"potentialAction\":[{\"@type\":\"SearchAction\",\"target\":{\"@type\":\"EntryPoint\",\"urlTemplate\":\"https:\\\/\\\/www.organisator.ch\\\/?s={search_term_string}\"},\"query-input\":{\"@type\":\"PropertyValueSpecification\",\"valueRequired\":true,\"valueName\":\"search_term_string\"}}],\"inLanguage\":\"fr-FR\"},{\"@type\":\"Organization\",\"@id\":\"https:\\\/\\\/www.organisator.ch\\\/#organization\",\"name\":\"Organisator\",\"url\":\"https:\\\/\\\/www.organisator.ch\\\/\",\"logo\":{\"@type\":\"ImageObject\",\"inLanguage\":\"fr-FR\",\"@id\":\"https:\\\/\\\/www.organisator.ch\\\/#\\\/schema\\\/logo\\\/image\\\/\",\"url\":\"https:\\\/\\\/www.organisator.ch\\\/wp-content\\\/uploads\\\/2022\\\/01\\\/Logo_Organisator_Website.png\",\"contentUrl\":\"https:\\\/\\\/www.organisator.ch\\\/wp-content\\\/uploads\\\/2022\\\/01\\\/Logo_Organisator_Website.png\",\"width\":800,\"height\":77,\"caption\":\"Organisator\"},\"image\":{\"@id\":\"https:\\\/\\\/www.organisator.ch\\\/#\\\/schema\\\/logo\\\/image\\\/\"},\"sameAs\":[\"https:\\\/\\\/www.facebook.com\\\/OrganisatorFachmagazin\",\"https:\\\/\\\/www.linkedin.com\\\/showcase\\\/organisator-das-magazin-fr-kmu\",\"https:\\\/\\\/www.xing.com\\\/news\\\/pages\\\/organisator-ch-695\",\"https:\\\/\\\/www.youtube.com\\\/channel\\\/UCGP2Sq0iWaZwT3BdIAQFYpw\"]},{\"@type\":\"Person\",\"@id\":\"https:\\\/\\\/www.organisator.ch\\\/#\\\/schema\\\/person\\\/aa2bace6c5c5aad60102004a50c4eb1c\",\"name\":\"admin\",\"image\":{\"@type\":\"ImageObject\",\"inLanguage\":\"fr-FR\",\"@id\":\"https:\\\/\\\/secure.gravatar.com\\\/avatar\\\/ae2f4d718e6c49043e314ce431e7e645d646302a24a5ef5a8bc8e3f5a032e319?s=96&d=mm&r=g\",\"url\":\"https:\\\/\\\/secure.gravatar.com\\\/avatar\\\/ae2f4d718e6c49043e314ce431e7e645d646302a24a5ef5a8bc8e3f5a032e319?s=96&d=mm&r=g\",\"contentUrl\":\"https:\\\/\\\/secure.gravatar.com\\\/avatar\\\/ae2f4d718e6c49043e314ce431e7e645d646302a24a5ef5a8bc8e3f5a032e319?s=96&d=mm&r=g\",\"caption\":\"admin\"},\"sameAs\":[\"https:\\\/\\\/www.organisator.ch\"],\"url\":\"https:\\\/\\\/www.organisator.ch\\\/fr\\\/author\\\/admin\\\/\"}]}<\/script>\n<!-- \/ Yoast SEO plugin. -->","yoast_head_json":{"title":"Le groupe TRISA affiche un bon r\u00e9sultat annuel 2015 - Organisateur","description":"Gr\u00e2ce \u00e0 une productivit\u00e9 accrue, \u00e0 de nombreuses am\u00e9liorations de processus et \u00e0 une gestion rigoureuse des co\u00fbts, le groupe TRISA peut afficher un bon r\u00e9sultat annuel pour 2015.","robots":{"index":"index","follow":"follow","max-snippet":"max-snippet:-1","max-image-preview":"max-image-preview:large","max-video-preview":"max-video-preview:-1"},"canonical":"https:\/\/www.organisator.ch\/fr\/gestion-2\/2016-05-12\/trisa-gruppe-mit-gutem-jahresergebnis-2015\/","og_locale":"fr_FR","og_type":"article","og_title":"TRISA Gruppe mit gutem Jahresergebnis 2015","og_description":"Dank h\u00f6herer Produktivit\u00e4t, zahlreicher Prozessverbesserungen und konsequentem Kostenmanagement kann die TRISA Gruppe ein gutes Jahresergebnis 2015 von 22,4 Mio. Franken auf Stufe EBIT ausweisen. Dies entspricht einem Plus von 8,5 Prozent zum Vorjahr. Der Gesamtumsatz reduzierte sich hingegen um 9,1 Prozent auf 232 Mio. Franken. Der Umsatzr\u00fcckgang ist prim\u00e4r eine Folge der erneuten Frankenaufwertung. Auch im vergangenen Gesch\u00e4ftsjahr weist TRISA im Kerngesch\u00e4ft Zahnb\u00fcrsten einen Exportanteil von 95 Prozent aus.","og_url":"https:\/\/www.organisator.ch\/fr\/gestion-2\/2016-05-12\/trisa-gruppe-mit-gutem-jahresergebnis-2015\/","og_site_name":"Organisator","article_publisher":"https:\/\/www.facebook.com\/OrganisatorFachmagazin","article_published_time":"2016-05-12T08:59:23+00:00","author":"admin","twitter_card":"summary_large_image","twitter_image":"https:\/\/www.organisator.ch\/wp-content\/uploads\/2016\/12\/TRISA-Gruppe-mit-gutem-Jahresergebnis-2015-organisator.jpg","schema":{"@context":"https:\/\/schema.org","@graph":[{"@type":"Article","@id":"https:\/\/www.organisator.ch\/management\/2016-05-12\/trisa-gruppe-mit-gutem-jahresergebnis-2015\/#article","isPartOf":{"@id":"https:\/\/www.organisator.ch\/management\/2016-05-12\/trisa-gruppe-mit-gutem-jahresergebnis-2015\/"},"author":{"name":"admin","@id":"https:\/\/www.organisator.ch\/#\/schema\/person\/aa2bace6c5c5aad60102004a50c4eb1c"},"headline":"TRISA Gruppe mit gutem Jahresergebnis 2015","datePublished":"2016-05-12T08:59:23+00:00","mainEntityOfPage":{"@id":"https:\/\/www.organisator.ch\/management\/2016-05-12\/trisa-gruppe-mit-gutem-jahresergebnis-2015\/"},"wordCount":419,"commentCount":0,"publisher":{"@id":"https:\/\/www.organisator.ch\/#organization"},"image":{"@id":"https:\/\/www.organisator.ch\/management\/2016-05-12\/trisa-gruppe-mit-gutem-jahresergebnis-2015\/#primaryimage"},"thumbnailUrl":"https:\/\/www.organisator.ch\/wp-content\/uploads\/2016\/12\/TRISA-Gruppe-mit-gutem-Jahresergebnis-2015-organisator.jpg","keywords":["Management","Management und Unternehmensf\u00fchrung","Unternehmen"],"articleSection":["MANAGEMENT"],"inLanguage":"fr-FR"},{"@type":"WebPage","@id":"https:\/\/www.organisator.ch\/management\/2016-05-12\/trisa-gruppe-mit-gutem-jahresergebnis-2015\/","url":"https:\/\/www.organisator.ch\/management\/2016-05-12\/trisa-gruppe-mit-gutem-jahresergebnis-2015\/","name":"Le groupe TRISA affiche un bon r\u00e9sultat annuel 2015 - Organisateur","isPartOf":{"@id":"https:\/\/www.organisator.ch\/#website"},"primaryImageOfPage":{"@id":"https:\/\/www.organisator.ch\/management\/2016-05-12\/trisa-gruppe-mit-gutem-jahresergebnis-2015\/#primaryimage"},"image":{"@id":"https:\/\/www.organisator.ch\/management\/2016-05-12\/trisa-gruppe-mit-gutem-jahresergebnis-2015\/#primaryimage"},"thumbnailUrl":"https:\/\/www.organisator.ch\/wp-content\/uploads\/2016\/12\/TRISA-Gruppe-mit-gutem-Jahresergebnis-2015-organisator.jpg","datePublished":"2016-05-12T08:59:23+00:00","description":"Gr\u00e2ce \u00e0 une productivit\u00e9 accrue, \u00e0 de nombreuses am\u00e9liorations de processus et \u00e0 une gestion rigoureuse des co\u00fbts, le groupe TRISA peut afficher un bon r\u00e9sultat annuel pour 2015.","breadcrumb":{"@id":"https:\/\/www.organisator.ch\/management\/2016-05-12\/trisa-gruppe-mit-gutem-jahresergebnis-2015\/#breadcrumb"},"inLanguage":"fr-FR","potentialAction":[{"@type":"ReadAction","target":["https:\/\/www.organisator.ch\/management\/2016-05-12\/trisa-gruppe-mit-gutem-jahresergebnis-2015\/"]}]},{"@type":"ImageObject","inLanguage":"fr-FR","@id":"https:\/\/www.organisator.ch\/management\/2016-05-12\/trisa-gruppe-mit-gutem-jahresergebnis-2015\/#primaryimage","url":"https:\/\/www.organisator.ch\/wp-content\/uploads\/2016\/12\/TRISA-Gruppe-mit-gutem-Jahresergebnis-2015-organisator.jpg","contentUrl":"https:\/\/www.organisator.ch\/wp-content\/uploads\/2016\/12\/TRISA-Gruppe-mit-gutem-Jahresergebnis-2015-organisator.jpg","width":800,"height":532,"caption":"Zahnb\u00fcrsten bilden weiterhin das Kerngesch\u00e4ft von TRISA."},{"@type":"BreadcrumbList","@id":"https:\/\/www.organisator.ch\/management\/2016-05-12\/trisa-gruppe-mit-gutem-jahresergebnis-2015\/#breadcrumb","itemListElement":[{"@type":"ListItem","position":1,"name":"Home","item":"https:\/\/www.organisator.ch\/"},{"@type":"ListItem","position":2,"name":"TRISA Gruppe mit gutem Jahresergebnis 2015"}]},{"@type":"WebSite","@id":"https:\/\/www.organisator.ch\/#website","url":"https:\/\/www.organisator.ch\/","name":"Organisateur","description":"Comp\u00e9tence et comp\u00e9tence. Proches de la pratique. L'ORGANISATEUR pr\u00e9pare 10 num\u00e9ros par an sur les th\u00e8mes essentiels pour les dirigeants de PME.","publisher":{"@id":"https:\/\/www.organisator.ch\/#organization"},"potentialAction":[{"@type":"SearchAction","target":{"@type":"EntryPoint","urlTemplate":"https:\/\/www.organisator.ch\/?s={search_term_string}"},"query-input":{"@type":"PropertyValueSpecification","valueRequired":true,"valueName":"search_term_string"}}],"inLanguage":"fr-FR"},{"@type":"Organization","@id":"https:\/\/www.organisator.ch\/#organization","name":"Organisateur","url":"https:\/\/www.organisator.ch\/","logo":{"@type":"ImageObject","inLanguage":"fr-FR","@id":"https:\/\/www.organisator.ch\/#\/schema\/logo\/image\/","url":"https:\/\/www.organisator.ch\/wp-content\/uploads\/2022\/01\/Logo_Organisator_Website.png","contentUrl":"https:\/\/www.organisator.ch\/wp-content\/uploads\/2022\/01\/Logo_Organisator_Website.png","width":800,"height":77,"caption":"Organisator"},"image":{"@id":"https:\/\/www.organisator.ch\/#\/schema\/logo\/image\/"},"sameAs":["https:\/\/www.facebook.com\/OrganisatorFachmagazin","https:\/\/www.linkedin.com\/showcase\/organisator-das-magazin-fr-kmu","https:\/\/www.xing.com\/news\/pages\/organisator-ch-695","https:\/\/www.youtube.com\/channel\/UCGP2Sq0iWaZwT3BdIAQFYpw"]},{"@type":"Person","@id":"https:\/\/www.organisator.ch\/#\/schema\/person\/aa2bace6c5c5aad60102004a50c4eb1c","name":"admin","image":{"@type":"ImageObject","inLanguage":"fr-FR","@id":"https:\/\/secure.gravatar.com\/avatar\/ae2f4d718e6c49043e314ce431e7e645d646302a24a5ef5a8bc8e3f5a032e319?s=96&d=mm&r=g","url":"https:\/\/secure.gravatar.com\/avatar\/ae2f4d718e6c49043e314ce431e7e645d646302a24a5ef5a8bc8e3f5a032e319?s=96&d=mm&r=g","contentUrl":"https:\/\/secure.gravatar.com\/avatar\/ae2f4d718e6c49043e314ce431e7e645d646302a24a5ef5a8bc8e3f5a032e319?s=96&d=mm&r=g","caption":"admin"},"sameAs":["https:\/\/www.organisator.ch"],"url":"https:\/\/www.organisator.ch\/fr\/author\/admin\/"}]}},"_links":{"self":[{"href":"https:\/\/www.organisator.ch\/fr\/wp-json\/wp\/v2\/posts\/478","targetHints":{"allow":["GET"]}}],"collection":[{"href":"https:\/\/www.organisator.ch\/fr\/wp-json\/wp\/v2\/posts"}],"about":[{"href":"https:\/\/www.organisator.ch\/fr\/wp-json\/wp\/v2\/types\/post"}],"author":[{"embeddable":true,"href":"https:\/\/www.organisator.ch\/fr\/wp-json\/wp\/v2\/users\/1"}],"replies":[{"embeddable":true,"href":"https:\/\/www.organisator.ch\/fr\/wp-json\/wp\/v2\/comments?post=478"}],"version-history":[{"count":0,"href":"https:\/\/www.organisator.ch\/fr\/wp-json\/wp\/v2\/posts\/478\/revisions"}],"wp:featuredmedia":[{"embeddable":true,"href":"https:\/\/www.organisator.ch\/fr\/wp-json\/wp\/v2\/media\/479"}],"wp:attachment":[{"href":"https:\/\/www.organisator.ch\/fr\/wp-json\/wp\/v2\/media?parent=478"}],"wp:term":[{"taxonomy":"category","embeddable":true,"href":"https:\/\/www.organisator.ch\/fr\/wp-json\/wp\/v2\/categories?post=478"},{"taxonomy":"post_tag","embeddable":true,"href":"https:\/\/www.organisator.ch\/fr\/wp-json\/wp\/v2\/tags?post=478"}],"curies":[{"name":"wp","href":"https:\/\/api.w.org\/{rel}","templated":true}]}}