{"id":47919,"date":"2026-04-22T10:35:52","date_gmt":"2026-04-22T08:35:52","guid":{"rendered":"https:\/\/www.organisator.ch\/de\/?p=47919"},"modified":"2026-04-22T10:35:52","modified_gmt":"2026-04-22T08:35:52","slug":"schweizer-insolvenzen-erreichen-historischen-rekord","status":"publish","type":"post","link":"https:\/\/www.organisator.ch\/fr\/management\/2026-04-22\/schweizer-insolvenzen-erreichen-historischen-rekord\/","title":{"rendered":"Les insolvabilit\u00e9s suisses atteignent un record historique"},"content":{"rendered":"<figure id=\"attachment_47916\" aria-describedby=\"caption-attachment-47916\" style=\"width: 680px\" class=\"wp-caption alignnone\"><img loading=\"lazy\" decoding=\"async\" class=\"wp-image-47916 size-medium\" src=\"https:\/\/www.organisator.ch\/wp-content\/uploads\/2026\/04\/123866b6-d299-724f-233b-1927c42e7bd2-680x282.jpg\" alt=\"La Suisse s&#039;attend \u00e0 14&#039;000 insolvabilit\u00e9s, un record n\u00e9gatif historique. Source : zvg\" width=\"680\" height=\"282\" srcset=\"https:\/\/www.organisator.ch\/wp-content\/uploads\/2026\/04\/123866b6-d299-724f-233b-1927c42e7bd2-680x282.jpg 680w, https:\/\/www.organisator.ch\/wp-content\/uploads\/2026\/04\/123866b6-d299-724f-233b-1927c42e7bd2-1024x424.jpg 1024w, https:\/\/www.organisator.ch\/wp-content\/uploads\/2026\/04\/123866b6-d299-724f-233b-1927c42e7bd2-768x318.jpg 768w, https:\/\/www.organisator.ch\/wp-content\/uploads\/2026\/04\/123866b6-d299-724f-233b-1927c42e7bd2-1536x636.jpg 1536w, https:\/\/www.organisator.ch\/wp-content\/uploads\/2026\/04\/123866b6-d299-724f-233b-1927c42e7bd2-2048x849.jpg 2048w, https:\/\/www.organisator.ch\/wp-content\/uploads\/2026\/04\/123866b6-d299-724f-233b-1927c42e7bd2-18x7.jpg 18w, https:\/\/www.organisator.ch\/wp-content\/uploads\/2026\/04\/123866b6-d299-724f-233b-1927c42e7bd2-375x155.jpg 375w, https:\/\/www.organisator.ch\/wp-content\/uploads\/2026\/04\/123866b6-d299-724f-233b-1927c42e7bd2-760x315.jpg 760w, https:\/\/www.organisator.ch\/wp-content\/uploads\/2026\/04\/123866b6-d299-724f-233b-1927c42e7bd2-1000x414.jpg 1000w, https:\/\/www.organisator.ch\/wp-content\/uploads\/2026\/04\/123866b6-d299-724f-233b-1927c42e7bd2-scaled.jpg 1400w\" sizes=\"auto, (max-width: 680px) 100vw, 680px\" \/><figcaption id=\"caption-attachment-47916\" class=\"wp-caption-text\">Carte mondiale de la chaleur : O\u00f9 dans le monde y a-t-il le plus de risques d'insolvabilit\u00e9 ? La Suisse \u00e0 elle seule s'attend \u00e0 14 000 faillites, un record n\u00e9gatif historique. Source : Allianz Research<\/figcaption><\/figure>\n<p>La Suisse est confront\u00e9e \u00e0 une augmentation sans pr\u00e9c\u00e9dent des faillites d'entreprises. Selon le dernier rapport mondial sur l'insolvabilit\u00e9 d'Allianz Trade, le leader mondial de l'assurance-cr\u00e9dit, pr\u00e8s de 14 000 cas d'insolvabilit\u00e9 sont attendus en Suisse en 2026. Cela repr\u00e9sente la sixi\u00e8me hausse cons\u00e9cutive, deux fois plus de cas qu'en 2022 et presque trois fois plus que la moyenne de la p\u00e9riode pr\u00e9-pand\u00e9mique.<\/p>\n<h3>Le nouveau syst\u00e8me d'insolvabilit\u00e9 comme moteur central<\/h3>\n<p>Le nouveau syst\u00e8me suisse d'insolvabilit\u00e9, qui est entr\u00e9 en vigueur le 1er janvier 2025, est un facteur d\u00e9terminant de cette augmentation massive. Avec l'abrogation des alin\u00e9as 1 et 1bis de l'article 43 de la loi f\u00e9d\u00e9rale sur la poursuite pour dettes et la faillite (LP), les dettes de droit public - dont la TVA, les imp\u00f4ts et les cotisations sociales - peuvent d\u00e9sormais conduire directement \u00e0 la faillite d'une entreprise inscrite au registre du commerce, au lieu d'\u00eatre poursuivies par voie de saisie comme c'\u00e9tait le cas jusqu'\u00e0 pr\u00e9sent. Toutes les entreprises et structures juridiques enregistr\u00e9es sont concern\u00e9es par cette r\u00e9forme, y compris les ind\u00e9pendants.<\/p>\n<p>Jan M\u00f6llmann, CEO d'Allianz Trade en Suisse, analyse la situation de la mani\u00e8re suivante : \u00abOutre le nouveau syst\u00e8me d'insolvabilit\u00e9, les perspectives \u00e9conomiques inf\u00e9rieures \u00e0 la moyenne et les pr\u00e9visions de croissance revues \u00e0 la baisse en raison de la hausse des prix de l'\u00e9nergie et des incertitudes mondiales contribuent \u00e9galement \u00e0 la tendance n\u00e9gative. Actuellement, nous pr\u00e9voyons que l'augmentation des insolvabilit\u00e9s sera de +20 % en 2026 - apr\u00e8s +38 % en 2024 et +17 % en 2023 - avant qu'une normalisation ne s'amorce \u00e0 partir de 2027 (-3 %)\u00bb.\u00bb<\/p>\n<h3>Le conflit au Proche-Orient aggrave la situation mondiale en mati\u00e8re d'insolvabilit\u00e9<\/h3>\n<p>Une nette d\u00e9t\u00e9rioration se dessine \u00e9galement au niveau international. La crise au Moyen-Orient a accru la volatilit\u00e9 sur les march\u00e9s de l'\u00e9nergie, rench\u00e9ri les co\u00fbts de transport et d\u00e9stabilis\u00e9 les cha\u00eenes d'approvisionnement mondiales. Allianz Trade pr\u00e9voit une augmentation de 6 % des d\u00e9faillances d'entreprises dans le monde en 2026, pour la cinqui\u00e8me ann\u00e9e cons\u00e9cutive. Avant le conflit, cette pr\u00e9vision \u00e9tait encore de +3 %.<\/p>\n<p>Aylin Somersan Coqui, CEO d'Allianz Trade, commente : \u00abCette situation fait grimper les co\u00fbts tout au long des cha\u00eenes de valeur mondiales, de l'agroalimentaire \u00e0 l'industrie manufacturi\u00e8re, en passant par la sant\u00e9 et la technologie. Elle accentue en outre la pression sur les secteurs \u00e0 forte consommation d'\u00e9nergie comme les transports, la chimie et la m\u00e9tallurgie. La combinaison d'une demande plus faible, d'une hausse des co\u00fbts des intrants et de conditions financi\u00e8res tendues p\u00e8se sur les entreprises ayant un faible pouvoir de fixation des prix, des marges r\u00e9duites, un endettement \u00e9lev\u00e9 ou des besoins en fonds de roulement structurellement accrus. Par rapport \u00e0 nos pr\u00e9visions d'avant la crise, les dommages directs du conflit au Moyen-Orient repr\u00e9senteront 7000 faillites d'entreprises suppl\u00e9mentaires dans le monde en 2026 et 7900 en 2027\u00bb.\u00bb<\/p>\n<figure id=\"attachment_47917\" aria-describedby=\"caption-attachment-47917\" style=\"width: 1400px\" class=\"wp-caption alignnone\"><img loading=\"lazy\" decoding=\"async\" class=\"wp-image-47917 size-full\" src=\"https:\/\/www.organisator.ch\/wp-content\/uploads\/2026\/04\/cf85bc16-961c-411b-5a81-00d574379a28-scaled.jpg\" alt=\"\" width=\"1400\" height=\"1087\" srcset=\"https:\/\/www.organisator.ch\/wp-content\/uploads\/2026\/04\/cf85bc16-961c-411b-5a81-00d574379a28-scaled.jpg 1400w, https:\/\/www.organisator.ch\/wp-content\/uploads\/2026\/04\/cf85bc16-961c-411b-5a81-00d574379a28-680x528.jpg 680w, https:\/\/www.organisator.ch\/wp-content\/uploads\/2026\/04\/cf85bc16-961c-411b-5a81-00d574379a28-1024x795.jpg 1024w, https:\/\/www.organisator.ch\/wp-content\/uploads\/2026\/04\/cf85bc16-961c-411b-5a81-00d574379a28-768x596.jpg 768w, https:\/\/www.organisator.ch\/wp-content\/uploads\/2026\/04\/cf85bc16-961c-411b-5a81-00d574379a28-1536x1193.jpg 1536w, https:\/\/www.organisator.ch\/wp-content\/uploads\/2026\/04\/cf85bc16-961c-411b-5a81-00d574379a28-15x12.jpg 15w, https:\/\/www.organisator.ch\/wp-content\/uploads\/2026\/04\/cf85bc16-961c-411b-5a81-00d574379a28-375x291.jpg 375w, https:\/\/www.organisator.ch\/wp-content\/uploads\/2026\/04\/cf85bc16-961c-411b-5a81-00d574379a28-451x350.jpg 451w, https:\/\/www.organisator.ch\/wp-content\/uploads\/2026\/04\/cf85bc16-961c-411b-5a81-00d574379a28-1000x776.jpg 1000w\" sizes=\"auto, (max-width: 1400px) 100vw, 1400px\" \/><figcaption id=\"caption-attachment-47917\" class=\"wp-caption-text\">Grandes faillites, chiffres trimestriels, par secteur d'activit\u00e9, au niveau mondial. Source : Allianz Research<\/figcaption><\/figure>\n<h3>Pire sc\u00e9nario : une escalade aggraverait encore la situation<\/h3>\n<p>Si le d\u00e9troit d'Ormuz reste bloqu\u00e9 \u00e0 long terme, les cons\u00e9quences pourraient \u00eatre consid\u00e9rablement aggrav\u00e9es par des perturbations persistantes de l'approvisionnement en p\u00e9trole et en gaz, ainsi qu'en d'autres mati\u00e8res premi\u00e8res comme les engrais et l'h\u00e9lium. Maxime Lemerle, analyste en chef de la recherche sur l'insolvabilit\u00e9 chez Allianz Trade, met en garde : \u00abUne escalade prolong\u00e9e et de grande ampleur entra\u00eenerait une augmentation des insolvabilit\u00e9s mondiales de 10 % en 2026 et de 3 % en 2027. Cela signifierait environ 4100 cas d'insolvabilit\u00e9 suppl\u00e9mentaires aux Etats-Unis et 10 500 en Europe de l'Ouest sur la p\u00e9riode 2026-2027\u2019.\u00bb<\/p>\n<h3>Des millions d'emplois en danger<\/h3>\n<p>L'augmentation pr\u00e9vue des faillites d'entreprises dans le monde de 6 % en 2026 met \u00e9galement les emplois sous pression. Allianz Trade estime qu'environ 2,2 millions d'emplois seraient directement menac\u00e9s, soit 94 000 de plus que l'ann\u00e9e pr\u00e9c\u00e9dente. Selon Lemerle, les secteurs de la construction, du commerce de d\u00e9tail et des services seraient particuli\u00e8rement touch\u00e9s. L'Europe est en t\u00eate des statistiques mondiales avec 1,3 million d'emplois potentiellement touch\u00e9s. L'Europe occidentale et l'Am\u00e9rique du Nord devraient toutes deux conna\u00eetre un pic de 12 ans. Au total, les emplois menac\u00e9s par les faillites pourraient repr\u00e9senter environ 6 % du nombre total de ch\u00f4meurs aux \u00c9tats-Unis et en Europe.<\/p>\n<figure id=\"attachment_47918\" aria-describedby=\"caption-attachment-47918\" style=\"width: 1400px\" class=\"wp-caption alignnone\"><img loading=\"lazy\" decoding=\"async\" class=\"size-full wp-image-47918\" src=\"https:\/\/www.organisator.ch\/wp-content\/uploads\/2026\/04\/d8e14998-11ea-0eb0-026d-7dd52523c446-scaled.jpg\" alt=\"\" width=\"1400\" height=\"1062\" srcset=\"https:\/\/www.organisator.ch\/wp-content\/uploads\/2026\/04\/d8e14998-11ea-0eb0-026d-7dd52523c446-scaled.jpg 1400w, https:\/\/www.organisator.ch\/wp-content\/uploads\/2026\/04\/d8e14998-11ea-0eb0-026d-7dd52523c446-680x516.jpg 680w, https:\/\/www.organisator.ch\/wp-content\/uploads\/2026\/04\/d8e14998-11ea-0eb0-026d-7dd52523c446-1024x777.jpg 1024w, https:\/\/www.organisator.ch\/wp-content\/uploads\/2026\/04\/d8e14998-11ea-0eb0-026d-7dd52523c446-768x582.jpg 768w, https:\/\/www.organisator.ch\/wp-content\/uploads\/2026\/04\/d8e14998-11ea-0eb0-026d-7dd52523c446-1536x1165.jpg 1536w, https:\/\/www.organisator.ch\/wp-content\/uploads\/2026\/04\/d8e14998-11ea-0eb0-026d-7dd52523c446-16x12.jpg 16w, https:\/\/www.organisator.ch\/wp-content\/uploads\/2026\/04\/d8e14998-11ea-0eb0-026d-7dd52523c446-375x284.jpg 375w, https:\/\/www.organisator.ch\/wp-content\/uploads\/2026\/04\/d8e14998-11ea-0eb0-026d-7dd52523c446-461x350.jpg 461w, https:\/\/www.organisator.ch\/wp-content\/uploads\/2026\/04\/d8e14998-11ea-0eb0-026d-7dd52523c446-1000x758.jpg 1000w\" sizes=\"auto, (max-width: 1400px) 100vw, 1400px\" \/><figcaption id=\"caption-attachment-47918\" class=\"wp-caption-text\">Indices d'insolvabilit\u00e9 mondiaux et r\u00e9gionaux, niveau annuel, base 100 : moyenne 2016-2019. Source : Allianz Research<\/figcaption><\/figure>\n<h3>Stabilisation attendue en 2027 seulement<\/h3>\n<p>Pour 2027, Allianz Trade pr\u00e9voit une stabilisation \u00e0 un niveau \u00e9lev\u00e9 au niveau mondial - avant le conflit au Proche-Orient, on pr\u00e9voyait encore une l\u00e9g\u00e8re baisse. En Suisse, une normalisation est attendue \u00e0 partir de 2027, avec une baisse des cas d'insolvabilit\u00e9 de probablement 3 %. D'ici l\u00e0, la situation reste un d\u00e9fi pour de nombreuses entreprises, en particulier les PME.<\/p>\n<figure id=\"attachment_47914\" aria-describedby=\"caption-attachment-47914\" style=\"width: 888px\" class=\"wp-caption alignnone\"><img loading=\"lazy\" decoding=\"async\" class=\"wp-image-47914 size-full\" src=\"https:\/\/www.organisator.ch\/wp-content\/uploads\/2026\/04\/930671ac-cace-9d62-5ae3-a107c36471b4-scaled.jpg\" alt=\"\" width=\"888\" height=\"1400\" srcset=\"https:\/\/www.organisator.ch\/wp-content\/uploads\/2026\/04\/930671ac-cace-9d62-5ae3-a107c36471b4-scaled.jpg 888w, https:\/\/www.organisator.ch\/wp-content\/uploads\/2026\/04\/930671ac-cace-9d62-5ae3-a107c36471b4-634x1000.jpg 634w, https:\/\/www.organisator.ch\/wp-content\/uploads\/2026\/04\/930671ac-cace-9d62-5ae3-a107c36471b4-650x1024.jpg 650w, https:\/\/www.organisator.ch\/wp-content\/uploads\/2026\/04\/930671ac-cace-9d62-5ae3-a107c36471b4-768x1210.jpg 768w, https:\/\/www.organisator.ch\/wp-content\/uploads\/2026\/04\/930671ac-cace-9d62-5ae3-a107c36471b4-975x1536.jpg 975w, https:\/\/www.organisator.ch\/wp-content\/uploads\/2026\/04\/930671ac-cace-9d62-5ae3-a107c36471b4-8x12.jpg 8w, https:\/\/www.organisator.ch\/wp-content\/uploads\/2026\/04\/930671ac-cace-9d62-5ae3-a107c36471b4-190x300.jpg 190w, https:\/\/www.organisator.ch\/wp-content\/uploads\/2026\/04\/930671ac-cace-9d62-5ae3-a107c36471b4-222x350.jpg 222w, https:\/\/www.organisator.ch\/wp-content\/uploads\/2026\/04\/930671ac-cace-9d62-5ae3-a107c36471b4-508x800.jpg 508w\" sizes=\"auto, (max-width: 888px) 100vw, 888px\" \/><figcaption id=\"caption-attachment-47914\" class=\"wp-caption-text\">Insolvabilit\u00e9s 2026, variation annuelle en %. Source : Allianz Research<\/figcaption><\/figure>\n<p><em>Source : <a href=\"http:\/\/www.allianz-trade.ch\">Allianz Trade<\/a><\/em><\/p>","protected":false},"excerpt":{"rendered":"<p>L'assureur-cr\u00e9dit mondial Allianz Trade pr\u00e9voit environ 14 000 faillites d'entreprises en Suisse pour 2026 - un nouveau record historique n\u00e9gatif. Le conflit au Proche-Orient aggrave encore la situation et pousse les faillites mondiales \u00e0 leur plus haut niveau depuis cinq ans.<\/p>","protected":false},"author":107,"featured_media":47916,"comment_status":"closed","ping_status":"closed","sticky":false,"template":"","format":"standard","meta":{"_acf_changed":false,"_yoast_wpseo_focuskw":"Insolvenzen 2026","_yoast_wpseo_metadesc":"Allianz Trade prognostiziert 14'000 Insolvenzen in der Schweiz \u2013 ein Rekord. Nahostkonflikt versch\u00e4rft die globale Insolvenzlage weiter.","articlekey":"","footnotes":""},"categories":[28],"tags":[202,3741,335,2861],"class_list":["post-47919","post","type-post","status-publish","format-standard","has-post-thumbnail","hentry","category-management","tag-finanzenrecht","tag-insolvenzen","tag-management-und-unternehmensfuehrung","tag-weltwirtschaft"],"acf":[],"yoast_head":"<!-- This site is optimized with the Yoast SEO plugin v27.4 - https:\/\/yoast.com\/product\/yoast-seo-wordpress\/ -->\n<title>Schweizer Insolvenzen erreichen historischen Rekord - Organisator<\/title>\n<meta name=\"description\" content=\"Allianz Trade prognostiziert 14&#039;000 Insolvenzen in der Schweiz \u2013 ein Rekord. Nahostkonflikt versch\u00e4rft die globale Insolvenzlage weiter.\" \/>\n<meta name=\"robots\" content=\"index, follow, max-snippet:-1, max-image-preview:large, max-video-preview:-1\" \/>\n<link rel=\"canonical\" href=\"https:\/\/www.organisator.ch\/fr\/gestion-2\/2026-04-22\/schweizer-insolvenzen-erreichen-historischen-rekord\/\" \/>\n<meta property=\"og:locale\" content=\"fr_FR\" \/>\n<meta property=\"og:type\" content=\"article\" \/>\n<meta property=\"og:title\" content=\"Schweizer Insolvenzen erreichen historischen Rekord\" \/>\n<meta property=\"og:description\" content=\"Allianz Trade prognostiziert 14&#039;000 Insolvenzen in der Schweiz \u2013 ein Rekord. Nahostkonflikt versch\u00e4rft die globale Insolvenzlage weiter.\" \/>\n<meta property=\"og:url\" content=\"https:\/\/www.organisator.ch\/fr\/gestion-2\/2026-04-22\/schweizer-insolvenzen-erreichen-historischen-rekord\/\" \/>\n<meta property=\"og:site_name\" content=\"Organisator\" \/>\n<meta property=\"article:publisher\" content=\"https:\/\/www.facebook.com\/OrganisatorFachmagazin\" \/>\n<meta property=\"article:published_time\" content=\"2026-04-22T08:35:52+00:00\" \/>\n<meta property=\"og:image\" content=\"https:\/\/www.organisator.ch\/wp-content\/uploads\/2026\/04\/123866b6-d299-724f-233b-1927c42e7bd2-scaled.jpg\" \/>\n\t<meta property=\"og:image:width\" content=\"1400\" \/>\n\t<meta property=\"og:image:height\" content=\"580\" \/>\n\t<meta property=\"og:image:type\" content=\"image\/jpeg\" \/>\n<meta name=\"author\" content=\"n8n\" \/>\n<meta name=\"twitter:card\" content=\"summary_large_image\" \/>\n<meta name=\"twitter:title\" content=\"Schweizer #Insolvenzen erreichen historischen #Rekord\" \/>\n<meta name=\"twitter:description\" content=\"Allianz Trade prognostiziert 14&#039;000 Insolvenzen in der Schweiz \u2013 ein #Rekord. #Nahostkonflikt versch\u00e4rft die globale #Insolvenzlage weiter.\" \/>\n<meta name=\"twitter:image\" content=\"https:\/\/www.organisator.ch\/wp-content\/uploads\/2026\/04\/123866b6-d299-724f-233b-1927c42e7bd2-scaled.jpg\" \/>\n<script type=\"application\/ld+json\" class=\"yoast-schema-graph\">{\"@context\":\"https:\\\/\\\/schema.org\",\"@graph\":[{\"@type\":\"Article\",\"@id\":\"https:\\\/\\\/www.organisator.ch\\\/management\\\/2026-04-22\\\/schweizer-insolvenzen-erreichen-historischen-rekord\\\/#article\",\"isPartOf\":{\"@id\":\"https:\\\/\\\/www.organisator.ch\\\/management\\\/2026-04-22\\\/schweizer-insolvenzen-erreichen-historischen-rekord\\\/\"},\"author\":{\"name\":\"n8n\",\"@id\":\"https:\\\/\\\/www.organisator.ch\\\/#\\\/schema\\\/person\\\/a9d0e0eff238db87a8f840f3b50359f0\"},\"headline\":\"Schweizer Insolvenzen erreichen historischen Rekord\",\"datePublished\":\"2026-04-22T08:35:52+00:00\",\"mainEntityOfPage\":{\"@id\":\"https:\\\/\\\/www.organisator.ch\\\/management\\\/2026-04-22\\\/schweizer-insolvenzen-erreichen-historischen-rekord\\\/\"},\"wordCount\":700,\"publisher\":{\"@id\":\"https:\\\/\\\/www.organisator.ch\\\/#organization\"},\"image\":{\"@id\":\"https:\\\/\\\/www.organisator.ch\\\/management\\\/2026-04-22\\\/schweizer-insolvenzen-erreichen-historischen-rekord\\\/#primaryimage\"},\"thumbnailUrl\":\"https:\\\/\\\/www.organisator.ch\\\/wp-content\\\/uploads\\\/2026\\\/04\\\/123866b6-d299-724f-233b-1927c42e7bd2-scaled.jpg\",\"keywords\":[\"Finanzen\\\/Recht\",\"Insolvenzen\",\"Management und Unternehmensf\u00fchrung\",\"Weltwirtschaft\"],\"articleSection\":[\"MANAGEMENT\"],\"inLanguage\":\"fr-FR\"},{\"@type\":\"WebPage\",\"@id\":\"https:\\\/\\\/www.organisator.ch\\\/management\\\/2026-04-22\\\/schweizer-insolvenzen-erreichen-historischen-rekord\\\/\",\"url\":\"https:\\\/\\\/www.organisator.ch\\\/management\\\/2026-04-22\\\/schweizer-insolvenzen-erreichen-historischen-rekord\\\/\",\"name\":\"Schweizer Insolvenzen erreichen historischen Rekord - Organisator\",\"isPartOf\":{\"@id\":\"https:\\\/\\\/www.organisator.ch\\\/#website\"},\"primaryImageOfPage\":{\"@id\":\"https:\\\/\\\/www.organisator.ch\\\/management\\\/2026-04-22\\\/schweizer-insolvenzen-erreichen-historischen-rekord\\\/#primaryimage\"},\"image\":{\"@id\":\"https:\\\/\\\/www.organisator.ch\\\/management\\\/2026-04-22\\\/schweizer-insolvenzen-erreichen-historischen-rekord\\\/#primaryimage\"},\"thumbnailUrl\":\"https:\\\/\\\/www.organisator.ch\\\/wp-content\\\/uploads\\\/2026\\\/04\\\/123866b6-d299-724f-233b-1927c42e7bd2-scaled.jpg\",\"datePublished\":\"2026-04-22T08:35:52+00:00\",\"description\":\"Allianz Trade prognostiziert 14'000 Insolvenzen in der Schweiz \u2013 ein Rekord. Nahostkonflikt versch\u00e4rft die globale Insolvenzlage weiter.\",\"breadcrumb\":{\"@id\":\"https:\\\/\\\/www.organisator.ch\\\/management\\\/2026-04-22\\\/schweizer-insolvenzen-erreichen-historischen-rekord\\\/#breadcrumb\"},\"inLanguage\":\"fr-FR\",\"potentialAction\":[{\"@type\":\"ReadAction\",\"target\":[\"https:\\\/\\\/www.organisator.ch\\\/management\\\/2026-04-22\\\/schweizer-insolvenzen-erreichen-historischen-rekord\\\/\"]}]},{\"@type\":\"ImageObject\",\"inLanguage\":\"fr-FR\",\"@id\":\"https:\\\/\\\/www.organisator.ch\\\/management\\\/2026-04-22\\\/schweizer-insolvenzen-erreichen-historischen-rekord\\\/#primaryimage\",\"url\":\"https:\\\/\\\/www.organisator.ch\\\/wp-content\\\/uploads\\\/2026\\\/04\\\/123866b6-d299-724f-233b-1927c42e7bd2-scaled.jpg\",\"contentUrl\":\"https:\\\/\\\/www.organisator.ch\\\/wp-content\\\/uploads\\\/2026\\\/04\\\/123866b6-d299-724f-233b-1927c42e7bd2-scaled.jpg\",\"width\":1400,\"height\":580,\"caption\":\"Schweiz erwartet 14'000 Insolvenzen, ein historischer Negativrekord. Quelle: zvg\"},{\"@type\":\"BreadcrumbList\",\"@id\":\"https:\\\/\\\/www.organisator.ch\\\/management\\\/2026-04-22\\\/schweizer-insolvenzen-erreichen-historischen-rekord\\\/#breadcrumb\",\"itemListElement\":[{\"@type\":\"ListItem\",\"position\":1,\"name\":\"Home\",\"item\":\"https:\\\/\\\/www.organisator.ch\\\/\"},{\"@type\":\"ListItem\",\"position\":2,\"name\":\"Schweizer Insolvenzen erreichen historischen Rekord\"}]},{\"@type\":\"WebSite\",\"@id\":\"https:\\\/\\\/www.organisator.ch\\\/#website\",\"url\":\"https:\\\/\\\/www.organisator.ch\\\/\",\"name\":\"Organisator\",\"description\":\"Kompetent. Praxisnah. Der ORGANISATOR bereitet in 10 Ausgaben pro Jahr die wesentlichen Themen f\u00fcr F\u00fchrungskr\u00e4fte von KMU auf.\",\"publisher\":{\"@id\":\"https:\\\/\\\/www.organisator.ch\\\/#organization\"},\"potentialAction\":[{\"@type\":\"SearchAction\",\"target\":{\"@type\":\"EntryPoint\",\"urlTemplate\":\"https:\\\/\\\/www.organisator.ch\\\/?s={search_term_string}\"},\"query-input\":{\"@type\":\"PropertyValueSpecification\",\"valueRequired\":true,\"valueName\":\"search_term_string\"}}],\"inLanguage\":\"fr-FR\"},{\"@type\":\"Organization\",\"@id\":\"https:\\\/\\\/www.organisator.ch\\\/#organization\",\"name\":\"Organisator\",\"url\":\"https:\\\/\\\/www.organisator.ch\\\/\",\"logo\":{\"@type\":\"ImageObject\",\"inLanguage\":\"fr-FR\",\"@id\":\"https:\\\/\\\/www.organisator.ch\\\/#\\\/schema\\\/logo\\\/image\\\/\",\"url\":\"https:\\\/\\\/www.organisator.ch\\\/wp-content\\\/uploads\\\/2022\\\/01\\\/Logo_Organisator_Website.png\",\"contentUrl\":\"https:\\\/\\\/www.organisator.ch\\\/wp-content\\\/uploads\\\/2022\\\/01\\\/Logo_Organisator_Website.png\",\"width\":800,\"height\":77,\"caption\":\"Organisator\"},\"image\":{\"@id\":\"https:\\\/\\\/www.organisator.ch\\\/#\\\/schema\\\/logo\\\/image\\\/\"},\"sameAs\":[\"https:\\\/\\\/www.facebook.com\\\/OrganisatorFachmagazin\",\"https:\\\/\\\/www.linkedin.com\\\/showcase\\\/organisator-das-magazin-fr-kmu\",\"https:\\\/\\\/www.xing.com\\\/news\\\/pages\\\/organisator-ch-695\",\"https:\\\/\\\/www.youtube.com\\\/channel\\\/UCGP2Sq0iWaZwT3BdIAQFYpw\"]},{\"@type\":\"Person\",\"@id\":\"https:\\\/\\\/www.organisator.ch\\\/#\\\/schema\\\/person\\\/a9d0e0eff238db87a8f840f3b50359f0\",\"name\":\"n8n\",\"image\":{\"@type\":\"ImageObject\",\"inLanguage\":\"fr-FR\",\"@id\":\"https:\\\/\\\/secure.gravatar.com\\\/avatar\\\/5368fb9d03fd415a6f335cece4c15af2502d6ca8651efbd6e8f98427a9795400?s=96&d=mm&r=g\",\"url\":\"https:\\\/\\\/secure.gravatar.com\\\/avatar\\\/5368fb9d03fd415a6f335cece4c15af2502d6ca8651efbd6e8f98427a9795400?s=96&d=mm&r=g\",\"contentUrl\":\"https:\\\/\\\/secure.gravatar.com\\\/avatar\\\/5368fb9d03fd415a6f335cece4c15af2502d6ca8651efbd6e8f98427a9795400?s=96&d=mm&r=g\",\"caption\":\"n8n\"},\"url\":\"https:\\\/\\\/www.organisator.ch\\\/fr\\\/author\\\/n8n\\\/\"}]}<\/script>\n<!-- \/ Yoast SEO plugin. -->","yoast_head_json":{"title":"Les insolvabilit\u00e9s suisses atteignent un record historique - Organisateur","description":"Allianz Trade pr\u00e9voit 14 000 cas d'insolvabilit\u00e9 en Suisse - un record. Le conflit au Proche-Orient aggrave encore la situation mondiale en mati\u00e8re d'insolvabilit\u00e9.","robots":{"index":"index","follow":"follow","max-snippet":"max-snippet:-1","max-image-preview":"max-image-preview:large","max-video-preview":"max-video-preview:-1"},"canonical":"https:\/\/www.organisator.ch\/fr\/gestion-2\/2026-04-22\/schweizer-insolvenzen-erreichen-historischen-rekord\/","og_locale":"fr_FR","og_type":"article","og_title":"Schweizer Insolvenzen erreichen historischen Rekord","og_description":"Allianz Trade prognostiziert 14'000 Insolvenzen in der Schweiz \u2013 ein Rekord. Nahostkonflikt versch\u00e4rft die globale Insolvenzlage weiter.","og_url":"https:\/\/www.organisator.ch\/fr\/gestion-2\/2026-04-22\/schweizer-insolvenzen-erreichen-historischen-rekord\/","og_site_name":"Organisator","article_publisher":"https:\/\/www.facebook.com\/OrganisatorFachmagazin","article_published_time":"2026-04-22T08:35:52+00:00","og_image":[{"width":1400,"height":580,"url":"https:\/\/www.organisator.ch\/wp-content\/uploads\/2026\/04\/123866b6-d299-724f-233b-1927c42e7bd2-scaled.jpg","type":"image\/jpeg"}],"author":"n8n","twitter_card":"summary_large_image","twitter_title":"Schweizer #Insolvenzen erreichen historischen #Rekord","twitter_description":"Allianz Trade prognostiziert 14'000 Insolvenzen in der Schweiz \u2013 ein #Rekord. #Nahostkonflikt versch\u00e4rft die globale #Insolvenzlage weiter.","twitter_image":"https:\/\/www.organisator.ch\/wp-content\/uploads\/2026\/04\/123866b6-d299-724f-233b-1927c42e7bd2-scaled.jpg","schema":{"@context":"https:\/\/schema.org","@graph":[{"@type":"Article","@id":"https:\/\/www.organisator.ch\/management\/2026-04-22\/schweizer-insolvenzen-erreichen-historischen-rekord\/#article","isPartOf":{"@id":"https:\/\/www.organisator.ch\/management\/2026-04-22\/schweizer-insolvenzen-erreichen-historischen-rekord\/"},"author":{"name":"n8n","@id":"https:\/\/www.organisator.ch\/#\/schema\/person\/a9d0e0eff238db87a8f840f3b50359f0"},"headline":"Schweizer Insolvenzen erreichen historischen Rekord","datePublished":"2026-04-22T08:35:52+00:00","mainEntityOfPage":{"@id":"https:\/\/www.organisator.ch\/management\/2026-04-22\/schweizer-insolvenzen-erreichen-historischen-rekord\/"},"wordCount":700,"publisher":{"@id":"https:\/\/www.organisator.ch\/#organization"},"image":{"@id":"https:\/\/www.organisator.ch\/management\/2026-04-22\/schweizer-insolvenzen-erreichen-historischen-rekord\/#primaryimage"},"thumbnailUrl":"https:\/\/www.organisator.ch\/wp-content\/uploads\/2026\/04\/123866b6-d299-724f-233b-1927c42e7bd2-scaled.jpg","keywords":["Finanzen\/Recht","Insolvenzen","Management und Unternehmensf\u00fchrung","Weltwirtschaft"],"articleSection":["MANAGEMENT"],"inLanguage":"fr-FR"},{"@type":"WebPage","@id":"https:\/\/www.organisator.ch\/management\/2026-04-22\/schweizer-insolvenzen-erreichen-historischen-rekord\/","url":"https:\/\/www.organisator.ch\/management\/2026-04-22\/schweizer-insolvenzen-erreichen-historischen-rekord\/","name":"Les insolvabilit\u00e9s suisses atteignent un record historique - Organisateur","isPartOf":{"@id":"https:\/\/www.organisator.ch\/#website"},"primaryImageOfPage":{"@id":"https:\/\/www.organisator.ch\/management\/2026-04-22\/schweizer-insolvenzen-erreichen-historischen-rekord\/#primaryimage"},"image":{"@id":"https:\/\/www.organisator.ch\/management\/2026-04-22\/schweizer-insolvenzen-erreichen-historischen-rekord\/#primaryimage"},"thumbnailUrl":"https:\/\/www.organisator.ch\/wp-content\/uploads\/2026\/04\/123866b6-d299-724f-233b-1927c42e7bd2-scaled.jpg","datePublished":"2026-04-22T08:35:52+00:00","description":"Allianz Trade pr\u00e9voit 14 000 cas d'insolvabilit\u00e9 en Suisse - un record. Le conflit au Proche-Orient aggrave encore la situation mondiale en mati\u00e8re d'insolvabilit\u00e9.","breadcrumb":{"@id":"https:\/\/www.organisator.ch\/management\/2026-04-22\/schweizer-insolvenzen-erreichen-historischen-rekord\/#breadcrumb"},"inLanguage":"fr-FR","potentialAction":[{"@type":"ReadAction","target":["https:\/\/www.organisator.ch\/management\/2026-04-22\/schweizer-insolvenzen-erreichen-historischen-rekord\/"]}]},{"@type":"ImageObject","inLanguage":"fr-FR","@id":"https:\/\/www.organisator.ch\/management\/2026-04-22\/schweizer-insolvenzen-erreichen-historischen-rekord\/#primaryimage","url":"https:\/\/www.organisator.ch\/wp-content\/uploads\/2026\/04\/123866b6-d299-724f-233b-1927c42e7bd2-scaled.jpg","contentUrl":"https:\/\/www.organisator.ch\/wp-content\/uploads\/2026\/04\/123866b6-d299-724f-233b-1927c42e7bd2-scaled.jpg","width":1400,"height":580,"caption":"Schweiz erwartet 14'000 Insolvenzen, ein historischer Negativrekord. Quelle: zvg"},{"@type":"BreadcrumbList","@id":"https:\/\/www.organisator.ch\/management\/2026-04-22\/schweizer-insolvenzen-erreichen-historischen-rekord\/#breadcrumb","itemListElement":[{"@type":"ListItem","position":1,"name":"Home","item":"https:\/\/www.organisator.ch\/"},{"@type":"ListItem","position":2,"name":"Schweizer Insolvenzen erreichen historischen Rekord"}]},{"@type":"WebSite","@id":"https:\/\/www.organisator.ch\/#website","url":"https:\/\/www.organisator.ch\/","name":"Organisateur","description":"Comp\u00e9tence et comp\u00e9tence. Proches de la pratique. L'ORGANISATEUR pr\u00e9pare 10 num\u00e9ros par an sur les th\u00e8mes essentiels pour les dirigeants de PME.","publisher":{"@id":"https:\/\/www.organisator.ch\/#organization"},"potentialAction":[{"@type":"SearchAction","target":{"@type":"EntryPoint","urlTemplate":"https:\/\/www.organisator.ch\/?s={search_term_string}"},"query-input":{"@type":"PropertyValueSpecification","valueRequired":true,"valueName":"search_term_string"}}],"inLanguage":"fr-FR"},{"@type":"Organization","@id":"https:\/\/www.organisator.ch\/#organization","name":"Organisateur","url":"https:\/\/www.organisator.ch\/","logo":{"@type":"ImageObject","inLanguage":"fr-FR","@id":"https:\/\/www.organisator.ch\/#\/schema\/logo\/image\/","url":"https:\/\/www.organisator.ch\/wp-content\/uploads\/2022\/01\/Logo_Organisator_Website.png","contentUrl":"https:\/\/www.organisator.ch\/wp-content\/uploads\/2022\/01\/Logo_Organisator_Website.png","width":800,"height":77,"caption":"Organisator"},"image":{"@id":"https:\/\/www.organisator.ch\/#\/schema\/logo\/image\/"},"sameAs":["https:\/\/www.facebook.com\/OrganisatorFachmagazin","https:\/\/www.linkedin.com\/showcase\/organisator-das-magazin-fr-kmu","https:\/\/www.xing.com\/news\/pages\/organisator-ch-695","https:\/\/www.youtube.com\/channel\/UCGP2Sq0iWaZwT3BdIAQFYpw"]},{"@type":"Person","@id":"https:\/\/www.organisator.ch\/#\/schema\/person\/a9d0e0eff238db87a8f840f3b50359f0","name":"n8n","image":{"@type":"ImageObject","inLanguage":"fr-FR","@id":"https:\/\/secure.gravatar.com\/avatar\/5368fb9d03fd415a6f335cece4c15af2502d6ca8651efbd6e8f98427a9795400?s=96&d=mm&r=g","url":"https:\/\/secure.gravatar.com\/avatar\/5368fb9d03fd415a6f335cece4c15af2502d6ca8651efbd6e8f98427a9795400?s=96&d=mm&r=g","contentUrl":"https:\/\/secure.gravatar.com\/avatar\/5368fb9d03fd415a6f335cece4c15af2502d6ca8651efbd6e8f98427a9795400?s=96&d=mm&r=g","caption":"n8n"},"url":"https:\/\/www.organisator.ch\/fr\/author\/n8n\/"}]}},"_links":{"self":[{"href":"https:\/\/www.organisator.ch\/fr\/wp-json\/wp\/v2\/posts\/47919","targetHints":{"allow":["GET"]}}],"collection":[{"href":"https:\/\/www.organisator.ch\/fr\/wp-json\/wp\/v2\/posts"}],"about":[{"href":"https:\/\/www.organisator.ch\/fr\/wp-json\/wp\/v2\/types\/post"}],"author":[{"embeddable":true,"href":"https:\/\/www.organisator.ch\/fr\/wp-json\/wp\/v2\/users\/107"}],"replies":[{"embeddable":true,"href":"https:\/\/www.organisator.ch\/fr\/wp-json\/wp\/v2\/comments?post=47919"}],"version-history":[{"count":4,"href":"https:\/\/www.organisator.ch\/fr\/wp-json\/wp\/v2\/posts\/47919\/revisions"}],"predecessor-version":[{"id":48051,"href":"https:\/\/www.organisator.ch\/fr\/wp-json\/wp\/v2\/posts\/47919\/revisions\/48051"}],"wp:featuredmedia":[{"embeddable":true,"href":"https:\/\/www.organisator.ch\/fr\/wp-json\/wp\/v2\/media\/47916"}],"wp:attachment":[{"href":"https:\/\/www.organisator.ch\/fr\/wp-json\/wp\/v2\/media?parent=47919"}],"wp:term":[{"taxonomy":"category","embeddable":true,"href":"https:\/\/www.organisator.ch\/fr\/wp-json\/wp\/v2\/categories?post=47919"},{"taxonomy":"post_tag","embeddable":true,"href":"https:\/\/www.organisator.ch\/fr\/wp-json\/wp\/v2\/tags?post=47919"}],"curies":[{"name":"wp","href":"https:\/\/api.w.org\/{rel}","templated":true}]}}