{"id":47958,"date":"2026-04-23T09:44:01","date_gmt":"2026-04-23T07:44:01","guid":{"rendered":"https:\/\/www.markt-kom.com\/de\/?p=254242"},"modified":"2026-04-23T14:31:11","modified_gmt":"2026-04-23T12:31:11","slug":"premiere-des-d2c-summit-im-kkl-luzern","status":"publish","type":"post","link":"https:\/\/www.organisator.ch\/fr\/marketing\/2026-04-23\/premiere-des-d2c-summit-im-kkl-luzern\/","title":{"rendered":"Premi\u00e8re du D2C-Summit au KKL de Lucerne"},"content":{"rendered":"<figure><img src=\"https:\/\/www.markt-kom.com\/wp-content\/uploads\/2026\/04\/md2x.png\" alt=\"md2x\" \/>\r\n<figcaption>Source : zvg<\/figcaption>\r\n<\/figure>\r\n<p>Le 20 mars 2026, Go 2 Flow a lanc\u00e9, avec le D2C-Summit au KKL de Lucerne, le premier \u00e9v\u00e9nement en Suisse qui se concentre exclusivement sur les marques Direct-to-Consumer. Des mod\u00e8les de croissance concrets \u00e0 la question de la mise \u00e0 l'\u00e9chelle internationale, le programme a montr\u00e9 comment les marques D2C suisses s'affirment dans un monde de la consommation toujours plus rapide et plus exigeant.<\/p>\r\n<p>Le programme comprenait des keynotes, des panels de discussion, des masterclasses et des formats de r\u00e9seautage. Le D2C-Summit poursuit un objectif clair : promouvoir la mise en r\u00e9seau, faciliter les partenariats et stimuler la croissance des marques D2C suisses.<\/p>\r\n<h3>Connaissances pratiques de marques \u00e0 succ\u00e8s<\/h3>\r\n<p>La sc\u00e8ne appartenait \u00e0 des marques qui savent comment s'y prendre : Johannes Kliesch, fondateur de Snocks, a emmen\u00e9 le public dans les coulisses de l'une des entreprises D2C les plus connues de l'espace DACH lors de sa keynote. Samy Liechti a montr\u00e9 avec Blacksocks ce que signifient 25 ans de D2C cons\u00e9quent et ce que d'autres peuvent en apprendre.<\/p>\r\n<p>Nicholas H\u00e4nny, CEO de NIKIN, a montr\u00e9 dans sa masterclass de 45 minutes pourquoi les cartes postales automatis\u00e9es sont massivement sous-estim\u00e9es en tant que canal de croissance et \u00e0 quel point elles sont r\u00e9ellement rentables.<\/p>\r\n<p>Sebastian Paul, avec Victorinox, a apport\u00e9 la perspective d'une entreprise suisse de tradition. Avec Simon Bertschinger de Namuk et Andreas von Muralt de Jungkraut, la discussion du panel a mis en \u00e9vidence \u00e0 quel point le D2C fonctionne diff\u00e9remment selon les branches et o\u00f9 les m\u00eames r\u00e8gles du jeu s'appliquent malgr\u00e9 tout.<\/p>\r\n<p>Avec Marlena Hien, fondatrice de Bears with Benefits, et Philip Class, fondateur de Teveo, ce sont deux des marques D2C allemandes les plus fortes qui sont mont\u00e9es sur sc\u00e8ne. Lors d'une discussion anim\u00e9e par Laura Kremer, ils ont parl\u00e9 ouvertement de leurs strat\u00e9gies et de leurs exp\u00e9riences.<\/p>\r\n<h3>Plateforme d'\u00e9change et de croissance<\/h3>\r\n<p>La Suisse r\u00e9unit toutes les conditions : Qualit\u00e9, force d'innovation et esprit d'entreprise. Ce qui manquait jusqu'\u00e0 pr\u00e9sent, c'\u00e9tait un lieu d'\u00e9change, de partenariat et de croissance commune. Le D2C-Summit comble cette lacune et a pour objectif de devenir l'\u00e9v\u00e9nement le plus pertinent pour les marques D2C en Suisse. La r\u00e9sonance apr\u00e8s la premi\u00e8re parlait d'elle-m\u00eame.<\/p>\r\n<p>Le prochain D2C-Summit aura lieu le 22 janvier 2027. Les billets Super Early Bird seront disponibles \u00e0 partir du 1er mai 2026.<\/p>\r\n<p><em>Plus d'informations sous : <a href=\"https:\/\/d2c-summit.ch\/\" rel=\"noopener\">https:\/\/d2c-summit.ch\/<\/a><\/em><\/p>","protected":false},"excerpt":{"rendered":"<p>Le 20 mars 2026, Go 2 Flow a lanc\u00e9 le D2C-Summit au KKL de Lucerne, le premier \u00e9v\u00e9nement en Suisse exclusivement consacr\u00e9 aux marques de vente directe aux consommateurs. Le programme comprenait des keynotes du fondateur de Snocks, Johannes Kliesch, du fondateur de Blacksocks, Samy Liechti, et du CEO de NIKIN, Nicholas H\u00e4nny, ainsi que des panels de discussion avec des repr\u00e9sentants de marques suisses \u00e9tablies.<\/p>","protected":false},"author":107,"featured_media":0,"comment_status":"closed","ping_status":"closed","sticky":false,"template":"","format":"standard","meta":{"_acf_changed":false,"_yoast_wpseo_focuskw":"D2C-Summit","_yoast_wpseo_metadesc":"Am 20. M\u00e4rz 2026 fand mit dem D2C-Summit im KKL Luzern das erste Event in der Schweiz ausschliesslich f\u00fcr Direct-to-Consumer-Brands statt.","articlekey":"","footnotes":""},"categories":[29],"tags":[5980,4343],"class_list":["post-47958","post","type-post","status-publish","format-standard","hentry","category-marketing","tag-d2c","tag-markom"],"acf":[],"yoast_head":"<!-- This site is optimized with the Yoast SEO plugin v27.4 - https:\/\/yoast.com\/product\/yoast-seo-wordpress\/ -->\n<title>Premiere des D2C-Summit im KKL Luzern - Organisator<\/title>\n<meta name=\"description\" content=\"Am 20. M\u00e4rz 2026 fand mit dem D2C-Summit im KKL Luzern das erste Event in der Schweiz ausschliesslich f\u00fcr Direct-to-Consumer-Brands statt.\" \/>\n<meta name=\"robots\" content=\"index, follow, max-snippet:-1, max-image-preview:large, max-video-preview:-1\" \/>\n<link rel=\"canonical\" href=\"https:\/\/www.organisator.ch\/fr\/marketing\/2026-04-23\/premiere-des-d2c-summit-im-kkl-luzern\/\" \/>\n<meta property=\"og:locale\" content=\"fr_FR\" \/>\n<meta property=\"og:type\" content=\"article\" \/>\n<meta property=\"og:title\" content=\"Premiere des D2C-Summit im KKL Luzern - Organisator\" \/>\n<meta property=\"og:description\" content=\"Am 20. M\u00e4rz 2026 fand mit dem D2C-Summit im KKL Luzern das erste Event in der Schweiz ausschliesslich f\u00fcr Direct-to-Consumer-Brands statt.\" \/>\n<meta property=\"og:url\" content=\"https:\/\/www.organisator.ch\/fr\/marketing\/2026-04-23\/premiere-des-d2c-summit-im-kkl-luzern\/\" \/>\n<meta property=\"og:site_name\" content=\"Organisator\" \/>\n<meta property=\"article:publisher\" content=\"https:\/\/www.facebook.com\/OrganisatorFachmagazin\" \/>\n<meta property=\"article:published_time\" content=\"2026-04-23T07:44:01+00:00\" \/>\n<meta property=\"article:modified_time\" content=\"2026-04-23T12:31:11+00:00\" \/>\n<meta property=\"og:image\" content=\"https:\/\/www.markt-kom.com\/wp-content\/uploads\/2026\/04\/md2x.png\" \/>\n<meta name=\"author\" content=\"n8n\" \/>\n<meta name=\"twitter:card\" content=\"summary_large_image\" \/>\n<script type=\"application\/ld+json\" class=\"yoast-schema-graph\">{\"@context\":\"https:\\\/\\\/schema.org\",\"@graph\":[{\"@type\":\"Article\",\"@id\":\"https:\\\/\\\/www.organisator.ch\\\/marketing\\\/2026-04-23\\\/premiere-des-d2c-summit-im-kkl-luzern\\\/#article\",\"isPartOf\":{\"@id\":\"https:\\\/\\\/www.organisator.ch\\\/marketing\\\/2026-04-23\\\/premiere-des-d2c-summit-im-kkl-luzern\\\/\"},\"author\":{\"name\":\"n8n\",\"@id\":\"https:\\\/\\\/www.organisator.ch\\\/#\\\/schema\\\/person\\\/a9d0e0eff238db87a8f840f3b50359f0\"},\"headline\":\"Premiere des D2C-Summit im KKL Luzern\",\"datePublished\":\"2026-04-23T07:44:01+00:00\",\"dateModified\":\"2026-04-23T12:31:11+00:00\",\"mainEntityOfPage\":{\"@id\":\"https:\\\/\\\/www.organisator.ch\\\/marketing\\\/2026-04-23\\\/premiere-des-d2c-summit-im-kkl-luzern\\\/\"},\"wordCount\":345,\"publisher\":{\"@id\":\"https:\\\/\\\/www.organisator.ch\\\/#organization\"},\"image\":{\"@id\":\"https:\\\/\\\/www.organisator.ch\\\/marketing\\\/2026-04-23\\\/premiere-des-d2c-summit-im-kkl-luzern\\\/#primaryimage\"},\"thumbnailUrl\":\"https:\\\/\\\/www.markt-kom.com\\\/wp-content\\\/uploads\\\/2026\\\/04\\\/md2x.png\",\"keywords\":[\"D2C\",\"MarKom\"],\"articleSection\":[\"MARKETING\"],\"inLanguage\":\"fr-FR\"},{\"@type\":\"WebPage\",\"@id\":\"https:\\\/\\\/www.organisator.ch\\\/marketing\\\/2026-04-23\\\/premiere-des-d2c-summit-im-kkl-luzern\\\/\",\"url\":\"https:\\\/\\\/www.organisator.ch\\\/marketing\\\/2026-04-23\\\/premiere-des-d2c-summit-im-kkl-luzern\\\/\",\"name\":\"Premiere des D2C-Summit im KKL Luzern - Organisator\",\"isPartOf\":{\"@id\":\"https:\\\/\\\/www.organisator.ch\\\/#website\"},\"primaryImageOfPage\":{\"@id\":\"https:\\\/\\\/www.organisator.ch\\\/marketing\\\/2026-04-23\\\/premiere-des-d2c-summit-im-kkl-luzern\\\/#primaryimage\"},\"image\":{\"@id\":\"https:\\\/\\\/www.organisator.ch\\\/marketing\\\/2026-04-23\\\/premiere-des-d2c-summit-im-kkl-luzern\\\/#primaryimage\"},\"thumbnailUrl\":\"https:\\\/\\\/www.markt-kom.com\\\/wp-content\\\/uploads\\\/2026\\\/04\\\/md2x.png\",\"datePublished\":\"2026-04-23T07:44:01+00:00\",\"dateModified\":\"2026-04-23T12:31:11+00:00\",\"description\":\"Am 20. M\u00e4rz 2026 fand mit dem D2C-Summit im KKL Luzern das erste Event in der Schweiz ausschliesslich f\u00fcr Direct-to-Consumer-Brands statt.\",\"breadcrumb\":{\"@id\":\"https:\\\/\\\/www.organisator.ch\\\/marketing\\\/2026-04-23\\\/premiere-des-d2c-summit-im-kkl-luzern\\\/#breadcrumb\"},\"inLanguage\":\"fr-FR\",\"potentialAction\":[{\"@type\":\"ReadAction\",\"target\":[\"https:\\\/\\\/www.organisator.ch\\\/marketing\\\/2026-04-23\\\/premiere-des-d2c-summit-im-kkl-luzern\\\/\"]}]},{\"@type\":\"ImageObject\",\"inLanguage\":\"fr-FR\",\"@id\":\"https:\\\/\\\/www.organisator.ch\\\/marketing\\\/2026-04-23\\\/premiere-des-d2c-summit-im-kkl-luzern\\\/#primaryimage\",\"url\":\"https:\\\/\\\/www.markt-kom.com\\\/wp-content\\\/uploads\\\/2026\\\/04\\\/md2x.png\",\"contentUrl\":\"https:\\\/\\\/www.markt-kom.com\\\/wp-content\\\/uploads\\\/2026\\\/04\\\/md2x.png\"},{\"@type\":\"BreadcrumbList\",\"@id\":\"https:\\\/\\\/www.organisator.ch\\\/marketing\\\/2026-04-23\\\/premiere-des-d2c-summit-im-kkl-luzern\\\/#breadcrumb\",\"itemListElement\":[{\"@type\":\"ListItem\",\"position\":1,\"name\":\"Home\",\"item\":\"https:\\\/\\\/www.organisator.ch\\\/\"},{\"@type\":\"ListItem\",\"position\":2,\"name\":\"Premiere des D2C-Summit im KKL Luzern\"}]},{\"@type\":\"WebSite\",\"@id\":\"https:\\\/\\\/www.organisator.ch\\\/#website\",\"url\":\"https:\\\/\\\/www.organisator.ch\\\/\",\"name\":\"Organisator\",\"description\":\"Kompetent. Praxisnah. Der ORGANISATOR bereitet in 10 Ausgaben pro Jahr die wesentlichen Themen f\u00fcr F\u00fchrungskr\u00e4fte von KMU auf.\",\"publisher\":{\"@id\":\"https:\\\/\\\/www.organisator.ch\\\/#organization\"},\"potentialAction\":[{\"@type\":\"SearchAction\",\"target\":{\"@type\":\"EntryPoint\",\"urlTemplate\":\"https:\\\/\\\/www.organisator.ch\\\/?s={search_term_string}\"},\"query-input\":{\"@type\":\"PropertyValueSpecification\",\"valueRequired\":true,\"valueName\":\"search_term_string\"}}],\"inLanguage\":\"fr-FR\"},{\"@type\":\"Organization\",\"@id\":\"https:\\\/\\\/www.organisator.ch\\\/#organization\",\"name\":\"Organisator\",\"url\":\"https:\\\/\\\/www.organisator.ch\\\/\",\"logo\":{\"@type\":\"ImageObject\",\"inLanguage\":\"fr-FR\",\"@id\":\"https:\\\/\\\/www.organisator.ch\\\/#\\\/schema\\\/logo\\\/image\\\/\",\"url\":\"https:\\\/\\\/www.organisator.ch\\\/wp-content\\\/uploads\\\/2022\\\/01\\\/Logo_Organisator_Website.png\",\"contentUrl\":\"https:\\\/\\\/www.organisator.ch\\\/wp-content\\\/uploads\\\/2022\\\/01\\\/Logo_Organisator_Website.png\",\"width\":800,\"height\":77,\"caption\":\"Organisator\"},\"image\":{\"@id\":\"https:\\\/\\\/www.organisator.ch\\\/#\\\/schema\\\/logo\\\/image\\\/\"},\"sameAs\":[\"https:\\\/\\\/www.facebook.com\\\/OrganisatorFachmagazin\",\"https:\\\/\\\/www.linkedin.com\\\/showcase\\\/organisator-das-magazin-fr-kmu\",\"https:\\\/\\\/www.xing.com\\\/news\\\/pages\\\/organisator-ch-695\",\"https:\\\/\\\/www.youtube.com\\\/channel\\\/UCGP2Sq0iWaZwT3BdIAQFYpw\"]},{\"@type\":\"Person\",\"@id\":\"https:\\\/\\\/www.organisator.ch\\\/#\\\/schema\\\/person\\\/a9d0e0eff238db87a8f840f3b50359f0\",\"name\":\"n8n\",\"image\":{\"@type\":\"ImageObject\",\"inLanguage\":\"fr-FR\",\"@id\":\"https:\\\/\\\/secure.gravatar.com\\\/avatar\\\/5368fb9d03fd415a6f335cece4c15af2502d6ca8651efbd6e8f98427a9795400?s=96&d=mm&r=g\",\"url\":\"https:\\\/\\\/secure.gravatar.com\\\/avatar\\\/5368fb9d03fd415a6f335cece4c15af2502d6ca8651efbd6e8f98427a9795400?s=96&d=mm&r=g\",\"contentUrl\":\"https:\\\/\\\/secure.gravatar.com\\\/avatar\\\/5368fb9d03fd415a6f335cece4c15af2502d6ca8651efbd6e8f98427a9795400?s=96&d=mm&r=g\",\"caption\":\"n8n\"},\"url\":\"https:\\\/\\\/www.organisator.ch\\\/fr\\\/author\\\/n8n\\\/\"}]}<\/script>\n<!-- \/ Yoast SEO plugin. -->","yoast_head_json":{"title":"Premi\u00e8re du D2C-Summit au KKL Lucerne - Organisateur","description":"Le 20 mars 2026, le D2C-Summit a eu lieu au KKL de Lucerne, le premier \u00e9v\u00e9nement en Suisse exclusivement r\u00e9serv\u00e9 aux marques Direct-to-Consumer.","robots":{"index":"index","follow":"follow","max-snippet":"max-snippet:-1","max-image-preview":"max-image-preview:large","max-video-preview":"max-video-preview:-1"},"canonical":"https:\/\/www.organisator.ch\/fr\/marketing\/2026-04-23\/premiere-des-d2c-summit-im-kkl-luzern\/","og_locale":"fr_FR","og_type":"article","og_title":"Premiere des D2C-Summit im KKL Luzern - Organisator","og_description":"Am 20. M\u00e4rz 2026 fand mit dem D2C-Summit im KKL Luzern das erste Event in der Schweiz ausschliesslich f\u00fcr Direct-to-Consumer-Brands statt.","og_url":"https:\/\/www.organisator.ch\/fr\/marketing\/2026-04-23\/premiere-des-d2c-summit-im-kkl-luzern\/","og_site_name":"Organisator","article_publisher":"https:\/\/www.facebook.com\/OrganisatorFachmagazin","article_published_time":"2026-04-23T07:44:01+00:00","article_modified_time":"2026-04-23T12:31:11+00:00","og_image":[{"url":"https:\/\/www.markt-kom.com\/wp-content\/uploads\/2026\/04\/md2x.png","type":"","width":"","height":""}],"author":"n8n","twitter_card":"summary_large_image","schema":{"@context":"https:\/\/schema.org","@graph":[{"@type":"Article","@id":"https:\/\/www.organisator.ch\/marketing\/2026-04-23\/premiere-des-d2c-summit-im-kkl-luzern\/#article","isPartOf":{"@id":"https:\/\/www.organisator.ch\/marketing\/2026-04-23\/premiere-des-d2c-summit-im-kkl-luzern\/"},"author":{"name":"n8n","@id":"https:\/\/www.organisator.ch\/#\/schema\/person\/a9d0e0eff238db87a8f840f3b50359f0"},"headline":"Premiere des D2C-Summit im KKL Luzern","datePublished":"2026-04-23T07:44:01+00:00","dateModified":"2026-04-23T12:31:11+00:00","mainEntityOfPage":{"@id":"https:\/\/www.organisator.ch\/marketing\/2026-04-23\/premiere-des-d2c-summit-im-kkl-luzern\/"},"wordCount":345,"publisher":{"@id":"https:\/\/www.organisator.ch\/#organization"},"image":{"@id":"https:\/\/www.organisator.ch\/marketing\/2026-04-23\/premiere-des-d2c-summit-im-kkl-luzern\/#primaryimage"},"thumbnailUrl":"https:\/\/www.markt-kom.com\/wp-content\/uploads\/2026\/04\/md2x.png","keywords":["D2C","MarKom"],"articleSection":["MARKETING"],"inLanguage":"fr-FR"},{"@type":"WebPage","@id":"https:\/\/www.organisator.ch\/marketing\/2026-04-23\/premiere-des-d2c-summit-im-kkl-luzern\/","url":"https:\/\/www.organisator.ch\/marketing\/2026-04-23\/premiere-des-d2c-summit-im-kkl-luzern\/","name":"Premi\u00e8re du D2C-Summit au KKL Lucerne - Organisateur","isPartOf":{"@id":"https:\/\/www.organisator.ch\/#website"},"primaryImageOfPage":{"@id":"https:\/\/www.organisator.ch\/marketing\/2026-04-23\/premiere-des-d2c-summit-im-kkl-luzern\/#primaryimage"},"image":{"@id":"https:\/\/www.organisator.ch\/marketing\/2026-04-23\/premiere-des-d2c-summit-im-kkl-luzern\/#primaryimage"},"thumbnailUrl":"https:\/\/www.markt-kom.com\/wp-content\/uploads\/2026\/04\/md2x.png","datePublished":"2026-04-23T07:44:01+00:00","dateModified":"2026-04-23T12:31:11+00:00","description":"Le 20 mars 2026, le D2C-Summit a eu lieu au KKL de Lucerne, le premier \u00e9v\u00e9nement en Suisse exclusivement r\u00e9serv\u00e9 aux marques Direct-to-Consumer.","breadcrumb":{"@id":"https:\/\/www.organisator.ch\/marketing\/2026-04-23\/premiere-des-d2c-summit-im-kkl-luzern\/#breadcrumb"},"inLanguage":"fr-FR","potentialAction":[{"@type":"ReadAction","target":["https:\/\/www.organisator.ch\/marketing\/2026-04-23\/premiere-des-d2c-summit-im-kkl-luzern\/"]}]},{"@type":"ImageObject","inLanguage":"fr-FR","@id":"https:\/\/www.organisator.ch\/marketing\/2026-04-23\/premiere-des-d2c-summit-im-kkl-luzern\/#primaryimage","url":"https:\/\/www.markt-kom.com\/wp-content\/uploads\/2026\/04\/md2x.png","contentUrl":"https:\/\/www.markt-kom.com\/wp-content\/uploads\/2026\/04\/md2x.png"},{"@type":"BreadcrumbList","@id":"https:\/\/www.organisator.ch\/marketing\/2026-04-23\/premiere-des-d2c-summit-im-kkl-luzern\/#breadcrumb","itemListElement":[{"@type":"ListItem","position":1,"name":"Home","item":"https:\/\/www.organisator.ch\/"},{"@type":"ListItem","position":2,"name":"Premiere des D2C-Summit im KKL Luzern"}]},{"@type":"WebSite","@id":"https:\/\/www.organisator.ch\/#website","url":"https:\/\/www.organisator.ch\/","name":"Organisateur","description":"Comp\u00e9tence et comp\u00e9tence. Proches de la pratique. L'ORGANISATEUR pr\u00e9pare 10 num\u00e9ros par an sur les th\u00e8mes essentiels pour les dirigeants de PME.","publisher":{"@id":"https:\/\/www.organisator.ch\/#organization"},"potentialAction":[{"@type":"SearchAction","target":{"@type":"EntryPoint","urlTemplate":"https:\/\/www.organisator.ch\/?s={search_term_string}"},"query-input":{"@type":"PropertyValueSpecification","valueRequired":true,"valueName":"search_term_string"}}],"inLanguage":"fr-FR"},{"@type":"Organization","@id":"https:\/\/www.organisator.ch\/#organization","name":"Organisateur","url":"https:\/\/www.organisator.ch\/","logo":{"@type":"ImageObject","inLanguage":"fr-FR","@id":"https:\/\/www.organisator.ch\/#\/schema\/logo\/image\/","url":"https:\/\/www.organisator.ch\/wp-content\/uploads\/2022\/01\/Logo_Organisator_Website.png","contentUrl":"https:\/\/www.organisator.ch\/wp-content\/uploads\/2022\/01\/Logo_Organisator_Website.png","width":800,"height":77,"caption":"Organisator"},"image":{"@id":"https:\/\/www.organisator.ch\/#\/schema\/logo\/image\/"},"sameAs":["https:\/\/www.facebook.com\/OrganisatorFachmagazin","https:\/\/www.linkedin.com\/showcase\/organisator-das-magazin-fr-kmu","https:\/\/www.xing.com\/news\/pages\/organisator-ch-695","https:\/\/www.youtube.com\/channel\/UCGP2Sq0iWaZwT3BdIAQFYpw"]},{"@type":"Person","@id":"https:\/\/www.organisator.ch\/#\/schema\/person\/a9d0e0eff238db87a8f840f3b50359f0","name":"n8n","image":{"@type":"ImageObject","inLanguage":"fr-FR","@id":"https:\/\/secure.gravatar.com\/avatar\/5368fb9d03fd415a6f335cece4c15af2502d6ca8651efbd6e8f98427a9795400?s=96&d=mm&r=g","url":"https:\/\/secure.gravatar.com\/avatar\/5368fb9d03fd415a6f335cece4c15af2502d6ca8651efbd6e8f98427a9795400?s=96&d=mm&r=g","contentUrl":"https:\/\/secure.gravatar.com\/avatar\/5368fb9d03fd415a6f335cece4c15af2502d6ca8651efbd6e8f98427a9795400?s=96&d=mm&r=g","caption":"n8n"},"url":"https:\/\/www.organisator.ch\/fr\/author\/n8n\/"}]}},"_links":{"self":[{"href":"https:\/\/www.organisator.ch\/fr\/wp-json\/wp\/v2\/posts\/47958","targetHints":{"allow":["GET"]}}],"collection":[{"href":"https:\/\/www.organisator.ch\/fr\/wp-json\/wp\/v2\/posts"}],"about":[{"href":"https:\/\/www.organisator.ch\/fr\/wp-json\/wp\/v2\/types\/post"}],"author":[{"embeddable":true,"href":"https:\/\/www.organisator.ch\/fr\/wp-json\/wp\/v2\/users\/107"}],"replies":[{"embeddable":true,"href":"https:\/\/www.organisator.ch\/fr\/wp-json\/wp\/v2\/comments?post=47958"}],"version-history":[{"count":4,"href":"https:\/\/www.organisator.ch\/fr\/wp-json\/wp\/v2\/posts\/47958\/revisions"}],"predecessor-version":[{"id":47991,"href":"https:\/\/www.organisator.ch\/fr\/wp-json\/wp\/v2\/posts\/47958\/revisions\/47991"}],"wp:attachment":[{"href":"https:\/\/www.organisator.ch\/fr\/wp-json\/wp\/v2\/media?parent=47958"}],"wp:term":[{"taxonomy":"category","embeddable":true,"href":"https:\/\/www.organisator.ch\/fr\/wp-json\/wp\/v2\/categories?post=47958"},{"taxonomy":"post_tag","embeddable":true,"href":"https:\/\/www.organisator.ch\/fr\/wp-json\/wp\/v2\/tags?post=47958"}],"curies":[{"name":"wp","href":"https:\/\/api.w.org\/{rel}","templated":true}]}}