{"id":47994,"date":"2026-04-23T15:22:00","date_gmt":"2026-04-23T13:22:00","guid":{"rendered":"https:\/\/www.organisator.ch\/?p=47994"},"modified":"2026-04-23T15:22:00","modified_gmt":"2026-04-23T13:22:00","slug":"pfas-forward-action-summit-handeln-statt-abwarten","status":"publish","type":"post","link":"https:\/\/www.organisator.ch\/fr\/sustainability\/2026-04-23\/pfas-forward-action-summit-handeln-statt-abwarten\/","title":{"rendered":"PFAS Forward Action Summit : agir plut\u00f4t que d'attendre"},"content":{"rendered":"<figure id=\"attachment_47995\" aria-describedby=\"caption-attachment-47995\" style=\"width: 680px\" class=\"wp-caption alignnone\"><img loading=\"lazy\" decoding=\"async\" class=\"size-full wp-image-47995\" src=\"https:\/\/www.organisator.ch\/wp-content\/uploads\/2026\/04\/PFAS-Summit-Handeln-statt-abwarten-1_Organisator.jpg\" alt=\"\" width=\"680\" height=\"510\" srcset=\"https:\/\/www.organisator.ch\/wp-content\/uploads\/2026\/04\/PFAS-Summit-Handeln-statt-abwarten-1_Organisator.jpg 680w, https:\/\/www.organisator.ch\/wp-content\/uploads\/2026\/04\/PFAS-Summit-Handeln-statt-abwarten-1_Organisator-16x12.jpg 16w, https:\/\/www.organisator.ch\/wp-content\/uploads\/2026\/04\/PFAS-Summit-Handeln-statt-abwarten-1_Organisator-375x281.jpg 375w, https:\/\/www.organisator.ch\/wp-content\/uploads\/2026\/04\/PFAS-Summit-Handeln-statt-abwarten-1_Organisator-467x350.jpg 467w\" sizes=\"auto, (max-width: 680px) 100vw, 680px\" \/><figcaption id=\"caption-attachment-47995\" class=\"wp-caption-text\">Dr. Fajer Mushtaq ouvre le PFAS Forward Action Summit 2026 (Photo : Daniel Kunz, Adliswil Switzerland)<\/figcaption><\/figure>\n<p>En mati\u00e8re de gestion des PFAS, la r\u00e8gle est de plus en plus la suivante : attendre n'est plus une option. Au lieu d'attendre une clarification scientifique ou r\u00e9glementaire compl\u00e8te, il faut mettre en \u0153uvre des solutions avec les moyens disponibles aujourd'hui. Cette conclusion \u00e9tait au centre du \u00abPFAS Forward Action Summit\u00bb, organis\u00e9 par l'entreprise suisse de cleantech\u00a0<a href=\"https:\/\/oxyle.com\/\" target=\"_blank\" rel=\"noopener\">Oxyle<\/a> (ici notre <a href=\"https:\/\/www.organisator.ch\/de\/sustainability\/2026-04-22\/wasser-ist-eine-herzensangelegenheit\/\">Entretien avec la cofondatrice Dr. Fajer Mushtaq<\/a>, articles payants) a r\u00e9cemment r\u00e9uni une centaine de professionnels de toute l'Europe.<\/p>\n<h3>PFAS : huit millions de compos\u00e9s chimiques diff\u00e9rents<\/h3>\n<p>L'importance croissante de substances jusqu'ici peu consid\u00e9r\u00e9es a \u00e9t\u00e9 un th\u00e8me central. Le Dr Hans Peter Arp (Norwegian Geotechnical Institute \/ NTNU) a pr\u00e9sent\u00e9 les recherches actuelles sur l'acide trifluoroac\u00e9tique (TFA) - un compos\u00e9 PFAS \u00e0 cha\u00eene ultra-courte qui, en raison de sa grande mobilit\u00e9 et de sa persistance, attire de plus en plus l'attention des chercheurs et des praticiens.<\/p>\n<p>Emma Schymanski (Universit\u00e9 du Luxembourg) a mis en \u00e9vidence l'ampleur du d\u00e9fi : \"Si l'on se base sur la d\u00e9finition de l'OCDE, les bases de donn\u00e9es chimiques telles que PubChem permettent d'identifier plus de huit millions de PFAS potentiels - bien plus que les substances individuelles dont on a souvent parl\u00e9 jusqu'\u00e0 pr\u00e9sent.<\/p>\n<p>Le tableau reste \u00e9galement complexe sur le plan de la r\u00e9glementation. Stefan Voorspoels (VITO) et El\u00e9onore Mullier (Steptoe) ont d\u00e9crit une r\u00e9glementation europ\u00e9enne qui gagne en dynamisme, mais qui reste fragment\u00e9e. Le processus de restriction de REACH donne certes une orientation, mais augmente en m\u00eame temps la complexit\u00e9 pour les entreprises qui doivent d\u00e9j\u00e0 prendre des d\u00e9cisions en mati\u00e8re d'investissement et de technologie. Cette tension entre l'ambition politique et la mise en \u0153uvre pratique est caract\u00e9ristique du d\u00e9bat actuel sur les PFAS en Europe.<\/p>\n<h3>R\u00e9glementation et tra\u00e7abilit\u00e9 n\u00e9cessaires<\/h3>\n<p>Au milieu de tous ces d\u00e9veloppements - progr\u00e8s de la science, nouvelles substances, r\u00e9glementation changeante - se pose la question suivante : comment prendre aujourd'hui des d\u00e9cisions \u00e9clair\u00e9es en mati\u00e8re de traitement ? Une discussion en panel avec Jeroen De Lathouwer (npower), Jessica Middlemiss (Puraffinity), Yannick Severin (Nijhuis Saur Industries) et Silvan Staufert (Oxyle) a \u00e9t\u00e9 consacr\u00e9e pr\u00e9cis\u00e9ment \u00e0 cette question : comment d\u00e9finir les exigences sp\u00e9cifiques \u00e0 chaque site, quels crit\u00e8res prendre en compte dans le choix des approches de traitement et comment prendre des d\u00e9cisions solides dans un domaine o\u00f9 les options continuent de se multiplier. Selon Kelly Thompson (Global Water Intelligence), nous sommes \u00e9galement \u00e0 la veille d'une acc\u00e9l\u00e9ration significative des investissements, ce qui rend cette \u00e9valuation structur\u00e9e plus importante que jamais.<\/p>\n<figure id=\"attachment_47996\" aria-describedby=\"caption-attachment-47996\" style=\"width: 680px\" class=\"wp-caption alignnone\"><img loading=\"lazy\" decoding=\"async\" class=\"size-full wp-image-47996\" src=\"https:\/\/www.organisator.ch\/wp-content\/uploads\/2026\/04\/PFAS-Summit-Handeln-statt-abwarten-2_Organisator.jpg\" alt=\"\" width=\"680\" height=\"463\" srcset=\"https:\/\/www.organisator.ch\/wp-content\/uploads\/2026\/04\/PFAS-Summit-Handeln-statt-abwarten-2_Organisator.jpg 680w, https:\/\/www.organisator.ch\/wp-content\/uploads\/2026\/04\/PFAS-Summit-Handeln-statt-abwarten-2_Organisator-18x12.jpg 18w, https:\/\/www.organisator.ch\/wp-content\/uploads\/2026\/04\/PFAS-Summit-Handeln-statt-abwarten-2_Organisator-375x255.jpg 375w, https:\/\/www.organisator.ch\/wp-content\/uploads\/2026\/04\/PFAS-Summit-Handeln-statt-abwarten-2_Organisator-514x350.jpg 514w\" sizes=\"auto, (max-width: 680px) 100vw, 680px\" \/><figcaption id=\"caption-attachment-47996\" class=\"wp-caption-text\">Discussion en panel sur la question : comment prendre aujourd'hui des d\u00e9cisions fond\u00e9es sur le traitement des PFAS ? (Image : Daniel Kunz, Adliswil Switzerland)<\/figcaption><\/figure>\n<p>Zachary Neigh (AECOM) a montr\u00e9 comment la chimiom\u00e9trie PFAS devient de plus en plus un outil performant pour identifier et tracer les sources de contamination. Des exemples pratiques pr\u00e9sent\u00e9s par le Dr Marcel Riegel (TZW DVGW-Technologiezentrum Wasser) et Fr\u00e9d\u00e9ric Rondeau (Office f\u00e9d\u00e9ral suisse des routes FEDRO) ont illustr\u00e9 \u00e0 quel point les sc\u00e9narios de contamination peuvent varier - et qu'aucun site ne peut \u00eatre trait\u00e9 selon une approche unique.<\/p>\n<p>Lors d'une discussion finale entre Dirk Nuyens (ERM) et le Dr Fajer Mushtaq (CEO et cofondatrice d'Oxyle), la conclusion centrale de la journ\u00e9e a \u00e9t\u00e9 r\u00e9affirm\u00e9e : L'attente ne r\u00e9duit pas les risques, elle les augmente m\u00eame dans de nombreux cas. \u00abTous viennent de perspectives diff\u00e9rentes sur le th\u00e8me des PFAS - mais ce qui unit tout le monde dans cette salle, c'est la volont\u00e9 claire de r\u00e9soudre le probl\u00e8me. Il y a une force particuli\u00e8re \u00e0 rassembler toutes les parties de cet \u00e9cosyst\u00e8me, \u00e0 apprendre les unes des autres et \u00e0 s'appuyer les unes sur les autres. C'est pr\u00e9cis\u00e9ment pour cela que nous voulions cr\u00e9er un espace - et c'est pr\u00e9cis\u00e9ment pour cela que nous allons continuer \u00e0 faire avancer ce dialogue\u00bb, a r\u00e9sum\u00e9 Fajer Mushtaq \u00e0 propos de la r\u00e9union.\u00a0<\/p>\n<p><em>Source et informations compl\u00e9mentaires : <a href=\"https:\/\/oxyle.com\/\">Oxyle<\/a><\/em><\/p>","protected":false},"excerpt":{"rendered":"<p>Le 25 mars 2026, le PFAS Forward Action Summit a eu lieu \u00e0 Zurich. Des repr\u00e9sentants de la science, de l'industrie, de la r\u00e9glementation et de la technologie ont discut\u00e9 de la mani\u00e8re dont, malgr\u00e9 des d\u00e9veloppements dynamiques, des progr\u00e8s concrets peuvent d\u00e9j\u00e0 \u00eatre r\u00e9alis\u00e9s pour endiguer les PFAS.<\/p>","protected":false},"author":4,"featured_media":47995,"comment_status":"closed","ping_status":"closed","sticky":false,"template":"","format":"standard","meta":{"_acf_changed":false,"_yoast_wpseo_focuskw":"PFAS Forward Action Summit","_yoast_wpseo_metadesc":"Vertreterinnen und Vertreter aus Wissenschaft, Industrie und Beh\u00f6rden diskutierten am 25. M\u00e4rz am PFAS Forward Action Summit.","articlekey":"","footnotes":""},"categories":[580],"tags":[193,218,5118,2383],"class_list":["post-47994","post","type-post","status-publish","format-standard","has-post-thumbnail","hentry","category-sustainability","tag-fachkongressfachmesse","tag-forschung","tag-pfas","tag-umwelttechnik"],"acf":[],"yoast_head":"<!-- This site is optimized with the Yoast SEO plugin v27.5 - https:\/\/yoast.com\/product\/yoast-seo-wordpress\/ -->\n<title>PFAS Forward Action Summit: Handeln statt abwarten - Organisator<\/title>\n<meta name=\"description\" content=\"Vertreterinnen und Vertreter aus Wissenschaft, Industrie und Beh\u00f6rden diskutierten am 25. M\u00e4rz am PFAS Forward Action Summit.\" \/>\n<meta name=\"robots\" content=\"index, follow, max-snippet:-1, max-image-preview:large, max-video-preview:-1\" \/>\n<link rel=\"canonical\" href=\"https:\/\/www.organisator.ch\/fr\/sustainability\/2026-04-23\/pfas-forward-action-summit-handeln-statt-abwarten\/\" \/>\n<meta property=\"og:locale\" content=\"fr_FR\" \/>\n<meta property=\"og:type\" content=\"article\" \/>\n<meta property=\"og:title\" content=\"PFAS Forward Action Summit: Handeln statt abwarten\" \/>\n<meta property=\"og:description\" content=\"Vertreterinnen und Vertreter aus Wissenschaft, Industrie und Beh\u00f6rden diskutierten am 25. M\u00e4rz am PFAS Forward Action Summit.\" \/>\n<meta property=\"og:url\" content=\"https:\/\/www.organisator.ch\/fr\/sustainability\/2026-04-23\/pfas-forward-action-summit-handeln-statt-abwarten\/\" \/>\n<meta property=\"og:site_name\" content=\"Organisator\" \/>\n<meta property=\"article:publisher\" content=\"https:\/\/www.facebook.com\/OrganisatorFachmagazin\" \/>\n<meta property=\"article:published_time\" content=\"2026-04-23T13:22:00+00:00\" \/>\n<meta property=\"og:image\" content=\"https:\/\/www.organisator.ch\/wp-content\/uploads\/2026\/04\/PFAS-Summit-Handeln-statt-abwarten-1_Organisator.jpg\" \/>\n\t<meta property=\"og:image:width\" content=\"680\" \/>\n\t<meta property=\"og:image:height\" content=\"510\" \/>\n\t<meta property=\"og:image:type\" content=\"image\/jpeg\" \/>\n<meta name=\"author\" content=\"thomas.berner\" \/>\n<meta name=\"twitter:card\" content=\"summary_large_image\" \/>\n<meta name=\"twitter:title\" content=\"#PFAS Forward Action Summit: Handeln statt abwarten\" \/>\n<meta name=\"twitter:description\" content=\"Vertreterinnen und Vertreter aus #Wissenschaft, #Industrie und Beh\u00f6rden diskutierten am 25. M\u00e4rz am #PFAS Forward Action Summit.\" \/>\n<meta name=\"twitter:image\" content=\"https:\/\/www.organisator.ch\/wp-content\/uploads\/2026\/04\/PFAS-Summit-Handeln-statt-abwarten-1_Organisator.jpg\" \/>\n<script type=\"application\/ld+json\" class=\"yoast-schema-graph\">{\"@context\":\"https:\\\/\\\/schema.org\",\"@graph\":[{\"@type\":\"Article\",\"@id\":\"https:\\\/\\\/www.organisator.ch\\\/sustainability\\\/2026-04-23\\\/pfas-forward-action-summit-handeln-statt-abwarten\\\/#article\",\"isPartOf\":{\"@id\":\"https:\\\/\\\/www.organisator.ch\\\/sustainability\\\/2026-04-23\\\/pfas-forward-action-summit-handeln-statt-abwarten\\\/\"},\"author\":{\"name\":\"thomas.berner\",\"@id\":\"https:\\\/\\\/www.organisator.ch\\\/#\\\/schema\\\/person\\\/6f650f90b2842cd4c0cc334b4e36f67e\"},\"headline\":\"PFAS Forward Action Summit: Handeln statt abwarten\",\"datePublished\":\"2026-04-23T13:22:00+00:00\",\"mainEntityOfPage\":{\"@id\":\"https:\\\/\\\/www.organisator.ch\\\/sustainability\\\/2026-04-23\\\/pfas-forward-action-summit-handeln-statt-abwarten\\\/\"},\"wordCount\":567,\"publisher\":{\"@id\":\"https:\\\/\\\/www.organisator.ch\\\/#organization\"},\"image\":{\"@id\":\"https:\\\/\\\/www.organisator.ch\\\/sustainability\\\/2026-04-23\\\/pfas-forward-action-summit-handeln-statt-abwarten\\\/#primaryimage\"},\"thumbnailUrl\":\"https:\\\/\\\/www.organisator.ch\\\/wp-content\\\/uploads\\\/2026\\\/04\\\/PFAS-Summit-Handeln-statt-abwarten-1_Organisator.jpg\",\"keywords\":[\"Fachkongress\\\/Fachmesse\",\"Forschung\",\"PFAS\",\"Umwelttechnik\"],\"articleSection\":[\"SUSTAINABILITY\"],\"inLanguage\":\"fr-FR\"},{\"@type\":\"WebPage\",\"@id\":\"https:\\\/\\\/www.organisator.ch\\\/sustainability\\\/2026-04-23\\\/pfas-forward-action-summit-handeln-statt-abwarten\\\/\",\"url\":\"https:\\\/\\\/www.organisator.ch\\\/sustainability\\\/2026-04-23\\\/pfas-forward-action-summit-handeln-statt-abwarten\\\/\",\"name\":\"PFAS Forward Action Summit: Handeln statt abwarten - Organisator\",\"isPartOf\":{\"@id\":\"https:\\\/\\\/www.organisator.ch\\\/#website\"},\"primaryImageOfPage\":{\"@id\":\"https:\\\/\\\/www.organisator.ch\\\/sustainability\\\/2026-04-23\\\/pfas-forward-action-summit-handeln-statt-abwarten\\\/#primaryimage\"},\"image\":{\"@id\":\"https:\\\/\\\/www.organisator.ch\\\/sustainability\\\/2026-04-23\\\/pfas-forward-action-summit-handeln-statt-abwarten\\\/#primaryimage\"},\"thumbnailUrl\":\"https:\\\/\\\/www.organisator.ch\\\/wp-content\\\/uploads\\\/2026\\\/04\\\/PFAS-Summit-Handeln-statt-abwarten-1_Organisator.jpg\",\"datePublished\":\"2026-04-23T13:22:00+00:00\",\"description\":\"Vertreterinnen und Vertreter aus Wissenschaft, Industrie und Beh\u00f6rden diskutierten am 25. M\u00e4rz am PFAS Forward Action Summit.\",\"breadcrumb\":{\"@id\":\"https:\\\/\\\/www.organisator.ch\\\/sustainability\\\/2026-04-23\\\/pfas-forward-action-summit-handeln-statt-abwarten\\\/#breadcrumb\"},\"inLanguage\":\"fr-FR\",\"potentialAction\":[{\"@type\":\"ReadAction\",\"target\":[\"https:\\\/\\\/www.organisator.ch\\\/sustainability\\\/2026-04-23\\\/pfas-forward-action-summit-handeln-statt-abwarten\\\/\"]}]},{\"@type\":\"ImageObject\",\"inLanguage\":\"fr-FR\",\"@id\":\"https:\\\/\\\/www.organisator.ch\\\/sustainability\\\/2026-04-23\\\/pfas-forward-action-summit-handeln-statt-abwarten\\\/#primaryimage\",\"url\":\"https:\\\/\\\/www.organisator.ch\\\/wp-content\\\/uploads\\\/2026\\\/04\\\/PFAS-Summit-Handeln-statt-abwarten-1_Organisator.jpg\",\"contentUrl\":\"https:\\\/\\\/www.organisator.ch\\\/wp-content\\\/uploads\\\/2026\\\/04\\\/PFAS-Summit-Handeln-statt-abwarten-1_Organisator.jpg\",\"width\":680,\"height\":510,\"caption\":\"Dr. Fajer Mushtaq er\u00f6ffnet den PFAS Forward Action Summit 2026. (Bild: Daniel Kunz, Adliswil Switzerland)\"},{\"@type\":\"BreadcrumbList\",\"@id\":\"https:\\\/\\\/www.organisator.ch\\\/sustainability\\\/2026-04-23\\\/pfas-forward-action-summit-handeln-statt-abwarten\\\/#breadcrumb\",\"itemListElement\":[{\"@type\":\"ListItem\",\"position\":1,\"name\":\"Home\",\"item\":\"https:\\\/\\\/www.organisator.ch\\\/\"},{\"@type\":\"ListItem\",\"position\":2,\"name\":\"PFAS Forward Action Summit: Handeln statt abwarten\"}]},{\"@type\":\"WebSite\",\"@id\":\"https:\\\/\\\/www.organisator.ch\\\/#website\",\"url\":\"https:\\\/\\\/www.organisator.ch\\\/\",\"name\":\"Organisator\",\"description\":\"Kompetent. Praxisnah. Der ORGANISATOR bereitet in 10 Ausgaben pro Jahr die wesentlichen Themen f\u00fcr F\u00fchrungskr\u00e4fte von KMU auf.\",\"publisher\":{\"@id\":\"https:\\\/\\\/www.organisator.ch\\\/#organization\"},\"potentialAction\":[{\"@type\":\"SearchAction\",\"target\":{\"@type\":\"EntryPoint\",\"urlTemplate\":\"https:\\\/\\\/www.organisator.ch\\\/?s={search_term_string}\"},\"query-input\":{\"@type\":\"PropertyValueSpecification\",\"valueRequired\":true,\"valueName\":\"search_term_string\"}}],\"inLanguage\":\"fr-FR\"},{\"@type\":\"Organization\",\"@id\":\"https:\\\/\\\/www.organisator.ch\\\/#organization\",\"name\":\"Organisator\",\"url\":\"https:\\\/\\\/www.organisator.ch\\\/\",\"logo\":{\"@type\":\"ImageObject\",\"inLanguage\":\"fr-FR\",\"@id\":\"https:\\\/\\\/www.organisator.ch\\\/#\\\/schema\\\/logo\\\/image\\\/\",\"url\":\"https:\\\/\\\/www.organisator.ch\\\/wp-content\\\/uploads\\\/2022\\\/01\\\/Logo_Organisator_Website.png\",\"contentUrl\":\"https:\\\/\\\/www.organisator.ch\\\/wp-content\\\/uploads\\\/2022\\\/01\\\/Logo_Organisator_Website.png\",\"width\":800,\"height\":77,\"caption\":\"Organisator\"},\"image\":{\"@id\":\"https:\\\/\\\/www.organisator.ch\\\/#\\\/schema\\\/logo\\\/image\\\/\"},\"sameAs\":[\"https:\\\/\\\/www.facebook.com\\\/OrganisatorFachmagazin\",\"https:\\\/\\\/www.linkedin.com\\\/showcase\\\/organisator-das-magazin-fr-kmu\",\"https:\\\/\\\/www.xing.com\\\/news\\\/pages\\\/organisator-ch-695\",\"https:\\\/\\\/www.youtube.com\\\/channel\\\/UCGP2Sq0iWaZwT3BdIAQFYpw\"]},{\"@type\":\"Person\",\"@id\":\"https:\\\/\\\/www.organisator.ch\\\/#\\\/schema\\\/person\\\/6f650f90b2842cd4c0cc334b4e36f67e\",\"name\":\"thomas.berner\",\"image\":{\"@type\":\"ImageObject\",\"inLanguage\":\"fr-FR\",\"@id\":\"https:\\\/\\\/secure.gravatar.com\\\/avatar\\\/ac5001d2a36cb6c6cd3e50789007ffca834b477b74a2144564522e944eabff61?s=96&d=mm&r=g\",\"url\":\"https:\\\/\\\/secure.gravatar.com\\\/avatar\\\/ac5001d2a36cb6c6cd3e50789007ffca834b477b74a2144564522e944eabff61?s=96&d=mm&r=g\",\"contentUrl\":\"https:\\\/\\\/secure.gravatar.com\\\/avatar\\\/ac5001d2a36cb6c6cd3e50789007ffca834b477b74a2144564522e944eabff61?s=96&d=mm&r=g\",\"caption\":\"thomas.berner\"},\"url\":\"https:\\\/\\\/www.organisator.ch\\\/fr\\\/author\\\/thomas-berner\\\/\"}]}<\/script>\n<!-- \/ Yoast SEO plugin. -->","yoast_head_json":{"title":"PFAS Forward Action Summit : agir plut\u00f4t que d'attendre - Organisateur","description":"Des repr\u00e9sentants de la science, de l'industrie et des autorit\u00e9s ont discut\u00e9 le 25 mars lors du PFAS Forward Action Summit.","robots":{"index":"index","follow":"follow","max-snippet":"max-snippet:-1","max-image-preview":"max-image-preview:large","max-video-preview":"max-video-preview:-1"},"canonical":"https:\/\/www.organisator.ch\/fr\/sustainability\/2026-04-23\/pfas-forward-action-summit-handeln-statt-abwarten\/","og_locale":"fr_FR","og_type":"article","og_title":"PFAS Forward Action Summit: Handeln statt abwarten","og_description":"Vertreterinnen und Vertreter aus Wissenschaft, Industrie und Beh\u00f6rden diskutierten am 25. M\u00e4rz am PFAS Forward Action Summit.","og_url":"https:\/\/www.organisator.ch\/fr\/sustainability\/2026-04-23\/pfas-forward-action-summit-handeln-statt-abwarten\/","og_site_name":"Organisator","article_publisher":"https:\/\/www.facebook.com\/OrganisatorFachmagazin","article_published_time":"2026-04-23T13:22:00+00:00","og_image":[{"width":680,"height":510,"url":"https:\/\/www.organisator.ch\/wp-content\/uploads\/2026\/04\/PFAS-Summit-Handeln-statt-abwarten-1_Organisator.jpg","type":"image\/jpeg"}],"author":"thomas.berner","twitter_card":"summary_large_image","twitter_title":"#PFAS Forward Action Summit: Handeln statt abwarten","twitter_description":"Vertreterinnen und Vertreter aus #Wissenschaft, #Industrie und Beh\u00f6rden diskutierten am 25. M\u00e4rz am #PFAS Forward Action Summit.","twitter_image":"https:\/\/www.organisator.ch\/wp-content\/uploads\/2026\/04\/PFAS-Summit-Handeln-statt-abwarten-1_Organisator.jpg","schema":{"@context":"https:\/\/schema.org","@graph":[{"@type":"Article","@id":"https:\/\/www.organisator.ch\/sustainability\/2026-04-23\/pfas-forward-action-summit-handeln-statt-abwarten\/#article","isPartOf":{"@id":"https:\/\/www.organisator.ch\/sustainability\/2026-04-23\/pfas-forward-action-summit-handeln-statt-abwarten\/"},"author":{"name":"thomas.berner","@id":"https:\/\/www.organisator.ch\/#\/schema\/person\/6f650f90b2842cd4c0cc334b4e36f67e"},"headline":"PFAS Forward Action Summit: Handeln statt abwarten","datePublished":"2026-04-23T13:22:00+00:00","mainEntityOfPage":{"@id":"https:\/\/www.organisator.ch\/sustainability\/2026-04-23\/pfas-forward-action-summit-handeln-statt-abwarten\/"},"wordCount":567,"publisher":{"@id":"https:\/\/www.organisator.ch\/#organization"},"image":{"@id":"https:\/\/www.organisator.ch\/sustainability\/2026-04-23\/pfas-forward-action-summit-handeln-statt-abwarten\/#primaryimage"},"thumbnailUrl":"https:\/\/www.organisator.ch\/wp-content\/uploads\/2026\/04\/PFAS-Summit-Handeln-statt-abwarten-1_Organisator.jpg","keywords":["Fachkongress\/Fachmesse","Forschung","PFAS","Umwelttechnik"],"articleSection":["SUSTAINABILITY"],"inLanguage":"fr-FR"},{"@type":"WebPage","@id":"https:\/\/www.organisator.ch\/sustainability\/2026-04-23\/pfas-forward-action-summit-handeln-statt-abwarten\/","url":"https:\/\/www.organisator.ch\/sustainability\/2026-04-23\/pfas-forward-action-summit-handeln-statt-abwarten\/","name":"PFAS Forward Action Summit : agir plut\u00f4t que d'attendre - Organisateur","isPartOf":{"@id":"https:\/\/www.organisator.ch\/#website"},"primaryImageOfPage":{"@id":"https:\/\/www.organisator.ch\/sustainability\/2026-04-23\/pfas-forward-action-summit-handeln-statt-abwarten\/#primaryimage"},"image":{"@id":"https:\/\/www.organisator.ch\/sustainability\/2026-04-23\/pfas-forward-action-summit-handeln-statt-abwarten\/#primaryimage"},"thumbnailUrl":"https:\/\/www.organisator.ch\/wp-content\/uploads\/2026\/04\/PFAS-Summit-Handeln-statt-abwarten-1_Organisator.jpg","datePublished":"2026-04-23T13:22:00+00:00","description":"Des repr\u00e9sentants de la science, de l'industrie et des autorit\u00e9s ont discut\u00e9 le 25 mars lors du PFAS Forward Action Summit.","breadcrumb":{"@id":"https:\/\/www.organisator.ch\/sustainability\/2026-04-23\/pfas-forward-action-summit-handeln-statt-abwarten\/#breadcrumb"},"inLanguage":"fr-FR","potentialAction":[{"@type":"ReadAction","target":["https:\/\/www.organisator.ch\/sustainability\/2026-04-23\/pfas-forward-action-summit-handeln-statt-abwarten\/"]}]},{"@type":"ImageObject","inLanguage":"fr-FR","@id":"https:\/\/www.organisator.ch\/sustainability\/2026-04-23\/pfas-forward-action-summit-handeln-statt-abwarten\/#primaryimage","url":"https:\/\/www.organisator.ch\/wp-content\/uploads\/2026\/04\/PFAS-Summit-Handeln-statt-abwarten-1_Organisator.jpg","contentUrl":"https:\/\/www.organisator.ch\/wp-content\/uploads\/2026\/04\/PFAS-Summit-Handeln-statt-abwarten-1_Organisator.jpg","width":680,"height":510,"caption":"Dr. Fajer Mushtaq er\u00f6ffnet den PFAS Forward Action Summit 2026. (Bild: Daniel Kunz, Adliswil Switzerland)"},{"@type":"BreadcrumbList","@id":"https:\/\/www.organisator.ch\/sustainability\/2026-04-23\/pfas-forward-action-summit-handeln-statt-abwarten\/#breadcrumb","itemListElement":[{"@type":"ListItem","position":1,"name":"Home","item":"https:\/\/www.organisator.ch\/"},{"@type":"ListItem","position":2,"name":"PFAS Forward Action Summit: Handeln statt abwarten"}]},{"@type":"WebSite","@id":"https:\/\/www.organisator.ch\/#website","url":"https:\/\/www.organisator.ch\/","name":"Organisateur","description":"Comp\u00e9tence et comp\u00e9tence. Proches de la pratique. L'ORGANISATEUR pr\u00e9pare 10 num\u00e9ros par an sur les th\u00e8mes essentiels pour les dirigeants de PME.","publisher":{"@id":"https:\/\/www.organisator.ch\/#organization"},"potentialAction":[{"@type":"SearchAction","target":{"@type":"EntryPoint","urlTemplate":"https:\/\/www.organisator.ch\/?s={search_term_string}"},"query-input":{"@type":"PropertyValueSpecification","valueRequired":true,"valueName":"search_term_string"}}],"inLanguage":"fr-FR"},{"@type":"Organization","@id":"https:\/\/www.organisator.ch\/#organization","name":"Organisateur","url":"https:\/\/www.organisator.ch\/","logo":{"@type":"ImageObject","inLanguage":"fr-FR","@id":"https:\/\/www.organisator.ch\/#\/schema\/logo\/image\/","url":"https:\/\/www.organisator.ch\/wp-content\/uploads\/2022\/01\/Logo_Organisator_Website.png","contentUrl":"https:\/\/www.organisator.ch\/wp-content\/uploads\/2022\/01\/Logo_Organisator_Website.png","width":800,"height":77,"caption":"Organisator"},"image":{"@id":"https:\/\/www.organisator.ch\/#\/schema\/logo\/image\/"},"sameAs":["https:\/\/www.facebook.com\/OrganisatorFachmagazin","https:\/\/www.linkedin.com\/showcase\/organisator-das-magazin-fr-kmu","https:\/\/www.xing.com\/news\/pages\/organisator-ch-695","https:\/\/www.youtube.com\/channel\/UCGP2Sq0iWaZwT3BdIAQFYpw"]},{"@type":"Person","@id":"https:\/\/www.organisator.ch\/#\/schema\/person\/6f650f90b2842cd4c0cc334b4e36f67e","name":"thomas.berner","image":{"@type":"ImageObject","inLanguage":"fr-FR","@id":"https:\/\/secure.gravatar.com\/avatar\/ac5001d2a36cb6c6cd3e50789007ffca834b477b74a2144564522e944eabff61?s=96&d=mm&r=g","url":"https:\/\/secure.gravatar.com\/avatar\/ac5001d2a36cb6c6cd3e50789007ffca834b477b74a2144564522e944eabff61?s=96&d=mm&r=g","contentUrl":"https:\/\/secure.gravatar.com\/avatar\/ac5001d2a36cb6c6cd3e50789007ffca834b477b74a2144564522e944eabff61?s=96&d=mm&r=g","caption":"thomas.berner"},"url":"https:\/\/www.organisator.ch\/fr\/author\/thomas-berner\/"}]}},"_links":{"self":[{"href":"https:\/\/www.organisator.ch\/fr\/wp-json\/wp\/v2\/posts\/47994","targetHints":{"allow":["GET"]}}],"collection":[{"href":"https:\/\/www.organisator.ch\/fr\/wp-json\/wp\/v2\/posts"}],"about":[{"href":"https:\/\/www.organisator.ch\/fr\/wp-json\/wp\/v2\/types\/post"}],"author":[{"embeddable":true,"href":"https:\/\/www.organisator.ch\/fr\/wp-json\/wp\/v2\/users\/4"}],"replies":[{"embeddable":true,"href":"https:\/\/www.organisator.ch\/fr\/wp-json\/wp\/v2\/comments?post=47994"}],"version-history":[{"count":2,"href":"https:\/\/www.organisator.ch\/fr\/wp-json\/wp\/v2\/posts\/47994\/revisions"}],"predecessor-version":[{"id":48045,"href":"https:\/\/www.organisator.ch\/fr\/wp-json\/wp\/v2\/posts\/47994\/revisions\/48045"}],"wp:featuredmedia":[{"embeddable":true,"href":"https:\/\/www.organisator.ch\/fr\/wp-json\/wp\/v2\/media\/47995"}],"wp:attachment":[{"href":"https:\/\/www.organisator.ch\/fr\/wp-json\/wp\/v2\/media?parent=47994"}],"wp:term":[{"taxonomy":"category","embeddable":true,"href":"https:\/\/www.organisator.ch\/fr\/wp-json\/wp\/v2\/categories?post=47994"},{"taxonomy":"post_tag","embeddable":true,"href":"https:\/\/www.organisator.ch\/fr\/wp-json\/wp\/v2\/tags?post=47994"}],"curies":[{"name":"wp","href":"https:\/\/api.w.org\/{rel}","templated":true}]}}