{"id":48006,"date":"2026-04-24T09:49:20","date_gmt":"2026-04-24T07:49:20","guid":{"rendered":"https:\/\/www.markt-kom.com\/de\/?p=254310"},"modified":"2026-04-24T11:02:37","modified_gmt":"2026-04-24T09:02:37","slug":"felix-graf-wird-neuer-verwaltungsratspraesident-bei-der-apgsga","status":"publish","type":"post","link":"https:\/\/www.organisator.ch\/fr\/management\/2026-04-24\/felix-graf-wird-neuer-verwaltungsratspraesident-bei-der-apgsga\/","title":{"rendered":"Felix Graf devient le nouveau pr\u00e9sident du conseil d'administration de la SGA|SGA"},"content":{"rendered":"[caption id=\"attachment_48020\" align=\"alignnone\" width=\"680\"]<img class=\"size-medium wp-image-48020\" src=\"https:\/\/www.organisator.ch\/wp-content\/uploads\/2026\/04\/Felix-Graf-scaled-1-680x452.jpg\" alt=\"\" width=\"680\" height=\"452\" \/> Felix Graf, neuer Verwaltungsratspr\u00e4sident von APG|SGA. (Bild: Karin Hofer \/ NZZ)[\/caption]\r\n\r\n<p>Anl\u00e4sslich der Generalversammlung der APG|SGA vom 23. April 2026 in Genf haben die anwesenden Aktion\u00e4r:innen alle Antr\u00e4ge des Verwaltungsrates deutlich angenommen. Die Aktion\u00e4r:innen, welche 75,8 Prozent der stimmberechtigten Namenaktien vertraten, best\u00e4tigten alle zur Neuwahl beziehungsweise Wiederwahl stehenden Mitglieder des Verwaltungsrates f\u00fcr ein weiteres Jahr.<\/p>\r\n<h3>Neue F\u00fchrungsstruktur im Verwaltungsrat<\/h3>\r\n<p>Felix Graf wurde neu zum Verwaltungsratspr\u00e4sidenten gew\u00e4hlt. Er war bereits zuvor Mitglied des Gremiums. Als neues Mitglied in den Verwaltungsrat gew\u00e4hlt wurde Corine Blesi. Wiedergew\u00e4hlt wurden David Bourg, Maya Bundt, Jolanda Grob und Markus Scheidegger. Daniel Hofer und Xavier Le Clef haben sich entschieden, sich nicht zur Wiederwahl zu stellen und scheiden aus dem Gremium aus.<\/p>\r\n<p>Jolanda Grob und Markus Scheidegger wurden erneut in den Verg\u00fctungsausschuss des Verwaltungsrates gew\u00e4hlt.<\/p>\r\n<h3>Jahresabschluss und Verg\u00fctungen genehmigt<\/h3>\r\n<p>Der Jahresbericht, die Jahresrechnung und die Konzernrechnung 2025 wurden genehmigt. Dem Verwaltungsrat und der Unternehmensleitung wurde f\u00fcr das Gesch\u00e4ftsjahr 2025 Entlastung erteilt. Der Verg\u00fctung des Verwaltungsrates sowie der fixen und variablen Verg\u00fctung der Unternehmungsleitung wurde mit \u00fcber 98,55 Prozent der Stimmen zugestimmt.<\/p>\r\n<p>Die Generalversammlung beschloss mit einer Zustimmung von 98,16 Prozent die Auszahlung einer Dividende von CHF 12 f\u00fcr das Gesch\u00e4ftsjahr 2025.<\/p>\r\n<p>APG|SGA ist das f\u00fchrende Out-of-Home-Medienunternehmen der Schweiz. An der SIX Swiss Exchange kotiert, deckt das Unternehmen alle Bereiche der Aussenwerbung ab: auf Strassen und Pl\u00e4tzen, in Bahnh\u00f6fen, Flugh\u00e4fen, Shoppingcentern, in den Bergen sowie in und an Verkehrsmitteln \u2013 von reichweitenstarken Plakatkampagnen \u00fcber Grossformate bis hin zu modernsten digitalen Werbefl\u00e4chen sowie Sonderwerbeformen und Mobile-Werbung.<\/p>\r\n<p><em>Quelle: <a href=\"http:\/\/www.apgsga.ch\">APG|SGA<\/a>\u00a0<\/em><\/p>","protected":false},"excerpt":{"rendered":"<p>Lors de l'assembl\u00e9e g\u00e9n\u00e9rale d'APG|SGA \u00e0 Gen\u00e8ve, les actionnaires ont approuv\u00e9 \u00e0 une large majorit\u00e9 toutes les propositions du conseil d'administration. L'entreprise suisse de m\u00e9dias hors domicile versera un dividende de 12 CHF par action pour l'exercice 2025. Felix Graf a \u00e9t\u00e9 nouvellement \u00e9lu pr\u00e9sident du conseil d'administration et Corine Blesi fait son entr\u00e9e dans l'organe.<\/p>","protected":false},"author":107,"featured_media":0,"comment_status":"closed","ping_status":"closed","sticky":false,"template":"","format":"standard","meta":{"_acf_changed":false,"_yoast_wpseo_focuskw":"Felix Graf","_yoast_wpseo_metadesc":"An der GV von APG|SGA wurde Felix Graf neu zum Verwaltungsratspr\u00e4sidenten gew\u00e4hlt, Corine Blesi tritt neu in das Gremium ein.","articlekey":"","footnotes":""},"categories":[28],"tags":[4644,335,4343,381,492],"class_list":["post-48006","post","type-post","status-publish","format-standard","hentry","category-management","tag-apgsga","tag-management-und-unternehmensfuehrung","tag-markom","tag-personalia","tag-unternehmen"],"acf":[],"yoast_head":"<!-- This site is optimized with the Yoast SEO plugin v27.4 - https:\/\/yoast.com\/product\/yoast-seo-wordpress\/ -->\n<title>Felix Graf wird neuer Verwaltungsratspr\u00e4sident bei der APG|SGA - Organisator<\/title>\n<meta name=\"description\" content=\"An der GV von APG|SGA wurde Felix Graf neu zum Verwaltungsratspr\u00e4sidenten gew\u00e4hlt, Corine Blesi tritt neu in das Gremium ein.\" \/>\n<meta name=\"robots\" content=\"index, follow, max-snippet:-1, max-image-preview:large, max-video-preview:-1\" \/>\n<link rel=\"canonical\" href=\"https:\/\/www.organisator.ch\/fr\/gestion-2\/2026-04-24\/felix-graf-wird-neuer-verwaltungsratspraesident-bei-der-apgsga\/\" \/>\n<meta property=\"og:locale\" content=\"fr_FR\" \/>\n<meta property=\"og:type\" content=\"article\" \/>\n<meta property=\"og:title\" content=\"Felix Graf wird neuer Verwaltungsratspr\u00e4sident bei der APG|SGA - Organisator\" \/>\n<meta property=\"og:description\" content=\"An der GV von APG|SGA wurde Felix Graf neu zum Verwaltungsratspr\u00e4sidenten gew\u00e4hlt, Corine Blesi tritt neu in das Gremium ein.\" \/>\n<meta property=\"og:url\" content=\"https:\/\/www.organisator.ch\/fr\/gestion-2\/2026-04-24\/felix-graf-wird-neuer-verwaltungsratspraesident-bei-der-apgsga\/\" \/>\n<meta property=\"og:site_name\" content=\"Organisator\" \/>\n<meta property=\"article:publisher\" content=\"https:\/\/www.facebook.com\/OrganisatorFachmagazin\" \/>\n<meta property=\"article:published_time\" content=\"2026-04-24T07:49:20+00:00\" \/>\n<meta property=\"article:modified_time\" content=\"2026-04-24T09:02:37+00:00\" \/>\n<meta property=\"og:image\" content=\"https:\/\/www.organisator.ch\/wp-content\/uploads\/2026\/04\/Felix-Graf-scaled-1.jpg\" \/>\n\t<meta property=\"og:image:width\" content=\"1300\" \/>\n\t<meta property=\"og:image:height\" content=\"865\" \/>\n\t<meta property=\"og:image:type\" content=\"image\/jpeg\" \/>\n<meta name=\"author\" content=\"n8n\" \/>\n<meta name=\"twitter:card\" content=\"summary_large_image\" \/>\n<script type=\"application\/ld+json\" class=\"yoast-schema-graph\">{\"@context\":\"https:\\\/\\\/schema.org\",\"@graph\":[{\"@type\":\"Article\",\"@id\":\"https:\\\/\\\/www.organisator.ch\\\/management\\\/2026-04-24\\\/felix-graf-wird-neuer-verwaltungsratspraesident-bei-der-apgsga\\\/#article\",\"isPartOf\":{\"@id\":\"https:\\\/\\\/www.organisator.ch\\\/management\\\/2026-04-24\\\/felix-graf-wird-neuer-verwaltungsratspraesident-bei-der-apgsga\\\/\"},\"author\":{\"name\":\"n8n\",\"@id\":\"https:\\\/\\\/www.organisator.ch\\\/#\\\/schema\\\/person\\\/a9d0e0eff238db87a8f840f3b50359f0\"},\"headline\":\"Felix Graf wird neuer Verwaltungsratspr\u00e4sident bei der APG|SGA\",\"datePublished\":\"2026-04-24T07:49:20+00:00\",\"dateModified\":\"2026-04-24T09:02:37+00:00\",\"mainEntityOfPage\":{\"@id\":\"https:\\\/\\\/www.organisator.ch\\\/management\\\/2026-04-24\\\/felix-graf-wird-neuer-verwaltungsratspraesident-bei-der-apgsga\\\/\"},\"wordCount\":287,\"publisher\":{\"@id\":\"https:\\\/\\\/www.organisator.ch\\\/#organization\"},\"image\":{\"@id\":\"https:\\\/\\\/www.organisator.ch\\\/management\\\/2026-04-24\\\/felix-graf-wird-neuer-verwaltungsratspraesident-bei-der-apgsga\\\/#primaryimage\"},\"thumbnailUrl\":\"https:\\\/\\\/www.organisator.ch\\\/wp-content\\\/uploads\\\/2026\\\/04\\\/Felix-Graf-scaled-1-680x452.jpg\",\"keywords\":[\"APG|SGA\",\"Management und Unternehmensf\u00fchrung\",\"MarKom\",\"Personalia\",\"Unternehmen\"],\"articleSection\":[\"MANAGEMENT\"],\"inLanguage\":\"fr-FR\"},{\"@type\":\"WebPage\",\"@id\":\"https:\\\/\\\/www.organisator.ch\\\/management\\\/2026-04-24\\\/felix-graf-wird-neuer-verwaltungsratspraesident-bei-der-apgsga\\\/\",\"url\":\"https:\\\/\\\/www.organisator.ch\\\/management\\\/2026-04-24\\\/felix-graf-wird-neuer-verwaltungsratspraesident-bei-der-apgsga\\\/\",\"name\":\"Felix Graf wird neuer Verwaltungsratspr\u00e4sident bei der APG|SGA - Organisator\",\"isPartOf\":{\"@id\":\"https:\\\/\\\/www.organisator.ch\\\/#website\"},\"primaryImageOfPage\":{\"@id\":\"https:\\\/\\\/www.organisator.ch\\\/management\\\/2026-04-24\\\/felix-graf-wird-neuer-verwaltungsratspraesident-bei-der-apgsga\\\/#primaryimage\"},\"image\":{\"@id\":\"https:\\\/\\\/www.organisator.ch\\\/management\\\/2026-04-24\\\/felix-graf-wird-neuer-verwaltungsratspraesident-bei-der-apgsga\\\/#primaryimage\"},\"thumbnailUrl\":\"https:\\\/\\\/www.organisator.ch\\\/wp-content\\\/uploads\\\/2026\\\/04\\\/Felix-Graf-scaled-1-680x452.jpg\",\"datePublished\":\"2026-04-24T07:49:20+00:00\",\"dateModified\":\"2026-04-24T09:02:37+00:00\",\"description\":\"An der GV von APG|SGA wurde Felix Graf neu zum Verwaltungsratspr\u00e4sidenten gew\u00e4hlt, Corine Blesi tritt neu in das Gremium ein.\",\"breadcrumb\":{\"@id\":\"https:\\\/\\\/www.organisator.ch\\\/management\\\/2026-04-24\\\/felix-graf-wird-neuer-verwaltungsratspraesident-bei-der-apgsga\\\/#breadcrumb\"},\"inLanguage\":\"fr-FR\",\"potentialAction\":[{\"@type\":\"ReadAction\",\"target\":[\"https:\\\/\\\/www.organisator.ch\\\/management\\\/2026-04-24\\\/felix-graf-wird-neuer-verwaltungsratspraesident-bei-der-apgsga\\\/\"]}]},{\"@type\":\"ImageObject\",\"inLanguage\":\"fr-FR\",\"@id\":\"https:\\\/\\\/www.organisator.ch\\\/management\\\/2026-04-24\\\/felix-graf-wird-neuer-verwaltungsratspraesident-bei-der-apgsga\\\/#primaryimage\",\"url\":\"https:\\\/\\\/www.organisator.ch\\\/wp-content\\\/uploads\\\/2026\\\/04\\\/Felix-Graf-scaled-1-680x452.jpg\",\"contentUrl\":\"https:\\\/\\\/www.organisator.ch\\\/wp-content\\\/uploads\\\/2026\\\/04\\\/Felix-Graf-scaled-1-680x452.jpg\"},{\"@type\":\"BreadcrumbList\",\"@id\":\"https:\\\/\\\/www.organisator.ch\\\/management\\\/2026-04-24\\\/felix-graf-wird-neuer-verwaltungsratspraesident-bei-der-apgsga\\\/#breadcrumb\",\"itemListElement\":[{\"@type\":\"ListItem\",\"position\":1,\"name\":\"Home\",\"item\":\"https:\\\/\\\/www.organisator.ch\\\/\"},{\"@type\":\"ListItem\",\"position\":2,\"name\":\"Felix Graf wird neuer Verwaltungsratspr\u00e4sident bei der APG|SGA\"}]},{\"@type\":\"WebSite\",\"@id\":\"https:\\\/\\\/www.organisator.ch\\\/#website\",\"url\":\"https:\\\/\\\/www.organisator.ch\\\/\",\"name\":\"Organisator\",\"description\":\"Kompetent. Praxisnah. Der ORGANISATOR bereitet in 10 Ausgaben pro Jahr die wesentlichen Themen f\u00fcr F\u00fchrungskr\u00e4fte von KMU auf.\",\"publisher\":{\"@id\":\"https:\\\/\\\/www.organisator.ch\\\/#organization\"},\"potentialAction\":[{\"@type\":\"SearchAction\",\"target\":{\"@type\":\"EntryPoint\",\"urlTemplate\":\"https:\\\/\\\/www.organisator.ch\\\/?s={search_term_string}\"},\"query-input\":{\"@type\":\"PropertyValueSpecification\",\"valueRequired\":true,\"valueName\":\"search_term_string\"}}],\"inLanguage\":\"fr-FR\"},{\"@type\":\"Organization\",\"@id\":\"https:\\\/\\\/www.organisator.ch\\\/#organization\",\"name\":\"Organisator\",\"url\":\"https:\\\/\\\/www.organisator.ch\\\/\",\"logo\":{\"@type\":\"ImageObject\",\"inLanguage\":\"fr-FR\",\"@id\":\"https:\\\/\\\/www.organisator.ch\\\/#\\\/schema\\\/logo\\\/image\\\/\",\"url\":\"https:\\\/\\\/www.organisator.ch\\\/wp-content\\\/uploads\\\/2022\\\/01\\\/Logo_Organisator_Website.png\",\"contentUrl\":\"https:\\\/\\\/www.organisator.ch\\\/wp-content\\\/uploads\\\/2022\\\/01\\\/Logo_Organisator_Website.png\",\"width\":800,\"height\":77,\"caption\":\"Organisator\"},\"image\":{\"@id\":\"https:\\\/\\\/www.organisator.ch\\\/#\\\/schema\\\/logo\\\/image\\\/\"},\"sameAs\":[\"https:\\\/\\\/www.facebook.com\\\/OrganisatorFachmagazin\",\"https:\\\/\\\/www.linkedin.com\\\/showcase\\\/organisator-das-magazin-fr-kmu\",\"https:\\\/\\\/www.xing.com\\\/news\\\/pages\\\/organisator-ch-695\",\"https:\\\/\\\/www.youtube.com\\\/channel\\\/UCGP2Sq0iWaZwT3BdIAQFYpw\"]},{\"@type\":\"Person\",\"@id\":\"https:\\\/\\\/www.organisator.ch\\\/#\\\/schema\\\/person\\\/a9d0e0eff238db87a8f840f3b50359f0\",\"name\":\"n8n\",\"image\":{\"@type\":\"ImageObject\",\"inLanguage\":\"fr-FR\",\"@id\":\"https:\\\/\\\/secure.gravatar.com\\\/avatar\\\/5368fb9d03fd415a6f335cece4c15af2502d6ca8651efbd6e8f98427a9795400?s=96&d=mm&r=g\",\"url\":\"https:\\\/\\\/secure.gravatar.com\\\/avatar\\\/5368fb9d03fd415a6f335cece4c15af2502d6ca8651efbd6e8f98427a9795400?s=96&d=mm&r=g\",\"contentUrl\":\"https:\\\/\\\/secure.gravatar.com\\\/avatar\\\/5368fb9d03fd415a6f335cece4c15af2502d6ca8651efbd6e8f98427a9795400?s=96&d=mm&r=g\",\"caption\":\"n8n\"},\"url\":\"https:\\\/\\\/www.organisator.ch\\\/fr\\\/author\\\/n8n\\\/\"}]}<\/script>\n<!-- \/ Yoast SEO plugin. -->","yoast_head_json":{"title":"Felix Graf devient le nouveau pr\u00e9sident du conseil d'administration de la SGA|SGA - Organisateur","description":"Lors de l'AG de SGA|SGA, Felix Graf a \u00e9t\u00e9 \u00e9lu pr\u00e9sident du conseil d'administration et Corine Blesi fait son entr\u00e9e dans l'organe.","robots":{"index":"index","follow":"follow","max-snippet":"max-snippet:-1","max-image-preview":"max-image-preview:large","max-video-preview":"max-video-preview:-1"},"canonical":"https:\/\/www.organisator.ch\/fr\/gestion-2\/2026-04-24\/felix-graf-wird-neuer-verwaltungsratspraesident-bei-der-apgsga\/","og_locale":"fr_FR","og_type":"article","og_title":"Felix Graf wird neuer Verwaltungsratspr\u00e4sident bei der APG|SGA - Organisator","og_description":"An der GV von APG|SGA wurde Felix Graf neu zum Verwaltungsratspr\u00e4sidenten gew\u00e4hlt, Corine Blesi tritt neu in das Gremium ein.","og_url":"https:\/\/www.organisator.ch\/fr\/gestion-2\/2026-04-24\/felix-graf-wird-neuer-verwaltungsratspraesident-bei-der-apgsga\/","og_site_name":"Organisator","article_publisher":"https:\/\/www.facebook.com\/OrganisatorFachmagazin","article_published_time":"2026-04-24T07:49:20+00:00","article_modified_time":"2026-04-24T09:02:37+00:00","og_image":[{"width":1300,"height":865,"url":"https:\/\/www.organisator.ch\/wp-content\/uploads\/2026\/04\/Felix-Graf-scaled-1.jpg","type":"image\/jpeg"}],"author":"n8n","twitter_card":"summary_large_image","schema":{"@context":"https:\/\/schema.org","@graph":[{"@type":"Article","@id":"https:\/\/www.organisator.ch\/management\/2026-04-24\/felix-graf-wird-neuer-verwaltungsratspraesident-bei-der-apgsga\/#article","isPartOf":{"@id":"https:\/\/www.organisator.ch\/management\/2026-04-24\/felix-graf-wird-neuer-verwaltungsratspraesident-bei-der-apgsga\/"},"author":{"name":"n8n","@id":"https:\/\/www.organisator.ch\/#\/schema\/person\/a9d0e0eff238db87a8f840f3b50359f0"},"headline":"Felix Graf wird neuer Verwaltungsratspr\u00e4sident bei der APG|SGA","datePublished":"2026-04-24T07:49:20+00:00","dateModified":"2026-04-24T09:02:37+00:00","mainEntityOfPage":{"@id":"https:\/\/www.organisator.ch\/management\/2026-04-24\/felix-graf-wird-neuer-verwaltungsratspraesident-bei-der-apgsga\/"},"wordCount":287,"publisher":{"@id":"https:\/\/www.organisator.ch\/#organization"},"image":{"@id":"https:\/\/www.organisator.ch\/management\/2026-04-24\/felix-graf-wird-neuer-verwaltungsratspraesident-bei-der-apgsga\/#primaryimage"},"thumbnailUrl":"https:\/\/www.organisator.ch\/wp-content\/uploads\/2026\/04\/Felix-Graf-scaled-1-680x452.jpg","keywords":["APG|SGA","Management und Unternehmensf\u00fchrung","MarKom","Personalia","Unternehmen"],"articleSection":["MANAGEMENT"],"inLanguage":"fr-FR"},{"@type":"WebPage","@id":"https:\/\/www.organisator.ch\/management\/2026-04-24\/felix-graf-wird-neuer-verwaltungsratspraesident-bei-der-apgsga\/","url":"https:\/\/www.organisator.ch\/management\/2026-04-24\/felix-graf-wird-neuer-verwaltungsratspraesident-bei-der-apgsga\/","name":"Felix Graf devient le nouveau pr\u00e9sident du conseil d'administration de la SGA|SGA - Organisateur","isPartOf":{"@id":"https:\/\/www.organisator.ch\/#website"},"primaryImageOfPage":{"@id":"https:\/\/www.organisator.ch\/management\/2026-04-24\/felix-graf-wird-neuer-verwaltungsratspraesident-bei-der-apgsga\/#primaryimage"},"image":{"@id":"https:\/\/www.organisator.ch\/management\/2026-04-24\/felix-graf-wird-neuer-verwaltungsratspraesident-bei-der-apgsga\/#primaryimage"},"thumbnailUrl":"https:\/\/www.organisator.ch\/wp-content\/uploads\/2026\/04\/Felix-Graf-scaled-1-680x452.jpg","datePublished":"2026-04-24T07:49:20+00:00","dateModified":"2026-04-24T09:02:37+00:00","description":"Lors de l'AG de SGA|SGA, Felix Graf a \u00e9t\u00e9 \u00e9lu pr\u00e9sident du conseil d'administration et Corine Blesi fait son entr\u00e9e dans l'organe.","breadcrumb":{"@id":"https:\/\/www.organisator.ch\/management\/2026-04-24\/felix-graf-wird-neuer-verwaltungsratspraesident-bei-der-apgsga\/#breadcrumb"},"inLanguage":"fr-FR","potentialAction":[{"@type":"ReadAction","target":["https:\/\/www.organisator.ch\/management\/2026-04-24\/felix-graf-wird-neuer-verwaltungsratspraesident-bei-der-apgsga\/"]}]},{"@type":"ImageObject","inLanguage":"fr-FR","@id":"https:\/\/www.organisator.ch\/management\/2026-04-24\/felix-graf-wird-neuer-verwaltungsratspraesident-bei-der-apgsga\/#primaryimage","url":"https:\/\/www.organisator.ch\/wp-content\/uploads\/2026\/04\/Felix-Graf-scaled-1-680x452.jpg","contentUrl":"https:\/\/www.organisator.ch\/wp-content\/uploads\/2026\/04\/Felix-Graf-scaled-1-680x452.jpg"},{"@type":"BreadcrumbList","@id":"https:\/\/www.organisator.ch\/management\/2026-04-24\/felix-graf-wird-neuer-verwaltungsratspraesident-bei-der-apgsga\/#breadcrumb","itemListElement":[{"@type":"ListItem","position":1,"name":"Home","item":"https:\/\/www.organisator.ch\/"},{"@type":"ListItem","position":2,"name":"Felix Graf wird neuer Verwaltungsratspr\u00e4sident bei der APG|SGA"}]},{"@type":"WebSite","@id":"https:\/\/www.organisator.ch\/#website","url":"https:\/\/www.organisator.ch\/","name":"Organisateur","description":"Comp\u00e9tence et comp\u00e9tence. Proches de la pratique. L'ORGANISATEUR pr\u00e9pare 10 num\u00e9ros par an sur les th\u00e8mes essentiels pour les dirigeants de PME.","publisher":{"@id":"https:\/\/www.organisator.ch\/#organization"},"potentialAction":[{"@type":"SearchAction","target":{"@type":"EntryPoint","urlTemplate":"https:\/\/www.organisator.ch\/?s={search_term_string}"},"query-input":{"@type":"PropertyValueSpecification","valueRequired":true,"valueName":"search_term_string"}}],"inLanguage":"fr-FR"},{"@type":"Organization","@id":"https:\/\/www.organisator.ch\/#organization","name":"Organisateur","url":"https:\/\/www.organisator.ch\/","logo":{"@type":"ImageObject","inLanguage":"fr-FR","@id":"https:\/\/www.organisator.ch\/#\/schema\/logo\/image\/","url":"https:\/\/www.organisator.ch\/wp-content\/uploads\/2022\/01\/Logo_Organisator_Website.png","contentUrl":"https:\/\/www.organisator.ch\/wp-content\/uploads\/2022\/01\/Logo_Organisator_Website.png","width":800,"height":77,"caption":"Organisator"},"image":{"@id":"https:\/\/www.organisator.ch\/#\/schema\/logo\/image\/"},"sameAs":["https:\/\/www.facebook.com\/OrganisatorFachmagazin","https:\/\/www.linkedin.com\/showcase\/organisator-das-magazin-fr-kmu","https:\/\/www.xing.com\/news\/pages\/organisator-ch-695","https:\/\/www.youtube.com\/channel\/UCGP2Sq0iWaZwT3BdIAQFYpw"]},{"@type":"Person","@id":"https:\/\/www.organisator.ch\/#\/schema\/person\/a9d0e0eff238db87a8f840f3b50359f0","name":"n8n","image":{"@type":"ImageObject","inLanguage":"fr-FR","@id":"https:\/\/secure.gravatar.com\/avatar\/5368fb9d03fd415a6f335cece4c15af2502d6ca8651efbd6e8f98427a9795400?s=96&d=mm&r=g","url":"https:\/\/secure.gravatar.com\/avatar\/5368fb9d03fd415a6f335cece4c15af2502d6ca8651efbd6e8f98427a9795400?s=96&d=mm&r=g","contentUrl":"https:\/\/secure.gravatar.com\/avatar\/5368fb9d03fd415a6f335cece4c15af2502d6ca8651efbd6e8f98427a9795400?s=96&d=mm&r=g","caption":"n8n"},"url":"https:\/\/www.organisator.ch\/fr\/author\/n8n\/"}]}},"_links":{"self":[{"href":"https:\/\/www.organisator.ch\/fr\/wp-json\/wp\/v2\/posts\/48006","targetHints":{"allow":["GET"]}}],"collection":[{"href":"https:\/\/www.organisator.ch\/fr\/wp-json\/wp\/v2\/posts"}],"about":[{"href":"https:\/\/www.organisator.ch\/fr\/wp-json\/wp\/v2\/types\/post"}],"author":[{"embeddable":true,"href":"https:\/\/www.organisator.ch\/fr\/wp-json\/wp\/v2\/users\/107"}],"replies":[{"embeddable":true,"href":"https:\/\/www.organisator.ch\/fr\/wp-json\/wp\/v2\/comments?post=48006"}],"version-history":[{"count":3,"href":"https:\/\/www.organisator.ch\/fr\/wp-json\/wp\/v2\/posts\/48006\/revisions"}],"predecessor-version":[{"id":48024,"href":"https:\/\/www.organisator.ch\/fr\/wp-json\/wp\/v2\/posts\/48006\/revisions\/48024"}],"wp:attachment":[{"href":"https:\/\/www.organisator.ch\/fr\/wp-json\/wp\/v2\/media?parent=48006"}],"wp:term":[{"taxonomy":"category","embeddable":true,"href":"https:\/\/www.organisator.ch\/fr\/wp-json\/wp\/v2\/categories?post=48006"},{"taxonomy":"post_tag","embeddable":true,"href":"https:\/\/www.organisator.ch\/fr\/wp-json\/wp\/v2\/tags?post=48006"}],"curies":[{"name":"wp","href":"https:\/\/api.w.org\/{rel}","templated":true}]}}