{"id":48138,"date":"2026-04-28T13:17:56","date_gmt":"2026-04-28T11:17:56","guid":{"rendered":"https:\/\/www.m-q.ch\/?p=22747"},"modified":"2026-04-28T15:29:24","modified_gmt":"2026-04-28T13:29:24","slug":"wirtschaft-ist-auf-quanten-kriminalitaet-kaum-vorbereitet","status":"publish","type":"post","link":"https:\/\/www.organisator.ch\/fr\/operational-excellence\/2026-04-28\/wirtschaft-ist-auf-quanten-kriminalitaet-kaum-vorbereitet\/","title":{"rendered":"L'\u00e9conomie est \u00e0 peine pr\u00e9par\u00e9e \u00e0 la criminalit\u00e9 quantique"},"content":{"rendered":"<figure id=\"attachment_22748\" class=\"wp-caption alignnone\" style=\"width: 680px;\" aria-describedby=\"caption-attachment-22748\"><img class=\"size-full wp-image-22748\" src=\"https:\/\/www.m-q.ch\/wp-content\/uploads\/2026\/04\/Wirtschaft-ist-auf-Quanten-Kriminalitaet-kaum-vorbereitet_MQ.jpg\" sizes=\"(max-width: 680px) 100vw, 680px\" srcset=\"https:\/\/www.m-q.ch\/wp-content\/uploads\/2026\/04\/Wirtschaft-ist-auf-Quanten-Kriminalitaet-kaum-vorbereitet_MQ.jpg 680w, https:\/\/www.m-q.ch\/wp-content\/uploads\/2026\/04\/Wirtschaft-ist-auf-Quanten-Kriminalitaet-kaum-vorbereitet_MQ-18x10.jpg 18w, https:\/\/www.m-q.ch\/wp-content\/uploads\/2026\/04\/Wirtschaft-ist-auf-Quanten-Kriminalitaet-kaum-vorbereitet_MQ-375x211.jpg 375w, https:\/\/www.m-q.ch\/wp-content\/uploads\/2026\/04\/Wirtschaft-ist-auf-Quanten-Kriminalitaet-kaum-vorbereitet_MQ-621x350.jpg 621w\" alt=\"\" width=\"680\" height=\"383\" \/>\r\n<figcaption id=\"caption-attachment-22748\" class=\"wp-caption-text\">L'informatique quantique commence seulement \u00e0 montrer les risques qu'elle peut comporter. (Image : Unsplash.com)<\/figcaption>\r\n<\/figure>\r\n<p>Les Nations unies avaient d\u00e9clar\u00e9 2025 comme \u00abAnn\u00e9e internationale de la science et de la technologie quantiques\u00bb afin de souligner l'importance de la technologie quantique pour l'humanit\u00e9 (<a href=\"https:\/\/quantum2025.org\/\">https:\/\/quantum2025.org<\/a>\/). \u00abEn m\u00eame temps, l'informatique quantique pourrait devenir l'une des plus grandes menaces pour la civilisation num\u00e9rique\u00bb, souligne James Lee, directeur r\u00e9gional DACH de la soci\u00e9t\u00e9 de cybers\u00e9curit\u00e9 Horizon3.ai, en \u00e9voquant le c\u00f4t\u00e9 obscur de la m\u00e9canique quantique d\u00e9couverte il y a 100 ans. Les ordinateurs quantiques seront en effet capables, d'ici quelques ann\u00e9es, de casser toutes les m\u00e9thodes de cryptage de donn\u00e9es actuellement utilis\u00e9es.<\/p>\r\n<p>Le proc\u00e9d\u00e9 \u00abharvest now, decrypt later\u00bb (HNDL) a le vent en poupe dans le milieu de la cybercriminalit\u00e9. Cela signifie que les cybercriminels s'emparent d\u00e9j\u00e0 aujourd'hui \u00e0 grande \u00e9chelle de stocks de donn\u00e9es qu'ils ne peuvent pas encore utiliser actuellement en raison du cryptage, mais qu'ils partent du principe qu'ils pourront bient\u00f4t briser le cryptage \u00e0 l'aide de l'informatique quantique et utiliser ensuite les informations.<\/p>\r\n<p>\u00abIl est donc d'autant plus important de prot\u00e9ger d\u00e8s aujourd'hui le mieux possible les stocks de donn\u00e9es, m\u00eame hautement crypt\u00e9s\u00bb, souligne l'expert en s\u00e9curit\u00e9 James Lee. Une enqu\u00eate r\u00e9cente men\u00e9e par Horizon3.ai aupr\u00e8s de 300 entreprises en Allemagne, en Autriche et en Suisse a r\u00e9v\u00e9l\u00e9 que l'attention port\u00e9e par les entreprises \u00e0 ce danger n'est pas encore tr\u00e8s importante.<\/p>\r\n<p>Selon ce rapport, seules 14 % des entreprises consid\u00e8rent les attaques bas\u00e9es sur l'informatique quantique comme une menace s\u00e9rieuse. 38 % consid\u00e8rent que la technologie quantique pr\u00e9sente tout de m\u00eame un potentiel de menace mod\u00e9r\u00e9. 40 % consid\u00e8rent cet aspect comme n\u00e9gligeable. Par cons\u00e9quent, l'int\u00e9r\u00eat pour les mesures de protection est faible.<\/p>\r\n<p>La majorit\u00e9 (52%) des entreprises interrog\u00e9es par Horizon3.ai n'ont jusqu'\u00e0 pr\u00e9sent pris aucune mesure pour crypter leurs donn\u00e9es de mani\u00e8re quantique. 44% n'ont pas l'intention de changer quoi que ce soit \u00e0 l'avenir. 28 % pr\u00e9voient de passer au moins partiellement \u00e0 des m\u00e9thodes de cryptage \u00e0 s\u00e9curit\u00e9 quantique ou ont m\u00eame d\u00e9j\u00e0 pris les premi\u00e8res mesures dans ce sens. 22 % travaillent avec un calendrier fixe pour la transition. Seules 14 % des entreprises ont d\u00e9clar\u00e9 s'\u00eatre d\u00e9j\u00e0 enti\u00e8rement pr\u00e9par\u00e9es au fait que les cybercriminels se serviront \u00e0 l'avenir de la technologie quantique pour pouvoir utiliser les stocks de donn\u00e9es crypt\u00e9es dont ils se sont empar\u00e9s.<\/p>\r\n<p><em>Source : <a href=\"https:\/\/horizon3.ai\/\">Horizon3.ai<\/a><\/em><\/p>\n<p class=\"syndicated-attribution\">Cet article est paru initialement sur m-q.ch - <a href=\"https:\/\/www.m-q.ch\/de\/wirtschaft-ist-auf-quanten-kriminalitaet-kaum-vorbereitet\/\" target=\"_blank\">https:\/\/www.m-q.ch\/de\/wirtschaft-ist-auf-quanten-kriminalitaet-kaum-vorbereitet\/<\/a><\/p>","protected":false},"excerpt":{"rendered":"<p>\u00abHarvest now, decrypt later\u00bb a le vent en poupe dans le milieu de la cybercriminalit\u00e9 : les criminels s'emparent d\u00e8s aujourd'hui de stocks de donn\u00e9es qu'ils ne pourront d\u00e9crypter qu'\u00e0 l'avenir gr\u00e2ce \u00e0 la technologie quantique.<\/p>","protected":false},"author":8,"featured_media":0,"comment_status":"closed","ping_status":"closed","sticky":false,"template":"","format":"standard","meta":{"_acf_changed":false,"_yoast_wpseo_focuskw":"Quanten-Kriminalit\u00e4t","_yoast_wpseo_metadesc":"\u00abHarvest now, decrypt later\u00bb hat in der Cybercrime-Szene Hochkonjunktur. Quanten-Kriminalit\u00e4t wird zu einem Risikofaktor.","articlekey":"","footnotes":""},"categories":[582],"tags":[608,4174,418],"class_list":["post-48138","post","type-post","status-publish","format-standard","hentry","category-operational-excellence","tag-cybersicherheit","tag-quantentechnologie","tag-risikomanagement"],"acf":[],"yoast_head":"<!-- This site is optimized with the Yoast SEO plugin v27.5 - https:\/\/yoast.com\/product\/yoast-seo-wordpress\/ -->\n<title>Wirtschaft ist auf Quanten-Kriminalit\u00e4t kaum vorbereitet - Organisator<\/title>\n<meta name=\"description\" content=\"\u00abHarvest now, decrypt later\u00bb hat in der Cybercrime-Szene Hochkonjunktur. Quanten-Kriminalit\u00e4t wird zu einem Risikofaktor.\" \/>\n<meta name=\"robots\" content=\"index, follow, max-snippet:-1, max-image-preview:large, max-video-preview:-1\" \/>\n<link rel=\"canonical\" href=\"https:\/\/www.organisator.ch\/fr\/excellence-operationnelle\/2026-04-28\/wirtschaft-ist-auf-quanten-kriminalitaet-kaum-vorbereitet\/\" \/>\n<meta property=\"og:locale\" content=\"fr_FR\" \/>\n<meta property=\"og:type\" content=\"article\" \/>\n<meta property=\"og:title\" content=\"Wirtschaft ist auf Quanten-Kriminalit\u00e4t kaum vorbereitet - Organisator\" \/>\n<meta property=\"og:description\" content=\"\u00abHarvest now, decrypt later\u00bb hat in der Cybercrime-Szene Hochkonjunktur. Quanten-Kriminalit\u00e4t wird zu einem Risikofaktor.\" \/>\n<meta property=\"og:url\" content=\"https:\/\/www.organisator.ch\/fr\/excellence-operationnelle\/2026-04-28\/wirtschaft-ist-auf-quanten-kriminalitaet-kaum-vorbereitet\/\" \/>\n<meta property=\"og:site_name\" content=\"Organisator\" \/>\n<meta property=\"article:publisher\" content=\"https:\/\/www.facebook.com\/OrganisatorFachmagazin\" \/>\n<meta property=\"article:published_time\" content=\"2026-04-28T11:17:56+00:00\" \/>\n<meta property=\"article:modified_time\" content=\"2026-04-28T13:29:24+00:00\" \/>\n<meta name=\"author\" content=\"galledia\" \/>\n<meta name=\"twitter:card\" content=\"summary_large_image\" \/>\n<meta name=\"twitter:creator\" content=\"@admin\" \/>\n<script type=\"application\/ld+json\" class=\"yoast-schema-graph\">{\"@context\":\"https:\\\/\\\/schema.org\",\"@graph\":[{\"@type\":\"Article\",\"@id\":\"https:\\\/\\\/www.organisator.ch\\\/operational-excellence\\\/2026-04-28\\\/wirtschaft-ist-auf-quanten-kriminalitaet-kaum-vorbereitet\\\/#article\",\"isPartOf\":{\"@id\":\"https:\\\/\\\/www.organisator.ch\\\/operational-excellence\\\/2026-04-28\\\/wirtschaft-ist-auf-quanten-kriminalitaet-kaum-vorbereitet\\\/\"},\"author\":{\"name\":\"galledia\",\"@id\":\"https:\\\/\\\/www.organisator.ch\\\/#\\\/schema\\\/person\\\/4e51799071cd2dd1232ac003643ef5f0\"},\"headline\":\"Wirtschaft ist auf Quanten-Kriminalit\u00e4t kaum vorbereitet\",\"datePublished\":\"2026-04-28T11:17:56+00:00\",\"dateModified\":\"2026-04-28T13:29:24+00:00\",\"mainEntityOfPage\":{\"@id\":\"https:\\\/\\\/www.organisator.ch\\\/operational-excellence\\\/2026-04-28\\\/wirtschaft-ist-auf-quanten-kriminalitaet-kaum-vorbereitet\\\/\"},\"wordCount\":354,\"publisher\":{\"@id\":\"https:\\\/\\\/www.organisator.ch\\\/#organization\"},\"image\":{\"@id\":\"https:\\\/\\\/www.organisator.ch\\\/operational-excellence\\\/2026-04-28\\\/wirtschaft-ist-auf-quanten-kriminalitaet-kaum-vorbereitet\\\/#primaryimage\"},\"thumbnailUrl\":\"https:\\\/\\\/www.m-q.ch\\\/wp-content\\\/uploads\\\/2026\\\/04\\\/Wirtschaft-ist-auf-Quanten-Kriminalitaet-kaum-vorbereitet_MQ.jpg\",\"keywords\":[\"Cybersicherheit\",\"Quantentechnologie\",\"Risikomanagement\"],\"articleSection\":[\"OPERATIONAL EXCELLENCE\"],\"inLanguage\":\"fr-FR\"},{\"@type\":\"WebPage\",\"@id\":\"https:\\\/\\\/www.organisator.ch\\\/operational-excellence\\\/2026-04-28\\\/wirtschaft-ist-auf-quanten-kriminalitaet-kaum-vorbereitet\\\/\",\"url\":\"https:\\\/\\\/www.organisator.ch\\\/operational-excellence\\\/2026-04-28\\\/wirtschaft-ist-auf-quanten-kriminalitaet-kaum-vorbereitet\\\/\",\"name\":\"Wirtschaft ist auf Quanten-Kriminalit\u00e4t kaum vorbereitet - Organisator\",\"isPartOf\":{\"@id\":\"https:\\\/\\\/www.organisator.ch\\\/#website\"},\"primaryImageOfPage\":{\"@id\":\"https:\\\/\\\/www.organisator.ch\\\/operational-excellence\\\/2026-04-28\\\/wirtschaft-ist-auf-quanten-kriminalitaet-kaum-vorbereitet\\\/#primaryimage\"},\"image\":{\"@id\":\"https:\\\/\\\/www.organisator.ch\\\/operational-excellence\\\/2026-04-28\\\/wirtschaft-ist-auf-quanten-kriminalitaet-kaum-vorbereitet\\\/#primaryimage\"},\"thumbnailUrl\":\"https:\\\/\\\/www.m-q.ch\\\/wp-content\\\/uploads\\\/2026\\\/04\\\/Wirtschaft-ist-auf-Quanten-Kriminalitaet-kaum-vorbereitet_MQ.jpg\",\"datePublished\":\"2026-04-28T11:17:56+00:00\",\"dateModified\":\"2026-04-28T13:29:24+00:00\",\"description\":\"\u00abHarvest now, decrypt later\u00bb hat in der Cybercrime-Szene Hochkonjunktur. Quanten-Kriminalit\u00e4t wird zu einem Risikofaktor.\",\"breadcrumb\":{\"@id\":\"https:\\\/\\\/www.organisator.ch\\\/operational-excellence\\\/2026-04-28\\\/wirtschaft-ist-auf-quanten-kriminalitaet-kaum-vorbereitet\\\/#breadcrumb\"},\"inLanguage\":\"fr-FR\",\"potentialAction\":[{\"@type\":\"ReadAction\",\"target\":[\"https:\\\/\\\/www.organisator.ch\\\/operational-excellence\\\/2026-04-28\\\/wirtschaft-ist-auf-quanten-kriminalitaet-kaum-vorbereitet\\\/\"]}]},{\"@type\":\"ImageObject\",\"inLanguage\":\"fr-FR\",\"@id\":\"https:\\\/\\\/www.organisator.ch\\\/operational-excellence\\\/2026-04-28\\\/wirtschaft-ist-auf-quanten-kriminalitaet-kaum-vorbereitet\\\/#primaryimage\",\"url\":\"https:\\\/\\\/www.m-q.ch\\\/wp-content\\\/uploads\\\/2026\\\/04\\\/Wirtschaft-ist-auf-Quanten-Kriminalitaet-kaum-vorbereitet_MQ.jpg\",\"contentUrl\":\"https:\\\/\\\/www.m-q.ch\\\/wp-content\\\/uploads\\\/2026\\\/04\\\/Wirtschaft-ist-auf-Quanten-Kriminalitaet-kaum-vorbereitet_MQ.jpg\"},{\"@type\":\"BreadcrumbList\",\"@id\":\"https:\\\/\\\/www.organisator.ch\\\/operational-excellence\\\/2026-04-28\\\/wirtschaft-ist-auf-quanten-kriminalitaet-kaum-vorbereitet\\\/#breadcrumb\",\"itemListElement\":[{\"@type\":\"ListItem\",\"position\":1,\"name\":\"Home\",\"item\":\"https:\\\/\\\/www.organisator.ch\\\/\"},{\"@type\":\"ListItem\",\"position\":2,\"name\":\"Wirtschaft ist auf Quanten-Kriminalit\u00e4t kaum vorbereitet\"}]},{\"@type\":\"WebSite\",\"@id\":\"https:\\\/\\\/www.organisator.ch\\\/#website\",\"url\":\"https:\\\/\\\/www.organisator.ch\\\/\",\"name\":\"Organisator\",\"description\":\"Kompetent. Praxisnah. Der ORGANISATOR bereitet in 10 Ausgaben pro Jahr die wesentlichen Themen f\u00fcr F\u00fchrungskr\u00e4fte von KMU auf.\",\"publisher\":{\"@id\":\"https:\\\/\\\/www.organisator.ch\\\/#organization\"},\"potentialAction\":[{\"@type\":\"SearchAction\",\"target\":{\"@type\":\"EntryPoint\",\"urlTemplate\":\"https:\\\/\\\/www.organisator.ch\\\/?s={search_term_string}\"},\"query-input\":{\"@type\":\"PropertyValueSpecification\",\"valueRequired\":true,\"valueName\":\"search_term_string\"}}],\"inLanguage\":\"fr-FR\"},{\"@type\":\"Organization\",\"@id\":\"https:\\\/\\\/www.organisator.ch\\\/#organization\",\"name\":\"Organisator\",\"url\":\"https:\\\/\\\/www.organisator.ch\\\/\",\"logo\":{\"@type\":\"ImageObject\",\"inLanguage\":\"fr-FR\",\"@id\":\"https:\\\/\\\/www.organisator.ch\\\/#\\\/schema\\\/logo\\\/image\\\/\",\"url\":\"https:\\\/\\\/www.organisator.ch\\\/wp-content\\\/uploads\\\/2022\\\/01\\\/Logo_Organisator_Website.png\",\"contentUrl\":\"https:\\\/\\\/www.organisator.ch\\\/wp-content\\\/uploads\\\/2022\\\/01\\\/Logo_Organisator_Website.png\",\"width\":800,\"height\":77,\"caption\":\"Organisator\"},\"image\":{\"@id\":\"https:\\\/\\\/www.organisator.ch\\\/#\\\/schema\\\/logo\\\/image\\\/\"},\"sameAs\":[\"https:\\\/\\\/www.facebook.com\\\/OrganisatorFachmagazin\",\"https:\\\/\\\/www.linkedin.com\\\/showcase\\\/organisator-das-magazin-fr-kmu\",\"https:\\\/\\\/www.xing.com\\\/news\\\/pages\\\/organisator-ch-695\",\"https:\\\/\\\/www.youtube.com\\\/channel\\\/UCGP2Sq0iWaZwT3BdIAQFYpw\"]},{\"@type\":\"Person\",\"@id\":\"https:\\\/\\\/www.organisator.ch\\\/#\\\/schema\\\/person\\\/4e51799071cd2dd1232ac003643ef5f0\",\"name\":\"galledia\",\"image\":{\"@type\":\"ImageObject\",\"inLanguage\":\"fr-FR\",\"@id\":\"https:\\\/\\\/secure.gravatar.com\\\/avatar\\\/78a7f90c01fc2bfc875782a0d4922b37cde2cf184ce347b91316d23cd7f69a36?s=96&d=mm&r=g\",\"url\":\"https:\\\/\\\/secure.gravatar.com\\\/avatar\\\/78a7f90c01fc2bfc875782a0d4922b37cde2cf184ce347b91316d23cd7f69a36?s=96&d=mm&r=g\",\"contentUrl\":\"https:\\\/\\\/secure.gravatar.com\\\/avatar\\\/78a7f90c01fc2bfc875782a0d4922b37cde2cf184ce347b91316d23cd7f69a36?s=96&d=mm&r=g\",\"caption\":\"galledia\"},\"sameAs\":[\"https:\\\/\\\/x.com\\\/admin\"],\"url\":\"https:\\\/\\\/www.organisator.ch\\\/fr\\\/author\\\/galledia\\\/\"}]}<\/script>\n<!-- \/ Yoast SEO plugin. -->","yoast_head_json":{"title":"L'\u00e9conomie est \u00e0 peine pr\u00e9par\u00e9e \u00e0 la criminalit\u00e9 quantique - Organisateur","description":"\u00abHarvest now, decrypt later\u00bb a le vent en poupe dans le milieu de la cybercriminalit\u00e9. La criminalit\u00e9 quantique devient un facteur de risque.","robots":{"index":"index","follow":"follow","max-snippet":"max-snippet:-1","max-image-preview":"max-image-preview:large","max-video-preview":"max-video-preview:-1"},"canonical":"https:\/\/www.organisator.ch\/fr\/excellence-operationnelle\/2026-04-28\/wirtschaft-ist-auf-quanten-kriminalitaet-kaum-vorbereitet\/","og_locale":"fr_FR","og_type":"article","og_title":"Wirtschaft ist auf Quanten-Kriminalit\u00e4t kaum vorbereitet - Organisator","og_description":"\u00abHarvest now, decrypt later\u00bb hat in der Cybercrime-Szene Hochkonjunktur. Quanten-Kriminalit\u00e4t wird zu einem Risikofaktor.","og_url":"https:\/\/www.organisator.ch\/fr\/excellence-operationnelle\/2026-04-28\/wirtschaft-ist-auf-quanten-kriminalitaet-kaum-vorbereitet\/","og_site_name":"Organisator","article_publisher":"https:\/\/www.facebook.com\/OrganisatorFachmagazin","article_published_time":"2026-04-28T11:17:56+00:00","article_modified_time":"2026-04-28T13:29:24+00:00","author":"galledia","twitter_card":"summary_large_image","twitter_creator":"@admin","schema":{"@context":"https:\/\/schema.org","@graph":[{"@type":"Article","@id":"https:\/\/www.organisator.ch\/operational-excellence\/2026-04-28\/wirtschaft-ist-auf-quanten-kriminalitaet-kaum-vorbereitet\/#article","isPartOf":{"@id":"https:\/\/www.organisator.ch\/operational-excellence\/2026-04-28\/wirtschaft-ist-auf-quanten-kriminalitaet-kaum-vorbereitet\/"},"author":{"name":"galledia","@id":"https:\/\/www.organisator.ch\/#\/schema\/person\/4e51799071cd2dd1232ac003643ef5f0"},"headline":"Wirtschaft ist auf Quanten-Kriminalit\u00e4t kaum vorbereitet","datePublished":"2026-04-28T11:17:56+00:00","dateModified":"2026-04-28T13:29:24+00:00","mainEntityOfPage":{"@id":"https:\/\/www.organisator.ch\/operational-excellence\/2026-04-28\/wirtschaft-ist-auf-quanten-kriminalitaet-kaum-vorbereitet\/"},"wordCount":354,"publisher":{"@id":"https:\/\/www.organisator.ch\/#organization"},"image":{"@id":"https:\/\/www.organisator.ch\/operational-excellence\/2026-04-28\/wirtschaft-ist-auf-quanten-kriminalitaet-kaum-vorbereitet\/#primaryimage"},"thumbnailUrl":"https:\/\/www.m-q.ch\/wp-content\/uploads\/2026\/04\/Wirtschaft-ist-auf-Quanten-Kriminalitaet-kaum-vorbereitet_MQ.jpg","keywords":["Cybersicherheit","Quantentechnologie","Risikomanagement"],"articleSection":["OPERATIONAL EXCELLENCE"],"inLanguage":"fr-FR"},{"@type":"WebPage","@id":"https:\/\/www.organisator.ch\/operational-excellence\/2026-04-28\/wirtschaft-ist-auf-quanten-kriminalitaet-kaum-vorbereitet\/","url":"https:\/\/www.organisator.ch\/operational-excellence\/2026-04-28\/wirtschaft-ist-auf-quanten-kriminalitaet-kaum-vorbereitet\/","name":"L'\u00e9conomie est \u00e0 peine pr\u00e9par\u00e9e \u00e0 la criminalit\u00e9 quantique - Organisateur","isPartOf":{"@id":"https:\/\/www.organisator.ch\/#website"},"primaryImageOfPage":{"@id":"https:\/\/www.organisator.ch\/operational-excellence\/2026-04-28\/wirtschaft-ist-auf-quanten-kriminalitaet-kaum-vorbereitet\/#primaryimage"},"image":{"@id":"https:\/\/www.organisator.ch\/operational-excellence\/2026-04-28\/wirtschaft-ist-auf-quanten-kriminalitaet-kaum-vorbereitet\/#primaryimage"},"thumbnailUrl":"https:\/\/www.m-q.ch\/wp-content\/uploads\/2026\/04\/Wirtschaft-ist-auf-Quanten-Kriminalitaet-kaum-vorbereitet_MQ.jpg","datePublished":"2026-04-28T11:17:56+00:00","dateModified":"2026-04-28T13:29:24+00:00","description":"\u00abHarvest now, decrypt later\u00bb a le vent en poupe dans le milieu de la cybercriminalit\u00e9. La criminalit\u00e9 quantique devient un facteur de risque.","breadcrumb":{"@id":"https:\/\/www.organisator.ch\/operational-excellence\/2026-04-28\/wirtschaft-ist-auf-quanten-kriminalitaet-kaum-vorbereitet\/#breadcrumb"},"inLanguage":"fr-FR","potentialAction":[{"@type":"ReadAction","target":["https:\/\/www.organisator.ch\/operational-excellence\/2026-04-28\/wirtschaft-ist-auf-quanten-kriminalitaet-kaum-vorbereitet\/"]}]},{"@type":"ImageObject","inLanguage":"fr-FR","@id":"https:\/\/www.organisator.ch\/operational-excellence\/2026-04-28\/wirtschaft-ist-auf-quanten-kriminalitaet-kaum-vorbereitet\/#primaryimage","url":"https:\/\/www.m-q.ch\/wp-content\/uploads\/2026\/04\/Wirtschaft-ist-auf-Quanten-Kriminalitaet-kaum-vorbereitet_MQ.jpg","contentUrl":"https:\/\/www.m-q.ch\/wp-content\/uploads\/2026\/04\/Wirtschaft-ist-auf-Quanten-Kriminalitaet-kaum-vorbereitet_MQ.jpg"},{"@type":"BreadcrumbList","@id":"https:\/\/www.organisator.ch\/operational-excellence\/2026-04-28\/wirtschaft-ist-auf-quanten-kriminalitaet-kaum-vorbereitet\/#breadcrumb","itemListElement":[{"@type":"ListItem","position":1,"name":"Home","item":"https:\/\/www.organisator.ch\/"},{"@type":"ListItem","position":2,"name":"Wirtschaft ist auf Quanten-Kriminalit\u00e4t kaum vorbereitet"}]},{"@type":"WebSite","@id":"https:\/\/www.organisator.ch\/#website","url":"https:\/\/www.organisator.ch\/","name":"Organisateur","description":"Comp\u00e9tence et comp\u00e9tence. Proches de la pratique. L'ORGANISATEUR pr\u00e9pare 10 num\u00e9ros par an sur les th\u00e8mes essentiels pour les dirigeants de PME.","publisher":{"@id":"https:\/\/www.organisator.ch\/#organization"},"potentialAction":[{"@type":"SearchAction","target":{"@type":"EntryPoint","urlTemplate":"https:\/\/www.organisator.ch\/?s={search_term_string}"},"query-input":{"@type":"PropertyValueSpecification","valueRequired":true,"valueName":"search_term_string"}}],"inLanguage":"fr-FR"},{"@type":"Organization","@id":"https:\/\/www.organisator.ch\/#organization","name":"Organisateur","url":"https:\/\/www.organisator.ch\/","logo":{"@type":"ImageObject","inLanguage":"fr-FR","@id":"https:\/\/www.organisator.ch\/#\/schema\/logo\/image\/","url":"https:\/\/www.organisator.ch\/wp-content\/uploads\/2022\/01\/Logo_Organisator_Website.png","contentUrl":"https:\/\/www.organisator.ch\/wp-content\/uploads\/2022\/01\/Logo_Organisator_Website.png","width":800,"height":77,"caption":"Organisator"},"image":{"@id":"https:\/\/www.organisator.ch\/#\/schema\/logo\/image\/"},"sameAs":["https:\/\/www.facebook.com\/OrganisatorFachmagazin","https:\/\/www.linkedin.com\/showcase\/organisator-das-magazin-fr-kmu","https:\/\/www.xing.com\/news\/pages\/organisator-ch-695","https:\/\/www.youtube.com\/channel\/UCGP2Sq0iWaZwT3BdIAQFYpw"]},{"@type":"Person","@id":"https:\/\/www.organisator.ch\/#\/schema\/person\/4e51799071cd2dd1232ac003643ef5f0","name":"galledia","image":{"@type":"ImageObject","inLanguage":"fr-FR","@id":"https:\/\/secure.gravatar.com\/avatar\/78a7f90c01fc2bfc875782a0d4922b37cde2cf184ce347b91316d23cd7f69a36?s=96&d=mm&r=g","url":"https:\/\/secure.gravatar.com\/avatar\/78a7f90c01fc2bfc875782a0d4922b37cde2cf184ce347b91316d23cd7f69a36?s=96&d=mm&r=g","contentUrl":"https:\/\/secure.gravatar.com\/avatar\/78a7f90c01fc2bfc875782a0d4922b37cde2cf184ce347b91316d23cd7f69a36?s=96&d=mm&r=g","caption":"galledia"},"sameAs":["https:\/\/x.com\/admin"],"url":"https:\/\/www.organisator.ch\/fr\/author\/galledia\/"}]}},"_links":{"self":[{"href":"https:\/\/www.organisator.ch\/fr\/wp-json\/wp\/v2\/posts\/48138","targetHints":{"allow":["GET"]}}],"collection":[{"href":"https:\/\/www.organisator.ch\/fr\/wp-json\/wp\/v2\/posts"}],"about":[{"href":"https:\/\/www.organisator.ch\/fr\/wp-json\/wp\/v2\/types\/post"}],"author":[{"embeddable":true,"href":"https:\/\/www.organisator.ch\/fr\/wp-json\/wp\/v2\/users\/8"}],"replies":[{"embeddable":true,"href":"https:\/\/www.organisator.ch\/fr\/wp-json\/wp\/v2\/comments?post=48138"}],"version-history":[{"count":4,"href":"https:\/\/www.organisator.ch\/fr\/wp-json\/wp\/v2\/posts\/48138\/revisions"}],"predecessor-version":[{"id":48146,"href":"https:\/\/www.organisator.ch\/fr\/wp-json\/wp\/v2\/posts\/48138\/revisions\/48146"}],"wp:attachment":[{"href":"https:\/\/www.organisator.ch\/fr\/wp-json\/wp\/v2\/media?parent=48138"}],"wp:term":[{"taxonomy":"category","embeddable":true,"href":"https:\/\/www.organisator.ch\/fr\/wp-json\/wp\/v2\/categories?post=48138"},{"taxonomy":"post_tag","embeddable":true,"href":"https:\/\/www.organisator.ch\/fr\/wp-json\/wp\/v2\/tags?post=48138"}],"curies":[{"name":"wp","href":"https:\/\/api.w.org\/{rel}","templated":true}]}}