{"id":48170,"date":"2026-04-29T10:44:18","date_gmt":"2026-04-29T08:44:18","guid":{"rendered":"https:\/\/www.organisator.ch\/de\/?p=48170"},"modified":"2026-04-29T10:44:18","modified_gmt":"2026-04-29T08:44:18","slug":"bettina-bornmann-neu-im-verwaltungsrat-der-axa-schweiz","status":"publish","type":"post","link":"https:\/\/www.organisator.ch\/fr\/management\/2026-04-29\/bettina-bornmann-neu-im-verwaltungsrat-der-axa-schweiz\/","title":{"rendered":"Bettina Bornmann, nouvelle membre du conseil d'administration d'Axa Suisse"},"content":{"rendered":"<figure id=\"attachment_48169\" aria-describedby=\"caption-attachment-48169\" style=\"width: 1400px\" class=\"wp-caption alignnone\"><img loading=\"lazy\" decoding=\"async\" class=\"size-full wp-image-48169\" src=\"https:\/\/www.organisator.ch\/wp-content\/uploads\/2026\/04\/bettina-bornmann-vr-axa-ch-scaled.jpg\" alt=\"\" width=\"1400\" height=\"933\" srcset=\"https:\/\/www.organisator.ch\/wp-content\/uploads\/2026\/04\/bettina-bornmann-vr-axa-ch-scaled.jpg 1400w, https:\/\/www.organisator.ch\/wp-content\/uploads\/2026\/04\/bettina-bornmann-vr-axa-ch-680x453.jpg 680w, https:\/\/www.organisator.ch\/wp-content\/uploads\/2026\/04\/bettina-bornmann-vr-axa-ch-1024x683.jpg 1024w, https:\/\/www.organisator.ch\/wp-content\/uploads\/2026\/04\/bettina-bornmann-vr-axa-ch-768x512.jpg 768w, https:\/\/www.organisator.ch\/wp-content\/uploads\/2026\/04\/bettina-bornmann-vr-axa-ch-1536x1024.jpg 1536w, https:\/\/www.organisator.ch\/wp-content\/uploads\/2026\/04\/bettina-bornmann-vr-axa-ch-2048x1366.jpg 2048w, https:\/\/www.organisator.ch\/wp-content\/uploads\/2026\/04\/bettina-bornmann-vr-axa-ch-18x12.jpg 18w, https:\/\/www.organisator.ch\/wp-content\/uploads\/2026\/04\/bettina-bornmann-vr-axa-ch-375x250.jpg 375w, https:\/\/www.organisator.ch\/wp-content\/uploads\/2026\/04\/bettina-bornmann-vr-axa-ch-525x350.jpg 525w, https:\/\/www.organisator.ch\/wp-content\/uploads\/2026\/04\/bettina-bornmann-vr-axa-ch-1000x667.jpg 1000w\" sizes=\"auto, (max-width: 1400px) 100vw, 1400px\" \/><figcaption id=\"caption-attachment-48169\" class=\"wp-caption-text\">Bettina Bornmann vient renforcer le conseil d'administration d'AXA Suisse. Source : zvg<\/figcaption><\/figure>\n<p>Bettina Bornmann a \u00e9t\u00e9 \u00e9lue au conseil d'administration d'Axa Suisse \u00e0 compter du 22 avril 2026. Cette \u00e9conomiste de 57 ans apporte avec elle un large \u00e9ventail de prestations dans le secteur de l'assurance et de la finance.<\/p>\n<h3>Longue exp\u00e9rience en finance et en gestion des risques<\/h3>\n<p>Jusqu'en 2024, Bettina Bornmann a \u00e9t\u00e9 Group Head Planning and Performance Management du Zurich Insurance Group. De 2015 \u00e0 2020, elle a fait partie de la direction g\u00e9n\u00e9rale de Zurich Suisse en tant que CFO. Entre 2021 et 2024, elle a en outre assum\u00e9 la pr\u00e9sidence du conseil de fondation de la caisse de pension du groupe Zurich Assurances ainsi que divers mandats de conseil d'administration internationaux.<\/p>\n<p>De 2009 \u00e0 2015, Bornmann a travaill\u00e9 chez Swiss Life, d'abord en tant que CFO de Swiss Life International, puis en tant que Head Group Controlling. Auparavant, elle a pris en 2008 la direction du d\u00e9partement M&amp;A du groupe hospitalier allemand Ameos. Elle a commenc\u00e9 sa carri\u00e8re en 1994 en tant qu'Associate Mergers and Acquisitions chez Ubs, avant de travailler de 1998 \u00e0 2008 chez KPMG, \u00e0 partir de 2006 comme Head Corporate Finance et Partner.<\/p>\n<p>Le pr\u00e9sident du conseil d'administration, Antimo Perretta, se r\u00e9jouit de l'arriv\u00e9e de cette nouvelle personne : \u00abJe suis extr\u00eamement heureux que Bettina, une experte en assurance confirm\u00e9e avec de longues ann\u00e9es d'exp\u00e9rience dans le domaine de la finance et du risque, vienne renforcer notre conseil d'administration. Je suis convaincu qu'elle apportera de nombreuses impulsions pr\u00e9cieuses gr\u00e2ce \u00e0 sa grande exp\u00e9rience dans l'environnement international des entreprises, \u00e0 sa solide expertise et \u00e0 sa perspective r\u00e9solument \u00e9conomique, notamment en ce qui concerne les nouvelles offres progressistes et conviviales\u00bb.\u00bb<\/p>\n<h3>Ruth Metzler-Arnold prend cong\u00e9 apr\u00e8s quatorze ans de mandat<\/h3>\n<p>Bettina Bornmann succ\u00e8de \u00e0 Ruth Metzler-Arnold, qui a d\u00e9missionn\u00e9 pour se concentrer sur la pr\u00e9sidence de Swiss Olympic. Ruth Metzler-Arnold a fait partie du conseil d'administration pendant quatorze ans, dont six en tant que vice-pr\u00e9sidente. En dernier lieu, elle \u00e9tait membre du comit\u00e9 de nomination et de r\u00e9mun\u00e9ration ainsi que du comit\u00e9 d'audit.<\/p>\n<p>Antimo Perretta a rendu hommage \u00e0 son engagement : \u00abJe remercie chaleureusement Ruth pour son engagement extr\u00eamement grand et pr\u00e9cieux. Avec son bagage professionnel d'expert-comptable, son immense exp\u00e9rience politique ainsi que son caract\u00e8re extr\u00eamement constructif et socialement comp\u00e9tent, elle a \u00e9t\u00e9 une voix aussi importante qu'appr\u00e9ci\u00e9e au sein de notre conseil d'administration\u00bb.\u00bb<\/p>\n<p>L'\u00e9lection de Bettina Bornmann est soumise aux r\u00e8gles prudentielles applicables.<\/p>\n<p><em><a href=\"https:\/\/www.axa.ch\" target=\"_blank\" rel=\"noopener\">www.axa.ch<\/a><\/em><\/p>","protected":false},"excerpt":{"rendered":"<p>Bettina Bornmann renforcera le conseil d'administration d'Axa Suisse \u00e0 partir du 22 avril 2026. Cette \u00e9conomiste exp\u00e9riment\u00e9e succ\u00e8de \u00e0 Ruth Metzler-Arnold, qui quitte le conseil apr\u00e8s quatorze ans.<\/p>","protected":false},"author":107,"featured_media":48169,"comment_status":"closed","ping_status":"closed","sticky":false,"template":"","format":"standard","meta":{"_acf_changed":false,"_yoast_wpseo_focuskw":"Bettina Bornmann","_yoast_wpseo_metadesc":"Bettina Bornmann wird per April 2026 neu in den Verwaltungsrat der Axa Schweiz gew\u00e4hlt. Sie folgt auf Ruth Metzler-Arnold.","articlekey":"","footnotes":""},"categories":[28],"tags":[381,492,5650,2471],"class_list":["post-48170","post","type-post","status-publish","format-standard","has-post-thumbnail","hentry","category-management","tag-personalia","tag-unternehmen","tag-versicherungswirtschaft","tag-verwaltungsrat"],"acf":[],"yoast_head":"<!-- This site is optimized with the Yoast SEO plugin v27.5 - https:\/\/yoast.com\/product\/yoast-seo-wordpress\/ -->\n<title>Bettina Bornmann neu im Verwaltungsrat der Axa Schweiz - Organisator<\/title>\n<meta name=\"description\" content=\"Bettina Bornmann wird per April 2026 neu in den Verwaltungsrat der Axa Schweiz gew\u00e4hlt. Sie folgt auf Ruth Metzler-Arnold.\" \/>\n<meta name=\"robots\" content=\"index, follow, max-snippet:-1, max-image-preview:large, max-video-preview:-1\" \/>\n<link rel=\"canonical\" href=\"https:\/\/www.organisator.ch\/fr\/gestion-2\/2026-04-29\/bettina-bornmann-neu-im-verwaltungsrat-der-axa-schweiz\/\" \/>\n<meta property=\"og:locale\" content=\"fr_FR\" \/>\n<meta property=\"og:type\" content=\"article\" \/>\n<meta property=\"og:title\" content=\"Bettina Bornmann neu im Verwaltungsrat der Axa Schweiz\" \/>\n<meta property=\"og:description\" content=\"Bettina Bornmann wird per April 2026 neu in den Verwaltungsrat der Axa Schweiz gew\u00e4hlt. Sie folgt auf Ruth Metzler-Arnold.\" \/>\n<meta property=\"og:url\" content=\"https:\/\/www.organisator.ch\/fr\/gestion-2\/2026-04-29\/bettina-bornmann-neu-im-verwaltungsrat-der-axa-schweiz\/\" \/>\n<meta property=\"og:site_name\" content=\"Organisator\" \/>\n<meta property=\"article:publisher\" content=\"https:\/\/www.facebook.com\/OrganisatorFachmagazin\" \/>\n<meta property=\"article:published_time\" content=\"2026-04-29T08:44:18+00:00\" \/>\n<meta property=\"og:image\" content=\"https:\/\/www.organisator.ch\/wp-content\/uploads\/2026\/04\/bettina-bornmann-vr-axa-ch-scaled.jpg\" \/>\n\t<meta property=\"og:image:width\" content=\"1400\" \/>\n\t<meta property=\"og:image:height\" content=\"933\" \/>\n\t<meta property=\"og:image:type\" content=\"image\/jpeg\" \/>\n<meta name=\"author\" content=\"n8n\" \/>\n<meta name=\"twitter:card\" content=\"summary_large_image\" \/>\n<meta name=\"twitter:title\" content=\"Bettina Bornmann neu im #Verwaltungsrat der #Axa Schweiz\" \/>\n<meta name=\"twitter:description\" content=\"Bettina Bornmann wird per April 2026 neu in den Verwaltungsrat der #Axa Schweiz gew\u00e4hlt. Sie folgt auf Ruth #Metzler-Arnold.\" \/>\n<meta name=\"twitter:image\" content=\"https:\/\/www.organisator.ch\/wp-content\/uploads\/2026\/04\/bettina-bornmann-vr-axa-ch-scaled.jpg\" \/>\n<script type=\"application\/ld+json\" class=\"yoast-schema-graph\">{\"@context\":\"https:\\\/\\\/schema.org\",\"@graph\":[{\"@type\":\"Article\",\"@id\":\"https:\\\/\\\/www.organisator.ch\\\/management\\\/2026-04-29\\\/bettina-bornmann-neu-im-verwaltungsrat-der-axa-schweiz\\\/#article\",\"isPartOf\":{\"@id\":\"https:\\\/\\\/www.organisator.ch\\\/management\\\/2026-04-29\\\/bettina-bornmann-neu-im-verwaltungsrat-der-axa-schweiz\\\/\"},\"author\":{\"name\":\"n8n\",\"@id\":\"https:\\\/\\\/www.organisator.ch\\\/#\\\/schema\\\/person\\\/a9d0e0eff238db87a8f840f3b50359f0\"},\"headline\":\"Bettina Bornmann neu im Verwaltungsrat der Axa Schweiz\",\"datePublished\":\"2026-04-29T08:44:18+00:00\",\"mainEntityOfPage\":{\"@id\":\"https:\\\/\\\/www.organisator.ch\\\/management\\\/2026-04-29\\\/bettina-bornmann-neu-im-verwaltungsrat-der-axa-schweiz\\\/\"},\"wordCount\":357,\"publisher\":{\"@id\":\"https:\\\/\\\/www.organisator.ch\\\/#organization\"},\"image\":{\"@id\":\"https:\\\/\\\/www.organisator.ch\\\/management\\\/2026-04-29\\\/bettina-bornmann-neu-im-verwaltungsrat-der-axa-schweiz\\\/#primaryimage\"},\"thumbnailUrl\":\"https:\\\/\\\/www.organisator.ch\\\/wp-content\\\/uploads\\\/2026\\\/04\\\/bettina-bornmann-vr-axa-ch-scaled.jpg\",\"keywords\":[\"Personalia\",\"Unternehmen\",\"Versicherungswirtschaft\",\"Verwaltungsrat\"],\"articleSection\":[\"MANAGEMENT\"],\"inLanguage\":\"fr-FR\"},{\"@type\":\"WebPage\",\"@id\":\"https:\\\/\\\/www.organisator.ch\\\/management\\\/2026-04-29\\\/bettina-bornmann-neu-im-verwaltungsrat-der-axa-schweiz\\\/\",\"url\":\"https:\\\/\\\/www.organisator.ch\\\/management\\\/2026-04-29\\\/bettina-bornmann-neu-im-verwaltungsrat-der-axa-schweiz\\\/\",\"name\":\"Bettina Bornmann neu im Verwaltungsrat der Axa Schweiz - Organisator\",\"isPartOf\":{\"@id\":\"https:\\\/\\\/www.organisator.ch\\\/#website\"},\"primaryImageOfPage\":{\"@id\":\"https:\\\/\\\/www.organisator.ch\\\/management\\\/2026-04-29\\\/bettina-bornmann-neu-im-verwaltungsrat-der-axa-schweiz\\\/#primaryimage\"},\"image\":{\"@id\":\"https:\\\/\\\/www.organisator.ch\\\/management\\\/2026-04-29\\\/bettina-bornmann-neu-im-verwaltungsrat-der-axa-schweiz\\\/#primaryimage\"},\"thumbnailUrl\":\"https:\\\/\\\/www.organisator.ch\\\/wp-content\\\/uploads\\\/2026\\\/04\\\/bettina-bornmann-vr-axa-ch-scaled.jpg\",\"datePublished\":\"2026-04-29T08:44:18+00:00\",\"description\":\"Bettina Bornmann wird per April 2026 neu in den Verwaltungsrat der Axa Schweiz gew\u00e4hlt. Sie folgt auf Ruth Metzler-Arnold.\",\"breadcrumb\":{\"@id\":\"https:\\\/\\\/www.organisator.ch\\\/management\\\/2026-04-29\\\/bettina-bornmann-neu-im-verwaltungsrat-der-axa-schweiz\\\/#breadcrumb\"},\"inLanguage\":\"fr-FR\",\"potentialAction\":[{\"@type\":\"ReadAction\",\"target\":[\"https:\\\/\\\/www.organisator.ch\\\/management\\\/2026-04-29\\\/bettina-bornmann-neu-im-verwaltungsrat-der-axa-schweiz\\\/\"]}]},{\"@type\":\"ImageObject\",\"inLanguage\":\"fr-FR\",\"@id\":\"https:\\\/\\\/www.organisator.ch\\\/management\\\/2026-04-29\\\/bettina-bornmann-neu-im-verwaltungsrat-der-axa-schweiz\\\/#primaryimage\",\"url\":\"https:\\\/\\\/www.organisator.ch\\\/wp-content\\\/uploads\\\/2026\\\/04\\\/bettina-bornmann-vr-axa-ch-scaled.jpg\",\"contentUrl\":\"https:\\\/\\\/www.organisator.ch\\\/wp-content\\\/uploads\\\/2026\\\/04\\\/bettina-bornmann-vr-axa-ch-scaled.jpg\",\"width\":1400,\"height\":933,\"caption\":\"Bettina Bornmann verst\u00e4rkt neu den Verwaltungsrat der AXA Schweiz. Quelle: zvg\"},{\"@type\":\"BreadcrumbList\",\"@id\":\"https:\\\/\\\/www.organisator.ch\\\/management\\\/2026-04-29\\\/bettina-bornmann-neu-im-verwaltungsrat-der-axa-schweiz\\\/#breadcrumb\",\"itemListElement\":[{\"@type\":\"ListItem\",\"position\":1,\"name\":\"Home\",\"item\":\"https:\\\/\\\/www.organisator.ch\\\/\"},{\"@type\":\"ListItem\",\"position\":2,\"name\":\"Bettina Bornmann neu im Verwaltungsrat der Axa Schweiz\"}]},{\"@type\":\"WebSite\",\"@id\":\"https:\\\/\\\/www.organisator.ch\\\/#website\",\"url\":\"https:\\\/\\\/www.organisator.ch\\\/\",\"name\":\"Organisator\",\"description\":\"Kompetent. Praxisnah. Der ORGANISATOR bereitet in 10 Ausgaben pro Jahr die wesentlichen Themen f\u00fcr F\u00fchrungskr\u00e4fte von KMU auf.\",\"publisher\":{\"@id\":\"https:\\\/\\\/www.organisator.ch\\\/#organization\"},\"potentialAction\":[{\"@type\":\"SearchAction\",\"target\":{\"@type\":\"EntryPoint\",\"urlTemplate\":\"https:\\\/\\\/www.organisator.ch\\\/?s={search_term_string}\"},\"query-input\":{\"@type\":\"PropertyValueSpecification\",\"valueRequired\":true,\"valueName\":\"search_term_string\"}}],\"inLanguage\":\"fr-FR\"},{\"@type\":\"Organization\",\"@id\":\"https:\\\/\\\/www.organisator.ch\\\/#organization\",\"name\":\"Organisator\",\"url\":\"https:\\\/\\\/www.organisator.ch\\\/\",\"logo\":{\"@type\":\"ImageObject\",\"inLanguage\":\"fr-FR\",\"@id\":\"https:\\\/\\\/www.organisator.ch\\\/#\\\/schema\\\/logo\\\/image\\\/\",\"url\":\"https:\\\/\\\/www.organisator.ch\\\/wp-content\\\/uploads\\\/2022\\\/01\\\/Logo_Organisator_Website.png\",\"contentUrl\":\"https:\\\/\\\/www.organisator.ch\\\/wp-content\\\/uploads\\\/2022\\\/01\\\/Logo_Organisator_Website.png\",\"width\":800,\"height\":77,\"caption\":\"Organisator\"},\"image\":{\"@id\":\"https:\\\/\\\/www.organisator.ch\\\/#\\\/schema\\\/logo\\\/image\\\/\"},\"sameAs\":[\"https:\\\/\\\/www.facebook.com\\\/OrganisatorFachmagazin\",\"https:\\\/\\\/www.linkedin.com\\\/showcase\\\/organisator-das-magazin-fr-kmu\",\"https:\\\/\\\/www.xing.com\\\/news\\\/pages\\\/organisator-ch-695\",\"https:\\\/\\\/www.youtube.com\\\/channel\\\/UCGP2Sq0iWaZwT3BdIAQFYpw\"]},{\"@type\":\"Person\",\"@id\":\"https:\\\/\\\/www.organisator.ch\\\/#\\\/schema\\\/person\\\/a9d0e0eff238db87a8f840f3b50359f0\",\"name\":\"n8n\",\"image\":{\"@type\":\"ImageObject\",\"inLanguage\":\"fr-FR\",\"@id\":\"https:\\\/\\\/secure.gravatar.com\\\/avatar\\\/5368fb9d03fd415a6f335cece4c15af2502d6ca8651efbd6e8f98427a9795400?s=96&d=mm&r=g\",\"url\":\"https:\\\/\\\/secure.gravatar.com\\\/avatar\\\/5368fb9d03fd415a6f335cece4c15af2502d6ca8651efbd6e8f98427a9795400?s=96&d=mm&r=g\",\"contentUrl\":\"https:\\\/\\\/secure.gravatar.com\\\/avatar\\\/5368fb9d03fd415a6f335cece4c15af2502d6ca8651efbd6e8f98427a9795400?s=96&d=mm&r=g\",\"caption\":\"n8n\"},\"url\":\"https:\\\/\\\/www.organisator.ch\\\/fr\\\/author\\\/n8n\\\/\"}]}<\/script>\n<!-- \/ Yoast SEO plugin. -->","yoast_head_json":{"title":"Bettina Bornmann nouvelle au conseil d'administration d'Axa Suisse - Organisateur","description":"Bettina Bornmann sera \u00e9lue au conseil d'administration d'Axa Suisse en avril 2026. Elle succ\u00e8de \u00e0 Ruth Metzler-Arnold.","robots":{"index":"index","follow":"follow","max-snippet":"max-snippet:-1","max-image-preview":"max-image-preview:large","max-video-preview":"max-video-preview:-1"},"canonical":"https:\/\/www.organisator.ch\/fr\/gestion-2\/2026-04-29\/bettina-bornmann-neu-im-verwaltungsrat-der-axa-schweiz\/","og_locale":"fr_FR","og_type":"article","og_title":"Bettina Bornmann neu im Verwaltungsrat der Axa Schweiz","og_description":"Bettina Bornmann wird per April 2026 neu in den Verwaltungsrat der Axa Schweiz gew\u00e4hlt. Sie folgt auf Ruth Metzler-Arnold.","og_url":"https:\/\/www.organisator.ch\/fr\/gestion-2\/2026-04-29\/bettina-bornmann-neu-im-verwaltungsrat-der-axa-schweiz\/","og_site_name":"Organisator","article_publisher":"https:\/\/www.facebook.com\/OrganisatorFachmagazin","article_published_time":"2026-04-29T08:44:18+00:00","og_image":[{"width":1400,"height":933,"url":"https:\/\/www.organisator.ch\/wp-content\/uploads\/2026\/04\/bettina-bornmann-vr-axa-ch-scaled.jpg","type":"image\/jpeg"}],"author":"n8n","twitter_card":"summary_large_image","twitter_title":"Bettina Bornmann neu im #Verwaltungsrat der #Axa Schweiz","twitter_description":"Bettina Bornmann wird per April 2026 neu in den Verwaltungsrat der #Axa Schweiz gew\u00e4hlt. Sie folgt auf Ruth #Metzler-Arnold.","twitter_image":"https:\/\/www.organisator.ch\/wp-content\/uploads\/2026\/04\/bettina-bornmann-vr-axa-ch-scaled.jpg","schema":{"@context":"https:\/\/schema.org","@graph":[{"@type":"Article","@id":"https:\/\/www.organisator.ch\/management\/2026-04-29\/bettina-bornmann-neu-im-verwaltungsrat-der-axa-schweiz\/#article","isPartOf":{"@id":"https:\/\/www.organisator.ch\/management\/2026-04-29\/bettina-bornmann-neu-im-verwaltungsrat-der-axa-schweiz\/"},"author":{"name":"n8n","@id":"https:\/\/www.organisator.ch\/#\/schema\/person\/a9d0e0eff238db87a8f840f3b50359f0"},"headline":"Bettina Bornmann neu im Verwaltungsrat der Axa Schweiz","datePublished":"2026-04-29T08:44:18+00:00","mainEntityOfPage":{"@id":"https:\/\/www.organisator.ch\/management\/2026-04-29\/bettina-bornmann-neu-im-verwaltungsrat-der-axa-schweiz\/"},"wordCount":357,"publisher":{"@id":"https:\/\/www.organisator.ch\/#organization"},"image":{"@id":"https:\/\/www.organisator.ch\/management\/2026-04-29\/bettina-bornmann-neu-im-verwaltungsrat-der-axa-schweiz\/#primaryimage"},"thumbnailUrl":"https:\/\/www.organisator.ch\/wp-content\/uploads\/2026\/04\/bettina-bornmann-vr-axa-ch-scaled.jpg","keywords":["Personalia","Unternehmen","Versicherungswirtschaft","Verwaltungsrat"],"articleSection":["MANAGEMENT"],"inLanguage":"fr-FR"},{"@type":"WebPage","@id":"https:\/\/www.organisator.ch\/management\/2026-04-29\/bettina-bornmann-neu-im-verwaltungsrat-der-axa-schweiz\/","url":"https:\/\/www.organisator.ch\/management\/2026-04-29\/bettina-bornmann-neu-im-verwaltungsrat-der-axa-schweiz\/","name":"Bettina Bornmann nouvelle au conseil d'administration d'Axa Suisse - Organisateur","isPartOf":{"@id":"https:\/\/www.organisator.ch\/#website"},"primaryImageOfPage":{"@id":"https:\/\/www.organisator.ch\/management\/2026-04-29\/bettina-bornmann-neu-im-verwaltungsrat-der-axa-schweiz\/#primaryimage"},"image":{"@id":"https:\/\/www.organisator.ch\/management\/2026-04-29\/bettina-bornmann-neu-im-verwaltungsrat-der-axa-schweiz\/#primaryimage"},"thumbnailUrl":"https:\/\/www.organisator.ch\/wp-content\/uploads\/2026\/04\/bettina-bornmann-vr-axa-ch-scaled.jpg","datePublished":"2026-04-29T08:44:18+00:00","description":"Bettina Bornmann sera \u00e9lue au conseil d'administration d'Axa Suisse en avril 2026. Elle succ\u00e8de \u00e0 Ruth Metzler-Arnold.","breadcrumb":{"@id":"https:\/\/www.organisator.ch\/management\/2026-04-29\/bettina-bornmann-neu-im-verwaltungsrat-der-axa-schweiz\/#breadcrumb"},"inLanguage":"fr-FR","potentialAction":[{"@type":"ReadAction","target":["https:\/\/www.organisator.ch\/management\/2026-04-29\/bettina-bornmann-neu-im-verwaltungsrat-der-axa-schweiz\/"]}]},{"@type":"ImageObject","inLanguage":"fr-FR","@id":"https:\/\/www.organisator.ch\/management\/2026-04-29\/bettina-bornmann-neu-im-verwaltungsrat-der-axa-schweiz\/#primaryimage","url":"https:\/\/www.organisator.ch\/wp-content\/uploads\/2026\/04\/bettina-bornmann-vr-axa-ch-scaled.jpg","contentUrl":"https:\/\/www.organisator.ch\/wp-content\/uploads\/2026\/04\/bettina-bornmann-vr-axa-ch-scaled.jpg","width":1400,"height":933,"caption":"Bettina Bornmann verst\u00e4rkt neu den Verwaltungsrat der AXA Schweiz. Quelle: zvg"},{"@type":"BreadcrumbList","@id":"https:\/\/www.organisator.ch\/management\/2026-04-29\/bettina-bornmann-neu-im-verwaltungsrat-der-axa-schweiz\/#breadcrumb","itemListElement":[{"@type":"ListItem","position":1,"name":"Home","item":"https:\/\/www.organisator.ch\/"},{"@type":"ListItem","position":2,"name":"Bettina Bornmann neu im Verwaltungsrat der Axa Schweiz"}]},{"@type":"WebSite","@id":"https:\/\/www.organisator.ch\/#website","url":"https:\/\/www.organisator.ch\/","name":"Organisateur","description":"Comp\u00e9tence et comp\u00e9tence. Proches de la pratique. L'ORGANISATEUR pr\u00e9pare 10 num\u00e9ros par an sur les th\u00e8mes essentiels pour les dirigeants de PME.","publisher":{"@id":"https:\/\/www.organisator.ch\/#organization"},"potentialAction":[{"@type":"SearchAction","target":{"@type":"EntryPoint","urlTemplate":"https:\/\/www.organisator.ch\/?s={search_term_string}"},"query-input":{"@type":"PropertyValueSpecification","valueRequired":true,"valueName":"search_term_string"}}],"inLanguage":"fr-FR"},{"@type":"Organization","@id":"https:\/\/www.organisator.ch\/#organization","name":"Organisateur","url":"https:\/\/www.organisator.ch\/","logo":{"@type":"ImageObject","inLanguage":"fr-FR","@id":"https:\/\/www.organisator.ch\/#\/schema\/logo\/image\/","url":"https:\/\/www.organisator.ch\/wp-content\/uploads\/2022\/01\/Logo_Organisator_Website.png","contentUrl":"https:\/\/www.organisator.ch\/wp-content\/uploads\/2022\/01\/Logo_Organisator_Website.png","width":800,"height":77,"caption":"Organisator"},"image":{"@id":"https:\/\/www.organisator.ch\/#\/schema\/logo\/image\/"},"sameAs":["https:\/\/www.facebook.com\/OrganisatorFachmagazin","https:\/\/www.linkedin.com\/showcase\/organisator-das-magazin-fr-kmu","https:\/\/www.xing.com\/news\/pages\/organisator-ch-695","https:\/\/www.youtube.com\/channel\/UCGP2Sq0iWaZwT3BdIAQFYpw"]},{"@type":"Person","@id":"https:\/\/www.organisator.ch\/#\/schema\/person\/a9d0e0eff238db87a8f840f3b50359f0","name":"n8n","image":{"@type":"ImageObject","inLanguage":"fr-FR","@id":"https:\/\/secure.gravatar.com\/avatar\/5368fb9d03fd415a6f335cece4c15af2502d6ca8651efbd6e8f98427a9795400?s=96&d=mm&r=g","url":"https:\/\/secure.gravatar.com\/avatar\/5368fb9d03fd415a6f335cece4c15af2502d6ca8651efbd6e8f98427a9795400?s=96&d=mm&r=g","contentUrl":"https:\/\/secure.gravatar.com\/avatar\/5368fb9d03fd415a6f335cece4c15af2502d6ca8651efbd6e8f98427a9795400?s=96&d=mm&r=g","caption":"n8n"},"url":"https:\/\/www.organisator.ch\/fr\/author\/n8n\/"}]}},"_links":{"self":[{"href":"https:\/\/www.organisator.ch\/fr\/wp-json\/wp\/v2\/posts\/48170","targetHints":{"allow":["GET"]}}],"collection":[{"href":"https:\/\/www.organisator.ch\/fr\/wp-json\/wp\/v2\/posts"}],"about":[{"href":"https:\/\/www.organisator.ch\/fr\/wp-json\/wp\/v2\/types\/post"}],"author":[{"embeddable":true,"href":"https:\/\/www.organisator.ch\/fr\/wp-json\/wp\/v2\/users\/107"}],"replies":[{"embeddable":true,"href":"https:\/\/www.organisator.ch\/fr\/wp-json\/wp\/v2\/comments?post=48170"}],"version-history":[{"count":4,"href":"https:\/\/www.organisator.ch\/fr\/wp-json\/wp\/v2\/posts\/48170\/revisions"}],"predecessor-version":[{"id":48230,"href":"https:\/\/www.organisator.ch\/fr\/wp-json\/wp\/v2\/posts\/48170\/revisions\/48230"}],"wp:featuredmedia":[{"embeddable":true,"href":"https:\/\/www.organisator.ch\/fr\/wp-json\/wp\/v2\/media\/48169"}],"wp:attachment":[{"href":"https:\/\/www.organisator.ch\/fr\/wp-json\/wp\/v2\/media?parent=48170"}],"wp:term":[{"taxonomy":"category","embeddable":true,"href":"https:\/\/www.organisator.ch\/fr\/wp-json\/wp\/v2\/categories?post=48170"},{"taxonomy":"post_tag","embeddable":true,"href":"https:\/\/www.organisator.ch\/fr\/wp-json\/wp\/v2\/tags?post=48170"}],"curies":[{"name":"wp","href":"https:\/\/api.w.org\/{rel}","templated":true}]}}