{"id":48243,"date":"2026-04-30T09:22:37","date_gmt":"2026-04-30T07:22:37","guid":{"rendered":"https:\/\/www.organisator.ch\/de\/?p=48243"},"modified":"2026-04-30T09:22:37","modified_gmt":"2026-04-30T07:22:37","slug":"ueber-500-teilnehmende-an-der-ai-in-marketing-konferenz-in-zuerich","status":"publish","type":"post","link":"https:\/\/www.organisator.ch\/fr\/marketing\/2026-04-30\/ueber-500-teilnehmende-an-der-ai-in-marketing-konferenz-in-zuerich\/","title":{"rendered":"Plus de 500 participants \u00e0 la conf\u00e9rence AI in Marketing \u00e0 Zurich"},"content":{"rendered":"<figure id=\"attachment_48242\" aria-describedby=\"caption-attachment-48242\" style=\"width: 1400px\" class=\"wp-caption alignnone\"><img loading=\"lazy\" decoding=\"async\" class=\"size-full wp-image-48242\" src=\"https:\/\/www.organisator.ch\/wp-content\/uploads\/2026\/04\/AIM_turing_00_stage-12-scaled.jpg\" alt=\"\" width=\"1400\" height=\"933\" srcset=\"https:\/\/www.organisator.ch\/wp-content\/uploads\/2026\/04\/AIM_turing_00_stage-12-scaled.jpg 1400w, https:\/\/www.organisator.ch\/wp-content\/uploads\/2026\/04\/AIM_turing_00_stage-12-680x453.jpg 680w, https:\/\/www.organisator.ch\/wp-content\/uploads\/2026\/04\/AIM_turing_00_stage-12-1024x683.jpg 1024w, https:\/\/www.organisator.ch\/wp-content\/uploads\/2026\/04\/AIM_turing_00_stage-12-768x512.jpg 768w, https:\/\/www.organisator.ch\/wp-content\/uploads\/2026\/04\/AIM_turing_00_stage-12-1536x1024.jpg 1536w, https:\/\/www.organisator.ch\/wp-content\/uploads\/2026\/04\/AIM_turing_00_stage-12-2048x1365.jpg 2048w, https:\/\/www.organisator.ch\/wp-content\/uploads\/2026\/04\/AIM_turing_00_stage-12-18x12.jpg 18w, https:\/\/www.organisator.ch\/wp-content\/uploads\/2026\/04\/AIM_turing_00_stage-12-375x250.jpg 375w, https:\/\/www.organisator.ch\/wp-content\/uploads\/2026\/04\/AIM_turing_00_stage-12-525x350.jpg 525w, https:\/\/www.organisator.ch\/wp-content\/uploads\/2026\/04\/AIM_turing_00_stage-12-1000x667.jpg 1000w\" sizes=\"auto, (max-width: 1400px) 100vw, 1400px\" \/><figcaption id=\"caption-attachment-48242\" class=\"wp-caption-text\">La conf\u00e9rence AI in Marketing \u00e0 Zurich affiche complet. Source : zvg<\/figcaption><\/figure>\n<p>La deuxi\u00e8me conf\u00e9rence AI in Marketing a renou\u00e9 de mani\u00e8re impressionnante avec le succ\u00e8s de la premi\u00e8re \u00e9dition 2025. Plus de 500 professionnels du marketing, de la communication et de la technologie ont particip\u00e9 \u00e0 cette manifestation d'une journ\u00e9e qui s'est d\u00e9roul\u00e9e au The Circle de l'a\u00e9roport de Zurich. Sur quatre sc\u00e8nes parall\u00e8les, 12 keynotes, 11 masterclasses et un panel ont offert des aper\u00e7us tr\u00e8s actuels sur les derniers d\u00e9veloppements en mati\u00e8re d'intelligence artificielle dans le marketing.<\/p>\n<h3>41 experts, quatre sc\u00e8nes, un th\u00e8me<\/h3>\n<p>Au cours des diff\u00e9rentes sessions, 41 experts ont partag\u00e9 leurs connaissances sur des sujets tels que l'IA g\u00e9n\u00e9rative, les agents, l'automatisation des processus marketing, les questions juridiques li\u00e9es \u00e0 l'IA et l'utilisation pratique d'outils de cr\u00e9ation de textes, d'images et de vid\u00e9os. Les contributions montrant comment les \u00e9quipes marketing peuvent travailler plus efficacement \u00e0 l'aide de l'IA et optimiser les strat\u00e9gies sur la base des donn\u00e9es \u00e9taient particuli\u00e8rement demand\u00e9es.<\/p>\n<p>Parmi les orateurs figuraient Daniela Nyarko de Canva, Claudio Mirti de Microsoft, Anna Habighorst de Meta et Valerio Stallone de la HWZ. Des entreprises comme Helvetia et Syngenta ainsi que des agences comme Hase und Igel, Unic, Kuble ou Jung von Matt ont donn\u00e9 un aper\u00e7u de leurs processus d'intelligence artificielle et ont partag\u00e9 leurs enseignements et leurs meilleures pratiques avec le public.<\/p>\n<h3>Des \u00e9tudes montrent l'effet ambivalent de l'IA<\/h3>\n<p>En outre, les \u00e9tudes les plus diverses de l'Universit\u00e9 de Berne, d'Unic en collaboration avec la HWZ et de Feinheit ont \u00e9t\u00e9 pr\u00e9sent\u00e9es. Les r\u00e9sultats ont montr\u00e9 comment l'utilisation de l'IA modifie d\u00e9j\u00e0 la culture, l'\u00e9galit\u00e9 et les processus de travail - et pas toujours \u00e0 l'avantage des personnes concern\u00e9es.<\/p>\n<p>\u00abLa conf\u00e9rence offre une occasion unique d'\u00e9changer avec des acteurs issus de la pratique, de la l\u00e9gislation et de la recherche. Les diff\u00e9rents points de vue et priorit\u00e9s se rencontrent ici sur un pied d'\u00e9galit\u00e9 et donnent lieu \u00e0 des discussions qui r\u00e9sonnent\u00bb, explique Tanja Herrmann, fondatrice et directrice de la conf\u00e9rence AI in Marketing.<\/p>\n<h3>AI Art Exhibition et SkAI Dinner<\/h3>\n<p>La conf\u00e9rence a \u00e9t\u00e9 compl\u00e9t\u00e9e par une exposition d'art AI qui pr\u00e9sentait les \u0153uvres de cinq artistes AI de Suisse. Le panel \u00abEst-ce de l'art ou peut-on s'en passer ?\u00bb a donn\u00e9 lieu \u00e0 des discussions anim\u00e9es sur la question de savoir \u00e0 partir de quand quelque chose est de l'art et comment d\u00e9finir la cr\u00e9ativit\u00e9. La journ\u00e9e de conf\u00e9rence s'est termin\u00e9e par le nouveau d\u00eener SkAI au neuvi\u00e8me \u00e9tage avec vue sur l'a\u00e9roport de Zurich.<\/p>\n<p><em>Source et informations compl\u00e9mentaires : <a href=\"https:\/\/ai-in-marketing.ch\" target=\"_blank\" rel=\"noopener\">ai-in-marketing.ch<\/a><\/em><\/p>","protected":false},"excerpt":{"rendered":"<p>La deuxi\u00e8me \u00e9dition de la conf\u00e9rence AI in Marketing a fait salle comble : Plus de 500 professionnels du marketing, de la communication et de la technologie ont discut\u00e9 des derniers d\u00e9veloppements en mati\u00e8re d'intelligence artificielle dans le marketing au The Circle \u00e0 l'a\u00e9roport de Zurich. La prochaine \u00e9dition aura lieu le 21 avril 2027.<\/p>","protected":false},"author":107,"featured_media":48242,"comment_status":"closed","ping_status":"closed","sticky":false,"template":"","format":"standard","meta":{"_acf_changed":false,"_yoast_wpseo_focuskw":"AI in Marketing Konferenz","_yoast_wpseo_metadesc":"\u00dcber 500 Fachpersonen diskutierten an der AI in Marketing Konferenz in Z\u00fcrich die neuesten KI-Trends im Marketing. Die n\u00e4chste Ausgabe folgt 2027.","articlekey":"","footnotes":""},"categories":[29],"tags":[193,5990,319,4343],"class_list":["post-48243","post","type-post","status-publish","format-standard","has-post-thumbnail","hentry","category-marketing","tag-fachkongressfachmesse","tag-ki-trends","tag-kuenstliche-intelligenz","tag-markom"],"acf":[],"yoast_head":"<!-- This site is optimized with the Yoast SEO plugin v27.5 - https:\/\/yoast.com\/product\/yoast-seo-wordpress\/ -->\n<title>\u00dcber 500 Teilnehmende an der AI in Marketing Konferenz in Z\u00fcrich - Organisator<\/title>\n<meta name=\"description\" content=\"\u00dcber 500 Fachpersonen diskutierten an der AI in Marketing Konferenz in Z\u00fcrich die neuesten KI-Trends im Marketing. Die n\u00e4chste Ausgabe folgt 2027.\" \/>\n<meta name=\"robots\" content=\"index, follow, max-snippet:-1, max-image-preview:large, max-video-preview:-1\" \/>\n<link rel=\"canonical\" href=\"https:\/\/www.organisator.ch\/fr\/marketing\/2026-04-30\/ueber-500-teilnehmende-an-der-ai-in-marketing-konferenz-in-zuerich\/\" \/>\n<meta property=\"og:locale\" content=\"fr_FR\" \/>\n<meta property=\"og:type\" content=\"article\" \/>\n<meta property=\"og:title\" content=\"\u00dcber 500 Teilnehmende an der AI in Marketing Konferenz in Z\u00fcrich\" \/>\n<meta property=\"og:description\" content=\"\u00dcber 500 Fachpersonen diskutierten an der AI in Marketing Konferenz in Z\u00fcrich die neuesten KI-Trends im Marketing. Die n\u00e4chste Ausgabe folgt 2027.\" \/>\n<meta property=\"og:url\" content=\"https:\/\/www.organisator.ch\/fr\/marketing\/2026-04-30\/ueber-500-teilnehmende-an-der-ai-in-marketing-konferenz-in-zuerich\/\" \/>\n<meta property=\"og:site_name\" content=\"Organisator\" \/>\n<meta property=\"article:publisher\" content=\"https:\/\/www.facebook.com\/OrganisatorFachmagazin\" \/>\n<meta property=\"article:published_time\" content=\"2026-04-30T07:22:37+00:00\" \/>\n<meta property=\"og:image\" content=\"https:\/\/www.organisator.ch\/wp-content\/uploads\/2026\/04\/AIM_turing_00_stage-12-scaled.jpg\" \/>\n\t<meta property=\"og:image:width\" content=\"1400\" \/>\n\t<meta property=\"og:image:height\" content=\"933\" \/>\n\t<meta property=\"og:image:type\" content=\"image\/jpeg\" \/>\n<meta name=\"author\" content=\"n8n\" \/>\n<meta name=\"twitter:card\" content=\"summary_large_image\" \/>\n<meta name=\"twitter:title\" content=\"\u00dcber 500 Teilnehmende an der #AI in Marketing Konferenz in Z\u00fcrich\" \/>\n<meta name=\"twitter:description\" content=\"\u00dcber 500 Fachpersonen diskutierten an der AI in Marketing Konferenz in Z\u00fcrich die neuesten #KI-Trends im Marketing. Die n\u00e4chste Ausgabe folgt 2027.\" \/>\n<meta name=\"twitter:image\" content=\"https:\/\/www.organisator.ch\/wp-content\/uploads\/2026\/04\/AIM_turing_00_stage-12-scaled.jpg\" \/>\n<script type=\"application\/ld+json\" class=\"yoast-schema-graph\">{\"@context\":\"https:\\\/\\\/schema.org\",\"@graph\":[{\"@type\":\"Article\",\"@id\":\"https:\\\/\\\/www.organisator.ch\\\/marketing\\\/2026-04-30\\\/ueber-500-teilnehmende-an-der-ai-in-marketing-konferenz-in-zuerich\\\/#article\",\"isPartOf\":{\"@id\":\"https:\\\/\\\/www.organisator.ch\\\/marketing\\\/2026-04-30\\\/ueber-500-teilnehmende-an-der-ai-in-marketing-konferenz-in-zuerich\\\/\"},\"author\":{\"name\":\"n8n\",\"@id\":\"https:\\\/\\\/www.organisator.ch\\\/#\\\/schema\\\/person\\\/a9d0e0eff238db87a8f840f3b50359f0\"},\"headline\":\"\u00dcber 500 Teilnehmende an der AI in Marketing Konferenz in Z\u00fcrich\",\"datePublished\":\"2026-04-30T07:22:37+00:00\",\"mainEntityOfPage\":{\"@id\":\"https:\\\/\\\/www.organisator.ch\\\/marketing\\\/2026-04-30\\\/ueber-500-teilnehmende-an-der-ai-in-marketing-konferenz-in-zuerich\\\/\"},\"wordCount\":392,\"publisher\":{\"@id\":\"https:\\\/\\\/www.organisator.ch\\\/#organization\"},\"image\":{\"@id\":\"https:\\\/\\\/www.organisator.ch\\\/marketing\\\/2026-04-30\\\/ueber-500-teilnehmende-an-der-ai-in-marketing-konferenz-in-zuerich\\\/#primaryimage\"},\"thumbnailUrl\":\"https:\\\/\\\/www.organisator.ch\\\/wp-content\\\/uploads\\\/2026\\\/04\\\/AIM_turing_00_stage-12-scaled.jpg\",\"keywords\":[\"Fachkongress\\\/Fachmesse\",\"KI-Trends\",\"K\u00fcnstliche Intelligenz\",\"MarKom\"],\"articleSection\":[\"MARKETING\"],\"inLanguage\":\"fr-FR\"},{\"@type\":\"WebPage\",\"@id\":\"https:\\\/\\\/www.organisator.ch\\\/marketing\\\/2026-04-30\\\/ueber-500-teilnehmende-an-der-ai-in-marketing-konferenz-in-zuerich\\\/\",\"url\":\"https:\\\/\\\/www.organisator.ch\\\/marketing\\\/2026-04-30\\\/ueber-500-teilnehmende-an-der-ai-in-marketing-konferenz-in-zuerich\\\/\",\"name\":\"\u00dcber 500 Teilnehmende an der AI in Marketing Konferenz in Z\u00fcrich - Organisator\",\"isPartOf\":{\"@id\":\"https:\\\/\\\/www.organisator.ch\\\/#website\"},\"primaryImageOfPage\":{\"@id\":\"https:\\\/\\\/www.organisator.ch\\\/marketing\\\/2026-04-30\\\/ueber-500-teilnehmende-an-der-ai-in-marketing-konferenz-in-zuerich\\\/#primaryimage\"},\"image\":{\"@id\":\"https:\\\/\\\/www.organisator.ch\\\/marketing\\\/2026-04-30\\\/ueber-500-teilnehmende-an-der-ai-in-marketing-konferenz-in-zuerich\\\/#primaryimage\"},\"thumbnailUrl\":\"https:\\\/\\\/www.organisator.ch\\\/wp-content\\\/uploads\\\/2026\\\/04\\\/AIM_turing_00_stage-12-scaled.jpg\",\"datePublished\":\"2026-04-30T07:22:37+00:00\",\"description\":\"\u00dcber 500 Fachpersonen diskutierten an der AI in Marketing Konferenz in Z\u00fcrich die neuesten KI-Trends im Marketing. Die n\u00e4chste Ausgabe folgt 2027.\",\"breadcrumb\":{\"@id\":\"https:\\\/\\\/www.organisator.ch\\\/marketing\\\/2026-04-30\\\/ueber-500-teilnehmende-an-der-ai-in-marketing-konferenz-in-zuerich\\\/#breadcrumb\"},\"inLanguage\":\"fr-FR\",\"potentialAction\":[{\"@type\":\"ReadAction\",\"target\":[\"https:\\\/\\\/www.organisator.ch\\\/marketing\\\/2026-04-30\\\/ueber-500-teilnehmende-an-der-ai-in-marketing-konferenz-in-zuerich\\\/\"]}]},{\"@type\":\"ImageObject\",\"inLanguage\":\"fr-FR\",\"@id\":\"https:\\\/\\\/www.organisator.ch\\\/marketing\\\/2026-04-30\\\/ueber-500-teilnehmende-an-der-ai-in-marketing-konferenz-in-zuerich\\\/#primaryimage\",\"url\":\"https:\\\/\\\/www.organisator.ch\\\/wp-content\\\/uploads\\\/2026\\\/04\\\/AIM_turing_00_stage-12-scaled.jpg\",\"contentUrl\":\"https:\\\/\\\/www.organisator.ch\\\/wp-content\\\/uploads\\\/2026\\\/04\\\/AIM_turing_00_stage-12-scaled.jpg\",\"width\":1400,\"height\":933,\"caption\":\"AI in Marketing Konferenz in Z\u00fcrich ausverkauft. Quelle: zvg\"},{\"@type\":\"BreadcrumbList\",\"@id\":\"https:\\\/\\\/www.organisator.ch\\\/marketing\\\/2026-04-30\\\/ueber-500-teilnehmende-an-der-ai-in-marketing-konferenz-in-zuerich\\\/#breadcrumb\",\"itemListElement\":[{\"@type\":\"ListItem\",\"position\":1,\"name\":\"Home\",\"item\":\"https:\\\/\\\/www.organisator.ch\\\/\"},{\"@type\":\"ListItem\",\"position\":2,\"name\":\"\u00dcber 500 Teilnehmende an der AI in Marketing Konferenz in Z\u00fcrich\"}]},{\"@type\":\"WebSite\",\"@id\":\"https:\\\/\\\/www.organisator.ch\\\/#website\",\"url\":\"https:\\\/\\\/www.organisator.ch\\\/\",\"name\":\"Organisator\",\"description\":\"Kompetent. Praxisnah. Der ORGANISATOR bereitet in 10 Ausgaben pro Jahr die wesentlichen Themen f\u00fcr F\u00fchrungskr\u00e4fte von KMU auf.\",\"publisher\":{\"@id\":\"https:\\\/\\\/www.organisator.ch\\\/#organization\"},\"potentialAction\":[{\"@type\":\"SearchAction\",\"target\":{\"@type\":\"EntryPoint\",\"urlTemplate\":\"https:\\\/\\\/www.organisator.ch\\\/?s={search_term_string}\"},\"query-input\":{\"@type\":\"PropertyValueSpecification\",\"valueRequired\":true,\"valueName\":\"search_term_string\"}}],\"inLanguage\":\"fr-FR\"},{\"@type\":\"Organization\",\"@id\":\"https:\\\/\\\/www.organisator.ch\\\/#organization\",\"name\":\"Organisator\",\"url\":\"https:\\\/\\\/www.organisator.ch\\\/\",\"logo\":{\"@type\":\"ImageObject\",\"inLanguage\":\"fr-FR\",\"@id\":\"https:\\\/\\\/www.organisator.ch\\\/#\\\/schema\\\/logo\\\/image\\\/\",\"url\":\"https:\\\/\\\/www.organisator.ch\\\/wp-content\\\/uploads\\\/2022\\\/01\\\/Logo_Organisator_Website.png\",\"contentUrl\":\"https:\\\/\\\/www.organisator.ch\\\/wp-content\\\/uploads\\\/2022\\\/01\\\/Logo_Organisator_Website.png\",\"width\":800,\"height\":77,\"caption\":\"Organisator\"},\"image\":{\"@id\":\"https:\\\/\\\/www.organisator.ch\\\/#\\\/schema\\\/logo\\\/image\\\/\"},\"sameAs\":[\"https:\\\/\\\/www.facebook.com\\\/OrganisatorFachmagazin\",\"https:\\\/\\\/www.linkedin.com\\\/showcase\\\/organisator-das-magazin-fr-kmu\",\"https:\\\/\\\/www.xing.com\\\/news\\\/pages\\\/organisator-ch-695\",\"https:\\\/\\\/www.youtube.com\\\/channel\\\/UCGP2Sq0iWaZwT3BdIAQFYpw\"]},{\"@type\":\"Person\",\"@id\":\"https:\\\/\\\/www.organisator.ch\\\/#\\\/schema\\\/person\\\/a9d0e0eff238db87a8f840f3b50359f0\",\"name\":\"n8n\",\"image\":{\"@type\":\"ImageObject\",\"inLanguage\":\"fr-FR\",\"@id\":\"https:\\\/\\\/secure.gravatar.com\\\/avatar\\\/5368fb9d03fd415a6f335cece4c15af2502d6ca8651efbd6e8f98427a9795400?s=96&d=mm&r=g\",\"url\":\"https:\\\/\\\/secure.gravatar.com\\\/avatar\\\/5368fb9d03fd415a6f335cece4c15af2502d6ca8651efbd6e8f98427a9795400?s=96&d=mm&r=g\",\"contentUrl\":\"https:\\\/\\\/secure.gravatar.com\\\/avatar\\\/5368fb9d03fd415a6f335cece4c15af2502d6ca8651efbd6e8f98427a9795400?s=96&d=mm&r=g\",\"caption\":\"n8n\"},\"url\":\"https:\\\/\\\/www.organisator.ch\\\/fr\\\/author\\\/n8n\\\/\"}]}<\/script>\n<!-- \/ Yoast SEO plugin. -->","yoast_head_json":{"title":"Plus de 500 participants \u00e0 la conf\u00e9rence AI in Marketing \u00e0 Zurich - Organisateur","description":"Plus de 500 sp\u00e9cialistes ont discut\u00e9 des derni\u00e8res tendances de l'IA dans le marketing lors de la conf\u00e9rence AI in Marketing \u00e0 Zurich. La prochaine \u00e9dition aura lieu en 2027.","robots":{"index":"index","follow":"follow","max-snippet":"max-snippet:-1","max-image-preview":"max-image-preview:large","max-video-preview":"max-video-preview:-1"},"canonical":"https:\/\/www.organisator.ch\/fr\/marketing\/2026-04-30\/ueber-500-teilnehmende-an-der-ai-in-marketing-konferenz-in-zuerich\/","og_locale":"fr_FR","og_type":"article","og_title":"\u00dcber 500 Teilnehmende an der AI in Marketing Konferenz in Z\u00fcrich","og_description":"\u00dcber 500 Fachpersonen diskutierten an der AI in Marketing Konferenz in Z\u00fcrich die neuesten KI-Trends im Marketing. Die n\u00e4chste Ausgabe folgt 2027.","og_url":"https:\/\/www.organisator.ch\/fr\/marketing\/2026-04-30\/ueber-500-teilnehmende-an-der-ai-in-marketing-konferenz-in-zuerich\/","og_site_name":"Organisator","article_publisher":"https:\/\/www.facebook.com\/OrganisatorFachmagazin","article_published_time":"2026-04-30T07:22:37+00:00","og_image":[{"width":1400,"height":933,"url":"https:\/\/www.organisator.ch\/wp-content\/uploads\/2026\/04\/AIM_turing_00_stage-12-scaled.jpg","type":"image\/jpeg"}],"author":"n8n","twitter_card":"summary_large_image","twitter_title":"\u00dcber 500 Teilnehmende an der #AI in Marketing Konferenz in Z\u00fcrich","twitter_description":"\u00dcber 500 Fachpersonen diskutierten an der AI in Marketing Konferenz in Z\u00fcrich die neuesten #KI-Trends im Marketing. Die n\u00e4chste Ausgabe folgt 2027.","twitter_image":"https:\/\/www.organisator.ch\/wp-content\/uploads\/2026\/04\/AIM_turing_00_stage-12-scaled.jpg","schema":{"@context":"https:\/\/schema.org","@graph":[{"@type":"Article","@id":"https:\/\/www.organisator.ch\/marketing\/2026-04-30\/ueber-500-teilnehmende-an-der-ai-in-marketing-konferenz-in-zuerich\/#article","isPartOf":{"@id":"https:\/\/www.organisator.ch\/marketing\/2026-04-30\/ueber-500-teilnehmende-an-der-ai-in-marketing-konferenz-in-zuerich\/"},"author":{"name":"n8n","@id":"https:\/\/www.organisator.ch\/#\/schema\/person\/a9d0e0eff238db87a8f840f3b50359f0"},"headline":"\u00dcber 500 Teilnehmende an der AI in Marketing Konferenz in Z\u00fcrich","datePublished":"2026-04-30T07:22:37+00:00","mainEntityOfPage":{"@id":"https:\/\/www.organisator.ch\/marketing\/2026-04-30\/ueber-500-teilnehmende-an-der-ai-in-marketing-konferenz-in-zuerich\/"},"wordCount":392,"publisher":{"@id":"https:\/\/www.organisator.ch\/#organization"},"image":{"@id":"https:\/\/www.organisator.ch\/marketing\/2026-04-30\/ueber-500-teilnehmende-an-der-ai-in-marketing-konferenz-in-zuerich\/#primaryimage"},"thumbnailUrl":"https:\/\/www.organisator.ch\/wp-content\/uploads\/2026\/04\/AIM_turing_00_stage-12-scaled.jpg","keywords":["Fachkongress\/Fachmesse","KI-Trends","K\u00fcnstliche Intelligenz","MarKom"],"articleSection":["MARKETING"],"inLanguage":"fr-FR"},{"@type":"WebPage","@id":"https:\/\/www.organisator.ch\/marketing\/2026-04-30\/ueber-500-teilnehmende-an-der-ai-in-marketing-konferenz-in-zuerich\/","url":"https:\/\/www.organisator.ch\/marketing\/2026-04-30\/ueber-500-teilnehmende-an-der-ai-in-marketing-konferenz-in-zuerich\/","name":"Plus de 500 participants \u00e0 la conf\u00e9rence AI in Marketing \u00e0 Zurich - Organisateur","isPartOf":{"@id":"https:\/\/www.organisator.ch\/#website"},"primaryImageOfPage":{"@id":"https:\/\/www.organisator.ch\/marketing\/2026-04-30\/ueber-500-teilnehmende-an-der-ai-in-marketing-konferenz-in-zuerich\/#primaryimage"},"image":{"@id":"https:\/\/www.organisator.ch\/marketing\/2026-04-30\/ueber-500-teilnehmende-an-der-ai-in-marketing-konferenz-in-zuerich\/#primaryimage"},"thumbnailUrl":"https:\/\/www.organisator.ch\/wp-content\/uploads\/2026\/04\/AIM_turing_00_stage-12-scaled.jpg","datePublished":"2026-04-30T07:22:37+00:00","description":"Plus de 500 sp\u00e9cialistes ont discut\u00e9 des derni\u00e8res tendances de l'IA dans le marketing lors de la conf\u00e9rence AI in Marketing \u00e0 Zurich. La prochaine \u00e9dition aura lieu en 2027.","breadcrumb":{"@id":"https:\/\/www.organisator.ch\/marketing\/2026-04-30\/ueber-500-teilnehmende-an-der-ai-in-marketing-konferenz-in-zuerich\/#breadcrumb"},"inLanguage":"fr-FR","potentialAction":[{"@type":"ReadAction","target":["https:\/\/www.organisator.ch\/marketing\/2026-04-30\/ueber-500-teilnehmende-an-der-ai-in-marketing-konferenz-in-zuerich\/"]}]},{"@type":"ImageObject","inLanguage":"fr-FR","@id":"https:\/\/www.organisator.ch\/marketing\/2026-04-30\/ueber-500-teilnehmende-an-der-ai-in-marketing-konferenz-in-zuerich\/#primaryimage","url":"https:\/\/www.organisator.ch\/wp-content\/uploads\/2026\/04\/AIM_turing_00_stage-12-scaled.jpg","contentUrl":"https:\/\/www.organisator.ch\/wp-content\/uploads\/2026\/04\/AIM_turing_00_stage-12-scaled.jpg","width":1400,"height":933,"caption":"AI in Marketing Konferenz in Z\u00fcrich ausverkauft. Quelle: zvg"},{"@type":"BreadcrumbList","@id":"https:\/\/www.organisator.ch\/marketing\/2026-04-30\/ueber-500-teilnehmende-an-der-ai-in-marketing-konferenz-in-zuerich\/#breadcrumb","itemListElement":[{"@type":"ListItem","position":1,"name":"Home","item":"https:\/\/www.organisator.ch\/"},{"@type":"ListItem","position":2,"name":"\u00dcber 500 Teilnehmende an der AI in Marketing Konferenz in Z\u00fcrich"}]},{"@type":"WebSite","@id":"https:\/\/www.organisator.ch\/#website","url":"https:\/\/www.organisator.ch\/","name":"Organisateur","description":"Comp\u00e9tence et comp\u00e9tence. Proches de la pratique. L'ORGANISATEUR pr\u00e9pare 10 num\u00e9ros par an sur les th\u00e8mes essentiels pour les dirigeants de PME.","publisher":{"@id":"https:\/\/www.organisator.ch\/#organization"},"potentialAction":[{"@type":"SearchAction","target":{"@type":"EntryPoint","urlTemplate":"https:\/\/www.organisator.ch\/?s={search_term_string}"},"query-input":{"@type":"PropertyValueSpecification","valueRequired":true,"valueName":"search_term_string"}}],"inLanguage":"fr-FR"},{"@type":"Organization","@id":"https:\/\/www.organisator.ch\/#organization","name":"Organisateur","url":"https:\/\/www.organisator.ch\/","logo":{"@type":"ImageObject","inLanguage":"fr-FR","@id":"https:\/\/www.organisator.ch\/#\/schema\/logo\/image\/","url":"https:\/\/www.organisator.ch\/wp-content\/uploads\/2022\/01\/Logo_Organisator_Website.png","contentUrl":"https:\/\/www.organisator.ch\/wp-content\/uploads\/2022\/01\/Logo_Organisator_Website.png","width":800,"height":77,"caption":"Organisator"},"image":{"@id":"https:\/\/www.organisator.ch\/#\/schema\/logo\/image\/"},"sameAs":["https:\/\/www.facebook.com\/OrganisatorFachmagazin","https:\/\/www.linkedin.com\/showcase\/organisator-das-magazin-fr-kmu","https:\/\/www.xing.com\/news\/pages\/organisator-ch-695","https:\/\/www.youtube.com\/channel\/UCGP2Sq0iWaZwT3BdIAQFYpw"]},{"@type":"Person","@id":"https:\/\/www.organisator.ch\/#\/schema\/person\/a9d0e0eff238db87a8f840f3b50359f0","name":"n8n","image":{"@type":"ImageObject","inLanguage":"fr-FR","@id":"https:\/\/secure.gravatar.com\/avatar\/5368fb9d03fd415a6f335cece4c15af2502d6ca8651efbd6e8f98427a9795400?s=96&d=mm&r=g","url":"https:\/\/secure.gravatar.com\/avatar\/5368fb9d03fd415a6f335cece4c15af2502d6ca8651efbd6e8f98427a9795400?s=96&d=mm&r=g","contentUrl":"https:\/\/secure.gravatar.com\/avatar\/5368fb9d03fd415a6f335cece4c15af2502d6ca8651efbd6e8f98427a9795400?s=96&d=mm&r=g","caption":"n8n"},"url":"https:\/\/www.organisator.ch\/fr\/author\/n8n\/"}]}},"_links":{"self":[{"href":"https:\/\/www.organisator.ch\/fr\/wp-json\/wp\/v2\/posts\/48243","targetHints":{"allow":["GET"]}}],"collection":[{"href":"https:\/\/www.organisator.ch\/fr\/wp-json\/wp\/v2\/posts"}],"about":[{"href":"https:\/\/www.organisator.ch\/fr\/wp-json\/wp\/v2\/types\/post"}],"author":[{"embeddable":true,"href":"https:\/\/www.organisator.ch\/fr\/wp-json\/wp\/v2\/users\/107"}],"replies":[{"embeddable":true,"href":"https:\/\/www.organisator.ch\/fr\/wp-json\/wp\/v2\/comments?post=48243"}],"version-history":[{"count":3,"href":"https:\/\/www.organisator.ch\/fr\/wp-json\/wp\/v2\/posts\/48243\/revisions"}],"predecessor-version":[{"id":48246,"href":"https:\/\/www.organisator.ch\/fr\/wp-json\/wp\/v2\/posts\/48243\/revisions\/48246"}],"wp:featuredmedia":[{"embeddable":true,"href":"https:\/\/www.organisator.ch\/fr\/wp-json\/wp\/v2\/media\/48242"}],"wp:attachment":[{"href":"https:\/\/www.organisator.ch\/fr\/wp-json\/wp\/v2\/media?parent=48243"}],"wp:term":[{"taxonomy":"category","embeddable":true,"href":"https:\/\/www.organisator.ch\/fr\/wp-json\/wp\/v2\/categories?post=48243"},{"taxonomy":"post_tag","embeddable":true,"href":"https:\/\/www.organisator.ch\/fr\/wp-json\/wp\/v2\/tags?post=48243"}],"curies":[{"name":"wp","href":"https:\/\/api.w.org\/{rel}","templated":true}]}}