{"id":48295,"date":"2026-05-01T08:54:39","date_gmt":"2026-05-01T06:54:39","guid":{"rendered":"https:\/\/www.organisator.ch\/de\/?p=48295"},"modified":"2026-05-01T08:54:39","modified_gmt":"2026-05-01T06:54:39","slug":"fernuni-schweiz-auf-wachstumskurs-mehr-studierende-neue-angebote-klare-perspektiven","status":"publish","type":"post","link":"https:\/\/www.organisator.ch\/fr\/weiterbildung\/2026-05-01\/fernuni-schweiz-auf-wachstumskurs-mehr-studierende-neue-angebote-klare-perspektiven\/","title":{"rendered":"La Formation universitaire \u00e0 distance, Suisse, sur la voie de la croissance : plus d'\u00e9tudiants, de nouvelles offres, des perspectives claires"},"content":{"rendered":"<figure id=\"attachment_48294\" aria-describedby=\"caption-attachment-48294\" style=\"width: 1400px\" class=\"wp-caption alignnone\"><img loading=\"lazy\" decoding=\"async\" class=\"size-full wp-image-48294\" src=\"https:\/\/www.organisator.ch\/wp-content\/uploads\/2026\/04\/Rektorat20FernUni20Schstianpfammatter-1-scaled.jpg\" alt=\"\" width=\"1400\" height=\"788\" srcset=\"https:\/\/www.organisator.ch\/wp-content\/uploads\/2026\/04\/Rektorat20FernUni20Schstianpfammatter-1-scaled.jpg 1400w, https:\/\/www.organisator.ch\/wp-content\/uploads\/2026\/04\/Rektorat20FernUni20Schstianpfammatter-1-680x383.jpg 680w, https:\/\/www.organisator.ch\/wp-content\/uploads\/2026\/04\/Rektorat20FernUni20Schstianpfammatter-1-1024x576.jpg 1024w, https:\/\/www.organisator.ch\/wp-content\/uploads\/2026\/04\/Rektorat20FernUni20Schstianpfammatter-1-768x432.jpg 768w, https:\/\/www.organisator.ch\/wp-content\/uploads\/2026\/04\/Rektorat20FernUni20Schstianpfammatter-1-1536x864.jpg 1536w, https:\/\/www.organisator.ch\/wp-content\/uploads\/2026\/04\/Rektorat20FernUni20Schstianpfammatter-1-2048x1152.jpg 2048w, https:\/\/www.organisator.ch\/wp-content\/uploads\/2026\/04\/Rektorat20FernUni20Schstianpfammatter-1-18x10.jpg 18w, https:\/\/www.organisator.ch\/wp-content\/uploads\/2026\/04\/Rektorat20FernUni20Schstianpfammatter-1-375x211.jpg 375w, https:\/\/www.organisator.ch\/wp-content\/uploads\/2026\/04\/Rektorat20FernUni20Schstianpfammatter-1-622x350.jpg 622w, https:\/\/www.organisator.ch\/wp-content\/uploads\/2026\/04\/Rektorat20FernUni20Schstianpfammatter-1-1000x563.jpg 1000w\" sizes=\"auto, (max-width: 1400px) 100vw, 1400px\" \/><figcaption id=\"caption-attachment-48294\" class=\"wp-caption-text\">Le rectorat de la FernUni Schweiz confirme sa forte croissance. Source : zvg<\/figcaption><\/figure>\n<p>La FernUni Schweiz a pr\u00e9sent\u00e9 son rapport annuel 2025 \u00e0 l'occasion de l'assembl\u00e9e des fondateurs du 29 avril 2026 sur le campus de Brigue. Celui-ci dresse le portrait d'une institution universitaire financi\u00e8rement stable et en croissance dynamique avec plus de 2\u2019600 \u00e9tudiants - et des ambitions claires pour l'avenir.<\/p>\n<h3>Finances solides, demande croissante<\/h3>\n<p>Le nombre d'\u00e9tudiants a de nouveau augment\u00e9 et d\u00e9passe d\u00e9sormais les 2\u2019600 personnes. Cela confirme la forte demande d'offres d'\u00e9tudes flexibles et de haute qualit\u00e9 - bien au-del\u00e0 de la r\u00e9gion du Valais. La situation financi\u00e8re de l'institution est stable. Le recteur, le professeur Nicolas Rothen, souligne : \u00abL'ann\u00e9e derni\u00e8re, nous avons cr\u00e9\u00e9 des bases centrales pour d\u00e9velopper de mani\u00e8re cibl\u00e9e la FernUni Schweiz et renforcer son r\u00f4le d'institution universitaire innovante et compl\u00e9mentaire\u00bb.\u00bb<\/p>\n<figure id=\"attachment_48293\" aria-describedby=\"caption-attachment-48293\" style=\"width: 712px\" class=\"wp-caption alignnone\"><img loading=\"lazy\" decoding=\"async\" class=\"size-full wp-image-48293\" src=\"https:\/\/www.organisator.ch\/wp-content\/uploads\/2026\/04\/Entwicklung20der20Studierendenzahlen-1.png\" alt=\"\" width=\"712\" height=\"485\" srcset=\"https:\/\/www.organisator.ch\/wp-content\/uploads\/2026\/04\/Entwicklung20der20Studierendenzahlen-1.png 712w, https:\/\/www.organisator.ch\/wp-content\/uploads\/2026\/04\/Entwicklung20der20Studierendenzahlen-1-680x463.png 680w, https:\/\/www.organisator.ch\/wp-content\/uploads\/2026\/04\/Entwicklung20der20Studierendenzahlen-1-18x12.png 18w, https:\/\/www.organisator.ch\/wp-content\/uploads\/2026\/04\/Entwicklung20der20Studierendenzahlen-1-375x255.png 375w, https:\/\/www.organisator.ch\/wp-content\/uploads\/2026\/04\/Entwicklung20der20Studierendenzahlen-1-514x350.png 514w\" sizes=\"auto, (max-width: 712px) 100vw, 712px\" \/><figcaption id=\"caption-attachment-48293\" class=\"wp-caption-text\">La Formation universitaire \u00e0 distance, Suisse, enregistre plus de 2600 \u00e9tudiants en 2025. Source : zvg<\/figcaption><\/figure>\n<h3>Points forts de la recherche et de l'enseignement<\/h3>\n<p>Le rapport annuel 2025 documente une institution en mouvement : La FernUni Schweiz a obtenu le droit de d\u00e9livrer des doctorats, a renforc\u00e9 l'organisation de ses facult\u00e9s et a d\u00e9velopp\u00e9 ses activit\u00e9s de recherche. Plusieurs projets ont \u00e9t\u00e9 r\u00e9alis\u00e9s avec le soutien du Fonds national suisse. En automne 2026, l'institution lancera \u00e9galement un master en intelligence artificielle dans un format actualis\u00e9 - une offre cibl\u00e9e sur la transformation et l'innovation num\u00e9riques. Dans le domaine de la formation continue, le cours \u00abR\u00e9gulation de l'IA et gouvernance de l'IA\u00bb a notamment \u00e9t\u00e9 red\u00e9velopp\u00e9.<\/p>\n<h3>En route vers l'Universit\u00e9 du Valais<\/h3>\n<p>La FernUni Schweiz poursuit son processus d'accr\u00e9ditation en tant qu'universit\u00e9 cantonale. Dans ce contexte, la fondation existante sera \u00e9galement transf\u00e9r\u00e9e dans la future structure institutionnelle. Le pr\u00e9sident du conseil de fondation, Stefan Bumann, commente : \u00abL'institution est tr\u00e8s bien positionn\u00e9e pour cette prochaine \u00e9tape. Nous allons transmettre au canton du Valais une institution active, saine et au d\u00e9veloppement dynamique, dont l'impact d\u00e9passe largement la r\u00e9gion et qui contribue \u00e0 l'ensemble du paysage suisse des hautes \u00e9coles\u00bb.\u00bb<\/p>\n<h3>Rectorat enti\u00e8rement pourvu<\/h3>\n<p>Avec la nomination du professeur Dr Nicolas Rothen au poste de recteur, du professeur Dr Anthony Strittmatter au poste de vice-recteur de la recherche et du professeur Dr Corinna Martarelli au poste de vice-rectrice de l'enseignement, le rectorat de la FernUni Schweiz est d\u00e9sormais complet. Damien Carron (directeur des services acad\u00e9miques) et St\u00e9phane Pannatier (directeur des services centraux) compl\u00e8tent l'\u00e9quipe de direction et allient l'excellence acad\u00e9mique \u00e0 une large exp\u00e9rience.<\/p>\n<p><em>Plus d'informations : <a href=\"https:\/\/www.fernuni.ch\" target=\"_blank\" rel=\"noopener\">www.fernuni.ch<\/a><\/em><\/p>","protected":false},"excerpt":{"rendered":"<p>La FernUni Schweiz poursuit sa croissance : plus de 2600 \u00e9tudiants, un nouveau master en Intelligence Artificielle et l'accr\u00e9ditation en cours en tant qu'universit\u00e9 cantonale valaisanne marquent une institution en plein essor. Le rapport annuel 2025 atteste de finances solides et d'un d\u00e9veloppement strat\u00e9gique \u00e0 tous les niveaux.<\/p>","protected":false},"author":107,"featured_media":48294,"comment_status":"closed","ping_status":"closed","sticky":false,"template":"","format":"standard","meta":{"_acf_changed":false,"_yoast_wpseo_focuskw":"FernUni Schweiz","_yoast_wpseo_metadesc":"Die FernUni Schweiz w\u00e4chst: \u00fcber 2'600 Studierende, neuer KI-Masterstudiengang und Akkreditierung zur Universit\u00e4t Wallis im Fokus.","articlekey":"","footnotes":""},"categories":[30],"tags":[62,4180],"class_list":["post-48295","post","type-post","status-publish","format-standard","has-post-thumbnail","hentry","category-weiterbildung","tag-aus-weiterbildung","tag-hochschulen"],"acf":[],"yoast_head":"<!-- This site is optimized with the Yoast SEO plugin v27.5 - https:\/\/yoast.com\/product\/yoast-seo-wordpress\/ -->\n<title>FernUni Schweiz auf Wachstumskurs: mehr Studierende, neue Angebote, klare Perspektiven - Organisator<\/title>\n<meta name=\"description\" content=\"Die FernUni Schweiz w\u00e4chst: \u00fcber 2&#039;600 Studierende, neuer KI-Masterstudiengang und Akkreditierung zur Universit\u00e4t Wallis im Fokus.\" \/>\n<meta name=\"robots\" content=\"index, follow, max-snippet:-1, max-image-preview:large, max-video-preview:-1\" \/>\n<link rel=\"canonical\" href=\"https:\/\/www.organisator.ch\/fr\/formation-continue-2\/2026-05-01\/fernuni-schweiz-auf-wachstumskurs-mehr-studierende-neue-angebote-klare-perspektiven\/\" \/>\n<meta property=\"og:locale\" content=\"fr_FR\" \/>\n<meta property=\"og:type\" content=\"article\" \/>\n<meta property=\"og:title\" content=\"FernUni Schweiz auf Wachstumskurs: mehr Studierende, neue Angebote, klare Perspektiven\" \/>\n<meta property=\"og:description\" content=\"Die FernUni Schweiz w\u00e4chst: \u00fcber 2&#039;600 Studierende, neuer KI-Masterstudiengang und Akkreditierung zur Universit\u00e4t Wallis im Fokus.\" \/>\n<meta property=\"og:url\" content=\"https:\/\/www.organisator.ch\/fr\/formation-continue-2\/2026-05-01\/fernuni-schweiz-auf-wachstumskurs-mehr-studierende-neue-angebote-klare-perspektiven\/\" \/>\n<meta property=\"og:site_name\" content=\"Organisator\" \/>\n<meta property=\"article:publisher\" content=\"https:\/\/www.facebook.com\/OrganisatorFachmagazin\" \/>\n<meta property=\"article:published_time\" content=\"2026-05-01T06:54:39+00:00\" \/>\n<meta property=\"og:image\" content=\"https:\/\/www.organisator.ch\/wp-content\/uploads\/2026\/04\/Rektorat20FernUni20Schstianpfammatter-1-scaled.jpg\" \/>\n\t<meta property=\"og:image:width\" content=\"1400\" \/>\n\t<meta property=\"og:image:height\" content=\"788\" \/>\n\t<meta property=\"og:image:type\" content=\"image\/jpeg\" \/>\n<meta name=\"author\" content=\"n8n\" \/>\n<meta name=\"twitter:card\" content=\"summary_large_image\" \/>\n<meta name=\"twitter:title\" content=\"#FernUni Schweiz auf #Wachstumskurs: mehr Studierende, neue Angebote, klare Perspektiven\" \/>\n<meta name=\"twitter:description\" content=\"Die #FernUni Schweiz w\u00e4chst: \u00fcber 2&#039;600 Studierende, neuer #KI-Masterstudiengang und Akkreditierung zur Universit\u00e4t #Wallis im Fokus.\" \/>\n<meta name=\"twitter:image\" content=\"https:\/\/www.organisator.ch\/wp-content\/uploads\/2026\/04\/Rektorat20FernUni20Schstianpfammatter-1-scaled.jpg\" \/>\n<script type=\"application\/ld+json\" class=\"yoast-schema-graph\">{\"@context\":\"https:\\\/\\\/schema.org\",\"@graph\":[{\"@type\":\"Article\",\"@id\":\"https:\\\/\\\/www.organisator.ch\\\/weiterbildung\\\/2026-05-01\\\/fernuni-schweiz-auf-wachstumskurs-mehr-studierende-neue-angebote-klare-perspektiven\\\/#article\",\"isPartOf\":{\"@id\":\"https:\\\/\\\/www.organisator.ch\\\/weiterbildung\\\/2026-05-01\\\/fernuni-schweiz-auf-wachstumskurs-mehr-studierende-neue-angebote-klare-perspektiven\\\/\"},\"author\":{\"name\":\"n8n\",\"@id\":\"https:\\\/\\\/www.organisator.ch\\\/#\\\/schema\\\/person\\\/a9d0e0eff238db87a8f840f3b50359f0\"},\"headline\":\"FernUni Schweiz auf Wachstumskurs: mehr Studierende, neue Angebote, klare Perspektiven\",\"datePublished\":\"2026-05-01T06:54:39+00:00\",\"mainEntityOfPage\":{\"@id\":\"https:\\\/\\\/www.organisator.ch\\\/weiterbildung\\\/2026-05-01\\\/fernuni-schweiz-auf-wachstumskurs-mehr-studierende-neue-angebote-klare-perspektiven\\\/\"},\"wordCount\":389,\"publisher\":{\"@id\":\"https:\\\/\\\/www.organisator.ch\\\/#organization\"},\"image\":{\"@id\":\"https:\\\/\\\/www.organisator.ch\\\/weiterbildung\\\/2026-05-01\\\/fernuni-schweiz-auf-wachstumskurs-mehr-studierende-neue-angebote-klare-perspektiven\\\/#primaryimage\"},\"thumbnailUrl\":\"https:\\\/\\\/www.organisator.ch\\\/wp-content\\\/uploads\\\/2026\\\/04\\\/Rektorat20FernUni20Schstianpfammatter-1-scaled.jpg\",\"keywords\":[\"Aus-\\\/Weiterbildung\",\"Hochschulen\"],\"articleSection\":[\"WEITERBILDUNG\"],\"inLanguage\":\"fr-FR\"},{\"@type\":\"WebPage\",\"@id\":\"https:\\\/\\\/www.organisator.ch\\\/weiterbildung\\\/2026-05-01\\\/fernuni-schweiz-auf-wachstumskurs-mehr-studierende-neue-angebote-klare-perspektiven\\\/\",\"url\":\"https:\\\/\\\/www.organisator.ch\\\/weiterbildung\\\/2026-05-01\\\/fernuni-schweiz-auf-wachstumskurs-mehr-studierende-neue-angebote-klare-perspektiven\\\/\",\"name\":\"FernUni Schweiz auf Wachstumskurs: mehr Studierende, neue Angebote, klare Perspektiven - Organisator\",\"isPartOf\":{\"@id\":\"https:\\\/\\\/www.organisator.ch\\\/#website\"},\"primaryImageOfPage\":{\"@id\":\"https:\\\/\\\/www.organisator.ch\\\/weiterbildung\\\/2026-05-01\\\/fernuni-schweiz-auf-wachstumskurs-mehr-studierende-neue-angebote-klare-perspektiven\\\/#primaryimage\"},\"image\":{\"@id\":\"https:\\\/\\\/www.organisator.ch\\\/weiterbildung\\\/2026-05-01\\\/fernuni-schweiz-auf-wachstumskurs-mehr-studierende-neue-angebote-klare-perspektiven\\\/#primaryimage\"},\"thumbnailUrl\":\"https:\\\/\\\/www.organisator.ch\\\/wp-content\\\/uploads\\\/2026\\\/04\\\/Rektorat20FernUni20Schstianpfammatter-1-scaled.jpg\",\"datePublished\":\"2026-05-01T06:54:39+00:00\",\"description\":\"Die FernUni Schweiz w\u00e4chst: \u00fcber 2'600 Studierende, neuer KI-Masterstudiengang und Akkreditierung zur Universit\u00e4t Wallis im Fokus.\",\"breadcrumb\":{\"@id\":\"https:\\\/\\\/www.organisator.ch\\\/weiterbildung\\\/2026-05-01\\\/fernuni-schweiz-auf-wachstumskurs-mehr-studierende-neue-angebote-klare-perspektiven\\\/#breadcrumb\"},\"inLanguage\":\"fr-FR\",\"potentialAction\":[{\"@type\":\"ReadAction\",\"target\":[\"https:\\\/\\\/www.organisator.ch\\\/weiterbildung\\\/2026-05-01\\\/fernuni-schweiz-auf-wachstumskurs-mehr-studierende-neue-angebote-klare-perspektiven\\\/\"]}]},{\"@type\":\"ImageObject\",\"inLanguage\":\"fr-FR\",\"@id\":\"https:\\\/\\\/www.organisator.ch\\\/weiterbildung\\\/2026-05-01\\\/fernuni-schweiz-auf-wachstumskurs-mehr-studierende-neue-angebote-klare-perspektiven\\\/#primaryimage\",\"url\":\"https:\\\/\\\/www.organisator.ch\\\/wp-content\\\/uploads\\\/2026\\\/04\\\/Rektorat20FernUni20Schstianpfammatter-1-scaled.jpg\",\"contentUrl\":\"https:\\\/\\\/www.organisator.ch\\\/wp-content\\\/uploads\\\/2026\\\/04\\\/Rektorat20FernUni20Schstianpfammatter-1-scaled.jpg\",\"width\":1400,\"height\":788,\"caption\":\"Rektorat der FernUni Schweiz best\u00e4tigt starken Wachstumskurs. Quelle: zvg\"},{\"@type\":\"BreadcrumbList\",\"@id\":\"https:\\\/\\\/www.organisator.ch\\\/weiterbildung\\\/2026-05-01\\\/fernuni-schweiz-auf-wachstumskurs-mehr-studierende-neue-angebote-klare-perspektiven\\\/#breadcrumb\",\"itemListElement\":[{\"@type\":\"ListItem\",\"position\":1,\"name\":\"Home\",\"item\":\"https:\\\/\\\/www.organisator.ch\\\/\"},{\"@type\":\"ListItem\",\"position\":2,\"name\":\"FernUni Schweiz auf Wachstumskurs: mehr Studierende, neue Angebote, klare Perspektiven\"}]},{\"@type\":\"WebSite\",\"@id\":\"https:\\\/\\\/www.organisator.ch\\\/#website\",\"url\":\"https:\\\/\\\/www.organisator.ch\\\/\",\"name\":\"Organisator\",\"description\":\"Kompetent. Praxisnah. Der ORGANISATOR bereitet in 10 Ausgaben pro Jahr die wesentlichen Themen f\u00fcr F\u00fchrungskr\u00e4fte von KMU auf.\",\"publisher\":{\"@id\":\"https:\\\/\\\/www.organisator.ch\\\/#organization\"},\"potentialAction\":[{\"@type\":\"SearchAction\",\"target\":{\"@type\":\"EntryPoint\",\"urlTemplate\":\"https:\\\/\\\/www.organisator.ch\\\/?s={search_term_string}\"},\"query-input\":{\"@type\":\"PropertyValueSpecification\",\"valueRequired\":true,\"valueName\":\"search_term_string\"}}],\"inLanguage\":\"fr-FR\"},{\"@type\":\"Organization\",\"@id\":\"https:\\\/\\\/www.organisator.ch\\\/#organization\",\"name\":\"Organisator\",\"url\":\"https:\\\/\\\/www.organisator.ch\\\/\",\"logo\":{\"@type\":\"ImageObject\",\"inLanguage\":\"fr-FR\",\"@id\":\"https:\\\/\\\/www.organisator.ch\\\/#\\\/schema\\\/logo\\\/image\\\/\",\"url\":\"https:\\\/\\\/www.organisator.ch\\\/wp-content\\\/uploads\\\/2022\\\/01\\\/Logo_Organisator_Website.png\",\"contentUrl\":\"https:\\\/\\\/www.organisator.ch\\\/wp-content\\\/uploads\\\/2022\\\/01\\\/Logo_Organisator_Website.png\",\"width\":800,\"height\":77,\"caption\":\"Organisator\"},\"image\":{\"@id\":\"https:\\\/\\\/www.organisator.ch\\\/#\\\/schema\\\/logo\\\/image\\\/\"},\"sameAs\":[\"https:\\\/\\\/www.facebook.com\\\/OrganisatorFachmagazin\",\"https:\\\/\\\/www.linkedin.com\\\/showcase\\\/organisator-das-magazin-fr-kmu\",\"https:\\\/\\\/www.xing.com\\\/news\\\/pages\\\/organisator-ch-695\",\"https:\\\/\\\/www.youtube.com\\\/channel\\\/UCGP2Sq0iWaZwT3BdIAQFYpw\"]},{\"@type\":\"Person\",\"@id\":\"https:\\\/\\\/www.organisator.ch\\\/#\\\/schema\\\/person\\\/a9d0e0eff238db87a8f840f3b50359f0\",\"name\":\"n8n\",\"image\":{\"@type\":\"ImageObject\",\"inLanguage\":\"fr-FR\",\"@id\":\"https:\\\/\\\/secure.gravatar.com\\\/avatar\\\/5368fb9d03fd415a6f335cece4c15af2502d6ca8651efbd6e8f98427a9795400?s=96&d=mm&r=g\",\"url\":\"https:\\\/\\\/secure.gravatar.com\\\/avatar\\\/5368fb9d03fd415a6f335cece4c15af2502d6ca8651efbd6e8f98427a9795400?s=96&d=mm&r=g\",\"contentUrl\":\"https:\\\/\\\/secure.gravatar.com\\\/avatar\\\/5368fb9d03fd415a6f335cece4c15af2502d6ca8651efbd6e8f98427a9795400?s=96&d=mm&r=g\",\"caption\":\"n8n\"},\"url\":\"https:\\\/\\\/www.organisator.ch\\\/fr\\\/author\\\/n8n\\\/\"}]}<\/script>\n<!-- \/ Yoast SEO plugin. -->","yoast_head_json":{"title":"La FernUni Schweiz sur la voie de la croissance : plus d'\u00e9tudiants, de nouvelles offres, des perspectives claires - Organisateur","description":"La FernUni Schweiz grandit : plus de 2600 \u00e9tudiants, nouveau master en IA et accr\u00e9ditation \u00e0 l'Universit\u00e9 du Valais en ligne de mire.","robots":{"index":"index","follow":"follow","max-snippet":"max-snippet:-1","max-image-preview":"max-image-preview:large","max-video-preview":"max-video-preview:-1"},"canonical":"https:\/\/www.organisator.ch\/fr\/formation-continue-2\/2026-05-01\/fernuni-schweiz-auf-wachstumskurs-mehr-studierende-neue-angebote-klare-perspektiven\/","og_locale":"fr_FR","og_type":"article","og_title":"FernUni Schweiz auf Wachstumskurs: mehr Studierende, neue Angebote, klare Perspektiven","og_description":"Die FernUni Schweiz w\u00e4chst: \u00fcber 2'600 Studierende, neuer KI-Masterstudiengang und Akkreditierung zur Universit\u00e4t Wallis im Fokus.","og_url":"https:\/\/www.organisator.ch\/fr\/formation-continue-2\/2026-05-01\/fernuni-schweiz-auf-wachstumskurs-mehr-studierende-neue-angebote-klare-perspektiven\/","og_site_name":"Organisator","article_publisher":"https:\/\/www.facebook.com\/OrganisatorFachmagazin","article_published_time":"2026-05-01T06:54:39+00:00","og_image":[{"width":1400,"height":788,"url":"https:\/\/www.organisator.ch\/wp-content\/uploads\/2026\/04\/Rektorat20FernUni20Schstianpfammatter-1-scaled.jpg","type":"image\/jpeg"}],"author":"n8n","twitter_card":"summary_large_image","twitter_title":"#FernUni Schweiz auf #Wachstumskurs: mehr Studierende, neue Angebote, klare Perspektiven","twitter_description":"Die #FernUni Schweiz w\u00e4chst: \u00fcber 2'600 Studierende, neuer #KI-Masterstudiengang und Akkreditierung zur Universit\u00e4t #Wallis im Fokus.","twitter_image":"https:\/\/www.organisator.ch\/wp-content\/uploads\/2026\/04\/Rektorat20FernUni20Schstianpfammatter-1-scaled.jpg","schema":{"@context":"https:\/\/schema.org","@graph":[{"@type":"Article","@id":"https:\/\/www.organisator.ch\/weiterbildung\/2026-05-01\/fernuni-schweiz-auf-wachstumskurs-mehr-studierende-neue-angebote-klare-perspektiven\/#article","isPartOf":{"@id":"https:\/\/www.organisator.ch\/weiterbildung\/2026-05-01\/fernuni-schweiz-auf-wachstumskurs-mehr-studierende-neue-angebote-klare-perspektiven\/"},"author":{"name":"n8n","@id":"https:\/\/www.organisator.ch\/#\/schema\/person\/a9d0e0eff238db87a8f840f3b50359f0"},"headline":"FernUni Schweiz auf Wachstumskurs: mehr Studierende, neue Angebote, klare Perspektiven","datePublished":"2026-05-01T06:54:39+00:00","mainEntityOfPage":{"@id":"https:\/\/www.organisator.ch\/weiterbildung\/2026-05-01\/fernuni-schweiz-auf-wachstumskurs-mehr-studierende-neue-angebote-klare-perspektiven\/"},"wordCount":389,"publisher":{"@id":"https:\/\/www.organisator.ch\/#organization"},"image":{"@id":"https:\/\/www.organisator.ch\/weiterbildung\/2026-05-01\/fernuni-schweiz-auf-wachstumskurs-mehr-studierende-neue-angebote-klare-perspektiven\/#primaryimage"},"thumbnailUrl":"https:\/\/www.organisator.ch\/wp-content\/uploads\/2026\/04\/Rektorat20FernUni20Schstianpfammatter-1-scaled.jpg","keywords":["Aus-\/Weiterbildung","Hochschulen"],"articleSection":["WEITERBILDUNG"],"inLanguage":"fr-FR"},{"@type":"WebPage","@id":"https:\/\/www.organisator.ch\/weiterbildung\/2026-05-01\/fernuni-schweiz-auf-wachstumskurs-mehr-studierende-neue-angebote-klare-perspektiven\/","url":"https:\/\/www.organisator.ch\/weiterbildung\/2026-05-01\/fernuni-schweiz-auf-wachstumskurs-mehr-studierende-neue-angebote-klare-perspektiven\/","name":"La FernUni Schweiz sur la voie de la croissance : plus d'\u00e9tudiants, de nouvelles offres, des perspectives claires - Organisateur","isPartOf":{"@id":"https:\/\/www.organisator.ch\/#website"},"primaryImageOfPage":{"@id":"https:\/\/www.organisator.ch\/weiterbildung\/2026-05-01\/fernuni-schweiz-auf-wachstumskurs-mehr-studierende-neue-angebote-klare-perspektiven\/#primaryimage"},"image":{"@id":"https:\/\/www.organisator.ch\/weiterbildung\/2026-05-01\/fernuni-schweiz-auf-wachstumskurs-mehr-studierende-neue-angebote-klare-perspektiven\/#primaryimage"},"thumbnailUrl":"https:\/\/www.organisator.ch\/wp-content\/uploads\/2026\/04\/Rektorat20FernUni20Schstianpfammatter-1-scaled.jpg","datePublished":"2026-05-01T06:54:39+00:00","description":"La FernUni Schweiz grandit : plus de 2600 \u00e9tudiants, nouveau master en IA et accr\u00e9ditation \u00e0 l'Universit\u00e9 du Valais en ligne de mire.","breadcrumb":{"@id":"https:\/\/www.organisator.ch\/weiterbildung\/2026-05-01\/fernuni-schweiz-auf-wachstumskurs-mehr-studierende-neue-angebote-klare-perspektiven\/#breadcrumb"},"inLanguage":"fr-FR","potentialAction":[{"@type":"ReadAction","target":["https:\/\/www.organisator.ch\/weiterbildung\/2026-05-01\/fernuni-schweiz-auf-wachstumskurs-mehr-studierende-neue-angebote-klare-perspektiven\/"]}]},{"@type":"ImageObject","inLanguage":"fr-FR","@id":"https:\/\/www.organisator.ch\/weiterbildung\/2026-05-01\/fernuni-schweiz-auf-wachstumskurs-mehr-studierende-neue-angebote-klare-perspektiven\/#primaryimage","url":"https:\/\/www.organisator.ch\/wp-content\/uploads\/2026\/04\/Rektorat20FernUni20Schstianpfammatter-1-scaled.jpg","contentUrl":"https:\/\/www.organisator.ch\/wp-content\/uploads\/2026\/04\/Rektorat20FernUni20Schstianpfammatter-1-scaled.jpg","width":1400,"height":788,"caption":"Rektorat der FernUni Schweiz best\u00e4tigt starken Wachstumskurs. Quelle: zvg"},{"@type":"BreadcrumbList","@id":"https:\/\/www.organisator.ch\/weiterbildung\/2026-05-01\/fernuni-schweiz-auf-wachstumskurs-mehr-studierende-neue-angebote-klare-perspektiven\/#breadcrumb","itemListElement":[{"@type":"ListItem","position":1,"name":"Home","item":"https:\/\/www.organisator.ch\/"},{"@type":"ListItem","position":2,"name":"FernUni Schweiz auf Wachstumskurs: mehr Studierende, neue Angebote, klare Perspektiven"}]},{"@type":"WebSite","@id":"https:\/\/www.organisator.ch\/#website","url":"https:\/\/www.organisator.ch\/","name":"Organisateur","description":"Comp\u00e9tence et comp\u00e9tence. Proches de la pratique. L'ORGANISATEUR pr\u00e9pare 10 num\u00e9ros par an sur les th\u00e8mes essentiels pour les dirigeants de PME.","publisher":{"@id":"https:\/\/www.organisator.ch\/#organization"},"potentialAction":[{"@type":"SearchAction","target":{"@type":"EntryPoint","urlTemplate":"https:\/\/www.organisator.ch\/?s={search_term_string}"},"query-input":{"@type":"PropertyValueSpecification","valueRequired":true,"valueName":"search_term_string"}}],"inLanguage":"fr-FR"},{"@type":"Organization","@id":"https:\/\/www.organisator.ch\/#organization","name":"Organisateur","url":"https:\/\/www.organisator.ch\/","logo":{"@type":"ImageObject","inLanguage":"fr-FR","@id":"https:\/\/www.organisator.ch\/#\/schema\/logo\/image\/","url":"https:\/\/www.organisator.ch\/wp-content\/uploads\/2022\/01\/Logo_Organisator_Website.png","contentUrl":"https:\/\/www.organisator.ch\/wp-content\/uploads\/2022\/01\/Logo_Organisator_Website.png","width":800,"height":77,"caption":"Organisator"},"image":{"@id":"https:\/\/www.organisator.ch\/#\/schema\/logo\/image\/"},"sameAs":["https:\/\/www.facebook.com\/OrganisatorFachmagazin","https:\/\/www.linkedin.com\/showcase\/organisator-das-magazin-fr-kmu","https:\/\/www.xing.com\/news\/pages\/organisator-ch-695","https:\/\/www.youtube.com\/channel\/UCGP2Sq0iWaZwT3BdIAQFYpw"]},{"@type":"Person","@id":"https:\/\/www.organisator.ch\/#\/schema\/person\/a9d0e0eff238db87a8f840f3b50359f0","name":"n8n","image":{"@type":"ImageObject","inLanguage":"fr-FR","@id":"https:\/\/secure.gravatar.com\/avatar\/5368fb9d03fd415a6f335cece4c15af2502d6ca8651efbd6e8f98427a9795400?s=96&d=mm&r=g","url":"https:\/\/secure.gravatar.com\/avatar\/5368fb9d03fd415a6f335cece4c15af2502d6ca8651efbd6e8f98427a9795400?s=96&d=mm&r=g","contentUrl":"https:\/\/secure.gravatar.com\/avatar\/5368fb9d03fd415a6f335cece4c15af2502d6ca8651efbd6e8f98427a9795400?s=96&d=mm&r=g","caption":"n8n"},"url":"https:\/\/www.organisator.ch\/fr\/author\/n8n\/"}]}},"_links":{"self":[{"href":"https:\/\/www.organisator.ch\/fr\/wp-json\/wp\/v2\/posts\/48295","targetHints":{"allow":["GET"]}}],"collection":[{"href":"https:\/\/www.organisator.ch\/fr\/wp-json\/wp\/v2\/posts"}],"about":[{"href":"https:\/\/www.organisator.ch\/fr\/wp-json\/wp\/v2\/types\/post"}],"author":[{"embeddable":true,"href":"https:\/\/www.organisator.ch\/fr\/wp-json\/wp\/v2\/users\/107"}],"replies":[{"embeddable":true,"href":"https:\/\/www.organisator.ch\/fr\/wp-json\/wp\/v2\/comments?post=48295"}],"version-history":[{"count":3,"href":"https:\/\/www.organisator.ch\/fr\/wp-json\/wp\/v2\/posts\/48295\/revisions"}],"predecessor-version":[{"id":48310,"href":"https:\/\/www.organisator.ch\/fr\/wp-json\/wp\/v2\/posts\/48295\/revisions\/48310"}],"wp:featuredmedia":[{"embeddable":true,"href":"https:\/\/www.organisator.ch\/fr\/wp-json\/wp\/v2\/media\/48294"}],"wp:attachment":[{"href":"https:\/\/www.organisator.ch\/fr\/wp-json\/wp\/v2\/media?parent=48295"}],"wp:term":[{"taxonomy":"category","embeddable":true,"href":"https:\/\/www.organisator.ch\/fr\/wp-json\/wp\/v2\/categories?post=48295"},{"taxonomy":"post_tag","embeddable":true,"href":"https:\/\/www.organisator.ch\/fr\/wp-json\/wp\/v2\/tags?post=48295"}],"curies":[{"name":"wp","href":"https:\/\/api.w.org\/{rel}","templated":true}]}}