{"id":4846,"date":"2019-02-05T16:19:35","date_gmt":"2019-02-05T15:19:35","guid":{"rendered":"https:\/\/www.organisator.ch\/?p=4846"},"modified":"2019-02-05T16:19:35","modified_gmt":"2019-02-05T15:19:35","slug":"buchtipp-die-orbit-organisation","status":"publish","type":"post","link":"https:\/\/www.organisator.ch\/fr\/management\/2019-02-05\/buchtipp-die-orbit-organisation\/","title":{"rendered":"L'organisation Orbit"},"content":{"rendered":"<p>Pour d\u00e9velopper de nouvelles id\u00e9es commerciales r\u00e9volutionnaires, il faut une structure organisationnelle adapt\u00e9e. En plus d'une volont\u00e9 de changement permanente, la rapidit\u00e9 est un imp\u00e9ratif pour \u00eatre pr\u00eat \u00e0 affronter notre avenir \u00e0 grande vitesse. Pourtant, d'innombrables entreprises, visualis\u00e9es par un organigramme habituel, restent attach\u00e9es \u00e0 un mod\u00e8le d'organisation qui est statique et qui date du fond du si\u00e8cle dernier. C'est l\u00e0 qu'intervient le mod\u00e8le Orbit. Il pr\u00e9conise le passage d'une organisation pyramidale d\u00e9pass\u00e9e \u00e0 une organisation circulaire d'entreprise tourn\u00e9e vers l'avenir. D\u00e9velopp\u00e9 par Anne M. Sch\u00fcller et Alex T. Steffen, tous deux experts en affaires et en transformation, il montre la voie vers une culture de l'innovation vivante, capable de s'adapter de mani\u00e8re adaptative, anticipative et agile aux exigences des temps nouveaux. Neuf champs d'action sont abord\u00e9s. Dans \"L'organisation Orbit\", les deux auteurs d\u00e9crivent de mani\u00e8re pratique, avec des id\u00e9es neuves et de nombreux exemples, les effets positifs que leur mod\u00e8le a sur tous les domaines de l'entreprise. Ils ont ainsi r\u00e9ussi \u00e0 \u00e9laborer un mode d'emploi complet qui permet de mettre en place rapidement les processus de changement n\u00e9cessaires. Le r\u00e9sultat ? Une organisation parfaitement pr\u00e9par\u00e9e pour l'avenir num\u00e9rique : \u00e0 la fois hautement rentable et profond\u00e9ment humaine.<\/p>\n<p>Outre le Corporate Purpose, le sens de l'existence d'une entreprise, la centration sur le client joue un r\u00f4le pr\u00e9pond\u00e9rant dans l'organisation Orbit. Elle devient le num\u00e9ro un des futures missions de l'entreprise. Car celui qui veut d\u00e9coller n'a pas seulement besoin de nouveaux concepts de gestion. Il doit aussi se mettre radicalement du c\u00f4t\u00e9 du client. C'est ainsi que les auteurs pr\u00e9sentent le premier mod\u00e8le d'organisation qui place r\u00e9ellement et visuellement le client au centre des pr\u00e9occupations. Il s'agit en outre du premier mod\u00e8le qui int\u00e8gre de mani\u00e8re cibl\u00e9e les fonctions de passerelle de plus en plus n\u00e9cessaires. Car transformation signifie toujours transition, c'est-\u00e0-dire passage. Pour cela, il faut des personnes qui ouvrent des voies vers un nouveau territoire et qui cr\u00e9ent des liens entre l'int\u00e9rieur et l'ext\u00e9rieur ainsi qu'entre l'intelligence humaine et l'intelligence artificielle. En outre, de nouveaux types de partenariats doivent \u00eatre mis en place entre les anciennes et les nouvelles entreprises. C'est ainsi que les organisations orbitales g\u00e9n\u00e8rent une force d'attraction irr\u00e9sistible. \"Elles sont un port d'attache pour les collaborateurs talentueux - et un lieu de nostalgie pour les clients\", affirment les deux auteurs.<\/p>\n<h2>Les auteurs<\/h2>\n<ul>\n<li><em><strong>Anne M. Sch\u00fcller<\/strong> est un penseur du management, un keynote speaker, un auteur de best-sellers plusieurs fois prim\u00e9 et un coach d'affaires. Elle compte parmi les orateurs les plus demand\u00e9s dans les pays germanophones. Elle a \u00e9t\u00e9 \u00e9lue \"Top Voice 2017\/2018\" par le r\u00e9seau professionnel LinkedIn et \"XING-Spitzenwriter 2018\" par XING. Plus d'informations : <a href=\"http:\/\/www.anneschueller.de\">www.anneschueller.de<\/a> <\/em><\/li>\n<li><em><strong>Alex T. Steffen<\/strong> est conf\u00e9rencier, formateur en leadership et entrepreneur. Dans le cadre de sa collaboration avec des entreprises et des minist\u00e8res internationaux, il aide \u00e0 mieux concilier le num\u00e9rique et l'humain afin de promouvoir la comp\u00e9tence num\u00e9rique et l'esprit d'entreprise. Plus d'informations : <a href=\"http:\/\/www.alextsteffen.com\">www.alextsteffen.com <\/a><\/em><\/li>\n<\/ul>\n<h2>Le livre<\/h2>\n<figure id=\"attachment_4848\" aria-describedby=\"caption-attachment-4848\" style=\"width: 340px\" class=\"wp-caption alignnone\"><img loading=\"lazy\" decoding=\"async\" class=\"size-full wp-image-4848\" src=\"https:\/\/www.organisator.ch\/wp-content\/uploads\/2019\/02\/Buchtipp-Die-Orbit-Organisation_Organisator.jpg\" alt=\"\" width=\"340\" height=\"511\" srcset=\"https:\/\/www.organisator.ch\/wp-content\/uploads\/2019\/02\/Buchtipp-Die-Orbit-Organisation_Organisator.jpg 340w, https:\/\/www.organisator.ch\/wp-content\/uploads\/2019\/02\/Buchtipp-Die-Orbit-Organisation_Organisator-8x12.jpg 8w, https:\/\/www.organisator.ch\/wp-content\/uploads\/2019\/02\/Buchtipp-Die-Orbit-Organisation_Organisator-116x175.jpg 116w, https:\/\/www.organisator.ch\/wp-content\/uploads\/2019\/02\/Buchtipp-Die-Orbit-Organisation_Organisator-233x350.jpg 233w, https:\/\/www.organisator.ch\/wp-content\/uploads\/2019\/02\/Buchtipp-Die-Orbit-Organisation_Organisator-300x451.jpg 300w\" sizes=\"auto, (max-width: 340px) 100vw, 340px\" \/><figcaption id=\"caption-attachment-4848\" class=\"wp-caption-text\">(Image : Gabal Verlag)<\/figcaption><\/figure>\n<p><em>Anne M. Sch\u00fcller \/ Alex T. Steffen : L'organisation en orbite. En 9 \u00e9tapes vers un mod\u00e8le d'entreprise pour l'avenir num\u00e9rique. 312 pages, reli\u00e9, ISBN 978-3-86936-899-3, GABAL Verlag, Offenbach 2019.<\/em><\/p>","protected":false},"excerpt":{"rendered":"<p>Um bahnbrechend neue Gesch\u00e4ftsideen zu entwickeln, braucht es eine passende organisationale Struktur. Neben permanenter Wandlungsbereitschaft ist Tempo ein Muss, um f\u00fcr unsere Hochgeschwindigkeitszukunft ger\u00fcstet zu sein. Doch zahllose Unternehmen bleiben, visualisiert durch ein \u00fcbliches Organigramm, einem Organisationsmodell verhaftet, das statisch ist und aus dem tiefsten letzten Jahrhundert stammt. Hier setzt das Orbit-Modell an. Es propagiert [&hellip;]<\/p>\n","protected":false},"author":4,"featured_media":4848,"comment_status":"open","ping_status":"open","sticky":false,"template":"","format":"standard","meta":{"_acf_changed":false,"_yoast_wpseo_focuskw":"Orbit-Organisation","_yoast_wpseo_metadesc":"Von Anne M. Sch\u00fcller und Alex T. Steffen ist im Gabal-Verlag ein neues Buch erschienen mit dem Titel \"Die Orbit-Organisation\".","articlekey":"","footnotes":""},"categories":[28],"tags":[92,95,156,335],"class_list":["post-4846","post","type-post","status-publish","format-standard","has-post-thumbnail","hentry","category-management","tag-buch","tag-buchtipps","tag-digitalisierung","tag-management-und-unternehmensfuehrung"],"acf":[],"yoast_head":"<!-- This site is optimized with the Yoast SEO plugin v27.5 - https:\/\/yoast.com\/product\/yoast-seo-wordpress\/ -->\n<title>Die Orbit-Organisation - Organisator<\/title>\n<meta name=\"description\" content=\"Von Anne M. Sch\u00fcller und Alex T. Steffen ist im Gabal-Verlag ein neues Buch erschienen mit dem Titel &quot;Die Orbit-Organisation&quot;.\" \/>\n<meta name=\"robots\" content=\"index, follow, max-snippet:-1, max-image-preview:large, max-video-preview:-1\" \/>\n<link rel=\"canonical\" href=\"https:\/\/www.organisator.ch\/fr\/gestion-2\/2019-02-05\/buchtipp-die-orbit-organisation\/\" \/>\n<meta property=\"og:locale\" content=\"fr_FR\" \/>\n<meta property=\"og:type\" content=\"article\" \/>\n<meta property=\"og:title\" content=\"Buchtipp: Die Orbit-Organisation\" \/>\n<meta property=\"og:description\" content=\"Von Anne M. Sch\u00fcller und Alex T. Steffen ist im Gabal-Verlag ein neues Buch erschienen mit dem Titel &quot;Die Orbit-Organisation&quot;.\" \/>\n<meta property=\"og:url\" content=\"https:\/\/www.organisator.ch\/fr\/gestion-2\/2019-02-05\/buchtipp-die-orbit-organisation\/\" \/>\n<meta property=\"og:site_name\" content=\"Organisator\" \/>\n<meta property=\"article:publisher\" content=\"https:\/\/www.facebook.com\/OrganisatorFachmagazin\" \/>\n<meta property=\"article:published_time\" content=\"2019-02-05T15:19:35+00:00\" \/>\n<meta property=\"og:image\" content=\"https:\/\/www.organisator.ch\/wp-content\/uploads\/2019\/02\/Buchtipp-Die-Orbit-Organisation_Organisator.jpg\" \/>\n\t<meta property=\"og:image:width\" content=\"340\" \/>\n\t<meta property=\"og:image:height\" content=\"511\" \/>\n\t<meta property=\"og:image:type\" content=\"image\/jpeg\" \/>\n<meta name=\"author\" content=\"thomas.berner\" \/>\n<meta name=\"twitter:card\" content=\"summary_large_image\" \/>\n<meta name=\"twitter:title\" content=\"#Buchtipp: Die #Orbit-Organisation\" \/>\n<meta name=\"twitter:description\" content=\"Von Anne M. Sch\u00fcller und Alex T. Steffen ist im Gabal-Verlag ein neues Buch erschienen mit dem Titel &quot;Die #Orbit-Organisation&quot;.\" \/>\n<meta name=\"twitter:image\" content=\"https:\/\/www.organisator.ch\/wp-content\/uploads\/2019\/02\/Buchtipp-Die-Orbit-Organisation_Organisator.jpg\" \/>\n<script type=\"application\/ld+json\" class=\"yoast-schema-graph\">{\"@context\":\"https:\\\/\\\/schema.org\",\"@graph\":[{\"@type\":\"Article\",\"@id\":\"https:\\\/\\\/www.organisator.ch\\\/management\\\/2019-02-05\\\/buchtipp-die-orbit-organisation\\\/#article\",\"isPartOf\":{\"@id\":\"https:\\\/\\\/www.organisator.ch\\\/management\\\/2019-02-05\\\/buchtipp-die-orbit-organisation\\\/\"},\"author\":{\"name\":\"thomas.berner\",\"@id\":\"https:\\\/\\\/www.organisator.ch\\\/#\\\/schema\\\/person\\\/6f650f90b2842cd4c0cc334b4e36f67e\"},\"headline\":\"Die Orbit-Organisation\",\"datePublished\":\"2019-02-05T15:19:35+00:00\",\"mainEntityOfPage\":{\"@id\":\"https:\\\/\\\/www.organisator.ch\\\/management\\\/2019-02-05\\\/buchtipp-die-orbit-organisation\\\/\"},\"wordCount\":459,\"commentCount\":0,\"publisher\":{\"@id\":\"https:\\\/\\\/www.organisator.ch\\\/#organization\"},\"image\":{\"@id\":\"https:\\\/\\\/www.organisator.ch\\\/management\\\/2019-02-05\\\/buchtipp-die-orbit-organisation\\\/#primaryimage\"},\"thumbnailUrl\":\"https:\\\/\\\/www.organisator.ch\\\/wp-content\\\/uploads\\\/2019\\\/02\\\/Buchtipp-Die-Orbit-Organisation_Organisator.jpg\",\"keywords\":[\"Buch\",\"Buchtipps\",\"Digitalisierung\",\"Management und Unternehmensf\u00fchrung\"],\"articleSection\":[\"MANAGEMENT\"],\"inLanguage\":\"fr-FR\"},{\"@type\":\"WebPage\",\"@id\":\"https:\\\/\\\/www.organisator.ch\\\/management\\\/2019-02-05\\\/buchtipp-die-orbit-organisation\\\/\",\"url\":\"https:\\\/\\\/www.organisator.ch\\\/management\\\/2019-02-05\\\/buchtipp-die-orbit-organisation\\\/\",\"name\":\"Die Orbit-Organisation - Organisator\",\"isPartOf\":{\"@id\":\"https:\\\/\\\/www.organisator.ch\\\/#website\"},\"primaryImageOfPage\":{\"@id\":\"https:\\\/\\\/www.organisator.ch\\\/management\\\/2019-02-05\\\/buchtipp-die-orbit-organisation\\\/#primaryimage\"},\"image\":{\"@id\":\"https:\\\/\\\/www.organisator.ch\\\/management\\\/2019-02-05\\\/buchtipp-die-orbit-organisation\\\/#primaryimage\"},\"thumbnailUrl\":\"https:\\\/\\\/www.organisator.ch\\\/wp-content\\\/uploads\\\/2019\\\/02\\\/Buchtipp-Die-Orbit-Organisation_Organisator.jpg\",\"datePublished\":\"2019-02-05T15:19:35+00:00\",\"description\":\"Von Anne M. Sch\u00fcller und Alex T. Steffen ist im Gabal-Verlag ein neues Buch erschienen mit dem Titel \\\"Die Orbit-Organisation\\\".\",\"breadcrumb\":{\"@id\":\"https:\\\/\\\/www.organisator.ch\\\/management\\\/2019-02-05\\\/buchtipp-die-orbit-organisation\\\/#breadcrumb\"},\"inLanguage\":\"fr-FR\",\"potentialAction\":[{\"@type\":\"ReadAction\",\"target\":[\"https:\\\/\\\/www.organisator.ch\\\/management\\\/2019-02-05\\\/buchtipp-die-orbit-organisation\\\/\"]}]},{\"@type\":\"ImageObject\",\"inLanguage\":\"fr-FR\",\"@id\":\"https:\\\/\\\/www.organisator.ch\\\/management\\\/2019-02-05\\\/buchtipp-die-orbit-organisation\\\/#primaryimage\",\"url\":\"https:\\\/\\\/www.organisator.ch\\\/wp-content\\\/uploads\\\/2019\\\/02\\\/Buchtipp-Die-Orbit-Organisation_Organisator.jpg\",\"contentUrl\":\"https:\\\/\\\/www.organisator.ch\\\/wp-content\\\/uploads\\\/2019\\\/02\\\/Buchtipp-Die-Orbit-Organisation_Organisator.jpg\",\"width\":340,\"height\":511,\"caption\":\"(Bild: Gabal Verlag)\"},{\"@type\":\"BreadcrumbList\",\"@id\":\"https:\\\/\\\/www.organisator.ch\\\/management\\\/2019-02-05\\\/buchtipp-die-orbit-organisation\\\/#breadcrumb\",\"itemListElement\":[{\"@type\":\"ListItem\",\"position\":1,\"name\":\"Home\",\"item\":\"https:\\\/\\\/www.organisator.ch\\\/\"},{\"@type\":\"ListItem\",\"position\":2,\"name\":\"Die Orbit-Organisation\"}]},{\"@type\":\"WebSite\",\"@id\":\"https:\\\/\\\/www.organisator.ch\\\/#website\",\"url\":\"https:\\\/\\\/www.organisator.ch\\\/\",\"name\":\"Organisator\",\"description\":\"Kompetent. Praxisnah. Der ORGANISATOR bereitet in 10 Ausgaben pro Jahr die wesentlichen Themen f\u00fcr F\u00fchrungskr\u00e4fte von KMU auf.\",\"publisher\":{\"@id\":\"https:\\\/\\\/www.organisator.ch\\\/#organization\"},\"potentialAction\":[{\"@type\":\"SearchAction\",\"target\":{\"@type\":\"EntryPoint\",\"urlTemplate\":\"https:\\\/\\\/www.organisator.ch\\\/?s={search_term_string}\"},\"query-input\":{\"@type\":\"PropertyValueSpecification\",\"valueRequired\":true,\"valueName\":\"search_term_string\"}}],\"inLanguage\":\"fr-FR\"},{\"@type\":\"Organization\",\"@id\":\"https:\\\/\\\/www.organisator.ch\\\/#organization\",\"name\":\"Organisator\",\"url\":\"https:\\\/\\\/www.organisator.ch\\\/\",\"logo\":{\"@type\":\"ImageObject\",\"inLanguage\":\"fr-FR\",\"@id\":\"https:\\\/\\\/www.organisator.ch\\\/#\\\/schema\\\/logo\\\/image\\\/\",\"url\":\"https:\\\/\\\/www.organisator.ch\\\/wp-content\\\/uploads\\\/2022\\\/01\\\/Logo_Organisator_Website.png\",\"contentUrl\":\"https:\\\/\\\/www.organisator.ch\\\/wp-content\\\/uploads\\\/2022\\\/01\\\/Logo_Organisator_Website.png\",\"width\":800,\"height\":77,\"caption\":\"Organisator\"},\"image\":{\"@id\":\"https:\\\/\\\/www.organisator.ch\\\/#\\\/schema\\\/logo\\\/image\\\/\"},\"sameAs\":[\"https:\\\/\\\/www.facebook.com\\\/OrganisatorFachmagazin\",\"https:\\\/\\\/www.linkedin.com\\\/showcase\\\/organisator-das-magazin-fr-kmu\",\"https:\\\/\\\/www.xing.com\\\/news\\\/pages\\\/organisator-ch-695\",\"https:\\\/\\\/www.youtube.com\\\/channel\\\/UCGP2Sq0iWaZwT3BdIAQFYpw\"]},{\"@type\":\"Person\",\"@id\":\"https:\\\/\\\/www.organisator.ch\\\/#\\\/schema\\\/person\\\/6f650f90b2842cd4c0cc334b4e36f67e\",\"name\":\"thomas.berner\",\"image\":{\"@type\":\"ImageObject\",\"inLanguage\":\"fr-FR\",\"@id\":\"https:\\\/\\\/secure.gravatar.com\\\/avatar\\\/ac5001d2a36cb6c6cd3e50789007ffca834b477b74a2144564522e944eabff61?s=96&d=mm&r=g\",\"url\":\"https:\\\/\\\/secure.gravatar.com\\\/avatar\\\/ac5001d2a36cb6c6cd3e50789007ffca834b477b74a2144564522e944eabff61?s=96&d=mm&r=g\",\"contentUrl\":\"https:\\\/\\\/secure.gravatar.com\\\/avatar\\\/ac5001d2a36cb6c6cd3e50789007ffca834b477b74a2144564522e944eabff61?s=96&d=mm&r=g\",\"caption\":\"thomas.berner\"},\"url\":\"https:\\\/\\\/www.organisator.ch\\\/fr\\\/author\\\/thomas-berner\\\/\"}]}<\/script>\n<!-- \/ Yoast SEO plugin. -->","yoast_head_json":{"title":"L'organisation Orbit - Organisateur","description":"Anne M. Sch\u00fcller et Alex T. Steffen viennent de publier un nouveau livre intitul\u00e9 \"Die Orbit-Organisation\" aux \u00e9ditions Gabal.","robots":{"index":"index","follow":"follow","max-snippet":"max-snippet:-1","max-image-preview":"max-image-preview:large","max-video-preview":"max-video-preview:-1"},"canonical":"https:\/\/www.organisator.ch\/fr\/gestion-2\/2019-02-05\/buchtipp-die-orbit-organisation\/","og_locale":"fr_FR","og_type":"article","og_title":"Buchtipp: Die Orbit-Organisation","og_description":"Von Anne M. Sch\u00fcller und Alex T. Steffen ist im Gabal-Verlag ein neues Buch erschienen mit dem Titel \"Die Orbit-Organisation\".","og_url":"https:\/\/www.organisator.ch\/fr\/gestion-2\/2019-02-05\/buchtipp-die-orbit-organisation\/","og_site_name":"Organisator","article_publisher":"https:\/\/www.facebook.com\/OrganisatorFachmagazin","article_published_time":"2019-02-05T15:19:35+00:00","og_image":[{"width":340,"height":511,"url":"https:\/\/www.organisator.ch\/wp-content\/uploads\/2019\/02\/Buchtipp-Die-Orbit-Organisation_Organisator.jpg","type":"image\/jpeg"}],"author":"thomas.berner","twitter_card":"summary_large_image","twitter_title":"#Buchtipp: Die #Orbit-Organisation","twitter_description":"Von Anne M. Sch\u00fcller und Alex T. Steffen ist im Gabal-Verlag ein neues Buch erschienen mit dem Titel \"Die #Orbit-Organisation\".","twitter_image":"https:\/\/www.organisator.ch\/wp-content\/uploads\/2019\/02\/Buchtipp-Die-Orbit-Organisation_Organisator.jpg","schema":{"@context":"https:\/\/schema.org","@graph":[{"@type":"Article","@id":"https:\/\/www.organisator.ch\/management\/2019-02-05\/buchtipp-die-orbit-organisation\/#article","isPartOf":{"@id":"https:\/\/www.organisator.ch\/management\/2019-02-05\/buchtipp-die-orbit-organisation\/"},"author":{"name":"thomas.berner","@id":"https:\/\/www.organisator.ch\/#\/schema\/person\/6f650f90b2842cd4c0cc334b4e36f67e"},"headline":"Die Orbit-Organisation","datePublished":"2019-02-05T15:19:35+00:00","mainEntityOfPage":{"@id":"https:\/\/www.organisator.ch\/management\/2019-02-05\/buchtipp-die-orbit-organisation\/"},"wordCount":459,"commentCount":0,"publisher":{"@id":"https:\/\/www.organisator.ch\/#organization"},"image":{"@id":"https:\/\/www.organisator.ch\/management\/2019-02-05\/buchtipp-die-orbit-organisation\/#primaryimage"},"thumbnailUrl":"https:\/\/www.organisator.ch\/wp-content\/uploads\/2019\/02\/Buchtipp-Die-Orbit-Organisation_Organisator.jpg","keywords":["Buch","Buchtipps","Digitalisierung","Management und Unternehmensf\u00fchrung"],"articleSection":["MANAGEMENT"],"inLanguage":"fr-FR"},{"@type":"WebPage","@id":"https:\/\/www.organisator.ch\/management\/2019-02-05\/buchtipp-die-orbit-organisation\/","url":"https:\/\/www.organisator.ch\/management\/2019-02-05\/buchtipp-die-orbit-organisation\/","name":"L'organisation Orbit - Organisateur","isPartOf":{"@id":"https:\/\/www.organisator.ch\/#website"},"primaryImageOfPage":{"@id":"https:\/\/www.organisator.ch\/management\/2019-02-05\/buchtipp-die-orbit-organisation\/#primaryimage"},"image":{"@id":"https:\/\/www.organisator.ch\/management\/2019-02-05\/buchtipp-die-orbit-organisation\/#primaryimage"},"thumbnailUrl":"https:\/\/www.organisator.ch\/wp-content\/uploads\/2019\/02\/Buchtipp-Die-Orbit-Organisation_Organisator.jpg","datePublished":"2019-02-05T15:19:35+00:00","description":"Anne M. Sch\u00fcller et Alex T. Steffen viennent de publier un nouveau livre intitul\u00e9 \"Die Orbit-Organisation\" aux \u00e9ditions Gabal.","breadcrumb":{"@id":"https:\/\/www.organisator.ch\/management\/2019-02-05\/buchtipp-die-orbit-organisation\/#breadcrumb"},"inLanguage":"fr-FR","potentialAction":[{"@type":"ReadAction","target":["https:\/\/www.organisator.ch\/management\/2019-02-05\/buchtipp-die-orbit-organisation\/"]}]},{"@type":"ImageObject","inLanguage":"fr-FR","@id":"https:\/\/www.organisator.ch\/management\/2019-02-05\/buchtipp-die-orbit-organisation\/#primaryimage","url":"https:\/\/www.organisator.ch\/wp-content\/uploads\/2019\/02\/Buchtipp-Die-Orbit-Organisation_Organisator.jpg","contentUrl":"https:\/\/www.organisator.ch\/wp-content\/uploads\/2019\/02\/Buchtipp-Die-Orbit-Organisation_Organisator.jpg","width":340,"height":511,"caption":"(Bild: Gabal Verlag)"},{"@type":"BreadcrumbList","@id":"https:\/\/www.organisator.ch\/management\/2019-02-05\/buchtipp-die-orbit-organisation\/#breadcrumb","itemListElement":[{"@type":"ListItem","position":1,"name":"Home","item":"https:\/\/www.organisator.ch\/"},{"@type":"ListItem","position":2,"name":"Die Orbit-Organisation"}]},{"@type":"WebSite","@id":"https:\/\/www.organisator.ch\/#website","url":"https:\/\/www.organisator.ch\/","name":"Organisateur","description":"Comp\u00e9tence et comp\u00e9tence. Proches de la pratique. L'ORGANISATEUR pr\u00e9pare 10 num\u00e9ros par an sur les th\u00e8mes essentiels pour les dirigeants de PME.","publisher":{"@id":"https:\/\/www.organisator.ch\/#organization"},"potentialAction":[{"@type":"SearchAction","target":{"@type":"EntryPoint","urlTemplate":"https:\/\/www.organisator.ch\/?s={search_term_string}"},"query-input":{"@type":"PropertyValueSpecification","valueRequired":true,"valueName":"search_term_string"}}],"inLanguage":"fr-FR"},{"@type":"Organization","@id":"https:\/\/www.organisator.ch\/#organization","name":"Organisateur","url":"https:\/\/www.organisator.ch\/","logo":{"@type":"ImageObject","inLanguage":"fr-FR","@id":"https:\/\/www.organisator.ch\/#\/schema\/logo\/image\/","url":"https:\/\/www.organisator.ch\/wp-content\/uploads\/2022\/01\/Logo_Organisator_Website.png","contentUrl":"https:\/\/www.organisator.ch\/wp-content\/uploads\/2022\/01\/Logo_Organisator_Website.png","width":800,"height":77,"caption":"Organisator"},"image":{"@id":"https:\/\/www.organisator.ch\/#\/schema\/logo\/image\/"},"sameAs":["https:\/\/www.facebook.com\/OrganisatorFachmagazin","https:\/\/www.linkedin.com\/showcase\/organisator-das-magazin-fr-kmu","https:\/\/www.xing.com\/news\/pages\/organisator-ch-695","https:\/\/www.youtube.com\/channel\/UCGP2Sq0iWaZwT3BdIAQFYpw"]},{"@type":"Person","@id":"https:\/\/www.organisator.ch\/#\/schema\/person\/6f650f90b2842cd4c0cc334b4e36f67e","name":"thomas.berner","image":{"@type":"ImageObject","inLanguage":"fr-FR","@id":"https:\/\/secure.gravatar.com\/avatar\/ac5001d2a36cb6c6cd3e50789007ffca834b477b74a2144564522e944eabff61?s=96&d=mm&r=g","url":"https:\/\/secure.gravatar.com\/avatar\/ac5001d2a36cb6c6cd3e50789007ffca834b477b74a2144564522e944eabff61?s=96&d=mm&r=g","contentUrl":"https:\/\/secure.gravatar.com\/avatar\/ac5001d2a36cb6c6cd3e50789007ffca834b477b74a2144564522e944eabff61?s=96&d=mm&r=g","caption":"thomas.berner"},"url":"https:\/\/www.organisator.ch\/fr\/author\/thomas-berner\/"}]}},"_links":{"self":[{"href":"https:\/\/www.organisator.ch\/fr\/wp-json\/wp\/v2\/posts\/4846","targetHints":{"allow":["GET"]}}],"collection":[{"href":"https:\/\/www.organisator.ch\/fr\/wp-json\/wp\/v2\/posts"}],"about":[{"href":"https:\/\/www.organisator.ch\/fr\/wp-json\/wp\/v2\/types\/post"}],"author":[{"embeddable":true,"href":"https:\/\/www.organisator.ch\/fr\/wp-json\/wp\/v2\/users\/4"}],"replies":[{"embeddable":true,"href":"https:\/\/www.organisator.ch\/fr\/wp-json\/wp\/v2\/comments?post=4846"}],"version-history":[{"count":0,"href":"https:\/\/www.organisator.ch\/fr\/wp-json\/wp\/v2\/posts\/4846\/revisions"}],"wp:featuredmedia":[{"embeddable":true,"href":"https:\/\/www.organisator.ch\/fr\/wp-json\/wp\/v2\/media\/4848"}],"wp:attachment":[{"href":"https:\/\/www.organisator.ch\/fr\/wp-json\/wp\/v2\/media?parent=4846"}],"wp:term":[{"taxonomy":"category","embeddable":true,"href":"https:\/\/www.organisator.ch\/fr\/wp-json\/wp\/v2\/categories?post=4846"},{"taxonomy":"post_tag","embeddable":true,"href":"https:\/\/www.organisator.ch\/fr\/wp-json\/wp\/v2\/tags?post=4846"}],"curies":[{"name":"wp","href":"https:\/\/api.w.org\/{rel}","templated":true}]}}