{"id":4893,"date":"2019-02-19T07:58:41","date_gmt":"2019-02-19T06:58:41","guid":{"rendered":"https:\/\/www.organisator.ch\/?p=4893"},"modified":"2019-02-19T07:58:41","modified_gmt":"2019-02-19T06:58:41","slug":"matthias-rebellius-ist-neuer-ceo-bei-siemens-schweiz","status":"publish","type":"post","link":"https:\/\/www.organisator.ch\/fr\/management\/2019-02-19\/matthias-rebellius-ist-neuer-ceo-bei-siemens-schweiz\/","title":{"rendered":"Matthias Rebellius est le nouveau CEO de Siemens Suisse"},"content":{"rendered":"<figure id=\"attachment_4894\" aria-describedby=\"caption-attachment-4894\" style=\"width: 680px\" class=\"wp-caption alignnone\"><img loading=\"lazy\" decoding=\"async\" class=\"size-medium wp-image-4894\" src=\"https:\/\/www.organisator.ch\/wp-content\/uploads\/2019\/02\/Matthias-Rebellius-ist-neuer-CEO-bei-Siemens-Schweiz_Organisator.jpg\" alt=\"\" width=\"680\" height=\"538\" srcset=\"https:\/\/www.organisator.ch\/wp-content\/uploads\/2019\/02\/Matthias-Rebellius-ist-neuer-CEO-bei-Siemens-Schweiz_Organisator.jpg 680w, https:\/\/www.organisator.ch\/wp-content\/uploads\/2019\/02\/Matthias-Rebellius-ist-neuer-CEO-bei-Siemens-Schweiz_Organisator-16x12.jpg 16w, https:\/\/www.organisator.ch\/wp-content\/uploads\/2019\/02\/Matthias-Rebellius-ist-neuer-CEO-bei-Siemens-Schweiz_Organisator-221x175.jpg 221w, https:\/\/www.organisator.ch\/wp-content\/uploads\/2019\/02\/Matthias-Rebellius-ist-neuer-CEO-bei-Siemens-Schweiz_Organisator-442x350.jpg 442w, https:\/\/www.organisator.ch\/wp-content\/uploads\/2019\/02\/Matthias-Rebellius-ist-neuer-CEO-bei-Siemens-Schweiz_Organisator-300x237.jpg 300w\" sizes=\"auto, (max-width: 680px) 100vw, 680px\" \/><figcaption id=\"caption-attachment-4894\" class=\"wp-caption-text\">Nouveau CEO de Siemens Suisse : Matthias Rebellius. (Image : Siemens Suisse)<\/figcaption><\/figure>\n<p>Matthias Rebellius est le nouveau CEO de Siemens Suisse. Il est \u00e9galement Chief Operating Officer (COO) de Smart Infrastructure (SI), la nouvelle Operating Company de Siemens AG. A partir d'avril 2019, le si\u00e8ge mondial de SI \u00e0 Zoug dirigera les 70 000 collaborateurs qui travaillent dans le monde entier dans les domaines de la technique du b\u00e2timent et de la distribution d'\u00e9nergie. Avec un volume d'affaires d'environ 14 milliards d'euros (chiffres pro forma), SI est l'un des plus grands quartiers g\u00e9n\u00e9raux industriels au monde, bas\u00e9 en Suisse.<\/p>\n<p>\"Siemens est pr\u00e9sent en Suisse depuis 125 ans d\u00e9j\u00e0\", explique Matthias Rebellius. \"Gr\u00e2ce \u00e0 notre large portefeuille et \u00e0 notre savoir-faire en mati\u00e8re de num\u00e9risation, nous continuerons \u00e0 jouer un r\u00f4le marquant ici dans les d\u00e9cennies \u00e0 venir. De plus, le fait que nous g\u00e9rions les activit\u00e9s mondiales de Smart Infrastructure depuis Zoug est bien s\u00fbr tr\u00e8s positif pour notre pays\".<\/p>\n<p>Au cours des quatre derni\u00e8res ann\u00e9es, Matthias Rebellius a dirig\u00e9 la division Building Technologies (BT) de Siemens, active au niveau mondial. Sous sa direction, les activit\u00e9s de technique du b\u00e2timent sont devenues l'un des principaux contributeurs aux r\u00e9sultats de Siemens AG. Ing\u00e9nieur de formation, il avait d\u00e9j\u00e0 travaill\u00e9 pr\u00e8s de dix ans en Suisse. Rebellius a ensuite travaill\u00e9 aux \u00c9tats-Unis de 2012 \u00e0 2015, o\u00f9 il \u00e9tait responsable des activit\u00e9s de BT dans toute la r\u00e9gion Am\u00e9rique.<\/p>\n<p>Siemens emploie plus de 5700 personnes en Suisse sur plus de 20 sites, ce qui en fait l'un des plus grands employeurs industriels. Dans notre pays, l'entreprise occupe une position forte sur le march\u00e9, notamment dans les domaines de la technique du b\u00e2timent et de l'\u00e9nergie, de l'automatisation industrielle et de la technique d'entra\u00eenement, de l'automatisation ferroviaire ainsi que de la technique du trafic routier et de la technique m\u00e9dicale.<\/p>\n<p><em><a href=\"http:\/\/www.siemens.ch\">www.siemens.ch<\/a><\/em><\/p>","protected":false},"excerpt":{"rendered":"<p>Matthias Rebellius ist neuer CEO von Siemens Schweiz. Er ist gleichzeitig auch Chief Operating Officer (COO) von Smart Infrastructure (SI), der neuen Operating Company der Siemens AG. Ab April 2019 werden vom globalen SI-Headquarter in Zug die weltweit 70 000 Mitarbeitenden gef\u00fchrt, die in den Bereichen Geb\u00e4udetechnik und Energieverteilung t\u00e4tig sind. Mit einem Gesch\u00e4ftsvolumen von [&hellip;]<\/p>\n","protected":false},"author":4,"featured_media":4894,"comment_status":"open","ping_status":"open","sticky":false,"template":"","format":"standard","meta":{"_acf_changed":false,"_yoast_wpseo_focuskw":"Matthias Rebellius","_yoast_wpseo_metadesc":"Der Vorstand der Siemens AG hat Matthias Rebellius (54) zum neuen Chief Executive Officer (CEO) der Regionalgesellschaft Siemens Schweiz ernannt.","articlekey":"","footnotes":""},"categories":[28],"tags":[334,381,492],"class_list":["post-4893","post","type-post","status-publish","format-standard","has-post-thumbnail","hentry","category-management","tag-management","tag-personalia","tag-unternehmen"],"acf":[],"yoast_head":"<!-- This site is optimized with the Yoast SEO plugin v27.5 - https:\/\/yoast.com\/product\/yoast-seo-wordpress\/ -->\n<title>Matthias Rebellius ist neuer CEO bei Siemens Schweiz - Organisator<\/title>\n<meta name=\"description\" content=\"Der Vorstand der Siemens AG hat Matthias Rebellius (54) zum neuen Chief Executive Officer (CEO) der Regionalgesellschaft Siemens Schweiz ernannt.\" \/>\n<meta name=\"robots\" content=\"index, follow, max-snippet:-1, max-image-preview:large, max-video-preview:-1\" \/>\n<link rel=\"canonical\" href=\"https:\/\/www.organisator.ch\/fr\/gestion-2\/2019-02-19\/matthias-rebellius-ist-neuer-ceo-bei-siemens-schweiz\/\" \/>\n<meta property=\"og:locale\" content=\"fr_FR\" \/>\n<meta property=\"og:type\" content=\"article\" \/>\n<meta property=\"og:title\" content=\"Matthias Rebellius ist neuer CEO bei Siemens Schweiz\" \/>\n<meta property=\"og:description\" content=\"Der Vorstand der Siemens AG hat Matthias Rebellius (54) zum neuen Chief Executive Officer (CEO) der Regionalgesellschaft Siemens Schweiz ernannt.\" \/>\n<meta property=\"og:url\" content=\"https:\/\/www.organisator.ch\/fr\/gestion-2\/2019-02-19\/matthias-rebellius-ist-neuer-ceo-bei-siemens-schweiz\/\" \/>\n<meta property=\"og:site_name\" content=\"Organisator\" \/>\n<meta property=\"article:publisher\" content=\"https:\/\/www.facebook.com\/OrganisatorFachmagazin\" \/>\n<meta property=\"article:published_time\" content=\"2019-02-19T06:58:41+00:00\" \/>\n<meta property=\"og:image\" content=\"https:\/\/www.organisator.ch\/wp-content\/uploads\/2019\/02\/Matthias-Rebellius-ist-neuer-CEO-bei-Siemens-Schweiz_Organisator.jpg\" \/>\n\t<meta property=\"og:image:width\" content=\"680\" \/>\n\t<meta property=\"og:image:height\" content=\"538\" \/>\n\t<meta property=\"og:image:type\" content=\"image\/jpeg\" \/>\n<meta name=\"author\" content=\"thomas.berner\" \/>\n<meta name=\"twitter:card\" content=\"summary_large_image\" \/>\n<meta name=\"twitter:title\" content=\"Matthias #Rebellius ist neuer CEO bei Siemens Schweiz\" \/>\n<meta name=\"twitter:description\" content=\"Der Vorstand der #Siemens AG hat Matthias #Rebellius (54) zum neuen Chief Executive Officer (CEO) der Regionalgesellschaft Siemens Schweiz ernannt.\" \/>\n<meta name=\"twitter:image\" content=\"https:\/\/www.organisator.ch\/wp-content\/uploads\/2019\/02\/Matthias-Rebellius-ist-neuer-CEO-bei-Siemens-Schweiz_Organisator.jpg\" \/>\n<script type=\"application\/ld+json\" class=\"yoast-schema-graph\">{\"@context\":\"https:\\\/\\\/schema.org\",\"@graph\":[{\"@type\":\"Article\",\"@id\":\"https:\\\/\\\/www.organisator.ch\\\/management\\\/2019-02-19\\\/matthias-rebellius-ist-neuer-ceo-bei-siemens-schweiz\\\/#article\",\"isPartOf\":{\"@id\":\"https:\\\/\\\/www.organisator.ch\\\/management\\\/2019-02-19\\\/matthias-rebellius-ist-neuer-ceo-bei-siemens-schweiz\\\/\"},\"author\":{\"name\":\"thomas.berner\",\"@id\":\"https:\\\/\\\/www.organisator.ch\\\/#\\\/schema\\\/person\\\/6f650f90b2842cd4c0cc334b4e36f67e\"},\"headline\":\"Matthias Rebellius ist neuer CEO bei Siemens Schweiz\",\"datePublished\":\"2019-02-19T06:58:41+00:00\",\"mainEntityOfPage\":{\"@id\":\"https:\\\/\\\/www.organisator.ch\\\/management\\\/2019-02-19\\\/matthias-rebellius-ist-neuer-ceo-bei-siemens-schweiz\\\/\"},\"wordCount\":282,\"commentCount\":0,\"publisher\":{\"@id\":\"https:\\\/\\\/www.organisator.ch\\\/#organization\"},\"image\":{\"@id\":\"https:\\\/\\\/www.organisator.ch\\\/management\\\/2019-02-19\\\/matthias-rebellius-ist-neuer-ceo-bei-siemens-schweiz\\\/#primaryimage\"},\"thumbnailUrl\":\"https:\\\/\\\/www.organisator.ch\\\/wp-content\\\/uploads\\\/2019\\\/02\\\/Matthias-Rebellius-ist-neuer-CEO-bei-Siemens-Schweiz_Organisator.jpg\",\"keywords\":[\"Management\",\"Personalia\",\"Unternehmen\"],\"articleSection\":[\"MANAGEMENT\"],\"inLanguage\":\"fr-FR\"},{\"@type\":\"WebPage\",\"@id\":\"https:\\\/\\\/www.organisator.ch\\\/management\\\/2019-02-19\\\/matthias-rebellius-ist-neuer-ceo-bei-siemens-schweiz\\\/\",\"url\":\"https:\\\/\\\/www.organisator.ch\\\/management\\\/2019-02-19\\\/matthias-rebellius-ist-neuer-ceo-bei-siemens-schweiz\\\/\",\"name\":\"Matthias Rebellius ist neuer CEO bei Siemens Schweiz - Organisator\",\"isPartOf\":{\"@id\":\"https:\\\/\\\/www.organisator.ch\\\/#website\"},\"primaryImageOfPage\":{\"@id\":\"https:\\\/\\\/www.organisator.ch\\\/management\\\/2019-02-19\\\/matthias-rebellius-ist-neuer-ceo-bei-siemens-schweiz\\\/#primaryimage\"},\"image\":{\"@id\":\"https:\\\/\\\/www.organisator.ch\\\/management\\\/2019-02-19\\\/matthias-rebellius-ist-neuer-ceo-bei-siemens-schweiz\\\/#primaryimage\"},\"thumbnailUrl\":\"https:\\\/\\\/www.organisator.ch\\\/wp-content\\\/uploads\\\/2019\\\/02\\\/Matthias-Rebellius-ist-neuer-CEO-bei-Siemens-Schweiz_Organisator.jpg\",\"datePublished\":\"2019-02-19T06:58:41+00:00\",\"description\":\"Der Vorstand der Siemens AG hat Matthias Rebellius (54) zum neuen Chief Executive Officer (CEO) der Regionalgesellschaft Siemens Schweiz ernannt.\",\"breadcrumb\":{\"@id\":\"https:\\\/\\\/www.organisator.ch\\\/management\\\/2019-02-19\\\/matthias-rebellius-ist-neuer-ceo-bei-siemens-schweiz\\\/#breadcrumb\"},\"inLanguage\":\"fr-FR\",\"potentialAction\":[{\"@type\":\"ReadAction\",\"target\":[\"https:\\\/\\\/www.organisator.ch\\\/management\\\/2019-02-19\\\/matthias-rebellius-ist-neuer-ceo-bei-siemens-schweiz\\\/\"]}]},{\"@type\":\"ImageObject\",\"inLanguage\":\"fr-FR\",\"@id\":\"https:\\\/\\\/www.organisator.ch\\\/management\\\/2019-02-19\\\/matthias-rebellius-ist-neuer-ceo-bei-siemens-schweiz\\\/#primaryimage\",\"url\":\"https:\\\/\\\/www.organisator.ch\\\/wp-content\\\/uploads\\\/2019\\\/02\\\/Matthias-Rebellius-ist-neuer-CEO-bei-Siemens-Schweiz_Organisator.jpg\",\"contentUrl\":\"https:\\\/\\\/www.organisator.ch\\\/wp-content\\\/uploads\\\/2019\\\/02\\\/Matthias-Rebellius-ist-neuer-CEO-bei-Siemens-Schweiz_Organisator.jpg\",\"width\":680,\"height\":538,\"caption\":\"Neuer CEO von Siemens Schweiz: Matthias Rebellius. (Bild: Siemens Schweiz)\"},{\"@type\":\"BreadcrumbList\",\"@id\":\"https:\\\/\\\/www.organisator.ch\\\/management\\\/2019-02-19\\\/matthias-rebellius-ist-neuer-ceo-bei-siemens-schweiz\\\/#breadcrumb\",\"itemListElement\":[{\"@type\":\"ListItem\",\"position\":1,\"name\":\"Home\",\"item\":\"https:\\\/\\\/www.organisator.ch\\\/\"},{\"@type\":\"ListItem\",\"position\":2,\"name\":\"Matthias Rebellius ist neuer CEO bei Siemens Schweiz\"}]},{\"@type\":\"WebSite\",\"@id\":\"https:\\\/\\\/www.organisator.ch\\\/#website\",\"url\":\"https:\\\/\\\/www.organisator.ch\\\/\",\"name\":\"Organisator\",\"description\":\"Kompetent. Praxisnah. Der ORGANISATOR bereitet in 10 Ausgaben pro Jahr die wesentlichen Themen f\u00fcr F\u00fchrungskr\u00e4fte von KMU auf.\",\"publisher\":{\"@id\":\"https:\\\/\\\/www.organisator.ch\\\/#organization\"},\"potentialAction\":[{\"@type\":\"SearchAction\",\"target\":{\"@type\":\"EntryPoint\",\"urlTemplate\":\"https:\\\/\\\/www.organisator.ch\\\/?s={search_term_string}\"},\"query-input\":{\"@type\":\"PropertyValueSpecification\",\"valueRequired\":true,\"valueName\":\"search_term_string\"}}],\"inLanguage\":\"fr-FR\"},{\"@type\":\"Organization\",\"@id\":\"https:\\\/\\\/www.organisator.ch\\\/#organization\",\"name\":\"Organisator\",\"url\":\"https:\\\/\\\/www.organisator.ch\\\/\",\"logo\":{\"@type\":\"ImageObject\",\"inLanguage\":\"fr-FR\",\"@id\":\"https:\\\/\\\/www.organisator.ch\\\/#\\\/schema\\\/logo\\\/image\\\/\",\"url\":\"https:\\\/\\\/www.organisator.ch\\\/wp-content\\\/uploads\\\/2022\\\/01\\\/Logo_Organisator_Website.png\",\"contentUrl\":\"https:\\\/\\\/www.organisator.ch\\\/wp-content\\\/uploads\\\/2022\\\/01\\\/Logo_Organisator_Website.png\",\"width\":800,\"height\":77,\"caption\":\"Organisator\"},\"image\":{\"@id\":\"https:\\\/\\\/www.organisator.ch\\\/#\\\/schema\\\/logo\\\/image\\\/\"},\"sameAs\":[\"https:\\\/\\\/www.facebook.com\\\/OrganisatorFachmagazin\",\"https:\\\/\\\/www.linkedin.com\\\/showcase\\\/organisator-das-magazin-fr-kmu\",\"https:\\\/\\\/www.xing.com\\\/news\\\/pages\\\/organisator-ch-695\",\"https:\\\/\\\/www.youtube.com\\\/channel\\\/UCGP2Sq0iWaZwT3BdIAQFYpw\"]},{\"@type\":\"Person\",\"@id\":\"https:\\\/\\\/www.organisator.ch\\\/#\\\/schema\\\/person\\\/6f650f90b2842cd4c0cc334b4e36f67e\",\"name\":\"thomas.berner\",\"image\":{\"@type\":\"ImageObject\",\"inLanguage\":\"fr-FR\",\"@id\":\"https:\\\/\\\/secure.gravatar.com\\\/avatar\\\/ac5001d2a36cb6c6cd3e50789007ffca834b477b74a2144564522e944eabff61?s=96&d=mm&r=g\",\"url\":\"https:\\\/\\\/secure.gravatar.com\\\/avatar\\\/ac5001d2a36cb6c6cd3e50789007ffca834b477b74a2144564522e944eabff61?s=96&d=mm&r=g\",\"contentUrl\":\"https:\\\/\\\/secure.gravatar.com\\\/avatar\\\/ac5001d2a36cb6c6cd3e50789007ffca834b477b74a2144564522e944eabff61?s=96&d=mm&r=g\",\"caption\":\"thomas.berner\"},\"url\":\"https:\\\/\\\/www.organisator.ch\\\/fr\\\/author\\\/thomas-berner\\\/\"}]}<\/script>\n<!-- \/ Yoast SEO plugin. -->","yoast_head_json":{"title":"Matthias Rebellius est le nouveau CEO de Siemens Suisse - Organisateur","description":"Le conseil d'administration de Siemens AG a nomm\u00e9 Matthias Rebellius (54 ans) au poste de Chief Executive Officer (CEO) de la soci\u00e9t\u00e9 r\u00e9gionale Siemens Suisse.","robots":{"index":"index","follow":"follow","max-snippet":"max-snippet:-1","max-image-preview":"max-image-preview:large","max-video-preview":"max-video-preview:-1"},"canonical":"https:\/\/www.organisator.ch\/fr\/gestion-2\/2019-02-19\/matthias-rebellius-ist-neuer-ceo-bei-siemens-schweiz\/","og_locale":"fr_FR","og_type":"article","og_title":"Matthias Rebellius ist neuer CEO bei Siemens Schweiz","og_description":"Der Vorstand der Siemens AG hat Matthias Rebellius (54) zum neuen Chief Executive Officer (CEO) der Regionalgesellschaft Siemens Schweiz ernannt.","og_url":"https:\/\/www.organisator.ch\/fr\/gestion-2\/2019-02-19\/matthias-rebellius-ist-neuer-ceo-bei-siemens-schweiz\/","og_site_name":"Organisator","article_publisher":"https:\/\/www.facebook.com\/OrganisatorFachmagazin","article_published_time":"2019-02-19T06:58:41+00:00","og_image":[{"width":680,"height":538,"url":"https:\/\/www.organisator.ch\/wp-content\/uploads\/2019\/02\/Matthias-Rebellius-ist-neuer-CEO-bei-Siemens-Schweiz_Organisator.jpg","type":"image\/jpeg"}],"author":"thomas.berner","twitter_card":"summary_large_image","twitter_title":"Matthias #Rebellius ist neuer CEO bei Siemens Schweiz","twitter_description":"Der Vorstand der #Siemens AG hat Matthias #Rebellius (54) zum neuen Chief Executive Officer (CEO) der Regionalgesellschaft Siemens Schweiz ernannt.","twitter_image":"https:\/\/www.organisator.ch\/wp-content\/uploads\/2019\/02\/Matthias-Rebellius-ist-neuer-CEO-bei-Siemens-Schweiz_Organisator.jpg","schema":{"@context":"https:\/\/schema.org","@graph":[{"@type":"Article","@id":"https:\/\/www.organisator.ch\/management\/2019-02-19\/matthias-rebellius-ist-neuer-ceo-bei-siemens-schweiz\/#article","isPartOf":{"@id":"https:\/\/www.organisator.ch\/management\/2019-02-19\/matthias-rebellius-ist-neuer-ceo-bei-siemens-schweiz\/"},"author":{"name":"thomas.berner","@id":"https:\/\/www.organisator.ch\/#\/schema\/person\/6f650f90b2842cd4c0cc334b4e36f67e"},"headline":"Matthias Rebellius ist neuer CEO bei Siemens Schweiz","datePublished":"2019-02-19T06:58:41+00:00","mainEntityOfPage":{"@id":"https:\/\/www.organisator.ch\/management\/2019-02-19\/matthias-rebellius-ist-neuer-ceo-bei-siemens-schweiz\/"},"wordCount":282,"commentCount":0,"publisher":{"@id":"https:\/\/www.organisator.ch\/#organization"},"image":{"@id":"https:\/\/www.organisator.ch\/management\/2019-02-19\/matthias-rebellius-ist-neuer-ceo-bei-siemens-schweiz\/#primaryimage"},"thumbnailUrl":"https:\/\/www.organisator.ch\/wp-content\/uploads\/2019\/02\/Matthias-Rebellius-ist-neuer-CEO-bei-Siemens-Schweiz_Organisator.jpg","keywords":["Management","Personalia","Unternehmen"],"articleSection":["MANAGEMENT"],"inLanguage":"fr-FR"},{"@type":"WebPage","@id":"https:\/\/www.organisator.ch\/management\/2019-02-19\/matthias-rebellius-ist-neuer-ceo-bei-siemens-schweiz\/","url":"https:\/\/www.organisator.ch\/management\/2019-02-19\/matthias-rebellius-ist-neuer-ceo-bei-siemens-schweiz\/","name":"Matthias Rebellius est le nouveau CEO de Siemens Suisse - Organisateur","isPartOf":{"@id":"https:\/\/www.organisator.ch\/#website"},"primaryImageOfPage":{"@id":"https:\/\/www.organisator.ch\/management\/2019-02-19\/matthias-rebellius-ist-neuer-ceo-bei-siemens-schweiz\/#primaryimage"},"image":{"@id":"https:\/\/www.organisator.ch\/management\/2019-02-19\/matthias-rebellius-ist-neuer-ceo-bei-siemens-schweiz\/#primaryimage"},"thumbnailUrl":"https:\/\/www.organisator.ch\/wp-content\/uploads\/2019\/02\/Matthias-Rebellius-ist-neuer-CEO-bei-Siemens-Schweiz_Organisator.jpg","datePublished":"2019-02-19T06:58:41+00:00","description":"Le conseil d'administration de Siemens AG a nomm\u00e9 Matthias Rebellius (54 ans) au poste de Chief Executive Officer (CEO) de la soci\u00e9t\u00e9 r\u00e9gionale Siemens Suisse.","breadcrumb":{"@id":"https:\/\/www.organisator.ch\/management\/2019-02-19\/matthias-rebellius-ist-neuer-ceo-bei-siemens-schweiz\/#breadcrumb"},"inLanguage":"fr-FR","potentialAction":[{"@type":"ReadAction","target":["https:\/\/www.organisator.ch\/management\/2019-02-19\/matthias-rebellius-ist-neuer-ceo-bei-siemens-schweiz\/"]}]},{"@type":"ImageObject","inLanguage":"fr-FR","@id":"https:\/\/www.organisator.ch\/management\/2019-02-19\/matthias-rebellius-ist-neuer-ceo-bei-siemens-schweiz\/#primaryimage","url":"https:\/\/www.organisator.ch\/wp-content\/uploads\/2019\/02\/Matthias-Rebellius-ist-neuer-CEO-bei-Siemens-Schweiz_Organisator.jpg","contentUrl":"https:\/\/www.organisator.ch\/wp-content\/uploads\/2019\/02\/Matthias-Rebellius-ist-neuer-CEO-bei-Siemens-Schweiz_Organisator.jpg","width":680,"height":538,"caption":"Neuer CEO von Siemens Schweiz: Matthias Rebellius. (Bild: Siemens Schweiz)"},{"@type":"BreadcrumbList","@id":"https:\/\/www.organisator.ch\/management\/2019-02-19\/matthias-rebellius-ist-neuer-ceo-bei-siemens-schweiz\/#breadcrumb","itemListElement":[{"@type":"ListItem","position":1,"name":"Home","item":"https:\/\/www.organisator.ch\/"},{"@type":"ListItem","position":2,"name":"Matthias Rebellius ist neuer CEO bei Siemens Schweiz"}]},{"@type":"WebSite","@id":"https:\/\/www.organisator.ch\/#website","url":"https:\/\/www.organisator.ch\/","name":"Organisateur","description":"Comp\u00e9tence et comp\u00e9tence. Proches de la pratique. L'ORGANISATEUR pr\u00e9pare 10 num\u00e9ros par an sur les th\u00e8mes essentiels pour les dirigeants de PME.","publisher":{"@id":"https:\/\/www.organisator.ch\/#organization"},"potentialAction":[{"@type":"SearchAction","target":{"@type":"EntryPoint","urlTemplate":"https:\/\/www.organisator.ch\/?s={search_term_string}"},"query-input":{"@type":"PropertyValueSpecification","valueRequired":true,"valueName":"search_term_string"}}],"inLanguage":"fr-FR"},{"@type":"Organization","@id":"https:\/\/www.organisator.ch\/#organization","name":"Organisateur","url":"https:\/\/www.organisator.ch\/","logo":{"@type":"ImageObject","inLanguage":"fr-FR","@id":"https:\/\/www.organisator.ch\/#\/schema\/logo\/image\/","url":"https:\/\/www.organisator.ch\/wp-content\/uploads\/2022\/01\/Logo_Organisator_Website.png","contentUrl":"https:\/\/www.organisator.ch\/wp-content\/uploads\/2022\/01\/Logo_Organisator_Website.png","width":800,"height":77,"caption":"Organisator"},"image":{"@id":"https:\/\/www.organisator.ch\/#\/schema\/logo\/image\/"},"sameAs":["https:\/\/www.facebook.com\/OrganisatorFachmagazin","https:\/\/www.linkedin.com\/showcase\/organisator-das-magazin-fr-kmu","https:\/\/www.xing.com\/news\/pages\/organisator-ch-695","https:\/\/www.youtube.com\/channel\/UCGP2Sq0iWaZwT3BdIAQFYpw"]},{"@type":"Person","@id":"https:\/\/www.organisator.ch\/#\/schema\/person\/6f650f90b2842cd4c0cc334b4e36f67e","name":"thomas.berner","image":{"@type":"ImageObject","inLanguage":"fr-FR","@id":"https:\/\/secure.gravatar.com\/avatar\/ac5001d2a36cb6c6cd3e50789007ffca834b477b74a2144564522e944eabff61?s=96&d=mm&r=g","url":"https:\/\/secure.gravatar.com\/avatar\/ac5001d2a36cb6c6cd3e50789007ffca834b477b74a2144564522e944eabff61?s=96&d=mm&r=g","contentUrl":"https:\/\/secure.gravatar.com\/avatar\/ac5001d2a36cb6c6cd3e50789007ffca834b477b74a2144564522e944eabff61?s=96&d=mm&r=g","caption":"thomas.berner"},"url":"https:\/\/www.organisator.ch\/fr\/author\/thomas-berner\/"}]}},"_links":{"self":[{"href":"https:\/\/www.organisator.ch\/fr\/wp-json\/wp\/v2\/posts\/4893","targetHints":{"allow":["GET"]}}],"collection":[{"href":"https:\/\/www.organisator.ch\/fr\/wp-json\/wp\/v2\/posts"}],"about":[{"href":"https:\/\/www.organisator.ch\/fr\/wp-json\/wp\/v2\/types\/post"}],"author":[{"embeddable":true,"href":"https:\/\/www.organisator.ch\/fr\/wp-json\/wp\/v2\/users\/4"}],"replies":[{"embeddable":true,"href":"https:\/\/www.organisator.ch\/fr\/wp-json\/wp\/v2\/comments?post=4893"}],"version-history":[{"count":0,"href":"https:\/\/www.organisator.ch\/fr\/wp-json\/wp\/v2\/posts\/4893\/revisions"}],"wp:featuredmedia":[{"embeddable":true,"href":"https:\/\/www.organisator.ch\/fr\/wp-json\/wp\/v2\/media\/4894"}],"wp:attachment":[{"href":"https:\/\/www.organisator.ch\/fr\/wp-json\/wp\/v2\/media?parent=4893"}],"wp:term":[{"taxonomy":"category","embeddable":true,"href":"https:\/\/www.organisator.ch\/fr\/wp-json\/wp\/v2\/categories?post=4893"},{"taxonomy":"post_tag","embeddable":true,"href":"https:\/\/www.organisator.ch\/fr\/wp-json\/wp\/v2\/tags?post=4893"}],"curies":[{"name":"wp","href":"https:\/\/api.w.org\/{rel}","templated":true}]}}