{"id":4905,"date":"2019-02-20T08:11:03","date_gmt":"2019-02-20T07:11:03","guid":{"rendered":"https:\/\/www.organisator.ch\/?p=4905"},"modified":"2019-02-20T08:11:03","modified_gmt":"2019-02-20T07:11:03","slug":"matt-moser-verstaerkt-das-team-bei-continuum-ag","status":"publish","type":"post","link":"https:\/\/www.organisator.ch\/fr\/management\/2019-02-20\/matt-moser-verstaerkt-das-team-bei-continuum-ag\/","title":{"rendered":"Matt Moser renforce l'\u00e9quipe de Continuum AG"},"content":{"rendered":"<figure id=\"attachment_4906\" aria-describedby=\"caption-attachment-4906\" style=\"width: 680px\" class=\"wp-caption alignnone\"><img loading=\"lazy\" decoding=\"async\" class=\"size-medium wp-image-4906\" src=\"https:\/\/www.organisator.ch\/wp-content\/uploads\/2019\/02\/Matt-Moser-verstaerkt-das-Team-bei-Continuum-AG_Organisator.jpg\" alt=\"\" width=\"680\" height=\"435\" srcset=\"https:\/\/www.organisator.ch\/wp-content\/uploads\/2019\/02\/Matt-Moser-verstaerkt-das-Team-bei-Continuum-AG_Organisator.jpg 1112w, https:\/\/www.organisator.ch\/wp-content\/uploads\/2019\/02\/Matt-Moser-verstaerkt-das-Team-bei-Continuum-AG_Organisator-680x435.jpg 680w, https:\/\/www.organisator.ch\/wp-content\/uploads\/2019\/02\/Matt-Moser-verstaerkt-das-Team-bei-Continuum-AG_Organisator-1024x656.jpg 1024w, https:\/\/www.organisator.ch\/wp-content\/uploads\/2019\/02\/Matt-Moser-verstaerkt-das-Team-bei-Continuum-AG_Organisator-768x492.jpg 768w, https:\/\/www.organisator.ch\/wp-content\/uploads\/2019\/02\/Matt-Moser-verstaerkt-das-Team-bei-Continuum-AG_Organisator-16x10.jpg 16w, https:\/\/www.organisator.ch\/wp-content\/uploads\/2019\/02\/Matt-Moser-verstaerkt-das-Team-bei-Continuum-AG_Organisator-273x175.jpg 273w, https:\/\/www.organisator.ch\/wp-content\/uploads\/2019\/02\/Matt-Moser-verstaerkt-das-Team-bei-Continuum-AG_Organisator-547x350.jpg 547w, https:\/\/www.organisator.ch\/wp-content\/uploads\/2019\/02\/Matt-Moser-verstaerkt-das-Team-bei-Continuum-AG_Organisator-920x589.jpg 920w, https:\/\/www.organisator.ch\/wp-content\/uploads\/2019\/02\/Matt-Moser-verstaerkt-das-Team-bei-Continuum-AG_Organisator-300x192.jpg 300w\" sizes=\"auto, (max-width: 680px) 100vw, 680px\" \/><figcaption id=\"caption-attachment-4906\" class=\"wp-caption-text\">Matt Moser renforce Continuum AG dans la r\u00e9gion du nord-ouest de la Suisse. (Photo pd)<\/figcaption><\/figure>\n<p>Depuis 16 ans, Continuum AG conseille et soutient les moyennes et grandes entreprises dans leur d\u00e9veloppement \u00e0 long terme et aide les familles \u00e0 r\u00e9soudre leurs d\u00e9fis dans le processus de succession. Outre Zurich, l'entreprise existe depuis 2013 \u00e0 Saint-Gall avec Rolf Brunner, partenaire &amp; directeur du site, et Stefan Schneider, senior manager. \u00c0 partir de f\u00e9vrier, Matt Moser rejoindra l'\u00e9quipe en tant que partenaire associ\u00e9 et \u00e9tendra le r\u00e9seau \u00e0 la r\u00e9gion du nord-ouest de la Suisse. Matt Moser dispose d'une vaste exp\u00e9rience dans le conseil aux entreprises, avec des points forts notamment dans la structuration du financement ainsi que dans le soutien aux conseils d'administration. En outre, il apporte d\u00e9j\u00e0 une vaste exp\u00e9rience dans le domaine du conseil.<\/p>\n<p>Ayant grandi \u00e0 Lenzbourg et dans le Wynental, Matt Moser a d'abord suivi une formation d'employ\u00e9 de banque, suivie de diverses formations internationales dans les domaines suivants<br \/>\nde la finance et de la gestion des risques. Il dispose d'une longue exp\u00e9rience dans le financement des entreprises, notamment dans le domaine des hypoth\u00e8ques et des cr\u00e9dits. De 1984 \u00e0 2012, il a travaill\u00e9 pour le Credit Suisse en Suisse et \u00e0 l'\u00e9tranger. Ses connaissances approfondies en mati\u00e8re d'\u00e9laboration et de mise en \u0153uvre de mod\u00e8les financiers et d'analyses de sc\u00e9narios pour la succession d'entreprise compl\u00e9teront utilement la gamme de prestations de Continuum AG pour nos clients.<\/p>\n<p>Rolf Brunner, qui, en tant que partenaire \u00e0 Saint-Gall, accompagne depuis six ans les entreprises dans leurs processus de d\u00e9veloppement et de succession, se r\u00e9jouit de ce renforcement : \"Le large \u00e9ventail d'entreprises que nous avons d\u00e9j\u00e0<br \/>\nLe champ de comp\u00e9tences de Continuum AG est compl\u00e9t\u00e9 de mani\u00e8re id\u00e9ale par l'arriv\u00e9e de Matt Moser\".<\/p>\n<p><a href=\"http:\/\/www.continuum.ch\"><em>www.continuum.ch<\/em><\/a><\/p>","protected":false},"excerpt":{"rendered":"<p>Die Continuum AG ber\u00e4t und unterst\u00fctzt seit 16 Jahren mittlere und gr\u00f6ssere Unternehmen in ihrer langfristigen Weiterentwicklung und hilft Familien bei der L\u00f6sung ihrer Herausforderungen im Nachfolgeprozess. Nebst Z\u00fcrich besteht das Unternehmen seit 2013 in St.Gallen mit Partner &amp; Standortleiter Rolf Brunner und Senior Manager Stefan Schneider. Ab Februar wird Matt Moser als Associate Partner [&hellip;]<\/p>\n","protected":false},"author":4,"featured_media":4906,"comment_status":"open","ping_status":"open","sticky":false,"template":"","format":"standard","meta":{"_acf_changed":false,"_yoast_wpseo_focuskw":"Matt Moser","_yoast_wpseo_metadesc":"Die Continuum AG baut ihre Standorte in der Schweiz aus: Matt Moser erg\u00e4nzt als Berater das Unternehmen in der Nordwestschweiz.","articlekey":"","footnotes":""},"categories":[28],"tags":[335,356,381,492],"class_list":["post-4905","post","type-post","status-publish","format-standard","has-post-thumbnail","hentry","category-management","tag-management-und-unternehmensfuehrung","tag-nachfolgeplanung","tag-personalia","tag-unternehmen"],"acf":[],"yoast_head":"<!-- This site is optimized with the Yoast SEO plugin v27.5 - https:\/\/yoast.com\/product\/yoast-seo-wordpress\/ -->\n<title>Matt Moser verst\u00e4rkt das Team bei Continuum AG - Organisator<\/title>\n<meta name=\"description\" content=\"Die Continuum AG baut ihre Standorte in der Schweiz aus: Matt Moser erg\u00e4nzt als Berater das Unternehmen in der Nordwestschweiz.\" \/>\n<meta name=\"robots\" content=\"index, follow, max-snippet:-1, max-image-preview:large, max-video-preview:-1\" \/>\n<link rel=\"canonical\" href=\"https:\/\/www.organisator.ch\/fr\/gestion-2\/2019-02-20\/matt-moser-verstaerkt-das-team-bei-continuum-ag\/\" \/>\n<meta property=\"og:locale\" content=\"fr_FR\" \/>\n<meta property=\"og:type\" content=\"article\" \/>\n<meta property=\"og:title\" content=\"Matt Moser verst\u00e4rkt das Team bei Continuum AG\" \/>\n<meta property=\"og:description\" content=\"Die Continuum AG baut ihre Standorte in der Schweiz aus: Matt Moser erg\u00e4nzt als Berater das Unternehmen in der Nordwestschweiz.\" \/>\n<meta property=\"og:url\" content=\"https:\/\/www.organisator.ch\/fr\/gestion-2\/2019-02-20\/matt-moser-verstaerkt-das-team-bei-continuum-ag\/\" \/>\n<meta property=\"og:site_name\" content=\"Organisator\" \/>\n<meta property=\"article:publisher\" content=\"https:\/\/www.facebook.com\/OrganisatorFachmagazin\" \/>\n<meta property=\"article:published_time\" content=\"2019-02-20T07:11:03+00:00\" \/>\n<meta property=\"og:image\" content=\"https:\/\/www.organisator.ch\/wp-content\/uploads\/2019\/02\/Matt-Moser-verstaerkt-das-Team-bei-Continuum-AG_Organisator.jpg\" \/>\n\t<meta property=\"og:image:width\" content=\"1112\" \/>\n\t<meta property=\"og:image:height\" content=\"712\" \/>\n\t<meta property=\"og:image:type\" content=\"image\/jpeg\" \/>\n<meta name=\"author\" content=\"thomas.berner\" \/>\n<meta name=\"twitter:card\" content=\"summary_large_image\" \/>\n<meta name=\"twitter:title\" content=\"Matt Moser verst\u00e4rkt das Team bei Continuum AG\" \/>\n<meta name=\"twitter:description\" content=\"Die Continuum AG baut ihre Standorte in der Schweiz aus: Matt Moser erg\u00e4nzt als Berater das Unternehmen in der Nordwestschweiz.\" \/>\n<meta name=\"twitter:image\" content=\"https:\/\/www.organisator.ch\/wp-content\/uploads\/2019\/02\/Matt-Moser-verst\u00e4rkt-das-Team-bei-Continuum-AG_Organisator.jpg\" \/>\n<script type=\"application\/ld+json\" class=\"yoast-schema-graph\">{\"@context\":\"https:\\\/\\\/schema.org\",\"@graph\":[{\"@type\":\"Article\",\"@id\":\"https:\\\/\\\/www.organisator.ch\\\/management\\\/2019-02-20\\\/matt-moser-verstaerkt-das-team-bei-continuum-ag\\\/#article\",\"isPartOf\":{\"@id\":\"https:\\\/\\\/www.organisator.ch\\\/management\\\/2019-02-20\\\/matt-moser-verstaerkt-das-team-bei-continuum-ag\\\/\"},\"author\":{\"name\":\"thomas.berner\",\"@id\":\"https:\\\/\\\/www.organisator.ch\\\/#\\\/schema\\\/person\\\/6f650f90b2842cd4c0cc334b4e36f67e\"},\"headline\":\"Matt Moser verst\u00e4rkt das Team bei Continuum AG\",\"datePublished\":\"2019-02-20T07:11:03+00:00\",\"mainEntityOfPage\":{\"@id\":\"https:\\\/\\\/www.organisator.ch\\\/management\\\/2019-02-20\\\/matt-moser-verstaerkt-das-team-bei-continuum-ag\\\/\"},\"wordCount\":262,\"commentCount\":0,\"publisher\":{\"@id\":\"https:\\\/\\\/www.organisator.ch\\\/#organization\"},\"image\":{\"@id\":\"https:\\\/\\\/www.organisator.ch\\\/management\\\/2019-02-20\\\/matt-moser-verstaerkt-das-team-bei-continuum-ag\\\/#primaryimage\"},\"thumbnailUrl\":\"https:\\\/\\\/www.organisator.ch\\\/wp-content\\\/uploads\\\/2019\\\/02\\\/Matt-Moser-verstaerkt-das-Team-bei-Continuum-AG_Organisator.jpg\",\"keywords\":[\"Management und Unternehmensf\u00fchrung\",\"Nachfolgeplanung\",\"Personalia\",\"Unternehmen\"],\"articleSection\":[\"MANAGEMENT\"],\"inLanguage\":\"fr-FR\"},{\"@type\":\"WebPage\",\"@id\":\"https:\\\/\\\/www.organisator.ch\\\/management\\\/2019-02-20\\\/matt-moser-verstaerkt-das-team-bei-continuum-ag\\\/\",\"url\":\"https:\\\/\\\/www.organisator.ch\\\/management\\\/2019-02-20\\\/matt-moser-verstaerkt-das-team-bei-continuum-ag\\\/\",\"name\":\"Matt Moser verst\u00e4rkt das Team bei Continuum AG - Organisator\",\"isPartOf\":{\"@id\":\"https:\\\/\\\/www.organisator.ch\\\/#website\"},\"primaryImageOfPage\":{\"@id\":\"https:\\\/\\\/www.organisator.ch\\\/management\\\/2019-02-20\\\/matt-moser-verstaerkt-das-team-bei-continuum-ag\\\/#primaryimage\"},\"image\":{\"@id\":\"https:\\\/\\\/www.organisator.ch\\\/management\\\/2019-02-20\\\/matt-moser-verstaerkt-das-team-bei-continuum-ag\\\/#primaryimage\"},\"thumbnailUrl\":\"https:\\\/\\\/www.organisator.ch\\\/wp-content\\\/uploads\\\/2019\\\/02\\\/Matt-Moser-verstaerkt-das-Team-bei-Continuum-AG_Organisator.jpg\",\"datePublished\":\"2019-02-20T07:11:03+00:00\",\"description\":\"Die Continuum AG baut ihre Standorte in der Schweiz aus: Matt Moser erg\u00e4nzt als Berater das Unternehmen in der Nordwestschweiz.\",\"breadcrumb\":{\"@id\":\"https:\\\/\\\/www.organisator.ch\\\/management\\\/2019-02-20\\\/matt-moser-verstaerkt-das-team-bei-continuum-ag\\\/#breadcrumb\"},\"inLanguage\":\"fr-FR\",\"potentialAction\":[{\"@type\":\"ReadAction\",\"target\":[\"https:\\\/\\\/www.organisator.ch\\\/management\\\/2019-02-20\\\/matt-moser-verstaerkt-das-team-bei-continuum-ag\\\/\"]}]},{\"@type\":\"ImageObject\",\"inLanguage\":\"fr-FR\",\"@id\":\"https:\\\/\\\/www.organisator.ch\\\/management\\\/2019-02-20\\\/matt-moser-verstaerkt-das-team-bei-continuum-ag\\\/#primaryimage\",\"url\":\"https:\\\/\\\/www.organisator.ch\\\/wp-content\\\/uploads\\\/2019\\\/02\\\/Matt-Moser-verstaerkt-das-Team-bei-Continuum-AG_Organisator.jpg\",\"contentUrl\":\"https:\\\/\\\/www.organisator.ch\\\/wp-content\\\/uploads\\\/2019\\\/02\\\/Matt-Moser-verstaerkt-das-Team-bei-Continuum-AG_Organisator.jpg\",\"width\":1112,\"height\":712,\"caption\":\"Matt Moser verst\u00e4rkt die CONTINUUM AG in der Region Nordwestschweiz. (Foto pd)\"},{\"@type\":\"BreadcrumbList\",\"@id\":\"https:\\\/\\\/www.organisator.ch\\\/management\\\/2019-02-20\\\/matt-moser-verstaerkt-das-team-bei-continuum-ag\\\/#breadcrumb\",\"itemListElement\":[{\"@type\":\"ListItem\",\"position\":1,\"name\":\"Home\",\"item\":\"https:\\\/\\\/www.organisator.ch\\\/\"},{\"@type\":\"ListItem\",\"position\":2,\"name\":\"Matt Moser verst\u00e4rkt das Team bei Continuum AG\"}]},{\"@type\":\"WebSite\",\"@id\":\"https:\\\/\\\/www.organisator.ch\\\/#website\",\"url\":\"https:\\\/\\\/www.organisator.ch\\\/\",\"name\":\"Organisator\",\"description\":\"Kompetent. Praxisnah. Der ORGANISATOR bereitet in 10 Ausgaben pro Jahr die wesentlichen Themen f\u00fcr F\u00fchrungskr\u00e4fte von KMU auf.\",\"publisher\":{\"@id\":\"https:\\\/\\\/www.organisator.ch\\\/#organization\"},\"potentialAction\":[{\"@type\":\"SearchAction\",\"target\":{\"@type\":\"EntryPoint\",\"urlTemplate\":\"https:\\\/\\\/www.organisator.ch\\\/?s={search_term_string}\"},\"query-input\":{\"@type\":\"PropertyValueSpecification\",\"valueRequired\":true,\"valueName\":\"search_term_string\"}}],\"inLanguage\":\"fr-FR\"},{\"@type\":\"Organization\",\"@id\":\"https:\\\/\\\/www.organisator.ch\\\/#organization\",\"name\":\"Organisator\",\"url\":\"https:\\\/\\\/www.organisator.ch\\\/\",\"logo\":{\"@type\":\"ImageObject\",\"inLanguage\":\"fr-FR\",\"@id\":\"https:\\\/\\\/www.organisator.ch\\\/#\\\/schema\\\/logo\\\/image\\\/\",\"url\":\"https:\\\/\\\/www.organisator.ch\\\/wp-content\\\/uploads\\\/2022\\\/01\\\/Logo_Organisator_Website.png\",\"contentUrl\":\"https:\\\/\\\/www.organisator.ch\\\/wp-content\\\/uploads\\\/2022\\\/01\\\/Logo_Organisator_Website.png\",\"width\":800,\"height\":77,\"caption\":\"Organisator\"},\"image\":{\"@id\":\"https:\\\/\\\/www.organisator.ch\\\/#\\\/schema\\\/logo\\\/image\\\/\"},\"sameAs\":[\"https:\\\/\\\/www.facebook.com\\\/OrganisatorFachmagazin\",\"https:\\\/\\\/www.linkedin.com\\\/showcase\\\/organisator-das-magazin-fr-kmu\",\"https:\\\/\\\/www.xing.com\\\/news\\\/pages\\\/organisator-ch-695\",\"https:\\\/\\\/www.youtube.com\\\/channel\\\/UCGP2Sq0iWaZwT3BdIAQFYpw\"]},{\"@type\":\"Person\",\"@id\":\"https:\\\/\\\/www.organisator.ch\\\/#\\\/schema\\\/person\\\/6f650f90b2842cd4c0cc334b4e36f67e\",\"name\":\"thomas.berner\",\"image\":{\"@type\":\"ImageObject\",\"inLanguage\":\"fr-FR\",\"@id\":\"https:\\\/\\\/secure.gravatar.com\\\/avatar\\\/ac5001d2a36cb6c6cd3e50789007ffca834b477b74a2144564522e944eabff61?s=96&d=mm&r=g\",\"url\":\"https:\\\/\\\/secure.gravatar.com\\\/avatar\\\/ac5001d2a36cb6c6cd3e50789007ffca834b477b74a2144564522e944eabff61?s=96&d=mm&r=g\",\"contentUrl\":\"https:\\\/\\\/secure.gravatar.com\\\/avatar\\\/ac5001d2a36cb6c6cd3e50789007ffca834b477b74a2144564522e944eabff61?s=96&d=mm&r=g\",\"caption\":\"thomas.berner\"},\"url\":\"https:\\\/\\\/www.organisator.ch\\\/fr\\\/author\\\/thomas-berner\\\/\"}]}<\/script>\n<!-- \/ Yoast SEO plugin. -->","yoast_head_json":{"title":"Matt Moser renforce l'\u00e9quipe de Continuum AG - Organisateur","description":"Continuum AG d\u00e9veloppe ses sites en Suisse : Matt Moser compl\u00e8te l'entreprise en tant que conseiller dans le nord-ouest de la Suisse.","robots":{"index":"index","follow":"follow","max-snippet":"max-snippet:-1","max-image-preview":"max-image-preview:large","max-video-preview":"max-video-preview:-1"},"canonical":"https:\/\/www.organisator.ch\/fr\/gestion-2\/2019-02-20\/matt-moser-verstaerkt-das-team-bei-continuum-ag\/","og_locale":"fr_FR","og_type":"article","og_title":"Matt Moser verst\u00e4rkt das Team bei Continuum AG","og_description":"Die Continuum AG baut ihre Standorte in der Schweiz aus: Matt Moser erg\u00e4nzt als Berater das Unternehmen in der Nordwestschweiz.","og_url":"https:\/\/www.organisator.ch\/fr\/gestion-2\/2019-02-20\/matt-moser-verstaerkt-das-team-bei-continuum-ag\/","og_site_name":"Organisator","article_publisher":"https:\/\/www.facebook.com\/OrganisatorFachmagazin","article_published_time":"2019-02-20T07:11:03+00:00","og_image":[{"width":1112,"height":712,"url":"https:\/\/www.organisator.ch\/wp-content\/uploads\/2019\/02\/Matt-Moser-verstaerkt-das-Team-bei-Continuum-AG_Organisator.jpg","type":"image\/jpeg"}],"author":"thomas.berner","twitter_card":"summary_large_image","twitter_title":"Matt Moser verst\u00e4rkt das Team bei Continuum AG","twitter_description":"Die Continuum AG baut ihre Standorte in der Schweiz aus: Matt Moser erg\u00e4nzt als Berater das Unternehmen in der Nordwestschweiz.","twitter_image":"https:\/\/www.organisator.ch\/wp-content\/uploads\/2019\/02\/Matt-Moser-verst\u00e4rkt-das-Team-bei-Continuum-AG_Organisator.jpg","schema":{"@context":"https:\/\/schema.org","@graph":[{"@type":"Article","@id":"https:\/\/www.organisator.ch\/management\/2019-02-20\/matt-moser-verstaerkt-das-team-bei-continuum-ag\/#article","isPartOf":{"@id":"https:\/\/www.organisator.ch\/management\/2019-02-20\/matt-moser-verstaerkt-das-team-bei-continuum-ag\/"},"author":{"name":"thomas.berner","@id":"https:\/\/www.organisator.ch\/#\/schema\/person\/6f650f90b2842cd4c0cc334b4e36f67e"},"headline":"Matt Moser verst\u00e4rkt das Team bei Continuum AG","datePublished":"2019-02-20T07:11:03+00:00","mainEntityOfPage":{"@id":"https:\/\/www.organisator.ch\/management\/2019-02-20\/matt-moser-verstaerkt-das-team-bei-continuum-ag\/"},"wordCount":262,"commentCount":0,"publisher":{"@id":"https:\/\/www.organisator.ch\/#organization"},"image":{"@id":"https:\/\/www.organisator.ch\/management\/2019-02-20\/matt-moser-verstaerkt-das-team-bei-continuum-ag\/#primaryimage"},"thumbnailUrl":"https:\/\/www.organisator.ch\/wp-content\/uploads\/2019\/02\/Matt-Moser-verstaerkt-das-Team-bei-Continuum-AG_Organisator.jpg","keywords":["Management und Unternehmensf\u00fchrung","Nachfolgeplanung","Personalia","Unternehmen"],"articleSection":["MANAGEMENT"],"inLanguage":"fr-FR"},{"@type":"WebPage","@id":"https:\/\/www.organisator.ch\/management\/2019-02-20\/matt-moser-verstaerkt-das-team-bei-continuum-ag\/","url":"https:\/\/www.organisator.ch\/management\/2019-02-20\/matt-moser-verstaerkt-das-team-bei-continuum-ag\/","name":"Matt Moser renforce l'\u00e9quipe de Continuum AG - Organisateur","isPartOf":{"@id":"https:\/\/www.organisator.ch\/#website"},"primaryImageOfPage":{"@id":"https:\/\/www.organisator.ch\/management\/2019-02-20\/matt-moser-verstaerkt-das-team-bei-continuum-ag\/#primaryimage"},"image":{"@id":"https:\/\/www.organisator.ch\/management\/2019-02-20\/matt-moser-verstaerkt-das-team-bei-continuum-ag\/#primaryimage"},"thumbnailUrl":"https:\/\/www.organisator.ch\/wp-content\/uploads\/2019\/02\/Matt-Moser-verstaerkt-das-Team-bei-Continuum-AG_Organisator.jpg","datePublished":"2019-02-20T07:11:03+00:00","description":"Continuum AG d\u00e9veloppe ses sites en Suisse : Matt Moser compl\u00e8te l'entreprise en tant que conseiller dans le nord-ouest de la Suisse.","breadcrumb":{"@id":"https:\/\/www.organisator.ch\/management\/2019-02-20\/matt-moser-verstaerkt-das-team-bei-continuum-ag\/#breadcrumb"},"inLanguage":"fr-FR","potentialAction":[{"@type":"ReadAction","target":["https:\/\/www.organisator.ch\/management\/2019-02-20\/matt-moser-verstaerkt-das-team-bei-continuum-ag\/"]}]},{"@type":"ImageObject","inLanguage":"fr-FR","@id":"https:\/\/www.organisator.ch\/management\/2019-02-20\/matt-moser-verstaerkt-das-team-bei-continuum-ag\/#primaryimage","url":"https:\/\/www.organisator.ch\/wp-content\/uploads\/2019\/02\/Matt-Moser-verstaerkt-das-Team-bei-Continuum-AG_Organisator.jpg","contentUrl":"https:\/\/www.organisator.ch\/wp-content\/uploads\/2019\/02\/Matt-Moser-verstaerkt-das-Team-bei-Continuum-AG_Organisator.jpg","width":1112,"height":712,"caption":"Matt Moser verst\u00e4rkt die CONTINUUM AG in der Region Nordwestschweiz. (Foto pd)"},{"@type":"BreadcrumbList","@id":"https:\/\/www.organisator.ch\/management\/2019-02-20\/matt-moser-verstaerkt-das-team-bei-continuum-ag\/#breadcrumb","itemListElement":[{"@type":"ListItem","position":1,"name":"Home","item":"https:\/\/www.organisator.ch\/"},{"@type":"ListItem","position":2,"name":"Matt Moser verst\u00e4rkt das Team bei Continuum AG"}]},{"@type":"WebSite","@id":"https:\/\/www.organisator.ch\/#website","url":"https:\/\/www.organisator.ch\/","name":"Organisateur","description":"Comp\u00e9tence et comp\u00e9tence. Proches de la pratique. L'ORGANISATEUR pr\u00e9pare 10 num\u00e9ros par an sur les th\u00e8mes essentiels pour les dirigeants de PME.","publisher":{"@id":"https:\/\/www.organisator.ch\/#organization"},"potentialAction":[{"@type":"SearchAction","target":{"@type":"EntryPoint","urlTemplate":"https:\/\/www.organisator.ch\/?s={search_term_string}"},"query-input":{"@type":"PropertyValueSpecification","valueRequired":true,"valueName":"search_term_string"}}],"inLanguage":"fr-FR"},{"@type":"Organization","@id":"https:\/\/www.organisator.ch\/#organization","name":"Organisateur","url":"https:\/\/www.organisator.ch\/","logo":{"@type":"ImageObject","inLanguage":"fr-FR","@id":"https:\/\/www.organisator.ch\/#\/schema\/logo\/image\/","url":"https:\/\/www.organisator.ch\/wp-content\/uploads\/2022\/01\/Logo_Organisator_Website.png","contentUrl":"https:\/\/www.organisator.ch\/wp-content\/uploads\/2022\/01\/Logo_Organisator_Website.png","width":800,"height":77,"caption":"Organisator"},"image":{"@id":"https:\/\/www.organisator.ch\/#\/schema\/logo\/image\/"},"sameAs":["https:\/\/www.facebook.com\/OrganisatorFachmagazin","https:\/\/www.linkedin.com\/showcase\/organisator-das-magazin-fr-kmu","https:\/\/www.xing.com\/news\/pages\/organisator-ch-695","https:\/\/www.youtube.com\/channel\/UCGP2Sq0iWaZwT3BdIAQFYpw"]},{"@type":"Person","@id":"https:\/\/www.organisator.ch\/#\/schema\/person\/6f650f90b2842cd4c0cc334b4e36f67e","name":"thomas.berner","image":{"@type":"ImageObject","inLanguage":"fr-FR","@id":"https:\/\/secure.gravatar.com\/avatar\/ac5001d2a36cb6c6cd3e50789007ffca834b477b74a2144564522e944eabff61?s=96&d=mm&r=g","url":"https:\/\/secure.gravatar.com\/avatar\/ac5001d2a36cb6c6cd3e50789007ffca834b477b74a2144564522e944eabff61?s=96&d=mm&r=g","contentUrl":"https:\/\/secure.gravatar.com\/avatar\/ac5001d2a36cb6c6cd3e50789007ffca834b477b74a2144564522e944eabff61?s=96&d=mm&r=g","caption":"thomas.berner"},"url":"https:\/\/www.organisator.ch\/fr\/author\/thomas-berner\/"}]}},"_links":{"self":[{"href":"https:\/\/www.organisator.ch\/fr\/wp-json\/wp\/v2\/posts\/4905","targetHints":{"allow":["GET"]}}],"collection":[{"href":"https:\/\/www.organisator.ch\/fr\/wp-json\/wp\/v2\/posts"}],"about":[{"href":"https:\/\/www.organisator.ch\/fr\/wp-json\/wp\/v2\/types\/post"}],"author":[{"embeddable":true,"href":"https:\/\/www.organisator.ch\/fr\/wp-json\/wp\/v2\/users\/4"}],"replies":[{"embeddable":true,"href":"https:\/\/www.organisator.ch\/fr\/wp-json\/wp\/v2\/comments?post=4905"}],"version-history":[{"count":0,"href":"https:\/\/www.organisator.ch\/fr\/wp-json\/wp\/v2\/posts\/4905\/revisions"}],"wp:featuredmedia":[{"embeddable":true,"href":"https:\/\/www.organisator.ch\/fr\/wp-json\/wp\/v2\/media\/4906"}],"wp:attachment":[{"href":"https:\/\/www.organisator.ch\/fr\/wp-json\/wp\/v2\/media?parent=4905"}],"wp:term":[{"taxonomy":"category","embeddable":true,"href":"https:\/\/www.organisator.ch\/fr\/wp-json\/wp\/v2\/categories?post=4905"},{"taxonomy":"post_tag","embeddable":true,"href":"https:\/\/www.organisator.ch\/fr\/wp-json\/wp\/v2\/tags?post=4905"}],"curies":[{"name":"wp","href":"https:\/\/api.w.org\/{rel}","templated":true}]}}