{"id":4908,"date":"2019-02-20T08:38:56","date_gmt":"2019-02-20T07:38:56","guid":{"rendered":"https:\/\/www.organisator.ch\/?p=4908"},"modified":"2019-02-20T08:38:56","modified_gmt":"2019-02-20T07:38:56","slug":"20-februar-tag-der-unternehmer","status":"publish","type":"post","link":"https:\/\/www.organisator.ch\/fr\/management\/2019-02-20\/20-februar-tag-der-unternehmer\/","title":{"rendered":"20 f\u00e9vrier : \"Journ\u00e9e des entrepreneurs"},"content":{"rendered":"<div class=\"component_standard\">\n<div class=\"component_standard_content\">\n<div class=\"mod_text_component\">\n<figure id=\"attachment_4910\" aria-describedby=\"caption-attachment-4910\" style=\"width: 680px\" class=\"wp-caption alignnone\"><img loading=\"lazy\" decoding=\"async\" class=\"size-medium wp-image-4910\" src=\"https:\/\/www.organisator.ch\/wp-content\/uploads\/2019\/02\/20.-Februar-Tag-der-Unternehmer_Organisator.jpg\" alt=\"\" width=\"680\" height=\"645\" srcset=\"https:\/\/www.organisator.ch\/wp-content\/uploads\/2019\/02\/20.-Februar-Tag-der-Unternehmer_Organisator.jpg 680w, https:\/\/www.organisator.ch\/wp-content\/uploads\/2019\/02\/20.-Februar-Tag-der-Unternehmer_Organisator-13x12.jpg 13w, https:\/\/www.organisator.ch\/wp-content\/uploads\/2019\/02\/20.-Februar-Tag-der-Unternehmer_Organisator-184x175.jpg 184w, https:\/\/www.organisator.ch\/wp-content\/uploads\/2019\/02\/20.-Februar-Tag-der-Unternehmer_Organisator-369x350.jpg 369w, https:\/\/www.organisator.ch\/wp-content\/uploads\/2019\/02\/20.-Februar-Tag-der-Unternehmer_Organisator-300x285.jpg 300w\" sizes=\"auto, (max-width: 680px) 100vw, 680px\" \/><figcaption id=\"caption-attachment-4910\" class=\"wp-caption-text\">La grande banque Credit Suisse lance le 20 f\u00e9vrier la \"Journ\u00e9e des entrepreneurs\". Christoph et Tobias Meyer de Seven Air Gebr. Meyer AG (<a href=\"https:\/\/www.organisator.ch\/wp-content\/uploads\/2019\/02\/2018_07-08_08-10_final.pdf\">Gagnant du Prix SVC Zentralschweiz 2018<\/a>) incarnent l'esprit d'entreprise typiquement suisse et apparaissent \u00e9galement dans un spot t\u00e9l\u00e9vis\u00e9 diffus\u00e9 ces jours-ci. (Image : ORGANISATEUR \/ Ren\u00e9 Niederer, artwiese.ch)<\/figcaption><\/figure>\n<p><span lang=\"DE-CH\">Les r\u00e9alisations d'Alfred Escher, pionnier du si\u00e8cle et p\u00e8re fondateur, entre autres, de l'actuel Credit Suisse et de l'EPF de Zurich, marquent aujourd'hui encore de mani\u00e8re d\u00e9terminante la place \u00e9conomique suisse. La formule de son succ\u00e8s, selon laquelle la prosp\u00e9rit\u00e9 et le progr\u00e8s sont \u00e9troitement li\u00e9s \u00e0 une bonne infrastructure et \u00e0 des conditions-cadres positives, est toujours valable aujourd'hui, peut-on lire dans un communiqu\u00e9 de presse du Credit Suisse. La grande banque <\/span><span lang=\"DE-CH\">a d\u00e9cid\u00e9 de ne pas c\u00e9l\u00e9brer le 200e anniversaire d'Alfred Escher.<\/span><b> <\/b><span lang=\"DE-CH\">simplement de faire revivre le pass\u00e9, mais de jeter un regard sur le pr\u00e9sent et l'avenir de l'entrepreneuriat en Suisse. C'est pourquoi, avec la \"Journ\u00e9e des entrepreneurs\", une journ\u00e9e th\u00e9matique nationale sera lanc\u00e9e pour la premi\u00e8re fois le 20 f\u00e9vrier, afin de rendre hommage \u00e0 l'engagement entrepreneurial et de mettre en \u00e9vidence les prestations des plus de 600'000 entreprises suisses pour le pays.<\/span><\/p>\n<h2><span lang=\"DE-CH\"><b>Un large \u00e9ventail d'activit\u00e9s pour promouvoir l'esprit d'entreprise<\/b><\/span><\/h2>\n<p><span lang=\"DE-CH\">Les activit\u00e9s du Credit Suisse autour de la \"Journ\u00e9e des entrepreneurs\" s'appuient sur le Barom\u00e8tre du progr\u00e8s du Credit Suisse, d\u00e9j\u00e0 pr\u00e9sent\u00e9 \u00e0 la fin de l'ann\u00e9e derni\u00e8re, et sur l'\u00e9dition sp\u00e9ciale du magazine clients \"Bulletin\" consacr\u00e9e au th\u00e8me \"Prendre des d\u00e9cisions courageuses - apprendre d'Alfred Escher\". Outre sa pr\u00e9sence sur diff\u00e9rents canaux de communication, la banque propose, en collaboration avec <a href=\"https:\/\/www.startups.ch\/de\/\">Startups.ch<\/a> propose aux futurs entrepreneurs de cr\u00e9er gratuitement leur entreprise le 20 f\u00e9vrier. A cela s'ajoutent des adh\u00e9sions \u00e0 prix r\u00e9duit aux organisations du r\u00e9seau <a href=\"http:\/\/www.swiss-venture-club.ch\">Club suisse des entrepreneurs<\/a> et <a href=\"http:\/\/www.s-ge.com\">Switzerland Global Enterprise<\/a>. Outre le lancement du Swiss Entrepreneurs Fund communiqu\u00e9 la semaine derni\u00e8re, le Credit Suisse annoncera le 20 f\u00e9vrier une nouvelle mesure visant \u00e0 promouvoir encore davantage l'entrepreneuriat en Suisse.<\/span><\/p>\n<p><span lang=\"DE-CH\">Andreas Gerber, responsable des PME au Credit Suisse, d\u00e9clare : \"Les entrepreneurs contribuent de mani\u00e8re substantielle \u00e0 la prosp\u00e9rit\u00e9 et au progr\u00e8s de la Suisse. Ils prennent des risques, cr\u00e9ent des emplois, encouragent l'innovation - pour un avenir prosp\u00e8re de la place \u00e9conomique suisse. Il est donc temps de leur dire merci. Et c'est ce que nous voulons faire, au nom de la population, avec la Journ\u00e9e des entrepreneurs\".<\/span><\/p>\n<h2><span lang=\"DE-CH\"><b>Sept faits choisis sur l'entrepreneuriat en Suisse\u00a0<\/b><\/span><\/h2>\n<\/div>\n<\/div>\n<\/div>\n<div class=\"component_standard\">\n<div class=\"component_standard_content\">\n<div class=\"mod_text_component\">\n<ol class=\"numbered-list\">\n<li><span lang=\"DE-CH\"><b>601'755 Entreprises<\/b><\/span><span lang=\"DE-CH\"> En 2016, il y avait en Suisse plus de 2TP2T, dont plus des deux tiers provenaient du secteur tertiaire (services), environ 15% du secteur secondaire (industrie, arts et m\u00e9tiers) et 9% du secteur primaire (agriculture, sylviculture et p\u00eache). <em>Source : OFS, Statistique de la structure des entreprises (STATENT) 2018, chiffres provisoires 2016<\/em><\/span><\/li>\n<li><span lang=\"DE-CH\"><b>99,7% de toutes les entreprises <\/b>en Suisse comptent<b> moins de 250 salari\u00e9s<\/b>. Elles repr\u00e9sentent environ deux tiers des 4,4 millions d'emplois en Suisse. <em>Source : OFS, Statistique de la structure des entreprises (STATENT) 2018, chiffres provisoires pour 2016<\/em><\/span><\/li>\n<li><span lang=\"DE-CH\"> En 2018, des <b>43 174 entreprises nouvellement inscrites au registre du commerce<\/b>Le nombre d'emplois cr\u00e9\u00e9s dans les services aux entreprises (B2B), le conseil aux entreprises et le conseil fiscal, l'artisanat, le commerce de d\u00e9tail et l'h\u00f4tellerie-restauration est le plus \u00e9lev\u00e9. <em>Source : Feuille officielle suisse du commerce FOSC ; IFJ Institut f\u00fcr Jungunternehmen AG<\/em><\/span><\/li>\n<li><span lang=\"DE-CH\"> <b>Plus d'un tiers des entreprises sont cr\u00e9\u00e9es par des femmes<\/b>, 54,9% d'hommes et 9,7% de femmes et d'hommes confondus. <em>Source : Office f\u00e9d\u00e9ral de la statistique, Statistique de la d\u00e9mographie des entreprises (2016)<\/em><\/span><\/li>\n<li><span lang=\"DE-CH\">La moyenne <b>Taux de survie des nouvelles entreprises<\/b> en Suisse se situe un an apr\u00e8s la cr\u00e9ation <b>pour le 83%.<\/b> Ainsi, 32 820 entreprises cr\u00e9\u00e9es en 2015 \u00e9taient toujours actives en 2016. Le taux de survie est particuli\u00e8rement \u00e9lev\u00e9 dans le secteur \"sant\u00e9 et action sociale\". <em>Source : OFS, d\u00e9mographie des entreprises UDEMO<\/em><\/span><\/li>\n<li><span lang=\"DE-CH\"> En 2017, l'Office europ\u00e9en des brevets a enregistr\u00e9 un total de <b>7283 demandes de brevets d\u00e9pos\u00e9es par la Suisse - un nouveau record<\/b>. Avec 884 inscriptions par million d'habitants, la Suisse est en t\u00eate du classement europ\u00e9en par habitant. <em>Source : IPI ; Office europ\u00e9en des brevets (2018)<\/em><\/span><\/li>\n<li><span lang=\"DE-CH\"> En 2017, la statistique de la formation professionnelle initiale a enregistr\u00e9 <b>218'539 Contrats d'apprentissage<\/b> sont enregistr\u00e9s. Cela signifie qu'environ un employ\u00e9 sur 23 en Suisse est un apprenti ou une apprentie. <em>Source : OFS, Statistique de la formation professionnelle initiale (SBG-SFPI)<\/em><\/span><\/li>\n<\/ol>\n<p><em><span style=\"text-align: left; color: #333333; text-transform: none; text-indent: 0px; letter-spacing: normal; font-family: Georgia,'Times New Roman','Bitstream Charter',Times,serif; font-size: 16px; font-variant: normal; text-decoration: none; word-spacing: 0px; display: inline !important; white-space: normal; cursor: text; orphans: 2; float: none; -webkit-text-stroke-width: 0px; background-color: transparent;\">Plus d'informations sur la \"Journ\u00e9e des entrepreneurs <\/span><a href=\"https:\/\/www.credit-suisse.com\/microsites\/private-banking\/entrepreneurs\/de\/tag-der-unternehmer.html\" data-di-id=\"di-id-89c3cca4-25fd8965\">www.credit-suisse.com\/unternehmer<\/a><\/em><\/p>\n<\/div>\n<\/div>\n<\/div>","protected":false},"excerpt":{"rendered":"<p>Die Errungenschaften von Alfred Escher, Jahrhundertpionier und unter anderem Gr\u00fcndervater der heutigen Credit Suisse und der ETH Z\u00fcrich, pr\u00e4gen den Schweizer Wirtschaftsstandort bis heute massgeblich. Seine Erfolgsformel, dass Wohlstand und Fortschritt eng mit einer guten Infrastruktur sowie positiven Rahmenbedingungen verbunden sind, gelte auch heute noch, heisst es dazu in einer Medienmitteilung von Credit Suisse. Die [&hellip;]<\/p>\n","protected":false},"author":4,"featured_media":4910,"comment_status":"open","ping_status":"open","sticky":false,"template":"","format":"standard","meta":{"_acf_changed":false,"_yoast_wpseo_focuskw":"Tag der Unternehmer","_yoast_wpseo_metadesc":"Am 20. Februar w\u00fcrde Alfred Escher seinen 200. Geburtstag feiern. Credit Suisse nimmt dies zum Anlass, den \u00abTag der Unternehmer\u00bb ins Leben zu rufen.","articlekey":"","footnotes":""},"categories":[28],"tags":[335,492,508,531],"class_list":["post-4908","post","type-post","status-publish","format-standard","has-post-thumbnail","hentry","category-management","tag-management-und-unternehmensfuehrung","tag-unternehmen","tag-vermischtes","tag-wirtschaftspolitik"],"acf":[],"yoast_head":"<!-- This site is optimized with the Yoast SEO plugin v27.5 - https:\/\/yoast.com\/product\/yoast-seo-wordpress\/ -->\n<title>20. Februar: &quot;Tag der Unternehmer&quot; - Organisator<\/title>\n<meta name=\"description\" content=\"Am 20. Februar w\u00fcrde Alfred Escher seinen 200. Geburtstag feiern. Credit Suisse nimmt dies zum Anlass, den \u00abTag der Unternehmer\u00bb ins Leben zu rufen.\" \/>\n<meta name=\"robots\" content=\"index, follow, max-snippet:-1, max-image-preview:large, max-video-preview:-1\" \/>\n<link rel=\"canonical\" href=\"https:\/\/www.organisator.ch\/fr\/gestion-2\/2019-02-20\/20-februar-tag-der-unternehmer\/\" \/>\n<meta property=\"og:locale\" content=\"fr_FR\" \/>\n<meta property=\"og:type\" content=\"article\" \/>\n<meta property=\"og:title\" content=\"20. Februar: &quot;Tag der Unternehmer&quot;\" \/>\n<meta property=\"og:description\" content=\"Am 20. Februar w\u00fcrde Alfred Escher seinen 200. Geburtstag feiern. Credit Suisse nimmt dies zum Anlass, den \u00abTag der Unternehmer\u00bb ins Leben zu rufen.\" \/>\n<meta property=\"og:url\" content=\"https:\/\/www.organisator.ch\/fr\/gestion-2\/2019-02-20\/20-februar-tag-der-unternehmer\/\" \/>\n<meta property=\"og:site_name\" content=\"Organisator\" \/>\n<meta property=\"article:publisher\" content=\"https:\/\/www.facebook.com\/OrganisatorFachmagazin\" \/>\n<meta property=\"article:published_time\" content=\"2019-02-20T07:38:56+00:00\" \/>\n<meta property=\"og:image\" content=\"https:\/\/www.organisator.ch\/wp-content\/uploads\/2019\/02\/20.-Februar-Tag-der-Unternehmer_Organisator.jpg\" \/>\n\t<meta property=\"og:image:width\" content=\"680\" \/>\n\t<meta property=\"og:image:height\" content=\"645\" \/>\n\t<meta property=\"og:image:type\" content=\"image\/jpeg\" \/>\n<meta name=\"author\" content=\"thomas.berner\" \/>\n<meta name=\"twitter:card\" content=\"summary_large_image\" \/>\n<meta name=\"twitter:title\" content=\"20. Februar: &quot;Tag der Unternehmer&quot;\" \/>\n<meta name=\"twitter:description\" content=\"Am 20. Februar w\u00fcrde Alfred Escher seinen 200. Geburtstag feiern. Credit Suisse nimmt dies zum Anlass, den \u00abTag der Unternehmer\u00bb ins Leben zu rufen.\" \/>\n<meta name=\"twitter:image\" content=\"https:\/\/www.organisator.ch\/wp-content\/uploads\/2019\/02\/20.-Februar-Tag-der-Unternehmer_Organisator.jpg\" \/>\n<script type=\"application\/ld+json\" class=\"yoast-schema-graph\">{\"@context\":\"https:\\\/\\\/schema.org\",\"@graph\":[{\"@type\":\"Article\",\"@id\":\"https:\\\/\\\/www.organisator.ch\\\/management\\\/2019-02-20\\\/20-februar-tag-der-unternehmer\\\/#article\",\"isPartOf\":{\"@id\":\"https:\\\/\\\/www.organisator.ch\\\/management\\\/2019-02-20\\\/20-februar-tag-der-unternehmer\\\/\"},\"author\":{\"name\":\"thomas.berner\",\"@id\":\"https:\\\/\\\/www.organisator.ch\\\/#\\\/schema\\\/person\\\/6f650f90b2842cd4c0cc334b4e36f67e\"},\"headline\":\"20. Februar: &#8222;Tag der Unternehmer&#8220;\",\"datePublished\":\"2019-02-20T07:38:56+00:00\",\"mainEntityOfPage\":{\"@id\":\"https:\\\/\\\/www.organisator.ch\\\/management\\\/2019-02-20\\\/20-februar-tag-der-unternehmer\\\/\"},\"wordCount\":638,\"commentCount\":0,\"publisher\":{\"@id\":\"https:\\\/\\\/www.organisator.ch\\\/#organization\"},\"image\":{\"@id\":\"https:\\\/\\\/www.organisator.ch\\\/management\\\/2019-02-20\\\/20-februar-tag-der-unternehmer\\\/#primaryimage\"},\"thumbnailUrl\":\"https:\\\/\\\/www.organisator.ch\\\/wp-content\\\/uploads\\\/2019\\\/02\\\/20.-Februar-Tag-der-Unternehmer_Organisator.jpg\",\"keywords\":[\"Management und Unternehmensf\u00fchrung\",\"Unternehmen\",\"Vermischtes\",\"Wirtschaftspolitik\"],\"articleSection\":[\"MANAGEMENT\"],\"inLanguage\":\"fr-FR\"},{\"@type\":\"WebPage\",\"@id\":\"https:\\\/\\\/www.organisator.ch\\\/management\\\/2019-02-20\\\/20-februar-tag-der-unternehmer\\\/\",\"url\":\"https:\\\/\\\/www.organisator.ch\\\/management\\\/2019-02-20\\\/20-februar-tag-der-unternehmer\\\/\",\"name\":\"20. Februar: \\\"Tag der Unternehmer\\\" - Organisator\",\"isPartOf\":{\"@id\":\"https:\\\/\\\/www.organisator.ch\\\/#website\"},\"primaryImageOfPage\":{\"@id\":\"https:\\\/\\\/www.organisator.ch\\\/management\\\/2019-02-20\\\/20-februar-tag-der-unternehmer\\\/#primaryimage\"},\"image\":{\"@id\":\"https:\\\/\\\/www.organisator.ch\\\/management\\\/2019-02-20\\\/20-februar-tag-der-unternehmer\\\/#primaryimage\"},\"thumbnailUrl\":\"https:\\\/\\\/www.organisator.ch\\\/wp-content\\\/uploads\\\/2019\\\/02\\\/20.-Februar-Tag-der-Unternehmer_Organisator.jpg\",\"datePublished\":\"2019-02-20T07:38:56+00:00\",\"description\":\"Am 20. Februar w\u00fcrde Alfred Escher seinen 200. Geburtstag feiern. Credit Suisse nimmt dies zum Anlass, den \u00abTag der Unternehmer\u00bb ins Leben zu rufen.\",\"breadcrumb\":{\"@id\":\"https:\\\/\\\/www.organisator.ch\\\/management\\\/2019-02-20\\\/20-februar-tag-der-unternehmer\\\/#breadcrumb\"},\"inLanguage\":\"fr-FR\",\"potentialAction\":[{\"@type\":\"ReadAction\",\"target\":[\"https:\\\/\\\/www.organisator.ch\\\/management\\\/2019-02-20\\\/20-februar-tag-der-unternehmer\\\/\"]}]},{\"@type\":\"ImageObject\",\"inLanguage\":\"fr-FR\",\"@id\":\"https:\\\/\\\/www.organisator.ch\\\/management\\\/2019-02-20\\\/20-februar-tag-der-unternehmer\\\/#primaryimage\",\"url\":\"https:\\\/\\\/www.organisator.ch\\\/wp-content\\\/uploads\\\/2019\\\/02\\\/20.-Februar-Tag-der-Unternehmer_Organisator.jpg\",\"contentUrl\":\"https:\\\/\\\/www.organisator.ch\\\/wp-content\\\/uploads\\\/2019\\\/02\\\/20.-Februar-Tag-der-Unternehmer_Organisator.jpg\",\"width\":680,\"height\":645,\"caption\":\"Die Grossbank Cr\u00e9dit Suisse lanciert am 20. Februar den \\\"Tag der Unternehmer\\\". Christoph und Tobias Meyer von Seven Air Gebr. Meyer AG (Gewinner des Prix SVC Zentralschweiz) verk\u00f6rpern typisches Schweizer Unternehmertum und treten auch in einem in diesen Tagen ausgestrahlten TV-Spot auf. (Bild: ORGANISATOR \\\/ Ren\u00e9 Niederer, artwiese.ch)\"},{\"@type\":\"BreadcrumbList\",\"@id\":\"https:\\\/\\\/www.organisator.ch\\\/management\\\/2019-02-20\\\/20-februar-tag-der-unternehmer\\\/#breadcrumb\",\"itemListElement\":[{\"@type\":\"ListItem\",\"position\":1,\"name\":\"Home\",\"item\":\"https:\\\/\\\/www.organisator.ch\\\/\"},{\"@type\":\"ListItem\",\"position\":2,\"name\":\"20. Februar: &#8222;Tag der Unternehmer&#8220;\"}]},{\"@type\":\"WebSite\",\"@id\":\"https:\\\/\\\/www.organisator.ch\\\/#website\",\"url\":\"https:\\\/\\\/www.organisator.ch\\\/\",\"name\":\"Organisator\",\"description\":\"Kompetent. Praxisnah. Der ORGANISATOR bereitet in 10 Ausgaben pro Jahr die wesentlichen Themen f\u00fcr F\u00fchrungskr\u00e4fte von KMU auf.\",\"publisher\":{\"@id\":\"https:\\\/\\\/www.organisator.ch\\\/#organization\"},\"potentialAction\":[{\"@type\":\"SearchAction\",\"target\":{\"@type\":\"EntryPoint\",\"urlTemplate\":\"https:\\\/\\\/www.organisator.ch\\\/?s={search_term_string}\"},\"query-input\":{\"@type\":\"PropertyValueSpecification\",\"valueRequired\":true,\"valueName\":\"search_term_string\"}}],\"inLanguage\":\"fr-FR\"},{\"@type\":\"Organization\",\"@id\":\"https:\\\/\\\/www.organisator.ch\\\/#organization\",\"name\":\"Organisator\",\"url\":\"https:\\\/\\\/www.organisator.ch\\\/\",\"logo\":{\"@type\":\"ImageObject\",\"inLanguage\":\"fr-FR\",\"@id\":\"https:\\\/\\\/www.organisator.ch\\\/#\\\/schema\\\/logo\\\/image\\\/\",\"url\":\"https:\\\/\\\/www.organisator.ch\\\/wp-content\\\/uploads\\\/2022\\\/01\\\/Logo_Organisator_Website.png\",\"contentUrl\":\"https:\\\/\\\/www.organisator.ch\\\/wp-content\\\/uploads\\\/2022\\\/01\\\/Logo_Organisator_Website.png\",\"width\":800,\"height\":77,\"caption\":\"Organisator\"},\"image\":{\"@id\":\"https:\\\/\\\/www.organisator.ch\\\/#\\\/schema\\\/logo\\\/image\\\/\"},\"sameAs\":[\"https:\\\/\\\/www.facebook.com\\\/OrganisatorFachmagazin\",\"https:\\\/\\\/www.linkedin.com\\\/showcase\\\/organisator-das-magazin-fr-kmu\",\"https:\\\/\\\/www.xing.com\\\/news\\\/pages\\\/organisator-ch-695\",\"https:\\\/\\\/www.youtube.com\\\/channel\\\/UCGP2Sq0iWaZwT3BdIAQFYpw\"]},{\"@type\":\"Person\",\"@id\":\"https:\\\/\\\/www.organisator.ch\\\/#\\\/schema\\\/person\\\/6f650f90b2842cd4c0cc334b4e36f67e\",\"name\":\"thomas.berner\",\"image\":{\"@type\":\"ImageObject\",\"inLanguage\":\"fr-FR\",\"@id\":\"https:\\\/\\\/secure.gravatar.com\\\/avatar\\\/ac5001d2a36cb6c6cd3e50789007ffca834b477b74a2144564522e944eabff61?s=96&d=mm&r=g\",\"url\":\"https:\\\/\\\/secure.gravatar.com\\\/avatar\\\/ac5001d2a36cb6c6cd3e50789007ffca834b477b74a2144564522e944eabff61?s=96&d=mm&r=g\",\"contentUrl\":\"https:\\\/\\\/secure.gravatar.com\\\/avatar\\\/ac5001d2a36cb6c6cd3e50789007ffca834b477b74a2144564522e944eabff61?s=96&d=mm&r=g\",\"caption\":\"thomas.berner\"},\"url\":\"https:\\\/\\\/www.organisator.ch\\\/fr\\\/author\\\/thomas-berner\\\/\"}]}<\/script>\n<!-- \/ Yoast SEO plugin. -->","yoast_head_json":{"title":"20 f\u00e9vrier : \"Journ\u00e9e des entrepreneurs\" - organisateur","description":"Le 20 f\u00e9vrier, Alfred Escher f\u00eaterait son 200e anniversaire. Le Credit Suisse saisit l'occasion pour cr\u00e9er la \"Journ\u00e9e des entrepreneurs\".","robots":{"index":"index","follow":"follow","max-snippet":"max-snippet:-1","max-image-preview":"max-image-preview:large","max-video-preview":"max-video-preview:-1"},"canonical":"https:\/\/www.organisator.ch\/fr\/gestion-2\/2019-02-20\/20-februar-tag-der-unternehmer\/","og_locale":"fr_FR","og_type":"article","og_title":"20. Februar: \"Tag der Unternehmer\"","og_description":"Am 20. Februar w\u00fcrde Alfred Escher seinen 200. Geburtstag feiern. Credit Suisse nimmt dies zum Anlass, den \u00abTag der Unternehmer\u00bb ins Leben zu rufen.","og_url":"https:\/\/www.organisator.ch\/fr\/gestion-2\/2019-02-20\/20-februar-tag-der-unternehmer\/","og_site_name":"Organisator","article_publisher":"https:\/\/www.facebook.com\/OrganisatorFachmagazin","article_published_time":"2019-02-20T07:38:56+00:00","og_image":[{"width":680,"height":645,"url":"https:\/\/www.organisator.ch\/wp-content\/uploads\/2019\/02\/20.-Februar-Tag-der-Unternehmer_Organisator.jpg","type":"image\/jpeg"}],"author":"thomas.berner","twitter_card":"summary_large_image","twitter_title":"20. Februar: \"Tag der Unternehmer\"","twitter_description":"Am 20. Februar w\u00fcrde Alfred Escher seinen 200. Geburtstag feiern. Credit Suisse nimmt dies zum Anlass, den \u00abTag der Unternehmer\u00bb ins Leben zu rufen.","twitter_image":"https:\/\/www.organisator.ch\/wp-content\/uploads\/2019\/02\/20.-Februar-Tag-der-Unternehmer_Organisator.jpg","schema":{"@context":"https:\/\/schema.org","@graph":[{"@type":"Article","@id":"https:\/\/www.organisator.ch\/management\/2019-02-20\/20-februar-tag-der-unternehmer\/#article","isPartOf":{"@id":"https:\/\/www.organisator.ch\/management\/2019-02-20\/20-februar-tag-der-unternehmer\/"},"author":{"name":"thomas.berner","@id":"https:\/\/www.organisator.ch\/#\/schema\/person\/6f650f90b2842cd4c0cc334b4e36f67e"},"headline":"20. Februar: &#8222;Tag der Unternehmer&#8220;","datePublished":"2019-02-20T07:38:56+00:00","mainEntityOfPage":{"@id":"https:\/\/www.organisator.ch\/management\/2019-02-20\/20-februar-tag-der-unternehmer\/"},"wordCount":638,"commentCount":0,"publisher":{"@id":"https:\/\/www.organisator.ch\/#organization"},"image":{"@id":"https:\/\/www.organisator.ch\/management\/2019-02-20\/20-februar-tag-der-unternehmer\/#primaryimage"},"thumbnailUrl":"https:\/\/www.organisator.ch\/wp-content\/uploads\/2019\/02\/20.-Februar-Tag-der-Unternehmer_Organisator.jpg","keywords":["Management und Unternehmensf\u00fchrung","Unternehmen","Vermischtes","Wirtschaftspolitik"],"articleSection":["MANAGEMENT"],"inLanguage":"fr-FR"},{"@type":"WebPage","@id":"https:\/\/www.organisator.ch\/management\/2019-02-20\/20-februar-tag-der-unternehmer\/","url":"https:\/\/www.organisator.ch\/management\/2019-02-20\/20-februar-tag-der-unternehmer\/","name":"20 f\u00e9vrier : \"Journ\u00e9e des entrepreneurs\" - organisateur","isPartOf":{"@id":"https:\/\/www.organisator.ch\/#website"},"primaryImageOfPage":{"@id":"https:\/\/www.organisator.ch\/management\/2019-02-20\/20-februar-tag-der-unternehmer\/#primaryimage"},"image":{"@id":"https:\/\/www.organisator.ch\/management\/2019-02-20\/20-februar-tag-der-unternehmer\/#primaryimage"},"thumbnailUrl":"https:\/\/www.organisator.ch\/wp-content\/uploads\/2019\/02\/20.-Februar-Tag-der-Unternehmer_Organisator.jpg","datePublished":"2019-02-20T07:38:56+00:00","description":"Le 20 f\u00e9vrier, Alfred Escher f\u00eaterait son 200e anniversaire. Le Credit Suisse saisit l'occasion pour cr\u00e9er la \"Journ\u00e9e des entrepreneurs\".","breadcrumb":{"@id":"https:\/\/www.organisator.ch\/management\/2019-02-20\/20-februar-tag-der-unternehmer\/#breadcrumb"},"inLanguage":"fr-FR","potentialAction":[{"@type":"ReadAction","target":["https:\/\/www.organisator.ch\/management\/2019-02-20\/20-februar-tag-der-unternehmer\/"]}]},{"@type":"ImageObject","inLanguage":"fr-FR","@id":"https:\/\/www.organisator.ch\/management\/2019-02-20\/20-februar-tag-der-unternehmer\/#primaryimage","url":"https:\/\/www.organisator.ch\/wp-content\/uploads\/2019\/02\/20.-Februar-Tag-der-Unternehmer_Organisator.jpg","contentUrl":"https:\/\/www.organisator.ch\/wp-content\/uploads\/2019\/02\/20.-Februar-Tag-der-Unternehmer_Organisator.jpg","width":680,"height":645,"caption":"Die Grossbank Cr\u00e9dit Suisse lanciert am 20. Februar den \"Tag der Unternehmer\". Christoph und Tobias Meyer von Seven Air Gebr. Meyer AG (Gewinner des Prix SVC Zentralschweiz) verk\u00f6rpern typisches Schweizer Unternehmertum und treten auch in einem in diesen Tagen ausgestrahlten TV-Spot auf. (Bild: ORGANISATOR \/ Ren\u00e9 Niederer, artwiese.ch)"},{"@type":"BreadcrumbList","@id":"https:\/\/www.organisator.ch\/management\/2019-02-20\/20-februar-tag-der-unternehmer\/#breadcrumb","itemListElement":[{"@type":"ListItem","position":1,"name":"Home","item":"https:\/\/www.organisator.ch\/"},{"@type":"ListItem","position":2,"name":"20. Februar: &#8222;Tag der Unternehmer&#8220;"}]},{"@type":"WebSite","@id":"https:\/\/www.organisator.ch\/#website","url":"https:\/\/www.organisator.ch\/","name":"Organisateur","description":"Comp\u00e9tence et comp\u00e9tence. Proches de la pratique. L'ORGANISATEUR pr\u00e9pare 10 num\u00e9ros par an sur les th\u00e8mes essentiels pour les dirigeants de PME.","publisher":{"@id":"https:\/\/www.organisator.ch\/#organization"},"potentialAction":[{"@type":"SearchAction","target":{"@type":"EntryPoint","urlTemplate":"https:\/\/www.organisator.ch\/?s={search_term_string}"},"query-input":{"@type":"PropertyValueSpecification","valueRequired":true,"valueName":"search_term_string"}}],"inLanguage":"fr-FR"},{"@type":"Organization","@id":"https:\/\/www.organisator.ch\/#organization","name":"Organisateur","url":"https:\/\/www.organisator.ch\/","logo":{"@type":"ImageObject","inLanguage":"fr-FR","@id":"https:\/\/www.organisator.ch\/#\/schema\/logo\/image\/","url":"https:\/\/www.organisator.ch\/wp-content\/uploads\/2022\/01\/Logo_Organisator_Website.png","contentUrl":"https:\/\/www.organisator.ch\/wp-content\/uploads\/2022\/01\/Logo_Organisator_Website.png","width":800,"height":77,"caption":"Organisator"},"image":{"@id":"https:\/\/www.organisator.ch\/#\/schema\/logo\/image\/"},"sameAs":["https:\/\/www.facebook.com\/OrganisatorFachmagazin","https:\/\/www.linkedin.com\/showcase\/organisator-das-magazin-fr-kmu","https:\/\/www.xing.com\/news\/pages\/organisator-ch-695","https:\/\/www.youtube.com\/channel\/UCGP2Sq0iWaZwT3BdIAQFYpw"]},{"@type":"Person","@id":"https:\/\/www.organisator.ch\/#\/schema\/person\/6f650f90b2842cd4c0cc334b4e36f67e","name":"thomas.berner","image":{"@type":"ImageObject","inLanguage":"fr-FR","@id":"https:\/\/secure.gravatar.com\/avatar\/ac5001d2a36cb6c6cd3e50789007ffca834b477b74a2144564522e944eabff61?s=96&d=mm&r=g","url":"https:\/\/secure.gravatar.com\/avatar\/ac5001d2a36cb6c6cd3e50789007ffca834b477b74a2144564522e944eabff61?s=96&d=mm&r=g","contentUrl":"https:\/\/secure.gravatar.com\/avatar\/ac5001d2a36cb6c6cd3e50789007ffca834b477b74a2144564522e944eabff61?s=96&d=mm&r=g","caption":"thomas.berner"},"url":"https:\/\/www.organisator.ch\/fr\/author\/thomas-berner\/"}]}},"_links":{"self":[{"href":"https:\/\/www.organisator.ch\/fr\/wp-json\/wp\/v2\/posts\/4908","targetHints":{"allow":["GET"]}}],"collection":[{"href":"https:\/\/www.organisator.ch\/fr\/wp-json\/wp\/v2\/posts"}],"about":[{"href":"https:\/\/www.organisator.ch\/fr\/wp-json\/wp\/v2\/types\/post"}],"author":[{"embeddable":true,"href":"https:\/\/www.organisator.ch\/fr\/wp-json\/wp\/v2\/users\/4"}],"replies":[{"embeddable":true,"href":"https:\/\/www.organisator.ch\/fr\/wp-json\/wp\/v2\/comments?post=4908"}],"version-history":[{"count":0,"href":"https:\/\/www.organisator.ch\/fr\/wp-json\/wp\/v2\/posts\/4908\/revisions"}],"wp:featuredmedia":[{"embeddable":true,"href":"https:\/\/www.organisator.ch\/fr\/wp-json\/wp\/v2\/media\/4910"}],"wp:attachment":[{"href":"https:\/\/www.organisator.ch\/fr\/wp-json\/wp\/v2\/media?parent=4908"}],"wp:term":[{"taxonomy":"category","embeddable":true,"href":"https:\/\/www.organisator.ch\/fr\/wp-json\/wp\/v2\/categories?post=4908"},{"taxonomy":"post_tag","embeddable":true,"href":"https:\/\/www.organisator.ch\/fr\/wp-json\/wp\/v2\/tags?post=4908"}],"curies":[{"name":"wp","href":"https:\/\/api.w.org\/{rel}","templated":true}]}}