{"id":4933,"date":"2019-02-25T11:28:11","date_gmt":"2019-02-25T10:28:11","guid":{"rendered":"https:\/\/www.organisator.ch\/?p=4933"},"modified":"2019-02-25T11:28:11","modified_gmt":"2019-02-25T10:28:11","slug":"betriebliche-gesundheitsfoerderung-ausgleich-macht-erfolgreich","status":"publish","type":"post","link":"https:\/\/www.organisator.ch\/fr\/human-resources\/fit_im_job\/2019-02-25\/betriebliche-gesundheitsfoerderung-ausgleich-macht-erfolgreich\/","title":{"rendered":"Promotion de la sant\u00e9 en entreprise : l'\u00e9quilibre fait le succ\u00e8s"},"content":{"rendered":"<figure id=\"attachment_4941\" aria-describedby=\"caption-attachment-4941\" style=\"width: 680px\" class=\"wp-caption alignnone\"><img loading=\"lazy\" decoding=\"async\" class=\"size-medium wp-image-4941\" src=\"https:\/\/www.organisator.ch\/wp-content\/uploads\/2019\/02\/Betriebliche-Gesundheitsfoerderung-Ausgleich-macht-erfolgreich_Organisator.jpg\" alt=\"\" width=\"680\" height=\"446\" srcset=\"https:\/\/www.organisator.ch\/wp-content\/uploads\/2019\/02\/Betriebliche-Gesundheitsfoerderung-Ausgleich-macht-erfolgreich_Organisator.jpg 680w, https:\/\/www.organisator.ch\/wp-content\/uploads\/2019\/02\/Betriebliche-Gesundheitsfoerderung-Ausgleich-macht-erfolgreich_Organisator-16x10.jpg 16w, https:\/\/www.organisator.ch\/wp-content\/uploads\/2019\/02\/Betriebliche-Gesundheitsfoerderung-Ausgleich-macht-erfolgreich_Organisator-267x175.jpg 267w, https:\/\/www.organisator.ch\/wp-content\/uploads\/2019\/02\/Betriebliche-Gesundheitsfoerderung-Ausgleich-macht-erfolgreich_Organisator-534x350.jpg 534w, https:\/\/www.organisator.ch\/wp-content\/uploads\/2019\/02\/Betriebliche-Gesundheitsfoerderung-Ausgleich-macht-erfolgreich_Organisator-300x197.jpg 300w\" sizes=\"auto, (max-width: 680px) 100vw, 680px\" \/><figcaption id=\"caption-attachment-4941\" class=\"wp-caption-text\">L'\u00e9quilibre fait le succ\u00e8s : c'est l\u00e0 que la promotion de la sant\u00e9 en entreprise devrait intervenir, selon la conclusion d'une \u00e9tude de la Haute \u00e9cole sp\u00e9cialis\u00e9e bernoise et des syndicats. (Image : Fotolia.com)<\/figcaption><\/figure>\n<p>La satisfaction au travail et le stress varient selon les personnes, les qualifications, les fonctions et les entreprises. Les conditions et l'ambiance de travail influencent la motivation individuelle au travail, tout comme la perception de la confiance, de la reconnaissance et des perspectives. La participation aux d\u00e9veloppements et aux succ\u00e8s de l'entreprise sont \u00e9galement des facteurs de motivation pour les collaborateurs. Enfin, des crit\u00e8res ext\u00e9rieurs \u00e0 l'entreprise influencent l'ambiance de travail, par exemple la sant\u00e9, le niveau de vie, le sentiment d'appartenance \u00e0 une communaut\u00e9 et l'autonomie en mati\u00e8re de temps.<\/p>\n<h2>Les collaborateurs critiquent la situation de travail<\/h2>\n<p>Manifestement, la satisfaction au travail et la satisfaction dans la vie sont \u00e9troitement li\u00e9es, mais souvent d\u00e9s\u00e9quilibr\u00e9es. Dans les enqu\u00eates les plus diverses, les critiques des collaborateurs sur le manque de coordination dans la collaboration, les interruptions de travail impr\u00e9vues, la pression excessive du temps, les heures suppl\u00e9mentaires trop nombreuses et la compatibilit\u00e9 r\u00e9duite avec la vie priv\u00e9e sont nombreuses. Des sentiments d'exploitation, un manque d'information et des sup\u00e9rieurs opportunistes sont \u00e9galement r\u00e9guli\u00e8rement d\u00e9plor\u00e9s, tout comme des probl\u00e8mes de concentration, la peur de faire des erreurs, l'\u00e9puisement et l'insomnie. De plus, les changements pr\u00e9visibles dans le monde du travail, tels que l'automatisation, la num\u00e9risation et la rationalisation des t\u00e2ches et des processus de travail, ont un impact n\u00e9gatif sur de nombreux employ\u00e9s.<\/p>\n<h2>Mesures de compensation<\/h2>\n<p>Il est \u00e9vident que de telles conditions de travail r\u00e9duisent la motivation et la productivit\u00e9 de nombreux collaborateurs. Les institutions et les entreprises qui s'engagent pour des conditions de travail plus \u00e9quilibr\u00e9es de leurs collaborateurs ont un avantage concurrentiel. Une condition pr\u00e9alable \u00e0 la promotion de la sant\u00e9 en entreprise et \u00e0 la pr\u00e9vention du stress est la connaissance de la situation de l'entreprise et des besoins personnels : par exemple l'\u00e9panouissement personnel, la performance, le d\u00e9veloppement, le succ\u00e8s et la reconnaissance, mais aussi la sant\u00e9, l'engagement social, la famille, les amis et le plaisir de vivre. Les enqu\u00eates men\u00e9es aupr\u00e8s des collaborateurs permettent de valider non seulement la constitution et les besoins de l'entreprise, mais aussi les mesures de compensation appropri\u00e9es contre les diff\u00e9rents facteurs de stress.<\/p>\n<p>La liste ci-dessous n'est pas exhaustive :<\/p>\n<ol>\n<li>Planification int\u00e9gr\u00e9e des projets et des d\u00e9lais ;<\/li>\n<li>Processus d'adaptation des d\u00e9lais et de participation aux d\u00e9cisions ;<\/li>\n<li>R\u00e8gles d'information de la coop\u00e9ration ;<\/li>\n<li>Gestion transparente des interfaces ;<\/li>\n<li>R\u00e9unions plus courtes en position debout plut\u00f4t qu'assise ;<\/li>\n<li>Postes de travail de bureau prot\u00e9g\u00e9s ;<\/li>\n<li>Options et r\u00e8gles de travail \u00e0 domicile ;<\/li>\n<li>Horaires de travail adapt\u00e9s aux navetteurs ;<\/li>\n<li>Gestion des affectations et des heures suppl\u00e9mentaires, et bien d'autres choses encore.<\/li>\n<\/ol>\n<p>L'implication des collaborateurs fournit aux responsables des bases accept\u00e9es pour des mesures compensatoires efficaces. Il est important qu'elles puissent \u00eatre appliqu\u00e9es de mani\u00e8re simple et transparente dans les diff\u00e9rents domaines de travail. Il en r\u00e9sultera moins d'absences et de fluctuations, plus de concentration et d'identification des collaborateurs.<\/p>\n<h2>Besoin de rattrapage<\/h2>\n<p>Les r\u00e9sultats de l'\u00e9tude mentionn\u00e9e ont \u00e9t\u00e9 publi\u00e9s en octobre 2018. Pour plus d'informations <a href=\"https:\/\/www.travailsuisse.ch\/themen\/arbeit\/barometer_gute_arbeit\">ici<\/a> et <a href=\"https:\/\/syna.ch\/aktuell\/und-der-druck-steigt-weiter\">ici (y compris le graphique interactif)<\/a>. Autres <a href=\"https:\/\/www.organisator.ch\/schweizer-bevoelkerung-zufrieden-im-job-aber-schlecht-vorbereitet-fuer-die-zukuenftige-arbeitswelt\/\">\u00c9tudes<\/a> donnent certes une image plus positive de la satisfaction au travail, mais consid\u00e8rent globalement qu'il y a \u00e9galement un besoin de rattrapage dans de nombreux domaines en mati\u00e8re de promotion de la sant\u00e9 en entreprise.<\/p>\n<p><em><strong>Auteur :<br \/>\n<\/strong>Jens Feger est propri\u00e9taire de Feger Marketing, <a href=\"http:\/\/www.fegermarketing.ch\">www.fegermarketing.ch<\/a><\/em><\/p>","protected":false},"excerpt":{"rendered":"<p>Die Arbeitszufriedenheit und Stress variieren je nach Person, Qualifikation, Funktion und Betrieb. Arbeitsbedingungen und Arbeitsklima beeinflussen die individuelle Arbeitsmotivation ebenso wie die Wahrnehmung von Vertrauen, Anerkennung und Perspektiven. Auch die Beteiligung an betrieblichen Entwicklungen und Erfolgen sind Motivationsfaktoren f\u00fcr die Mitarbeitenden. Nicht zuletzt beeinflussen ausserbetriebliche Kriterien die Arbeitsstimmung, beispielsweise Gesundheit, Lebensstandard, Gemeinschaftsgef\u00fchl und Zeitautonomie. Mitarbeitende [&hellip;]<\/p>\n","protected":false},"author":4,"featured_media":4941,"comment_status":"open","ping_status":"open","sticky":false,"template":"","format":"standard","meta":{"_acf_changed":false,"_yoast_wpseo_focuskw":"Betriebliche Gesundheitsf\u00f6rderung","_yoast_wpseo_metadesc":"40% der Arbeitenden f\u00fchlen sich oft gestresst und 30% stark durch Stress belastet, was die Motivation und Produktivit\u00e4t der Mitarbeitenden reduzieren kann.","articlekey":"","footnotes":""},"categories":[25],"tags":[77,208,254,459],"class_list":["post-4933","post","type-post","status-publish","format-standard","has-post-thumbnail","hentry","category-fit_im_job","tag-betriebliches-gesundheitsmanagement","tag-fit-im-job","tag-hrm","tag-studie"],"acf":[],"yoast_head":"<!-- This site is optimized with the Yoast SEO plugin v27.5 - https:\/\/yoast.com\/product\/yoast-seo-wordpress\/ -->\n<title>Betriebliche Gesundheitsf\u00f6rderung: Ausgleich macht erfolgreich - Organisator<\/title>\n<meta name=\"description\" content=\"40% der Arbeitenden f\u00fchlen sich oft gestresst und 30% stark durch Stress belastet, was die Motivation und Produktivit\u00e4t der Mitarbeitenden reduzieren kann.\" \/>\n<meta name=\"robots\" content=\"index, follow, max-snippet:-1, max-image-preview:large, max-video-preview:-1\" \/>\n<link rel=\"canonical\" href=\"https:\/\/www.organisator.ch\/fr\/ressources-humaines\/fit_im_job\/2019-02-25\/betriebliche-gesundheitsfoerderung-ausgleich-macht-erfolgreich\/\" \/>\n<meta property=\"og:locale\" content=\"fr_FR\" \/>\n<meta property=\"og:type\" content=\"article\" \/>\n<meta property=\"og:title\" content=\"Betriebliche Gesundheitsf\u00f6rderung: Ausgleich macht erfolgreich\" \/>\n<meta property=\"og:description\" content=\"40% der Arbeitenden f\u00fchlen sich oft gestresst und 30% stark durch Stress belastet, was die Motivation und Produktivit\u00e4t der Mitarbeitenden reduzieren kann.\" \/>\n<meta property=\"og:url\" content=\"https:\/\/www.organisator.ch\/fr\/ressources-humaines\/fit_im_job\/2019-02-25\/betriebliche-gesundheitsfoerderung-ausgleich-macht-erfolgreich\/\" \/>\n<meta property=\"og:site_name\" content=\"Organisator\" \/>\n<meta property=\"article:publisher\" content=\"https:\/\/www.facebook.com\/OrganisatorFachmagazin\" \/>\n<meta property=\"article:published_time\" content=\"2019-02-25T10:28:11+00:00\" \/>\n<meta property=\"og:image\" content=\"https:\/\/www.organisator.ch\/wp-content\/uploads\/2019\/02\/Betriebliche-Gesundheitsfoerderung-Ausgleich-macht-erfolgreich_Organisator.jpg\" \/>\n\t<meta property=\"og:image:width\" content=\"680\" \/>\n\t<meta property=\"og:image:height\" content=\"446\" \/>\n\t<meta property=\"og:image:type\" content=\"image\/jpeg\" \/>\n<meta name=\"author\" content=\"thomas.berner\" \/>\n<meta name=\"twitter:card\" content=\"summary_large_image\" \/>\n<meta name=\"twitter:title\" content=\"Betriebliche #Gesundheitsf\u00f6rderung: Ausgleich macht erfolgreich\" \/>\n<meta name=\"twitter:description\" content=\"40% der Arbeitenden f\u00fchlen sich oft gestresst und 30% stark durch #Stress belastet, was die Motivation und Produktivit\u00e4t der Mitarbeitenden reduzieren kann.\" \/>\n<meta name=\"twitter:image\" content=\"https:\/\/www.organisator.ch\/wp-content\/uploads\/2019\/02\/Betriebliche-Gesundheitsf\u00f6rderung-Ausgleich-macht-erfolgreich_Organisator.jpg\" \/>\n<script type=\"application\/ld+json\" class=\"yoast-schema-graph\">{\"@context\":\"https:\\\/\\\/schema.org\",\"@graph\":[{\"@type\":\"Article\",\"@id\":\"https:\\\/\\\/www.organisator.ch\\\/human-resources\\\/fit_im_job\\\/2019-02-25\\\/betriebliche-gesundheitsfoerderung-ausgleich-macht-erfolgreich\\\/#article\",\"isPartOf\":{\"@id\":\"https:\\\/\\\/www.organisator.ch\\\/human-resources\\\/fit_im_job\\\/2019-02-25\\\/betriebliche-gesundheitsfoerderung-ausgleich-macht-erfolgreich\\\/\"},\"author\":{\"name\":\"thomas.berner\",\"@id\":\"https:\\\/\\\/www.organisator.ch\\\/#\\\/schema\\\/person\\\/6f650f90b2842cd4c0cc334b4e36f67e\"},\"headline\":\"Betriebliche Gesundheitsf\u00f6rderung: Ausgleich macht erfolgreich\",\"datePublished\":\"2019-02-25T10:28:11+00:00\",\"mainEntityOfPage\":{\"@id\":\"https:\\\/\\\/www.organisator.ch\\\/human-resources\\\/fit_im_job\\\/2019-02-25\\\/betriebliche-gesundheitsfoerderung-ausgleich-macht-erfolgreich\\\/\"},\"wordCount\":405,\"commentCount\":0,\"publisher\":{\"@id\":\"https:\\\/\\\/www.organisator.ch\\\/#organization\"},\"image\":{\"@id\":\"https:\\\/\\\/www.organisator.ch\\\/human-resources\\\/fit_im_job\\\/2019-02-25\\\/betriebliche-gesundheitsfoerderung-ausgleich-macht-erfolgreich\\\/#primaryimage\"},\"thumbnailUrl\":\"https:\\\/\\\/www.organisator.ch\\\/wp-content\\\/uploads\\\/2019\\\/02\\\/Betriebliche-Gesundheitsfoerderung-Ausgleich-macht-erfolgreich_Organisator.jpg\",\"keywords\":[\"Betriebliches Gesundheitsmanagement\",\"Fit im Job\",\"HRM\",\"Studie\"],\"articleSection\":[\"FIT IM JOB\"],\"inLanguage\":\"fr-FR\"},{\"@type\":\"WebPage\",\"@id\":\"https:\\\/\\\/www.organisator.ch\\\/human-resources\\\/fit_im_job\\\/2019-02-25\\\/betriebliche-gesundheitsfoerderung-ausgleich-macht-erfolgreich\\\/\",\"url\":\"https:\\\/\\\/www.organisator.ch\\\/human-resources\\\/fit_im_job\\\/2019-02-25\\\/betriebliche-gesundheitsfoerderung-ausgleich-macht-erfolgreich\\\/\",\"name\":\"Betriebliche Gesundheitsf\u00f6rderung: Ausgleich macht erfolgreich - Organisator\",\"isPartOf\":{\"@id\":\"https:\\\/\\\/www.organisator.ch\\\/#website\"},\"primaryImageOfPage\":{\"@id\":\"https:\\\/\\\/www.organisator.ch\\\/human-resources\\\/fit_im_job\\\/2019-02-25\\\/betriebliche-gesundheitsfoerderung-ausgleich-macht-erfolgreich\\\/#primaryimage\"},\"image\":{\"@id\":\"https:\\\/\\\/www.organisator.ch\\\/human-resources\\\/fit_im_job\\\/2019-02-25\\\/betriebliche-gesundheitsfoerderung-ausgleich-macht-erfolgreich\\\/#primaryimage\"},\"thumbnailUrl\":\"https:\\\/\\\/www.organisator.ch\\\/wp-content\\\/uploads\\\/2019\\\/02\\\/Betriebliche-Gesundheitsfoerderung-Ausgleich-macht-erfolgreich_Organisator.jpg\",\"datePublished\":\"2019-02-25T10:28:11+00:00\",\"description\":\"40% der Arbeitenden f\u00fchlen sich oft gestresst und 30% stark durch Stress belastet, was die Motivation und Produktivit\u00e4t der Mitarbeitenden reduzieren kann.\",\"breadcrumb\":{\"@id\":\"https:\\\/\\\/www.organisator.ch\\\/human-resources\\\/fit_im_job\\\/2019-02-25\\\/betriebliche-gesundheitsfoerderung-ausgleich-macht-erfolgreich\\\/#breadcrumb\"},\"inLanguage\":\"fr-FR\",\"potentialAction\":[{\"@type\":\"ReadAction\",\"target\":[\"https:\\\/\\\/www.organisator.ch\\\/human-resources\\\/fit_im_job\\\/2019-02-25\\\/betriebliche-gesundheitsfoerderung-ausgleich-macht-erfolgreich\\\/\"]}]},{\"@type\":\"ImageObject\",\"inLanguage\":\"fr-FR\",\"@id\":\"https:\\\/\\\/www.organisator.ch\\\/human-resources\\\/fit_im_job\\\/2019-02-25\\\/betriebliche-gesundheitsfoerderung-ausgleich-macht-erfolgreich\\\/#primaryimage\",\"url\":\"https:\\\/\\\/www.organisator.ch\\\/wp-content\\\/uploads\\\/2019\\\/02\\\/Betriebliche-Gesundheitsfoerderung-Ausgleich-macht-erfolgreich_Organisator.jpg\",\"contentUrl\":\"https:\\\/\\\/www.organisator.ch\\\/wp-content\\\/uploads\\\/2019\\\/02\\\/Betriebliche-Gesundheitsfoerderung-Ausgleich-macht-erfolgreich_Organisator.jpg\",\"width\":680,\"height\":446,\"caption\":\"Ausgleich macht erfolgreich: Hier sollte betriebliche Gesundheitsf\u00f6rderung ansetzen, so eine Folgerung einer Studie der Berner Fachhochschule und Gewerkschaften. (Bild: Fotolia.com)\"},{\"@type\":\"BreadcrumbList\",\"@id\":\"https:\\\/\\\/www.organisator.ch\\\/human-resources\\\/fit_im_job\\\/2019-02-25\\\/betriebliche-gesundheitsfoerderung-ausgleich-macht-erfolgreich\\\/#breadcrumb\",\"itemListElement\":[{\"@type\":\"ListItem\",\"position\":1,\"name\":\"Home\",\"item\":\"https:\\\/\\\/www.organisator.ch\\\/\"},{\"@type\":\"ListItem\",\"position\":2,\"name\":\"Betriebliche Gesundheitsf\u00f6rderung: Ausgleich macht erfolgreich\"}]},{\"@type\":\"WebSite\",\"@id\":\"https:\\\/\\\/www.organisator.ch\\\/#website\",\"url\":\"https:\\\/\\\/www.organisator.ch\\\/\",\"name\":\"Organisator\",\"description\":\"Kompetent. Praxisnah. Der ORGANISATOR bereitet in 10 Ausgaben pro Jahr die wesentlichen Themen f\u00fcr F\u00fchrungskr\u00e4fte von KMU auf.\",\"publisher\":{\"@id\":\"https:\\\/\\\/www.organisator.ch\\\/#organization\"},\"potentialAction\":[{\"@type\":\"SearchAction\",\"target\":{\"@type\":\"EntryPoint\",\"urlTemplate\":\"https:\\\/\\\/www.organisator.ch\\\/?s={search_term_string}\"},\"query-input\":{\"@type\":\"PropertyValueSpecification\",\"valueRequired\":true,\"valueName\":\"search_term_string\"}}],\"inLanguage\":\"fr-FR\"},{\"@type\":\"Organization\",\"@id\":\"https:\\\/\\\/www.organisator.ch\\\/#organization\",\"name\":\"Organisator\",\"url\":\"https:\\\/\\\/www.organisator.ch\\\/\",\"logo\":{\"@type\":\"ImageObject\",\"inLanguage\":\"fr-FR\",\"@id\":\"https:\\\/\\\/www.organisator.ch\\\/#\\\/schema\\\/logo\\\/image\\\/\",\"url\":\"https:\\\/\\\/www.organisator.ch\\\/wp-content\\\/uploads\\\/2022\\\/01\\\/Logo_Organisator_Website.png\",\"contentUrl\":\"https:\\\/\\\/www.organisator.ch\\\/wp-content\\\/uploads\\\/2022\\\/01\\\/Logo_Organisator_Website.png\",\"width\":800,\"height\":77,\"caption\":\"Organisator\"},\"image\":{\"@id\":\"https:\\\/\\\/www.organisator.ch\\\/#\\\/schema\\\/logo\\\/image\\\/\"},\"sameAs\":[\"https:\\\/\\\/www.facebook.com\\\/OrganisatorFachmagazin\",\"https:\\\/\\\/www.linkedin.com\\\/showcase\\\/organisator-das-magazin-fr-kmu\",\"https:\\\/\\\/www.xing.com\\\/news\\\/pages\\\/organisator-ch-695\",\"https:\\\/\\\/www.youtube.com\\\/channel\\\/UCGP2Sq0iWaZwT3BdIAQFYpw\"]},{\"@type\":\"Person\",\"@id\":\"https:\\\/\\\/www.organisator.ch\\\/#\\\/schema\\\/person\\\/6f650f90b2842cd4c0cc334b4e36f67e\",\"name\":\"thomas.berner\",\"image\":{\"@type\":\"ImageObject\",\"inLanguage\":\"fr-FR\",\"@id\":\"https:\\\/\\\/secure.gravatar.com\\\/avatar\\\/ac5001d2a36cb6c6cd3e50789007ffca834b477b74a2144564522e944eabff61?s=96&d=mm&r=g\",\"url\":\"https:\\\/\\\/secure.gravatar.com\\\/avatar\\\/ac5001d2a36cb6c6cd3e50789007ffca834b477b74a2144564522e944eabff61?s=96&d=mm&r=g\",\"contentUrl\":\"https:\\\/\\\/secure.gravatar.com\\\/avatar\\\/ac5001d2a36cb6c6cd3e50789007ffca834b477b74a2144564522e944eabff61?s=96&d=mm&r=g\",\"caption\":\"thomas.berner\"},\"url\":\"https:\\\/\\\/www.organisator.ch\\\/fr\\\/author\\\/thomas-berner\\\/\"}]}<\/script>\n<!-- \/ Yoast SEO plugin. -->","yoast_head_json":{"title":"Promotion de la sant\u00e9 en entreprise : l'\u00e9quilibre fait le succ\u00e8s - Organisateur","description":"40% des travailleurs se sentent souvent stress\u00e9s et 30% fortement affect\u00e9s par le stress, ce qui peut r\u00e9duire la motivation et la productivit\u00e9 des collaborateurs.","robots":{"index":"index","follow":"follow","max-snippet":"max-snippet:-1","max-image-preview":"max-image-preview:large","max-video-preview":"max-video-preview:-1"},"canonical":"https:\/\/www.organisator.ch\/fr\/ressources-humaines\/fit_im_job\/2019-02-25\/betriebliche-gesundheitsfoerderung-ausgleich-macht-erfolgreich\/","og_locale":"fr_FR","og_type":"article","og_title":"Betriebliche Gesundheitsf\u00f6rderung: Ausgleich macht erfolgreich","og_description":"40% der Arbeitenden f\u00fchlen sich oft gestresst und 30% stark durch Stress belastet, was die Motivation und Produktivit\u00e4t der Mitarbeitenden reduzieren kann.","og_url":"https:\/\/www.organisator.ch\/fr\/ressources-humaines\/fit_im_job\/2019-02-25\/betriebliche-gesundheitsfoerderung-ausgleich-macht-erfolgreich\/","og_site_name":"Organisator","article_publisher":"https:\/\/www.facebook.com\/OrganisatorFachmagazin","article_published_time":"2019-02-25T10:28:11+00:00","og_image":[{"width":680,"height":446,"url":"https:\/\/www.organisator.ch\/wp-content\/uploads\/2019\/02\/Betriebliche-Gesundheitsfoerderung-Ausgleich-macht-erfolgreich_Organisator.jpg","type":"image\/jpeg"}],"author":"thomas.berner","twitter_card":"summary_large_image","twitter_title":"Betriebliche #Gesundheitsf\u00f6rderung: Ausgleich macht erfolgreich","twitter_description":"40% der Arbeitenden f\u00fchlen sich oft gestresst und 30% stark durch #Stress belastet, was die Motivation und Produktivit\u00e4t der Mitarbeitenden reduzieren kann.","twitter_image":"https:\/\/www.organisator.ch\/wp-content\/uploads\/2019\/02\/Betriebliche-Gesundheitsf\u00f6rderung-Ausgleich-macht-erfolgreich_Organisator.jpg","schema":{"@context":"https:\/\/schema.org","@graph":[{"@type":"Article","@id":"https:\/\/www.organisator.ch\/human-resources\/fit_im_job\/2019-02-25\/betriebliche-gesundheitsfoerderung-ausgleich-macht-erfolgreich\/#article","isPartOf":{"@id":"https:\/\/www.organisator.ch\/human-resources\/fit_im_job\/2019-02-25\/betriebliche-gesundheitsfoerderung-ausgleich-macht-erfolgreich\/"},"author":{"name":"thomas.berner","@id":"https:\/\/www.organisator.ch\/#\/schema\/person\/6f650f90b2842cd4c0cc334b4e36f67e"},"headline":"Betriebliche Gesundheitsf\u00f6rderung: Ausgleich macht erfolgreich","datePublished":"2019-02-25T10:28:11+00:00","mainEntityOfPage":{"@id":"https:\/\/www.organisator.ch\/human-resources\/fit_im_job\/2019-02-25\/betriebliche-gesundheitsfoerderung-ausgleich-macht-erfolgreich\/"},"wordCount":405,"commentCount":0,"publisher":{"@id":"https:\/\/www.organisator.ch\/#organization"},"image":{"@id":"https:\/\/www.organisator.ch\/human-resources\/fit_im_job\/2019-02-25\/betriebliche-gesundheitsfoerderung-ausgleich-macht-erfolgreich\/#primaryimage"},"thumbnailUrl":"https:\/\/www.organisator.ch\/wp-content\/uploads\/2019\/02\/Betriebliche-Gesundheitsfoerderung-Ausgleich-macht-erfolgreich_Organisator.jpg","keywords":["Betriebliches Gesundheitsmanagement","Fit im Job","HRM","Studie"],"articleSection":["FIT IM JOB"],"inLanguage":"fr-FR"},{"@type":"WebPage","@id":"https:\/\/www.organisator.ch\/human-resources\/fit_im_job\/2019-02-25\/betriebliche-gesundheitsfoerderung-ausgleich-macht-erfolgreich\/","url":"https:\/\/www.organisator.ch\/human-resources\/fit_im_job\/2019-02-25\/betriebliche-gesundheitsfoerderung-ausgleich-macht-erfolgreich\/","name":"Promotion de la sant\u00e9 en entreprise : l'\u00e9quilibre fait le succ\u00e8s - Organisateur","isPartOf":{"@id":"https:\/\/www.organisator.ch\/#website"},"primaryImageOfPage":{"@id":"https:\/\/www.organisator.ch\/human-resources\/fit_im_job\/2019-02-25\/betriebliche-gesundheitsfoerderung-ausgleich-macht-erfolgreich\/#primaryimage"},"image":{"@id":"https:\/\/www.organisator.ch\/human-resources\/fit_im_job\/2019-02-25\/betriebliche-gesundheitsfoerderung-ausgleich-macht-erfolgreich\/#primaryimage"},"thumbnailUrl":"https:\/\/www.organisator.ch\/wp-content\/uploads\/2019\/02\/Betriebliche-Gesundheitsfoerderung-Ausgleich-macht-erfolgreich_Organisator.jpg","datePublished":"2019-02-25T10:28:11+00:00","description":"40% des travailleurs se sentent souvent stress\u00e9s et 30% fortement affect\u00e9s par le stress, ce qui peut r\u00e9duire la motivation et la productivit\u00e9 des collaborateurs.","breadcrumb":{"@id":"https:\/\/www.organisator.ch\/human-resources\/fit_im_job\/2019-02-25\/betriebliche-gesundheitsfoerderung-ausgleich-macht-erfolgreich\/#breadcrumb"},"inLanguage":"fr-FR","potentialAction":[{"@type":"ReadAction","target":["https:\/\/www.organisator.ch\/human-resources\/fit_im_job\/2019-02-25\/betriebliche-gesundheitsfoerderung-ausgleich-macht-erfolgreich\/"]}]},{"@type":"ImageObject","inLanguage":"fr-FR","@id":"https:\/\/www.organisator.ch\/human-resources\/fit_im_job\/2019-02-25\/betriebliche-gesundheitsfoerderung-ausgleich-macht-erfolgreich\/#primaryimage","url":"https:\/\/www.organisator.ch\/wp-content\/uploads\/2019\/02\/Betriebliche-Gesundheitsfoerderung-Ausgleich-macht-erfolgreich_Organisator.jpg","contentUrl":"https:\/\/www.organisator.ch\/wp-content\/uploads\/2019\/02\/Betriebliche-Gesundheitsfoerderung-Ausgleich-macht-erfolgreich_Organisator.jpg","width":680,"height":446,"caption":"Ausgleich macht erfolgreich: Hier sollte betriebliche Gesundheitsf\u00f6rderung ansetzen, so eine Folgerung einer Studie der Berner Fachhochschule und Gewerkschaften. (Bild: Fotolia.com)"},{"@type":"BreadcrumbList","@id":"https:\/\/www.organisator.ch\/human-resources\/fit_im_job\/2019-02-25\/betriebliche-gesundheitsfoerderung-ausgleich-macht-erfolgreich\/#breadcrumb","itemListElement":[{"@type":"ListItem","position":1,"name":"Home","item":"https:\/\/www.organisator.ch\/"},{"@type":"ListItem","position":2,"name":"Betriebliche Gesundheitsf\u00f6rderung: Ausgleich macht erfolgreich"}]},{"@type":"WebSite","@id":"https:\/\/www.organisator.ch\/#website","url":"https:\/\/www.organisator.ch\/","name":"Organisateur","description":"Comp\u00e9tence et comp\u00e9tence. Proches de la pratique. L'ORGANISATEUR pr\u00e9pare 10 num\u00e9ros par an sur les th\u00e8mes essentiels pour les dirigeants de PME.","publisher":{"@id":"https:\/\/www.organisator.ch\/#organization"},"potentialAction":[{"@type":"SearchAction","target":{"@type":"EntryPoint","urlTemplate":"https:\/\/www.organisator.ch\/?s={search_term_string}"},"query-input":{"@type":"PropertyValueSpecification","valueRequired":true,"valueName":"search_term_string"}}],"inLanguage":"fr-FR"},{"@type":"Organization","@id":"https:\/\/www.organisator.ch\/#organization","name":"Organisateur","url":"https:\/\/www.organisator.ch\/","logo":{"@type":"ImageObject","inLanguage":"fr-FR","@id":"https:\/\/www.organisator.ch\/#\/schema\/logo\/image\/","url":"https:\/\/www.organisator.ch\/wp-content\/uploads\/2022\/01\/Logo_Organisator_Website.png","contentUrl":"https:\/\/www.organisator.ch\/wp-content\/uploads\/2022\/01\/Logo_Organisator_Website.png","width":800,"height":77,"caption":"Organisator"},"image":{"@id":"https:\/\/www.organisator.ch\/#\/schema\/logo\/image\/"},"sameAs":["https:\/\/www.facebook.com\/OrganisatorFachmagazin","https:\/\/www.linkedin.com\/showcase\/organisator-das-magazin-fr-kmu","https:\/\/www.xing.com\/news\/pages\/organisator-ch-695","https:\/\/www.youtube.com\/channel\/UCGP2Sq0iWaZwT3BdIAQFYpw"]},{"@type":"Person","@id":"https:\/\/www.organisator.ch\/#\/schema\/person\/6f650f90b2842cd4c0cc334b4e36f67e","name":"thomas.berner","image":{"@type":"ImageObject","inLanguage":"fr-FR","@id":"https:\/\/secure.gravatar.com\/avatar\/ac5001d2a36cb6c6cd3e50789007ffca834b477b74a2144564522e944eabff61?s=96&d=mm&r=g","url":"https:\/\/secure.gravatar.com\/avatar\/ac5001d2a36cb6c6cd3e50789007ffca834b477b74a2144564522e944eabff61?s=96&d=mm&r=g","contentUrl":"https:\/\/secure.gravatar.com\/avatar\/ac5001d2a36cb6c6cd3e50789007ffca834b477b74a2144564522e944eabff61?s=96&d=mm&r=g","caption":"thomas.berner"},"url":"https:\/\/www.organisator.ch\/fr\/author\/thomas-berner\/"}]}},"_links":{"self":[{"href":"https:\/\/www.organisator.ch\/fr\/wp-json\/wp\/v2\/posts\/4933","targetHints":{"allow":["GET"]}}],"collection":[{"href":"https:\/\/www.organisator.ch\/fr\/wp-json\/wp\/v2\/posts"}],"about":[{"href":"https:\/\/www.organisator.ch\/fr\/wp-json\/wp\/v2\/types\/post"}],"author":[{"embeddable":true,"href":"https:\/\/www.organisator.ch\/fr\/wp-json\/wp\/v2\/users\/4"}],"replies":[{"embeddable":true,"href":"https:\/\/www.organisator.ch\/fr\/wp-json\/wp\/v2\/comments?post=4933"}],"version-history":[{"count":0,"href":"https:\/\/www.organisator.ch\/fr\/wp-json\/wp\/v2\/posts\/4933\/revisions"}],"wp:featuredmedia":[{"embeddable":true,"href":"https:\/\/www.organisator.ch\/fr\/wp-json\/wp\/v2\/media\/4941"}],"wp:attachment":[{"href":"https:\/\/www.organisator.ch\/fr\/wp-json\/wp\/v2\/media?parent=4933"}],"wp:term":[{"taxonomy":"category","embeddable":true,"href":"https:\/\/www.organisator.ch\/fr\/wp-json\/wp\/v2\/categories?post=4933"},{"taxonomy":"post_tag","embeddable":true,"href":"https:\/\/www.organisator.ch\/fr\/wp-json\/wp\/v2\/tags?post=4933"}],"curies":[{"name":"wp","href":"https:\/\/api.w.org\/{rel}","templated":true}]}}