{"id":4948,"date":"2019-02-26T13:45:28","date_gmt":"2019-02-26T12:45:28","guid":{"rendered":"https:\/\/www.organisator.ch\/?p=4948"},"modified":"2019-02-26T13:45:28","modified_gmt":"2019-02-26T12:45:28","slug":"100-jahre-snv-die-goldenen-zwanziger-ausgelassen-rasant-und-unglaublich-innovativ","status":"publish","type":"post","link":"https:\/\/www.organisator.ch\/fr\/allgemein\/2019-02-26\/100-jahre-snv-die-goldenen-zwanziger-ausgelassen-rasant-und-unglaublich-innovativ\/","title":{"rendered":"100 ans de SNV : les ann\u00e9es folles - exub\u00e9rantes, fulgurantes et incroyablement innovantes"},"content":{"rendered":"<figure id=\"attachment_4960\" aria-describedby=\"caption-attachment-4960\" style=\"width: 680px\" class=\"wp-caption alignnone\"><img loading=\"lazy\" decoding=\"async\" class=\"size-medium wp-image-4960\" src=\"https:\/\/www.organisator.ch\/wp-content\/uploads\/2019\/02\/Die-Goldenen-Zwanziger-Ausgelassen-rasant-und-unglaublich-innovativ_Organisator.jpg\" alt=\"\" width=\"680\" height=\"390\" srcset=\"https:\/\/www.organisator.ch\/wp-content\/uploads\/2019\/02\/Die-Goldenen-Zwanziger-Ausgelassen-rasant-und-unglaublich-innovativ_Organisator.jpg 680w, https:\/\/www.organisator.ch\/wp-content\/uploads\/2019\/02\/Die-Goldenen-Zwanziger-Ausgelassen-rasant-und-unglaublich-innovativ_Organisator-16x9.jpg 16w, https:\/\/www.organisator.ch\/wp-content\/uploads\/2019\/02\/Die-Goldenen-Zwanziger-Ausgelassen-rasant-und-unglaublich-innovativ_Organisator-305x175.jpg 305w, https:\/\/www.organisator.ch\/wp-content\/uploads\/2019\/02\/Die-Goldenen-Zwanziger-Ausgelassen-rasant-und-unglaublich-innovativ_Organisator-610x350.jpg 610w, https:\/\/www.organisator.ch\/wp-content\/uploads\/2019\/02\/Die-Goldenen-Zwanziger-Ausgelassen-rasant-und-unglaublich-innovativ_Organisator-300x172.jpg 300w\" sizes=\"auto, (max-width: 680px) 100vw, 680px\" \/><figcaption id=\"caption-attachment-4960\" class=\"wp-caption-text\">Des jeunes femmes en jupes courtes dansent joyeusement le charleston toute la nuit. (Image : zVg \/ SNV)<\/figcaption><\/figure>\n<p>Une g\u00e9n\u00e9ration de jeunes hommes est effac\u00e9e ou traumatis\u00e9e. C'est peut-\u00eatre l'abattement collectif et le sentiment de n'avoir plus rien \u00e0 perdre qui provoquent un \u00e9lan et un bouleversement ph\u00e9nom\u00e9naux. Les ann\u00e9es 1920 ne sont pas seulement synonymes de rythmes rapides et de sons de trompettes envo\u00fbtants, c'est aussi une d\u00e9cennie riche en inventions remarquables. Les th\u00e8mes suivants sont abord\u00e9s ici :<\/p>\n<h2><strong>M\u00e9decine : La d\u00e9couverte de la p\u00e9nicilline<\/strong><\/h2>\n<p>En septembre 1928, le bact\u00e9riologiste \u00e9cossais Alexander Fleming remarque par hasard dans son laboratoire qu'une moisissure a un effet inhibiteur sur la croissance de ses cultures de staphylocoques oubli\u00e9es. D'autres recherches conduiront plus tard \u00e0 la p\u00e9nicilline, un antibiotique qui augmentera consid\u00e9rablement l'esp\u00e9rance de vie des hommes. Pour sa d\u00e9couverte, Fleming re\u00e7oit le prix Nobel en 1945 avec Howard Walter Florey et Ernst Boris Chain, qui poursuivent ses recherches, \"pour la d\u00e9couverte de la p\u00e9nicilline et de son action curative dans diverses maladies infectieuses\".<\/p>\n<p>La normalisation fournit un travail pr\u00e9cieux pour les \u00e9quipements et les appareils de laboratoire, car c'est gr\u00e2ce \u00e0 elle que les instruments et les mat\u00e9riaux sont compatibles et que le processus est efficace. Par exemple, l'introduction de couleurs et de raccords normalis\u00e9s pour les gaz a permis de garantir que l'anesth\u00e9siste ne confond pas le protoxyde d'azote, l'oxyg\u00e8ne et l'azote.<\/p>\n<h2><strong>Physique : Albert Einstein re\u00e7oit le prix Nobel<\/strong><\/h2>\n<p>Comme le jeune Allemand Albert Einstein veut \u00e9tudier \u00e0 l'actuelle EPF de Zurich, il d\u00e9m\u00e9nage \u00e0 17 ans \u00e0 Aarau, o\u00f9 il passe sa maturit\u00e9 et obtient ensuite son dipl\u00f4me d'enseignant sp\u00e9cialis\u00e9 en math\u00e9matiques et en physique. Se doute-t-il \u00e0 l'\u00e9poque qu'il sera plus tard consid\u00e9r\u00e9 comme le scientifique des temps modernes le plus connu au monde ? Apr\u00e8s divers travaux de recherche et publications, son parcours le m\u00e8ne \u00e0 l'Office des brevets de Berne, puis \u00e0 l'enseignement dans diff\u00e9rentes universit\u00e9s. En d\u00e9cembre 1922, Albert Einstein est r\u00e9compens\u00e9 par le prix Nobel \"pour ses m\u00e9rites en physique th\u00e9orique, en particulier pour sa d\u00e9couverte de la loi de l'effet photo\u00e9lectrique\".<\/p>\n<h2><strong>Quel est le rapport entre l'innovation et les normes ?<\/strong><\/h2>\n<p>Les normes peuvent servir de catalyseur pour les innovations et aider \u00e0 ancrer plus rapidement les solutions sur le march\u00e9. Il peut \u00eatre d\u00e9cisif pour le succ\u00e8s commercial d'introduire des aspects d'une innovation dans la normalisation afin de pr\u00e9parer le march\u00e9 \u00e0 celle-ci. Les innovations qui s'\u00e9tendent au-del\u00e0 des secteurs et des cha\u00eenes de cr\u00e9ation de valeur, en particulier, sont de plus en plus importantes. Les normes apportent d'autres avantages :<\/p>\n<ul>\n<li><strong>Les normes comme catalyseurs de l'innovation : <\/strong>Les normes peuvent servir de catalyseur pour les innovations et aider \u00e0 ancrer plus rapidement les solutions sur le march\u00e9. Il peut \u00eatre d\u00e9cisif pour le succ\u00e8s commercial d'introduire des aspects d'une innovation dans la normalisation afin de pr\u00e9parer le march\u00e9 \u00e0 celle-ci. Les innovations qui s'\u00e9tendent au-del\u00e0 des secteurs et des cha\u00eenes de cr\u00e9ation de valeur, en particulier, sont de plus en plus importantes.<\/li>\n<li><strong>Les normes d\u00e9finissent les interfaces et les exigences de compatibilit\u00e9 : <\/strong>Dans le monde en r\u00e9seau d'aujourd'hui, des interfaces clairement d\u00e9finies et la compatibilit\u00e9 entre les diff\u00e9rents composants et syst\u00e8mes sont plus importantes que jamais. Les fournisseurs transfrontaliers, en particulier, doivent veiller \u00e0 ce qu'\u00e0 l'\u00e8re de l'industrie 4.0, ils continuent \u00e0 s'adapter aux exigences op\u00e9rationnelles des entreprises qu'ils approvisionnent. Ceux qui ne respectent pas les normes peuvent rapidement \u00eatre exclus du march\u00e9.<\/li>\n<li><strong>Les normes facilitent l'acc\u00e8s au march\u00e9 : <\/strong>Les normes, en tant que langage technique mondial, r\u00e9duisent les obstacles techniques au commerce et facilitent la libre circulation des marchandises. Les normes servent \u00e0 ouvrir des portes et \u00e0 promouvoir les exportations : les normes europ\u00e9ennes (EN) ouvrent l'acc\u00e8s au march\u00e9 int\u00e9rieur de l'UE, les normes internationales (ISO) au march\u00e9 mondial. En Europe, le principe suivant s'applique aujourd'hui aux marchandises : une norme - un test - accept\u00e9 partout.<\/li>\n<li><strong>Les normes servent \u00e0 r\u00e9duire les co\u00fbts : <\/strong>Les normes permettent d'accro\u00eetre l'efficacit\u00e9 et de r\u00e9duire les co\u00fbts dans tous les domaines de l'entreprise, comme par exemple la R&amp;D (recherche et d\u00e9veloppement), la conception, les achats, la fabrication et l'ing\u00e9nierie de la qualit\u00e9 et des syst\u00e8mes. En outre, les normes permettent une production plus rationnelle et moins co\u00fbteuse et r\u00e9pondent ainsi au souhait des consommateurs de b\u00e9n\u00e9ficier de prestations bon march\u00e9 tout en conservant une bonne qualit\u00e9.<\/li>\n<li><strong>Les normes am\u00e9liorent la s\u00e9curit\u00e9 des produits : <\/strong>Les normes d\u00e9finissent des exigences de qualit\u00e9 et des exigences minimales et fournissent des solutions reconnues pour la protection des consommateurs, de la sant\u00e9, de la s\u00e9curit\u00e9 et de l'environnement. Il est prouv\u00e9 que le respect des normes de qualit\u00e9 et de s\u00e9curit\u00e9 permet de r\u00e9duire le risque d'accident, contribuant ainsi grandement \u00e0 la protection de la sant\u00e9 des consommateurs et des travailleurs.<\/li>\n<li><strong>Les normes r\u00e9duisent le risque de responsabilit\u00e9 du fait des produits : <\/strong>Les normes apportent de la clart\u00e9 sur les caract\u00e9ristiques d'un produit et sont consid\u00e9r\u00e9es comme des r\u00e8gles techniques claires et reconnues. Dans les contrats, la r\u00e9f\u00e9rence aux normes offre une s\u00e9curit\u00e9 juridique accrue. En outre, les lois, ordonnances et prescriptions font de plus en plus souvent r\u00e9f\u00e9rence \u00e0 des normes nationales, europ\u00e9ennes ou internationales pour les adapter au niveau de d\u00e9veloppement technique.<\/li>\n<\/ul>\n<h2>Galerie d'images : C'\u00e9tait les ann\u00e9es 1920<\/h2>\n<p>&nbsp;<\/p>\n<div id='gallery-1' class='gallery galleryid-4948 gallery-columns-3 gallery-size-thumbnail'><figure class='gallery-item'>\n\t\t\t<div class='gallery-icon landscape'>\n\t\t\t\t<a href='https:\/\/www.organisator.ch\/fr\/allgemein\/2019-02-26\/100-jahre-snv-die-goldenen-zwanziger-ausgelassen-rasant-und-unglaublich-innovativ\/attachment\/abb-maschinen\/'><img loading=\"lazy\" decoding=\"async\" width=\"150\" height=\"150\" src=\"https:\/\/www.organisator.ch\/wp-content\/uploads\/2019\/02\/ABB-Maschinen-150x150.jpg\" class=\"attachment-thumbnail size-thumbnail\" alt=\"\" aria-describedby=\"gallery-1-4955\" srcset=\"https:\/\/www.organisator.ch\/wp-content\/uploads\/2019\/02\/ABB-Maschinen-150x150.jpg 150w, https:\/\/www.organisator.ch\/wp-content\/uploads\/2019\/02\/ABB-Maschinen-100x100.jpg 100w\" sizes=\"auto, (max-width: 150px) 100vw, 150px\" \/><\/a>\n\t\t\t<\/div>\n\t\t\t\t<figcaption class='wp-caption-text gallery-caption' id='gallery-1-4955'>\n\t\t\t\tBBC (aujourd'hui ABB) re\u00e7oit la commande de construire la plus grande unit\u00e9 de machines du monde pour New York. (Image : zVg \/ ABB)\n\t\t\t\t<\/figcaption><\/figure><figure class='gallery-item'>\n\t\t\t<div class='gallery-icon landscape'>\n\t\t\t\t<a href='https:\/\/www.organisator.ch\/fr\/allgemein\/2019-02-26\/100-jahre-snv-die-goldenen-zwanziger-ausgelassen-rasant-und-unglaublich-innovativ\/attachment\/reissverschluss\/'><img loading=\"lazy\" decoding=\"async\" width=\"150\" height=\"150\" src=\"https:\/\/www.organisator.ch\/wp-content\/uploads\/2019\/02\/Reissverschluss-150x150.jpg\" class=\"attachment-thumbnail size-thumbnail\" alt=\"\" aria-describedby=\"gallery-1-4954\" srcset=\"https:\/\/www.organisator.ch\/wp-content\/uploads\/2019\/02\/Reissverschluss-150x150.jpg 150w, https:\/\/www.organisator.ch\/wp-content\/uploads\/2019\/02\/Reissverschluss-100x100.jpg 100w\" sizes=\"auto, (max-width: 150px) 100vw, 150px\" \/><\/a>\n\t\t\t<\/div>\n\t\t\t\t<figcaption class='wp-caption-text gallery-caption' id='gallery-1-4954'>\n\t\t\t\tRiri lance la premi\u00e8re fermeture \u00e0 glissi\u00e8re fabriqu\u00e9e en s\u00e9rie sur le march\u00e9. Aujourd'hui, les fermetures \u00e0 glissi\u00e8re peuvent \u00eatre test\u00e9es de mani\u00e8re uniforme gr\u00e2ce \u00e0 la norme EN 16732. (Photo : zVg \/ archives SNV)\n\t\t\t\t<\/figcaption><\/figure><figure class='gallery-item'>\n\t\t\t<div class='gallery-icon landscape'>\n\t\t\t\t<a href='https:\/\/www.organisator.ch\/fr\/allgemein\/2019-02-26\/100-jahre-snv-die-goldenen-zwanziger-ausgelassen-rasant-und-unglaublich-innovativ\/attachment\/tetro-tv-vintage\/'><img loading=\"lazy\" decoding=\"async\" width=\"150\" height=\"150\" src=\"https:\/\/www.organisator.ch\/wp-content\/uploads\/2019\/02\/Tetro-TV-Vintage-150x150.jpg\" class=\"attachment-thumbnail size-thumbnail\" alt=\"\" aria-describedby=\"gallery-1-4953\" srcset=\"https:\/\/www.organisator.ch\/wp-content\/uploads\/2019\/02\/Tetro-TV-Vintage-150x150.jpg 150w, https:\/\/www.organisator.ch\/wp-content\/uploads\/2019\/02\/Tetro-TV-Vintage-100x100.jpg 100w\" sizes=\"auto, (max-width: 150px) 100vw, 150px\" \/><\/a>\n\t\t\t<\/div>\n\t\t\t\t<figcaption class='wp-caption-text gallery-caption' id='gallery-1-4953'>\n\t\t\t\tSeul un \u00e9change de donn\u00e9es normalis\u00e9 permet la transmission d'informations visuelles. En 1929, la premi\u00e8re norme de t\u00e9l\u00e9vision est fix\u00e9e en Allemagne. (Photo : zVg \/ archives SNV)\n\t\t\t\t<\/figcaption><\/figure><figure class='gallery-item'>\n\t\t\t<div class='gallery-icon landscape'>\n\t\t\t\t<a href='https:\/\/www.organisator.ch\/fr\/allgemein\/2019-02-26\/100-jahre-snv-die-goldenen-zwanziger-ausgelassen-rasant-und-unglaublich-innovativ\/attachment\/charles-lindbergh-propeller-flugzeug_web\/'><img loading=\"lazy\" decoding=\"async\" width=\"150\" height=\"150\" src=\"https:\/\/www.organisator.ch\/wp-content\/uploads\/2019\/02\/Charles-Lindbergh-Propeller-Flugzeug_Web-150x150.jpg\" class=\"attachment-thumbnail size-thumbnail\" alt=\"\" aria-describedby=\"gallery-1-4952\" srcset=\"https:\/\/www.organisator.ch\/wp-content\/uploads\/2019\/02\/Charles-Lindbergh-Propeller-Flugzeug_Web-150x150.jpg 150w, https:\/\/www.organisator.ch\/wp-content\/uploads\/2019\/02\/Charles-Lindbergh-Propeller-Flugzeug_Web-250x250.jpg 250w, https:\/\/www.organisator.ch\/wp-content\/uploads\/2019\/02\/Charles-Lindbergh-Propeller-Flugzeug_Web-100x100.jpg 100w\" sizes=\"auto, (max-width: 150px) 100vw, 150px\" \/><\/a>\n\t\t\t<\/div>\n\t\t\t\t<figcaption class='wp-caption-text gallery-caption' id='gallery-1-4952'>\n\t\t\t\tCharles Lindbergh devient mondialement c\u00e9l\u00e8bre avec sa travers\u00e9e de l'Atlantique de New York \u00e0 Paris. (Photo : zVg \/ Archives SNV)\n\t\t\t\t<\/figcaption><\/figure><figure class='gallery-item'>\n\t\t\t<div class='gallery-icon landscape'>\n\t\t\t\t<a href='https:\/\/www.organisator.ch\/fr\/allgemein\/2019-02-26\/100-jahre-snv-die-goldenen-zwanziger-ausgelassen-rasant-und-unglaublich-innovativ\/attachment\/snv_mann-arbeitet-mit-leder_web\/'><img loading=\"lazy\" decoding=\"async\" width=\"150\" height=\"150\" src=\"https:\/\/www.organisator.ch\/wp-content\/uploads\/2019\/02\/SNV_Mann-arbeitet-mit-Leder_Web-150x150.jpg\" class=\"attachment-thumbnail size-thumbnail\" alt=\"\" aria-describedby=\"gallery-1-4951\" srcset=\"https:\/\/www.organisator.ch\/wp-content\/uploads\/2019\/02\/SNV_Mann-arbeitet-mit-Leder_Web-150x150.jpg 150w, https:\/\/www.organisator.ch\/wp-content\/uploads\/2019\/02\/SNV_Mann-arbeitet-mit-Leder_Web-100x100.jpg 100w\" sizes=\"auto, (max-width: 150px) 100vw, 150px\" \/><\/a>\n\t\t\t<\/div>\n\t\t\t\t<figcaption class='wp-caption-text gallery-caption' id='gallery-1-4951'>\n\t\t\t\tLe ma\u00eetre sellier Guccio Gucci fonde \u00e0 Florence un petit atelier de maroquinerie et de bagagerie. (Photo : zVg \/ archives SNV)\n\t\t\t\t<\/figcaption><\/figure><figure class='gallery-item'>\n\t\t\t<div class='gallery-icon landscape'>\n\t\t\t\t<a href='https:\/\/www.organisator.ch\/fr\/allgemein\/2019-02-26\/100-jahre-snv-die-goldenen-zwanziger-ausgelassen-rasant-und-unglaublich-innovativ\/attachment\/fliessbandarbeit\/'><img loading=\"lazy\" decoding=\"async\" width=\"150\" height=\"150\" src=\"https:\/\/www.organisator.ch\/wp-content\/uploads\/2019\/02\/Fliessbandarbeit-150x150.jpg\" class=\"attachment-thumbnail size-thumbnail\" alt=\"\" aria-describedby=\"gallery-1-4950\" srcset=\"https:\/\/www.organisator.ch\/wp-content\/uploads\/2019\/02\/Fliessbandarbeit-150x150.jpg 150w, https:\/\/www.organisator.ch\/wp-content\/uploads\/2019\/02\/Fliessbandarbeit-100x100.jpg 100w\" sizes=\"auto, (max-width: 150px) 100vw, 150px\" \/><\/a>\n\t\t\t<\/div>\n\t\t\t\t<figcaption class='wp-caption-text gallery-caption' id='gallery-1-4950'>\n\t\t\t\tL'uniformisation des \u00e9l\u00e9ments de machine \u00e9tait la condition pr\u00e9alable \u00e0 la production de masse et au travail \u00e0 la cha\u00eene. (Photo : zVg SNV \/ ABB)\n\t\t\t\t<\/figcaption><\/figure><figure class='gallery-item'>\n\t\t\t<div class='gallery-icon landscape'>\n\t\t\t\t<a href='https:\/\/www.organisator.ch\/fr\/allgemein\/2019-02-26\/100-jahre-snv-die-goldenen-zwanziger-ausgelassen-rasant-und-unglaublich-innovativ\/attachment\/snv_charleston\/'><img loading=\"lazy\" decoding=\"async\" width=\"150\" height=\"150\" src=\"https:\/\/www.organisator.ch\/wp-content\/uploads\/2019\/02\/SNV_Charleston-150x150.jpg\" class=\"attachment-thumbnail size-thumbnail\" alt=\"\" aria-describedby=\"gallery-1-4949\" srcset=\"https:\/\/www.organisator.ch\/wp-content\/uploads\/2019\/02\/SNV_Charleston-150x150.jpg 150w, https:\/\/www.organisator.ch\/wp-content\/uploads\/2019\/02\/SNV_Charleston-100x100.jpg 100w\" sizes=\"auto, (max-width: 150px) 100vw, 150px\" \/><\/a>\n\t\t\t<\/div>\n\t\t\t\t<figcaption class='wp-caption-text gallery-caption' id='gallery-1-4949'>\n\t\t\t\tDes jeunes femmes en jupes courtes dansent joyeusement le charleston toute la nuit. (Photo : zVg \/ archives SNV)\n\t\t\t\t<\/figcaption><\/figure>\n\t\t<\/div>\n\n<p><em>Sources : Wikipedia, Stern.de, The Board of Trustees of the Science Museum (Penicillin), ABB<\/em><\/p>\n<h2>100 ans de la SNV : concours du centenaire<\/h2>\n<p>Dans le cadre de son centenaire, la SNV organise chaque mois un concours. R\u00e9pondez \u00e0 la question du concours et gagnez des prix attrayants.<\/p>\n<p><a href=\"https:\/\/www.snv.ch\/de\/100-jahre-snv\/monatswettbewerb.html\">https:\/\/www.snv.ch\/de\/100-jahre-snv\/monatswettbewerb.html<\/a><\/p>","protected":false},"excerpt":{"rendered":"<p>Eine Generation junger M\u00e4nner ist ausgel\u00f6scht oder traumatisiert. Vielleicht sind es die kollektive Niedergeschlagenheit und das Gef\u00fchl, nichts mehr verlieren zu k\u00f6nnen, die eine ph\u00e4nomenale Auf- und Umbruchstimmung hervorrufen. Die 1920er stehen nicht nur f\u00fcr schnelle Takte und bet\u00f6rende Trompetenkl\u00e4nge, sie sind auch ein Jahrzehnt voller bemerkenswerter Erfindungen. Betrachtet werden hier folgende Fokusthemen: Medizin: Die [&hellip;]<\/p>\n","protected":false},"author":4,"featured_media":4960,"comment_status":"open","ping_status":"open","sticky":false,"template":"","format":"standard","meta":{"_acf_changed":false,"_yoast_wpseo_focuskw":"100 Jahre SNV","_yoast_wpseo_metadesc":"Bis heute sind die Goldenen Zwanziger der Inbegriff von Vergn\u00fcgen und Lebenslust. Dabei steht die Welt zu Beginn der 1920er-Jahre vor einem Scherbenhaufen.","articlekey":"","footnotes":""},"categories":[1],"tags":[206,292,492,508],"class_list":["post-4948","post","type-post","status-publish","format-standard","has-post-thumbnail","hentry","category-allgemein","tag-firmenjubilaeum","tag-jubilaeum","tag-unternehmen","tag-vermischtes"],"acf":[],"yoast_head":"<!-- This site is optimized with the Yoast SEO plugin v27.4 - https:\/\/yoast.com\/product\/yoast-seo-wordpress\/ -->\n<title>100 Jahre SNV: Die Goldenen Zwanziger \u2013 Ausgelassen, rasant und unglaublich innovativ - Organisator<\/title>\n<meta name=\"description\" content=\"Bis heute sind die Goldenen Zwanziger der Inbegriff von Vergn\u00fcgen und Lebenslust. Dabei steht die Welt zu Beginn der 1920er-Jahre vor einem Scherbenhaufen.\" \/>\n<meta name=\"robots\" content=\"index, follow, max-snippet:-1, max-image-preview:large, max-video-preview:-1\" \/>\n<link rel=\"canonical\" href=\"https:\/\/www.organisator.ch\/fr\/general\/2019-02-26\/100-jahre-snv-die-goldenen-zwanziger-ausgelassen-rasant-und-unglaublich-innovativ\/\" \/>\n<meta property=\"og:locale\" content=\"fr_FR\" \/>\n<meta property=\"og:type\" content=\"article\" \/>\n<meta property=\"og:title\" content=\"100 Jahre SNV: Die Goldenen Zwanziger \u2013 Ausgelassen, rasant und unglaublich innovativ\" \/>\n<meta property=\"og:description\" content=\"Bis heute sind die Goldenen Zwanziger der Inbegriff von Vergn\u00fcgen und Lebenslust. Dabei steht die Welt zu Beginn der 1920er-Jahre vor einem Scherbenhaufen.\" \/>\n<meta property=\"og:url\" content=\"https:\/\/www.organisator.ch\/fr\/general\/2019-02-26\/100-jahre-snv-die-goldenen-zwanziger-ausgelassen-rasant-und-unglaublich-innovativ\/\" \/>\n<meta property=\"og:site_name\" content=\"Organisator\" \/>\n<meta property=\"article:publisher\" content=\"https:\/\/www.facebook.com\/OrganisatorFachmagazin\" \/>\n<meta property=\"article:published_time\" content=\"2019-02-26T12:45:28+00:00\" \/>\n<meta property=\"og:image\" content=\"https:\/\/www.organisator.ch\/wp-content\/uploads\/2019\/02\/Die-Goldenen-Zwanziger-Ausgelassen-rasant-und-unglaublich-innovativ_Organisator.jpg\" \/>\n\t<meta property=\"og:image:width\" content=\"680\" \/>\n\t<meta property=\"og:image:height\" content=\"390\" \/>\n\t<meta property=\"og:image:type\" content=\"image\/jpeg\" \/>\n<meta name=\"author\" content=\"thomas.berner\" \/>\n<meta name=\"twitter:card\" content=\"summary_large_image\" \/>\n<meta name=\"twitter:title\" content=\"100 Jahre SNV: Die Goldenen Zwanziger \u2013 Ausgelassen, rasant und unglaublich innovativ\" \/>\n<meta name=\"twitter:description\" content=\"Bis heute sind die Goldenen Zwanziger der Inbegriff von Vergn\u00fcgen und Lebenslust. Dabei steht die Welt zu Beginn der 1920er-Jahre vor einem Scherbenhaufen.\" \/>\n<meta name=\"twitter:image\" content=\"https:\/\/www.organisator.ch\/wp-content\/uploads\/2019\/02\/Die-Goldenen-Zwanziger-Ausgelassen-rasant-und-unglaublich-innovativ_Organisator.jpg\" \/>\n<script type=\"application\/ld+json\" class=\"yoast-schema-graph\">{\"@context\":\"https:\\\/\\\/schema.org\",\"@graph\":[{\"@type\":\"Article\",\"@id\":\"https:\\\/\\\/www.organisator.ch\\\/en\\\/general\\\/2019-02-26\\\/100-jahre-snv-die-goldenen-zwanziger-ausgelassen-rasant-und-unglaublich-innovativ\\\/#article\",\"isPartOf\":{\"@id\":\"https:\\\/\\\/www.organisator.ch\\\/en\\\/general\\\/2019-02-26\\\/100-jahre-snv-die-goldenen-zwanziger-ausgelassen-rasant-und-unglaublich-innovativ\\\/\"},\"author\":{\"name\":\"thomas.berner\",\"@id\":\"https:\\\/\\\/www.organisator.ch\\\/#\\\/schema\\\/person\\\/6f650f90b2842cd4c0cc334b4e36f67e\"},\"headline\":\"100 Jahre SNV: Die Goldenen Zwanziger \u2013 Ausgelassen, rasant und unglaublich innovativ\",\"datePublished\":\"2019-02-26T12:45:28+00:00\",\"mainEntityOfPage\":{\"@id\":\"https:\\\/\\\/www.organisator.ch\\\/en\\\/general\\\/2019-02-26\\\/100-jahre-snv-die-goldenen-zwanziger-ausgelassen-rasant-und-unglaublich-innovativ\\\/\"},\"wordCount\":810,\"commentCount\":0,\"publisher\":{\"@id\":\"https:\\\/\\\/www.organisator.ch\\\/#organization\"},\"image\":{\"@id\":\"https:\\\/\\\/www.organisator.ch\\\/en\\\/general\\\/2019-02-26\\\/100-jahre-snv-die-goldenen-zwanziger-ausgelassen-rasant-und-unglaublich-innovativ\\\/#primaryimage\"},\"thumbnailUrl\":\"https:\\\/\\\/www.organisator.ch\\\/wp-content\\\/uploads\\\/2019\\\/02\\\/Die-Goldenen-Zwanziger-Ausgelassen-rasant-und-unglaublich-innovativ_Organisator.jpg\",\"keywords\":[\"Firmenjubil\u00e4um\",\"Jubil\u00e4um\",\"Unternehmen\",\"Vermischtes\"],\"articleSection\":[\"Allgemein\"],\"inLanguage\":\"fr-FR\"},{\"@type\":\"WebPage\",\"@id\":\"https:\\\/\\\/www.organisator.ch\\\/en\\\/general\\\/2019-02-26\\\/100-jahre-snv-die-goldenen-zwanziger-ausgelassen-rasant-und-unglaublich-innovativ\\\/\",\"url\":\"https:\\\/\\\/www.organisator.ch\\\/en\\\/general\\\/2019-02-26\\\/100-jahre-snv-die-goldenen-zwanziger-ausgelassen-rasant-und-unglaublich-innovativ\\\/\",\"name\":\"100 Jahre SNV: Die Goldenen Zwanziger \u2013 Ausgelassen, rasant und unglaublich innovativ - Organisator\",\"isPartOf\":{\"@id\":\"https:\\\/\\\/www.organisator.ch\\\/#website\"},\"primaryImageOfPage\":{\"@id\":\"https:\\\/\\\/www.organisator.ch\\\/en\\\/general\\\/2019-02-26\\\/100-jahre-snv-die-goldenen-zwanziger-ausgelassen-rasant-und-unglaublich-innovativ\\\/#primaryimage\"},\"image\":{\"@id\":\"https:\\\/\\\/www.organisator.ch\\\/en\\\/general\\\/2019-02-26\\\/100-jahre-snv-die-goldenen-zwanziger-ausgelassen-rasant-und-unglaublich-innovativ\\\/#primaryimage\"},\"thumbnailUrl\":\"https:\\\/\\\/www.organisator.ch\\\/wp-content\\\/uploads\\\/2019\\\/02\\\/Die-Goldenen-Zwanziger-Ausgelassen-rasant-und-unglaublich-innovativ_Organisator.jpg\",\"datePublished\":\"2019-02-26T12:45:28+00:00\",\"description\":\"Bis heute sind die Goldenen Zwanziger der Inbegriff von Vergn\u00fcgen und Lebenslust. Dabei steht die Welt zu Beginn der 1920er-Jahre vor einem Scherbenhaufen.\",\"breadcrumb\":{\"@id\":\"https:\\\/\\\/www.organisator.ch\\\/en\\\/general\\\/2019-02-26\\\/100-jahre-snv-die-goldenen-zwanziger-ausgelassen-rasant-und-unglaublich-innovativ\\\/#breadcrumb\"},\"inLanguage\":\"fr-FR\",\"potentialAction\":[{\"@type\":\"ReadAction\",\"target\":[\"https:\\\/\\\/www.organisator.ch\\\/en\\\/general\\\/2019-02-26\\\/100-jahre-snv-die-goldenen-zwanziger-ausgelassen-rasant-und-unglaublich-innovativ\\\/\"]}]},{\"@type\":\"ImageObject\",\"inLanguage\":\"fr-FR\",\"@id\":\"https:\\\/\\\/www.organisator.ch\\\/en\\\/general\\\/2019-02-26\\\/100-jahre-snv-die-goldenen-zwanziger-ausgelassen-rasant-und-unglaublich-innovativ\\\/#primaryimage\",\"url\":\"https:\\\/\\\/www.organisator.ch\\\/wp-content\\\/uploads\\\/2019\\\/02\\\/Die-Goldenen-Zwanziger-Ausgelassen-rasant-und-unglaublich-innovativ_Organisator.jpg\",\"contentUrl\":\"https:\\\/\\\/www.organisator.ch\\\/wp-content\\\/uploads\\\/2019\\\/02\\\/Die-Goldenen-Zwanziger-Ausgelassen-rasant-und-unglaublich-innovativ_Organisator.jpg\",\"width\":680,\"height\":390,\"caption\":\"Junge Frauen in kurzen R\u00f6cken tanzen ausgelassen die ganze Nacht durch den Charleston. (Bild: zVg \\\/ SNV)\"},{\"@type\":\"BreadcrumbList\",\"@id\":\"https:\\\/\\\/www.organisator.ch\\\/en\\\/general\\\/2019-02-26\\\/100-jahre-snv-die-goldenen-zwanziger-ausgelassen-rasant-und-unglaublich-innovativ\\\/#breadcrumb\",\"itemListElement\":[{\"@type\":\"ListItem\",\"position\":1,\"name\":\"Home\",\"item\":\"https:\\\/\\\/www.organisator.ch\\\/\"},{\"@type\":\"ListItem\",\"position\":2,\"name\":\"100 Jahre SNV: Die Goldenen Zwanziger \u2013 Ausgelassen, rasant und unglaublich innovativ\"}]},{\"@type\":\"WebSite\",\"@id\":\"https:\\\/\\\/www.organisator.ch\\\/#website\",\"url\":\"https:\\\/\\\/www.organisator.ch\\\/\",\"name\":\"Organisator\",\"description\":\"Kompetent. Praxisnah. Der ORGANISATOR bereitet in 10 Ausgaben pro Jahr die wesentlichen Themen f\u00fcr F\u00fchrungskr\u00e4fte von KMU auf.\",\"publisher\":{\"@id\":\"https:\\\/\\\/www.organisator.ch\\\/#organization\"},\"potentialAction\":[{\"@type\":\"SearchAction\",\"target\":{\"@type\":\"EntryPoint\",\"urlTemplate\":\"https:\\\/\\\/www.organisator.ch\\\/?s={search_term_string}\"},\"query-input\":{\"@type\":\"PropertyValueSpecification\",\"valueRequired\":true,\"valueName\":\"search_term_string\"}}],\"inLanguage\":\"fr-FR\"},{\"@type\":\"Organization\",\"@id\":\"https:\\\/\\\/www.organisator.ch\\\/#organization\",\"name\":\"Organisator\",\"url\":\"https:\\\/\\\/www.organisator.ch\\\/\",\"logo\":{\"@type\":\"ImageObject\",\"inLanguage\":\"fr-FR\",\"@id\":\"https:\\\/\\\/www.organisator.ch\\\/#\\\/schema\\\/logo\\\/image\\\/\",\"url\":\"https:\\\/\\\/www.organisator.ch\\\/wp-content\\\/uploads\\\/2022\\\/01\\\/Logo_Organisator_Website.png\",\"contentUrl\":\"https:\\\/\\\/www.organisator.ch\\\/wp-content\\\/uploads\\\/2022\\\/01\\\/Logo_Organisator_Website.png\",\"width\":800,\"height\":77,\"caption\":\"Organisator\"},\"image\":{\"@id\":\"https:\\\/\\\/www.organisator.ch\\\/#\\\/schema\\\/logo\\\/image\\\/\"},\"sameAs\":[\"https:\\\/\\\/www.facebook.com\\\/OrganisatorFachmagazin\",\"https:\\\/\\\/www.linkedin.com\\\/showcase\\\/organisator-das-magazin-fr-kmu\",\"https:\\\/\\\/www.xing.com\\\/news\\\/pages\\\/organisator-ch-695\",\"https:\\\/\\\/www.youtube.com\\\/channel\\\/UCGP2Sq0iWaZwT3BdIAQFYpw\"]},{\"@type\":\"Person\",\"@id\":\"https:\\\/\\\/www.organisator.ch\\\/#\\\/schema\\\/person\\\/6f650f90b2842cd4c0cc334b4e36f67e\",\"name\":\"thomas.berner\",\"image\":{\"@type\":\"ImageObject\",\"inLanguage\":\"fr-FR\",\"@id\":\"https:\\\/\\\/secure.gravatar.com\\\/avatar\\\/ac5001d2a36cb6c6cd3e50789007ffca834b477b74a2144564522e944eabff61?s=96&d=mm&r=g\",\"url\":\"https:\\\/\\\/secure.gravatar.com\\\/avatar\\\/ac5001d2a36cb6c6cd3e50789007ffca834b477b74a2144564522e944eabff61?s=96&d=mm&r=g\",\"contentUrl\":\"https:\\\/\\\/secure.gravatar.com\\\/avatar\\\/ac5001d2a36cb6c6cd3e50789007ffca834b477b74a2144564522e944eabff61?s=96&d=mm&r=g\",\"caption\":\"thomas.berner\"},\"url\":\"https:\\\/\\\/www.organisator.ch\\\/fr\\\/author\\\/thomas-berner\\\/\"}]}<\/script>\n<!-- \/ Yoast SEO plugin. -->","yoast_head_json":{"title":"100 ans de la SNV : les ann\u00e9es folles - exub\u00e9rantes, fulgurantes et incroyablement innovantes - Organisateur","description":"Aujourd'hui encore, les Goldene Zwanziger incarnent le plaisir et la joie de vivre. Pourtant, au d\u00e9but des ann\u00e9es 1920, le monde se trouve face \u00e0 un d\u00e9sastre.","robots":{"index":"index","follow":"follow","max-snippet":"max-snippet:-1","max-image-preview":"max-image-preview:large","max-video-preview":"max-video-preview:-1"},"canonical":"https:\/\/www.organisator.ch\/fr\/general\/2019-02-26\/100-jahre-snv-die-goldenen-zwanziger-ausgelassen-rasant-und-unglaublich-innovativ\/","og_locale":"fr_FR","og_type":"article","og_title":"100 Jahre SNV: Die Goldenen Zwanziger \u2013 Ausgelassen, rasant und unglaublich innovativ","og_description":"Bis heute sind die Goldenen Zwanziger der Inbegriff von Vergn\u00fcgen und Lebenslust. Dabei steht die Welt zu Beginn der 1920er-Jahre vor einem Scherbenhaufen.","og_url":"https:\/\/www.organisator.ch\/fr\/general\/2019-02-26\/100-jahre-snv-die-goldenen-zwanziger-ausgelassen-rasant-und-unglaublich-innovativ\/","og_site_name":"Organisator","article_publisher":"https:\/\/www.facebook.com\/OrganisatorFachmagazin","article_published_time":"2019-02-26T12:45:28+00:00","og_image":[{"width":680,"height":390,"url":"https:\/\/www.organisator.ch\/wp-content\/uploads\/2019\/02\/Die-Goldenen-Zwanziger-Ausgelassen-rasant-und-unglaublich-innovativ_Organisator.jpg","type":"image\/jpeg"}],"author":"thomas.berner","twitter_card":"summary_large_image","twitter_title":"100 Jahre SNV: Die Goldenen Zwanziger \u2013 Ausgelassen, rasant und unglaublich innovativ","twitter_description":"Bis heute sind die Goldenen Zwanziger der Inbegriff von Vergn\u00fcgen und Lebenslust. Dabei steht die Welt zu Beginn der 1920er-Jahre vor einem Scherbenhaufen.","twitter_image":"https:\/\/www.organisator.ch\/wp-content\/uploads\/2019\/02\/Die-Goldenen-Zwanziger-Ausgelassen-rasant-und-unglaublich-innovativ_Organisator.jpg","schema":{"@context":"https:\/\/schema.org","@graph":[{"@type":"Article","@id":"https:\/\/www.organisator.ch\/en\/general\/2019-02-26\/100-jahre-snv-die-goldenen-zwanziger-ausgelassen-rasant-und-unglaublich-innovativ\/#article","isPartOf":{"@id":"https:\/\/www.organisator.ch\/en\/general\/2019-02-26\/100-jahre-snv-die-goldenen-zwanziger-ausgelassen-rasant-und-unglaublich-innovativ\/"},"author":{"name":"thomas.berner","@id":"https:\/\/www.organisator.ch\/#\/schema\/person\/6f650f90b2842cd4c0cc334b4e36f67e"},"headline":"100 Jahre SNV: Die Goldenen Zwanziger \u2013 Ausgelassen, rasant und unglaublich innovativ","datePublished":"2019-02-26T12:45:28+00:00","mainEntityOfPage":{"@id":"https:\/\/www.organisator.ch\/en\/general\/2019-02-26\/100-jahre-snv-die-goldenen-zwanziger-ausgelassen-rasant-und-unglaublich-innovativ\/"},"wordCount":810,"commentCount":0,"publisher":{"@id":"https:\/\/www.organisator.ch\/#organization"},"image":{"@id":"https:\/\/www.organisator.ch\/en\/general\/2019-02-26\/100-jahre-snv-die-goldenen-zwanziger-ausgelassen-rasant-und-unglaublich-innovativ\/#primaryimage"},"thumbnailUrl":"https:\/\/www.organisator.ch\/wp-content\/uploads\/2019\/02\/Die-Goldenen-Zwanziger-Ausgelassen-rasant-und-unglaublich-innovativ_Organisator.jpg","keywords":["Firmenjubil\u00e4um","Jubil\u00e4um","Unternehmen","Vermischtes"],"articleSection":["Allgemein"],"inLanguage":"fr-FR"},{"@type":"WebPage","@id":"https:\/\/www.organisator.ch\/en\/general\/2019-02-26\/100-jahre-snv-die-goldenen-zwanziger-ausgelassen-rasant-und-unglaublich-innovativ\/","url":"https:\/\/www.organisator.ch\/en\/general\/2019-02-26\/100-jahre-snv-die-goldenen-zwanziger-ausgelassen-rasant-und-unglaublich-innovativ\/","name":"100 ans de la SNV : les ann\u00e9es folles - exub\u00e9rantes, fulgurantes et incroyablement innovantes - Organisateur","isPartOf":{"@id":"https:\/\/www.organisator.ch\/#website"},"primaryImageOfPage":{"@id":"https:\/\/www.organisator.ch\/en\/general\/2019-02-26\/100-jahre-snv-die-goldenen-zwanziger-ausgelassen-rasant-und-unglaublich-innovativ\/#primaryimage"},"image":{"@id":"https:\/\/www.organisator.ch\/en\/general\/2019-02-26\/100-jahre-snv-die-goldenen-zwanziger-ausgelassen-rasant-und-unglaublich-innovativ\/#primaryimage"},"thumbnailUrl":"https:\/\/www.organisator.ch\/wp-content\/uploads\/2019\/02\/Die-Goldenen-Zwanziger-Ausgelassen-rasant-und-unglaublich-innovativ_Organisator.jpg","datePublished":"2019-02-26T12:45:28+00:00","description":"Aujourd'hui encore, les Goldene Zwanziger incarnent le plaisir et la joie de vivre. Pourtant, au d\u00e9but des ann\u00e9es 1920, le monde se trouve face \u00e0 un d\u00e9sastre.","breadcrumb":{"@id":"https:\/\/www.organisator.ch\/en\/general\/2019-02-26\/100-jahre-snv-die-goldenen-zwanziger-ausgelassen-rasant-und-unglaublich-innovativ\/#breadcrumb"},"inLanguage":"fr-FR","potentialAction":[{"@type":"ReadAction","target":["https:\/\/www.organisator.ch\/en\/general\/2019-02-26\/100-jahre-snv-die-goldenen-zwanziger-ausgelassen-rasant-und-unglaublich-innovativ\/"]}]},{"@type":"ImageObject","inLanguage":"fr-FR","@id":"https:\/\/www.organisator.ch\/en\/general\/2019-02-26\/100-jahre-snv-die-goldenen-zwanziger-ausgelassen-rasant-und-unglaublich-innovativ\/#primaryimage","url":"https:\/\/www.organisator.ch\/wp-content\/uploads\/2019\/02\/Die-Goldenen-Zwanziger-Ausgelassen-rasant-und-unglaublich-innovativ_Organisator.jpg","contentUrl":"https:\/\/www.organisator.ch\/wp-content\/uploads\/2019\/02\/Die-Goldenen-Zwanziger-Ausgelassen-rasant-und-unglaublich-innovativ_Organisator.jpg","width":680,"height":390,"caption":"Junge Frauen in kurzen R\u00f6cken tanzen ausgelassen die ganze Nacht durch den Charleston. (Bild: zVg \/ SNV)"},{"@type":"BreadcrumbList","@id":"https:\/\/www.organisator.ch\/en\/general\/2019-02-26\/100-jahre-snv-die-goldenen-zwanziger-ausgelassen-rasant-und-unglaublich-innovativ\/#breadcrumb","itemListElement":[{"@type":"ListItem","position":1,"name":"Home","item":"https:\/\/www.organisator.ch\/"},{"@type":"ListItem","position":2,"name":"100 Jahre SNV: Die Goldenen Zwanziger \u2013 Ausgelassen, rasant und unglaublich innovativ"}]},{"@type":"WebSite","@id":"https:\/\/www.organisator.ch\/#website","url":"https:\/\/www.organisator.ch\/","name":"Organisateur","description":"Comp\u00e9tence et comp\u00e9tence. Proches de la pratique. L'ORGANISATEUR pr\u00e9pare 10 num\u00e9ros par an sur les th\u00e8mes essentiels pour les dirigeants de PME.","publisher":{"@id":"https:\/\/www.organisator.ch\/#organization"},"potentialAction":[{"@type":"SearchAction","target":{"@type":"EntryPoint","urlTemplate":"https:\/\/www.organisator.ch\/?s={search_term_string}"},"query-input":{"@type":"PropertyValueSpecification","valueRequired":true,"valueName":"search_term_string"}}],"inLanguage":"fr-FR"},{"@type":"Organization","@id":"https:\/\/www.organisator.ch\/#organization","name":"Organisateur","url":"https:\/\/www.organisator.ch\/","logo":{"@type":"ImageObject","inLanguage":"fr-FR","@id":"https:\/\/www.organisator.ch\/#\/schema\/logo\/image\/","url":"https:\/\/www.organisator.ch\/wp-content\/uploads\/2022\/01\/Logo_Organisator_Website.png","contentUrl":"https:\/\/www.organisator.ch\/wp-content\/uploads\/2022\/01\/Logo_Organisator_Website.png","width":800,"height":77,"caption":"Organisator"},"image":{"@id":"https:\/\/www.organisator.ch\/#\/schema\/logo\/image\/"},"sameAs":["https:\/\/www.facebook.com\/OrganisatorFachmagazin","https:\/\/www.linkedin.com\/showcase\/organisator-das-magazin-fr-kmu","https:\/\/www.xing.com\/news\/pages\/organisator-ch-695","https:\/\/www.youtube.com\/channel\/UCGP2Sq0iWaZwT3BdIAQFYpw"]},{"@type":"Person","@id":"https:\/\/www.organisator.ch\/#\/schema\/person\/6f650f90b2842cd4c0cc334b4e36f67e","name":"thomas.berner","image":{"@type":"ImageObject","inLanguage":"fr-FR","@id":"https:\/\/secure.gravatar.com\/avatar\/ac5001d2a36cb6c6cd3e50789007ffca834b477b74a2144564522e944eabff61?s=96&d=mm&r=g","url":"https:\/\/secure.gravatar.com\/avatar\/ac5001d2a36cb6c6cd3e50789007ffca834b477b74a2144564522e944eabff61?s=96&d=mm&r=g","contentUrl":"https:\/\/secure.gravatar.com\/avatar\/ac5001d2a36cb6c6cd3e50789007ffca834b477b74a2144564522e944eabff61?s=96&d=mm&r=g","caption":"thomas.berner"},"url":"https:\/\/www.organisator.ch\/fr\/author\/thomas-berner\/"}]}},"_links":{"self":[{"href":"https:\/\/www.organisator.ch\/fr\/wp-json\/wp\/v2\/posts\/4948","targetHints":{"allow":["GET"]}}],"collection":[{"href":"https:\/\/www.organisator.ch\/fr\/wp-json\/wp\/v2\/posts"}],"about":[{"href":"https:\/\/www.organisator.ch\/fr\/wp-json\/wp\/v2\/types\/post"}],"author":[{"embeddable":true,"href":"https:\/\/www.organisator.ch\/fr\/wp-json\/wp\/v2\/users\/4"}],"replies":[{"embeddable":true,"href":"https:\/\/www.organisator.ch\/fr\/wp-json\/wp\/v2\/comments?post=4948"}],"version-history":[{"count":0,"href":"https:\/\/www.organisator.ch\/fr\/wp-json\/wp\/v2\/posts\/4948\/revisions"}],"wp:featuredmedia":[{"embeddable":true,"href":"https:\/\/www.organisator.ch\/fr\/wp-json\/wp\/v2\/media\/4960"}],"wp:attachment":[{"href":"https:\/\/www.organisator.ch\/fr\/wp-json\/wp\/v2\/media?parent=4948"}],"wp:term":[{"taxonomy":"category","embeddable":true,"href":"https:\/\/www.organisator.ch\/fr\/wp-json\/wp\/v2\/categories?post=4948"},{"taxonomy":"post_tag","embeddable":true,"href":"https:\/\/www.organisator.ch\/fr\/wp-json\/wp\/v2\/tags?post=4948"}],"curies":[{"name":"wp","href":"https:\/\/api.w.org\/{rel}","templated":true}]}}