{"id":4992,"date":"2019-03-07T14:22:31","date_gmt":"2019-03-07T13:22:31","guid":{"rendered":"https:\/\/www.organisator.ch\/?p=4992"},"modified":"2019-03-07T14:22:31","modified_gmt":"2019-03-07T13:22:31","slug":"frauenquote-in-verwaltungsraeten-knackt-20-prozent-marke","status":"publish","type":"post","link":"https:\/\/www.organisator.ch\/fr\/management\/2019-03-07\/frauenquote-in-verwaltungsraeten-knackt-20-prozent-marke\/","title":{"rendered":"Le taux de femmes dans les conseils d'administration franchit la barre des 20 pour cent"},"content":{"rendered":"<figure id=\"attachment_4993\" aria-describedby=\"caption-attachment-4993\" style=\"width: 680px\" class=\"wp-caption alignnone\"><img loading=\"lazy\" decoding=\"async\" class=\"size-medium wp-image-4993\" src=\"https:\/\/www.organisator.ch\/wp-content\/uploads\/2019\/03\/Frauenquote-in-Verwaltungsraeten-knackt-20-Prozent-Marke_Organisator.jpg\" alt=\"\" width=\"680\" height=\"453\" srcset=\"https:\/\/www.organisator.ch\/wp-content\/uploads\/2019\/03\/Frauenquote-in-Verwaltungsraeten-knackt-20-Prozent-Marke_Organisator.jpg 680w, https:\/\/www.organisator.ch\/wp-content\/uploads\/2019\/03\/Frauenquote-in-Verwaltungsraeten-knackt-20-Prozent-Marke_Organisator-16x12.jpg 16w, https:\/\/www.organisator.ch\/wp-content\/uploads\/2019\/03\/Frauenquote-in-Verwaltungsraeten-knackt-20-Prozent-Marke_Organisator-263x175.jpg 263w, https:\/\/www.organisator.ch\/wp-content\/uploads\/2019\/03\/Frauenquote-in-Verwaltungsraeten-knackt-20-Prozent-Marke_Organisator-525x350.jpg 525w, https:\/\/www.organisator.ch\/wp-content\/uploads\/2019\/03\/Frauenquote-in-Verwaltungsraeten-knackt-20-Prozent-Marke_Organisator-300x200.jpg 300w\" sizes=\"auto, (max-width: 680px) 100vw, 680px\" \/><figcaption id=\"caption-attachment-4993\" class=\"wp-caption-text\">Le quota de femmes dans les conseils d'administration des plus grandes entreprises suisses d\u00e9passe pour la premi\u00e8re fois la barre des 20 pour cent. Mais les femmes cadres restent encore dans l'ombre de leurs coll\u00e8gues masculins. (Image : pixabay.com)<\/figcaption><\/figure>\n<p>La part des femmes dans les conseils d'administration franchit pour la premi\u00e8re fois la barre des 20 % et passe de 19 % \u00e0 21 %. 38 % (25 % en 2018) des si\u00e8ges vacants ont \u00e9t\u00e9 occup\u00e9s par une femme - une valeur record qui reste n\u00e9anmoins insuffisante si l'on veut atteindre 30 % d'ici 2022. Ces deux r\u00e9sultats marquants sont pr\u00e9sent\u00e9s dans le schillingreport 2019 de Guido Schilling AG, prestataire de services de chasse de t\u00eate. Par ailleurs, le rapport 2019 pr\u00e9sente d'autres aspects de la composition des organes de direction les plus \u00e9lev\u00e9s de l'\u00e9conomie et de l'administration publique.\u00a0<span style=\"display: inline !important; float: none; background-color: transparent; color: #333333; cursor: text; font-family: Georgia,'Times New Roman','Bitstream Charter',Times,serif; font-size: 16px; font-style: normal; font-variant: normal; font-weight: 400; letter-spacing: normal; orphans: 2; text-align: left; text-decoration: none; text-indent: 0px; text-transform: none; -webkit-text-stroke-width: 0px; white-space: normal; word-spacing: 0px;\">Le schillingreport 2019 englobe les 117 plus grands employeurs de Suisse ainsi que la Conf\u00e9d\u00e9ration et les 26 cantons. En cons\u00e9quence, 875 membres de la direction, 820 membres du conseil d'administration ainsi que 1034 cadres du secteur public (chef(fe)s d'office, secr\u00e9taires g\u00e9n\u00e9raux, secr\u00e9taires g\u00e9n\u00e9raux et secr\u00e9taires d'\u00c9tat) ont \u00e9t\u00e9 inclus dans l'enqu\u00eate. En 2019, 126 des 250 principales entreprises suisses ainsi que 14 cantons et la Conf\u00e9d\u00e9ration ont mis leurs donn\u00e9es \u00e0 disposition pour le pipeline de la diversit\u00e9 des genres.<\/span><\/p>\n<h2><strong>A peine la moiti\u00e9 des entreprises ayant des femmes \u00e0 leur t\u00eate<\/strong><\/h2>\n<p>Apr\u00e8s une baisse \u00e0 7 % en 2018, la proportion de femmes dans les comit\u00e9s de direction augmente \u00e0 9 %. Les entreprises ont nomm\u00e9 des femmes pour 18 % (8 % en 2018) des postes de direction ouverts. Dans seulement 49 % (2018 41 %) des entreprises, des femmes si\u00e8gent \u00e0 la direction. \"Comme par le pass\u00e9, un m\u00e9lange \u00e9quilibr\u00e9 des genres au sein des directions d'entreprise reste un projet de g\u00e9n\u00e9ration. Nous ne pouvons pas accorder suffisamment d'attention \u00e0 ce sujet en p\u00e9riode de p\u00e9nurie de main-d'\u0153uvre qualifi\u00e9e et d'aplatissement de la migration\", estime l'\u00e9diteur Guido Schilling.<\/p>\n<h2><strong>Un pic dans les promotions internes<\/strong><\/h2>\n<p>68 % (2018 64 %) des postes de direction vacants ont \u00e9t\u00e9 pourvus en interne. 64 % (2018 22 %) des nouveaux membres f\u00e9minins de la direction ont \u00e9t\u00e9 promus en interne. \"2018 a \u00e9t\u00e9 une ann\u00e9e aberrante, jamais aussi peu de femmes n'ont \u00e9t\u00e9 nomm\u00e9es en interne \u00e0 des postes de direction. En revanche, nous enregistrons cette ann\u00e9e une valeur record, tant pour les femmes que pour les hommes\", estime Schilling. \"Un membre externe de la direction doit toujours franchir deux obstacles : Il doit trouver sa place au sein du comit\u00e9 et s'int\u00e9grer \u00e0 l'entreprise. C'est pourquoi les \u00e9volutions internes sont les bienvenues\".<\/p>\n<h2><strong>Quota de femmes dans les conseils d'administration - l'\u00e9conomie continue de r\u00e9clamer<\/strong><\/h2>\n<p>La proportion de femmes dans les conseils d'administration passe de 19 % \u00e0 21 %. \"Dans mon quotidien professionnel, je constate une forte augmentation de la prise de conscience de la diversit\u00e9 des genres. Les entreprises se donnent de plus en plus souvent des directives claires \u00e0 ce sujet\", explique Schilling. 88 % des entreprises emploient au moins une femme au conseil d'administration, et 38 % (2018 : 25 % ; pr\u00e9c\u00e9dent record : 2015 : 33 %) des si\u00e8ges vacants sont revenus \u00e0 des femmes. \"Jamais autant de si\u00e8ges vacants au CA n'ont \u00e9t\u00e9 occup\u00e9s par des femmes que cette ann\u00e9e\", constate Schilling, \"mais une croissance de 2 points de pourcentage par an ne suffit pas pour franchir la barre magique des 30 % d'administratrices d'ici 2022. Les pr\u00e9sidents de CA et les comit\u00e9s de nomination sont appel\u00e9s \u00e0 fournir un effort encore plus grand pour atteindre cet objectif ambitieux sans r\u00e9glementation\".<\/p>\n<h2><strong>La proportion d'\u00e9trangers s'est stabilis\u00e9e<\/strong><\/h2>\n<p>La proportion d'\u00e9trangers s'est stabilis\u00e9e \u00e0 45 % dans les directions et \u00e0 un peu moins de 40 % dans les conseils d'administration. Plus des deux tiers des membres \u00e9trangers de la direction travaillaient d\u00e9j\u00e0 en Suisse ou dans une entreprise suisse avant d'occuper leur poste actuel ; ces \"nationaux\" repr\u00e9sentent 31 %, ce qui signifie qu'actuellement seuls 14 % des membres de la direction sont arriv\u00e9s directement de l'\u00e9tranger \u00e0 leur poste. Parmi les nouveaux, on compte 39 % \"nationaux\" et 16 % \u00e9trangers. \"Ce qui me pr\u00e9occupe, c'est que nous continuons \u00e0 d\u00e9pendre de l'immigration en provenance de l'\u00e9tranger. Outre les femmes, les \"nationaux\" sont essentiels \u00e0 la poursuite de la croissance \u00e9conomique\", explique Schilling.<\/p>\n<h2><strong>Les femmes continuent de progresser dans le secteur public<\/strong><\/h2>\n<p>Le secteur public se d\u00e9veloppe de mani\u00e8re satisfaisante ann\u00e9e apr\u00e8s ann\u00e9e, avec actuellement 18 % (2018 16 %) de cadres sup\u00e9rieurs f\u00e9minins. 38 % (2018 27 %) des postes de haut niveau vacants ont \u00e9t\u00e9 occup\u00e9s par des femmes. \"Le secteur public a reconnu depuis longtemps que la conciliation de la vie professionnelle et de la vie familiale est la cl\u00e9 d'une diversit\u00e9 \u00e9quilibr\u00e9e entre les sexes\", explique Schilling, \"c'est pourquoi l'administration publique r\u00e9ussit mieux que la moyenne \u00e0 recruter des cadres sup\u00e9rieurs f\u00e9minins qualifi\u00e9s\".<\/p>\n<h2><strong>Pipeline de la diversit\u00e9 des genres - Indicateur de l'\u00e9volution de la proportion de femmes au sommet de la hi\u00e9rarchie<\/strong><\/h2>\n<p>Pour anticiper les \u00e9volutions futures concernant la proportion de femmes au niveau de la direction, le pipeline de la diversit\u00e9 en mati\u00e8re de genre est un indicateur important. Cette ann\u00e9e, des donn\u00e9es actualis\u00e9es sont disponibles. Dans l'\u00e9chantillon du Private Sector, on trouve 10 % (2017 9 %) de femmes dans les directions, 16 % (2017 14 %) dans le top management et 24 % (2017 21 %) dans le middle management. \"Cet \u00e9largissement du pipeline de la diversit\u00e9 des genres pose les bases d'une \u00e9volution positive des directions d'entreprise \u00e0 l'avenir\", estime Schilling. Avec 22 % (comme en 2017) de femmes dans le top management et 28 % (2017 24 %) dans le middle management, le secteur public dispose d'un pipeline de diversit\u00e9 des genres nettement plus large que le secteur priv\u00e9.<\/p>\n<p><em><a href=\"http:\/\/www.schillingreport.ch\">Source et informations compl\u00e9mentaires<\/a><\/em><\/p>\n<p>&nbsp;<\/p>","protected":false},"excerpt":{"rendered":"<p>Der Frauenanteil in den Verwaltungsr\u00e4ten knackt erstmals die 20 %-Marke und steigt von 19 % auf 21 %. 38 % (2018 25 %) der vakanten Sitze wurden mit einer Frau besetzt \u2013 ein Spitzenwert, der trotzdem nicht ausreicht, wenn bis 2022 30 % erreicht werden sollen. Diese zwei pr\u00e4gnanten Ergebnisse zeigt der schillingreport 2019 des [&hellip;]<\/p>\n","protected":false},"author":4,"featured_media":4993,"comment_status":"open","ping_status":"open","sticky":false,"template":"","format":"standard","meta":{"_acf_changed":false,"_yoast_wpseo_focuskw":"Frauenquote","_yoast_wpseo_metadesc":"Die Frauenanteile steigen sowohl in den Verwaltungsr\u00e4ten als auch in den Gesch\u00e4ftsleitungen der 100 gr\u00f6ssten Arbeitgeber.","articlekey":"","footnotes":""},"categories":[28],"tags":[159,335,459,513],"class_list":["post-4992","post","type-post","status-publish","format-standard","has-post-thumbnail","hentry","category-management","tag-diversity","tag-management-und-unternehmensfuehrung","tag-studie","tag-verwaltungsraete"],"acf":[],"yoast_head":"<!-- This site is optimized with the Yoast SEO plugin v27.4 - https:\/\/yoast.com\/product\/yoast-seo-wordpress\/ -->\n<title>Frauenquote in Verwaltungsr\u00e4ten knackt 20-Prozent-Marke - Organisator<\/title>\n<meta name=\"description\" content=\"Die Frauenanteile steigen sowohl in den Verwaltungsr\u00e4ten als auch in den Gesch\u00e4ftsleitungen der 100 gr\u00f6ssten Arbeitgeber.\" \/>\n<meta name=\"robots\" content=\"index, follow, max-snippet:-1, max-image-preview:large, max-video-preview:-1\" \/>\n<link rel=\"canonical\" href=\"https:\/\/www.organisator.ch\/fr\/gestion-2\/2019-03-07\/frauenquote-in-verwaltungsraeten-knackt-20-prozent-marke\/\" \/>\n<meta property=\"og:locale\" content=\"fr_FR\" \/>\n<meta property=\"og:type\" content=\"article\" \/>\n<meta property=\"og:title\" content=\"Frauenquote in Verwaltungsr\u00e4ten knackt 20-Prozent-Marke\" \/>\n<meta property=\"og:description\" content=\"Die Frauenanteile steigen sowohl in den Verwaltungsr\u00e4ten als auch in den Gesch\u00e4ftsleitungen der 100 gr\u00f6ssten Arbeitgeber.\" \/>\n<meta property=\"og:url\" content=\"https:\/\/www.organisator.ch\/fr\/gestion-2\/2019-03-07\/frauenquote-in-verwaltungsraeten-knackt-20-prozent-marke\/\" \/>\n<meta property=\"og:site_name\" content=\"Organisator\" \/>\n<meta property=\"article:publisher\" content=\"https:\/\/www.facebook.com\/OrganisatorFachmagazin\" \/>\n<meta property=\"article:published_time\" content=\"2019-03-07T13:22:31+00:00\" \/>\n<meta property=\"og:image\" content=\"https:\/\/www.organisator.ch\/wp-content\/uploads\/2019\/03\/Frauenquote-in-Verwaltungsraeten-knackt-20-Prozent-Marke_Organisator.jpg\" \/>\n\t<meta property=\"og:image:width\" content=\"680\" \/>\n\t<meta property=\"og:image:height\" content=\"453\" \/>\n\t<meta property=\"og:image:type\" content=\"image\/jpeg\" \/>\n<meta name=\"author\" content=\"thomas.berner\" \/>\n<meta name=\"twitter:card\" content=\"summary_large_image\" \/>\n<meta name=\"twitter:title\" content=\"Frauenquote in Verwaltungsr\u00e4ten knackt 20-Prozent-Marke\" \/>\n<meta name=\"twitter:description\" content=\"Die Frauenanteile steigen sowohl in den Verwaltungsr\u00e4ten als auch in den Gesch\u00e4ftsleitungen der 100 gr\u00f6ssten Arbeitgeber.\" \/>\n<meta name=\"twitter:image\" content=\"https:\/\/www.organisator.ch\/wp-content\/uploads\/2019\/03\/Frauenquote-in-Verwaltungsr\u00e4ten-knackt-20-Prozent-Marke_Organisator.jpg\" \/>\n<script type=\"application\/ld+json\" class=\"yoast-schema-graph\">{\"@context\":\"https:\\\/\\\/schema.org\",\"@graph\":[{\"@type\":\"Article\",\"@id\":\"https:\\\/\\\/www.organisator.ch\\\/management\\\/2019-03-07\\\/frauenquote-in-verwaltungsraeten-knackt-20-prozent-marke\\\/#article\",\"isPartOf\":{\"@id\":\"https:\\\/\\\/www.organisator.ch\\\/management\\\/2019-03-07\\\/frauenquote-in-verwaltungsraeten-knackt-20-prozent-marke\\\/\"},\"author\":{\"name\":\"thomas.berner\",\"@id\":\"https:\\\/\\\/www.organisator.ch\\\/#\\\/schema\\\/person\\\/6f650f90b2842cd4c0cc334b4e36f67e\"},\"headline\":\"Frauenquote in Verwaltungsr\u00e4ten knackt 20-Prozent-Marke\",\"datePublished\":\"2019-03-07T13:22:31+00:00\",\"mainEntityOfPage\":{\"@id\":\"https:\\\/\\\/www.organisator.ch\\\/management\\\/2019-03-07\\\/frauenquote-in-verwaltungsraeten-knackt-20-prozent-marke\\\/\"},\"wordCount\":727,\"commentCount\":1,\"publisher\":{\"@id\":\"https:\\\/\\\/www.organisator.ch\\\/#organization\"},\"image\":{\"@id\":\"https:\\\/\\\/www.organisator.ch\\\/management\\\/2019-03-07\\\/frauenquote-in-verwaltungsraeten-knackt-20-prozent-marke\\\/#primaryimage\"},\"thumbnailUrl\":\"https:\\\/\\\/www.organisator.ch\\\/wp-content\\\/uploads\\\/2019\\\/03\\\/Frauenquote-in-Verwaltungsraeten-knackt-20-Prozent-Marke_Organisator.jpg\",\"keywords\":[\"Diversity\",\"Management und Unternehmensf\u00fchrung\",\"Studie\",\"Verwaltungsr\u00e4te\"],\"articleSection\":[\"MANAGEMENT\"],\"inLanguage\":\"fr-FR\"},{\"@type\":\"WebPage\",\"@id\":\"https:\\\/\\\/www.organisator.ch\\\/management\\\/2019-03-07\\\/frauenquote-in-verwaltungsraeten-knackt-20-prozent-marke\\\/\",\"url\":\"https:\\\/\\\/www.organisator.ch\\\/management\\\/2019-03-07\\\/frauenquote-in-verwaltungsraeten-knackt-20-prozent-marke\\\/\",\"name\":\"Frauenquote in Verwaltungsr\u00e4ten knackt 20-Prozent-Marke - Organisator\",\"isPartOf\":{\"@id\":\"https:\\\/\\\/www.organisator.ch\\\/#website\"},\"primaryImageOfPage\":{\"@id\":\"https:\\\/\\\/www.organisator.ch\\\/management\\\/2019-03-07\\\/frauenquote-in-verwaltungsraeten-knackt-20-prozent-marke\\\/#primaryimage\"},\"image\":{\"@id\":\"https:\\\/\\\/www.organisator.ch\\\/management\\\/2019-03-07\\\/frauenquote-in-verwaltungsraeten-knackt-20-prozent-marke\\\/#primaryimage\"},\"thumbnailUrl\":\"https:\\\/\\\/www.organisator.ch\\\/wp-content\\\/uploads\\\/2019\\\/03\\\/Frauenquote-in-Verwaltungsraeten-knackt-20-Prozent-Marke_Organisator.jpg\",\"datePublished\":\"2019-03-07T13:22:31+00:00\",\"description\":\"Die Frauenanteile steigen sowohl in den Verwaltungsr\u00e4ten als auch in den Gesch\u00e4ftsleitungen der 100 gr\u00f6ssten Arbeitgeber.\",\"breadcrumb\":{\"@id\":\"https:\\\/\\\/www.organisator.ch\\\/management\\\/2019-03-07\\\/frauenquote-in-verwaltungsraeten-knackt-20-prozent-marke\\\/#breadcrumb\"},\"inLanguage\":\"fr-FR\",\"potentialAction\":[{\"@type\":\"ReadAction\",\"target\":[\"https:\\\/\\\/www.organisator.ch\\\/management\\\/2019-03-07\\\/frauenquote-in-verwaltungsraeten-knackt-20-prozent-marke\\\/\"]}]},{\"@type\":\"ImageObject\",\"inLanguage\":\"fr-FR\",\"@id\":\"https:\\\/\\\/www.organisator.ch\\\/management\\\/2019-03-07\\\/frauenquote-in-verwaltungsraeten-knackt-20-prozent-marke\\\/#primaryimage\",\"url\":\"https:\\\/\\\/www.organisator.ch\\\/wp-content\\\/uploads\\\/2019\\\/03\\\/Frauenquote-in-Verwaltungsraeten-knackt-20-Prozent-Marke_Organisator.jpg\",\"contentUrl\":\"https:\\\/\\\/www.organisator.ch\\\/wp-content\\\/uploads\\\/2019\\\/03\\\/Frauenquote-in-Verwaltungsraeten-knackt-20-Prozent-Marke_Organisator.jpg\",\"width\":680,\"height\":453,\"caption\":\"Die Frauenquote in Verwaltungsr\u00e4ten der gr\u00f6ssten Schweizer Unternehmen \u00fcberschreitet erstmals die 20-Prozent-Marke. Doch weibliche F\u00fchrungskr\u00e4fte stehen immer noch im Schatten ihrer m\u00e4nnlichen Kollegen. (Bild: pixabay.com)\"},{\"@type\":\"BreadcrumbList\",\"@id\":\"https:\\\/\\\/www.organisator.ch\\\/management\\\/2019-03-07\\\/frauenquote-in-verwaltungsraeten-knackt-20-prozent-marke\\\/#breadcrumb\",\"itemListElement\":[{\"@type\":\"ListItem\",\"position\":1,\"name\":\"Home\",\"item\":\"https:\\\/\\\/www.organisator.ch\\\/\"},{\"@type\":\"ListItem\",\"position\":2,\"name\":\"Frauenquote in Verwaltungsr\u00e4ten knackt 20-Prozent-Marke\"}]},{\"@type\":\"WebSite\",\"@id\":\"https:\\\/\\\/www.organisator.ch\\\/#website\",\"url\":\"https:\\\/\\\/www.organisator.ch\\\/\",\"name\":\"Organisator\",\"description\":\"Kompetent. Praxisnah. Der ORGANISATOR bereitet in 10 Ausgaben pro Jahr die wesentlichen Themen f\u00fcr F\u00fchrungskr\u00e4fte von KMU auf.\",\"publisher\":{\"@id\":\"https:\\\/\\\/www.organisator.ch\\\/#organization\"},\"potentialAction\":[{\"@type\":\"SearchAction\",\"target\":{\"@type\":\"EntryPoint\",\"urlTemplate\":\"https:\\\/\\\/www.organisator.ch\\\/?s={search_term_string}\"},\"query-input\":{\"@type\":\"PropertyValueSpecification\",\"valueRequired\":true,\"valueName\":\"search_term_string\"}}],\"inLanguage\":\"fr-FR\"},{\"@type\":\"Organization\",\"@id\":\"https:\\\/\\\/www.organisator.ch\\\/#organization\",\"name\":\"Organisator\",\"url\":\"https:\\\/\\\/www.organisator.ch\\\/\",\"logo\":{\"@type\":\"ImageObject\",\"inLanguage\":\"fr-FR\",\"@id\":\"https:\\\/\\\/www.organisator.ch\\\/#\\\/schema\\\/logo\\\/image\\\/\",\"url\":\"https:\\\/\\\/www.organisator.ch\\\/wp-content\\\/uploads\\\/2022\\\/01\\\/Logo_Organisator_Website.png\",\"contentUrl\":\"https:\\\/\\\/www.organisator.ch\\\/wp-content\\\/uploads\\\/2022\\\/01\\\/Logo_Organisator_Website.png\",\"width\":800,\"height\":77,\"caption\":\"Organisator\"},\"image\":{\"@id\":\"https:\\\/\\\/www.organisator.ch\\\/#\\\/schema\\\/logo\\\/image\\\/\"},\"sameAs\":[\"https:\\\/\\\/www.facebook.com\\\/OrganisatorFachmagazin\",\"https:\\\/\\\/www.linkedin.com\\\/showcase\\\/organisator-das-magazin-fr-kmu\",\"https:\\\/\\\/www.xing.com\\\/news\\\/pages\\\/organisator-ch-695\",\"https:\\\/\\\/www.youtube.com\\\/channel\\\/UCGP2Sq0iWaZwT3BdIAQFYpw\"]},{\"@type\":\"Person\",\"@id\":\"https:\\\/\\\/www.organisator.ch\\\/#\\\/schema\\\/person\\\/6f650f90b2842cd4c0cc334b4e36f67e\",\"name\":\"thomas.berner\",\"image\":{\"@type\":\"ImageObject\",\"inLanguage\":\"fr-FR\",\"@id\":\"https:\\\/\\\/secure.gravatar.com\\\/avatar\\\/ac5001d2a36cb6c6cd3e50789007ffca834b477b74a2144564522e944eabff61?s=96&d=mm&r=g\",\"url\":\"https:\\\/\\\/secure.gravatar.com\\\/avatar\\\/ac5001d2a36cb6c6cd3e50789007ffca834b477b74a2144564522e944eabff61?s=96&d=mm&r=g\",\"contentUrl\":\"https:\\\/\\\/secure.gravatar.com\\\/avatar\\\/ac5001d2a36cb6c6cd3e50789007ffca834b477b74a2144564522e944eabff61?s=96&d=mm&r=g\",\"caption\":\"thomas.berner\"},\"url\":\"https:\\\/\\\/www.organisator.ch\\\/fr\\\/author\\\/thomas-berner\\\/\"}]}<\/script>\n<!-- \/ Yoast SEO plugin. -->","yoast_head_json":{"title":"Le taux de femmes dans les conseils d'administration franchit la barre des 20 % - Organisateur","description":"La proportion de femmes augmente aussi bien dans les conseils d'administration que dans les directions des 100 plus grands employeurs.","robots":{"index":"index","follow":"follow","max-snippet":"max-snippet:-1","max-image-preview":"max-image-preview:large","max-video-preview":"max-video-preview:-1"},"canonical":"https:\/\/www.organisator.ch\/fr\/gestion-2\/2019-03-07\/frauenquote-in-verwaltungsraeten-knackt-20-prozent-marke\/","og_locale":"fr_FR","og_type":"article","og_title":"Frauenquote in Verwaltungsr\u00e4ten knackt 20-Prozent-Marke","og_description":"Die Frauenanteile steigen sowohl in den Verwaltungsr\u00e4ten als auch in den Gesch\u00e4ftsleitungen der 100 gr\u00f6ssten Arbeitgeber.","og_url":"https:\/\/www.organisator.ch\/fr\/gestion-2\/2019-03-07\/frauenquote-in-verwaltungsraeten-knackt-20-prozent-marke\/","og_site_name":"Organisator","article_publisher":"https:\/\/www.facebook.com\/OrganisatorFachmagazin","article_published_time":"2019-03-07T13:22:31+00:00","og_image":[{"width":680,"height":453,"url":"https:\/\/www.organisator.ch\/wp-content\/uploads\/2019\/03\/Frauenquote-in-Verwaltungsraeten-knackt-20-Prozent-Marke_Organisator.jpg","type":"image\/jpeg"}],"author":"thomas.berner","twitter_card":"summary_large_image","twitter_title":"Frauenquote in Verwaltungsr\u00e4ten knackt 20-Prozent-Marke","twitter_description":"Die Frauenanteile steigen sowohl in den Verwaltungsr\u00e4ten als auch in den Gesch\u00e4ftsleitungen der 100 gr\u00f6ssten Arbeitgeber.","twitter_image":"https:\/\/www.organisator.ch\/wp-content\/uploads\/2019\/03\/Frauenquote-in-Verwaltungsr\u00e4ten-knackt-20-Prozent-Marke_Organisator.jpg","schema":{"@context":"https:\/\/schema.org","@graph":[{"@type":"Article","@id":"https:\/\/www.organisator.ch\/management\/2019-03-07\/frauenquote-in-verwaltungsraeten-knackt-20-prozent-marke\/#article","isPartOf":{"@id":"https:\/\/www.organisator.ch\/management\/2019-03-07\/frauenquote-in-verwaltungsraeten-knackt-20-prozent-marke\/"},"author":{"name":"thomas.berner","@id":"https:\/\/www.organisator.ch\/#\/schema\/person\/6f650f90b2842cd4c0cc334b4e36f67e"},"headline":"Frauenquote in Verwaltungsr\u00e4ten knackt 20-Prozent-Marke","datePublished":"2019-03-07T13:22:31+00:00","mainEntityOfPage":{"@id":"https:\/\/www.organisator.ch\/management\/2019-03-07\/frauenquote-in-verwaltungsraeten-knackt-20-prozent-marke\/"},"wordCount":727,"commentCount":1,"publisher":{"@id":"https:\/\/www.organisator.ch\/#organization"},"image":{"@id":"https:\/\/www.organisator.ch\/management\/2019-03-07\/frauenquote-in-verwaltungsraeten-knackt-20-prozent-marke\/#primaryimage"},"thumbnailUrl":"https:\/\/www.organisator.ch\/wp-content\/uploads\/2019\/03\/Frauenquote-in-Verwaltungsraeten-knackt-20-Prozent-Marke_Organisator.jpg","keywords":["Diversity","Management und Unternehmensf\u00fchrung","Studie","Verwaltungsr\u00e4te"],"articleSection":["MANAGEMENT"],"inLanguage":"fr-FR"},{"@type":"WebPage","@id":"https:\/\/www.organisator.ch\/management\/2019-03-07\/frauenquote-in-verwaltungsraeten-knackt-20-prozent-marke\/","url":"https:\/\/www.organisator.ch\/management\/2019-03-07\/frauenquote-in-verwaltungsraeten-knackt-20-prozent-marke\/","name":"Le taux de femmes dans les conseils d'administration franchit la barre des 20 % - Organisateur","isPartOf":{"@id":"https:\/\/www.organisator.ch\/#website"},"primaryImageOfPage":{"@id":"https:\/\/www.organisator.ch\/management\/2019-03-07\/frauenquote-in-verwaltungsraeten-knackt-20-prozent-marke\/#primaryimage"},"image":{"@id":"https:\/\/www.organisator.ch\/management\/2019-03-07\/frauenquote-in-verwaltungsraeten-knackt-20-prozent-marke\/#primaryimage"},"thumbnailUrl":"https:\/\/www.organisator.ch\/wp-content\/uploads\/2019\/03\/Frauenquote-in-Verwaltungsraeten-knackt-20-Prozent-Marke_Organisator.jpg","datePublished":"2019-03-07T13:22:31+00:00","description":"La proportion de femmes augmente aussi bien dans les conseils d'administration que dans les directions des 100 plus grands employeurs.","breadcrumb":{"@id":"https:\/\/www.organisator.ch\/management\/2019-03-07\/frauenquote-in-verwaltungsraeten-knackt-20-prozent-marke\/#breadcrumb"},"inLanguage":"fr-FR","potentialAction":[{"@type":"ReadAction","target":["https:\/\/www.organisator.ch\/management\/2019-03-07\/frauenquote-in-verwaltungsraeten-knackt-20-prozent-marke\/"]}]},{"@type":"ImageObject","inLanguage":"fr-FR","@id":"https:\/\/www.organisator.ch\/management\/2019-03-07\/frauenquote-in-verwaltungsraeten-knackt-20-prozent-marke\/#primaryimage","url":"https:\/\/www.organisator.ch\/wp-content\/uploads\/2019\/03\/Frauenquote-in-Verwaltungsraeten-knackt-20-Prozent-Marke_Organisator.jpg","contentUrl":"https:\/\/www.organisator.ch\/wp-content\/uploads\/2019\/03\/Frauenquote-in-Verwaltungsraeten-knackt-20-Prozent-Marke_Organisator.jpg","width":680,"height":453,"caption":"Die Frauenquote in Verwaltungsr\u00e4ten der gr\u00f6ssten Schweizer Unternehmen \u00fcberschreitet erstmals die 20-Prozent-Marke. Doch weibliche F\u00fchrungskr\u00e4fte stehen immer noch im Schatten ihrer m\u00e4nnlichen Kollegen. (Bild: pixabay.com)"},{"@type":"BreadcrumbList","@id":"https:\/\/www.organisator.ch\/management\/2019-03-07\/frauenquote-in-verwaltungsraeten-knackt-20-prozent-marke\/#breadcrumb","itemListElement":[{"@type":"ListItem","position":1,"name":"Home","item":"https:\/\/www.organisator.ch\/"},{"@type":"ListItem","position":2,"name":"Frauenquote in Verwaltungsr\u00e4ten knackt 20-Prozent-Marke"}]},{"@type":"WebSite","@id":"https:\/\/www.organisator.ch\/#website","url":"https:\/\/www.organisator.ch\/","name":"Organisateur","description":"Comp\u00e9tence et comp\u00e9tence. Proches de la pratique. L'ORGANISATEUR pr\u00e9pare 10 num\u00e9ros par an sur les th\u00e8mes essentiels pour les dirigeants de PME.","publisher":{"@id":"https:\/\/www.organisator.ch\/#organization"},"potentialAction":[{"@type":"SearchAction","target":{"@type":"EntryPoint","urlTemplate":"https:\/\/www.organisator.ch\/?s={search_term_string}"},"query-input":{"@type":"PropertyValueSpecification","valueRequired":true,"valueName":"search_term_string"}}],"inLanguage":"fr-FR"},{"@type":"Organization","@id":"https:\/\/www.organisator.ch\/#organization","name":"Organisateur","url":"https:\/\/www.organisator.ch\/","logo":{"@type":"ImageObject","inLanguage":"fr-FR","@id":"https:\/\/www.organisator.ch\/#\/schema\/logo\/image\/","url":"https:\/\/www.organisator.ch\/wp-content\/uploads\/2022\/01\/Logo_Organisator_Website.png","contentUrl":"https:\/\/www.organisator.ch\/wp-content\/uploads\/2022\/01\/Logo_Organisator_Website.png","width":800,"height":77,"caption":"Organisator"},"image":{"@id":"https:\/\/www.organisator.ch\/#\/schema\/logo\/image\/"},"sameAs":["https:\/\/www.facebook.com\/OrganisatorFachmagazin","https:\/\/www.linkedin.com\/showcase\/organisator-das-magazin-fr-kmu","https:\/\/www.xing.com\/news\/pages\/organisator-ch-695","https:\/\/www.youtube.com\/channel\/UCGP2Sq0iWaZwT3BdIAQFYpw"]},{"@type":"Person","@id":"https:\/\/www.organisator.ch\/#\/schema\/person\/6f650f90b2842cd4c0cc334b4e36f67e","name":"thomas.berner","image":{"@type":"ImageObject","inLanguage":"fr-FR","@id":"https:\/\/secure.gravatar.com\/avatar\/ac5001d2a36cb6c6cd3e50789007ffca834b477b74a2144564522e944eabff61?s=96&d=mm&r=g","url":"https:\/\/secure.gravatar.com\/avatar\/ac5001d2a36cb6c6cd3e50789007ffca834b477b74a2144564522e944eabff61?s=96&d=mm&r=g","contentUrl":"https:\/\/secure.gravatar.com\/avatar\/ac5001d2a36cb6c6cd3e50789007ffca834b477b74a2144564522e944eabff61?s=96&d=mm&r=g","caption":"thomas.berner"},"url":"https:\/\/www.organisator.ch\/fr\/author\/thomas-berner\/"}]}},"_links":{"self":[{"href":"https:\/\/www.organisator.ch\/fr\/wp-json\/wp\/v2\/posts\/4992","targetHints":{"allow":["GET"]}}],"collection":[{"href":"https:\/\/www.organisator.ch\/fr\/wp-json\/wp\/v2\/posts"}],"about":[{"href":"https:\/\/www.organisator.ch\/fr\/wp-json\/wp\/v2\/types\/post"}],"author":[{"embeddable":true,"href":"https:\/\/www.organisator.ch\/fr\/wp-json\/wp\/v2\/users\/4"}],"replies":[{"embeddable":true,"href":"https:\/\/www.organisator.ch\/fr\/wp-json\/wp\/v2\/comments?post=4992"}],"version-history":[{"count":0,"href":"https:\/\/www.organisator.ch\/fr\/wp-json\/wp\/v2\/posts\/4992\/revisions"}],"wp:featuredmedia":[{"embeddable":true,"href":"https:\/\/www.organisator.ch\/fr\/wp-json\/wp\/v2\/media\/4993"}],"wp:attachment":[{"href":"https:\/\/www.organisator.ch\/fr\/wp-json\/wp\/v2\/media?parent=4992"}],"wp:term":[{"taxonomy":"category","embeddable":true,"href":"https:\/\/www.organisator.ch\/fr\/wp-json\/wp\/v2\/categories?post=4992"},{"taxonomy":"post_tag","embeddable":true,"href":"https:\/\/www.organisator.ch\/fr\/wp-json\/wp\/v2\/tags?post=4992"}],"curies":[{"name":"wp","href":"https:\/\/api.w.org\/{rel}","templated":true}]}}