{"id":5021,"date":"2019-03-14T15:50:37","date_gmt":"2019-03-14T14:50:37","guid":{"rendered":"https:\/\/www.organisator.ch\/?p=5021"},"modified":"2019-03-14T15:50:37","modified_gmt":"2019-03-14T14:50:37","slug":"unternehmensspiegel-ostschweiz-mit-digitalen-mausefallen-maeuse-machen","status":"publish","type":"post","link":"https:\/\/www.organisator.ch\/fr\/management\/2019-03-14\/unternehmensspiegel-ostschweiz-mit-digitalen-mausefallen-maeuse-machen\/","title":{"rendered":"Miroir des entreprises de Suisse orientale : Faire des souris avec des pi\u00e8ges \u00e0 souris num\u00e9riques"},"content":{"rendered":"<figure id=\"attachment_5022\" aria-describedby=\"caption-attachment-5022\" style=\"width: 680px\" class=\"wp-caption alignnone\"><img loading=\"lazy\" decoding=\"async\" class=\"size-medium wp-image-5022\" src=\"https:\/\/www.organisator.ch\/wp-content\/uploads\/2019\/03\/Unternehmensspiegel-Ostschweiz-Mit-digitalen-Mausefallen-Maeuse-machen-1_Organisator.jpg\" alt=\"\" width=\"680\" height=\"453\" srcset=\"https:\/\/www.organisator.ch\/wp-content\/uploads\/2019\/03\/Unternehmensspiegel-Ostschweiz-Mit-digitalen-Mausefallen-Maeuse-machen-1_Organisator.jpg 680w, https:\/\/www.organisator.ch\/wp-content\/uploads\/2019\/03\/Unternehmensspiegel-Ostschweiz-Mit-digitalen-Mausefallen-Maeuse-machen-1_Organisator-16x12.jpg 16w, https:\/\/www.organisator.ch\/wp-content\/uploads\/2019\/03\/Unternehmensspiegel-Ostschweiz-Mit-digitalen-Mausefallen-Maeuse-machen-1_Organisator-263x175.jpg 263w, https:\/\/www.organisator.ch\/wp-content\/uploads\/2019\/03\/Unternehmensspiegel-Ostschweiz-Mit-digitalen-Mausefallen-Maeuse-machen-1_Organisator-525x350.jpg 525w, https:\/\/www.organisator.ch\/wp-content\/uploads\/2019\/03\/Unternehmensspiegel-Ostschweiz-Mit-digitalen-Mausefallen-Maeuse-machen-1_Organisator-300x200.jpg 300w\" sizes=\"auto, (max-width: 680px) 100vw, 680px\" \/><figcaption id=\"caption-attachment-5022\" class=\"wp-caption-text\">Roland Waibel (3e depuis la gauche), directeur de l'IFU-FHS, discute avec Michael Steiner (1er depuis la gauche), pr\u00e9sident de la direction d'Acrevis Bank AG, Saint-Gall, et Domenic Kurt (au centre), CEO de Crowdli et Crowdlitoken AG, Frauenfeld, lors du 10e miroir des entreprises de Suisse orientale \u00e0 Saint-Gall. (Image : zVg)<\/figcaption><\/figure>\n<p>On pourrait penser que le terme \"num\u00e9risation\" a en fait d\u00e9j\u00e0 d\u00e9pass\u00e9 le z\u00e9nith du buzz. Le 10e miroir des entreprises de Suisse orientale, qui s'est tenu le 13 mars 2019 au Pfalzkeller \u00e0 Saint-Gall, a toutefois montr\u00e9 que la num\u00e9risation ne sera pas un processus de changement jamais achev\u00e9. La num\u00e9risation peut aussi \u00eatre comprise comme un terme g\u00e9n\u00e9rique d\u00e9signant de nouveaux outils ou, pour l'exprimer sous forme de comparaison, comme un processus de transformation : La num\u00e9risation, c'est la machine, et alors qu'elle \u00e9tait autrefois entra\u00een\u00e9e par la vapeur, les innovations ont conduit \u00e0 des entra\u00eenements \u00e0 carburant ou \u00e9lectriques, qui tirent leur \u00e9nergie du diesel ou du soleil. M\u00eame si les machines ont chang\u00e9, elles sont toujours pr\u00e9sentes et le processus de changement des machines ne sera probablement jamais vraiment termin\u00e9.<\/p>\n<h2>Pi\u00e8ges \u00e0 souris en r\u00e9seau<\/h2>\n<p>Rigo Tietz, directeur du centre de comp\u00e9tences Strat\u00e9gie &amp; Management \u00e0 l'Institut pour la gestion d'entreprise de la Haute \u00e9cole sp\u00e9cialis\u00e9e de Saint-Gall (IFU-FHS), a montr\u00e9 \u00e0 l'aide d'une multitude d'exemples locaux quels sont les nouveaux outils qui, \u00e0 leur tour, signifient un nouveau travail ou un nouvel avantage commercial et client : Parmi eux, les pi\u00e8ges \u00e0 souris de Parametric : les entreprises du secteur alimentaire ont des r\u00e8gles d'hygi\u00e8ne strictes. Parall\u00e8lement, les dispositions relatives \u00e0 la protection des animaux indiquent comment les souris doivent \u00eatre captur\u00e9es et combien de temps elles peuvent rester dans le pi\u00e8ge. Les pi\u00e8ges \u00e0 souris de Parametric sont un produit de l'Internet des objets qui reconna\u00eet quand une souris a \u00e9t\u00e9 captur\u00e9e et ne demande un traitement que pour les pi\u00e8ges dont la capture est confirm\u00e9e. Cela permet d'\u00e9viter un nombre potentiellement consid\u00e9rable d'heures de travail : M\u00eame avec seulement 3 minutes de travail par pi\u00e8ge \u00e0 souris, il en r\u00e9sulte pour 10 pi\u00e8ges une d\u00e9pense annuelle de plusieurs centaines d'heures de travail et de plusieurs milliers de francs.<\/p>\n<h2><strong>Quelque chose qui s'ajoute \u00e0 quelque chose d'existant<\/strong><\/h2>\n<p>Dans le miroir PME 2017 de l'IFU-FHS, 43% des r\u00e9pondants ont reconnu dans la num\u00e9risation une opportunit\u00e9 dans le d\u00e9veloppement et la mise en \u0153uvre de nouveaux concepts commerciaux. Il s'agit souvent de quelque chose de compl\u00e9mentaire \u00e0 quelque chose d'existant : Il y a un produit (voiture) qui est mis en r\u00e9seau (la voiture peut \u00eatre lou\u00e9e via une solution Internet). Les donn\u00e9es g\u00e9n\u00e9r\u00e9es par l'utilisation permettent une optimisation (la voiture transmet des itin\u00e9raires de voyage, ce qui permet d'anticiper le nombre de voitures n\u00e9cessaires et \u00e0 quel endroit) et, finalement, un concept commercial int\u00e9gr\u00e9 dans un \u00e9cosyst\u00e8me intelligent et interconnect\u00e9 est rendu possible (la carte utilis\u00e9e pour d\u00e9verrouiller les v\u00e9hicules peut \u00e9galement stocker des billets de transport ou des forfaits de ski). Cette cascade montre les opportunit\u00e9s offertes par un concept commercial num\u00e9rique (exploitation des donn\u00e9es, mise en relation de l'offre et de la demande), Rigo Tietz en ayant \u00e9num\u00e9r\u00e9 d'autres, par exemple le fait que les technologies num\u00e9riques peuvent r\u00e9duire les activit\u00e9s et les t\u00e2ches routini\u00e8res et donc \u00e9conomiser des efforts et des co\u00fbts.<\/p>\n<figure id=\"attachment_5023\" aria-describedby=\"caption-attachment-5023\" style=\"width: 680px\" class=\"wp-caption alignnone\"><img loading=\"lazy\" decoding=\"async\" class=\"size-medium wp-image-5023\" src=\"https:\/\/www.organisator.ch\/wp-content\/uploads\/2019\/03\/Unternehmensspiegel-Ostschweiz-Mit-digitalen-Mausefallen-Maeuse-machen-2_Organisator.jpg\" alt=\"\" width=\"680\" height=\"453\" srcset=\"https:\/\/www.organisator.ch\/wp-content\/uploads\/2019\/03\/Unternehmensspiegel-Ostschweiz-Mit-digitalen-Mausefallen-Maeuse-machen-2_Organisator.jpg 680w, https:\/\/www.organisator.ch\/wp-content\/uploads\/2019\/03\/Unternehmensspiegel-Ostschweiz-Mit-digitalen-Mausefallen-Maeuse-machen-2_Organisator-16x12.jpg 16w, https:\/\/www.organisator.ch\/wp-content\/uploads\/2019\/03\/Unternehmensspiegel-Ostschweiz-Mit-digitalen-Mausefallen-Maeuse-machen-2_Organisator-263x175.jpg 263w, https:\/\/www.organisator.ch\/wp-content\/uploads\/2019\/03\/Unternehmensspiegel-Ostschweiz-Mit-digitalen-Mausefallen-Maeuse-machen-2_Organisator-525x350.jpg 525w, https:\/\/www.organisator.ch\/wp-content\/uploads\/2019\/03\/Unternehmensspiegel-Ostschweiz-Mit-digitalen-Mausefallen-Maeuse-machen-2_Organisator-300x200.jpg 300w\" sizes=\"auto, (max-width: 680px) 100vw, 680px\" \/><figcaption id=\"caption-attachment-5023\" class=\"wp-caption-text\">Sibylle Minder Hochreutener, vice-rectrice et directrice du d\u00e9partement d'\u00e9conomie de la FHS de Saint-Gall, a prononc\u00e9 le discours d'ouverture. (Photo : zVg)<\/figcaption><\/figure>\n<h2>Espaces publicitaires \"customis\u00e9s<\/h2>\n<p>Alors que la s\u00e9curit\u00e9 des donn\u00e9es n'est probablement pas encore un probl\u00e8me pour les pi\u00e8ges \u00e0 souris mentionn\u00e9s ci-dessus, la surveillance des itin\u00e9raires de voyage ou l'exemple d'Advertima ont montr\u00e9 que la num\u00e9risation a aussi quelque chose de malsain : \u00e0 l'aide de capteurs visuels, le produit observe des personnes, par exemple dans un centre commercial, reconna\u00eet \u00e0 l'aide d'un algorithme le sexe et l'\u00e2ge de la personne et affiche des offres adapt\u00e9es \u00e0 cette personne sur les surfaces publicitaires devant lesquelles la personne passe. Le logiciel peut ensuite \"suivre\" la personne, par exemple pour v\u00e9rifier si elle demande ensuite une offre affich\u00e9e dans le magasin vis\u00e9 par la publicit\u00e9. Pour se rassurer, on peut mentionner ici la loi suisse tr\u00e8s stricte sur la protection des donn\u00e9es, qui garantit que les donn\u00e9es individuelles sont imm\u00e9diatement effac\u00e9es et que seules des \"m\u00e9tadonn\u00e9es\" agr\u00e9g\u00e9es sont conserv\u00e9es et partag\u00e9es avec les clients.<\/p>\n<h2>La blockchain dans l'immobilier<\/h2>\n<p>Roland Waibel, directeur de l'IFU-FHS, entre le Dr Michael Steiner, pr\u00e9sident de la direction d'Acrevis Bank AG, St-Gall, et Domenic Kurt, CEO de Crowdli et Crowdlitoken AG, Frauenfeld, cette derni\u00e8re entreprise permettant d'investir dans l'immobilier gr\u00e2ce \u00e0 la technologie blockchain. Acrevis investit 20 millions dans la num\u00e9risation et l'automatisation, en mettant la priorit\u00e9 non pas sur les processus, mais sur \"l'interface client\" : Elle souhaite offrir aux clients autant de libert\u00e9 que possible dans la gestion de leurs op\u00e9rations bancaires. Comme l'explique Michael Steiner, il faut certes s'attendre \u00e0 ce que ces possibilit\u00e9s soient de plus en plus demand\u00e9es par les clients, mais comme c'est g\u00e9n\u00e9ralement le cas pour les projets de num\u00e9risation, on ne sait pas quand le bon moment sera venu ; quand une technologie s'imposera. Et si l'on est trop t\u00f4t ou trop tard, cela nuit \u00e0 l'entreprise. La deuxi\u00e8me th\u00e9matique qui g\u00e9n\u00e8re de l'incertitude est que l'on ne sait pas quelles solutions technologiques s'imposeront et existeront \u00e0 long terme.<\/p>\n<p><em>Un autre miroir des entreprises de Suisse orientale aura lieu le 26 mars \u00e0 Teufen, dans le canton d'Appenzell. Source : <a href=\"http:\/\/www.fhsg.ch\">www.fhsg.ch<\/a><\/em><\/p>","protected":false},"excerpt":{"rendered":"<p>Man m\u00f6chte vermuten, dass der Begriff \u00abDigitalisierung\u00bb eigentlich den Zenit des Rummels bereits \u00fcberschritten hat. Der 10. Unternehmensspiegel Ostschweiz, stattgefunden am 13. M\u00e4rz 2019 im Pfalzkeller in St.Gallen, hat aber gezeigt, dass die Digitalisierung kein jemals abgeschlossener Ver\u00e4nderungsprozess sein wird. Digitalisierung kann auch als \u00dcberbegriff f\u00fcr neue Werkzeuge verstanden werden oder um es als Vergleich [&hellip;]<\/p>\n","protected":false},"author":4,"featured_media":5022,"comment_status":"open","ping_status":"open","sticky":false,"template":"","format":"standard","meta":{"_acf_changed":false,"_yoast_wpseo_focuskw":"Unternehmensspiegel Ostschweiz","_yoast_wpseo_metadesc":"Durch die Digitalisierung entstehen neue Gesch\u00e4ftskonzepte, also welche Leistungen ein Unternehmen wie und f\u00fcr wen und mit wem anbieten m\u00f6chte.","articlekey":"","footnotes":""},"categories":[28],"tags":[156,193,335,451],"class_list":["post-5021","post","type-post","status-publish","format-standard","has-post-thumbnail","hentry","category-management","tag-digitalisierung","tag-fachkongressfachmesse","tag-management-und-unternehmensfuehrung","tag-startups"],"acf":[],"yoast_head":"<!-- This site is optimized with the Yoast SEO plugin v27.4 - https:\/\/yoast.com\/product\/yoast-seo-wordpress\/ -->\n<title>Unternehmensspiegel Ostschweiz: Mit digitalen Mausefallen M\u00e4use machen - Organisator<\/title>\n<meta name=\"description\" content=\"Durch die Digitalisierung entstehen neue Gesch\u00e4ftskonzepte, also welche Leistungen ein Unternehmen wie und f\u00fcr wen und mit wem anbieten m\u00f6chte.\" \/>\n<meta name=\"robots\" content=\"index, follow, max-snippet:-1, max-image-preview:large, max-video-preview:-1\" \/>\n<link rel=\"canonical\" href=\"https:\/\/www.organisator.ch\/fr\/gestion-2\/2019-03-14\/unternehmensspiegel-ostschweiz-mit-digitalen-mausefallen-maeuse-machen\/\" \/>\n<meta property=\"og:locale\" content=\"fr_FR\" \/>\n<meta property=\"og:type\" content=\"article\" \/>\n<meta property=\"og:title\" content=\"Unternehmensspiegel Ostschweiz: Mit digitalen Mausefallen M\u00e4use machen\" \/>\n<meta property=\"og:description\" content=\"Durch die Digitalisierung entstehen neue Gesch\u00e4ftskonzepte, also welche Leistungen ein Unternehmen wie und f\u00fcr wen und mit wem anbieten m\u00f6chte.\" \/>\n<meta property=\"og:url\" content=\"https:\/\/www.organisator.ch\/fr\/gestion-2\/2019-03-14\/unternehmensspiegel-ostschweiz-mit-digitalen-mausefallen-maeuse-machen\/\" \/>\n<meta property=\"og:site_name\" content=\"Organisator\" \/>\n<meta property=\"article:publisher\" content=\"https:\/\/www.facebook.com\/OrganisatorFachmagazin\" \/>\n<meta property=\"article:published_time\" content=\"2019-03-14T14:50:37+00:00\" \/>\n<meta property=\"og:image\" content=\"https:\/\/www.organisator.ch\/wp-content\/uploads\/2019\/03\/Unternehmensspiegel-Ostschweiz-Mit-digitalen-Mausefallen-Maeuse-machen-1_Organisator.jpg\" \/>\n\t<meta property=\"og:image:width\" content=\"680\" \/>\n\t<meta property=\"og:image:height\" content=\"453\" \/>\n\t<meta property=\"og:image:type\" content=\"image\/jpeg\" \/>\n<meta name=\"author\" content=\"thomas.berner\" \/>\n<meta name=\"twitter:card\" content=\"summary_large_image\" \/>\n<meta name=\"twitter:title\" content=\"#Unternehmensspiegel Ostschweiz: Mit digitalen Mausefallen M\u00e4use machen\" \/>\n<meta name=\"twitter:description\" content=\"Durch die Digitalisierung entstehen neue Gesch\u00e4ftskonzepte, also welche Leistungen ein Unternehmen wie und f\u00fcr wen und mit wem anbieten m\u00f6chte.\" \/>\n<meta name=\"twitter:image\" content=\"https:\/\/www.organisator.ch\/wp-content\/uploads\/2019\/03\/Unternehmensspiegel-Ostschweiz-Mit-digitalen-Mausefallen-M\u00e4use-machen-1_Organisator.jpg\" \/>\n<script type=\"application\/ld+json\" class=\"yoast-schema-graph\">{\"@context\":\"https:\\\/\\\/schema.org\",\"@graph\":[{\"@type\":\"Article\",\"@id\":\"https:\\\/\\\/www.organisator.ch\\\/management\\\/2019-03-14\\\/unternehmensspiegel-ostschweiz-mit-digitalen-mausefallen-maeuse-machen\\\/#article\",\"isPartOf\":{\"@id\":\"https:\\\/\\\/www.organisator.ch\\\/management\\\/2019-03-14\\\/unternehmensspiegel-ostschweiz-mit-digitalen-mausefallen-maeuse-machen\\\/\"},\"author\":{\"name\":\"thomas.berner\",\"@id\":\"https:\\\/\\\/www.organisator.ch\\\/#\\\/schema\\\/person\\\/6f650f90b2842cd4c0cc334b4e36f67e\"},\"headline\":\"Unternehmensspiegel Ostschweiz: Mit digitalen Mausefallen M\u00e4use machen\",\"datePublished\":\"2019-03-14T14:50:37+00:00\",\"mainEntityOfPage\":{\"@id\":\"https:\\\/\\\/www.organisator.ch\\\/management\\\/2019-03-14\\\/unternehmensspiegel-ostschweiz-mit-digitalen-mausefallen-maeuse-machen\\\/\"},\"wordCount\":844,\"commentCount\":0,\"publisher\":{\"@id\":\"https:\\\/\\\/www.organisator.ch\\\/#organization\"},\"image\":{\"@id\":\"https:\\\/\\\/www.organisator.ch\\\/management\\\/2019-03-14\\\/unternehmensspiegel-ostschweiz-mit-digitalen-mausefallen-maeuse-machen\\\/#primaryimage\"},\"thumbnailUrl\":\"https:\\\/\\\/www.organisator.ch\\\/wp-content\\\/uploads\\\/2019\\\/03\\\/Unternehmensspiegel-Ostschweiz-Mit-digitalen-Mausefallen-Maeuse-machen-1_Organisator.jpg\",\"keywords\":[\"Digitalisierung\",\"Fachkongress\\\/Fachmesse\",\"Management und Unternehmensf\u00fchrung\",\"Startups\"],\"articleSection\":[\"MANAGEMENT\"],\"inLanguage\":\"fr-FR\"},{\"@type\":\"WebPage\",\"@id\":\"https:\\\/\\\/www.organisator.ch\\\/management\\\/2019-03-14\\\/unternehmensspiegel-ostschweiz-mit-digitalen-mausefallen-maeuse-machen\\\/\",\"url\":\"https:\\\/\\\/www.organisator.ch\\\/management\\\/2019-03-14\\\/unternehmensspiegel-ostschweiz-mit-digitalen-mausefallen-maeuse-machen\\\/\",\"name\":\"Unternehmensspiegel Ostschweiz: Mit digitalen Mausefallen M\u00e4use machen - Organisator\",\"isPartOf\":{\"@id\":\"https:\\\/\\\/www.organisator.ch\\\/#website\"},\"primaryImageOfPage\":{\"@id\":\"https:\\\/\\\/www.organisator.ch\\\/management\\\/2019-03-14\\\/unternehmensspiegel-ostschweiz-mit-digitalen-mausefallen-maeuse-machen\\\/#primaryimage\"},\"image\":{\"@id\":\"https:\\\/\\\/www.organisator.ch\\\/management\\\/2019-03-14\\\/unternehmensspiegel-ostschweiz-mit-digitalen-mausefallen-maeuse-machen\\\/#primaryimage\"},\"thumbnailUrl\":\"https:\\\/\\\/www.organisator.ch\\\/wp-content\\\/uploads\\\/2019\\\/03\\\/Unternehmensspiegel-Ostschweiz-Mit-digitalen-Mausefallen-Maeuse-machen-1_Organisator.jpg\",\"datePublished\":\"2019-03-14T14:50:37+00:00\",\"description\":\"Durch die Digitalisierung entstehen neue Gesch\u00e4ftskonzepte, also welche Leistungen ein Unternehmen wie und f\u00fcr wen und mit wem anbieten m\u00f6chte.\",\"breadcrumb\":{\"@id\":\"https:\\\/\\\/www.organisator.ch\\\/management\\\/2019-03-14\\\/unternehmensspiegel-ostschweiz-mit-digitalen-mausefallen-maeuse-machen\\\/#breadcrumb\"},\"inLanguage\":\"fr-FR\",\"potentialAction\":[{\"@type\":\"ReadAction\",\"target\":[\"https:\\\/\\\/www.organisator.ch\\\/management\\\/2019-03-14\\\/unternehmensspiegel-ostschweiz-mit-digitalen-mausefallen-maeuse-machen\\\/\"]}]},{\"@type\":\"ImageObject\",\"inLanguage\":\"fr-FR\",\"@id\":\"https:\\\/\\\/www.organisator.ch\\\/management\\\/2019-03-14\\\/unternehmensspiegel-ostschweiz-mit-digitalen-mausefallen-maeuse-machen\\\/#primaryimage\",\"url\":\"https:\\\/\\\/www.organisator.ch\\\/wp-content\\\/uploads\\\/2019\\\/03\\\/Unternehmensspiegel-Ostschweiz-Mit-digitalen-Mausefallen-Maeuse-machen-1_Organisator.jpg\",\"contentUrl\":\"https:\\\/\\\/www.organisator.ch\\\/wp-content\\\/uploads\\\/2019\\\/03\\\/Unternehmensspiegel-Ostschweiz-Mit-digitalen-Mausefallen-Maeuse-machen-1_Organisator.jpg\",\"width\":680,\"height\":453,\"caption\":\"Prof. Dr. Roland Waibel (3.v.l.), Leiter IFU-FHS diskutiert mit Dr. Michael Steiner (1.v.l.), Vorsitzender der Gesch\u00e4ftsleitung der Acrevis Bang AG, St.Gallen und Domenic Kurt (Mitte), CEO von Crowdli und Crowdlitoken AG, Frauenfeld am 10. Unternehmensspiegel Ostschweiz in St.Gallen. (Bild: zVg)\"},{\"@type\":\"BreadcrumbList\",\"@id\":\"https:\\\/\\\/www.organisator.ch\\\/management\\\/2019-03-14\\\/unternehmensspiegel-ostschweiz-mit-digitalen-mausefallen-maeuse-machen\\\/#breadcrumb\",\"itemListElement\":[{\"@type\":\"ListItem\",\"position\":1,\"name\":\"Home\",\"item\":\"https:\\\/\\\/www.organisator.ch\\\/\"},{\"@type\":\"ListItem\",\"position\":2,\"name\":\"Unternehmensspiegel Ostschweiz: Mit digitalen Mausefallen M\u00e4use machen\"}]},{\"@type\":\"WebSite\",\"@id\":\"https:\\\/\\\/www.organisator.ch\\\/#website\",\"url\":\"https:\\\/\\\/www.organisator.ch\\\/\",\"name\":\"Organisator\",\"description\":\"Kompetent. Praxisnah. Der ORGANISATOR bereitet in 10 Ausgaben pro Jahr die wesentlichen Themen f\u00fcr F\u00fchrungskr\u00e4fte von KMU auf.\",\"publisher\":{\"@id\":\"https:\\\/\\\/www.organisator.ch\\\/#organization\"},\"potentialAction\":[{\"@type\":\"SearchAction\",\"target\":{\"@type\":\"EntryPoint\",\"urlTemplate\":\"https:\\\/\\\/www.organisator.ch\\\/?s={search_term_string}\"},\"query-input\":{\"@type\":\"PropertyValueSpecification\",\"valueRequired\":true,\"valueName\":\"search_term_string\"}}],\"inLanguage\":\"fr-FR\"},{\"@type\":\"Organization\",\"@id\":\"https:\\\/\\\/www.organisator.ch\\\/#organization\",\"name\":\"Organisator\",\"url\":\"https:\\\/\\\/www.organisator.ch\\\/\",\"logo\":{\"@type\":\"ImageObject\",\"inLanguage\":\"fr-FR\",\"@id\":\"https:\\\/\\\/www.organisator.ch\\\/#\\\/schema\\\/logo\\\/image\\\/\",\"url\":\"https:\\\/\\\/www.organisator.ch\\\/wp-content\\\/uploads\\\/2022\\\/01\\\/Logo_Organisator_Website.png\",\"contentUrl\":\"https:\\\/\\\/www.organisator.ch\\\/wp-content\\\/uploads\\\/2022\\\/01\\\/Logo_Organisator_Website.png\",\"width\":800,\"height\":77,\"caption\":\"Organisator\"},\"image\":{\"@id\":\"https:\\\/\\\/www.organisator.ch\\\/#\\\/schema\\\/logo\\\/image\\\/\"},\"sameAs\":[\"https:\\\/\\\/www.facebook.com\\\/OrganisatorFachmagazin\",\"https:\\\/\\\/www.linkedin.com\\\/showcase\\\/organisator-das-magazin-fr-kmu\",\"https:\\\/\\\/www.xing.com\\\/news\\\/pages\\\/organisator-ch-695\",\"https:\\\/\\\/www.youtube.com\\\/channel\\\/UCGP2Sq0iWaZwT3BdIAQFYpw\"]},{\"@type\":\"Person\",\"@id\":\"https:\\\/\\\/www.organisator.ch\\\/#\\\/schema\\\/person\\\/6f650f90b2842cd4c0cc334b4e36f67e\",\"name\":\"thomas.berner\",\"image\":{\"@type\":\"ImageObject\",\"inLanguage\":\"fr-FR\",\"@id\":\"https:\\\/\\\/secure.gravatar.com\\\/avatar\\\/ac5001d2a36cb6c6cd3e50789007ffca834b477b74a2144564522e944eabff61?s=96&d=mm&r=g\",\"url\":\"https:\\\/\\\/secure.gravatar.com\\\/avatar\\\/ac5001d2a36cb6c6cd3e50789007ffca834b477b74a2144564522e944eabff61?s=96&d=mm&r=g\",\"contentUrl\":\"https:\\\/\\\/secure.gravatar.com\\\/avatar\\\/ac5001d2a36cb6c6cd3e50789007ffca834b477b74a2144564522e944eabff61?s=96&d=mm&r=g\",\"caption\":\"thomas.berner\"},\"url\":\"https:\\\/\\\/www.organisator.ch\\\/fr\\\/author\\\/thomas-berner\\\/\"}]}<\/script>\n<!-- \/ Yoast SEO plugin. -->","yoast_head_json":{"title":"Miroir des entreprises de Suisse orientale : Faire des souris avec des pi\u00e8ges \u00e0 souris num\u00e9riques - Organisateur","description":"La num\u00e9risation fait na\u00eetre de nouveaux concepts commerciaux, c'est-\u00e0-dire quels services une entreprise souhaite proposer, comment, pour qui et avec qui.","robots":{"index":"index","follow":"follow","max-snippet":"max-snippet:-1","max-image-preview":"max-image-preview:large","max-video-preview":"max-video-preview:-1"},"canonical":"https:\/\/www.organisator.ch\/fr\/gestion-2\/2019-03-14\/unternehmensspiegel-ostschweiz-mit-digitalen-mausefallen-maeuse-machen\/","og_locale":"fr_FR","og_type":"article","og_title":"Unternehmensspiegel Ostschweiz: Mit digitalen Mausefallen M\u00e4use machen","og_description":"Durch die Digitalisierung entstehen neue Gesch\u00e4ftskonzepte, also welche Leistungen ein Unternehmen wie und f\u00fcr wen und mit wem anbieten m\u00f6chte.","og_url":"https:\/\/www.organisator.ch\/fr\/gestion-2\/2019-03-14\/unternehmensspiegel-ostschweiz-mit-digitalen-mausefallen-maeuse-machen\/","og_site_name":"Organisator","article_publisher":"https:\/\/www.facebook.com\/OrganisatorFachmagazin","article_published_time":"2019-03-14T14:50:37+00:00","og_image":[{"width":680,"height":453,"url":"https:\/\/www.organisator.ch\/wp-content\/uploads\/2019\/03\/Unternehmensspiegel-Ostschweiz-Mit-digitalen-Mausefallen-Maeuse-machen-1_Organisator.jpg","type":"image\/jpeg"}],"author":"thomas.berner","twitter_card":"summary_large_image","twitter_title":"#Unternehmensspiegel Ostschweiz: Mit digitalen Mausefallen M\u00e4use machen","twitter_description":"Durch die Digitalisierung entstehen neue Gesch\u00e4ftskonzepte, also welche Leistungen ein Unternehmen wie und f\u00fcr wen und mit wem anbieten m\u00f6chte.","twitter_image":"https:\/\/www.organisator.ch\/wp-content\/uploads\/2019\/03\/Unternehmensspiegel-Ostschweiz-Mit-digitalen-Mausefallen-M\u00e4use-machen-1_Organisator.jpg","schema":{"@context":"https:\/\/schema.org","@graph":[{"@type":"Article","@id":"https:\/\/www.organisator.ch\/management\/2019-03-14\/unternehmensspiegel-ostschweiz-mit-digitalen-mausefallen-maeuse-machen\/#article","isPartOf":{"@id":"https:\/\/www.organisator.ch\/management\/2019-03-14\/unternehmensspiegel-ostschweiz-mit-digitalen-mausefallen-maeuse-machen\/"},"author":{"name":"thomas.berner","@id":"https:\/\/www.organisator.ch\/#\/schema\/person\/6f650f90b2842cd4c0cc334b4e36f67e"},"headline":"Unternehmensspiegel Ostschweiz: Mit digitalen Mausefallen M\u00e4use machen","datePublished":"2019-03-14T14:50:37+00:00","mainEntityOfPage":{"@id":"https:\/\/www.organisator.ch\/management\/2019-03-14\/unternehmensspiegel-ostschweiz-mit-digitalen-mausefallen-maeuse-machen\/"},"wordCount":844,"commentCount":0,"publisher":{"@id":"https:\/\/www.organisator.ch\/#organization"},"image":{"@id":"https:\/\/www.organisator.ch\/management\/2019-03-14\/unternehmensspiegel-ostschweiz-mit-digitalen-mausefallen-maeuse-machen\/#primaryimage"},"thumbnailUrl":"https:\/\/www.organisator.ch\/wp-content\/uploads\/2019\/03\/Unternehmensspiegel-Ostschweiz-Mit-digitalen-Mausefallen-Maeuse-machen-1_Organisator.jpg","keywords":["Digitalisierung","Fachkongress\/Fachmesse","Management und Unternehmensf\u00fchrung","Startups"],"articleSection":["MANAGEMENT"],"inLanguage":"fr-FR"},{"@type":"WebPage","@id":"https:\/\/www.organisator.ch\/management\/2019-03-14\/unternehmensspiegel-ostschweiz-mit-digitalen-mausefallen-maeuse-machen\/","url":"https:\/\/www.organisator.ch\/management\/2019-03-14\/unternehmensspiegel-ostschweiz-mit-digitalen-mausefallen-maeuse-machen\/","name":"Miroir des entreprises de Suisse orientale : Faire des souris avec des pi\u00e8ges \u00e0 souris num\u00e9riques - Organisateur","isPartOf":{"@id":"https:\/\/www.organisator.ch\/#website"},"primaryImageOfPage":{"@id":"https:\/\/www.organisator.ch\/management\/2019-03-14\/unternehmensspiegel-ostschweiz-mit-digitalen-mausefallen-maeuse-machen\/#primaryimage"},"image":{"@id":"https:\/\/www.organisator.ch\/management\/2019-03-14\/unternehmensspiegel-ostschweiz-mit-digitalen-mausefallen-maeuse-machen\/#primaryimage"},"thumbnailUrl":"https:\/\/www.organisator.ch\/wp-content\/uploads\/2019\/03\/Unternehmensspiegel-Ostschweiz-Mit-digitalen-Mausefallen-Maeuse-machen-1_Organisator.jpg","datePublished":"2019-03-14T14:50:37+00:00","description":"La num\u00e9risation fait na\u00eetre de nouveaux concepts commerciaux, c'est-\u00e0-dire quels services une entreprise souhaite proposer, comment, pour qui et avec qui.","breadcrumb":{"@id":"https:\/\/www.organisator.ch\/management\/2019-03-14\/unternehmensspiegel-ostschweiz-mit-digitalen-mausefallen-maeuse-machen\/#breadcrumb"},"inLanguage":"fr-FR","potentialAction":[{"@type":"ReadAction","target":["https:\/\/www.organisator.ch\/management\/2019-03-14\/unternehmensspiegel-ostschweiz-mit-digitalen-mausefallen-maeuse-machen\/"]}]},{"@type":"ImageObject","inLanguage":"fr-FR","@id":"https:\/\/www.organisator.ch\/management\/2019-03-14\/unternehmensspiegel-ostschweiz-mit-digitalen-mausefallen-maeuse-machen\/#primaryimage","url":"https:\/\/www.organisator.ch\/wp-content\/uploads\/2019\/03\/Unternehmensspiegel-Ostschweiz-Mit-digitalen-Mausefallen-Maeuse-machen-1_Organisator.jpg","contentUrl":"https:\/\/www.organisator.ch\/wp-content\/uploads\/2019\/03\/Unternehmensspiegel-Ostschweiz-Mit-digitalen-Mausefallen-Maeuse-machen-1_Organisator.jpg","width":680,"height":453,"caption":"Prof. Dr. Roland Waibel (3.v.l.), Leiter IFU-FHS diskutiert mit Dr. Michael Steiner (1.v.l.), Vorsitzender der Gesch\u00e4ftsleitung der Acrevis Bang AG, St.Gallen und Domenic Kurt (Mitte), CEO von Crowdli und Crowdlitoken AG, Frauenfeld am 10. Unternehmensspiegel Ostschweiz in St.Gallen. (Bild: zVg)"},{"@type":"BreadcrumbList","@id":"https:\/\/www.organisator.ch\/management\/2019-03-14\/unternehmensspiegel-ostschweiz-mit-digitalen-mausefallen-maeuse-machen\/#breadcrumb","itemListElement":[{"@type":"ListItem","position":1,"name":"Home","item":"https:\/\/www.organisator.ch\/"},{"@type":"ListItem","position":2,"name":"Unternehmensspiegel Ostschweiz: Mit digitalen Mausefallen M\u00e4use machen"}]},{"@type":"WebSite","@id":"https:\/\/www.organisator.ch\/#website","url":"https:\/\/www.organisator.ch\/","name":"Organisateur","description":"Comp\u00e9tence et comp\u00e9tence. Proches de la pratique. L'ORGANISATEUR pr\u00e9pare 10 num\u00e9ros par an sur les th\u00e8mes essentiels pour les dirigeants de PME.","publisher":{"@id":"https:\/\/www.organisator.ch\/#organization"},"potentialAction":[{"@type":"SearchAction","target":{"@type":"EntryPoint","urlTemplate":"https:\/\/www.organisator.ch\/?s={search_term_string}"},"query-input":{"@type":"PropertyValueSpecification","valueRequired":true,"valueName":"search_term_string"}}],"inLanguage":"fr-FR"},{"@type":"Organization","@id":"https:\/\/www.organisator.ch\/#organization","name":"Organisateur","url":"https:\/\/www.organisator.ch\/","logo":{"@type":"ImageObject","inLanguage":"fr-FR","@id":"https:\/\/www.organisator.ch\/#\/schema\/logo\/image\/","url":"https:\/\/www.organisator.ch\/wp-content\/uploads\/2022\/01\/Logo_Organisator_Website.png","contentUrl":"https:\/\/www.organisator.ch\/wp-content\/uploads\/2022\/01\/Logo_Organisator_Website.png","width":800,"height":77,"caption":"Organisator"},"image":{"@id":"https:\/\/www.organisator.ch\/#\/schema\/logo\/image\/"},"sameAs":["https:\/\/www.facebook.com\/OrganisatorFachmagazin","https:\/\/www.linkedin.com\/showcase\/organisator-das-magazin-fr-kmu","https:\/\/www.xing.com\/news\/pages\/organisator-ch-695","https:\/\/www.youtube.com\/channel\/UCGP2Sq0iWaZwT3BdIAQFYpw"]},{"@type":"Person","@id":"https:\/\/www.organisator.ch\/#\/schema\/person\/6f650f90b2842cd4c0cc334b4e36f67e","name":"thomas.berner","image":{"@type":"ImageObject","inLanguage":"fr-FR","@id":"https:\/\/secure.gravatar.com\/avatar\/ac5001d2a36cb6c6cd3e50789007ffca834b477b74a2144564522e944eabff61?s=96&d=mm&r=g","url":"https:\/\/secure.gravatar.com\/avatar\/ac5001d2a36cb6c6cd3e50789007ffca834b477b74a2144564522e944eabff61?s=96&d=mm&r=g","contentUrl":"https:\/\/secure.gravatar.com\/avatar\/ac5001d2a36cb6c6cd3e50789007ffca834b477b74a2144564522e944eabff61?s=96&d=mm&r=g","caption":"thomas.berner"},"url":"https:\/\/www.organisator.ch\/fr\/author\/thomas-berner\/"}]}},"_links":{"self":[{"href":"https:\/\/www.organisator.ch\/fr\/wp-json\/wp\/v2\/posts\/5021","targetHints":{"allow":["GET"]}}],"collection":[{"href":"https:\/\/www.organisator.ch\/fr\/wp-json\/wp\/v2\/posts"}],"about":[{"href":"https:\/\/www.organisator.ch\/fr\/wp-json\/wp\/v2\/types\/post"}],"author":[{"embeddable":true,"href":"https:\/\/www.organisator.ch\/fr\/wp-json\/wp\/v2\/users\/4"}],"replies":[{"embeddable":true,"href":"https:\/\/www.organisator.ch\/fr\/wp-json\/wp\/v2\/comments?post=5021"}],"version-history":[{"count":0,"href":"https:\/\/www.organisator.ch\/fr\/wp-json\/wp\/v2\/posts\/5021\/revisions"}],"wp:featuredmedia":[{"embeddable":true,"href":"https:\/\/www.organisator.ch\/fr\/wp-json\/wp\/v2\/media\/5022"}],"wp:attachment":[{"href":"https:\/\/www.organisator.ch\/fr\/wp-json\/wp\/v2\/media?parent=5021"}],"wp:term":[{"taxonomy":"category","embeddable":true,"href":"https:\/\/www.organisator.ch\/fr\/wp-json\/wp\/v2\/categories?post=5021"},{"taxonomy":"post_tag","embeddable":true,"href":"https:\/\/www.organisator.ch\/fr\/wp-json\/wp\/v2\/tags?post=5021"}],"curies":[{"name":"wp","href":"https:\/\/api.w.org\/{rel}","templated":true}]}}