{"id":5062,"date":"2019-03-27T09:25:56","date_gmt":"2019-03-27T08:25:56","guid":{"rendered":"https:\/\/www.organisator.ch\/?p=5062"},"modified":"2019-03-27T09:25:56","modified_gmt":"2019-03-27T08:25:56","slug":"switzerland-global-enterprise-zeichnet-beste-exportunternehmen-der-schweiz-aus","status":"publish","type":"post","link":"https:\/\/www.organisator.ch\/fr\/management\/2019-03-27\/switzerland-global-enterprise-zeichnet-beste-exportunternehmen-der-schweiz-aus\/","title":{"rendered":"Switzerland Global Enterprise r\u00e9compense les meilleures entreprises exportatrices de Suisse"},"content":{"rendered":"<figure id=\"attachment_5063\" aria-describedby=\"caption-attachment-5063\" style=\"width: 680px\" class=\"wp-caption alignnone\"><img loading=\"lazy\" decoding=\"async\" class=\"size-medium wp-image-5063\" src=\"https:\/\/www.organisator.ch\/wp-content\/uploads\/2019\/03\/Switzerland-Global-Enterprise-zeichnet-beste-Exportunternehmen-der-Schweiz-aus-1_Organisator.jpg\" alt=\"\" width=\"680\" height=\"442\" srcset=\"https:\/\/www.organisator.ch\/wp-content\/uploads\/2019\/03\/Switzerland-Global-Enterprise-zeichnet-beste-Exportunternehmen-der-Schweiz-aus-1_Organisator.jpg 680w, https:\/\/www.organisator.ch\/wp-content\/uploads\/2019\/03\/Switzerland-Global-Enterprise-zeichnet-beste-Exportunternehmen-der-Schweiz-aus-1_Organisator-16x10.jpg 16w, https:\/\/www.organisator.ch\/wp-content\/uploads\/2019\/03\/Switzerland-Global-Enterprise-zeichnet-beste-Exportunternehmen-der-Schweiz-aus-1_Organisator-269x175.jpg 269w, https:\/\/www.organisator.ch\/wp-content\/uploads\/2019\/03\/Switzerland-Global-Enterprise-zeichnet-beste-Exportunternehmen-der-Schweiz-aus-1_Organisator-538x350.jpg 538w, https:\/\/www.organisator.ch\/wp-content\/uploads\/2019\/03\/Switzerland-Global-Enterprise-zeichnet-beste-Exportunternehmen-der-Schweiz-aus-1_Organisator-300x195.jpg 300w\" sizes=\"auto, (max-width: 680px) 100vw, 680px\" \/><figcaption id=\"caption-attachment-5063\" class=\"wp-caption-text\">Gagne l'Export Award 2019 pour la meilleure entreprise exportatrice : Raimundo Sierra de VirtaMed, ici avec Ruth Metzler-Arnold, pr\u00e9sidente du CA de S-GE. (Photo : Thomas Berner)<\/figcaption><\/figure>\n<p>Cette ann\u00e9e, le Forum du commerce ext\u00e9rieur \u00e9tait plac\u00e9 sous le signe des march\u00e9s matures. L'espace de l'UE, les Etats-Unis ou le Japon restent les principaux partenaires commerciaux de la Suisse. Tous ces march\u00e9s se caract\u00e9risent par une forte saturation. Pourtant, selon Daniel K\u00fcng, pr\u00e9sident de Switzerland Global Enterprise (S-GE), ils continuent de constituer les vaches \u00e0 lait de la plupart des entreprises exportatrices. De m\u00eame, les innovations disruptives proviennent le plus souvent de march\u00e9s satur\u00e9s. M\u00eame si beaucoup de choses se concentrent de plus en plus sur les march\u00e9s \"\u00e0 notre porte\", la mondialisation n'est en aucun cas \"morte\", poursuit Daniel K\u00fcng. Elle s'est simplement quelque peu ralentie. Andreas Gerber du Credit Suisse est all\u00e9 dans le m\u00eame sens. Les meilleures entreprises exportatrices devraient garder \u00e0 l'esprit les march\u00e9s satur\u00e9s et les march\u00e9s en croissance. \"La flexibilit\u00e9, la fiabilit\u00e9, l'innovation et la qualit\u00e9 restent des valeurs suisses importantes, appr\u00e9ci\u00e9es dans le monde entier\", a d\u00e9clar\u00e9 Gerber. Adrian Steiner, CEO de Thermoplan AG \u00e0 Weggis, a ensuite donn\u00e9 un exemple de la mani\u00e8re dont cela fonctionne avec succ\u00e8s. Cette entreprise \u00e9quipe toutes les filiales Starbucks du monde entier de distributeurs automatiques de caf\u00e9. Dans son discours d'ouverture, Steiner a soulign\u00e9 que le chemin vers ce succ\u00e8s n'a pas toujours \u00e9t\u00e9 facile et qu'\u00e0 l'avenir, la coop\u00e9ration - \u00e9ventuellement aussi avec des concurrents - constituera un \u00e9l\u00e9ment important.<\/p>\n<h2>Strat\u00e9gies de commerce ext\u00e9rieur de la Conf\u00e9d\u00e9ration<\/h2>\n<p>Le ministre de l'\u00e9conomie Guy Parmelin a esquiss\u00e9 la strat\u00e9gie de la Conf\u00e9d\u00e9ration en mati\u00e8re de politique \u00e9conomique ext\u00e9rieure lors du Forum \u00e9conomique ext\u00e9rieur. Celle-ci comprend trois piliers : la garantie de bonnes relations avec l'UE, le maintien d'une OMC fonctionnelle ainsi que la conclusion et le renouvellement d'accords de libre-\u00e9change. Ce dernier point prend de l'importance, car l'unilat\u00e9ralisme des grandes puissances \u00e9conomiques met en p\u00e9ril les r\u00e8gles de l'OMC. Actuellement, les n\u00e9gociations avec les pays du Mercosur sont d\u00e9j\u00e0 bien avanc\u00e9es et les accords de libre-\u00e9change avec l'Indon\u00e9sie et l'\u00c9quateur ont \u00e9t\u00e9 conclus. La n\u00e9gociation d'un accord de libre-\u00e9change avec les Etats-Unis est \u00e0 nouveau envisag\u00e9e ; des entretiens de clarification ont d\u00e9j\u00e0 \u00e9t\u00e9 entam\u00e9s \u00e0 ce sujet. Pour les deux parties, l'ouverture de n\u00e9gociations n'est envisageable que si une v\u00e9ritable situation gagnant-gagnant peut \u00eatre cr\u00e9\u00e9e, selon Parmelin.<\/p>\n<figure id=\"attachment_5064\" aria-describedby=\"caption-attachment-5064\" style=\"width: 680px\" class=\"wp-caption alignnone\"><img loading=\"lazy\" decoding=\"async\" class=\"size-medium wp-image-5064\" src=\"https:\/\/www.organisator.ch\/wp-content\/uploads\/2019\/03\/Switzerland-Global-Enterprise-zeichnet-beste-Exportunternehmen-der-Schweiz-aus-2_Organisator.jpg\" alt=\"\" width=\"680\" height=\"396\" srcset=\"https:\/\/www.organisator.ch\/wp-content\/uploads\/2019\/03\/Switzerland-Global-Enterprise-zeichnet-beste-Exportunternehmen-der-Schweiz-aus-2_Organisator.jpg 680w, https:\/\/www.organisator.ch\/wp-content\/uploads\/2019\/03\/Switzerland-Global-Enterprise-zeichnet-beste-Exportunternehmen-der-Schweiz-aus-2_Organisator-16x9.jpg 16w, https:\/\/www.organisator.ch\/wp-content\/uploads\/2019\/03\/Switzerland-Global-Enterprise-zeichnet-beste-Exportunternehmen-der-Schweiz-aus-2_Organisator-301x175.jpg 301w, https:\/\/www.organisator.ch\/wp-content\/uploads\/2019\/03\/Switzerland-Global-Enterprise-zeichnet-beste-Exportunternehmen-der-Schweiz-aus-2_Organisator-601x350.jpg 601w, https:\/\/www.organisator.ch\/wp-content\/uploads\/2019\/03\/Switzerland-Global-Enterprise-zeichnet-beste-Exportunternehmen-der-Schweiz-aus-2_Organisator-300x175.jpg 300w\" sizes=\"auto, (max-width: 680px) 100vw, 680px\" \/><figcaption id=\"caption-attachment-5064\" class=\"wp-caption-text\">Le conseiller f\u00e9d\u00e9ral Guy Parmelin a esquiss\u00e9 la strat\u00e9gie de la Conf\u00e9d\u00e9ration en mati\u00e8re de commerce ext\u00e9rieur. (Image : Thomas Berner)<\/figcaption><\/figure>\n<h2>Opportunit\u00e9s sur les march\u00e9s satur\u00e9s<\/h2>\n<p>Lors d'un talk avec des experts de S-GE, il a \u00e9t\u00e9 question des chances et des d\u00e9fis sur les march\u00e9s satur\u00e9s que sont le Japon, les Etats-Unis et le Royaume-Uni. Pour le Royaume-Uni en particulier, la Suisse a de bonnes cartes \u00e0 jouer en cas de \"No-Deal Brexit\" gr\u00e2ce \u00e0 l'accord commercial conclu r\u00e9cemment, a d\u00e9clar\u00e9 Mareike Hood, qui s'occupe du Business Hub pour les \u00eeles britanniques. Il faut de toute fa\u00e7on s\u00e9parer le th\u00e8me du Brexit de l'aspect business, \"car les affaires restent les affaires\". Claudio Mazzucchelli s'occupe quant \u00e0 lui du march\u00e9 japonais pour S-GE. Il a soulign\u00e9 l'importance des connaissances culturelles qu'il faut avoir pour ce march\u00e9. Et Caroline Blaser - responsable du Business Hub USA - a confirm\u00e9 \u00e0 quel point les \u00c9tats-Unis peuvent rester un march\u00e9 int\u00e9ressant pour les entreprises suisses.<\/p>\n<h2>Les meilleures entreprises exportatrices r\u00e9compens\u00e9es<\/h2>\n<p>L'Export Award de cette ann\u00e9e a \u00e9t\u00e9 d\u00e9cern\u00e9 \u00e0 l'entreprise de technologie m\u00e9dicale zurichoise VirtaMed. L'entreprise, qui fabrique des appareils de simulation pour la formation aux op\u00e9rations, a convaincu le jury par sa strat\u00e9gie d'exportation intelligente. VirtaMed \u00e9tait en finale avec les entreprises Andermatt Biocontrol AG de Grossdietwil et CAMAG de Muttenz BL. Douze ans apr\u00e8s sa cr\u00e9ation, la PME de Schlieren emploie 100 personnes de 20 pays diff\u00e9rents et a cr\u00e9\u00e9 deux filiales et un r\u00e9seau de distribution mondial. VirtaMed est leader lorsqu'il s'agit de la formation virtuelle aux op\u00e9rations mini-invasives. Aujourd'hui, pr\u00e8s de 1000 simulateurs r\u00e9partis dans 50 pays permettent d'exercer des comp\u00e9tences endoscopiques \u00e0 moindre co\u00fbt - dans des h\u00f4pitaux de formation et des centres d'entra\u00eenement m\u00e9dicaux ainsi que chez des fabricants de produits m\u00e9dico-techniques.<\/p>\n<p>Le troph\u00e9e a \u00e9t\u00e9 remis par Ruth Metzler-Arnold, pr\u00e9sidente du conseil d'administration de S-GE. \"VirtaMed AG a r\u00e9ussi \u00e0 s'imposer sur le march\u00e9 mondial avec des simulateurs extr\u00eamement pr\u00e9cis. Gr\u00e2ce \u00e0 une strat\u00e9gie d'exportation bien pens\u00e9e, l'entreprise fournit aussi bien des clients sur les march\u00e9s \u00e9mergents que sur les march\u00e9s matures\", d\u00e9clare fi\u00e8rement Ruth Metzler-Arnold. \"De plus, la success story de VirtaMed AG montre comment une strat\u00e9gie de distribution internationale peut contribuer \u00e0 la croissance rapide d'une entreprise en Suisse\".<\/p>\n<p><em><a href=\"http:\/\/www.s-ge.com\">www.s-ge.com<\/a><\/em><\/p>","protected":false},"excerpt":{"rendered":"<p>Das diesj\u00e4hrige Aussenwirtschaftsforum stand im Zeichen von reifen M\u00e4rkten. Der EU-Raum, die USA oder Japan sind nach wie vor die wichtigsten Handelspartner der Schweiz. Alle diese M\u00e4rkte zeichnen sich durch eine hohe S\u00e4ttigung aus. Dennoch bilden diese &#8211; so Daniel K\u00fcng, Pr\u00e4sident von Switzerland Global Enterprise (S-GE) &#8211; nach wie vor die Cash Cows der [&hellip;]<\/p>\n","protected":false},"author":4,"featured_media":5063,"comment_status":"open","ping_status":"open","sticky":false,"template":"","format":"standard","meta":{"_acf_changed":false,"_yoast_wpseo_focuskw":"beste Exportunternehmen","_yoast_wpseo_metadesc":"Am - erstmals ausverkauften - Aussenwirtschaftsforum vom 26. M\u00e4rz 2019 wurde das Medtech-Unternehmen VirtaMed mit dem Export Award 2019 ausgezeichnet.","articlekey":"","footnotes":""},"categories":[28],"tags":[189,193,335,492,531],"class_list":["post-5062","post","type-post","status-publish","format-standard","has-post-thumbnail","hentry","category-management","tag-export","tag-fachkongressfachmesse","tag-management-und-unternehmensfuehrung","tag-unternehmen","tag-wirtschaftspolitik"],"acf":[],"yoast_head":"<!-- This site is optimized with the Yoast SEO plugin v27.4 - https:\/\/yoast.com\/product\/yoast-seo-wordpress\/ -->\n<title>Switzerland Global Enterprise zeichnet beste Exportunternehmen der Schweiz aus - Organisator<\/title>\n<meta name=\"description\" content=\"Am - erstmals ausverkauften - Aussenwirtschaftsforum vom 26. M\u00e4rz 2019 wurde das Medtech-Unternehmen VirtaMed mit dem Export Award 2019 ausgezeichnet.\" \/>\n<meta name=\"robots\" content=\"index, follow, max-snippet:-1, max-image-preview:large, max-video-preview:-1\" \/>\n<link rel=\"canonical\" href=\"https:\/\/www.organisator.ch\/fr\/gestion-2\/2019-03-27\/switzerland-global-enterprise-zeichnet-beste-exportunternehmen-der-schweiz-aus\/\" \/>\n<meta property=\"og:locale\" content=\"fr_FR\" \/>\n<meta property=\"og:type\" content=\"article\" \/>\n<meta property=\"og:title\" content=\"Switzerland Global Enterprise zeichnet beste Exportunternehmen der Schweiz aus\" \/>\n<meta property=\"og:description\" content=\"Am - erstmals ausverkauften - Aussenwirtschaftsforum vom 26. M\u00e4rz 2019 wurde das Medtech-Unternehmen VirtaMed mit dem Export Award 2019 ausgezeichnet.\" \/>\n<meta property=\"og:url\" content=\"https:\/\/www.organisator.ch\/fr\/gestion-2\/2019-03-27\/switzerland-global-enterprise-zeichnet-beste-exportunternehmen-der-schweiz-aus\/\" \/>\n<meta property=\"og:site_name\" content=\"Organisator\" \/>\n<meta property=\"article:publisher\" content=\"https:\/\/www.facebook.com\/OrganisatorFachmagazin\" \/>\n<meta property=\"article:published_time\" content=\"2019-03-27T08:25:56+00:00\" \/>\n<meta property=\"og:image\" content=\"https:\/\/www.organisator.ch\/wp-content\/uploads\/2019\/03\/Switzerland-Global-Enterprise-zeichnet-beste-Exportunternehmen-der-Schweiz-aus-1_Organisator.jpg\" \/>\n\t<meta property=\"og:image:width\" content=\"680\" \/>\n\t<meta property=\"og:image:height\" content=\"442\" \/>\n\t<meta property=\"og:image:type\" content=\"image\/jpeg\" \/>\n<meta name=\"author\" content=\"thomas.berner\" \/>\n<meta name=\"twitter:card\" content=\"summary_large_image\" \/>\n<meta name=\"twitter:title\" content=\"Switzerland Global Enterprise zeichnet beste #Exportunternehmen der Schweiz aus\" \/>\n<meta name=\"twitter:description\" content=\"Am - erstmals ausverkauften - #Aussenwirtschaftsforum vom 26. M\u00e4rz 2019 wurde das Medtech-Unternehmen #VirtaMed mit dem Export Award 2019 ausgezeichnet.\" \/>\n<meta name=\"twitter:image\" content=\"https:\/\/www.organisator.ch\/wp-content\/uploads\/2019\/03\/Switzerland-Global-Enterprise-zeichnet-beste-Exportunternehmen-der-Schweiz-aus-1_Organisator.jpg\" \/>\n<script type=\"application\/ld+json\" class=\"yoast-schema-graph\">{\"@context\":\"https:\\\/\\\/schema.org\",\"@graph\":[{\"@type\":\"Article\",\"@id\":\"https:\\\/\\\/www.organisator.ch\\\/management\\\/2019-03-27\\\/switzerland-global-enterprise-zeichnet-beste-exportunternehmen-der-schweiz-aus\\\/#article\",\"isPartOf\":{\"@id\":\"https:\\\/\\\/www.organisator.ch\\\/management\\\/2019-03-27\\\/switzerland-global-enterprise-zeichnet-beste-exportunternehmen-der-schweiz-aus\\\/\"},\"author\":{\"name\":\"thomas.berner\",\"@id\":\"https:\\\/\\\/www.organisator.ch\\\/#\\\/schema\\\/person\\\/6f650f90b2842cd4c0cc334b4e36f67e\"},\"headline\":\"Switzerland Global Enterprise zeichnet beste Exportunternehmen der Schweiz aus\",\"datePublished\":\"2019-03-27T08:25:56+00:00\",\"mainEntityOfPage\":{\"@id\":\"https:\\\/\\\/www.organisator.ch\\\/management\\\/2019-03-27\\\/switzerland-global-enterprise-zeichnet-beste-exportunternehmen-der-schweiz-aus\\\/\"},\"wordCount\":719,\"commentCount\":0,\"publisher\":{\"@id\":\"https:\\\/\\\/www.organisator.ch\\\/#organization\"},\"image\":{\"@id\":\"https:\\\/\\\/www.organisator.ch\\\/management\\\/2019-03-27\\\/switzerland-global-enterprise-zeichnet-beste-exportunternehmen-der-schweiz-aus\\\/#primaryimage\"},\"thumbnailUrl\":\"https:\\\/\\\/www.organisator.ch\\\/wp-content\\\/uploads\\\/2019\\\/03\\\/Switzerland-Global-Enterprise-zeichnet-beste-Exportunternehmen-der-Schweiz-aus-1_Organisator.jpg\",\"keywords\":[\"Export\",\"Fachkongress\\\/Fachmesse\",\"Management und Unternehmensf\u00fchrung\",\"Unternehmen\",\"Wirtschaftspolitik\"],\"articleSection\":[\"MANAGEMENT\"],\"inLanguage\":\"fr-FR\"},{\"@type\":\"WebPage\",\"@id\":\"https:\\\/\\\/www.organisator.ch\\\/management\\\/2019-03-27\\\/switzerland-global-enterprise-zeichnet-beste-exportunternehmen-der-schweiz-aus\\\/\",\"url\":\"https:\\\/\\\/www.organisator.ch\\\/management\\\/2019-03-27\\\/switzerland-global-enterprise-zeichnet-beste-exportunternehmen-der-schweiz-aus\\\/\",\"name\":\"Switzerland Global Enterprise zeichnet beste Exportunternehmen der Schweiz aus - Organisator\",\"isPartOf\":{\"@id\":\"https:\\\/\\\/www.organisator.ch\\\/#website\"},\"primaryImageOfPage\":{\"@id\":\"https:\\\/\\\/www.organisator.ch\\\/management\\\/2019-03-27\\\/switzerland-global-enterprise-zeichnet-beste-exportunternehmen-der-schweiz-aus\\\/#primaryimage\"},\"image\":{\"@id\":\"https:\\\/\\\/www.organisator.ch\\\/management\\\/2019-03-27\\\/switzerland-global-enterprise-zeichnet-beste-exportunternehmen-der-schweiz-aus\\\/#primaryimage\"},\"thumbnailUrl\":\"https:\\\/\\\/www.organisator.ch\\\/wp-content\\\/uploads\\\/2019\\\/03\\\/Switzerland-Global-Enterprise-zeichnet-beste-Exportunternehmen-der-Schweiz-aus-1_Organisator.jpg\",\"datePublished\":\"2019-03-27T08:25:56+00:00\",\"description\":\"Am - erstmals ausverkauften - Aussenwirtschaftsforum vom 26. M\u00e4rz 2019 wurde das Medtech-Unternehmen VirtaMed mit dem Export Award 2019 ausgezeichnet.\",\"breadcrumb\":{\"@id\":\"https:\\\/\\\/www.organisator.ch\\\/management\\\/2019-03-27\\\/switzerland-global-enterprise-zeichnet-beste-exportunternehmen-der-schweiz-aus\\\/#breadcrumb\"},\"inLanguage\":\"fr-FR\",\"potentialAction\":[{\"@type\":\"ReadAction\",\"target\":[\"https:\\\/\\\/www.organisator.ch\\\/management\\\/2019-03-27\\\/switzerland-global-enterprise-zeichnet-beste-exportunternehmen-der-schweiz-aus\\\/\"]}]},{\"@type\":\"ImageObject\",\"inLanguage\":\"fr-FR\",\"@id\":\"https:\\\/\\\/www.organisator.ch\\\/management\\\/2019-03-27\\\/switzerland-global-enterprise-zeichnet-beste-exportunternehmen-der-schweiz-aus\\\/#primaryimage\",\"url\":\"https:\\\/\\\/www.organisator.ch\\\/wp-content\\\/uploads\\\/2019\\\/03\\\/Switzerland-Global-Enterprise-zeichnet-beste-Exportunternehmen-der-Schweiz-aus-1_Organisator.jpg\",\"contentUrl\":\"https:\\\/\\\/www.organisator.ch\\\/wp-content\\\/uploads\\\/2019\\\/03\\\/Switzerland-Global-Enterprise-zeichnet-beste-Exportunternehmen-der-Schweiz-aus-1_Organisator.jpg\",\"width\":680,\"height\":442,\"caption\":\"Gewinnt den Export Award 2019 f\u00fcr das beste Exportunternehmen: Raimundo Sierra von VirtaMed, hier zusammen mit Ruth Metzler-Arnold, VR-Pr\u00e4sidentin von S-GE. (Bild: Thomas Berner)\"},{\"@type\":\"BreadcrumbList\",\"@id\":\"https:\\\/\\\/www.organisator.ch\\\/management\\\/2019-03-27\\\/switzerland-global-enterprise-zeichnet-beste-exportunternehmen-der-schweiz-aus\\\/#breadcrumb\",\"itemListElement\":[{\"@type\":\"ListItem\",\"position\":1,\"name\":\"Home\",\"item\":\"https:\\\/\\\/www.organisator.ch\\\/\"},{\"@type\":\"ListItem\",\"position\":2,\"name\":\"Switzerland Global Enterprise zeichnet beste Exportunternehmen der Schweiz aus\"}]},{\"@type\":\"WebSite\",\"@id\":\"https:\\\/\\\/www.organisator.ch\\\/#website\",\"url\":\"https:\\\/\\\/www.organisator.ch\\\/\",\"name\":\"Organisator\",\"description\":\"Kompetent. Praxisnah. Der ORGANISATOR bereitet in 10 Ausgaben pro Jahr die wesentlichen Themen f\u00fcr F\u00fchrungskr\u00e4fte von KMU auf.\",\"publisher\":{\"@id\":\"https:\\\/\\\/www.organisator.ch\\\/#organization\"},\"potentialAction\":[{\"@type\":\"SearchAction\",\"target\":{\"@type\":\"EntryPoint\",\"urlTemplate\":\"https:\\\/\\\/www.organisator.ch\\\/?s={search_term_string}\"},\"query-input\":{\"@type\":\"PropertyValueSpecification\",\"valueRequired\":true,\"valueName\":\"search_term_string\"}}],\"inLanguage\":\"fr-FR\"},{\"@type\":\"Organization\",\"@id\":\"https:\\\/\\\/www.organisator.ch\\\/#organization\",\"name\":\"Organisator\",\"url\":\"https:\\\/\\\/www.organisator.ch\\\/\",\"logo\":{\"@type\":\"ImageObject\",\"inLanguage\":\"fr-FR\",\"@id\":\"https:\\\/\\\/www.organisator.ch\\\/#\\\/schema\\\/logo\\\/image\\\/\",\"url\":\"https:\\\/\\\/www.organisator.ch\\\/wp-content\\\/uploads\\\/2022\\\/01\\\/Logo_Organisator_Website.png\",\"contentUrl\":\"https:\\\/\\\/www.organisator.ch\\\/wp-content\\\/uploads\\\/2022\\\/01\\\/Logo_Organisator_Website.png\",\"width\":800,\"height\":77,\"caption\":\"Organisator\"},\"image\":{\"@id\":\"https:\\\/\\\/www.organisator.ch\\\/#\\\/schema\\\/logo\\\/image\\\/\"},\"sameAs\":[\"https:\\\/\\\/www.facebook.com\\\/OrganisatorFachmagazin\",\"https:\\\/\\\/www.linkedin.com\\\/showcase\\\/organisator-das-magazin-fr-kmu\",\"https:\\\/\\\/www.xing.com\\\/news\\\/pages\\\/organisator-ch-695\",\"https:\\\/\\\/www.youtube.com\\\/channel\\\/UCGP2Sq0iWaZwT3BdIAQFYpw\"]},{\"@type\":\"Person\",\"@id\":\"https:\\\/\\\/www.organisator.ch\\\/#\\\/schema\\\/person\\\/6f650f90b2842cd4c0cc334b4e36f67e\",\"name\":\"thomas.berner\",\"image\":{\"@type\":\"ImageObject\",\"inLanguage\":\"fr-FR\",\"@id\":\"https:\\\/\\\/secure.gravatar.com\\\/avatar\\\/ac5001d2a36cb6c6cd3e50789007ffca834b477b74a2144564522e944eabff61?s=96&d=mm&r=g\",\"url\":\"https:\\\/\\\/secure.gravatar.com\\\/avatar\\\/ac5001d2a36cb6c6cd3e50789007ffca834b477b74a2144564522e944eabff61?s=96&d=mm&r=g\",\"contentUrl\":\"https:\\\/\\\/secure.gravatar.com\\\/avatar\\\/ac5001d2a36cb6c6cd3e50789007ffca834b477b74a2144564522e944eabff61?s=96&d=mm&r=g\",\"caption\":\"thomas.berner\"},\"url\":\"https:\\\/\\\/www.organisator.ch\\\/fr\\\/author\\\/thomas-berner\\\/\"}]}<\/script>\n<!-- \/ Yoast SEO plugin. -->","yoast_head_json":{"title":"Switzerland Global Enterprise r\u00e9compense les meilleures entreprises exportatrices de Suisse - Organisateur","description":"Lors du Forum du commerce ext\u00e9rieur du 26 mars 2019 - qui affichait complet pour la premi\u00e8re fois - l'entreprise de technologie m\u00e9dicale VirtaMed a re\u00e7u l'Export Award 2019.","robots":{"index":"index","follow":"follow","max-snippet":"max-snippet:-1","max-image-preview":"max-image-preview:large","max-video-preview":"max-video-preview:-1"},"canonical":"https:\/\/www.organisator.ch\/fr\/gestion-2\/2019-03-27\/switzerland-global-enterprise-zeichnet-beste-exportunternehmen-der-schweiz-aus\/","og_locale":"fr_FR","og_type":"article","og_title":"Switzerland Global Enterprise zeichnet beste Exportunternehmen der Schweiz aus","og_description":"Am - erstmals ausverkauften - Aussenwirtschaftsforum vom 26. M\u00e4rz 2019 wurde das Medtech-Unternehmen VirtaMed mit dem Export Award 2019 ausgezeichnet.","og_url":"https:\/\/www.organisator.ch\/fr\/gestion-2\/2019-03-27\/switzerland-global-enterprise-zeichnet-beste-exportunternehmen-der-schweiz-aus\/","og_site_name":"Organisator","article_publisher":"https:\/\/www.facebook.com\/OrganisatorFachmagazin","article_published_time":"2019-03-27T08:25:56+00:00","og_image":[{"width":680,"height":442,"url":"https:\/\/www.organisator.ch\/wp-content\/uploads\/2019\/03\/Switzerland-Global-Enterprise-zeichnet-beste-Exportunternehmen-der-Schweiz-aus-1_Organisator.jpg","type":"image\/jpeg"}],"author":"thomas.berner","twitter_card":"summary_large_image","twitter_title":"Switzerland Global Enterprise zeichnet beste #Exportunternehmen der Schweiz aus","twitter_description":"Am - erstmals ausverkauften - #Aussenwirtschaftsforum vom 26. M\u00e4rz 2019 wurde das Medtech-Unternehmen #VirtaMed mit dem Export Award 2019 ausgezeichnet.","twitter_image":"https:\/\/www.organisator.ch\/wp-content\/uploads\/2019\/03\/Switzerland-Global-Enterprise-zeichnet-beste-Exportunternehmen-der-Schweiz-aus-1_Organisator.jpg","schema":{"@context":"https:\/\/schema.org","@graph":[{"@type":"Article","@id":"https:\/\/www.organisator.ch\/management\/2019-03-27\/switzerland-global-enterprise-zeichnet-beste-exportunternehmen-der-schweiz-aus\/#article","isPartOf":{"@id":"https:\/\/www.organisator.ch\/management\/2019-03-27\/switzerland-global-enterprise-zeichnet-beste-exportunternehmen-der-schweiz-aus\/"},"author":{"name":"thomas.berner","@id":"https:\/\/www.organisator.ch\/#\/schema\/person\/6f650f90b2842cd4c0cc334b4e36f67e"},"headline":"Switzerland Global Enterprise zeichnet beste Exportunternehmen der Schweiz aus","datePublished":"2019-03-27T08:25:56+00:00","mainEntityOfPage":{"@id":"https:\/\/www.organisator.ch\/management\/2019-03-27\/switzerland-global-enterprise-zeichnet-beste-exportunternehmen-der-schweiz-aus\/"},"wordCount":719,"commentCount":0,"publisher":{"@id":"https:\/\/www.organisator.ch\/#organization"},"image":{"@id":"https:\/\/www.organisator.ch\/management\/2019-03-27\/switzerland-global-enterprise-zeichnet-beste-exportunternehmen-der-schweiz-aus\/#primaryimage"},"thumbnailUrl":"https:\/\/www.organisator.ch\/wp-content\/uploads\/2019\/03\/Switzerland-Global-Enterprise-zeichnet-beste-Exportunternehmen-der-Schweiz-aus-1_Organisator.jpg","keywords":["Export","Fachkongress\/Fachmesse","Management und Unternehmensf\u00fchrung","Unternehmen","Wirtschaftspolitik"],"articleSection":["MANAGEMENT"],"inLanguage":"fr-FR"},{"@type":"WebPage","@id":"https:\/\/www.organisator.ch\/management\/2019-03-27\/switzerland-global-enterprise-zeichnet-beste-exportunternehmen-der-schweiz-aus\/","url":"https:\/\/www.organisator.ch\/management\/2019-03-27\/switzerland-global-enterprise-zeichnet-beste-exportunternehmen-der-schweiz-aus\/","name":"Switzerland Global Enterprise r\u00e9compense les meilleures entreprises exportatrices de Suisse - Organisateur","isPartOf":{"@id":"https:\/\/www.organisator.ch\/#website"},"primaryImageOfPage":{"@id":"https:\/\/www.organisator.ch\/management\/2019-03-27\/switzerland-global-enterprise-zeichnet-beste-exportunternehmen-der-schweiz-aus\/#primaryimage"},"image":{"@id":"https:\/\/www.organisator.ch\/management\/2019-03-27\/switzerland-global-enterprise-zeichnet-beste-exportunternehmen-der-schweiz-aus\/#primaryimage"},"thumbnailUrl":"https:\/\/www.organisator.ch\/wp-content\/uploads\/2019\/03\/Switzerland-Global-Enterprise-zeichnet-beste-Exportunternehmen-der-Schweiz-aus-1_Organisator.jpg","datePublished":"2019-03-27T08:25:56+00:00","description":"Lors du Forum du commerce ext\u00e9rieur du 26 mars 2019 - qui affichait complet pour la premi\u00e8re fois - l'entreprise de technologie m\u00e9dicale VirtaMed a re\u00e7u l'Export Award 2019.","breadcrumb":{"@id":"https:\/\/www.organisator.ch\/management\/2019-03-27\/switzerland-global-enterprise-zeichnet-beste-exportunternehmen-der-schweiz-aus\/#breadcrumb"},"inLanguage":"fr-FR","potentialAction":[{"@type":"ReadAction","target":["https:\/\/www.organisator.ch\/management\/2019-03-27\/switzerland-global-enterprise-zeichnet-beste-exportunternehmen-der-schweiz-aus\/"]}]},{"@type":"ImageObject","inLanguage":"fr-FR","@id":"https:\/\/www.organisator.ch\/management\/2019-03-27\/switzerland-global-enterprise-zeichnet-beste-exportunternehmen-der-schweiz-aus\/#primaryimage","url":"https:\/\/www.organisator.ch\/wp-content\/uploads\/2019\/03\/Switzerland-Global-Enterprise-zeichnet-beste-Exportunternehmen-der-Schweiz-aus-1_Organisator.jpg","contentUrl":"https:\/\/www.organisator.ch\/wp-content\/uploads\/2019\/03\/Switzerland-Global-Enterprise-zeichnet-beste-Exportunternehmen-der-Schweiz-aus-1_Organisator.jpg","width":680,"height":442,"caption":"Gewinnt den Export Award 2019 f\u00fcr das beste Exportunternehmen: Raimundo Sierra von VirtaMed, hier zusammen mit Ruth Metzler-Arnold, VR-Pr\u00e4sidentin von S-GE. (Bild: Thomas Berner)"},{"@type":"BreadcrumbList","@id":"https:\/\/www.organisator.ch\/management\/2019-03-27\/switzerland-global-enterprise-zeichnet-beste-exportunternehmen-der-schweiz-aus\/#breadcrumb","itemListElement":[{"@type":"ListItem","position":1,"name":"Home","item":"https:\/\/www.organisator.ch\/"},{"@type":"ListItem","position":2,"name":"Switzerland Global Enterprise zeichnet beste Exportunternehmen der Schweiz aus"}]},{"@type":"WebSite","@id":"https:\/\/www.organisator.ch\/#website","url":"https:\/\/www.organisator.ch\/","name":"Organisateur","description":"Comp\u00e9tence et comp\u00e9tence. Proches de la pratique. L'ORGANISATEUR pr\u00e9pare 10 num\u00e9ros par an sur les th\u00e8mes essentiels pour les dirigeants de PME.","publisher":{"@id":"https:\/\/www.organisator.ch\/#organization"},"potentialAction":[{"@type":"SearchAction","target":{"@type":"EntryPoint","urlTemplate":"https:\/\/www.organisator.ch\/?s={search_term_string}"},"query-input":{"@type":"PropertyValueSpecification","valueRequired":true,"valueName":"search_term_string"}}],"inLanguage":"fr-FR"},{"@type":"Organization","@id":"https:\/\/www.organisator.ch\/#organization","name":"Organisateur","url":"https:\/\/www.organisator.ch\/","logo":{"@type":"ImageObject","inLanguage":"fr-FR","@id":"https:\/\/www.organisator.ch\/#\/schema\/logo\/image\/","url":"https:\/\/www.organisator.ch\/wp-content\/uploads\/2022\/01\/Logo_Organisator_Website.png","contentUrl":"https:\/\/www.organisator.ch\/wp-content\/uploads\/2022\/01\/Logo_Organisator_Website.png","width":800,"height":77,"caption":"Organisator"},"image":{"@id":"https:\/\/www.organisator.ch\/#\/schema\/logo\/image\/"},"sameAs":["https:\/\/www.facebook.com\/OrganisatorFachmagazin","https:\/\/www.linkedin.com\/showcase\/organisator-das-magazin-fr-kmu","https:\/\/www.xing.com\/news\/pages\/organisator-ch-695","https:\/\/www.youtube.com\/channel\/UCGP2Sq0iWaZwT3BdIAQFYpw"]},{"@type":"Person","@id":"https:\/\/www.organisator.ch\/#\/schema\/person\/6f650f90b2842cd4c0cc334b4e36f67e","name":"thomas.berner","image":{"@type":"ImageObject","inLanguage":"fr-FR","@id":"https:\/\/secure.gravatar.com\/avatar\/ac5001d2a36cb6c6cd3e50789007ffca834b477b74a2144564522e944eabff61?s=96&d=mm&r=g","url":"https:\/\/secure.gravatar.com\/avatar\/ac5001d2a36cb6c6cd3e50789007ffca834b477b74a2144564522e944eabff61?s=96&d=mm&r=g","contentUrl":"https:\/\/secure.gravatar.com\/avatar\/ac5001d2a36cb6c6cd3e50789007ffca834b477b74a2144564522e944eabff61?s=96&d=mm&r=g","caption":"thomas.berner"},"url":"https:\/\/www.organisator.ch\/fr\/author\/thomas-berner\/"}]}},"_links":{"self":[{"href":"https:\/\/www.organisator.ch\/fr\/wp-json\/wp\/v2\/posts\/5062","targetHints":{"allow":["GET"]}}],"collection":[{"href":"https:\/\/www.organisator.ch\/fr\/wp-json\/wp\/v2\/posts"}],"about":[{"href":"https:\/\/www.organisator.ch\/fr\/wp-json\/wp\/v2\/types\/post"}],"author":[{"embeddable":true,"href":"https:\/\/www.organisator.ch\/fr\/wp-json\/wp\/v2\/users\/4"}],"replies":[{"embeddable":true,"href":"https:\/\/www.organisator.ch\/fr\/wp-json\/wp\/v2\/comments?post=5062"}],"version-history":[{"count":0,"href":"https:\/\/www.organisator.ch\/fr\/wp-json\/wp\/v2\/posts\/5062\/revisions"}],"wp:featuredmedia":[{"embeddable":true,"href":"https:\/\/www.organisator.ch\/fr\/wp-json\/wp\/v2\/media\/5063"}],"wp:attachment":[{"href":"https:\/\/www.organisator.ch\/fr\/wp-json\/wp\/v2\/media?parent=5062"}],"wp:term":[{"taxonomy":"category","embeddable":true,"href":"https:\/\/www.organisator.ch\/fr\/wp-json\/wp\/v2\/categories?post=5062"},{"taxonomy":"post_tag","embeddable":true,"href":"https:\/\/www.organisator.ch\/fr\/wp-json\/wp\/v2\/tags?post=5062"}],"curies":[{"name":"wp","href":"https:\/\/api.w.org\/{rel}","templated":true}]}}