{"id":5077,"date":"2021-11-12T15:04:35","date_gmt":"2021-11-12T14:04:35","guid":{"rendered":"https:\/\/www.umweltperspektiven.ch\/?p=5077"},"modified":"2022-02-09T11:06:04","modified_gmt":"2022-02-09T10:06:04","slug":"foerdermittel-2022-450-mio-franken-fuer-photovoltaikanlagen","status":"publish","type":"post","link":"https:\/\/www.organisator.ch\/fr\/sustainability\/2021-11-12\/foerdermittel-2022-450-mio-franken-fuer-photovoltaikanlagen\/","title":{"rendered":"Subventions 2022 : 450 millions de francs pour les installations photovolta\u00efques"},"content":{"rendered":"<figure id=\"attachment_5078\" aria-describedby=\"caption-attachment-5078\" style=\"width: 680px\" class=\"wp-caption aligncenter\"><img loading=\"lazy\" decoding=\"async\" class=\"size-medium wp-image-5078\" src=\"\/\/www.umweltperspektiven.ch\/wp-content\/uploads\/2021\/11\/Depositphotos_42734127_S.jpg\" alt=\"\" width=\"680\" height=\"454\" \/><figcaption id=\"caption-attachment-5078\" class=\"wp-caption-text\">Depositphotos, photographyMK<\/figcaption><\/figure>\n<p>Selon l'Office f\u00e9d\u00e9ral de l'\u00e9nergie (OFEN), plus de 18 000 installations photovolta\u00efques d'une puissance totale de 360 MW ont \u00e9t\u00e9 annonc\u00e9es pour la r\u00e9tribution unique entre janvier et fin octobre 2021. Cela repr\u00e9sente environ 25% d'installations suppl\u00e9mentaires par rapport \u00e0 la m\u00eame p\u00e9riode de l'ann\u00e9e pr\u00e9c\u00e9dente. Au troisi\u00e8me trimestre 2021, il y avait m\u00eame 40% de plus qu'au m\u00eame trimestre de l'ann\u00e9e pr\u00e9c\u00e9dente. Rien qu'au mois de septembre, il y a eu plus de 2'000 inscriptions.<\/p>\n<h2>R\u00e9mun\u00e9ration unique pour les petites installations photovolta\u00efques (KLEIV)<\/h2>\n<p>Tous les exploitants d'installations qui ont d\u00e9pos\u00e9 leur demande compl\u00e8te aupr\u00e8s de Pronovo AG entre le 1er avril 2020 et le 31 ao\u00fbt 2021 recevront la confirmation de leur contribution de soutien KLEIV d'ici fin 2021, assure l'OFEN. Ainsi, en 2021, quelque 26'000 installations d'une puissance totale d'environ 350 MW pourraient \u00eatre soutenues par la KLEIV. Les versements s'\u00e9l\u00e8vent \u00e0 150 millions de francs au total, selon la Conf\u00e9d\u00e9ration. Perspectives pour 2022 : la KLEIV pourrait vraisemblablement \u00eatre vers\u00e9e \u00e0 tous les exploitants d'installations qui d\u00e9poseront leur demande compl\u00e8te d'ici au 31 octobre 2022.<\/p>\n<h2>R\u00e9tribution unique pour les grandes installations photovolta\u00efques (GREIV)<\/h2>\n<p>En 2021, environ 500 installations d'une puissance totale de 168 MW recevront une GREIV, selon l'OFEN. Ainsi, toutes les demandes qui ont \u00e9t\u00e9 d\u00e9pos\u00e9es compl\u00e8tes aupr\u00e8s de Pronovo AG avant le 31 octobre 2021 pourront \u00eatre soutenues, est-il pr\u00e9cis\u00e9. Perspectives pour 2022 : en 2022, tous les exploitants d'installations qui auront d\u00e9pos\u00e9 leur demande compl\u00e8te avant le 31 octobre 2022 recevront vraisemblablement la garantie d'obtenir une GREIV.<\/p>\n<h2>Syst\u00e8me de r\u00e9tribution du courant inject\u00e9 (RPC)<\/h2>\n<p>En 2021, l'OFEN n'a pas int\u00e9gr\u00e9 d'autres installations dans le syst\u00e8me de la RPC. La liste d'attente de la RPC pour les autres technologies ne sera plus r\u00e9duite depuis 2020, celle du photovolta\u00efque depuis 2021. Selon les donn\u00e9es, 12'085 installations photovolta\u00efques, 656 installations hydrauliques, 44 installations \u00e9oliennes et 320 installations de biomasse b\u00e9n\u00e9ficient actuellement d'une r\u00e9tribution de l'injection. En outre, 19 projets photovolta\u00efques, 79 projets hydro\u00e9lectriques, 422 projets \u00e9oliens et 42 projets de biomasse ont re\u00e7u une promesse d'encouragement pour la RPC. Elle sera vers\u00e9e apr\u00e8s la construction de ces installations.<\/p>\n<h2>Contributions aux investissements<\/h2>\n<p>Au sujet de la contribution \u00e0 l'investissement, l'OFEN \u00e9crit dans son communiqu\u00e9 de presse :<\/p>\n<ul>\n<li>2021, une demande de contribution \u00e0 l'investissement a \u00e9t\u00e9 d\u00e9pos\u00e9e \u00e0 ce jour pour\u00a0<b>Petites installations hydro\u00e9lectriques<\/b>\u00a0(de 300 kW \u00e0 10 MW). D'ici la fin de l'ann\u00e9e, des garanties d'un montant total d'environ 150 000 francs seront probablement accord\u00e9es. Les nouvelles demandes peuvent \u00eatre trait\u00e9es imm\u00e9diatement. Il n'y a pas de liste d'attente.<\/li>\n<li>Au jour de r\u00e9f\u00e9rence 2020, deux demandes de contributions aux investissements pour\u00a0<b>Grandes installations hydro\u00e9lectriques<\/b>\u00a0(\u00e0 partir de 10 MW) ont \u00e9t\u00e9 d\u00e9pos\u00e9s. Le budget d'environ 100 millions de francs n'a pas \u00e9t\u00e9 \u00e9puis\u00e9. Environ 55 millions de francs sont disponibles pour les demandes d\u00e9pos\u00e9es avant la prochaine \u00e9ch\u00e9ance, fin ao\u00fbt 2022.<\/li>\n<li>2021, aucune demande de contribution \u00e0 l'investissement pour les producteurs d'\u00e9lectricit\u00e9 n'a encore \u00e9t\u00e9 d\u00e9pos\u00e9e.\u00a0<b>Installations d'incin\u00e9ration des gaz d'\u00e9puration, des ordures m\u00e9nag\u00e8res ou des centrales \u00e0 bois<\/b>\u00a0ont \u00e9t\u00e9 d\u00e9pos\u00e9es. Les nouvelles demandes peuvent \u00eatre trait\u00e9es imm\u00e9diatement. Il n'y a pas de liste d'attente.<\/li>\n<li>2021, aucune demande n'a encore \u00e9t\u00e9 d\u00e9pos\u00e9e pour un\u00a0<b>Contribution \u00e0 la prospection pour les projets g\u00e9othermiques<\/b>\u00a0pour la production d'\u00e9lectricit\u00e9. De m\u00eame, aucune demande n'a \u00e9t\u00e9 d\u00e9pos\u00e9e pour une\u00a0<b>Garantie pour les projets g\u00e9othermiques<\/b>\u00a0dans le domaine de l'\u00e9lectricit\u00e9. Les nouvelles demandes peuvent \u00eatre trait\u00e9es imm\u00e9diatement. Il n'y a pas de liste d'attente.<\/li>\n<\/ul>\n<p class=\"nsbtextkasten\"><em>Les personnes int\u00e9ress\u00e9es trouveront des conseils sur la construction et la promotion d'une installation photovolta\u00efque <a href=\"\/\/www.newsd.admin.ch\/newsd\/message\/attachments\/68917.pdf\">ici<\/a>.\u00a0<\/em><\/p>\n<blockquote>\n<h2 class=\"nsbtextkasten\"><b>Comment les mesures de soutien sont-elles financ\u00e9es ?<\/b><\/h2>\n<p class=\"nsbtextkasten\">Depuis le 1er janvier 2018, les consommateurs suisses d'\u00e9lectricit\u00e9 paient un suppl\u00e9ment r\u00e9seau de 2,3 centimes par kilowattheure pour la promotion de la production d'\u00e9lectricit\u00e9 \u00e0 partir d'\u00e9nergies renouvelables, les mesures d'efficacit\u00e9 \u00e9lectrique et l'assainissement des eaux. Cet argent est vers\u00e9 dans le fonds du suppl\u00e9ment r\u00e9seau, qui sert \u00e0 financer diff\u00e9rentes mesures d'encouragement.<\/p>\n<\/blockquote>","protected":false},"excerpt":{"rendered":"<p>Von Januar bis Ende Oktober 2021 wurden gem\u00e4ss Bundesamt f\u00fcr Energie (BFE) \u00fcber 18\u2019000 Photovoltaikanlagen mit einer Leistung von insgesamt 360 MW f\u00fcr die Einmalverg\u00fctung angemeldet. Das sind rund 25% mehr Anlagen als im gleichen Zeitraum des Vorjahres. Im dritten Quartal 2021 waren es gar 40% mehr als im Vorjahresquartal. Allein im Monat September gab [&hellip;]<\/p>\n","protected":false},"author":6,"featured_media":9868,"comment_status":"closed","ping_status":"closed","sticky":false,"template":"","format":"standard","meta":{"_acf_changed":false,"_yoast_wpseo_focuskw":"F\u00f6rdergelder","_yoast_wpseo_metadesc":"Damit der Zubau 2022 rasch und ohne Wartefristen f\u00fcr F\u00f6rdergelder weitergehen kann, stehen F\u00f6rdergelder von 450 Mio. Fr. zur Verf\u00fcgung.","articlekey":"","footnotes":""},"categories":[580],"tags":[1025,1210,1908],"class_list":["post-5077","post","type-post","status-publish","format-standard","has-post-thumbnail","hentry","category-sustainability","tag-einmalverguetung","tag-foerdergelder","tag-photovoltaik"],"acf":[],"yoast_head":"<!-- This site is optimized with the Yoast SEO plugin v27.5 - https:\/\/yoast.com\/product\/yoast-seo-wordpress\/ -->\n<title>F\u00f6rdermittel 2022: 450 Mio. Franken f\u00fcr Photovoltaikanlagen - Organisator<\/title>\n<meta name=\"description\" content=\"Damit der Zubau 2022 rasch und ohne Wartefristen f\u00fcr F\u00f6rdergelder weitergehen kann, stehen F\u00f6rdergelder von 450 Mio. Fr. zur Verf\u00fcgung.\" \/>\n<meta name=\"robots\" content=\"index, follow, max-snippet:-1, max-image-preview:large, max-video-preview:-1\" \/>\n<link rel=\"canonical\" href=\"https:\/\/www.organisator.ch\/fr\/sustainability\/2021-11-12\/foerdermittel-2022-450-mio-franken-fuer-photovoltaikanlagen\/\" \/>\n<meta property=\"og:locale\" content=\"fr_FR\" \/>\n<meta property=\"og:type\" content=\"article\" \/>\n<meta property=\"og:title\" content=\"F\u00f6rdermittel 2022: 450 Mio. Franken f\u00fcr Photovoltaikanlagen - Organisator\" \/>\n<meta property=\"og:description\" content=\"Damit der Zubau 2022 rasch und ohne Wartefristen f\u00fcr F\u00f6rdergelder weitergehen kann, stehen F\u00f6rdergelder von 450 Mio. Fr. zur Verf\u00fcgung.\" \/>\n<meta property=\"og:url\" content=\"https:\/\/www.organisator.ch\/fr\/sustainability\/2021-11-12\/foerdermittel-2022-450-mio-franken-fuer-photovoltaikanlagen\/\" \/>\n<meta property=\"og:site_name\" content=\"Organisator\" \/>\n<meta property=\"article:publisher\" content=\"https:\/\/www.facebook.com\/OrganisatorFachmagazin\" \/>\n<meta property=\"article:published_time\" content=\"2021-11-12T14:04:35+00:00\" \/>\n<meta property=\"article:modified_time\" content=\"2022-02-09T10:06:04+00:00\" \/>\n<meta property=\"og:image\" content=\"https:\/\/www.organisator.ch\/wp-content\/uploads\/2021\/11\/Depositphotos_42734127_S.jpg\" \/>\n\t<meta property=\"og:image:width\" content=\"1000\" \/>\n\t<meta property=\"og:image:height\" content=\"667\" \/>\n\t<meta property=\"og:image:type\" content=\"image\/jpeg\" \/>\n<meta name=\"author\" content=\"roger.straessle\" \/>\n<meta name=\"twitter:card\" content=\"summary_large_image\" \/>\n<script type=\"application\/ld+json\" class=\"yoast-schema-graph\">{\"@context\":\"https:\\\/\\\/schema.org\",\"@graph\":[{\"@type\":\"Article\",\"@id\":\"https:\\\/\\\/www.organisator.ch\\\/sustainability\\\/2021-11-12\\\/foerdermittel-2022-450-mio-franken-fuer-photovoltaikanlagen\\\/#article\",\"isPartOf\":{\"@id\":\"https:\\\/\\\/www.organisator.ch\\\/sustainability\\\/2021-11-12\\\/foerdermittel-2022-450-mio-franken-fuer-photovoltaikanlagen\\\/\"},\"author\":{\"name\":\"roger.straessle\",\"@id\":\"https:\\\/\\\/www.organisator.ch\\\/#\\\/schema\\\/person\\\/a800b8c54e208b160517a7dcc323161d\"},\"headline\":\"F\u00f6rdermittel 2022: 450 Mio. Franken f\u00fcr Photovoltaikanlagen\",\"datePublished\":\"2021-11-12T14:04:35+00:00\",\"dateModified\":\"2022-02-09T10:06:04+00:00\",\"mainEntityOfPage\":{\"@id\":\"https:\\\/\\\/www.organisator.ch\\\/sustainability\\\/2021-11-12\\\/foerdermittel-2022-450-mio-franken-fuer-photovoltaikanlagen\\\/\"},\"wordCount\":508,\"publisher\":{\"@id\":\"https:\\\/\\\/www.organisator.ch\\\/#organization\"},\"image\":{\"@id\":\"https:\\\/\\\/www.organisator.ch\\\/sustainability\\\/2021-11-12\\\/foerdermittel-2022-450-mio-franken-fuer-photovoltaikanlagen\\\/#primaryimage\"},\"thumbnailUrl\":\"https:\\\/\\\/www.organisator.ch\\\/wp-content\\\/uploads\\\/2021\\\/11\\\/Depositphotos_42734127_S.jpg\",\"keywords\":[\"Einmalverg\u00fctung\",\"F\u00f6rdergelder\",\"Photovoltaik\"],\"articleSection\":[\"SUSTAINABILITY\"],\"inLanguage\":\"fr-FR\"},{\"@type\":\"WebPage\",\"@id\":\"https:\\\/\\\/www.organisator.ch\\\/sustainability\\\/2021-11-12\\\/foerdermittel-2022-450-mio-franken-fuer-photovoltaikanlagen\\\/\",\"url\":\"https:\\\/\\\/www.organisator.ch\\\/sustainability\\\/2021-11-12\\\/foerdermittel-2022-450-mio-franken-fuer-photovoltaikanlagen\\\/\",\"name\":\"F\u00f6rdermittel 2022: 450 Mio. Franken f\u00fcr Photovoltaikanlagen - Organisator\",\"isPartOf\":{\"@id\":\"https:\\\/\\\/www.organisator.ch\\\/#website\"},\"primaryImageOfPage\":{\"@id\":\"https:\\\/\\\/www.organisator.ch\\\/sustainability\\\/2021-11-12\\\/foerdermittel-2022-450-mio-franken-fuer-photovoltaikanlagen\\\/#primaryimage\"},\"image\":{\"@id\":\"https:\\\/\\\/www.organisator.ch\\\/sustainability\\\/2021-11-12\\\/foerdermittel-2022-450-mio-franken-fuer-photovoltaikanlagen\\\/#primaryimage\"},\"thumbnailUrl\":\"https:\\\/\\\/www.organisator.ch\\\/wp-content\\\/uploads\\\/2021\\\/11\\\/Depositphotos_42734127_S.jpg\",\"datePublished\":\"2021-11-12T14:04:35+00:00\",\"dateModified\":\"2022-02-09T10:06:04+00:00\",\"description\":\"Damit der Zubau 2022 rasch und ohne Wartefristen f\u00fcr F\u00f6rdergelder weitergehen kann, stehen F\u00f6rdergelder von 450 Mio. Fr. zur Verf\u00fcgung.\",\"breadcrumb\":{\"@id\":\"https:\\\/\\\/www.organisator.ch\\\/sustainability\\\/2021-11-12\\\/foerdermittel-2022-450-mio-franken-fuer-photovoltaikanlagen\\\/#breadcrumb\"},\"inLanguage\":\"fr-FR\",\"potentialAction\":[{\"@type\":\"ReadAction\",\"target\":[\"https:\\\/\\\/www.organisator.ch\\\/sustainability\\\/2021-11-12\\\/foerdermittel-2022-450-mio-franken-fuer-photovoltaikanlagen\\\/\"]}]},{\"@type\":\"ImageObject\",\"inLanguage\":\"fr-FR\",\"@id\":\"https:\\\/\\\/www.organisator.ch\\\/sustainability\\\/2021-11-12\\\/foerdermittel-2022-450-mio-franken-fuer-photovoltaikanlagen\\\/#primaryimage\",\"url\":\"https:\\\/\\\/www.organisator.ch\\\/wp-content\\\/uploads\\\/2021\\\/11\\\/Depositphotos_42734127_S.jpg\",\"contentUrl\":\"https:\\\/\\\/www.organisator.ch\\\/wp-content\\\/uploads\\\/2021\\\/11\\\/Depositphotos_42734127_S.jpg\",\"width\":1000,\"height\":667,\"caption\":\"\u00a9 Depositphotos, photographyMK\"},{\"@type\":\"BreadcrumbList\",\"@id\":\"https:\\\/\\\/www.organisator.ch\\\/sustainability\\\/2021-11-12\\\/foerdermittel-2022-450-mio-franken-fuer-photovoltaikanlagen\\\/#breadcrumb\",\"itemListElement\":[{\"@type\":\"ListItem\",\"position\":1,\"name\":\"Home\",\"item\":\"https:\\\/\\\/www.organisator.ch\\\/\"},{\"@type\":\"ListItem\",\"position\":2,\"name\":\"F\u00f6rdermittel 2022: 450 Mio. Franken f\u00fcr Photovoltaikanlagen\"}]},{\"@type\":\"WebSite\",\"@id\":\"https:\\\/\\\/www.organisator.ch\\\/#website\",\"url\":\"https:\\\/\\\/www.organisator.ch\\\/\",\"name\":\"Organisator\",\"description\":\"Kompetent. Praxisnah. Der ORGANISATOR bereitet in 10 Ausgaben pro Jahr die wesentlichen Themen f\u00fcr F\u00fchrungskr\u00e4fte von KMU auf.\",\"publisher\":{\"@id\":\"https:\\\/\\\/www.organisator.ch\\\/#organization\"},\"potentialAction\":[{\"@type\":\"SearchAction\",\"target\":{\"@type\":\"EntryPoint\",\"urlTemplate\":\"https:\\\/\\\/www.organisator.ch\\\/?s={search_term_string}\"},\"query-input\":{\"@type\":\"PropertyValueSpecification\",\"valueRequired\":true,\"valueName\":\"search_term_string\"}}],\"inLanguage\":\"fr-FR\"},{\"@type\":\"Organization\",\"@id\":\"https:\\\/\\\/www.organisator.ch\\\/#organization\",\"name\":\"Organisator\",\"url\":\"https:\\\/\\\/www.organisator.ch\\\/\",\"logo\":{\"@type\":\"ImageObject\",\"inLanguage\":\"fr-FR\",\"@id\":\"https:\\\/\\\/www.organisator.ch\\\/#\\\/schema\\\/logo\\\/image\\\/\",\"url\":\"https:\\\/\\\/www.organisator.ch\\\/wp-content\\\/uploads\\\/2022\\\/01\\\/Logo_Organisator_Website.png\",\"contentUrl\":\"https:\\\/\\\/www.organisator.ch\\\/wp-content\\\/uploads\\\/2022\\\/01\\\/Logo_Organisator_Website.png\",\"width\":800,\"height\":77,\"caption\":\"Organisator\"},\"image\":{\"@id\":\"https:\\\/\\\/www.organisator.ch\\\/#\\\/schema\\\/logo\\\/image\\\/\"},\"sameAs\":[\"https:\\\/\\\/www.facebook.com\\\/OrganisatorFachmagazin\",\"https:\\\/\\\/www.linkedin.com\\\/showcase\\\/organisator-das-magazin-fr-kmu\",\"https:\\\/\\\/www.xing.com\\\/news\\\/pages\\\/organisator-ch-695\",\"https:\\\/\\\/www.youtube.com\\\/channel\\\/UCGP2Sq0iWaZwT3BdIAQFYpw\"]},{\"@type\":\"Person\",\"@id\":\"https:\\\/\\\/www.organisator.ch\\\/#\\\/schema\\\/person\\\/a800b8c54e208b160517a7dcc323161d\",\"name\":\"roger.straessle\",\"image\":{\"@type\":\"ImageObject\",\"inLanguage\":\"fr-FR\",\"@id\":\"https:\\\/\\\/secure.gravatar.com\\\/avatar\\\/?s=96&d=mm&r=g\",\"url\":\"https:\\\/\\\/secure.gravatar.com\\\/avatar\\\/?s=96&d=mm&r=g\",\"contentUrl\":\"https:\\\/\\\/secure.gravatar.com\\\/avatar\\\/?s=96&d=mm&r=g\",\"caption\":\"roger.straessle\"},\"url\":\"https:\\\/\\\/www.organisator.ch\\\/fr\\\/author\\\/roger-straessle\\\/\"}]}<\/script>\n<!-- \/ Yoast SEO plugin. -->","yoast_head_json":{"title":"Subventions 2022 : 450 millions de francs pour les installations photovolta\u00efques - Organisateur","description":"Afin que la construction puisse se poursuivre rapidement et sans d\u00e9lai d'attente pour les subventions en 2022, des subventions \u00e0 hauteur de 450 millions de francs sont disponibles.","robots":{"index":"index","follow":"follow","max-snippet":"max-snippet:-1","max-image-preview":"max-image-preview:large","max-video-preview":"max-video-preview:-1"},"canonical":"https:\/\/www.organisator.ch\/fr\/sustainability\/2021-11-12\/foerdermittel-2022-450-mio-franken-fuer-photovoltaikanlagen\/","og_locale":"fr_FR","og_type":"article","og_title":"F\u00f6rdermittel 2022: 450 Mio. Franken f\u00fcr Photovoltaikanlagen - Organisator","og_description":"Damit der Zubau 2022 rasch und ohne Wartefristen f\u00fcr F\u00f6rdergelder weitergehen kann, stehen F\u00f6rdergelder von 450 Mio. Fr. zur Verf\u00fcgung.","og_url":"https:\/\/www.organisator.ch\/fr\/sustainability\/2021-11-12\/foerdermittel-2022-450-mio-franken-fuer-photovoltaikanlagen\/","og_site_name":"Organisator","article_publisher":"https:\/\/www.facebook.com\/OrganisatorFachmagazin","article_published_time":"2021-11-12T14:04:35+00:00","article_modified_time":"2022-02-09T10:06:04+00:00","og_image":[{"width":1000,"height":667,"url":"https:\/\/www.organisator.ch\/wp-content\/uploads\/2021\/11\/Depositphotos_42734127_S.jpg","type":"image\/jpeg"}],"author":"roger.straessle","twitter_card":"summary_large_image","schema":{"@context":"https:\/\/schema.org","@graph":[{"@type":"Article","@id":"https:\/\/www.organisator.ch\/sustainability\/2021-11-12\/foerdermittel-2022-450-mio-franken-fuer-photovoltaikanlagen\/#article","isPartOf":{"@id":"https:\/\/www.organisator.ch\/sustainability\/2021-11-12\/foerdermittel-2022-450-mio-franken-fuer-photovoltaikanlagen\/"},"author":{"name":"roger.straessle","@id":"https:\/\/www.organisator.ch\/#\/schema\/person\/a800b8c54e208b160517a7dcc323161d"},"headline":"F\u00f6rdermittel 2022: 450 Mio. Franken f\u00fcr Photovoltaikanlagen","datePublished":"2021-11-12T14:04:35+00:00","dateModified":"2022-02-09T10:06:04+00:00","mainEntityOfPage":{"@id":"https:\/\/www.organisator.ch\/sustainability\/2021-11-12\/foerdermittel-2022-450-mio-franken-fuer-photovoltaikanlagen\/"},"wordCount":508,"publisher":{"@id":"https:\/\/www.organisator.ch\/#organization"},"image":{"@id":"https:\/\/www.organisator.ch\/sustainability\/2021-11-12\/foerdermittel-2022-450-mio-franken-fuer-photovoltaikanlagen\/#primaryimage"},"thumbnailUrl":"https:\/\/www.organisator.ch\/wp-content\/uploads\/2021\/11\/Depositphotos_42734127_S.jpg","keywords":["Einmalverg\u00fctung","F\u00f6rdergelder","Photovoltaik"],"articleSection":["SUSTAINABILITY"],"inLanguage":"fr-FR"},{"@type":"WebPage","@id":"https:\/\/www.organisator.ch\/sustainability\/2021-11-12\/foerdermittel-2022-450-mio-franken-fuer-photovoltaikanlagen\/","url":"https:\/\/www.organisator.ch\/sustainability\/2021-11-12\/foerdermittel-2022-450-mio-franken-fuer-photovoltaikanlagen\/","name":"Subventions 2022 : 450 millions de francs pour les installations photovolta\u00efques - Organisateur","isPartOf":{"@id":"https:\/\/www.organisator.ch\/#website"},"primaryImageOfPage":{"@id":"https:\/\/www.organisator.ch\/sustainability\/2021-11-12\/foerdermittel-2022-450-mio-franken-fuer-photovoltaikanlagen\/#primaryimage"},"image":{"@id":"https:\/\/www.organisator.ch\/sustainability\/2021-11-12\/foerdermittel-2022-450-mio-franken-fuer-photovoltaikanlagen\/#primaryimage"},"thumbnailUrl":"https:\/\/www.organisator.ch\/wp-content\/uploads\/2021\/11\/Depositphotos_42734127_S.jpg","datePublished":"2021-11-12T14:04:35+00:00","dateModified":"2022-02-09T10:06:04+00:00","description":"Afin que la construction puisse se poursuivre rapidement et sans d\u00e9lai d'attente pour les subventions en 2022, des subventions \u00e0 hauteur de 450 millions de francs sont disponibles.","breadcrumb":{"@id":"https:\/\/www.organisator.ch\/sustainability\/2021-11-12\/foerdermittel-2022-450-mio-franken-fuer-photovoltaikanlagen\/#breadcrumb"},"inLanguage":"fr-FR","potentialAction":[{"@type":"ReadAction","target":["https:\/\/www.organisator.ch\/sustainability\/2021-11-12\/foerdermittel-2022-450-mio-franken-fuer-photovoltaikanlagen\/"]}]},{"@type":"ImageObject","inLanguage":"fr-FR","@id":"https:\/\/www.organisator.ch\/sustainability\/2021-11-12\/foerdermittel-2022-450-mio-franken-fuer-photovoltaikanlagen\/#primaryimage","url":"https:\/\/www.organisator.ch\/wp-content\/uploads\/2021\/11\/Depositphotos_42734127_S.jpg","contentUrl":"https:\/\/www.organisator.ch\/wp-content\/uploads\/2021\/11\/Depositphotos_42734127_S.jpg","width":1000,"height":667,"caption":"\u00a9 Depositphotos, photographyMK"},{"@type":"BreadcrumbList","@id":"https:\/\/www.organisator.ch\/sustainability\/2021-11-12\/foerdermittel-2022-450-mio-franken-fuer-photovoltaikanlagen\/#breadcrumb","itemListElement":[{"@type":"ListItem","position":1,"name":"Home","item":"https:\/\/www.organisator.ch\/"},{"@type":"ListItem","position":2,"name":"F\u00f6rdermittel 2022: 450 Mio. Franken f\u00fcr Photovoltaikanlagen"}]},{"@type":"WebSite","@id":"https:\/\/www.organisator.ch\/#website","url":"https:\/\/www.organisator.ch\/","name":"Organisateur","description":"Comp\u00e9tence et comp\u00e9tence. Proches de la pratique. L'ORGANISATEUR pr\u00e9pare 10 num\u00e9ros par an sur les th\u00e8mes essentiels pour les dirigeants de PME.","publisher":{"@id":"https:\/\/www.organisator.ch\/#organization"},"potentialAction":[{"@type":"SearchAction","target":{"@type":"EntryPoint","urlTemplate":"https:\/\/www.organisator.ch\/?s={search_term_string}"},"query-input":{"@type":"PropertyValueSpecification","valueRequired":true,"valueName":"search_term_string"}}],"inLanguage":"fr-FR"},{"@type":"Organization","@id":"https:\/\/www.organisator.ch\/#organization","name":"Organisateur","url":"https:\/\/www.organisator.ch\/","logo":{"@type":"ImageObject","inLanguage":"fr-FR","@id":"https:\/\/www.organisator.ch\/#\/schema\/logo\/image\/","url":"https:\/\/www.organisator.ch\/wp-content\/uploads\/2022\/01\/Logo_Organisator_Website.png","contentUrl":"https:\/\/www.organisator.ch\/wp-content\/uploads\/2022\/01\/Logo_Organisator_Website.png","width":800,"height":77,"caption":"Organisator"},"image":{"@id":"https:\/\/www.organisator.ch\/#\/schema\/logo\/image\/"},"sameAs":["https:\/\/www.facebook.com\/OrganisatorFachmagazin","https:\/\/www.linkedin.com\/showcase\/organisator-das-magazin-fr-kmu","https:\/\/www.xing.com\/news\/pages\/organisator-ch-695","https:\/\/www.youtube.com\/channel\/UCGP2Sq0iWaZwT3BdIAQFYpw"]},{"@type":"Person","@id":"https:\/\/www.organisator.ch\/#\/schema\/person\/a800b8c54e208b160517a7dcc323161d","name":"roger.straessle","image":{"@type":"ImageObject","inLanguage":"fr-FR","@id":"https:\/\/secure.gravatar.com\/avatar\/?s=96&d=mm&r=g","url":"https:\/\/secure.gravatar.com\/avatar\/?s=96&d=mm&r=g","contentUrl":"https:\/\/secure.gravatar.com\/avatar\/?s=96&d=mm&r=g","caption":"roger.straessle"},"url":"https:\/\/www.organisator.ch\/fr\/author\/roger-straessle\/"}]}},"_links":{"self":[{"href":"https:\/\/www.organisator.ch\/fr\/wp-json\/wp\/v2\/posts\/5077","targetHints":{"allow":["GET"]}}],"collection":[{"href":"https:\/\/www.organisator.ch\/fr\/wp-json\/wp\/v2\/posts"}],"about":[{"href":"https:\/\/www.organisator.ch\/fr\/wp-json\/wp\/v2\/types\/post"}],"author":[{"embeddable":true,"href":"https:\/\/www.organisator.ch\/fr\/wp-json\/wp\/v2\/users\/6"}],"replies":[{"embeddable":true,"href":"https:\/\/www.organisator.ch\/fr\/wp-json\/wp\/v2\/comments?post=5077"}],"version-history":[{"count":1,"href":"https:\/\/www.organisator.ch\/fr\/wp-json\/wp\/v2\/posts\/5077\/revisions"}],"predecessor-version":[{"id":10449,"href":"https:\/\/www.organisator.ch\/fr\/wp-json\/wp\/v2\/posts\/5077\/revisions\/10449"}],"wp:featuredmedia":[{"embeddable":true,"href":"https:\/\/www.organisator.ch\/fr\/wp-json\/wp\/v2\/media\/9868"}],"wp:attachment":[{"href":"https:\/\/www.organisator.ch\/fr\/wp-json\/wp\/v2\/media?parent=5077"}],"wp:term":[{"taxonomy":"category","embeddable":true,"href":"https:\/\/www.organisator.ch\/fr\/wp-json\/wp\/v2\/categories?post=5077"},{"taxonomy":"post_tag","embeddable":true,"href":"https:\/\/www.organisator.ch\/fr\/wp-json\/wp\/v2\/tags?post=5077"}],"curies":[{"name":"wp","href":"https:\/\/api.w.org\/{rel}","templated":true}]}}