{"id":511,"date":"2016-09-15T16:10:02","date_gmt":"2016-09-15T14:10:02","guid":{"rendered":"https:\/\/dev.umweltperspektiven.ch\/?p=511"},"modified":"2016-09-15T16:10:02","modified_gmt":"2016-09-15T14:10:02","slug":"grosse-biodiversitaetsverluste","status":"publish","type":"post","link":"https:\/\/www.organisator.ch\/fr\/allgemein\/2016-09-15\/grosse-biodiversitaetsverluste\/","title":{"rendered":"Grandes pertes de biodiversit\u00e9"},"content":{"rendered":"<figure id=\"attachment_512\" aria-describedby=\"caption-attachment-512\" style=\"width: 680px\" class=\"wp-caption alignnone\"><a href=\"\/\/dev.umweltperspektiven.ch\/wp-content\/uploads\/2016\/12\/Grosse-Biodiversit\u00e4tsverluste-umweltperspektiven.jpg\"><img loading=\"lazy\" decoding=\"async\" class=\"size-medium wp-image-512\" src=\"\/\/dev.umweltperspektiven.ch\/wp-content\/uploads\/2016\/12\/Grosse-Biodiversit\u00e4tsverluste-umweltperspektiven.jpg\" alt=\"Par exemple le cerf-volant : il pr\u00e9f\u00e8re les habitats qui sont devenus rares en Suisse. (depositphotos)\" width=\"680\" height=\"454\" \/><\/a><figcaption id=\"caption-attachment-512\" class=\"wp-caption-text\">Par exemple le cerf-volant : il pr\u00e9f\u00e8re les habitats qui sont devenus rares en Suisse. (depositphotos)<\/figcaption><\/figure>\n<p>La nouvelle Liste rouge des esp\u00e8ces de col\u00e9opt\u00e8res xylophages de Suisse publi\u00e9e par l'Office f\u00e9d\u00e9ral de l'environnement (<a href=\"http:\/\/www.bafu.admin.ch\/\" target=\"_blank\" rel=\"noreferrer noopener\" data-cke-saved-href=\"\/\/www.bafu.admin.ch\/\">OFEV<\/a>). Les r\u00e9sultats sont alarmants : environ 46% des 256 esp\u00e8ces de col\u00e9opt\u00e8res \u00e9tudi\u00e9es sont menac\u00e9es - c'est-\u00e0-dire qu'elles pourraient s'\u00e9teindre - et 18% suppl\u00e9mentaires le sont potentiellement. Par rapport \u00e0 la moyenne des esp\u00e8ces menac\u00e9es de tous les animaux et plantes \u00e9tudi\u00e9s jusqu'\u00e0 pr\u00e9sent (36%), les col\u00e9opt\u00e8res vivant dans le bois sont nettement plus menac\u00e9s.<\/p>\n<p>La liste rouge des plantes vasculaires, r\u00e9vis\u00e9e en m\u00eame temps, fait \u00e9galement dresser l'oreille : 28% des quelque 2700 esp\u00e8ces de plantes indig\u00e8nes, qui comprennent des plantes \u00e0 fleurs, des foug\u00e8res, des lycopodes et des pr\u00eales, sont menac\u00e9es, 16% potentiellement. Par rapport \u00e0 la derni\u00e8re \u00e9valuation de 2002, la d\u00e9gradation n'a \u00e9t\u00e9 quelque peu frein\u00e9e que pour un tiers des esp\u00e8ces alors menac\u00e9es, tandis que plus de 200 esp\u00e8ces sont aujourd'hui en moins bon \u00e9tat. Ce bilan d\u00e9cevant montre que la conservation et la promotion des esp\u00e8ces indig\u00e8nes exigent toujours et davantage d'attention.<\/p>\n<p><strong>Les esp\u00e8ces ont besoin de suffisamment d'habitats de qualit\u00e9<\/strong><\/p>\n<p>Chaque esp\u00e8ce a besoin d'un habitat appropri\u00e9, dont la qualit\u00e9 est toutefois alt\u00e9r\u00e9e ou qui dispara\u00eet en raison des activit\u00e9s humaines. Les quatre familles \u00e9tudi\u00e9es, les buprestes, les hannetons, les hannetons roses et les cerfs, privil\u00e9gient justement des habitats devenus rares en Suisse : For\u00eats alluviales, vieux bois et bois mort, for\u00eats clairsem\u00e9es, lisi\u00e8res de for\u00eats riches en arbustes et haies. En tant que recycleurs et d\u00e9composeurs de bois, ils sont indispensables \u00e0 l'\u00e9quilibre de l'\u00e9cosyst\u00e8me forestier. Beaucoup de ces esp\u00e8ces de col\u00e9opt\u00e8res menac\u00e9es sont tributaires de tr\u00e8s vieux arbres, qui se font de plus en plus rares. Il est donc important de laisser si possible les vieux arbres sur pied jusqu'\u00e0 leur d\u00e9composition en tant qu'habitat pour de tels animaux, de les entretenir si n\u00e9cessaire au lieu de les abattre et de veiller \u00e0 temps \u00e0 leur remplacement.<\/p>\n<p>Le recul des esp\u00e8ces de plantes vasculaires concerne surtout les esp\u00e8ces v\u00e9g\u00e9tales au bord et dans l'eau, dans les prairies s\u00e8ches, les buissons et les haies ainsi que dans les champs et les vignobles. Les zones urbaines et les terres cultiv\u00e9es sont particuli\u00e8rement touch\u00e9es : l\u00e0 o\u00f9 les sols sont sursatur\u00e9s en azote, les esp\u00e8ces exigeantes sont \u00e9vinc\u00e9es.<\/p>\n<p><strong>Promotion de la biodiversit\u00e9<\/strong><\/p>\n<p>Certaines des esp\u00e8ces de col\u00e9opt\u00e8res indig\u00e8nes \u00e9tudi\u00e9es sont extr\u00eamement sensibles aux changements environnementaux. Elles sont donc, tout comme les plantes vasculaires, de bons indicateurs de l'\u00e9tat de la biodiversit\u00e9. En se basant sur les listes rouges et les inventaires d'autres esp\u00e8ces, la Conf\u00e9d\u00e9ration et les cantons mettent d\u00e9j\u00e0 en \u0153uvre des mesures de promotion de la biodiversit\u00e9 en for\u00eat et dans l'agriculture, mais ces mesures doivent encore \u00eatre renforc\u00e9es. Concr\u00e8tement, cela signifie que les habitats doivent \u00eatre revaloris\u00e9s, que les vieux arbres doivent \u00eatre conserv\u00e9s aussi longtemps que possible, que des r\u00e9serves foresti\u00e8res, des \u00eelots de vieux bois et des lisi\u00e8res \u00e9tag\u00e9es doivent \u00eatre cr\u00e9\u00e9s et que l'entretien des arbres doit \u00eatre effectu\u00e9 avec m\u00e9nagement. Les apports d'azote doivent \u00eatre r\u00e9duits.<\/p>\n<p>Depuis 2012, le Conseil f\u00e9d\u00e9ral a pour objectif de lutter contre l'appauvrissement de la biodiversit\u00e9 avec sa Strat\u00e9gie Biodiversit\u00e9 Suisse et le plan d'action correspondant en pr\u00e9paration. Une mise en \u0153uvre r\u00e9ussie de la strat\u00e9gie exige une large collaboration de tous les acteurs concern\u00e9s.<\/p>\n<p><em>Source : Office f\u00e9d\u00e9ral de l'environnement<\/em><\/p>","protected":false},"excerpt":{"rendered":"<p>Wie sehr einheimische Arten durch die Ver\u00e4nderungen ihres Lebensraums unter Druck geraten, verdeutlicht die neu erschienene Rote Liste der holzbewohnenden K\u00e4ferarten der Schweiz des Bundesamts f\u00fcr Umwelt (Bafu). Die Erkenntnisse sind alarmierend: Rund 46% der 256 untersuchten K\u00e4ferarten sind gef\u00e4hrdet \u2013 d.h. sie k\u00f6nnten aussterben \u2013 weitere 18% sind es potenziell. Im Vergleich zum Durchschnitt [&hellip;]<\/p>\n","protected":false},"author":1,"featured_media":512,"comment_status":"open","ping_status":"open","sticky":false,"template":"","format":"standard","meta":{"_acf_changed":false,"_yoast_wpseo_focuskw":"Biodiversit\u00e4tsverluste","_yoast_wpseo_metadesc":"Das Bundesamt f\u00fcr Umwelt hat erstmals eine Rote Liste zu vier Familien der einheimischen holzbewohnenden K\u00e4ferarten der Schweiz erstellt.","articlekey":"","footnotes":""},"categories":[1],"tags":[1468],"class_list":["post-511","post","type-post","status-publish","format-standard","has-post-thumbnail","hentry","category-allgemein","tag-kaefer-und-pflanzenarten"],"acf":[],"yoast_head":"<!-- This site is optimized with the Yoast SEO plugin v27.5 - https:\/\/yoast.com\/product\/yoast-seo-wordpress\/ -->\n<title>Grosse Biodiversit\u00e4tsverluste - Organisator<\/title>\n<meta name=\"description\" content=\"Das Bundesamt f\u00fcr Umwelt hat erstmals eine Rote Liste zu vier Familien der einheimischen holzbewohnenden K\u00e4ferarten der Schweiz erstellt.\" \/>\n<meta name=\"robots\" content=\"index, follow, max-snippet:-1, max-image-preview:large, max-video-preview:-1\" \/>\n<link rel=\"canonical\" href=\"https:\/\/www.organisator.ch\/fr\/general\/2016-09-15\/grosse-biodiversitaetsverluste\/\" \/>\n<meta property=\"og:locale\" content=\"fr_FR\" \/>\n<meta property=\"og:type\" content=\"article\" \/>\n<meta property=\"og:title\" content=\"Grosse Biodiversit\u00e4tsverluste - Organisator\" \/>\n<meta property=\"og:description\" content=\"Das Bundesamt f\u00fcr Umwelt hat erstmals eine Rote Liste zu vier Familien der einheimischen holzbewohnenden K\u00e4ferarten der Schweiz erstellt.\" \/>\n<meta property=\"og:url\" content=\"https:\/\/www.organisator.ch\/fr\/general\/2016-09-15\/grosse-biodiversitaetsverluste\/\" \/>\n<meta property=\"og:site_name\" content=\"Organisator\" \/>\n<meta property=\"article:publisher\" content=\"https:\/\/www.facebook.com\/OrganisatorFachmagazin\" \/>\n<meta property=\"article:published_time\" content=\"2016-09-15T14:10:02+00:00\" \/>\n<meta property=\"og:image\" content=\"https:\/\/www.organisator.ch\/wp-content\/uploads\/2016\/12\/Grosse-Biodiversitaetsverluste-umweltperspektiven.jpg\" \/>\n\t<meta property=\"og:image:width\" content=\"1000\" \/>\n\t<meta property=\"og:image:height\" content=\"667\" \/>\n\t<meta property=\"og:image:type\" content=\"image\/jpeg\" \/>\n<meta name=\"author\" content=\"admin\" \/>\n<meta name=\"twitter:card\" content=\"summary_large_image\" \/>\n<script type=\"application\/ld+json\" class=\"yoast-schema-graph\">{\"@context\":\"https:\\\/\\\/schema.org\",\"@graph\":[{\"@type\":\"Article\",\"@id\":\"https:\\\/\\\/www.organisator.ch\\\/en\\\/general\\\/2016-09-15\\\/grosse-biodiversitaetsverluste\\\/#article\",\"isPartOf\":{\"@id\":\"https:\\\/\\\/www.organisator.ch\\\/en\\\/general\\\/2016-09-15\\\/grosse-biodiversitaetsverluste\\\/\"},\"author\":{\"name\":\"admin\",\"@id\":\"https:\\\/\\\/www.organisator.ch\\\/#\\\/schema\\\/person\\\/aa2bace6c5c5aad60102004a50c4eb1c\"},\"headline\":\"Grosse Biodiversit\u00e4tsverluste\",\"datePublished\":\"2016-09-15T14:10:02+00:00\",\"mainEntityOfPage\":{\"@id\":\"https:\\\/\\\/www.organisator.ch\\\/en\\\/general\\\/2016-09-15\\\/grosse-biodiversitaetsverluste\\\/\"},\"wordCount\":510,\"commentCount\":0,\"publisher\":{\"@id\":\"https:\\\/\\\/www.organisator.ch\\\/#organization\"},\"image\":{\"@id\":\"https:\\\/\\\/www.organisator.ch\\\/en\\\/general\\\/2016-09-15\\\/grosse-biodiversitaetsverluste\\\/#primaryimage\"},\"thumbnailUrl\":\"https:\\\/\\\/www.organisator.ch\\\/wp-content\\\/uploads\\\/2016\\\/12\\\/Grosse-Biodiversitaetsverluste-umweltperspektiven.jpg\",\"keywords\":[\"K\u00e4fer- und Pflanzenarten\"],\"articleSection\":[\"Allgemein\"],\"inLanguage\":\"fr-FR\"},{\"@type\":\"WebPage\",\"@id\":\"https:\\\/\\\/www.organisator.ch\\\/en\\\/general\\\/2016-09-15\\\/grosse-biodiversitaetsverluste\\\/\",\"url\":\"https:\\\/\\\/www.organisator.ch\\\/en\\\/general\\\/2016-09-15\\\/grosse-biodiversitaetsverluste\\\/\",\"name\":\"Grosse Biodiversit\u00e4tsverluste - Organisator\",\"isPartOf\":{\"@id\":\"https:\\\/\\\/www.organisator.ch\\\/#website\"},\"primaryImageOfPage\":{\"@id\":\"https:\\\/\\\/www.organisator.ch\\\/en\\\/general\\\/2016-09-15\\\/grosse-biodiversitaetsverluste\\\/#primaryimage\"},\"image\":{\"@id\":\"https:\\\/\\\/www.organisator.ch\\\/en\\\/general\\\/2016-09-15\\\/grosse-biodiversitaetsverluste\\\/#primaryimage\"},\"thumbnailUrl\":\"https:\\\/\\\/www.organisator.ch\\\/wp-content\\\/uploads\\\/2016\\\/12\\\/Grosse-Biodiversitaetsverluste-umweltperspektiven.jpg\",\"datePublished\":\"2016-09-15T14:10:02+00:00\",\"description\":\"Das Bundesamt f\u00fcr Umwelt hat erstmals eine Rote Liste zu vier Familien der einheimischen holzbewohnenden K\u00e4ferarten der Schweiz erstellt.\",\"breadcrumb\":{\"@id\":\"https:\\\/\\\/www.organisator.ch\\\/en\\\/general\\\/2016-09-15\\\/grosse-biodiversitaetsverluste\\\/#breadcrumb\"},\"inLanguage\":\"fr-FR\",\"potentialAction\":[{\"@type\":\"ReadAction\",\"target\":[\"https:\\\/\\\/www.organisator.ch\\\/en\\\/general\\\/2016-09-15\\\/grosse-biodiversitaetsverluste\\\/\"]}]},{\"@type\":\"ImageObject\",\"inLanguage\":\"fr-FR\",\"@id\":\"https:\\\/\\\/www.organisator.ch\\\/en\\\/general\\\/2016-09-15\\\/grosse-biodiversitaetsverluste\\\/#primaryimage\",\"url\":\"https:\\\/\\\/www.organisator.ch\\\/wp-content\\\/uploads\\\/2016\\\/12\\\/Grosse-Biodiversitaetsverluste-umweltperspektiven.jpg\",\"contentUrl\":\"https:\\\/\\\/www.organisator.ch\\\/wp-content\\\/uploads\\\/2016\\\/12\\\/Grosse-Biodiversitaetsverluste-umweltperspektiven.jpg\",\"width\":1000,\"height\":667,\"caption\":\"Zum Beispiel der Hirschk\u00e4fer: Er bevorzugt Lebensr\u00e4ume, die in der Schweiz selten geworden sind. (depositphotos)\"},{\"@type\":\"BreadcrumbList\",\"@id\":\"https:\\\/\\\/www.organisator.ch\\\/en\\\/general\\\/2016-09-15\\\/grosse-biodiversitaetsverluste\\\/#breadcrumb\",\"itemListElement\":[{\"@type\":\"ListItem\",\"position\":1,\"name\":\"Home\",\"item\":\"https:\\\/\\\/www.organisator.ch\\\/\"},{\"@type\":\"ListItem\",\"position\":2,\"name\":\"Grosse Biodiversit\u00e4tsverluste\"}]},{\"@type\":\"WebSite\",\"@id\":\"https:\\\/\\\/www.organisator.ch\\\/#website\",\"url\":\"https:\\\/\\\/www.organisator.ch\\\/\",\"name\":\"Organisator\",\"description\":\"Kompetent. Praxisnah. Der ORGANISATOR bereitet in 10 Ausgaben pro Jahr die wesentlichen Themen f\u00fcr F\u00fchrungskr\u00e4fte von KMU auf.\",\"publisher\":{\"@id\":\"https:\\\/\\\/www.organisator.ch\\\/#organization\"},\"potentialAction\":[{\"@type\":\"SearchAction\",\"target\":{\"@type\":\"EntryPoint\",\"urlTemplate\":\"https:\\\/\\\/www.organisator.ch\\\/?s={search_term_string}\"},\"query-input\":{\"@type\":\"PropertyValueSpecification\",\"valueRequired\":true,\"valueName\":\"search_term_string\"}}],\"inLanguage\":\"fr-FR\"},{\"@type\":\"Organization\",\"@id\":\"https:\\\/\\\/www.organisator.ch\\\/#organization\",\"name\":\"Organisator\",\"url\":\"https:\\\/\\\/www.organisator.ch\\\/\",\"logo\":{\"@type\":\"ImageObject\",\"inLanguage\":\"fr-FR\",\"@id\":\"https:\\\/\\\/www.organisator.ch\\\/#\\\/schema\\\/logo\\\/image\\\/\",\"url\":\"https:\\\/\\\/www.organisator.ch\\\/wp-content\\\/uploads\\\/2022\\\/01\\\/Logo_Organisator_Website.png\",\"contentUrl\":\"https:\\\/\\\/www.organisator.ch\\\/wp-content\\\/uploads\\\/2022\\\/01\\\/Logo_Organisator_Website.png\",\"width\":800,\"height\":77,\"caption\":\"Organisator\"},\"image\":{\"@id\":\"https:\\\/\\\/www.organisator.ch\\\/#\\\/schema\\\/logo\\\/image\\\/\"},\"sameAs\":[\"https:\\\/\\\/www.facebook.com\\\/OrganisatorFachmagazin\",\"https:\\\/\\\/www.linkedin.com\\\/showcase\\\/organisator-das-magazin-fr-kmu\",\"https:\\\/\\\/www.xing.com\\\/news\\\/pages\\\/organisator-ch-695\",\"https:\\\/\\\/www.youtube.com\\\/channel\\\/UCGP2Sq0iWaZwT3BdIAQFYpw\"]},{\"@type\":\"Person\",\"@id\":\"https:\\\/\\\/www.organisator.ch\\\/#\\\/schema\\\/person\\\/aa2bace6c5c5aad60102004a50c4eb1c\",\"name\":\"admin\",\"image\":{\"@type\":\"ImageObject\",\"inLanguage\":\"fr-FR\",\"@id\":\"https:\\\/\\\/secure.gravatar.com\\\/avatar\\\/ae2f4d718e6c49043e314ce431e7e645d646302a24a5ef5a8bc8e3f5a032e319?s=96&d=mm&r=g\",\"url\":\"https:\\\/\\\/secure.gravatar.com\\\/avatar\\\/ae2f4d718e6c49043e314ce431e7e645d646302a24a5ef5a8bc8e3f5a032e319?s=96&d=mm&r=g\",\"contentUrl\":\"https:\\\/\\\/secure.gravatar.com\\\/avatar\\\/ae2f4d718e6c49043e314ce431e7e645d646302a24a5ef5a8bc8e3f5a032e319?s=96&d=mm&r=g\",\"caption\":\"admin\"},\"sameAs\":[\"https:\\\/\\\/www.organisator.ch\"],\"url\":\"https:\\\/\\\/www.organisator.ch\\\/fr\\\/author\\\/admin\\\/\"}]}<\/script>\n<!-- \/ Yoast SEO plugin. -->","yoast_head_json":{"title":"Grandes pertes de biodiversit\u00e9 - Organisateur","description":"L'Office f\u00e9d\u00e9ral de l'environnement a \u00e9tabli pour la premi\u00e8re fois une liste rouge pour quatre familles d'esp\u00e8ces indig\u00e8nes de col\u00e9opt\u00e8res xylophages de Suisse.","robots":{"index":"index","follow":"follow","max-snippet":"max-snippet:-1","max-image-preview":"max-image-preview:large","max-video-preview":"max-video-preview:-1"},"canonical":"https:\/\/www.organisator.ch\/fr\/general\/2016-09-15\/grosse-biodiversitaetsverluste\/","og_locale":"fr_FR","og_type":"article","og_title":"Grosse Biodiversit\u00e4tsverluste - Organisator","og_description":"Das Bundesamt f\u00fcr Umwelt hat erstmals eine Rote Liste zu vier Familien der einheimischen holzbewohnenden K\u00e4ferarten der Schweiz erstellt.","og_url":"https:\/\/www.organisator.ch\/fr\/general\/2016-09-15\/grosse-biodiversitaetsverluste\/","og_site_name":"Organisator","article_publisher":"https:\/\/www.facebook.com\/OrganisatorFachmagazin","article_published_time":"2016-09-15T14:10:02+00:00","og_image":[{"width":1000,"height":667,"url":"https:\/\/www.organisator.ch\/wp-content\/uploads\/2016\/12\/Grosse-Biodiversitaetsverluste-umweltperspektiven.jpg","type":"image\/jpeg"}],"author":"admin","twitter_card":"summary_large_image","schema":{"@context":"https:\/\/schema.org","@graph":[{"@type":"Article","@id":"https:\/\/www.organisator.ch\/en\/general\/2016-09-15\/grosse-biodiversitaetsverluste\/#article","isPartOf":{"@id":"https:\/\/www.organisator.ch\/en\/general\/2016-09-15\/grosse-biodiversitaetsverluste\/"},"author":{"name":"admin","@id":"https:\/\/www.organisator.ch\/#\/schema\/person\/aa2bace6c5c5aad60102004a50c4eb1c"},"headline":"Grosse Biodiversit\u00e4tsverluste","datePublished":"2016-09-15T14:10:02+00:00","mainEntityOfPage":{"@id":"https:\/\/www.organisator.ch\/en\/general\/2016-09-15\/grosse-biodiversitaetsverluste\/"},"wordCount":510,"commentCount":0,"publisher":{"@id":"https:\/\/www.organisator.ch\/#organization"},"image":{"@id":"https:\/\/www.organisator.ch\/en\/general\/2016-09-15\/grosse-biodiversitaetsverluste\/#primaryimage"},"thumbnailUrl":"https:\/\/www.organisator.ch\/wp-content\/uploads\/2016\/12\/Grosse-Biodiversitaetsverluste-umweltperspektiven.jpg","keywords":["K\u00e4fer- und Pflanzenarten"],"articleSection":["Allgemein"],"inLanguage":"fr-FR"},{"@type":"WebPage","@id":"https:\/\/www.organisator.ch\/en\/general\/2016-09-15\/grosse-biodiversitaetsverluste\/","url":"https:\/\/www.organisator.ch\/en\/general\/2016-09-15\/grosse-biodiversitaetsverluste\/","name":"Grandes pertes de biodiversit\u00e9 - Organisateur","isPartOf":{"@id":"https:\/\/www.organisator.ch\/#website"},"primaryImageOfPage":{"@id":"https:\/\/www.organisator.ch\/en\/general\/2016-09-15\/grosse-biodiversitaetsverluste\/#primaryimage"},"image":{"@id":"https:\/\/www.organisator.ch\/en\/general\/2016-09-15\/grosse-biodiversitaetsverluste\/#primaryimage"},"thumbnailUrl":"https:\/\/www.organisator.ch\/wp-content\/uploads\/2016\/12\/Grosse-Biodiversitaetsverluste-umweltperspektiven.jpg","datePublished":"2016-09-15T14:10:02+00:00","description":"L'Office f\u00e9d\u00e9ral de l'environnement a \u00e9tabli pour la premi\u00e8re fois une liste rouge pour quatre familles d'esp\u00e8ces indig\u00e8nes de col\u00e9opt\u00e8res xylophages de Suisse.","breadcrumb":{"@id":"https:\/\/www.organisator.ch\/en\/general\/2016-09-15\/grosse-biodiversitaetsverluste\/#breadcrumb"},"inLanguage":"fr-FR","potentialAction":[{"@type":"ReadAction","target":["https:\/\/www.organisator.ch\/en\/general\/2016-09-15\/grosse-biodiversitaetsverluste\/"]}]},{"@type":"ImageObject","inLanguage":"fr-FR","@id":"https:\/\/www.organisator.ch\/en\/general\/2016-09-15\/grosse-biodiversitaetsverluste\/#primaryimage","url":"https:\/\/www.organisator.ch\/wp-content\/uploads\/2016\/12\/Grosse-Biodiversitaetsverluste-umweltperspektiven.jpg","contentUrl":"https:\/\/www.organisator.ch\/wp-content\/uploads\/2016\/12\/Grosse-Biodiversitaetsverluste-umweltperspektiven.jpg","width":1000,"height":667,"caption":"Zum Beispiel der Hirschk\u00e4fer: Er bevorzugt Lebensr\u00e4ume, die in der Schweiz selten geworden sind. (depositphotos)"},{"@type":"BreadcrumbList","@id":"https:\/\/www.organisator.ch\/en\/general\/2016-09-15\/grosse-biodiversitaetsverluste\/#breadcrumb","itemListElement":[{"@type":"ListItem","position":1,"name":"Home","item":"https:\/\/www.organisator.ch\/"},{"@type":"ListItem","position":2,"name":"Grosse Biodiversit\u00e4tsverluste"}]},{"@type":"WebSite","@id":"https:\/\/www.organisator.ch\/#website","url":"https:\/\/www.organisator.ch\/","name":"Organisateur","description":"Comp\u00e9tence et comp\u00e9tence. Proches de la pratique. L'ORGANISATEUR pr\u00e9pare 10 num\u00e9ros par an sur les th\u00e8mes essentiels pour les dirigeants de PME.","publisher":{"@id":"https:\/\/www.organisator.ch\/#organization"},"potentialAction":[{"@type":"SearchAction","target":{"@type":"EntryPoint","urlTemplate":"https:\/\/www.organisator.ch\/?s={search_term_string}"},"query-input":{"@type":"PropertyValueSpecification","valueRequired":true,"valueName":"search_term_string"}}],"inLanguage":"fr-FR"},{"@type":"Organization","@id":"https:\/\/www.organisator.ch\/#organization","name":"Organisateur","url":"https:\/\/www.organisator.ch\/","logo":{"@type":"ImageObject","inLanguage":"fr-FR","@id":"https:\/\/www.organisator.ch\/#\/schema\/logo\/image\/","url":"https:\/\/www.organisator.ch\/wp-content\/uploads\/2022\/01\/Logo_Organisator_Website.png","contentUrl":"https:\/\/www.organisator.ch\/wp-content\/uploads\/2022\/01\/Logo_Organisator_Website.png","width":800,"height":77,"caption":"Organisator"},"image":{"@id":"https:\/\/www.organisator.ch\/#\/schema\/logo\/image\/"},"sameAs":["https:\/\/www.facebook.com\/OrganisatorFachmagazin","https:\/\/www.linkedin.com\/showcase\/organisator-das-magazin-fr-kmu","https:\/\/www.xing.com\/news\/pages\/organisator-ch-695","https:\/\/www.youtube.com\/channel\/UCGP2Sq0iWaZwT3BdIAQFYpw"]},{"@type":"Person","@id":"https:\/\/www.organisator.ch\/#\/schema\/person\/aa2bace6c5c5aad60102004a50c4eb1c","name":"admin","image":{"@type":"ImageObject","inLanguage":"fr-FR","@id":"https:\/\/secure.gravatar.com\/avatar\/ae2f4d718e6c49043e314ce431e7e645d646302a24a5ef5a8bc8e3f5a032e319?s=96&d=mm&r=g","url":"https:\/\/secure.gravatar.com\/avatar\/ae2f4d718e6c49043e314ce431e7e645d646302a24a5ef5a8bc8e3f5a032e319?s=96&d=mm&r=g","contentUrl":"https:\/\/secure.gravatar.com\/avatar\/ae2f4d718e6c49043e314ce431e7e645d646302a24a5ef5a8bc8e3f5a032e319?s=96&d=mm&r=g","caption":"admin"},"sameAs":["https:\/\/www.organisator.ch"],"url":"https:\/\/www.organisator.ch\/fr\/author\/admin\/"}]}},"_links":{"self":[{"href":"https:\/\/www.organisator.ch\/fr\/wp-json\/wp\/v2\/posts\/511","targetHints":{"allow":["GET"]}}],"collection":[{"href":"https:\/\/www.organisator.ch\/fr\/wp-json\/wp\/v2\/posts"}],"about":[{"href":"https:\/\/www.organisator.ch\/fr\/wp-json\/wp\/v2\/types\/post"}],"author":[{"embeddable":true,"href":"https:\/\/www.organisator.ch\/fr\/wp-json\/wp\/v2\/users\/1"}],"replies":[{"embeddable":true,"href":"https:\/\/www.organisator.ch\/fr\/wp-json\/wp\/v2\/comments?post=511"}],"version-history":[{"count":0,"href":"https:\/\/www.organisator.ch\/fr\/wp-json\/wp\/v2\/posts\/511\/revisions"}],"wp:featuredmedia":[{"embeddable":true,"href":"https:\/\/www.organisator.ch\/fr\/wp-json\/wp\/v2\/media\/512"}],"wp:attachment":[{"href":"https:\/\/www.organisator.ch\/fr\/wp-json\/wp\/v2\/media?parent=511"}],"wp:term":[{"taxonomy":"category","embeddable":true,"href":"https:\/\/www.organisator.ch\/fr\/wp-json\/wp\/v2\/categories?post=511"},{"taxonomy":"post_tag","embeddable":true,"href":"https:\/\/www.organisator.ch\/fr\/wp-json\/wp\/v2\/tags?post=511"}],"curies":[{"name":"wp","href":"https:\/\/api.w.org\/{rel}","templated":true}]}}