{"id":5116,"date":"2019-04-09T12:02:55","date_gmt":"2019-04-09T10:02:55","guid":{"rendered":"https:\/\/www.organisator.ch\/?p=5116"},"modified":"2019-04-09T12:02:55","modified_gmt":"2019-04-09T10:02:55","slug":"digital-economic-forum-def2019-mit-neusten-technologien-zum-anfassen","status":"publish","type":"post","link":"https:\/\/www.organisator.ch\/fr\/allgemein\/2019-04-09\/digital-economic-forum-def2019-mit-neusten-technologien-zum-anfassen\/","title":{"rendered":"Digital Economic Forum DEF2019 avec les derni\u00e8res technologies \u00e0 port\u00e9e de main"},"content":{"rendered":"<figure id=\"attachment_5117\" aria-describedby=\"caption-attachment-5117\" style=\"width: 680px\" class=\"wp-caption alignnone\"><img loading=\"lazy\" decoding=\"async\" class=\"size-medium wp-image-5117\" src=\"https:\/\/www.organisator.ch\/wp-content\/uploads\/2019\/04\/Digital-Economic-Forum-DEF2019-mit-neusten-Technologien-zum-Anfassen-1_Organisator.jpg\" alt=\"\" width=\"680\" height=\"435\" srcset=\"https:\/\/www.organisator.ch\/wp-content\/uploads\/2019\/04\/Digital-Economic-Forum-DEF2019-mit-neusten-Technologien-zum-Anfassen-1_Organisator.jpg 680w, https:\/\/www.organisator.ch\/wp-content\/uploads\/2019\/04\/Digital-Economic-Forum-DEF2019-mit-neusten-Technologien-zum-Anfassen-1_Organisator-16x10.jpg 16w, https:\/\/www.organisator.ch\/wp-content\/uploads\/2019\/04\/Digital-Economic-Forum-DEF2019-mit-neusten-Technologien-zum-Anfassen-1_Organisator-274x175.jpg 274w, https:\/\/www.organisator.ch\/wp-content\/uploads\/2019\/04\/Digital-Economic-Forum-DEF2019-mit-neusten-Technologien-zum-Anfassen-1_Organisator-547x350.jpg 547w, https:\/\/www.organisator.ch\/wp-content\/uploads\/2019\/04\/Digital-Economic-Forum-DEF2019-mit-neusten-Technologien-zum-Anfassen-1_Organisator-300x192.jpg 300w\" sizes=\"auto, (max-width: 680px) 100vw, 680px\" \/><figcaption id=\"caption-attachment-5117\" class=\"wp-caption-text\">Le DEF2019 pose la question : \"Un monde sans travail ?\" (Image : Digital Economic Forum)<\/figcaption><\/figure>\n<p>Les robots travaillent \u00e0 la cha\u00eene plus longtemps et avec plus de pr\u00e9cision que n'importe quel \u00eatre humain - nous nous y sommes habitu\u00e9s. Entre-temps, des algorithmes capables d'apprendre prennent de plus en plus en charge des activit\u00e9s humaines complexes : Des bots conseillent les investisseurs, des assistants intelligents traduisent des textes, le big data est utilis\u00e9 pour les diagnostics m\u00e9dicaux, l'intelligence artificielle (IA) soutient les prises de d\u00e9cision et il existe les premi\u00e8res constructions enti\u00e8rement num\u00e9riques, pour ne citer que quelques d\u00e9veloppements. Dans des inputs de haut niveau sur le th\u00e8me \"Un monde sans travail ?\", le DEF2019 pr\u00e9cise que l'\u00eatre humain reste au centre des pr\u00e9occupations. Pour utiliser de mani\u00e8re optimale les possibilit\u00e9s technologiques, il faut \u00e0 la fois la force de travail, la force de r\u00e9flexion et la cr\u00e9ativit\u00e9 de l'homme. N\u00e9anmoins, les participants au DEF2019 devront se pencher sur des th\u00e8mes tels que les cyber-attaques, l'IA, la r\u00e9alit\u00e9 virtuelle, les drones, le big data et bien d'autres encore. Les d\u00e9fis sociaux et politiques pour une num\u00e9risation r\u00e9ussie seront \u00e9galement mis en lumi\u00e8re.<\/p>\n<h2>Robotique de r\u00e9\u00e9ducation, super-cerveau et bots comme conseillers \u00e0 la client\u00e8le<\/h2>\n<p>Le 9 mai 2019, le DEF2019 fera \u00e0 nouveau monter sur sc\u00e8ne des experts reconnus et exp\u00e9riment\u00e9s dans diff\u00e9rents domaines. Nouveaut\u00e9 au Palais X-Tra de la Limmatplatz \u00e0 Zurich, l'un des chercheurs les plus connus en mati\u00e8re de cyborgs, le professeur de l'ETH Robert Riener, montrera \u00e0 l'aide d'exemples impressionnants les possibilit\u00e9s offertes par l'interface entre l'homme et la robotique et la technologie cyborg la plus moderne. Le formateur de m\u00e9moire Markus Hofmann trouve un super-cerveau dans chaque t\u00eate et, selon le professeur Gian-Luca Bona, directeur de l'Empa, la recherche moderne sur les mat\u00e9riaux et le big data peuvent s'enrichir mutuellement. Le plus jeune conseiller aux \u00c9tats de Suisse, Damian M\u00fcller (PLR, LU), se penche sur les dimensions politiques de la num\u00e9risation.<\/p>\n<p>Les Dr Lorenz Meier et Kevin Sartori, experts mondiaux en mati\u00e8re de drones et laur\u00e9ats du Digital Economy Award, racontent des \u00e9pisodes passionnants de leurs dix ann\u00e9es d'exp\u00e9rience avec leurs robots volants. Marianne Wildi, banqui\u00e8re de renom, veut savoir si les robots peuvent \u00eatre utilis\u00e9s comme conseillers \u00e0 la client\u00e8le. Gianna, une interface client bas\u00e9e sur l'intelligence artificielle, pr\u00e9sent\u00e9e par Tino Hellmund (Head Client Service Management SIX), s'inscrit dans cette optique. Son coll\u00e8gue Valerio Roncone doute que les institutions traditionnelles survivent \u00e0 la disruption num\u00e9rique et Claudio Hintermann, le pr\u00e9curseur d'Abacus, conna\u00eet d\u00e9j\u00e0 les effets de l'\u00e8re post-impression. Enfin, le directeur de la clinique, le Dr Nicolas Kr\u00e4mer, fait \u00e9tat d'une attaque num\u00e9rique venue de l'obscurit\u00e9 contre son h\u00f4pital. Les experts de la start-up SnowHaze de l'ETH montrent comment les gens sapent parfois par n\u00e9gligence la s\u00e9curit\u00e9 des donn\u00e9es dans leurs activit\u00e9s quotidiennes. Comme toujours, le c\u00e9l\u00e8bre journaliste et pr\u00e9sentateur de t\u00e9l\u00e9vision Stephan Klapproth animera la journ\u00e9e avec humour.<\/p>\n<figure id=\"attachment_5118\" aria-describedby=\"caption-attachment-5118\" style=\"width: 680px\" class=\"wp-caption alignnone\"><img loading=\"lazy\" decoding=\"async\" class=\"size-medium wp-image-5118\" src=\"https:\/\/www.organisator.ch\/wp-content\/uploads\/2019\/04\/Digital-Economic-Forum-DEF2019-mit-neusten-Technologien-zum-Anfassen-2_Organisator.jpg\" alt=\"\" width=\"680\" height=\"510\" srcset=\"https:\/\/www.organisator.ch\/wp-content\/uploads\/2019\/04\/Digital-Economic-Forum-DEF2019-mit-neusten-Technologien-zum-Anfassen-2_Organisator.jpg 680w, https:\/\/www.organisator.ch\/wp-content\/uploads\/2019\/04\/Digital-Economic-Forum-DEF2019-mit-neusten-Technologien-zum-Anfassen-2_Organisator-16x12.jpg 16w, https:\/\/www.organisator.ch\/wp-content\/uploads\/2019\/04\/Digital-Economic-Forum-DEF2019-mit-neusten-Technologien-zum-Anfassen-2_Organisator-233x175.jpg 233w, https:\/\/www.organisator.ch\/wp-content\/uploads\/2019\/04\/Digital-Economic-Forum-DEF2019-mit-neusten-Technologien-zum-Anfassen-2_Organisator-467x350.jpg 467w, https:\/\/www.organisator.ch\/wp-content\/uploads\/2019\/04\/Digital-Economic-Forum-DEF2019-mit-neusten-Technologien-zum-Anfassen-2_Organisator-300x225.jpg 300w\" sizes=\"auto, (max-width: 680px) 100vw, 680px\" \/><figcaption id=\"caption-attachment-5118\" class=\"wp-caption-text\">Dans le cadre du Digital Economic Forum de cette ann\u00e9e, il est \u00e9galement possible de faire des exp\u00e9riences avec des gants sensoriels dans un monde d'exp\u00e9riences. (Image : Digital Economic Forum)<\/figcaption><\/figure>\n<h2>Un monde d'exp\u00e9rience unique<\/h2>\n<p>Nouveaut\u00e9 du DEF19, un monde d'exp\u00e9riences unique en son genre fournit des exemples tangibles et permet de vivre des exp\u00e9riences pratiques avec les nouvelles technologies. Des d\u00e9veloppements et des produits issus de la num\u00e9risation sont pr\u00eats \u00e0 \u00eatre d\u00e9couverts : des robots, des gants sensoriels, communiquer avec des bots, exp\u00e9rimenter la force d'un exomuscle et bien plus encore. Pendant les pauses et apr\u00e8s les expos\u00e9s, il y aura suffisamment de place pour le r\u00e9seautage avec les visiteurs et les intervenants ainsi que pour la visite du monde de l'exp\u00e9rience.<\/p>\n<p><em>Plus d'informations :\u00a0<\/em><em><a href=\"https:\/\/digitaleconomicforum.us20.list-manage.com\/track\/click?u=027ad7fd25bd3a5c4bf3cc5a9&amp;id=819fd4d6a3&amp;e=5a67343481\">www.digitaleconomicforum.ch<\/a><\/em><\/p>","protected":false},"excerpt":{"rendered":"<p>Roboter arbeiten am Fliessband l\u00e4nger und pr\u00e4ziser als jeder Mensch \u2013 daran haben wir uns gew\u00f6hnt. Unterdessen \u00fcbernehmen lernf\u00e4hige Algorithmen zunehmend auch komplexere menschliche T\u00e4tigkeiten: Bots beraten Anleger, intelligente Assistenten \u00fcbersetzen Texte, Big Data wird zur \u00e4rztlichen Diagnose genutzt, K\u00fcnstliche Intelligenz (KI) unterst\u00fctzt Entscheidungsfindungen und es gibt erste vollst\u00e4ndig digital erstellte Bauten, um nur einige [&hellip;]<\/p>\n","protected":false},"author":4,"featured_media":5117,"comment_status":"open","ping_status":"open","sticky":false,"template":"","format":"standard","meta":{"_acf_changed":false,"_yoast_wpseo_focuskw":"DEF2019","_yoast_wpseo_metadesc":"Wird die menschliche Arbeit durch die Digitalisierung und K\u00fcnstliche Intelligenz \u00fcberfl\u00fcssig? Das DEF2019 geht dieser Frage nach.","articlekey":"","footnotes":""},"categories":[1],"tags":[156,193,286,533],"class_list":["post-5116","post","type-post","status-publish","format-standard","has-post-thumbnail","hentry","category-allgemein","tag-digitalisierung","tag-fachkongressfachmesse","tag-it","tag-wissenschaft"],"acf":[],"yoast_head":"<!-- This site is optimized with the Yoast SEO plugin v27.4 - https:\/\/yoast.com\/product\/yoast-seo-wordpress\/ -->\n<title>Digital Economic Forum DEF2019 mit neusten Technologien zum Anfassen - Organisator<\/title>\n<meta name=\"description\" content=\"Wird die menschliche Arbeit durch die Digitalisierung und K\u00fcnstliche Intelligenz \u00fcberfl\u00fcssig? Das DEF2019 geht dieser Frage nach.\" \/>\n<meta name=\"robots\" content=\"index, follow, max-snippet:-1, max-image-preview:large, max-video-preview:-1\" \/>\n<link rel=\"canonical\" href=\"https:\/\/www.organisator.ch\/fr\/general\/2019-04-09\/digital-economic-forum-def2019-mit-neusten-technologien-zum-anfassen\/\" \/>\n<meta property=\"og:locale\" content=\"fr_FR\" \/>\n<meta property=\"og:type\" content=\"article\" \/>\n<meta property=\"og:title\" content=\"Digital Economic Forum DEF2019 mit neusten Technologien zum Anfassen\" \/>\n<meta property=\"og:description\" content=\"Wird die menschliche Arbeit durch die Digitalisierung und K\u00fcnstliche Intelligenz \u00fcberfl\u00fcssig? Das DEF2019 geht dieser Frage nach.\" \/>\n<meta property=\"og:url\" content=\"https:\/\/www.organisator.ch\/fr\/general\/2019-04-09\/digital-economic-forum-def2019-mit-neusten-technologien-zum-anfassen\/\" \/>\n<meta property=\"og:site_name\" content=\"Organisator\" \/>\n<meta property=\"article:publisher\" content=\"https:\/\/www.facebook.com\/OrganisatorFachmagazin\" \/>\n<meta property=\"article:published_time\" content=\"2019-04-09T10:02:55+00:00\" \/>\n<meta property=\"og:image\" content=\"https:\/\/www.organisator.ch\/wp-content\/uploads\/2019\/04\/Digital-Economic-Forum-DEF2019-mit-neusten-Technologien-zum-Anfassen-1_Organisator.jpg\" \/>\n\t<meta property=\"og:image:width\" content=\"680\" \/>\n\t<meta property=\"og:image:height\" content=\"435\" \/>\n\t<meta property=\"og:image:type\" content=\"image\/jpeg\" \/>\n<meta name=\"author\" content=\"thomas.berner\" \/>\n<meta name=\"twitter:card\" content=\"summary_large_image\" \/>\n<meta name=\"twitter:title\" content=\"Digital Economic Forum #DEF2019 mit neusten Technologien zum Anfassen\" \/>\n<meta name=\"twitter:description\" content=\"Wird die menschliche Arbeit durch die Digitalisierung und K\u00fcnstliche Intelligenz \u00fcberfl\u00fcssig? Das #DEF2019 geht dieser Frage nach.\" \/>\n<meta name=\"twitter:image\" content=\"https:\/\/www.organisator.ch\/wp-content\/uploads\/2019\/04\/Digital-Economic-Forum-DEF2019-mit-neusten-Technologien-zum-Anfassen-1_Organisator.jpg\" \/>\n<script type=\"application\/ld+json\" class=\"yoast-schema-graph\">{\"@context\":\"https:\\\/\\\/schema.org\",\"@graph\":[{\"@type\":\"Article\",\"@id\":\"https:\\\/\\\/www.organisator.ch\\\/en\\\/general\\\/2019-04-09\\\/digital-economic-forum-def2019-mit-neusten-technologien-zum-anfassen\\\/#article\",\"isPartOf\":{\"@id\":\"https:\\\/\\\/www.organisator.ch\\\/en\\\/general\\\/2019-04-09\\\/digital-economic-forum-def2019-mit-neusten-technologien-zum-anfassen\\\/\"},\"author\":{\"name\":\"thomas.berner\",\"@id\":\"https:\\\/\\\/www.organisator.ch\\\/#\\\/schema\\\/person\\\/6f650f90b2842cd4c0cc334b4e36f67e\"},\"headline\":\"Digital Economic Forum DEF2019 mit neusten Technologien zum Anfassen\",\"datePublished\":\"2019-04-09T10:02:55+00:00\",\"mainEntityOfPage\":{\"@id\":\"https:\\\/\\\/www.organisator.ch\\\/en\\\/general\\\/2019-04-09\\\/digital-economic-forum-def2019-mit-neusten-technologien-zum-anfassen\\\/\"},\"wordCount\":519,\"commentCount\":0,\"publisher\":{\"@id\":\"https:\\\/\\\/www.organisator.ch\\\/#organization\"},\"image\":{\"@id\":\"https:\\\/\\\/www.organisator.ch\\\/en\\\/general\\\/2019-04-09\\\/digital-economic-forum-def2019-mit-neusten-technologien-zum-anfassen\\\/#primaryimage\"},\"thumbnailUrl\":\"https:\\\/\\\/www.organisator.ch\\\/wp-content\\\/uploads\\\/2019\\\/04\\\/Digital-Economic-Forum-DEF2019-mit-neusten-Technologien-zum-Anfassen-1_Organisator.jpg\",\"keywords\":[\"Digitalisierung\",\"Fachkongress\\\/Fachmesse\",\"IT\",\"Wissenschaft\"],\"articleSection\":[\"Allgemein\"],\"inLanguage\":\"fr-FR\"},{\"@type\":\"WebPage\",\"@id\":\"https:\\\/\\\/www.organisator.ch\\\/en\\\/general\\\/2019-04-09\\\/digital-economic-forum-def2019-mit-neusten-technologien-zum-anfassen\\\/\",\"url\":\"https:\\\/\\\/www.organisator.ch\\\/en\\\/general\\\/2019-04-09\\\/digital-economic-forum-def2019-mit-neusten-technologien-zum-anfassen\\\/\",\"name\":\"Digital Economic Forum DEF2019 mit neusten Technologien zum Anfassen - Organisator\",\"isPartOf\":{\"@id\":\"https:\\\/\\\/www.organisator.ch\\\/#website\"},\"primaryImageOfPage\":{\"@id\":\"https:\\\/\\\/www.organisator.ch\\\/en\\\/general\\\/2019-04-09\\\/digital-economic-forum-def2019-mit-neusten-technologien-zum-anfassen\\\/#primaryimage\"},\"image\":{\"@id\":\"https:\\\/\\\/www.organisator.ch\\\/en\\\/general\\\/2019-04-09\\\/digital-economic-forum-def2019-mit-neusten-technologien-zum-anfassen\\\/#primaryimage\"},\"thumbnailUrl\":\"https:\\\/\\\/www.organisator.ch\\\/wp-content\\\/uploads\\\/2019\\\/04\\\/Digital-Economic-Forum-DEF2019-mit-neusten-Technologien-zum-Anfassen-1_Organisator.jpg\",\"datePublished\":\"2019-04-09T10:02:55+00:00\",\"description\":\"Wird die menschliche Arbeit durch die Digitalisierung und K\u00fcnstliche Intelligenz \u00fcberfl\u00fcssig? Das DEF2019 geht dieser Frage nach.\",\"breadcrumb\":{\"@id\":\"https:\\\/\\\/www.organisator.ch\\\/en\\\/general\\\/2019-04-09\\\/digital-economic-forum-def2019-mit-neusten-technologien-zum-anfassen\\\/#breadcrumb\"},\"inLanguage\":\"fr-FR\",\"potentialAction\":[{\"@type\":\"ReadAction\",\"target\":[\"https:\\\/\\\/www.organisator.ch\\\/en\\\/general\\\/2019-04-09\\\/digital-economic-forum-def2019-mit-neusten-technologien-zum-anfassen\\\/\"]}]},{\"@type\":\"ImageObject\",\"inLanguage\":\"fr-FR\",\"@id\":\"https:\\\/\\\/www.organisator.ch\\\/en\\\/general\\\/2019-04-09\\\/digital-economic-forum-def2019-mit-neusten-technologien-zum-anfassen\\\/#primaryimage\",\"url\":\"https:\\\/\\\/www.organisator.ch\\\/wp-content\\\/uploads\\\/2019\\\/04\\\/Digital-Economic-Forum-DEF2019-mit-neusten-Technologien-zum-Anfassen-1_Organisator.jpg\",\"contentUrl\":\"https:\\\/\\\/www.organisator.ch\\\/wp-content\\\/uploads\\\/2019\\\/04\\\/Digital-Economic-Forum-DEF2019-mit-neusten-Technologien-zum-Anfassen-1_Organisator.jpg\",\"width\":680,\"height\":435,\"caption\":\"Das DEF2019 stellt die Frage: \u00abWelt ohne Arbeit?\u00bb (Bild: Digital Economic Forum)\"},{\"@type\":\"BreadcrumbList\",\"@id\":\"https:\\\/\\\/www.organisator.ch\\\/en\\\/general\\\/2019-04-09\\\/digital-economic-forum-def2019-mit-neusten-technologien-zum-anfassen\\\/#breadcrumb\",\"itemListElement\":[{\"@type\":\"ListItem\",\"position\":1,\"name\":\"Home\",\"item\":\"https:\\\/\\\/www.organisator.ch\\\/\"},{\"@type\":\"ListItem\",\"position\":2,\"name\":\"Digital Economic Forum DEF2019 mit neusten Technologien zum Anfassen\"}]},{\"@type\":\"WebSite\",\"@id\":\"https:\\\/\\\/www.organisator.ch\\\/#website\",\"url\":\"https:\\\/\\\/www.organisator.ch\\\/\",\"name\":\"Organisator\",\"description\":\"Kompetent. Praxisnah. Der ORGANISATOR bereitet in 10 Ausgaben pro Jahr die wesentlichen Themen f\u00fcr F\u00fchrungskr\u00e4fte von KMU auf.\",\"publisher\":{\"@id\":\"https:\\\/\\\/www.organisator.ch\\\/#organization\"},\"potentialAction\":[{\"@type\":\"SearchAction\",\"target\":{\"@type\":\"EntryPoint\",\"urlTemplate\":\"https:\\\/\\\/www.organisator.ch\\\/?s={search_term_string}\"},\"query-input\":{\"@type\":\"PropertyValueSpecification\",\"valueRequired\":true,\"valueName\":\"search_term_string\"}}],\"inLanguage\":\"fr-FR\"},{\"@type\":\"Organization\",\"@id\":\"https:\\\/\\\/www.organisator.ch\\\/#organization\",\"name\":\"Organisator\",\"url\":\"https:\\\/\\\/www.organisator.ch\\\/\",\"logo\":{\"@type\":\"ImageObject\",\"inLanguage\":\"fr-FR\",\"@id\":\"https:\\\/\\\/www.organisator.ch\\\/#\\\/schema\\\/logo\\\/image\\\/\",\"url\":\"https:\\\/\\\/www.organisator.ch\\\/wp-content\\\/uploads\\\/2022\\\/01\\\/Logo_Organisator_Website.png\",\"contentUrl\":\"https:\\\/\\\/www.organisator.ch\\\/wp-content\\\/uploads\\\/2022\\\/01\\\/Logo_Organisator_Website.png\",\"width\":800,\"height\":77,\"caption\":\"Organisator\"},\"image\":{\"@id\":\"https:\\\/\\\/www.organisator.ch\\\/#\\\/schema\\\/logo\\\/image\\\/\"},\"sameAs\":[\"https:\\\/\\\/www.facebook.com\\\/OrganisatorFachmagazin\",\"https:\\\/\\\/www.linkedin.com\\\/showcase\\\/organisator-das-magazin-fr-kmu\",\"https:\\\/\\\/www.xing.com\\\/news\\\/pages\\\/organisator-ch-695\",\"https:\\\/\\\/www.youtube.com\\\/channel\\\/UCGP2Sq0iWaZwT3BdIAQFYpw\"]},{\"@type\":\"Person\",\"@id\":\"https:\\\/\\\/www.organisator.ch\\\/#\\\/schema\\\/person\\\/6f650f90b2842cd4c0cc334b4e36f67e\",\"name\":\"thomas.berner\",\"image\":{\"@type\":\"ImageObject\",\"inLanguage\":\"fr-FR\",\"@id\":\"https:\\\/\\\/secure.gravatar.com\\\/avatar\\\/ac5001d2a36cb6c6cd3e50789007ffca834b477b74a2144564522e944eabff61?s=96&d=mm&r=g\",\"url\":\"https:\\\/\\\/secure.gravatar.com\\\/avatar\\\/ac5001d2a36cb6c6cd3e50789007ffca834b477b74a2144564522e944eabff61?s=96&d=mm&r=g\",\"contentUrl\":\"https:\\\/\\\/secure.gravatar.com\\\/avatar\\\/ac5001d2a36cb6c6cd3e50789007ffca834b477b74a2144564522e944eabff61?s=96&d=mm&r=g\",\"caption\":\"thomas.berner\"},\"url\":\"https:\\\/\\\/www.organisator.ch\\\/fr\\\/author\\\/thomas-berner\\\/\"}]}<\/script>\n<!-- \/ Yoast SEO plugin. -->","yoast_head_json":{"title":"Digital Economic Forum DEF2019 avec les derni\u00e8res technologies \u00e0 port\u00e9e de main - Organisateur","description":"Le travail humain sera-t-il rendu superflu par la num\u00e9risation et l'intelligence artificielle ? Le DEF2019 se penche sur cette question.","robots":{"index":"index","follow":"follow","max-snippet":"max-snippet:-1","max-image-preview":"max-image-preview:large","max-video-preview":"max-video-preview:-1"},"canonical":"https:\/\/www.organisator.ch\/fr\/general\/2019-04-09\/digital-economic-forum-def2019-mit-neusten-technologien-zum-anfassen\/","og_locale":"fr_FR","og_type":"article","og_title":"Digital Economic Forum DEF2019 mit neusten Technologien zum Anfassen","og_description":"Wird die menschliche Arbeit durch die Digitalisierung und K\u00fcnstliche Intelligenz \u00fcberfl\u00fcssig? Das DEF2019 geht dieser Frage nach.","og_url":"https:\/\/www.organisator.ch\/fr\/general\/2019-04-09\/digital-economic-forum-def2019-mit-neusten-technologien-zum-anfassen\/","og_site_name":"Organisator","article_publisher":"https:\/\/www.facebook.com\/OrganisatorFachmagazin","article_published_time":"2019-04-09T10:02:55+00:00","og_image":[{"width":680,"height":435,"url":"https:\/\/www.organisator.ch\/wp-content\/uploads\/2019\/04\/Digital-Economic-Forum-DEF2019-mit-neusten-Technologien-zum-Anfassen-1_Organisator.jpg","type":"image\/jpeg"}],"author":"thomas.berner","twitter_card":"summary_large_image","twitter_title":"Digital Economic Forum #DEF2019 mit neusten Technologien zum Anfassen","twitter_description":"Wird die menschliche Arbeit durch die Digitalisierung und K\u00fcnstliche Intelligenz \u00fcberfl\u00fcssig? Das #DEF2019 geht dieser Frage nach.","twitter_image":"https:\/\/www.organisator.ch\/wp-content\/uploads\/2019\/04\/Digital-Economic-Forum-DEF2019-mit-neusten-Technologien-zum-Anfassen-1_Organisator.jpg","schema":{"@context":"https:\/\/schema.org","@graph":[{"@type":"Article","@id":"https:\/\/www.organisator.ch\/en\/general\/2019-04-09\/digital-economic-forum-def2019-mit-neusten-technologien-zum-anfassen\/#article","isPartOf":{"@id":"https:\/\/www.organisator.ch\/en\/general\/2019-04-09\/digital-economic-forum-def2019-mit-neusten-technologien-zum-anfassen\/"},"author":{"name":"thomas.berner","@id":"https:\/\/www.organisator.ch\/#\/schema\/person\/6f650f90b2842cd4c0cc334b4e36f67e"},"headline":"Digital Economic Forum DEF2019 mit neusten Technologien zum Anfassen","datePublished":"2019-04-09T10:02:55+00:00","mainEntityOfPage":{"@id":"https:\/\/www.organisator.ch\/en\/general\/2019-04-09\/digital-economic-forum-def2019-mit-neusten-technologien-zum-anfassen\/"},"wordCount":519,"commentCount":0,"publisher":{"@id":"https:\/\/www.organisator.ch\/#organization"},"image":{"@id":"https:\/\/www.organisator.ch\/en\/general\/2019-04-09\/digital-economic-forum-def2019-mit-neusten-technologien-zum-anfassen\/#primaryimage"},"thumbnailUrl":"https:\/\/www.organisator.ch\/wp-content\/uploads\/2019\/04\/Digital-Economic-Forum-DEF2019-mit-neusten-Technologien-zum-Anfassen-1_Organisator.jpg","keywords":["Digitalisierung","Fachkongress\/Fachmesse","IT","Wissenschaft"],"articleSection":["Allgemein"],"inLanguage":"fr-FR"},{"@type":"WebPage","@id":"https:\/\/www.organisator.ch\/en\/general\/2019-04-09\/digital-economic-forum-def2019-mit-neusten-technologien-zum-anfassen\/","url":"https:\/\/www.organisator.ch\/en\/general\/2019-04-09\/digital-economic-forum-def2019-mit-neusten-technologien-zum-anfassen\/","name":"Digital Economic Forum DEF2019 avec les derni\u00e8res technologies \u00e0 port\u00e9e de main - Organisateur","isPartOf":{"@id":"https:\/\/www.organisator.ch\/#website"},"primaryImageOfPage":{"@id":"https:\/\/www.organisator.ch\/en\/general\/2019-04-09\/digital-economic-forum-def2019-mit-neusten-technologien-zum-anfassen\/#primaryimage"},"image":{"@id":"https:\/\/www.organisator.ch\/en\/general\/2019-04-09\/digital-economic-forum-def2019-mit-neusten-technologien-zum-anfassen\/#primaryimage"},"thumbnailUrl":"https:\/\/www.organisator.ch\/wp-content\/uploads\/2019\/04\/Digital-Economic-Forum-DEF2019-mit-neusten-Technologien-zum-Anfassen-1_Organisator.jpg","datePublished":"2019-04-09T10:02:55+00:00","description":"Le travail humain sera-t-il rendu superflu par la num\u00e9risation et l'intelligence artificielle ? Le DEF2019 se penche sur cette question.","breadcrumb":{"@id":"https:\/\/www.organisator.ch\/en\/general\/2019-04-09\/digital-economic-forum-def2019-mit-neusten-technologien-zum-anfassen\/#breadcrumb"},"inLanguage":"fr-FR","potentialAction":[{"@type":"ReadAction","target":["https:\/\/www.organisator.ch\/en\/general\/2019-04-09\/digital-economic-forum-def2019-mit-neusten-technologien-zum-anfassen\/"]}]},{"@type":"ImageObject","inLanguage":"fr-FR","@id":"https:\/\/www.organisator.ch\/en\/general\/2019-04-09\/digital-economic-forum-def2019-mit-neusten-technologien-zum-anfassen\/#primaryimage","url":"https:\/\/www.organisator.ch\/wp-content\/uploads\/2019\/04\/Digital-Economic-Forum-DEF2019-mit-neusten-Technologien-zum-Anfassen-1_Organisator.jpg","contentUrl":"https:\/\/www.organisator.ch\/wp-content\/uploads\/2019\/04\/Digital-Economic-Forum-DEF2019-mit-neusten-Technologien-zum-Anfassen-1_Organisator.jpg","width":680,"height":435,"caption":"Das DEF2019 stellt die Frage: \u00abWelt ohne Arbeit?\u00bb (Bild: Digital Economic Forum)"},{"@type":"BreadcrumbList","@id":"https:\/\/www.organisator.ch\/en\/general\/2019-04-09\/digital-economic-forum-def2019-mit-neusten-technologien-zum-anfassen\/#breadcrumb","itemListElement":[{"@type":"ListItem","position":1,"name":"Home","item":"https:\/\/www.organisator.ch\/"},{"@type":"ListItem","position":2,"name":"Digital Economic Forum DEF2019 mit neusten Technologien zum Anfassen"}]},{"@type":"WebSite","@id":"https:\/\/www.organisator.ch\/#website","url":"https:\/\/www.organisator.ch\/","name":"Organisateur","description":"Comp\u00e9tence et comp\u00e9tence. Proches de la pratique. L'ORGANISATEUR pr\u00e9pare 10 num\u00e9ros par an sur les th\u00e8mes essentiels pour les dirigeants de PME.","publisher":{"@id":"https:\/\/www.organisator.ch\/#organization"},"potentialAction":[{"@type":"SearchAction","target":{"@type":"EntryPoint","urlTemplate":"https:\/\/www.organisator.ch\/?s={search_term_string}"},"query-input":{"@type":"PropertyValueSpecification","valueRequired":true,"valueName":"search_term_string"}}],"inLanguage":"fr-FR"},{"@type":"Organization","@id":"https:\/\/www.organisator.ch\/#organization","name":"Organisateur","url":"https:\/\/www.organisator.ch\/","logo":{"@type":"ImageObject","inLanguage":"fr-FR","@id":"https:\/\/www.organisator.ch\/#\/schema\/logo\/image\/","url":"https:\/\/www.organisator.ch\/wp-content\/uploads\/2022\/01\/Logo_Organisator_Website.png","contentUrl":"https:\/\/www.organisator.ch\/wp-content\/uploads\/2022\/01\/Logo_Organisator_Website.png","width":800,"height":77,"caption":"Organisator"},"image":{"@id":"https:\/\/www.organisator.ch\/#\/schema\/logo\/image\/"},"sameAs":["https:\/\/www.facebook.com\/OrganisatorFachmagazin","https:\/\/www.linkedin.com\/showcase\/organisator-das-magazin-fr-kmu","https:\/\/www.xing.com\/news\/pages\/organisator-ch-695","https:\/\/www.youtube.com\/channel\/UCGP2Sq0iWaZwT3BdIAQFYpw"]},{"@type":"Person","@id":"https:\/\/www.organisator.ch\/#\/schema\/person\/6f650f90b2842cd4c0cc334b4e36f67e","name":"thomas.berner","image":{"@type":"ImageObject","inLanguage":"fr-FR","@id":"https:\/\/secure.gravatar.com\/avatar\/ac5001d2a36cb6c6cd3e50789007ffca834b477b74a2144564522e944eabff61?s=96&d=mm&r=g","url":"https:\/\/secure.gravatar.com\/avatar\/ac5001d2a36cb6c6cd3e50789007ffca834b477b74a2144564522e944eabff61?s=96&d=mm&r=g","contentUrl":"https:\/\/secure.gravatar.com\/avatar\/ac5001d2a36cb6c6cd3e50789007ffca834b477b74a2144564522e944eabff61?s=96&d=mm&r=g","caption":"thomas.berner"},"url":"https:\/\/www.organisator.ch\/fr\/author\/thomas-berner\/"}]}},"_links":{"self":[{"href":"https:\/\/www.organisator.ch\/fr\/wp-json\/wp\/v2\/posts\/5116","targetHints":{"allow":["GET"]}}],"collection":[{"href":"https:\/\/www.organisator.ch\/fr\/wp-json\/wp\/v2\/posts"}],"about":[{"href":"https:\/\/www.organisator.ch\/fr\/wp-json\/wp\/v2\/types\/post"}],"author":[{"embeddable":true,"href":"https:\/\/www.organisator.ch\/fr\/wp-json\/wp\/v2\/users\/4"}],"replies":[{"embeddable":true,"href":"https:\/\/www.organisator.ch\/fr\/wp-json\/wp\/v2\/comments?post=5116"}],"version-history":[{"count":0,"href":"https:\/\/www.organisator.ch\/fr\/wp-json\/wp\/v2\/posts\/5116\/revisions"}],"wp:featuredmedia":[{"embeddable":true,"href":"https:\/\/www.organisator.ch\/fr\/wp-json\/wp\/v2\/media\/5117"}],"wp:attachment":[{"href":"https:\/\/www.organisator.ch\/fr\/wp-json\/wp\/v2\/media?parent=5116"}],"wp:term":[{"taxonomy":"category","embeddable":true,"href":"https:\/\/www.organisator.ch\/fr\/wp-json\/wp\/v2\/categories?post=5116"},{"taxonomy":"post_tag","embeddable":true,"href":"https:\/\/www.organisator.ch\/fr\/wp-json\/wp\/v2\/tags?post=5116"}],"curies":[{"name":"wp","href":"https:\/\/api.w.org\/{rel}","templated":true}]}}