{"id":513,"date":"2016-05-20T11:23:27","date_gmt":"2016-05-20T09:23:27","guid":{"rendered":"http:\/\/dev.organisator.ch\/?p=513"},"modified":"2016-05-20T11:23:27","modified_gmt":"2016-05-20T09:23:27","slug":"internet-der-dinge-2020-fuenf-wichtige-erkenntnisse","status":"publish","type":"post","link":"https:\/\/www.organisator.ch\/fr\/management\/2016-05-20\/internet-der-dinge-2020-fuenf-wichtige-erkenntnisse\/","title":{"rendered":"L'internet des objets en 2020 : cinq conclusions importantes"},"content":{"rendered":"<figure id=\"attachment_514\" aria-describedby=\"caption-attachment-514\" style=\"width: 480px\" class=\"wp-caption alignnone\"><img loading=\"lazy\" decoding=\"async\" class=\"size-full wp-image-514\" src=\"https:\/\/www.organisator.ch\/wp-content\/uploads\/2016\/12\/Internet-der-Dinge-2020-Fuenf-wichtige-Erkenntnisse-organisator.jpg\" alt=\"\" width=\"480\" height=\"480\" srcset=\"https:\/\/www.organisator.ch\/wp-content\/uploads\/2016\/12\/Internet-der-Dinge-2020-Fuenf-wichtige-Erkenntnisse-organisator.jpg 480w, https:\/\/www.organisator.ch\/wp-content\/uploads\/2016\/12\/Internet-der-Dinge-2020-Fuenf-wichtige-Erkenntnisse-organisator-150x150.jpg 150w, https:\/\/www.organisator.ch\/wp-content\/uploads\/2016\/12\/Internet-der-Dinge-2020-Fuenf-wichtige-Erkenntnisse-organisator-12x12.jpg 12w, https:\/\/www.organisator.ch\/wp-content\/uploads\/2016\/12\/Internet-der-Dinge-2020-Fuenf-wichtige-Erkenntnisse-organisator-175x175.jpg 175w, https:\/\/www.organisator.ch\/wp-content\/uploads\/2016\/12\/Internet-der-Dinge-2020-Fuenf-wichtige-Erkenntnisse-organisator-350x350.jpg 350w, https:\/\/www.organisator.ch\/wp-content\/uploads\/2016\/12\/Internet-der-Dinge-2020-Fuenf-wichtige-Erkenntnisse-organisator-250x250.jpg 250w, https:\/\/www.organisator.ch\/wp-content\/uploads\/2016\/12\/Internet-der-Dinge-2020-Fuenf-wichtige-Erkenntnisse-organisator-300x300.jpg 300w, https:\/\/www.organisator.ch\/wp-content\/uploads\/2016\/12\/Internet-der-Dinge-2020-Fuenf-wichtige-Erkenntnisse-organisator-100x100.jpg 100w\" sizes=\"auto, (max-width: 480px) 100vw, 480px\" \/><figcaption id=\"caption-attachment-514\" class=\"wp-caption-text\">Internet des objets : les entreprises doivent poser des jalons d\u00e8s maintenant. (Image : Fotolia.com)<\/figcaption><\/figure>\n<p>\"Cela fait longtemps qu'il ne s'agit plus de savoir si l'Internet des objets (Internet of Things, IoT) cr\u00e9e de la valeur ajout\u00e9e. Les entreprises doivent aujourd'hui poser les jalons pour exploiter pleinement les opportunit\u00e9s de l'IoT\", explique Prith Banerjee, Chief Technology Officer chez Schneider Electric. Le rapport Schneider Electric IoT 2020 Business Report sert donc de guide pour l'innovation et la mise en \u0153uvre des technologies IoT.<\/p>\n<p><strong>La valeur ajout\u00e9e imm\u00e9diate de l'IoT est consid\u00e9r\u00e9e comme acquise<\/strong><\/p>\n<p>Le rapport se base sur une r\u00e9cente enqu\u00eate mondiale men\u00e9e aupr\u00e8s de 2 600 d\u00e9cideurs dans douze pays sur le th\u00e8me de l'IdO. \"L'engouement pour l'Internet des objets n'est pas nouveau. Mais notre enqu\u00eate prouve que les technologies IoT apportent une r\u00e9elle valeur ajout\u00e9e aux entreprises de tous les secteurs et de toutes les r\u00e9gions, maintenant et \u00e0 l'avenir\", a d\u00e9clar\u00e9 Banerjee.<\/p>\n<p><strong>Les cinq principales conclusions<\/strong><\/p>\n<ol>\n<li><em>Une nouvelle vague de transformation num\u00e9rique : l'OT et l'IT convergent.<\/em> L'IoT va d\u00e9clencher une nouvelle vague de transformation num\u00e9rique des entreprises : Les mondes de la technologie op\u00e9rationnelle (OT) et de la technologie de l'information (IT) convergent. Les collaborateurs sont de mieux en mieux \u00e9quip\u00e9s en solutions mobiles et num\u00e9riques : avec l'extension et l'intensification croissantes de la num\u00e9risation dans l'ensemble de l'environnement de l'entreprise, l'IoT, et notamment l'IoT industriel, occupe une place plus importante. Cette nouvelle vague de transformation est rendue possible par des capteurs en r\u00e9seau moins chers, des flux d'informations et des possibilit\u00e9s de contr\u00f4le int\u00e9gr\u00e9s, des r\u00e9seaux de communication plus rapides et presque universels, une vitesse accrue du cloud computing et de l'edge computing ainsi que des possibilit\u00e9s \u00e9tendues d'analyse des donn\u00e9es.<\/li>\n<li><em>Les donn\u00e9es jusqu'ici inexploit\u00e9es offrent des opportunit\u00e9s pour le service \u00e0 la client\u00e8le.<\/em> L'IdO transformera des donn\u00e9es jusqu'ici inexploit\u00e9es en connaissances qui permettront d'\u00e9lever la satisfaction des clients \u00e0 un niveau sup\u00e9rieur. Lorsque l'on \u00e9voque la proposition de valeur et les principaux avantages de l'IdO, les entreprises pensent en premier lieu \u00e0 l'am\u00e9lioration de l'efficacit\u00e9 et \u00e0 la r\u00e9duction des co\u00fbts. Mais l'IdO offre bien plus : l'acc\u00e8s \u00e0 des donn\u00e9es jusqu'ici inexploit\u00e9es, associ\u00e9 \u00e0 la possibilit\u00e9 d'en tirer des enseignements pr\u00e9cieux - une caract\u00e9ristique essentielle de l'IdO - va r\u00e9volutionner le service \u00e0 la client\u00e8le et offrir aux entreprises de nouvelles opportunit\u00e9s pour am\u00e9liorer la fid\u00e9lit\u00e9 \u00e0 la marque et au service, ainsi que la satisfaction des clients.<\/li>\n<li><em>Les exigences multiples en mati\u00e8re de s\u00e9curit\u00e9 n\u00e9cessitent un environnement informatique hybride.<\/em> L'IdO favorise une approche ouverte, compatible et hybride de l'informatique. Cela favorise la collaboration entre l'industrie et les gouvernements pour le d\u00e9veloppement de normes architecturales mondiales en mati\u00e8re de cybers\u00e9curit\u00e9. Alors que les solutions IoT bas\u00e9es sur le cloud deviennent de plus en plus populaires, il n'y aura pas de monopole d'une architecture informatique particuli\u00e8re. Au lieu de cela, l'IdO se r\u00e9pandra dans les domaines de l'informatique de p\u00e9riph\u00e9rie et de l'informatique sur site en tant que partie int\u00e9grante des offres de cloud priv\u00e9 et public sur une multitude de syst\u00e8mes. Les environnements informatiques h\u00e9t\u00e9rog\u00e8nes pour l'IdO permettent aux utilisateurs de choisir la solution IdO qui r\u00e9pond le mieux \u00e0 leurs besoins critiques en mati\u00e8re de s\u00e9curit\u00e9. Parall\u00e8lement, les entreprises disposant d'une infrastructure technologique plus ancienne ont la possibilit\u00e9 d'\u00e9voluer d'une mani\u00e8re appropri\u00e9e et r\u00e9alisable pour elles et de proc\u00e9der \u00e0 une transformation progressive.<\/li>\n<li><em>Les innovations rendent l'infrastructure existante obsol\u00e8te<\/em> L'IdO sera le point de d\u00e9part de l'innovation, de nouveaux mod\u00e8les commerciaux et de la croissance \u00e9conomique pour les entreprises, les pouvoirs publics et les pays \u00e9mergents. L'IdO est un jalon de l'ordre de grandeur de la r\u00e9volution industrielle, de l'invention d'Internet et de la r\u00e9volution mobile. Tout comme ces derni\u00e8res, l'IdO sera source de progr\u00e8s, d'innovation et de prosp\u00e9rit\u00e9. Les entreprises, les villes et les communaut\u00e9s fourniront de nouveaux services compatibles avec l'IdO et d\u00e9velopperont de nouveaux mod\u00e8les commerciaux. Les pays \u00e9mergents pourront profiter imm\u00e9diatement des avantages de l'IdO sans avoir \u00e0 se d\u00e9faire d'une infrastructure obsol\u00e8te. Les m\u00e9thodes obsol\u00e8tes seront tout simplement ignor\u00e9es. McKinsey estime que 40% du volume du march\u00e9 mondial des solutions IoT seront g\u00e9n\u00e9r\u00e9s dans les pays \u00e9mergents.<\/li>\n<li><em>R\u00f4le essentiel dans la r\u00e9solution de probl\u00e8mes sociaux et environnementaux majeurs.<\/em> L'IdO permettra aux pays et aux \u00e9conomies de relever les plus grands d\u00e9fis de l'humanit\u00e9, y compris le r\u00e9chauffement climatique, la p\u00e9nurie d'eau et la pollution. Il est significatif que les participants \u00e0 l'enqu\u00eate aient cit\u00e9 l'am\u00e9lioration de l'utilisation des ressources comme le plus grand avantage global de l'IdO pour la soci\u00e9t\u00e9. Les gouvernements locaux et nationaux utiliseront l'IdO pour acc\u00e9l\u00e9rer et optimiser les initiatives en cours, en collaboration avec le secteur priv\u00e9, par exemple pour r\u00e9duire les \u00e9missions de gaz \u00e0 effet de serre conform\u00e9ment \u00e0 l'accord r\u00e9volutionnaire sur le climat conclu lors de la COP21, par lequel 195 pays et l'UE se sont engag\u00e9s \u00e0 limiter le r\u00e9chauffement climatique \u00e0 moins de 2 degr\u00e9s Celsius.<\/li>\n<\/ol>\n<p><strong>Des pr\u00e9visions optimistes<\/strong><\/p>\n<p>Les principaux enseignements de l'enqu\u00eate mondiale qui ont \u00e9t\u00e9 pris en compte dans les pr\u00e9visions sont les suivants : 75% des entreprises voient les possibilit\u00e9s de l'IdO de mani\u00e8re positive cette ann\u00e9e. Cela inclut les points suivants :<\/p>\n<ul>\n<li>Am\u00e9lioration de l'exp\u00e9rience client : 63% des entreprises pr\u00e9voient d'analyser le comportement des clients \u00e0 l'aide de l'IdO en 2016. Parmi les cinq principaux avantages commerciaux potentiels figurent une r\u00e9solution plus rapide des probl\u00e8mes, un meilleur service \u00e0 la client\u00e8le et une plus grande satisfaction des clients.<\/li>\n<li>\u00c9conomies de co\u00fbts gr\u00e2ce \u00e0 l'automatisation : l'automatisation des b\u00e2timents et l'automatisation industrielle rec\u00e8lent le plus grand potentiel d'\u00e9conomies annuelles (63% et 62% respectivement). Selon les r\u00e9sultats de l'enqu\u00eate, l'avenir de l'IdO r\u00e9side dans les technologies d'automatisation : Pr\u00e8s de la moiti\u00e9 (42%) des participants ont l'intention de mettre en place une solution d'automatisation des b\u00e2timents compatible avec l'IdO au cours des deux prochaines ann\u00e9es.<\/li>\n<li>R\u00e9aliser les avantages de l'IdO gr\u00e2ce aux applications mobiles : Deux tiers des entreprises (67%) pr\u00e9voient d'introduire l'Internet des objets via des applications mobiles en 2016. Un tiers des personnes interrog\u00e9es (32%) a m\u00eame l'intention de mettre en \u0153uvre l'IdO dans les applications mobiles d\u00e8s les six prochains mois. La principale raison invoqu\u00e9e est une r\u00e9duction potentielle des co\u00fbts pouvant aller jusqu'\u00e0 59%.<\/li>\n<\/ul>\n<p>81% des participants estiment que les connaissances acquises \u00e0 partir des donn\u00e9es et informations bas\u00e9es sur l'IdO seront partag\u00e9es efficacement dans toute l'organisation. 41% des personnes interrog\u00e9es estiment que la cybers\u00e9curit\u00e9 dans l'environnement IdO est une t\u00e2che difficile pour leur entreprise.<\/p>\n<p><em>Source : <a href=\"http:\/\/www.schneider-electric.ch\" target=\"_blank\" data-cke-saved-href=\"http:\/\/www.schneider-electric.ch\" rel=\"noopener\">www.schneider-electric.ch<\/a><\/em><\/p>","protected":false},"excerpt":{"rendered":"<p>\u00abEs geht schon lange nicht mehr um die Frage, ob das Internet der Dinge (Internet of Things, IoT) Mehrwert schafft. Unternehmen m\u00fcssen heute die Weichen stellen, um die Chancen des IoT voll auszusch\u00f6pfen\u00bb, sagt Prith Banerjee, Chief Technology Officer bei Schneider Electric. Der Schneider Electric IoT 2020 Business Report dient daher als Leitfaden f\u00fcr die [&hellip;]<\/p>\n","protected":false},"author":1,"featured_media":514,"comment_status":"open","ping_status":"open","sticky":false,"template":"","format":"standard","meta":{"_acf_changed":false,"_yoast_wpseo_focuskw":"Internet der Dinge","_yoast_wpseo_metadesc":"Das Internet der Dinge wird eine neue Welle der digitalen Unternehmenstransformation ausl\u00f6sen.","articlekey":"","footnotes":""},"categories":[28],"tags":[334,335],"class_list":["post-513","post","type-post","status-publish","format-standard","has-post-thumbnail","hentry","category-management","tag-management","tag-management-und-unternehmensfuehrung"],"acf":[],"yoast_head":"<!-- This site is optimized with the Yoast SEO plugin v27.4 - https:\/\/yoast.com\/product\/yoast-seo-wordpress\/ -->\n<title>Internet der Dinge 2020: F\u00fcnf wichtige Erkenntnisse - Organisator<\/title>\n<meta name=\"description\" content=\"Das Internet der Dinge wird eine neue Welle der digitalen Unternehmenstransformation ausl\u00f6sen.\" \/>\n<meta name=\"robots\" content=\"index, follow, max-snippet:-1, max-image-preview:large, max-video-preview:-1\" \/>\n<link rel=\"canonical\" href=\"https:\/\/www.organisator.ch\/fr\/gestion-2\/2016-05-20\/internet-der-dinge-2020-fuenf-wichtige-erkenntnisse\/\" \/>\n<meta property=\"og:locale\" content=\"fr_FR\" \/>\n<meta property=\"og:type\" content=\"article\" \/>\n<meta property=\"og:title\" content=\"Internet der Dinge 2020: F\u00fcnf wichtige Erkenntnisse\" \/>\n<meta property=\"og:description\" content=\"Das Internet der Dinge wird eine neue Welle der digitalen Unternehmenstransformation ausl\u00f6sen. Zu diesem Schluss gelangt Schneider Electric im aktuellen IoT 2020 Business Report. Der Bericht basiert auf einer weltweiten Umfrage bei 2\u2018600 Entscheidungstr\u00e4gern. Er zeigt auf, wie grosse Organisationen bis zum Jahr 2020 Technologien des Internet der Dinge als effektive Unternehmenswerkzeuge nutzen.\" \/>\n<meta property=\"og:url\" content=\"https:\/\/www.organisator.ch\/fr\/gestion-2\/2016-05-20\/internet-der-dinge-2020-fuenf-wichtige-erkenntnisse\/\" \/>\n<meta property=\"og:site_name\" content=\"Organisator\" \/>\n<meta property=\"article:publisher\" content=\"https:\/\/www.facebook.com\/OrganisatorFachmagazin\" \/>\n<meta property=\"article:published_time\" content=\"2016-05-20T09:23:27+00:00\" \/>\n<meta name=\"author\" content=\"admin\" \/>\n<meta name=\"twitter:card\" content=\"summary_large_image\" \/>\n<meta name=\"twitter:image\" content=\"https:\/\/www.organisator.ch\/wp-content\/uploads\/2016\/12\/Internet-der-Dinge-2020-Fuenf-wichtige-Erkenntnisse-organisator.jpg\" \/>\n<script type=\"application\/ld+json\" class=\"yoast-schema-graph\">{\"@context\":\"https:\\\/\\\/schema.org\",\"@graph\":[{\"@type\":\"Article\",\"@id\":\"https:\\\/\\\/www.organisator.ch\\\/management\\\/2016-05-20\\\/internet-der-dinge-2020-fuenf-wichtige-erkenntnisse\\\/#article\",\"isPartOf\":{\"@id\":\"https:\\\/\\\/www.organisator.ch\\\/management\\\/2016-05-20\\\/internet-der-dinge-2020-fuenf-wichtige-erkenntnisse\\\/\"},\"author\":{\"name\":\"admin\",\"@id\":\"https:\\\/\\\/www.organisator.ch\\\/#\\\/schema\\\/person\\\/aa2bace6c5c5aad60102004a50c4eb1c\"},\"headline\":\"Internet der Dinge 2020: F\u00fcnf wichtige Erkenntnisse\",\"datePublished\":\"2016-05-20T09:23:27+00:00\",\"mainEntityOfPage\":{\"@id\":\"https:\\\/\\\/www.organisator.ch\\\/management\\\/2016-05-20\\\/internet-der-dinge-2020-fuenf-wichtige-erkenntnisse\\\/\"},\"wordCount\":929,\"commentCount\":0,\"publisher\":{\"@id\":\"https:\\\/\\\/www.organisator.ch\\\/#organization\"},\"image\":{\"@id\":\"https:\\\/\\\/www.organisator.ch\\\/management\\\/2016-05-20\\\/internet-der-dinge-2020-fuenf-wichtige-erkenntnisse\\\/#primaryimage\"},\"thumbnailUrl\":\"https:\\\/\\\/www.organisator.ch\\\/wp-content\\\/uploads\\\/2016\\\/12\\\/Internet-der-Dinge-2020-Fuenf-wichtige-Erkenntnisse-organisator.jpg\",\"keywords\":[\"Management\",\"Management und Unternehmensf\u00fchrung\"],\"articleSection\":[\"MANAGEMENT\"],\"inLanguage\":\"fr-FR\"},{\"@type\":\"WebPage\",\"@id\":\"https:\\\/\\\/www.organisator.ch\\\/management\\\/2016-05-20\\\/internet-der-dinge-2020-fuenf-wichtige-erkenntnisse\\\/\",\"url\":\"https:\\\/\\\/www.organisator.ch\\\/management\\\/2016-05-20\\\/internet-der-dinge-2020-fuenf-wichtige-erkenntnisse\\\/\",\"name\":\"Internet der Dinge 2020: F\u00fcnf wichtige Erkenntnisse - Organisator\",\"isPartOf\":{\"@id\":\"https:\\\/\\\/www.organisator.ch\\\/#website\"},\"primaryImageOfPage\":{\"@id\":\"https:\\\/\\\/www.organisator.ch\\\/management\\\/2016-05-20\\\/internet-der-dinge-2020-fuenf-wichtige-erkenntnisse\\\/#primaryimage\"},\"image\":{\"@id\":\"https:\\\/\\\/www.organisator.ch\\\/management\\\/2016-05-20\\\/internet-der-dinge-2020-fuenf-wichtige-erkenntnisse\\\/#primaryimage\"},\"thumbnailUrl\":\"https:\\\/\\\/www.organisator.ch\\\/wp-content\\\/uploads\\\/2016\\\/12\\\/Internet-der-Dinge-2020-Fuenf-wichtige-Erkenntnisse-organisator.jpg\",\"datePublished\":\"2016-05-20T09:23:27+00:00\",\"description\":\"Das Internet der Dinge wird eine neue Welle der digitalen Unternehmenstransformation ausl\u00f6sen.\",\"breadcrumb\":{\"@id\":\"https:\\\/\\\/www.organisator.ch\\\/management\\\/2016-05-20\\\/internet-der-dinge-2020-fuenf-wichtige-erkenntnisse\\\/#breadcrumb\"},\"inLanguage\":\"fr-FR\",\"potentialAction\":[{\"@type\":\"ReadAction\",\"target\":[\"https:\\\/\\\/www.organisator.ch\\\/management\\\/2016-05-20\\\/internet-der-dinge-2020-fuenf-wichtige-erkenntnisse\\\/\"]}]},{\"@type\":\"ImageObject\",\"inLanguage\":\"fr-FR\",\"@id\":\"https:\\\/\\\/www.organisator.ch\\\/management\\\/2016-05-20\\\/internet-der-dinge-2020-fuenf-wichtige-erkenntnisse\\\/#primaryimage\",\"url\":\"https:\\\/\\\/www.organisator.ch\\\/wp-content\\\/uploads\\\/2016\\\/12\\\/Internet-der-Dinge-2020-Fuenf-wichtige-Erkenntnisse-organisator.jpg\",\"contentUrl\":\"https:\\\/\\\/www.organisator.ch\\\/wp-content\\\/uploads\\\/2016\\\/12\\\/Internet-der-Dinge-2020-Fuenf-wichtige-Erkenntnisse-organisator.jpg\",\"width\":480,\"height\":480,\"caption\":\"Internet der Dinge: Unternehmen m\u00fcssen jetzt die Weichen stellen. (Bild: Fotolia.com)\"},{\"@type\":\"BreadcrumbList\",\"@id\":\"https:\\\/\\\/www.organisator.ch\\\/management\\\/2016-05-20\\\/internet-der-dinge-2020-fuenf-wichtige-erkenntnisse\\\/#breadcrumb\",\"itemListElement\":[{\"@type\":\"ListItem\",\"position\":1,\"name\":\"Home\",\"item\":\"https:\\\/\\\/www.organisator.ch\\\/\"},{\"@type\":\"ListItem\",\"position\":2,\"name\":\"Internet der Dinge 2020: F\u00fcnf wichtige Erkenntnisse\"}]},{\"@type\":\"WebSite\",\"@id\":\"https:\\\/\\\/www.organisator.ch\\\/#website\",\"url\":\"https:\\\/\\\/www.organisator.ch\\\/\",\"name\":\"Organisator\",\"description\":\"Kompetent. Praxisnah. Der ORGANISATOR bereitet in 10 Ausgaben pro Jahr die wesentlichen Themen f\u00fcr F\u00fchrungskr\u00e4fte von KMU auf.\",\"publisher\":{\"@id\":\"https:\\\/\\\/www.organisator.ch\\\/#organization\"},\"potentialAction\":[{\"@type\":\"SearchAction\",\"target\":{\"@type\":\"EntryPoint\",\"urlTemplate\":\"https:\\\/\\\/www.organisator.ch\\\/?s={search_term_string}\"},\"query-input\":{\"@type\":\"PropertyValueSpecification\",\"valueRequired\":true,\"valueName\":\"search_term_string\"}}],\"inLanguage\":\"fr-FR\"},{\"@type\":\"Organization\",\"@id\":\"https:\\\/\\\/www.organisator.ch\\\/#organization\",\"name\":\"Organisator\",\"url\":\"https:\\\/\\\/www.organisator.ch\\\/\",\"logo\":{\"@type\":\"ImageObject\",\"inLanguage\":\"fr-FR\",\"@id\":\"https:\\\/\\\/www.organisator.ch\\\/#\\\/schema\\\/logo\\\/image\\\/\",\"url\":\"https:\\\/\\\/www.organisator.ch\\\/wp-content\\\/uploads\\\/2022\\\/01\\\/Logo_Organisator_Website.png\",\"contentUrl\":\"https:\\\/\\\/www.organisator.ch\\\/wp-content\\\/uploads\\\/2022\\\/01\\\/Logo_Organisator_Website.png\",\"width\":800,\"height\":77,\"caption\":\"Organisator\"},\"image\":{\"@id\":\"https:\\\/\\\/www.organisator.ch\\\/#\\\/schema\\\/logo\\\/image\\\/\"},\"sameAs\":[\"https:\\\/\\\/www.facebook.com\\\/OrganisatorFachmagazin\",\"https:\\\/\\\/www.linkedin.com\\\/showcase\\\/organisator-das-magazin-fr-kmu\",\"https:\\\/\\\/www.xing.com\\\/news\\\/pages\\\/organisator-ch-695\",\"https:\\\/\\\/www.youtube.com\\\/channel\\\/UCGP2Sq0iWaZwT3BdIAQFYpw\"]},{\"@type\":\"Person\",\"@id\":\"https:\\\/\\\/www.organisator.ch\\\/#\\\/schema\\\/person\\\/aa2bace6c5c5aad60102004a50c4eb1c\",\"name\":\"admin\",\"image\":{\"@type\":\"ImageObject\",\"inLanguage\":\"fr-FR\",\"@id\":\"https:\\\/\\\/secure.gravatar.com\\\/avatar\\\/ae2f4d718e6c49043e314ce431e7e645d646302a24a5ef5a8bc8e3f5a032e319?s=96&d=mm&r=g\",\"url\":\"https:\\\/\\\/secure.gravatar.com\\\/avatar\\\/ae2f4d718e6c49043e314ce431e7e645d646302a24a5ef5a8bc8e3f5a032e319?s=96&d=mm&r=g\",\"contentUrl\":\"https:\\\/\\\/secure.gravatar.com\\\/avatar\\\/ae2f4d718e6c49043e314ce431e7e645d646302a24a5ef5a8bc8e3f5a032e319?s=96&d=mm&r=g\",\"caption\":\"admin\"},\"sameAs\":[\"https:\\\/\\\/www.organisator.ch\"],\"url\":\"https:\\\/\\\/www.organisator.ch\\\/fr\\\/author\\\/admin\\\/\"}]}<\/script>\n<!-- \/ Yoast SEO plugin. -->","yoast_head_json":{"title":"L'Internet des objets en 2020 : cinq conclusions importantes - Organisateur","description":"L'Internet des objets va d\u00e9clencher une nouvelle vague de transformation num\u00e9rique des entreprises.","robots":{"index":"index","follow":"follow","max-snippet":"max-snippet:-1","max-image-preview":"max-image-preview:large","max-video-preview":"max-video-preview:-1"},"canonical":"https:\/\/www.organisator.ch\/fr\/gestion-2\/2016-05-20\/internet-der-dinge-2020-fuenf-wichtige-erkenntnisse\/","og_locale":"fr_FR","og_type":"article","og_title":"Internet der Dinge 2020: F\u00fcnf wichtige Erkenntnisse","og_description":"Das Internet der Dinge wird eine neue Welle der digitalen Unternehmenstransformation ausl\u00f6sen. Zu diesem Schluss gelangt Schneider Electric im aktuellen IoT 2020 Business Report. Der Bericht basiert auf einer weltweiten Umfrage bei 2\u2018600 Entscheidungstr\u00e4gern. Er zeigt auf, wie grosse Organisationen bis zum Jahr 2020 Technologien des Internet der Dinge als effektive Unternehmenswerkzeuge nutzen.","og_url":"https:\/\/www.organisator.ch\/fr\/gestion-2\/2016-05-20\/internet-der-dinge-2020-fuenf-wichtige-erkenntnisse\/","og_site_name":"Organisator","article_publisher":"https:\/\/www.facebook.com\/OrganisatorFachmagazin","article_published_time":"2016-05-20T09:23:27+00:00","author":"admin","twitter_card":"summary_large_image","twitter_image":"https:\/\/www.organisator.ch\/wp-content\/uploads\/2016\/12\/Internet-der-Dinge-2020-Fuenf-wichtige-Erkenntnisse-organisator.jpg","schema":{"@context":"https:\/\/schema.org","@graph":[{"@type":"Article","@id":"https:\/\/www.organisator.ch\/management\/2016-05-20\/internet-der-dinge-2020-fuenf-wichtige-erkenntnisse\/#article","isPartOf":{"@id":"https:\/\/www.organisator.ch\/management\/2016-05-20\/internet-der-dinge-2020-fuenf-wichtige-erkenntnisse\/"},"author":{"name":"admin","@id":"https:\/\/www.organisator.ch\/#\/schema\/person\/aa2bace6c5c5aad60102004a50c4eb1c"},"headline":"Internet der Dinge 2020: F\u00fcnf wichtige Erkenntnisse","datePublished":"2016-05-20T09:23:27+00:00","mainEntityOfPage":{"@id":"https:\/\/www.organisator.ch\/management\/2016-05-20\/internet-der-dinge-2020-fuenf-wichtige-erkenntnisse\/"},"wordCount":929,"commentCount":0,"publisher":{"@id":"https:\/\/www.organisator.ch\/#organization"},"image":{"@id":"https:\/\/www.organisator.ch\/management\/2016-05-20\/internet-der-dinge-2020-fuenf-wichtige-erkenntnisse\/#primaryimage"},"thumbnailUrl":"https:\/\/www.organisator.ch\/wp-content\/uploads\/2016\/12\/Internet-der-Dinge-2020-Fuenf-wichtige-Erkenntnisse-organisator.jpg","keywords":["Management","Management und Unternehmensf\u00fchrung"],"articleSection":["MANAGEMENT"],"inLanguage":"fr-FR"},{"@type":"WebPage","@id":"https:\/\/www.organisator.ch\/management\/2016-05-20\/internet-der-dinge-2020-fuenf-wichtige-erkenntnisse\/","url":"https:\/\/www.organisator.ch\/management\/2016-05-20\/internet-der-dinge-2020-fuenf-wichtige-erkenntnisse\/","name":"L'Internet des objets en 2020 : cinq conclusions importantes - Organisateur","isPartOf":{"@id":"https:\/\/www.organisator.ch\/#website"},"primaryImageOfPage":{"@id":"https:\/\/www.organisator.ch\/management\/2016-05-20\/internet-der-dinge-2020-fuenf-wichtige-erkenntnisse\/#primaryimage"},"image":{"@id":"https:\/\/www.organisator.ch\/management\/2016-05-20\/internet-der-dinge-2020-fuenf-wichtige-erkenntnisse\/#primaryimage"},"thumbnailUrl":"https:\/\/www.organisator.ch\/wp-content\/uploads\/2016\/12\/Internet-der-Dinge-2020-Fuenf-wichtige-Erkenntnisse-organisator.jpg","datePublished":"2016-05-20T09:23:27+00:00","description":"L'Internet des objets va d\u00e9clencher une nouvelle vague de transformation num\u00e9rique des entreprises.","breadcrumb":{"@id":"https:\/\/www.organisator.ch\/management\/2016-05-20\/internet-der-dinge-2020-fuenf-wichtige-erkenntnisse\/#breadcrumb"},"inLanguage":"fr-FR","potentialAction":[{"@type":"ReadAction","target":["https:\/\/www.organisator.ch\/management\/2016-05-20\/internet-der-dinge-2020-fuenf-wichtige-erkenntnisse\/"]}]},{"@type":"ImageObject","inLanguage":"fr-FR","@id":"https:\/\/www.organisator.ch\/management\/2016-05-20\/internet-der-dinge-2020-fuenf-wichtige-erkenntnisse\/#primaryimage","url":"https:\/\/www.organisator.ch\/wp-content\/uploads\/2016\/12\/Internet-der-Dinge-2020-Fuenf-wichtige-Erkenntnisse-organisator.jpg","contentUrl":"https:\/\/www.organisator.ch\/wp-content\/uploads\/2016\/12\/Internet-der-Dinge-2020-Fuenf-wichtige-Erkenntnisse-organisator.jpg","width":480,"height":480,"caption":"Internet der Dinge: Unternehmen m\u00fcssen jetzt die Weichen stellen. (Bild: Fotolia.com)"},{"@type":"BreadcrumbList","@id":"https:\/\/www.organisator.ch\/management\/2016-05-20\/internet-der-dinge-2020-fuenf-wichtige-erkenntnisse\/#breadcrumb","itemListElement":[{"@type":"ListItem","position":1,"name":"Home","item":"https:\/\/www.organisator.ch\/"},{"@type":"ListItem","position":2,"name":"Internet der Dinge 2020: F\u00fcnf wichtige Erkenntnisse"}]},{"@type":"WebSite","@id":"https:\/\/www.organisator.ch\/#website","url":"https:\/\/www.organisator.ch\/","name":"Organisateur","description":"Comp\u00e9tence et comp\u00e9tence. Proches de la pratique. L'ORGANISATEUR pr\u00e9pare 10 num\u00e9ros par an sur les th\u00e8mes essentiels pour les dirigeants de PME.","publisher":{"@id":"https:\/\/www.organisator.ch\/#organization"},"potentialAction":[{"@type":"SearchAction","target":{"@type":"EntryPoint","urlTemplate":"https:\/\/www.organisator.ch\/?s={search_term_string}"},"query-input":{"@type":"PropertyValueSpecification","valueRequired":true,"valueName":"search_term_string"}}],"inLanguage":"fr-FR"},{"@type":"Organization","@id":"https:\/\/www.organisator.ch\/#organization","name":"Organisateur","url":"https:\/\/www.organisator.ch\/","logo":{"@type":"ImageObject","inLanguage":"fr-FR","@id":"https:\/\/www.organisator.ch\/#\/schema\/logo\/image\/","url":"https:\/\/www.organisator.ch\/wp-content\/uploads\/2022\/01\/Logo_Organisator_Website.png","contentUrl":"https:\/\/www.organisator.ch\/wp-content\/uploads\/2022\/01\/Logo_Organisator_Website.png","width":800,"height":77,"caption":"Organisator"},"image":{"@id":"https:\/\/www.organisator.ch\/#\/schema\/logo\/image\/"},"sameAs":["https:\/\/www.facebook.com\/OrganisatorFachmagazin","https:\/\/www.linkedin.com\/showcase\/organisator-das-magazin-fr-kmu","https:\/\/www.xing.com\/news\/pages\/organisator-ch-695","https:\/\/www.youtube.com\/channel\/UCGP2Sq0iWaZwT3BdIAQFYpw"]},{"@type":"Person","@id":"https:\/\/www.organisator.ch\/#\/schema\/person\/aa2bace6c5c5aad60102004a50c4eb1c","name":"admin","image":{"@type":"ImageObject","inLanguage":"fr-FR","@id":"https:\/\/secure.gravatar.com\/avatar\/ae2f4d718e6c49043e314ce431e7e645d646302a24a5ef5a8bc8e3f5a032e319?s=96&d=mm&r=g","url":"https:\/\/secure.gravatar.com\/avatar\/ae2f4d718e6c49043e314ce431e7e645d646302a24a5ef5a8bc8e3f5a032e319?s=96&d=mm&r=g","contentUrl":"https:\/\/secure.gravatar.com\/avatar\/ae2f4d718e6c49043e314ce431e7e645d646302a24a5ef5a8bc8e3f5a032e319?s=96&d=mm&r=g","caption":"admin"},"sameAs":["https:\/\/www.organisator.ch"],"url":"https:\/\/www.organisator.ch\/fr\/author\/admin\/"}]}},"_links":{"self":[{"href":"https:\/\/www.organisator.ch\/fr\/wp-json\/wp\/v2\/posts\/513","targetHints":{"allow":["GET"]}}],"collection":[{"href":"https:\/\/www.organisator.ch\/fr\/wp-json\/wp\/v2\/posts"}],"about":[{"href":"https:\/\/www.organisator.ch\/fr\/wp-json\/wp\/v2\/types\/post"}],"author":[{"embeddable":true,"href":"https:\/\/www.organisator.ch\/fr\/wp-json\/wp\/v2\/users\/1"}],"replies":[{"embeddable":true,"href":"https:\/\/www.organisator.ch\/fr\/wp-json\/wp\/v2\/comments?post=513"}],"version-history":[{"count":0,"href":"https:\/\/www.organisator.ch\/fr\/wp-json\/wp\/v2\/posts\/513\/revisions"}],"wp:featuredmedia":[{"embeddable":true,"href":"https:\/\/www.organisator.ch\/fr\/wp-json\/wp\/v2\/media\/514"}],"wp:attachment":[{"href":"https:\/\/www.organisator.ch\/fr\/wp-json\/wp\/v2\/media?parent=513"}],"wp:term":[{"taxonomy":"category","embeddable":true,"href":"https:\/\/www.organisator.ch\/fr\/wp-json\/wp\/v2\/categories?post=513"},{"taxonomy":"post_tag","embeddable":true,"href":"https:\/\/www.organisator.ch\/fr\/wp-json\/wp\/v2\/tags?post=513"}],"curies":[{"name":"wp","href":"https:\/\/api.w.org\/{rel}","templated":true}]}}