{"id":5133,"date":"2019-04-15T08:28:43","date_gmt":"2019-04-15T06:28:43","guid":{"rendered":"https:\/\/www.organisator.ch\/?p=5133"},"modified":"2019-04-15T08:28:43","modified_gmt":"2019-04-15T06:28:43","slug":"awk-group-mit-dem-prix-balance-dencouragement-ausgezeichnet","status":"publish","type":"post","link":"https:\/\/www.organisator.ch\/fr\/management\/2019-04-15\/awk-group-mit-dem-prix-balance-dencouragement-ausgezeichnet\/","title":{"rendered":"AWK Group r\u00e9compens\u00e9 par le Prix Balance d'encouragement"},"content":{"rendered":"<figure id=\"attachment_5146\" aria-describedby=\"caption-attachment-5146\" style=\"width: 680px\" class=\"wp-caption alignnone\"><img loading=\"lazy\" decoding=\"async\" class=\"size-medium wp-image-5146\" src=\"https:\/\/www.organisator.ch\/wp-content\/uploads\/2019\/04\/AWK-Group-mit-dem-Prix-Balance-dencouragement-ausgezeichnet_Organisator.jpg\" alt=\"\" width=\"680\" height=\"231\" srcset=\"https:\/\/www.organisator.ch\/wp-content\/uploads\/2019\/04\/AWK-Group-mit-dem-Prix-Balance-dencouragement-ausgezeichnet_Organisator.jpg 680w, https:\/\/www.organisator.ch\/wp-content\/uploads\/2019\/04\/AWK-Group-mit-dem-Prix-Balance-dencouragement-ausgezeichnet_Organisator-16x5.jpg 16w, https:\/\/www.organisator.ch\/wp-content\/uploads\/2019\/04\/AWK-Group-mit-dem-Prix-Balance-dencouragement-ausgezeichnet_Organisator-375x127.jpg 375w, https:\/\/www.organisator.ch\/wp-content\/uploads\/2019\/04\/AWK-Group-mit-dem-Prix-Balance-dencouragement-ausgezeichnet_Organisator-300x102.jpg 300w\" sizes=\"auto, (max-width: 680px) 100vw, 680px\" \/><figcaption id=\"caption-attachment-5146\" class=\"wp-caption-text\">Le groupe AWK est l'une des sept entreprises \u00e0 avoir re\u00e7u le Prix Balance d'encouragement cette ann\u00e9e.<\/figcaption><\/figure>\n<p>Le certificat de reconnaissance obtenu reconna\u00eet des conditions progressistes favorisant la conciliation. Il s'agit notamment de bonnes pratiques telles que la diversit\u00e9, des mod\u00e8les de travail flexibles pour les hommes et les femmes et une culture de la conciliation qui donne des signes clairs d'un environnement de travail tourn\u00e9 vers l'avenir et d'un investissement durable dans les collaborateurs. Avec un indice de conciliation de 79%, AWK fait globalement 7% de mieux que la moyenne des entreprises participant au Prix BalanceZH et d\u00e9passe la moyenne des r\u00e9sultats de ses concurrents sur 15 des 17 points de l'\u00e9tude.<\/p>\n<p>Pour AWK, la reconnaissance en tant qu'employeur li\u00e9e \u00e0 la certification est une confirmation importante de la voie emprunt\u00e9e et en m\u00eame temps une grande motivation pour continuer \u00e0 exploiter de mani\u00e8re responsable le potentiel d'optimisation existant. La volont\u00e9 d'offrir aux collaborateurs d'AWK une culture d'entreprise valorisante, de vivre activement l'\u00e9galit\u00e9 des chances et de promouvoir de mani\u00e8re cibl\u00e9e l'\u00e9quilibre entre les int\u00e9r\u00eats priv\u00e9s et les exigences professionnelles est toujours au premier plan.<\/p>\n<p>\"Nous sommes ravis. Cette distinction refl\u00e8te l'estime que nous portons \u00e0 nos collaborateurs et montre clairement que notre engagement permanent en faveur de conditions de travail optimales est bien per\u00e7u. En m\u00eame temps, notre certification renforce la perception ext\u00e9rieure d'AWK en tant qu'employeur attractif\", commente Sandra Crouse, responsable des ressources humaines du groupe AWK.<\/p>\n<p>Le Prix BalanceZH est une certification pour les employeurs qui offrent des conditions exceptionnelles pour la conciliation de la vie professionnelle et de la vie priv\u00e9e. Depuis 2011, le Bureau de l'\u00e9galit\u00e9 r\u00e9compense les employeurs du canton de Zurich en leur d\u00e9cernant le Prix BalanceZH. Cette fois-ci, Great Place to Work \u00e9tait pr\u00e9sent en tant que partenaire ind\u00e9pendant et responsable de la m\u00e9thodologie, de la r\u00e9alisation et de l'\u00e9valuation du prix. Cette ann\u00e9e, sept entreprises au total ont re\u00e7u le Prix Balance d'encouragement pour leur engagement courageux.<\/p>\n<p><em>Source :\u00a0<a href=\"http:\/\/www.awk.ch\">www.awk.ch<\/a><\/em><\/p>","protected":false},"excerpt":{"rendered":"<p>Das erhaltene Anerkennungszertifikat w\u00fcrdigt fortschrittliche, die Vereinbarkeit f\u00f6rdernde Bedingungen. Dazu geh\u00f6ren Best Practices wie Diversity, flexible Arbeitszeitmodelle f\u00fcr Mann und Frau und eine Vereinbarkeitskultur, die klare Zeichen setzt f\u00fcr ein zukunftsbewusstes Arbeitsumfeld und eine nachhaltige Investition in die Mitarbeitenden. Mit einem Vereinbarkeitsindex von 79% schneidet AWK gesamthaft 7% besser ab als der Durchschnitt der am [&hellip;]<\/p>\n","protected":false},"author":4,"featured_media":5146,"comment_status":"open","ping_status":"open","sticky":false,"template":"","format":"standard","meta":{"_acf_changed":false,"_yoast_wpseo_focuskw":"Prix Balance d\u2019encouragement","_yoast_wpseo_metadesc":"Die AWK Group ist eines von sieben Unternehmen, das dieses Jahr mit dem Prix Balance d\u2019encouragement ausgezeichnet wurde.","articlekey":"","footnotes":""},"categories":[28],"tags":[66,335,492,496],"class_list":["post-5133","post","type-post","status-publish","format-standard","has-post-thumbnail","hentry","category-management","tag-awards","tag-management-und-unternehmensfuehrung","tag-unternehmen","tag-unternehmensfuehrung"],"acf":[],"yoast_head":"<!-- This site is optimized with the Yoast SEO plugin v27.5 - https:\/\/yoast.com\/product\/yoast-seo-wordpress\/ -->\n<title>AWK Group mit dem Prix Balance d\u2019encouragement ausgezeichnet - Organisator<\/title>\n<meta name=\"description\" content=\"Die AWK Group ist eines von sieben Unternehmen, das dieses Jahr mit dem Prix Balance d\u2019encouragement ausgezeichnet wurde.\" \/>\n<meta name=\"robots\" content=\"index, follow, max-snippet:-1, max-image-preview:large, max-video-preview:-1\" \/>\n<link rel=\"canonical\" href=\"https:\/\/www.organisator.ch\/fr\/gestion-2\/2019-04-15\/awk-group-mit-dem-prix-balance-dencouragement-ausgezeichnet\/\" \/>\n<meta property=\"og:locale\" content=\"fr_FR\" \/>\n<meta property=\"og:type\" content=\"article\" \/>\n<meta property=\"og:title\" content=\"AWK Group mit dem Prix Balance d\u2019encouragement ausgezeichnet\" \/>\n<meta property=\"og:description\" content=\"Die AWK Group ist eines von sieben Unternehmen, das dieses Jahr mit dem Prix Balance d\u2019encouragement ausgezeichnet wurde.\" \/>\n<meta property=\"og:url\" content=\"https:\/\/www.organisator.ch\/fr\/gestion-2\/2019-04-15\/awk-group-mit-dem-prix-balance-dencouragement-ausgezeichnet\/\" \/>\n<meta property=\"og:site_name\" content=\"Organisator\" \/>\n<meta property=\"article:publisher\" content=\"https:\/\/www.facebook.com\/OrganisatorFachmagazin\" \/>\n<meta property=\"article:published_time\" content=\"2019-04-15T06:28:43+00:00\" \/>\n<meta property=\"og:image\" content=\"https:\/\/www.organisator.ch\/wp-content\/uploads\/2019\/04\/AWK-Group-mit-dem-Prix-Balance-dencouragement-ausgezeichnet_Organisator.jpg\" \/>\n\t<meta property=\"og:image:width\" content=\"680\" \/>\n\t<meta property=\"og:image:height\" content=\"231\" \/>\n\t<meta property=\"og:image:type\" content=\"image\/jpeg\" \/>\n<meta name=\"author\" content=\"thomas.berner\" \/>\n<meta name=\"twitter:card\" content=\"summary_large_image\" \/>\n<meta name=\"twitter:title\" content=\"#AWK Group mit dem Prix Balance d\u2019encouragement ausgezeichnet\" \/>\n<meta name=\"twitter:description\" content=\"Die #AWK Group ist eines von sieben Unternehmen, das dieses Jahr mit dem Prix Balance d\u2019encouragement ausgezeichnet wurde.\" \/>\n<meta name=\"twitter:image\" content=\"https:\/\/www.organisator.ch\/wp-content\/uploads\/2019\/04\/AWK-Group-mit-dem-Prix-Balance-dencouragement-ausgezeichnet_Organisator.jpg\" \/>\n<script type=\"application\/ld+json\" class=\"yoast-schema-graph\">{\"@context\":\"https:\\\/\\\/schema.org\",\"@graph\":[{\"@type\":\"Article\",\"@id\":\"https:\\\/\\\/www.organisator.ch\\\/management\\\/2019-04-15\\\/awk-group-mit-dem-prix-balance-dencouragement-ausgezeichnet\\\/#article\",\"isPartOf\":{\"@id\":\"https:\\\/\\\/www.organisator.ch\\\/management\\\/2019-04-15\\\/awk-group-mit-dem-prix-balance-dencouragement-ausgezeichnet\\\/\"},\"author\":{\"name\":\"thomas.berner\",\"@id\":\"https:\\\/\\\/www.organisator.ch\\\/#\\\/schema\\\/person\\\/6f650f90b2842cd4c0cc334b4e36f67e\"},\"headline\":\"AWK Group mit dem Prix Balance d\u2019encouragement ausgezeichnet\",\"datePublished\":\"2019-04-15T06:28:43+00:00\",\"mainEntityOfPage\":{\"@id\":\"https:\\\/\\\/www.organisator.ch\\\/management\\\/2019-04-15\\\/awk-group-mit-dem-prix-balance-dencouragement-ausgezeichnet\\\/\"},\"wordCount\":298,\"commentCount\":0,\"publisher\":{\"@id\":\"https:\\\/\\\/www.organisator.ch\\\/#organization\"},\"image\":{\"@id\":\"https:\\\/\\\/www.organisator.ch\\\/management\\\/2019-04-15\\\/awk-group-mit-dem-prix-balance-dencouragement-ausgezeichnet\\\/#primaryimage\"},\"thumbnailUrl\":\"https:\\\/\\\/www.organisator.ch\\\/wp-content\\\/uploads\\\/2019\\\/04\\\/AWK-Group-mit-dem-Prix-Balance-dencouragement-ausgezeichnet_Organisator.jpg\",\"keywords\":[\"Awards\",\"Management und Unternehmensf\u00fchrung\",\"Unternehmen\",\"Unternehmensf\u00fchrung\"],\"articleSection\":[\"MANAGEMENT\"],\"inLanguage\":\"fr-FR\"},{\"@type\":\"WebPage\",\"@id\":\"https:\\\/\\\/www.organisator.ch\\\/management\\\/2019-04-15\\\/awk-group-mit-dem-prix-balance-dencouragement-ausgezeichnet\\\/\",\"url\":\"https:\\\/\\\/www.organisator.ch\\\/management\\\/2019-04-15\\\/awk-group-mit-dem-prix-balance-dencouragement-ausgezeichnet\\\/\",\"name\":\"AWK Group mit dem Prix Balance d\u2019encouragement ausgezeichnet - Organisator\",\"isPartOf\":{\"@id\":\"https:\\\/\\\/www.organisator.ch\\\/#website\"},\"primaryImageOfPage\":{\"@id\":\"https:\\\/\\\/www.organisator.ch\\\/management\\\/2019-04-15\\\/awk-group-mit-dem-prix-balance-dencouragement-ausgezeichnet\\\/#primaryimage\"},\"image\":{\"@id\":\"https:\\\/\\\/www.organisator.ch\\\/management\\\/2019-04-15\\\/awk-group-mit-dem-prix-balance-dencouragement-ausgezeichnet\\\/#primaryimage\"},\"thumbnailUrl\":\"https:\\\/\\\/www.organisator.ch\\\/wp-content\\\/uploads\\\/2019\\\/04\\\/AWK-Group-mit-dem-Prix-Balance-dencouragement-ausgezeichnet_Organisator.jpg\",\"datePublished\":\"2019-04-15T06:28:43+00:00\",\"description\":\"Die AWK Group ist eines von sieben Unternehmen, das dieses Jahr mit dem Prix Balance d\u2019encouragement ausgezeichnet wurde.\",\"breadcrumb\":{\"@id\":\"https:\\\/\\\/www.organisator.ch\\\/management\\\/2019-04-15\\\/awk-group-mit-dem-prix-balance-dencouragement-ausgezeichnet\\\/#breadcrumb\"},\"inLanguage\":\"fr-FR\",\"potentialAction\":[{\"@type\":\"ReadAction\",\"target\":[\"https:\\\/\\\/www.organisator.ch\\\/management\\\/2019-04-15\\\/awk-group-mit-dem-prix-balance-dencouragement-ausgezeichnet\\\/\"]}]},{\"@type\":\"ImageObject\",\"inLanguage\":\"fr-FR\",\"@id\":\"https:\\\/\\\/www.organisator.ch\\\/management\\\/2019-04-15\\\/awk-group-mit-dem-prix-balance-dencouragement-ausgezeichnet\\\/#primaryimage\",\"url\":\"https:\\\/\\\/www.organisator.ch\\\/wp-content\\\/uploads\\\/2019\\\/04\\\/AWK-Group-mit-dem-Prix-Balance-dencouragement-ausgezeichnet_Organisator.jpg\",\"contentUrl\":\"https:\\\/\\\/www.organisator.ch\\\/wp-content\\\/uploads\\\/2019\\\/04\\\/AWK-Group-mit-dem-Prix-Balance-dencouragement-ausgezeichnet_Organisator.jpg\",\"width\":680,\"height\":231,\"caption\":\"Die AWK Group ist eines von sieben Unternehmen, das dieses Jahr mit dem Prix Balance d'encouragement ausgezeichnet wurde.\"},{\"@type\":\"BreadcrumbList\",\"@id\":\"https:\\\/\\\/www.organisator.ch\\\/management\\\/2019-04-15\\\/awk-group-mit-dem-prix-balance-dencouragement-ausgezeichnet\\\/#breadcrumb\",\"itemListElement\":[{\"@type\":\"ListItem\",\"position\":1,\"name\":\"Home\",\"item\":\"https:\\\/\\\/www.organisator.ch\\\/\"},{\"@type\":\"ListItem\",\"position\":2,\"name\":\"AWK Group mit dem Prix Balance d\u2019encouragement ausgezeichnet\"}]},{\"@type\":\"WebSite\",\"@id\":\"https:\\\/\\\/www.organisator.ch\\\/#website\",\"url\":\"https:\\\/\\\/www.organisator.ch\\\/\",\"name\":\"Organisator\",\"description\":\"Kompetent. Praxisnah. Der ORGANISATOR bereitet in 10 Ausgaben pro Jahr die wesentlichen Themen f\u00fcr F\u00fchrungskr\u00e4fte von KMU auf.\",\"publisher\":{\"@id\":\"https:\\\/\\\/www.organisator.ch\\\/#organization\"},\"potentialAction\":[{\"@type\":\"SearchAction\",\"target\":{\"@type\":\"EntryPoint\",\"urlTemplate\":\"https:\\\/\\\/www.organisator.ch\\\/?s={search_term_string}\"},\"query-input\":{\"@type\":\"PropertyValueSpecification\",\"valueRequired\":true,\"valueName\":\"search_term_string\"}}],\"inLanguage\":\"fr-FR\"},{\"@type\":\"Organization\",\"@id\":\"https:\\\/\\\/www.organisator.ch\\\/#organization\",\"name\":\"Organisator\",\"url\":\"https:\\\/\\\/www.organisator.ch\\\/\",\"logo\":{\"@type\":\"ImageObject\",\"inLanguage\":\"fr-FR\",\"@id\":\"https:\\\/\\\/www.organisator.ch\\\/#\\\/schema\\\/logo\\\/image\\\/\",\"url\":\"https:\\\/\\\/www.organisator.ch\\\/wp-content\\\/uploads\\\/2022\\\/01\\\/Logo_Organisator_Website.png\",\"contentUrl\":\"https:\\\/\\\/www.organisator.ch\\\/wp-content\\\/uploads\\\/2022\\\/01\\\/Logo_Organisator_Website.png\",\"width\":800,\"height\":77,\"caption\":\"Organisator\"},\"image\":{\"@id\":\"https:\\\/\\\/www.organisator.ch\\\/#\\\/schema\\\/logo\\\/image\\\/\"},\"sameAs\":[\"https:\\\/\\\/www.facebook.com\\\/OrganisatorFachmagazin\",\"https:\\\/\\\/www.linkedin.com\\\/showcase\\\/organisator-das-magazin-fr-kmu\",\"https:\\\/\\\/www.xing.com\\\/news\\\/pages\\\/organisator-ch-695\",\"https:\\\/\\\/www.youtube.com\\\/channel\\\/UCGP2Sq0iWaZwT3BdIAQFYpw\"]},{\"@type\":\"Person\",\"@id\":\"https:\\\/\\\/www.organisator.ch\\\/#\\\/schema\\\/person\\\/6f650f90b2842cd4c0cc334b4e36f67e\",\"name\":\"thomas.berner\",\"image\":{\"@type\":\"ImageObject\",\"inLanguage\":\"fr-FR\",\"@id\":\"https:\\\/\\\/secure.gravatar.com\\\/avatar\\\/ac5001d2a36cb6c6cd3e50789007ffca834b477b74a2144564522e944eabff61?s=96&d=mm&r=g\",\"url\":\"https:\\\/\\\/secure.gravatar.com\\\/avatar\\\/ac5001d2a36cb6c6cd3e50789007ffca834b477b74a2144564522e944eabff61?s=96&d=mm&r=g\",\"contentUrl\":\"https:\\\/\\\/secure.gravatar.com\\\/avatar\\\/ac5001d2a36cb6c6cd3e50789007ffca834b477b74a2144564522e944eabff61?s=96&d=mm&r=g\",\"caption\":\"thomas.berner\"},\"url\":\"https:\\\/\\\/www.organisator.ch\\\/fr\\\/author\\\/thomas-berner\\\/\"}]}<\/script>\n<!-- \/ Yoast SEO plugin. -->","yoast_head_json":{"title":"AWK Group r\u00e9compens\u00e9 par le Prix Balance d'encouragement - Organisateur","description":"Le groupe AWK est l'une des sept entreprises \u00e0 avoir re\u00e7u le Prix Balance d'encouragement cette ann\u00e9e.","robots":{"index":"index","follow":"follow","max-snippet":"max-snippet:-1","max-image-preview":"max-image-preview:large","max-video-preview":"max-video-preview:-1"},"canonical":"https:\/\/www.organisator.ch\/fr\/gestion-2\/2019-04-15\/awk-group-mit-dem-prix-balance-dencouragement-ausgezeichnet\/","og_locale":"fr_FR","og_type":"article","og_title":"AWK Group mit dem Prix Balance d\u2019encouragement ausgezeichnet","og_description":"Die AWK Group ist eines von sieben Unternehmen, das dieses Jahr mit dem Prix Balance d\u2019encouragement ausgezeichnet wurde.","og_url":"https:\/\/www.organisator.ch\/fr\/gestion-2\/2019-04-15\/awk-group-mit-dem-prix-balance-dencouragement-ausgezeichnet\/","og_site_name":"Organisator","article_publisher":"https:\/\/www.facebook.com\/OrganisatorFachmagazin","article_published_time":"2019-04-15T06:28:43+00:00","og_image":[{"width":680,"height":231,"url":"https:\/\/www.organisator.ch\/wp-content\/uploads\/2019\/04\/AWK-Group-mit-dem-Prix-Balance-dencouragement-ausgezeichnet_Organisator.jpg","type":"image\/jpeg"}],"author":"thomas.berner","twitter_card":"summary_large_image","twitter_title":"#AWK Group mit dem Prix Balance d\u2019encouragement ausgezeichnet","twitter_description":"Die #AWK Group ist eines von sieben Unternehmen, das dieses Jahr mit dem Prix Balance d\u2019encouragement ausgezeichnet wurde.","twitter_image":"https:\/\/www.organisator.ch\/wp-content\/uploads\/2019\/04\/AWK-Group-mit-dem-Prix-Balance-dencouragement-ausgezeichnet_Organisator.jpg","schema":{"@context":"https:\/\/schema.org","@graph":[{"@type":"Article","@id":"https:\/\/www.organisator.ch\/management\/2019-04-15\/awk-group-mit-dem-prix-balance-dencouragement-ausgezeichnet\/#article","isPartOf":{"@id":"https:\/\/www.organisator.ch\/management\/2019-04-15\/awk-group-mit-dem-prix-balance-dencouragement-ausgezeichnet\/"},"author":{"name":"thomas.berner","@id":"https:\/\/www.organisator.ch\/#\/schema\/person\/6f650f90b2842cd4c0cc334b4e36f67e"},"headline":"AWK Group mit dem Prix Balance d\u2019encouragement ausgezeichnet","datePublished":"2019-04-15T06:28:43+00:00","mainEntityOfPage":{"@id":"https:\/\/www.organisator.ch\/management\/2019-04-15\/awk-group-mit-dem-prix-balance-dencouragement-ausgezeichnet\/"},"wordCount":298,"commentCount":0,"publisher":{"@id":"https:\/\/www.organisator.ch\/#organization"},"image":{"@id":"https:\/\/www.organisator.ch\/management\/2019-04-15\/awk-group-mit-dem-prix-balance-dencouragement-ausgezeichnet\/#primaryimage"},"thumbnailUrl":"https:\/\/www.organisator.ch\/wp-content\/uploads\/2019\/04\/AWK-Group-mit-dem-Prix-Balance-dencouragement-ausgezeichnet_Organisator.jpg","keywords":["Awards","Management und Unternehmensf\u00fchrung","Unternehmen","Unternehmensf\u00fchrung"],"articleSection":["MANAGEMENT"],"inLanguage":"fr-FR"},{"@type":"WebPage","@id":"https:\/\/www.organisator.ch\/management\/2019-04-15\/awk-group-mit-dem-prix-balance-dencouragement-ausgezeichnet\/","url":"https:\/\/www.organisator.ch\/management\/2019-04-15\/awk-group-mit-dem-prix-balance-dencouragement-ausgezeichnet\/","name":"AWK Group r\u00e9compens\u00e9 par le Prix Balance d'encouragement - Organisateur","isPartOf":{"@id":"https:\/\/www.organisator.ch\/#website"},"primaryImageOfPage":{"@id":"https:\/\/www.organisator.ch\/management\/2019-04-15\/awk-group-mit-dem-prix-balance-dencouragement-ausgezeichnet\/#primaryimage"},"image":{"@id":"https:\/\/www.organisator.ch\/management\/2019-04-15\/awk-group-mit-dem-prix-balance-dencouragement-ausgezeichnet\/#primaryimage"},"thumbnailUrl":"https:\/\/www.organisator.ch\/wp-content\/uploads\/2019\/04\/AWK-Group-mit-dem-Prix-Balance-dencouragement-ausgezeichnet_Organisator.jpg","datePublished":"2019-04-15T06:28:43+00:00","description":"Le groupe AWK est l'une des sept entreprises \u00e0 avoir re\u00e7u le Prix Balance d'encouragement cette ann\u00e9e.","breadcrumb":{"@id":"https:\/\/www.organisator.ch\/management\/2019-04-15\/awk-group-mit-dem-prix-balance-dencouragement-ausgezeichnet\/#breadcrumb"},"inLanguage":"fr-FR","potentialAction":[{"@type":"ReadAction","target":["https:\/\/www.organisator.ch\/management\/2019-04-15\/awk-group-mit-dem-prix-balance-dencouragement-ausgezeichnet\/"]}]},{"@type":"ImageObject","inLanguage":"fr-FR","@id":"https:\/\/www.organisator.ch\/management\/2019-04-15\/awk-group-mit-dem-prix-balance-dencouragement-ausgezeichnet\/#primaryimage","url":"https:\/\/www.organisator.ch\/wp-content\/uploads\/2019\/04\/AWK-Group-mit-dem-Prix-Balance-dencouragement-ausgezeichnet_Organisator.jpg","contentUrl":"https:\/\/www.organisator.ch\/wp-content\/uploads\/2019\/04\/AWK-Group-mit-dem-Prix-Balance-dencouragement-ausgezeichnet_Organisator.jpg","width":680,"height":231,"caption":"Die AWK Group ist eines von sieben Unternehmen, das dieses Jahr mit dem Prix Balance d'encouragement ausgezeichnet wurde."},{"@type":"BreadcrumbList","@id":"https:\/\/www.organisator.ch\/management\/2019-04-15\/awk-group-mit-dem-prix-balance-dencouragement-ausgezeichnet\/#breadcrumb","itemListElement":[{"@type":"ListItem","position":1,"name":"Home","item":"https:\/\/www.organisator.ch\/"},{"@type":"ListItem","position":2,"name":"AWK Group mit dem Prix Balance d\u2019encouragement ausgezeichnet"}]},{"@type":"WebSite","@id":"https:\/\/www.organisator.ch\/#website","url":"https:\/\/www.organisator.ch\/","name":"Organisateur","description":"Comp\u00e9tence et comp\u00e9tence. Proches de la pratique. L'ORGANISATEUR pr\u00e9pare 10 num\u00e9ros par an sur les th\u00e8mes essentiels pour les dirigeants de PME.","publisher":{"@id":"https:\/\/www.organisator.ch\/#organization"},"potentialAction":[{"@type":"SearchAction","target":{"@type":"EntryPoint","urlTemplate":"https:\/\/www.organisator.ch\/?s={search_term_string}"},"query-input":{"@type":"PropertyValueSpecification","valueRequired":true,"valueName":"search_term_string"}}],"inLanguage":"fr-FR"},{"@type":"Organization","@id":"https:\/\/www.organisator.ch\/#organization","name":"Organisateur","url":"https:\/\/www.organisator.ch\/","logo":{"@type":"ImageObject","inLanguage":"fr-FR","@id":"https:\/\/www.organisator.ch\/#\/schema\/logo\/image\/","url":"https:\/\/www.organisator.ch\/wp-content\/uploads\/2022\/01\/Logo_Organisator_Website.png","contentUrl":"https:\/\/www.organisator.ch\/wp-content\/uploads\/2022\/01\/Logo_Organisator_Website.png","width":800,"height":77,"caption":"Organisator"},"image":{"@id":"https:\/\/www.organisator.ch\/#\/schema\/logo\/image\/"},"sameAs":["https:\/\/www.facebook.com\/OrganisatorFachmagazin","https:\/\/www.linkedin.com\/showcase\/organisator-das-magazin-fr-kmu","https:\/\/www.xing.com\/news\/pages\/organisator-ch-695","https:\/\/www.youtube.com\/channel\/UCGP2Sq0iWaZwT3BdIAQFYpw"]},{"@type":"Person","@id":"https:\/\/www.organisator.ch\/#\/schema\/person\/6f650f90b2842cd4c0cc334b4e36f67e","name":"thomas.berner","image":{"@type":"ImageObject","inLanguage":"fr-FR","@id":"https:\/\/secure.gravatar.com\/avatar\/ac5001d2a36cb6c6cd3e50789007ffca834b477b74a2144564522e944eabff61?s=96&d=mm&r=g","url":"https:\/\/secure.gravatar.com\/avatar\/ac5001d2a36cb6c6cd3e50789007ffca834b477b74a2144564522e944eabff61?s=96&d=mm&r=g","contentUrl":"https:\/\/secure.gravatar.com\/avatar\/ac5001d2a36cb6c6cd3e50789007ffca834b477b74a2144564522e944eabff61?s=96&d=mm&r=g","caption":"thomas.berner"},"url":"https:\/\/www.organisator.ch\/fr\/author\/thomas-berner\/"}]}},"_links":{"self":[{"href":"https:\/\/www.organisator.ch\/fr\/wp-json\/wp\/v2\/posts\/5133","targetHints":{"allow":["GET"]}}],"collection":[{"href":"https:\/\/www.organisator.ch\/fr\/wp-json\/wp\/v2\/posts"}],"about":[{"href":"https:\/\/www.organisator.ch\/fr\/wp-json\/wp\/v2\/types\/post"}],"author":[{"embeddable":true,"href":"https:\/\/www.organisator.ch\/fr\/wp-json\/wp\/v2\/users\/4"}],"replies":[{"embeddable":true,"href":"https:\/\/www.organisator.ch\/fr\/wp-json\/wp\/v2\/comments?post=5133"}],"version-history":[{"count":0,"href":"https:\/\/www.organisator.ch\/fr\/wp-json\/wp\/v2\/posts\/5133\/revisions"}],"wp:featuredmedia":[{"embeddable":true,"href":"https:\/\/www.organisator.ch\/fr\/wp-json\/wp\/v2\/media\/5146"}],"wp:attachment":[{"href":"https:\/\/www.organisator.ch\/fr\/wp-json\/wp\/v2\/media?parent=5133"}],"wp:term":[{"taxonomy":"category","embeddable":true,"href":"https:\/\/www.organisator.ch\/fr\/wp-json\/wp\/v2\/categories?post=5133"},{"taxonomy":"post_tag","embeddable":true,"href":"https:\/\/www.organisator.ch\/fr\/wp-json\/wp\/v2\/tags?post=5133"}],"curies":[{"name":"wp","href":"https:\/\/api.w.org\/{rel}","templated":true}]}}