{"id":5149,"date":"2019-04-16T08:27:35","date_gmt":"2019-04-16T06:27:35","guid":{"rendered":"https:\/\/www.organisator.ch\/?p=5149"},"modified":"2019-04-16T08:27:35","modified_gmt":"2019-04-16T06:27:35","slug":"neu-fuer-schweizer-kmu-bi-portaltechnologie-von-abra","status":"publish","type":"post","link":"https:\/\/www.organisator.ch\/fr\/management\/it\/2019-04-16\/neu-fuer-schweizer-kmu-bi-portaltechnologie-von-abra\/","title":{"rendered":"Nouveau pour les PME suisses : la technologie de portail BI d'ABRA"},"content":{"rendered":"<figure id=\"attachment_5150\" aria-describedby=\"caption-attachment-5150\" style=\"width: 680px\" class=\"wp-caption alignnone\"><img loading=\"lazy\" decoding=\"async\" class=\"size-medium wp-image-5150\" src=\"https:\/\/www.organisator.ch\/wp-content\/uploads\/2019\/04\/Neu-fuer-Schweizer-KMU-BI-Portaltechnologie-von-ABRA_Organisator.jpg\" alt=\"\" width=\"680\" height=\"387\" srcset=\"https:\/\/www.organisator.ch\/wp-content\/uploads\/2019\/04\/Neu-fuer-Schweizer-KMU-BI-Portaltechnologie-von-ABRA_Organisator.jpg 680w, https:\/\/www.organisator.ch\/wp-content\/uploads\/2019\/04\/Neu-fuer-Schweizer-KMU-BI-Portaltechnologie-von-ABRA_Organisator-16x9.jpg 16w, https:\/\/www.organisator.ch\/wp-content\/uploads\/2019\/04\/Neu-fuer-Schweizer-KMU-BI-Portaltechnologie-von-ABRA_Organisator-307x175.jpg 307w, https:\/\/www.organisator.ch\/wp-content\/uploads\/2019\/04\/Neu-fuer-Schweizer-KMU-BI-Portaltechnologie-von-ABRA_Organisator-615x350.jpg 615w, https:\/\/www.organisator.ch\/wp-content\/uploads\/2019\/04\/Neu-fuer-Schweizer-KMU-BI-Portaltechnologie-von-ABRA_Organisator-300x171.jpg 300w\" sizes=\"auto, (max-width: 680px) 100vw, 680px\" \/><figcaption id=\"caption-attachment-5150\" class=\"wp-caption-text\">La technologie de portail BI d'ABRA Software est d\u00e9sormais disponible pour les PME suisses. (Image : ABRA Software AG)<\/figcaption><\/figure>\n<p>\"Les exigences de qualit\u00e9, d'efficacit\u00e9 et de productivit\u00e9 sont des bases id\u00e9ales pour l'utilisation de syst\u00e8mes num\u00e9riques innovants. ABRA BI Portal Solution est la r\u00e9ponse aux efforts des PME pour rester comp\u00e9titives \u00e0 l'avenir, et ce \u00e0 un co\u00fbt raisonnable\", estime Marzio Tomasetto.<\/p>\n<h2>R\u00e9seau diversifi\u00e9 de partenaires d'ABRA Software AG<\/h2>\n<p>Avec Marzio Tomasetto, c'est un connaisseur exp\u00e9riment\u00e9 de la sc\u00e8ne informatique europ\u00e9enne qui est actif dans la r\u00e9gion DACH. En tant que directeur, il est notamment responsable de la mise en place et du suivi du r\u00e9seau de partenaires dans ces r\u00e9gions. Outre la collaboration avec des entreprises de conseil, la coop\u00e9ration avec les fournisseurs les plus divers est au centre de ses pr\u00e9occupations. \"Notre r\u00e9seau doit \u00eatre consid\u00e9rablement \u00e9largi au cours des prochaines ann\u00e9es\", explique-t-il. Outre la solution ABRA BI Portal Solution, les partenaires potentiels attendent un programme de partenariat int\u00e9ressant \u00e0 des conditions int\u00e9ressantes.<\/p>\n<h2><strong>La technologie du portail ABRA BI d\u00e9velopp\u00e9e pour les PME<\/strong><\/h2>\n<p>L'architecture du paysage BI marque l'utilisabilit\u00e9. \"Les donn\u00e9es sont l\u00e0, mais elles ne sont pas int\u00e9gr\u00e9es ou ne peuvent \u00eatre compar\u00e9es que manuellement avec MS Excel\", se plaignent de nombreux entrepreneurs. Avec la solution ABRA BI Portal, celle-ci peut \u00eatre utilis\u00e9e comme point d'entr\u00e9e central pour l'ensemble de la collecte d'informations, o\u00f9 les rapports sur les finances, les cha\u00eenes de processus et de livraison ou sur les produits, les clients et les fournisseurs sont trait\u00e9s de mani\u00e8re uniforme avec une terminologie, des \u00e9valuations et des donn\u00e9es continues.<\/p>\n<p>Le portail ABRA Business Intelligence bas\u00e9 sur le web traite et affiche des tableaux et des graphiques en fonction des besoins du client. Sur chaque appareil connect\u00e9 \u00e0 Internet, les donn\u00e9es provenant des sources de donn\u00e9es les plus diverses sont organis\u00e9es et affich\u00e9es de mani\u00e8re structur\u00e9e. \u00c0 partir de toutes les sources de donn\u00e9es pertinentes de l'entreprise, qu'elles soient \u00e9conomiques ou techniques, il est possible d'\u00e9tablir les \u00e9valuations les plus diverses sous forme de graphiques, de diagrammes, d'analyses KPI et de les mettre \u00e0 la disposition du management pour qu'il puisse prendre des d\u00e9cisions.<\/p>\n<p><em>Plus d'informations : <a href=\"http:\/\/www.abrasoftware.ch\">www.abrasoftware.ch<\/a><\/em><\/p>","protected":false},"excerpt":{"rendered":"<p>\u00abAnforderungen wie Qualit\u00e4t, Effizienz und Produktivit\u00e4t sind ideale Grundlagen f\u00fcr den Einsatz innovativer, digitaler Systeme. ABRA BI Portal Solution ist die Antwort auf das Bestreben von KMU, auch in Zukunft wettbewerbsf\u00e4hig zu bleiben &#8211; und dies mit finanziell vertretbarem Aufwand\u00bb meint Marzio Tomasetto. Vielf\u00e4ltiges Partner-Netzwerk von ABRA Software AG Mit Marzio Tomasetto ist ein erfahrender [&hellip;]<\/p>\n","protected":false},"author":4,"featured_media":5150,"comment_status":"open","ping_status":"open","sticky":false,"template":"","format":"standard","meta":{"_acf_changed":false,"_yoast_wpseo_focuskw":"BI Portaltechnologie","_yoast_wpseo_metadesc":"Die ABRA Business Intelligence Solution steht nun auch als Portal-L\u00f6sung f\u00fcr Schweizer KMU zur Verf\u00fcgung.","articlekey":"","footnotes":""},"categories":[27],"tags":[286,288,393],"class_list":["post-5149","post","type-post","status-publish","format-standard","has-post-thumbnail","hentry","category-it","tag-it","tag-it-business-software","tag-produkte"],"acf":[],"yoast_head":"<!-- This site is optimized with the Yoast SEO plugin v27.5 - https:\/\/yoast.com\/product\/yoast-seo-wordpress\/ -->\n<title>Neu f\u00fcr Schweizer KMU: BI Portaltechnologie von ABRA - Organisator<\/title>\n<meta name=\"description\" content=\"Die ABRA Business Intelligence Solution steht nun auch als Portal-L\u00f6sung f\u00fcr Schweizer KMU zur Verf\u00fcgung.\" \/>\n<meta name=\"robots\" content=\"index, follow, max-snippet:-1, max-image-preview:large, max-video-preview:-1\" \/>\n<link rel=\"canonical\" href=\"https:\/\/www.organisator.ch\/fr\/gestion-2\/it\/2019-04-16\/neu-fuer-schweizer-kmu-bi-portaltechnologie-von-abra\/\" \/>\n<meta property=\"og:locale\" content=\"fr_FR\" \/>\n<meta property=\"og:type\" content=\"article\" \/>\n<meta property=\"og:title\" content=\"Neu f\u00fcr Schweizer KMU: BI Portaltechnologie von ABRA\" \/>\n<meta property=\"og:description\" content=\"Die ABRA Business Intelligence Solution steht nun auch als Portal-L\u00f6sung f\u00fcr Schweizer KMU zur Verf\u00fcgung.\" \/>\n<meta property=\"og:url\" content=\"https:\/\/www.organisator.ch\/fr\/gestion-2\/it\/2019-04-16\/neu-fuer-schweizer-kmu-bi-portaltechnologie-von-abra\/\" \/>\n<meta property=\"og:site_name\" content=\"Organisator\" \/>\n<meta property=\"article:publisher\" content=\"https:\/\/www.facebook.com\/OrganisatorFachmagazin\" \/>\n<meta property=\"article:published_time\" content=\"2019-04-16T06:27:35+00:00\" \/>\n<meta property=\"og:image\" content=\"https:\/\/www.organisator.ch\/wp-content\/uploads\/2019\/04\/Neu-fuer-Schweizer-KMU-BI-Portaltechnologie-von-ABRA_Organisator.jpg\" \/>\n\t<meta property=\"og:image:width\" content=\"680\" \/>\n\t<meta property=\"og:image:height\" content=\"387\" \/>\n\t<meta property=\"og:image:type\" content=\"image\/jpeg\" \/>\n<meta name=\"author\" content=\"thomas.berner\" \/>\n<meta name=\"twitter:card\" content=\"summary_large_image\" \/>\n<meta name=\"twitter:title\" content=\"Neu f\u00fcr Schweizer KMU: BI Portaltechnologie von #ABRA\" \/>\n<meta name=\"twitter:description\" content=\"Die #ABRA Business Intelligence Solution steht nun auch als Portal-L\u00f6sung f\u00fcr Schweizer KMU zur Verf\u00fcgung.\" \/>\n<meta name=\"twitter:image\" content=\"https:\/\/www.organisator.ch\/wp-content\/uploads\/2019\/04\/Neu-f\u00fcr-Schweizer-KMU-BI-Portaltechnologie-von-ABRA_Organisator.jpg\" \/>\n<script type=\"application\/ld+json\" class=\"yoast-schema-graph\">{\"@context\":\"https:\\\/\\\/schema.org\",\"@graph\":[{\"@type\":\"Article\",\"@id\":\"https:\\\/\\\/www.organisator.ch\\\/management\\\/it\\\/2019-04-16\\\/neu-fuer-schweizer-kmu-bi-portaltechnologie-von-abra\\\/#article\",\"isPartOf\":{\"@id\":\"https:\\\/\\\/www.organisator.ch\\\/management\\\/it\\\/2019-04-16\\\/neu-fuer-schweizer-kmu-bi-portaltechnologie-von-abra\\\/\"},\"author\":{\"name\":\"thomas.berner\",\"@id\":\"https:\\\/\\\/www.organisator.ch\\\/#\\\/schema\\\/person\\\/6f650f90b2842cd4c0cc334b4e36f67e\"},\"headline\":\"Neu f\u00fcr Schweizer KMU: BI Portaltechnologie von ABRA\",\"datePublished\":\"2019-04-16T06:27:35+00:00\",\"mainEntityOfPage\":{\"@id\":\"https:\\\/\\\/www.organisator.ch\\\/management\\\/it\\\/2019-04-16\\\/neu-fuer-schweizer-kmu-bi-portaltechnologie-von-abra\\\/\"},\"wordCount\":320,\"commentCount\":0,\"publisher\":{\"@id\":\"https:\\\/\\\/www.organisator.ch\\\/#organization\"},\"image\":{\"@id\":\"https:\\\/\\\/www.organisator.ch\\\/management\\\/it\\\/2019-04-16\\\/neu-fuer-schweizer-kmu-bi-portaltechnologie-von-abra\\\/#primaryimage\"},\"thumbnailUrl\":\"https:\\\/\\\/www.organisator.ch\\\/wp-content\\\/uploads\\\/2019\\\/04\\\/Neu-fuer-Schweizer-KMU-BI-Portaltechnologie-von-ABRA_Organisator.jpg\",\"keywords\":[\"IT\",\"IT &amp; Business Software\",\"Produkte\"],\"articleSection\":[\"IT\"],\"inLanguage\":\"fr-FR\"},{\"@type\":\"WebPage\",\"@id\":\"https:\\\/\\\/www.organisator.ch\\\/management\\\/it\\\/2019-04-16\\\/neu-fuer-schweizer-kmu-bi-portaltechnologie-von-abra\\\/\",\"url\":\"https:\\\/\\\/www.organisator.ch\\\/management\\\/it\\\/2019-04-16\\\/neu-fuer-schweizer-kmu-bi-portaltechnologie-von-abra\\\/\",\"name\":\"Neu f\u00fcr Schweizer KMU: BI Portaltechnologie von ABRA - Organisator\",\"isPartOf\":{\"@id\":\"https:\\\/\\\/www.organisator.ch\\\/#website\"},\"primaryImageOfPage\":{\"@id\":\"https:\\\/\\\/www.organisator.ch\\\/management\\\/it\\\/2019-04-16\\\/neu-fuer-schweizer-kmu-bi-portaltechnologie-von-abra\\\/#primaryimage\"},\"image\":{\"@id\":\"https:\\\/\\\/www.organisator.ch\\\/management\\\/it\\\/2019-04-16\\\/neu-fuer-schweizer-kmu-bi-portaltechnologie-von-abra\\\/#primaryimage\"},\"thumbnailUrl\":\"https:\\\/\\\/www.organisator.ch\\\/wp-content\\\/uploads\\\/2019\\\/04\\\/Neu-fuer-Schweizer-KMU-BI-Portaltechnologie-von-ABRA_Organisator.jpg\",\"datePublished\":\"2019-04-16T06:27:35+00:00\",\"description\":\"Die ABRA Business Intelligence Solution steht nun auch als Portal-L\u00f6sung f\u00fcr Schweizer KMU zur Verf\u00fcgung.\",\"breadcrumb\":{\"@id\":\"https:\\\/\\\/www.organisator.ch\\\/management\\\/it\\\/2019-04-16\\\/neu-fuer-schweizer-kmu-bi-portaltechnologie-von-abra\\\/#breadcrumb\"},\"inLanguage\":\"fr-FR\",\"potentialAction\":[{\"@type\":\"ReadAction\",\"target\":[\"https:\\\/\\\/www.organisator.ch\\\/management\\\/it\\\/2019-04-16\\\/neu-fuer-schweizer-kmu-bi-portaltechnologie-von-abra\\\/\"]}]},{\"@type\":\"ImageObject\",\"inLanguage\":\"fr-FR\",\"@id\":\"https:\\\/\\\/www.organisator.ch\\\/management\\\/it\\\/2019-04-16\\\/neu-fuer-schweizer-kmu-bi-portaltechnologie-von-abra\\\/#primaryimage\",\"url\":\"https:\\\/\\\/www.organisator.ch\\\/wp-content\\\/uploads\\\/2019\\\/04\\\/Neu-fuer-Schweizer-KMU-BI-Portaltechnologie-von-ABRA_Organisator.jpg\",\"contentUrl\":\"https:\\\/\\\/www.organisator.ch\\\/wp-content\\\/uploads\\\/2019\\\/04\\\/Neu-fuer-Schweizer-KMU-BI-Portaltechnologie-von-ABRA_Organisator.jpg\",\"width\":680,\"height\":387,\"caption\":\"Die BI Portaltechnologie von ABRA Software steht nun auch Schweizer KMU zur Verf\u00fcgung. (Bild: ABRA Software AG)\"},{\"@type\":\"BreadcrumbList\",\"@id\":\"https:\\\/\\\/www.organisator.ch\\\/management\\\/it\\\/2019-04-16\\\/neu-fuer-schweizer-kmu-bi-portaltechnologie-von-abra\\\/#breadcrumb\",\"itemListElement\":[{\"@type\":\"ListItem\",\"position\":1,\"name\":\"Home\",\"item\":\"https:\\\/\\\/www.organisator.ch\\\/\"},{\"@type\":\"ListItem\",\"position\":2,\"name\":\"Neu f\u00fcr Schweizer KMU: BI Portaltechnologie von ABRA\"}]},{\"@type\":\"WebSite\",\"@id\":\"https:\\\/\\\/www.organisator.ch\\\/#website\",\"url\":\"https:\\\/\\\/www.organisator.ch\\\/\",\"name\":\"Organisator\",\"description\":\"Kompetent. Praxisnah. Der ORGANISATOR bereitet in 10 Ausgaben pro Jahr die wesentlichen Themen f\u00fcr F\u00fchrungskr\u00e4fte von KMU auf.\",\"publisher\":{\"@id\":\"https:\\\/\\\/www.organisator.ch\\\/#organization\"},\"potentialAction\":[{\"@type\":\"SearchAction\",\"target\":{\"@type\":\"EntryPoint\",\"urlTemplate\":\"https:\\\/\\\/www.organisator.ch\\\/?s={search_term_string}\"},\"query-input\":{\"@type\":\"PropertyValueSpecification\",\"valueRequired\":true,\"valueName\":\"search_term_string\"}}],\"inLanguage\":\"fr-FR\"},{\"@type\":\"Organization\",\"@id\":\"https:\\\/\\\/www.organisator.ch\\\/#organization\",\"name\":\"Organisator\",\"url\":\"https:\\\/\\\/www.organisator.ch\\\/\",\"logo\":{\"@type\":\"ImageObject\",\"inLanguage\":\"fr-FR\",\"@id\":\"https:\\\/\\\/www.organisator.ch\\\/#\\\/schema\\\/logo\\\/image\\\/\",\"url\":\"https:\\\/\\\/www.organisator.ch\\\/wp-content\\\/uploads\\\/2022\\\/01\\\/Logo_Organisator_Website.png\",\"contentUrl\":\"https:\\\/\\\/www.organisator.ch\\\/wp-content\\\/uploads\\\/2022\\\/01\\\/Logo_Organisator_Website.png\",\"width\":800,\"height\":77,\"caption\":\"Organisator\"},\"image\":{\"@id\":\"https:\\\/\\\/www.organisator.ch\\\/#\\\/schema\\\/logo\\\/image\\\/\"},\"sameAs\":[\"https:\\\/\\\/www.facebook.com\\\/OrganisatorFachmagazin\",\"https:\\\/\\\/www.linkedin.com\\\/showcase\\\/organisator-das-magazin-fr-kmu\",\"https:\\\/\\\/www.xing.com\\\/news\\\/pages\\\/organisator-ch-695\",\"https:\\\/\\\/www.youtube.com\\\/channel\\\/UCGP2Sq0iWaZwT3BdIAQFYpw\"]},{\"@type\":\"Person\",\"@id\":\"https:\\\/\\\/www.organisator.ch\\\/#\\\/schema\\\/person\\\/6f650f90b2842cd4c0cc334b4e36f67e\",\"name\":\"thomas.berner\",\"image\":{\"@type\":\"ImageObject\",\"inLanguage\":\"fr-FR\",\"@id\":\"https:\\\/\\\/secure.gravatar.com\\\/avatar\\\/ac5001d2a36cb6c6cd3e50789007ffca834b477b74a2144564522e944eabff61?s=96&d=mm&r=g\",\"url\":\"https:\\\/\\\/secure.gravatar.com\\\/avatar\\\/ac5001d2a36cb6c6cd3e50789007ffca834b477b74a2144564522e944eabff61?s=96&d=mm&r=g\",\"contentUrl\":\"https:\\\/\\\/secure.gravatar.com\\\/avatar\\\/ac5001d2a36cb6c6cd3e50789007ffca834b477b74a2144564522e944eabff61?s=96&d=mm&r=g\",\"caption\":\"thomas.berner\"},\"url\":\"https:\\\/\\\/www.organisator.ch\\\/fr\\\/author\\\/thomas-berner\\\/\"}]}<\/script>\n<!-- \/ Yoast SEO plugin. -->","yoast_head_json":{"title":"Nouveaut\u00e9 pour les PME suisses : la technologie de portail BI d'ABRA - Organisateur","description":"La solution ABRA Business Intelligence est d\u00e9sormais \u00e9galement disponible en tant que solution de portail pour les PME suisses.","robots":{"index":"index","follow":"follow","max-snippet":"max-snippet:-1","max-image-preview":"max-image-preview:large","max-video-preview":"max-video-preview:-1"},"canonical":"https:\/\/www.organisator.ch\/fr\/gestion-2\/it\/2019-04-16\/neu-fuer-schweizer-kmu-bi-portaltechnologie-von-abra\/","og_locale":"fr_FR","og_type":"article","og_title":"Neu f\u00fcr Schweizer KMU: BI Portaltechnologie von ABRA","og_description":"Die ABRA Business Intelligence Solution steht nun auch als Portal-L\u00f6sung f\u00fcr Schweizer KMU zur Verf\u00fcgung.","og_url":"https:\/\/www.organisator.ch\/fr\/gestion-2\/it\/2019-04-16\/neu-fuer-schweizer-kmu-bi-portaltechnologie-von-abra\/","og_site_name":"Organisator","article_publisher":"https:\/\/www.facebook.com\/OrganisatorFachmagazin","article_published_time":"2019-04-16T06:27:35+00:00","og_image":[{"width":680,"height":387,"url":"https:\/\/www.organisator.ch\/wp-content\/uploads\/2019\/04\/Neu-fuer-Schweizer-KMU-BI-Portaltechnologie-von-ABRA_Organisator.jpg","type":"image\/jpeg"}],"author":"thomas.berner","twitter_card":"summary_large_image","twitter_title":"Neu f\u00fcr Schweizer KMU: BI Portaltechnologie von #ABRA","twitter_description":"Die #ABRA Business Intelligence Solution steht nun auch als Portal-L\u00f6sung f\u00fcr Schweizer KMU zur Verf\u00fcgung.","twitter_image":"https:\/\/www.organisator.ch\/wp-content\/uploads\/2019\/04\/Neu-f\u00fcr-Schweizer-KMU-BI-Portaltechnologie-von-ABRA_Organisator.jpg","schema":{"@context":"https:\/\/schema.org","@graph":[{"@type":"Article","@id":"https:\/\/www.organisator.ch\/management\/it\/2019-04-16\/neu-fuer-schweizer-kmu-bi-portaltechnologie-von-abra\/#article","isPartOf":{"@id":"https:\/\/www.organisator.ch\/management\/it\/2019-04-16\/neu-fuer-schweizer-kmu-bi-portaltechnologie-von-abra\/"},"author":{"name":"thomas.berner","@id":"https:\/\/www.organisator.ch\/#\/schema\/person\/6f650f90b2842cd4c0cc334b4e36f67e"},"headline":"Neu f\u00fcr Schweizer KMU: BI Portaltechnologie von ABRA","datePublished":"2019-04-16T06:27:35+00:00","mainEntityOfPage":{"@id":"https:\/\/www.organisator.ch\/management\/it\/2019-04-16\/neu-fuer-schweizer-kmu-bi-portaltechnologie-von-abra\/"},"wordCount":320,"commentCount":0,"publisher":{"@id":"https:\/\/www.organisator.ch\/#organization"},"image":{"@id":"https:\/\/www.organisator.ch\/management\/it\/2019-04-16\/neu-fuer-schweizer-kmu-bi-portaltechnologie-von-abra\/#primaryimage"},"thumbnailUrl":"https:\/\/www.organisator.ch\/wp-content\/uploads\/2019\/04\/Neu-fuer-Schweizer-KMU-BI-Portaltechnologie-von-ABRA_Organisator.jpg","keywords":["IT","IT &amp; Business Software","Produkte"],"articleSection":["IT"],"inLanguage":"fr-FR"},{"@type":"WebPage","@id":"https:\/\/www.organisator.ch\/management\/it\/2019-04-16\/neu-fuer-schweizer-kmu-bi-portaltechnologie-von-abra\/","url":"https:\/\/www.organisator.ch\/management\/it\/2019-04-16\/neu-fuer-schweizer-kmu-bi-portaltechnologie-von-abra\/","name":"Nouveaut\u00e9 pour les PME suisses : la technologie de portail BI d'ABRA - Organisateur","isPartOf":{"@id":"https:\/\/www.organisator.ch\/#website"},"primaryImageOfPage":{"@id":"https:\/\/www.organisator.ch\/management\/it\/2019-04-16\/neu-fuer-schweizer-kmu-bi-portaltechnologie-von-abra\/#primaryimage"},"image":{"@id":"https:\/\/www.organisator.ch\/management\/it\/2019-04-16\/neu-fuer-schweizer-kmu-bi-portaltechnologie-von-abra\/#primaryimage"},"thumbnailUrl":"https:\/\/www.organisator.ch\/wp-content\/uploads\/2019\/04\/Neu-fuer-Schweizer-KMU-BI-Portaltechnologie-von-ABRA_Organisator.jpg","datePublished":"2019-04-16T06:27:35+00:00","description":"La solution ABRA Business Intelligence est d\u00e9sormais \u00e9galement disponible en tant que solution de portail pour les PME suisses.","breadcrumb":{"@id":"https:\/\/www.organisator.ch\/management\/it\/2019-04-16\/neu-fuer-schweizer-kmu-bi-portaltechnologie-von-abra\/#breadcrumb"},"inLanguage":"fr-FR","potentialAction":[{"@type":"ReadAction","target":["https:\/\/www.organisator.ch\/management\/it\/2019-04-16\/neu-fuer-schweizer-kmu-bi-portaltechnologie-von-abra\/"]}]},{"@type":"ImageObject","inLanguage":"fr-FR","@id":"https:\/\/www.organisator.ch\/management\/it\/2019-04-16\/neu-fuer-schweizer-kmu-bi-portaltechnologie-von-abra\/#primaryimage","url":"https:\/\/www.organisator.ch\/wp-content\/uploads\/2019\/04\/Neu-fuer-Schweizer-KMU-BI-Portaltechnologie-von-ABRA_Organisator.jpg","contentUrl":"https:\/\/www.organisator.ch\/wp-content\/uploads\/2019\/04\/Neu-fuer-Schweizer-KMU-BI-Portaltechnologie-von-ABRA_Organisator.jpg","width":680,"height":387,"caption":"Die BI Portaltechnologie von ABRA Software steht nun auch Schweizer KMU zur Verf\u00fcgung. (Bild: ABRA Software AG)"},{"@type":"BreadcrumbList","@id":"https:\/\/www.organisator.ch\/management\/it\/2019-04-16\/neu-fuer-schweizer-kmu-bi-portaltechnologie-von-abra\/#breadcrumb","itemListElement":[{"@type":"ListItem","position":1,"name":"Home","item":"https:\/\/www.organisator.ch\/"},{"@type":"ListItem","position":2,"name":"Neu f\u00fcr Schweizer KMU: BI Portaltechnologie von ABRA"}]},{"@type":"WebSite","@id":"https:\/\/www.organisator.ch\/#website","url":"https:\/\/www.organisator.ch\/","name":"Organisateur","description":"Comp\u00e9tence et comp\u00e9tence. Proches de la pratique. L'ORGANISATEUR pr\u00e9pare 10 num\u00e9ros par an sur les th\u00e8mes essentiels pour les dirigeants de PME.","publisher":{"@id":"https:\/\/www.organisator.ch\/#organization"},"potentialAction":[{"@type":"SearchAction","target":{"@type":"EntryPoint","urlTemplate":"https:\/\/www.organisator.ch\/?s={search_term_string}"},"query-input":{"@type":"PropertyValueSpecification","valueRequired":true,"valueName":"search_term_string"}}],"inLanguage":"fr-FR"},{"@type":"Organization","@id":"https:\/\/www.organisator.ch\/#organization","name":"Organisateur","url":"https:\/\/www.organisator.ch\/","logo":{"@type":"ImageObject","inLanguage":"fr-FR","@id":"https:\/\/www.organisator.ch\/#\/schema\/logo\/image\/","url":"https:\/\/www.organisator.ch\/wp-content\/uploads\/2022\/01\/Logo_Organisator_Website.png","contentUrl":"https:\/\/www.organisator.ch\/wp-content\/uploads\/2022\/01\/Logo_Organisator_Website.png","width":800,"height":77,"caption":"Organisator"},"image":{"@id":"https:\/\/www.organisator.ch\/#\/schema\/logo\/image\/"},"sameAs":["https:\/\/www.facebook.com\/OrganisatorFachmagazin","https:\/\/www.linkedin.com\/showcase\/organisator-das-magazin-fr-kmu","https:\/\/www.xing.com\/news\/pages\/organisator-ch-695","https:\/\/www.youtube.com\/channel\/UCGP2Sq0iWaZwT3BdIAQFYpw"]},{"@type":"Person","@id":"https:\/\/www.organisator.ch\/#\/schema\/person\/6f650f90b2842cd4c0cc334b4e36f67e","name":"thomas.berner","image":{"@type":"ImageObject","inLanguage":"fr-FR","@id":"https:\/\/secure.gravatar.com\/avatar\/ac5001d2a36cb6c6cd3e50789007ffca834b477b74a2144564522e944eabff61?s=96&d=mm&r=g","url":"https:\/\/secure.gravatar.com\/avatar\/ac5001d2a36cb6c6cd3e50789007ffca834b477b74a2144564522e944eabff61?s=96&d=mm&r=g","contentUrl":"https:\/\/secure.gravatar.com\/avatar\/ac5001d2a36cb6c6cd3e50789007ffca834b477b74a2144564522e944eabff61?s=96&d=mm&r=g","caption":"thomas.berner"},"url":"https:\/\/www.organisator.ch\/fr\/author\/thomas-berner\/"}]}},"_links":{"self":[{"href":"https:\/\/www.organisator.ch\/fr\/wp-json\/wp\/v2\/posts\/5149","targetHints":{"allow":["GET"]}}],"collection":[{"href":"https:\/\/www.organisator.ch\/fr\/wp-json\/wp\/v2\/posts"}],"about":[{"href":"https:\/\/www.organisator.ch\/fr\/wp-json\/wp\/v2\/types\/post"}],"author":[{"embeddable":true,"href":"https:\/\/www.organisator.ch\/fr\/wp-json\/wp\/v2\/users\/4"}],"replies":[{"embeddable":true,"href":"https:\/\/www.organisator.ch\/fr\/wp-json\/wp\/v2\/comments?post=5149"}],"version-history":[{"count":0,"href":"https:\/\/www.organisator.ch\/fr\/wp-json\/wp\/v2\/posts\/5149\/revisions"}],"wp:featuredmedia":[{"embeddable":true,"href":"https:\/\/www.organisator.ch\/fr\/wp-json\/wp\/v2\/media\/5150"}],"wp:attachment":[{"href":"https:\/\/www.organisator.ch\/fr\/wp-json\/wp\/v2\/media?parent=5149"}],"wp:term":[{"taxonomy":"category","embeddable":true,"href":"https:\/\/www.organisator.ch\/fr\/wp-json\/wp\/v2\/categories?post=5149"},{"taxonomy":"post_tag","embeddable":true,"href":"https:\/\/www.organisator.ch\/fr\/wp-json\/wp\/v2\/tags?post=5149"}],"curies":[{"name":"wp","href":"https:\/\/api.w.org\/{rel}","templated":true}]}}