{"id":5171,"date":"2019-04-23T16:59:02","date_gmt":"2019-04-23T14:59:02","guid":{"rendered":"https:\/\/www.organisator.ch\/?p=5171"},"modified":"2019-04-23T16:59:02","modified_gmt":"2019-04-23T14:59:02","slug":"bastian-schneider-zum-ostschweizer-personaltag-2019-attraktiv-sein-fuer-die-richtigen-arbeitnehmer","status":"publish","type":"post","link":"https:\/\/www.organisator.ch\/fr\/human-resources\/hrm\/2019-04-23\/bastian-schneider-zum-ostschweizer-personaltag-2019-attraktiv-sein-fuer-die-richtigen-arbeitnehmer\/","title":{"rendered":"Bastian Schneider \u00e0 propos de la Journ\u00e9e du personnel de Suisse orientale 2019 : \u00eatre attractif pour les bons employ\u00e9s"},"content":{"rendered":"<figure id=\"attachment_5172\" aria-describedby=\"caption-attachment-5172\" style=\"width: 679px\" class=\"wp-caption alignnone\"><img loading=\"lazy\" decoding=\"async\" class=\"size-full wp-image-5172\" src=\"https:\/\/www.organisator.ch\/wp-content\/uploads\/2019\/04\/Bastian-Schneider-zum-Ostschweizer-Personaltag-2019-Attraktiv-sein-fuer-die-richtigen-Arbeitnehmer_Organisator.jpg\" alt=\"\" width=\"679\" height=\"570\" srcset=\"https:\/\/www.organisator.ch\/wp-content\/uploads\/2019\/04\/Bastian-Schneider-zum-Ostschweizer-Personaltag-2019-Attraktiv-sein-fuer-die-richtigen-Arbeitnehmer_Organisator.jpg 679w, https:\/\/www.organisator.ch\/wp-content\/uploads\/2019\/04\/Bastian-Schneider-zum-Ostschweizer-Personaltag-2019-Attraktiv-sein-fuer-die-richtigen-Arbeitnehmer_Organisator-14x12.jpg 14w, https:\/\/www.organisator.ch\/wp-content\/uploads\/2019\/04\/Bastian-Schneider-zum-Ostschweizer-Personaltag-2019-Attraktiv-sein-fuer-die-richtigen-Arbeitnehmer_Organisator-208x175.jpg 208w, https:\/\/www.organisator.ch\/wp-content\/uploads\/2019\/04\/Bastian-Schneider-zum-Ostschweizer-Personaltag-2019-Attraktiv-sein-fuer-die-richtigen-Arbeitnehmer_Organisator-417x350.jpg 417w, https:\/\/www.organisator.ch\/wp-content\/uploads\/2019\/04\/Bastian-Schneider-zum-Ostschweizer-Personaltag-2019-Attraktiv-sein-fuer-die-richtigen-Arbeitnehmer_Organisator-300x252.jpg 300w\" sizes=\"auto, (max-width: 679px) 100vw, 679px\" \/><figcaption id=\"caption-attachment-5172\" class=\"wp-caption-text\">Bastian Schneider est sp\u00e9cialiste de la gestion des marques et s'exprimera lors de la 15e journ\u00e9e du personnel de Suisse orientale sur le th\u00e8me \"De l'employer \u00e0 l'employee branding\". (Image : Hotz Brand Consultants)<\/figcaption><\/figure>\n<p>Bastian Schneider conseille depuis de nombreuses ann\u00e9es des entreprises dans le domaine de la gestion strat\u00e9gique et op\u00e9rationnelle des marques dans de nombreux secteurs en Suisse, en Allemagne et en Autriche. Il \u00e9crit r\u00e9guli\u00e8rement des articles sp\u00e9cialis\u00e9s sur les th\u00e8mes de la gestion de la marque et de l'employer branding et fait des pr\u00e9sentations d'experts devant des entreprises, des universit\u00e9s et lors de conf\u00e9rences. Bastian Schneider \u00e9tait auparavant consultant \u00e0 l'Institut f\u00fcr Markentechnik de Gen\u00e8ve et partenaire de NOHETO ! conseil en entreprise et en gestion \u00e0 Witten. Il a \u00e9tudi\u00e9 les sciences \u00e9conomiques \u00e0 l'universit\u00e9 de Witten\/Herdecke et a une formation d'employ\u00e9 de banque. Avec Brand Leadership Circle (BLC), qui fait partie de Hotz Brand Consultants, Bastian Schneider se trouve actuellement dans un v\u00e9ritable processus de transformation. BLC \u00e9tait une imprimerie qui, il y a une quinzaine d'ann\u00e9es, a commenc\u00e9 \u00e0 se transformer petit \u00e0 petit en un \u00e9cosyst\u00e8me cr\u00e9atif pour la gestion d'entreprise ax\u00e9e sur la marque avec 130 collaborateurs. Dans ce contexte, on s'est rapidement rendu compte qu'il fallait impliquer activement les personnes concern\u00e9es dans le processus. Une orientation claire, mais aussi le transfert tangible de la confiance et de la responsabilit\u00e9, sont particuli\u00e8rement d\u00e9cisifs pour d\u00e9ployer une force d'avenir. Il transmet activement les exp\u00e9riences qu'il a faites dans ce contexte - notamment lors de la Journ\u00e9e du personnel de Suisse orientale 2019 en juin et ici dans l'interview.<\/p>\n<p><em><strong>Bastian Schneider, comment avez-vous gagn\u00e9 votre premier argent ? <\/strong><\/em><br \/>\nChez mon p\u00e8re, \u00e0 15 ans. Pendant tout un \u00e9t\u00e9, j'ai \"eu le droit\" d'abattre, de d\u00e9monter et de ranger d'innombrables arbres dans le jardin avec mon fr\u00e8re - pour 8 marks 50 de l'heure.<\/p>\n<p><em><strong>Quel \u00e9tait votre premier employeur et pourquoi l'avez-vous choisi ? <\/strong><\/em><br \/>\nMon premier v\u00e9ritable employeur, apr\u00e8s mes \u00e9tudes d'\u00e9conomie, \u00e9tait l'Institut pour la technique des marques \u00e0 Gen\u00e8ve - pour moi, \u00e0 l'\u00e9poque, l'instance en mati\u00e8re de gestion des marques et les seuls \u00e0 associer s\u00e9rieusement et s\u00e9rieusement le th\u00e8me de la marque \u00e0 celui de la gestion d'entreprise. J'avais lu un grand nombre de leurs publications et je m'\u00e9tais retrouv\u00e9 dans leur vision de la technique de la marque et dans leurs attitudes fondamentales. Pour moi, c'\u00e9tait clair \u00e0 l'\u00e9poque : je voulais devenir technicien de marque ! Vers la fin de mes \u00e9tudes, je n'ai envoy\u00e9 qu'une seule candidature. \u00c0 destination de Gen\u00e8ve. De mani\u00e8re spontan\u00e9e. Il n'y avait pas de poste \u00e0 pourvoir. Mais \u00e7a a march\u00e9 ! En d\u00e9cembre 2004, j'ai pris l'avion de Cologne \u00e0 Gen\u00e8ve pour un entretien d'embauche. Trois mois plus tard, je pouvais commencer - et de l\u00e0, pendant de nombreuses ann\u00e9es, j'ai r\u00e9alis\u00e9 des projets de marque passionnants en Suisse, en Allemagne et en Autriche. Aujourd'hui encore, je suis reconnaissant que cela ait fonctionn\u00e9. J'ai pu apprendre beaucoup - et c'est ainsi que nous sommes venus en Suisse, ma famille et moi.<\/p>\n<p><em><strong>Quelle entreprise, en dehors de la v\u00f4tre, a pour vous le plus grand rayonnement, la meilleure image - et pourquoi ? <\/strong><\/em><br \/>\nC'est clair : Lego - et ce depuis que je suis petit. \"Inspire and develop the builders of tomorrow\" - je peux toujours tr\u00e8s bien m'identifier \u00e0 cette raison d'\u00eatre. Mais la question du rayonnement d'un employeur est une chose. Dans de nombreux cas, l'image du produit de l'entreprise \u00e9clipse l'image de l'entreprise en tant qu'employeur. Ce n'est pas parce qu'un produit est sexy ou qu'une marque est \u00e0 la mode que l'on peut dire ce qu'est l'entreprise en tant qu'employeur. Comment c'est vraiment de travailler dans cette entreprise. Chaque jour. Des attentes erron\u00e9es ou exag\u00e9r\u00e9es avant de poser sa candidature laissent place \u00e0 une grande d\u00e9ception apr\u00e8s le d\u00e9but du travail - avec un taux de rotation \u00e9lev\u00e9 des collaborateurs. C'est une raison essentielle pour laquelle certaines entreprises doivent professionnaliser leur image de marque employeur. En tant que conseiller en marques, j'ai pu jeter un coup d'\u0153il dans les coulisses de certaines entreprises. On y rencontre souvent des collaborateurs qui ont imm\u00e9diatement le sentiment d'\u00eatre l\u00e0 : Cela correspond, ils sont exactement dans l'entreprise qui leur convient. Le principe du pot et du couvercle. Une situation productive gagnant-gagnant. Je pense qu'il faut travailler \u00e0 la promotion de ce \"matching\" et ne pas trop se pr\u00e9occuper du rayonnement g\u00e9n\u00e9ral.<\/p>\n<p><em><strong>Comment un employeur peut-il se distinguer \u00e0 l'\u00e8re du num\u00e9rique dans la concurrence pour attirer les professionnels ? <\/strong><\/em><br \/>\nLe secret est l'\"auto-s\u00e9lection\". Il ne s'agit pas d'\u00eatre attractif pour tous les travailleurs potentiels. Il s'agit d'\u00eatre attractif pour les bons travailleurs. Pour les personnes qui correspondent \u00e0 l'entreprise, \u00e0 sa culture et \u00e0 ses ambitions. Les entreprises sont aussi diff\u00e9rentes que les personnes - et il faut en tenir compte. Ce qui suscite l'enthousiasme chez l'un est absolument interdit chez l'autre. Il n'y a pas de bonne ou de mauvaise r\u00e9ponse. Il n'y a que des \"\u00e7a va\" ou des \"\u00e7a ne va pas\". Un profilage audacieux contre un bruit g\u00e9n\u00e9rique sans effet. Dans la concurrence pour le personnel qualifi\u00e9, cela signifie : identifie tes particularit\u00e9s - et mets-les en avant dans ta communication. Qu'est-ce qui rend notre entreprise unique en tant qu'employeur ? Que pouvons-nous promettre - et vraiment tenir ? Pour quoi nous battons-nous ? Qu'est-ce qui nous inspire \u00e0 donner le meilleur de nous-m\u00eames chaque jour ? Une entreprise devrait r\u00e9pondre \u00e0 ces questions de mani\u00e8re claire et s\u00fbre d'elle. Et poser ainsi les bases d'une participation r\u00e9ussie \u00e0 la \"guerre des talents\". Pour pouvoir attirer sur soi les personnes qui nous conviennent. Le mieux est d'utiliser les nouvelles possibilit\u00e9s num\u00e9riques et de communiquer de mani\u00e8re toujours plus ax\u00e9e sur les donn\u00e9es, assist\u00e9e par des syst\u00e8mes et automatis\u00e9e. Des candidatures de meilleure qualit\u00e9, des processus de recrutement plus efficaces et une anciennet\u00e9 moyenne plus \u00e9lev\u00e9e en seront les cons\u00e9quences.<\/p>\n<p><em><strong>Quelles sont les valeurs de l'employeur qui subsisteront toujours et qui resteront importantes ? <\/strong><\/em><br \/>\nDu point de vue de la marque : uniquement les siennes.<\/p>\n<p>&nbsp;<\/p>\n<p><em>Bastian Schneider est l'orateur de la journ\u00e9e du personnel de Suisse orientale de cette ann\u00e9e. <a href=\"https:\/\/www.personaltag.ch\/person\/bastian-schneider\/?utm_source=CleverReach&amp;utm_medium=email&amp;utm_campaign=23-04-2019+Medienmitteilung+15.+Ostschweizer+Personaltag&amp;utm_content=Mailing_11347234\">Plus d'informations<\/a>\u00a0<\/em><\/p>","protected":false},"excerpt":{"rendered":"<p>Bastian Schneider ber\u00e4t seit vielen Jahren Unternehmen im Bereich der strategischen und operativen Markenf\u00fchrung in zahlreichen Branchen in der Schweiz, in Deutschland und \u00d6sterreich. Zu den Themen Markenf\u00fchrung und Employer Branding schreibt er regelm\u00e4ssig Fachbeitr\u00e4ge und h\u00e4lt Expertenvortr\u00e4ge vor Unternehmen, bei Universit\u00e4ten und auf Konferenzen. Bastian Schneider war fr\u00fcher als Berater am Institut f\u00fcr Markentechnik [&hellip;]<\/p>\n","protected":false},"author":4,"featured_media":5172,"comment_status":"open","ping_status":"open","sticky":false,"template":"","format":"standard","meta":{"_acf_changed":false,"_yoast_wpseo_focuskw":"Bastian Schneider","_yoast_wpseo_metadesc":"Bastian Schneider weiss, wie Arbeitgeber im digitalen Zeitalter im Wettbewerb um Fachkr\u00e4fte sich abheben k\u00f6nnen. Dies und mehr verr\u00e4t er im Interview.","articlekey":"","footnotes":""},"categories":[26],"tags":[193,254,335,380,407],"class_list":["post-5171","post","type-post","status-publish","format-standard","has-post-thumbnail","hentry","category-hrm","tag-fachkongressfachmesse","tag-hrm","tag-management-und-unternehmensfuehrung","tag-personalfuehrung","tag-recruiting"],"acf":[],"yoast_head":"<!-- This site is optimized with the Yoast SEO plugin v27.4 - https:\/\/yoast.com\/product\/yoast-seo-wordpress\/ -->\n<title>Bastian Schneider zum Ostschweizer Personaltag 2019: Attraktiv sein f\u00fcr die richtigen Arbeitnehmer - Organisator<\/title>\n<meta name=\"description\" content=\"Bastian Schneider weiss, wie Arbeitgeber im digitalen Zeitalter im Wettbewerb um Fachkr\u00e4fte sich abheben k\u00f6nnen. Dies und mehr verr\u00e4t er im Interview.\" \/>\n<meta name=\"robots\" content=\"index, follow, max-snippet:-1, max-image-preview:large, max-video-preview:-1\" \/>\n<link rel=\"canonical\" href=\"https:\/\/www.organisator.ch\/fr\/ressources-humaines\/hrm\/2019-04-23\/bastian-schneider-zum-ostschweizer-personaltag-2019-attraktiv-sein-fuer-die-richtigen-arbeitnehmer\/\" \/>\n<meta property=\"og:locale\" content=\"fr_FR\" \/>\n<meta property=\"og:type\" content=\"article\" \/>\n<meta property=\"og:title\" content=\"Bastian Schneider zum Ostschweizer Personaltag 2019: Attraktiv sein f\u00fcr die richtigen Arbeitnehmer\" \/>\n<meta property=\"og:description\" content=\"Bastian Schneider weiss, wie Arbeitgeber im digitalen Zeitalter im Wettbewerb um Fachkr\u00e4fte sich abheben k\u00f6nnen. Dies und mehr verr\u00e4t er im Interview.\" \/>\n<meta property=\"og:url\" content=\"https:\/\/www.organisator.ch\/fr\/ressources-humaines\/hrm\/2019-04-23\/bastian-schneider-zum-ostschweizer-personaltag-2019-attraktiv-sein-fuer-die-richtigen-arbeitnehmer\/\" \/>\n<meta property=\"og:site_name\" content=\"Organisator\" \/>\n<meta property=\"article:publisher\" content=\"https:\/\/www.facebook.com\/OrganisatorFachmagazin\" \/>\n<meta property=\"article:published_time\" content=\"2019-04-23T14:59:02+00:00\" \/>\n<meta property=\"og:image\" content=\"https:\/\/www.organisator.ch\/wp-content\/uploads\/2019\/04\/Bastian-Schneider-zum-Ostschweizer-Personaltag-2019-Attraktiv-sein-fuer-die-richtigen-Arbeitnehmer_Organisator.jpg\" \/>\n\t<meta property=\"og:image:width\" content=\"679\" \/>\n\t<meta property=\"og:image:height\" content=\"570\" \/>\n\t<meta property=\"og:image:type\" content=\"image\/jpeg\" \/>\n<meta name=\"author\" content=\"thomas.berner\" \/>\n<meta name=\"twitter:card\" content=\"summary_large_image\" \/>\n<meta name=\"twitter:title\" content=\"Bastian Schneider zum Ostschweizer #Personaltag 2019: Attraktiv sein f\u00fcr die richtigen Arbeitnehmer\" \/>\n<meta name=\"twitter:description\" content=\"#BastianSchneider weiss, wie Arbeitgeber im digitalen Zeitalter im Wettbewerb um Fachkr\u00e4fte sich abheben k\u00f6nnen. Dies und mehr verr\u00e4t er im Interview.\" \/>\n<meta name=\"twitter:image\" content=\"https:\/\/www.organisator.ch\/wp-content\/uploads\/2019\/04\/Bastian-Schneider-zum-Ostschweizer-Personaltag-2019-Attraktiv-sein-f\u00fcr-die-richtigen-Arbeitnehmer_Organisator.jpg\" \/>\n<script type=\"application\/ld+json\" class=\"yoast-schema-graph\">{\"@context\":\"https:\\\/\\\/schema.org\",\"@graph\":[{\"@type\":\"Article\",\"@id\":\"https:\\\/\\\/www.organisator.ch\\\/human-resources\\\/hrm\\\/2019-04-23\\\/bastian-schneider-zum-ostschweizer-personaltag-2019-attraktiv-sein-fuer-die-richtigen-arbeitnehmer\\\/#article\",\"isPartOf\":{\"@id\":\"https:\\\/\\\/www.organisator.ch\\\/human-resources\\\/hrm\\\/2019-04-23\\\/bastian-schneider-zum-ostschweizer-personaltag-2019-attraktiv-sein-fuer-die-richtigen-arbeitnehmer\\\/\"},\"author\":{\"name\":\"thomas.berner\",\"@id\":\"https:\\\/\\\/www.organisator.ch\\\/#\\\/schema\\\/person\\\/6f650f90b2842cd4c0cc334b4e36f67e\"},\"headline\":\"Bastian Schneider zum Ostschweizer Personaltag 2019: Attraktiv sein f\u00fcr die richtigen Arbeitnehmer\",\"datePublished\":\"2019-04-23T14:59:02+00:00\",\"mainEntityOfPage\":{\"@id\":\"https:\\\/\\\/www.organisator.ch\\\/human-resources\\\/hrm\\\/2019-04-23\\\/bastian-schneider-zum-ostschweizer-personaltag-2019-attraktiv-sein-fuer-die-richtigen-arbeitnehmer\\\/\"},\"wordCount\":911,\"commentCount\":0,\"publisher\":{\"@id\":\"https:\\\/\\\/www.organisator.ch\\\/#organization\"},\"image\":{\"@id\":\"https:\\\/\\\/www.organisator.ch\\\/human-resources\\\/hrm\\\/2019-04-23\\\/bastian-schneider-zum-ostschweizer-personaltag-2019-attraktiv-sein-fuer-die-richtigen-arbeitnehmer\\\/#primaryimage\"},\"thumbnailUrl\":\"https:\\\/\\\/www.organisator.ch\\\/wp-content\\\/uploads\\\/2019\\\/04\\\/Bastian-Schneider-zum-Ostschweizer-Personaltag-2019-Attraktiv-sein-fuer-die-richtigen-Arbeitnehmer_Organisator.jpg\",\"keywords\":[\"Fachkongress\\\/Fachmesse\",\"HRM\",\"Management und Unternehmensf\u00fchrung\",\"Personalf\u00fchrung\",\"Recruiting\"],\"articleSection\":[\"HRM\"],\"inLanguage\":\"fr-FR\"},{\"@type\":\"WebPage\",\"@id\":\"https:\\\/\\\/www.organisator.ch\\\/human-resources\\\/hrm\\\/2019-04-23\\\/bastian-schneider-zum-ostschweizer-personaltag-2019-attraktiv-sein-fuer-die-richtigen-arbeitnehmer\\\/\",\"url\":\"https:\\\/\\\/www.organisator.ch\\\/human-resources\\\/hrm\\\/2019-04-23\\\/bastian-schneider-zum-ostschweizer-personaltag-2019-attraktiv-sein-fuer-die-richtigen-arbeitnehmer\\\/\",\"name\":\"Bastian Schneider zum Ostschweizer Personaltag 2019: Attraktiv sein f\u00fcr die richtigen Arbeitnehmer - Organisator\",\"isPartOf\":{\"@id\":\"https:\\\/\\\/www.organisator.ch\\\/#website\"},\"primaryImageOfPage\":{\"@id\":\"https:\\\/\\\/www.organisator.ch\\\/human-resources\\\/hrm\\\/2019-04-23\\\/bastian-schneider-zum-ostschweizer-personaltag-2019-attraktiv-sein-fuer-die-richtigen-arbeitnehmer\\\/#primaryimage\"},\"image\":{\"@id\":\"https:\\\/\\\/www.organisator.ch\\\/human-resources\\\/hrm\\\/2019-04-23\\\/bastian-schneider-zum-ostschweizer-personaltag-2019-attraktiv-sein-fuer-die-richtigen-arbeitnehmer\\\/#primaryimage\"},\"thumbnailUrl\":\"https:\\\/\\\/www.organisator.ch\\\/wp-content\\\/uploads\\\/2019\\\/04\\\/Bastian-Schneider-zum-Ostschweizer-Personaltag-2019-Attraktiv-sein-fuer-die-richtigen-Arbeitnehmer_Organisator.jpg\",\"datePublished\":\"2019-04-23T14:59:02+00:00\",\"description\":\"Bastian Schneider weiss, wie Arbeitgeber im digitalen Zeitalter im Wettbewerb um Fachkr\u00e4fte sich abheben k\u00f6nnen. Dies und mehr verr\u00e4t er im Interview.\",\"breadcrumb\":{\"@id\":\"https:\\\/\\\/www.organisator.ch\\\/human-resources\\\/hrm\\\/2019-04-23\\\/bastian-schneider-zum-ostschweizer-personaltag-2019-attraktiv-sein-fuer-die-richtigen-arbeitnehmer\\\/#breadcrumb\"},\"inLanguage\":\"fr-FR\",\"potentialAction\":[{\"@type\":\"ReadAction\",\"target\":[\"https:\\\/\\\/www.organisator.ch\\\/human-resources\\\/hrm\\\/2019-04-23\\\/bastian-schneider-zum-ostschweizer-personaltag-2019-attraktiv-sein-fuer-die-richtigen-arbeitnehmer\\\/\"]}]},{\"@type\":\"ImageObject\",\"inLanguage\":\"fr-FR\",\"@id\":\"https:\\\/\\\/www.organisator.ch\\\/human-resources\\\/hrm\\\/2019-04-23\\\/bastian-schneider-zum-ostschweizer-personaltag-2019-attraktiv-sein-fuer-die-richtigen-arbeitnehmer\\\/#primaryimage\",\"url\":\"https:\\\/\\\/www.organisator.ch\\\/wp-content\\\/uploads\\\/2019\\\/04\\\/Bastian-Schneider-zum-Ostschweizer-Personaltag-2019-Attraktiv-sein-fuer-die-richtigen-Arbeitnehmer_Organisator.jpg\",\"contentUrl\":\"https:\\\/\\\/www.organisator.ch\\\/wp-content\\\/uploads\\\/2019\\\/04\\\/Bastian-Schneider-zum-Ostschweizer-Personaltag-2019-Attraktiv-sein-fuer-die-richtigen-Arbeitnehmer_Organisator.jpg\",\"width\":679,\"height\":570,\"caption\":\"Bastian Schneider ist Spezialist f\u00fcr Markenf\u00fchrung und spricht am 15. Ostschweizer Personaltag zum Thema \\\"Vom Employer- zum Employee-Branding\\\". (Bild: Hotz Brand Consultants)\"},{\"@type\":\"BreadcrumbList\",\"@id\":\"https:\\\/\\\/www.organisator.ch\\\/human-resources\\\/hrm\\\/2019-04-23\\\/bastian-schneider-zum-ostschweizer-personaltag-2019-attraktiv-sein-fuer-die-richtigen-arbeitnehmer\\\/#breadcrumb\",\"itemListElement\":[{\"@type\":\"ListItem\",\"position\":1,\"name\":\"Home\",\"item\":\"https:\\\/\\\/www.organisator.ch\\\/\"},{\"@type\":\"ListItem\",\"position\":2,\"name\":\"Bastian Schneider zum Ostschweizer Personaltag 2019: Attraktiv sein f\u00fcr die richtigen Arbeitnehmer\"}]},{\"@type\":\"WebSite\",\"@id\":\"https:\\\/\\\/www.organisator.ch\\\/#website\",\"url\":\"https:\\\/\\\/www.organisator.ch\\\/\",\"name\":\"Organisator\",\"description\":\"Kompetent. Praxisnah. Der ORGANISATOR bereitet in 10 Ausgaben pro Jahr die wesentlichen Themen f\u00fcr F\u00fchrungskr\u00e4fte von KMU auf.\",\"publisher\":{\"@id\":\"https:\\\/\\\/www.organisator.ch\\\/#organization\"},\"potentialAction\":[{\"@type\":\"SearchAction\",\"target\":{\"@type\":\"EntryPoint\",\"urlTemplate\":\"https:\\\/\\\/www.organisator.ch\\\/?s={search_term_string}\"},\"query-input\":{\"@type\":\"PropertyValueSpecification\",\"valueRequired\":true,\"valueName\":\"search_term_string\"}}],\"inLanguage\":\"fr-FR\"},{\"@type\":\"Organization\",\"@id\":\"https:\\\/\\\/www.organisator.ch\\\/#organization\",\"name\":\"Organisator\",\"url\":\"https:\\\/\\\/www.organisator.ch\\\/\",\"logo\":{\"@type\":\"ImageObject\",\"inLanguage\":\"fr-FR\",\"@id\":\"https:\\\/\\\/www.organisator.ch\\\/#\\\/schema\\\/logo\\\/image\\\/\",\"url\":\"https:\\\/\\\/www.organisator.ch\\\/wp-content\\\/uploads\\\/2022\\\/01\\\/Logo_Organisator_Website.png\",\"contentUrl\":\"https:\\\/\\\/www.organisator.ch\\\/wp-content\\\/uploads\\\/2022\\\/01\\\/Logo_Organisator_Website.png\",\"width\":800,\"height\":77,\"caption\":\"Organisator\"},\"image\":{\"@id\":\"https:\\\/\\\/www.organisator.ch\\\/#\\\/schema\\\/logo\\\/image\\\/\"},\"sameAs\":[\"https:\\\/\\\/www.facebook.com\\\/OrganisatorFachmagazin\",\"https:\\\/\\\/www.linkedin.com\\\/showcase\\\/organisator-das-magazin-fr-kmu\",\"https:\\\/\\\/www.xing.com\\\/news\\\/pages\\\/organisator-ch-695\",\"https:\\\/\\\/www.youtube.com\\\/channel\\\/UCGP2Sq0iWaZwT3BdIAQFYpw\"]},{\"@type\":\"Person\",\"@id\":\"https:\\\/\\\/www.organisator.ch\\\/#\\\/schema\\\/person\\\/6f650f90b2842cd4c0cc334b4e36f67e\",\"name\":\"thomas.berner\",\"image\":{\"@type\":\"ImageObject\",\"inLanguage\":\"fr-FR\",\"@id\":\"https:\\\/\\\/secure.gravatar.com\\\/avatar\\\/ac5001d2a36cb6c6cd3e50789007ffca834b477b74a2144564522e944eabff61?s=96&d=mm&r=g\",\"url\":\"https:\\\/\\\/secure.gravatar.com\\\/avatar\\\/ac5001d2a36cb6c6cd3e50789007ffca834b477b74a2144564522e944eabff61?s=96&d=mm&r=g\",\"contentUrl\":\"https:\\\/\\\/secure.gravatar.com\\\/avatar\\\/ac5001d2a36cb6c6cd3e50789007ffca834b477b74a2144564522e944eabff61?s=96&d=mm&r=g\",\"caption\":\"thomas.berner\"},\"url\":\"https:\\\/\\\/www.organisator.ch\\\/fr\\\/author\\\/thomas-berner\\\/\"}]}<\/script>\n<!-- \/ Yoast SEO plugin. -->","yoast_head_json":{"title":"Bastian Schneider \u00e0 propos de la Journ\u00e9e du personnel de Suisse orientale 2019 : \u00eatre attractif pour les bons employ\u00e9s - Organisateur","description":"Bastian Schneider sait comment les employeurs peuvent se d\u00e9marquer \u00e0 l'\u00e8re du num\u00e9rique dans la concurrence pour le personnel qualifi\u00e9. C'est ce qu'il r\u00e9v\u00e8le, et bien plus encore, dans cette interview.","robots":{"index":"index","follow":"follow","max-snippet":"max-snippet:-1","max-image-preview":"max-image-preview:large","max-video-preview":"max-video-preview:-1"},"canonical":"https:\/\/www.organisator.ch\/fr\/ressources-humaines\/hrm\/2019-04-23\/bastian-schneider-zum-ostschweizer-personaltag-2019-attraktiv-sein-fuer-die-richtigen-arbeitnehmer\/","og_locale":"fr_FR","og_type":"article","og_title":"Bastian Schneider zum Ostschweizer Personaltag 2019: Attraktiv sein f\u00fcr die richtigen Arbeitnehmer","og_description":"Bastian Schneider weiss, wie Arbeitgeber im digitalen Zeitalter im Wettbewerb um Fachkr\u00e4fte sich abheben k\u00f6nnen. Dies und mehr verr\u00e4t er im Interview.","og_url":"https:\/\/www.organisator.ch\/fr\/ressources-humaines\/hrm\/2019-04-23\/bastian-schneider-zum-ostschweizer-personaltag-2019-attraktiv-sein-fuer-die-richtigen-arbeitnehmer\/","og_site_name":"Organisator","article_publisher":"https:\/\/www.facebook.com\/OrganisatorFachmagazin","article_published_time":"2019-04-23T14:59:02+00:00","og_image":[{"width":679,"height":570,"url":"https:\/\/www.organisator.ch\/wp-content\/uploads\/2019\/04\/Bastian-Schneider-zum-Ostschweizer-Personaltag-2019-Attraktiv-sein-fuer-die-richtigen-Arbeitnehmer_Organisator.jpg","type":"image\/jpeg"}],"author":"thomas.berner","twitter_card":"summary_large_image","twitter_title":"Bastian Schneider zum Ostschweizer #Personaltag 2019: Attraktiv sein f\u00fcr die richtigen Arbeitnehmer","twitter_description":"#BastianSchneider weiss, wie Arbeitgeber im digitalen Zeitalter im Wettbewerb um Fachkr\u00e4fte sich abheben k\u00f6nnen. Dies und mehr verr\u00e4t er im Interview.","twitter_image":"https:\/\/www.organisator.ch\/wp-content\/uploads\/2019\/04\/Bastian-Schneider-zum-Ostschweizer-Personaltag-2019-Attraktiv-sein-f\u00fcr-die-richtigen-Arbeitnehmer_Organisator.jpg","schema":{"@context":"https:\/\/schema.org","@graph":[{"@type":"Article","@id":"https:\/\/www.organisator.ch\/human-resources\/hrm\/2019-04-23\/bastian-schneider-zum-ostschweizer-personaltag-2019-attraktiv-sein-fuer-die-richtigen-arbeitnehmer\/#article","isPartOf":{"@id":"https:\/\/www.organisator.ch\/human-resources\/hrm\/2019-04-23\/bastian-schneider-zum-ostschweizer-personaltag-2019-attraktiv-sein-fuer-die-richtigen-arbeitnehmer\/"},"author":{"name":"thomas.berner","@id":"https:\/\/www.organisator.ch\/#\/schema\/person\/6f650f90b2842cd4c0cc334b4e36f67e"},"headline":"Bastian Schneider zum Ostschweizer Personaltag 2019: Attraktiv sein f\u00fcr die richtigen Arbeitnehmer","datePublished":"2019-04-23T14:59:02+00:00","mainEntityOfPage":{"@id":"https:\/\/www.organisator.ch\/human-resources\/hrm\/2019-04-23\/bastian-schneider-zum-ostschweizer-personaltag-2019-attraktiv-sein-fuer-die-richtigen-arbeitnehmer\/"},"wordCount":911,"commentCount":0,"publisher":{"@id":"https:\/\/www.organisator.ch\/#organization"},"image":{"@id":"https:\/\/www.organisator.ch\/human-resources\/hrm\/2019-04-23\/bastian-schneider-zum-ostschweizer-personaltag-2019-attraktiv-sein-fuer-die-richtigen-arbeitnehmer\/#primaryimage"},"thumbnailUrl":"https:\/\/www.organisator.ch\/wp-content\/uploads\/2019\/04\/Bastian-Schneider-zum-Ostschweizer-Personaltag-2019-Attraktiv-sein-fuer-die-richtigen-Arbeitnehmer_Organisator.jpg","keywords":["Fachkongress\/Fachmesse","HRM","Management und Unternehmensf\u00fchrung","Personalf\u00fchrung","Recruiting"],"articleSection":["HRM"],"inLanguage":"fr-FR"},{"@type":"WebPage","@id":"https:\/\/www.organisator.ch\/human-resources\/hrm\/2019-04-23\/bastian-schneider-zum-ostschweizer-personaltag-2019-attraktiv-sein-fuer-die-richtigen-arbeitnehmer\/","url":"https:\/\/www.organisator.ch\/human-resources\/hrm\/2019-04-23\/bastian-schneider-zum-ostschweizer-personaltag-2019-attraktiv-sein-fuer-die-richtigen-arbeitnehmer\/","name":"Bastian Schneider \u00e0 propos de la Journ\u00e9e du personnel de Suisse orientale 2019 : \u00eatre attractif pour les bons employ\u00e9s - Organisateur","isPartOf":{"@id":"https:\/\/www.organisator.ch\/#website"},"primaryImageOfPage":{"@id":"https:\/\/www.organisator.ch\/human-resources\/hrm\/2019-04-23\/bastian-schneider-zum-ostschweizer-personaltag-2019-attraktiv-sein-fuer-die-richtigen-arbeitnehmer\/#primaryimage"},"image":{"@id":"https:\/\/www.organisator.ch\/human-resources\/hrm\/2019-04-23\/bastian-schneider-zum-ostschweizer-personaltag-2019-attraktiv-sein-fuer-die-richtigen-arbeitnehmer\/#primaryimage"},"thumbnailUrl":"https:\/\/www.organisator.ch\/wp-content\/uploads\/2019\/04\/Bastian-Schneider-zum-Ostschweizer-Personaltag-2019-Attraktiv-sein-fuer-die-richtigen-Arbeitnehmer_Organisator.jpg","datePublished":"2019-04-23T14:59:02+00:00","description":"Bastian Schneider sait comment les employeurs peuvent se d\u00e9marquer \u00e0 l'\u00e8re du num\u00e9rique dans la concurrence pour le personnel qualifi\u00e9. C'est ce qu'il r\u00e9v\u00e8le, et bien plus encore, dans cette interview.","breadcrumb":{"@id":"https:\/\/www.organisator.ch\/human-resources\/hrm\/2019-04-23\/bastian-schneider-zum-ostschweizer-personaltag-2019-attraktiv-sein-fuer-die-richtigen-arbeitnehmer\/#breadcrumb"},"inLanguage":"fr-FR","potentialAction":[{"@type":"ReadAction","target":["https:\/\/www.organisator.ch\/human-resources\/hrm\/2019-04-23\/bastian-schneider-zum-ostschweizer-personaltag-2019-attraktiv-sein-fuer-die-richtigen-arbeitnehmer\/"]}]},{"@type":"ImageObject","inLanguage":"fr-FR","@id":"https:\/\/www.organisator.ch\/human-resources\/hrm\/2019-04-23\/bastian-schneider-zum-ostschweizer-personaltag-2019-attraktiv-sein-fuer-die-richtigen-arbeitnehmer\/#primaryimage","url":"https:\/\/www.organisator.ch\/wp-content\/uploads\/2019\/04\/Bastian-Schneider-zum-Ostschweizer-Personaltag-2019-Attraktiv-sein-fuer-die-richtigen-Arbeitnehmer_Organisator.jpg","contentUrl":"https:\/\/www.organisator.ch\/wp-content\/uploads\/2019\/04\/Bastian-Schneider-zum-Ostschweizer-Personaltag-2019-Attraktiv-sein-fuer-die-richtigen-Arbeitnehmer_Organisator.jpg","width":679,"height":570,"caption":"Bastian Schneider ist Spezialist f\u00fcr Markenf\u00fchrung und spricht am 15. Ostschweizer Personaltag zum Thema \"Vom Employer- zum Employee-Branding\". (Bild: Hotz Brand Consultants)"},{"@type":"BreadcrumbList","@id":"https:\/\/www.organisator.ch\/human-resources\/hrm\/2019-04-23\/bastian-schneider-zum-ostschweizer-personaltag-2019-attraktiv-sein-fuer-die-richtigen-arbeitnehmer\/#breadcrumb","itemListElement":[{"@type":"ListItem","position":1,"name":"Home","item":"https:\/\/www.organisator.ch\/"},{"@type":"ListItem","position":2,"name":"Bastian Schneider zum Ostschweizer Personaltag 2019: Attraktiv sein f\u00fcr die richtigen Arbeitnehmer"}]},{"@type":"WebSite","@id":"https:\/\/www.organisator.ch\/#website","url":"https:\/\/www.organisator.ch\/","name":"Organisateur","description":"Comp\u00e9tence et comp\u00e9tence. Proches de la pratique. L'ORGANISATEUR pr\u00e9pare 10 num\u00e9ros par an sur les th\u00e8mes essentiels pour les dirigeants de PME.","publisher":{"@id":"https:\/\/www.organisator.ch\/#organization"},"potentialAction":[{"@type":"SearchAction","target":{"@type":"EntryPoint","urlTemplate":"https:\/\/www.organisator.ch\/?s={search_term_string}"},"query-input":{"@type":"PropertyValueSpecification","valueRequired":true,"valueName":"search_term_string"}}],"inLanguage":"fr-FR"},{"@type":"Organization","@id":"https:\/\/www.organisator.ch\/#organization","name":"Organisateur","url":"https:\/\/www.organisator.ch\/","logo":{"@type":"ImageObject","inLanguage":"fr-FR","@id":"https:\/\/www.organisator.ch\/#\/schema\/logo\/image\/","url":"https:\/\/www.organisator.ch\/wp-content\/uploads\/2022\/01\/Logo_Organisator_Website.png","contentUrl":"https:\/\/www.organisator.ch\/wp-content\/uploads\/2022\/01\/Logo_Organisator_Website.png","width":800,"height":77,"caption":"Organisator"},"image":{"@id":"https:\/\/www.organisator.ch\/#\/schema\/logo\/image\/"},"sameAs":["https:\/\/www.facebook.com\/OrganisatorFachmagazin","https:\/\/www.linkedin.com\/showcase\/organisator-das-magazin-fr-kmu","https:\/\/www.xing.com\/news\/pages\/organisator-ch-695","https:\/\/www.youtube.com\/channel\/UCGP2Sq0iWaZwT3BdIAQFYpw"]},{"@type":"Person","@id":"https:\/\/www.organisator.ch\/#\/schema\/person\/6f650f90b2842cd4c0cc334b4e36f67e","name":"thomas.berner","image":{"@type":"ImageObject","inLanguage":"fr-FR","@id":"https:\/\/secure.gravatar.com\/avatar\/ac5001d2a36cb6c6cd3e50789007ffca834b477b74a2144564522e944eabff61?s=96&d=mm&r=g","url":"https:\/\/secure.gravatar.com\/avatar\/ac5001d2a36cb6c6cd3e50789007ffca834b477b74a2144564522e944eabff61?s=96&d=mm&r=g","contentUrl":"https:\/\/secure.gravatar.com\/avatar\/ac5001d2a36cb6c6cd3e50789007ffca834b477b74a2144564522e944eabff61?s=96&d=mm&r=g","caption":"thomas.berner"},"url":"https:\/\/www.organisator.ch\/fr\/author\/thomas-berner\/"}]}},"_links":{"self":[{"href":"https:\/\/www.organisator.ch\/fr\/wp-json\/wp\/v2\/posts\/5171","targetHints":{"allow":["GET"]}}],"collection":[{"href":"https:\/\/www.organisator.ch\/fr\/wp-json\/wp\/v2\/posts"}],"about":[{"href":"https:\/\/www.organisator.ch\/fr\/wp-json\/wp\/v2\/types\/post"}],"author":[{"embeddable":true,"href":"https:\/\/www.organisator.ch\/fr\/wp-json\/wp\/v2\/users\/4"}],"replies":[{"embeddable":true,"href":"https:\/\/www.organisator.ch\/fr\/wp-json\/wp\/v2\/comments?post=5171"}],"version-history":[{"count":0,"href":"https:\/\/www.organisator.ch\/fr\/wp-json\/wp\/v2\/posts\/5171\/revisions"}],"wp:featuredmedia":[{"embeddable":true,"href":"https:\/\/www.organisator.ch\/fr\/wp-json\/wp\/v2\/media\/5172"}],"wp:attachment":[{"href":"https:\/\/www.organisator.ch\/fr\/wp-json\/wp\/v2\/media?parent=5171"}],"wp:term":[{"taxonomy":"category","embeddable":true,"href":"https:\/\/www.organisator.ch\/fr\/wp-json\/wp\/v2\/categories?post=5171"},{"taxonomy":"post_tag","embeddable":true,"href":"https:\/\/www.organisator.ch\/fr\/wp-json\/wp\/v2\/tags?post=5171"}],"curies":[{"name":"wp","href":"https:\/\/api.w.org\/{rel}","templated":true}]}}