{"id":5187,"date":"2021-12-09T11:22:18","date_gmt":"2021-12-09T10:22:18","guid":{"rendered":"https:\/\/www.umweltperspektiven.ch\/?p=5187"},"modified":"2022-02-09T11:06:44","modified_gmt":"2022-02-09T10:06:44","slug":"die-wissenschaft-geht-ins-bundeshaus","status":"publish","type":"post","link":"https:\/\/www.organisator.ch\/fr\/sustainability\/2021-12-09\/die-wissenschaft-geht-ins-bundeshaus\/","title":{"rendered":"Les scientifiques vont au Palais f\u00e9d\u00e9ral"},"content":{"rendered":"<figure id=\"attachment_5188\" aria-describedby=\"caption-attachment-5188\" style=\"width: 680px\" class=\"wp-caption aligncenter\"><img loading=\"lazy\" decoding=\"async\" class=\"wp-image-5188 size-medium\" src=\"\/\/www.umweltperspektiven.ch\/wp-content\/uploads\/2021\/12\/Depositphotos_20448111_S.jpg\" alt=\"Acad\u00e9mies suisses des sciences\" width=\"680\" height=\"450\" \/><figcaption id=\"caption-attachment-5188\" class=\"wp-caption-text\">Depositphotos, Arsty<\/figcaption><\/figure>\n<p>Le Groupe d'experts intergouvernemental sur l'\u00e9volution du climat (GIEC) publie actuellement son dernier rapport d'\u00e9valuation, qui r\u00e9sume les connaissances sur l'\u00e9tat, l'\u00e9volution et les possibilit\u00e9s d'action en mati\u00e8re de changement climatique. De nombreux chercheurs suisses y participent. La 1\u00e8re partie du rapport <a href=\"\/\/www.ipcc.ch\">GIEC<\/a>-La premi\u00e8re partie du rapport a \u00e9t\u00e9 publi\u00e9e en ao\u00fbt 2021 ; les parties 2 et 3 suivront en f\u00e9vrier et mars 2022. \"Les rapports sont une source fiable et souvent cit\u00e9e lorsqu'il s'agit de la probl\u00e9matique du climat. Les parlementaires doivent donc conna\u00eetre les r\u00e9sultats rapidement et de premi\u00e8re main\", explique Ir\u00e8ne K\u00e4lin. La pr\u00e9sidente du Conseil national invite le 2 mai 2022, avec le groupe parlementaire Climat et les Acad\u00e9mies des sciences, \u00e0 un dialogue sur les rapports du GIEC au Palais f\u00e9d\u00e9ral.<\/p>\n<p><strong>Attendre ne fait que nuire <\/strong><\/p>\n<p>\"Il est essentiel d'agir maintenant de mani\u00e8re d\u00e9cisive sur la base des fondements scientifiques. Plus nous attendons, plus les options d'action se r\u00e9duisent et plus nous devons g\u00e9rer de crises en m\u00eame temps. La science fournit des bases importantes \u00e0 cet \u00e9gard. Mais ce n'est que dans le cadre d'un dialogue \u00e9troit et constructif avec la politique et la soci\u00e9t\u00e9 que le d\u00e9fi pourra \u00eatre relev\u00e9 avec succ\u00e8s\", d\u00e9clare Christian Huggel, co-auteur du GIEC \u00e0 l'Universit\u00e9 de Zurich.<\/p>\n<p>\"Nous avons besoin d'un meilleur \u00e9change entre la science et la politique. Les parlementaires doivent absolument avoir la possibilit\u00e9 d'\u00e9changer directement sur le contenu des derniers rapports du GIEC avec les chercheurs qui ont particip\u00e9 \u00e0 ces rapports\", d\u00e9clare Sonia Seneviratne, auteur principal du GIEC \u00e0 l'ETH Zurich.<\/p>\n<p>\"En tant qu'auteur au sein du groupe de travail 3 du GIEC sur les mesures d'att\u00e9nuation du changement climatique, je constate d'\u00e9normes progr\u00e8s dans notre compr\u00e9hension scientifique des mesures de politique climatique qui fonctionnent et de la mani\u00e8re dont elles peuvent \u00e9galement contribuer \u00e0 r\u00e9soudre d'autres probl\u00e8mes, comme la perte de biodiversit\u00e9. Il est important de parler aux d\u00e9cideurs politiques non seulement de la science du changement climatique, mais aussi des connaissances scientifiques permettant d'att\u00e9nuer le changement climatique\", souligne Anthony Patt de l'ETH Zurich.<\/p>\n<p><strong>Diverses manifestations pr\u00e9vues<\/strong><\/p>\n<p>Les Acad\u00e9mies suisses des sciences m\u00e8nent le dialogue \u00e0 plusieurs niveaux. Une s\u00e9rie de manifestations est pr\u00e9vue pour les rapports du GIEC, en collaboration avec les auteurs des rapports de la Suisse. Le jour de la parution, les Acad\u00e9mies communiquent les r\u00e9sultats lors de conf\u00e9rences de presse. Le 12 avril, le <a href=\"\/\/scnat.ch\/de\/uuid\/i\/f64cf142-a2de-5981-8a41-f145bc07e146-Swiss_Global_Change_Day\">Swiss Global Change Day<\/a> Le 2 mai, le dialogue avec les membres du Parlement aura lieu.<\/p>\n<p>Mi-juillet 2022, le Conseil mondial de la biodiversit\u00e9 (IPBES) publiera ses deux derniers rapports. Des s\u00e9ances d'information seront \u00e9galement organis\u00e9es \u00e0 ce sujet et la pr\u00e9sidente du Conseil national invitera au dialogue au Palais f\u00e9d\u00e9ral.<\/p>\n<p><em>Source : <a href=\"\/\/scnat.ch\/\">Acad\u00e9mie suisse des sciences naturelles<\/a><\/em><\/p>\n<p>&nbsp;<\/p>\n<p>&nbsp;<\/p>","protected":false},"excerpt":{"rendered":"<p>Der Weltklimarat publiziert aktuell den j\u00fcngsten Sachstandsbericht, der das Wissen zu Zustand, Entwicklungen und Handlungsm\u00f6glichkeiten zum Klimawandel zusammenfasst. Beteiligt sind auch viele Forschende aus der Schweiz. Der 1. Teil des IPCC-Berichtes wurde im August 2021 ver\u00f6ffentlicht; Teile 2 und 3 folgen im Februar bzw. M\u00e4rz 2022. \u00abDie Berichte sind eine verl\u00e4ssliche und vielzitierte Quelle, wenn [&hellip;]<\/p>\n","protected":false},"author":6,"featured_media":9885,"comment_status":"closed","ping_status":"closed","sticky":false,"template":"","format":"standard","meta":{"_acf_changed":false,"_yoast_wpseo_focuskw":"Akademien der Wissenschaften Schweiz","_yoast_wpseo_metadesc":"Nationalratspr\u00e4sidentin Ir\u00e8ne K\u00e4lin hat die Akademien der Wissenschaften Schweiz nach Bern eingeladen, um mit den Parlamentsmitgliedern zu diskutieren.","articlekey":"","footnotes":""},"categories":[580],"tags":[686,829,596,502],"class_list":["post-5187","post","type-post","status-publish","format-standard","has-post-thumbnail","hentry","category-sustainability","tag-akademien-der-wissenschaften-schweiz","tag-biodiversitaet","tag-klima","tag-veranstaltungen"],"acf":[],"yoast_head":"<!-- This site is optimized with the Yoast SEO plugin v27.4 - https:\/\/yoast.com\/product\/yoast-seo-wordpress\/ -->\n<title>Die Wissenschaftler gehen ins Bundeshaus - Organisator<\/title>\n<meta name=\"description\" content=\"Nationalratspr\u00e4sidentin Ir\u00e8ne K\u00e4lin hat die Akademien der Wissenschaften Schweiz nach Bern eingeladen, um mit den Parlamentsmitgliedern zu diskutieren.\" \/>\n<meta name=\"robots\" content=\"index, follow, max-snippet:-1, max-image-preview:large, max-video-preview:-1\" \/>\n<link rel=\"canonical\" href=\"https:\/\/www.organisator.ch\/fr\/sustainability\/2021-12-09\/die-wissenschaft-geht-ins-bundeshaus\/\" \/>\n<meta property=\"og:locale\" content=\"fr_FR\" \/>\n<meta property=\"og:type\" content=\"article\" \/>\n<meta property=\"og:title\" content=\"Die Wissenschaftler gehen ins Bundeshaus - Organisator\" \/>\n<meta property=\"og:description\" content=\"Nationalratspr\u00e4sidentin Ir\u00e8ne K\u00e4lin hat die Akademien der Wissenschaften Schweiz nach Bern eingeladen, um mit den Parlamentsmitgliedern zu diskutieren.\" \/>\n<meta property=\"og:url\" content=\"https:\/\/www.organisator.ch\/fr\/sustainability\/2021-12-09\/die-wissenschaft-geht-ins-bundeshaus\/\" \/>\n<meta property=\"og:site_name\" content=\"Organisator\" \/>\n<meta property=\"article:publisher\" content=\"https:\/\/www.facebook.com\/OrganisatorFachmagazin\" \/>\n<meta property=\"article:published_time\" content=\"2021-12-09T10:22:18+00:00\" \/>\n<meta property=\"article:modified_time\" content=\"2022-02-09T10:06:44+00:00\" \/>\n<meta property=\"og:image\" content=\"https:\/\/www.organisator.ch\/wp-content\/uploads\/2021\/12\/Depositphotos_20448111_S.jpg\" \/>\n\t<meta property=\"og:image:width\" content=\"1000\" \/>\n\t<meta property=\"og:image:height\" content=\"662\" \/>\n\t<meta property=\"og:image:type\" content=\"image\/jpeg\" \/>\n<meta name=\"author\" content=\"roger.straessle\" \/>\n<meta name=\"twitter:card\" content=\"summary_large_image\" \/>\n<script type=\"application\/ld+json\" class=\"yoast-schema-graph\">{\"@context\":\"https:\\\/\\\/schema.org\",\"@graph\":[{\"@type\":\"Article\",\"@id\":\"https:\\\/\\\/www.organisator.ch\\\/sustainability\\\/2021-12-09\\\/die-wissenschaft-geht-ins-bundeshaus\\\/#article\",\"isPartOf\":{\"@id\":\"https:\\\/\\\/www.organisator.ch\\\/sustainability\\\/2021-12-09\\\/die-wissenschaft-geht-ins-bundeshaus\\\/\"},\"author\":{\"name\":\"roger.straessle\",\"@id\":\"https:\\\/\\\/www.organisator.ch\\\/#\\\/schema\\\/person\\\/a800b8c54e208b160517a7dcc323161d\"},\"headline\":\"Die Wissenschaftler gehen ins Bundeshaus\",\"datePublished\":\"2021-12-09T10:22:18+00:00\",\"dateModified\":\"2022-02-09T10:06:44+00:00\",\"mainEntityOfPage\":{\"@id\":\"https:\\\/\\\/www.organisator.ch\\\/sustainability\\\/2021-12-09\\\/die-wissenschaft-geht-ins-bundeshaus\\\/\"},\"wordCount\":418,\"publisher\":{\"@id\":\"https:\\\/\\\/www.organisator.ch\\\/#organization\"},\"image\":{\"@id\":\"https:\\\/\\\/www.organisator.ch\\\/sustainability\\\/2021-12-09\\\/die-wissenschaft-geht-ins-bundeshaus\\\/#primaryimage\"},\"thumbnailUrl\":\"https:\\\/\\\/www.organisator.ch\\\/wp-content\\\/uploads\\\/2021\\\/12\\\/Depositphotos_20448111_S.jpg\",\"keywords\":[\"Akademien der Wissenschaften Schweiz\",\"Biodiversit\u00e4t\",\"KLIMA\",\"Veranstaltungen\"],\"articleSection\":[\"SUSTAINABILITY\"],\"inLanguage\":\"fr-FR\"},{\"@type\":\"WebPage\",\"@id\":\"https:\\\/\\\/www.organisator.ch\\\/sustainability\\\/2021-12-09\\\/die-wissenschaft-geht-ins-bundeshaus\\\/\",\"url\":\"https:\\\/\\\/www.organisator.ch\\\/sustainability\\\/2021-12-09\\\/die-wissenschaft-geht-ins-bundeshaus\\\/\",\"name\":\"Die Wissenschaftler gehen ins Bundeshaus - Organisator\",\"isPartOf\":{\"@id\":\"https:\\\/\\\/www.organisator.ch\\\/#website\"},\"primaryImageOfPage\":{\"@id\":\"https:\\\/\\\/www.organisator.ch\\\/sustainability\\\/2021-12-09\\\/die-wissenschaft-geht-ins-bundeshaus\\\/#primaryimage\"},\"image\":{\"@id\":\"https:\\\/\\\/www.organisator.ch\\\/sustainability\\\/2021-12-09\\\/die-wissenschaft-geht-ins-bundeshaus\\\/#primaryimage\"},\"thumbnailUrl\":\"https:\\\/\\\/www.organisator.ch\\\/wp-content\\\/uploads\\\/2021\\\/12\\\/Depositphotos_20448111_S.jpg\",\"datePublished\":\"2021-12-09T10:22:18+00:00\",\"dateModified\":\"2022-02-09T10:06:44+00:00\",\"description\":\"Nationalratspr\u00e4sidentin Ir\u00e8ne K\u00e4lin hat die Akademien der Wissenschaften Schweiz nach Bern eingeladen, um mit den Parlamentsmitgliedern zu diskutieren.\",\"breadcrumb\":{\"@id\":\"https:\\\/\\\/www.organisator.ch\\\/sustainability\\\/2021-12-09\\\/die-wissenschaft-geht-ins-bundeshaus\\\/#breadcrumb\"},\"inLanguage\":\"fr-FR\",\"potentialAction\":[{\"@type\":\"ReadAction\",\"target\":[\"https:\\\/\\\/www.organisator.ch\\\/sustainability\\\/2021-12-09\\\/die-wissenschaft-geht-ins-bundeshaus\\\/\"]}]},{\"@type\":\"ImageObject\",\"inLanguage\":\"fr-FR\",\"@id\":\"https:\\\/\\\/www.organisator.ch\\\/sustainability\\\/2021-12-09\\\/die-wissenschaft-geht-ins-bundeshaus\\\/#primaryimage\",\"url\":\"https:\\\/\\\/www.organisator.ch\\\/wp-content\\\/uploads\\\/2021\\\/12\\\/Depositphotos_20448111_S.jpg\",\"contentUrl\":\"https:\\\/\\\/www.organisator.ch\\\/wp-content\\\/uploads\\\/2021\\\/12\\\/Depositphotos_20448111_S.jpg\",\"width\":1000,\"height\":662,\"caption\":\"\u00a9 Depositphotos, Arsty\"},{\"@type\":\"BreadcrumbList\",\"@id\":\"https:\\\/\\\/www.organisator.ch\\\/sustainability\\\/2021-12-09\\\/die-wissenschaft-geht-ins-bundeshaus\\\/#breadcrumb\",\"itemListElement\":[{\"@type\":\"ListItem\",\"position\":1,\"name\":\"Home\",\"item\":\"https:\\\/\\\/www.organisator.ch\\\/\"},{\"@type\":\"ListItem\",\"position\":2,\"name\":\"Die Wissenschaftler gehen ins Bundeshaus\"}]},{\"@type\":\"WebSite\",\"@id\":\"https:\\\/\\\/www.organisator.ch\\\/#website\",\"url\":\"https:\\\/\\\/www.organisator.ch\\\/\",\"name\":\"Organisator\",\"description\":\"Kompetent. Praxisnah. Der ORGANISATOR bereitet in 10 Ausgaben pro Jahr die wesentlichen Themen f\u00fcr F\u00fchrungskr\u00e4fte von KMU auf.\",\"publisher\":{\"@id\":\"https:\\\/\\\/www.organisator.ch\\\/#organization\"},\"potentialAction\":[{\"@type\":\"SearchAction\",\"target\":{\"@type\":\"EntryPoint\",\"urlTemplate\":\"https:\\\/\\\/www.organisator.ch\\\/?s={search_term_string}\"},\"query-input\":{\"@type\":\"PropertyValueSpecification\",\"valueRequired\":true,\"valueName\":\"search_term_string\"}}],\"inLanguage\":\"fr-FR\"},{\"@type\":\"Organization\",\"@id\":\"https:\\\/\\\/www.organisator.ch\\\/#organization\",\"name\":\"Organisator\",\"url\":\"https:\\\/\\\/www.organisator.ch\\\/\",\"logo\":{\"@type\":\"ImageObject\",\"inLanguage\":\"fr-FR\",\"@id\":\"https:\\\/\\\/www.organisator.ch\\\/#\\\/schema\\\/logo\\\/image\\\/\",\"url\":\"https:\\\/\\\/www.organisator.ch\\\/wp-content\\\/uploads\\\/2022\\\/01\\\/Logo_Organisator_Website.png\",\"contentUrl\":\"https:\\\/\\\/www.organisator.ch\\\/wp-content\\\/uploads\\\/2022\\\/01\\\/Logo_Organisator_Website.png\",\"width\":800,\"height\":77,\"caption\":\"Organisator\"},\"image\":{\"@id\":\"https:\\\/\\\/www.organisator.ch\\\/#\\\/schema\\\/logo\\\/image\\\/\"},\"sameAs\":[\"https:\\\/\\\/www.facebook.com\\\/OrganisatorFachmagazin\",\"https:\\\/\\\/www.linkedin.com\\\/showcase\\\/organisator-das-magazin-fr-kmu\",\"https:\\\/\\\/www.xing.com\\\/news\\\/pages\\\/organisator-ch-695\",\"https:\\\/\\\/www.youtube.com\\\/channel\\\/UCGP2Sq0iWaZwT3BdIAQFYpw\"]},{\"@type\":\"Person\",\"@id\":\"https:\\\/\\\/www.organisator.ch\\\/#\\\/schema\\\/person\\\/a800b8c54e208b160517a7dcc323161d\",\"name\":\"roger.straessle\",\"image\":{\"@type\":\"ImageObject\",\"inLanguage\":\"fr-FR\",\"@id\":\"https:\\\/\\\/secure.gravatar.com\\\/avatar\\\/?s=96&d=mm&r=g\",\"url\":\"https:\\\/\\\/secure.gravatar.com\\\/avatar\\\/?s=96&d=mm&r=g\",\"contentUrl\":\"https:\\\/\\\/secure.gravatar.com\\\/avatar\\\/?s=96&d=mm&r=g\",\"caption\":\"roger.straessle\"},\"url\":\"https:\\\/\\\/www.organisator.ch\\\/fr\\\/author\\\/roger-straessle\\\/\"}]}<\/script>\n<!-- \/ Yoast SEO plugin. -->","yoast_head_json":{"title":"Les scientifiques vont au Palais f\u00e9d\u00e9ral - Organisateur","description":"La pr\u00e9sidente du Conseil national Ir\u00e8ne K\u00e4lin a invit\u00e9 les Acad\u00e9mies suisses des sciences \u00e0 Berne pour discuter avec les membres du Parlement.","robots":{"index":"index","follow":"follow","max-snippet":"max-snippet:-1","max-image-preview":"max-image-preview:large","max-video-preview":"max-video-preview:-1"},"canonical":"https:\/\/www.organisator.ch\/fr\/sustainability\/2021-12-09\/die-wissenschaft-geht-ins-bundeshaus\/","og_locale":"fr_FR","og_type":"article","og_title":"Die Wissenschaftler gehen ins Bundeshaus - Organisator","og_description":"Nationalratspr\u00e4sidentin Ir\u00e8ne K\u00e4lin hat die Akademien der Wissenschaften Schweiz nach Bern eingeladen, um mit den Parlamentsmitgliedern zu diskutieren.","og_url":"https:\/\/www.organisator.ch\/fr\/sustainability\/2021-12-09\/die-wissenschaft-geht-ins-bundeshaus\/","og_site_name":"Organisator","article_publisher":"https:\/\/www.facebook.com\/OrganisatorFachmagazin","article_published_time":"2021-12-09T10:22:18+00:00","article_modified_time":"2022-02-09T10:06:44+00:00","og_image":[{"width":1000,"height":662,"url":"https:\/\/www.organisator.ch\/wp-content\/uploads\/2021\/12\/Depositphotos_20448111_S.jpg","type":"image\/jpeg"}],"author":"roger.straessle","twitter_card":"summary_large_image","schema":{"@context":"https:\/\/schema.org","@graph":[{"@type":"Article","@id":"https:\/\/www.organisator.ch\/sustainability\/2021-12-09\/die-wissenschaft-geht-ins-bundeshaus\/#article","isPartOf":{"@id":"https:\/\/www.organisator.ch\/sustainability\/2021-12-09\/die-wissenschaft-geht-ins-bundeshaus\/"},"author":{"name":"roger.straessle","@id":"https:\/\/www.organisator.ch\/#\/schema\/person\/a800b8c54e208b160517a7dcc323161d"},"headline":"Die Wissenschaftler gehen ins Bundeshaus","datePublished":"2021-12-09T10:22:18+00:00","dateModified":"2022-02-09T10:06:44+00:00","mainEntityOfPage":{"@id":"https:\/\/www.organisator.ch\/sustainability\/2021-12-09\/die-wissenschaft-geht-ins-bundeshaus\/"},"wordCount":418,"publisher":{"@id":"https:\/\/www.organisator.ch\/#organization"},"image":{"@id":"https:\/\/www.organisator.ch\/sustainability\/2021-12-09\/die-wissenschaft-geht-ins-bundeshaus\/#primaryimage"},"thumbnailUrl":"https:\/\/www.organisator.ch\/wp-content\/uploads\/2021\/12\/Depositphotos_20448111_S.jpg","keywords":["Akademien der Wissenschaften Schweiz","Biodiversit\u00e4t","KLIMA","Veranstaltungen"],"articleSection":["SUSTAINABILITY"],"inLanguage":"fr-FR"},{"@type":"WebPage","@id":"https:\/\/www.organisator.ch\/sustainability\/2021-12-09\/die-wissenschaft-geht-ins-bundeshaus\/","url":"https:\/\/www.organisator.ch\/sustainability\/2021-12-09\/die-wissenschaft-geht-ins-bundeshaus\/","name":"Les scientifiques vont au Palais f\u00e9d\u00e9ral - Organisateur","isPartOf":{"@id":"https:\/\/www.organisator.ch\/#website"},"primaryImageOfPage":{"@id":"https:\/\/www.organisator.ch\/sustainability\/2021-12-09\/die-wissenschaft-geht-ins-bundeshaus\/#primaryimage"},"image":{"@id":"https:\/\/www.organisator.ch\/sustainability\/2021-12-09\/die-wissenschaft-geht-ins-bundeshaus\/#primaryimage"},"thumbnailUrl":"https:\/\/www.organisator.ch\/wp-content\/uploads\/2021\/12\/Depositphotos_20448111_S.jpg","datePublished":"2021-12-09T10:22:18+00:00","dateModified":"2022-02-09T10:06:44+00:00","description":"La pr\u00e9sidente du Conseil national Ir\u00e8ne K\u00e4lin a invit\u00e9 les Acad\u00e9mies suisses des sciences \u00e0 Berne pour discuter avec les membres du Parlement.","breadcrumb":{"@id":"https:\/\/www.organisator.ch\/sustainability\/2021-12-09\/die-wissenschaft-geht-ins-bundeshaus\/#breadcrumb"},"inLanguage":"fr-FR","potentialAction":[{"@type":"ReadAction","target":["https:\/\/www.organisator.ch\/sustainability\/2021-12-09\/die-wissenschaft-geht-ins-bundeshaus\/"]}]},{"@type":"ImageObject","inLanguage":"fr-FR","@id":"https:\/\/www.organisator.ch\/sustainability\/2021-12-09\/die-wissenschaft-geht-ins-bundeshaus\/#primaryimage","url":"https:\/\/www.organisator.ch\/wp-content\/uploads\/2021\/12\/Depositphotos_20448111_S.jpg","contentUrl":"https:\/\/www.organisator.ch\/wp-content\/uploads\/2021\/12\/Depositphotos_20448111_S.jpg","width":1000,"height":662,"caption":"\u00a9 Depositphotos, Arsty"},{"@type":"BreadcrumbList","@id":"https:\/\/www.organisator.ch\/sustainability\/2021-12-09\/die-wissenschaft-geht-ins-bundeshaus\/#breadcrumb","itemListElement":[{"@type":"ListItem","position":1,"name":"Home","item":"https:\/\/www.organisator.ch\/"},{"@type":"ListItem","position":2,"name":"Die Wissenschaftler gehen ins Bundeshaus"}]},{"@type":"WebSite","@id":"https:\/\/www.organisator.ch\/#website","url":"https:\/\/www.organisator.ch\/","name":"Organisateur","description":"Comp\u00e9tence et comp\u00e9tence. Proches de la pratique. L'ORGANISATEUR pr\u00e9pare 10 num\u00e9ros par an sur les th\u00e8mes essentiels pour les dirigeants de PME.","publisher":{"@id":"https:\/\/www.organisator.ch\/#organization"},"potentialAction":[{"@type":"SearchAction","target":{"@type":"EntryPoint","urlTemplate":"https:\/\/www.organisator.ch\/?s={search_term_string}"},"query-input":{"@type":"PropertyValueSpecification","valueRequired":true,"valueName":"search_term_string"}}],"inLanguage":"fr-FR"},{"@type":"Organization","@id":"https:\/\/www.organisator.ch\/#organization","name":"Organisateur","url":"https:\/\/www.organisator.ch\/","logo":{"@type":"ImageObject","inLanguage":"fr-FR","@id":"https:\/\/www.organisator.ch\/#\/schema\/logo\/image\/","url":"https:\/\/www.organisator.ch\/wp-content\/uploads\/2022\/01\/Logo_Organisator_Website.png","contentUrl":"https:\/\/www.organisator.ch\/wp-content\/uploads\/2022\/01\/Logo_Organisator_Website.png","width":800,"height":77,"caption":"Organisator"},"image":{"@id":"https:\/\/www.organisator.ch\/#\/schema\/logo\/image\/"},"sameAs":["https:\/\/www.facebook.com\/OrganisatorFachmagazin","https:\/\/www.linkedin.com\/showcase\/organisator-das-magazin-fr-kmu","https:\/\/www.xing.com\/news\/pages\/organisator-ch-695","https:\/\/www.youtube.com\/channel\/UCGP2Sq0iWaZwT3BdIAQFYpw"]},{"@type":"Person","@id":"https:\/\/www.organisator.ch\/#\/schema\/person\/a800b8c54e208b160517a7dcc323161d","name":"roger.straessle","image":{"@type":"ImageObject","inLanguage":"fr-FR","@id":"https:\/\/secure.gravatar.com\/avatar\/?s=96&d=mm&r=g","url":"https:\/\/secure.gravatar.com\/avatar\/?s=96&d=mm&r=g","contentUrl":"https:\/\/secure.gravatar.com\/avatar\/?s=96&d=mm&r=g","caption":"roger.straessle"},"url":"https:\/\/www.organisator.ch\/fr\/author\/roger-straessle\/"}]}},"_links":{"self":[{"href":"https:\/\/www.organisator.ch\/fr\/wp-json\/wp\/v2\/posts\/5187","targetHints":{"allow":["GET"]}}],"collection":[{"href":"https:\/\/www.organisator.ch\/fr\/wp-json\/wp\/v2\/posts"}],"about":[{"href":"https:\/\/www.organisator.ch\/fr\/wp-json\/wp\/v2\/types\/post"}],"author":[{"embeddable":true,"href":"https:\/\/www.organisator.ch\/fr\/wp-json\/wp\/v2\/users\/6"}],"replies":[{"embeddable":true,"href":"https:\/\/www.organisator.ch\/fr\/wp-json\/wp\/v2\/comments?post=5187"}],"version-history":[{"count":1,"href":"https:\/\/www.organisator.ch\/fr\/wp-json\/wp\/v2\/posts\/5187\/revisions"}],"predecessor-version":[{"id":10637,"href":"https:\/\/www.organisator.ch\/fr\/wp-json\/wp\/v2\/posts\/5187\/revisions\/10637"}],"wp:featuredmedia":[{"embeddable":true,"href":"https:\/\/www.organisator.ch\/fr\/wp-json\/wp\/v2\/media\/9885"}],"wp:attachment":[{"href":"https:\/\/www.organisator.ch\/fr\/wp-json\/wp\/v2\/media?parent=5187"}],"wp:term":[{"taxonomy":"category","embeddable":true,"href":"https:\/\/www.organisator.ch\/fr\/wp-json\/wp\/v2\/categories?post=5187"},{"taxonomy":"post_tag","embeddable":true,"href":"https:\/\/www.organisator.ch\/fr\/wp-json\/wp\/v2\/tags?post=5187"}],"curies":[{"name":"wp","href":"https:\/\/api.w.org\/{rel}","templated":true}]}}