{"id":521,"date":"2016-05-26T11:27:40","date_gmt":"2016-05-26T09:27:40","guid":{"rendered":"http:\/\/dev.organisator.ch\/?p=521"},"modified":"2016-05-26T11:27:40","modified_gmt":"2016-05-26T09:27:40","slug":"neue-vorstandsmitglieder-beim-fachverband-procure-ch","status":"publish","type":"post","link":"https:\/\/www.organisator.ch\/fr\/allgemein\/2016-05-26\/neue-vorstandsmitglieder-beim-fachverband-procure-ch\/","title":{"rendered":"Nouveaux membres du comit\u00e9 directeur de l'association professionnelle procure.ch"},"content":{"rendered":"<figure id=\"attachment_522\" aria-describedby=\"caption-attachment-522\" style=\"width: 668px\" class=\"wp-caption alignnone\"><img loading=\"lazy\" decoding=\"async\" class=\"size-medium wp-image-522\" src=\"https:\/\/organisator.ch\/wp-content\/uploads\/2016\/12\/Neue-Vorstandsmitglieder-beim-Fachverband-procure.ch-organisator-668x1000.jpg\" alt=\"\" width=\"668\" height=\"1000\" srcset=\"https:\/\/www.organisator.ch\/wp-content\/uploads\/2016\/12\/Neue-Vorstandsmitglieder-beim-Fachverband-procure.ch-organisator-668x1000.jpg 668w, https:\/\/www.organisator.ch\/wp-content\/uploads\/2016\/12\/Neue-Vorstandsmitglieder-beim-Fachverband-procure.ch-organisator-684x1024.jpg 684w, https:\/\/www.organisator.ch\/wp-content\/uploads\/2016\/12\/Neue-Vorstandsmitglieder-beim-Fachverband-procure.ch-organisator-768x1150.jpg 768w, https:\/\/www.organisator.ch\/wp-content\/uploads\/2016\/12\/Neue-Vorstandsmitglieder-beim-Fachverband-procure.ch-organisator-8x12.jpg 8w, https:\/\/www.organisator.ch\/wp-content\/uploads\/2016\/12\/Neue-Vorstandsmitglieder-beim-Fachverband-procure.ch-organisator-117x175.jpg 117w, https:\/\/www.organisator.ch\/wp-content\/uploads\/2016\/12\/Neue-Vorstandsmitglieder-beim-Fachverband-procure.ch-organisator-234x350.jpg 234w, https:\/\/www.organisator.ch\/wp-content\/uploads\/2016\/12\/Neue-Vorstandsmitglieder-beim-Fachverband-procure.ch-organisator-534x800.jpg 534w, https:\/\/www.organisator.ch\/wp-content\/uploads\/2016\/12\/Neue-Vorstandsmitglieder-beim-Fachverband-procure.ch-organisator-300x449.jpg 300w, https:\/\/www.organisator.ch\/wp-content\/uploads\/2016\/12\/Neue-Vorstandsmitglieder-beim-Fachverband-procure.ch-organisator.jpg 784w\" sizes=\"auto, (max-width: 668px) 100vw, 668px\" \/><figcaption id=\"caption-attachment-522\" class=\"wp-caption-text\">Adrian Jungo, responsable Supply Chain Management et Immobilier, Swisscom SA et pr\u00e9sident nouvellement \u00e9lu de procure.ch avec Andreas Kilchenmann, directeur, WellPack SA (de gauche \u00e0 droite)<\/figcaption><\/figure>\n<div id='gallery-1' class='gallery galleryid-521 gallery-columns-3 gallery-size-thumbnail'><figure class='gallery-item'>\n\t\t\t<div class='gallery-icon portrait'>\n\t\t\t\t<a href='https:\/\/www.organisator.ch\/fr\/allgemein\/2016-05-26\/neue-vorstandsmitglieder-beim-fachverband-procure-ch\/attachment\/neue-vorstandsmitglieder-beim-fachverband-procure-ch2-organisator\/'><img loading=\"lazy\" decoding=\"async\" width=\"150\" height=\"150\" src=\"https:\/\/www.organisator.ch\/wp-content\/uploads\/2016\/12\/Neue-Vorstandsmitglieder-beim-Fachverband-procure.ch2-organisator-150x150.jpg\" class=\"attachment-thumbnail size-thumbnail\" alt=\"\" srcset=\"https:\/\/www.organisator.ch\/wp-content\/uploads\/2016\/12\/Neue-Vorstandsmitglieder-beim-Fachverband-procure.ch2-organisator-150x150.jpg 150w, https:\/\/www.organisator.ch\/wp-content\/uploads\/2016\/12\/Neue-Vorstandsmitglieder-beim-Fachverband-procure.ch2-organisator-250x250.jpg 250w, https:\/\/www.organisator.ch\/wp-content\/uploads\/2016\/12\/Neue-Vorstandsmitglieder-beim-Fachverband-procure.ch2-organisator-100x100.jpg 100w\" sizes=\"auto, (max-width: 150px) 100vw, 150px\" \/><\/a>\n\t\t\t<\/div><\/figure><figure class='gallery-item'>\n\t\t\t<div class='gallery-icon portrait'>\n\t\t\t\t<a href='https:\/\/www.organisator.ch\/fr\/allgemein\/2016-05-26\/neue-vorstandsmitglieder-beim-fachverband-procure-ch\/attachment\/neue-vorstandsmitglieder-beim-fachverband-procure-ch3-organisator\/'><img loading=\"lazy\" decoding=\"async\" width=\"150\" height=\"150\" src=\"https:\/\/www.organisator.ch\/wp-content\/uploads\/2016\/12\/Neue-Vorstandsmitglieder-beim-Fachverband-procure.ch3-organisator-150x150.jpg\" class=\"attachment-thumbnail size-thumbnail\" alt=\"\" srcset=\"https:\/\/www.organisator.ch\/wp-content\/uploads\/2016\/12\/Neue-Vorstandsmitglieder-beim-Fachverband-procure.ch3-organisator-150x150.jpg 150w, https:\/\/www.organisator.ch\/wp-content\/uploads\/2016\/12\/Neue-Vorstandsmitglieder-beim-Fachverband-procure.ch3-organisator-250x250.jpg 250w, https:\/\/www.organisator.ch\/wp-content\/uploads\/2016\/12\/Neue-Vorstandsmitglieder-beim-Fachverband-procure.ch3-organisator-100x100.jpg 100w\" sizes=\"auto, (max-width: 150px) 100vw, 150px\" \/><\/a>\n\t\t\t<\/div><\/figure>\n\t\t<\/div>\n\n<p><em>Les conf\u00e9renciers Hermann Scherer, Anitra Eggler et S\u00f8ren Vammen avec la mod\u00e9ratrice Mascha Santschi (2e depuis la droite) ainsi que Rudolf Strahm (\u00e9galement avec Mascha Santschi).<\/em><\/p>\n<p>Dans son message de bienvenue, l'ancien conseiller national Rudolf Strahm a f\u00e9licit\u00e9 l'association professionnelle procure.ch pour ses 55 ann\u00e9es de man\u0153uvres r\u00e9ussies dans un paysage de la formation en constante \u00e9volution. Le surveillant des prix de longue date a soulign\u00e9 l'importance de l'approvisionnement dans l'efficacit\u00e9 des proc\u00e9dures des entreprises et a qualifi\u00e9 la formation professionnelle sup\u00e9rieure de poste cl\u00e9 pour la diffusion de nouvelles technologies.<\/p>\n<p><strong>Des expos\u00e9s stimulants<\/strong><\/p>\n<p>Hermann Scherer a captiv\u00e9 l'auditoire par son plaidoyer en faveur de l'exploitation de toutes les opportunit\u00e9s qui se pr\u00e9sentent. Pour le coach de management allemand, ce que l'on appelle l'intelligence des chances constitue la base pour conqu\u00e9rir les hommes et le march\u00e9 avec courage, motivation et passion gr\u00e2ce \u00e0 un r\u00e9seautage cibl\u00e9. S\u00f8ren Vammen, CEO de l'association danoise des acheteurs, accorde une grande importance \u00e0 la relation de confiance entre donneur d'ordre et fournisseur. \u00c0 condition de vouloir \u00e9tablir une relation commerciale durable et satisfaisante pour les deux parties. Selon lui, le Value based procurement n'est possible qu'avec les bons partenaires, bien \u00e9quilibr\u00e9s. \"Les poissons rouges ont une dur\u00e9e d'attention plus longue que de nombreux travailleurs num\u00e9riques\", a lanc\u00e9 Anitra Eggler. L'addiction \u00e0 la lib\u00e9ration constante de dopamine d\u00e9grade l'homme en un esclave constamment joignable, qui se perd dans les ab\u00eemes du r\u00e9seau mondial au lieu de se r\u00e9aliser lui-m\u00eame. La \"th\u00e9rapeute num\u00e9rique\" a tendu un miroir au public et a chiffr\u00e9 le temps de vie que l'on perdait ainsi.<\/p>\n<p><strong>Assembl\u00e9e g\u00e9n\u00e9rale avec renouvellement du comit\u00e9 directeur<\/strong><\/p>\n<p>Lors de l'assembl\u00e9e g\u00e9n\u00e9rale qui a suivi, le comit\u00e9 directeur a \u00e9t\u00e9 partiellement renouvel\u00e9. Adrian Jungo, responsable des achats chez Swisscom, a \u00e9t\u00e9 \u00e9lu nouveau pr\u00e9sident. L'ancien pr\u00e9sident, Andreas Kilchenmann, n'\u00e9tait pas le seul \u00e0 mettre son poste \u00e0 disposition en raison de la limitation de la dur\u00e9e du mandat. Les membres du comit\u00e9 directeur J\u00f6rg Bortoluzzi et Peter Emch ont \u00e9galement fait de m\u00eame. Tous trois ont \u00e9t\u00e9 remerci\u00e9s comme il se doit. Ils ont \u00e9t\u00e9 remplac\u00e9s par Martin Aschwanden, CPO de la HG Commerciale et nouveau pr\u00e9sident de la conf\u00e9rence des directeurs r\u00e9gionaux, ainsi que par Gian-Marco Caggia, qui dirige le secteur Procurement aux CFF.<\/p>\n<p>Adrian Jungo est responsable de la gestion de la cha\u00eene d'approvisionnement et de l'immobilier chez Swisscom (Suisse) SA depuis 2012. Il est charg\u00e9 de la gestion personnelle et technique des divisions Achats, Logistique et Immobilier de Swisscom SA. Auparavant, il a occup\u00e9 diff\u00e9rents postes de direction chez Swisscom. Apr\u00e8s une formation d'\u00e9conomiste d'entreprise ES, il a suivi des formations continues \u00e0 l'universit\u00e9 de Saint-Gall (directeur des achats et Executive MBA). Il conna\u00eet d\u00e9j\u00e0 tr\u00e8s bien l'association professionnelle procure.ch gr\u00e2ce \u00e0 son activit\u00e9 au sein du comit\u00e9 consultatif et \u00e0 son ann\u00e9e d'activit\u00e9 en tant que membre du comit\u00e9 directeur.<\/p>\n<p>Depuis 2011, Martin Aschwanden est responsable de la gestion du mat\u00e9riel\/logistique et directeur adjoint du centre de profit chez HG Commerciale. Il est charg\u00e9 des domaines suivants : gestion du mat\u00e9riel, logistique, entretien des immeubles, projets de construction, s\u00e9curit\u00e9 et production de ses propres expositions. L'approvisionnement et la logistique ont \u00e9t\u00e9 les t\u00e2ches principales qui ont marqu\u00e9 sa carri\u00e8re, au cours de laquelle il a occup\u00e9 diff\u00e9rentes fonctions de direction. Il est titulaire d'un dipl\u00f4me f\u00e9d\u00e9ral d'acheteur et a obtenu un Master of Advanced Studies en gestion des processus commerciaux et en gestion internationale de l'approvisionnement \u00e0 la FHNW. En tant que responsable de la r\u00e9gion de Zurich, Martin Aschwanden est d\u00e9j\u00e0 li\u00e9 depuis de nombreuses ann\u00e9es \u00e0 l'association professionnelle procure.ch.<\/p>\n<p>Gian-Marco Caggia est responsable des achats Infrastructure aux Chemins de fer f\u00e9d\u00e9raux suisses CFF depuis avril 2012. Il a commenc\u00e9 sa carri\u00e8re chez UPS United Parcel Service et a occup\u00e9 diff\u00e9rentes fonctions de responsable des achats et de la logistique \u00e0 la Poste, aux CFF et au BLS. Caggia a obtenu en dernier lieu un DAS en droit \u00e9conomique \u00e0 l'Universit\u00e9 de Berne, il a \u00e9galement suivi le cursus SKU en strat\u00e9gie &amp; management g\u00e9n\u00e9ral et poss\u00e8de un dipl\u00f4me f\u00e9d\u00e9ral de responsable logistique.<\/p>\n<p><em><a href=\"http:\/\/www.procure.ch\" target=\"_blank\" data-cke-saved-href=\"http:\/\/www.procure.ch\" rel=\"noopener\">www.procure.ch<\/a><\/em><\/p>\n<p>&nbsp;<\/p>","protected":false},"excerpt":{"rendered":"<p>Die Referenten Hermann Scherer, Anitra Eggler und S\u00f8ren Vammen mit Moderatorin Mascha Santschi (2. v.r.) sowie Rudolf Strahm (ebenfalls mit Mascha Santschi). In seiner Grussbotschaft gratulierte alt Nationalrat Rudolf Strahm dem Fachverband procure.ch zu 55 Jahren erfolgreichem Man\u00f6vrieren in einer sich stetig \u00e4ndernden Bildungslandschaft. Der langj\u00e4hrige Preis\u00fcberwacher wies auf den Stellenwert der Beschaffung in der [&hellip;]<\/p>\n","protected":false},"author":1,"featured_media":522,"comment_status":"open","ping_status":"open","sticky":false,"template":"","format":"standard","meta":{"_acf_changed":false,"_yoast_wpseo_focuskw":"Fachverband","_yoast_wpseo_metadesc":"An der Generalversammlung des Fachverbands procure.ch bildete als wichtigstes Traktandum die Neubesetzung des Vorstandes auf der Agenda.","articlekey":"","footnotes":""},"categories":[1],"tags":[275,503,504],"class_list":["post-521","post","type-post","status-publish","format-standard","has-post-thumbnail","hentry","category-allgemein","tag-institutionen","tag-verbaende","tag-vereine"],"acf":[],"yoast_head":"<!-- This site is optimized with the Yoast SEO plugin v27.4 - https:\/\/yoast.com\/product\/yoast-seo-wordpress\/ -->\n<title>Neue Vorstandsmitglieder beim Fachverband procure.ch - Organisator<\/title>\n<meta name=\"description\" content=\"An der Generalversammlung des Fachverbands procure.ch bildete als wichtigstes Traktandum die Neubesetzung des Vorstandes auf der Agenda.\" \/>\n<meta name=\"robots\" content=\"index, follow, max-snippet:-1, max-image-preview:large, max-video-preview:-1\" \/>\n<link rel=\"canonical\" href=\"https:\/\/www.organisator.ch\/fr\/general\/2016-05-26\/neue-vorstandsmitglieder-beim-fachverband-procure-ch\/\" \/>\n<meta property=\"og:locale\" content=\"fr_FR\" \/>\n<meta property=\"og:type\" content=\"article\" \/>\n<meta property=\"og:title\" content=\"Neue Vorstandsmitglieder beim Fachverband procure.ch\" \/>\n<meta property=\"og:description\" content=\"An der Fr\u00fchjahrstagung des Fachverbands procure.ch vom 19. Mai 2015 im Hotel Bellevue Palace in Bern nutzten rund 200 Teilnehmende \u2013 mehrheitlich Einkaufsprofis \u2013 die Gelegenheit zu Horizonterweiterung und fachlichem Austausch. Zum 55-Jahr-Jubil\u00e4um erwartete das Publikum Referate zu Lieferantenmanagement und zu evolution\u00e4ren Themen wie Chancen-Intelligenz und Digitalisierung. Das letzte Drittel der Veranstaltung bildete die Generalversammlung und als wichtigstes Traktandum stand die teilweise Neubesetzung des Vorstandes auf der Agenda.\" \/>\n<meta property=\"og:url\" content=\"https:\/\/www.organisator.ch\/fr\/general\/2016-05-26\/neue-vorstandsmitglieder-beim-fachverband-procure-ch\/\" \/>\n<meta property=\"og:site_name\" content=\"Organisator\" \/>\n<meta property=\"article:publisher\" content=\"https:\/\/www.facebook.com\/OrganisatorFachmagazin\" \/>\n<meta property=\"article:published_time\" content=\"2016-05-26T09:27:40+00:00\" \/>\n<meta name=\"author\" content=\"admin\" \/>\n<meta name=\"twitter:card\" content=\"summary_large_image\" \/>\n<meta name=\"twitter:image\" content=\"https:\/\/www.organisator.ch\/wp-content\/uploads\/2016\/12\/Neue-Vorstandsmitglieder-beim-Fachverband-procure.ch-organisator.jpg\" \/>\n<script type=\"application\/ld+json\" class=\"yoast-schema-graph\">{\"@context\":\"https:\\\/\\\/schema.org\",\"@graph\":[{\"@type\":\"Article\",\"@id\":\"https:\\\/\\\/www.organisator.ch\\\/en\\\/general\\\/2016-05-26\\\/neue-vorstandsmitglieder-beim-fachverband-procure-ch\\\/#article\",\"isPartOf\":{\"@id\":\"https:\\\/\\\/www.organisator.ch\\\/en\\\/general\\\/2016-05-26\\\/neue-vorstandsmitglieder-beim-fachverband-procure-ch\\\/\"},\"author\":{\"name\":\"admin\",\"@id\":\"https:\\\/\\\/www.organisator.ch\\\/#\\\/schema\\\/person\\\/aa2bace6c5c5aad60102004a50c4eb1c\"},\"headline\":\"Neue Vorstandsmitglieder beim Fachverband procure.ch\",\"datePublished\":\"2016-05-26T09:27:40+00:00\",\"mainEntityOfPage\":{\"@id\":\"https:\\\/\\\/www.organisator.ch\\\/en\\\/general\\\/2016-05-26\\\/neue-vorstandsmitglieder-beim-fachverband-procure-ch\\\/\"},\"wordCount\":614,\"commentCount\":0,\"publisher\":{\"@id\":\"https:\\\/\\\/www.organisator.ch\\\/#organization\"},\"image\":{\"@id\":\"https:\\\/\\\/www.organisator.ch\\\/en\\\/general\\\/2016-05-26\\\/neue-vorstandsmitglieder-beim-fachverband-procure-ch\\\/#primaryimage\"},\"thumbnailUrl\":\"https:\\\/\\\/www.organisator.ch\\\/wp-content\\\/uploads\\\/2016\\\/12\\\/Neue-Vorstandsmitglieder-beim-Fachverband-procure.ch-organisator.jpg\",\"keywords\":[\"Institutionen\",\"Verb\u00e4nde\",\"Vereine\"],\"articleSection\":[\"Allgemein\"],\"inLanguage\":\"fr-FR\"},{\"@type\":\"WebPage\",\"@id\":\"https:\\\/\\\/www.organisator.ch\\\/en\\\/general\\\/2016-05-26\\\/neue-vorstandsmitglieder-beim-fachverband-procure-ch\\\/\",\"url\":\"https:\\\/\\\/www.organisator.ch\\\/en\\\/general\\\/2016-05-26\\\/neue-vorstandsmitglieder-beim-fachverband-procure-ch\\\/\",\"name\":\"Neue Vorstandsmitglieder beim Fachverband procure.ch - Organisator\",\"isPartOf\":{\"@id\":\"https:\\\/\\\/www.organisator.ch\\\/#website\"},\"primaryImageOfPage\":{\"@id\":\"https:\\\/\\\/www.organisator.ch\\\/en\\\/general\\\/2016-05-26\\\/neue-vorstandsmitglieder-beim-fachverband-procure-ch\\\/#primaryimage\"},\"image\":{\"@id\":\"https:\\\/\\\/www.organisator.ch\\\/en\\\/general\\\/2016-05-26\\\/neue-vorstandsmitglieder-beim-fachverband-procure-ch\\\/#primaryimage\"},\"thumbnailUrl\":\"https:\\\/\\\/www.organisator.ch\\\/wp-content\\\/uploads\\\/2016\\\/12\\\/Neue-Vorstandsmitglieder-beim-Fachverband-procure.ch-organisator.jpg\",\"datePublished\":\"2016-05-26T09:27:40+00:00\",\"description\":\"An der Generalversammlung des Fachverbands procure.ch bildete als wichtigstes Traktandum die Neubesetzung des Vorstandes auf der Agenda.\",\"breadcrumb\":{\"@id\":\"https:\\\/\\\/www.organisator.ch\\\/en\\\/general\\\/2016-05-26\\\/neue-vorstandsmitglieder-beim-fachverband-procure-ch\\\/#breadcrumb\"},\"inLanguage\":\"fr-FR\",\"potentialAction\":[{\"@type\":\"ReadAction\",\"target\":[\"https:\\\/\\\/www.organisator.ch\\\/en\\\/general\\\/2016-05-26\\\/neue-vorstandsmitglieder-beim-fachverband-procure-ch\\\/\"]}]},{\"@type\":\"ImageObject\",\"inLanguage\":\"fr-FR\",\"@id\":\"https:\\\/\\\/www.organisator.ch\\\/en\\\/general\\\/2016-05-26\\\/neue-vorstandsmitglieder-beim-fachverband-procure-ch\\\/#primaryimage\",\"url\":\"https:\\\/\\\/www.organisator.ch\\\/wp-content\\\/uploads\\\/2016\\\/12\\\/Neue-Vorstandsmitglieder-beim-Fachverband-procure.ch-organisator.jpg\",\"contentUrl\":\"https:\\\/\\\/www.organisator.ch\\\/wp-content\\\/uploads\\\/2016\\\/12\\\/Neue-Vorstandsmitglieder-beim-Fachverband-procure.ch-organisator.jpg\",\"width\":784,\"height\":1174,\"caption\":\"Adrian Jungo, Leiter Supply Chain Management und Immobilien, Swisscom AG und neu gew\u00e4hlter Pr\u00e4sident von procure.ch mit Andreas Kilchenmann, Gesch\u00e4ftsf\u00fchrer, WellPack AG (von links)\"},{\"@type\":\"BreadcrumbList\",\"@id\":\"https:\\\/\\\/www.organisator.ch\\\/en\\\/general\\\/2016-05-26\\\/neue-vorstandsmitglieder-beim-fachverband-procure-ch\\\/#breadcrumb\",\"itemListElement\":[{\"@type\":\"ListItem\",\"position\":1,\"name\":\"Home\",\"item\":\"https:\\\/\\\/www.organisator.ch\\\/\"},{\"@type\":\"ListItem\",\"position\":2,\"name\":\"Neue Vorstandsmitglieder beim Fachverband procure.ch\"}]},{\"@type\":\"WebSite\",\"@id\":\"https:\\\/\\\/www.organisator.ch\\\/#website\",\"url\":\"https:\\\/\\\/www.organisator.ch\\\/\",\"name\":\"Organisator\",\"description\":\"Kompetent. Praxisnah. Der ORGANISATOR bereitet in 10 Ausgaben pro Jahr die wesentlichen Themen f\u00fcr F\u00fchrungskr\u00e4fte von KMU auf.\",\"publisher\":{\"@id\":\"https:\\\/\\\/www.organisator.ch\\\/#organization\"},\"potentialAction\":[{\"@type\":\"SearchAction\",\"target\":{\"@type\":\"EntryPoint\",\"urlTemplate\":\"https:\\\/\\\/www.organisator.ch\\\/?s={search_term_string}\"},\"query-input\":{\"@type\":\"PropertyValueSpecification\",\"valueRequired\":true,\"valueName\":\"search_term_string\"}}],\"inLanguage\":\"fr-FR\"},{\"@type\":\"Organization\",\"@id\":\"https:\\\/\\\/www.organisator.ch\\\/#organization\",\"name\":\"Organisator\",\"url\":\"https:\\\/\\\/www.organisator.ch\\\/\",\"logo\":{\"@type\":\"ImageObject\",\"inLanguage\":\"fr-FR\",\"@id\":\"https:\\\/\\\/www.organisator.ch\\\/#\\\/schema\\\/logo\\\/image\\\/\",\"url\":\"https:\\\/\\\/www.organisator.ch\\\/wp-content\\\/uploads\\\/2022\\\/01\\\/Logo_Organisator_Website.png\",\"contentUrl\":\"https:\\\/\\\/www.organisator.ch\\\/wp-content\\\/uploads\\\/2022\\\/01\\\/Logo_Organisator_Website.png\",\"width\":800,\"height\":77,\"caption\":\"Organisator\"},\"image\":{\"@id\":\"https:\\\/\\\/www.organisator.ch\\\/#\\\/schema\\\/logo\\\/image\\\/\"},\"sameAs\":[\"https:\\\/\\\/www.facebook.com\\\/OrganisatorFachmagazin\",\"https:\\\/\\\/www.linkedin.com\\\/showcase\\\/organisator-das-magazin-fr-kmu\",\"https:\\\/\\\/www.xing.com\\\/news\\\/pages\\\/organisator-ch-695\",\"https:\\\/\\\/www.youtube.com\\\/channel\\\/UCGP2Sq0iWaZwT3BdIAQFYpw\"]},{\"@type\":\"Person\",\"@id\":\"https:\\\/\\\/www.organisator.ch\\\/#\\\/schema\\\/person\\\/aa2bace6c5c5aad60102004a50c4eb1c\",\"name\":\"admin\",\"image\":{\"@type\":\"ImageObject\",\"inLanguage\":\"fr-FR\",\"@id\":\"https:\\\/\\\/secure.gravatar.com\\\/avatar\\\/ae2f4d718e6c49043e314ce431e7e645d646302a24a5ef5a8bc8e3f5a032e319?s=96&d=mm&r=g\",\"url\":\"https:\\\/\\\/secure.gravatar.com\\\/avatar\\\/ae2f4d718e6c49043e314ce431e7e645d646302a24a5ef5a8bc8e3f5a032e319?s=96&d=mm&r=g\",\"contentUrl\":\"https:\\\/\\\/secure.gravatar.com\\\/avatar\\\/ae2f4d718e6c49043e314ce431e7e645d646302a24a5ef5a8bc8e3f5a032e319?s=96&d=mm&r=g\",\"caption\":\"admin\"},\"sameAs\":[\"https:\\\/\\\/www.organisator.ch\"],\"url\":\"https:\\\/\\\/www.organisator.ch\\\/fr\\\/author\\\/admin\\\/\"}]}<\/script>\n<!-- \/ Yoast SEO plugin. -->","yoast_head_json":{"title":"Nouveaux membres du comit\u00e9 directeur de l'association professionnelle procure.ch - Organisateur","description":"Lors de l'assembl\u00e9e g\u00e9n\u00e9rale de l'association professionnelle procure.ch, le point le plus important \u00e0 l'ordre du jour \u00e9tait le renouvellement du comit\u00e9 directeur.","robots":{"index":"index","follow":"follow","max-snippet":"max-snippet:-1","max-image-preview":"max-image-preview:large","max-video-preview":"max-video-preview:-1"},"canonical":"https:\/\/www.organisator.ch\/fr\/general\/2016-05-26\/neue-vorstandsmitglieder-beim-fachverband-procure-ch\/","og_locale":"fr_FR","og_type":"article","og_title":"Neue Vorstandsmitglieder beim Fachverband procure.ch","og_description":"An der Fr\u00fchjahrstagung des Fachverbands procure.ch vom 19. Mai 2015 im Hotel Bellevue Palace in Bern nutzten rund 200 Teilnehmende \u2013 mehrheitlich Einkaufsprofis \u2013 die Gelegenheit zu Horizonterweiterung und fachlichem Austausch. Zum 55-Jahr-Jubil\u00e4um erwartete das Publikum Referate zu Lieferantenmanagement und zu evolution\u00e4ren Themen wie Chancen-Intelligenz und Digitalisierung. Das letzte Drittel der Veranstaltung bildete die Generalversammlung und als wichtigstes Traktandum stand die teilweise Neubesetzung des Vorstandes auf der Agenda.","og_url":"https:\/\/www.organisator.ch\/fr\/general\/2016-05-26\/neue-vorstandsmitglieder-beim-fachverband-procure-ch\/","og_site_name":"Organisator","article_publisher":"https:\/\/www.facebook.com\/OrganisatorFachmagazin","article_published_time":"2016-05-26T09:27:40+00:00","author":"admin","twitter_card":"summary_large_image","twitter_image":"https:\/\/www.organisator.ch\/wp-content\/uploads\/2016\/12\/Neue-Vorstandsmitglieder-beim-Fachverband-procure.ch-organisator.jpg","schema":{"@context":"https:\/\/schema.org","@graph":[{"@type":"Article","@id":"https:\/\/www.organisator.ch\/en\/general\/2016-05-26\/neue-vorstandsmitglieder-beim-fachverband-procure-ch\/#article","isPartOf":{"@id":"https:\/\/www.organisator.ch\/en\/general\/2016-05-26\/neue-vorstandsmitglieder-beim-fachverband-procure-ch\/"},"author":{"name":"admin","@id":"https:\/\/www.organisator.ch\/#\/schema\/person\/aa2bace6c5c5aad60102004a50c4eb1c"},"headline":"Neue Vorstandsmitglieder beim Fachverband procure.ch","datePublished":"2016-05-26T09:27:40+00:00","mainEntityOfPage":{"@id":"https:\/\/www.organisator.ch\/en\/general\/2016-05-26\/neue-vorstandsmitglieder-beim-fachverband-procure-ch\/"},"wordCount":614,"commentCount":0,"publisher":{"@id":"https:\/\/www.organisator.ch\/#organization"},"image":{"@id":"https:\/\/www.organisator.ch\/en\/general\/2016-05-26\/neue-vorstandsmitglieder-beim-fachverband-procure-ch\/#primaryimage"},"thumbnailUrl":"https:\/\/www.organisator.ch\/wp-content\/uploads\/2016\/12\/Neue-Vorstandsmitglieder-beim-Fachverband-procure.ch-organisator.jpg","keywords":["Institutionen","Verb\u00e4nde","Vereine"],"articleSection":["Allgemein"],"inLanguage":"fr-FR"},{"@type":"WebPage","@id":"https:\/\/www.organisator.ch\/en\/general\/2016-05-26\/neue-vorstandsmitglieder-beim-fachverband-procure-ch\/","url":"https:\/\/www.organisator.ch\/en\/general\/2016-05-26\/neue-vorstandsmitglieder-beim-fachverband-procure-ch\/","name":"Nouveaux membres du comit\u00e9 directeur de l'association professionnelle procure.ch - Organisateur","isPartOf":{"@id":"https:\/\/www.organisator.ch\/#website"},"primaryImageOfPage":{"@id":"https:\/\/www.organisator.ch\/en\/general\/2016-05-26\/neue-vorstandsmitglieder-beim-fachverband-procure-ch\/#primaryimage"},"image":{"@id":"https:\/\/www.organisator.ch\/en\/general\/2016-05-26\/neue-vorstandsmitglieder-beim-fachverband-procure-ch\/#primaryimage"},"thumbnailUrl":"https:\/\/www.organisator.ch\/wp-content\/uploads\/2016\/12\/Neue-Vorstandsmitglieder-beim-Fachverband-procure.ch-organisator.jpg","datePublished":"2016-05-26T09:27:40+00:00","description":"Lors de l'assembl\u00e9e g\u00e9n\u00e9rale de l'association professionnelle procure.ch, le point le plus important \u00e0 l'ordre du jour \u00e9tait le renouvellement du comit\u00e9 directeur.","breadcrumb":{"@id":"https:\/\/www.organisator.ch\/en\/general\/2016-05-26\/neue-vorstandsmitglieder-beim-fachverband-procure-ch\/#breadcrumb"},"inLanguage":"fr-FR","potentialAction":[{"@type":"ReadAction","target":["https:\/\/www.organisator.ch\/en\/general\/2016-05-26\/neue-vorstandsmitglieder-beim-fachverband-procure-ch\/"]}]},{"@type":"ImageObject","inLanguage":"fr-FR","@id":"https:\/\/www.organisator.ch\/en\/general\/2016-05-26\/neue-vorstandsmitglieder-beim-fachverband-procure-ch\/#primaryimage","url":"https:\/\/www.organisator.ch\/wp-content\/uploads\/2016\/12\/Neue-Vorstandsmitglieder-beim-Fachverband-procure.ch-organisator.jpg","contentUrl":"https:\/\/www.organisator.ch\/wp-content\/uploads\/2016\/12\/Neue-Vorstandsmitglieder-beim-Fachverband-procure.ch-organisator.jpg","width":784,"height":1174,"caption":"Adrian Jungo, Leiter Supply Chain Management und Immobilien, Swisscom AG und neu gew\u00e4hlter Pr\u00e4sident von procure.ch mit Andreas Kilchenmann, Gesch\u00e4ftsf\u00fchrer, WellPack AG (von links)"},{"@type":"BreadcrumbList","@id":"https:\/\/www.organisator.ch\/en\/general\/2016-05-26\/neue-vorstandsmitglieder-beim-fachverband-procure-ch\/#breadcrumb","itemListElement":[{"@type":"ListItem","position":1,"name":"Home","item":"https:\/\/www.organisator.ch\/"},{"@type":"ListItem","position":2,"name":"Neue Vorstandsmitglieder beim Fachverband procure.ch"}]},{"@type":"WebSite","@id":"https:\/\/www.organisator.ch\/#website","url":"https:\/\/www.organisator.ch\/","name":"Organisateur","description":"Comp\u00e9tence et comp\u00e9tence. Proches de la pratique. L'ORGANISATEUR pr\u00e9pare 10 num\u00e9ros par an sur les th\u00e8mes essentiels pour les dirigeants de PME.","publisher":{"@id":"https:\/\/www.organisator.ch\/#organization"},"potentialAction":[{"@type":"SearchAction","target":{"@type":"EntryPoint","urlTemplate":"https:\/\/www.organisator.ch\/?s={search_term_string}"},"query-input":{"@type":"PropertyValueSpecification","valueRequired":true,"valueName":"search_term_string"}}],"inLanguage":"fr-FR"},{"@type":"Organization","@id":"https:\/\/www.organisator.ch\/#organization","name":"Organisateur","url":"https:\/\/www.organisator.ch\/","logo":{"@type":"ImageObject","inLanguage":"fr-FR","@id":"https:\/\/www.organisator.ch\/#\/schema\/logo\/image\/","url":"https:\/\/www.organisator.ch\/wp-content\/uploads\/2022\/01\/Logo_Organisator_Website.png","contentUrl":"https:\/\/www.organisator.ch\/wp-content\/uploads\/2022\/01\/Logo_Organisator_Website.png","width":800,"height":77,"caption":"Organisator"},"image":{"@id":"https:\/\/www.organisator.ch\/#\/schema\/logo\/image\/"},"sameAs":["https:\/\/www.facebook.com\/OrganisatorFachmagazin","https:\/\/www.linkedin.com\/showcase\/organisator-das-magazin-fr-kmu","https:\/\/www.xing.com\/news\/pages\/organisator-ch-695","https:\/\/www.youtube.com\/channel\/UCGP2Sq0iWaZwT3BdIAQFYpw"]},{"@type":"Person","@id":"https:\/\/www.organisator.ch\/#\/schema\/person\/aa2bace6c5c5aad60102004a50c4eb1c","name":"admin","image":{"@type":"ImageObject","inLanguage":"fr-FR","@id":"https:\/\/secure.gravatar.com\/avatar\/ae2f4d718e6c49043e314ce431e7e645d646302a24a5ef5a8bc8e3f5a032e319?s=96&d=mm&r=g","url":"https:\/\/secure.gravatar.com\/avatar\/ae2f4d718e6c49043e314ce431e7e645d646302a24a5ef5a8bc8e3f5a032e319?s=96&d=mm&r=g","contentUrl":"https:\/\/secure.gravatar.com\/avatar\/ae2f4d718e6c49043e314ce431e7e645d646302a24a5ef5a8bc8e3f5a032e319?s=96&d=mm&r=g","caption":"admin"},"sameAs":["https:\/\/www.organisator.ch"],"url":"https:\/\/www.organisator.ch\/fr\/author\/admin\/"}]}},"_links":{"self":[{"href":"https:\/\/www.organisator.ch\/fr\/wp-json\/wp\/v2\/posts\/521","targetHints":{"allow":["GET"]}}],"collection":[{"href":"https:\/\/www.organisator.ch\/fr\/wp-json\/wp\/v2\/posts"}],"about":[{"href":"https:\/\/www.organisator.ch\/fr\/wp-json\/wp\/v2\/types\/post"}],"author":[{"embeddable":true,"href":"https:\/\/www.organisator.ch\/fr\/wp-json\/wp\/v2\/users\/1"}],"replies":[{"embeddable":true,"href":"https:\/\/www.organisator.ch\/fr\/wp-json\/wp\/v2\/comments?post=521"}],"version-history":[{"count":0,"href":"https:\/\/www.organisator.ch\/fr\/wp-json\/wp\/v2\/posts\/521\/revisions"}],"wp:featuredmedia":[{"embeddable":true,"href":"https:\/\/www.organisator.ch\/fr\/wp-json\/wp\/v2\/media\/522"}],"wp:attachment":[{"href":"https:\/\/www.organisator.ch\/fr\/wp-json\/wp\/v2\/media?parent=521"}],"wp:term":[{"taxonomy":"category","embeddable":true,"href":"https:\/\/www.organisator.ch\/fr\/wp-json\/wp\/v2\/categories?post=521"},{"taxonomy":"post_tag","embeddable":true,"href":"https:\/\/www.organisator.ch\/fr\/wp-json\/wp\/v2\/tags?post=521"}],"curies":[{"name":"wp","href":"https:\/\/api.w.org\/{rel}","templated":true}]}}