{"id":5213,"date":"2019-05-03T09:34:42","date_gmt":"2019-05-03T07:34:42","guid":{"rendered":"https:\/\/www.organisator.ch\/?p=5213"},"modified":"2019-05-03T09:34:42","modified_gmt":"2019-05-03T07:34:42","slug":"cloud-trends-wege-aus-dem-cloud-chaos","status":"publish","type":"post","link":"https:\/\/www.organisator.ch\/fr\/management\/it\/2019-05-03\/cloud-trends-wege-aus-dem-cloud-chaos\/","title":{"rendered":"Tendances du cloud - Comment sortir du chaos du cloud ?"},"content":{"rendered":"<figure id=\"attachment_5214\" aria-describedby=\"caption-attachment-5214\" style=\"width: 680px\" class=\"wp-caption alignnone\"><img loading=\"lazy\" decoding=\"async\" class=\"size-medium wp-image-5214\" src=\"https:\/\/www.organisator.ch\/wp-content\/uploads\/2019\/05\/Cloud-Trends-Wege-aus-dem-Cloud-Chaos_Organisator.jpg\" alt=\"\" width=\"680\" height=\"499\" srcset=\"https:\/\/www.organisator.ch\/wp-content\/uploads\/2019\/05\/Cloud-Trends-Wege-aus-dem-Cloud-Chaos_Organisator.jpg 680w, https:\/\/www.organisator.ch\/wp-content\/uploads\/2019\/05\/Cloud-Trends-Wege-aus-dem-Cloud-Chaos_Organisator-16x12.jpg 16w, https:\/\/www.organisator.ch\/wp-content\/uploads\/2019\/05\/Cloud-Trends-Wege-aus-dem-Cloud-Chaos_Organisator-238x175.jpg 238w, https:\/\/www.organisator.ch\/wp-content\/uploads\/2019\/05\/Cloud-Trends-Wege-aus-dem-Cloud-Chaos_Organisator-477x350.jpg 477w, https:\/\/www.organisator.ch\/wp-content\/uploads\/2019\/05\/Cloud-Trends-Wege-aus-dem-Cloud-Chaos_Organisator-300x220.jpg 300w\" sizes=\"auto, (max-width: 680px) 100vw, 680px\" \/><figcaption id=\"caption-attachment-5214\" class=\"wp-caption-text\">Pas de chaos dans le cloud : voici comment les entreprises voient les avantages d'une strat\u00e9gie multi-cloud. (Graphique : Interxion)<\/figcaption><\/figure>\n<p>Le chemin vers le multi-cloud est souvent pass\u00e9 par le \"Shadow IT\", comme le confirment 28,7% des personnes interrog\u00e9es dans une nouvelle \u00e9tude. Ou alors, ce chemin \u00e9tait guid\u00e9 par les besoins, sans coordination. Dans les entreprises, le chaos du cloud mena\u00e7ait. Comment les entreprises suisses abordent-elles le sujet et quels sont les d\u00e9fis \u00e0 relever ? C'est ce qu'ont \u00e9tudi\u00e9 les chercheurs de Research in Action pour le compte d'Interxion. Pour ce faire, Research in Action a interrog\u00e9 1400 personnes de sept pays europ\u00e9ens, dont 150 en Suisse.<\/p>\n<h2>Le multi-cloud est d\u00e9j\u00e0 une r\u00e9alit\u00e9 pour beaucoup<\/h2>\n<p>Les r\u00e9ponses r\u00e9v\u00e8lent que 89,3% des entreprises suisses se pr\u00e9occupent actuellement d'une strat\u00e9gie multi-cloud int\u00e9gr\u00e9e. Seuls 8% l'ont d\u00e9j\u00e0 mise en \u0153uvre, mais une sur trois pr\u00e9voit de le faire dans les 18 mois \u00e0 venir. D'autres 41,3% pr\u00e9voient une mise en \u0153uvre \u00e0 long terme. Seuls 7,4% ignorent le sujet jusqu'\u00e0 pr\u00e9sent, ou n'utilisent aucun ou un seul cloud. Le multi-cloud est donc une r\u00e9alit\u00e9 pour une grande partie des entreprises suisses - mais qu'en est-il dans le d\u00e9tail ?<\/p>\n<h2>Le classement par secteur<\/h2>\n<p>Le secteur \"Technologie et conseil\" est actuellement le plus avanc\u00e9 dans la mise en \u0153uvre d'une strat\u00e9gie multi-cloud avec 26,4%. Les autres places sont occup\u00e9es par les \"m\u00e9dias et t\u00e9l\u00e9communications\" avec 15,4% et le secteur financier avec 13,2%. En queue de peloton, on trouve le commerce de d\u00e9tail et le \"transport et logistique\" avec 3,5%.<\/p>\n<h2>Les avantages du multi-cloud<\/h2>\n<p>La r\u00e9duction des co\u00fbts gr\u00e2ce au multi-cloud est le facteur le plus important pour 30,7% des entreprises suisses. 26% des personnes interrog\u00e9es appr\u00e9cient les avantages et les points forts professionnels des offres dans le multi-cloud et leur utilisation flexible optimale. Les raisons principales Trois et Quatre sont, avec une valeur de 15,3%, la maximisation de la s\u00e9curit\u00e9 contre les pannes pour les services et l'\u00e9vitement d'un verrouillage des fournisseurs avec une valeur de 12,7%.<\/p>\n<h2>Les d\u00e9fis du multi-cloud<\/h2>\n<p>En ce qui concerne les d\u00e9fis \u00e0 relever sur la voie du multi-cloud, 30% des personnes interrog\u00e9es ont surtout cit\u00e9 l'int\u00e9gration des services comme un obstacle technique potentiel. 22% consid\u00e8rent les risques de s\u00e9curit\u00e9 li\u00e9s \u00e0 l'utilisation de diff\u00e9rents services en nuage comme un obstacle sur la voie du multi-cloud. Pour 10%, le multi-cloud ne correspond pas \u00e0 la strat\u00e9gie de l'entreprise.<\/p>\n<h2>La perspective du multi-cloud<\/h2>\n<p>Lorsqu'il s'agit d'utiliser des services de cloud hybride, le domaine le plus prometteur, avec 36%, est l'Infrastructure as a Service (IaaS), 30% consid\u00e8rent la Plattform as a Service (PaaS) comme la plus grande utilit\u00e9, 10% citent le Software as a Service (SaaS) et 20,7% plus g\u00e9n\u00e9ralement les infrastructures hybrides.<\/p>\n<h2>Quelle offre cloud choisir ?<\/h2>\n<p>Les 150 personnes interrog\u00e9es voient l'avenir du multi-cloud avec 28,7% purement chez les hyperscalers, 23,3% des participants \u00e0 l'\u00e9tude citent des offres de cloud sp\u00e9cifiques \u00e0 la branche en combinaison avec des hyperscalers. Les offres qui permettent une utilisation simple des hypercalers et leur mise en r\u00e9seau avec l'infrastructure propre \u00e0 l'entreprise repr\u00e9sentent ici une aide pr\u00e9cieuse. Elles proposent des acc\u00e8s priv\u00e9s s\u00e9curis\u00e9s et hautement performants au cloud \u00e0 partir d'hyperscalers tels que Microsoft Azure, Google Cloud ou Amazon Web Services via une connexion physique. Il est \u00e9galement possible de se connecter directement aux PoP de cloud dans les datacenters de colocation.<\/p>\n<p>En Suisse, Interxion propose une connexion directe via PoP \u00e0 Google Cloud, AWS et Microsoft Azure. Pour ces deux derniers, il s'agit des seuls PoP en Suisse. Gr\u00e2ce au service Cloud Connect, il est \u00e9galement possible de se connecter aux clouds d'IBM et d'Oracle.<\/p>\n<p><em><a href=\"https:\/\/interxion.build\/de\/studie-cloud-trends-2020-wege-aus-dem-cloud-chaos\/\">Source<\/a><\/em><\/p>","protected":false},"excerpt":{"rendered":"<p>Der Weg in die Multi-Cloud f\u00fchrte oft \u00fcber die \u201eSchatten-IT\u201c, wie 28,7% der Befragten in einer neuen Studie best\u00e4tigen. Oder aber dieser Weg war unkoordiniert bedarfsgetrieben. In Unternehmen drohte das Cloud-Chaos. Wie wird das Thema von Schweizer Unternehmen angegangen und welche Herausforderungen stellen sich? Das haben die Marktforscher von Research in Action im Auftrag von [&hellip;]<\/p>\n","protected":false},"author":4,"featured_media":5214,"comment_status":"open","ping_status":"open","sticky":false,"template":"","format":"standard","meta":{"_acf_changed":false,"_yoast_wpseo_focuskw":"Cloud-Chaos","_yoast_wpseo_metadesc":"Schweizer Unternehmen setzen vermehrt auf den Einsatz von Cloud Computing. Insbesondere die Multi Cloud-Strategie ist immer weiter verbreitet.","articlekey":"","footnotes":""},"categories":[27],"tags":[123,286,459],"class_list":["post-5213","post","type-post","status-publish","format-standard","has-post-thumbnail","hentry","category-it","tag-cloud-computing","tag-it","tag-studie"],"acf":[],"yoast_head":"<!-- This site is optimized with the Yoast SEO plugin v27.5 - https:\/\/yoast.com\/product\/yoast-seo-wordpress\/ -->\n<title>Cloud Trends \u2013 Wege aus dem Cloud-Chaos? - Organisator<\/title>\n<meta name=\"description\" content=\"Schweizer Unternehmen setzen vermehrt auf den Einsatz von Cloud Computing. Insbesondere die Multi Cloud-Strategie ist immer weiter verbreitet.\" \/>\n<meta name=\"robots\" content=\"index, follow, max-snippet:-1, max-image-preview:large, max-video-preview:-1\" \/>\n<link rel=\"canonical\" href=\"https:\/\/www.organisator.ch\/fr\/gestion-2\/it\/2019-05-03\/cloud-trends-wege-aus-dem-cloud-chaos\/\" \/>\n<meta property=\"og:locale\" content=\"fr_FR\" \/>\n<meta property=\"og:type\" content=\"article\" \/>\n<meta property=\"og:title\" content=\"Cloud Trends \u2013 Wege aus dem Cloud-Chaos?\" \/>\n<meta property=\"og:description\" content=\"Schweizer Unternehmen setzen vermehrt auf den Einsatz von Cloud Computing. Insbesondere die Multi Cloud-Strategie ist immer weiter verbreitet.\" \/>\n<meta property=\"og:url\" content=\"https:\/\/www.organisator.ch\/fr\/gestion-2\/it\/2019-05-03\/cloud-trends-wege-aus-dem-cloud-chaos\/\" \/>\n<meta property=\"og:site_name\" content=\"Organisator\" \/>\n<meta property=\"article:publisher\" content=\"https:\/\/www.facebook.com\/OrganisatorFachmagazin\" \/>\n<meta property=\"article:published_time\" content=\"2019-05-03T07:34:42+00:00\" \/>\n<meta property=\"og:image\" content=\"https:\/\/www.organisator.ch\/wp-content\/uploads\/2019\/05\/Cloud-Trends-Wege-aus-dem-Cloud-Chaos_Organisator.jpg\" \/>\n\t<meta property=\"og:image:width\" content=\"680\" \/>\n\t<meta property=\"og:image:height\" content=\"499\" \/>\n\t<meta property=\"og:image:type\" content=\"image\/jpeg\" \/>\n<meta name=\"author\" content=\"thomas.berner\" \/>\n<meta name=\"twitter:card\" content=\"summary_large_image\" \/>\n<meta name=\"twitter:title\" content=\"Cloud Trends \u2013 Wege aus dem #Cloud-Chaos?\" \/>\n<meta name=\"twitter:description\" content=\"Schweizer Unternehmen setzen vermehrt auf den Einsatz von #Cloud Computing. Insbesondere die Multi Cloud-Strategie ist immer weiter verbreitet.\" \/>\n<meta name=\"twitter:image\" content=\"https:\/\/www.organisator.ch\/wp-content\/uploads\/2019\/05\/Cloud-Trends-Wege-aus-dem-Cloud-Chaos_Organisator.jpg\" \/>\n<script type=\"application\/ld+json\" class=\"yoast-schema-graph\">{\"@context\":\"https:\\\/\\\/schema.org\",\"@graph\":[{\"@type\":\"Article\",\"@id\":\"https:\\\/\\\/www.organisator.ch\\\/management\\\/it\\\/2019-05-03\\\/cloud-trends-wege-aus-dem-cloud-chaos\\\/#article\",\"isPartOf\":{\"@id\":\"https:\\\/\\\/www.organisator.ch\\\/management\\\/it\\\/2019-05-03\\\/cloud-trends-wege-aus-dem-cloud-chaos\\\/\"},\"author\":{\"name\":\"thomas.berner\",\"@id\":\"https:\\\/\\\/www.organisator.ch\\\/#\\\/schema\\\/person\\\/6f650f90b2842cd4c0cc334b4e36f67e\"},\"headline\":\"Cloud Trends \u2013 Wege aus dem Cloud-Chaos?\",\"datePublished\":\"2019-05-03T07:34:42+00:00\",\"mainEntityOfPage\":{\"@id\":\"https:\\\/\\\/www.organisator.ch\\\/management\\\/it\\\/2019-05-03\\\/cloud-trends-wege-aus-dem-cloud-chaos\\\/\"},\"wordCount\":518,\"commentCount\":0,\"publisher\":{\"@id\":\"https:\\\/\\\/www.organisator.ch\\\/#organization\"},\"image\":{\"@id\":\"https:\\\/\\\/www.organisator.ch\\\/management\\\/it\\\/2019-05-03\\\/cloud-trends-wege-aus-dem-cloud-chaos\\\/#primaryimage\"},\"thumbnailUrl\":\"https:\\\/\\\/www.organisator.ch\\\/wp-content\\\/uploads\\\/2019\\\/05\\\/Cloud-Trends-Wege-aus-dem-Cloud-Chaos_Organisator.jpg\",\"keywords\":[\"Cloud Computing\",\"IT\",\"Studie\"],\"articleSection\":[\"IT\"],\"inLanguage\":\"fr-FR\"},{\"@type\":\"WebPage\",\"@id\":\"https:\\\/\\\/www.organisator.ch\\\/management\\\/it\\\/2019-05-03\\\/cloud-trends-wege-aus-dem-cloud-chaos\\\/\",\"url\":\"https:\\\/\\\/www.organisator.ch\\\/management\\\/it\\\/2019-05-03\\\/cloud-trends-wege-aus-dem-cloud-chaos\\\/\",\"name\":\"Cloud Trends \u2013 Wege aus dem Cloud-Chaos? - Organisator\",\"isPartOf\":{\"@id\":\"https:\\\/\\\/www.organisator.ch\\\/#website\"},\"primaryImageOfPage\":{\"@id\":\"https:\\\/\\\/www.organisator.ch\\\/management\\\/it\\\/2019-05-03\\\/cloud-trends-wege-aus-dem-cloud-chaos\\\/#primaryimage\"},\"image\":{\"@id\":\"https:\\\/\\\/www.organisator.ch\\\/management\\\/it\\\/2019-05-03\\\/cloud-trends-wege-aus-dem-cloud-chaos\\\/#primaryimage\"},\"thumbnailUrl\":\"https:\\\/\\\/www.organisator.ch\\\/wp-content\\\/uploads\\\/2019\\\/05\\\/Cloud-Trends-Wege-aus-dem-Cloud-Chaos_Organisator.jpg\",\"datePublished\":\"2019-05-03T07:34:42+00:00\",\"description\":\"Schweizer Unternehmen setzen vermehrt auf den Einsatz von Cloud Computing. Insbesondere die Multi Cloud-Strategie ist immer weiter verbreitet.\",\"breadcrumb\":{\"@id\":\"https:\\\/\\\/www.organisator.ch\\\/management\\\/it\\\/2019-05-03\\\/cloud-trends-wege-aus-dem-cloud-chaos\\\/#breadcrumb\"},\"inLanguage\":\"fr-FR\",\"potentialAction\":[{\"@type\":\"ReadAction\",\"target\":[\"https:\\\/\\\/www.organisator.ch\\\/management\\\/it\\\/2019-05-03\\\/cloud-trends-wege-aus-dem-cloud-chaos\\\/\"]}]},{\"@type\":\"ImageObject\",\"inLanguage\":\"fr-FR\",\"@id\":\"https:\\\/\\\/www.organisator.ch\\\/management\\\/it\\\/2019-05-03\\\/cloud-trends-wege-aus-dem-cloud-chaos\\\/#primaryimage\",\"url\":\"https:\\\/\\\/www.organisator.ch\\\/wp-content\\\/uploads\\\/2019\\\/05\\\/Cloud-Trends-Wege-aus-dem-Cloud-Chaos_Organisator.jpg\",\"contentUrl\":\"https:\\\/\\\/www.organisator.ch\\\/wp-content\\\/uploads\\\/2019\\\/05\\\/Cloud-Trends-Wege-aus-dem-Cloud-Chaos_Organisator.jpg\",\"width\":680,\"height\":499,\"caption\":\"Kein Cloud-Chaos: So sehen Unternehmen die Vorteile einer Multi Cloud-Strategie. (Grafik: Interxion)\"},{\"@type\":\"BreadcrumbList\",\"@id\":\"https:\\\/\\\/www.organisator.ch\\\/management\\\/it\\\/2019-05-03\\\/cloud-trends-wege-aus-dem-cloud-chaos\\\/#breadcrumb\",\"itemListElement\":[{\"@type\":\"ListItem\",\"position\":1,\"name\":\"Home\",\"item\":\"https:\\\/\\\/www.organisator.ch\\\/\"},{\"@type\":\"ListItem\",\"position\":2,\"name\":\"Cloud Trends \u2013 Wege aus dem Cloud-Chaos?\"}]},{\"@type\":\"WebSite\",\"@id\":\"https:\\\/\\\/www.organisator.ch\\\/#website\",\"url\":\"https:\\\/\\\/www.organisator.ch\\\/\",\"name\":\"Organisator\",\"description\":\"Kompetent. Praxisnah. Der ORGANISATOR bereitet in 10 Ausgaben pro Jahr die wesentlichen Themen f\u00fcr F\u00fchrungskr\u00e4fte von KMU auf.\",\"publisher\":{\"@id\":\"https:\\\/\\\/www.organisator.ch\\\/#organization\"},\"potentialAction\":[{\"@type\":\"SearchAction\",\"target\":{\"@type\":\"EntryPoint\",\"urlTemplate\":\"https:\\\/\\\/www.organisator.ch\\\/?s={search_term_string}\"},\"query-input\":{\"@type\":\"PropertyValueSpecification\",\"valueRequired\":true,\"valueName\":\"search_term_string\"}}],\"inLanguage\":\"fr-FR\"},{\"@type\":\"Organization\",\"@id\":\"https:\\\/\\\/www.organisator.ch\\\/#organization\",\"name\":\"Organisator\",\"url\":\"https:\\\/\\\/www.organisator.ch\\\/\",\"logo\":{\"@type\":\"ImageObject\",\"inLanguage\":\"fr-FR\",\"@id\":\"https:\\\/\\\/www.organisator.ch\\\/#\\\/schema\\\/logo\\\/image\\\/\",\"url\":\"https:\\\/\\\/www.organisator.ch\\\/wp-content\\\/uploads\\\/2022\\\/01\\\/Logo_Organisator_Website.png\",\"contentUrl\":\"https:\\\/\\\/www.organisator.ch\\\/wp-content\\\/uploads\\\/2022\\\/01\\\/Logo_Organisator_Website.png\",\"width\":800,\"height\":77,\"caption\":\"Organisator\"},\"image\":{\"@id\":\"https:\\\/\\\/www.organisator.ch\\\/#\\\/schema\\\/logo\\\/image\\\/\"},\"sameAs\":[\"https:\\\/\\\/www.facebook.com\\\/OrganisatorFachmagazin\",\"https:\\\/\\\/www.linkedin.com\\\/showcase\\\/organisator-das-magazin-fr-kmu\",\"https:\\\/\\\/www.xing.com\\\/news\\\/pages\\\/organisator-ch-695\",\"https:\\\/\\\/www.youtube.com\\\/channel\\\/UCGP2Sq0iWaZwT3BdIAQFYpw\"]},{\"@type\":\"Person\",\"@id\":\"https:\\\/\\\/www.organisator.ch\\\/#\\\/schema\\\/person\\\/6f650f90b2842cd4c0cc334b4e36f67e\",\"name\":\"thomas.berner\",\"image\":{\"@type\":\"ImageObject\",\"inLanguage\":\"fr-FR\",\"@id\":\"https:\\\/\\\/secure.gravatar.com\\\/avatar\\\/ac5001d2a36cb6c6cd3e50789007ffca834b477b74a2144564522e944eabff61?s=96&d=mm&r=g\",\"url\":\"https:\\\/\\\/secure.gravatar.com\\\/avatar\\\/ac5001d2a36cb6c6cd3e50789007ffca834b477b74a2144564522e944eabff61?s=96&d=mm&r=g\",\"contentUrl\":\"https:\\\/\\\/secure.gravatar.com\\\/avatar\\\/ac5001d2a36cb6c6cd3e50789007ffca834b477b74a2144564522e944eabff61?s=96&d=mm&r=g\",\"caption\":\"thomas.berner\"},\"url\":\"https:\\\/\\\/www.organisator.ch\\\/fr\\\/author\\\/thomas-berner\\\/\"}]}<\/script>\n<!-- \/ Yoast SEO plugin. -->","yoast_head_json":{"title":"Tendances du cloud - Comment sortir du chaos du cloud ? - Organisateur","description":"Les entreprises suisses misent de plus en plus sur l'utilisation du cloud computing. La strat\u00e9gie multi-cloud, en particulier, est de plus en plus r\u00e9pandue.","robots":{"index":"index","follow":"follow","max-snippet":"max-snippet:-1","max-image-preview":"max-image-preview:large","max-video-preview":"max-video-preview:-1"},"canonical":"https:\/\/www.organisator.ch\/fr\/gestion-2\/it\/2019-05-03\/cloud-trends-wege-aus-dem-cloud-chaos\/","og_locale":"fr_FR","og_type":"article","og_title":"Cloud Trends \u2013 Wege aus dem Cloud-Chaos?","og_description":"Schweizer Unternehmen setzen vermehrt auf den Einsatz von Cloud Computing. Insbesondere die Multi Cloud-Strategie ist immer weiter verbreitet.","og_url":"https:\/\/www.organisator.ch\/fr\/gestion-2\/it\/2019-05-03\/cloud-trends-wege-aus-dem-cloud-chaos\/","og_site_name":"Organisator","article_publisher":"https:\/\/www.facebook.com\/OrganisatorFachmagazin","article_published_time":"2019-05-03T07:34:42+00:00","og_image":[{"width":680,"height":499,"url":"https:\/\/www.organisator.ch\/wp-content\/uploads\/2019\/05\/Cloud-Trends-Wege-aus-dem-Cloud-Chaos_Organisator.jpg","type":"image\/jpeg"}],"author":"thomas.berner","twitter_card":"summary_large_image","twitter_title":"Cloud Trends \u2013 Wege aus dem #Cloud-Chaos?","twitter_description":"Schweizer Unternehmen setzen vermehrt auf den Einsatz von #Cloud Computing. Insbesondere die Multi Cloud-Strategie ist immer weiter verbreitet.","twitter_image":"https:\/\/www.organisator.ch\/wp-content\/uploads\/2019\/05\/Cloud-Trends-Wege-aus-dem-Cloud-Chaos_Organisator.jpg","schema":{"@context":"https:\/\/schema.org","@graph":[{"@type":"Article","@id":"https:\/\/www.organisator.ch\/management\/it\/2019-05-03\/cloud-trends-wege-aus-dem-cloud-chaos\/#article","isPartOf":{"@id":"https:\/\/www.organisator.ch\/management\/it\/2019-05-03\/cloud-trends-wege-aus-dem-cloud-chaos\/"},"author":{"name":"thomas.berner","@id":"https:\/\/www.organisator.ch\/#\/schema\/person\/6f650f90b2842cd4c0cc334b4e36f67e"},"headline":"Cloud Trends \u2013 Wege aus dem Cloud-Chaos?","datePublished":"2019-05-03T07:34:42+00:00","mainEntityOfPage":{"@id":"https:\/\/www.organisator.ch\/management\/it\/2019-05-03\/cloud-trends-wege-aus-dem-cloud-chaos\/"},"wordCount":518,"commentCount":0,"publisher":{"@id":"https:\/\/www.organisator.ch\/#organization"},"image":{"@id":"https:\/\/www.organisator.ch\/management\/it\/2019-05-03\/cloud-trends-wege-aus-dem-cloud-chaos\/#primaryimage"},"thumbnailUrl":"https:\/\/www.organisator.ch\/wp-content\/uploads\/2019\/05\/Cloud-Trends-Wege-aus-dem-Cloud-Chaos_Organisator.jpg","keywords":["Cloud Computing","IT","Studie"],"articleSection":["IT"],"inLanguage":"fr-FR"},{"@type":"WebPage","@id":"https:\/\/www.organisator.ch\/management\/it\/2019-05-03\/cloud-trends-wege-aus-dem-cloud-chaos\/","url":"https:\/\/www.organisator.ch\/management\/it\/2019-05-03\/cloud-trends-wege-aus-dem-cloud-chaos\/","name":"Tendances du cloud - Comment sortir du chaos du cloud ? - Organisateur","isPartOf":{"@id":"https:\/\/www.organisator.ch\/#website"},"primaryImageOfPage":{"@id":"https:\/\/www.organisator.ch\/management\/it\/2019-05-03\/cloud-trends-wege-aus-dem-cloud-chaos\/#primaryimage"},"image":{"@id":"https:\/\/www.organisator.ch\/management\/it\/2019-05-03\/cloud-trends-wege-aus-dem-cloud-chaos\/#primaryimage"},"thumbnailUrl":"https:\/\/www.organisator.ch\/wp-content\/uploads\/2019\/05\/Cloud-Trends-Wege-aus-dem-Cloud-Chaos_Organisator.jpg","datePublished":"2019-05-03T07:34:42+00:00","description":"Les entreprises suisses misent de plus en plus sur l'utilisation du cloud computing. La strat\u00e9gie multi-cloud, en particulier, est de plus en plus r\u00e9pandue.","breadcrumb":{"@id":"https:\/\/www.organisator.ch\/management\/it\/2019-05-03\/cloud-trends-wege-aus-dem-cloud-chaos\/#breadcrumb"},"inLanguage":"fr-FR","potentialAction":[{"@type":"ReadAction","target":["https:\/\/www.organisator.ch\/management\/it\/2019-05-03\/cloud-trends-wege-aus-dem-cloud-chaos\/"]}]},{"@type":"ImageObject","inLanguage":"fr-FR","@id":"https:\/\/www.organisator.ch\/management\/it\/2019-05-03\/cloud-trends-wege-aus-dem-cloud-chaos\/#primaryimage","url":"https:\/\/www.organisator.ch\/wp-content\/uploads\/2019\/05\/Cloud-Trends-Wege-aus-dem-Cloud-Chaos_Organisator.jpg","contentUrl":"https:\/\/www.organisator.ch\/wp-content\/uploads\/2019\/05\/Cloud-Trends-Wege-aus-dem-Cloud-Chaos_Organisator.jpg","width":680,"height":499,"caption":"Kein Cloud-Chaos: So sehen Unternehmen die Vorteile einer Multi Cloud-Strategie. (Grafik: Interxion)"},{"@type":"BreadcrumbList","@id":"https:\/\/www.organisator.ch\/management\/it\/2019-05-03\/cloud-trends-wege-aus-dem-cloud-chaos\/#breadcrumb","itemListElement":[{"@type":"ListItem","position":1,"name":"Home","item":"https:\/\/www.organisator.ch\/"},{"@type":"ListItem","position":2,"name":"Cloud Trends \u2013 Wege aus dem Cloud-Chaos?"}]},{"@type":"WebSite","@id":"https:\/\/www.organisator.ch\/#website","url":"https:\/\/www.organisator.ch\/","name":"Organisateur","description":"Comp\u00e9tence et comp\u00e9tence. Proches de la pratique. L'ORGANISATEUR pr\u00e9pare 10 num\u00e9ros par an sur les th\u00e8mes essentiels pour les dirigeants de PME.","publisher":{"@id":"https:\/\/www.organisator.ch\/#organization"},"potentialAction":[{"@type":"SearchAction","target":{"@type":"EntryPoint","urlTemplate":"https:\/\/www.organisator.ch\/?s={search_term_string}"},"query-input":{"@type":"PropertyValueSpecification","valueRequired":true,"valueName":"search_term_string"}}],"inLanguage":"fr-FR"},{"@type":"Organization","@id":"https:\/\/www.organisator.ch\/#organization","name":"Organisateur","url":"https:\/\/www.organisator.ch\/","logo":{"@type":"ImageObject","inLanguage":"fr-FR","@id":"https:\/\/www.organisator.ch\/#\/schema\/logo\/image\/","url":"https:\/\/www.organisator.ch\/wp-content\/uploads\/2022\/01\/Logo_Organisator_Website.png","contentUrl":"https:\/\/www.organisator.ch\/wp-content\/uploads\/2022\/01\/Logo_Organisator_Website.png","width":800,"height":77,"caption":"Organisator"},"image":{"@id":"https:\/\/www.organisator.ch\/#\/schema\/logo\/image\/"},"sameAs":["https:\/\/www.facebook.com\/OrganisatorFachmagazin","https:\/\/www.linkedin.com\/showcase\/organisator-das-magazin-fr-kmu","https:\/\/www.xing.com\/news\/pages\/organisator-ch-695","https:\/\/www.youtube.com\/channel\/UCGP2Sq0iWaZwT3BdIAQFYpw"]},{"@type":"Person","@id":"https:\/\/www.organisator.ch\/#\/schema\/person\/6f650f90b2842cd4c0cc334b4e36f67e","name":"thomas.berner","image":{"@type":"ImageObject","inLanguage":"fr-FR","@id":"https:\/\/secure.gravatar.com\/avatar\/ac5001d2a36cb6c6cd3e50789007ffca834b477b74a2144564522e944eabff61?s=96&d=mm&r=g","url":"https:\/\/secure.gravatar.com\/avatar\/ac5001d2a36cb6c6cd3e50789007ffca834b477b74a2144564522e944eabff61?s=96&d=mm&r=g","contentUrl":"https:\/\/secure.gravatar.com\/avatar\/ac5001d2a36cb6c6cd3e50789007ffca834b477b74a2144564522e944eabff61?s=96&d=mm&r=g","caption":"thomas.berner"},"url":"https:\/\/www.organisator.ch\/fr\/author\/thomas-berner\/"}]}},"_links":{"self":[{"href":"https:\/\/www.organisator.ch\/fr\/wp-json\/wp\/v2\/posts\/5213","targetHints":{"allow":["GET"]}}],"collection":[{"href":"https:\/\/www.organisator.ch\/fr\/wp-json\/wp\/v2\/posts"}],"about":[{"href":"https:\/\/www.organisator.ch\/fr\/wp-json\/wp\/v2\/types\/post"}],"author":[{"embeddable":true,"href":"https:\/\/www.organisator.ch\/fr\/wp-json\/wp\/v2\/users\/4"}],"replies":[{"embeddable":true,"href":"https:\/\/www.organisator.ch\/fr\/wp-json\/wp\/v2\/comments?post=5213"}],"version-history":[{"count":0,"href":"https:\/\/www.organisator.ch\/fr\/wp-json\/wp\/v2\/posts\/5213\/revisions"}],"wp:featuredmedia":[{"embeddable":true,"href":"https:\/\/www.organisator.ch\/fr\/wp-json\/wp\/v2\/media\/5214"}],"wp:attachment":[{"href":"https:\/\/www.organisator.ch\/fr\/wp-json\/wp\/v2\/media?parent=5213"}],"wp:term":[{"taxonomy":"category","embeddable":true,"href":"https:\/\/www.organisator.ch\/fr\/wp-json\/wp\/v2\/categories?post=5213"},{"taxonomy":"post_tag","embeddable":true,"href":"https:\/\/www.organisator.ch\/fr\/wp-json\/wp\/v2\/tags?post=5213"}],"curies":[{"name":"wp","href":"https:\/\/api.w.org\/{rel}","templated":true}]}}