{"id":5240,"date":"2019-05-14T08:07:21","date_gmt":"2019-05-14T06:07:21","guid":{"rendered":"https:\/\/www.organisator.ch\/?p=5240"},"modified":"2019-05-14T08:07:21","modified_gmt":"2019-05-14T06:07:21","slug":"rekordergebnis-im-jubilaeumsjahr","status":"publish","type":"post","link":"https:\/\/www.organisator.ch\/fr\/management\/2019-05-14\/rekordergebnis-im-jubilaeumsjahr\/","title":{"rendered":"Un r\u00e9sultat record pour l'ann\u00e9e du jubil\u00e9"},"content":{"rendered":"<figure id=\"attachment_5241\" aria-describedby=\"caption-attachment-5241\" style=\"width: 680px\" class=\"wp-caption alignnone\"><img loading=\"lazy\" decoding=\"async\" class=\"size-medium wp-image-5241\" src=\"https:\/\/www.organisator.ch\/wp-content\/uploads\/2019\/05\/Rekordergebnis-im-Jubilaeumsjahr_Organisator.jpg\" alt=\"\" width=\"680\" height=\"523\" srcset=\"https:\/\/www.organisator.ch\/wp-content\/uploads\/2019\/05\/Rekordergebnis-im-Jubilaeumsjahr_Organisator.jpg 680w, https:\/\/www.organisator.ch\/wp-content\/uploads\/2019\/05\/Rekordergebnis-im-Jubilaeumsjahr_Organisator-16x12.jpg 16w, https:\/\/www.organisator.ch\/wp-content\/uploads\/2019\/05\/Rekordergebnis-im-Jubilaeumsjahr_Organisator-228x175.jpg 228w, https:\/\/www.organisator.ch\/wp-content\/uploads\/2019\/05\/Rekordergebnis-im-Jubilaeumsjahr_Organisator-455x350.jpg 455w, https:\/\/www.organisator.ch\/wp-content\/uploads\/2019\/05\/Rekordergebnis-im-Jubilaeumsjahr_Organisator-300x231.jpg 300w\" sizes=\"auto, (max-width: 680px) 100vw, 680px\" \/><figcaption id=\"caption-attachment-5241\" class=\"wp-caption-text\">Dr. Hans Michael Kellner, CEO de Messer Schweiz, voit avec satisfaction le r\u00e9sultat record de la maison m\u00e8re allemande. (photo : zVg).<\/figcaption><\/figure>\n<p>R\u00e9sultat record pour l'ann\u00e9e anniversaire du sp\u00e9cialiste des gaz industriels : le chiffre d'affaires consolid\u00e9 de Messer a augment\u00e9 d'environ 10 %, passant de 1,232 milliard d'euros l'ann\u00e9e pr\u00e9c\u00e9dente \u00e0 1,350 milliard d'euros en 2018. Parall\u00e8lement, Messer a r\u00e9alis\u00e9 un E-BITDA de 366 millions d'euros. Cela correspond \u00e0 une augmentation d'environ 26 pour cent par rapport \u00e0 l'ann\u00e9e pr\u00e9c\u00e9dente. Les activit\u00e9s de Messer en Chine et au Vietnam ont contribu\u00e9 de mani\u00e8re d\u00e9terminante \u00e0 la croissance, avec une augmentation du chiffre d'affaires d'environ 27 pour cent et d'environ 18 pour cent respectivement.<\/p>\n<h2>Ouverture de nouveaux march\u00e9s mondiaux<\/h2>\n<p>Le point fort de l'ann\u00e9e 2018 a \u00e9t\u00e9 l'accord conclu avec Linde et Praxair pour la reprise des activit\u00e9s en Am\u00e9rique qui devaient \u00eatre vendues en raison des obligations impos\u00e9es par le droit de la concurrence : en mars 2019, Messer a ainsi repris, avec son partenaire financier CVC Capital Partners, la majeure partie des activit\u00e9s de Linde aux \u00c9tats-Unis ainsi que l'int\u00e9gralit\u00e9 des soci\u00e9t\u00e9s Linde au Br\u00e9sil, au Canada et en Colombie et la soci\u00e9t\u00e9 chilienne de Praxair. Messer va ainsi doubler le volume de ses activit\u00e9s. \"Nous avons d\u00e9velopp\u00e9 de nouveaux secteurs d'activit\u00e9 et de nouveaux march\u00e9s, investi dans la croissance et la s\u00e9curit\u00e9 d'approvisionnement et nous sommes focalis\u00e9s sur les besoins de nos clients. Cette voie nous a permis de r\u00e9aliser en 2018 le meilleur exercice de l'histoire de notre entreprise \u00e0 ce jour\", d\u00e9clare le CEO Stefan Messer.<\/p>\n<h2>Investir et agir de mani\u00e8re durable<\/h2>\n<p>Au cours de l'exercice 2018, les investissements de Messer Group GmbH se sont \u00e9lev\u00e9s \u00e0 environ 240 millions d'euros et ont essentiellement port\u00e9 sur la construction d'installations de s\u00e9paration de l'air au Vietnam et d'installations de production en Hongrie et en Chine. \"Gr\u00e2ce \u00e0 des investissements pr\u00e9voyants, nous garantissons notre autonomie et notre ind\u00e9pendance. Nous donnons ainsi \u00e0 nos collaborateurs, \u00e0 nos partenaires commerciaux et \u00e0 nos partenaires financiers une s\u00e9curit\u00e9 \u00e0 long terme dans leur collaboration\", explique Dr. Uwe Bechtolf, Chief Financial Officer de Messer Group GmbH. En Allemagne, Messer construit une nouvelle usine de production de gaz de l'air \u00e0 Spire ainsi qu'une usine de production d'hydrog\u00e8ne \u00e0 Castrop-Rauxel.<\/p>\n<p>Depuis 2014 d\u00e9j\u00e0, Messer publie chaque ann\u00e9e un rapport sur le d\u00e9veloppement durable et divulgue volontairement ses chiffres cl\u00e9s dans les domaines de la protection de l'environnement et du climat, de la s\u00e9curit\u00e9, de l'engagement social, de la croissance durable, de l'orientation des collaborateurs et des clients. Le rapport s'appuie sur les normes de la Global Reporting Initiative (GRI) internationale.<\/p>\n<p><em>Source et informations compl\u00e9mentaires : www.messer.ch<\/em><\/p>","protected":false},"excerpt":{"rendered":"<p>Rekordergebnis im Jubil\u00e4umsjahr des Industriegase-Spezialisten: Der konsolidierte Umsatz von Messer stieg um rund zehn Prozent von 1,232 Milliarden Euro im Vorjahr auf 1,350 Milliarden Euro in 2018. Gleichzeitig erzielte Messer ein E-BITDA in H\u00f6he von 366 Millionen Euro. Dies entspricht einer Steigerung von rund 26 Prozent im Vergleich zum Vorjahr. Ma\u00dfgeblich trugen die Gesch\u00e4fte von [&hellip;]<\/p>\n","protected":false},"author":4,"featured_media":5241,"comment_status":"open","ping_status":"open","sticky":false,"template":"","format":"standard","meta":{"_acf_changed":false,"_yoast_wpseo_focuskw":"Rekordergebnis","_yoast_wpseo_metadesc":"Geburtstag gefeiert, Rekordergebnis eingefahren: Der Industriegasespezialist Messer schloss das Gesch\u00e4ftsjahr 2018 mit einer positiven Bilanz ab.","articlekey":"","footnotes":""},"categories":[28],"tags":[236,492,508],"class_list":["post-5240","post","type-post","status-publish","format-standard","has-post-thumbnail","hentry","category-management","tag-geschaeftsbericht","tag-unternehmen","tag-vermischtes"],"acf":[],"yoast_head":"<!-- This site is optimized with the Yoast SEO plugin v27.5 - https:\/\/yoast.com\/product\/yoast-seo-wordpress\/ -->\n<title>Rekordergebnis im Jubil\u00e4umsjahr - Organisator<\/title>\n<meta name=\"description\" content=\"Geburtstag gefeiert, Rekordergebnis eingefahren: Der Industriegasespezialist Messer schloss das Gesch\u00e4ftsjahr 2018 mit einer positiven Bilanz ab.\" \/>\n<meta name=\"robots\" content=\"index, follow, max-snippet:-1, max-image-preview:large, max-video-preview:-1\" \/>\n<link rel=\"canonical\" href=\"https:\/\/www.organisator.ch\/fr\/gestion-2\/2019-05-14\/rekordergebnis-im-jubilaeumsjahr\/\" \/>\n<meta property=\"og:locale\" content=\"fr_FR\" \/>\n<meta property=\"og:type\" content=\"article\" \/>\n<meta property=\"og:title\" content=\"Rekordergebnis im Jubil\u00e4umsjahr\" \/>\n<meta property=\"og:description\" content=\"Geburtstag gefeiert, Rekordergebnis eingefahren: Der Industriegasespezialist Messer schloss das Gesch\u00e4ftsjahr 2018 mit einer positiven Bilanz ab.\" \/>\n<meta property=\"og:url\" content=\"https:\/\/www.organisator.ch\/fr\/gestion-2\/2019-05-14\/rekordergebnis-im-jubilaeumsjahr\/\" \/>\n<meta property=\"og:site_name\" content=\"Organisator\" \/>\n<meta property=\"article:publisher\" content=\"https:\/\/www.facebook.com\/OrganisatorFachmagazin\" \/>\n<meta property=\"article:published_time\" content=\"2019-05-14T06:07:21+00:00\" \/>\n<meta property=\"og:image\" content=\"https:\/\/www.organisator.ch\/wp-content\/uploads\/2019\/05\/Rekordergebnis-im-Jubilaeumsjahr_Organisator.jpg\" \/>\n\t<meta property=\"og:image:width\" content=\"680\" \/>\n\t<meta property=\"og:image:height\" content=\"523\" \/>\n\t<meta property=\"og:image:type\" content=\"image\/jpeg\" \/>\n<meta name=\"author\" content=\"thomas.berner\" \/>\n<meta name=\"twitter:card\" content=\"summary_large_image\" \/>\n<meta name=\"twitter:title\" content=\"#Rekordergebnis im #Jubil\u00e4umsjahr\" \/>\n<meta name=\"twitter:description\" content=\"Geburtstag gefeiert, #Rekordergebnis eingefahren: Der #Industriegasespezialist Messer schloss das Gesch\u00e4ftsjahr 2018 mit einer positiven Bilanz ab.\" \/>\n<meta name=\"twitter:image\" content=\"https:\/\/www.organisator.ch\/wp-content\/uploads\/2019\/05\/Rekordergebnis-im-Jubil\u00e4umsjahr_Organisator.jpg\" \/>\n<script type=\"application\/ld+json\" class=\"yoast-schema-graph\">{\"@context\":\"https:\\\/\\\/schema.org\",\"@graph\":[{\"@type\":\"Article\",\"@id\":\"https:\\\/\\\/www.organisator.ch\\\/management\\\/2019-05-14\\\/rekordergebnis-im-jubilaeumsjahr\\\/#article\",\"isPartOf\":{\"@id\":\"https:\\\/\\\/www.organisator.ch\\\/management\\\/2019-05-14\\\/rekordergebnis-im-jubilaeumsjahr\\\/\"},\"author\":{\"name\":\"thomas.berner\",\"@id\":\"https:\\\/\\\/www.organisator.ch\\\/#\\\/schema\\\/person\\\/6f650f90b2842cd4c0cc334b4e36f67e\"},\"headline\":\"Rekordergebnis im Jubil\u00e4umsjahr\",\"datePublished\":\"2019-05-14T06:07:21+00:00\",\"mainEntityOfPage\":{\"@id\":\"https:\\\/\\\/www.organisator.ch\\\/management\\\/2019-05-14\\\/rekordergebnis-im-jubilaeumsjahr\\\/\"},\"wordCount\":354,\"commentCount\":0,\"publisher\":{\"@id\":\"https:\\\/\\\/www.organisator.ch\\\/#organization\"},\"image\":{\"@id\":\"https:\\\/\\\/www.organisator.ch\\\/management\\\/2019-05-14\\\/rekordergebnis-im-jubilaeumsjahr\\\/#primaryimage\"},\"thumbnailUrl\":\"https:\\\/\\\/www.organisator.ch\\\/wp-content\\\/uploads\\\/2019\\\/05\\\/Rekordergebnis-im-Jubilaeumsjahr_Organisator.jpg\",\"keywords\":[\"Gesch\u00e4ftsbericht\",\"Unternehmen\",\"Vermischtes\"],\"articleSection\":[\"MANAGEMENT\"],\"inLanguage\":\"fr-FR\"},{\"@type\":\"WebPage\",\"@id\":\"https:\\\/\\\/www.organisator.ch\\\/management\\\/2019-05-14\\\/rekordergebnis-im-jubilaeumsjahr\\\/\",\"url\":\"https:\\\/\\\/www.organisator.ch\\\/management\\\/2019-05-14\\\/rekordergebnis-im-jubilaeumsjahr\\\/\",\"name\":\"Rekordergebnis im Jubil\u00e4umsjahr - Organisator\",\"isPartOf\":{\"@id\":\"https:\\\/\\\/www.organisator.ch\\\/#website\"},\"primaryImageOfPage\":{\"@id\":\"https:\\\/\\\/www.organisator.ch\\\/management\\\/2019-05-14\\\/rekordergebnis-im-jubilaeumsjahr\\\/#primaryimage\"},\"image\":{\"@id\":\"https:\\\/\\\/www.organisator.ch\\\/management\\\/2019-05-14\\\/rekordergebnis-im-jubilaeumsjahr\\\/#primaryimage\"},\"thumbnailUrl\":\"https:\\\/\\\/www.organisator.ch\\\/wp-content\\\/uploads\\\/2019\\\/05\\\/Rekordergebnis-im-Jubilaeumsjahr_Organisator.jpg\",\"datePublished\":\"2019-05-14T06:07:21+00:00\",\"description\":\"Geburtstag gefeiert, Rekordergebnis eingefahren: Der Industriegasespezialist Messer schloss das Gesch\u00e4ftsjahr 2018 mit einer positiven Bilanz ab.\",\"breadcrumb\":{\"@id\":\"https:\\\/\\\/www.organisator.ch\\\/management\\\/2019-05-14\\\/rekordergebnis-im-jubilaeumsjahr\\\/#breadcrumb\"},\"inLanguage\":\"fr-FR\",\"potentialAction\":[{\"@type\":\"ReadAction\",\"target\":[\"https:\\\/\\\/www.organisator.ch\\\/management\\\/2019-05-14\\\/rekordergebnis-im-jubilaeumsjahr\\\/\"]}]},{\"@type\":\"ImageObject\",\"inLanguage\":\"fr-FR\",\"@id\":\"https:\\\/\\\/www.organisator.ch\\\/management\\\/2019-05-14\\\/rekordergebnis-im-jubilaeumsjahr\\\/#primaryimage\",\"url\":\"https:\\\/\\\/www.organisator.ch\\\/wp-content\\\/uploads\\\/2019\\\/05\\\/Rekordergebnis-im-Jubilaeumsjahr_Organisator.jpg\",\"contentUrl\":\"https:\\\/\\\/www.organisator.ch\\\/wp-content\\\/uploads\\\/2019\\\/05\\\/Rekordergebnis-im-Jubilaeumsjahr_Organisator.jpg\",\"width\":680,\"height\":523,\"caption\":\"Dr. Hans-Michael Kellner, CEO von Messer Schweiz, sieht mit Genugtuung das Rekordergebnis des deutschen Mutterhauses. (Bild: zVg).\"},{\"@type\":\"BreadcrumbList\",\"@id\":\"https:\\\/\\\/www.organisator.ch\\\/management\\\/2019-05-14\\\/rekordergebnis-im-jubilaeumsjahr\\\/#breadcrumb\",\"itemListElement\":[{\"@type\":\"ListItem\",\"position\":1,\"name\":\"Home\",\"item\":\"https:\\\/\\\/www.organisator.ch\\\/\"},{\"@type\":\"ListItem\",\"position\":2,\"name\":\"Rekordergebnis im Jubil\u00e4umsjahr\"}]},{\"@type\":\"WebSite\",\"@id\":\"https:\\\/\\\/www.organisator.ch\\\/#website\",\"url\":\"https:\\\/\\\/www.organisator.ch\\\/\",\"name\":\"Organisator\",\"description\":\"Kompetent. Praxisnah. Der ORGANISATOR bereitet in 10 Ausgaben pro Jahr die wesentlichen Themen f\u00fcr F\u00fchrungskr\u00e4fte von KMU auf.\",\"publisher\":{\"@id\":\"https:\\\/\\\/www.organisator.ch\\\/#organization\"},\"potentialAction\":[{\"@type\":\"SearchAction\",\"target\":{\"@type\":\"EntryPoint\",\"urlTemplate\":\"https:\\\/\\\/www.organisator.ch\\\/?s={search_term_string}\"},\"query-input\":{\"@type\":\"PropertyValueSpecification\",\"valueRequired\":true,\"valueName\":\"search_term_string\"}}],\"inLanguage\":\"fr-FR\"},{\"@type\":\"Organization\",\"@id\":\"https:\\\/\\\/www.organisator.ch\\\/#organization\",\"name\":\"Organisator\",\"url\":\"https:\\\/\\\/www.organisator.ch\\\/\",\"logo\":{\"@type\":\"ImageObject\",\"inLanguage\":\"fr-FR\",\"@id\":\"https:\\\/\\\/www.organisator.ch\\\/#\\\/schema\\\/logo\\\/image\\\/\",\"url\":\"https:\\\/\\\/www.organisator.ch\\\/wp-content\\\/uploads\\\/2022\\\/01\\\/Logo_Organisator_Website.png\",\"contentUrl\":\"https:\\\/\\\/www.organisator.ch\\\/wp-content\\\/uploads\\\/2022\\\/01\\\/Logo_Organisator_Website.png\",\"width\":800,\"height\":77,\"caption\":\"Organisator\"},\"image\":{\"@id\":\"https:\\\/\\\/www.organisator.ch\\\/#\\\/schema\\\/logo\\\/image\\\/\"},\"sameAs\":[\"https:\\\/\\\/www.facebook.com\\\/OrganisatorFachmagazin\",\"https:\\\/\\\/www.linkedin.com\\\/showcase\\\/organisator-das-magazin-fr-kmu\",\"https:\\\/\\\/www.xing.com\\\/news\\\/pages\\\/organisator-ch-695\",\"https:\\\/\\\/www.youtube.com\\\/channel\\\/UCGP2Sq0iWaZwT3BdIAQFYpw\"]},{\"@type\":\"Person\",\"@id\":\"https:\\\/\\\/www.organisator.ch\\\/#\\\/schema\\\/person\\\/6f650f90b2842cd4c0cc334b4e36f67e\",\"name\":\"thomas.berner\",\"image\":{\"@type\":\"ImageObject\",\"inLanguage\":\"fr-FR\",\"@id\":\"https:\\\/\\\/secure.gravatar.com\\\/avatar\\\/ac5001d2a36cb6c6cd3e50789007ffca834b477b74a2144564522e944eabff61?s=96&d=mm&r=g\",\"url\":\"https:\\\/\\\/secure.gravatar.com\\\/avatar\\\/ac5001d2a36cb6c6cd3e50789007ffca834b477b74a2144564522e944eabff61?s=96&d=mm&r=g\",\"contentUrl\":\"https:\\\/\\\/secure.gravatar.com\\\/avatar\\\/ac5001d2a36cb6c6cd3e50789007ffca834b477b74a2144564522e944eabff61?s=96&d=mm&r=g\",\"caption\":\"thomas.berner\"},\"url\":\"https:\\\/\\\/www.organisator.ch\\\/fr\\\/author\\\/thomas-berner\\\/\"}]}<\/script>\n<!-- \/ Yoast SEO plugin. -->","yoast_head_json":{"title":"R\u00e9sultat record pour l'ann\u00e9e du jubil\u00e9 - Organisateur","description":"Anniversaire f\u00eat\u00e9, r\u00e9sultat record enregistr\u00e9 : Le sp\u00e9cialiste des gaz industriels Messer a cl\u00f4tur\u00e9 l'exercice 2018 sur un bilan positif.","robots":{"index":"index","follow":"follow","max-snippet":"max-snippet:-1","max-image-preview":"max-image-preview:large","max-video-preview":"max-video-preview:-1"},"canonical":"https:\/\/www.organisator.ch\/fr\/gestion-2\/2019-05-14\/rekordergebnis-im-jubilaeumsjahr\/","og_locale":"fr_FR","og_type":"article","og_title":"Rekordergebnis im Jubil\u00e4umsjahr","og_description":"Geburtstag gefeiert, Rekordergebnis eingefahren: Der Industriegasespezialist Messer schloss das Gesch\u00e4ftsjahr 2018 mit einer positiven Bilanz ab.","og_url":"https:\/\/www.organisator.ch\/fr\/gestion-2\/2019-05-14\/rekordergebnis-im-jubilaeumsjahr\/","og_site_name":"Organisator","article_publisher":"https:\/\/www.facebook.com\/OrganisatorFachmagazin","article_published_time":"2019-05-14T06:07:21+00:00","og_image":[{"width":680,"height":523,"url":"https:\/\/www.organisator.ch\/wp-content\/uploads\/2019\/05\/Rekordergebnis-im-Jubilaeumsjahr_Organisator.jpg","type":"image\/jpeg"}],"author":"thomas.berner","twitter_card":"summary_large_image","twitter_title":"#Rekordergebnis im #Jubil\u00e4umsjahr","twitter_description":"Geburtstag gefeiert, #Rekordergebnis eingefahren: Der #Industriegasespezialist Messer schloss das Gesch\u00e4ftsjahr 2018 mit einer positiven Bilanz ab.","twitter_image":"https:\/\/www.organisator.ch\/wp-content\/uploads\/2019\/05\/Rekordergebnis-im-Jubil\u00e4umsjahr_Organisator.jpg","schema":{"@context":"https:\/\/schema.org","@graph":[{"@type":"Article","@id":"https:\/\/www.organisator.ch\/management\/2019-05-14\/rekordergebnis-im-jubilaeumsjahr\/#article","isPartOf":{"@id":"https:\/\/www.organisator.ch\/management\/2019-05-14\/rekordergebnis-im-jubilaeumsjahr\/"},"author":{"name":"thomas.berner","@id":"https:\/\/www.organisator.ch\/#\/schema\/person\/6f650f90b2842cd4c0cc334b4e36f67e"},"headline":"Rekordergebnis im Jubil\u00e4umsjahr","datePublished":"2019-05-14T06:07:21+00:00","mainEntityOfPage":{"@id":"https:\/\/www.organisator.ch\/management\/2019-05-14\/rekordergebnis-im-jubilaeumsjahr\/"},"wordCount":354,"commentCount":0,"publisher":{"@id":"https:\/\/www.organisator.ch\/#organization"},"image":{"@id":"https:\/\/www.organisator.ch\/management\/2019-05-14\/rekordergebnis-im-jubilaeumsjahr\/#primaryimage"},"thumbnailUrl":"https:\/\/www.organisator.ch\/wp-content\/uploads\/2019\/05\/Rekordergebnis-im-Jubilaeumsjahr_Organisator.jpg","keywords":["Gesch\u00e4ftsbericht","Unternehmen","Vermischtes"],"articleSection":["MANAGEMENT"],"inLanguage":"fr-FR"},{"@type":"WebPage","@id":"https:\/\/www.organisator.ch\/management\/2019-05-14\/rekordergebnis-im-jubilaeumsjahr\/","url":"https:\/\/www.organisator.ch\/management\/2019-05-14\/rekordergebnis-im-jubilaeumsjahr\/","name":"R\u00e9sultat record pour l'ann\u00e9e du jubil\u00e9 - Organisateur","isPartOf":{"@id":"https:\/\/www.organisator.ch\/#website"},"primaryImageOfPage":{"@id":"https:\/\/www.organisator.ch\/management\/2019-05-14\/rekordergebnis-im-jubilaeumsjahr\/#primaryimage"},"image":{"@id":"https:\/\/www.organisator.ch\/management\/2019-05-14\/rekordergebnis-im-jubilaeumsjahr\/#primaryimage"},"thumbnailUrl":"https:\/\/www.organisator.ch\/wp-content\/uploads\/2019\/05\/Rekordergebnis-im-Jubilaeumsjahr_Organisator.jpg","datePublished":"2019-05-14T06:07:21+00:00","description":"Anniversaire f\u00eat\u00e9, r\u00e9sultat record enregistr\u00e9 : Le sp\u00e9cialiste des gaz industriels Messer a cl\u00f4tur\u00e9 l'exercice 2018 sur un bilan positif.","breadcrumb":{"@id":"https:\/\/www.organisator.ch\/management\/2019-05-14\/rekordergebnis-im-jubilaeumsjahr\/#breadcrumb"},"inLanguage":"fr-FR","potentialAction":[{"@type":"ReadAction","target":["https:\/\/www.organisator.ch\/management\/2019-05-14\/rekordergebnis-im-jubilaeumsjahr\/"]}]},{"@type":"ImageObject","inLanguage":"fr-FR","@id":"https:\/\/www.organisator.ch\/management\/2019-05-14\/rekordergebnis-im-jubilaeumsjahr\/#primaryimage","url":"https:\/\/www.organisator.ch\/wp-content\/uploads\/2019\/05\/Rekordergebnis-im-Jubilaeumsjahr_Organisator.jpg","contentUrl":"https:\/\/www.organisator.ch\/wp-content\/uploads\/2019\/05\/Rekordergebnis-im-Jubilaeumsjahr_Organisator.jpg","width":680,"height":523,"caption":"Dr. Hans-Michael Kellner, CEO von Messer Schweiz, sieht mit Genugtuung das Rekordergebnis des deutschen Mutterhauses. (Bild: zVg)."},{"@type":"BreadcrumbList","@id":"https:\/\/www.organisator.ch\/management\/2019-05-14\/rekordergebnis-im-jubilaeumsjahr\/#breadcrumb","itemListElement":[{"@type":"ListItem","position":1,"name":"Home","item":"https:\/\/www.organisator.ch\/"},{"@type":"ListItem","position":2,"name":"Rekordergebnis im Jubil\u00e4umsjahr"}]},{"@type":"WebSite","@id":"https:\/\/www.organisator.ch\/#website","url":"https:\/\/www.organisator.ch\/","name":"Organisateur","description":"Comp\u00e9tence et comp\u00e9tence. Proches de la pratique. L'ORGANISATEUR pr\u00e9pare 10 num\u00e9ros par an sur les th\u00e8mes essentiels pour les dirigeants de PME.","publisher":{"@id":"https:\/\/www.organisator.ch\/#organization"},"potentialAction":[{"@type":"SearchAction","target":{"@type":"EntryPoint","urlTemplate":"https:\/\/www.organisator.ch\/?s={search_term_string}"},"query-input":{"@type":"PropertyValueSpecification","valueRequired":true,"valueName":"search_term_string"}}],"inLanguage":"fr-FR"},{"@type":"Organization","@id":"https:\/\/www.organisator.ch\/#organization","name":"Organisateur","url":"https:\/\/www.organisator.ch\/","logo":{"@type":"ImageObject","inLanguage":"fr-FR","@id":"https:\/\/www.organisator.ch\/#\/schema\/logo\/image\/","url":"https:\/\/www.organisator.ch\/wp-content\/uploads\/2022\/01\/Logo_Organisator_Website.png","contentUrl":"https:\/\/www.organisator.ch\/wp-content\/uploads\/2022\/01\/Logo_Organisator_Website.png","width":800,"height":77,"caption":"Organisator"},"image":{"@id":"https:\/\/www.organisator.ch\/#\/schema\/logo\/image\/"},"sameAs":["https:\/\/www.facebook.com\/OrganisatorFachmagazin","https:\/\/www.linkedin.com\/showcase\/organisator-das-magazin-fr-kmu","https:\/\/www.xing.com\/news\/pages\/organisator-ch-695","https:\/\/www.youtube.com\/channel\/UCGP2Sq0iWaZwT3BdIAQFYpw"]},{"@type":"Person","@id":"https:\/\/www.organisator.ch\/#\/schema\/person\/6f650f90b2842cd4c0cc334b4e36f67e","name":"thomas.berner","image":{"@type":"ImageObject","inLanguage":"fr-FR","@id":"https:\/\/secure.gravatar.com\/avatar\/ac5001d2a36cb6c6cd3e50789007ffca834b477b74a2144564522e944eabff61?s=96&d=mm&r=g","url":"https:\/\/secure.gravatar.com\/avatar\/ac5001d2a36cb6c6cd3e50789007ffca834b477b74a2144564522e944eabff61?s=96&d=mm&r=g","contentUrl":"https:\/\/secure.gravatar.com\/avatar\/ac5001d2a36cb6c6cd3e50789007ffca834b477b74a2144564522e944eabff61?s=96&d=mm&r=g","caption":"thomas.berner"},"url":"https:\/\/www.organisator.ch\/fr\/author\/thomas-berner\/"}]}},"_links":{"self":[{"href":"https:\/\/www.organisator.ch\/fr\/wp-json\/wp\/v2\/posts\/5240","targetHints":{"allow":["GET"]}}],"collection":[{"href":"https:\/\/www.organisator.ch\/fr\/wp-json\/wp\/v2\/posts"}],"about":[{"href":"https:\/\/www.organisator.ch\/fr\/wp-json\/wp\/v2\/types\/post"}],"author":[{"embeddable":true,"href":"https:\/\/www.organisator.ch\/fr\/wp-json\/wp\/v2\/users\/4"}],"replies":[{"embeddable":true,"href":"https:\/\/www.organisator.ch\/fr\/wp-json\/wp\/v2\/comments?post=5240"}],"version-history":[{"count":0,"href":"https:\/\/www.organisator.ch\/fr\/wp-json\/wp\/v2\/posts\/5240\/revisions"}],"wp:featuredmedia":[{"embeddable":true,"href":"https:\/\/www.organisator.ch\/fr\/wp-json\/wp\/v2\/media\/5241"}],"wp:attachment":[{"href":"https:\/\/www.organisator.ch\/fr\/wp-json\/wp\/v2\/media?parent=5240"}],"wp:term":[{"taxonomy":"category","embeddable":true,"href":"https:\/\/www.organisator.ch\/fr\/wp-json\/wp\/v2\/categories?post=5240"},{"taxonomy":"post_tag","embeddable":true,"href":"https:\/\/www.organisator.ch\/fr\/wp-json\/wp\/v2\/tags?post=5240"}],"curies":[{"name":"wp","href":"https:\/\/api.w.org\/{rel}","templated":true}]}}