{"id":5250,"date":"2019-05-15T07:58:11","date_gmt":"2019-05-15T05:58:11","guid":{"rendered":"https:\/\/www.organisator.ch\/?p=5250"},"modified":"2019-05-15T07:58:11","modified_gmt":"2019-05-15T05:58:11","slug":"schweizer-ethikpreis-drei-projekte-ausgezeichnet","status":"publish","type":"post","link":"https:\/\/www.organisator.ch\/fr\/allgemein\/2019-05-15\/schweizer-ethikpreis-drei-projekte-ausgezeichnet\/","title":{"rendered":"Prix suisse de l'\u00e9thique : trois projets r\u00e9compens\u00e9s"},"content":{"rendered":"<figure id=\"attachment_5253\" aria-describedby=\"caption-attachment-5253\" style=\"width: 680px\" class=\"wp-caption alignnone\"><img loading=\"lazy\" decoding=\"async\" class=\"size-medium wp-image-5253\" src=\"https:\/\/www.organisator.ch\/wp-content\/uploads\/2019\/05\/Schweizer-Ethikpreis-Drei-Projekte-ausgezeichnet_Organisator.jpg\" alt=\"\" width=\"680\" height=\"454\" srcset=\"https:\/\/www.organisator.ch\/wp-content\/uploads\/2019\/05\/Schweizer-Ethikpreis-Drei-Projekte-ausgezeichnet_Organisator.jpg 680w, https:\/\/www.organisator.ch\/wp-content\/uploads\/2019\/05\/Schweizer-Ethikpreis-Drei-Projekte-ausgezeichnet_Organisator-16x12.jpg 16w, https:\/\/www.organisator.ch\/wp-content\/uploads\/2019\/05\/Schweizer-Ethikpreis-Drei-Projekte-ausgezeichnet_Organisator-262x175.jpg 262w, https:\/\/www.organisator.ch\/wp-content\/uploads\/2019\/05\/Schweizer-Ethikpreis-Drei-Projekte-ausgezeichnet_Organisator-524x350.jpg 524w, https:\/\/www.organisator.ch\/wp-content\/uploads\/2019\/05\/Schweizer-Ethikpreis-Drei-Projekte-ausgezeichnet_Organisator-300x200.jpg 300w\" sizes=\"auto, (max-width: 680px) 100vw, 680px\" \/><figcaption id=\"caption-attachment-5253\" class=\"wp-caption-text\">Prix suisse de l'\u00e9thique 2019, de gauche \u00e0 droite : le sculpteur Etienne Kr\u00e4henb\u00fchl, les laur\u00e9ats Bernard Wissler et Fabian Von Buren (Rollaid), Fred Schopfer (To Good to Go), Madame la Conseill\u00e8re d'Etat Cesla Amarelle, les laur\u00e9ats Paul Charmillot, Aline Bissell, Adrien Geyer et Marc Fontanet (MagicTomato) et le pr\u00e9sident du jury Pierre Epars. (Photo : \u00a9 Gabriel Lado)<\/figcaption><\/figure>\n<p>Le Prix suisse de l'\u00e9thique, organis\u00e9 par la Haute \u00e9cole d'ing\u00e9nierie et de gestion du canton de Vaud (HEIG-VD) et lanc\u00e9 pour la premi\u00e8re fois en 2005, est un prix ind\u00e9pendant visant \u00e0 promouvoir des projets d'\u00e9thique, de d\u00e9veloppement durable et de responsabilit\u00e9 sociale d'entreprises ou d'organisations publiques. L'objectif est que de telles mesures deviennent \u00e9videntes et \u00e9videntes pour tout le monde. Pour cela, des projets concrets sont r\u00e9compens\u00e9s, qui encouragent d'autres \u00e0 les d\u00e9velopper ou \u00e0 les imiter.<\/p>\n<p>Les laur\u00e9ats de cette 14\u00e8me \u00e9dition sont l'association rollaid, Magic Tomato et Too Good to Go ; leur engagement dans les domaines de l'\u00e9thique, de la responsabilit\u00e9 sociale et du d\u00e9veloppement durable a ainsi \u00e9t\u00e9 r\u00e9compens\u00e9. Le troph\u00e9e leur a \u00e9t\u00e9 remis solennellement le 14 mai 2019 par Mme Cesla Amarelle, conseill\u00e8re d'Etat du canton de Vaud, cheffe du D\u00e9partement de la formation, de la jeunesse et de la culture. Johan Rochel, co-directeur du laboratoire d'\u00e9thique de l'innovation, ethix, a donn\u00e9 une br\u00e8ve conf\u00e9rence sur le th\u00e8me \"Transformation num\u00e9rique : une \u00e9thique de la transition\". Les laur\u00e9ats en d\u00e9tail :<\/p>\n<h2>Association rollaid - Atelier Rollaid<\/h2>\n<p>L'objectif de l'association rollaid est l'int\u00e9gration sociale et professionnelle de jeunes gens qui travaillent dans un atelier de recyclage o\u00f9 ils r\u00e9parent des fauteuils roulants et d'autres objets pour les personnes handicap\u00e9es. Les fauteuils roulants et autres accessoires adapt\u00e9s aux personnes handicap\u00e9es mis au rebut sont collect\u00e9s dans toute la Suisse et r\u00e9par\u00e9s dans l'atelier d'Interlaken. R\u00e9parer exige un savoir-faire artisanal vari\u00e9, sp\u00e9cialement adapt\u00e9 aux besoins des participants \u00e0 ce programme d'int\u00e9gration professionnelle. Les objets r\u00e9par\u00e9s sont livr\u00e9s \u00e0 des organisations qui apportent une aide aux personnes handicap\u00e9es dans des pays \u00e9conomiquement d\u00e9favoris\u00e9s. Pour les adolescents et les jeunes adultes, il est bon de savoir que leur travail aide des personnes en situation difficile. Ils se rendent ainsi compte que leur engagement est utile et pr\u00e9cieux.<\/p>\n<h2>MagicTomato - March\u00e9 en ligne de produits frais et locaux<\/h2>\n<p>MagicTomato a mis en place un syst\u00e8me de distribution en ligne durable de produits alimentaires. Les produits (l\u00e9gumes, viande, poisson, etc.) proviennent de producteurs locaux (100% non industriels), sont frais et sont livr\u00e9s directement \u00e0 domicile en quelques heures. Ce syst\u00e8me permet de r\u00e9duire l'impact environnemental li\u00e9 au transport, puisque la livraison est effectu\u00e9e au moyen de voitures \u00e9lectriques et de v\u00e9los-cargos et que les clients n'ont plus besoin de se rendre dans des supermarch\u00e9s. Le gaspillage alimentaire et les emballages plastiques sont r\u00e9duits au minimum et le chiffre d'affaires de la distribution est g\u00e9n\u00e9r\u00e9 localement. L'objectif principal est d'avoir un impact positif sur l'ensemble de la cha\u00eene de valeur de l'entreprise tout en incitant les consommateurs \u00e0 utiliser cette solution durable.<\/p>\n<h2>Too Good To Go - Ensemble contre le gaspillage alimentaire<\/h2>\n<p>Too Good To Go a lanc\u00e9 un mouvement de protestation contre le gaspillage alimentaire, dont le premier instrument est une application qui relie les restaurateurs et les consommateurs : Restaurants, h\u00f4tels, supermarch\u00e9s, boulangeries, etc. vendent leurs invendus alimentaires \u00e0 des prix avantageux \u00e0 des particuliers par le biais d'un \"sac miracle\". Ces derniers peuvent r\u00e9cup\u00e9rer les sacs directement aupr\u00e8s des partenaires Too Good To Go, si possible avec leurs propres r\u00e9cipients. L'objectif est de cr\u00e9er une communaut\u00e9 de personnes qui se soucient de l'environnement et veulent contribuer \u00e0 la lutte contre le gaspillage. Et c'est ainsi que se cr\u00e9e un partenariat gagnant-gagnant-gagnant : un repas d\u00e9licieux \u00e0 prix r\u00e9duit, moins de gaspillage pour les entreprises et une pr\u00e9servation des ressources pour l'environnement !<\/p>\n<h2>Prix suisse de l'\u00e9thique comme concours sp\u00e9cial<\/h2>\n<p>Contrairement \u00e0 d'autres concours du m\u00eame type, la particularit\u00e9 de ce prix est qu'il est organis\u00e9 par la Haute \u00e9cole d'ing\u00e9nierie et de gestion du canton de Vaud (HEIG-VD), ce qui garantit l'ind\u00e9pendance de l'organisation et de la remise des prix. Le Prix suisse de l'\u00e9thique est \u00e9galement consid\u00e9r\u00e9 comme un projet p\u00e9dagogique. Chaque ann\u00e9e, des \u00e9tudiants en sciences \u00e9conomiques participent \u00e0 l'organisation de l'\u00e9v\u00e9nement. Cette t\u00e2che fait partie de leur programme d'\u00e9tudes. \"Cette id\u00e9e faisait partie du concept original ! Il s'agissait de mettre en avant les comp\u00e9tences des \u00e9tudiants en mati\u00e8re de dossiers et de d\u00e9marches \u00e9thiques. L'id\u00e9e \u00e9tait de proposer, sous la supervision d'un professeur, des d\u00e9marches favorisant l'ind\u00e9pendance et l'esprit critique des \u00e9tudiants, d'appr\u00e9cier chaque action \u00e0 sa juste valeur, quel que soit le domaine dont elle est issue\", explique Pierre Zumwald, ancien pr\u00e9sident du jury.<\/p>\n<p><em>Plus d'informations :\u00a0<a href=\"http:\/\/www.prixethique.ch\">www.prixethique.ch<\/a><\/em><\/p>","protected":false},"excerpt":{"rendered":"<p>Der Schweizer Ethikpreis, von der Hochschule f\u00fcr Technik und Wirtschaft des Kantons Waadt (HEIG-VD) organisiert und zum ersten Mal im Jahre 2005 lanciert, ist ein unabh\u00e4ngiger Preis, um Projekte f\u00fcr Ethik, nachhaltige Entwicklung und soziale Verantwortung von Unternehmen oder \u00f6ffentlichen Organisationen zu f\u00f6rdern. Das Ziel besteht darin, dass solche Massnahmen f\u00fcr jedermann selbstverst\u00e4ndlich und offensichtlich [&hellip;]<\/p>\n","protected":false},"author":4,"featured_media":5253,"comment_status":"open","ping_status":"open","sticky":false,"template":"","format":"standard","meta":{"_acf_changed":false,"_yoast_wpseo_focuskw":"Ethikpreis","_yoast_wpseo_metadesc":"Die Jury des Schweizer Ethikpreises hat die Gewinner der diesj\u00e4hrigen Ausgabe bekannt gegeben. Die Preisverleihung fand am 14. Mai 2019 in Yverdon statt.","articlekey":"","footnotes":""},"categories":[1],"tags":[66,334,441,492,508],"class_list":["post-5250","post","type-post","status-publish","format-standard","has-post-thumbnail","hentry","category-allgemein","tag-awards","tag-management","tag-soziale-verantwortung","tag-unternehmen","tag-vermischtes"],"acf":[],"yoast_head":"<!-- This site is optimized with the Yoast SEO plugin v27.5 - https:\/\/yoast.com\/product\/yoast-seo-wordpress\/ -->\n<title>Schweizer Ethikpreis: Drei Projekte ausgezeichnet - Organisator<\/title>\n<meta name=\"description\" content=\"Die Jury des Schweizer Ethikpreises hat die Gewinner der diesj\u00e4hrigen Ausgabe bekannt gegeben. Die Preisverleihung fand am 14. Mai 2019 in Yverdon statt.\" \/>\n<meta name=\"robots\" content=\"index, follow, max-snippet:-1, max-image-preview:large, max-video-preview:-1\" \/>\n<link rel=\"canonical\" href=\"https:\/\/www.organisator.ch\/fr\/general\/2019-05-15\/schweizer-ethikpreis-drei-projekte-ausgezeichnet\/\" \/>\n<meta property=\"og:locale\" content=\"fr_FR\" \/>\n<meta property=\"og:type\" content=\"article\" \/>\n<meta property=\"og:title\" content=\"Schweizer Ethikpreis: Drei Projekte ausgezeichnet\" \/>\n<meta property=\"og:description\" content=\"Die Jury des Schweizer Ethikpreises hat die Gewinner der diesj\u00e4hrigen Ausgabe bekannt gegeben. Die Preisverleihung fand am 14. Mai 2019 in Yverdon statt.\" \/>\n<meta property=\"og:url\" content=\"https:\/\/www.organisator.ch\/fr\/general\/2019-05-15\/schweizer-ethikpreis-drei-projekte-ausgezeichnet\/\" \/>\n<meta property=\"og:site_name\" content=\"Organisator\" \/>\n<meta property=\"article:publisher\" content=\"https:\/\/www.facebook.com\/OrganisatorFachmagazin\" \/>\n<meta property=\"article:published_time\" content=\"2019-05-15T05:58:11+00:00\" \/>\n<meta property=\"og:image\" content=\"https:\/\/www.organisator.ch\/wp-content\/uploads\/2019\/05\/Schweizer-Ethikpreis-Drei-Projekte-ausgezeichnet_Organisator.jpg\" \/>\n\t<meta property=\"og:image:width\" content=\"680\" \/>\n\t<meta property=\"og:image:height\" content=\"454\" \/>\n\t<meta property=\"og:image:type\" content=\"image\/jpeg\" \/>\n<meta name=\"author\" content=\"thomas.berner\" \/>\n<meta name=\"twitter:card\" content=\"summary_large_image\" \/>\n<meta name=\"twitter:title\" content=\"Schweizer #Ethikpreis: Drei Projekte ausgezeichnet\" \/>\n<meta name=\"twitter:description\" content=\"Die Jury des Schweizer #Ethikpreises hat die Gewinner der diesj\u00e4hrigen Ausgabe bekannt gegeben. Die Preisverleihung fand am 14. Mai 2019 in Yverdon statt.\" \/>\n<meta name=\"twitter:image\" content=\"https:\/\/www.organisator.ch\/wp-content\/uploads\/2019\/05\/Schweizer-Ethikpreis-Drei-Projekte-ausgezeichnet_Organisator.jpg\" \/>\n<script type=\"application\/ld+json\" class=\"yoast-schema-graph\">{\"@context\":\"https:\\\/\\\/schema.org\",\"@graph\":[{\"@type\":\"Article\",\"@id\":\"https:\\\/\\\/www.organisator.ch\\\/fr\\\/general\\\/2019-05-15\\\/schweizer-ethikpreis-drei-projekte-ausgezeichnet\\\/#article\",\"isPartOf\":{\"@id\":\"https:\\\/\\\/www.organisator.ch\\\/fr\\\/general\\\/2019-05-15\\\/schweizer-ethikpreis-drei-projekte-ausgezeichnet\\\/\"},\"author\":{\"name\":\"thomas.berner\",\"@id\":\"https:\\\/\\\/www.organisator.ch\\\/#\\\/schema\\\/person\\\/6f650f90b2842cd4c0cc334b4e36f67e\"},\"headline\":\"Schweizer Ethikpreis: Drei Projekte ausgezeichnet\",\"datePublished\":\"2019-05-15T05:58:11+00:00\",\"mainEntityOfPage\":{\"@id\":\"https:\\\/\\\/www.organisator.ch\\\/fr\\\/general\\\/2019-05-15\\\/schweizer-ethikpreis-drei-projekte-ausgezeichnet\\\/\"},\"wordCount\":724,\"commentCount\":0,\"publisher\":{\"@id\":\"https:\\\/\\\/www.organisator.ch\\\/#organization\"},\"image\":{\"@id\":\"https:\\\/\\\/www.organisator.ch\\\/fr\\\/general\\\/2019-05-15\\\/schweizer-ethikpreis-drei-projekte-ausgezeichnet\\\/#primaryimage\"},\"thumbnailUrl\":\"https:\\\/\\\/www.organisator.ch\\\/wp-content\\\/uploads\\\/2019\\\/05\\\/Schweizer-Ethikpreis-Drei-Projekte-ausgezeichnet_Organisator.jpg\",\"keywords\":[\"Awards\",\"Management\",\"Soziale Verantwortung\",\"Unternehmen\",\"Vermischtes\"],\"articleSection\":[\"Allgemein\"],\"inLanguage\":\"fr-FR\"},{\"@type\":\"WebPage\",\"@id\":\"https:\\\/\\\/www.organisator.ch\\\/fr\\\/general\\\/2019-05-15\\\/schweizer-ethikpreis-drei-projekte-ausgezeichnet\\\/\",\"url\":\"https:\\\/\\\/www.organisator.ch\\\/fr\\\/general\\\/2019-05-15\\\/schweizer-ethikpreis-drei-projekte-ausgezeichnet\\\/\",\"name\":\"Schweizer Ethikpreis: Drei Projekte ausgezeichnet - Organisator\",\"isPartOf\":{\"@id\":\"https:\\\/\\\/www.organisator.ch\\\/#website\"},\"primaryImageOfPage\":{\"@id\":\"https:\\\/\\\/www.organisator.ch\\\/fr\\\/general\\\/2019-05-15\\\/schweizer-ethikpreis-drei-projekte-ausgezeichnet\\\/#primaryimage\"},\"image\":{\"@id\":\"https:\\\/\\\/www.organisator.ch\\\/fr\\\/general\\\/2019-05-15\\\/schweizer-ethikpreis-drei-projekte-ausgezeichnet\\\/#primaryimage\"},\"thumbnailUrl\":\"https:\\\/\\\/www.organisator.ch\\\/wp-content\\\/uploads\\\/2019\\\/05\\\/Schweizer-Ethikpreis-Drei-Projekte-ausgezeichnet_Organisator.jpg\",\"datePublished\":\"2019-05-15T05:58:11+00:00\",\"description\":\"Die Jury des Schweizer Ethikpreises hat die Gewinner der diesj\u00e4hrigen Ausgabe bekannt gegeben. Die Preisverleihung fand am 14. Mai 2019 in Yverdon statt.\",\"breadcrumb\":{\"@id\":\"https:\\\/\\\/www.organisator.ch\\\/fr\\\/general\\\/2019-05-15\\\/schweizer-ethikpreis-drei-projekte-ausgezeichnet\\\/#breadcrumb\"},\"inLanguage\":\"fr-FR\",\"potentialAction\":[{\"@type\":\"ReadAction\",\"target\":[\"https:\\\/\\\/www.organisator.ch\\\/fr\\\/general\\\/2019-05-15\\\/schweizer-ethikpreis-drei-projekte-ausgezeichnet\\\/\"]}]},{\"@type\":\"ImageObject\",\"inLanguage\":\"fr-FR\",\"@id\":\"https:\\\/\\\/www.organisator.ch\\\/fr\\\/general\\\/2019-05-15\\\/schweizer-ethikpreis-drei-projekte-ausgezeichnet\\\/#primaryimage\",\"url\":\"https:\\\/\\\/www.organisator.ch\\\/wp-content\\\/uploads\\\/2019\\\/05\\\/Schweizer-Ethikpreis-Drei-Projekte-ausgezeichnet_Organisator.jpg\",\"contentUrl\":\"https:\\\/\\\/www.organisator.ch\\\/wp-content\\\/uploads\\\/2019\\\/05\\\/Schweizer-Ethikpreis-Drei-Projekte-ausgezeichnet_Organisator.jpg\",\"width\":680,\"height\":454,\"caption\":\"14 mai 2019. Prix Suisse de l'Ethique 2018. Le sculpteur Etienne Kr\u00e4henb\u00fchl, les laur\u00e9ats Bernard Wissler et Fabian Von Buren de Rollaid, le laur\u00e9at Fred Schopfer de To Good to Go, la conseill\u00e8re d'Etat vaudoise Cesla Amarelle, les laur\u00e9ats Paul Charmillot, Aline Bissell, Adrien Geyer et Marc Fontanet de MagicTomato, et le pr\u00e9sident du Jury Pierre Epars. \u00a9 Gabriel Lado\"},{\"@type\":\"BreadcrumbList\",\"@id\":\"https:\\\/\\\/www.organisator.ch\\\/fr\\\/general\\\/2019-05-15\\\/schweizer-ethikpreis-drei-projekte-ausgezeichnet\\\/#breadcrumb\",\"itemListElement\":[{\"@type\":\"ListItem\",\"position\":1,\"name\":\"Home\",\"item\":\"https:\\\/\\\/www.organisator.ch\\\/\"},{\"@type\":\"ListItem\",\"position\":2,\"name\":\"Schweizer Ethikpreis: Drei Projekte ausgezeichnet\"}]},{\"@type\":\"WebSite\",\"@id\":\"https:\\\/\\\/www.organisator.ch\\\/#website\",\"url\":\"https:\\\/\\\/www.organisator.ch\\\/\",\"name\":\"Organisator\",\"description\":\"Kompetent. Praxisnah. Der ORGANISATOR bereitet in 10 Ausgaben pro Jahr die wesentlichen Themen f\u00fcr F\u00fchrungskr\u00e4fte von KMU auf.\",\"publisher\":{\"@id\":\"https:\\\/\\\/www.organisator.ch\\\/#organization\"},\"potentialAction\":[{\"@type\":\"SearchAction\",\"target\":{\"@type\":\"EntryPoint\",\"urlTemplate\":\"https:\\\/\\\/www.organisator.ch\\\/?s={search_term_string}\"},\"query-input\":{\"@type\":\"PropertyValueSpecification\",\"valueRequired\":true,\"valueName\":\"search_term_string\"}}],\"inLanguage\":\"fr-FR\"},{\"@type\":\"Organization\",\"@id\":\"https:\\\/\\\/www.organisator.ch\\\/#organization\",\"name\":\"Organisator\",\"url\":\"https:\\\/\\\/www.organisator.ch\\\/\",\"logo\":{\"@type\":\"ImageObject\",\"inLanguage\":\"fr-FR\",\"@id\":\"https:\\\/\\\/www.organisator.ch\\\/#\\\/schema\\\/logo\\\/image\\\/\",\"url\":\"https:\\\/\\\/www.organisator.ch\\\/wp-content\\\/uploads\\\/2022\\\/01\\\/Logo_Organisator_Website.png\",\"contentUrl\":\"https:\\\/\\\/www.organisator.ch\\\/wp-content\\\/uploads\\\/2022\\\/01\\\/Logo_Organisator_Website.png\",\"width\":800,\"height\":77,\"caption\":\"Organisator\"},\"image\":{\"@id\":\"https:\\\/\\\/www.organisator.ch\\\/#\\\/schema\\\/logo\\\/image\\\/\"},\"sameAs\":[\"https:\\\/\\\/www.facebook.com\\\/OrganisatorFachmagazin\",\"https:\\\/\\\/www.linkedin.com\\\/showcase\\\/organisator-das-magazin-fr-kmu\",\"https:\\\/\\\/www.xing.com\\\/news\\\/pages\\\/organisator-ch-695\",\"https:\\\/\\\/www.youtube.com\\\/channel\\\/UCGP2Sq0iWaZwT3BdIAQFYpw\"]},{\"@type\":\"Person\",\"@id\":\"https:\\\/\\\/www.organisator.ch\\\/#\\\/schema\\\/person\\\/6f650f90b2842cd4c0cc334b4e36f67e\",\"name\":\"thomas.berner\",\"image\":{\"@type\":\"ImageObject\",\"inLanguage\":\"fr-FR\",\"@id\":\"https:\\\/\\\/secure.gravatar.com\\\/avatar\\\/ac5001d2a36cb6c6cd3e50789007ffca834b477b74a2144564522e944eabff61?s=96&d=mm&r=g\",\"url\":\"https:\\\/\\\/secure.gravatar.com\\\/avatar\\\/ac5001d2a36cb6c6cd3e50789007ffca834b477b74a2144564522e944eabff61?s=96&d=mm&r=g\",\"contentUrl\":\"https:\\\/\\\/secure.gravatar.com\\\/avatar\\\/ac5001d2a36cb6c6cd3e50789007ffca834b477b74a2144564522e944eabff61?s=96&d=mm&r=g\",\"caption\":\"thomas.berner\"},\"url\":\"https:\\\/\\\/www.organisator.ch\\\/fr\\\/author\\\/thomas-berner\\\/\"}]}<\/script>\n<!-- \/ Yoast SEO plugin. -->","yoast_head_json":{"title":"Prix suisse de l'\u00e9thique : Trois projets r\u00e9compens\u00e9s - Organisateur","description":"Le jury du Prix suisse de l'\u00e9thique a annonc\u00e9 les laur\u00e9ats de l'\u00e9dition de cette ann\u00e9e. La c\u00e9r\u00e9monie de remise des prix a eu lieu le 14 mai 2019 \u00e0 Yverdon.","robots":{"index":"index","follow":"follow","max-snippet":"max-snippet:-1","max-image-preview":"max-image-preview:large","max-video-preview":"max-video-preview:-1"},"canonical":"https:\/\/www.organisator.ch\/fr\/general\/2019-05-15\/schweizer-ethikpreis-drei-projekte-ausgezeichnet\/","og_locale":"fr_FR","og_type":"article","og_title":"Schweizer Ethikpreis: Drei Projekte ausgezeichnet","og_description":"Die Jury des Schweizer Ethikpreises hat die Gewinner der diesj\u00e4hrigen Ausgabe bekannt gegeben. Die Preisverleihung fand am 14. Mai 2019 in Yverdon statt.","og_url":"https:\/\/www.organisator.ch\/fr\/general\/2019-05-15\/schweizer-ethikpreis-drei-projekte-ausgezeichnet\/","og_site_name":"Organisator","article_publisher":"https:\/\/www.facebook.com\/OrganisatorFachmagazin","article_published_time":"2019-05-15T05:58:11+00:00","og_image":[{"width":680,"height":454,"url":"https:\/\/www.organisator.ch\/wp-content\/uploads\/2019\/05\/Schweizer-Ethikpreis-Drei-Projekte-ausgezeichnet_Organisator.jpg","type":"image\/jpeg"}],"author":"thomas.berner","twitter_card":"summary_large_image","twitter_title":"Schweizer #Ethikpreis: Drei Projekte ausgezeichnet","twitter_description":"Die Jury des Schweizer #Ethikpreises hat die Gewinner der diesj\u00e4hrigen Ausgabe bekannt gegeben. Die Preisverleihung fand am 14. Mai 2019 in Yverdon statt.","twitter_image":"https:\/\/www.organisator.ch\/wp-content\/uploads\/2019\/05\/Schweizer-Ethikpreis-Drei-Projekte-ausgezeichnet_Organisator.jpg","schema":{"@context":"https:\/\/schema.org","@graph":[{"@type":"Article","@id":"https:\/\/www.organisator.ch\/fr\/general\/2019-05-15\/schweizer-ethikpreis-drei-projekte-ausgezeichnet\/#article","isPartOf":{"@id":"https:\/\/www.organisator.ch\/fr\/general\/2019-05-15\/schweizer-ethikpreis-drei-projekte-ausgezeichnet\/"},"author":{"name":"thomas.berner","@id":"https:\/\/www.organisator.ch\/#\/schema\/person\/6f650f90b2842cd4c0cc334b4e36f67e"},"headline":"Schweizer Ethikpreis: Drei Projekte ausgezeichnet","datePublished":"2019-05-15T05:58:11+00:00","mainEntityOfPage":{"@id":"https:\/\/www.organisator.ch\/fr\/general\/2019-05-15\/schweizer-ethikpreis-drei-projekte-ausgezeichnet\/"},"wordCount":724,"commentCount":0,"publisher":{"@id":"https:\/\/www.organisator.ch\/#organization"},"image":{"@id":"https:\/\/www.organisator.ch\/fr\/general\/2019-05-15\/schweizer-ethikpreis-drei-projekte-ausgezeichnet\/#primaryimage"},"thumbnailUrl":"https:\/\/www.organisator.ch\/wp-content\/uploads\/2019\/05\/Schweizer-Ethikpreis-Drei-Projekte-ausgezeichnet_Organisator.jpg","keywords":["Awards","Management","Soziale Verantwortung","Unternehmen","Vermischtes"],"articleSection":["Allgemein"],"inLanguage":"fr-FR"},{"@type":"WebPage","@id":"https:\/\/www.organisator.ch\/fr\/general\/2019-05-15\/schweizer-ethikpreis-drei-projekte-ausgezeichnet\/","url":"https:\/\/www.organisator.ch\/fr\/general\/2019-05-15\/schweizer-ethikpreis-drei-projekte-ausgezeichnet\/","name":"Prix suisse de l'\u00e9thique : Trois projets r\u00e9compens\u00e9s - Organisateur","isPartOf":{"@id":"https:\/\/www.organisator.ch\/#website"},"primaryImageOfPage":{"@id":"https:\/\/www.organisator.ch\/fr\/general\/2019-05-15\/schweizer-ethikpreis-drei-projekte-ausgezeichnet\/#primaryimage"},"image":{"@id":"https:\/\/www.organisator.ch\/fr\/general\/2019-05-15\/schweizer-ethikpreis-drei-projekte-ausgezeichnet\/#primaryimage"},"thumbnailUrl":"https:\/\/www.organisator.ch\/wp-content\/uploads\/2019\/05\/Schweizer-Ethikpreis-Drei-Projekte-ausgezeichnet_Organisator.jpg","datePublished":"2019-05-15T05:58:11+00:00","description":"Le jury du Prix suisse de l'\u00e9thique a annonc\u00e9 les laur\u00e9ats de l'\u00e9dition de cette ann\u00e9e. La c\u00e9r\u00e9monie de remise des prix a eu lieu le 14 mai 2019 \u00e0 Yverdon.","breadcrumb":{"@id":"https:\/\/www.organisator.ch\/fr\/general\/2019-05-15\/schweizer-ethikpreis-drei-projekte-ausgezeichnet\/#breadcrumb"},"inLanguage":"fr-FR","potentialAction":[{"@type":"ReadAction","target":["https:\/\/www.organisator.ch\/fr\/general\/2019-05-15\/schweizer-ethikpreis-drei-projekte-ausgezeichnet\/"]}]},{"@type":"ImageObject","inLanguage":"fr-FR","@id":"https:\/\/www.organisator.ch\/fr\/general\/2019-05-15\/schweizer-ethikpreis-drei-projekte-ausgezeichnet\/#primaryimage","url":"https:\/\/www.organisator.ch\/wp-content\/uploads\/2019\/05\/Schweizer-Ethikpreis-Drei-Projekte-ausgezeichnet_Organisator.jpg","contentUrl":"https:\/\/www.organisator.ch\/wp-content\/uploads\/2019\/05\/Schweizer-Ethikpreis-Drei-Projekte-ausgezeichnet_Organisator.jpg","width":680,"height":454,"caption":"14 mai 2019. Prix Suisse de l'Ethique 2018. Le sculpteur Etienne Kr\u00e4henb\u00fchl, les laur\u00e9ats Bernard Wissler et Fabian Von Buren de Rollaid, le laur\u00e9at Fred Schopfer de To Good to Go, la conseill\u00e8re d'Etat vaudoise Cesla Amarelle, les laur\u00e9ats Paul Charmillot, Aline Bissell, Adrien Geyer et Marc Fontanet de MagicTomato, et le pr\u00e9sident du Jury Pierre Epars. \u00a9 Gabriel Lado"},{"@type":"BreadcrumbList","@id":"https:\/\/www.organisator.ch\/fr\/general\/2019-05-15\/schweizer-ethikpreis-drei-projekte-ausgezeichnet\/#breadcrumb","itemListElement":[{"@type":"ListItem","position":1,"name":"Home","item":"https:\/\/www.organisator.ch\/"},{"@type":"ListItem","position":2,"name":"Schweizer Ethikpreis: Drei Projekte ausgezeichnet"}]},{"@type":"WebSite","@id":"https:\/\/www.organisator.ch\/#website","url":"https:\/\/www.organisator.ch\/","name":"Organisateur","description":"Comp\u00e9tence et comp\u00e9tence. Proches de la pratique. L'ORGANISATEUR pr\u00e9pare 10 num\u00e9ros par an sur les th\u00e8mes essentiels pour les dirigeants de PME.","publisher":{"@id":"https:\/\/www.organisator.ch\/#organization"},"potentialAction":[{"@type":"SearchAction","target":{"@type":"EntryPoint","urlTemplate":"https:\/\/www.organisator.ch\/?s={search_term_string}"},"query-input":{"@type":"PropertyValueSpecification","valueRequired":true,"valueName":"search_term_string"}}],"inLanguage":"fr-FR"},{"@type":"Organization","@id":"https:\/\/www.organisator.ch\/#organization","name":"Organisateur","url":"https:\/\/www.organisator.ch\/","logo":{"@type":"ImageObject","inLanguage":"fr-FR","@id":"https:\/\/www.organisator.ch\/#\/schema\/logo\/image\/","url":"https:\/\/www.organisator.ch\/wp-content\/uploads\/2022\/01\/Logo_Organisator_Website.png","contentUrl":"https:\/\/www.organisator.ch\/wp-content\/uploads\/2022\/01\/Logo_Organisator_Website.png","width":800,"height":77,"caption":"Organisator"},"image":{"@id":"https:\/\/www.organisator.ch\/#\/schema\/logo\/image\/"},"sameAs":["https:\/\/www.facebook.com\/OrganisatorFachmagazin","https:\/\/www.linkedin.com\/showcase\/organisator-das-magazin-fr-kmu","https:\/\/www.xing.com\/news\/pages\/organisator-ch-695","https:\/\/www.youtube.com\/channel\/UCGP2Sq0iWaZwT3BdIAQFYpw"]},{"@type":"Person","@id":"https:\/\/www.organisator.ch\/#\/schema\/person\/6f650f90b2842cd4c0cc334b4e36f67e","name":"thomas.berner","image":{"@type":"ImageObject","inLanguage":"fr-FR","@id":"https:\/\/secure.gravatar.com\/avatar\/ac5001d2a36cb6c6cd3e50789007ffca834b477b74a2144564522e944eabff61?s=96&d=mm&r=g","url":"https:\/\/secure.gravatar.com\/avatar\/ac5001d2a36cb6c6cd3e50789007ffca834b477b74a2144564522e944eabff61?s=96&d=mm&r=g","contentUrl":"https:\/\/secure.gravatar.com\/avatar\/ac5001d2a36cb6c6cd3e50789007ffca834b477b74a2144564522e944eabff61?s=96&d=mm&r=g","caption":"thomas.berner"},"url":"https:\/\/www.organisator.ch\/fr\/author\/thomas-berner\/"}]}},"_links":{"self":[{"href":"https:\/\/www.organisator.ch\/fr\/wp-json\/wp\/v2\/posts\/5250","targetHints":{"allow":["GET"]}}],"collection":[{"href":"https:\/\/www.organisator.ch\/fr\/wp-json\/wp\/v2\/posts"}],"about":[{"href":"https:\/\/www.organisator.ch\/fr\/wp-json\/wp\/v2\/types\/post"}],"author":[{"embeddable":true,"href":"https:\/\/www.organisator.ch\/fr\/wp-json\/wp\/v2\/users\/4"}],"replies":[{"embeddable":true,"href":"https:\/\/www.organisator.ch\/fr\/wp-json\/wp\/v2\/comments?post=5250"}],"version-history":[{"count":0,"href":"https:\/\/www.organisator.ch\/fr\/wp-json\/wp\/v2\/posts\/5250\/revisions"}],"wp:featuredmedia":[{"embeddable":true,"href":"https:\/\/www.organisator.ch\/fr\/wp-json\/wp\/v2\/media\/5253"}],"wp:attachment":[{"href":"https:\/\/www.organisator.ch\/fr\/wp-json\/wp\/v2\/media?parent=5250"}],"wp:term":[{"taxonomy":"category","embeddable":true,"href":"https:\/\/www.organisator.ch\/fr\/wp-json\/wp\/v2\/categories?post=5250"},{"taxonomy":"post_tag","embeddable":true,"href":"https:\/\/www.organisator.ch\/fr\/wp-json\/wp\/v2\/tags?post=5250"}],"curies":[{"name":"wp","href":"https:\/\/api.w.org\/{rel}","templated":true}]}}