{"id":5257,"date":"2019-05-16T15:52:17","date_gmt":"2019-05-16T13:52:17","guid":{"rendered":"https:\/\/www.organisator.ch\/?p=5257"},"modified":"2019-05-16T15:52:17","modified_gmt":"2019-05-16T13:52:17","slug":"pr-branche-femmes-est-carriere-plus-importante-que-les-hommes","status":"publish","type":"post","link":"https:\/\/www.organisator.ch\/fr\/marketing\/2019-05-16\/pr-branche-frauen-ist-karriere-wichtiger-als-maennern\/","title":{"rendered":"Secteur des RP : les femmes accordent plus d'importance \u00e0 leur carri\u00e8re que les hommes"},"content":{"rendered":"<figure id=\"attachment_5258\" aria-describedby=\"caption-attachment-5258\" style=\"width: 680px\" class=\"wp-caption alignnone\"><img loading=\"lazy\" decoding=\"async\" class=\"size-medium wp-image-5258\" src=\"https:\/\/www.organisator.ch\/wp-content\/uploads\/2019\/05\/PR-Branche-Frauen-ist-Karriere-wichtiger-als-Maenner_Organisator.jpg\" alt=\"\" width=\"680\" height=\"427\" srcset=\"https:\/\/www.organisator.ch\/wp-content\/uploads\/2019\/05\/PR-Branche-Frauen-ist-Karriere-wichtiger-als-Maenner_Organisator.jpg 680w, https:\/\/www.organisator.ch\/wp-content\/uploads\/2019\/05\/PR-Branche-Frauen-ist-Karriere-wichtiger-als-Maenner_Organisator-16x10.jpg 16w, https:\/\/www.organisator.ch\/wp-content\/uploads\/2019\/05\/PR-Branche-Frauen-ist-Karriere-wichtiger-als-Maenner_Organisator-279x175.jpg 279w, https:\/\/www.organisator.ch\/wp-content\/uploads\/2019\/05\/PR-Branche-Frauen-ist-Karriere-wichtiger-als-Maenner_Organisator-557x350.jpg 557w, https:\/\/www.organisator.ch\/wp-content\/uploads\/2019\/05\/PR-Branche-Frauen-ist-Karriere-wichtiger-als-Maenner_Organisator-300x188.jpg 300w\" sizes=\"auto, (max-width: 680px) 100vw, 680px\" \/><figcaption id=\"caption-attachment-5258\" class=\"wp-caption-text\">Dans le secteur de la communication, les femmes accordent plus d'importance \u00e0 leur carri\u00e8re que les hommes. C'est \u00e0 cette conclusion que parvient le dernier Trendmonitor RP de news aktuell et Faktenkontor. 130 sp\u00e9cialistes et cadres suisses des RP ont particip\u00e9 \u00e0 l'enqu\u00eate. (Image : obs\/news aktuell (Schweiz) AG\/Sebastian K\u00f6nnicke)<\/figcaption><\/figure>\n<p>Faire carri\u00e8re est plus important pour les femmes professionnelles des RP que pour leurs coll\u00e8gues masculins. C'est ce que r\u00e9v\u00e8le le dernier Trendmonitor RP de <a href=\"http:\/\/www.newsaktuell.ch\">news actuel<\/a> et <a href=\"http:\/\/www.faktenkontor.de\">Faktenkontor<\/a>. 130 sp\u00e9cialistes et cadres suisses des RP ont particip\u00e9 \u00e0 l'enqu\u00eate. Pour faire avancer leur carri\u00e8re, les femmes font plus d'heures suppl\u00e9mentaires et de voyages d'affaires que les hommes. A l'inverse, les hommes sont plus enclins \u00e0 \u00eatre joignables en permanence et \u00e0 emporter du travail en vacances.<\/p>\n<p>Deux tiers des femmes interrog\u00e9es d\u00e9clarent que leur carri\u00e8re est importante ou tr\u00e8s importante (66%). Chez les hommes, seul un peu plus d'un sur deux (58 %) est de cet avis. En ce qui concerne les concessions pour la carri\u00e8re, les d\u00e9clarations des participants f\u00e9minins et masculins \u00e0 l'enqu\u00eate divergent en partie fortement. Les femmes sont plus dispos\u00e9es \u00e0 travailler plus d'heures par semaine pour leur carri\u00e8re (50 pour cent), les hommes font moins de compromis pour un temps de travail hebdomadaire plus \u00e9lev\u00e9 (39 pour cent). De m\u00eame, les femmes seraient pr\u00eates \u00e0 accepter plus de d\u00e9placements professionnels pour leur carri\u00e8re (40 pour cent) que leurs coll\u00e8gues masculins (33 pour cent).<\/p>\n<p>En revanche, les hommes sont beaucoup plus dispos\u00e9s \u00e0 \u00eatre constamment joignables pour le travail (69%) que les femmes (39%). Les avis des hommes et des femmes divergent \u00e9galement en ce qui concerne le travail en vacances. Alors que 28 % des hommes seraient pr\u00eats \u00e0 emmener du travail en vacances pour leur carri\u00e8re, seules 19 % des femmes seraient pr\u00eates \u00e0 le faire.<\/p>","protected":false},"excerpt":{"rendered":"<p>Karriere machen ist den weiblichen PR-Profis wichtiger als ihren m\u00e4nnlichen Kollegen. Das ergab der aktuelle PR-Trendmonitor von news aktuell und Faktenkontor. An der Umfrage haben 130 Schweizer Fach- und F\u00fchrungskr\u00e4fte der PR teilgenommen. Um ihre Karriere voranzutreiben machen Frauen mehr \u00dcberstunden und Dienstreisen als M\u00e4nner. Andersherum sind M\u00e4nner eher bereit, st\u00e4ndig erreichbar zu sein und [&hellip;]<\/p>\n","protected":false},"author":4,"featured_media":5258,"comment_status":"open","ping_status":"open","sticky":false,"template":"","format":"standard","meta":{"_acf_changed":false,"_yoast_wpseo_focuskw":"PR","_yoast_wpseo_metadesc":"Eine Befragung von 130 Fach- und F\u00fchrungskr\u00e4ften aus Medienstellen und PR-Agenturen zeigt: Frauen ist Karriere wichtiger als M\u00e4nnern.","articlekey":"","footnotes":""},"categories":[29],"tags":[90,308,459],"class_list":["post-5257","post","type-post","status-publish","format-standard","has-post-thumbnail","hentry","category-marketing","tag-branchen","tag-kommunikation","tag-studie"],"acf":[],"yoast_head":"<!-- This site is optimized with the Yoast SEO plugin v27.4 - https:\/\/yoast.com\/product\/yoast-seo-wordpress\/ -->\n<title>PR-Branche: Frauen ist Karriere wichtiger als M\u00e4nnern - Organisator<\/title>\n<meta name=\"description\" content=\"Eine Befragung von 130 Fach- und F\u00fchrungskr\u00e4ften aus Medienstellen und PR-Agenturen zeigt: Frauen ist Karriere wichtiger als M\u00e4nnern.\" \/>\n<meta name=\"robots\" content=\"index, follow, max-snippet:-1, max-image-preview:large, max-video-preview:-1\" \/>\n<link rel=\"canonical\" href=\"https:\/\/www.organisator.ch\/fr\/marketing\/2019-05-16\/pr-branche-femmes-est-carriere-plus-importante-que-les-hommes\/\" \/>\n<meta property=\"og:locale\" content=\"fr_FR\" \/>\n<meta property=\"og:type\" content=\"article\" \/>\n<meta property=\"og:title\" content=\"PR-Branche: Frauen ist Karriere wichtiger als M\u00e4nnern\" \/>\n<meta property=\"og:description\" content=\"Eine Befragung von 130 Fach- und F\u00fchrungskr\u00e4ften aus Medienstellen und PR-Agenturen zeigt: Frauen ist Karriere wichtiger als M\u00e4nnern.\" \/>\n<meta property=\"og:url\" content=\"https:\/\/www.organisator.ch\/fr\/marketing\/2019-05-16\/pr-branche-femmes-est-carriere-plus-importante-que-les-hommes\/\" \/>\n<meta property=\"og:site_name\" content=\"Organisator\" \/>\n<meta property=\"article:publisher\" content=\"https:\/\/www.facebook.com\/OrganisatorFachmagazin\" \/>\n<meta property=\"article:published_time\" content=\"2019-05-16T13:52:17+00:00\" \/>\n<meta property=\"og:image\" content=\"https:\/\/www.organisator.ch\/wp-content\/uploads\/2019\/05\/PR-Branche-Frauen-ist-Karriere-wichtiger-als-Maenner_Organisator.jpg\" \/>\n\t<meta property=\"og:image:width\" content=\"680\" \/>\n\t<meta property=\"og:image:height\" content=\"427\" \/>\n\t<meta property=\"og:image:type\" content=\"image\/jpeg\" \/>\n<meta name=\"author\" content=\"thomas.berner\" \/>\n<meta name=\"twitter:card\" content=\"summary_large_image\" \/>\n<meta name=\"twitter:title\" content=\"#PR-Branche: Frauen ist Karriere wichtiger als M\u00e4nnern\" \/>\n<meta name=\"twitter:description\" content=\"Eine Befragung von 130 Fach- und F\u00fchrungskr\u00e4ften aus Medienstellen und PR-Agenturen zeigt: Frauen ist #Karriere wichtiger als M\u00e4nnern.\" \/>\n<meta name=\"twitter:image\" content=\"https:\/\/www.organisator.ch\/wp-content\/uploads\/2019\/05\/PR-Branche-Frauen-ist-Karriere-wichtiger-als-M\u00e4nner_Organisator.jpg\" \/>\n<script type=\"application\/ld+json\" class=\"yoast-schema-graph\">{\"@context\":\"https:\\\/\\\/schema.org\",\"@graph\":[{\"@type\":\"Article\",\"@id\":\"https:\\\/\\\/www.organisator.ch\\\/marketing\\\/2019-05-16\\\/pr-branche-frauen-ist-karriere-wichtiger-als-maennern\\\/#article\",\"isPartOf\":{\"@id\":\"https:\\\/\\\/www.organisator.ch\\\/marketing\\\/2019-05-16\\\/pr-branche-frauen-ist-karriere-wichtiger-als-maennern\\\/\"},\"author\":{\"name\":\"thomas.berner\",\"@id\":\"https:\\\/\\\/www.organisator.ch\\\/#\\\/schema\\\/person\\\/6f650f90b2842cd4c0cc334b4e36f67e\"},\"headline\":\"PR-Branche: Frauen ist Karriere wichtiger als M\u00e4nnern\",\"datePublished\":\"2019-05-16T13:52:17+00:00\",\"mainEntityOfPage\":{\"@id\":\"https:\\\/\\\/www.organisator.ch\\\/marketing\\\/2019-05-16\\\/pr-branche-frauen-ist-karriere-wichtiger-als-maennern\\\/\"},\"wordCount\":282,\"commentCount\":0,\"publisher\":{\"@id\":\"https:\\\/\\\/www.organisator.ch\\\/#organization\"},\"image\":{\"@id\":\"https:\\\/\\\/www.organisator.ch\\\/marketing\\\/2019-05-16\\\/pr-branche-frauen-ist-karriere-wichtiger-als-maennern\\\/#primaryimage\"},\"thumbnailUrl\":\"https:\\\/\\\/www.organisator.ch\\\/wp-content\\\/uploads\\\/2019\\\/05\\\/PR-Branche-Frauen-ist-Karriere-wichtiger-als-Maenner_Organisator.jpg\",\"keywords\":[\"Branchen\",\"Kommunikation\",\"Studie\"],\"articleSection\":[\"MARKETING\"],\"inLanguage\":\"fr-FR\"},{\"@type\":\"WebPage\",\"@id\":\"https:\\\/\\\/www.organisator.ch\\\/marketing\\\/2019-05-16\\\/pr-branche-frauen-ist-karriere-wichtiger-als-maennern\\\/\",\"url\":\"https:\\\/\\\/www.organisator.ch\\\/marketing\\\/2019-05-16\\\/pr-branche-frauen-ist-karriere-wichtiger-als-maennern\\\/\",\"name\":\"PR-Branche: Frauen ist Karriere wichtiger als M\u00e4nnern - Organisator\",\"isPartOf\":{\"@id\":\"https:\\\/\\\/www.organisator.ch\\\/#website\"},\"primaryImageOfPage\":{\"@id\":\"https:\\\/\\\/www.organisator.ch\\\/marketing\\\/2019-05-16\\\/pr-branche-frauen-ist-karriere-wichtiger-als-maennern\\\/#primaryimage\"},\"image\":{\"@id\":\"https:\\\/\\\/www.organisator.ch\\\/marketing\\\/2019-05-16\\\/pr-branche-frauen-ist-karriere-wichtiger-als-maennern\\\/#primaryimage\"},\"thumbnailUrl\":\"https:\\\/\\\/www.organisator.ch\\\/wp-content\\\/uploads\\\/2019\\\/05\\\/PR-Branche-Frauen-ist-Karriere-wichtiger-als-Maenner_Organisator.jpg\",\"datePublished\":\"2019-05-16T13:52:17+00:00\",\"description\":\"Eine Befragung von 130 Fach- und F\u00fchrungskr\u00e4ften aus Medienstellen und PR-Agenturen zeigt: Frauen ist Karriere wichtiger als M\u00e4nnern.\",\"breadcrumb\":{\"@id\":\"https:\\\/\\\/www.organisator.ch\\\/marketing\\\/2019-05-16\\\/pr-branche-frauen-ist-karriere-wichtiger-als-maennern\\\/#breadcrumb\"},\"inLanguage\":\"fr-FR\",\"potentialAction\":[{\"@type\":\"ReadAction\",\"target\":[\"https:\\\/\\\/www.organisator.ch\\\/marketing\\\/2019-05-16\\\/pr-branche-frauen-ist-karriere-wichtiger-als-maennern\\\/\"]}]},{\"@type\":\"ImageObject\",\"inLanguage\":\"fr-FR\",\"@id\":\"https:\\\/\\\/www.organisator.ch\\\/marketing\\\/2019-05-16\\\/pr-branche-frauen-ist-karriere-wichtiger-als-maennern\\\/#primaryimage\",\"url\":\"https:\\\/\\\/www.organisator.ch\\\/wp-content\\\/uploads\\\/2019\\\/05\\\/PR-Branche-Frauen-ist-Karriere-wichtiger-als-Maenner_Organisator.jpg\",\"contentUrl\":\"https:\\\/\\\/www.organisator.ch\\\/wp-content\\\/uploads\\\/2019\\\/05\\\/PR-Branche-Frauen-ist-Karriere-wichtiger-als-Maenner_Organisator.jpg\",\"width\":680,\"height\":427,\"caption\":\"In der Kommunikationsbranche ist Frauen die Karriere wichtiger als M\u00e4nnern. Zu diesem Ergebnis kommt der aktuelle PR-Trendmonitor von news aktuell und Faktenkontor. 130 Schweizer Fach- und F\u00fchrungskr\u00e4fte der PR haben an der Umfrage teilgenommen. Weiterer Text \u00fcber ots und www.presseportal.ch\\\/de\\\/nr\\\/100000003 \\\/ Die Verwendung dieses Bildes ist f\u00fcr redaktionelle Zwecke honorarfrei. Ver\u00f6ffentlichung bitte unter Quellenangabe: \\\"obs\\\/news aktuell (Schweiz) AG\\\/Sebastian K\u00f6nnicke\\\"\"},{\"@type\":\"BreadcrumbList\",\"@id\":\"https:\\\/\\\/www.organisator.ch\\\/marketing\\\/2019-05-16\\\/pr-branche-frauen-ist-karriere-wichtiger-als-maennern\\\/#breadcrumb\",\"itemListElement\":[{\"@type\":\"ListItem\",\"position\":1,\"name\":\"Home\",\"item\":\"https:\\\/\\\/www.organisator.ch\\\/\"},{\"@type\":\"ListItem\",\"position\":2,\"name\":\"PR-Branche: Frauen ist Karriere wichtiger als M\u00e4nnern\"}]},{\"@type\":\"WebSite\",\"@id\":\"https:\\\/\\\/www.organisator.ch\\\/#website\",\"url\":\"https:\\\/\\\/www.organisator.ch\\\/\",\"name\":\"Organisator\",\"description\":\"Kompetent. Praxisnah. Der ORGANISATOR bereitet in 10 Ausgaben pro Jahr die wesentlichen Themen f\u00fcr F\u00fchrungskr\u00e4fte von KMU auf.\",\"publisher\":{\"@id\":\"https:\\\/\\\/www.organisator.ch\\\/#organization\"},\"potentialAction\":[{\"@type\":\"SearchAction\",\"target\":{\"@type\":\"EntryPoint\",\"urlTemplate\":\"https:\\\/\\\/www.organisator.ch\\\/?s={search_term_string}\"},\"query-input\":{\"@type\":\"PropertyValueSpecification\",\"valueRequired\":true,\"valueName\":\"search_term_string\"}}],\"inLanguage\":\"fr-FR\"},{\"@type\":\"Organization\",\"@id\":\"https:\\\/\\\/www.organisator.ch\\\/#organization\",\"name\":\"Organisator\",\"url\":\"https:\\\/\\\/www.organisator.ch\\\/\",\"logo\":{\"@type\":\"ImageObject\",\"inLanguage\":\"fr-FR\",\"@id\":\"https:\\\/\\\/www.organisator.ch\\\/#\\\/schema\\\/logo\\\/image\\\/\",\"url\":\"https:\\\/\\\/www.organisator.ch\\\/wp-content\\\/uploads\\\/2022\\\/01\\\/Logo_Organisator_Website.png\",\"contentUrl\":\"https:\\\/\\\/www.organisator.ch\\\/wp-content\\\/uploads\\\/2022\\\/01\\\/Logo_Organisator_Website.png\",\"width\":800,\"height\":77,\"caption\":\"Organisator\"},\"image\":{\"@id\":\"https:\\\/\\\/www.organisator.ch\\\/#\\\/schema\\\/logo\\\/image\\\/\"},\"sameAs\":[\"https:\\\/\\\/www.facebook.com\\\/OrganisatorFachmagazin\",\"https:\\\/\\\/www.linkedin.com\\\/showcase\\\/organisator-das-magazin-fr-kmu\",\"https:\\\/\\\/www.xing.com\\\/news\\\/pages\\\/organisator-ch-695\",\"https:\\\/\\\/www.youtube.com\\\/channel\\\/UCGP2Sq0iWaZwT3BdIAQFYpw\"]},{\"@type\":\"Person\",\"@id\":\"https:\\\/\\\/www.organisator.ch\\\/#\\\/schema\\\/person\\\/6f650f90b2842cd4c0cc334b4e36f67e\",\"name\":\"thomas.berner\",\"image\":{\"@type\":\"ImageObject\",\"inLanguage\":\"fr-FR\",\"@id\":\"https:\\\/\\\/secure.gravatar.com\\\/avatar\\\/ac5001d2a36cb6c6cd3e50789007ffca834b477b74a2144564522e944eabff61?s=96&d=mm&r=g\",\"url\":\"https:\\\/\\\/secure.gravatar.com\\\/avatar\\\/ac5001d2a36cb6c6cd3e50789007ffca834b477b74a2144564522e944eabff61?s=96&d=mm&r=g\",\"contentUrl\":\"https:\\\/\\\/secure.gravatar.com\\\/avatar\\\/ac5001d2a36cb6c6cd3e50789007ffca834b477b74a2144564522e944eabff61?s=96&d=mm&r=g\",\"caption\":\"thomas.berner\"},\"url\":\"https:\\\/\\\/www.organisator.ch\\\/fr\\\/author\\\/thomas-berner\\\/\"}]}<\/script>\n<!-- \/ Yoast SEO plugin. -->","yoast_head_json":{"title":"Le secteur des RP : les femmes accordent plus d'importance \u00e0 leur carri\u00e8re que les hommes - Organisateur","description":"Une enqu\u00eate men\u00e9e aupr\u00e8s de 130 professionnels et cadres d'agences de presse et de relations publiques montre que les femmes sont plus importantes que les hommes : Les femmes accordent plus d'importance \u00e0 leur carri\u00e8re que les hommes.","robots":{"index":"index","follow":"follow","max-snippet":"max-snippet:-1","max-image-preview":"max-image-preview:large","max-video-preview":"max-video-preview:-1"},"canonical":"https:\/\/www.organisator.ch\/fr\/marketing\/2019-05-16\/pr-branche-femmes-est-carriere-plus-importante-que-les-hommes\/","og_locale":"fr_FR","og_type":"article","og_title":"PR-Branche: Frauen ist Karriere wichtiger als M\u00e4nnern","og_description":"Eine Befragung von 130 Fach- und F\u00fchrungskr\u00e4ften aus Medienstellen und PR-Agenturen zeigt: Frauen ist Karriere wichtiger als M\u00e4nnern.","og_url":"https:\/\/www.organisator.ch\/fr\/marketing\/2019-05-16\/pr-branche-femmes-est-carriere-plus-importante-que-les-hommes\/","og_site_name":"Organisator","article_publisher":"https:\/\/www.facebook.com\/OrganisatorFachmagazin","article_published_time":"2019-05-16T13:52:17+00:00","og_image":[{"width":680,"height":427,"url":"https:\/\/www.organisator.ch\/wp-content\/uploads\/2019\/05\/PR-Branche-Frauen-ist-Karriere-wichtiger-als-Maenner_Organisator.jpg","type":"image\/jpeg"}],"author":"thomas.berner","twitter_card":"summary_large_image","twitter_title":"#PR-Branche: Frauen ist Karriere wichtiger als M\u00e4nnern","twitter_description":"Eine Befragung von 130 Fach- und F\u00fchrungskr\u00e4ften aus Medienstellen und PR-Agenturen zeigt: Frauen ist #Karriere wichtiger als M\u00e4nnern.","twitter_image":"https:\/\/www.organisator.ch\/wp-content\/uploads\/2019\/05\/PR-Branche-Frauen-ist-Karriere-wichtiger-als-M\u00e4nner_Organisator.jpg","schema":{"@context":"https:\/\/schema.org","@graph":[{"@type":"Article","@id":"https:\/\/www.organisator.ch\/marketing\/2019-05-16\/pr-branche-frauen-ist-karriere-wichtiger-als-maennern\/#article","isPartOf":{"@id":"https:\/\/www.organisator.ch\/marketing\/2019-05-16\/pr-branche-frauen-ist-karriere-wichtiger-als-maennern\/"},"author":{"name":"thomas.berner","@id":"https:\/\/www.organisator.ch\/#\/schema\/person\/6f650f90b2842cd4c0cc334b4e36f67e"},"headline":"PR-Branche: Frauen ist Karriere wichtiger als M\u00e4nnern","datePublished":"2019-05-16T13:52:17+00:00","mainEntityOfPage":{"@id":"https:\/\/www.organisator.ch\/marketing\/2019-05-16\/pr-branche-frauen-ist-karriere-wichtiger-als-maennern\/"},"wordCount":282,"commentCount":0,"publisher":{"@id":"https:\/\/www.organisator.ch\/#organization"},"image":{"@id":"https:\/\/www.organisator.ch\/marketing\/2019-05-16\/pr-branche-frauen-ist-karriere-wichtiger-als-maennern\/#primaryimage"},"thumbnailUrl":"https:\/\/www.organisator.ch\/wp-content\/uploads\/2019\/05\/PR-Branche-Frauen-ist-Karriere-wichtiger-als-Maenner_Organisator.jpg","keywords":["Branchen","Kommunikation","Studie"],"articleSection":["MARKETING"],"inLanguage":"fr-FR"},{"@type":"WebPage","@id":"https:\/\/www.organisator.ch\/marketing\/2019-05-16\/pr-branche-frauen-ist-karriere-wichtiger-als-maennern\/","url":"https:\/\/www.organisator.ch\/marketing\/2019-05-16\/pr-branche-frauen-ist-karriere-wichtiger-als-maennern\/","name":"Le secteur des RP : les femmes accordent plus d'importance \u00e0 leur carri\u00e8re que les hommes - Organisateur","isPartOf":{"@id":"https:\/\/www.organisator.ch\/#website"},"primaryImageOfPage":{"@id":"https:\/\/www.organisator.ch\/marketing\/2019-05-16\/pr-branche-frauen-ist-karriere-wichtiger-als-maennern\/#primaryimage"},"image":{"@id":"https:\/\/www.organisator.ch\/marketing\/2019-05-16\/pr-branche-frauen-ist-karriere-wichtiger-als-maennern\/#primaryimage"},"thumbnailUrl":"https:\/\/www.organisator.ch\/wp-content\/uploads\/2019\/05\/PR-Branche-Frauen-ist-Karriere-wichtiger-als-Maenner_Organisator.jpg","datePublished":"2019-05-16T13:52:17+00:00","description":"Une enqu\u00eate men\u00e9e aupr\u00e8s de 130 professionnels et cadres d'agences de presse et de relations publiques montre que les femmes sont plus importantes que les hommes : Les femmes accordent plus d'importance \u00e0 leur carri\u00e8re que les hommes.","breadcrumb":{"@id":"https:\/\/www.organisator.ch\/marketing\/2019-05-16\/pr-branche-frauen-ist-karriere-wichtiger-als-maennern\/#breadcrumb"},"inLanguage":"fr-FR","potentialAction":[{"@type":"ReadAction","target":["https:\/\/www.organisator.ch\/marketing\/2019-05-16\/pr-branche-frauen-ist-karriere-wichtiger-als-maennern\/"]}]},{"@type":"ImageObject","inLanguage":"fr-FR","@id":"https:\/\/www.organisator.ch\/marketing\/2019-05-16\/pr-branche-frauen-ist-karriere-wichtiger-als-maennern\/#primaryimage","url":"https:\/\/www.organisator.ch\/wp-content\/uploads\/2019\/05\/PR-Branche-Frauen-ist-Karriere-wichtiger-als-Maenner_Organisator.jpg","contentUrl":"https:\/\/www.organisator.ch\/wp-content\/uploads\/2019\/05\/PR-Branche-Frauen-ist-Karriere-wichtiger-als-Maenner_Organisator.jpg","width":680,"height":427,"caption":"In der Kommunikationsbranche ist Frauen die Karriere wichtiger als M\u00e4nnern. Zu diesem Ergebnis kommt der aktuelle PR-Trendmonitor von news aktuell und Faktenkontor. 130 Schweizer Fach- und F\u00fchrungskr\u00e4fte der PR haben an der Umfrage teilgenommen. Weiterer Text \u00fcber ots und www.presseportal.ch\/de\/nr\/100000003 \/ Die Verwendung dieses Bildes ist f\u00fcr redaktionelle Zwecke honorarfrei. Ver\u00f6ffentlichung bitte unter Quellenangabe: \"obs\/news aktuell (Schweiz) AG\/Sebastian K\u00f6nnicke\""},{"@type":"BreadcrumbList","@id":"https:\/\/www.organisator.ch\/marketing\/2019-05-16\/pr-branche-frauen-ist-karriere-wichtiger-als-maennern\/#breadcrumb","itemListElement":[{"@type":"ListItem","position":1,"name":"Home","item":"https:\/\/www.organisator.ch\/"},{"@type":"ListItem","position":2,"name":"PR-Branche: Frauen ist Karriere wichtiger als M\u00e4nnern"}]},{"@type":"WebSite","@id":"https:\/\/www.organisator.ch\/#website","url":"https:\/\/www.organisator.ch\/","name":"Organisateur","description":"Comp\u00e9tence et comp\u00e9tence. Proches de la pratique. L'ORGANISATEUR pr\u00e9pare 10 num\u00e9ros par an sur les th\u00e8mes essentiels pour les dirigeants de PME.","publisher":{"@id":"https:\/\/www.organisator.ch\/#organization"},"potentialAction":[{"@type":"SearchAction","target":{"@type":"EntryPoint","urlTemplate":"https:\/\/www.organisator.ch\/?s={search_term_string}"},"query-input":{"@type":"PropertyValueSpecification","valueRequired":true,"valueName":"search_term_string"}}],"inLanguage":"fr-FR"},{"@type":"Organization","@id":"https:\/\/www.organisator.ch\/#organization","name":"Organisateur","url":"https:\/\/www.organisator.ch\/","logo":{"@type":"ImageObject","inLanguage":"fr-FR","@id":"https:\/\/www.organisator.ch\/#\/schema\/logo\/image\/","url":"https:\/\/www.organisator.ch\/wp-content\/uploads\/2022\/01\/Logo_Organisator_Website.png","contentUrl":"https:\/\/www.organisator.ch\/wp-content\/uploads\/2022\/01\/Logo_Organisator_Website.png","width":800,"height":77,"caption":"Organisator"},"image":{"@id":"https:\/\/www.organisator.ch\/#\/schema\/logo\/image\/"},"sameAs":["https:\/\/www.facebook.com\/OrganisatorFachmagazin","https:\/\/www.linkedin.com\/showcase\/organisator-das-magazin-fr-kmu","https:\/\/www.xing.com\/news\/pages\/organisator-ch-695","https:\/\/www.youtube.com\/channel\/UCGP2Sq0iWaZwT3BdIAQFYpw"]},{"@type":"Person","@id":"https:\/\/www.organisator.ch\/#\/schema\/person\/6f650f90b2842cd4c0cc334b4e36f67e","name":"thomas.berner","image":{"@type":"ImageObject","inLanguage":"fr-FR","@id":"https:\/\/secure.gravatar.com\/avatar\/ac5001d2a36cb6c6cd3e50789007ffca834b477b74a2144564522e944eabff61?s=96&d=mm&r=g","url":"https:\/\/secure.gravatar.com\/avatar\/ac5001d2a36cb6c6cd3e50789007ffca834b477b74a2144564522e944eabff61?s=96&d=mm&r=g","contentUrl":"https:\/\/secure.gravatar.com\/avatar\/ac5001d2a36cb6c6cd3e50789007ffca834b477b74a2144564522e944eabff61?s=96&d=mm&r=g","caption":"thomas.berner"},"url":"https:\/\/www.organisator.ch\/fr\/author\/thomas-berner\/"}]}},"_links":{"self":[{"href":"https:\/\/www.organisator.ch\/fr\/wp-json\/wp\/v2\/posts\/5257","targetHints":{"allow":["GET"]}}],"collection":[{"href":"https:\/\/www.organisator.ch\/fr\/wp-json\/wp\/v2\/posts"}],"about":[{"href":"https:\/\/www.organisator.ch\/fr\/wp-json\/wp\/v2\/types\/post"}],"author":[{"embeddable":true,"href":"https:\/\/www.organisator.ch\/fr\/wp-json\/wp\/v2\/users\/4"}],"replies":[{"embeddable":true,"href":"https:\/\/www.organisator.ch\/fr\/wp-json\/wp\/v2\/comments?post=5257"}],"version-history":[{"count":0,"href":"https:\/\/www.organisator.ch\/fr\/wp-json\/wp\/v2\/posts\/5257\/revisions"}],"wp:featuredmedia":[{"embeddable":true,"href":"https:\/\/www.organisator.ch\/fr\/wp-json\/wp\/v2\/media\/5258"}],"wp:attachment":[{"href":"https:\/\/www.organisator.ch\/fr\/wp-json\/wp\/v2\/media?parent=5257"}],"wp:term":[{"taxonomy":"category","embeddable":true,"href":"https:\/\/www.organisator.ch\/fr\/wp-json\/wp\/v2\/categories?post=5257"},{"taxonomy":"post_tag","embeddable":true,"href":"https:\/\/www.organisator.ch\/fr\/wp-json\/wp\/v2\/tags?post=5257"}],"curies":[{"name":"wp","href":"https:\/\/api.w.org\/{rel}","templated":true}]}}