{"id":5279,"date":"2019-05-21T13:59:13","date_gmt":"2019-05-21T11:59:13","guid":{"rendered":"https:\/\/www.organisator.ch\/?p=5279"},"modified":"2019-05-21T13:59:13","modified_gmt":"2019-05-21T11:59:13","slug":"enrico-salvadori-verstaerkt-geschaeftsleitung-von-swisscard","status":"publish","type":"post","link":"https:\/\/www.organisator.ch\/fr\/management\/2019-05-21\/enrico-salvadori-verstaerkt-geschaeftsleitung-von-swisscard\/","title":{"rendered":"Enrico Salvadori renforce la direction de Swisscard"},"content":{"rendered":"<figure id=\"attachment_5280\" aria-describedby=\"caption-attachment-5280\" style=\"width: 680px\" class=\"wp-caption alignnone\"><img loading=\"lazy\" decoding=\"async\" class=\"size-medium wp-image-5280\" src=\"https:\/\/www.organisator.ch\/wp-content\/uploads\/2019\/05\/Enrico-Salvadori.jpg\" alt=\"\" width=\"680\" height=\"453\" \/><figcaption id=\"caption-attachment-5280\" class=\"wp-caption-text\">Fin mai 2019, Enrico Salvadori viendra renforcer le management de la premi\u00e8re entreprise suisse de cartes de cr\u00e9dit. (Image : Swisscard)<\/figcaption><\/figure>\n<p>Le nouveau responsable Consumer Business chez Swisscard s'appelle Enrico Salvadori et succ\u00e8de \u00e0 <span style=\"display: inline !important; float: none; background-color: transparent; color: #333333; cursor: text; font-family: Georgia,'Times New Roman','Bitstream Charter',Times,serif; font-size: 16px; font-style: normal; font-variant: normal; font-weight: 400; letter-spacing: normal; orphans: 2; text-align: left; text-decoration: none; text-indent: 0px; text-transform: none; -webkit-text-stroke-width: 0px; white-space: normal; word-spacing: 0px;\">\u00e0 Dominic Steptoe, qui s'est r\u00e9orient\u00e9 professionnellement et a quitt\u00e9 l'entreprise il y a quelques semaines.<\/span> Derni\u00e8rement, Salvadori a dirig\u00e9 le marketing et le sponsoring du Cr\u00e9dit Suisse en tant que Managing Director. Il \u00e9tait responsable du repositionnement strat\u00e9gique dans toutes les disciplines, y compris la strat\u00e9gie marketing, les campagnes, le marketing num\u00e9rique, le sponsoring et les \u00e9v\u00e9nements. Dans ses fonctions pr\u00e9c\u00e9dentes au Credit Suisse et chez Clariden Leu, Enrico Salvadori a con\u00e7u des processus avanc\u00e9s qui permettent de g\u00e9rer et d'am\u00e9liorer avec succ\u00e8s les innovations dans la gestion des produits ainsi que les ventes et l'exp\u00e9rience client.<\/p>\n<p>\"Enrico Salvadori a prouv\u00e9 qu'il pouvait d\u00e9velopper des produits et des services en fonction des besoins des clients sur des march\u00e9s complexes et en \u00e9volution rapide\", souligne Florence Schnydrig Moser, CEO de Swisscard : \"Les innovations sont \u00e9galement essentielles dans notre activit\u00e9 grand public\". En mars, Swisscard a lanc\u00e9 pour la premi\u00e8re fois en Suisse les Cashback Cards, un duo de cartes sans cotisation annuelle avec fonction de remboursement. Par ailleurs, depuis d\u00e9but mai, les consommateurs peuvent effectuer des paiements mobiles avec toutes les cartes de cr\u00e9dit \u00e9mises par Swisscard. Dans son nouveau r\u00f4le, Enrico Salvadori fera avancer ces th\u00e8mes et renforcera le r\u00f4le de pionnier de Swisscard avec de nouvelles id\u00e9es.<\/p>\n<p>Avant de rejoindre le groupe Credit Suisse, Enrico Salvadori a travaill\u00e9 comme conseiller en strat\u00e9gie pour des prestataires de services financiers de premier plan en Europe et en Afrique, avec une expertise sp\u00e9cifique dans les domaines du corporate banking et de la gestion des risques. Auparavant, il a obtenu un dipl\u00f4me d'\u00e9conomie d'entreprise avec mention \u00e0 l'Universit\u00e9 de Turin. Il a en outre obtenu un European Master in Management de l'ESCP-EAP Business School. Depuis 2007, ce double national italien et suisse vit avec sa famille dans la r\u00e9gion de Zurich.<\/p>\n<p><em>Source : <a href=\"http:\/\/swisscard.ch\/de\/\">Swisscard<\/a><\/em><\/p>","protected":false},"excerpt":{"rendered":"<p>Der neue Leiter Consumer Business bei Swisscard heisst Enrico Salvadori und folgt auf Dominic Steptoe, der sich beruflich neu orientiert und das Unternehmen vor wenigen Wochen verliess. Zuletzt f\u00fchrte Salvadori als Managing Director das Marketing &amp; Sponsoring von Cr\u00e9dit Suisse. Dabei war er verantwortlich f\u00fcr die strategische Neupositionierung \u00fcber alle Disziplinen hinweg, eingeschlossen Marketingstrategie, Kampagnen, [&hellip;]<\/p>\n","protected":false},"author":4,"featured_media":5280,"comment_status":"open","ping_status":"open","sticky":false,"template":"","format":"standard","meta":{"_acf_changed":false,"_yoast_wpseo_focuskw":"Enrico Salvadori","_yoast_wpseo_metadesc":"Das Board of Managing Officers (BMO) der Swisscard AECS GmbH ernannte Enrico Salvadori zum neuen Leiter des Bereichs Consumer Business.","articlekey":"","footnotes":""},"categories":[28],"tags":[334,335,381],"class_list":["post-5279","post","type-post","status-publish","format-standard","has-post-thumbnail","hentry","category-management","tag-management","tag-management-und-unternehmensfuehrung","tag-personalia"],"acf":[],"yoast_head":"<!-- This site is optimized with the Yoast SEO plugin v27.4 - https:\/\/yoast.com\/product\/yoast-seo-wordpress\/ -->\n<title>Enrico Salvadori verst\u00e4rkt Gesch\u00e4ftsleitung von Swisscard - Organisator<\/title>\n<meta name=\"description\" content=\"Das Board of Managing Officers (BMO) der Swisscard AECS GmbH ernannte Enrico Salvadori zum neuen Leiter des Bereichs Consumer Business.\" \/>\n<meta name=\"robots\" content=\"index, follow, max-snippet:-1, max-image-preview:large, max-video-preview:-1\" \/>\n<link rel=\"canonical\" href=\"https:\/\/www.organisator.ch\/fr\/gestion-2\/2019-05-21\/enrico-salvadori-verstaerkt-geschaeftsleitung-von-swisscard\/\" \/>\n<meta property=\"og:locale\" content=\"fr_FR\" \/>\n<meta property=\"og:type\" content=\"article\" \/>\n<meta property=\"og:title\" content=\"Enrico Salvadori verst\u00e4rkt Gesch\u00e4ftsleitung von Swisscard\" \/>\n<meta property=\"og:description\" content=\"Das Board of Managing Officers (BMO) der Swisscard AECS GmbH ernannte Enrico Salvadori zum neuen Leiter des Bereichs Consumer Business.\" \/>\n<meta property=\"og:url\" content=\"https:\/\/www.organisator.ch\/fr\/gestion-2\/2019-05-21\/enrico-salvadori-verstaerkt-geschaeftsleitung-von-swisscard\/\" \/>\n<meta property=\"og:site_name\" content=\"Organisator\" \/>\n<meta property=\"article:publisher\" content=\"https:\/\/www.facebook.com\/OrganisatorFachmagazin\" \/>\n<meta property=\"article:published_time\" content=\"2019-05-21T11:59:13+00:00\" \/>\n<meta property=\"og:image\" content=\"https:\/\/www.organisator.ch\/wp-content\/uploads\/2019\/05\/Enrico-Salvadori-scaled.jpg\" \/>\n\t<meta property=\"og:image:width\" content=\"2560\" \/>\n\t<meta property=\"og:image:height\" content=\"1706\" \/>\n\t<meta property=\"og:image:type\" content=\"image\/jpeg\" \/>\n<meta name=\"author\" content=\"thomas.berner\" \/>\n<meta name=\"twitter:card\" content=\"summary_large_image\" \/>\n<meta name=\"twitter:title\" content=\"Enrico #Salvadori verst\u00e4rkt Gesch\u00e4ftsleitung von #Swisscard\" \/>\n<meta name=\"twitter:description\" content=\"Das Board of Managing Officers (BMO) der #Swisscard AECS GmbH ernannte Enrico Salvadori zum neuen Leiter des Bereichs Consumer Business.\" \/>\n<meta name=\"twitter:image\" content=\"https:\/\/www.organisator.ch\/wp-content\/uploads\/2019\/05\/Enrico-Salvadori.jpg\" \/>\n<script type=\"application\/ld+json\" class=\"yoast-schema-graph\">{\"@context\":\"https:\\\/\\\/schema.org\",\"@graph\":[{\"@type\":\"Article\",\"@id\":\"https:\\\/\\\/www.organisator.ch\\\/management\\\/2019-05-21\\\/enrico-salvadori-verstaerkt-geschaeftsleitung-von-swisscard\\\/#article\",\"isPartOf\":{\"@id\":\"https:\\\/\\\/www.organisator.ch\\\/management\\\/2019-05-21\\\/enrico-salvadori-verstaerkt-geschaeftsleitung-von-swisscard\\\/\"},\"author\":{\"name\":\"thomas.berner\",\"@id\":\"https:\\\/\\\/www.organisator.ch\\\/#\\\/schema\\\/person\\\/6f650f90b2842cd4c0cc334b4e36f67e\"},\"headline\":\"Enrico Salvadori verst\u00e4rkt Gesch\u00e4ftsleitung von Swisscard\",\"datePublished\":\"2019-05-21T11:59:13+00:00\",\"mainEntityOfPage\":{\"@id\":\"https:\\\/\\\/www.organisator.ch\\\/management\\\/2019-05-21\\\/enrico-salvadori-verstaerkt-geschaeftsleitung-von-swisscard\\\/\"},\"wordCount\":291,\"commentCount\":0,\"publisher\":{\"@id\":\"https:\\\/\\\/www.organisator.ch\\\/#organization\"},\"image\":{\"@id\":\"https:\\\/\\\/www.organisator.ch\\\/management\\\/2019-05-21\\\/enrico-salvadori-verstaerkt-geschaeftsleitung-von-swisscard\\\/#primaryimage\"},\"thumbnailUrl\":\"https:\\\/\\\/www.organisator.ch\\\/wp-content\\\/uploads\\\/2019\\\/05\\\/Enrico-Salvadori-scaled.jpg\",\"keywords\":[\"Management\",\"Management und Unternehmensf\u00fchrung\",\"Personalia\"],\"articleSection\":[\"MANAGEMENT\"],\"inLanguage\":\"fr-FR\"},{\"@type\":\"WebPage\",\"@id\":\"https:\\\/\\\/www.organisator.ch\\\/management\\\/2019-05-21\\\/enrico-salvadori-verstaerkt-geschaeftsleitung-von-swisscard\\\/\",\"url\":\"https:\\\/\\\/www.organisator.ch\\\/management\\\/2019-05-21\\\/enrico-salvadori-verstaerkt-geschaeftsleitung-von-swisscard\\\/\",\"name\":\"Enrico Salvadori verst\u00e4rkt Gesch\u00e4ftsleitung von Swisscard - Organisator\",\"isPartOf\":{\"@id\":\"https:\\\/\\\/www.organisator.ch\\\/#website\"},\"primaryImageOfPage\":{\"@id\":\"https:\\\/\\\/www.organisator.ch\\\/management\\\/2019-05-21\\\/enrico-salvadori-verstaerkt-geschaeftsleitung-von-swisscard\\\/#primaryimage\"},\"image\":{\"@id\":\"https:\\\/\\\/www.organisator.ch\\\/management\\\/2019-05-21\\\/enrico-salvadori-verstaerkt-geschaeftsleitung-von-swisscard\\\/#primaryimage\"},\"thumbnailUrl\":\"https:\\\/\\\/www.organisator.ch\\\/wp-content\\\/uploads\\\/2019\\\/05\\\/Enrico-Salvadori-scaled.jpg\",\"datePublished\":\"2019-05-21T11:59:13+00:00\",\"description\":\"Das Board of Managing Officers (BMO) der Swisscard AECS GmbH ernannte Enrico Salvadori zum neuen Leiter des Bereichs Consumer Business.\",\"breadcrumb\":{\"@id\":\"https:\\\/\\\/www.organisator.ch\\\/management\\\/2019-05-21\\\/enrico-salvadori-verstaerkt-geschaeftsleitung-von-swisscard\\\/#breadcrumb\"},\"inLanguage\":\"fr-FR\",\"potentialAction\":[{\"@type\":\"ReadAction\",\"target\":[\"https:\\\/\\\/www.organisator.ch\\\/management\\\/2019-05-21\\\/enrico-salvadori-verstaerkt-geschaeftsleitung-von-swisscard\\\/\"]}]},{\"@type\":\"ImageObject\",\"inLanguage\":\"fr-FR\",\"@id\":\"https:\\\/\\\/www.organisator.ch\\\/management\\\/2019-05-21\\\/enrico-salvadori-verstaerkt-geschaeftsleitung-von-swisscard\\\/#primaryimage\",\"url\":\"https:\\\/\\\/www.organisator.ch\\\/wp-content\\\/uploads\\\/2019\\\/05\\\/Enrico-Salvadori-scaled.jpg\",\"contentUrl\":\"https:\\\/\\\/www.organisator.ch\\\/wp-content\\\/uploads\\\/2019\\\/05\\\/Enrico-Salvadori-scaled.jpg\",\"width\":2560,\"height\":1706,\"caption\":\"Enrico Salvadori wird Ende Mai 2019 das Management des f\u00fchrenden Schweizer Kreditkartenunternehmens verst\u00e4rken. (Bild: Swisscard)\"},{\"@type\":\"BreadcrumbList\",\"@id\":\"https:\\\/\\\/www.organisator.ch\\\/management\\\/2019-05-21\\\/enrico-salvadori-verstaerkt-geschaeftsleitung-von-swisscard\\\/#breadcrumb\",\"itemListElement\":[{\"@type\":\"ListItem\",\"position\":1,\"name\":\"Home\",\"item\":\"https:\\\/\\\/www.organisator.ch\\\/\"},{\"@type\":\"ListItem\",\"position\":2,\"name\":\"Enrico Salvadori verst\u00e4rkt Gesch\u00e4ftsleitung von Swisscard\"}]},{\"@type\":\"WebSite\",\"@id\":\"https:\\\/\\\/www.organisator.ch\\\/#website\",\"url\":\"https:\\\/\\\/www.organisator.ch\\\/\",\"name\":\"Organisator\",\"description\":\"Kompetent. Praxisnah. Der ORGANISATOR bereitet in 10 Ausgaben pro Jahr die wesentlichen Themen f\u00fcr F\u00fchrungskr\u00e4fte von KMU auf.\",\"publisher\":{\"@id\":\"https:\\\/\\\/www.organisator.ch\\\/#organization\"},\"potentialAction\":[{\"@type\":\"SearchAction\",\"target\":{\"@type\":\"EntryPoint\",\"urlTemplate\":\"https:\\\/\\\/www.organisator.ch\\\/?s={search_term_string}\"},\"query-input\":{\"@type\":\"PropertyValueSpecification\",\"valueRequired\":true,\"valueName\":\"search_term_string\"}}],\"inLanguage\":\"fr-FR\"},{\"@type\":\"Organization\",\"@id\":\"https:\\\/\\\/www.organisator.ch\\\/#organization\",\"name\":\"Organisator\",\"url\":\"https:\\\/\\\/www.organisator.ch\\\/\",\"logo\":{\"@type\":\"ImageObject\",\"inLanguage\":\"fr-FR\",\"@id\":\"https:\\\/\\\/www.organisator.ch\\\/#\\\/schema\\\/logo\\\/image\\\/\",\"url\":\"https:\\\/\\\/www.organisator.ch\\\/wp-content\\\/uploads\\\/2022\\\/01\\\/Logo_Organisator_Website.png\",\"contentUrl\":\"https:\\\/\\\/www.organisator.ch\\\/wp-content\\\/uploads\\\/2022\\\/01\\\/Logo_Organisator_Website.png\",\"width\":800,\"height\":77,\"caption\":\"Organisator\"},\"image\":{\"@id\":\"https:\\\/\\\/www.organisator.ch\\\/#\\\/schema\\\/logo\\\/image\\\/\"},\"sameAs\":[\"https:\\\/\\\/www.facebook.com\\\/OrganisatorFachmagazin\",\"https:\\\/\\\/www.linkedin.com\\\/showcase\\\/organisator-das-magazin-fr-kmu\",\"https:\\\/\\\/www.xing.com\\\/news\\\/pages\\\/organisator-ch-695\",\"https:\\\/\\\/www.youtube.com\\\/channel\\\/UCGP2Sq0iWaZwT3BdIAQFYpw\"]},{\"@type\":\"Person\",\"@id\":\"https:\\\/\\\/www.organisator.ch\\\/#\\\/schema\\\/person\\\/6f650f90b2842cd4c0cc334b4e36f67e\",\"name\":\"thomas.berner\",\"image\":{\"@type\":\"ImageObject\",\"inLanguage\":\"fr-FR\",\"@id\":\"https:\\\/\\\/secure.gravatar.com\\\/avatar\\\/ac5001d2a36cb6c6cd3e50789007ffca834b477b74a2144564522e944eabff61?s=96&d=mm&r=g\",\"url\":\"https:\\\/\\\/secure.gravatar.com\\\/avatar\\\/ac5001d2a36cb6c6cd3e50789007ffca834b477b74a2144564522e944eabff61?s=96&d=mm&r=g\",\"contentUrl\":\"https:\\\/\\\/secure.gravatar.com\\\/avatar\\\/ac5001d2a36cb6c6cd3e50789007ffca834b477b74a2144564522e944eabff61?s=96&d=mm&r=g\",\"caption\":\"thomas.berner\"},\"url\":\"https:\\\/\\\/www.organisator.ch\\\/fr\\\/author\\\/thomas-berner\\\/\"}]}<\/script>\n<!-- \/ Yoast SEO plugin. -->","yoast_head_json":{"title":"Enrico Salvadori renforce la direction de Swisscard - Organisateur","description":"Le Board of Managing Officers (BMO) de Swisscard AECS GmbH a nomm\u00e9 Enrico Salvadori au poste de directeur du d\u00e9partement Consumer Business.","robots":{"index":"index","follow":"follow","max-snippet":"max-snippet:-1","max-image-preview":"max-image-preview:large","max-video-preview":"max-video-preview:-1"},"canonical":"https:\/\/www.organisator.ch\/fr\/gestion-2\/2019-05-21\/enrico-salvadori-verstaerkt-geschaeftsleitung-von-swisscard\/","og_locale":"fr_FR","og_type":"article","og_title":"Enrico Salvadori verst\u00e4rkt Gesch\u00e4ftsleitung von Swisscard","og_description":"Das Board of Managing Officers (BMO) der Swisscard AECS GmbH ernannte Enrico Salvadori zum neuen Leiter des Bereichs Consumer Business.","og_url":"https:\/\/www.organisator.ch\/fr\/gestion-2\/2019-05-21\/enrico-salvadori-verstaerkt-geschaeftsleitung-von-swisscard\/","og_site_name":"Organisator","article_publisher":"https:\/\/www.facebook.com\/OrganisatorFachmagazin","article_published_time":"2019-05-21T11:59:13+00:00","og_image":[{"width":2560,"height":1706,"url":"https:\/\/www.organisator.ch\/wp-content\/uploads\/2019\/05\/Enrico-Salvadori-scaled.jpg","type":"image\/jpeg"}],"author":"thomas.berner","twitter_card":"summary_large_image","twitter_title":"Enrico #Salvadori verst\u00e4rkt Gesch\u00e4ftsleitung von #Swisscard","twitter_description":"Das Board of Managing Officers (BMO) der #Swisscard AECS GmbH ernannte Enrico Salvadori zum neuen Leiter des Bereichs Consumer Business.","twitter_image":"https:\/\/www.organisator.ch\/wp-content\/uploads\/2019\/05\/Enrico-Salvadori.jpg","schema":{"@context":"https:\/\/schema.org","@graph":[{"@type":"Article","@id":"https:\/\/www.organisator.ch\/management\/2019-05-21\/enrico-salvadori-verstaerkt-geschaeftsleitung-von-swisscard\/#article","isPartOf":{"@id":"https:\/\/www.organisator.ch\/management\/2019-05-21\/enrico-salvadori-verstaerkt-geschaeftsleitung-von-swisscard\/"},"author":{"name":"thomas.berner","@id":"https:\/\/www.organisator.ch\/#\/schema\/person\/6f650f90b2842cd4c0cc334b4e36f67e"},"headline":"Enrico Salvadori verst\u00e4rkt Gesch\u00e4ftsleitung von Swisscard","datePublished":"2019-05-21T11:59:13+00:00","mainEntityOfPage":{"@id":"https:\/\/www.organisator.ch\/management\/2019-05-21\/enrico-salvadori-verstaerkt-geschaeftsleitung-von-swisscard\/"},"wordCount":291,"commentCount":0,"publisher":{"@id":"https:\/\/www.organisator.ch\/#organization"},"image":{"@id":"https:\/\/www.organisator.ch\/management\/2019-05-21\/enrico-salvadori-verstaerkt-geschaeftsleitung-von-swisscard\/#primaryimage"},"thumbnailUrl":"https:\/\/www.organisator.ch\/wp-content\/uploads\/2019\/05\/Enrico-Salvadori-scaled.jpg","keywords":["Management","Management und Unternehmensf\u00fchrung","Personalia"],"articleSection":["MANAGEMENT"],"inLanguage":"fr-FR"},{"@type":"WebPage","@id":"https:\/\/www.organisator.ch\/management\/2019-05-21\/enrico-salvadori-verstaerkt-geschaeftsleitung-von-swisscard\/","url":"https:\/\/www.organisator.ch\/management\/2019-05-21\/enrico-salvadori-verstaerkt-geschaeftsleitung-von-swisscard\/","name":"Enrico Salvadori renforce la direction de Swisscard - Organisateur","isPartOf":{"@id":"https:\/\/www.organisator.ch\/#website"},"primaryImageOfPage":{"@id":"https:\/\/www.organisator.ch\/management\/2019-05-21\/enrico-salvadori-verstaerkt-geschaeftsleitung-von-swisscard\/#primaryimage"},"image":{"@id":"https:\/\/www.organisator.ch\/management\/2019-05-21\/enrico-salvadori-verstaerkt-geschaeftsleitung-von-swisscard\/#primaryimage"},"thumbnailUrl":"https:\/\/www.organisator.ch\/wp-content\/uploads\/2019\/05\/Enrico-Salvadori-scaled.jpg","datePublished":"2019-05-21T11:59:13+00:00","description":"Le Board of Managing Officers (BMO) de Swisscard AECS GmbH a nomm\u00e9 Enrico Salvadori au poste de directeur du d\u00e9partement Consumer Business.","breadcrumb":{"@id":"https:\/\/www.organisator.ch\/management\/2019-05-21\/enrico-salvadori-verstaerkt-geschaeftsleitung-von-swisscard\/#breadcrumb"},"inLanguage":"fr-FR","potentialAction":[{"@type":"ReadAction","target":["https:\/\/www.organisator.ch\/management\/2019-05-21\/enrico-salvadori-verstaerkt-geschaeftsleitung-von-swisscard\/"]}]},{"@type":"ImageObject","inLanguage":"fr-FR","@id":"https:\/\/www.organisator.ch\/management\/2019-05-21\/enrico-salvadori-verstaerkt-geschaeftsleitung-von-swisscard\/#primaryimage","url":"https:\/\/www.organisator.ch\/wp-content\/uploads\/2019\/05\/Enrico-Salvadori-scaled.jpg","contentUrl":"https:\/\/www.organisator.ch\/wp-content\/uploads\/2019\/05\/Enrico-Salvadori-scaled.jpg","width":2560,"height":1706,"caption":"Enrico Salvadori wird Ende Mai 2019 das Management des f\u00fchrenden Schweizer Kreditkartenunternehmens verst\u00e4rken. (Bild: Swisscard)"},{"@type":"BreadcrumbList","@id":"https:\/\/www.organisator.ch\/management\/2019-05-21\/enrico-salvadori-verstaerkt-geschaeftsleitung-von-swisscard\/#breadcrumb","itemListElement":[{"@type":"ListItem","position":1,"name":"Home","item":"https:\/\/www.organisator.ch\/"},{"@type":"ListItem","position":2,"name":"Enrico Salvadori verst\u00e4rkt Gesch\u00e4ftsleitung von Swisscard"}]},{"@type":"WebSite","@id":"https:\/\/www.organisator.ch\/#website","url":"https:\/\/www.organisator.ch\/","name":"Organisateur","description":"Comp\u00e9tence et comp\u00e9tence. Proches de la pratique. L'ORGANISATEUR pr\u00e9pare 10 num\u00e9ros par an sur les th\u00e8mes essentiels pour les dirigeants de PME.","publisher":{"@id":"https:\/\/www.organisator.ch\/#organization"},"potentialAction":[{"@type":"SearchAction","target":{"@type":"EntryPoint","urlTemplate":"https:\/\/www.organisator.ch\/?s={search_term_string}"},"query-input":{"@type":"PropertyValueSpecification","valueRequired":true,"valueName":"search_term_string"}}],"inLanguage":"fr-FR"},{"@type":"Organization","@id":"https:\/\/www.organisator.ch\/#organization","name":"Organisateur","url":"https:\/\/www.organisator.ch\/","logo":{"@type":"ImageObject","inLanguage":"fr-FR","@id":"https:\/\/www.organisator.ch\/#\/schema\/logo\/image\/","url":"https:\/\/www.organisator.ch\/wp-content\/uploads\/2022\/01\/Logo_Organisator_Website.png","contentUrl":"https:\/\/www.organisator.ch\/wp-content\/uploads\/2022\/01\/Logo_Organisator_Website.png","width":800,"height":77,"caption":"Organisator"},"image":{"@id":"https:\/\/www.organisator.ch\/#\/schema\/logo\/image\/"},"sameAs":["https:\/\/www.facebook.com\/OrganisatorFachmagazin","https:\/\/www.linkedin.com\/showcase\/organisator-das-magazin-fr-kmu","https:\/\/www.xing.com\/news\/pages\/organisator-ch-695","https:\/\/www.youtube.com\/channel\/UCGP2Sq0iWaZwT3BdIAQFYpw"]},{"@type":"Person","@id":"https:\/\/www.organisator.ch\/#\/schema\/person\/6f650f90b2842cd4c0cc334b4e36f67e","name":"thomas.berner","image":{"@type":"ImageObject","inLanguage":"fr-FR","@id":"https:\/\/secure.gravatar.com\/avatar\/ac5001d2a36cb6c6cd3e50789007ffca834b477b74a2144564522e944eabff61?s=96&d=mm&r=g","url":"https:\/\/secure.gravatar.com\/avatar\/ac5001d2a36cb6c6cd3e50789007ffca834b477b74a2144564522e944eabff61?s=96&d=mm&r=g","contentUrl":"https:\/\/secure.gravatar.com\/avatar\/ac5001d2a36cb6c6cd3e50789007ffca834b477b74a2144564522e944eabff61?s=96&d=mm&r=g","caption":"thomas.berner"},"url":"https:\/\/www.organisator.ch\/fr\/author\/thomas-berner\/"}]}},"_links":{"self":[{"href":"https:\/\/www.organisator.ch\/fr\/wp-json\/wp\/v2\/posts\/5279","targetHints":{"allow":["GET"]}}],"collection":[{"href":"https:\/\/www.organisator.ch\/fr\/wp-json\/wp\/v2\/posts"}],"about":[{"href":"https:\/\/www.organisator.ch\/fr\/wp-json\/wp\/v2\/types\/post"}],"author":[{"embeddable":true,"href":"https:\/\/www.organisator.ch\/fr\/wp-json\/wp\/v2\/users\/4"}],"replies":[{"embeddable":true,"href":"https:\/\/www.organisator.ch\/fr\/wp-json\/wp\/v2\/comments?post=5279"}],"version-history":[{"count":0,"href":"https:\/\/www.organisator.ch\/fr\/wp-json\/wp\/v2\/posts\/5279\/revisions"}],"wp:featuredmedia":[{"embeddable":true,"href":"https:\/\/www.organisator.ch\/fr\/wp-json\/wp\/v2\/media\/5280"}],"wp:attachment":[{"href":"https:\/\/www.organisator.ch\/fr\/wp-json\/wp\/v2\/media?parent=5279"}],"wp:term":[{"taxonomy":"category","embeddable":true,"href":"https:\/\/www.organisator.ch\/fr\/wp-json\/wp\/v2\/categories?post=5279"},{"taxonomy":"post_tag","embeddable":true,"href":"https:\/\/www.organisator.ch\/fr\/wp-json\/wp\/v2\/tags?post=5279"}],"curies":[{"name":"wp","href":"https:\/\/api.w.org\/{rel}","templated":true}]}}