{"id":5285,"date":"2019-05-22T08:08:28","date_gmt":"2019-05-22T06:08:28","guid":{"rendered":"https:\/\/www.organisator.ch\/?p=5285"},"modified":"2019-05-22T08:08:28","modified_gmt":"2019-05-22T06:08:28","slug":"ffhs-und-fernuni-schweiz-bauen-hochschulcampus-in-brig","status":"publish","type":"post","link":"https:\/\/www.organisator.ch\/fr\/allgemein\/2019-05-22\/ffhs-und-fernuni-schweiz-bauen-hochschulcampus-in-brig\/","title":{"rendered":"La FFHS et la FernUni Schweiz construisent un campus universitaire \u00e0 Brigue"},"content":{"rendered":"<figure id=\"attachment_5286\" aria-describedby=\"caption-attachment-5286\" style=\"width: 680px\" class=\"wp-caption alignnone\"><img loading=\"lazy\" decoding=\"async\" class=\"size-medium wp-image-5286\" src=\"https:\/\/www.organisator.ch\/wp-content\/uploads\/2019\/05\/FFHS-und-FernUni-Schweiz-bauen-Hochschulcampus-in-Brig_Organisator.jpg\" alt=\"\" width=\"680\" height=\"441\" srcset=\"https:\/\/www.organisator.ch\/wp-content\/uploads\/2019\/05\/FFHS-und-FernUni-Schweiz-bauen-Hochschulcampus-in-Brig_Organisator.jpg 680w, https:\/\/www.organisator.ch\/wp-content\/uploads\/2019\/05\/FFHS-und-FernUni-Schweiz-bauen-Hochschulcampus-in-Brig_Organisator-16x10.jpg 16w, https:\/\/www.organisator.ch\/wp-content\/uploads\/2019\/05\/FFHS-und-FernUni-Schweiz-bauen-Hochschulcampus-in-Brig_Organisator-270x175.jpg 270w, https:\/\/www.organisator.ch\/wp-content\/uploads\/2019\/05\/FFHS-und-FernUni-Schweiz-bauen-Hochschulcampus-in-Brig_Organisator-540x350.jpg 540w, https:\/\/www.organisator.ch\/wp-content\/uploads\/2019\/05\/FFHS-und-FernUni-Schweiz-bauen-Hochschulcampus-in-Brig_Organisator-300x195.jpg 300w\" sizes=\"auto, (max-width: 680px) 100vw, 680px\" \/><figcaption id=\"caption-attachment-5286\" class=\"wp-caption-text\">D\u00e9voilement de la premi\u00e8re pierre du nouveau campus universitaire : d.g.\u00e0.d. l'architecte Markus Schietsch, le pr\u00e9sident de la FFHS Hans Widmer, le conseiller d'Etat Christophe Darbellay, le maire Louis Ursprung, le pr\u00e9sident de la FernUni Wilhelm Schnyder et Bruno Attinger (Image : FernUni Schweiz \/ FFHS)<\/figcaption><\/figure>\n<p>Les travaux de construction du nouveau campus universitaire de Brigue ont commenc\u00e9. Le 21 mai, la premi\u00e8re pierre a \u00e9t\u00e9 pos\u00e9e lors d'un acte festif en pr\u00e9sence du conseiller d'\u00c9tat Christophe Darbellay, du maire de Brigue Louis Ursprung, de l'architecte Markus Schietsch, des repr\u00e9sentants de la FernUni Schweiz et de la FFHS et de nombreux invit\u00e9s.<\/p>\n<h2>La c\u00e9r\u00e9monie de la pose de la premi\u00e8re pierre<\/h2>\n<p>La c\u00e9r\u00e9monie officielle s'est d\u00e9roul\u00e9e dans le garage de la poste, juste \u00e0 c\u00f4t\u00e9 du site de construction. Les invit\u00e9s ont suivi les explications de l'architecte Markus Schietsch et le d\u00e9voilement de la premi\u00e8re pierre via des \"liaisons en direct\" directement sur le chantier. Pour le maire de Brigue Louis Ursprung, une chose est s\u00fbre : \"Le campus universitaire renforce \u00e9norm\u00e9ment le site de formation de Brigue et porte le nom de Brigue dans toute la Suisse\". Dans son message de bienvenue du gouvernement valaisan, le conseiller d'\u00c9tat Christoph Darbellay a salu\u00e9 l'importance des deux institutions FFHS et FernUni Schweiz. Enfin, les deux pr\u00e9sidents, Wilhelm Schnyder et Hans Widmer, se sont montr\u00e9s convaincus que le nouveau campus universitaire \u00e9tait le symbole d'un avenir couronn\u00e9 de succ\u00e8s.<\/p>\n<h2>Du concours d'architecture \u00e0 la pose de la premi\u00e8re pierre<\/h2>\n<p>Le projet de construction fait suite \u00e0 un concours d'architecture organis\u00e9 au printemps 2016, qui a \u00e9t\u00e9 remport\u00e9 par l'\u00e9quipe de Markus Schietsch Architekten de Zurich. Leur projet \"Kuma\" (qui signifie ours en japonais - un \u00eatre fort et s\u00fbr de lui) a convaincu le jury par ses solutions originales, tant sur le plan architectural que sur celui de l'exploitation et de l'\u00e9conomie. Lors des travaux de planification qui ont suivi, quelques modifications ont encore \u00e9t\u00e9 apport\u00e9es, notamment en accordant plus de place \u00e0 la recherche pour les laboratoires dans le nouveau b\u00e2timent. Finalement, la demande de permis de construire a pu \u00eatre d\u00e9pos\u00e9e en octobre 2018.<\/p>\n<h2>Le b\u00e2timent<\/h2>\n<p>Le projet situ\u00e9 \u00e0 la Schinerstrasse dans le quartier de Rhonesand comprend six \u00e9tages ainsi qu'un sous-sol, y compris un parking. Deux \u00e9tages communs sont pr\u00e9vus pour l'utilisation publique (caf\u00e9t\u00e9ria, salles de conf\u00e9rence et de formation) et deux \u00e9tages abritent respectivement les postes de travail de la FFHS et de la FernUni Schweiz. La forme marquante du b\u00e2timent solitaire et la fa\u00e7ade en verre profil\u00e9e en filigrane doivent conf\u00e9rer une identit\u00e9 au caract\u00e8re public de l'\u00e9tablissement d'enseignement sup\u00e9rieur. D'un point de vue urbanistique, le nouveau b\u00e2timent s'int\u00e8gre \u00e9galement bien dans la typologie du quartier. Le b\u00e2timent est plac\u00e9 sur la parcelle de mani\u00e8re \u00e0 \u00eatre entour\u00e9 de tous c\u00f4t\u00e9s par un espace ext\u00e9rieur con\u00e7u comme un jardin. Le campus universitaire devrait \u00eatre achev\u00e9 en avril 2021 et occup\u00e9 en mai 2021.<\/p>\n<h2>Faits et chiffres sur le projet de construction :<\/h2>\n<ul type=\"disc\">\n<li>Architecture : Markus Schietsch Architekten, Zurich<\/li>\n<li>Direction des travaux : amoba baumanagement, Brigue<\/li>\n<li>Nombre de postes de travail : actuellement pr\u00e9vu 165 PA, laboratoires non compris<\/li>\n<li>Surface de plancher hors sol : 4'488m2<\/li>\n<li>Surface de plancher en sous-sol : 2'234 m2<\/li>\n<li>Total : 6 812 m2<\/li>\n<li>Volume total du b\u00e2timent : 27'741 m3<\/li>\n<li>D\u00e9but des travaux : mai 2019<\/li>\n<li>Fin des travaux pr\u00e9vue : avril 2021<\/li>\n<li>Emm\u00e9nagement pr\u00e9vu : mai 2021<\/li>\n<li>Co\u00fbts : 29'158'000 CHF dont 1'670'000 CHF pour les laboratoires<\/li>\n<\/ul>\n<p><em>informations :\u00a0<a href=\"http:\/\/www.fernuni.ch\/\">www.fernuni.ch<\/a>,\u00a0<a href=\"http:\/\/www.ffhs.ch\/\">www.ffhs.ch<\/a><\/em><\/p>","protected":false},"excerpt":{"rendered":"<p>Die Bauarbeiten f\u00fcr den neuen Hochschulcampus In Brig haben begonnen. Am 21. Mai konnte in einem festlichen Akt in Anwesenheit von Staatsrat Christophe Darbellay, dem Briger Stadtpr\u00e4sidenten Louis Ursprung, dem Architekten Markus Schietsch, den Vertretern der FernUni Schweiz und der FFHS und vielen geladenen G\u00e4sten der Grundstein f\u00fcr die Bauarbeiten gelegt werden. Die Feier der [&hellip;]<\/p>\n","protected":false},"author":4,"featured_media":5286,"comment_status":"open","ping_status":"open","sticky":false,"template":"","format":"standard","meta":{"_acf_changed":false,"_yoast_wpseo_focuskw":"Hochschulcampus","_yoast_wpseo_metadesc":"Die Fernfachhochschule Schweiz (FFHS) und die FernUni Schweiz bauen in Brig einen Hochschulcampus. Am 21. Mai fand die Grundsteinlegung statt.","articlekey":"","footnotes":""},"categories":[1],"tags":[62,192,508],"class_list":["post-5285","post","type-post","status-publish","format-standard","has-post-thumbnail","hentry","category-allgemein","tag-aus-weiterbildung","tag-fachhochschulen","tag-vermischtes"],"acf":[],"yoast_head":"<!-- This site is optimized with the Yoast SEO plugin v27.5 - https:\/\/yoast.com\/product\/yoast-seo-wordpress\/ -->\n<title>FFHS und FernUni Schweiz bauen Hochschulcampus in Brig - Organisator<\/title>\n<meta name=\"description\" content=\"Die Fernfachhochschule Schweiz (FFHS) und die FernUni Schweiz bauen in Brig einen Hochschulcampus. Am 21. Mai fand die Grundsteinlegung statt.\" \/>\n<meta name=\"robots\" content=\"index, follow, max-snippet:-1, max-image-preview:large, max-video-preview:-1\" \/>\n<link rel=\"canonical\" href=\"https:\/\/www.organisator.ch\/fr\/general\/2019-05-22\/ffhs-und-fernuni-schweiz-bauen-hochschulcampus-in-brig\/\" \/>\n<meta property=\"og:locale\" content=\"fr_FR\" \/>\n<meta property=\"og:type\" content=\"article\" \/>\n<meta property=\"og:title\" content=\"FFHS und FernUni Schweiz bauen Hochschulcampus in Brig\" \/>\n<meta property=\"og:description\" content=\"Die Fernfachhochschule Schweiz (FFHS) und die FernUni Schweiz bauen in Brig einen Hochschulcampus. Am 21. Mai fand die Grundsteinlegung statt.\" \/>\n<meta property=\"og:url\" content=\"https:\/\/www.organisator.ch\/fr\/general\/2019-05-22\/ffhs-und-fernuni-schweiz-bauen-hochschulcampus-in-brig\/\" \/>\n<meta property=\"og:site_name\" content=\"Organisator\" \/>\n<meta property=\"article:publisher\" content=\"https:\/\/www.facebook.com\/OrganisatorFachmagazin\" \/>\n<meta property=\"article:published_time\" content=\"2019-05-22T06:08:28+00:00\" \/>\n<meta property=\"og:image\" content=\"https:\/\/www.organisator.ch\/wp-content\/uploads\/2019\/05\/FFHS-und-FernUni-Schweiz-bauen-Hochschulcampus-in-Brig_Organisator.jpg\" \/>\n\t<meta property=\"og:image:width\" content=\"680\" \/>\n\t<meta property=\"og:image:height\" content=\"441\" \/>\n\t<meta property=\"og:image:type\" content=\"image\/jpeg\" \/>\n<meta name=\"author\" content=\"thomas.berner\" \/>\n<meta name=\"twitter:card\" content=\"summary_large_image\" \/>\n<meta name=\"twitter:title\" content=\"FFHS und FernUni Schweiz bauen #Hochschulcampus in Brig\" \/>\n<meta name=\"twitter:description\" content=\"Die #Fernfachhochschule Schweiz (FFHS) und die #FernUni Schweiz bauen in Brig einen #Hochschulcampus. Am 21. Mai fand die Grundsteinlegung statt.\" \/>\n<meta name=\"twitter:image\" content=\"https:\/\/www.organisator.ch\/wp-content\/uploads\/2019\/05\/FFHS-und-FernUni-Schweiz-bauen-Hochschulcampus-in-Brig_Organisator.jpg\" \/>\n<script type=\"application\/ld+json\" class=\"yoast-schema-graph\">{\"@context\":\"https:\\\/\\\/schema.org\",\"@graph\":[{\"@type\":\"Article\",\"@id\":\"https:\\\/\\\/www.organisator.ch\\\/fr\\\/general\\\/2019-05-22\\\/ffhs-und-fernuni-schweiz-bauen-hochschulcampus-in-brig\\\/#article\",\"isPartOf\":{\"@id\":\"https:\\\/\\\/www.organisator.ch\\\/fr\\\/general\\\/2019-05-22\\\/ffhs-und-fernuni-schweiz-bauen-hochschulcampus-in-brig\\\/\"},\"author\":{\"name\":\"thomas.berner\",\"@id\":\"https:\\\/\\\/www.organisator.ch\\\/#\\\/schema\\\/person\\\/6f650f90b2842cd4c0cc334b4e36f67e\"},\"headline\":\"FFHS und FernUni Schweiz bauen Hochschulcampus in Brig\",\"datePublished\":\"2019-05-22T06:08:28+00:00\",\"mainEntityOfPage\":{\"@id\":\"https:\\\/\\\/www.organisator.ch\\\/fr\\\/general\\\/2019-05-22\\\/ffhs-und-fernuni-schweiz-bauen-hochschulcampus-in-brig\\\/\"},\"wordCount\":482,\"commentCount\":0,\"publisher\":{\"@id\":\"https:\\\/\\\/www.organisator.ch\\\/#organization\"},\"image\":{\"@id\":\"https:\\\/\\\/www.organisator.ch\\\/fr\\\/general\\\/2019-05-22\\\/ffhs-und-fernuni-schweiz-bauen-hochschulcampus-in-brig\\\/#primaryimage\"},\"thumbnailUrl\":\"https:\\\/\\\/www.organisator.ch\\\/wp-content\\\/uploads\\\/2019\\\/05\\\/FFHS-und-FernUni-Schweiz-bauen-Hochschulcampus-in-Brig_Organisator.jpg\",\"keywords\":[\"Aus-\\\/Weiterbildung\",\"Fachhochschulen\",\"Vermischtes\"],\"articleSection\":[\"Allgemein\"],\"inLanguage\":\"fr-FR\"},{\"@type\":\"WebPage\",\"@id\":\"https:\\\/\\\/www.organisator.ch\\\/fr\\\/general\\\/2019-05-22\\\/ffhs-und-fernuni-schweiz-bauen-hochschulcampus-in-brig\\\/\",\"url\":\"https:\\\/\\\/www.organisator.ch\\\/fr\\\/general\\\/2019-05-22\\\/ffhs-und-fernuni-schweiz-bauen-hochschulcampus-in-brig\\\/\",\"name\":\"FFHS und FernUni Schweiz bauen Hochschulcampus in Brig - Organisator\",\"isPartOf\":{\"@id\":\"https:\\\/\\\/www.organisator.ch\\\/#website\"},\"primaryImageOfPage\":{\"@id\":\"https:\\\/\\\/www.organisator.ch\\\/fr\\\/general\\\/2019-05-22\\\/ffhs-und-fernuni-schweiz-bauen-hochschulcampus-in-brig\\\/#primaryimage\"},\"image\":{\"@id\":\"https:\\\/\\\/www.organisator.ch\\\/fr\\\/general\\\/2019-05-22\\\/ffhs-und-fernuni-schweiz-bauen-hochschulcampus-in-brig\\\/#primaryimage\"},\"thumbnailUrl\":\"https:\\\/\\\/www.organisator.ch\\\/wp-content\\\/uploads\\\/2019\\\/05\\\/FFHS-und-FernUni-Schweiz-bauen-Hochschulcampus-in-Brig_Organisator.jpg\",\"datePublished\":\"2019-05-22T06:08:28+00:00\",\"description\":\"Die Fernfachhochschule Schweiz (FFHS) und die FernUni Schweiz bauen in Brig einen Hochschulcampus. Am 21. Mai fand die Grundsteinlegung statt.\",\"breadcrumb\":{\"@id\":\"https:\\\/\\\/www.organisator.ch\\\/fr\\\/general\\\/2019-05-22\\\/ffhs-und-fernuni-schweiz-bauen-hochschulcampus-in-brig\\\/#breadcrumb\"},\"inLanguage\":\"fr-FR\",\"potentialAction\":[{\"@type\":\"ReadAction\",\"target\":[\"https:\\\/\\\/www.organisator.ch\\\/fr\\\/general\\\/2019-05-22\\\/ffhs-und-fernuni-schweiz-bauen-hochschulcampus-in-brig\\\/\"]}]},{\"@type\":\"ImageObject\",\"inLanguage\":\"fr-FR\",\"@id\":\"https:\\\/\\\/www.organisator.ch\\\/fr\\\/general\\\/2019-05-22\\\/ffhs-und-fernuni-schweiz-bauen-hochschulcampus-in-brig\\\/#primaryimage\",\"url\":\"https:\\\/\\\/www.organisator.ch\\\/wp-content\\\/uploads\\\/2019\\\/05\\\/FFHS-und-FernUni-Schweiz-bauen-Hochschulcampus-in-Brig_Organisator.jpg\",\"contentUrl\":\"https:\\\/\\\/www.organisator.ch\\\/wp-content\\\/uploads\\\/2019\\\/05\\\/FFHS-und-FernUni-Schweiz-bauen-Hochschulcampus-in-Brig_Organisator.jpg\",\"width\":680,\"height\":441,\"caption\":\"Enth\u00fcllung des Grundsteins f\u00fcr den neuen Hochschulcampus: v.l. Architekt Markus Schietsch, FFHS-Pr\u00e4sident Hans Widmer, Staatsrat Christophe Darbellay, Stadtpr\u00e4sident Louis Ursprung, FernUni-Pr\u00e4sident Wilhelm Schnyder und Bruno Attinger (Bild: FernUni Schweiz \\\/ FFHS)\"},{\"@type\":\"BreadcrumbList\",\"@id\":\"https:\\\/\\\/www.organisator.ch\\\/fr\\\/general\\\/2019-05-22\\\/ffhs-und-fernuni-schweiz-bauen-hochschulcampus-in-brig\\\/#breadcrumb\",\"itemListElement\":[{\"@type\":\"ListItem\",\"position\":1,\"name\":\"Home\",\"item\":\"https:\\\/\\\/www.organisator.ch\\\/\"},{\"@type\":\"ListItem\",\"position\":2,\"name\":\"FFHS und FernUni Schweiz bauen Hochschulcampus in Brig\"}]},{\"@type\":\"WebSite\",\"@id\":\"https:\\\/\\\/www.organisator.ch\\\/#website\",\"url\":\"https:\\\/\\\/www.organisator.ch\\\/\",\"name\":\"Organisator\",\"description\":\"Kompetent. Praxisnah. Der ORGANISATOR bereitet in 10 Ausgaben pro Jahr die wesentlichen Themen f\u00fcr F\u00fchrungskr\u00e4fte von KMU auf.\",\"publisher\":{\"@id\":\"https:\\\/\\\/www.organisator.ch\\\/#organization\"},\"potentialAction\":[{\"@type\":\"SearchAction\",\"target\":{\"@type\":\"EntryPoint\",\"urlTemplate\":\"https:\\\/\\\/www.organisator.ch\\\/?s={search_term_string}\"},\"query-input\":{\"@type\":\"PropertyValueSpecification\",\"valueRequired\":true,\"valueName\":\"search_term_string\"}}],\"inLanguage\":\"fr-FR\"},{\"@type\":\"Organization\",\"@id\":\"https:\\\/\\\/www.organisator.ch\\\/#organization\",\"name\":\"Organisator\",\"url\":\"https:\\\/\\\/www.organisator.ch\\\/\",\"logo\":{\"@type\":\"ImageObject\",\"inLanguage\":\"fr-FR\",\"@id\":\"https:\\\/\\\/www.organisator.ch\\\/#\\\/schema\\\/logo\\\/image\\\/\",\"url\":\"https:\\\/\\\/www.organisator.ch\\\/wp-content\\\/uploads\\\/2022\\\/01\\\/Logo_Organisator_Website.png\",\"contentUrl\":\"https:\\\/\\\/www.organisator.ch\\\/wp-content\\\/uploads\\\/2022\\\/01\\\/Logo_Organisator_Website.png\",\"width\":800,\"height\":77,\"caption\":\"Organisator\"},\"image\":{\"@id\":\"https:\\\/\\\/www.organisator.ch\\\/#\\\/schema\\\/logo\\\/image\\\/\"},\"sameAs\":[\"https:\\\/\\\/www.facebook.com\\\/OrganisatorFachmagazin\",\"https:\\\/\\\/www.linkedin.com\\\/showcase\\\/organisator-das-magazin-fr-kmu\",\"https:\\\/\\\/www.xing.com\\\/news\\\/pages\\\/organisator-ch-695\",\"https:\\\/\\\/www.youtube.com\\\/channel\\\/UCGP2Sq0iWaZwT3BdIAQFYpw\"]},{\"@type\":\"Person\",\"@id\":\"https:\\\/\\\/www.organisator.ch\\\/#\\\/schema\\\/person\\\/6f650f90b2842cd4c0cc334b4e36f67e\",\"name\":\"thomas.berner\",\"image\":{\"@type\":\"ImageObject\",\"inLanguage\":\"fr-FR\",\"@id\":\"https:\\\/\\\/secure.gravatar.com\\\/avatar\\\/ac5001d2a36cb6c6cd3e50789007ffca834b477b74a2144564522e944eabff61?s=96&d=mm&r=g\",\"url\":\"https:\\\/\\\/secure.gravatar.com\\\/avatar\\\/ac5001d2a36cb6c6cd3e50789007ffca834b477b74a2144564522e944eabff61?s=96&d=mm&r=g\",\"contentUrl\":\"https:\\\/\\\/secure.gravatar.com\\\/avatar\\\/ac5001d2a36cb6c6cd3e50789007ffca834b477b74a2144564522e944eabff61?s=96&d=mm&r=g\",\"caption\":\"thomas.berner\"},\"url\":\"https:\\\/\\\/www.organisator.ch\\\/fr\\\/author\\\/thomas-berner\\\/\"}]}<\/script>\n<!-- \/ Yoast SEO plugin. -->","yoast_head_json":{"title":"La FFHS et la FernUni Schweiz construisent un campus universitaire \u00e0 Brigue - Organisateur","description":"La Haute \u00e9cole sp\u00e9cialis\u00e9e \u00e0 distance Suisse (FFHS) et la FernUni Schweiz construisent un campus universitaire \u00e0 Brigue. La pose de la premi\u00e8re pierre a eu lieu le 21 mai.","robots":{"index":"index","follow":"follow","max-snippet":"max-snippet:-1","max-image-preview":"max-image-preview:large","max-video-preview":"max-video-preview:-1"},"canonical":"https:\/\/www.organisator.ch\/fr\/general\/2019-05-22\/ffhs-und-fernuni-schweiz-bauen-hochschulcampus-in-brig\/","og_locale":"fr_FR","og_type":"article","og_title":"FFHS und FernUni Schweiz bauen Hochschulcampus in Brig","og_description":"Die Fernfachhochschule Schweiz (FFHS) und die FernUni Schweiz bauen in Brig einen Hochschulcampus. Am 21. Mai fand die Grundsteinlegung statt.","og_url":"https:\/\/www.organisator.ch\/fr\/general\/2019-05-22\/ffhs-und-fernuni-schweiz-bauen-hochschulcampus-in-brig\/","og_site_name":"Organisator","article_publisher":"https:\/\/www.facebook.com\/OrganisatorFachmagazin","article_published_time":"2019-05-22T06:08:28+00:00","og_image":[{"width":680,"height":441,"url":"https:\/\/www.organisator.ch\/wp-content\/uploads\/2019\/05\/FFHS-und-FernUni-Schweiz-bauen-Hochschulcampus-in-Brig_Organisator.jpg","type":"image\/jpeg"}],"author":"thomas.berner","twitter_card":"summary_large_image","twitter_title":"FFHS und FernUni Schweiz bauen #Hochschulcampus in Brig","twitter_description":"Die #Fernfachhochschule Schweiz (FFHS) und die #FernUni Schweiz bauen in Brig einen #Hochschulcampus. Am 21. Mai fand die Grundsteinlegung statt.","twitter_image":"https:\/\/www.organisator.ch\/wp-content\/uploads\/2019\/05\/FFHS-und-FernUni-Schweiz-bauen-Hochschulcampus-in-Brig_Organisator.jpg","schema":{"@context":"https:\/\/schema.org","@graph":[{"@type":"Article","@id":"https:\/\/www.organisator.ch\/fr\/general\/2019-05-22\/ffhs-und-fernuni-schweiz-bauen-hochschulcampus-in-brig\/#article","isPartOf":{"@id":"https:\/\/www.organisator.ch\/fr\/general\/2019-05-22\/ffhs-und-fernuni-schweiz-bauen-hochschulcampus-in-brig\/"},"author":{"name":"thomas.berner","@id":"https:\/\/www.organisator.ch\/#\/schema\/person\/6f650f90b2842cd4c0cc334b4e36f67e"},"headline":"FFHS und FernUni Schweiz bauen Hochschulcampus in Brig","datePublished":"2019-05-22T06:08:28+00:00","mainEntityOfPage":{"@id":"https:\/\/www.organisator.ch\/fr\/general\/2019-05-22\/ffhs-und-fernuni-schweiz-bauen-hochschulcampus-in-brig\/"},"wordCount":482,"commentCount":0,"publisher":{"@id":"https:\/\/www.organisator.ch\/#organization"},"image":{"@id":"https:\/\/www.organisator.ch\/fr\/general\/2019-05-22\/ffhs-und-fernuni-schweiz-bauen-hochschulcampus-in-brig\/#primaryimage"},"thumbnailUrl":"https:\/\/www.organisator.ch\/wp-content\/uploads\/2019\/05\/FFHS-und-FernUni-Schweiz-bauen-Hochschulcampus-in-Brig_Organisator.jpg","keywords":["Aus-\/Weiterbildung","Fachhochschulen","Vermischtes"],"articleSection":["Allgemein"],"inLanguage":"fr-FR"},{"@type":"WebPage","@id":"https:\/\/www.organisator.ch\/fr\/general\/2019-05-22\/ffhs-und-fernuni-schweiz-bauen-hochschulcampus-in-brig\/","url":"https:\/\/www.organisator.ch\/fr\/general\/2019-05-22\/ffhs-und-fernuni-schweiz-bauen-hochschulcampus-in-brig\/","name":"La FFHS et la FernUni Schweiz construisent un campus universitaire \u00e0 Brigue - Organisateur","isPartOf":{"@id":"https:\/\/www.organisator.ch\/#website"},"primaryImageOfPage":{"@id":"https:\/\/www.organisator.ch\/fr\/general\/2019-05-22\/ffhs-und-fernuni-schweiz-bauen-hochschulcampus-in-brig\/#primaryimage"},"image":{"@id":"https:\/\/www.organisator.ch\/fr\/general\/2019-05-22\/ffhs-und-fernuni-schweiz-bauen-hochschulcampus-in-brig\/#primaryimage"},"thumbnailUrl":"https:\/\/www.organisator.ch\/wp-content\/uploads\/2019\/05\/FFHS-und-FernUni-Schweiz-bauen-Hochschulcampus-in-Brig_Organisator.jpg","datePublished":"2019-05-22T06:08:28+00:00","description":"La Haute \u00e9cole sp\u00e9cialis\u00e9e \u00e0 distance Suisse (FFHS) et la FernUni Schweiz construisent un campus universitaire \u00e0 Brigue. La pose de la premi\u00e8re pierre a eu lieu le 21 mai.","breadcrumb":{"@id":"https:\/\/www.organisator.ch\/fr\/general\/2019-05-22\/ffhs-und-fernuni-schweiz-bauen-hochschulcampus-in-brig\/#breadcrumb"},"inLanguage":"fr-FR","potentialAction":[{"@type":"ReadAction","target":["https:\/\/www.organisator.ch\/fr\/general\/2019-05-22\/ffhs-und-fernuni-schweiz-bauen-hochschulcampus-in-brig\/"]}]},{"@type":"ImageObject","inLanguage":"fr-FR","@id":"https:\/\/www.organisator.ch\/fr\/general\/2019-05-22\/ffhs-und-fernuni-schweiz-bauen-hochschulcampus-in-brig\/#primaryimage","url":"https:\/\/www.organisator.ch\/wp-content\/uploads\/2019\/05\/FFHS-und-FernUni-Schweiz-bauen-Hochschulcampus-in-Brig_Organisator.jpg","contentUrl":"https:\/\/www.organisator.ch\/wp-content\/uploads\/2019\/05\/FFHS-und-FernUni-Schweiz-bauen-Hochschulcampus-in-Brig_Organisator.jpg","width":680,"height":441,"caption":"Enth\u00fcllung des Grundsteins f\u00fcr den neuen Hochschulcampus: v.l. Architekt Markus Schietsch, FFHS-Pr\u00e4sident Hans Widmer, Staatsrat Christophe Darbellay, Stadtpr\u00e4sident Louis Ursprung, FernUni-Pr\u00e4sident Wilhelm Schnyder und Bruno Attinger (Bild: FernUni Schweiz \/ FFHS)"},{"@type":"BreadcrumbList","@id":"https:\/\/www.organisator.ch\/fr\/general\/2019-05-22\/ffhs-und-fernuni-schweiz-bauen-hochschulcampus-in-brig\/#breadcrumb","itemListElement":[{"@type":"ListItem","position":1,"name":"Home","item":"https:\/\/www.organisator.ch\/"},{"@type":"ListItem","position":2,"name":"FFHS und FernUni Schweiz bauen Hochschulcampus in Brig"}]},{"@type":"WebSite","@id":"https:\/\/www.organisator.ch\/#website","url":"https:\/\/www.organisator.ch\/","name":"Organisateur","description":"Comp\u00e9tence et comp\u00e9tence. Proches de la pratique. L'ORGANISATEUR pr\u00e9pare 10 num\u00e9ros par an sur les th\u00e8mes essentiels pour les dirigeants de PME.","publisher":{"@id":"https:\/\/www.organisator.ch\/#organization"},"potentialAction":[{"@type":"SearchAction","target":{"@type":"EntryPoint","urlTemplate":"https:\/\/www.organisator.ch\/?s={search_term_string}"},"query-input":{"@type":"PropertyValueSpecification","valueRequired":true,"valueName":"search_term_string"}}],"inLanguage":"fr-FR"},{"@type":"Organization","@id":"https:\/\/www.organisator.ch\/#organization","name":"Organisateur","url":"https:\/\/www.organisator.ch\/","logo":{"@type":"ImageObject","inLanguage":"fr-FR","@id":"https:\/\/www.organisator.ch\/#\/schema\/logo\/image\/","url":"https:\/\/www.organisator.ch\/wp-content\/uploads\/2022\/01\/Logo_Organisator_Website.png","contentUrl":"https:\/\/www.organisator.ch\/wp-content\/uploads\/2022\/01\/Logo_Organisator_Website.png","width":800,"height":77,"caption":"Organisator"},"image":{"@id":"https:\/\/www.organisator.ch\/#\/schema\/logo\/image\/"},"sameAs":["https:\/\/www.facebook.com\/OrganisatorFachmagazin","https:\/\/www.linkedin.com\/showcase\/organisator-das-magazin-fr-kmu","https:\/\/www.xing.com\/news\/pages\/organisator-ch-695","https:\/\/www.youtube.com\/channel\/UCGP2Sq0iWaZwT3BdIAQFYpw"]},{"@type":"Person","@id":"https:\/\/www.organisator.ch\/#\/schema\/person\/6f650f90b2842cd4c0cc334b4e36f67e","name":"thomas.berner","image":{"@type":"ImageObject","inLanguage":"fr-FR","@id":"https:\/\/secure.gravatar.com\/avatar\/ac5001d2a36cb6c6cd3e50789007ffca834b477b74a2144564522e944eabff61?s=96&d=mm&r=g","url":"https:\/\/secure.gravatar.com\/avatar\/ac5001d2a36cb6c6cd3e50789007ffca834b477b74a2144564522e944eabff61?s=96&d=mm&r=g","contentUrl":"https:\/\/secure.gravatar.com\/avatar\/ac5001d2a36cb6c6cd3e50789007ffca834b477b74a2144564522e944eabff61?s=96&d=mm&r=g","caption":"thomas.berner"},"url":"https:\/\/www.organisator.ch\/fr\/author\/thomas-berner\/"}]}},"_links":{"self":[{"href":"https:\/\/www.organisator.ch\/fr\/wp-json\/wp\/v2\/posts\/5285","targetHints":{"allow":["GET"]}}],"collection":[{"href":"https:\/\/www.organisator.ch\/fr\/wp-json\/wp\/v2\/posts"}],"about":[{"href":"https:\/\/www.organisator.ch\/fr\/wp-json\/wp\/v2\/types\/post"}],"author":[{"embeddable":true,"href":"https:\/\/www.organisator.ch\/fr\/wp-json\/wp\/v2\/users\/4"}],"replies":[{"embeddable":true,"href":"https:\/\/www.organisator.ch\/fr\/wp-json\/wp\/v2\/comments?post=5285"}],"version-history":[{"count":0,"href":"https:\/\/www.organisator.ch\/fr\/wp-json\/wp\/v2\/posts\/5285\/revisions"}],"wp:featuredmedia":[{"embeddable":true,"href":"https:\/\/www.organisator.ch\/fr\/wp-json\/wp\/v2\/media\/5286"}],"wp:attachment":[{"href":"https:\/\/www.organisator.ch\/fr\/wp-json\/wp\/v2\/media?parent=5285"}],"wp:term":[{"taxonomy":"category","embeddable":true,"href":"https:\/\/www.organisator.ch\/fr\/wp-json\/wp\/v2\/categories?post=5285"},{"taxonomy":"post_tag","embeddable":true,"href":"https:\/\/www.organisator.ch\/fr\/wp-json\/wp\/v2\/tags?post=5285"}],"curies":[{"name":"wp","href":"https:\/\/api.w.org\/{rel}","templated":true}]}}