{"id":5295,"date":"2019-05-24T14:40:03","date_gmt":"2019-05-24T12:40:03","guid":{"rendered":"https:\/\/www.organisator.ch\/?p=5295"},"modified":"2019-05-24T14:40:03","modified_gmt":"2019-05-24T12:40:03","slug":"normierung-verbindet-die-welt-jubilaeumsanlass-des-snv","status":"publish","type":"post","link":"https:\/\/www.organisator.ch\/fr\/allgemein\/2019-05-24\/normierung-verbindet-die-welt-jubilaeumsanlass-des-snv\/","title":{"rendered":"\"La normalisation relie le monde\" : \u00e9v\u00e9nement anniversaire de la SNV"},"content":{"rendered":"<figure id=\"attachment_5296\" aria-describedby=\"caption-attachment-5296\" style=\"width: 680px\" class=\"wp-caption alignnone\"><img loading=\"lazy\" decoding=\"async\" class=\"size-medium wp-image-5296\" src=\"https:\/\/www.organisator.ch\/wp-content\/uploads\/2019\/05\/Normierung-verbindet-die-Welt-Jubilaeumsanlass-des-SNV-1_MQ.jpg\" alt=\"\" width=\"680\" height=\"453\" srcset=\"https:\/\/www.organisator.ch\/wp-content\/uploads\/2019\/05\/Normierung-verbindet-die-Welt-Jubilaeumsanlass-des-SNV-1_MQ.jpg 680w, https:\/\/www.organisator.ch\/wp-content\/uploads\/2019\/05\/Normierung-verbindet-die-Welt-Jubilaeumsanlass-des-SNV-1_MQ-16x12.jpg 16w, https:\/\/www.organisator.ch\/wp-content\/uploads\/2019\/05\/Normierung-verbindet-die-Welt-Jubilaeumsanlass-des-SNV-1_MQ-263x175.jpg 263w, https:\/\/www.organisator.ch\/wp-content\/uploads\/2019\/05\/Normierung-verbindet-die-Welt-Jubilaeumsanlass-des-SNV-1_MQ-525x350.jpg 525w, https:\/\/www.organisator.ch\/wp-content\/uploads\/2019\/05\/Normierung-verbindet-die-Welt-Jubilaeumsanlass-des-SNV-1_MQ-300x200.jpg 300w\" sizes=\"auto, (max-width: 680px) 100vw, 680px\" \/><figcaption id=\"caption-attachment-5296\" class=\"wp-caption-text\">Manifestation du jubil\u00e9 de la SNV : 100 ans sous le signe de la normalisation. Le spectacle de l'artiste de la lumi\u00e8re Alex Dowis a \u00e9merveill\u00e9 le public. (Photo : SNV)<\/figcaption><\/figure>\n<p>Le lieu de la manifestation, la Trafohalle \u00e0 Baden, n'a pas \u00e9t\u00e9 choisi au hasard. En 1919, des transformateurs y \u00e9taient fabriqu\u00e9s par l'ancienne BBC (aujourd'hui ABB). Et c'est la BBC qui a fond\u00e9 le 2 juillet 1919, avec d'autres v\u00e9n\u00e9rables entreprises industrielles suisses comme Sulzer ou Escher-Wyss, la \"Commission suisse de normalisation\". Le but : cr\u00e9er des normes valables partout dans l'industrie.<\/p>\n<figure id=\"attachment_5297\" aria-describedby=\"caption-attachment-5297\" style=\"width: 680px\" class=\"wp-caption alignnone\"><img loading=\"lazy\" decoding=\"async\" class=\"size-medium wp-image-5297\" src=\"https:\/\/www.organisator.ch\/wp-content\/uploads\/2019\/05\/Normierung-verbindet-die-Welt-Jubilaeumsanlass-des-SNV-2_MQ.jpg\" alt=\"\" width=\"680\" height=\"375\" srcset=\"https:\/\/www.organisator.ch\/wp-content\/uploads\/2019\/05\/Normierung-verbindet-die-Welt-Jubilaeumsanlass-des-SNV-2_MQ.jpg 680w, https:\/\/www.organisator.ch\/wp-content\/uploads\/2019\/05\/Normierung-verbindet-die-Welt-Jubilaeumsanlass-des-SNV-2_MQ-16x9.jpg 16w, https:\/\/www.organisator.ch\/wp-content\/uploads\/2019\/05\/Normierung-verbindet-die-Welt-Jubilaeumsanlass-des-SNV-2_MQ-317x175.jpg 317w, https:\/\/www.organisator.ch\/wp-content\/uploads\/2019\/05\/Normierung-verbindet-die-Welt-Jubilaeumsanlass-des-SNV-2_MQ-635x350.jpg 635w, https:\/\/www.organisator.ch\/wp-content\/uploads\/2019\/05\/Normierung-verbindet-die-Welt-Jubilaeumsanlass-des-SNV-2_MQ-300x165.jpg 300w\" sizes=\"auto, (max-width: 680px) 100vw, 680px\" \/><figcaption id=\"caption-attachment-5297\" class=\"wp-caption-text\">J\u00fcrg Werner, pr\u00e9sident de la SNV, lors de son discours d'ouverture. (Photo : Thomas Berner)<\/figcaption><\/figure>\n<p>Pour beaucoup, les normes peuvent \u00eatre un sujet aride et bureaucratique. Stefan Ramseier, chef du centre de recherche ABB \u00e0 Baden-D\u00e4ttwil, a soulign\u00e9 dans son allocution de bienvenue la n\u00e9cessit\u00e9 de communiquer lorsqu'il s'agit de mettre en \u0153uvre des normes indispensables qui ont toutes pour but de nous faciliter la vie. Environ 26000 normes sont actuellement en vigueur, dont 1000 sont des normes purement suisses.<\/p>\n<h2>La norme 5G pour une mise en r\u00e9seau plus pouss\u00e9e<\/h2>\n<p>Le fait que les normes ne sont pas des syst\u00e8mes fig\u00e9s, mais qu'elles sont soumises \u00e0 une \u00e9volution constante, a \u00e9t\u00e9 d\u00e9montr\u00e9 lors de la manifestation d'anniversaire de la SNV par quatre \"sessions d'inspiration\" - chacune dans une salle diff\u00e9rente. Le public a donc d\u00fb se d\u00e9placer - comme le fait le d\u00e9veloppement industriel. L'un des moteurs de l'\u00e9volution technologique - et l'un de ses r\u00e9sultats - est par exemple la norme de t\u00e9l\u00e9phonie mobile 5G, expliqu\u00e9e par Matthias Jungen de Swisscom. La 5G constitue non seulement la condition technologique pr\u00e9alable \u00e0 l'Internet des objets, c'est-\u00e0-dire \u00e0 la communication de machine \u00e0 machine, mais ouvre \u00e9galement de nouvelles possibilit\u00e9s plus flexibles de transmission de donn\u00e9es, par exemple gr\u00e2ce au \"Network Slicing\", qui permet de r\u00e9server certaines zones du r\u00e9seau \u00e0 des fins sp\u00e9cifiques.<\/p>\n<h2>Pas de \"th\u00e9\u00e2tre de l'innovation<\/h2>\n<p>On parle aussi beaucoup d'innovation dans le contexte de la num\u00e9risation. Jean-Philippe Hagmann a d\u00e9masqu\u00e9 beaucoup de choses comme \u00e9tant du pur \"th\u00e9\u00e2tre de l'innovation\", m\u00eame si c'est souvent involontaire. Beaucoup de ces \"Innovation Labs\" ou \"Digital Hubs\" ne sont que \"des coulisses\", selon Hagmann, qui a \u00e9galement \u00e9crit un livre \u00e0 ce sujet. Il constate un besoin de rattrapage dans de nombreuses entreprises en mati\u00e8re de capacit\u00e9 d'innovation. Au lieu d'avoir des \"id\u00e9es\", il faudrait plut\u00f4t faire des \"d\u00e9couvertes\". Il faut une meilleure compr\u00e9hension du processus d'innovation : \"Faire le bon '\u00e7a' avant de faire le bon '\u00e7a'\", explique l'orateur. Il est \u00e9galement important de clarifier qui doit jouer quel r\u00f4le dans ce \"th\u00e9\u00e2tre de l'innovation\". Hagmann consid\u00e8re comme d\u00e9cisif le \"constructeur de ponts\", c'est-\u00e0-dire le r\u00f4le qui veille \u00e0 ce que les avant-gardistes et les facilitateurs puissent se comprendre correctement au sein d'une organisation.<\/p>\n<figure id=\"attachment_5298\" aria-describedby=\"caption-attachment-5298\" style=\"width: 680px\" class=\"wp-caption alignnone\"><img loading=\"lazy\" decoding=\"async\" class=\"size-medium wp-image-5298\" src=\"https:\/\/www.organisator.ch\/wp-content\/uploads\/2019\/05\/Normierung-verbindet-die-Welt-Jubilaeumsanlass-des-SNV-3_MQ.jpg\" alt=\"\" width=\"680\" height=\"452\" srcset=\"https:\/\/www.organisator.ch\/wp-content\/uploads\/2019\/05\/Normierung-verbindet-die-Welt-Jubilaeumsanlass-des-SNV-3_MQ.jpg 680w, https:\/\/www.organisator.ch\/wp-content\/uploads\/2019\/05\/Normierung-verbindet-die-Welt-Jubilaeumsanlass-des-SNV-3_MQ-16x12.jpg 16w, https:\/\/www.organisator.ch\/wp-content\/uploads\/2019\/05\/Normierung-verbindet-die-Welt-Jubilaeumsanlass-des-SNV-3_MQ-263x175.jpg 263w, https:\/\/www.organisator.ch\/wp-content\/uploads\/2019\/05\/Normierung-verbindet-die-Welt-Jubilaeumsanlass-des-SNV-3_MQ-527x350.jpg 527w, https:\/\/www.organisator.ch\/wp-content\/uploads\/2019\/05\/Normierung-verbindet-die-Welt-Jubilaeumsanlass-des-SNV-3_MQ-300x199.jpg 300w\" sizes=\"auto, (max-width: 680px) 100vw, 680px\" \/><figcaption id=\"caption-attachment-5298\" class=\"wp-caption-text\">L'auteur du livre et keynote speaker Jean-Philippe Hagmann a attir\u00e9 l'attention du public sur les pi\u00e8ges \u00e0 \u00e9viter dans les processus d'innovation. (Photo : Thomas Berner)<\/figcaption><\/figure>\n<h2>De drones et de robots<\/h2>\n<p>Dans le grand hall, il \u00e9tait ensuite question d'une innovation qui s'est en partie \u00e9tablie depuis longtemps : Les drones. Ceux-ci sont d\u00e9j\u00e0 utilis\u00e9s de diverses mani\u00e8res : Comme moyen de transport, comme instrument de surveillance - partout o\u00f9 des besoins doivent \u00eatre couverts par les airs \u00e0 moindres frais. Mais il y a aussi des risques : Avec les drones, de nouveaux risques sont apparus, comme le montre Dominique C. Brack a expliqu\u00e9 de mani\u00e8re impressionnante dans sa pr\u00e9sentation. L'espionnage, voire la paralysie d'a\u00e9roports entiers, comme cela s'est produit r\u00e9cemment \u00e0 Londres Gatwick, sont des sc\u00e9narios d'utilisation de drones non souhait\u00e9s. Les mesures de d\u00e9fense sont encore peu d\u00e9velopp\u00e9es, comme l'a montr\u00e9 Dominique C. Brack a d\u00e9montr\u00e9 \u00e0 l'aide d'un \"exercice de tir\" que deux participants n'ont pas r\u00e9ussi \u00e0 abattre un drone-jouet avec des fusils-jouets, malgr\u00e9 une bonne pr\u00e9cision de vis\u00e9e...<\/p>\n<figure id=\"attachment_5299\" aria-describedby=\"caption-attachment-5299\" style=\"width: 680px\" class=\"wp-caption alignnone\"><img loading=\"lazy\" decoding=\"async\" class=\"size-medium wp-image-5299\" src=\"https:\/\/www.organisator.ch\/wp-content\/uploads\/2019\/05\/Normierung-verbindet-die-Welt-Jubilaeumsanlass-des-SNV-4_MQ.jpg\" alt=\"\" width=\"680\" height=\"452\" srcset=\"https:\/\/www.organisator.ch\/wp-content\/uploads\/2019\/05\/Normierung-verbindet-die-Welt-Jubilaeumsanlass-des-SNV-4_MQ.jpg 680w, https:\/\/www.organisator.ch\/wp-content\/uploads\/2019\/05\/Normierung-verbindet-die-Welt-Jubilaeumsanlass-des-SNV-4_MQ-16x12.jpg 16w, https:\/\/www.organisator.ch\/wp-content\/uploads\/2019\/05\/Normierung-verbindet-die-Welt-Jubilaeumsanlass-des-SNV-4_MQ-263x175.jpg 263w, https:\/\/www.organisator.ch\/wp-content\/uploads\/2019\/05\/Normierung-verbindet-die-Welt-Jubilaeumsanlass-des-SNV-4_MQ-527x350.jpg 527w, https:\/\/www.organisator.ch\/wp-content\/uploads\/2019\/05\/Normierung-verbindet-die-Welt-Jubilaeumsanlass-des-SNV-4_MQ-300x199.jpg 300w\" sizes=\"auto, (max-width: 680px) 100vw, 680px\" \/><figcaption id=\"caption-attachment-5299\" class=\"wp-caption-text\">Un th\u00e8me \u00e9galement abord\u00e9 lors de la manifestation d'anniversaire de la SNV : la robotique. (Photo : Thomas Berner)<\/figcaption><\/figure>\n<p>La robotique et l'\u00e9lectromobilit\u00e9 \u00e9taient les th\u00e8mes de la derni\u00e8re \"Inspiration Session\". Andreas Hufschmid et Adrian Wachholz ont montr\u00e9 comment ABB propose d\u00e9j\u00e0 des technologies dans ces deux domaines, qui sont utilis\u00e9es dans l'industrie et les transports. L'objectif est toujours de pr\u00e9server les ressources, qu'elles soient humaines ou naturelles.<\/p>\n<p>Apr\u00e8s tant d'\"inspiration\", l'\u00e9v\u00e9nement anniversaire de la SNV s'est termin\u00e9 par un impressionnant spectacle de lightpainting de l'artiste lumi\u00e8re Alex Dowis de Prague et par un \"food festival\".<\/p>\n<p><em>Plus d'informations : <a href=\"http:\/\/www.snv.ch\">www.snv.ch<\/a><\/em><\/p>","protected":false},"excerpt":{"rendered":"<p>Der Veranstaltungsort in der Trafohalle in Baden war nicht zuf\u00e4llig gew\u00e4hlt. 1919 wurden dort von der damaligen BBC (heute ABB) Transformatoren hergestellt. Und die BBC war es auch, die am 2. Juli 1919 zusammen mit anderen altehrw\u00fcrdigen Schweizer Industrieunternehmen wie Sulzer oder Escher-Wyss die \u00abSchweizer Normalien-Kommission\u00bb gr\u00fcndete. Der Zweck: Standards zu schaffen, die \u00fcberall in [&hellip;]<\/p>\n","protected":false},"author":4,"featured_media":5296,"comment_status":"open","ping_status":"open","sticky":false,"template":"","format":"standard","meta":{"_acf_changed":false,"_yoast_wpseo_focuskw":"Jubil\u00e4umsanlass des SNV","_yoast_wpseo_metadesc":"Am 23. Mai 2019 beging die Schweizerische Normen-Vereinigung SNV in Baden ihren Jubil\u00e4umsanlass zum 100-j\u00e4hrigen Bestehen dieser Institution.","articlekey":"","footnotes":""},"categories":[1],"tags":[275,502,503],"class_list":["post-5295","post","type-post","status-publish","format-standard","has-post-thumbnail","hentry","category-allgemein","tag-institutionen","tag-veranstaltungen","tag-verbaende"],"acf":[],"yoast_head":"<!-- This site is optimized with the Yoast SEO plugin v27.5 - https:\/\/yoast.com\/product\/yoast-seo-wordpress\/ -->\n<title>\u00abNormung verbindet die Welt\u00bb: Jubil\u00e4umsanlass des SNV - Organisator<\/title>\n<meta name=\"description\" content=\"Am 23. Mai 2019 beging die Schweizerische Normen-Vereinigung SNV in Baden ihren Jubil\u00e4umsanlass zum 100-j\u00e4hrigen Bestehen dieser Institution.\" \/>\n<meta name=\"robots\" content=\"index, follow, max-snippet:-1, max-image-preview:large, max-video-preview:-1\" \/>\n<link rel=\"canonical\" href=\"https:\/\/www.organisator.ch\/fr\/general\/2019-05-24\/normierung-verbindet-die-welt-jubilaeumsanlass-des-snv\/\" \/>\n<meta property=\"og:locale\" content=\"fr_FR\" \/>\n<meta property=\"og:type\" content=\"article\" \/>\n<meta property=\"og:title\" content=\"\u00abNormierung verbindet die Welt\u00bb: Jubil\u00e4umsanlass des SNV\" \/>\n<meta property=\"og:description\" content=\"Am 23. Mai 2019 beging die Schweizerische Normen-Vereinigung SNV in Baden ihren Jubil\u00e4umsanlass zum 100-j\u00e4hrigen Bestehen dieser Institution.\" \/>\n<meta property=\"og:url\" content=\"https:\/\/www.organisator.ch\/fr\/general\/2019-05-24\/normierung-verbindet-die-welt-jubilaeumsanlass-des-snv\/\" \/>\n<meta property=\"og:site_name\" content=\"Organisator\" \/>\n<meta property=\"article:publisher\" content=\"https:\/\/www.facebook.com\/OrganisatorFachmagazin\" \/>\n<meta property=\"article:published_time\" content=\"2019-05-24T12:40:03+00:00\" \/>\n<meta property=\"og:image\" content=\"https:\/\/www.organisator.ch\/wp-content\/uploads\/2019\/05\/Normierung-verbindet-die-Welt-Jubilaeumsanlass-des-SNV-1_MQ.jpg\" \/>\n\t<meta property=\"og:image:width\" content=\"680\" \/>\n\t<meta property=\"og:image:height\" content=\"453\" \/>\n\t<meta property=\"og:image:type\" content=\"image\/jpeg\" \/>\n<meta name=\"author\" content=\"thomas.berner\" \/>\n<meta name=\"twitter:card\" content=\"summary_large_image\" \/>\n<meta name=\"twitter:title\" content=\"\u00abNormierung verbindet die Welt\u00bb: Jubil\u00e4umsanlass des #SNV\" \/>\n<meta name=\"twitter:description\" content=\"Am 23. Mai 2019 beging die Schweizerische #Normen-Vereinigung #SNV in Baden ihren Jubil\u00e4umsanlass zum 100-j\u00e4hrigen Bestehen dieser Institution.\" \/>\n<meta name=\"twitter:image\" content=\"https:\/\/www.organisator.ch\/wp-content\/uploads\/2019\/05\/Normierung-verbindet-die-Welt-Jubil\u00e4umsanlass-des-SNV-1_MQ.jpg\" \/>\n<script type=\"application\/ld+json\" class=\"yoast-schema-graph\">{\"@context\":\"https:\\\/\\\/schema.org\",\"@graph\":[{\"@type\":\"Article\",\"@id\":\"https:\\\/\\\/www.organisator.ch\\\/de\\\/allgemein\\\/2019-05-24\\\/normierung-verbindet-die-welt-jubilaeumsanlass-des-snv\\\/#article\",\"isPartOf\":{\"@id\":\"https:\\\/\\\/www.organisator.ch\\\/de\\\/allgemein\\\/2019-05-24\\\/normierung-verbindet-die-welt-jubilaeumsanlass-des-snv\\\/\"},\"author\":{\"name\":\"thomas.berner\",\"@id\":\"https:\\\/\\\/www.organisator.ch\\\/#\\\/schema\\\/person\\\/6f650f90b2842cd4c0cc334b4e36f67e\"},\"headline\":\"\u00abNormung verbindet die Welt\u00bb: Jubil\u00e4umsanlass des SNV\",\"datePublished\":\"2019-05-24T12:40:03+00:00\",\"mainEntityOfPage\":{\"@id\":\"https:\\\/\\\/www.organisator.ch\\\/de\\\/allgemein\\\/2019-05-24\\\/normierung-verbindet-die-welt-jubilaeumsanlass-des-snv\\\/\"},\"wordCount\":663,\"commentCount\":0,\"publisher\":{\"@id\":\"https:\\\/\\\/www.organisator.ch\\\/#organization\"},\"image\":{\"@id\":\"https:\\\/\\\/www.organisator.ch\\\/de\\\/allgemein\\\/2019-05-24\\\/normierung-verbindet-die-welt-jubilaeumsanlass-des-snv\\\/#primaryimage\"},\"thumbnailUrl\":\"https:\\\/\\\/www.organisator.ch\\\/wp-content\\\/uploads\\\/2019\\\/05\\\/Normierung-verbindet-die-Welt-Jubilaeumsanlass-des-SNV-1_MQ.jpg\",\"keywords\":[\"Institutionen\",\"Veranstaltungen\",\"Verb\u00e4nde\"],\"articleSection\":[\"Allgemein\"],\"inLanguage\":\"fr-FR\"},{\"@type\":\"WebPage\",\"@id\":\"https:\\\/\\\/www.organisator.ch\\\/de\\\/allgemein\\\/2019-05-24\\\/normierung-verbindet-die-welt-jubilaeumsanlass-des-snv\\\/\",\"url\":\"https:\\\/\\\/www.organisator.ch\\\/de\\\/allgemein\\\/2019-05-24\\\/normierung-verbindet-die-welt-jubilaeumsanlass-des-snv\\\/\",\"name\":\"\u00abNormung verbindet die Welt\u00bb: Jubil\u00e4umsanlass des SNV - Organisator\",\"isPartOf\":{\"@id\":\"https:\\\/\\\/www.organisator.ch\\\/#website\"},\"primaryImageOfPage\":{\"@id\":\"https:\\\/\\\/www.organisator.ch\\\/de\\\/allgemein\\\/2019-05-24\\\/normierung-verbindet-die-welt-jubilaeumsanlass-des-snv\\\/#primaryimage\"},\"image\":{\"@id\":\"https:\\\/\\\/www.organisator.ch\\\/de\\\/allgemein\\\/2019-05-24\\\/normierung-verbindet-die-welt-jubilaeumsanlass-des-snv\\\/#primaryimage\"},\"thumbnailUrl\":\"https:\\\/\\\/www.organisator.ch\\\/wp-content\\\/uploads\\\/2019\\\/05\\\/Normierung-verbindet-die-Welt-Jubilaeumsanlass-des-SNV-1_MQ.jpg\",\"datePublished\":\"2019-05-24T12:40:03+00:00\",\"description\":\"Am 23. Mai 2019 beging die Schweizerische Normen-Vereinigung SNV in Baden ihren Jubil\u00e4umsanlass zum 100-j\u00e4hrigen Bestehen dieser Institution.\",\"breadcrumb\":{\"@id\":\"https:\\\/\\\/www.organisator.ch\\\/de\\\/allgemein\\\/2019-05-24\\\/normierung-verbindet-die-welt-jubilaeumsanlass-des-snv\\\/#breadcrumb\"},\"inLanguage\":\"fr-FR\",\"potentialAction\":[{\"@type\":\"ReadAction\",\"target\":[\"https:\\\/\\\/www.organisator.ch\\\/de\\\/allgemein\\\/2019-05-24\\\/normierung-verbindet-die-welt-jubilaeumsanlass-des-snv\\\/\"]}]},{\"@type\":\"ImageObject\",\"inLanguage\":\"fr-FR\",\"@id\":\"https:\\\/\\\/www.organisator.ch\\\/de\\\/allgemein\\\/2019-05-24\\\/normierung-verbindet-die-welt-jubilaeumsanlass-des-snv\\\/#primaryimage\",\"url\":\"https:\\\/\\\/www.organisator.ch\\\/wp-content\\\/uploads\\\/2019\\\/05\\\/Normierung-verbindet-die-Welt-Jubilaeumsanlass-des-SNV-1_MQ.jpg\",\"contentUrl\":\"https:\\\/\\\/www.organisator.ch\\\/wp-content\\\/uploads\\\/2019\\\/05\\\/Normierung-verbindet-die-Welt-Jubilaeumsanlass-des-SNV-1_MQ.jpg\",\"width\":680,\"height\":453,\"caption\":\"Jubil\u00e4umsanlass des SNV: 100 Jahre im Zeichen von Normierungen. (Bild: SNV)\"},{\"@type\":\"BreadcrumbList\",\"@id\":\"https:\\\/\\\/www.organisator.ch\\\/de\\\/allgemein\\\/2019-05-24\\\/normierung-verbindet-die-welt-jubilaeumsanlass-des-snv\\\/#breadcrumb\",\"itemListElement\":[{\"@type\":\"ListItem\",\"position\":1,\"name\":\"Home\",\"item\":\"https:\\\/\\\/www.organisator.ch\\\/\"},{\"@type\":\"ListItem\",\"position\":2,\"name\":\"\u00abNormung verbindet die Welt\u00bb: Jubil\u00e4umsanlass des SNV\"}]},{\"@type\":\"WebSite\",\"@id\":\"https:\\\/\\\/www.organisator.ch\\\/#website\",\"url\":\"https:\\\/\\\/www.organisator.ch\\\/\",\"name\":\"Organisator\",\"description\":\"Kompetent. Praxisnah. Der ORGANISATOR bereitet in 10 Ausgaben pro Jahr die wesentlichen Themen f\u00fcr F\u00fchrungskr\u00e4fte von KMU auf.\",\"publisher\":{\"@id\":\"https:\\\/\\\/www.organisator.ch\\\/#organization\"},\"potentialAction\":[{\"@type\":\"SearchAction\",\"target\":{\"@type\":\"EntryPoint\",\"urlTemplate\":\"https:\\\/\\\/www.organisator.ch\\\/?s={search_term_string}\"},\"query-input\":{\"@type\":\"PropertyValueSpecification\",\"valueRequired\":true,\"valueName\":\"search_term_string\"}}],\"inLanguage\":\"fr-FR\"},{\"@type\":\"Organization\",\"@id\":\"https:\\\/\\\/www.organisator.ch\\\/#organization\",\"name\":\"Organisator\",\"url\":\"https:\\\/\\\/www.organisator.ch\\\/\",\"logo\":{\"@type\":\"ImageObject\",\"inLanguage\":\"fr-FR\",\"@id\":\"https:\\\/\\\/www.organisator.ch\\\/#\\\/schema\\\/logo\\\/image\\\/\",\"url\":\"https:\\\/\\\/www.organisator.ch\\\/wp-content\\\/uploads\\\/2022\\\/01\\\/Logo_Organisator_Website.png\",\"contentUrl\":\"https:\\\/\\\/www.organisator.ch\\\/wp-content\\\/uploads\\\/2022\\\/01\\\/Logo_Organisator_Website.png\",\"width\":800,\"height\":77,\"caption\":\"Organisator\"},\"image\":{\"@id\":\"https:\\\/\\\/www.organisator.ch\\\/#\\\/schema\\\/logo\\\/image\\\/\"},\"sameAs\":[\"https:\\\/\\\/www.facebook.com\\\/OrganisatorFachmagazin\",\"https:\\\/\\\/www.linkedin.com\\\/showcase\\\/organisator-das-magazin-fr-kmu\",\"https:\\\/\\\/www.xing.com\\\/news\\\/pages\\\/organisator-ch-695\",\"https:\\\/\\\/www.youtube.com\\\/channel\\\/UCGP2Sq0iWaZwT3BdIAQFYpw\"]},{\"@type\":\"Person\",\"@id\":\"https:\\\/\\\/www.organisator.ch\\\/#\\\/schema\\\/person\\\/6f650f90b2842cd4c0cc334b4e36f67e\",\"name\":\"thomas.berner\",\"image\":{\"@type\":\"ImageObject\",\"inLanguage\":\"fr-FR\",\"@id\":\"https:\\\/\\\/secure.gravatar.com\\\/avatar\\\/ac5001d2a36cb6c6cd3e50789007ffca834b477b74a2144564522e944eabff61?s=96&d=mm&r=g\",\"url\":\"https:\\\/\\\/secure.gravatar.com\\\/avatar\\\/ac5001d2a36cb6c6cd3e50789007ffca834b477b74a2144564522e944eabff61?s=96&d=mm&r=g\",\"contentUrl\":\"https:\\\/\\\/secure.gravatar.com\\\/avatar\\\/ac5001d2a36cb6c6cd3e50789007ffca834b477b74a2144564522e944eabff61?s=96&d=mm&r=g\",\"caption\":\"thomas.berner\"},\"url\":\"https:\\\/\\\/www.organisator.ch\\\/fr\\\/author\\\/thomas-berner\\\/\"}]}<\/script>\n<!-- \/ Yoast SEO plugin. -->","yoast_head_json":{"title":"\"La normalisation relie le monde\" : \u00e9v\u00e9nement anniversaire de la SNV - organisateur","description":"Le 23 mai 2019, l'Association suisse de normalisation SNV a c\u00e9l\u00e9br\u00e9 \u00e0 Baden sa manifestation d'anniversaire \u00e0 l'occasion du centenaire de cette institution.","robots":{"index":"index","follow":"follow","max-snippet":"max-snippet:-1","max-image-preview":"max-image-preview:large","max-video-preview":"max-video-preview:-1"},"canonical":"https:\/\/www.organisator.ch\/fr\/general\/2019-05-24\/normierung-verbindet-die-welt-jubilaeumsanlass-des-snv\/","og_locale":"fr_FR","og_type":"article","og_title":"\u00abNormierung verbindet die Welt\u00bb: Jubil\u00e4umsanlass des SNV","og_description":"Am 23. Mai 2019 beging die Schweizerische Normen-Vereinigung SNV in Baden ihren Jubil\u00e4umsanlass zum 100-j\u00e4hrigen Bestehen dieser Institution.","og_url":"https:\/\/www.organisator.ch\/fr\/general\/2019-05-24\/normierung-verbindet-die-welt-jubilaeumsanlass-des-snv\/","og_site_name":"Organisator","article_publisher":"https:\/\/www.facebook.com\/OrganisatorFachmagazin","article_published_time":"2019-05-24T12:40:03+00:00","og_image":[{"width":680,"height":453,"url":"https:\/\/www.organisator.ch\/wp-content\/uploads\/2019\/05\/Normierung-verbindet-die-Welt-Jubilaeumsanlass-des-SNV-1_MQ.jpg","type":"image\/jpeg"}],"author":"thomas.berner","twitter_card":"summary_large_image","twitter_title":"\u00abNormierung verbindet die Welt\u00bb: Jubil\u00e4umsanlass des #SNV","twitter_description":"Am 23. Mai 2019 beging die Schweizerische #Normen-Vereinigung #SNV in Baden ihren Jubil\u00e4umsanlass zum 100-j\u00e4hrigen Bestehen dieser Institution.","twitter_image":"https:\/\/www.organisator.ch\/wp-content\/uploads\/2019\/05\/Normierung-verbindet-die-Welt-Jubil\u00e4umsanlass-des-SNV-1_MQ.jpg","schema":{"@context":"https:\/\/schema.org","@graph":[{"@type":"Article","@id":"https:\/\/www.organisator.ch\/de\/allgemein\/2019-05-24\/normierung-verbindet-die-welt-jubilaeumsanlass-des-snv\/#article","isPartOf":{"@id":"https:\/\/www.organisator.ch\/de\/allgemein\/2019-05-24\/normierung-verbindet-die-welt-jubilaeumsanlass-des-snv\/"},"author":{"name":"thomas.berner","@id":"https:\/\/www.organisator.ch\/#\/schema\/person\/6f650f90b2842cd4c0cc334b4e36f67e"},"headline":"\u00abNormung verbindet die Welt\u00bb: Jubil\u00e4umsanlass des SNV","datePublished":"2019-05-24T12:40:03+00:00","mainEntityOfPage":{"@id":"https:\/\/www.organisator.ch\/de\/allgemein\/2019-05-24\/normierung-verbindet-die-welt-jubilaeumsanlass-des-snv\/"},"wordCount":663,"commentCount":0,"publisher":{"@id":"https:\/\/www.organisator.ch\/#organization"},"image":{"@id":"https:\/\/www.organisator.ch\/de\/allgemein\/2019-05-24\/normierung-verbindet-die-welt-jubilaeumsanlass-des-snv\/#primaryimage"},"thumbnailUrl":"https:\/\/www.organisator.ch\/wp-content\/uploads\/2019\/05\/Normierung-verbindet-die-Welt-Jubilaeumsanlass-des-SNV-1_MQ.jpg","keywords":["Institutionen","Veranstaltungen","Verb\u00e4nde"],"articleSection":["Allgemein"],"inLanguage":"fr-FR"},{"@type":"WebPage","@id":"https:\/\/www.organisator.ch\/de\/allgemein\/2019-05-24\/normierung-verbindet-die-welt-jubilaeumsanlass-des-snv\/","url":"https:\/\/www.organisator.ch\/de\/allgemein\/2019-05-24\/normierung-verbindet-die-welt-jubilaeumsanlass-des-snv\/","name":"\"La normalisation relie le monde\" : \u00e9v\u00e9nement anniversaire de la SNV - organisateur","isPartOf":{"@id":"https:\/\/www.organisator.ch\/#website"},"primaryImageOfPage":{"@id":"https:\/\/www.organisator.ch\/de\/allgemein\/2019-05-24\/normierung-verbindet-die-welt-jubilaeumsanlass-des-snv\/#primaryimage"},"image":{"@id":"https:\/\/www.organisator.ch\/de\/allgemein\/2019-05-24\/normierung-verbindet-die-welt-jubilaeumsanlass-des-snv\/#primaryimage"},"thumbnailUrl":"https:\/\/www.organisator.ch\/wp-content\/uploads\/2019\/05\/Normierung-verbindet-die-Welt-Jubilaeumsanlass-des-SNV-1_MQ.jpg","datePublished":"2019-05-24T12:40:03+00:00","description":"Le 23 mai 2019, l'Association suisse de normalisation SNV a c\u00e9l\u00e9br\u00e9 \u00e0 Baden sa manifestation d'anniversaire \u00e0 l'occasion du centenaire de cette institution.","breadcrumb":{"@id":"https:\/\/www.organisator.ch\/de\/allgemein\/2019-05-24\/normierung-verbindet-die-welt-jubilaeumsanlass-des-snv\/#breadcrumb"},"inLanguage":"fr-FR","potentialAction":[{"@type":"ReadAction","target":["https:\/\/www.organisator.ch\/de\/allgemein\/2019-05-24\/normierung-verbindet-die-welt-jubilaeumsanlass-des-snv\/"]}]},{"@type":"ImageObject","inLanguage":"fr-FR","@id":"https:\/\/www.organisator.ch\/de\/allgemein\/2019-05-24\/normierung-verbindet-die-welt-jubilaeumsanlass-des-snv\/#primaryimage","url":"https:\/\/www.organisator.ch\/wp-content\/uploads\/2019\/05\/Normierung-verbindet-die-Welt-Jubilaeumsanlass-des-SNV-1_MQ.jpg","contentUrl":"https:\/\/www.organisator.ch\/wp-content\/uploads\/2019\/05\/Normierung-verbindet-die-Welt-Jubilaeumsanlass-des-SNV-1_MQ.jpg","width":680,"height":453,"caption":"Jubil\u00e4umsanlass des SNV: 100 Jahre im Zeichen von Normierungen. (Bild: SNV)"},{"@type":"BreadcrumbList","@id":"https:\/\/www.organisator.ch\/de\/allgemein\/2019-05-24\/normierung-verbindet-die-welt-jubilaeumsanlass-des-snv\/#breadcrumb","itemListElement":[{"@type":"ListItem","position":1,"name":"Home","item":"https:\/\/www.organisator.ch\/"},{"@type":"ListItem","position":2,"name":"\u00abNormung verbindet die Welt\u00bb: Jubil\u00e4umsanlass des SNV"}]},{"@type":"WebSite","@id":"https:\/\/www.organisator.ch\/#website","url":"https:\/\/www.organisator.ch\/","name":"Organisateur","description":"Comp\u00e9tence et comp\u00e9tence. Proches de la pratique. L'ORGANISATEUR pr\u00e9pare 10 num\u00e9ros par an sur les th\u00e8mes essentiels pour les dirigeants de PME.","publisher":{"@id":"https:\/\/www.organisator.ch\/#organization"},"potentialAction":[{"@type":"SearchAction","target":{"@type":"EntryPoint","urlTemplate":"https:\/\/www.organisator.ch\/?s={search_term_string}"},"query-input":{"@type":"PropertyValueSpecification","valueRequired":true,"valueName":"search_term_string"}}],"inLanguage":"fr-FR"},{"@type":"Organization","@id":"https:\/\/www.organisator.ch\/#organization","name":"Organisateur","url":"https:\/\/www.organisator.ch\/","logo":{"@type":"ImageObject","inLanguage":"fr-FR","@id":"https:\/\/www.organisator.ch\/#\/schema\/logo\/image\/","url":"https:\/\/www.organisator.ch\/wp-content\/uploads\/2022\/01\/Logo_Organisator_Website.png","contentUrl":"https:\/\/www.organisator.ch\/wp-content\/uploads\/2022\/01\/Logo_Organisator_Website.png","width":800,"height":77,"caption":"Organisator"},"image":{"@id":"https:\/\/www.organisator.ch\/#\/schema\/logo\/image\/"},"sameAs":["https:\/\/www.facebook.com\/OrganisatorFachmagazin","https:\/\/www.linkedin.com\/showcase\/organisator-das-magazin-fr-kmu","https:\/\/www.xing.com\/news\/pages\/organisator-ch-695","https:\/\/www.youtube.com\/channel\/UCGP2Sq0iWaZwT3BdIAQFYpw"]},{"@type":"Person","@id":"https:\/\/www.organisator.ch\/#\/schema\/person\/6f650f90b2842cd4c0cc334b4e36f67e","name":"thomas.berner","image":{"@type":"ImageObject","inLanguage":"fr-FR","@id":"https:\/\/secure.gravatar.com\/avatar\/ac5001d2a36cb6c6cd3e50789007ffca834b477b74a2144564522e944eabff61?s=96&d=mm&r=g","url":"https:\/\/secure.gravatar.com\/avatar\/ac5001d2a36cb6c6cd3e50789007ffca834b477b74a2144564522e944eabff61?s=96&d=mm&r=g","contentUrl":"https:\/\/secure.gravatar.com\/avatar\/ac5001d2a36cb6c6cd3e50789007ffca834b477b74a2144564522e944eabff61?s=96&d=mm&r=g","caption":"thomas.berner"},"url":"https:\/\/www.organisator.ch\/fr\/author\/thomas-berner\/"}]}},"_links":{"self":[{"href":"https:\/\/www.organisator.ch\/fr\/wp-json\/wp\/v2\/posts\/5295","targetHints":{"allow":["GET"]}}],"collection":[{"href":"https:\/\/www.organisator.ch\/fr\/wp-json\/wp\/v2\/posts"}],"about":[{"href":"https:\/\/www.organisator.ch\/fr\/wp-json\/wp\/v2\/types\/post"}],"author":[{"embeddable":true,"href":"https:\/\/www.organisator.ch\/fr\/wp-json\/wp\/v2\/users\/4"}],"replies":[{"embeddable":true,"href":"https:\/\/www.organisator.ch\/fr\/wp-json\/wp\/v2\/comments?post=5295"}],"version-history":[{"count":0,"href":"https:\/\/www.organisator.ch\/fr\/wp-json\/wp\/v2\/posts\/5295\/revisions"}],"wp:featuredmedia":[{"embeddable":true,"href":"https:\/\/www.organisator.ch\/fr\/wp-json\/wp\/v2\/media\/5296"}],"wp:attachment":[{"href":"https:\/\/www.organisator.ch\/fr\/wp-json\/wp\/v2\/media?parent=5295"}],"wp:term":[{"taxonomy":"category","embeddable":true,"href":"https:\/\/www.organisator.ch\/fr\/wp-json\/wp\/v2\/categories?post=5295"},{"taxonomy":"post_tag","embeddable":true,"href":"https:\/\/www.organisator.ch\/fr\/wp-json\/wp\/v2\/tags?post=5295"}],"curies":[{"name":"wp","href":"https:\/\/api.w.org\/{rel}","templated":true}]}}