{"id":5305,"date":"2019-05-27T09:30:28","date_gmt":"2019-05-27T07:30:28","guid":{"rendered":"https:\/\/www.organisator.ch\/?p=5305"},"modified":"2019-05-27T09:30:28","modified_gmt":"2019-05-27T07:30:28","slug":"zusammenschluss-von-online-plattformen-visable-als-neues-dach-fuer-wer-liefert-was-und-europages","status":"publish","type":"post","link":"https:\/\/www.organisator.ch\/fr\/marketing\/2019-05-27\/zusammenschluss-von-online-plattformen-visable-als-neues-dach-fuer-wer-liefert-was-und-europages\/","title":{"rendered":"Fusion de plateformes en ligne : Visable comme nouveau toit pour \"Wer liefert was\" et Europages"},"content":{"rendered":"<figure id=\"attachment_5306\" aria-describedby=\"caption-attachment-5306\" style=\"width: 680px\" class=\"wp-caption alignnone\"><img loading=\"lazy\" decoding=\"async\" class=\"size-medium wp-image-5306\" src=\"https:\/\/www.organisator.ch\/wp-content\/uploads\/2019\/05\/Zusammenschluss-von-Online-Plattformen-Visable-als-neues-Dach-fuer-Wer-liefert-was-und-Europages-1_Organisator.jpg\" alt=\"\" width=\"680\" height=\"453\" srcset=\"https:\/\/www.organisator.ch\/wp-content\/uploads\/2019\/05\/Zusammenschluss-von-Online-Plattformen-Visable-als-neues-Dach-fuer-Wer-liefert-was-und-Europages-1_Organisator.jpg 680w, https:\/\/www.organisator.ch\/wp-content\/uploads\/2019\/05\/Zusammenschluss-von-Online-Plattformen-Visable-als-neues-Dach-fuer-Wer-liefert-was-und-Europages-1_Organisator-16x12.jpg 16w, https:\/\/www.organisator.ch\/wp-content\/uploads\/2019\/05\/Zusammenschluss-von-Online-Plattformen-Visable-als-neues-Dach-fuer-Wer-liefert-was-und-Europages-1_Organisator-263x175.jpg 263w, https:\/\/www.organisator.ch\/wp-content\/uploads\/2019\/05\/Zusammenschluss-von-Online-Plattformen-Visable-als-neues-Dach-fuer-Wer-liefert-was-und-Europages-1_Organisator-525x350.jpg 525w, https:\/\/www.organisator.ch\/wp-content\/uploads\/2019\/05\/Zusammenschluss-von-Online-Plattformen-Visable-als-neues-Dach-fuer-Wer-liefert-was-und-Europages-1_Organisator-300x200.jpg 300w\" sizes=\"auto, (max-width: 680px) 100vw, 680px\" \/><figcaption id=\"caption-attachment-5306\" class=\"wp-caption-text\">Le CEO Peter F. Schmid fait avancer la fusion de plateformes en ligne : wlw et europages re\u00e7oivent un nouveau toit d'entreprise avec Visable. (Image : zVg)<\/figcaption><\/figure>\n<p>Le commerce en ligne B2B est consid\u00e9r\u00e9 comme un march\u00e9 \u00e0 fort potentiel de croissance, d\u00e9passant m\u00eame celui du commerce B2C. Ainsi, la soci\u00e9t\u00e9 d'\u00e9tudes de march\u00e9 Frost &amp; Sullivan estimait en 2015 que le volume du commerce en ligne B2B atteindrait environ 6700 milliards de dollars en 2020 - contre 3200 milliards de dollars dans le secteur B2C. Cependant, le march\u00e9 B2B est tr\u00e8s fragment\u00e9. Il est donc difficile d'exploiter correctement son potentiel. \"Nous n'en sommes qu'au d\u00e9but, car le comportement des clients B2B s'inspire de celui des clients B2C\", a d\u00e9clar\u00e9 Carsten Brandt, Head of Corporate Communications de wlw, lors d'une conf\u00e9rence de presse la semaine derni\u00e8re.<\/p>\n<h2><strong>Mieux exploiter le potentiel du march\u00e9 en fusionnant les plates-formes en ligne<\/strong><\/h2>\n<p>On sait qu'aujourd'hui, les acheteurs en entreprise passent en moyenne 5,5 heures \u00e0 rechercher des fournisseurs en ligne. Cela signifie que la visibilit\u00e9 sur le web est essentielle pour les PME. De plus en plus d'entreprises l'ont compris et investissent de plus en plus dans le marketing en ligne. C'est cette tendance que veut d\u00e9sormais suivre \"Visable\", fusion des deux plateformes en ligne \"Wer liefert was\" et Europages. L'objectif : exploiter le grand march\u00e9 int\u00e9rieur europ\u00e9en avec 300 millions de personnes et plus de 20 millions d'entreprises pertinentes. Et la nouvelle entreprise est aussi une r\u00e9ponse aux acteurs internationaux des \u00c9tats-Unis, de la Chine et de l'Inde qui grignotent de plus en plus de parts de march\u00e9. Visable vise une croissance \u00e0 deux chiffres de son chiffre d'affaires pour les ann\u00e9es \u00e0 venir. Le chiffre d'affaires du groupe wlw, qui s'\u00e9l\u00e8ve \u00e0 environ 50 millions d'euros en 2018, doit \u00eatre doubl\u00e9 \u00e0 moyen terme sous Visable pour atteindre 100 millions d'euros. Le nom \"Visable\" est un mot artificiel qui se compose des mots anglais \"visible\", qui signifie visible, et \"enable\", qui signifie rendre capable. Le nom de l'entreprise d\u00e9crit ainsi la promesse de prestations visant \u00e0 donner aux petites et moyennes entreprises plus de visibilit\u00e9 et de port\u00e9e sur Internet, comme l'a expliqu\u00e9 le directeur marketing Carsten Brandt.<\/p>\n<h2><strong>Les marques connues sont conserv\u00e9es<\/strong><\/h2>\n<p>Avec sa filiale Europages, wlw est d\u00e9j\u00e0 pr\u00e9sent dans 29 pays. Sur l'ensemble des march\u00e9s europ\u00e9ens, les deux plates-formes en ligne r\u00e9unissent ensemble plus de 3,7 millions d'utilisateurs mensuels et plus de 50 millions de visites par an sur leurs plates-formes. Les entreprises suisses qui souhaitent \u00eatre le plus visibles possible en ligne dans l'espace DACH et dans les pays europ\u00e9ens n'auront plus qu'un seul interlocuteur pour acc\u00e9der aux prestations de \"Wer liefert was\" et EUROPAGES. Les deux plates-formes resteront toutefois des marques ou des offres de Visable, tout comme les services de marketing en ligne d\u00e9j\u00e0 propos\u00e9s aujourd'hui, qui permettent aux entreprises d'\u00e9largir leur port\u00e9e au-del\u00e0 des places de march\u00e9 B2B. La succursale suisse de \"Wer liefert was\" \u00e0 Baar reste inchang\u00e9e.<\/p>\n<h2><strong>Portefeuille de services \u00e9largi<\/strong><\/h2>\n<p>Visable aide les entreprises europ\u00e9ennes \u00e0 utiliser les canaux de distribution et les activit\u00e9s de marketing num\u00e9riques pour \u00eatre visibles dans toute l'Europe. Ses activit\u00e9s reposent sur deux piliers : d'une part, les places de march\u00e9 en ligne wlw et Europages, d\u00e9j\u00e0 mentionn\u00e9es et \u00e9prouv\u00e9es. D'autre part, Visable propose des services complets pour le marketing en ligne, comme Google Ads, le reciblage, un \"optimiseur de donn\u00e9es de soci\u00e9t\u00e9\" et des analyses web. \"En dehors de Visable, aucun autre fournisseur en Europe ne propose de solutions sp\u00e9cialement adapt\u00e9es aux entreprises, combinant ses propres places de march\u00e9 B2B et des services de marketing en ligne, afin de mettre en relation les acheteurs internationaux et les fournisseurs de produits et de services\", explique Peter F. Schmid, CEO de Visable.<\/p>\n<figure id=\"attachment_5307\" aria-describedby=\"caption-attachment-5307\" style=\"width: 680px\" class=\"wp-caption alignnone\"><img loading=\"lazy\" decoding=\"async\" class=\"size-medium wp-image-5307\" src=\"https:\/\/www.organisator.ch\/wp-content\/uploads\/2019\/05\/Zusammenschluss-von-Online-Plattformen-Visable-als-neues-Dach-fuer-Wer-liefert-was-und-Europages-2_Organisator.jpg\" alt=\"\" width=\"680\" height=\"282\" srcset=\"https:\/\/www.organisator.ch\/wp-content\/uploads\/2019\/05\/Zusammenschluss-von-Online-Plattformen-Visable-als-neues-Dach-fuer-Wer-liefert-was-und-Europages-2_Organisator.jpg 680w, https:\/\/www.organisator.ch\/wp-content\/uploads\/2019\/05\/Zusammenschluss-von-Online-Plattformen-Visable-als-neues-Dach-fuer-Wer-liefert-was-und-Europages-2_Organisator-16x7.jpg 16w, https:\/\/www.organisator.ch\/wp-content\/uploads\/2019\/05\/Zusammenschluss-von-Online-Plattformen-Visable-als-neues-Dach-fuer-Wer-liefert-was-und-Europages-2_Organisator-375x156.jpg 375w, https:\/\/www.organisator.ch\/wp-content\/uploads\/2019\/05\/Zusammenschluss-von-Online-Plattformen-Visable-als-neues-Dach-fuer-Wer-liefert-was-und-Europages-2_Organisator-300x124.jpg 300w\" sizes=\"auto, (max-width: 680px) 100vw, 680px\" \/><figcaption id=\"caption-attachment-5307\" class=\"wp-caption-text\">Le portefeuille de prestations de Visable. (graphique : zVg)<\/figcaption><\/figure>\n<h2><strong>Des millions d'euros d'investissements annuels<\/strong><\/h2>\n<p>Visable investit de plus en plus dans la cr\u00e9ation et le d\u00e9veloppement de l'expertise et du personnel. Ce n'est que r\u00e9cemment, avec l'acquisition de la plateforme Gebraucht.de, que l'entreprise a \u00e9tendu ses comp\u00e9tences dans les segments si importants pour le secteur B2B, comme la recherche centr\u00e9e sur l'utilisateur, les possibilit\u00e9s de communication entre vendeurs et acheteurs, le d\u00e9veloppement d'applications ainsi que la mise en \u0153uvre d'une architecture logicielle moderne et d'une infrastructure cloud. Avec Gebraucht.de, Visable a \u00e9galement obtenu un nouveau site d'entreprise suppl\u00e9mentaire \u00e0 Berlin.<\/p>\n<p>\"Nous allons continuer \u00e0 investir dans le personnel, l'infrastructure informatique et l'am\u00e9lioration de nos places de march\u00e9 'Wer liefert was' et EUROPAGES, afin de pouvoir proposer \u00e0 nos clients la meilleure offre de port\u00e9e sur Internet et en m\u00eame temps aux acheteurs la meilleure recherche dans le B2B\", d\u00e9clare Peter F. Schmid. \"Un montant de plusieurs millions est disponible chaque ann\u00e9e \u00e0 cet effet et d'autres acquisitions ne sont pas exclues \u00e0 l'avenir\". Selon les indications de l'entreprise, qui est d\u00e9tenue par la soci\u00e9t\u00e9 de private equity Capvis et le management, les investissements sont tous r\u00e9alis\u00e9s \u00e0 partir du cash-flow propre.<\/p>\n<p>Visable investit \u00e9galement dans la direction de l'entreprise, surtout en ce qui concerne le secteur IT\/produits. C'est ainsi qu'un homme d'exp\u00e9rience, Daniel Keller, a \u00e9t\u00e9 nomm\u00e9 au poste de directeur technique. Il a notamment travaill\u00e9 chez Microsoft et Axel Springer SE. Srikanth Achanta a \u00e9galement \u00e9t\u00e9 nomm\u00e9 Senior Director Engineering et Tarik Zahzah nouveau Head of Partner Sales Management.<\/p>\n<h2><strong>Cons\u00e9quence de la transformation num\u00e9rique<\/strong><\/h2>\n<p>L'expansion de Visable s'inscrit \u00e9galement dans le contexte de la transformation num\u00e9rique que connaissent de nombreuses entreprises en Europe. Alors que de nombreuses entreprises ont longtemps mis \u00e0 la disposition de leurs partenaires commerciaux existants ou potentiels d'\u00e9pais catalogues pour faire conna\u00eetre leur assortiment, elles utilisent aujourd'hui de plus en plus souvent des plateformes en ligne. L'agent commercial classique, qui a un contact personnel avec les entreprises, conserve certes une certaine importance, mais il est aussi partiellement remplac\u00e9 par des processus de commande num\u00e9riques.<\/p>\n<p>La transformation num\u00e9rique a accru le besoin d'une disponibilit\u00e9 en ligne d'informations aussi pr\u00e9cises que possible sur les produits et les services lors de l'achat de la part des entreprises. En effet, les acheteurs professionnels ont les m\u00eames attentes dans le domaine commercial que lors d'achats priv\u00e9s en ligne. Les ventes des entreprises doivent donc pr\u00e9senter leurs produits et services en ligne de mani\u00e8re aussi d\u00e9taill\u00e9e que dans le commerce de d\u00e9tail du segment de prix \u00e9lev\u00e9. Ainsi, avant d'acheter des voitures, des produits de luxe ou des appareils \u00e9lectroniques de divertissement, les utilisateurs priv\u00e9s d'Internet ont aujourd'hui une impression si proche de la r\u00e9alit\u00e9 gr\u00e2ce \u00e0 des images, des vid\u00e9os ou des animations 3D qu'un conseil personnel ou un contact physique avec le produit avant l'achat devient presque superflu.<\/p>\n<p><em>Plus d'informations : <a href=\"http:\/\/www.visable.com\">www.visable.com<\/a><\/em><\/p>","protected":false},"excerpt":{"rendered":"<p>Der B2B-Onlinehandel gilt als Markt mit einem grossen Wachstumspotenzial, das sogar jenes des B2C-Handels \u00fcbersteigt. So rechnete das Marktforschungsunternehmen Frost &amp; Sullivan 2015 damit, dass im Jahr 2020 das Volumen im B2B-Onlinehandel rund 6700 Milliarden US-Dollars erreichen wird \u2013 gegen\u00fcber 3200 Milliarden US-Dollars im B2C-Sektor. Indes: der B2B-Markt ist stark fragmentiert. Das macht es schwierig, [&hellip;]<\/p>\n","protected":false},"author":4,"featured_media":5306,"comment_status":"open","ping_status":"open","sticky":false,"template":"","format":"standard","meta":{"_acf_changed":false,"_yoast_wpseo_focuskw":"Online-Plattformen","_yoast_wpseo_metadesc":"Die Online-Plattformen \u00abWer liefert was\u00bb (wlw) und Europages werden zu einem neuen Unternehmen mit dem Namen \u00abVisable\u00bb zusammengef\u00fchrt.","articlekey":"","footnotes":""},"categories":[29],"tags":[67,163,339,340,367],"class_list":["post-5305","post","type-post","status-publish","format-standard","has-post-thumbnail","hentry","category-marketing","tag-b2b","tag-e-commerce","tag-marketing","tag-maerkte","tag-online-handel"],"acf":[],"yoast_head":"<!-- This site is optimized with the Yoast SEO plugin v27.5 - https:\/\/yoast.com\/product\/yoast-seo-wordpress\/ -->\n<title>Zusammenschluss von Online-Plattformen: Visable als neues Dach f\u00fcr \u00abWer liefert was\u00bb und Europages - Organisator<\/title>\n<meta name=\"description\" content=\"Die Online-Plattformen \u00abWer liefert was\u00bb (wlw) und Europages werden zu einem neuen Unternehmen mit dem Namen \u00abVisable\u00bb zusammengef\u00fchrt.\" \/>\n<meta name=\"robots\" content=\"index, follow, max-snippet:-1, max-image-preview:large, max-video-preview:-1\" \/>\n<link rel=\"canonical\" href=\"https:\/\/www.organisator.ch\/fr\/marketing\/2019-05-27\/zusammenschluss-von-online-plattformen-visable-als-neues-dach-fuer-wer-liefert-was-und-europages\/\" \/>\n<meta property=\"og:locale\" content=\"fr_FR\" \/>\n<meta property=\"og:type\" content=\"article\" \/>\n<meta property=\"og:title\" content=\"Zusammenschluss von Online-Plattformen: Visable als neues Dach f\u00fcr \u00abWer liefert was\u00bb und Europages\" \/>\n<meta property=\"og:description\" content=\"Die Online-Plattformen \u00abWer liefert was\u00bb (wlw) und Europages werden zu einem neuen Unternehmen mit dem Namen \u00abVisable\u00bb zusammengef\u00fchrt.\" \/>\n<meta property=\"og:url\" content=\"https:\/\/www.organisator.ch\/fr\/marketing\/2019-05-27\/zusammenschluss-von-online-plattformen-visable-als-neues-dach-fuer-wer-liefert-was-und-europages\/\" \/>\n<meta property=\"og:site_name\" content=\"Organisator\" \/>\n<meta property=\"article:publisher\" content=\"https:\/\/www.facebook.com\/OrganisatorFachmagazin\" \/>\n<meta property=\"article:published_time\" content=\"2019-05-27T07:30:28+00:00\" \/>\n<meta property=\"og:image\" content=\"https:\/\/www.organisator.ch\/wp-content\/uploads\/2019\/05\/Zusammenschluss-von-Online-Plattformen-Visable-als-neues-Dach-fuer-Wer-liefert-was-und-Europages-1_Organisator.jpg\" \/>\n\t<meta property=\"og:image:width\" content=\"680\" \/>\n\t<meta property=\"og:image:height\" content=\"453\" \/>\n\t<meta property=\"og:image:type\" content=\"image\/jpeg\" \/>\n<meta name=\"author\" content=\"thomas.berner\" \/>\n<meta name=\"twitter:card\" content=\"summary_large_image\" \/>\n<meta name=\"twitter:title\" content=\"Zusammenschluss von #Online-Plattformen: #Visable als neues Dach f\u00fcr \u00abWer liefert was\u00bb und Europages\" \/>\n<meta name=\"twitter:description\" content=\"Die Online-Plattformen \u00abWer liefert was\u00bb (wlw) und Europages werden zu einem neuen Unternehmen mit dem Namen \u00ab#Visable\u00bb zusammengef\u00fchrt.\" \/>\n<meta name=\"twitter:image\" content=\"https:\/\/www.organisator.ch\/wp-content\/uploads\/2019\/05\/Zusammenschluss-von-Online-Plattformen-Visable-als-neues-Dach-f\u00fcr-Wer-liefert-was-und-Europages-1_Organisator.jpg\" \/>\n<script type=\"application\/ld+json\" class=\"yoast-schema-graph\">{\"@context\":\"https:\\\/\\\/schema.org\",\"@graph\":[{\"@type\":\"Article\",\"@id\":\"https:\\\/\\\/www.organisator.ch\\\/marketing\\\/2019-05-27\\\/zusammenschluss-von-online-plattformen-visable-als-neues-dach-fuer-wer-liefert-was-und-europages\\\/#article\",\"isPartOf\":{\"@id\":\"https:\\\/\\\/www.organisator.ch\\\/marketing\\\/2019-05-27\\\/zusammenschluss-von-online-plattformen-visable-als-neues-dach-fuer-wer-liefert-was-und-europages\\\/\"},\"author\":{\"name\":\"thomas.berner\",\"@id\":\"https:\\\/\\\/www.organisator.ch\\\/#\\\/schema\\\/person\\\/6f650f90b2842cd4c0cc334b4e36f67e\"},\"headline\":\"Zusammenschluss von Online-Plattformen: Visable als neues Dach f\u00fcr \u00abWer liefert was\u00bb und Europages\",\"datePublished\":\"2019-05-27T07:30:28+00:00\",\"mainEntityOfPage\":{\"@id\":\"https:\\\/\\\/www.organisator.ch\\\/marketing\\\/2019-05-27\\\/zusammenschluss-von-online-plattformen-visable-als-neues-dach-fuer-wer-liefert-was-und-europages\\\/\"},\"wordCount\":1004,\"commentCount\":0,\"publisher\":{\"@id\":\"https:\\\/\\\/www.organisator.ch\\\/#organization\"},\"image\":{\"@id\":\"https:\\\/\\\/www.organisator.ch\\\/marketing\\\/2019-05-27\\\/zusammenschluss-von-online-plattformen-visable-als-neues-dach-fuer-wer-liefert-was-und-europages\\\/#primaryimage\"},\"thumbnailUrl\":\"https:\\\/\\\/www.organisator.ch\\\/wp-content\\\/uploads\\\/2019\\\/05\\\/Zusammenschluss-von-Online-Plattformen-Visable-als-neues-Dach-fuer-Wer-liefert-was-und-Europages-1_Organisator.jpg\",\"keywords\":[\"B2B\",\"E-Commerce\",\"Marketing\",\"M\u00e4rkte\",\"Online-Handel\"],\"articleSection\":[\"MARKETING\"],\"inLanguage\":\"fr-FR\"},{\"@type\":\"WebPage\",\"@id\":\"https:\\\/\\\/www.organisator.ch\\\/marketing\\\/2019-05-27\\\/zusammenschluss-von-online-plattformen-visable-als-neues-dach-fuer-wer-liefert-was-und-europages\\\/\",\"url\":\"https:\\\/\\\/www.organisator.ch\\\/marketing\\\/2019-05-27\\\/zusammenschluss-von-online-plattformen-visable-als-neues-dach-fuer-wer-liefert-was-und-europages\\\/\",\"name\":\"Zusammenschluss von Online-Plattformen: Visable als neues Dach f\u00fcr \u00abWer liefert was\u00bb und Europages - Organisator\",\"isPartOf\":{\"@id\":\"https:\\\/\\\/www.organisator.ch\\\/#website\"},\"primaryImageOfPage\":{\"@id\":\"https:\\\/\\\/www.organisator.ch\\\/marketing\\\/2019-05-27\\\/zusammenschluss-von-online-plattformen-visable-als-neues-dach-fuer-wer-liefert-was-und-europages\\\/#primaryimage\"},\"image\":{\"@id\":\"https:\\\/\\\/www.organisator.ch\\\/marketing\\\/2019-05-27\\\/zusammenschluss-von-online-plattformen-visable-als-neues-dach-fuer-wer-liefert-was-und-europages\\\/#primaryimage\"},\"thumbnailUrl\":\"https:\\\/\\\/www.organisator.ch\\\/wp-content\\\/uploads\\\/2019\\\/05\\\/Zusammenschluss-von-Online-Plattformen-Visable-als-neues-Dach-fuer-Wer-liefert-was-und-Europages-1_Organisator.jpg\",\"datePublished\":\"2019-05-27T07:30:28+00:00\",\"description\":\"Die Online-Plattformen \u00abWer liefert was\u00bb (wlw) und Europages werden zu einem neuen Unternehmen mit dem Namen \u00abVisable\u00bb zusammengef\u00fchrt.\",\"breadcrumb\":{\"@id\":\"https:\\\/\\\/www.organisator.ch\\\/marketing\\\/2019-05-27\\\/zusammenschluss-von-online-plattformen-visable-als-neues-dach-fuer-wer-liefert-was-und-europages\\\/#breadcrumb\"},\"inLanguage\":\"fr-FR\",\"potentialAction\":[{\"@type\":\"ReadAction\",\"target\":[\"https:\\\/\\\/www.organisator.ch\\\/marketing\\\/2019-05-27\\\/zusammenschluss-von-online-plattformen-visable-als-neues-dach-fuer-wer-liefert-was-und-europages\\\/\"]}]},{\"@type\":\"ImageObject\",\"inLanguage\":\"fr-FR\",\"@id\":\"https:\\\/\\\/www.organisator.ch\\\/marketing\\\/2019-05-27\\\/zusammenschluss-von-online-plattformen-visable-als-neues-dach-fuer-wer-liefert-was-und-europages\\\/#primaryimage\",\"url\":\"https:\\\/\\\/www.organisator.ch\\\/wp-content\\\/uploads\\\/2019\\\/05\\\/Zusammenschluss-von-Online-Plattformen-Visable-als-neues-Dach-fuer-Wer-liefert-was-und-Europages-1_Organisator.jpg\",\"contentUrl\":\"https:\\\/\\\/www.organisator.ch\\\/wp-content\\\/uploads\\\/2019\\\/05\\\/Zusammenschluss-von-Online-Plattformen-Visable-als-neues-Dach-fuer-Wer-liefert-was-und-Europages-1_Organisator.jpg\",\"width\":680,\"height\":453,\"caption\":\"CEO Peter F. Schmid treibt den Zusammenschluss von Online-Plattformen weiter voran: wlw und europages erhalten mit Visable ein neues Firmendach. (Bild: zVg)\"},{\"@type\":\"BreadcrumbList\",\"@id\":\"https:\\\/\\\/www.organisator.ch\\\/marketing\\\/2019-05-27\\\/zusammenschluss-von-online-plattformen-visable-als-neues-dach-fuer-wer-liefert-was-und-europages\\\/#breadcrumb\",\"itemListElement\":[{\"@type\":\"ListItem\",\"position\":1,\"name\":\"Home\",\"item\":\"https:\\\/\\\/www.organisator.ch\\\/\"},{\"@type\":\"ListItem\",\"position\":2,\"name\":\"Zusammenschluss von Online-Plattformen: Visable als neues Dach f\u00fcr \u00abWer liefert was\u00bb und Europages\"}]},{\"@type\":\"WebSite\",\"@id\":\"https:\\\/\\\/www.organisator.ch\\\/#website\",\"url\":\"https:\\\/\\\/www.organisator.ch\\\/\",\"name\":\"Organisator\",\"description\":\"Kompetent. Praxisnah. Der ORGANISATOR bereitet in 10 Ausgaben pro Jahr die wesentlichen Themen f\u00fcr F\u00fchrungskr\u00e4fte von KMU auf.\",\"publisher\":{\"@id\":\"https:\\\/\\\/www.organisator.ch\\\/#organization\"},\"potentialAction\":[{\"@type\":\"SearchAction\",\"target\":{\"@type\":\"EntryPoint\",\"urlTemplate\":\"https:\\\/\\\/www.organisator.ch\\\/?s={search_term_string}\"},\"query-input\":{\"@type\":\"PropertyValueSpecification\",\"valueRequired\":true,\"valueName\":\"search_term_string\"}}],\"inLanguage\":\"fr-FR\"},{\"@type\":\"Organization\",\"@id\":\"https:\\\/\\\/www.organisator.ch\\\/#organization\",\"name\":\"Organisator\",\"url\":\"https:\\\/\\\/www.organisator.ch\\\/\",\"logo\":{\"@type\":\"ImageObject\",\"inLanguage\":\"fr-FR\",\"@id\":\"https:\\\/\\\/www.organisator.ch\\\/#\\\/schema\\\/logo\\\/image\\\/\",\"url\":\"https:\\\/\\\/www.organisator.ch\\\/wp-content\\\/uploads\\\/2022\\\/01\\\/Logo_Organisator_Website.png\",\"contentUrl\":\"https:\\\/\\\/www.organisator.ch\\\/wp-content\\\/uploads\\\/2022\\\/01\\\/Logo_Organisator_Website.png\",\"width\":800,\"height\":77,\"caption\":\"Organisator\"},\"image\":{\"@id\":\"https:\\\/\\\/www.organisator.ch\\\/#\\\/schema\\\/logo\\\/image\\\/\"},\"sameAs\":[\"https:\\\/\\\/www.facebook.com\\\/OrganisatorFachmagazin\",\"https:\\\/\\\/www.linkedin.com\\\/showcase\\\/organisator-das-magazin-fr-kmu\",\"https:\\\/\\\/www.xing.com\\\/news\\\/pages\\\/organisator-ch-695\",\"https:\\\/\\\/www.youtube.com\\\/channel\\\/UCGP2Sq0iWaZwT3BdIAQFYpw\"]},{\"@type\":\"Person\",\"@id\":\"https:\\\/\\\/www.organisator.ch\\\/#\\\/schema\\\/person\\\/6f650f90b2842cd4c0cc334b4e36f67e\",\"name\":\"thomas.berner\",\"image\":{\"@type\":\"ImageObject\",\"inLanguage\":\"fr-FR\",\"@id\":\"https:\\\/\\\/secure.gravatar.com\\\/avatar\\\/ac5001d2a36cb6c6cd3e50789007ffca834b477b74a2144564522e944eabff61?s=96&d=mm&r=g\",\"url\":\"https:\\\/\\\/secure.gravatar.com\\\/avatar\\\/ac5001d2a36cb6c6cd3e50789007ffca834b477b74a2144564522e944eabff61?s=96&d=mm&r=g\",\"contentUrl\":\"https:\\\/\\\/secure.gravatar.com\\\/avatar\\\/ac5001d2a36cb6c6cd3e50789007ffca834b477b74a2144564522e944eabff61?s=96&d=mm&r=g\",\"caption\":\"thomas.berner\"},\"url\":\"https:\\\/\\\/www.organisator.ch\\\/fr\\\/author\\\/thomas-berner\\\/\"}]}<\/script>\n<!-- \/ Yoast SEO plugin. -->","yoast_head_json":{"title":"Regroupement de plateformes en ligne : Visable comme nouveau toit pour \"Wer liefert was\" et Europages - Organisateur","description":"Les plateformes en ligne \"Wer liefert was\" (wlw) et Europages vont fusionner pour former une nouvelle entreprise baptis\u00e9e \"Visable\".","robots":{"index":"index","follow":"follow","max-snippet":"max-snippet:-1","max-image-preview":"max-image-preview:large","max-video-preview":"max-video-preview:-1"},"canonical":"https:\/\/www.organisator.ch\/fr\/marketing\/2019-05-27\/zusammenschluss-von-online-plattformen-visable-als-neues-dach-fuer-wer-liefert-was-und-europages\/","og_locale":"fr_FR","og_type":"article","og_title":"Zusammenschluss von Online-Plattformen: Visable als neues Dach f\u00fcr \u00abWer liefert was\u00bb und Europages","og_description":"Die Online-Plattformen \u00abWer liefert was\u00bb (wlw) und Europages werden zu einem neuen Unternehmen mit dem Namen \u00abVisable\u00bb zusammengef\u00fchrt.","og_url":"https:\/\/www.organisator.ch\/fr\/marketing\/2019-05-27\/zusammenschluss-von-online-plattformen-visable-als-neues-dach-fuer-wer-liefert-was-und-europages\/","og_site_name":"Organisator","article_publisher":"https:\/\/www.facebook.com\/OrganisatorFachmagazin","article_published_time":"2019-05-27T07:30:28+00:00","og_image":[{"width":680,"height":453,"url":"https:\/\/www.organisator.ch\/wp-content\/uploads\/2019\/05\/Zusammenschluss-von-Online-Plattformen-Visable-als-neues-Dach-fuer-Wer-liefert-was-und-Europages-1_Organisator.jpg","type":"image\/jpeg"}],"author":"thomas.berner","twitter_card":"summary_large_image","twitter_title":"Zusammenschluss von #Online-Plattformen: #Visable als neues Dach f\u00fcr \u00abWer liefert was\u00bb und Europages","twitter_description":"Die Online-Plattformen \u00abWer liefert was\u00bb (wlw) und Europages werden zu einem neuen Unternehmen mit dem Namen \u00ab#Visable\u00bb zusammengef\u00fchrt.","twitter_image":"https:\/\/www.organisator.ch\/wp-content\/uploads\/2019\/05\/Zusammenschluss-von-Online-Plattformen-Visable-als-neues-Dach-f\u00fcr-Wer-liefert-was-und-Europages-1_Organisator.jpg","schema":{"@context":"https:\/\/schema.org","@graph":[{"@type":"Article","@id":"https:\/\/www.organisator.ch\/marketing\/2019-05-27\/zusammenschluss-von-online-plattformen-visable-als-neues-dach-fuer-wer-liefert-was-und-europages\/#article","isPartOf":{"@id":"https:\/\/www.organisator.ch\/marketing\/2019-05-27\/zusammenschluss-von-online-plattformen-visable-als-neues-dach-fuer-wer-liefert-was-und-europages\/"},"author":{"name":"thomas.berner","@id":"https:\/\/www.organisator.ch\/#\/schema\/person\/6f650f90b2842cd4c0cc334b4e36f67e"},"headline":"Zusammenschluss von Online-Plattformen: Visable als neues Dach f\u00fcr \u00abWer liefert was\u00bb und Europages","datePublished":"2019-05-27T07:30:28+00:00","mainEntityOfPage":{"@id":"https:\/\/www.organisator.ch\/marketing\/2019-05-27\/zusammenschluss-von-online-plattformen-visable-als-neues-dach-fuer-wer-liefert-was-und-europages\/"},"wordCount":1004,"commentCount":0,"publisher":{"@id":"https:\/\/www.organisator.ch\/#organization"},"image":{"@id":"https:\/\/www.organisator.ch\/marketing\/2019-05-27\/zusammenschluss-von-online-plattformen-visable-als-neues-dach-fuer-wer-liefert-was-und-europages\/#primaryimage"},"thumbnailUrl":"https:\/\/www.organisator.ch\/wp-content\/uploads\/2019\/05\/Zusammenschluss-von-Online-Plattformen-Visable-als-neues-Dach-fuer-Wer-liefert-was-und-Europages-1_Organisator.jpg","keywords":["B2B","E-Commerce","Marketing","M\u00e4rkte","Online-Handel"],"articleSection":["MARKETING"],"inLanguage":"fr-FR"},{"@type":"WebPage","@id":"https:\/\/www.organisator.ch\/marketing\/2019-05-27\/zusammenschluss-von-online-plattformen-visable-als-neues-dach-fuer-wer-liefert-was-und-europages\/","url":"https:\/\/www.organisator.ch\/marketing\/2019-05-27\/zusammenschluss-von-online-plattformen-visable-als-neues-dach-fuer-wer-liefert-was-und-europages\/","name":"Regroupement de plateformes en ligne : Visable comme nouveau toit pour \"Wer liefert was\" et Europages - Organisateur","isPartOf":{"@id":"https:\/\/www.organisator.ch\/#website"},"primaryImageOfPage":{"@id":"https:\/\/www.organisator.ch\/marketing\/2019-05-27\/zusammenschluss-von-online-plattformen-visable-als-neues-dach-fuer-wer-liefert-was-und-europages\/#primaryimage"},"image":{"@id":"https:\/\/www.organisator.ch\/marketing\/2019-05-27\/zusammenschluss-von-online-plattformen-visable-als-neues-dach-fuer-wer-liefert-was-und-europages\/#primaryimage"},"thumbnailUrl":"https:\/\/www.organisator.ch\/wp-content\/uploads\/2019\/05\/Zusammenschluss-von-Online-Plattformen-Visable-als-neues-Dach-fuer-Wer-liefert-was-und-Europages-1_Organisator.jpg","datePublished":"2019-05-27T07:30:28+00:00","description":"Les plateformes en ligne \"Wer liefert was\" (wlw) et Europages vont fusionner pour former une nouvelle entreprise baptis\u00e9e \"Visable\".","breadcrumb":{"@id":"https:\/\/www.organisator.ch\/marketing\/2019-05-27\/zusammenschluss-von-online-plattformen-visable-als-neues-dach-fuer-wer-liefert-was-und-europages\/#breadcrumb"},"inLanguage":"fr-FR","potentialAction":[{"@type":"ReadAction","target":["https:\/\/www.organisator.ch\/marketing\/2019-05-27\/zusammenschluss-von-online-plattformen-visable-als-neues-dach-fuer-wer-liefert-was-und-europages\/"]}]},{"@type":"ImageObject","inLanguage":"fr-FR","@id":"https:\/\/www.organisator.ch\/marketing\/2019-05-27\/zusammenschluss-von-online-plattformen-visable-als-neues-dach-fuer-wer-liefert-was-und-europages\/#primaryimage","url":"https:\/\/www.organisator.ch\/wp-content\/uploads\/2019\/05\/Zusammenschluss-von-Online-Plattformen-Visable-als-neues-Dach-fuer-Wer-liefert-was-und-Europages-1_Organisator.jpg","contentUrl":"https:\/\/www.organisator.ch\/wp-content\/uploads\/2019\/05\/Zusammenschluss-von-Online-Plattformen-Visable-als-neues-Dach-fuer-Wer-liefert-was-und-Europages-1_Organisator.jpg","width":680,"height":453,"caption":"CEO Peter F. Schmid treibt den Zusammenschluss von Online-Plattformen weiter voran: wlw und europages erhalten mit Visable ein neues Firmendach. (Bild: zVg)"},{"@type":"BreadcrumbList","@id":"https:\/\/www.organisator.ch\/marketing\/2019-05-27\/zusammenschluss-von-online-plattformen-visable-als-neues-dach-fuer-wer-liefert-was-und-europages\/#breadcrumb","itemListElement":[{"@type":"ListItem","position":1,"name":"Home","item":"https:\/\/www.organisator.ch\/"},{"@type":"ListItem","position":2,"name":"Zusammenschluss von Online-Plattformen: Visable als neues Dach f\u00fcr \u00abWer liefert was\u00bb und Europages"}]},{"@type":"WebSite","@id":"https:\/\/www.organisator.ch\/#website","url":"https:\/\/www.organisator.ch\/","name":"Organisateur","description":"Comp\u00e9tence et comp\u00e9tence. Proches de la pratique. L'ORGANISATEUR pr\u00e9pare 10 num\u00e9ros par an sur les th\u00e8mes essentiels pour les dirigeants de PME.","publisher":{"@id":"https:\/\/www.organisator.ch\/#organization"},"potentialAction":[{"@type":"SearchAction","target":{"@type":"EntryPoint","urlTemplate":"https:\/\/www.organisator.ch\/?s={search_term_string}"},"query-input":{"@type":"PropertyValueSpecification","valueRequired":true,"valueName":"search_term_string"}}],"inLanguage":"fr-FR"},{"@type":"Organization","@id":"https:\/\/www.organisator.ch\/#organization","name":"Organisateur","url":"https:\/\/www.organisator.ch\/","logo":{"@type":"ImageObject","inLanguage":"fr-FR","@id":"https:\/\/www.organisator.ch\/#\/schema\/logo\/image\/","url":"https:\/\/www.organisator.ch\/wp-content\/uploads\/2022\/01\/Logo_Organisator_Website.png","contentUrl":"https:\/\/www.organisator.ch\/wp-content\/uploads\/2022\/01\/Logo_Organisator_Website.png","width":800,"height":77,"caption":"Organisator"},"image":{"@id":"https:\/\/www.organisator.ch\/#\/schema\/logo\/image\/"},"sameAs":["https:\/\/www.facebook.com\/OrganisatorFachmagazin","https:\/\/www.linkedin.com\/showcase\/organisator-das-magazin-fr-kmu","https:\/\/www.xing.com\/news\/pages\/organisator-ch-695","https:\/\/www.youtube.com\/channel\/UCGP2Sq0iWaZwT3BdIAQFYpw"]},{"@type":"Person","@id":"https:\/\/www.organisator.ch\/#\/schema\/person\/6f650f90b2842cd4c0cc334b4e36f67e","name":"thomas.berner","image":{"@type":"ImageObject","inLanguage":"fr-FR","@id":"https:\/\/secure.gravatar.com\/avatar\/ac5001d2a36cb6c6cd3e50789007ffca834b477b74a2144564522e944eabff61?s=96&d=mm&r=g","url":"https:\/\/secure.gravatar.com\/avatar\/ac5001d2a36cb6c6cd3e50789007ffca834b477b74a2144564522e944eabff61?s=96&d=mm&r=g","contentUrl":"https:\/\/secure.gravatar.com\/avatar\/ac5001d2a36cb6c6cd3e50789007ffca834b477b74a2144564522e944eabff61?s=96&d=mm&r=g","caption":"thomas.berner"},"url":"https:\/\/www.organisator.ch\/fr\/author\/thomas-berner\/"}]}},"_links":{"self":[{"href":"https:\/\/www.organisator.ch\/fr\/wp-json\/wp\/v2\/posts\/5305","targetHints":{"allow":["GET"]}}],"collection":[{"href":"https:\/\/www.organisator.ch\/fr\/wp-json\/wp\/v2\/posts"}],"about":[{"href":"https:\/\/www.organisator.ch\/fr\/wp-json\/wp\/v2\/types\/post"}],"author":[{"embeddable":true,"href":"https:\/\/www.organisator.ch\/fr\/wp-json\/wp\/v2\/users\/4"}],"replies":[{"embeddable":true,"href":"https:\/\/www.organisator.ch\/fr\/wp-json\/wp\/v2\/comments?post=5305"}],"version-history":[{"count":0,"href":"https:\/\/www.organisator.ch\/fr\/wp-json\/wp\/v2\/posts\/5305\/revisions"}],"wp:featuredmedia":[{"embeddable":true,"href":"https:\/\/www.organisator.ch\/fr\/wp-json\/wp\/v2\/media\/5306"}],"wp:attachment":[{"href":"https:\/\/www.organisator.ch\/fr\/wp-json\/wp\/v2\/media?parent=5305"}],"wp:term":[{"taxonomy":"category","embeddable":true,"href":"https:\/\/www.organisator.ch\/fr\/wp-json\/wp\/v2\/categories?post=5305"},{"taxonomy":"post_tag","embeddable":true,"href":"https:\/\/www.organisator.ch\/fr\/wp-json\/wp\/v2\/tags?post=5305"}],"curies":[{"name":"wp","href":"https:\/\/api.w.org\/{rel}","templated":true}]}}