{"id":5382,"date":"2019-06-12T16:55:07","date_gmt":"2019-06-12T14:55:07","guid":{"rendered":"https:\/\/www.organisator.ch\/?p=5382"},"modified":"2019-06-12T16:55:07","modified_gmt":"2019-06-12T14:55:07","slug":"neuer-geschaeftsfuehrer-bei-der-sto-ag-schweiz-jan-malmstroem","status":"publish","type":"post","link":"https:\/\/www.organisator.ch\/fr\/management\/2019-06-12\/neuer-geschaeftsfuehrer-bei-der-sto-ag-schweiz-jan-malmstroem\/","title":{"rendered":"Nouveau directeur chez Sto AG Suisse : Jan Malmstr\u00f6m"},"content":{"rendered":"<figure id=\"attachment_5383\" aria-describedby=\"caption-attachment-5383\" style=\"width: 680px\" class=\"wp-caption alignnone\"><img loading=\"lazy\" decoding=\"async\" class=\"size-medium wp-image-5383\" src=\"https:\/\/www.organisator.ch\/wp-content\/uploads\/2019\/06\/Neuer-Geschaeftsfuehrer-bei-der-Sto-AG-Schweiz-Jan-Malmstroem_Organisator.jpg\" alt=\"\" width=\"680\" height=\"448\" srcset=\"https:\/\/www.organisator.ch\/wp-content\/uploads\/2019\/06\/Neuer-Geschaeftsfuehrer-bei-der-Sto-AG-Schweiz-Jan-Malmstroem_Organisator.jpg 680w, https:\/\/www.organisator.ch\/wp-content\/uploads\/2019\/06\/Neuer-Geschaeftsfuehrer-bei-der-Sto-AG-Schweiz-Jan-Malmstroem_Organisator-16x12.jpg 16w, https:\/\/www.organisator.ch\/wp-content\/uploads\/2019\/06\/Neuer-Geschaeftsfuehrer-bei-der-Sto-AG-Schweiz-Jan-Malmstroem_Organisator-266x175.jpg 266w, https:\/\/www.organisator.ch\/wp-content\/uploads\/2019\/06\/Neuer-Geschaeftsfuehrer-bei-der-Sto-AG-Schweiz-Jan-Malmstroem_Organisator-531x350.jpg 531w, https:\/\/www.organisator.ch\/wp-content\/uploads\/2019\/06\/Neuer-Geschaeftsfuehrer-bei-der-Sto-AG-Schweiz-Jan-Malmstroem_Organisator-300x198.jpg 300w\" sizes=\"auto, (max-width: 680px) 100vw, 680px\" \/><figcaption id=\"caption-attachment-5383\" class=\"wp-caption-text\">Jan Malmstr\u00f6m est depuis mai le nouveau directeur de l'\u00e9quipementier du b\u00e2timent Sto SA Suisse. (Image : zVg \/ Sto AG Suisse)<\/figcaption><\/figure>\n<p>Sto AG Suisse est une filiale du groupe international Sto. Leader dans le domaine de l'isolation thermique des fa\u00e7ades, son vaste assortiment comprend des produits pour les fa\u00e7ades, l'int\u00e9rieur, l'acoustique, les peintures et lasures, les rev\u00eatements de sol et la r\u00e9fection du b\u00e9ton. De m\u00eame, elle contribue activement \u00e0 la production d'\u00e9nergie avec son syst\u00e8me de fa\u00e7ade photovolta\u00efque. Avec le Dr Jan Malmstr\u00f6m, c'est un nouveau directeur qui prend les commandes. Derni\u00e8rement directeur des ventes et membre de la direction de Hilti Suisse SA, Jan Malmstr\u00f6m dispose d'une longue exp\u00e9rience dans les domaines de la vente, du marketing et du d\u00e9veloppement commercial dans le secteur de la sous-traitance du b\u00e2timent.<\/p>\n<p>Apr\u00e8s des \u00e9tudes de g\u00e9ologie et un doctorat r\u00e9ussi \u00e0 l'EPF de Zurich, Jan Malmstr\u00f6m a commenc\u00e9 sa carri\u00e8re professionnelle en tant que conseiller d'entreprise. Apr\u00e8s avoir travaill\u00e9 trois ans comme chef de produit dans le groupe Holcim, il a rejoint Hilti AG en 2005. Il y a occup\u00e9 le poste de directeur du marketing et de la gestion des produits, avant de prendre la responsabilit\u00e9 du secteur des canaux de distribution en 2011 en tant que membre de la direction. \u00c0 partir de 2016, Jan Malmstr\u00f6m a travaill\u00e9 chez Hilti AG en tant que directeur des ventes pour diff\u00e9rentes r\u00e9gions de Suisse.<\/p>\n<p>\"Je me r\u00e9jouis beaucoup des d\u00e9fis passionnants qui m'attendent au sein du groupe Sto. Mon objectif est de cr\u00e9er une croissance durable et rentable avec une marque et une \u00e9quipe fortes. Les produits et services de qualit\u00e9 de Sto doivent contribuer de mani\u00e8re d\u00e9cisive \u00e0 la cr\u00e9ation de valeur pour nos clients. J'attache une importance particuli\u00e8re au d\u00e9veloppement de l'esprit de service chez Sto et \u00e0 l'entretien de relations personnelles avec nos clients - ce qui constitue la base d'une r\u00e9ussite commune\", d\u00e9clare Jan Malmstr\u00f6m.<\/p>","protected":false},"excerpt":{"rendered":"<p>Die Sto AG Schweiz ist eine Tochtergesellschaft des internationalen Sto-Konzerns. F\u00fchrend im Bereich W\u00e4rmed\u00e4mmung an Fassaden, umfasst das umfangreiche Sortiment Produkte aus den Bereichen Fassade, Innenraum, Akustik, Lacke und Lasuren, Bodenbeschichtung und Betoninstandsetzung. Ebenso tr\u00e4gt sie mit ihrem Photovoltaik-Fassadensystem aktiv zur Energiegewinnung bei. Mit Dr. Jan Malmstr\u00f6m \u00fcbernimmt nun ein neuer Gesch\u00e4ftsf\u00fchrer das Steuer. Zuletzt [&hellip;]<\/p>\n","protected":false},"author":4,"featured_media":5383,"comment_status":"open","ping_status":"open","sticky":false,"template":"","format":"standard","meta":{"_acf_changed":false,"_yoast_wpseo_focuskw":"Jan Malmstr\u00f6m","_yoast_wpseo_metadesc":"Seit Anfang Mai ist Dr. Jan Malmstr\u00f6m (48) Gesch\u00e4ftsf\u00fchrer bei der Sto AG Schweiz \u2013 einer Tochtergesellschaft des internationalen Sto-Konzerns.","articlekey":"","footnotes":""},"categories":[28],"tags":[335,381,492],"class_list":["post-5382","post","type-post","status-publish","format-standard","has-post-thumbnail","hentry","category-management","tag-management-und-unternehmensfuehrung","tag-personalia","tag-unternehmen"],"acf":[],"yoast_head":"<!-- This site is optimized with the Yoast SEO plugin v27.5 - https:\/\/yoast.com\/product\/yoast-seo-wordpress\/ -->\n<title>Neuer Gesch\u00e4ftsf\u00fchrer bei der Sto AG Schweiz: Jan Malmstr\u00f6m - Organisator<\/title>\n<meta name=\"description\" content=\"Seit Anfang Mai ist Dr. Jan Malmstr\u00f6m (48) Gesch\u00e4ftsf\u00fchrer bei der Sto AG Schweiz \u2013 einer Tochtergesellschaft des internationalen Sto-Konzerns.\" \/>\n<meta name=\"robots\" content=\"index, follow, max-snippet:-1, max-image-preview:large, max-video-preview:-1\" \/>\n<link rel=\"canonical\" href=\"https:\/\/www.organisator.ch\/fr\/gestion-2\/2019-06-12\/neuer-geschaeftsfuehrer-bei-der-sto-ag-schweiz-jan-malmstroem\/\" \/>\n<meta property=\"og:locale\" content=\"fr_FR\" \/>\n<meta property=\"og:type\" content=\"article\" \/>\n<meta property=\"og:title\" content=\"Neuer Gesch\u00e4ftsf\u00fchrer bei der Sto AG Schweiz: Jan Malmstr\u00f6m\" \/>\n<meta property=\"og:description\" content=\"Seit Anfang Mai ist Dr. Jan Malmstr\u00f6m (48) Gesch\u00e4ftsf\u00fchrer bei der Sto AG Schweiz \u2013 einer Tochtergesellschaft des internationalen Sto-Konzerns.\" \/>\n<meta property=\"og:url\" content=\"https:\/\/www.organisator.ch\/fr\/gestion-2\/2019-06-12\/neuer-geschaeftsfuehrer-bei-der-sto-ag-schweiz-jan-malmstroem\/\" \/>\n<meta property=\"og:site_name\" content=\"Organisator\" \/>\n<meta property=\"article:publisher\" content=\"https:\/\/www.facebook.com\/OrganisatorFachmagazin\" \/>\n<meta property=\"article:published_time\" content=\"2019-06-12T14:55:07+00:00\" \/>\n<meta property=\"og:image\" content=\"https:\/\/www.organisator.ch\/wp-content\/uploads\/2019\/06\/Neuer-Geschaeftsfuehrer-bei-der-Sto-AG-Schweiz-Jan-Malmstroem_Organisator.jpg\" \/>\n\t<meta property=\"og:image:width\" content=\"680\" \/>\n\t<meta property=\"og:image:height\" content=\"448\" \/>\n\t<meta property=\"og:image:type\" content=\"image\/jpeg\" \/>\n<meta name=\"author\" content=\"thomas.berner\" \/>\n<meta name=\"twitter:card\" content=\"summary_large_image\" \/>\n<meta name=\"twitter:title\" content=\"Neuer Gesch\u00e4ftsf\u00fchrer bei der #Sto AG Schweiz: Jan #Malmstr\u00f6m\" \/>\n<meta name=\"twitter:description\" content=\"Seit Anfang Mai ist Dr. Jan #Malmstr\u00f6m (48) Gesch\u00e4ftsf\u00fchrer bei der #Sto AG Schweiz \u2013 einer Tochtergesellschaft des internationalen Sto-Konzerns.\" \/>\n<meta name=\"twitter:image\" content=\"https:\/\/www.organisator.ch\/wp-content\/uploads\/2019\/06\/Neuer-Gesch\u00e4ftsf\u00fchrer-bei-der-Sto-AG-Schweiz-Jan-Malmstr\u00f6m_Organisator.jpg\" \/>\n<script type=\"application\/ld+json\" class=\"yoast-schema-graph\">{\"@context\":\"https:\\\/\\\/schema.org\",\"@graph\":[{\"@type\":\"Article\",\"@id\":\"https:\\\/\\\/www.organisator.ch\\\/management\\\/2019-06-12\\\/neuer-geschaeftsfuehrer-bei-der-sto-ag-schweiz-jan-malmstroem\\\/#article\",\"isPartOf\":{\"@id\":\"https:\\\/\\\/www.organisator.ch\\\/management\\\/2019-06-12\\\/neuer-geschaeftsfuehrer-bei-der-sto-ag-schweiz-jan-malmstroem\\\/\"},\"author\":{\"name\":\"thomas.berner\",\"@id\":\"https:\\\/\\\/www.organisator.ch\\\/#\\\/schema\\\/person\\\/6f650f90b2842cd4c0cc334b4e36f67e\"},\"headline\":\"Neuer Gesch\u00e4ftsf\u00fchrer bei der Sto AG Schweiz: Jan Malmstr\u00f6m\",\"datePublished\":\"2019-06-12T14:55:07+00:00\",\"mainEntityOfPage\":{\"@id\":\"https:\\\/\\\/www.organisator.ch\\\/management\\\/2019-06-12\\\/neuer-geschaeftsfuehrer-bei-der-sto-ag-schweiz-jan-malmstroem\\\/\"},\"wordCount\":297,\"commentCount\":0,\"publisher\":{\"@id\":\"https:\\\/\\\/www.organisator.ch\\\/#organization\"},\"image\":{\"@id\":\"https:\\\/\\\/www.organisator.ch\\\/management\\\/2019-06-12\\\/neuer-geschaeftsfuehrer-bei-der-sto-ag-schweiz-jan-malmstroem\\\/#primaryimage\"},\"thumbnailUrl\":\"https:\\\/\\\/www.organisator.ch\\\/wp-content\\\/uploads\\\/2019\\\/06\\\/Neuer-Geschaeftsfuehrer-bei-der-Sto-AG-Schweiz-Jan-Malmstroem_Organisator.jpg\",\"keywords\":[\"Management und Unternehmensf\u00fchrung\",\"Personalia\",\"Unternehmen\"],\"articleSection\":[\"MANAGEMENT\"],\"inLanguage\":\"fr-FR\"},{\"@type\":\"WebPage\",\"@id\":\"https:\\\/\\\/www.organisator.ch\\\/management\\\/2019-06-12\\\/neuer-geschaeftsfuehrer-bei-der-sto-ag-schweiz-jan-malmstroem\\\/\",\"url\":\"https:\\\/\\\/www.organisator.ch\\\/management\\\/2019-06-12\\\/neuer-geschaeftsfuehrer-bei-der-sto-ag-schweiz-jan-malmstroem\\\/\",\"name\":\"Neuer Gesch\u00e4ftsf\u00fchrer bei der Sto AG Schweiz: Jan Malmstr\u00f6m - Organisator\",\"isPartOf\":{\"@id\":\"https:\\\/\\\/www.organisator.ch\\\/#website\"},\"primaryImageOfPage\":{\"@id\":\"https:\\\/\\\/www.organisator.ch\\\/management\\\/2019-06-12\\\/neuer-geschaeftsfuehrer-bei-der-sto-ag-schweiz-jan-malmstroem\\\/#primaryimage\"},\"image\":{\"@id\":\"https:\\\/\\\/www.organisator.ch\\\/management\\\/2019-06-12\\\/neuer-geschaeftsfuehrer-bei-der-sto-ag-schweiz-jan-malmstroem\\\/#primaryimage\"},\"thumbnailUrl\":\"https:\\\/\\\/www.organisator.ch\\\/wp-content\\\/uploads\\\/2019\\\/06\\\/Neuer-Geschaeftsfuehrer-bei-der-Sto-AG-Schweiz-Jan-Malmstroem_Organisator.jpg\",\"datePublished\":\"2019-06-12T14:55:07+00:00\",\"description\":\"Seit Anfang Mai ist Dr. Jan Malmstr\u00f6m (48) Gesch\u00e4ftsf\u00fchrer bei der Sto AG Schweiz \u2013 einer Tochtergesellschaft des internationalen Sto-Konzerns.\",\"breadcrumb\":{\"@id\":\"https:\\\/\\\/www.organisator.ch\\\/management\\\/2019-06-12\\\/neuer-geschaeftsfuehrer-bei-der-sto-ag-schweiz-jan-malmstroem\\\/#breadcrumb\"},\"inLanguage\":\"fr-FR\",\"potentialAction\":[{\"@type\":\"ReadAction\",\"target\":[\"https:\\\/\\\/www.organisator.ch\\\/management\\\/2019-06-12\\\/neuer-geschaeftsfuehrer-bei-der-sto-ag-schweiz-jan-malmstroem\\\/\"]}]},{\"@type\":\"ImageObject\",\"inLanguage\":\"fr-FR\",\"@id\":\"https:\\\/\\\/www.organisator.ch\\\/management\\\/2019-06-12\\\/neuer-geschaeftsfuehrer-bei-der-sto-ag-schweiz-jan-malmstroem\\\/#primaryimage\",\"url\":\"https:\\\/\\\/www.organisator.ch\\\/wp-content\\\/uploads\\\/2019\\\/06\\\/Neuer-Geschaeftsfuehrer-bei-der-Sto-AG-Schweiz-Jan-Malmstroem_Organisator.jpg\",\"contentUrl\":\"https:\\\/\\\/www.organisator.ch\\\/wp-content\\\/uploads\\\/2019\\\/06\\\/Neuer-Geschaeftsfuehrer-bei-der-Sto-AG-Schweiz-Jan-Malmstroem_Organisator.jpg\",\"width\":680,\"height\":448,\"caption\":\"Jan Malmstr\u00f6m ist seit Mai neuer Gesch\u00e4ftsf\u00fchrer des Bauzulieferers Sto AG Schweiz. (Bild: zVg \\\/ Sto AG Schweiz)\"},{\"@type\":\"BreadcrumbList\",\"@id\":\"https:\\\/\\\/www.organisator.ch\\\/management\\\/2019-06-12\\\/neuer-geschaeftsfuehrer-bei-der-sto-ag-schweiz-jan-malmstroem\\\/#breadcrumb\",\"itemListElement\":[{\"@type\":\"ListItem\",\"position\":1,\"name\":\"Home\",\"item\":\"https:\\\/\\\/www.organisator.ch\\\/\"},{\"@type\":\"ListItem\",\"position\":2,\"name\":\"Neuer Gesch\u00e4ftsf\u00fchrer bei der Sto AG Schweiz: Jan Malmstr\u00f6m\"}]},{\"@type\":\"WebSite\",\"@id\":\"https:\\\/\\\/www.organisator.ch\\\/#website\",\"url\":\"https:\\\/\\\/www.organisator.ch\\\/\",\"name\":\"Organisator\",\"description\":\"Kompetent. Praxisnah. Der ORGANISATOR bereitet in 10 Ausgaben pro Jahr die wesentlichen Themen f\u00fcr F\u00fchrungskr\u00e4fte von KMU auf.\",\"publisher\":{\"@id\":\"https:\\\/\\\/www.organisator.ch\\\/#organization\"},\"potentialAction\":[{\"@type\":\"SearchAction\",\"target\":{\"@type\":\"EntryPoint\",\"urlTemplate\":\"https:\\\/\\\/www.organisator.ch\\\/?s={search_term_string}\"},\"query-input\":{\"@type\":\"PropertyValueSpecification\",\"valueRequired\":true,\"valueName\":\"search_term_string\"}}],\"inLanguage\":\"fr-FR\"},{\"@type\":\"Organization\",\"@id\":\"https:\\\/\\\/www.organisator.ch\\\/#organization\",\"name\":\"Organisator\",\"url\":\"https:\\\/\\\/www.organisator.ch\\\/\",\"logo\":{\"@type\":\"ImageObject\",\"inLanguage\":\"fr-FR\",\"@id\":\"https:\\\/\\\/www.organisator.ch\\\/#\\\/schema\\\/logo\\\/image\\\/\",\"url\":\"https:\\\/\\\/www.organisator.ch\\\/wp-content\\\/uploads\\\/2022\\\/01\\\/Logo_Organisator_Website.png\",\"contentUrl\":\"https:\\\/\\\/www.organisator.ch\\\/wp-content\\\/uploads\\\/2022\\\/01\\\/Logo_Organisator_Website.png\",\"width\":800,\"height\":77,\"caption\":\"Organisator\"},\"image\":{\"@id\":\"https:\\\/\\\/www.organisator.ch\\\/#\\\/schema\\\/logo\\\/image\\\/\"},\"sameAs\":[\"https:\\\/\\\/www.facebook.com\\\/OrganisatorFachmagazin\",\"https:\\\/\\\/www.linkedin.com\\\/showcase\\\/organisator-das-magazin-fr-kmu\",\"https:\\\/\\\/www.xing.com\\\/news\\\/pages\\\/organisator-ch-695\",\"https:\\\/\\\/www.youtube.com\\\/channel\\\/UCGP2Sq0iWaZwT3BdIAQFYpw\"]},{\"@type\":\"Person\",\"@id\":\"https:\\\/\\\/www.organisator.ch\\\/#\\\/schema\\\/person\\\/6f650f90b2842cd4c0cc334b4e36f67e\",\"name\":\"thomas.berner\",\"image\":{\"@type\":\"ImageObject\",\"inLanguage\":\"fr-FR\",\"@id\":\"https:\\\/\\\/secure.gravatar.com\\\/avatar\\\/ac5001d2a36cb6c6cd3e50789007ffca834b477b74a2144564522e944eabff61?s=96&d=mm&r=g\",\"url\":\"https:\\\/\\\/secure.gravatar.com\\\/avatar\\\/ac5001d2a36cb6c6cd3e50789007ffca834b477b74a2144564522e944eabff61?s=96&d=mm&r=g\",\"contentUrl\":\"https:\\\/\\\/secure.gravatar.com\\\/avatar\\\/ac5001d2a36cb6c6cd3e50789007ffca834b477b74a2144564522e944eabff61?s=96&d=mm&r=g\",\"caption\":\"thomas.berner\"},\"url\":\"https:\\\/\\\/www.organisator.ch\\\/fr\\\/author\\\/thomas-berner\\\/\"}]}<\/script>\n<!-- \/ Yoast SEO plugin. -->","yoast_head_json":{"title":"Nouveau directeur chez Sto AG Suisse : Jan Malmstr\u00f6m - Organisateur","description":"Depuis d\u00e9but mai, Dr Jan Malmstr\u00f6m (48 ans) est directeur de Sto AG Suisse - une filiale du groupe international Sto.","robots":{"index":"index","follow":"follow","max-snippet":"max-snippet:-1","max-image-preview":"max-image-preview:large","max-video-preview":"max-video-preview:-1"},"canonical":"https:\/\/www.organisator.ch\/fr\/gestion-2\/2019-06-12\/neuer-geschaeftsfuehrer-bei-der-sto-ag-schweiz-jan-malmstroem\/","og_locale":"fr_FR","og_type":"article","og_title":"Neuer Gesch\u00e4ftsf\u00fchrer bei der Sto AG Schweiz: Jan Malmstr\u00f6m","og_description":"Seit Anfang Mai ist Dr. Jan Malmstr\u00f6m (48) Gesch\u00e4ftsf\u00fchrer bei der Sto AG Schweiz \u2013 einer Tochtergesellschaft des internationalen Sto-Konzerns.","og_url":"https:\/\/www.organisator.ch\/fr\/gestion-2\/2019-06-12\/neuer-geschaeftsfuehrer-bei-der-sto-ag-schweiz-jan-malmstroem\/","og_site_name":"Organisator","article_publisher":"https:\/\/www.facebook.com\/OrganisatorFachmagazin","article_published_time":"2019-06-12T14:55:07+00:00","og_image":[{"width":680,"height":448,"url":"https:\/\/www.organisator.ch\/wp-content\/uploads\/2019\/06\/Neuer-Geschaeftsfuehrer-bei-der-Sto-AG-Schweiz-Jan-Malmstroem_Organisator.jpg","type":"image\/jpeg"}],"author":"thomas.berner","twitter_card":"summary_large_image","twitter_title":"Neuer Gesch\u00e4ftsf\u00fchrer bei der #Sto AG Schweiz: Jan #Malmstr\u00f6m","twitter_description":"Seit Anfang Mai ist Dr. Jan #Malmstr\u00f6m (48) Gesch\u00e4ftsf\u00fchrer bei der #Sto AG Schweiz \u2013 einer Tochtergesellschaft des internationalen Sto-Konzerns.","twitter_image":"https:\/\/www.organisator.ch\/wp-content\/uploads\/2019\/06\/Neuer-Gesch\u00e4ftsf\u00fchrer-bei-der-Sto-AG-Schweiz-Jan-Malmstr\u00f6m_Organisator.jpg","schema":{"@context":"https:\/\/schema.org","@graph":[{"@type":"Article","@id":"https:\/\/www.organisator.ch\/management\/2019-06-12\/neuer-geschaeftsfuehrer-bei-der-sto-ag-schweiz-jan-malmstroem\/#article","isPartOf":{"@id":"https:\/\/www.organisator.ch\/management\/2019-06-12\/neuer-geschaeftsfuehrer-bei-der-sto-ag-schweiz-jan-malmstroem\/"},"author":{"name":"thomas.berner","@id":"https:\/\/www.organisator.ch\/#\/schema\/person\/6f650f90b2842cd4c0cc334b4e36f67e"},"headline":"Neuer Gesch\u00e4ftsf\u00fchrer bei der Sto AG Schweiz: Jan Malmstr\u00f6m","datePublished":"2019-06-12T14:55:07+00:00","mainEntityOfPage":{"@id":"https:\/\/www.organisator.ch\/management\/2019-06-12\/neuer-geschaeftsfuehrer-bei-der-sto-ag-schweiz-jan-malmstroem\/"},"wordCount":297,"commentCount":0,"publisher":{"@id":"https:\/\/www.organisator.ch\/#organization"},"image":{"@id":"https:\/\/www.organisator.ch\/management\/2019-06-12\/neuer-geschaeftsfuehrer-bei-der-sto-ag-schweiz-jan-malmstroem\/#primaryimage"},"thumbnailUrl":"https:\/\/www.organisator.ch\/wp-content\/uploads\/2019\/06\/Neuer-Geschaeftsfuehrer-bei-der-Sto-AG-Schweiz-Jan-Malmstroem_Organisator.jpg","keywords":["Management und Unternehmensf\u00fchrung","Personalia","Unternehmen"],"articleSection":["MANAGEMENT"],"inLanguage":"fr-FR"},{"@type":"WebPage","@id":"https:\/\/www.organisator.ch\/management\/2019-06-12\/neuer-geschaeftsfuehrer-bei-der-sto-ag-schweiz-jan-malmstroem\/","url":"https:\/\/www.organisator.ch\/management\/2019-06-12\/neuer-geschaeftsfuehrer-bei-der-sto-ag-schweiz-jan-malmstroem\/","name":"Nouveau directeur chez Sto AG Suisse : Jan Malmstr\u00f6m - Organisateur","isPartOf":{"@id":"https:\/\/www.organisator.ch\/#website"},"primaryImageOfPage":{"@id":"https:\/\/www.organisator.ch\/management\/2019-06-12\/neuer-geschaeftsfuehrer-bei-der-sto-ag-schweiz-jan-malmstroem\/#primaryimage"},"image":{"@id":"https:\/\/www.organisator.ch\/management\/2019-06-12\/neuer-geschaeftsfuehrer-bei-der-sto-ag-schweiz-jan-malmstroem\/#primaryimage"},"thumbnailUrl":"https:\/\/www.organisator.ch\/wp-content\/uploads\/2019\/06\/Neuer-Geschaeftsfuehrer-bei-der-Sto-AG-Schweiz-Jan-Malmstroem_Organisator.jpg","datePublished":"2019-06-12T14:55:07+00:00","description":"Depuis d\u00e9but mai, Dr Jan Malmstr\u00f6m (48 ans) est directeur de Sto AG Suisse - une filiale du groupe international Sto.","breadcrumb":{"@id":"https:\/\/www.organisator.ch\/management\/2019-06-12\/neuer-geschaeftsfuehrer-bei-der-sto-ag-schweiz-jan-malmstroem\/#breadcrumb"},"inLanguage":"fr-FR","potentialAction":[{"@type":"ReadAction","target":["https:\/\/www.organisator.ch\/management\/2019-06-12\/neuer-geschaeftsfuehrer-bei-der-sto-ag-schweiz-jan-malmstroem\/"]}]},{"@type":"ImageObject","inLanguage":"fr-FR","@id":"https:\/\/www.organisator.ch\/management\/2019-06-12\/neuer-geschaeftsfuehrer-bei-der-sto-ag-schweiz-jan-malmstroem\/#primaryimage","url":"https:\/\/www.organisator.ch\/wp-content\/uploads\/2019\/06\/Neuer-Geschaeftsfuehrer-bei-der-Sto-AG-Schweiz-Jan-Malmstroem_Organisator.jpg","contentUrl":"https:\/\/www.organisator.ch\/wp-content\/uploads\/2019\/06\/Neuer-Geschaeftsfuehrer-bei-der-Sto-AG-Schweiz-Jan-Malmstroem_Organisator.jpg","width":680,"height":448,"caption":"Jan Malmstr\u00f6m ist seit Mai neuer Gesch\u00e4ftsf\u00fchrer des Bauzulieferers Sto AG Schweiz. (Bild: zVg \/ Sto AG Schweiz)"},{"@type":"BreadcrumbList","@id":"https:\/\/www.organisator.ch\/management\/2019-06-12\/neuer-geschaeftsfuehrer-bei-der-sto-ag-schweiz-jan-malmstroem\/#breadcrumb","itemListElement":[{"@type":"ListItem","position":1,"name":"Home","item":"https:\/\/www.organisator.ch\/"},{"@type":"ListItem","position":2,"name":"Neuer Gesch\u00e4ftsf\u00fchrer bei der Sto AG Schweiz: Jan Malmstr\u00f6m"}]},{"@type":"WebSite","@id":"https:\/\/www.organisator.ch\/#website","url":"https:\/\/www.organisator.ch\/","name":"Organisateur","description":"Comp\u00e9tence et comp\u00e9tence. Proches de la pratique. L'ORGANISATEUR pr\u00e9pare 10 num\u00e9ros par an sur les th\u00e8mes essentiels pour les dirigeants de PME.","publisher":{"@id":"https:\/\/www.organisator.ch\/#organization"},"potentialAction":[{"@type":"SearchAction","target":{"@type":"EntryPoint","urlTemplate":"https:\/\/www.organisator.ch\/?s={search_term_string}"},"query-input":{"@type":"PropertyValueSpecification","valueRequired":true,"valueName":"search_term_string"}}],"inLanguage":"fr-FR"},{"@type":"Organization","@id":"https:\/\/www.organisator.ch\/#organization","name":"Organisateur","url":"https:\/\/www.organisator.ch\/","logo":{"@type":"ImageObject","inLanguage":"fr-FR","@id":"https:\/\/www.organisator.ch\/#\/schema\/logo\/image\/","url":"https:\/\/www.organisator.ch\/wp-content\/uploads\/2022\/01\/Logo_Organisator_Website.png","contentUrl":"https:\/\/www.organisator.ch\/wp-content\/uploads\/2022\/01\/Logo_Organisator_Website.png","width":800,"height":77,"caption":"Organisator"},"image":{"@id":"https:\/\/www.organisator.ch\/#\/schema\/logo\/image\/"},"sameAs":["https:\/\/www.facebook.com\/OrganisatorFachmagazin","https:\/\/www.linkedin.com\/showcase\/organisator-das-magazin-fr-kmu","https:\/\/www.xing.com\/news\/pages\/organisator-ch-695","https:\/\/www.youtube.com\/channel\/UCGP2Sq0iWaZwT3BdIAQFYpw"]},{"@type":"Person","@id":"https:\/\/www.organisator.ch\/#\/schema\/person\/6f650f90b2842cd4c0cc334b4e36f67e","name":"thomas.berner","image":{"@type":"ImageObject","inLanguage":"fr-FR","@id":"https:\/\/secure.gravatar.com\/avatar\/ac5001d2a36cb6c6cd3e50789007ffca834b477b74a2144564522e944eabff61?s=96&d=mm&r=g","url":"https:\/\/secure.gravatar.com\/avatar\/ac5001d2a36cb6c6cd3e50789007ffca834b477b74a2144564522e944eabff61?s=96&d=mm&r=g","contentUrl":"https:\/\/secure.gravatar.com\/avatar\/ac5001d2a36cb6c6cd3e50789007ffca834b477b74a2144564522e944eabff61?s=96&d=mm&r=g","caption":"thomas.berner"},"url":"https:\/\/www.organisator.ch\/fr\/author\/thomas-berner\/"}]}},"_links":{"self":[{"href":"https:\/\/www.organisator.ch\/fr\/wp-json\/wp\/v2\/posts\/5382","targetHints":{"allow":["GET"]}}],"collection":[{"href":"https:\/\/www.organisator.ch\/fr\/wp-json\/wp\/v2\/posts"}],"about":[{"href":"https:\/\/www.organisator.ch\/fr\/wp-json\/wp\/v2\/types\/post"}],"author":[{"embeddable":true,"href":"https:\/\/www.organisator.ch\/fr\/wp-json\/wp\/v2\/users\/4"}],"replies":[{"embeddable":true,"href":"https:\/\/www.organisator.ch\/fr\/wp-json\/wp\/v2\/comments?post=5382"}],"version-history":[{"count":0,"href":"https:\/\/www.organisator.ch\/fr\/wp-json\/wp\/v2\/posts\/5382\/revisions"}],"wp:featuredmedia":[{"embeddable":true,"href":"https:\/\/www.organisator.ch\/fr\/wp-json\/wp\/v2\/media\/5383"}],"wp:attachment":[{"href":"https:\/\/www.organisator.ch\/fr\/wp-json\/wp\/v2\/media?parent=5382"}],"wp:term":[{"taxonomy":"category","embeddable":true,"href":"https:\/\/www.organisator.ch\/fr\/wp-json\/wp\/v2\/categories?post=5382"},{"taxonomy":"post_tag","embeddable":true,"href":"https:\/\/www.organisator.ch\/fr\/wp-json\/wp\/v2\/tags?post=5382"}],"curies":[{"name":"wp","href":"https:\/\/api.w.org\/{rel}","templated":true}]}}