{"id":5392,"date":"2019-06-25T13:45:46","date_gmt":"2019-06-25T11:45:46","guid":{"rendered":"https:\/\/www.organisator.ch\/?p=5392"},"modified":"2019-06-25T13:45:46","modified_gmt":"2019-06-25T11:45:46","slug":"die-sicherheit-als-schluesselfaktor-im-digital-workplace","status":"publish","type":"post","link":"https:\/\/www.organisator.ch\/fr\/management\/it\/2019-06-25\/die-sicherheit-als-schluesselfaktor-im-digital-workplace\/","title":{"rendered":"La s\u00e9curit\u00e9, un facteur cl\u00e9 dans le Digital Workplace"},"content":{"rendered":"<figure id=\"attachment_5444\" aria-describedby=\"caption-attachment-5444\" style=\"width: 680px\" class=\"wp-caption alignnone\"><img loading=\"lazy\" decoding=\"async\" class=\"size-medium wp-image-5444\" src=\"https:\/\/www.organisator.ch\/wp-content\/uploads\/2019\/06\/Die-Sicherheit-als-Schluesselfaktor-im-Digital-Workplace_Organisator.jpg\" alt=\"\" width=\"680\" height=\"366\" srcset=\"https:\/\/www.organisator.ch\/wp-content\/uploads\/2019\/06\/Die-Sicherheit-als-Schluesselfaktor-im-Digital-Workplace_Organisator.jpg 680w, https:\/\/www.organisator.ch\/wp-content\/uploads\/2019\/06\/Die-Sicherheit-als-Schluesselfaktor-im-Digital-Workplace_Organisator-16x9.jpg 16w, https:\/\/www.organisator.ch\/wp-content\/uploads\/2019\/06\/Die-Sicherheit-als-Schluesselfaktor-im-Digital-Workplace_Organisator-325x175.jpg 325w, https:\/\/www.organisator.ch\/wp-content\/uploads\/2019\/06\/Die-Sicherheit-als-Schluesselfaktor-im-Digital-Workplace_Organisator-650x350.jpg 650w, https:\/\/www.organisator.ch\/wp-content\/uploads\/2019\/06\/Die-Sicherheit-als-Schluesselfaktor-im-Digital-Workplace_Organisator-300x161.jpg 300w\" sizes=\"auto, (max-width: 680px) 100vw, 680px\" \/><figcaption id=\"caption-attachment-5444\" class=\"wp-caption-text\">En mati\u00e8re de travail mobile, la s\u00e9curit\u00e9 doit \u00eatre consid\u00e9r\u00e9e comme un facteur cl\u00e9. (Image : Pixabay.com)<\/figcaption><\/figure>\n<p>Le travail mobile est \u00e0 la mode. De nombreux collaborateurs d\u00e9placent leur bureau dans l'entreprise vers leur bureau \u00e0 domicile et acc\u00e8dent aux ressources de l'entreprise \u00e0 partir de l\u00e0. Qu'en est-il de la s\u00e9curit\u00e9 informatique ? Les donn\u00e9es d'entreprise sont plus expos\u00e9es, le risque de perte de donn\u00e9es par des cyberattaques sur les r\u00e9seaux d'entreprise augmente.<\/p>\n<p><strong>Aborder la s\u00e9curit\u00e9 informatique sous diff\u00e9rents angles<\/strong><\/p>\n<p>Non seulement la s\u00e9curisation des canaux d'information est au centre des pr\u00e9occupations, mais la s\u00e9curisation des informations et des donn\u00e9es elles-m\u00eames devient de plus en plus importante et exigeante. Selon le concept, il faut envisager la s\u00e9curit\u00e9 informatique sous diff\u00e9rents angles, car chaque technologie implique une solution diff\u00e9rente.<\/p>\n<p><strong>Un bon concept minimise la perte de confort<\/strong><\/p>\n<p>La s\u00e9curit\u00e9 informatique est un curseur entre le confort et la s\u00e9curit\u00e9. Si vous voulez une s\u00e9curit\u00e9 informatique \u00e9lev\u00e9e, vous devez accepter de faire des concessions sur le confort de l'utilisateur. Avec un bon concept, vous minimisez la perte de confort tout en conservant une s\u00e9curit\u00e9 informatique \u00e9lev\u00e9e. Deux exemples :<\/p>\n<ul>\n<li>Dans le Digital Workplace avec un concept de Virtual Desktop et des produits de Citrix, les donn\u00e9es ne quittent pas le centre de donn\u00e9es. L'exploitation des bureaux virtuels dans le centre de donn\u00e9es garantit une s\u00e9curit\u00e9 informatique \u00e9lev\u00e9e. Il est possible de d\u00e9finir tr\u00e8s pr\u00e9cis\u00e9ment comment placer le curseur entre confort et s\u00e9curit\u00e9. Vous d\u00e9cidez dans quelles circonstances les donn\u00e9es du bureau virtuel peuvent \u00eatre t\u00e9l\u00e9charg\u00e9es sur les terminaux. Par exemple, si vous travaillez sur le r\u00e9seau de l'entreprise ou si vous y acc\u00e9dez \u00e0 partir de l'ordinateur portable de l'entreprise.<\/li>\n<li>La s\u00e9curit\u00e9 informatique prend de plus en plus d'importance avec les charges de travail en nuage, car les utilisateurs int\u00e8grent de plus en plus des services tels que Dropbox et Microsoft OneDrive dans leur travail quotidien. Sans un concept de conservation des donn\u00e9es, les donn\u00e9es de votre entreprise se dispersent de plus en plus sans que vous en gardiez le contr\u00f4le. Un bon concept de gestion des donn\u00e9es est donc indispensable, surtout lors de l'utilisation de services en nuage.<\/li>\n<\/ul>\n<p><i>Auteur :<br \/>\n<\/i><em>Thomas Bossard est architecte ICT chez GIA Informatik AG, Peyermattstrasse 3, CH-4665 Oftringen. <a href=\"http:\/\/www.gia.ch\/\">www.gia.ch<\/a><\/em><\/p>","protected":false},"excerpt":{"rendered":"<p>Mobiles Arbeiten ist in. Viele Mitarbeitende verlagern ihren Schreibtisch im Unternehmen ins Homeoffice und greifen von dort auf die Unternehmensressourcen zu. Wie sieht es mit der IT-Sicherheit aus? Firmendaten sind st\u00e4rker exponiert, die Gefahr von Datenverlusten durch Cyberattacken auf die Unternehmensnetzwerke w\u00e4chst. IT-Sicherheit aus verschiedenen Blickwinkeln betrachten Nicht nur die Absicherung der Informationskan\u00e4le steht im [&hellip;]<\/p>\n","protected":false},"author":7,"featured_media":5444,"comment_status":"open","ping_status":"open","sticky":false,"template":"","format":"standard","meta":{"_acf_changed":false,"_yoast_wpseo_focuskw":"Sicherheit als Schl\u00fcsselfaktor","_yoast_wpseo_metadesc":"Den Digital Workplace einrichten und optimal nutzen: Hinzu kommt die Beachtung der Sicherheit als Schl\u00fcsselfaktor.","articlekey":"","footnotes":""},"categories":[27],"tags":[155,259,289],"class_list":["post-5392","post","type-post","status-publish","format-standard","has-post-thumbnail","hentry","category-it","tag-digital-workplace","tag-ict","tag-it-sicherheit"],"acf":[],"yoast_head":"<!-- This site is optimized with the Yoast SEO plugin v27.4 - https:\/\/yoast.com\/product\/yoast-seo-wordpress\/ -->\n<title>Die Sicherheit als Schl\u00fcsselfaktor im Digital Workplace - Organisator<\/title>\n<meta name=\"description\" content=\"Den Digital Workplace einrichten und optimal nutzen: Hinzu kommt die Beachtung der Sicherheit als Schl\u00fcsselfaktor.\" \/>\n<meta name=\"robots\" content=\"index, follow, max-snippet:-1, max-image-preview:large, max-video-preview:-1\" \/>\n<link rel=\"canonical\" href=\"https:\/\/www.organisator.ch\/fr\/gestion-2\/it\/2019-06-25\/die-sicherheit-als-schluesselfaktor-im-digital-workplace\/\" \/>\n<meta property=\"og:locale\" content=\"fr_FR\" \/>\n<meta property=\"og:type\" content=\"article\" \/>\n<meta property=\"og:title\" content=\"Die Sicherheit als Schl\u00fcsselfaktor im Digital Workplace\" \/>\n<meta property=\"og:description\" content=\"Den Digital Workplace einrichten und optimal nutzen: Hinzu kommt die Beachtung der Sicherheit als Schl\u00fcsselfaktor.\" \/>\n<meta property=\"og:url\" content=\"https:\/\/www.organisator.ch\/fr\/gestion-2\/it\/2019-06-25\/die-sicherheit-als-schluesselfaktor-im-digital-workplace\/\" \/>\n<meta property=\"og:site_name\" content=\"Organisator\" \/>\n<meta property=\"article:publisher\" content=\"https:\/\/www.facebook.com\/OrganisatorFachmagazin\" \/>\n<meta property=\"article:published_time\" content=\"2019-06-25T11:45:46+00:00\" \/>\n<meta property=\"og:image\" content=\"https:\/\/www.organisator.ch\/wp-content\/uploads\/2019\/06\/Die-Sicherheit-als-Schluesselfaktor-im-Digital-Workplace_Organisator.jpg\" \/>\n\t<meta property=\"og:image:width\" content=\"680\" \/>\n\t<meta property=\"og:image:height\" content=\"366\" \/>\n\t<meta property=\"og:image:type\" content=\"image\/jpeg\" \/>\n<meta name=\"author\" content=\"K4-Import\" \/>\n<meta name=\"twitter:card\" content=\"summary_large_image\" \/>\n<meta name=\"twitter:title\" content=\"Die Sicherheit als #Schl\u00fcsselfaktor im Digital Workplace\" \/>\n<meta name=\"twitter:description\" content=\"Den #DigitalWorkplace einrichten und optimal nutzen: Hinzu kommt die Beachtung der Sicherheit als Schl\u00fcsselfaktor.\" \/>\n<meta name=\"twitter:image\" content=\"https:\/\/www.organisator.ch\/wp-content\/uploads\/2019\/06\/Die-Sicherheit-als-Schl\u00fcsselfaktor-im-Digital-Workplace_Organisator.jpg\" \/>\n<script type=\"application\/ld+json\" class=\"yoast-schema-graph\">{\"@context\":\"https:\\\/\\\/schema.org\",\"@graph\":[{\"@type\":\"Article\",\"@id\":\"https:\\\/\\\/www.organisator.ch\\\/management\\\/it\\\/2019-06-25\\\/die-sicherheit-als-schluesselfaktor-im-digital-workplace\\\/#article\",\"isPartOf\":{\"@id\":\"https:\\\/\\\/www.organisator.ch\\\/management\\\/it\\\/2019-06-25\\\/die-sicherheit-als-schluesselfaktor-im-digital-workplace\\\/\"},\"author\":{\"name\":\"K4-Import\",\"@id\":\"https:\\\/\\\/www.organisator.ch\\\/#\\\/schema\\\/person\\\/dd8ffea01043c9c41d7718296a158fac\"},\"headline\":\"Die Sicherheit als Schl\u00fcsselfaktor im Digital Workplace\",\"datePublished\":\"2019-06-25T11:45:46+00:00\",\"mainEntityOfPage\":{\"@id\":\"https:\\\/\\\/www.organisator.ch\\\/management\\\/it\\\/2019-06-25\\\/die-sicherheit-als-schluesselfaktor-im-digital-workplace\\\/\"},\"wordCount\":310,\"commentCount\":0,\"publisher\":{\"@id\":\"https:\\\/\\\/www.organisator.ch\\\/#organization\"},\"image\":{\"@id\":\"https:\\\/\\\/www.organisator.ch\\\/management\\\/it\\\/2019-06-25\\\/die-sicherheit-als-schluesselfaktor-im-digital-workplace\\\/#primaryimage\"},\"thumbnailUrl\":\"https:\\\/\\\/www.organisator.ch\\\/wp-content\\\/uploads\\\/2019\\\/06\\\/Die-Sicherheit-als-Schluesselfaktor-im-Digital-Workplace_Organisator.jpg\",\"keywords\":[\"Digital Workplace\",\"ICT\",\"IT-Sicherheit\"],\"articleSection\":[\"IT\"],\"inLanguage\":\"fr-FR\"},{\"@type\":\"WebPage\",\"@id\":\"https:\\\/\\\/www.organisator.ch\\\/management\\\/it\\\/2019-06-25\\\/die-sicherheit-als-schluesselfaktor-im-digital-workplace\\\/\",\"url\":\"https:\\\/\\\/www.organisator.ch\\\/management\\\/it\\\/2019-06-25\\\/die-sicherheit-als-schluesselfaktor-im-digital-workplace\\\/\",\"name\":\"Die Sicherheit als Schl\u00fcsselfaktor im Digital Workplace - Organisator\",\"isPartOf\":{\"@id\":\"https:\\\/\\\/www.organisator.ch\\\/#website\"},\"primaryImageOfPage\":{\"@id\":\"https:\\\/\\\/www.organisator.ch\\\/management\\\/it\\\/2019-06-25\\\/die-sicherheit-als-schluesselfaktor-im-digital-workplace\\\/#primaryimage\"},\"image\":{\"@id\":\"https:\\\/\\\/www.organisator.ch\\\/management\\\/it\\\/2019-06-25\\\/die-sicherheit-als-schluesselfaktor-im-digital-workplace\\\/#primaryimage\"},\"thumbnailUrl\":\"https:\\\/\\\/www.organisator.ch\\\/wp-content\\\/uploads\\\/2019\\\/06\\\/Die-Sicherheit-als-Schluesselfaktor-im-Digital-Workplace_Organisator.jpg\",\"datePublished\":\"2019-06-25T11:45:46+00:00\",\"description\":\"Den Digital Workplace einrichten und optimal nutzen: Hinzu kommt die Beachtung der Sicherheit als Schl\u00fcsselfaktor.\",\"breadcrumb\":{\"@id\":\"https:\\\/\\\/www.organisator.ch\\\/management\\\/it\\\/2019-06-25\\\/die-sicherheit-als-schluesselfaktor-im-digital-workplace\\\/#breadcrumb\"},\"inLanguage\":\"fr-FR\",\"potentialAction\":[{\"@type\":\"ReadAction\",\"target\":[\"https:\\\/\\\/www.organisator.ch\\\/management\\\/it\\\/2019-06-25\\\/die-sicherheit-als-schluesselfaktor-im-digital-workplace\\\/\"]}]},{\"@type\":\"ImageObject\",\"inLanguage\":\"fr-FR\",\"@id\":\"https:\\\/\\\/www.organisator.ch\\\/management\\\/it\\\/2019-06-25\\\/die-sicherheit-als-schluesselfaktor-im-digital-workplace\\\/#primaryimage\",\"url\":\"https:\\\/\\\/www.organisator.ch\\\/wp-content\\\/uploads\\\/2019\\\/06\\\/Die-Sicherheit-als-Schluesselfaktor-im-Digital-Workplace_Organisator.jpg\",\"contentUrl\":\"https:\\\/\\\/www.organisator.ch\\\/wp-content\\\/uploads\\\/2019\\\/06\\\/Die-Sicherheit-als-Schluesselfaktor-im-Digital-Workplace_Organisator.jpg\",\"width\":680,\"height\":366,\"caption\":\"Beim mobilen Arbeiten ist die Sicherheit als Schl\u00fcsselfaktor zu betrachten. (Bild: Pixabay.com)\"},{\"@type\":\"BreadcrumbList\",\"@id\":\"https:\\\/\\\/www.organisator.ch\\\/management\\\/it\\\/2019-06-25\\\/die-sicherheit-als-schluesselfaktor-im-digital-workplace\\\/#breadcrumb\",\"itemListElement\":[{\"@type\":\"ListItem\",\"position\":1,\"name\":\"Home\",\"item\":\"https:\\\/\\\/www.organisator.ch\\\/\"},{\"@type\":\"ListItem\",\"position\":2,\"name\":\"Die Sicherheit als Schl\u00fcsselfaktor im Digital Workplace\"}]},{\"@type\":\"WebSite\",\"@id\":\"https:\\\/\\\/www.organisator.ch\\\/#website\",\"url\":\"https:\\\/\\\/www.organisator.ch\\\/\",\"name\":\"Organisator\",\"description\":\"Kompetent. Praxisnah. Der ORGANISATOR bereitet in 10 Ausgaben pro Jahr die wesentlichen Themen f\u00fcr F\u00fchrungskr\u00e4fte von KMU auf.\",\"publisher\":{\"@id\":\"https:\\\/\\\/www.organisator.ch\\\/#organization\"},\"potentialAction\":[{\"@type\":\"SearchAction\",\"target\":{\"@type\":\"EntryPoint\",\"urlTemplate\":\"https:\\\/\\\/www.organisator.ch\\\/?s={search_term_string}\"},\"query-input\":{\"@type\":\"PropertyValueSpecification\",\"valueRequired\":true,\"valueName\":\"search_term_string\"}}],\"inLanguage\":\"fr-FR\"},{\"@type\":\"Organization\",\"@id\":\"https:\\\/\\\/www.organisator.ch\\\/#organization\",\"name\":\"Organisator\",\"url\":\"https:\\\/\\\/www.organisator.ch\\\/\",\"logo\":{\"@type\":\"ImageObject\",\"inLanguage\":\"fr-FR\",\"@id\":\"https:\\\/\\\/www.organisator.ch\\\/#\\\/schema\\\/logo\\\/image\\\/\",\"url\":\"https:\\\/\\\/www.organisator.ch\\\/wp-content\\\/uploads\\\/2022\\\/01\\\/Logo_Organisator_Website.png\",\"contentUrl\":\"https:\\\/\\\/www.organisator.ch\\\/wp-content\\\/uploads\\\/2022\\\/01\\\/Logo_Organisator_Website.png\",\"width\":800,\"height\":77,\"caption\":\"Organisator\"},\"image\":{\"@id\":\"https:\\\/\\\/www.organisator.ch\\\/#\\\/schema\\\/logo\\\/image\\\/\"},\"sameAs\":[\"https:\\\/\\\/www.facebook.com\\\/OrganisatorFachmagazin\",\"https:\\\/\\\/www.linkedin.com\\\/showcase\\\/organisator-das-magazin-fr-kmu\",\"https:\\\/\\\/www.xing.com\\\/news\\\/pages\\\/organisator-ch-695\",\"https:\\\/\\\/www.youtube.com\\\/channel\\\/UCGP2Sq0iWaZwT3BdIAQFYpw\"]},{\"@type\":\"Person\",\"@id\":\"https:\\\/\\\/www.organisator.ch\\\/#\\\/schema\\\/person\\\/dd8ffea01043c9c41d7718296a158fac\",\"name\":\"K4-Import\",\"image\":{\"@type\":\"ImageObject\",\"inLanguage\":\"fr-FR\",\"@id\":\"https:\\\/\\\/secure.gravatar.com\\\/avatar\\\/73620ab7215a54b074cc226514e02ed65cb79211bbaee1eb49b63b57e58aaad6?s=96&d=mm&r=g\",\"url\":\"https:\\\/\\\/secure.gravatar.com\\\/avatar\\\/73620ab7215a54b074cc226514e02ed65cb79211bbaee1eb49b63b57e58aaad6?s=96&d=mm&r=g\",\"contentUrl\":\"https:\\\/\\\/secure.gravatar.com\\\/avatar\\\/73620ab7215a54b074cc226514e02ed65cb79211bbaee1eb49b63b57e58aaad6?s=96&d=mm&r=g\",\"caption\":\"K4-Import\"},\"url\":\"https:\\\/\\\/www.organisator.ch\\\/fr\\\/author\\\/k4-import\\\/\"}]}<\/script>\n<!-- \/ Yoast SEO plugin. -->","yoast_head_json":{"title":"La s\u00e9curit\u00e9, un facteur cl\u00e9 dans le Digital Workplace - Organisateur","description":"Mettre en place le Digital Workplace et l'utiliser de mani\u00e8re optimale : A cela s'ajoute l'attention port\u00e9e \u00e0 la s\u00e9curit\u00e9 comme facteur cl\u00e9.","robots":{"index":"index","follow":"follow","max-snippet":"max-snippet:-1","max-image-preview":"max-image-preview:large","max-video-preview":"max-video-preview:-1"},"canonical":"https:\/\/www.organisator.ch\/fr\/gestion-2\/it\/2019-06-25\/die-sicherheit-als-schluesselfaktor-im-digital-workplace\/","og_locale":"fr_FR","og_type":"article","og_title":"Die Sicherheit als Schl\u00fcsselfaktor im Digital Workplace","og_description":"Den Digital Workplace einrichten und optimal nutzen: Hinzu kommt die Beachtung der Sicherheit als Schl\u00fcsselfaktor.","og_url":"https:\/\/www.organisator.ch\/fr\/gestion-2\/it\/2019-06-25\/die-sicherheit-als-schluesselfaktor-im-digital-workplace\/","og_site_name":"Organisator","article_publisher":"https:\/\/www.facebook.com\/OrganisatorFachmagazin","article_published_time":"2019-06-25T11:45:46+00:00","og_image":[{"width":680,"height":366,"url":"https:\/\/www.organisator.ch\/wp-content\/uploads\/2019\/06\/Die-Sicherheit-als-Schluesselfaktor-im-Digital-Workplace_Organisator.jpg","type":"image\/jpeg"}],"author":"K4-Import","twitter_card":"summary_large_image","twitter_title":"Die Sicherheit als #Schl\u00fcsselfaktor im Digital Workplace","twitter_description":"Den #DigitalWorkplace einrichten und optimal nutzen: Hinzu kommt die Beachtung der Sicherheit als Schl\u00fcsselfaktor.","twitter_image":"https:\/\/www.organisator.ch\/wp-content\/uploads\/2019\/06\/Die-Sicherheit-als-Schl\u00fcsselfaktor-im-Digital-Workplace_Organisator.jpg","schema":{"@context":"https:\/\/schema.org","@graph":[{"@type":"Article","@id":"https:\/\/www.organisator.ch\/management\/it\/2019-06-25\/die-sicherheit-als-schluesselfaktor-im-digital-workplace\/#article","isPartOf":{"@id":"https:\/\/www.organisator.ch\/management\/it\/2019-06-25\/die-sicherheit-als-schluesselfaktor-im-digital-workplace\/"},"author":{"name":"K4-Import","@id":"https:\/\/www.organisator.ch\/#\/schema\/person\/dd8ffea01043c9c41d7718296a158fac"},"headline":"Die Sicherheit als Schl\u00fcsselfaktor im Digital Workplace","datePublished":"2019-06-25T11:45:46+00:00","mainEntityOfPage":{"@id":"https:\/\/www.organisator.ch\/management\/it\/2019-06-25\/die-sicherheit-als-schluesselfaktor-im-digital-workplace\/"},"wordCount":310,"commentCount":0,"publisher":{"@id":"https:\/\/www.organisator.ch\/#organization"},"image":{"@id":"https:\/\/www.organisator.ch\/management\/it\/2019-06-25\/die-sicherheit-als-schluesselfaktor-im-digital-workplace\/#primaryimage"},"thumbnailUrl":"https:\/\/www.organisator.ch\/wp-content\/uploads\/2019\/06\/Die-Sicherheit-als-Schluesselfaktor-im-Digital-Workplace_Organisator.jpg","keywords":["Digital Workplace","ICT","IT-Sicherheit"],"articleSection":["IT"],"inLanguage":"fr-FR"},{"@type":"WebPage","@id":"https:\/\/www.organisator.ch\/management\/it\/2019-06-25\/die-sicherheit-als-schluesselfaktor-im-digital-workplace\/","url":"https:\/\/www.organisator.ch\/management\/it\/2019-06-25\/die-sicherheit-als-schluesselfaktor-im-digital-workplace\/","name":"La s\u00e9curit\u00e9, un facteur cl\u00e9 dans le Digital Workplace - Organisateur","isPartOf":{"@id":"https:\/\/www.organisator.ch\/#website"},"primaryImageOfPage":{"@id":"https:\/\/www.organisator.ch\/management\/it\/2019-06-25\/die-sicherheit-als-schluesselfaktor-im-digital-workplace\/#primaryimage"},"image":{"@id":"https:\/\/www.organisator.ch\/management\/it\/2019-06-25\/die-sicherheit-als-schluesselfaktor-im-digital-workplace\/#primaryimage"},"thumbnailUrl":"https:\/\/www.organisator.ch\/wp-content\/uploads\/2019\/06\/Die-Sicherheit-als-Schluesselfaktor-im-Digital-Workplace_Organisator.jpg","datePublished":"2019-06-25T11:45:46+00:00","description":"Mettre en place le Digital Workplace et l'utiliser de mani\u00e8re optimale : A cela s'ajoute l'attention port\u00e9e \u00e0 la s\u00e9curit\u00e9 comme facteur cl\u00e9.","breadcrumb":{"@id":"https:\/\/www.organisator.ch\/management\/it\/2019-06-25\/die-sicherheit-als-schluesselfaktor-im-digital-workplace\/#breadcrumb"},"inLanguage":"fr-FR","potentialAction":[{"@type":"ReadAction","target":["https:\/\/www.organisator.ch\/management\/it\/2019-06-25\/die-sicherheit-als-schluesselfaktor-im-digital-workplace\/"]}]},{"@type":"ImageObject","inLanguage":"fr-FR","@id":"https:\/\/www.organisator.ch\/management\/it\/2019-06-25\/die-sicherheit-als-schluesselfaktor-im-digital-workplace\/#primaryimage","url":"https:\/\/www.organisator.ch\/wp-content\/uploads\/2019\/06\/Die-Sicherheit-als-Schluesselfaktor-im-Digital-Workplace_Organisator.jpg","contentUrl":"https:\/\/www.organisator.ch\/wp-content\/uploads\/2019\/06\/Die-Sicherheit-als-Schluesselfaktor-im-Digital-Workplace_Organisator.jpg","width":680,"height":366,"caption":"Beim mobilen Arbeiten ist die Sicherheit als Schl\u00fcsselfaktor zu betrachten. (Bild: Pixabay.com)"},{"@type":"BreadcrumbList","@id":"https:\/\/www.organisator.ch\/management\/it\/2019-06-25\/die-sicherheit-als-schluesselfaktor-im-digital-workplace\/#breadcrumb","itemListElement":[{"@type":"ListItem","position":1,"name":"Home","item":"https:\/\/www.organisator.ch\/"},{"@type":"ListItem","position":2,"name":"Die Sicherheit als Schl\u00fcsselfaktor im Digital Workplace"}]},{"@type":"WebSite","@id":"https:\/\/www.organisator.ch\/#website","url":"https:\/\/www.organisator.ch\/","name":"Organisateur","description":"Comp\u00e9tence et comp\u00e9tence. Proches de la pratique. L'ORGANISATEUR pr\u00e9pare 10 num\u00e9ros par an sur les th\u00e8mes essentiels pour les dirigeants de PME.","publisher":{"@id":"https:\/\/www.organisator.ch\/#organization"},"potentialAction":[{"@type":"SearchAction","target":{"@type":"EntryPoint","urlTemplate":"https:\/\/www.organisator.ch\/?s={search_term_string}"},"query-input":{"@type":"PropertyValueSpecification","valueRequired":true,"valueName":"search_term_string"}}],"inLanguage":"fr-FR"},{"@type":"Organization","@id":"https:\/\/www.organisator.ch\/#organization","name":"Organisateur","url":"https:\/\/www.organisator.ch\/","logo":{"@type":"ImageObject","inLanguage":"fr-FR","@id":"https:\/\/www.organisator.ch\/#\/schema\/logo\/image\/","url":"https:\/\/www.organisator.ch\/wp-content\/uploads\/2022\/01\/Logo_Organisator_Website.png","contentUrl":"https:\/\/www.organisator.ch\/wp-content\/uploads\/2022\/01\/Logo_Organisator_Website.png","width":800,"height":77,"caption":"Organisator"},"image":{"@id":"https:\/\/www.organisator.ch\/#\/schema\/logo\/image\/"},"sameAs":["https:\/\/www.facebook.com\/OrganisatorFachmagazin","https:\/\/www.linkedin.com\/showcase\/organisator-das-magazin-fr-kmu","https:\/\/www.xing.com\/news\/pages\/organisator-ch-695","https:\/\/www.youtube.com\/channel\/UCGP2Sq0iWaZwT3BdIAQFYpw"]},{"@type":"Person","@id":"https:\/\/www.organisator.ch\/#\/schema\/person\/dd8ffea01043c9c41d7718296a158fac","name":"Importation K4","image":{"@type":"ImageObject","inLanguage":"fr-FR","@id":"https:\/\/secure.gravatar.com\/avatar\/73620ab7215a54b074cc226514e02ed65cb79211bbaee1eb49b63b57e58aaad6?s=96&d=mm&r=g","url":"https:\/\/secure.gravatar.com\/avatar\/73620ab7215a54b074cc226514e02ed65cb79211bbaee1eb49b63b57e58aaad6?s=96&d=mm&r=g","contentUrl":"https:\/\/secure.gravatar.com\/avatar\/73620ab7215a54b074cc226514e02ed65cb79211bbaee1eb49b63b57e58aaad6?s=96&d=mm&r=g","caption":"K4-Import"},"url":"https:\/\/www.organisator.ch\/fr\/author\/k4-import\/"}]}},"_links":{"self":[{"href":"https:\/\/www.organisator.ch\/fr\/wp-json\/wp\/v2\/posts\/5392","targetHints":{"allow":["GET"]}}],"collection":[{"href":"https:\/\/www.organisator.ch\/fr\/wp-json\/wp\/v2\/posts"}],"about":[{"href":"https:\/\/www.organisator.ch\/fr\/wp-json\/wp\/v2\/types\/post"}],"author":[{"embeddable":true,"href":"https:\/\/www.organisator.ch\/fr\/wp-json\/wp\/v2\/users\/7"}],"replies":[{"embeddable":true,"href":"https:\/\/www.organisator.ch\/fr\/wp-json\/wp\/v2\/comments?post=5392"}],"version-history":[{"count":0,"href":"https:\/\/www.organisator.ch\/fr\/wp-json\/wp\/v2\/posts\/5392\/revisions"}],"wp:featuredmedia":[{"embeddable":true,"href":"https:\/\/www.organisator.ch\/fr\/wp-json\/wp\/v2\/media\/5444"}],"wp:attachment":[{"href":"https:\/\/www.organisator.ch\/fr\/wp-json\/wp\/v2\/media?parent=5392"}],"wp:term":[{"taxonomy":"category","embeddable":true,"href":"https:\/\/www.organisator.ch\/fr\/wp-json\/wp\/v2\/categories?post=5392"},{"taxonomy":"post_tag","embeddable":true,"href":"https:\/\/www.organisator.ch\/fr\/wp-json\/wp\/v2\/tags?post=5392"}],"curies":[{"name":"wp","href":"https:\/\/api.w.org\/{rel}","templated":true}]}}