{"id":5398,"date":"2019-06-14T08:41:08","date_gmt":"2019-06-14T06:41:08","guid":{"rendered":"https:\/\/www.organisator.ch\/?p=5398"},"modified":"2019-06-14T08:41:08","modified_gmt":"2019-06-14T06:41:08","slug":"startfeld-innovationsforum-gipfeltreffen-fuer-gruender-innovatoren-und-kmu","status":"publish","type":"post","link":"https:\/\/www.organisator.ch\/fr\/allgemein\/2019-06-14\/startfeld-innovationsforum-gipfeltreffen-fuer-gruender-innovatoren-und-kmu\/","title":{"rendered":"Forum de l'innovation Startfeld : Sommet pour les cr\u00e9ateurs, les innovateurs et les PME"},"content":{"rendered":"<figure id=\"attachment_5399\" aria-describedby=\"caption-attachment-5399\" style=\"width: 680px\" class=\"wp-caption alignnone\"><img loading=\"lazy\" decoding=\"async\" class=\"size-medium wp-image-5399\" src=\"https:\/\/www.organisator.ch\/wp-content\/uploads\/2019\/06\/Startfeld-Innovationsforum-Gipfeltreffen-fuer-Gruender-Innovatoren-und-KMU_Organisator.jpg\" alt=\"\" width=\"680\" height=\"473\" srcset=\"https:\/\/www.organisator.ch\/wp-content\/uploads\/2019\/06\/Startfeld-Innovationsforum-Gipfeltreffen-fuer-Gruender-Innovatoren-und-KMU_Organisator.jpg 680w, https:\/\/www.organisator.ch\/wp-content\/uploads\/2019\/06\/Startfeld-Innovationsforum-Gipfeltreffen-fuer-Gruender-Innovatoren-und-KMU_Organisator-16x12.jpg 16w, https:\/\/www.organisator.ch\/wp-content\/uploads\/2019\/06\/Startfeld-Innovationsforum-Gipfeltreffen-fuer-Gruender-Innovatoren-und-KMU_Organisator-252x175.jpg 252w, https:\/\/www.organisator.ch\/wp-content\/uploads\/2019\/06\/Startfeld-Innovationsforum-Gipfeltreffen-fuer-Gruender-Innovatoren-und-KMU_Organisator-503x350.jpg 503w, https:\/\/www.organisator.ch\/wp-content\/uploads\/2019\/06\/Startfeld-Innovationsforum-Gipfeltreffen-fuer-Gruender-Innovatoren-und-KMU_Organisator-300x209.jpg 300w\" sizes=\"auto, (max-width: 680px) 100vw, 680px\" \/><figcaption id=\"caption-attachment-5399\" class=\"wp-caption-text\">Cette ann\u00e9e, pr\u00e8s de 200 fondateurs, innovateurs et repr\u00e9sentants de PME se sont rencontr\u00e9s au Forum de l'innovation Startfeld. (Photo : zVg \/ Startfeld)<\/figcaption><\/figure>\n<p>L'utilisation des donn\u00e9es est sur toutes les l\u00e8vres. Les cons\u00e9quences que cela aura sur les PME, les start-ups et la soci\u00e9t\u00e9 ont \u00e9t\u00e9 abord\u00e9es lors du forum Startfeld Innovation du 13 juin 2019. <span style=\"display: inline !important; float: none; background-color: transparent; color: #333333; cursor: text; font-family: Georgia,'Times New Roman','Bitstream Charter',Times,serif; font-size: 16px; font-style: normal; font-variant: normal; font-weight: 400; letter-spacing: normal; orphans: 2; text-align: left; text-decoration: none; text-indent: 0px; text-transform: none; -webkit-text-stroke-width: 0px; white-space: normal; word-spacing: 0px;\"> Startfeld est le nom du r\u00e9seau pour l'innovation et les start-ups autour du S\u00e4ntis. Dans toutes les phases de l'innovation, Startfeld soutient les cr\u00e9ateurs d'entreprise ambitieux et les PME \u00e9tablies qui sont ouverts aux impulsions et font avancer la nouveaut\u00e9. Les promoteurs de Startfeld sont l'Empa, la Haute \u00e9cole sp\u00e9cialis\u00e9e de Saint-Gall, la ville de Saint-Gall, la Banque cantonale de Saint-Gall et l'Universit\u00e9 de Saint-Gall.<\/span><\/p>\n<h2>Chasse aux donn\u00e9es...<\/h2>\n<p>Lors du Forum de l'innovation Startfeld de cette ann\u00e9e, des intervenants de haut niveau ont mis l'accent sur des th\u00e8mes tels que la cr\u00e9ation d'un centre de comp\u00e9tences pour les drones \u00e0 Saint-Gall, le r\u00f4le de l'Internet des objets (IoT) dans les PME, l'automatisation des processus gr\u00e2ce au Big Data ou la mise \u00e0 jour des potentiels des entreprises gr\u00e2ce \u00e0 l'intelligence artificielle (IA). En compl\u00e9ment des expos\u00e9s, le programme comprenait des ateliers orient\u00e9s vers les applications. Ainsi, les participants au Forum de l'innovation Startfeld n'ont pas seulement pu chasser et collecter des donn\u00e9es, mais aussi en tirer le plus grand profit possible.<\/p>\n<h2><strong>Au c\u0153ur de l'actualit\u00e9<\/strong><\/h2>\n<p>Le Forum de l'innovation Startfeld a de nouveau \u00e9t\u00e9 organis\u00e9 par l'Enterprise Development Group (EDG) et le r\u00e9seau d'innovation st-gallois Startfeld. Dr Cornelia Gut-Villa s'en r\u00e9jouit : \"Nous avons atteint un nouveau record de fr\u00e9quentation lors de l'\u00e9dition de cette ann\u00e9e. Le th\u00e8me de la conf\u00e9rence pr\u00e9occupe aussi bien les dirigeants de PME que les innovateurs et les cr\u00e9ateurs d'entreprise. Nous sommes tr\u00e8s heureux que Startfeld soit devenu une communaut\u00e9 o\u00f9 fondateurs, cr\u00e9ateurs et entrepreneurs se rencontrent pour travailler sur des solutions d'avenir\".<\/p>\n<h2><strong>Ne pas commettre soi-m\u00eame des erreurs pour apprendre<\/strong><\/h2>\n<p>Le professeur Gunter Dueck, auteur, math\u00e9maticien, philosophe et ex-IBM CTO, connu pour ses discours et ses livres pleins d'humour, de satire et de critique, a pr\u00e9sent\u00e9 ses propres crashs surprenants peu avant la fin du forum de l'innovation Startfeld. Il avait les bonnes donn\u00e9es et les bonnes connaissances, mais personne n'en voulait. C'est pourquoi il a plaid\u00e9 en faveur de la formation, du coaching et du mentoring pour les innovateurs. Selon Dueck, de nombreux innovateurs ne savent pas ou ne retiennent pas que les erreurs ne doivent pas n\u00e9cessairement \u00eatre commises pour apprendre. Dueck a captiv\u00e9 les participants avec son speech.<\/p>\n<h2><strong>Changer le monde gr\u00e2ce au Web 3.0<\/strong><\/h2>\n<p>Au total, sept ateliers ont \u00e9t\u00e9 organis\u00e9s l'apr\u00e8s-midi sur des th\u00e8mes proches de la pratique. La responsable de l'atelier, Bettina Hein, a cr\u00e9\u00e9 avec succ\u00e8s plusieurs entreprises dans le secteur des logiciels et a v\u00e9cu jusqu'\u00e0 l'ann\u00e9e derni\u00e8re \u00e0 Boston avant de revenir \u00e0 Saint-Gall. La cofondatrice de START Global, qui organise le START Summit, a pr\u00e9sent\u00e9 aux participants le cadre open source de Berners-Lee appel\u00e9 \"Solid\" dans son atelier. Celui-ci redonne aux internautes le contr\u00f4le de leurs donn\u00e9es et rompt les silos de donn\u00e9es.<\/p>\n<p>Le prochain Forum de l'innovation Startfeld aura lieu le 4 juin 2020.<\/p>\n<p><em>Source et informations compl\u00e9mentaires : <a href=\"http:\/\/www.startfeld.ch\">Zone de d\u00e9part<\/a><\/em><\/p>","protected":false},"excerpt":{"rendered":"<p>Datennutzung ist in aller Munde. Welche Auswirkungen dies auf KMU, Startups und die Gesellschaft haben wird, wurde am Startfeld Innovationsforum vom 13. Juni 2019 thematisiert. Startfeld nennt sich das Netzwerk f\u00fcr Innovationen und Startups rund um den S\u00e4ntis. In allen Phasen der Innovation unterst\u00fctzt Startfeld ambitionierte Gr\u00fcnderinnen und Gr\u00fcnder sowie etablierte KMU, die offen f\u00fcr [&hellip;]<\/p>\n","protected":false},"author":4,"featured_media":5399,"comment_status":"open","ping_status":"open","sticky":false,"template":"","format":"standard","meta":{"_acf_changed":false,"_yoast_wpseo_focuskw":"Startfeld Innovationsforum","_yoast_wpseo_metadesc":"Das Startfeld Innovationsforum hat mit rund 200 Teilnehmenden zum dritten Mal in Folge erfolgreich in St.Gallen stattgefunden.","articlekey":"","footnotes":""},"categories":[1],"tags":[156,193,335,451],"class_list":["post-5398","post","type-post","status-publish","format-standard","has-post-thumbnail","hentry","category-allgemein","tag-digitalisierung","tag-fachkongressfachmesse","tag-management-und-unternehmensfuehrung","tag-startups"],"acf":[],"yoast_head":"<!-- This site is optimized with the Yoast SEO plugin v27.4 - https:\/\/yoast.com\/product\/yoast-seo-wordpress\/ -->\n<title>Startfeld Innovationsforum: Gipfeltreffen f\u00fcr Gr\u00fcnder, Innovatoren und KMU - Organisator<\/title>\n<meta name=\"description\" content=\"Das Startfeld Innovationsforum hat mit rund 200 Teilnehmenden zum dritten Mal in Folge erfolgreich in St.Gallen stattgefunden.\" \/>\n<meta name=\"robots\" content=\"index, follow, max-snippet:-1, max-image-preview:large, max-video-preview:-1\" \/>\n<link rel=\"canonical\" href=\"https:\/\/www.organisator.ch\/fr\/general\/2019-06-14\/startfeld-innovationsforum-gipfeltreffen-fuer-gruender-innovatoren-und-kmu\/\" \/>\n<meta property=\"og:locale\" content=\"fr_FR\" \/>\n<meta property=\"og:type\" content=\"article\" \/>\n<meta property=\"og:title\" content=\"Startfeld Innovationsforum: Gipfeltreffen f\u00fcr Gr\u00fcnder, Innovatoren und KMU\" \/>\n<meta property=\"og:description\" content=\"Das Startfeld Innovationsforum hat mit rund 200 Teilnehmenden zum dritten Mal in Folge erfolgreich in St.Gallen stattgefunden\" \/>\n<meta property=\"og:url\" content=\"https:\/\/www.organisator.ch\/fr\/general\/2019-06-14\/startfeld-innovationsforum-gipfeltreffen-fuer-gruender-innovatoren-und-kmu\/\" \/>\n<meta property=\"og:site_name\" content=\"Organisator\" \/>\n<meta property=\"article:publisher\" content=\"https:\/\/www.facebook.com\/OrganisatorFachmagazin\" \/>\n<meta property=\"article:published_time\" content=\"2019-06-14T06:41:08+00:00\" \/>\n<meta property=\"og:image\" content=\"https:\/\/www.organisator.ch\/wp-content\/uploads\/2019\/06\/Startfeld-Innovationsforum-Gipfeltreffen-fuer-Gruender-Innovatoren-und-KMU_Organisator.jpg\" \/>\n\t<meta property=\"og:image:width\" content=\"680\" \/>\n\t<meta property=\"og:image:height\" content=\"473\" \/>\n\t<meta property=\"og:image:type\" content=\"image\/jpeg\" \/>\n<meta name=\"author\" content=\"thomas.berner\" \/>\n<meta name=\"twitter:card\" content=\"summary_large_image\" \/>\n<meta name=\"twitter:title\" content=\"#Startfeld #Innovationsforum: Gipfeltreffen f\u00fcr Gr\u00fcnder, Innovatoren und KMU\" \/>\n<meta name=\"twitter:description\" content=\"Das #Startfeld #Innovationsforum hat mit rund 200 Teilnehmenden zum dritten Mal in Folge erfolgreich in St.Gallen stattgefunden\" \/>\n<meta name=\"twitter:image\" content=\"https:\/\/www.organisator.ch\/wp-content\/uploads\/2019\/06\/Startfeld-Innovationsforum-Gipfeltreffen-f\u00fcr-Gr\u00fcnder-Innovatoren-und-KMU_Organisator.jpg\" \/>\n<script type=\"application\/ld+json\" class=\"yoast-schema-graph\">{\"@context\":\"https:\\\/\\\/schema.org\",\"@graph\":[{\"@type\":\"Article\",\"@id\":\"https:\\\/\\\/www.organisator.ch\\\/de\\\/allgemein\\\/2019-06-14\\\/startfeld-innovationsforum-gipfeltreffen-fuer-gruender-innovatoren-und-kmu\\\/#article\",\"isPartOf\":{\"@id\":\"https:\\\/\\\/www.organisator.ch\\\/de\\\/allgemein\\\/2019-06-14\\\/startfeld-innovationsforum-gipfeltreffen-fuer-gruender-innovatoren-und-kmu\\\/\"},\"author\":{\"name\":\"thomas.berner\",\"@id\":\"https:\\\/\\\/www.organisator.ch\\\/#\\\/schema\\\/person\\\/6f650f90b2842cd4c0cc334b4e36f67e\"},\"headline\":\"Startfeld Innovationsforum: Gipfeltreffen f\u00fcr Gr\u00fcnder, Innovatoren und KMU\",\"datePublished\":\"2019-06-14T06:41:08+00:00\",\"mainEntityOfPage\":{\"@id\":\"https:\\\/\\\/www.organisator.ch\\\/de\\\/allgemein\\\/2019-06-14\\\/startfeld-innovationsforum-gipfeltreffen-fuer-gruender-innovatoren-und-kmu\\\/\"},\"wordCount\":480,\"commentCount\":0,\"publisher\":{\"@id\":\"https:\\\/\\\/www.organisator.ch\\\/#organization\"},\"image\":{\"@id\":\"https:\\\/\\\/www.organisator.ch\\\/de\\\/allgemein\\\/2019-06-14\\\/startfeld-innovationsforum-gipfeltreffen-fuer-gruender-innovatoren-und-kmu\\\/#primaryimage\"},\"thumbnailUrl\":\"https:\\\/\\\/www.organisator.ch\\\/wp-content\\\/uploads\\\/2019\\\/06\\\/Startfeld-Innovationsforum-Gipfeltreffen-fuer-Gruender-Innovatoren-und-KMU_Organisator.jpg\",\"keywords\":[\"Digitalisierung\",\"Fachkongress\\\/Fachmesse\",\"Management und Unternehmensf\u00fchrung\",\"Startups\"],\"articleSection\":[\"Allgemein\"],\"inLanguage\":\"fr-FR\"},{\"@type\":\"WebPage\",\"@id\":\"https:\\\/\\\/www.organisator.ch\\\/de\\\/allgemein\\\/2019-06-14\\\/startfeld-innovationsforum-gipfeltreffen-fuer-gruender-innovatoren-und-kmu\\\/\",\"url\":\"https:\\\/\\\/www.organisator.ch\\\/de\\\/allgemein\\\/2019-06-14\\\/startfeld-innovationsforum-gipfeltreffen-fuer-gruender-innovatoren-und-kmu\\\/\",\"name\":\"Startfeld Innovationsforum: Gipfeltreffen f\u00fcr Gr\u00fcnder, Innovatoren und KMU - Organisator\",\"isPartOf\":{\"@id\":\"https:\\\/\\\/www.organisator.ch\\\/#website\"},\"primaryImageOfPage\":{\"@id\":\"https:\\\/\\\/www.organisator.ch\\\/de\\\/allgemein\\\/2019-06-14\\\/startfeld-innovationsforum-gipfeltreffen-fuer-gruender-innovatoren-und-kmu\\\/#primaryimage\"},\"image\":{\"@id\":\"https:\\\/\\\/www.organisator.ch\\\/de\\\/allgemein\\\/2019-06-14\\\/startfeld-innovationsforum-gipfeltreffen-fuer-gruender-innovatoren-und-kmu\\\/#primaryimage\"},\"thumbnailUrl\":\"https:\\\/\\\/www.organisator.ch\\\/wp-content\\\/uploads\\\/2019\\\/06\\\/Startfeld-Innovationsforum-Gipfeltreffen-fuer-Gruender-Innovatoren-und-KMU_Organisator.jpg\",\"datePublished\":\"2019-06-14T06:41:08+00:00\",\"description\":\"Das Startfeld Innovationsforum hat mit rund 200 Teilnehmenden zum dritten Mal in Folge erfolgreich in St.Gallen stattgefunden.\",\"breadcrumb\":{\"@id\":\"https:\\\/\\\/www.organisator.ch\\\/de\\\/allgemein\\\/2019-06-14\\\/startfeld-innovationsforum-gipfeltreffen-fuer-gruender-innovatoren-und-kmu\\\/#breadcrumb\"},\"inLanguage\":\"fr-FR\",\"potentialAction\":[{\"@type\":\"ReadAction\",\"target\":[\"https:\\\/\\\/www.organisator.ch\\\/de\\\/allgemein\\\/2019-06-14\\\/startfeld-innovationsforum-gipfeltreffen-fuer-gruender-innovatoren-und-kmu\\\/\"]}]},{\"@type\":\"ImageObject\",\"inLanguage\":\"fr-FR\",\"@id\":\"https:\\\/\\\/www.organisator.ch\\\/de\\\/allgemein\\\/2019-06-14\\\/startfeld-innovationsforum-gipfeltreffen-fuer-gruender-innovatoren-und-kmu\\\/#primaryimage\",\"url\":\"https:\\\/\\\/www.organisator.ch\\\/wp-content\\\/uploads\\\/2019\\\/06\\\/Startfeld-Innovationsforum-Gipfeltreffen-fuer-Gruender-Innovatoren-und-KMU_Organisator.jpg\",\"contentUrl\":\"https:\\\/\\\/www.organisator.ch\\\/wp-content\\\/uploads\\\/2019\\\/06\\\/Startfeld-Innovationsforum-Gipfeltreffen-fuer-Gruender-Innovatoren-und-KMU_Organisator.jpg\",\"width\":680,\"height\":473,\"caption\":\"Am diesj\u00e4hrigen Startfeld Innovationsforum trafen sich rund 200 Gr\u00fcnder, Innovatoren und Vertreter von KMU. (Bild: zVg \\\/ Startfeld)\"},{\"@type\":\"BreadcrumbList\",\"@id\":\"https:\\\/\\\/www.organisator.ch\\\/de\\\/allgemein\\\/2019-06-14\\\/startfeld-innovationsforum-gipfeltreffen-fuer-gruender-innovatoren-und-kmu\\\/#breadcrumb\",\"itemListElement\":[{\"@type\":\"ListItem\",\"position\":1,\"name\":\"Home\",\"item\":\"https:\\\/\\\/www.organisator.ch\\\/\"},{\"@type\":\"ListItem\",\"position\":2,\"name\":\"Startfeld Innovationsforum: Gipfeltreffen f\u00fcr Gr\u00fcnder, Innovatoren und KMU\"}]},{\"@type\":\"WebSite\",\"@id\":\"https:\\\/\\\/www.organisator.ch\\\/#website\",\"url\":\"https:\\\/\\\/www.organisator.ch\\\/\",\"name\":\"Organisator\",\"description\":\"Kompetent. Praxisnah. Der ORGANISATOR bereitet in 10 Ausgaben pro Jahr die wesentlichen Themen f\u00fcr F\u00fchrungskr\u00e4fte von KMU auf.\",\"publisher\":{\"@id\":\"https:\\\/\\\/www.organisator.ch\\\/#organization\"},\"potentialAction\":[{\"@type\":\"SearchAction\",\"target\":{\"@type\":\"EntryPoint\",\"urlTemplate\":\"https:\\\/\\\/www.organisator.ch\\\/?s={search_term_string}\"},\"query-input\":{\"@type\":\"PropertyValueSpecification\",\"valueRequired\":true,\"valueName\":\"search_term_string\"}}],\"inLanguage\":\"fr-FR\"},{\"@type\":\"Organization\",\"@id\":\"https:\\\/\\\/www.organisator.ch\\\/#organization\",\"name\":\"Organisator\",\"url\":\"https:\\\/\\\/www.organisator.ch\\\/\",\"logo\":{\"@type\":\"ImageObject\",\"inLanguage\":\"fr-FR\",\"@id\":\"https:\\\/\\\/www.organisator.ch\\\/#\\\/schema\\\/logo\\\/image\\\/\",\"url\":\"https:\\\/\\\/www.organisator.ch\\\/wp-content\\\/uploads\\\/2022\\\/01\\\/Logo_Organisator_Website.png\",\"contentUrl\":\"https:\\\/\\\/www.organisator.ch\\\/wp-content\\\/uploads\\\/2022\\\/01\\\/Logo_Organisator_Website.png\",\"width\":800,\"height\":77,\"caption\":\"Organisator\"},\"image\":{\"@id\":\"https:\\\/\\\/www.organisator.ch\\\/#\\\/schema\\\/logo\\\/image\\\/\"},\"sameAs\":[\"https:\\\/\\\/www.facebook.com\\\/OrganisatorFachmagazin\",\"https:\\\/\\\/www.linkedin.com\\\/showcase\\\/organisator-das-magazin-fr-kmu\",\"https:\\\/\\\/www.xing.com\\\/news\\\/pages\\\/organisator-ch-695\",\"https:\\\/\\\/www.youtube.com\\\/channel\\\/UCGP2Sq0iWaZwT3BdIAQFYpw\"]},{\"@type\":\"Person\",\"@id\":\"https:\\\/\\\/www.organisator.ch\\\/#\\\/schema\\\/person\\\/6f650f90b2842cd4c0cc334b4e36f67e\",\"name\":\"thomas.berner\",\"image\":{\"@type\":\"ImageObject\",\"inLanguage\":\"fr-FR\",\"@id\":\"https:\\\/\\\/secure.gravatar.com\\\/avatar\\\/ac5001d2a36cb6c6cd3e50789007ffca834b477b74a2144564522e944eabff61?s=96&d=mm&r=g\",\"url\":\"https:\\\/\\\/secure.gravatar.com\\\/avatar\\\/ac5001d2a36cb6c6cd3e50789007ffca834b477b74a2144564522e944eabff61?s=96&d=mm&r=g\",\"contentUrl\":\"https:\\\/\\\/secure.gravatar.com\\\/avatar\\\/ac5001d2a36cb6c6cd3e50789007ffca834b477b74a2144564522e944eabff61?s=96&d=mm&r=g\",\"caption\":\"thomas.berner\"},\"url\":\"https:\\\/\\\/www.organisator.ch\\\/fr\\\/author\\\/thomas-berner\\\/\"}]}<\/script>\n<!-- \/ Yoast SEO plugin. -->","yoast_head_json":{"title":"Forum de l'innovation Startfeld : Sommet des cr\u00e9ateurs, innovateurs et PME - Organisateur","description":"Le Forum de l'innovation Startfeld s'est d\u00e9roul\u00e9 avec succ\u00e8s pour la troisi\u00e8me fois cons\u00e9cutive \u00e0 Saint-Gall, avec pr\u00e8s de 200 participants.","robots":{"index":"index","follow":"follow","max-snippet":"max-snippet:-1","max-image-preview":"max-image-preview:large","max-video-preview":"max-video-preview:-1"},"canonical":"https:\/\/www.organisator.ch\/fr\/general\/2019-06-14\/startfeld-innovationsforum-gipfeltreffen-fuer-gruender-innovatoren-und-kmu\/","og_locale":"fr_FR","og_type":"article","og_title":"Startfeld Innovationsforum: Gipfeltreffen f\u00fcr Gr\u00fcnder, Innovatoren und KMU","og_description":"Das Startfeld Innovationsforum hat mit rund 200 Teilnehmenden zum dritten Mal in Folge erfolgreich in St.Gallen stattgefunden","og_url":"https:\/\/www.organisator.ch\/fr\/general\/2019-06-14\/startfeld-innovationsforum-gipfeltreffen-fuer-gruender-innovatoren-und-kmu\/","og_site_name":"Organisator","article_publisher":"https:\/\/www.facebook.com\/OrganisatorFachmagazin","article_published_time":"2019-06-14T06:41:08+00:00","og_image":[{"width":680,"height":473,"url":"https:\/\/www.organisator.ch\/wp-content\/uploads\/2019\/06\/Startfeld-Innovationsforum-Gipfeltreffen-fuer-Gruender-Innovatoren-und-KMU_Organisator.jpg","type":"image\/jpeg"}],"author":"thomas.berner","twitter_card":"summary_large_image","twitter_title":"#Startfeld #Innovationsforum: Gipfeltreffen f\u00fcr Gr\u00fcnder, Innovatoren und KMU","twitter_description":"Das #Startfeld #Innovationsforum hat mit rund 200 Teilnehmenden zum dritten Mal in Folge erfolgreich in St.Gallen stattgefunden","twitter_image":"https:\/\/www.organisator.ch\/wp-content\/uploads\/2019\/06\/Startfeld-Innovationsforum-Gipfeltreffen-f\u00fcr-Gr\u00fcnder-Innovatoren-und-KMU_Organisator.jpg","schema":{"@context":"https:\/\/schema.org","@graph":[{"@type":"Article","@id":"https:\/\/www.organisator.ch\/de\/allgemein\/2019-06-14\/startfeld-innovationsforum-gipfeltreffen-fuer-gruender-innovatoren-und-kmu\/#article","isPartOf":{"@id":"https:\/\/www.organisator.ch\/de\/allgemein\/2019-06-14\/startfeld-innovationsforum-gipfeltreffen-fuer-gruender-innovatoren-und-kmu\/"},"author":{"name":"thomas.berner","@id":"https:\/\/www.organisator.ch\/#\/schema\/person\/6f650f90b2842cd4c0cc334b4e36f67e"},"headline":"Startfeld Innovationsforum: Gipfeltreffen f\u00fcr Gr\u00fcnder, Innovatoren und KMU","datePublished":"2019-06-14T06:41:08+00:00","mainEntityOfPage":{"@id":"https:\/\/www.organisator.ch\/de\/allgemein\/2019-06-14\/startfeld-innovationsforum-gipfeltreffen-fuer-gruender-innovatoren-und-kmu\/"},"wordCount":480,"commentCount":0,"publisher":{"@id":"https:\/\/www.organisator.ch\/#organization"},"image":{"@id":"https:\/\/www.organisator.ch\/de\/allgemein\/2019-06-14\/startfeld-innovationsforum-gipfeltreffen-fuer-gruender-innovatoren-und-kmu\/#primaryimage"},"thumbnailUrl":"https:\/\/www.organisator.ch\/wp-content\/uploads\/2019\/06\/Startfeld-Innovationsforum-Gipfeltreffen-fuer-Gruender-Innovatoren-und-KMU_Organisator.jpg","keywords":["Digitalisierung","Fachkongress\/Fachmesse","Management und Unternehmensf\u00fchrung","Startups"],"articleSection":["Allgemein"],"inLanguage":"fr-FR"},{"@type":"WebPage","@id":"https:\/\/www.organisator.ch\/de\/allgemein\/2019-06-14\/startfeld-innovationsforum-gipfeltreffen-fuer-gruender-innovatoren-und-kmu\/","url":"https:\/\/www.organisator.ch\/de\/allgemein\/2019-06-14\/startfeld-innovationsforum-gipfeltreffen-fuer-gruender-innovatoren-und-kmu\/","name":"Forum de l'innovation Startfeld : Sommet des cr\u00e9ateurs, innovateurs et PME - Organisateur","isPartOf":{"@id":"https:\/\/www.organisator.ch\/#website"},"primaryImageOfPage":{"@id":"https:\/\/www.organisator.ch\/de\/allgemein\/2019-06-14\/startfeld-innovationsforum-gipfeltreffen-fuer-gruender-innovatoren-und-kmu\/#primaryimage"},"image":{"@id":"https:\/\/www.organisator.ch\/de\/allgemein\/2019-06-14\/startfeld-innovationsforum-gipfeltreffen-fuer-gruender-innovatoren-und-kmu\/#primaryimage"},"thumbnailUrl":"https:\/\/www.organisator.ch\/wp-content\/uploads\/2019\/06\/Startfeld-Innovationsforum-Gipfeltreffen-fuer-Gruender-Innovatoren-und-KMU_Organisator.jpg","datePublished":"2019-06-14T06:41:08+00:00","description":"Le Forum de l'innovation Startfeld s'est d\u00e9roul\u00e9 avec succ\u00e8s pour la troisi\u00e8me fois cons\u00e9cutive \u00e0 Saint-Gall, avec pr\u00e8s de 200 participants.","breadcrumb":{"@id":"https:\/\/www.organisator.ch\/de\/allgemein\/2019-06-14\/startfeld-innovationsforum-gipfeltreffen-fuer-gruender-innovatoren-und-kmu\/#breadcrumb"},"inLanguage":"fr-FR","potentialAction":[{"@type":"ReadAction","target":["https:\/\/www.organisator.ch\/de\/allgemein\/2019-06-14\/startfeld-innovationsforum-gipfeltreffen-fuer-gruender-innovatoren-und-kmu\/"]}]},{"@type":"ImageObject","inLanguage":"fr-FR","@id":"https:\/\/www.organisator.ch\/de\/allgemein\/2019-06-14\/startfeld-innovationsforum-gipfeltreffen-fuer-gruender-innovatoren-und-kmu\/#primaryimage","url":"https:\/\/www.organisator.ch\/wp-content\/uploads\/2019\/06\/Startfeld-Innovationsforum-Gipfeltreffen-fuer-Gruender-Innovatoren-und-KMU_Organisator.jpg","contentUrl":"https:\/\/www.organisator.ch\/wp-content\/uploads\/2019\/06\/Startfeld-Innovationsforum-Gipfeltreffen-fuer-Gruender-Innovatoren-und-KMU_Organisator.jpg","width":680,"height":473,"caption":"Am diesj\u00e4hrigen Startfeld Innovationsforum trafen sich rund 200 Gr\u00fcnder, Innovatoren und Vertreter von KMU. (Bild: zVg \/ Startfeld)"},{"@type":"BreadcrumbList","@id":"https:\/\/www.organisator.ch\/de\/allgemein\/2019-06-14\/startfeld-innovationsforum-gipfeltreffen-fuer-gruender-innovatoren-und-kmu\/#breadcrumb","itemListElement":[{"@type":"ListItem","position":1,"name":"Home","item":"https:\/\/www.organisator.ch\/"},{"@type":"ListItem","position":2,"name":"Startfeld Innovationsforum: Gipfeltreffen f\u00fcr Gr\u00fcnder, Innovatoren und KMU"}]},{"@type":"WebSite","@id":"https:\/\/www.organisator.ch\/#website","url":"https:\/\/www.organisator.ch\/","name":"Organisateur","description":"Comp\u00e9tence et comp\u00e9tence. Proches de la pratique. L'ORGANISATEUR pr\u00e9pare 10 num\u00e9ros par an sur les th\u00e8mes essentiels pour les dirigeants de PME.","publisher":{"@id":"https:\/\/www.organisator.ch\/#organization"},"potentialAction":[{"@type":"SearchAction","target":{"@type":"EntryPoint","urlTemplate":"https:\/\/www.organisator.ch\/?s={search_term_string}"},"query-input":{"@type":"PropertyValueSpecification","valueRequired":true,"valueName":"search_term_string"}}],"inLanguage":"fr-FR"},{"@type":"Organization","@id":"https:\/\/www.organisator.ch\/#organization","name":"Organisateur","url":"https:\/\/www.organisator.ch\/","logo":{"@type":"ImageObject","inLanguage":"fr-FR","@id":"https:\/\/www.organisator.ch\/#\/schema\/logo\/image\/","url":"https:\/\/www.organisator.ch\/wp-content\/uploads\/2022\/01\/Logo_Organisator_Website.png","contentUrl":"https:\/\/www.organisator.ch\/wp-content\/uploads\/2022\/01\/Logo_Organisator_Website.png","width":800,"height":77,"caption":"Organisator"},"image":{"@id":"https:\/\/www.organisator.ch\/#\/schema\/logo\/image\/"},"sameAs":["https:\/\/www.facebook.com\/OrganisatorFachmagazin","https:\/\/www.linkedin.com\/showcase\/organisator-das-magazin-fr-kmu","https:\/\/www.xing.com\/news\/pages\/organisator-ch-695","https:\/\/www.youtube.com\/channel\/UCGP2Sq0iWaZwT3BdIAQFYpw"]},{"@type":"Person","@id":"https:\/\/www.organisator.ch\/#\/schema\/person\/6f650f90b2842cd4c0cc334b4e36f67e","name":"thomas.berner","image":{"@type":"ImageObject","inLanguage":"fr-FR","@id":"https:\/\/secure.gravatar.com\/avatar\/ac5001d2a36cb6c6cd3e50789007ffca834b477b74a2144564522e944eabff61?s=96&d=mm&r=g","url":"https:\/\/secure.gravatar.com\/avatar\/ac5001d2a36cb6c6cd3e50789007ffca834b477b74a2144564522e944eabff61?s=96&d=mm&r=g","contentUrl":"https:\/\/secure.gravatar.com\/avatar\/ac5001d2a36cb6c6cd3e50789007ffca834b477b74a2144564522e944eabff61?s=96&d=mm&r=g","caption":"thomas.berner"},"url":"https:\/\/www.organisator.ch\/fr\/author\/thomas-berner\/"}]}},"_links":{"self":[{"href":"https:\/\/www.organisator.ch\/fr\/wp-json\/wp\/v2\/posts\/5398","targetHints":{"allow":["GET"]}}],"collection":[{"href":"https:\/\/www.organisator.ch\/fr\/wp-json\/wp\/v2\/posts"}],"about":[{"href":"https:\/\/www.organisator.ch\/fr\/wp-json\/wp\/v2\/types\/post"}],"author":[{"embeddable":true,"href":"https:\/\/www.organisator.ch\/fr\/wp-json\/wp\/v2\/users\/4"}],"replies":[{"embeddable":true,"href":"https:\/\/www.organisator.ch\/fr\/wp-json\/wp\/v2\/comments?post=5398"}],"version-history":[{"count":0,"href":"https:\/\/www.organisator.ch\/fr\/wp-json\/wp\/v2\/posts\/5398\/revisions"}],"wp:featuredmedia":[{"embeddable":true,"href":"https:\/\/www.organisator.ch\/fr\/wp-json\/wp\/v2\/media\/5399"}],"wp:attachment":[{"href":"https:\/\/www.organisator.ch\/fr\/wp-json\/wp\/v2\/media?parent=5398"}],"wp:term":[{"taxonomy":"category","embeddable":true,"href":"https:\/\/www.organisator.ch\/fr\/wp-json\/wp\/v2\/categories?post=5398"},{"taxonomy":"post_tag","embeddable":true,"href":"https:\/\/www.organisator.ch\/fr\/wp-json\/wp\/v2\/tags?post=5398"}],"curies":[{"name":"wp","href":"https:\/\/api.w.org\/{rel}","templated":true}]}}