{"id":5415,"date":"2019-06-18T14:30:24","date_gmt":"2019-06-18T12:30:24","guid":{"rendered":"https:\/\/www.organisator.ch\/?p=5415"},"modified":"2019-06-18T14:30:24","modified_gmt":"2019-06-18T12:30:24","slug":"konzentration-in-der-it-branche-geht-weiter-boss-info-holding-uebernimmt-profinance","status":"publish","type":"post","link":"https:\/\/www.organisator.ch\/fr\/management\/it\/2019-06-18\/konzentration-in-der-it-branche-geht-weiter-boss-info-holding-uebernimmt-profinance\/","title":{"rendered":"La concentration se poursuit dans le secteur informatique : Boss Info Holding rach\u00e8te ProFinance"},"content":{"rendered":"<p><img loading=\"lazy\" decoding=\"async\" class=\"alignnone size-full wp-image-5416\" src=\"https:\/\/www.organisator.ch\/wp-content\/uploads\/2019\/06\/Konzentration-in-der-IT-Branche-geht-weiter-Boss-Info-Holding-uebernimmt-ProFinance_Organisator.jpg\" alt=\"\" width=\"655\" height=\"138\" srcset=\"https:\/\/www.organisator.ch\/wp-content\/uploads\/2019\/06\/Konzentration-in-der-IT-Branche-geht-weiter-Boss-Info-Holding-uebernimmt-ProFinance_Organisator.jpg 655w, https:\/\/www.organisator.ch\/wp-content\/uploads\/2019\/06\/Konzentration-in-der-IT-Branche-geht-weiter-Boss-Info-Holding-uebernimmt-ProFinance_Organisator-16x3.jpg 16w, https:\/\/www.organisator.ch\/wp-content\/uploads\/2019\/06\/Konzentration-in-der-IT-Branche-geht-weiter-Boss-Info-Holding-uebernimmt-ProFinance_Organisator-375x79.jpg 375w, https:\/\/www.organisator.ch\/wp-content\/uploads\/2019\/06\/Konzentration-in-der-IT-Branche-geht-weiter-Boss-Info-Holding-uebernimmt-ProFinance_Organisator-300x63.jpg 300w\" sizes=\"auto, (max-width: 655px) 100vw, 655px\" \/><\/p>\n<p>Boss Info Holding, d\u00e9j\u00e0 pr\u00e9sent sur 7 sites en Suisse al\u00e9manique, poursuit son expansion et reprend d\u00e9sormais ProFinance, \u00e9galement actif en Suisse al\u00e9manique. Yves-Alain Dufaux reste le CEO et le pr\u00e9sident du conseil d'administration de ProFinance. Tous les collaborateurs de ProFinance conservent leurs fonctions et responsabilit\u00e9s inchang\u00e9es sur le site actuel de Langenthal BE.  Depuis 1998, Boss Info AG a acquis en Suisse le statut d'int\u00e9grateur avec le plus grand nombre d'installations de la solution globale de gestion d'entreprise Microsoft Dynamics. Outre l'offre compl\u00e8te de produits Microsoft, l'infrastructure ICT \/ la technique des syst\u00e8mes, les applications web comme par exemple les boutiques en ligne et les portails ainsi que les formations sont d'autres piliers de Boss Info.<\/p>\n<p>Le rapprochement des deux sp\u00e9cialistes ERP permet aux deux entreprises de profiter de synergies dans le traitement op\u00e9rationnel du march\u00e9 des PME en Suisse al\u00e9manique. Les solutions de ProFinance \u00e9largissent de mani\u00e8re optimale l'offre ERP globale du groupe Boss Info, comme il est indiqu\u00e9 dans un communiqu\u00e9 de presse. Avec ProFinance, le groupe Boss Info peut continuer \u00e0 proposer des environnements de solutions ERP complets, m\u00eame pour les petites entreprises, et ce avec un rapport co\u00fbt\/b\u00e9n\u00e9fice optimal. En outre, Boss Info poursuit ainsi sa strat\u00e9gie de croissance.<\/p>\n<p>\"En tant que PME suisse, avec notre exp\u00e9rience de plus de 20 ans, nous sommes fiers d'\u00eatre <a href=\"https:\/\/www.swissmadesoftware.org\/home.html\">Logiciel Swiss Made<\/a> de maintenir en Suisse l'ing\u00e9nierie logicielle et la gestion de tous nos produits ERP. C'est la seule fa\u00e7on de garantir les exigences de qualit\u00e9 \u00e9lev\u00e9es et justifi\u00e9es de nos clients PME.<span style=\"display: inline !important; float: none; background-color: transparent; color: #333333; cursor: text; font-family: Georgia,'Times New Roman','Bitstream Charter',Times,serif; font-size: 16px; font-style: normal; font-variant: normal; font-weight: 400; letter-spacing: normal; orphans: 2; text-align: left; text-decoration: none; text-indent: 0px; text-transform: none; -webkit-text-stroke-width: 0px; white-space: normal; word-spacing: 0px;\">\"<\/span>, dit \u00e0 ce sujet\u00a0<span style=\"display: inline !important; float: none; background-color: transparent; color: #333333; cursor: text; font-family: Georgia,'Times New Roman','Bitstream Charter',Times,serif; font-size: 16px; font-style: normal; font-variant: normal; font-weight: 400; letter-spacing: normal; orphans: 2; text-align: left; text-decoration: none; text-indent: 0px; text-transform: none; -webkit-text-stroke-width: 0px; white-space: normal; word-spacing: 0px;\">Yves-Alain Dufaux<\/span>CEO de ProFinance, s'exprime sur les raisons qui l'ont pouss\u00e9 \u00e0 s'associer \u00e0 Boss Info. Tout comme Yves-Alain Dufaux, Simon Boss, fondateur et CEO de Boss Info AG, attache la plus grande importance \u00e0 soutenir ses clients dans leurs d\u00e9fis commerciaux avec les outils les plus modernes : \"Je suis fermement convaincu que les deux palettes d'offres de nos entreprises se compl\u00e8tent id\u00e9alement. De plus, les cultures d'entreprise des deux soci\u00e9t\u00e9s s'enrichissent mutuellement\".<\/p>","protected":false},"excerpt":{"rendered":"<p>Die bereits an 7 Standorten in der Deutschschweiz vertretene Boss Info Holding baut weiter aus und \u00fcbernimmt nun auch die ebenfalls in der Deutschschweiz t\u00e4tige ProFinance. Als CEO und Verwaltungsratspr\u00e4sident der ProFinance amtet nach wie vor Yves-Alain Dufaux. S\u00e4mtliche ProFinance-Mitarbeitenden bleiben in deren Funktionen und Aufgabenverantwortung unver\u00e4ndert am bisherigen Standort in Langenthal BE erhalten.\u00a0 Die [&hellip;]<\/p>\n","protected":false},"author":4,"featured_media":5416,"comment_status":"open","ping_status":"open","sticky":false,"template":"","format":"standard","meta":{"_acf_changed":false,"_yoast_wpseo_focuskw":"Boss Info Holding","_yoast_wpseo_metadesc":"Die Boss Info Holding \u00fcbernimmt r\u00fcckwirkend per 1. Januar 2019 die Aktienmehrheit der in Langenthal domizilierten ProFinance Holding.","articlekey":"","footnotes":""},"categories":[27],"tags":[286,288,492],"class_list":["post-5415","post","type-post","status-publish","format-standard","has-post-thumbnail","hentry","category-it","tag-it","tag-it-business-software","tag-unternehmen"],"acf":[],"yoast_head":"<!-- This site is optimized with the Yoast SEO plugin v27.5 - https:\/\/yoast.com\/product\/yoast-seo-wordpress\/ -->\n<title>Konzentration in der IT-Branche geht weiter: Boss Info Holding \u00fcbernimmt ProFinance - Organisator<\/title>\n<meta name=\"description\" content=\"Die Boss Info Holding \u00fcbernimmt r\u00fcckwirkend per 1. Januar 2019 die Aktienmehrheit der in Langenthal domizilierten ProFinance Holding.\" \/>\n<meta name=\"robots\" content=\"index, follow, max-snippet:-1, max-image-preview:large, max-video-preview:-1\" \/>\n<link rel=\"canonical\" href=\"https:\/\/www.organisator.ch\/fr\/gestion-2\/it\/2019-06-18\/konzentration-in-der-it-branche-geht-weiter-boss-info-holding-uebernimmt-profinance\/\" \/>\n<meta property=\"og:locale\" content=\"fr_FR\" \/>\n<meta property=\"og:type\" content=\"article\" \/>\n<meta property=\"og:title\" content=\"Konzentration in der IT-Branche geht weiter: Boss Info Holding \u00fcbernimmt ProFinance\" \/>\n<meta property=\"og:description\" content=\"Die Boss Info Holding \u00fcbernimmt r\u00fcckwirkend per 1. Januar 2019 die Aktienmehrheit der in Langenthal domizilierten ProFinance Holding.\" \/>\n<meta property=\"og:url\" content=\"https:\/\/www.organisator.ch\/fr\/gestion-2\/it\/2019-06-18\/konzentration-in-der-it-branche-geht-weiter-boss-info-holding-uebernimmt-profinance\/\" \/>\n<meta property=\"og:site_name\" content=\"Organisator\" \/>\n<meta property=\"article:publisher\" content=\"https:\/\/www.facebook.com\/OrganisatorFachmagazin\" \/>\n<meta property=\"article:published_time\" content=\"2019-06-18T12:30:24+00:00\" \/>\n<meta property=\"og:image\" content=\"https:\/\/www.organisator.ch\/wp-content\/uploads\/2019\/06\/Konzentration-in-der-IT-Branche-geht-weiter-Boss-Info-Holding-uebernimmt-ProFinance_Organisator.jpg\" \/>\n\t<meta property=\"og:image:width\" content=\"655\" \/>\n\t<meta property=\"og:image:height\" content=\"138\" \/>\n\t<meta property=\"og:image:type\" content=\"image\/jpeg\" \/>\n<meta name=\"author\" content=\"thomas.berner\" \/>\n<meta name=\"twitter:card\" content=\"summary_large_image\" \/>\n<meta name=\"twitter:title\" content=\"Konzentration in der IT-Branche geht weiter: Boss Info Holding \u00fcbernimmt #ProFinance\" \/>\n<meta name=\"twitter:description\" content=\"Die Boss Info Holding \u00fcbernimmt r\u00fcckwirkend per 1. Januar 2019 die Aktienmehrheit der in Langenthal domizilierten #ProFinance Holding.\" \/>\n<meta name=\"twitter:image\" content=\"https:\/\/www.organisator.ch\/wp-content\/uploads\/2019\/06\/Konzentration-in-der-IT-Branche-geht-weiter-Boss-Info-Holding-\u00fcbernimmt-ProFinance_Organisator.jpg\" \/>\n<script type=\"application\/ld+json\" class=\"yoast-schema-graph\">{\"@context\":\"https:\\\/\\\/schema.org\",\"@graph\":[{\"@type\":\"Article\",\"@id\":\"https:\\\/\\\/www.organisator.ch\\\/management\\\/it\\\/2019-06-18\\\/konzentration-in-der-it-branche-geht-weiter-boss-info-holding-uebernimmt-profinance\\\/#article\",\"isPartOf\":{\"@id\":\"https:\\\/\\\/www.organisator.ch\\\/management\\\/it\\\/2019-06-18\\\/konzentration-in-der-it-branche-geht-weiter-boss-info-holding-uebernimmt-profinance\\\/\"},\"author\":{\"name\":\"thomas.berner\",\"@id\":\"https:\\\/\\\/www.organisator.ch\\\/#\\\/schema\\\/person\\\/6f650f90b2842cd4c0cc334b4e36f67e\"},\"headline\":\"Konzentration in der IT-Branche geht weiter: Boss Info Holding \u00fcbernimmt ProFinance\",\"datePublished\":\"2019-06-18T12:30:24+00:00\",\"mainEntityOfPage\":{\"@id\":\"https:\\\/\\\/www.organisator.ch\\\/management\\\/it\\\/2019-06-18\\\/konzentration-in-der-it-branche-geht-weiter-boss-info-holding-uebernimmt-profinance\\\/\"},\"wordCount\":315,\"commentCount\":0,\"publisher\":{\"@id\":\"https:\\\/\\\/www.organisator.ch\\\/#organization\"},\"image\":{\"@id\":\"https:\\\/\\\/www.organisator.ch\\\/management\\\/it\\\/2019-06-18\\\/konzentration-in-der-it-branche-geht-weiter-boss-info-holding-uebernimmt-profinance\\\/#primaryimage\"},\"thumbnailUrl\":\"https:\\\/\\\/www.organisator.ch\\\/wp-content\\\/uploads\\\/2019\\\/06\\\/Konzentration-in-der-IT-Branche-geht-weiter-Boss-Info-Holding-uebernimmt-ProFinance_Organisator.jpg\",\"keywords\":[\"IT\",\"IT &amp; Business Software\",\"Unternehmen\"],\"articleSection\":[\"IT\"],\"inLanguage\":\"fr-FR\"},{\"@type\":\"WebPage\",\"@id\":\"https:\\\/\\\/www.organisator.ch\\\/management\\\/it\\\/2019-06-18\\\/konzentration-in-der-it-branche-geht-weiter-boss-info-holding-uebernimmt-profinance\\\/\",\"url\":\"https:\\\/\\\/www.organisator.ch\\\/management\\\/it\\\/2019-06-18\\\/konzentration-in-der-it-branche-geht-weiter-boss-info-holding-uebernimmt-profinance\\\/\",\"name\":\"Konzentration in der IT-Branche geht weiter: Boss Info Holding \u00fcbernimmt ProFinance - Organisator\",\"isPartOf\":{\"@id\":\"https:\\\/\\\/www.organisator.ch\\\/#website\"},\"primaryImageOfPage\":{\"@id\":\"https:\\\/\\\/www.organisator.ch\\\/management\\\/it\\\/2019-06-18\\\/konzentration-in-der-it-branche-geht-weiter-boss-info-holding-uebernimmt-profinance\\\/#primaryimage\"},\"image\":{\"@id\":\"https:\\\/\\\/www.organisator.ch\\\/management\\\/it\\\/2019-06-18\\\/konzentration-in-der-it-branche-geht-weiter-boss-info-holding-uebernimmt-profinance\\\/#primaryimage\"},\"thumbnailUrl\":\"https:\\\/\\\/www.organisator.ch\\\/wp-content\\\/uploads\\\/2019\\\/06\\\/Konzentration-in-der-IT-Branche-geht-weiter-Boss-Info-Holding-uebernimmt-ProFinance_Organisator.jpg\",\"datePublished\":\"2019-06-18T12:30:24+00:00\",\"description\":\"Die Boss Info Holding \u00fcbernimmt r\u00fcckwirkend per 1. Januar 2019 die Aktienmehrheit der in Langenthal domizilierten ProFinance Holding.\",\"breadcrumb\":{\"@id\":\"https:\\\/\\\/www.organisator.ch\\\/management\\\/it\\\/2019-06-18\\\/konzentration-in-der-it-branche-geht-weiter-boss-info-holding-uebernimmt-profinance\\\/#breadcrumb\"},\"inLanguage\":\"fr-FR\",\"potentialAction\":[{\"@type\":\"ReadAction\",\"target\":[\"https:\\\/\\\/www.organisator.ch\\\/management\\\/it\\\/2019-06-18\\\/konzentration-in-der-it-branche-geht-weiter-boss-info-holding-uebernimmt-profinance\\\/\"]}]},{\"@type\":\"ImageObject\",\"inLanguage\":\"fr-FR\",\"@id\":\"https:\\\/\\\/www.organisator.ch\\\/management\\\/it\\\/2019-06-18\\\/konzentration-in-der-it-branche-geht-weiter-boss-info-holding-uebernimmt-profinance\\\/#primaryimage\",\"url\":\"https:\\\/\\\/www.organisator.ch\\\/wp-content\\\/uploads\\\/2019\\\/06\\\/Konzentration-in-der-IT-Branche-geht-weiter-Boss-Info-Holding-uebernimmt-ProFinance_Organisator.jpg\",\"contentUrl\":\"https:\\\/\\\/www.organisator.ch\\\/wp-content\\\/uploads\\\/2019\\\/06\\\/Konzentration-in-der-IT-Branche-geht-weiter-Boss-Info-Holding-uebernimmt-ProFinance_Organisator.jpg\",\"width\":655,\"height\":138},{\"@type\":\"BreadcrumbList\",\"@id\":\"https:\\\/\\\/www.organisator.ch\\\/management\\\/it\\\/2019-06-18\\\/konzentration-in-der-it-branche-geht-weiter-boss-info-holding-uebernimmt-profinance\\\/#breadcrumb\",\"itemListElement\":[{\"@type\":\"ListItem\",\"position\":1,\"name\":\"Home\",\"item\":\"https:\\\/\\\/www.organisator.ch\\\/\"},{\"@type\":\"ListItem\",\"position\":2,\"name\":\"Konzentration in der IT-Branche geht weiter: Boss Info Holding \u00fcbernimmt ProFinance\"}]},{\"@type\":\"WebSite\",\"@id\":\"https:\\\/\\\/www.organisator.ch\\\/#website\",\"url\":\"https:\\\/\\\/www.organisator.ch\\\/\",\"name\":\"Organisator\",\"description\":\"Kompetent. Praxisnah. Der ORGANISATOR bereitet in 10 Ausgaben pro Jahr die wesentlichen Themen f\u00fcr F\u00fchrungskr\u00e4fte von KMU auf.\",\"publisher\":{\"@id\":\"https:\\\/\\\/www.organisator.ch\\\/#organization\"},\"potentialAction\":[{\"@type\":\"SearchAction\",\"target\":{\"@type\":\"EntryPoint\",\"urlTemplate\":\"https:\\\/\\\/www.organisator.ch\\\/?s={search_term_string}\"},\"query-input\":{\"@type\":\"PropertyValueSpecification\",\"valueRequired\":true,\"valueName\":\"search_term_string\"}}],\"inLanguage\":\"fr-FR\"},{\"@type\":\"Organization\",\"@id\":\"https:\\\/\\\/www.organisator.ch\\\/#organization\",\"name\":\"Organisator\",\"url\":\"https:\\\/\\\/www.organisator.ch\\\/\",\"logo\":{\"@type\":\"ImageObject\",\"inLanguage\":\"fr-FR\",\"@id\":\"https:\\\/\\\/www.organisator.ch\\\/#\\\/schema\\\/logo\\\/image\\\/\",\"url\":\"https:\\\/\\\/www.organisator.ch\\\/wp-content\\\/uploads\\\/2022\\\/01\\\/Logo_Organisator_Website.png\",\"contentUrl\":\"https:\\\/\\\/www.organisator.ch\\\/wp-content\\\/uploads\\\/2022\\\/01\\\/Logo_Organisator_Website.png\",\"width\":800,\"height\":77,\"caption\":\"Organisator\"},\"image\":{\"@id\":\"https:\\\/\\\/www.organisator.ch\\\/#\\\/schema\\\/logo\\\/image\\\/\"},\"sameAs\":[\"https:\\\/\\\/www.facebook.com\\\/OrganisatorFachmagazin\",\"https:\\\/\\\/www.linkedin.com\\\/showcase\\\/organisator-das-magazin-fr-kmu\",\"https:\\\/\\\/www.xing.com\\\/news\\\/pages\\\/organisator-ch-695\",\"https:\\\/\\\/www.youtube.com\\\/channel\\\/UCGP2Sq0iWaZwT3BdIAQFYpw\"]},{\"@type\":\"Person\",\"@id\":\"https:\\\/\\\/www.organisator.ch\\\/#\\\/schema\\\/person\\\/6f650f90b2842cd4c0cc334b4e36f67e\",\"name\":\"thomas.berner\",\"image\":{\"@type\":\"ImageObject\",\"inLanguage\":\"fr-FR\",\"@id\":\"https:\\\/\\\/secure.gravatar.com\\\/avatar\\\/ac5001d2a36cb6c6cd3e50789007ffca834b477b74a2144564522e944eabff61?s=96&d=mm&r=g\",\"url\":\"https:\\\/\\\/secure.gravatar.com\\\/avatar\\\/ac5001d2a36cb6c6cd3e50789007ffca834b477b74a2144564522e944eabff61?s=96&d=mm&r=g\",\"contentUrl\":\"https:\\\/\\\/secure.gravatar.com\\\/avatar\\\/ac5001d2a36cb6c6cd3e50789007ffca834b477b74a2144564522e944eabff61?s=96&d=mm&r=g\",\"caption\":\"thomas.berner\"},\"url\":\"https:\\\/\\\/www.organisator.ch\\\/fr\\\/author\\\/thomas-berner\\\/\"}]}<\/script>\n<!-- \/ Yoast SEO plugin. -->","yoast_head_json":{"title":"La concentration se poursuit dans le secteur informatique : Boss Info Holding rach\u00e8te ProFinance - Organisateur","description":"Boss Info Holding reprend la majorit\u00e9 des actions de ProFinance Holding, domicili\u00e9e \u00e0 Langenthal, avec effet r\u00e9troactif au 1er janvier 2019.","robots":{"index":"index","follow":"follow","max-snippet":"max-snippet:-1","max-image-preview":"max-image-preview:large","max-video-preview":"max-video-preview:-1"},"canonical":"https:\/\/www.organisator.ch\/fr\/gestion-2\/it\/2019-06-18\/konzentration-in-der-it-branche-geht-weiter-boss-info-holding-uebernimmt-profinance\/","og_locale":"fr_FR","og_type":"article","og_title":"Konzentration in der IT-Branche geht weiter: Boss Info Holding \u00fcbernimmt ProFinance","og_description":"Die Boss Info Holding \u00fcbernimmt r\u00fcckwirkend per 1. Januar 2019 die Aktienmehrheit der in Langenthal domizilierten ProFinance Holding.","og_url":"https:\/\/www.organisator.ch\/fr\/gestion-2\/it\/2019-06-18\/konzentration-in-der-it-branche-geht-weiter-boss-info-holding-uebernimmt-profinance\/","og_site_name":"Organisator","article_publisher":"https:\/\/www.facebook.com\/OrganisatorFachmagazin","article_published_time":"2019-06-18T12:30:24+00:00","og_image":[{"width":655,"height":138,"url":"https:\/\/www.organisator.ch\/wp-content\/uploads\/2019\/06\/Konzentration-in-der-IT-Branche-geht-weiter-Boss-Info-Holding-uebernimmt-ProFinance_Organisator.jpg","type":"image\/jpeg"}],"author":"thomas.berner","twitter_card":"summary_large_image","twitter_title":"Konzentration in der IT-Branche geht weiter: Boss Info Holding \u00fcbernimmt #ProFinance","twitter_description":"Die Boss Info Holding \u00fcbernimmt r\u00fcckwirkend per 1. Januar 2019 die Aktienmehrheit der in Langenthal domizilierten #ProFinance Holding.","twitter_image":"https:\/\/www.organisator.ch\/wp-content\/uploads\/2019\/06\/Konzentration-in-der-IT-Branche-geht-weiter-Boss-Info-Holding-\u00fcbernimmt-ProFinance_Organisator.jpg","schema":{"@context":"https:\/\/schema.org","@graph":[{"@type":"Article","@id":"https:\/\/www.organisator.ch\/management\/it\/2019-06-18\/konzentration-in-der-it-branche-geht-weiter-boss-info-holding-uebernimmt-profinance\/#article","isPartOf":{"@id":"https:\/\/www.organisator.ch\/management\/it\/2019-06-18\/konzentration-in-der-it-branche-geht-weiter-boss-info-holding-uebernimmt-profinance\/"},"author":{"name":"thomas.berner","@id":"https:\/\/www.organisator.ch\/#\/schema\/person\/6f650f90b2842cd4c0cc334b4e36f67e"},"headline":"Konzentration in der IT-Branche geht weiter: Boss Info Holding \u00fcbernimmt ProFinance","datePublished":"2019-06-18T12:30:24+00:00","mainEntityOfPage":{"@id":"https:\/\/www.organisator.ch\/management\/it\/2019-06-18\/konzentration-in-der-it-branche-geht-weiter-boss-info-holding-uebernimmt-profinance\/"},"wordCount":315,"commentCount":0,"publisher":{"@id":"https:\/\/www.organisator.ch\/#organization"},"image":{"@id":"https:\/\/www.organisator.ch\/management\/it\/2019-06-18\/konzentration-in-der-it-branche-geht-weiter-boss-info-holding-uebernimmt-profinance\/#primaryimage"},"thumbnailUrl":"https:\/\/www.organisator.ch\/wp-content\/uploads\/2019\/06\/Konzentration-in-der-IT-Branche-geht-weiter-Boss-Info-Holding-uebernimmt-ProFinance_Organisator.jpg","keywords":["IT","IT &amp; Business Software","Unternehmen"],"articleSection":["IT"],"inLanguage":"fr-FR"},{"@type":"WebPage","@id":"https:\/\/www.organisator.ch\/management\/it\/2019-06-18\/konzentration-in-der-it-branche-geht-weiter-boss-info-holding-uebernimmt-profinance\/","url":"https:\/\/www.organisator.ch\/management\/it\/2019-06-18\/konzentration-in-der-it-branche-geht-weiter-boss-info-holding-uebernimmt-profinance\/","name":"La concentration se poursuit dans le secteur informatique : Boss Info Holding rach\u00e8te ProFinance - Organisateur","isPartOf":{"@id":"https:\/\/www.organisator.ch\/#website"},"primaryImageOfPage":{"@id":"https:\/\/www.organisator.ch\/management\/it\/2019-06-18\/konzentration-in-der-it-branche-geht-weiter-boss-info-holding-uebernimmt-profinance\/#primaryimage"},"image":{"@id":"https:\/\/www.organisator.ch\/management\/it\/2019-06-18\/konzentration-in-der-it-branche-geht-weiter-boss-info-holding-uebernimmt-profinance\/#primaryimage"},"thumbnailUrl":"https:\/\/www.organisator.ch\/wp-content\/uploads\/2019\/06\/Konzentration-in-der-IT-Branche-geht-weiter-Boss-Info-Holding-uebernimmt-ProFinance_Organisator.jpg","datePublished":"2019-06-18T12:30:24+00:00","description":"Boss Info Holding reprend la majorit\u00e9 des actions de ProFinance Holding, domicili\u00e9e \u00e0 Langenthal, avec effet r\u00e9troactif au 1er janvier 2019.","breadcrumb":{"@id":"https:\/\/www.organisator.ch\/management\/it\/2019-06-18\/konzentration-in-der-it-branche-geht-weiter-boss-info-holding-uebernimmt-profinance\/#breadcrumb"},"inLanguage":"fr-FR","potentialAction":[{"@type":"ReadAction","target":["https:\/\/www.organisator.ch\/management\/it\/2019-06-18\/konzentration-in-der-it-branche-geht-weiter-boss-info-holding-uebernimmt-profinance\/"]}]},{"@type":"ImageObject","inLanguage":"fr-FR","@id":"https:\/\/www.organisator.ch\/management\/it\/2019-06-18\/konzentration-in-der-it-branche-geht-weiter-boss-info-holding-uebernimmt-profinance\/#primaryimage","url":"https:\/\/www.organisator.ch\/wp-content\/uploads\/2019\/06\/Konzentration-in-der-IT-Branche-geht-weiter-Boss-Info-Holding-uebernimmt-ProFinance_Organisator.jpg","contentUrl":"https:\/\/www.organisator.ch\/wp-content\/uploads\/2019\/06\/Konzentration-in-der-IT-Branche-geht-weiter-Boss-Info-Holding-uebernimmt-ProFinance_Organisator.jpg","width":655,"height":138},{"@type":"BreadcrumbList","@id":"https:\/\/www.organisator.ch\/management\/it\/2019-06-18\/konzentration-in-der-it-branche-geht-weiter-boss-info-holding-uebernimmt-profinance\/#breadcrumb","itemListElement":[{"@type":"ListItem","position":1,"name":"Home","item":"https:\/\/www.organisator.ch\/"},{"@type":"ListItem","position":2,"name":"Konzentration in der IT-Branche geht weiter: Boss Info Holding \u00fcbernimmt ProFinance"}]},{"@type":"WebSite","@id":"https:\/\/www.organisator.ch\/#website","url":"https:\/\/www.organisator.ch\/","name":"Organisateur","description":"Comp\u00e9tence et comp\u00e9tence. Proches de la pratique. L'ORGANISATEUR pr\u00e9pare 10 num\u00e9ros par an sur les th\u00e8mes essentiels pour les dirigeants de PME.","publisher":{"@id":"https:\/\/www.organisator.ch\/#organization"},"potentialAction":[{"@type":"SearchAction","target":{"@type":"EntryPoint","urlTemplate":"https:\/\/www.organisator.ch\/?s={search_term_string}"},"query-input":{"@type":"PropertyValueSpecification","valueRequired":true,"valueName":"search_term_string"}}],"inLanguage":"fr-FR"},{"@type":"Organization","@id":"https:\/\/www.organisator.ch\/#organization","name":"Organisateur","url":"https:\/\/www.organisator.ch\/","logo":{"@type":"ImageObject","inLanguage":"fr-FR","@id":"https:\/\/www.organisator.ch\/#\/schema\/logo\/image\/","url":"https:\/\/www.organisator.ch\/wp-content\/uploads\/2022\/01\/Logo_Organisator_Website.png","contentUrl":"https:\/\/www.organisator.ch\/wp-content\/uploads\/2022\/01\/Logo_Organisator_Website.png","width":800,"height":77,"caption":"Organisator"},"image":{"@id":"https:\/\/www.organisator.ch\/#\/schema\/logo\/image\/"},"sameAs":["https:\/\/www.facebook.com\/OrganisatorFachmagazin","https:\/\/www.linkedin.com\/showcase\/organisator-das-magazin-fr-kmu","https:\/\/www.xing.com\/news\/pages\/organisator-ch-695","https:\/\/www.youtube.com\/channel\/UCGP2Sq0iWaZwT3BdIAQFYpw"]},{"@type":"Person","@id":"https:\/\/www.organisator.ch\/#\/schema\/person\/6f650f90b2842cd4c0cc334b4e36f67e","name":"thomas.berner","image":{"@type":"ImageObject","inLanguage":"fr-FR","@id":"https:\/\/secure.gravatar.com\/avatar\/ac5001d2a36cb6c6cd3e50789007ffca834b477b74a2144564522e944eabff61?s=96&d=mm&r=g","url":"https:\/\/secure.gravatar.com\/avatar\/ac5001d2a36cb6c6cd3e50789007ffca834b477b74a2144564522e944eabff61?s=96&d=mm&r=g","contentUrl":"https:\/\/secure.gravatar.com\/avatar\/ac5001d2a36cb6c6cd3e50789007ffca834b477b74a2144564522e944eabff61?s=96&d=mm&r=g","caption":"thomas.berner"},"url":"https:\/\/www.organisator.ch\/fr\/author\/thomas-berner\/"}]}},"_links":{"self":[{"href":"https:\/\/www.organisator.ch\/fr\/wp-json\/wp\/v2\/posts\/5415","targetHints":{"allow":["GET"]}}],"collection":[{"href":"https:\/\/www.organisator.ch\/fr\/wp-json\/wp\/v2\/posts"}],"about":[{"href":"https:\/\/www.organisator.ch\/fr\/wp-json\/wp\/v2\/types\/post"}],"author":[{"embeddable":true,"href":"https:\/\/www.organisator.ch\/fr\/wp-json\/wp\/v2\/users\/4"}],"replies":[{"embeddable":true,"href":"https:\/\/www.organisator.ch\/fr\/wp-json\/wp\/v2\/comments?post=5415"}],"version-history":[{"count":0,"href":"https:\/\/www.organisator.ch\/fr\/wp-json\/wp\/v2\/posts\/5415\/revisions"}],"wp:featuredmedia":[{"embeddable":true,"href":"https:\/\/www.organisator.ch\/fr\/wp-json\/wp\/v2\/media\/5416"}],"wp:attachment":[{"href":"https:\/\/www.organisator.ch\/fr\/wp-json\/wp\/v2\/media?parent=5415"}],"wp:term":[{"taxonomy":"category","embeddable":true,"href":"https:\/\/www.organisator.ch\/fr\/wp-json\/wp\/v2\/categories?post=5415"},{"taxonomy":"post_tag","embeddable":true,"href":"https:\/\/www.organisator.ch\/fr\/wp-json\/wp\/v2\/tags?post=5415"}],"curies":[{"name":"wp","href":"https:\/\/api.w.org\/{rel}","templated":true}]}}